{"id":39741,"date":"2019-08-14T19:09:14","date_gmt":"2019-08-14T22:09:14","guid":{"rendered":"https:\/\/diariofemenino.com.ar\/?p=39741"},"modified":"2019-08-14T19:09:14","modified_gmt":"2019-08-14T22:09:14","slug":"el-gobierno-actual-no-nos-representa-miles-de-mujeres-marchan-en-brasilia-contra-bolsonaro","status":"publish","type":"post","link":"https:\/\/diariofemenino.com.ar\/df\/el-gobierno-actual-no-nos-representa-miles-de-mujeres-marchan-en-brasilia-contra-bolsonaro\/","title":{"rendered":"\u00abEl gobierno actual no nos representa\u00bb: Miles de mujeres marchan en Brasilia contra Bolsonaro"},"content":{"rendered":"<h2 class=\"arcticle-heading\" style=\"text-align: center;\">\u00abEl gobierno actual no nos representa\u00bb: Miles de mujeres marchan en Brasilia contra Bolsonaro<\/h2>\n<p class=\"arcticle-heading\" style=\"text-align: left;\">\u00a0En la Marcha de las Margaritas, considerada el mayor movimiento de trabajadoras rurales de Latinoam\u00e9rica, tambi\u00e9n se pidi\u00f3 la liberaci\u00f3n del expresidente Luiz In\u00e1cio Lula da Silva.<\/p>\n<p>Campesinas, agricultoras, funcionarias, concejalas o pescadoras.\u00a0Al grito de \u00abLula libre\u00bb y \u00ab<strong>Brasil urgente, Lula es inocente<\/strong>\u00ab, alrededor de 30.000 mujeres alzaron este mi\u00e9rcoles sus voces contra las pol\u00edticas del Gobierno del presidente, Jair Bolsonaro.<\/p>\n<p>Viajaron largas horas hasta Brasilia, desde distintos\u00a0rincones del pa\u00eds, para participar en\u00a0<strong>la\u00a0Marcha de las Margaritas<\/strong>, considerada el mayor movimiento de mujeres rurales de Latinoam\u00e9rica y que, desde el a\u00f1o 2000, se celebra cada cuatro a\u00f1os en homenaje a la l\u00edder sindical Margarida Maria Alvez, asesinada en 1983 a manos de latifundistas.<\/p>\n<p><img loading=\"lazy\" decoding=\"async\" class=\"alignnone size-full wp-image-39745\" src=\"https:\/\/diariofemenino.com.ar\/df\/wp-content\/uploads\/2019\/08\/a.jpeg\" alt=\"&quot;El gobierno actual no nos representa&quot;: Miles de mujeres marchan en Brasilia contra Bolsonaro \" width=\"1280\" height=\"720\" srcset=\"https:\/\/diariofemenino.com.ar\/df\/wp-content\/uploads\/2019\/08\/a.jpeg 1280w, https:\/\/diariofemenino.com.ar\/df\/wp-content\/uploads\/2019\/08\/a-300x169.jpeg 300w, https:\/\/diariofemenino.com.ar\/df\/wp-content\/uploads\/2019\/08\/a-768x432.jpeg 768w, https:\/\/diariofemenino.com.ar\/df\/wp-content\/uploads\/2019\/08\/a-1024x576.jpeg 1024w\" sizes=\"auto, (max-width: 1280px) 100vw, 1280px\" \/><\/p>\n<p>Bajo el lema \u00abMargaritas en lucha por un Brasil con soberan\u00eda popular, democracia, justicia, igualdad y libre de violencia\u00bb, este a\u00f1o se unieron\u00a0<strong>cientos de mujeres ind\u00edgenas<\/strong>\u00a0que ya el martes realizaron en la capital su primera gran protesta.<\/p>\n<p>Enarbolando una marea inmensa de pancartas, juntas\u00a0<strong>caminaron contra la flexibilizaci\u00f3n de los agrot\u00f3xicos<\/strong>, la deforestaci\u00f3n de la Amazon\u00eda, el racismo, la homofobia y la intolerancia religiosa.\u00a0Las participantes bloquearon parte de la Explanada de los Ministerios, donde se encuentran las sedes de los poderes Ejecutivo, Legislativo y Judicial, y algunas de las principales arterias de la ciudad.<\/p>\n<p><iframe loading=\"lazy\" src=\"https:\/\/www.youtube.com\/embed\/U4eOH83mav8\" width=\"560\" height=\"315\" frameborder=\"0\" allowfullscreen=\"allowfullscreen\"><\/iframe><\/p>\n<p>La violencia contra las mujeres tambi\u00e9n fue una de las principales reinvindicaciones de la marcha. Seg\u00fan el\u00a0<a href=\"http:\/\/www.forumseguranca.org.br\/wp-content\/uploads\/2019\/02\/relatorio-pesquisa-2019-v6.pdf?fbclid=IwAR1X_1OOCNzmVPz07jFujr3b3ZTdWeAHp6VslG1DLZR0n4OChLggjzuXjVc\" target=\"_blank\" rel=\"noopener noreferrer\">estudio<\/a>\u00a0&#8216;Visible e Invisible&#8217;, divulgado por el Foro de Seguridad P\u00fablica, en 2018 al menos 536\u00a0mujeres fueron v\u00edctimas de una agresi\u00f3n f\u00edsica cada hora en Brasil, lo que supone una cifra total de 4,7 millones.<\/p>\n<p><img loading=\"lazy\" decoding=\"async\" class=\"alignnone size-full wp-image-39746\" src=\"https:\/\/diariofemenino.com.ar\/df\/wp-content\/uploads\/2019\/08\/b.jpeg\" alt=\"&quot;El gobierno actual no nos representa&quot;: Miles de mujeres marchan en Brasilia contra Bolsonaro \" width=\"1280\" height=\"720\" srcset=\"https:\/\/diariofemenino.com.ar\/df\/wp-content\/uploads\/2019\/08\/b.jpeg 1280w, https:\/\/diariofemenino.com.ar\/df\/wp-content\/uploads\/2019\/08\/b-300x169.jpeg 300w, https:\/\/diariofemenino.com.ar\/df\/wp-content\/uploads\/2019\/08\/b-768x432.jpeg 768w, https:\/\/diariofemenino.com.ar\/df\/wp-content\/uploads\/2019\/08\/b-1024x576.jpeg 1024w\" sizes=\"auto, (max-width: 1280px) 100vw, 1280px\" \/><\/p>\n<p>\u00abEs el momento oportuno para reivindicar nuestros derechos. No al<strong>\u00a0retroceso de las pol\u00edticas p\u00fablicas<\/strong>\u00a0de las mujeres. El presidente no tiene ni una pizca de respeto por las mujeres, no tiene ni una pizca de dignidad cuando dice que no podemos ocupar una espacio que realmente es nuestro\u00bb, denunci\u00f3 Eliane Fernandez, concejala en el municipio de\u00a0Presidente M\u00e9dici, estado de Rond\u00f4nia.<\/p>\n<p>Ataviada con un sombrero y gafas para protegerse del sol, la funcionaria\u00a0Claudia Regina Viera lament\u00f3 que \u00abtodos los derechos conquistados en casi 14 a\u00f1os de gobiernos progresistas est\u00e1n siendo eliminados\u00bb. \u00ab<strong>El gobierno actual no nos representa<\/strong>. Es un retroceso\u00bb, sentenci\u00f3.<\/p>\n<p>Entre los participantes se encontraba el excandidato a la presidencia Fernando Haddad, del Partido de los Trabajadores (PT), quien ley\u00f3 una\u00a0<a href=\"https:\/\/lula.com.br\/governamos-como-uma-mae-que-protege-os-mais-fracos-agora-governam-com-odio-diz-lula-em-carta-a-margaridas\/\" target=\"_blank\" rel=\"noopener noreferrer\">carta<\/a>\u00a0escrita por el exmandatario Luiz In\u00e1cio Lula da Silva. El expresidente cumple una condena\u00a0de 8 a\u00f1os y 10 meses por\u00a0<strong>lavado de dinero y corrupci\u00f3n pasiva.<\/strong><\/p>\n<p>\u00abCuidar de quien lo necesita parece que incomoda a ciertas personas (&#8230;) intentamos\u00a0<strong>gobernar con la generosidad de una madre<\/strong>\u00a0que cuida de todos, protegiendo a los d\u00e9biles. Ahora Brasil est\u00e1 gobernada por el odio\u00bb, afirm\u00f3 el encarcelado l\u00edder petista en la misiva.\u00a0\u00abEl pueblo brasile\u00f1o volver\u00e1 a ser tratado como se merece. Las mujeres volver\u00e1n a tener el respeto y el cari\u00f1o que merecen\u00bb, a\u00f1adi\u00f3.<\/p>\n<p>Se trata de\u00a0<strong>la tercera marcha en tan solo dos d\u00edas en Brasil<\/strong>. El martes, adem\u00e1s de las mujeres ind\u00edgenas, tambi\u00e9n salieron a las calles estudiantes, profesores y miembros de movimientos sociales para\u00a0protestar contra\u00a0los recortes en educaci\u00f3n y la\u00a0reforma\u00a0de las jubilaciones del Gobierno.<\/p>\n<p><img loading=\"lazy\" decoding=\"async\" class=\"alignnone size-full wp-image-39747\" src=\"https:\/\/diariofemenino.com.ar\/df\/wp-content\/uploads\/2019\/08\/c.jpeg\" alt=\"&quot;El gobierno actual no nos representa&quot;: Miles de mujeres marchan en Brasilia contra Bolsonaro \" width=\"1280\" height=\"720\" srcset=\"https:\/\/diariofemenino.com.ar\/df\/wp-content\/uploads\/2019\/08\/c.jpeg 1280w, https:\/\/diariofemenino.com.ar\/df\/wp-content\/uploads\/2019\/08\/c-300x169.jpeg 300w, https:\/\/diariofemenino.com.ar\/df\/wp-content\/uploads\/2019\/08\/c-768x432.jpeg 768w, https:\/\/diariofemenino.com.ar\/df\/wp-content\/uploads\/2019\/08\/c-1024x576.jpeg 1024w\" sizes=\"auto, (max-width: 1280px) 100vw, 1280px\" \/><\/p>\n<p>Fuente: <a href=\"https:\/\/actualidad.rt.com\/actualidad\/324077-miles-mujeres-marchan-brasilia-lula-bolsonaro\">Actualidad RT<\/a><\/p>\n","protected":false},"excerpt":{"rendered":"<p>\u00abEl gobierno actual no nos representa\u00bb: Miles de mujeres marchan en Brasilia contra Bolsonaro \u00a0En la Marcha de las Margaritas, considerada el mayor movimiento de trabajadoras rurales de Latinoam\u00e9rica, tambi\u00e9n se pidi\u00f3 la liberaci\u00f3n del expresidente Luiz In\u00e1cio Lula da Silva. Campesinas, agricultoras, funcionarias, concejalas o pescadoras.\u00a0Al grito de \u00abLula libre\u00bb y \u00abBrasil urgente, Lula [&hellip;]<\/p>\n","protected":false},"author":3,"featured_media":39748,"comment_status":"open","ping_status":"open","sticky":false,"template":"","format":"standard","meta":{"iawp_total_views":1,"footnotes":""},"categories":[32],"tags":[1028,1915,130,1422],"class_list":["post-39741","post","type-post","status-publish","format-standard","has-post-thumbnail","hentry","category-mujeres","tag-brasil","tag-marchas","tag-mujeres","tag-mujeres-en-lucha"],"nelio_content":{"autoShareEndMode":"never","automationSources":{"useCustomSentences":false,"customSentences":[]},"efiAlt":"","efiUrl":"","followers":[3],"highlights":[],"isAutoShareEnabled":true,"networkImageIds":[],"permalinkQueryArgs":[],"series":[],"suggestedReferences":[]},"yoast_head":"<!-- This site is optimized with the Yoast SEO plugin v27.5 - https:\/\/yoast.com\/product\/yoast-seo-wordpress\/ -->\n<title>&quot;El gobierno actual no nos representa&quot;: Miles de mujeres marchan en Brasilia contra Bolsonaro - Diario Digital Femenino<\/title>\n<meta name=\"description\" content=\"&quot;El gobierno actual no nos representa&quot;: Miles de mujeres marchan en Brasilia contra Bolsonaro\u00a0En la Marcha de las Margaritas, considerada el mayor\" \/>\n<meta name=\"robots\" content=\"index, follow, max-snippet:-1, max-image-preview:large, max-video-preview:-1\" \/>\n<link rel=\"canonical\" href=\"https:\/\/diariofemenino.com.ar\/df\/el-gobierno-actual-no-nos-representa-miles-de-mujeres-marchan-en-brasilia-contra-bolsonaro\/\" \/>\n<meta property=\"og:locale\" content=\"es_ES\" \/>\n<meta property=\"og:type\" content=\"article\" \/>\n<meta property=\"og:title\" content=\"&quot;El gobierno actual no nos representa&quot;: Miles de mujeres marchan en Brasilia contra Bolsonaro - Diario Digital Femenino\" \/>\n<meta property=\"og:description\" content=\"&quot;El gobierno actual no nos representa&quot;: Miles de mujeres marchan en Brasilia contra Bolsonaro\u00a0En la Marcha de las Margaritas, considerada el mayor\" \/>\n<meta property=\"og:url\" content=\"https:\/\/diariofemenino.com.ar\/df\/el-gobierno-actual-no-nos-representa-miles-de-mujeres-marchan-en-brasilia-contra-bolsonaro\/\" \/>\n<meta property=\"og:site_name\" content=\"Diario Digital Femenino\" \/>\n<meta property=\"article:publisher\" content=\"https:\/\/www.facebook.com\/DiarioDigitaFemenino\/\" \/>\n<meta property=\"article:published_time\" content=\"2019-08-14T22:09:14+00:00\" \/>\n<meta property=\"og:image\" content=\"https:\/\/diariofemenino.com.ar\/df\/wp-content\/uploads\/2019\/08\/portada-bra.jpg\" \/>\n\t<meta property=\"og:image:width\" content=\"824\" \/>\n\t<meta property=\"og:image:height\" content=\"464\" \/>\n\t<meta property=\"og:image:type\" content=\"image\/jpeg\" \/>\n<meta name=\"author\" content=\"Admin\" \/>\n<meta name=\"twitter:card\" content=\"summary_large_image\" \/>\n<meta name=\"twitter:creator\" content=\"@DiarioFemenino1\" \/>\n<meta name=\"twitter:site\" content=\"@DiarioFemenino1\" \/>\n<meta name=\"twitter:label1\" content=\"Escrito por\" \/>\n\t<meta name=\"twitter:data1\" content=\"Admin\" \/>\n\t<meta name=\"twitter:label2\" content=\"Tiempo de lectura\" \/>\n\t<meta name=\"twitter:data2\" content=\"3 minutos\" \/>\n<script type=\"application\/ld+json\" class=\"yoast-schema-graph\">{\"@context\":\"https:\\\/\\\/schema.org\",\"@graph\":[{\"@type\":\"Article\",\"@id\":\"https:\\\/\\\/diariofemenino.com.ar\\\/df\\\/el-gobierno-actual-no-nos-representa-miles-de-mujeres-marchan-en-brasilia-contra-bolsonaro\\\/#article\",\"isPartOf\":{\"@id\":\"https:\\\/\\\/diariofemenino.com.ar\\\/df\\\/el-gobierno-actual-no-nos-representa-miles-de-mujeres-marchan-en-brasilia-contra-bolsonaro\\\/\"},\"author\":{\"name\":\"Admin\",\"@id\":\"https:\\\/\\\/diariofemenino.com.ar\\\/df\\\/#\\\/schema\\\/person\\\/1c36bc3bf394d8ec320814298b4fdd3f\"},\"headline\":\"\u00abEl gobierno actual no nos representa\u00bb: Miles de mujeres marchan en Brasilia contra Bolsonaro\",\"datePublished\":\"2019-08-14T22:09:14+00:00\",\"mainEntityOfPage\":{\"@id\":\"https:\\\/\\\/diariofemenino.com.ar\\\/df\\\/el-gobierno-actual-no-nos-representa-miles-de-mujeres-marchan-en-brasilia-contra-bolsonaro\\\/\"},\"wordCount\":596,\"commentCount\":0,\"publisher\":{\"@id\":\"https:\\\/\\\/diariofemenino.com.ar\\\/df\\\/#organization\"},\"image\":{\"@id\":\"https:\\\/\\\/diariofemenino.com.ar\\\/df\\\/el-gobierno-actual-no-nos-representa-miles-de-mujeres-marchan-en-brasilia-contra-bolsonaro\\\/#primaryimage\"},\"thumbnailUrl\":\"https:\\\/\\\/diariofemenino.com.ar\\\/df\\\/wp-content\\\/uploads\\\/2019\\\/08\\\/portada-bra.jpg\",\"keywords\":[\"Brasil\",\"marchas\",\"Mujeres\",\"mujeres en lucha\"],\"articleSection\":[\"Mujeres\"],\"inLanguage\":\"es\",\"potentialAction\":[{\"@type\":\"CommentAction\",\"name\":\"Comment\",\"target\":[\"https:\\\/\\\/diariofemenino.com.ar\\\/df\\\/el-gobierno-actual-no-nos-representa-miles-de-mujeres-marchan-en-brasilia-contra-bolsonaro\\\/#respond\"]}]},{\"@type\":\"WebPage\",\"@id\":\"https:\\\/\\\/diariofemenino.com.ar\\\/df\\\/el-gobierno-actual-no-nos-representa-miles-de-mujeres-marchan-en-brasilia-contra-bolsonaro\\\/\",\"url\":\"https:\\\/\\\/diariofemenino.com.ar\\\/df\\\/el-gobierno-actual-no-nos-representa-miles-de-mujeres-marchan-en-brasilia-contra-bolsonaro\\\/\",\"name\":\"\\\"El gobierno actual no nos representa\\\": Miles de mujeres marchan en Brasilia contra Bolsonaro - Diario Digital Femenino\",\"isPartOf\":{\"@id\":\"https:\\\/\\\/diariofemenino.com.ar\\\/df\\\/#website\"},\"primaryImageOfPage\":{\"@id\":\"https:\\\/\\\/diariofemenino.com.ar\\\/df\\\/el-gobierno-actual-no-nos-representa-miles-de-mujeres-marchan-en-brasilia-contra-bolsonaro\\\/#primaryimage\"},\"image\":{\"@id\":\"https:\\\/\\\/diariofemenino.com.ar\\\/df\\\/el-gobierno-actual-no-nos-representa-miles-de-mujeres-marchan-en-brasilia-contra-bolsonaro\\\/#primaryimage\"},\"thumbnailUrl\":\"https:\\\/\\\/diariofemenino.com.ar\\\/df\\\/wp-content\\\/uploads\\\/2019\\\/08\\\/portada-bra.jpg\",\"datePublished\":\"2019-08-14T22:09:14+00:00\",\"description\":\"\\\"El gobierno actual no nos representa\\\": Miles de mujeres marchan en Brasilia contra Bolsonaro\u00a0En la Marcha de las Margaritas, considerada el mayor\",\"breadcrumb\":{\"@id\":\"https:\\\/\\\/diariofemenino.com.ar\\\/df\\\/el-gobierno-actual-no-nos-representa-miles-de-mujeres-marchan-en-brasilia-contra-bolsonaro\\\/#breadcrumb\"},\"inLanguage\":\"es\",\"potentialAction\":[{\"@type\":\"ReadAction\",\"target\":[\"https:\\\/\\\/diariofemenino.com.ar\\\/df\\\/el-gobierno-actual-no-nos-representa-miles-de-mujeres-marchan-en-brasilia-contra-bolsonaro\\\/\"]}]},{\"@type\":\"ImageObject\",\"inLanguage\":\"es\",\"@id\":\"https:\\\/\\\/diariofemenino.com.ar\\\/df\\\/el-gobierno-actual-no-nos-representa-miles-de-mujeres-marchan-en-brasilia-contra-bolsonaro\\\/#primaryimage\",\"url\":\"https:\\\/\\\/diariofemenino.com.ar\\\/df\\\/wp-content\\\/uploads\\\/2019\\\/08\\\/portada-bra.jpg\",\"contentUrl\":\"https:\\\/\\\/diariofemenino.com.ar\\\/df\\\/wp-content\\\/uploads\\\/2019\\\/08\\\/portada-bra.jpg\",\"width\":824,\"height\":464},{\"@type\":\"BreadcrumbList\",\"@id\":\"https:\\\/\\\/diariofemenino.com.ar\\\/df\\\/el-gobierno-actual-no-nos-representa-miles-de-mujeres-marchan-en-brasilia-contra-bolsonaro\\\/#breadcrumb\",\"itemListElement\":[{\"@type\":\"ListItem\",\"position\":1,\"name\":\"Portada\",\"item\":\"https:\\\/\\\/diariofemenino.com.ar\\\/df\\\/\"},{\"@type\":\"ListItem\",\"position\":2,\"name\":\"\u00abEl gobierno actual no nos representa\u00bb: Miles de mujeres marchan en Brasilia contra Bolsonaro\"}]},{\"@type\":\"WebSite\",\"@id\":\"https:\\\/\\\/diariofemenino.com.ar\\\/df\\\/#website\",\"url\":\"https:\\\/\\\/diariofemenino.com.ar\\\/df\\\/\",\"name\":\"Diario Digital Femenino\",\"description\":\"Cuesti\u00f3n de G\u00e9nero\",\"publisher\":{\"@id\":\"https:\\\/\\\/diariofemenino.com.ar\\\/df\\\/#organization\"},\"potentialAction\":[{\"@type\":\"SearchAction\",\"target\":{\"@type\":\"EntryPoint\",\"urlTemplate\":\"https:\\\/\\\/diariofemenino.com.ar\\\/df\\\/?s={search_term_string}\"},\"query-input\":{\"@type\":\"PropertyValueSpecification\",\"valueRequired\":true,\"valueName\":\"search_term_string\"}}],\"inLanguage\":\"es\"},{\"@type\":\"Organization\",\"@id\":\"https:\\\/\\\/diariofemenino.com.ar\\\/df\\\/#organization\",\"name\":\"Diario Femenino\",\"url\":\"https:\\\/\\\/diariofemenino.com.ar\\\/df\\\/\",\"logo\":{\"@type\":\"ImageObject\",\"inLanguage\":\"es\",\"@id\":\"https:\\\/\\\/diariofemenino.com.ar\\\/df\\\/#\\\/schema\\\/logo\\\/image\\\/\",\"url\":\"https:\\\/\\\/diariofemenino.com.ar\\\/df\\\/wp-content\\\/uploads\\\/2018\\\/10\\\/logo.png\",\"contentUrl\":\"https:\\\/\\\/diariofemenino.com.ar\\\/df\\\/wp-content\\\/uploads\\\/2018\\\/10\\\/logo.png\",\"width\":500,\"height\":92,\"caption\":\"Diario Femenino\"},\"image\":{\"@id\":\"https:\\\/\\\/diariofemenino.com.ar\\\/df\\\/#\\\/schema\\\/logo\\\/image\\\/\"},\"sameAs\":[\"https:\\\/\\\/www.facebook.com\\\/DiarioDigitaFemenino\\\/\",\"https:\\\/\\\/x.com\\\/DiarioFemenino1\"]},{\"@type\":\"Person\",\"@id\":\"https:\\\/\\\/diariofemenino.com.ar\\\/df\\\/#\\\/schema\\\/person\\\/1c36bc3bf394d8ec320814298b4fdd3f\",\"name\":\"Admin\",\"image\":{\"@type\":\"ImageObject\",\"inLanguage\":\"es\",\"@id\":\"https:\\\/\\\/diariofemenino.com.ar\\\/df\\\/wp-content\\\/uploads\\\/2018\\\/12\\\/favicon-150x150.jpg\",\"url\":\"https:\\\/\\\/diariofemenino.com.ar\\\/df\\\/wp-content\\\/uploads\\\/2018\\\/12\\\/favicon-150x150.jpg\",\"contentUrl\":\"https:\\\/\\\/diariofemenino.com.ar\\\/df\\\/wp-content\\\/uploads\\\/2018\\\/12\\\/favicon-150x150.jpg\",\"caption\":\"Admin\"},\"url\":\"https:\\\/\\\/diariofemenino.com.ar\\\/df\\\/author\\\/sofiperez\\\/\"}]}<\/script>\n<!-- \/ Yoast SEO plugin. -->","yoast_head_json":{"title":"\"El gobierno actual no nos representa\": Miles de mujeres marchan en Brasilia contra Bolsonaro - Diario Digital Femenino","description":"\"El gobierno actual no nos representa\": Miles de mujeres marchan en Brasilia contra Bolsonaro\u00a0En la Marcha de las Margaritas, considerada el mayor","robots":{"index":"index","follow":"follow","max-snippet":"max-snippet:-1","max-image-preview":"max-image-preview:large","max-video-preview":"max-video-preview:-1"},"canonical":"https:\/\/diariofemenino.com.ar\/df\/el-gobierno-actual-no-nos-representa-miles-de-mujeres-marchan-en-brasilia-contra-bolsonaro\/","og_locale":"es_ES","og_type":"article","og_title":"\"El gobierno actual no nos representa\": Miles de mujeres marchan en Brasilia contra Bolsonaro - Diario Digital Femenino","og_description":"\"El gobierno actual no nos representa\": Miles de mujeres marchan en Brasilia contra Bolsonaro\u00a0En la Marcha de las Margaritas, considerada el mayor","og_url":"https:\/\/diariofemenino.com.ar\/df\/el-gobierno-actual-no-nos-representa-miles-de-mujeres-marchan-en-brasilia-contra-bolsonaro\/","og_site_name":"Diario Digital Femenino","article_publisher":"https:\/\/www.facebook.com\/DiarioDigitaFemenino\/","article_published_time":"2019-08-14T22:09:14+00:00","og_image":[{"width":824,"height":464,"url":"https:\/\/diariofemenino.com.ar\/df\/wp-content\/uploads\/2019\/08\/portada-bra.jpg","type":"image\/jpeg"}],"author":"Admin","twitter_card":"summary_large_image","twitter_creator":"@DiarioFemenino1","twitter_site":"@DiarioFemenino1","twitter_misc":{"Escrito por":"Admin","Tiempo de lectura":"3 minutos"},"schema":{"@context":"https:\/\/schema.org","@graph":[{"@type":"Article","@id":"https:\/\/diariofemenino.com.ar\/df\/el-gobierno-actual-no-nos-representa-miles-de-mujeres-marchan-en-brasilia-contra-bolsonaro\/#article","isPartOf":{"@id":"https:\/\/diariofemenino.com.ar\/df\/el-gobierno-actual-no-nos-representa-miles-de-mujeres-marchan-en-brasilia-contra-bolsonaro\/"},"author":{"name":"Admin","@id":"https:\/\/diariofemenino.com.ar\/df\/#\/schema\/person\/1c36bc3bf394d8ec320814298b4fdd3f"},"headline":"\u00abEl gobierno actual no nos representa\u00bb: Miles de mujeres marchan en Brasilia contra Bolsonaro","datePublished":"2019-08-14T22:09:14+00:00","mainEntityOfPage":{"@id":"https:\/\/diariofemenino.com.ar\/df\/el-gobierno-actual-no-nos-representa-miles-de-mujeres-marchan-en-brasilia-contra-bolsonaro\/"},"wordCount":596,"commentCount":0,"publisher":{"@id":"https:\/\/diariofemenino.com.ar\/df\/#organization"},"image":{"@id":"https:\/\/diariofemenino.com.ar\/df\/el-gobierno-actual-no-nos-representa-miles-de-mujeres-marchan-en-brasilia-contra-bolsonaro\/#primaryimage"},"thumbnailUrl":"https:\/\/diariofemenino.com.ar\/df\/wp-content\/uploads\/2019\/08\/portada-bra.jpg","keywords":["Brasil","marchas","Mujeres","mujeres en lucha"],"articleSection":["Mujeres"],"inLanguage":"es","potentialAction":[{"@type":"CommentAction","name":"Comment","target":["https:\/\/diariofemenino.com.ar\/df\/el-gobierno-actual-no-nos-representa-miles-de-mujeres-marchan-en-brasilia-contra-bolsonaro\/#respond"]}]},{"@type":"WebPage","@id":"https:\/\/diariofemenino.com.ar\/df\/el-gobierno-actual-no-nos-representa-miles-de-mujeres-marchan-en-brasilia-contra-bolsonaro\/","url":"https:\/\/diariofemenino.com.ar\/df\/el-gobierno-actual-no-nos-representa-miles-de-mujeres-marchan-en-brasilia-contra-bolsonaro\/","name":"\"El gobierno actual no nos representa\": Miles de mujeres marchan en Brasilia contra Bolsonaro - Diario Digital Femenino","isPartOf":{"@id":"https:\/\/diariofemenino.com.ar\/df\/#website"},"primaryImageOfPage":{"@id":"https:\/\/diariofemenino.com.ar\/df\/el-gobierno-actual-no-nos-representa-miles-de-mujeres-marchan-en-brasilia-contra-bolsonaro\/#primaryimage"},"image":{"@id":"https:\/\/diariofemenino.com.ar\/df\/el-gobierno-actual-no-nos-representa-miles-de-mujeres-marchan-en-brasilia-contra-bolsonaro\/#primaryimage"},"thumbnailUrl":"https:\/\/diariofemenino.com.ar\/df\/wp-content\/uploads\/2019\/08\/portada-bra.jpg","datePublished":"2019-08-14T22:09:14+00:00","description":"\"El gobierno actual no nos representa\": Miles de mujeres marchan en Brasilia contra Bolsonaro\u00a0En la Marcha de las Margaritas, considerada el mayor","breadcrumb":{"@id":"https:\/\/diariofemenino.com.ar\/df\/el-gobierno-actual-no-nos-representa-miles-de-mujeres-marchan-en-brasilia-contra-bolsonaro\/#breadcrumb"},"inLanguage":"es","potentialAction":[{"@type":"ReadAction","target":["https:\/\/diariofemenino.com.ar\/df\/el-gobierno-actual-no-nos-representa-miles-de-mujeres-marchan-en-brasilia-contra-bolsonaro\/"]}]},{"@type":"ImageObject","inLanguage":"es","@id":"https:\/\/diariofemenino.com.ar\/df\/el-gobierno-actual-no-nos-representa-miles-de-mujeres-marchan-en-brasilia-contra-bolsonaro\/#primaryimage","url":"https:\/\/diariofemenino.com.ar\/df\/wp-content\/uploads\/2019\/08\/portada-bra.jpg","contentUrl":"https:\/\/diariofemenino.com.ar\/df\/wp-content\/uploads\/2019\/08\/portada-bra.jpg","width":824,"height":464},{"@type":"BreadcrumbList","@id":"https:\/\/diariofemenino.com.ar\/df\/el-gobierno-actual-no-nos-representa-miles-de-mujeres-marchan-en-brasilia-contra-bolsonaro\/#breadcrumb","itemListElement":[{"@type":"ListItem","position":1,"name":"Portada","item":"https:\/\/diariofemenino.com.ar\/df\/"},{"@type":"ListItem","position":2,"name":"\u00abEl gobierno actual no nos representa\u00bb: Miles de mujeres marchan en Brasilia contra Bolsonaro"}]},{"@type":"WebSite","@id":"https:\/\/diariofemenino.com.ar\/df\/#website","url":"https:\/\/diariofemenino.com.ar\/df\/","name":"Diario Digital Femenino","description":"Cuesti\u00f3n de G\u00e9nero","publisher":{"@id":"https:\/\/diariofemenino.com.ar\/df\/#organization"},"potentialAction":[{"@type":"SearchAction","target":{"@type":"EntryPoint","urlTemplate":"https:\/\/diariofemenino.com.ar\/df\/?s={search_term_string}"},"query-input":{"@type":"PropertyValueSpecification","valueRequired":true,"valueName":"search_term_string"}}],"inLanguage":"es"},{"@type":"Organization","@id":"https:\/\/diariofemenino.com.ar\/df\/#organization","name":"Diario Femenino","url":"https:\/\/diariofemenino.com.ar\/df\/","logo":{"@type":"ImageObject","inLanguage":"es","@id":"https:\/\/diariofemenino.com.ar\/df\/#\/schema\/logo\/image\/","url":"https:\/\/diariofemenino.com.ar\/df\/wp-content\/uploads\/2018\/10\/logo.png","contentUrl":"https:\/\/diariofemenino.com.ar\/df\/wp-content\/uploads\/2018\/10\/logo.png","width":500,"height":92,"caption":"Diario Femenino"},"image":{"@id":"https:\/\/diariofemenino.com.ar\/df\/#\/schema\/logo\/image\/"},"sameAs":["https:\/\/www.facebook.com\/DiarioDigitaFemenino\/","https:\/\/x.com\/DiarioFemenino1"]},{"@type":"Person","@id":"https:\/\/diariofemenino.com.ar\/df\/#\/schema\/person\/1c36bc3bf394d8ec320814298b4fdd3f","name":"Admin","image":{"@type":"ImageObject","inLanguage":"es","@id":"https:\/\/diariofemenino.com.ar\/df\/wp-content\/uploads\/2018\/12\/favicon-150x150.jpg","url":"https:\/\/diariofemenino.com.ar\/df\/wp-content\/uploads\/2018\/12\/favicon-150x150.jpg","contentUrl":"https:\/\/diariofemenino.com.ar\/df\/wp-content\/uploads\/2018\/12\/favicon-150x150.jpg","caption":"Admin"},"url":"https:\/\/diariofemenino.com.ar\/df\/author\/sofiperez\/"}]}},"jetpack_featured_media_url":"https:\/\/diariofemenino.com.ar\/df\/wp-content\/uploads\/2019\/08\/portada-bra.jpg","jetpack_sharing_enabled":true,"rttpg_featured_image_url":{"full":["https:\/\/diariofemenino.com.ar\/df\/wp-content\/uploads\/2019\/08\/portada-bra.jpg",824,464,false],"landscape":["https:\/\/diariofemenino.com.ar\/df\/wp-content\/uploads\/2019\/08\/portada-bra.jpg",824,464,false],"portraits":["https:\/\/diariofemenino.com.ar\/df\/wp-content\/uploads\/2019\/08\/portada-bra.jpg",824,464,false],"thumbnail":["https:\/\/diariofemenino.com.ar\/df\/wp-content\/uploads\/2019\/08\/portada-bra-150x150.jpg",150,150,true],"medium":["https:\/\/diariofemenino.com.ar\/df\/wp-content\/uploads\/2019\/08\/portada-bra-300x169.jpg",300,169,true],"large":["https:\/\/diariofemenino.com.ar\/df\/wp-content\/uploads\/2019\/08\/portada-bra.jpg",824,464,false],"1536x1536":["https:\/\/diariofemenino.com.ar\/df\/wp-content\/uploads\/2019\/08\/portada-bra.jpg",824,464,false],"2048x2048":["https:\/\/diariofemenino.com.ar\/df\/wp-content\/uploads\/2019\/08\/portada-bra.jpg",824,464,false]},"rttpg_author":{"display_name":"Admin","author_link":"https:\/\/diariofemenino.com.ar\/df\/author\/sofiperez\/"},"rttpg_comment":0,"rttpg_category":"<a href=\"https:\/\/diariofemenino.com.ar\/df\/category\/mujeres\/\" rel=\"category tag\">Mujeres<\/a>","rttpg_excerpt":"\u00abEl gobierno actual no nos representa\u00bb: Miles de mujeres marchan en Brasilia contra Bolsonaro \u00a0En la Marcha de las Margaritas, considerada el mayor movimiento de trabajadoras rurales de Latinoam\u00e9rica, tambi\u00e9n se pidi\u00f3 la liberaci\u00f3n del expresidente Luiz In\u00e1cio Lula da Silva. Campesinas, agricultoras, funcionarias, concejalas o pescadoras.\u00a0Al grito de \u00abLula libre\u00bb y \u00abBrasil urgente, Lula&hellip;","_links":{"self":[{"href":"https:\/\/diariofemenino.com.ar\/df\/wp-json\/wp\/v2\/posts\/39741","targetHints":{"allow":["GET"]}}],"collection":[{"href":"https:\/\/diariofemenino.com.ar\/df\/wp-json\/wp\/v2\/posts"}],"about":[{"href":"https:\/\/diariofemenino.com.ar\/df\/wp-json\/wp\/v2\/types\/post"}],"author":[{"embeddable":true,"href":"https:\/\/diariofemenino.com.ar\/df\/wp-json\/wp\/v2\/users\/3"}],"replies":[{"embeddable":true,"href":"https:\/\/diariofemenino.com.ar\/df\/wp-json\/wp\/v2\/comments?post=39741"}],"version-history":[{"count":0,"href":"https:\/\/diariofemenino.com.ar\/df\/wp-json\/wp\/v2\/posts\/39741\/revisions"}],"wp:featuredmedia":[{"embeddable":true,"href":"https:\/\/diariofemenino.com.ar\/df\/wp-json\/wp\/v2\/media\/39748"}],"wp:attachment":[{"href":"https:\/\/diariofemenino.com.ar\/df\/wp-json\/wp\/v2\/media?parent=39741"}],"wp:term":[{"taxonomy":"category","embeddable":true,"href":"https:\/\/diariofemenino.com.ar\/df\/wp-json\/wp\/v2\/categories?post=39741"},{"taxonomy":"post_tag","embeddable":true,"href":"https:\/\/diariofemenino.com.ar\/df\/wp-json\/wp\/v2\/tags?post=39741"}],"curies":[{"name":"wp","href":"https:\/\/api.w.org\/{rel}","templated":true}]}}