{"id":39736,"date":"2019-08-14T18:53:34","date_gmt":"2019-08-14T21:53:34","guid":{"rendered":"https:\/\/diariofemenino.com.ar\/?p=39736"},"modified":"2019-08-14T18:55:14","modified_gmt":"2019-08-14T21:55:14","slug":"la-violencia-de-genero-no-discrimina-clase-social","status":"publish","type":"post","link":"https:\/\/diariofemenino.com.ar\/df\/la-violencia-de-genero-no-discrimina-clase-social\/","title":{"rendered":"La violencia de g\u00e9nero no discrimina clase social"},"content":{"rendered":"<h2 style=\"text-align: center;\">La violencia de g\u00e9nero no discrimina clase social<\/h2>\n<p><strong>El \u00faltimo informe de la UFEM sobre femicidios y homicidios dolosos contra mujeres en CABA derriba el mito de que la violencia es cosa de pobres.<\/strong><\/p>\n<p>La violencia de g\u00e9nero no discrimina entre clase social ni sabe de barrios residenciales o villas de emergencia. Seg\u00fan el informe sobre Femicidios y homicidios dolosos de mujeres en la Ciudad Aut\u00f3noma de Buenos Aires 2018 publicado esta semana existe una distribuci\u00f3n territorialmente dispersa de los femicidios cometidos en el \u00faltimo a\u00f1o. Esto desmiente un lugar com\u00fan recurrente: que la violencia no es de ricos.<\/p>\n<p>\u201cLos entramados en las relaciones de poder entre hombre y mujer exceden la clase social. La violencia de g\u00e9nero atraviesa todas las clases sociales, las formaciones acad\u00e9micas y los territorios, pero eso ocurre en nuestro pa\u00eds y en el mundo, porque b\u00e1sicamente tiene que ver con el patriarcado\u201d, dijo a Cosecha Roja Mariela Labozzetta, responsable de la Unidad Fiscal Especializada de Violencia contra las Mujeres (UFEM).<\/p>\n<p>El informe sobre Femicidios y homicidios dolosos de mujeres en la CABA fue elaborado por el \u00e1rea de An\u00e1lisis Criminal y Planificaci\u00f3n de la Unidad Fiscal Especializada en Violencia contra las Mujeres (UFEM). Se trata de la cuarta edici\u00f3n del estudio anual que comprende todos los casos de homicidios dolosos consumados con v\u00edctimas femeninas cometidos en la ciudad de Buenos Aires desde una perspectiva de g\u00e9nero.<\/p>\n<p>Respecto a los femicidios, un 78% de los casos (7) se dio en espacios privados, mientras que el 22% ocurri\u00f3 en el espacio p\u00fablico (2). La vivienda asociada a la v\u00edctima fue el lugar de ocurrencia m\u00e1s frecuente con 6 casos (67%). En 2 casos la muerte se produjo en el espacio p\u00fablico. En el 67% de los casos de femicidios, las v\u00edctimas conoc\u00edan a sus victimarios. Si bien el v\u00ednculo de pareja\/ex pareja sigue siendo mayoritario (5 casos), destacan este a\u00f1o los casos con autor desconocido y por ende hechos que presumiblemente estar\u00edan por fuera del \u00e1mbito \u00edntimo de las v\u00edctimas. Espec\u00edficamente en los casos de v\u00ednculo de pareja, en 4 casos la v\u00edctima y el victimario eran c\u00f3nyuges\/pareja con convivencia al momento del hecho, y en 1 caso era una ex pareja, de quien se hab\u00eda separado en el curso del \u00faltimo a\u00f1o.<\/p>\n<p>En el 33% de los casos se verific\u00f3 en el expediente la existencia de alg\u00fan tipo de antecedente 12 | Unidad Fiscal Especializada en Violencia contra las Mujeres | MPF de violencia entre v\u00edctima y victimario, independientemente de si se formalizaron o no en denuncias judiciales. Todos los casos corresponden a v\u00ednculos de pareja. En 1 caso hubo denuncia judicial por violencia de g\u00e9nero, incluyendo medidas de protecci\u00f3n vigentes al momento del femicidio (prohibici\u00f3n de acercamiento y bot\u00f3n de p\u00e1nico).<\/p>\n<p>\u201cUna de las cosas sobre las cuales hay que hacer hincapi\u00e9 ahora es empezar a pensar en la violencia de g\u00e9nero como un asunto de Seguridad. Y no que los ministerios p\u00fablicos y la justicia tengan una agenda, sino que empiece a ser un tema que la formaci\u00f3n llegue a todas las fuerzas. Pensemos que las fuerzas de seguridad son las que tienen un despliegue territorial en todo el pa\u00eds y donde no llega la justicia llega la fuerza de seguridad: porque comisar\u00eda hay hasta en el pueblo m\u00e1s chiquito del pa\u00eds. Si pudi\u00e9ramos intervenir para que sea una polic\u00eda absolutamente formada en g\u00e9nero, y meterlos tambi\u00e9n en la agenda de seguridad, ser\u00eda un gran paso\u201d, dijo Labozzetta<\/p>\n<p>El objetivo de la investigaci\u00f3n es producir informaci\u00f3n criminal sobre las caracter\u00edsticas de los homicidios dolosos de mujeres, femicidios y travesticidios en la CABA, que sirva de insumo para el desarrollo de estrategias de pol\u00edtica criminal por parte de la Unidad Especializada.<\/p>\n<p>El informe completo y las conclusiones son de acceso p\u00fablico:<a href=\"https:\/\/www.mpf.gob.ar\/ufem\/files\/2019\/08\/UFEM_-InformeFemicidiosCABA2018.pdf\">https:\/\/www.mpf.gob.ar\/ufem\/files\/2019\/08\/UFEM_-InformeFemicidiosCABA2018.pdf<\/a><\/p>\n<p><img loading=\"lazy\" decoding=\"async\" class=\"alignnone size-full wp-image-39738\" src=\"https:\/\/diariofemenino.com.ar\/df\/wp-content\/uploads\/2019\/08\/2017-06-05-2492GUV2706.jpg\" alt=\"La violencia de g\u00e9nero no discrimina clase social\" width=\"650\" height=\"338\" srcset=\"https:\/\/diariofemenino.com.ar\/df\/wp-content\/uploads\/2019\/08\/2017-06-05-2492GUV2706.jpg 650w, https:\/\/diariofemenino.com.ar\/df\/wp-content\/uploads\/2019\/08\/2017-06-05-2492GUV2706-300x156.jpg 300w\" sizes=\"auto, (max-width: 650px) 100vw, 650px\" \/><\/p>\n<p>Fuente: <a href=\"http:\/\/\u201cLos entramados en las relaciones de poder entre hombre y mujer exceden la clase social. La violencia de g\u00e9nero atraviesa todas las clases sociales, las formaciones acad\u00e9micas y los territorios, pero eso ocurre en nuestro pa\u00eds y en el mundo, porque b\u00e1sicamente tiene que ver con el patriarcado\u201d, dijo a Cosecha Roja Mariela Labozzetta, responsable de la Unidad Fiscal Especializada de Violencia contra las Mujeres (UFEM). El informe sobre Femicidios y homicidios dolosos de mujeres en la CABA fue elaborado por el \u00e1rea de An\u00e1lisis Criminal y Planificaci\u00f3n de la Unidad Fiscal Especializada en Violencia contra las Mujeres (UFEM). Se trata de la cuarta edici\u00f3n del estudio anual que comprende todos los casos de homicidios dolosos consumados con v\u00edctimas femeninas cometidos en la ciudad de Buenos Aires desde una perspectiva de g\u00e9nero. Respecto a los femicidios, un 78% de los casos (7) se dio en espacios privados, mientras que el 22% ocurri\u00f3 en el espacio p\u00fablico (2). La vivienda asociada a la v\u00edctima fue el lugar de ocurrencia m\u00e1s frecuente con 6 casos (67%). En 2 casos la muerte se produjo en el espacio p\u00fablico. En el 67% de los casos de femicidios, las v\u00edctimas conoc\u00edan a sus victimarios. Si bien el v\u00ednculo de pareja\/ex pareja sigue siendo mayoritario (5 casos), destacan este a\u00f1o los casos con autor desconocido y por ende hechos que presumiblemente estar\u00edan por fuera del \u00e1mbito \u00edntimo de las v\u00edctimas. Espec\u00edficamente en los casos de v\u00ednculo de pareja, en 4 casos la v\u00edctima y el victimario eran c\u00f3nyuges\/pareja con convivencia al momento del hecho, y en 1 caso era una ex pareja, de quien se hab\u00eda separado en el curso del \u00faltimo a\u00f1o. En el 33% de los casos se verific\u00f3 en el expediente la existencia de alg\u00fan tipo de antecedente 12 | Unidad Fiscal Especializada en Violencia contra las Mujeres | MPF de violencia entre v\u00edctima y victimario, independientemente de si se formalizaron o no en denuncias judiciales. Todos los casos corresponden a v\u00ednculos de pareja. En 1 caso hubo denuncia judicial por violencia de g\u00e9nero, incluyendo medidas de protecci\u00f3n vigentes al momento del femicidio (prohibici\u00f3n de acercamiento y bot\u00f3n de p\u00e1nico). \u201cUna de las cosas sobre las cuales hay que hacer hincapi\u00e9 ahora es empezar a pensar en la violencia de g\u00e9nero como un asunto de Seguridad. Y no que los ministerios p\u00fablicos y la justicia tengan una agenda, sino que empiece a ser un tema que la formaci\u00f3n llegue a todas las fuerzas. Pensemos que las fuerzas de seguridad son las que tienen un despliegue territorial en todo el pa\u00eds y donde no llega la justicia llega la fuerza de seguridad: porque comisar\u00eda hay hasta en el pueblo m\u00e1s chiquito del pa\u00eds. Si pudi\u00e9ramos intervenir para que sea una polic\u00eda absolutamente formada en g\u00e9nero, y meterlos tambi\u00e9n en la agenda de seguridad, ser\u00eda un gran paso\u201d, dijo Labozzetta El objetivo de la investigaci\u00f3n es producir informaci\u00f3n criminal sobre las caracter\u00edsticas de los homicidios dolosos de mujeres, femicidios y travesticidios en la CABA, que sirva de insumo para el desarrollo de estrategias de pol\u00edtica criminal por parte de la Unidad Especializada. El informe completo y las conclusiones son de acceso p\u00fablico: https:\/\/www.mpf.gob.ar\/ufem\/files\/2019\/08\/UFEM_-InformeFemicidiosCABA2018.pdf\">Cosecha Roja<\/a><\/p>\n","protected":false},"excerpt":{"rendered":"<p>La violencia de g\u00e9nero no discrimina clase social El \u00faltimo informe de la UFEM sobre femicidios y homicidios dolosos contra mujeres en CABA derriba el mito de que la violencia es cosa de pobres. La violencia de g\u00e9nero no discrimina entre clase social ni sabe de barrios residenciales o villas de emergencia. Seg\u00fan el informe [&hellip;]<\/p>\n","protected":false},"author":3,"featured_media":39740,"comment_status":"open","ping_status":"open","sticky":false,"template":"","format":"standard","meta":{"iawp_total_views":326,"footnotes":""},"categories":[592],"tags":[34,130,59,16,1914],"class_list":["post-39736","post","type-post","status-publish","format-standard","has-post-thumbnail","hentry","category-violencias","tag-machismo","tag-mujeres","tag-pobreza","tag-violencia-de-genero","tag-violentos"],"nelio_content":{"autoShareEndMode":"never","automationSources":{"useCustomSentences":false,"customSentences":[]},"efiAlt":"","efiUrl":"","followers":[3],"highlights":[],"isAutoShareEnabled":true,"networkImageIds":[],"permalinkQueryArgs":[],"series":[],"suggestedReferences":[]},"yoast_head":"<!-- This site is optimized with the Yoast SEO plugin v27.5 - https:\/\/yoast.com\/product\/yoast-seo-wordpress\/ -->\n<title>La violencia de g\u00e9nero no discrimina clase social - Diario Digital Femenino<\/title>\n<meta name=\"description\" content=\"La violencia de g\u00e9nero no discrimina clase socialEl \u00faltimo informe de la UFEM sobre femicidios y homicidios dolosos contra mujeres en CABA derriba el mito\" \/>\n<meta name=\"robots\" content=\"index, follow, max-snippet:-1, max-image-preview:large, max-video-preview:-1\" \/>\n<link rel=\"canonical\" href=\"https:\/\/diariofemenino.com.ar\/df\/la-violencia-de-genero-no-discrimina-clase-social\/\" \/>\n<meta property=\"og:locale\" content=\"es_ES\" \/>\n<meta property=\"og:type\" content=\"article\" \/>\n<meta property=\"og:title\" content=\"La violencia de g\u00e9nero no discrimina clase social - Diario Digital Femenino\" \/>\n<meta property=\"og:description\" content=\"La violencia de g\u00e9nero no discrimina clase socialEl \u00faltimo informe de la UFEM sobre femicidios y homicidios dolosos contra mujeres en CABA derriba el mito\" \/>\n<meta property=\"og:url\" content=\"https:\/\/diariofemenino.com.ar\/df\/la-violencia-de-genero-no-discrimina-clase-social\/\" \/>\n<meta property=\"og:site_name\" content=\"Diario Digital Femenino\" \/>\n<meta property=\"article:publisher\" content=\"https:\/\/www.facebook.com\/DiarioDigitaFemenino\/\" \/>\n<meta property=\"article:published_time\" content=\"2019-08-14T21:53:34+00:00\" \/>\n<meta property=\"article:modified_time\" content=\"2019-08-14T21:55:14+00:00\" \/>\n<meta property=\"og:image\" content=\"https:\/\/diariofemenino.com.ar\/df\/wp-content\/uploads\/2019\/08\/niunamenos-gris.jpg\" \/>\n\t<meta property=\"og:image:width\" content=\"840\" \/>\n\t<meta property=\"og:image:height\" content=\"600\" \/>\n\t<meta property=\"og:image:type\" content=\"image\/jpeg\" \/>\n<meta name=\"author\" content=\"Admin\" \/>\n<meta name=\"twitter:card\" content=\"summary_large_image\" \/>\n<meta name=\"twitter:creator\" content=\"@DiarioFemenino1\" \/>\n<meta name=\"twitter:site\" content=\"@DiarioFemenino1\" \/>\n<meta name=\"twitter:label1\" content=\"Escrito por\" \/>\n\t<meta name=\"twitter:data1\" content=\"Admin\" \/>\n\t<meta name=\"twitter:label2\" content=\"Tiempo de lectura\" \/>\n\t<meta name=\"twitter:data2\" content=\"3 minutos\" \/>\n<script type=\"application\/ld+json\" class=\"yoast-schema-graph\">{\"@context\":\"https:\\\/\\\/schema.org\",\"@graph\":[{\"@type\":\"Article\",\"@id\":\"https:\\\/\\\/diariofemenino.com.ar\\\/df\\\/la-violencia-de-genero-no-discrimina-clase-social\\\/#article\",\"isPartOf\":{\"@id\":\"https:\\\/\\\/diariofemenino.com.ar\\\/df\\\/la-violencia-de-genero-no-discrimina-clase-social\\\/\"},\"author\":{\"name\":\"Admin\",\"@id\":\"https:\\\/\\\/diariofemenino.com.ar\\\/df\\\/#\\\/schema\\\/person\\\/1c36bc3bf394d8ec320814298b4fdd3f\"},\"headline\":\"La violencia de g\u00e9nero no discrimina clase social\",\"datePublished\":\"2019-08-14T21:53:34+00:00\",\"dateModified\":\"2019-08-14T21:55:14+00:00\",\"mainEntityOfPage\":{\"@id\":\"https:\\\/\\\/diariofemenino.com.ar\\\/df\\\/la-violencia-de-genero-no-discrimina-clase-social\\\/\"},\"wordCount\":690,\"commentCount\":0,\"publisher\":{\"@id\":\"https:\\\/\\\/diariofemenino.com.ar\\\/df\\\/#organization\"},\"image\":{\"@id\":\"https:\\\/\\\/diariofemenino.com.ar\\\/df\\\/la-violencia-de-genero-no-discrimina-clase-social\\\/#primaryimage\"},\"thumbnailUrl\":\"https:\\\/\\\/diariofemenino.com.ar\\\/df\\\/wp-content\\\/uploads\\\/2019\\\/08\\\/niunamenos-gris.jpg\",\"keywords\":[\"Machismo\",\"Mujeres\",\"Pobreza\",\"Violencia de g\u00e9nero\",\"violentos\"],\"articleSection\":[\"Violencias\"],\"inLanguage\":\"es\",\"potentialAction\":[{\"@type\":\"CommentAction\",\"name\":\"Comment\",\"target\":[\"https:\\\/\\\/diariofemenino.com.ar\\\/df\\\/la-violencia-de-genero-no-discrimina-clase-social\\\/#respond\"]}]},{\"@type\":\"WebPage\",\"@id\":\"https:\\\/\\\/diariofemenino.com.ar\\\/df\\\/la-violencia-de-genero-no-discrimina-clase-social\\\/\",\"url\":\"https:\\\/\\\/diariofemenino.com.ar\\\/df\\\/la-violencia-de-genero-no-discrimina-clase-social\\\/\",\"name\":\"La violencia de g\u00e9nero no discrimina clase social - Diario Digital Femenino\",\"isPartOf\":{\"@id\":\"https:\\\/\\\/diariofemenino.com.ar\\\/df\\\/#website\"},\"primaryImageOfPage\":{\"@id\":\"https:\\\/\\\/diariofemenino.com.ar\\\/df\\\/la-violencia-de-genero-no-discrimina-clase-social\\\/#primaryimage\"},\"image\":{\"@id\":\"https:\\\/\\\/diariofemenino.com.ar\\\/df\\\/la-violencia-de-genero-no-discrimina-clase-social\\\/#primaryimage\"},\"thumbnailUrl\":\"https:\\\/\\\/diariofemenino.com.ar\\\/df\\\/wp-content\\\/uploads\\\/2019\\\/08\\\/niunamenos-gris.jpg\",\"datePublished\":\"2019-08-14T21:53:34+00:00\",\"dateModified\":\"2019-08-14T21:55:14+00:00\",\"description\":\"La violencia de g\u00e9nero no discrimina clase socialEl \u00faltimo informe de la UFEM sobre femicidios y homicidios dolosos contra mujeres en CABA derriba el mito\",\"breadcrumb\":{\"@id\":\"https:\\\/\\\/diariofemenino.com.ar\\\/df\\\/la-violencia-de-genero-no-discrimina-clase-social\\\/#breadcrumb\"},\"inLanguage\":\"es\",\"potentialAction\":[{\"@type\":\"ReadAction\",\"target\":[\"https:\\\/\\\/diariofemenino.com.ar\\\/df\\\/la-violencia-de-genero-no-discrimina-clase-social\\\/\"]}]},{\"@type\":\"ImageObject\",\"inLanguage\":\"es\",\"@id\":\"https:\\\/\\\/diariofemenino.com.ar\\\/df\\\/la-violencia-de-genero-no-discrimina-clase-social\\\/#primaryimage\",\"url\":\"https:\\\/\\\/diariofemenino.com.ar\\\/df\\\/wp-content\\\/uploads\\\/2019\\\/08\\\/niunamenos-gris.jpg\",\"contentUrl\":\"https:\\\/\\\/diariofemenino.com.ar\\\/df\\\/wp-content\\\/uploads\\\/2019\\\/08\\\/niunamenos-gris.jpg\",\"width\":840,\"height\":600},{\"@type\":\"BreadcrumbList\",\"@id\":\"https:\\\/\\\/diariofemenino.com.ar\\\/df\\\/la-violencia-de-genero-no-discrimina-clase-social\\\/#breadcrumb\",\"itemListElement\":[{\"@type\":\"ListItem\",\"position\":1,\"name\":\"Portada\",\"item\":\"https:\\\/\\\/diariofemenino.com.ar\\\/df\\\/\"},{\"@type\":\"ListItem\",\"position\":2,\"name\":\"La violencia de g\u00e9nero no discrimina clase social\"}]},{\"@type\":\"WebSite\",\"@id\":\"https:\\\/\\\/diariofemenino.com.ar\\\/df\\\/#website\",\"url\":\"https:\\\/\\\/diariofemenino.com.ar\\\/df\\\/\",\"name\":\"Diario Digital Femenino\",\"description\":\"Cuesti\u00f3n de G\u00e9nero\",\"publisher\":{\"@id\":\"https:\\\/\\\/diariofemenino.com.ar\\\/df\\\/#organization\"},\"potentialAction\":[{\"@type\":\"SearchAction\",\"target\":{\"@type\":\"EntryPoint\",\"urlTemplate\":\"https:\\\/\\\/diariofemenino.com.ar\\\/df\\\/?s={search_term_string}\"},\"query-input\":{\"@type\":\"PropertyValueSpecification\",\"valueRequired\":true,\"valueName\":\"search_term_string\"}}],\"inLanguage\":\"es\"},{\"@type\":\"Organization\",\"@id\":\"https:\\\/\\\/diariofemenino.com.ar\\\/df\\\/#organization\",\"name\":\"Diario Femenino\",\"url\":\"https:\\\/\\\/diariofemenino.com.ar\\\/df\\\/\",\"logo\":{\"@type\":\"ImageObject\",\"inLanguage\":\"es\",\"@id\":\"https:\\\/\\\/diariofemenino.com.ar\\\/df\\\/#\\\/schema\\\/logo\\\/image\\\/\",\"url\":\"https:\\\/\\\/diariofemenino.com.ar\\\/df\\\/wp-content\\\/uploads\\\/2018\\\/10\\\/logo.png\",\"contentUrl\":\"https:\\\/\\\/diariofemenino.com.ar\\\/df\\\/wp-content\\\/uploads\\\/2018\\\/10\\\/logo.png\",\"width\":500,\"height\":92,\"caption\":\"Diario Femenino\"},\"image\":{\"@id\":\"https:\\\/\\\/diariofemenino.com.ar\\\/df\\\/#\\\/schema\\\/logo\\\/image\\\/\"},\"sameAs\":[\"https:\\\/\\\/www.facebook.com\\\/DiarioDigitaFemenino\\\/\",\"https:\\\/\\\/x.com\\\/DiarioFemenino1\"]},{\"@type\":\"Person\",\"@id\":\"https:\\\/\\\/diariofemenino.com.ar\\\/df\\\/#\\\/schema\\\/person\\\/1c36bc3bf394d8ec320814298b4fdd3f\",\"name\":\"Admin\",\"image\":{\"@type\":\"ImageObject\",\"inLanguage\":\"es\",\"@id\":\"https:\\\/\\\/diariofemenino.com.ar\\\/df\\\/wp-content\\\/uploads\\\/2018\\\/12\\\/favicon-150x150.jpg\",\"url\":\"https:\\\/\\\/diariofemenino.com.ar\\\/df\\\/wp-content\\\/uploads\\\/2018\\\/12\\\/favicon-150x150.jpg\",\"contentUrl\":\"https:\\\/\\\/diariofemenino.com.ar\\\/df\\\/wp-content\\\/uploads\\\/2018\\\/12\\\/favicon-150x150.jpg\",\"caption\":\"Admin\"},\"url\":\"https:\\\/\\\/diariofemenino.com.ar\\\/df\\\/author\\\/sofiperez\\\/\"}]}<\/script>\n<!-- \/ Yoast SEO plugin. -->","yoast_head_json":{"title":"La violencia de g\u00e9nero no discrimina clase social - Diario Digital Femenino","description":"La violencia de g\u00e9nero no discrimina clase socialEl \u00faltimo informe de la UFEM sobre femicidios y homicidios dolosos contra mujeres en CABA derriba el mito","robots":{"index":"index","follow":"follow","max-snippet":"max-snippet:-1","max-image-preview":"max-image-preview:large","max-video-preview":"max-video-preview:-1"},"canonical":"https:\/\/diariofemenino.com.ar\/df\/la-violencia-de-genero-no-discrimina-clase-social\/","og_locale":"es_ES","og_type":"article","og_title":"La violencia de g\u00e9nero no discrimina clase social - Diario Digital Femenino","og_description":"La violencia de g\u00e9nero no discrimina clase socialEl \u00faltimo informe de la UFEM sobre femicidios y homicidios dolosos contra mujeres en CABA derriba el mito","og_url":"https:\/\/diariofemenino.com.ar\/df\/la-violencia-de-genero-no-discrimina-clase-social\/","og_site_name":"Diario Digital Femenino","article_publisher":"https:\/\/www.facebook.com\/DiarioDigitaFemenino\/","article_published_time":"2019-08-14T21:53:34+00:00","article_modified_time":"2019-08-14T21:55:14+00:00","og_image":[{"width":840,"height":600,"url":"https:\/\/diariofemenino.com.ar\/df\/wp-content\/uploads\/2019\/08\/niunamenos-gris.jpg","type":"image\/jpeg"}],"author":"Admin","twitter_card":"summary_large_image","twitter_creator":"@DiarioFemenino1","twitter_site":"@DiarioFemenino1","twitter_misc":{"Escrito por":"Admin","Tiempo de lectura":"3 minutos"},"schema":{"@context":"https:\/\/schema.org","@graph":[{"@type":"Article","@id":"https:\/\/diariofemenino.com.ar\/df\/la-violencia-de-genero-no-discrimina-clase-social\/#article","isPartOf":{"@id":"https:\/\/diariofemenino.com.ar\/df\/la-violencia-de-genero-no-discrimina-clase-social\/"},"author":{"name":"Admin","@id":"https:\/\/diariofemenino.com.ar\/df\/#\/schema\/person\/1c36bc3bf394d8ec320814298b4fdd3f"},"headline":"La violencia de g\u00e9nero no discrimina clase social","datePublished":"2019-08-14T21:53:34+00:00","dateModified":"2019-08-14T21:55:14+00:00","mainEntityOfPage":{"@id":"https:\/\/diariofemenino.com.ar\/df\/la-violencia-de-genero-no-discrimina-clase-social\/"},"wordCount":690,"commentCount":0,"publisher":{"@id":"https:\/\/diariofemenino.com.ar\/df\/#organization"},"image":{"@id":"https:\/\/diariofemenino.com.ar\/df\/la-violencia-de-genero-no-discrimina-clase-social\/#primaryimage"},"thumbnailUrl":"https:\/\/diariofemenino.com.ar\/df\/wp-content\/uploads\/2019\/08\/niunamenos-gris.jpg","keywords":["Machismo","Mujeres","Pobreza","Violencia de g\u00e9nero","violentos"],"articleSection":["Violencias"],"inLanguage":"es","potentialAction":[{"@type":"CommentAction","name":"Comment","target":["https:\/\/diariofemenino.com.ar\/df\/la-violencia-de-genero-no-discrimina-clase-social\/#respond"]}]},{"@type":"WebPage","@id":"https:\/\/diariofemenino.com.ar\/df\/la-violencia-de-genero-no-discrimina-clase-social\/","url":"https:\/\/diariofemenino.com.ar\/df\/la-violencia-de-genero-no-discrimina-clase-social\/","name":"La violencia de g\u00e9nero no discrimina clase social - Diario Digital Femenino","isPartOf":{"@id":"https:\/\/diariofemenino.com.ar\/df\/#website"},"primaryImageOfPage":{"@id":"https:\/\/diariofemenino.com.ar\/df\/la-violencia-de-genero-no-discrimina-clase-social\/#primaryimage"},"image":{"@id":"https:\/\/diariofemenino.com.ar\/df\/la-violencia-de-genero-no-discrimina-clase-social\/#primaryimage"},"thumbnailUrl":"https:\/\/diariofemenino.com.ar\/df\/wp-content\/uploads\/2019\/08\/niunamenos-gris.jpg","datePublished":"2019-08-14T21:53:34+00:00","dateModified":"2019-08-14T21:55:14+00:00","description":"La violencia de g\u00e9nero no discrimina clase socialEl \u00faltimo informe de la UFEM sobre femicidios y homicidios dolosos contra mujeres en CABA derriba el mito","breadcrumb":{"@id":"https:\/\/diariofemenino.com.ar\/df\/la-violencia-de-genero-no-discrimina-clase-social\/#breadcrumb"},"inLanguage":"es","potentialAction":[{"@type":"ReadAction","target":["https:\/\/diariofemenino.com.ar\/df\/la-violencia-de-genero-no-discrimina-clase-social\/"]}]},{"@type":"ImageObject","inLanguage":"es","@id":"https:\/\/diariofemenino.com.ar\/df\/la-violencia-de-genero-no-discrimina-clase-social\/#primaryimage","url":"https:\/\/diariofemenino.com.ar\/df\/wp-content\/uploads\/2019\/08\/niunamenos-gris.jpg","contentUrl":"https:\/\/diariofemenino.com.ar\/df\/wp-content\/uploads\/2019\/08\/niunamenos-gris.jpg","width":840,"height":600},{"@type":"BreadcrumbList","@id":"https:\/\/diariofemenino.com.ar\/df\/la-violencia-de-genero-no-discrimina-clase-social\/#breadcrumb","itemListElement":[{"@type":"ListItem","position":1,"name":"Portada","item":"https:\/\/diariofemenino.com.ar\/df\/"},{"@type":"ListItem","position":2,"name":"La violencia de g\u00e9nero no discrimina clase social"}]},{"@type":"WebSite","@id":"https:\/\/diariofemenino.com.ar\/df\/#website","url":"https:\/\/diariofemenino.com.ar\/df\/","name":"Diario Digital Femenino","description":"Cuesti\u00f3n de G\u00e9nero","publisher":{"@id":"https:\/\/diariofemenino.com.ar\/df\/#organization"},"potentialAction":[{"@type":"SearchAction","target":{"@type":"EntryPoint","urlTemplate":"https:\/\/diariofemenino.com.ar\/df\/?s={search_term_string}"},"query-input":{"@type":"PropertyValueSpecification","valueRequired":true,"valueName":"search_term_string"}}],"inLanguage":"es"},{"@type":"Organization","@id":"https:\/\/diariofemenino.com.ar\/df\/#organization","name":"Diario Femenino","url":"https:\/\/diariofemenino.com.ar\/df\/","logo":{"@type":"ImageObject","inLanguage":"es","@id":"https:\/\/diariofemenino.com.ar\/df\/#\/schema\/logo\/image\/","url":"https:\/\/diariofemenino.com.ar\/df\/wp-content\/uploads\/2018\/10\/logo.png","contentUrl":"https:\/\/diariofemenino.com.ar\/df\/wp-content\/uploads\/2018\/10\/logo.png","width":500,"height":92,"caption":"Diario Femenino"},"image":{"@id":"https:\/\/diariofemenino.com.ar\/df\/#\/schema\/logo\/image\/"},"sameAs":["https:\/\/www.facebook.com\/DiarioDigitaFemenino\/","https:\/\/x.com\/DiarioFemenino1"]},{"@type":"Person","@id":"https:\/\/diariofemenino.com.ar\/df\/#\/schema\/person\/1c36bc3bf394d8ec320814298b4fdd3f","name":"Admin","image":{"@type":"ImageObject","inLanguage":"es","@id":"https:\/\/diariofemenino.com.ar\/df\/wp-content\/uploads\/2018\/12\/favicon-150x150.jpg","url":"https:\/\/diariofemenino.com.ar\/df\/wp-content\/uploads\/2018\/12\/favicon-150x150.jpg","contentUrl":"https:\/\/diariofemenino.com.ar\/df\/wp-content\/uploads\/2018\/12\/favicon-150x150.jpg","caption":"Admin"},"url":"https:\/\/diariofemenino.com.ar\/df\/author\/sofiperez\/"}]}},"jetpack_featured_media_url":"https:\/\/diariofemenino.com.ar\/df\/wp-content\/uploads\/2019\/08\/niunamenos-gris.jpg","jetpack_sharing_enabled":true,"rttpg_featured_image_url":{"full":["https:\/\/diariofemenino.com.ar\/df\/wp-content\/uploads\/2019\/08\/niunamenos-gris.jpg",840,600,false],"landscape":["https:\/\/diariofemenino.com.ar\/df\/wp-content\/uploads\/2019\/08\/niunamenos-gris.jpg",840,600,false],"portraits":["https:\/\/diariofemenino.com.ar\/df\/wp-content\/uploads\/2019\/08\/niunamenos-gris.jpg",840,600,false],"thumbnail":["https:\/\/diariofemenino.com.ar\/df\/wp-content\/uploads\/2019\/08\/niunamenos-gris-150x150.jpg",150,150,true],"medium":["https:\/\/diariofemenino.com.ar\/df\/wp-content\/uploads\/2019\/08\/niunamenos-gris-300x214.jpg",300,214,true],"large":["https:\/\/diariofemenino.com.ar\/df\/wp-content\/uploads\/2019\/08\/niunamenos-gris.jpg",840,600,false],"1536x1536":["https:\/\/diariofemenino.com.ar\/df\/wp-content\/uploads\/2019\/08\/niunamenos-gris.jpg",840,600,false],"2048x2048":["https:\/\/diariofemenino.com.ar\/df\/wp-content\/uploads\/2019\/08\/niunamenos-gris.jpg",840,600,false]},"rttpg_author":{"display_name":"Admin","author_link":"https:\/\/diariofemenino.com.ar\/df\/author\/sofiperez\/"},"rttpg_comment":0,"rttpg_category":"<a href=\"https:\/\/diariofemenino.com.ar\/df\/category\/violencias\/\" rel=\"category tag\">Violencias<\/a>","rttpg_excerpt":"La violencia de g\u00e9nero no discrimina clase social El \u00faltimo informe de la UFEM sobre femicidios y homicidios dolosos contra mujeres en CABA derriba el mito de que la violencia es cosa de pobres. La violencia de g\u00e9nero no discrimina entre clase social ni sabe de barrios residenciales o villas de emergencia. Seg\u00fan el informe&hellip;","_links":{"self":[{"href":"https:\/\/diariofemenino.com.ar\/df\/wp-json\/wp\/v2\/posts\/39736","targetHints":{"allow":["GET"]}}],"collection":[{"href":"https:\/\/diariofemenino.com.ar\/df\/wp-json\/wp\/v2\/posts"}],"about":[{"href":"https:\/\/diariofemenino.com.ar\/df\/wp-json\/wp\/v2\/types\/post"}],"author":[{"embeddable":true,"href":"https:\/\/diariofemenino.com.ar\/df\/wp-json\/wp\/v2\/users\/3"}],"replies":[{"embeddable":true,"href":"https:\/\/diariofemenino.com.ar\/df\/wp-json\/wp\/v2\/comments?post=39736"}],"version-history":[{"count":0,"href":"https:\/\/diariofemenino.com.ar\/df\/wp-json\/wp\/v2\/posts\/39736\/revisions"}],"wp:featuredmedia":[{"embeddable":true,"href":"https:\/\/diariofemenino.com.ar\/df\/wp-json\/wp\/v2\/media\/39740"}],"wp:attachment":[{"href":"https:\/\/diariofemenino.com.ar\/df\/wp-json\/wp\/v2\/media?parent=39736"}],"wp:term":[{"taxonomy":"category","embeddable":true,"href":"https:\/\/diariofemenino.com.ar\/df\/wp-json\/wp\/v2\/categories?post=39736"},{"taxonomy":"post_tag","embeddable":true,"href":"https:\/\/diariofemenino.com.ar\/df\/wp-json\/wp\/v2\/tags?post=39736"}],"curies":[{"name":"wp","href":"https:\/\/api.w.org\/{rel}","templated":true}]}}