{"id":39566,"date":"2019-08-10T21:01:00","date_gmt":"2019-08-11T00:01:00","guid":{"rendered":"https:\/\/diariofemenino.com.ar\/?p=39566"},"modified":"2019-08-10T21:01:00","modified_gmt":"2019-08-11T00:01:00","slug":"tiempos-disruptivos-lecturas-sobre-la-centralidad-de-la-politica-en-los-70","status":"publish","type":"post","link":"https:\/\/diariofemenino.com.ar\/df\/tiempos-disruptivos-lecturas-sobre-la-centralidad-de-la-politica-en-los-70\/","title":{"rendered":"Tiempos disruptivos. Lecturas sobre la centralidad de la pol\u00edtica en los 70"},"content":{"rendered":"<p class=\"western\" align=\"center\"><span style=\"font-family: Times New Roman, serif;\"><b>C\u00c1TEDRA LIBRE EXTRACURRICULAR \u201c<\/b><\/span><span style=\"font-family: Times New Roman, serif;\"><i><b>ERNESTO CHE GUEVARA\u201d<br \/>\n<\/b><\/i><\/span><span style=\"font-family: Times New Roman, serif;\"><b>FACULTAD DE CIENCIAS HUMANAS \/ UNLPam<\/b><\/span><\/p>\n<p class=\"western\" align=\"justify\"><span style=\"font-family: Times New Roman, serif;\"><span style=\"font-size: small;\">El s\u00e1bado 17 de Agosto a las 17.30hs, en el Sal\u00f3n del Consejo Directivo de la <a href=\"http:\/\/www.humanas.unlpam.edu.ar\/fchst\/index.html\">Facultad de Ciencias Humanas <\/a><\/span><\/span><span style=\"font-family: Times New Roman, serif;\"><span style=\"font-size: small;\"><b>de la UNLPam -sito en Gil 353, 2\u00b0 piso Santa Rosa (LP)-, <\/b><\/span><\/span><span style=\"font-family: Times New Roman, serif;\"><span style=\"font-size: small;\">la C\u00e1tedra Libre Ernesto Che Guevara realizar\u00e1 una nueva actividad. En esta oportunidad <\/span><\/span><span style=\"color: #000000;\"><span style=\"font-family: Times New Roman, serif;\"><span style=\"font-size: small;\">Alejandra Ciriza y Nilda Redondo presentar\u00e1n el libro:<\/span><\/span><\/span><\/p>\n<h2 class=\"western\" align=\"center\"><span style=\"color: #000000;\"><span style=\"font-family: Times New Roman, serif;\"><span style=\"font-size: small;\"><b>Tiempos disruptivos. Lecturas sobre la centralidad de la pol\u00edtica en los 70<\/b><\/span><\/span><\/span><\/h2>\n<figure id=\"attachment_39567\" aria-describedby=\"caption-attachment-39567\" style=\"width: 489px\" class=\"wp-caption alignleft\"><img loading=\"lazy\" decoding=\"async\" class=\"size-full wp-image-39567\" src=\"https:\/\/diariofemenino.com.ar\/df\/wp-content\/uploads\/2019\/08\/TIEMPOS-DISRUPTIVOS1.jpg\" alt=\"Tiempos disruptivos. Lecturas sobre la centralidad de la pol\u00edtica en los 70\" width=\"489\" height=\"709\" srcset=\"https:\/\/diariofemenino.com.ar\/df\/wp-content\/uploads\/2019\/08\/TIEMPOS-DISRUPTIVOS1.jpg 489w, https:\/\/diariofemenino.com.ar\/df\/wp-content\/uploads\/2019\/08\/TIEMPOS-DISRUPTIVOS1-207x300.jpg 207w\" sizes=\"auto, (max-width: 489px) 100vw, 489px\" \/><figcaption id=\"caption-attachment-39567\" class=\"wp-caption-text\">Tiempos disruptivos. Lecturas sobre la centralidad de la pol\u00edtica en los 70<\/figcaption><\/figure>\n<p class=\"western\" align=\"justify\"><span style=\"color: #1d2228;\"><span style=\"font-family: Times New Roman, serif;\">Este <a href=\"https:\/\/diariofemenino.com.ar\/category\/biblioteca\/\">libro<\/a>, editado por la Universidad Nacional de Cuyo en 2018, tiene por organizadoras a Alejandra Ciriza, Fabiana Grasselli y Laura Rodr\u00edguez Ag\u00fcero y sus autorxs son, adem\u00e1s de las <\/span><\/span><span style=\"color: #1d2228;\"><span style=\"font-family: Times New Roman, serif;\"><span style=\"font-size: small;\">mencionadas, <\/span><\/span><\/span><span style=\"color: #000000;\"><span style=\"font-family: Times New Roman, serif;\"><span style=\"font-size: small;\">Violeta Ayles Tortolini, Andr\u00e9s Carminati, Paz Escobar, Nilda Redondo y Eva Rodr\u00edguez Ag\u00fcero.<\/span><\/span><\/span><\/p>\n<p class=\"western\" align=\"justify\"><span style=\"font-family: Times New Roman, serif;\"><span style=\"font-size: small;\">Se organiza en tres partes: <\/span><\/span><span style=\"font-family: Times New Roman, serif;\"><span style=\"font-size: small;\">Experiencias de radicalizaci\u00f3n pol\u00edtica; Feminismos en tiempos de revuelta y El arte y la disputa por la forja\u00a0del sentido com\u00fan.<\/span><\/span><\/p>\n<p class=\"western\" align=\"justify\"><span style=\"font-family: Times New Roman, serif;\"><span style=\"font-size: small;\">En la primera, los cap\u00edtulos son, <\/span><\/span><span style=\"font-family: Times New Roman, serif;\"><span style=\"font-size: small;\">de Laura Rodr\u00edguez Ag\u00fcero, \u201c<\/span><\/span><span style=\"font-family: Times New Roman, serif;\"><span style=\"font-size: small;\">Del \u00abinvierno caliente\u00bb del posMendozazo a la dictadura. Bancarios\u00a0y estatales en la Mendoza de los setenta\u201d; <\/span><\/span><span style=\"font-family: Times New Roman, serif;\"><span style=\"font-size: small;\">de Andr\u00e9s Carminati, \u201c<\/span><\/span><span style=\"font-family: Times New Roman, serif;\"><span style=\"font-size: small;\">\u00abElementos extra\u00f1os con brazaletes rojos\u00bb. Radicalizaci\u00f3n obrera\u00a0y lucha armada en una metal\u00fargica mediana de la ciudad<br \/>\nde Rosario (1973-1976)\u201d; <\/span><\/span><span style=\"font-family: Times New Roman, serif;\"><span style=\"font-size: small;\">de<\/span><\/span><span style=\"font-family: Times New Roman, serif;\"><span style=\"font-size: small;\"> Violeta Ayles Tortolini, <\/span><\/span><span style=\"font-family: Times New Roman, serif;\"><span style=\"font-size: small;\">\u201cA la b\u00fasqueda de tradiciones subalternas: el accionar pol\u00edtico y militar del PRT-ERPen Mendoza (1973-1976)\u201d.<\/span><\/span><\/p>\n<p class=\"western\" align=\"justify\"><span style=\"font-family: Times New Roman, serif;\"><span style=\"font-size: small;\">En la segunda parte, de <\/span><\/span><span style=\"font-family: Times New Roman, serif;\"><span style=\"font-size: small;\">Alejandra Ciriza, <\/span><\/span><span style=\"font-family: Times New Roman, serif;\"><span style=\"font-size: small;\">\u201cTras las huellas de experiencias y genealog\u00edas <a href=\"https:\/\/diariofemenino.com.ar\/\">feministas<\/a> en la Argentina de los a\u00f1o setenta. Una revisi\u00f3n situada\u201d; <\/span><\/span><span style=\"font-family: Times New Roman, serif;\"><span style=\"font-size: small;\">de <\/span><\/span><span style=\"font-family: Times New Roman, serif;\"><span style=\"font-size: small;\">Eva Rodr\u00edguez, Ag\u00fcero <\/span><\/span><span style=\"font-family: Times New Roman, serif;\"><span style=\"font-size: small;\">\u201cFeminismos, cultura y pol\u00edtica en la Argentina de los a\u00f1os setenta. Una lectura de la revista\u00a0<\/span><\/span><span style=\"font-family: Times New Roman, serif;\"><span style=\"font-size: small;\">Crisis<\/span><\/span><span style=\"font-family: Times New Roman, serif;\"><span style=\"font-size: small;\">\u00a0desde el punto de vista de g\u00e9nero\u201d.<\/span><\/span><\/p>\n<p class=\"western\" align=\"justify\"><span style=\"font-family: Times New Roman, serif;\"><span style=\"font-size: small;\">En la tercera parte, de<\/span><\/span><span style=\"font-family: Times New Roman, serif;\"><span style=\"font-size: small;\"> Nilda Redondo, <\/span><\/span><span style=\"font-family: Times New Roman, serif;\"><span style=\"font-size: small;\">\u201cEscritura y utop\u00eda: Juan Gelman\u201d; <\/span><\/span><span style=\"font-family: Times New Roman, serif;\"><span style=\"font-size: small;\">de <\/span><\/span><span style=\"font-family: Times New Roman, serif;\"><span style=\"font-size: small;\">Fabiana Grasselli <\/span><\/span><span style=\"font-family: Times New Roman, serif;\"><span style=\"font-size: small;\">\u201cRodolfo Walsh y Francisco Urondo: escritura testimonial en tiempos de revuelta\u201d; <\/span><\/span><span style=\"font-family: Times New Roman, serif;\"><span style=\"font-size: small;\">de <\/span><\/span><span style=\"font-family: Times New Roman, serif;\"><span style=\"font-size: small;\">\u2003Paz Escobar <\/span><\/span><span style=\"font-family: Times New Roman, serif;\"><span style=\"font-size: small;\">\u201cTrelew, la fuga que fue masacre.<br \/>\nDe la memoria pol\u00edtica a la pol\u00edtica\u00a0de la memoria\u201d.<\/span><\/span><\/p>\n<p class=\"western\" align=\"justify\"><span style=\"font-family: Times New Roman, serif;\"><span style=\"font-size: small;\">En la introducci\u00f3n se sostiene: \u201cEste libro busca complejizar la mirada sobre un tiempo que retorna. Escrito a varias voces, dif\u00edcilmente halle una delimitaci\u00f3n disciplinar precisa. M\u00e1s que un tema o una disciplina, lo que nos re\u00fane es el intento de escrutar desde el presente ese tiempo, un tiempo de singular densidad en lo referido a las experiencias transitadas por subalternos y subalternas (\u2026) Ese tiempo, que muchos y muchas consideramos como de condensaci\u00f3n, como Benjamin pens\u00f3 el jet zeit, como Marx pensara las revoluciones. Ese tiempo de anudamiento y precipitaci\u00f3n de acontecimientos arroja a\u00fan destellos sobre el presente\u201d<\/span><\/span><\/p>\n<p class=\"western\"><span style=\"color: #000000;\"><span style=\"font-family: Times New Roman, serif;\"><span style=\"font-size: small;\">Como es habitual la actividad es libre y gratuita.<\/span><\/span><\/span><\/p>\n<p class=\"western\" style=\"text-align: right;\" align=\"justify\"><span style=\"font-family: Times New Roman, serif;\"><span style=\"font-size: small;\">Nilda Redondo<br \/>\n<\/span><\/span><span style=\"font-family: Times New Roman, serif;\"><span style=\"font-size: small;\">Directora C\u00e1tedra Libre \u201cErnesto Che Guevara\u201d<\/span><\/span><\/p>\n<p align=\"justify\">_________________________________<\/p>\n<p align=\"justify\"><strong>Tiempos disruptivos<\/strong><\/p>\n<p>\u00abEste libro busca complejizar la mirada sobre un tiempo que retorna.<br \/>\nEscrito a varias voces, dif\u00edcilmente halle una delimitaci\u00f3n disciplinar precisa. M\u00e1s que un tema o una disciplina, lo que nos re\u00fane es el intento de escrutar desde el presente ese tiempo, un tiempo de singular densidad en lo referido a las experiencias transitadas por subalternos y subalternas, un tiempo de experimentaci\u00f3n pol\u00edtica,de derrumbe de Bastillas, de asalto a las ciudadelas del privilegio al modo de las tropas aymaras y quechuas de T\u00fapac Katari, Bartolina Sisa, Gregoria Apaza y Andr\u00e9s T\u00fapac Amaru en 1781 en la ciudad colonial de La Paz. Ese tiempo, que muchos y muchas consideramos como de condensaci\u00f3n, como Benjamin pens\u00f3 el jet zeit, como Marx pensara las revoluciones. Ese tiempo de anudamiento y precipitaci\u00f3n de acontecimientos arroja a\u00fan destellos sobre el presente.<\/p>\n<p>Su lectura es un terreno, por as\u00ed decir, espinoso, un nudo donde se cruzan debates te\u00f3ricos, \u00e9ticos y pol\u00edticos. Investigar sobre los a\u00f1os setenta en la Argentina trae a colaci\u00f3n la cuesti\u00f3n del tiempo, de las relaciones entre pasado y presente, los asuntos de la memoria, los intereses que gu\u00edan la investigaci\u00f3n, esto es, el lugar que se asigne al inter\u00e9s cognoscitivo y\/o al emancipatorio y sus diversas articulaciones, o la ubicaci\u00f3n de quien investiga, tanto en lo referido al espacio geogr\u00e1fico (en un pa\u00eds donde lo sucedido en Buenos Aires suele ser asimilado a la dimensi\u00f3n nacional sin m\u00e1s, mientras los acontecimientos provincianos no pierden su marca espacial) como a la edad.<\/p>\n<p>Algo en el orden de la experiencia y la transmisi\u00f3n se juega en lo que se escribe acerca de los a\u00f1os setenta. Tambi\u00e9n, desde luego, la cuesti\u00f3n de la violencia pol\u00edtica en un tiempo que estuvo marcado por una intensa politizaci\u00f3n de la vida social y cultural, por movilizaciones y revueltas populares, por formas organizativas ligadas a los reclamos de la base en el movimiento obrero, por la emergencia y el exterminio de organizaciones pol\u00edtico-militares vinculadas a diversas\u00a0orientaciones en el entonces complejo arco de las izquierdas, por experimentaciones educativas, art\u00edsticas, intelectuales.<\/p>\n<p>Quienes hemos escrito este libro nos distanciamos de la l\u00ednea dominante en los estudios acerca de los a\u00f1os setenta, tanto en lo referido a la problem\u00e1tica herencia dejada por el Nunca m\u00e1s y la conocida, pero no por ello menos persistente, teor\u00eda de los dos demonios, como por una l\u00ednea que tiene por portavoces a Luis Alberto Romero, Hugo Vezetti, Ana Longoni y Vera Carnovale, quienes han ido construyendo desde la academia una cierta imagen de ese tiempo que se pretende neutral, cient\u00edfica, verdadera sin m\u00e1s e incluso pionera en la sana cr\u00edtica de lo pol\u00edticamente correcto (esto es, en su concepci\u00f3n de las cosas, la perspectiva de los organismos de ddhh).<br \/>\nPor decirlo en los t\u00e9rminos en que Romero (2007) cierra su conocido estudio introductorio \u00abLa violencia en la historia argentina reciente: un estado de la cuesti\u00f3n\u00bb: \u00abHay un punto, quiz\u00e1 ideal, donde la correcci\u00f3n pol\u00edtica y la probidad historiogr\u00e1fica han de encontrarse.<\/p>\n<p>Esa es nuestra tarea de historiadores del pasado reciente\u00bb (p. 137).<br \/>\nEn cuanto a Romero, su trabajo, con referencias variadas y una estructura interesante, pues procura explicar la violencia pol\u00edtica abriendo un horizonte temporal m\u00e1s largo, incurre en la pretensi\u00f3n del punto de vista de dios, por decirlo a la manera de Donna Haraway, a lo que se suma una perspectiva curiosa respecto del tiempo, un asunto central para quienes hacen historia. Romero procede como si su trabajo estuviese dotado de la capacidad de iluminarlo todo, al abrigo de cualquier parcialidad, un asunto poco probable para quien ha se\u00f1alado a la democracia burguesa como el non plus ultra al que debemos aspirar, ubicada en el lugar de ideal incontrovertible, espacio del consenso y del bien pensar. Para decirlo con sus palabras, \u00ablos ideales de 1983\u00bb (Romero, 2016). De lo que se trata es precisamente de asumir que no hay (aunque haya) posiciones privilegiadas desde las cuales sancionar otras perspectivas. En todo caso, la posibilidad de hacerlo reside en relaciones asim\u00e9tricas, no en excelencias cognoscitivas, sino en relaciones de fuerza en el campo acad\u00e9mico, cultural y pol\u00edtico, pues en todo caso el consenso del que se trata no es sino forzado y debido al predomino de ciertas posiciones sobre otras. Sucede en la academia del mismo modo que en las organizaciones pol\u00edticas y sociales&#8230; <a href=\"http:\/\/www.ediunc.uncu.edu.ar\/public\/cache\/material_comp\/tiempos-disruptivos-preliminares.pdf\">pdf<\/a><\/p>\n","protected":false},"excerpt":{"rendered":"<p>C\u00c1TEDRA LIBRE EXTRACURRICULAR \u201cERNESTO CHE GUEVARA\u201d FACULTAD DE CIENCIAS HUMANAS \/ UNLPam El s\u00e1bado 17 de Agosto a las 17.30hs, en el Sal\u00f3n del Consejo Directivo de la Facultad de Ciencias Humanas de la UNLPam -sito en Gil 353, 2\u00b0 piso Santa Rosa (LP)-, la C\u00e1tedra Libre Ernesto Che Guevara realizar\u00e1 una nueva actividad. En [&hellip;]<\/p>\n","protected":false},"author":4,"featured_media":39568,"comment_status":"open","ping_status":"open","sticky":false,"template":"","format":"standard","meta":{"iawp_total_views":12,"footnotes":""},"categories":[7,19,1251,6],"tags":[840,1894,1895,1896,1897],"class_list":["post-39566","post","type-post","status-publish","format-standard","has-post-thumbnail","hentry","category-actividades","category-biblioteca","category-mujeres-de-la-pampa","category-articulos","tag-alejandra-ciriza","tag-catedra-libre-ernesto-che-guevara","tag-facultad-de-ciencias-humanas-de-la-unlpam","tag-nilda-redondo","tag-tiempos-disruptivos-lecturas-sobre-la-centralidad-de-la-politica-en-los-70"],"nelio_content":{"autoShareEndMode":"never","automationSources":{"useCustomSentences":false,"customSentences":[]},"efiAlt":"","efiUrl":"","followers":[4],"highlights":[],"isAutoShareEnabled":true,"networkImageIds":[],"permalinkQueryArgs":[],"series":[],"suggestedReferences":[]},"yoast_head":"<!-- This site is optimized with the Yoast SEO plugin v27.5 - https:\/\/yoast.com\/product\/yoast-seo-wordpress\/ -->\n<title>Tiempos disruptivos. Lecturas sobre la centralidad de la pol\u00edtica en los 70 - Diario Digital Femenino<\/title>\n<meta name=\"description\" content=\"Tiempos disruptivos. Lecturas sobre la centralidad de la pol\u00edtica en los 70. El 17 de agosto, 17.30hs, en la UNLPam - Gil 353, 2\u00b0 piso- Santa Rosa (LP)\" \/>\n<meta name=\"robots\" content=\"index, follow, max-snippet:-1, max-image-preview:large, max-video-preview:-1\" \/>\n<link rel=\"canonical\" href=\"https:\/\/diariofemenino.com.ar\/df\/tiempos-disruptivos-lecturas-sobre-la-centralidad-de-la-politica-en-los-70\/\" \/>\n<meta property=\"og:locale\" content=\"es_ES\" \/>\n<meta property=\"og:type\" content=\"article\" \/>\n<meta property=\"og:title\" content=\"Tiempos disruptivos. Lecturas sobre la centralidad de la pol\u00edtica en los 70 - Diario Digital Femenino\" \/>\n<meta property=\"og:description\" content=\"Tiempos disruptivos. Lecturas sobre la centralidad de la pol\u00edtica en los 70. El 17 de agosto, 17.30hs, en la UNLPam - Gil 353, 2\u00b0 piso- Santa Rosa (LP)\" \/>\n<meta property=\"og:url\" content=\"https:\/\/diariofemenino.com.ar\/df\/tiempos-disruptivos-lecturas-sobre-la-centralidad-de-la-politica-en-los-70\/\" \/>\n<meta property=\"og:site_name\" content=\"Diario Digital Femenino\" \/>\n<meta property=\"article:publisher\" content=\"https:\/\/www.facebook.com\/DiarioDigitaFemenino\/\" \/>\n<meta property=\"article:published_time\" content=\"2019-08-11T00:01:00+00:00\" \/>\n<meta property=\"og:image\" content=\"https:\/\/diariofemenino.com.ar\/df\/wp-content\/uploads\/2019\/08\/TIEMPOS-DISRUPTIVOS.jpg\" \/>\n\t<meta property=\"og:image:width\" content=\"704\" \/>\n\t<meta property=\"og:image:height\" content=\"1000\" \/>\n\t<meta property=\"og:image:type\" content=\"image\/jpeg\" \/>\n<meta name=\"author\" content=\"Admin\" \/>\n<meta name=\"twitter:card\" content=\"summary_large_image\" \/>\n<meta name=\"twitter:creator\" content=\"@DiarioFemenino1\" \/>\n<meta name=\"twitter:site\" content=\"@DiarioFemenino1\" \/>\n<meta name=\"twitter:label1\" content=\"Escrito por\" \/>\n\t<meta name=\"twitter:data1\" content=\"Admin\" \/>\n\t<meta name=\"twitter:label2\" content=\"Tiempo de lectura\" \/>\n\t<meta name=\"twitter:data2\" content=\"6 minutos\" \/>\n<script type=\"application\/ld+json\" class=\"yoast-schema-graph\">{\"@context\":\"https:\\\/\\\/schema.org\",\"@graph\":[{\"@type\":\"Article\",\"@id\":\"https:\\\/\\\/diariofemenino.com.ar\\\/df\\\/tiempos-disruptivos-lecturas-sobre-la-centralidad-de-la-politica-en-los-70\\\/#article\",\"isPartOf\":{\"@id\":\"https:\\\/\\\/diariofemenino.com.ar\\\/df\\\/tiempos-disruptivos-lecturas-sobre-la-centralidad-de-la-politica-en-los-70\\\/\"},\"author\":{\"name\":\"Admin\",\"@id\":\"https:\\\/\\\/diariofemenino.com.ar\\\/df\\\/#\\\/schema\\\/person\\\/bf6199e8158c657ea6f789b11ec85509\"},\"headline\":\"Tiempos disruptivos. Lecturas sobre la centralidad de la pol\u00edtica en los 70\",\"datePublished\":\"2019-08-11T00:01:00+00:00\",\"mainEntityOfPage\":{\"@id\":\"https:\\\/\\\/diariofemenino.com.ar\\\/df\\\/tiempos-disruptivos-lecturas-sobre-la-centralidad-de-la-politica-en-los-70\\\/\"},\"wordCount\":1274,\"commentCount\":0,\"publisher\":{\"@id\":\"https:\\\/\\\/diariofemenino.com.ar\\\/df\\\/#organization\"},\"image\":{\"@id\":\"https:\\\/\\\/diariofemenino.com.ar\\\/df\\\/tiempos-disruptivos-lecturas-sobre-la-centralidad-de-la-politica-en-los-70\\\/#primaryimage\"},\"thumbnailUrl\":\"https:\\\/\\\/diariofemenino.com.ar\\\/df\\\/wp-content\\\/uploads\\\/2019\\\/08\\\/TIEMPOS-DISRUPTIVOS.jpg\",\"keywords\":[\"Alejandra Ciriza\",\"C\u00e1tedra Libre Ernesto Che Guevara\",\"Facultad de Ciencias Humanas de la UNLPam\",\"Nilda Redondo\",\"Tiempos disruptivos. Lecturas sobre la centralidad de la pol\u00edtica en los 70\"],\"articleSection\":[\"Actividades\",\"Biblioteca Virtual\",\"Mujeres de La Pampa\",\"Mujeres en Palabras\"],\"inLanguage\":\"es\",\"potentialAction\":[{\"@type\":\"CommentAction\",\"name\":\"Comment\",\"target\":[\"https:\\\/\\\/diariofemenino.com.ar\\\/df\\\/tiempos-disruptivos-lecturas-sobre-la-centralidad-de-la-politica-en-los-70\\\/#respond\"]}]},{\"@type\":\"WebPage\",\"@id\":\"https:\\\/\\\/diariofemenino.com.ar\\\/df\\\/tiempos-disruptivos-lecturas-sobre-la-centralidad-de-la-politica-en-los-70\\\/\",\"url\":\"https:\\\/\\\/diariofemenino.com.ar\\\/df\\\/tiempos-disruptivos-lecturas-sobre-la-centralidad-de-la-politica-en-los-70\\\/\",\"name\":\"Tiempos disruptivos. Lecturas sobre la centralidad de la pol\u00edtica en los 70 - Diario Digital Femenino\",\"isPartOf\":{\"@id\":\"https:\\\/\\\/diariofemenino.com.ar\\\/df\\\/#website\"},\"primaryImageOfPage\":{\"@id\":\"https:\\\/\\\/diariofemenino.com.ar\\\/df\\\/tiempos-disruptivos-lecturas-sobre-la-centralidad-de-la-politica-en-los-70\\\/#primaryimage\"},\"image\":{\"@id\":\"https:\\\/\\\/diariofemenino.com.ar\\\/df\\\/tiempos-disruptivos-lecturas-sobre-la-centralidad-de-la-politica-en-los-70\\\/#primaryimage\"},\"thumbnailUrl\":\"https:\\\/\\\/diariofemenino.com.ar\\\/df\\\/wp-content\\\/uploads\\\/2019\\\/08\\\/TIEMPOS-DISRUPTIVOS.jpg\",\"datePublished\":\"2019-08-11T00:01:00+00:00\",\"description\":\"Tiempos disruptivos. Lecturas sobre la centralidad de la pol\u00edtica en los 70. El 17 de agosto, 17.30hs, en la UNLPam - Gil 353, 2\u00b0 piso- Santa Rosa (LP)\",\"breadcrumb\":{\"@id\":\"https:\\\/\\\/diariofemenino.com.ar\\\/df\\\/tiempos-disruptivos-lecturas-sobre-la-centralidad-de-la-politica-en-los-70\\\/#breadcrumb\"},\"inLanguage\":\"es\",\"potentialAction\":[{\"@type\":\"ReadAction\",\"target\":[\"https:\\\/\\\/diariofemenino.com.ar\\\/df\\\/tiempos-disruptivos-lecturas-sobre-la-centralidad-de-la-politica-en-los-70\\\/\"]}]},{\"@type\":\"ImageObject\",\"inLanguage\":\"es\",\"@id\":\"https:\\\/\\\/diariofemenino.com.ar\\\/df\\\/tiempos-disruptivos-lecturas-sobre-la-centralidad-de-la-politica-en-los-70\\\/#primaryimage\",\"url\":\"https:\\\/\\\/diariofemenino.com.ar\\\/df\\\/wp-content\\\/uploads\\\/2019\\\/08\\\/TIEMPOS-DISRUPTIVOS.jpg\",\"contentUrl\":\"https:\\\/\\\/diariofemenino.com.ar\\\/df\\\/wp-content\\\/uploads\\\/2019\\\/08\\\/TIEMPOS-DISRUPTIVOS.jpg\",\"width\":704,\"height\":1000,\"caption\":\"Tiempos disruptivos. Lecturas sobre la centralidad de la pol\u00edtica en los 70\"},{\"@type\":\"BreadcrumbList\",\"@id\":\"https:\\\/\\\/diariofemenino.com.ar\\\/df\\\/tiempos-disruptivos-lecturas-sobre-la-centralidad-de-la-politica-en-los-70\\\/#breadcrumb\",\"itemListElement\":[{\"@type\":\"ListItem\",\"position\":1,\"name\":\"Portada\",\"item\":\"https:\\\/\\\/diariofemenino.com.ar\\\/df\\\/\"},{\"@type\":\"ListItem\",\"position\":2,\"name\":\"Tiempos disruptivos. Lecturas sobre la centralidad de la pol\u00edtica en los 70\"}]},{\"@type\":\"WebSite\",\"@id\":\"https:\\\/\\\/diariofemenino.com.ar\\\/df\\\/#website\",\"url\":\"https:\\\/\\\/diariofemenino.com.ar\\\/df\\\/\",\"name\":\"Diario Digital Femenino\",\"description\":\"Cuesti\u00f3n de G\u00e9nero\",\"publisher\":{\"@id\":\"https:\\\/\\\/diariofemenino.com.ar\\\/df\\\/#organization\"},\"potentialAction\":[{\"@type\":\"SearchAction\",\"target\":{\"@type\":\"EntryPoint\",\"urlTemplate\":\"https:\\\/\\\/diariofemenino.com.ar\\\/df\\\/?s={search_term_string}\"},\"query-input\":{\"@type\":\"PropertyValueSpecification\",\"valueRequired\":true,\"valueName\":\"search_term_string\"}}],\"inLanguage\":\"es\"},{\"@type\":\"Organization\",\"@id\":\"https:\\\/\\\/diariofemenino.com.ar\\\/df\\\/#organization\",\"name\":\"Diario Femenino\",\"url\":\"https:\\\/\\\/diariofemenino.com.ar\\\/df\\\/\",\"logo\":{\"@type\":\"ImageObject\",\"inLanguage\":\"es\",\"@id\":\"https:\\\/\\\/diariofemenino.com.ar\\\/df\\\/#\\\/schema\\\/logo\\\/image\\\/\",\"url\":\"https:\\\/\\\/diariofemenino.com.ar\\\/df\\\/wp-content\\\/uploads\\\/2018\\\/10\\\/logo.png\",\"contentUrl\":\"https:\\\/\\\/diariofemenino.com.ar\\\/df\\\/wp-content\\\/uploads\\\/2018\\\/10\\\/logo.png\",\"width\":500,\"height\":92,\"caption\":\"Diario Femenino\"},\"image\":{\"@id\":\"https:\\\/\\\/diariofemenino.com.ar\\\/df\\\/#\\\/schema\\\/logo\\\/image\\\/\"},\"sameAs\":[\"https:\\\/\\\/www.facebook.com\\\/DiarioDigitaFemenino\\\/\",\"https:\\\/\\\/x.com\\\/DiarioFemenino1\"]},{\"@type\":\"Person\",\"@id\":\"https:\\\/\\\/diariofemenino.com.ar\\\/df\\\/#\\\/schema\\\/person\\\/bf6199e8158c657ea6f789b11ec85509\",\"name\":\"Admin\",\"image\":{\"@type\":\"ImageObject\",\"inLanguage\":\"es\",\"@id\":\"https:\\\/\\\/diariofemenino.com.ar\\\/df\\\/wp-content\\\/uploads\\\/2018\\\/12\\\/favicon-150x150.jpg\",\"url\":\"https:\\\/\\\/diariofemenino.com.ar\\\/df\\\/wp-content\\\/uploads\\\/2018\\\/12\\\/favicon-150x150.jpg\",\"contentUrl\":\"https:\\\/\\\/diariofemenino.com.ar\\\/df\\\/wp-content\\\/uploads\\\/2018\\\/12\\\/favicon-150x150.jpg\",\"caption\":\"Admin\"},\"url\":\"https:\\\/\\\/diariofemenino.com.ar\\\/df\\\/author\\\/lenny\\\/\"}]}<\/script>\n<!-- \/ Yoast SEO plugin. -->","yoast_head_json":{"title":"Tiempos disruptivos. Lecturas sobre la centralidad de la pol\u00edtica en los 70 - Diario Digital Femenino","description":"Tiempos disruptivos. Lecturas sobre la centralidad de la pol\u00edtica en los 70. El 17 de agosto, 17.30hs, en la UNLPam - Gil 353, 2\u00b0 piso- Santa Rosa (LP)","robots":{"index":"index","follow":"follow","max-snippet":"max-snippet:-1","max-image-preview":"max-image-preview:large","max-video-preview":"max-video-preview:-1"},"canonical":"https:\/\/diariofemenino.com.ar\/df\/tiempos-disruptivos-lecturas-sobre-la-centralidad-de-la-politica-en-los-70\/","og_locale":"es_ES","og_type":"article","og_title":"Tiempos disruptivos. Lecturas sobre la centralidad de la pol\u00edtica en los 70 - Diario Digital Femenino","og_description":"Tiempos disruptivos. Lecturas sobre la centralidad de la pol\u00edtica en los 70. El 17 de agosto, 17.30hs, en la UNLPam - Gil 353, 2\u00b0 piso- Santa Rosa (LP)","og_url":"https:\/\/diariofemenino.com.ar\/df\/tiempos-disruptivos-lecturas-sobre-la-centralidad-de-la-politica-en-los-70\/","og_site_name":"Diario Digital Femenino","article_publisher":"https:\/\/www.facebook.com\/DiarioDigitaFemenino\/","article_published_time":"2019-08-11T00:01:00+00:00","og_image":[{"width":704,"height":1000,"url":"https:\/\/diariofemenino.com.ar\/df\/wp-content\/uploads\/2019\/08\/TIEMPOS-DISRUPTIVOS.jpg","type":"image\/jpeg"}],"author":"Admin","twitter_card":"summary_large_image","twitter_creator":"@DiarioFemenino1","twitter_site":"@DiarioFemenino1","twitter_misc":{"Escrito por":"Admin","Tiempo de lectura":"6 minutos"},"schema":{"@context":"https:\/\/schema.org","@graph":[{"@type":"Article","@id":"https:\/\/diariofemenino.com.ar\/df\/tiempos-disruptivos-lecturas-sobre-la-centralidad-de-la-politica-en-los-70\/#article","isPartOf":{"@id":"https:\/\/diariofemenino.com.ar\/df\/tiempos-disruptivos-lecturas-sobre-la-centralidad-de-la-politica-en-los-70\/"},"author":{"name":"Admin","@id":"https:\/\/diariofemenino.com.ar\/df\/#\/schema\/person\/bf6199e8158c657ea6f789b11ec85509"},"headline":"Tiempos disruptivos. Lecturas sobre la centralidad de la pol\u00edtica en los 70","datePublished":"2019-08-11T00:01:00+00:00","mainEntityOfPage":{"@id":"https:\/\/diariofemenino.com.ar\/df\/tiempos-disruptivos-lecturas-sobre-la-centralidad-de-la-politica-en-los-70\/"},"wordCount":1274,"commentCount":0,"publisher":{"@id":"https:\/\/diariofemenino.com.ar\/df\/#organization"},"image":{"@id":"https:\/\/diariofemenino.com.ar\/df\/tiempos-disruptivos-lecturas-sobre-la-centralidad-de-la-politica-en-los-70\/#primaryimage"},"thumbnailUrl":"https:\/\/diariofemenino.com.ar\/df\/wp-content\/uploads\/2019\/08\/TIEMPOS-DISRUPTIVOS.jpg","keywords":["Alejandra Ciriza","C\u00e1tedra Libre Ernesto Che Guevara","Facultad de Ciencias Humanas de la UNLPam","Nilda Redondo","Tiempos disruptivos. Lecturas sobre la centralidad de la pol\u00edtica en los 70"],"articleSection":["Actividades","Biblioteca Virtual","Mujeres de La Pampa","Mujeres en Palabras"],"inLanguage":"es","potentialAction":[{"@type":"CommentAction","name":"Comment","target":["https:\/\/diariofemenino.com.ar\/df\/tiempos-disruptivos-lecturas-sobre-la-centralidad-de-la-politica-en-los-70\/#respond"]}]},{"@type":"WebPage","@id":"https:\/\/diariofemenino.com.ar\/df\/tiempos-disruptivos-lecturas-sobre-la-centralidad-de-la-politica-en-los-70\/","url":"https:\/\/diariofemenino.com.ar\/df\/tiempos-disruptivos-lecturas-sobre-la-centralidad-de-la-politica-en-los-70\/","name":"Tiempos disruptivos. Lecturas sobre la centralidad de la pol\u00edtica en los 70 - Diario Digital Femenino","isPartOf":{"@id":"https:\/\/diariofemenino.com.ar\/df\/#website"},"primaryImageOfPage":{"@id":"https:\/\/diariofemenino.com.ar\/df\/tiempos-disruptivos-lecturas-sobre-la-centralidad-de-la-politica-en-los-70\/#primaryimage"},"image":{"@id":"https:\/\/diariofemenino.com.ar\/df\/tiempos-disruptivos-lecturas-sobre-la-centralidad-de-la-politica-en-los-70\/#primaryimage"},"thumbnailUrl":"https:\/\/diariofemenino.com.ar\/df\/wp-content\/uploads\/2019\/08\/TIEMPOS-DISRUPTIVOS.jpg","datePublished":"2019-08-11T00:01:00+00:00","description":"Tiempos disruptivos. Lecturas sobre la centralidad de la pol\u00edtica en los 70. El 17 de agosto, 17.30hs, en la UNLPam - Gil 353, 2\u00b0 piso- Santa Rosa (LP)","breadcrumb":{"@id":"https:\/\/diariofemenino.com.ar\/df\/tiempos-disruptivos-lecturas-sobre-la-centralidad-de-la-politica-en-los-70\/#breadcrumb"},"inLanguage":"es","potentialAction":[{"@type":"ReadAction","target":["https:\/\/diariofemenino.com.ar\/df\/tiempos-disruptivos-lecturas-sobre-la-centralidad-de-la-politica-en-los-70\/"]}]},{"@type":"ImageObject","inLanguage":"es","@id":"https:\/\/diariofemenino.com.ar\/df\/tiempos-disruptivos-lecturas-sobre-la-centralidad-de-la-politica-en-los-70\/#primaryimage","url":"https:\/\/diariofemenino.com.ar\/df\/wp-content\/uploads\/2019\/08\/TIEMPOS-DISRUPTIVOS.jpg","contentUrl":"https:\/\/diariofemenino.com.ar\/df\/wp-content\/uploads\/2019\/08\/TIEMPOS-DISRUPTIVOS.jpg","width":704,"height":1000,"caption":"Tiempos disruptivos. Lecturas sobre la centralidad de la pol\u00edtica en los 70"},{"@type":"BreadcrumbList","@id":"https:\/\/diariofemenino.com.ar\/df\/tiempos-disruptivos-lecturas-sobre-la-centralidad-de-la-politica-en-los-70\/#breadcrumb","itemListElement":[{"@type":"ListItem","position":1,"name":"Portada","item":"https:\/\/diariofemenino.com.ar\/df\/"},{"@type":"ListItem","position":2,"name":"Tiempos disruptivos. Lecturas sobre la centralidad de la pol\u00edtica en los 70"}]},{"@type":"WebSite","@id":"https:\/\/diariofemenino.com.ar\/df\/#website","url":"https:\/\/diariofemenino.com.ar\/df\/","name":"Diario Digital Femenino","description":"Cuesti\u00f3n de G\u00e9nero","publisher":{"@id":"https:\/\/diariofemenino.com.ar\/df\/#organization"},"potentialAction":[{"@type":"SearchAction","target":{"@type":"EntryPoint","urlTemplate":"https:\/\/diariofemenino.com.ar\/df\/?s={search_term_string}"},"query-input":{"@type":"PropertyValueSpecification","valueRequired":true,"valueName":"search_term_string"}}],"inLanguage":"es"},{"@type":"Organization","@id":"https:\/\/diariofemenino.com.ar\/df\/#organization","name":"Diario Femenino","url":"https:\/\/diariofemenino.com.ar\/df\/","logo":{"@type":"ImageObject","inLanguage":"es","@id":"https:\/\/diariofemenino.com.ar\/df\/#\/schema\/logo\/image\/","url":"https:\/\/diariofemenino.com.ar\/df\/wp-content\/uploads\/2018\/10\/logo.png","contentUrl":"https:\/\/diariofemenino.com.ar\/df\/wp-content\/uploads\/2018\/10\/logo.png","width":500,"height":92,"caption":"Diario Femenino"},"image":{"@id":"https:\/\/diariofemenino.com.ar\/df\/#\/schema\/logo\/image\/"},"sameAs":["https:\/\/www.facebook.com\/DiarioDigitaFemenino\/","https:\/\/x.com\/DiarioFemenino1"]},{"@type":"Person","@id":"https:\/\/diariofemenino.com.ar\/df\/#\/schema\/person\/bf6199e8158c657ea6f789b11ec85509","name":"Admin","image":{"@type":"ImageObject","inLanguage":"es","@id":"https:\/\/diariofemenino.com.ar\/df\/wp-content\/uploads\/2018\/12\/favicon-150x150.jpg","url":"https:\/\/diariofemenino.com.ar\/df\/wp-content\/uploads\/2018\/12\/favicon-150x150.jpg","contentUrl":"https:\/\/diariofemenino.com.ar\/df\/wp-content\/uploads\/2018\/12\/favicon-150x150.jpg","caption":"Admin"},"url":"https:\/\/diariofemenino.com.ar\/df\/author\/lenny\/"}]}},"jetpack_featured_media_url":"https:\/\/diariofemenino.com.ar\/df\/wp-content\/uploads\/2019\/08\/TIEMPOS-DISRUPTIVOS.jpg","jetpack_sharing_enabled":true,"rttpg_featured_image_url":{"full":["https:\/\/diariofemenino.com.ar\/df\/wp-content\/uploads\/2019\/08\/TIEMPOS-DISRUPTIVOS.jpg",704,1000,false],"landscape":["https:\/\/diariofemenino.com.ar\/df\/wp-content\/uploads\/2019\/08\/TIEMPOS-DISRUPTIVOS.jpg",704,1000,false],"portraits":["https:\/\/diariofemenino.com.ar\/df\/wp-content\/uploads\/2019\/08\/TIEMPOS-DISRUPTIVOS.jpg",704,1000,false],"thumbnail":["https:\/\/diariofemenino.com.ar\/df\/wp-content\/uploads\/2019\/08\/TIEMPOS-DISRUPTIVOS-150x150.jpg",150,150,true],"medium":["https:\/\/diariofemenino.com.ar\/df\/wp-content\/uploads\/2019\/08\/TIEMPOS-DISRUPTIVOS-211x300.jpg",211,300,true],"large":["https:\/\/diariofemenino.com.ar\/df\/wp-content\/uploads\/2019\/08\/TIEMPOS-DISRUPTIVOS.jpg",704,1000,false],"1536x1536":["https:\/\/diariofemenino.com.ar\/df\/wp-content\/uploads\/2019\/08\/TIEMPOS-DISRUPTIVOS.jpg",704,1000,false],"2048x2048":["https:\/\/diariofemenino.com.ar\/df\/wp-content\/uploads\/2019\/08\/TIEMPOS-DISRUPTIVOS.jpg",704,1000,false]},"rttpg_author":{"display_name":"Admin","author_link":"https:\/\/diariofemenino.com.ar\/df\/author\/lenny\/"},"rttpg_comment":0,"rttpg_category":"<a href=\"https:\/\/diariofemenino.com.ar\/df\/category\/actividades\/\" rel=\"category tag\">Actividades<\/a> <a href=\"https:\/\/diariofemenino.com.ar\/df\/category\/biblioteca\/\" rel=\"category tag\">Biblioteca Virtual<\/a> <a href=\"https:\/\/diariofemenino.com.ar\/df\/category\/mujeres-de-la-pampa\/\" rel=\"category tag\">Mujeres de La Pampa<\/a> <a href=\"https:\/\/diariofemenino.com.ar\/df\/category\/articulos\/\" rel=\"category tag\">Mujeres en Palabras<\/a>","rttpg_excerpt":"C\u00c1TEDRA LIBRE EXTRACURRICULAR \u201cERNESTO CHE GUEVARA\u201d FACULTAD DE CIENCIAS HUMANAS \/ UNLPam El s\u00e1bado 17 de Agosto a las 17.30hs, en el Sal\u00f3n del Consejo Directivo de la Facultad de Ciencias Humanas de la UNLPam -sito en Gil 353, 2\u00b0 piso Santa Rosa (LP)-, la C\u00e1tedra Libre Ernesto Che Guevara realizar\u00e1 una nueva actividad. En&hellip;","_links":{"self":[{"href":"https:\/\/diariofemenino.com.ar\/df\/wp-json\/wp\/v2\/posts\/39566","targetHints":{"allow":["GET"]}}],"collection":[{"href":"https:\/\/diariofemenino.com.ar\/df\/wp-json\/wp\/v2\/posts"}],"about":[{"href":"https:\/\/diariofemenino.com.ar\/df\/wp-json\/wp\/v2\/types\/post"}],"author":[{"embeddable":true,"href":"https:\/\/diariofemenino.com.ar\/df\/wp-json\/wp\/v2\/users\/4"}],"replies":[{"embeddable":true,"href":"https:\/\/diariofemenino.com.ar\/df\/wp-json\/wp\/v2\/comments?post=39566"}],"version-history":[{"count":0,"href":"https:\/\/diariofemenino.com.ar\/df\/wp-json\/wp\/v2\/posts\/39566\/revisions"}],"wp:featuredmedia":[{"embeddable":true,"href":"https:\/\/diariofemenino.com.ar\/df\/wp-json\/wp\/v2\/media\/39568"}],"wp:attachment":[{"href":"https:\/\/diariofemenino.com.ar\/df\/wp-json\/wp\/v2\/media?parent=39566"}],"wp:term":[{"taxonomy":"category","embeddable":true,"href":"https:\/\/diariofemenino.com.ar\/df\/wp-json\/wp\/v2\/categories?post=39566"},{"taxonomy":"post_tag","embeddable":true,"href":"https:\/\/diariofemenino.com.ar\/df\/wp-json\/wp\/v2\/tags?post=39566"}],"curies":[{"name":"wp","href":"https:\/\/api.w.org\/{rel}","templated":true}]}}