{"id":39276,"date":"2019-08-03T21:41:45","date_gmt":"2019-08-04T00:41:45","guid":{"rendered":"https:\/\/diariofemenino.com.ar\/?p=39276"},"modified":"2019-08-03T21:41:45","modified_gmt":"2019-08-04T00:41:45","slug":"mi-viejo-es-ahora-una-mujer-trans","status":"publish","type":"post","link":"https:\/\/diariofemenino.com.ar\/df\/mi-viejo-es-ahora-una-mujer-trans\/","title":{"rendered":"\u201cMi viejo es ahora una mujer trans\u201d: la historia del hijo adolescente que acompa\u00f1\u00f3 la transici\u00f3n de su pap\u00e1"},"content":{"rendered":"<p style=\"text-align: left;\"><strong>Mi viejo es ahora una mujer trans<\/strong><\/p>\n<p><strong>Hace cuatro meses, su pap\u00e1 le dijo: \u00abAhora soy esta que ves\u00bb. Francisco, que va al secundario, le contest\u00f3: \u00abS\u00e9 feliz\u00bb. Desde ese momento, el hijo empez\u00f3 a tratar a su padre de \u00abella\u00bb. Una nueva edici\u00f3n de #VidasTrans<\/strong><\/p>\n<div class=\"byline-firstline\">\n<div class=\"byline-author\">Por\u00a0<a class=\"author-name\" href=\"https:\/\/www.infobae.com\/autor\/gisele-sousa-dias\/\" rel=\"author\">Gisele Sousa Dias<\/a><\/div>\n<p>gsousa@infobae.com<\/p><\/div>\n<div><\/div>\n<div>\n<div class=\"row pb-content-type-text\">\n<div class=\"col-xs-12 col-print-12\">\n<p class=\"element element-paragraph\">Marian L\u00f3pez Reta tiene 53 a\u00f1os, el mate en una mano y la pava en la otra. Le toca volver a cebar pero<strong>\u00a0pierde el ritmo cuando sonr\u00ede y se\u00f1ala con la mirada la arcada de ladrillos<\/strong>, en el living de su casa quinta, en Tortuguitas.<\/p>\n<\/div>\n<\/div>\n<div class=\"row pb-content-type-text\">\n<div class=\"col-xs-12 col-print-12\">\n<p class=\"element element-paragraph\">Por ah\u00ed va a aparecer vestida de largo a fin de mes, cuando celebre su\u00a0<strong>cumplea\u00f1os n\u00famero 54<\/strong>. Van a recibirla m\u00e1s de 40 invitados: sus amigas y amigos, algunos familiares, su novio y\u00a0<strong>su hijo adolescente<\/strong>, que acaba de llegar de la panader\u00eda con alfajorcitos de maicena. Hace menos de cuatro meses que Marian comenz\u00f3 su transici\u00f3n, despu\u00e9s de\u00a0<strong>d\u00e9cadas de haberse tragado el secreto<\/strong>. Va a ser su fiesta de cumplea\u00f1os pero ella no la llama as\u00ed:\u00a0<strong>\u00abmi fiesta de renacimiento\u00bb<\/strong>, le dice.<\/p>\n<\/div>\n<\/div>\n<div class=\"row pb-content-type-image\">\n<figure class=\"element element-image col-xs-12\">\n<div class=\"single-image\">\n<div class=\"shares\">\n<div class=\"share-button facebook\" data-url=\"https:\/\/www.infobae.com\/historias\/2019\/08\/03\/mi-viejo-es-ahora-una-mujer-trans-la-historia-del-hijo-adolescente-que-acompano-la-transicion-de-su-papa\/%23ONYGHNEXCBBBNP4CNMDBE6BNDQ\" data-original=\"https:\/\/s3.amazonaws.com\/arc-wordpress-client-uploads\/infobae-wp\/wp-content\/uploads\/2019\/07\/30154750\/Marian-Lopez-Reta-3.jpg\"><\/div>\n<\/div>\n<p><img decoding=\"async\" id=\"ONYGHNEXCBBBNP4CNMDBE6BNDQ\" class=\"image-lazy\" src=\"https:\/\/www.infobae.com\/new-resizer\/PBoVN0_JpQp1J9LqofwuVxO25k0=\/750x0\/filters:quality(100)\/s3.amazonaws.com\/arc-wordpress-client-uploads\/infobae-wp\/wp-content\/uploads\/2019\/07\/30154750\/Marian-Lopez-Reta-3.jpg\" alt=\"Marian se autodefine con una mujer trans pero su rol de g\u00e9nero es el de siempre: es el padre de su hijo\" width=\"750\" height=\"421.875\" data-url=\"https:\/\/www.infobae.com\/historias\/2019\/08\/03\/mi-viejo-es-ahora-una-mujer-trans-la-historia-del-hijo-adolescente-que-acompano-la-transicion-de-su-papa\/%23ONYGHNEXCBBBNP4CNMDBE6BNDQ\" data-original=\"https:\/\/www.infobae.com\/new-resizer\/PBoVN0_JpQp1J9LqofwuVxO25k0=\/750x0\/filters:quality(100)\/s3.amazonaws.com\/arc-wordpress-client-uploads\/infobae-wp\/wp-content\/uploads\/2019\/07\/30154750\/Marian-Lopez-Reta-3.jpg\" \/><\/div><figcaption class=\"\"><span class=\"credit\">Marian se autodefine con una mujer trans pero su rol de g\u00e9nero es el de siempre: es el padre de su hijo<\/span><\/figcaption><\/figure>\n<\/div>\n<div class=\"row pb-content-type-text\">\n<div class=\"col-xs-12 col-print-12\">\n<p class=\"element element-paragraph\">Ahora que al fin pudo <a href=\"https:\/\/diariofemenino.com.ar\/\">ponerle nombre<\/a> a lo que le pasaba,<strong>\u00a0puede mirar hacia atr\u00e1s en su biograf\u00eda<\/strong>\u00a0y atar cabos: un nene de 4, 5 a\u00f1os que miraba a su mam\u00e1 y a su hermana maquillarse y sent\u00eda \u00abangustia, un\u00a0<strong>deseo<\/strong>\u00a0enorme de estar en el lugar de ellas\u00bb. Un nene que, cuando se quedaba solo, hac\u00eda menjunjes con harina, huevo y shampoo y se los untaba por el pelo, tratando de te\u00f1irse como lo hac\u00edan ellas.<\/p>\n<\/div>\n<\/div>\n<div class=\"row pb-content-type-text\">\n<div id=\"\" class=\"wrapper clearfix pb-feature pb-layout-item pb-f-ads-dfp left-align\">\n<div id=\"inline\" class=\"ad-slot\">Marian\u00a0<strong>no fue adolescente en cualquier \u00e9poca sino a fines de la d\u00e9cada del 70.<\/strong>\u00a0Un var\u00f3n m\u00e1s del Mariano Acosta, cuando todav\u00eda era<strong>\u00a0un colegio\u00a0que no admit\u00eda mujeres.\u00a0<\/strong>La adolescencia lleg\u00f3 con \u00abataques de llanto y crisis de angustia inmanejables\u00bb.<\/div>\n<\/div>\n<\/div>\n<div class=\"row pb-content-type-text\">\n<div class=\"col-xs-12 col-print-12\">\n<p class=\"element element-paragraph\">El punto de quiebre fue cuando ten\u00eda 13 a\u00f1os y escuch\u00f3 a su mam\u00e1 susurrar en la cocina:\u00a0<em>\u00abEn unos meses Marianito va a empezar a salir con chicas y todo esto se le va a pasar\u00bb,\u00a0<\/em>asegur\u00f3.\u00a0<strong>Pasaron exactamente 40 a\u00f1os de la frase<\/strong>\u00a0y, apenas Marian la repite, tiene que hacer un esfuerzo por armarle un muro de contenci\u00f3n al llanto.<\/p>\n<\/div>\n<\/div>\n<div class=\"row pb-content-type-text\">\n<div class=\"col-xs-12 col-print-12\">\n<p class=\"element element-paragraph\"><strong>\u2014 \u00bfQu\u00e9 te pas\u00f3 con eso que tu mam\u00e1 dijo?<\/strong><\/p>\n<\/div>\n<\/div>\n<div class=\"row pb-content-type-text\">\n<div class=\"col-xs-12 col-print-12\">\n<p class=\"element element-paragraph\">\u2014 Tom\u00e9 conciencia plena de que\u00a0<strong>nunca me iban a dejar ser yo<\/strong>. Fue como escuchar al juez dictarle\u00a0<strong>cadena perpetua<\/strong>\u00a0al inocente.<\/p>\n<\/div>\n<\/div>\n<div class=\"row pb-content-type-text\">\n<div class=\"col-xs-12 col-print-12\">\n<p class=\"element element-paragraph\"><strong>La construcci\u00f3n del que no era<\/strong><\/p>\n<\/div>\n<\/div>\n<div class=\"row pb-content-type-image\">\n<figure class=\"element element-image col-xs-12\">\n<div class=\"single-image\">\n<div class=\"shares\">\n<div class=\"share-button facebook\" data-url=\"https:\/\/www.infobae.com\/historias\/2019\/08\/03\/mi-viejo-es-ahora-una-mujer-trans-la-historia-del-hijo-adolescente-que-acompano-la-transicion-de-su-papa\/%23PLPFFWYZVJD75I3II4UIJWBWXI\" data-original=\"https:\/\/s3.amazonaws.com\/arc-wordpress-client-uploads\/infobae-wp\/wp-content\/uploads\/2019\/07\/30155012\/Marian-Lopez-Reta-20.jpg\"><\/div>\n<\/div>\n<p><img decoding=\"async\" id=\"PLPFFWYZVJD75I3II4UIJWBWXI\" class=\"image-lazy\" src=\"https:\/\/www.infobae.com\/new-resizer\/lFBtq82plw4bojVKqCQB-CoiFWA=\/750x0\/filters:quality(100)\/s3.amazonaws.com\/arc-wordpress-client-uploads\/infobae-wp\/wp-content\/uploads\/2019\/07\/30155012\/Marian-Lopez-Reta-20.jpg\" alt=\"Cuando sali\u00f3 de la \u201ccadena perpetua\u201d pudo definir su orientaci\u00f3n sexual. Luego, su identidad de g\u00e9nero\" width=\"750\" height=\"421.875\" data-url=\"https:\/\/www.infobae.com\/historias\/2019\/08\/03\/mi-viejo-es-ahora-una-mujer-trans-la-historia-del-hijo-adolescente-que-acompano-la-transicion-de-su-papa\/%23PLPFFWYZVJD75I3II4UIJWBWXI\" data-original=\"https:\/\/www.infobae.com\/new-resizer\/lFBtq82plw4bojVKqCQB-CoiFWA=\/750x0\/filters:quality(100)\/s3.amazonaws.com\/arc-wordpress-client-uploads\/infobae-wp\/wp-content\/uploads\/2019\/07\/30155012\/Marian-Lopez-Reta-20.jpg\" \/><\/div><figcaption class=\"\"><span class=\"credit\">Cuando sali\u00f3 de la \u201ccadena perpetua\u201d pudo definir su orientaci\u00f3n sexual. Luego, su identidad de g\u00e9nero<\/span><\/figcaption><\/figure>\n<\/div>\n<div class=\"row pb-content-type-text\">\n<div class=\"col-xs-12 col-print-12\">\n<p class=\"element element-paragraph\">\u00abA partir de ese momento empec\u00e9 a construir un Mariano,\u00a0<strong>el Mariano que quer\u00edan ver\u00bb<\/strong>, sigue. El personaje tuvo consecuencias directas en su <a href=\"https:\/\/diariofemenino.com.ar\/guia-para-el-tratamiento-de-identidades-de-generos-orientacion-sexual-e-intersexualidad\/\">personalidad<\/a>: era un adolescente inmaduro, se llevaba todas las materias, quedaba libre con facilidad.<\/p>\n<\/div>\n<\/div>\n<div class=\"row pb-content-type-text\">\n<div class=\"col-xs-12 col-print-12\">\n<p class=\"element element-paragraph\"><strong>Se mentaliz\u00f3 de que \u00abera un var\u00f3n heterosexual\u00bb<\/strong>, empez\u00f3 a salir con mujeres, se puso de novio con una de ellas,\u00a0<strong>se casaron, estuvieron 17 a\u00f1os en pareja, tuvieron dos hijos.<\/strong><\/p>\n<\/div>\n<\/div>\n<div class=\"row pb-content-type-text\">\n<div class=\"col-xs-12 col-print-12\">\n<p class=\"element element-paragraph\"><strong>Al secreto se lo trag\u00f3, literalmente, porque estando casado lleg\u00f3 a pesar 185 kilos.<\/strong>\u00abDesde la adolescencia sent\u00ed una disociaci\u00f3n entre lo que el espejo reflejaba y lo que yo era. Ese que ve\u00eda no era yo, ni el hombre ni el que ten\u00eda ese cuerpo\u00bb, sigue.<\/p>\n<\/div>\n<\/div>\n<div class=\"row pb-content-type-text\">\n<div class=\"col-xs-12 col-print-12\">\n<p class=\"element element-paragraph\">Ten\u00eda 42 a\u00f1os cuando un hombre le habl\u00f3 a trav\u00e9s de un chat de citas,\u00a0Marian pens\u00f3 que hab\u00eda llegado el momento de sacarse las dudas y\u00a0<strong>mantuvo una relaci\u00f3n gay por primera vez.\u00a0<\/strong>\u00abReci\u00e9n ah\u00ed, cuando empiezo a preguntarme &#8216;\u00bfy \u00e9sto d\u00f3nde estaba?&#8217;, empezaron a aflorar todos estos recuerdos que ten\u00eda\u00a0<strong>sepultados<\/strong>\u00ab.<\/p>\n<\/div>\n<\/div>\n<div class=\"row pb-content-type-image\">\n<figure class=\"element element-image col-xs-12\">\n<div class=\"single-image\">\n<div class=\"shares\">\n<div class=\"share-button facebook\" data-url=\"https:\/\/www.infobae.com\/historias\/2019\/08\/03\/mi-viejo-es-ahora-una-mujer-trans-la-historia-del-hijo-adolescente-que-acompano-la-transicion-de-su-papa\/%23B5XX3J67NJEEJHPCKVAAXEBRV4\" data-original=\"https:\/\/s3.amazonaws.com\/arc-wordpress-client-uploads\/infobae-wp\/wp-content\/uploads\/2019\/07\/30154949\/Marian-Lopez-Reta-17.jpg\"><\/div>\n<\/div>\n<p><img decoding=\"async\" id=\"B5XX3J67NJEEJHPCKVAAXEBRV4\" class=\"image-lazy\" src=\"https:\/\/www.infobae.com\/new-resizer\/7-v6W0lBOpQ6-BLHA-d6u_o1Tso=\/750x0\/filters:quality(100)\/s3.amazonaws.com\/arc-wordpress-client-uploads\/infobae-wp\/wp-content\/uploads\/2019\/07\/30154949\/Marian-Lopez-Reta-17.jpg\" alt=\"Marian se maquilla para las fotos de Infobae. Tiene 53 a\u00f1os y reci\u00e9n hace cuatro meses se anim\u00f3 a mostrarse como se siente\" width=\"750\" height=\"421.875\" data-url=\"https:\/\/www.infobae.com\/historias\/2019\/08\/03\/mi-viejo-es-ahora-una-mujer-trans-la-historia-del-hijo-adolescente-que-acompano-la-transicion-de-su-papa\/%23B5XX3J67NJEEJHPCKVAAXEBRV4\" data-original=\"https:\/\/www.infobae.com\/new-resizer\/7-v6W0lBOpQ6-BLHA-d6u_o1Tso=\/750x0\/filters:quality(100)\/s3.amazonaws.com\/arc-wordpress-client-uploads\/infobae-wp\/wp-content\/uploads\/2019\/07\/30154949\/Marian-Lopez-Reta-17.jpg\" \/><\/div><figcaption class=\"\"><span class=\"credit\">Marian se maquilla para las fotos de Infobae. Tiene 53 a\u00f1os y reci\u00e9n hace cuatro meses se anim\u00f3 a mostrarse como se siente<\/span><\/figcaption><\/figure>\n<\/div>\n<div class=\"row pb-content-type-text\">\n<div class=\"col-xs-12 col-print-12\">\n<p class=\"element element-paragraph\"><strong>Se divorci\u00f3 y hace siete a\u00f1os que est\u00e1 en pareja con Mat\u00edas<\/strong>, un joven que trabaja como empleado de seguridad en una planta industrial mientras cursa el profesorado de matem\u00e1ticas.<\/p>\n<\/div>\n<\/div>\n<div class=\"row pb-content-type-text\">\n<div class=\"col-xs-12 col-print-12\">\n<p class=\"element element-paragraph\"><strong>Francisco, el menor de los dos hijos de Marian, ten\u00eda 9 a\u00f1os cuando le dijeron la verdad<\/strong>: que su pap\u00e1 se hab\u00eda dado cuenta de que su orientaci\u00f3n sexual\u00a0no era heterosexual y que hab\u00eda empezado a vivir una vida de hombre gay.\u00a0Quien responde ahora es Francisco, que acaba de cumplir 19 a\u00f1os y de salir oficialmente de la adolescencia.<\/p>\n<\/div>\n<\/div>\n<div class=\"row pb-content-type-text\">\n<div class=\"col-xs-12 col-print-12\">\n<p class=\"element element-paragraph\"><strong>\u2014\u00bfQu\u00e9 te pas\u00f3 cuando te contaron que tu pap\u00e1 era gay?<\/strong><\/p>\n<\/div>\n<\/div>\n<div class=\"row pb-content-type-text\">\n<div class=\"col-xs-12 col-print-12\">\n<p class=\"element element-paragraph\">\u2014A m\u00ed no me daba miedo ni ning\u00fan sentimiento malo, por as\u00ed decirlo. Pero s\u00ed es verdad que las cargadas en el colegio jugaban un poco en contra. No por m\u00ed, yo no iba a pensar distinto, pero cuando me dec\u00edan \u00abah, tu pap\u00e1 es gay, de tal palo tal astilla\u00bb,\u00a0<strong>lo que me hac\u00eda sufrir es que lo dec\u00edan como una especie de insulto.<\/strong><\/p>\n<\/div>\n<\/div>\n<div class=\"row pb-content-type-text\">\n<div class=\"col-xs-12 col-print-12\">\n<p class=\"element element-paragraph\"><strong>\u2014 \u00bfTe dol\u00eda eso que te dec\u00edan?<\/strong><\/p>\n<\/div>\n<\/div>\n<div class=\"row pb-content-type-text\">\n<div class=\"col-xs-12 col-print-12\">\n<p class=\"element element-paragraph\">\u2014 Te repito,\u00a0<strong>no es que me dol\u00eda que mi pap\u00e1 fuera gay<\/strong>, me dol\u00eda que un amigo de toda la vida, con el que jugada a la pelota desde el jard\u00edn, tuviera ganas de agredirme.<\/p>\n<\/div>\n<\/div>\n<div class=\"row pb-content-type-image\">\n<figure class=\"element element-image col-xs-12\">\n<div class=\"single-image\">\n<div class=\"shares\">\n<div class=\"share-button facebook\" data-url=\"https:\/\/www.infobae.com\/historias\/2019\/08\/03\/mi-viejo-es-ahora-una-mujer-trans-la-historia-del-hijo-adolescente-que-acompano-la-transicion-de-su-papa\/%23CUZQKASZ6BGOJA3NAVQDDBP7MU\" data-original=\"https:\/\/s3.amazonaws.com\/arc-wordpress-client-uploads\/infobae-wp\/wp-content\/uploads\/2019\/07\/30154807\/Marian-Lopez-Reta-5.jpg\"><\/div>\n<\/div>\n<p><img decoding=\"async\" id=\"CUZQKASZ6BGOJA3NAVQDDBP7MU\" class=\"image-lazy\" src=\"https:\/\/www.infobae.com\/new-resizer\/TtyP7tT5S3nIa5d9VDnO9sw2j20=\/750x0\/filters:quality(100)\/s3.amazonaws.com\/arc-wordpress-client-uploads\/infobae-wp\/wp-content\/uploads\/2019\/07\/30154807\/Marian-Lopez-Reta-5.jpg\" alt=\"\u201cFran\u201d y pap\u00e1: dice que sufri\u00f3 bullying pero que sab\u00eda que lo importante es que su pap\u00e1 hiciera lo que sintiera y fuera feliz\" width=\"750\" height=\"421.875\" data-url=\"https:\/\/www.infobae.com\/historias\/2019\/08\/03\/mi-viejo-es-ahora-una-mujer-trans-la-historia-del-hijo-adolescente-que-acompano-la-transicion-de-su-papa\/%23CUZQKASZ6BGOJA3NAVQDDBP7MU\" data-original=\"https:\/\/www.infobae.com\/new-resizer\/TtyP7tT5S3nIa5d9VDnO9sw2j20=\/750x0\/filters:quality(100)\/s3.amazonaws.com\/arc-wordpress-client-uploads\/infobae-wp\/wp-content\/uploads\/2019\/07\/30154807\/Marian-Lopez-Reta-5.jpg\" \/><\/div><figcaption class=\"\"><span class=\"credit\">\u201cFran\u201d y pap\u00e1: dice que sufri\u00f3 bullying pero que sab\u00eda que lo importante es que su pap\u00e1 hiciera lo que sintiera y fuera feliz<\/span><\/figcaption><\/figure>\n<\/div>\n<div class=\"row pb-content-type-text\">\n<div class=\"col-xs-12 col-print-12\">\n<p class=\"element element-paragraph\">Su pap\u00e1 hab\u00eda logrado echar luz sobre su orientaci\u00f3n sexual,\u00a0<strong>la primera parte del famoso secreto<\/strong>. Pero hab\u00eda otro aspecto todav\u00eda oculto, que ten\u00eda que ver con su identidad de g\u00e9nero.<\/p>\n<\/div>\n<\/div>\n<div class=\"row pb-content-type-text\">\n<div class=\"col-xs-12 col-print-12\">\n<p class=\"element element-paragraph\"><strong>De Mariano a Marian<\/strong><\/p>\n<\/div>\n<\/div>\n<div class=\"row pb-content-type-text\">\n<div class=\"col-xs-12 col-print-12\">\n<p class=\"element element-paragraph\">Marian hab\u00eda logrado contarle a su pareja que le gustaba usar ropa de mujer en la intimidad y a Mat\u00edas no s\u00f3lo no le molest\u00f3 sino que\u00a0<strong>us\u00f3 el dato para tirar de la cuerda.<\/strong>\u00a0Le pregunt\u00f3 si quer\u00eda que empezara a tratarla con\u00a0<strong>pronombres femeninos<\/strong>\u00a0cuando nadie los escuchara: decirle ella y no \u00e9l. Marian acept\u00f3 y dio el primer paso.<\/p>\n<\/div>\n<\/div>\n<div class=\"row pb-content-type-text\">\n<div class=\"col-xs-12 col-print-12\">\n<p class=\"element element-paragraph\">No fue -nunca lo es- algo de un d\u00eda para el otro. Mientras afloraba esto en su vida privada, Marian, que es sonidista en recitales de rock,\u00a0<strong>sosten\u00eda su imagen de \u00abviejo rockero\u00bb<\/strong>, tipo Lito Nebbia: barba gris, remera negra sin mangas, boina.<\/p>\n<\/div>\n<\/div>\n<div class=\"row pb-content-type-image\">\n<figure class=\"element element-image col-xs-12\">\n<div class=\"single-image\">\n<div class=\"shares\">\n<div class=\"share-button facebook\" data-url=\"https:\/\/www.infobae.com\/historias\/2019\/08\/03\/mi-viejo-es-ahora-una-mujer-trans-la-historia-del-hijo-adolescente-que-acompano-la-transicion-de-su-papa\/%23EKZNQE6WFFCWNJNUCNIU47NUGI\" data-original=\"https:\/\/s3.amazonaws.com\/arc-wordpress-client-uploads\/infobae-wp\/wp-content\/uploads\/2019\/08\/02100630\/Marian-Lopez-Reta.jpg\"><\/div>\n<\/div>\n<p><img decoding=\"async\" id=\"EKZNQE6WFFCWNJNUCNIU47NUGI\" class=\"image-lazy\" src=\"https:\/\/www.infobae.com\/new-resizer\/_hRnsv6d46ejPw-kEaOeVXGbWvE=\/750x0\/filters:quality(100)\/s3.amazonaws.com\/arc-wordpress-client-uploads\/infobae-wp\/wp-content\/uploads\/2019\/08\/02100630\/Marian-Lopez-Reta.jpg\" alt=\"Antes de la transici\u00f3n, junto a su hijo, con quien vive.\" width=\"750\" height=\"421.875\" data-url=\"https:\/\/www.infobae.com\/historias\/2019\/08\/03\/mi-viejo-es-ahora-una-mujer-trans-la-historia-del-hijo-adolescente-que-acompano-la-transicion-de-su-papa\/%23EKZNQE6WFFCWNJNUCNIU47NUGI\" data-original=\"https:\/\/www.infobae.com\/new-resizer\/_hRnsv6d46ejPw-kEaOeVXGbWvE=\/750x0\/filters:quality(100)\/s3.amazonaws.com\/arc-wordpress-client-uploads\/infobae-wp\/wp-content\/uploads\/2019\/08\/02100630\/Marian-Lopez-Reta.jpg\" \/><\/div><figcaption class=\"\"><span class=\"credit\">Antes de la transici\u00f3n, junto a su hijo, con quien vive.<\/span><\/figcaption><\/figure>\n<\/div>\n<div class=\"row pb-content-type-text\">\n<div class=\"col-xs-12 col-print-12\">\n<p class=\"element element-paragraph\">\u00abNo me animaba a hacer la transici\u00f3n. Dec\u00eda &#8216;no, por el laburo&#8217;,\u00a0<strong>&#8216;no, por mis hijos&#8217;<\/strong>, &#8216;no, por los vecinos&#8217;. Y un dije me dije: &#8216;\u00bfA qui\u00e9n carajo estoy enga\u00f1ando ahora?'\u00bb.<\/p>\n<\/div>\n<\/div>\n<div class=\"row pb-content-type-text\">\n<div class=\"col-xs-12 col-print-12\">\n<p class=\"element element-paragraph\">Fue hace casi cuatro meses: Francisco, su hijo menor, ten\u00eda 18 a\u00f1os, iba al secundario y ya viv\u00eda en esta misma casa.\u00a0Cuando se lo dijo, estaban sentados alrededor de esta misma mesa. El padre hab\u00eda empezado a ponerse algo de base y corrector de ojeras, calzas, pa\u00f1uelos en el pelo.<\/p>\n<\/div>\n<\/div>\n<div class=\"row pb-content-type-text\">\n<div class=\"col-xs-12 col-print-12\">\n<p class=\"element element-paragraph\">\u00abLe dije &#8216;bueno hijo, habr\u00e1s notado ciertos cambios\u2026\u00bb, cuenta Marian, y con el relato recupera los nervios de aquel momento.\u00a0\u00abLo que quiero decirte es que\u00a0<strong>ahora soy \u00e9sta y voy a seguir por este camino<\/strong>\u00ab.\u00a0La respuesta de su hijo todav\u00eda la emociona:\u00a0\u00abMe contest\u00f3: &#8216;Hac\u00e9 lo que quieras,\u00a0<strong>s\u00e9 feliz<\/strong>&#8216;\u00bb.<\/p>\n<\/div>\n<\/div>\n<div class=\"row pb-content-type-text\">\n<div class=\"col-xs-12 col-print-12\">\n<p class=\"element element-paragraph\">Despu\u00e9s, el hijo agreg\u00f3: \u00abLo \u00fanico que no s\u00e9 es c\u00f3mo te voy a tratar,\u00a0<strong>no se si me va a salir tratarte en femenino<\/strong>\u00ab. El padre respondi\u00f3: \u00abNo importa, tratame como te sientas c\u00f3modo\u00bb. La respuesta a la duda acerca de si pudo o no la tiene Francisco:<\/p>\n<\/div>\n<\/div>\n<div class=\"row pb-content-type-text\">\n<div class=\"col-xs-12 col-print-12\">\n<p class=\"element element-paragraph\">\u2014 Yo cre\u00ed que lo mejor, por respeto, ser\u00eda\u00a0<strong>tratarla como ella quer\u00eda.<\/strong>\u00a0Ella tambi\u00e9n me trata como yo quiero, eh, no es que yo llego a casa y me dice: \u00abAlberto, \u00bfc\u00f3mo and\u00e1s?\u00bb.<\/p>\n<\/div>\n<\/div>\n<div class=\"row pb-content-type-image\">\n<figure class=\"element element-image col-xs-12\">\n<div class=\"single-image\">\n<div class=\"shares\">\n<div class=\"share-button facebook\" data-url=\"https:\/\/www.infobae.com\/historias\/2019\/08\/03\/mi-viejo-es-ahora-una-mujer-trans-la-historia-del-hijo-adolescente-que-acompano-la-transicion-de-su-papa\/%23JXQPYRQ7FVAJFEN2OER77NPTUU\" data-original=\"https:\/\/s3.amazonaws.com\/arc-wordpress-client-uploads\/infobae-wp\/wp-content\/uploads\/2019\/07\/30154923\/Marian-Lopez-Reta-14.jpg\"><\/div>\n<\/div>\n<p><img decoding=\"async\" id=\"JXQPYRQ7FVAJFEN2OER77NPTUU\" class=\"image-lazy\" src=\"https:\/\/www.infobae.com\/new-resizer\/7p02-09iVOCN67_xVtZpIGECfvw=\/750x0\/filters:quality(100)\/s3.amazonaws.com\/arc-wordpress-client-uploads\/infobae-wp\/wp-content\/uploads\/2019\/07\/30154923\/Marian-Lopez-Reta-14.jpg\" alt=\"Marian est\u00e1 construyendo su identidad de g\u00e9nero de a poco. Ahora est\u00e1 tomando hormonas y quiere ponerse implantes mamarios\" width=\"750\" height=\"421.875\" data-url=\"https:\/\/www.infobae.com\/historias\/2019\/08\/03\/mi-viejo-es-ahora-una-mujer-trans-la-historia-del-hijo-adolescente-que-acompano-la-transicion-de-su-papa\/%23JXQPYRQ7FVAJFEN2OER77NPTUU\" data-original=\"https:\/\/www.infobae.com\/new-resizer\/7p02-09iVOCN67_xVtZpIGECfvw=\/750x0\/filters:quality(100)\/s3.amazonaws.com\/arc-wordpress-client-uploads\/infobae-wp\/wp-content\/uploads\/2019\/07\/30154923\/Marian-Lopez-Reta-14.jpg\" \/><\/div><figcaption class=\"\"><span class=\"credit\">Marian est\u00e1 construyendo su identidad de g\u00e9nero de a poco. Ahora est\u00e1 tomando hormonas y quiere ponerse implantes mamarios<\/span><\/figcaption><\/figure>\n<\/div>\n<div class=\"row pb-content-type-text\">\n<div class=\"col-xs-12 col-print-12\">\n<p class=\"element element-paragraph\">Francisco no es activista y, hasta hace poco, ni siquiera sab\u00eda que exist\u00eda un movimiento de mujeres trans y travestis que luchan para defender sus derechos. Sin teor\u00eda, entendi\u00f3 que as\u00ed como existe una orientaci\u00f3n sexual y una identidad de g\u00e9nero,\u00a0<strong>existe un rol de g\u00e9nero y que, por lo tanto, Marian iba a seguir siendo su \u00abviejo\u00bb.<\/strong><\/p>\n<\/div>\n<\/div>\n<div class=\"row pb-content-type-text\">\n<div class=\"col-xs-12 col-print-12\">\n<p class=\"element element-paragraph\">Fueron aprendiendo juntos y, a fines de junio, sabiendo que su pap\u00e1 todav\u00eda no estaba del todo a gusto con\u00a0<strong>su incipiente imagen femenina<\/strong>\u00a0(no hace mucho que empez\u00f3 la terapia hormonal)\u00a0<a href=\"https:\/\/www.infobae.com\/teleshow\/paso-en-la-tv\/2019\/06\/25\/quien-quiere-ser-millonario-la-historia-de-la-participante-trans-que-usara-su-premio-para-terminar-su-proceso-de-feminizacion\/\" target=\"_blank\" rel=\"noopener\">lo acompa\u00f1\u00f3 al programa de televisi\u00f3n \u00ab\u00bfQui\u00e9n quiere ser millonario?\u00bb<\/a>. Quien habla de eso es otra vez el hijo:<\/p>\n<\/div>\n<\/div>\n<div class=\"row pb-content-type-text\">\n<div class=\"col-xs-12 col-print-12\">\n<p class=\"element element-paragraph\"><strong>\u2014 \u00bfPor qu\u00e9 decidiste exponerte en la televisi\u00f3n?<\/strong><\/p>\n<\/div>\n<\/div>\n<div class=\"row pb-content-type-text\">\n<div class=\"col-xs-12 col-print-12\">\n<p class=\"element element-paragraph\">\u2014No s\u00e9,\u00a0<strong>me pareci\u00f3 que la iba a ayudar a ella \u00bfno?<\/strong>\u00a0Que me tenga ah\u00ed a m\u00ed. Como un voto de confianza para sentirse m\u00e1s c\u00f3moda, \u00bfno?<\/p>\n<\/div>\n<\/div>\n<div class=\"row pb-content-type-text\">\n<div class=\"col-xs-12 col-print-12\">\n<p class=\"element element-paragraph\">Su pap\u00e1\u00a0<strong>gan\u00f3 180.000 pesos<\/strong>, cont\u00f3 que quer\u00eda usar el dinero para colocarse implantes mamarios y, si alguien no sab\u00eda lo que estaba pasando en esa casa y en esas vidas, se enter\u00f3. Cuando Marian volvi\u00f3 a Tortuguitas,\u00a0la hab\u00edan visto hasta las piedras.<\/p>\n<\/div>\n<\/div>\n<div class=\"row pb-content-type-text\">\n<div class=\"col-xs-12 col-print-12\">\n<p class=\"element element-paragraph\">\u00abPas\u00f3 algo que, te juro, para m\u00ed es m\u00e1s importante que la plata.\u00a0Una vecina, mayor y con una ideolog\u00eda muy cerrada digamos, me llam\u00f3 por tel\u00e9fono\u00a0y me dijo: &#8216;La verdad, siempre sent\u00ed rechazo, pero despu\u00e9s de verte en la tele, de conocerte, de escuchar tu historia,\u00a0<strong>entend\u00ed que estaba equivocada\u00bb.<\/strong><\/p>\n<\/div>\n<\/div>\n<div class=\"row pb-content-type-image\">\n<figure class=\"element element-image col-xs-12\">\n<div class=\"single-image\">\n<div class=\"shares\">\n<div class=\"share-button facebook\" data-url=\"https:\/\/www.infobae.com\/historias\/2019\/08\/03\/mi-viejo-es-ahora-una-mujer-trans-la-historia-del-hijo-adolescente-que-acompano-la-transicion-de-su-papa\/%23VGZ7EBYM5JG7TA6NPAWUU5K5VE\" data-original=\"https:\/\/s3.amazonaws.com\/arc-wordpress-client-uploads\/infobae-wp\/wp-content\/uploads\/2019\/07\/30154940\/Marian-Lopez-Reta-16.jpg\"><\/div>\n<\/div>\n<p><img decoding=\"async\" id=\"VGZ7EBYM5JG7TA6NPAWUU5K5VE\" class=\"image-lazy\" src=\"https:\/\/www.infobae.com\/new-resizer\/HiTV_z-rOjLVTovlJ3yTmscBKqs=\/750x0\/filters:quality(100)\/s3.amazonaws.com\/arc-wordpress-client-uploads\/infobae-wp\/wp-content\/uploads\/2019\/07\/30154940\/Marian-Lopez-Reta-16.jpg\" alt=\"Marian eligi\u00f3 ir a la televisi\u00f3n y mostrarse como es ahora. \u201cYa est\u00e1, el que no sab\u00eda, se enter\u00f3\u201d\" width=\"750\" height=\"421.875\" data-url=\"https:\/\/www.infobae.com\/historias\/2019\/08\/03\/mi-viejo-es-ahora-una-mujer-trans-la-historia-del-hijo-adolescente-que-acompano-la-transicion-de-su-papa\/%23VGZ7EBYM5JG7TA6NPAWUU5K5VE\" data-original=\"https:\/\/www.infobae.com\/new-resizer\/HiTV_z-rOjLVTovlJ3yTmscBKqs=\/750x0\/filters:quality(100)\/s3.amazonaws.com\/arc-wordpress-client-uploads\/infobae-wp\/wp-content\/uploads\/2019\/07\/30154940\/Marian-Lopez-Reta-16.jpg\" \/><\/div><figcaption class=\"\"><span class=\"credit\">Marian eligi\u00f3 ir a la televisi\u00f3n y mostrarse como es ahora. \u201cYa est\u00e1, el que no sab\u00eda, se enter\u00f3\u201d<\/span><\/figcaption><\/figure>\n<\/div>\n<div class=\"row pb-content-type-text\">\n<div class=\"col-xs-12 col-print-12\">\n<p class=\"element element-paragraph\"><strong>\u2014 Francisco, \u00bfy a vos qu\u00e9 te pasa con esto que finalmente se anim\u00f3 a vivir tu pap\u00e1?<\/strong><\/p>\n<\/div>\n<\/div>\n<div class=\"row pb-content-type-text\">\n<div class=\"col-xs-12 col-print-12\">\n<p class=\"element element-paragraph\">\u2014 Yo creo que me hace crecer.<\/p>\n<\/div>\n<\/div>\n<div class=\"row pb-content-type-text\">\n<div class=\"col-xs-12 col-print-12\">\n<p class=\"element element-paragraph\"><strong>\u2014 \u00bfPor qu\u00e9?<\/strong><\/p>\n<\/div>\n<\/div>\n<div class=\"row pb-content-type-text\">\n<div class=\"col-xs-12 col-print-12\">\n<p class=\"element element-paragraph\">\u2014 Por un lado, porque\u00a0<strong>me ense\u00f1a a abrir un toque la cabeza<\/strong>. Y por otro, porque me muestra que animarse a\u00a0<strong>enfrentar cosas todos los d\u00edas para\u00a0ser quien quer\u00e9s ser<\/strong>\u00a0est\u00e1 copado. Ella es una persona que toma decisiones\u00a0<strong>valientes<\/strong>, ya se lo vi a lo largo de la vida.<\/p>\n<\/div>\n<\/div>\n<div class=\"row pb-content-type-image\">\n<figure class=\"element element-image col-xs-12\">\n<div class=\"single-image\">\n<div class=\"shares\">\n<div class=\"share-button facebook\" data-url=\"https:\/\/www.infobae.com\/historias\/2019\/08\/03\/mi-viejo-es-ahora-una-mujer-trans-la-historia-del-hijo-adolescente-que-acompano-la-transicion-de-su-papa\/%23THSQWOU74VFIZLMQUDH7322VVY\" data-original=\"https:\/\/s3.amazonaws.com\/arc-wordpress-client-uploads\/infobae-wp\/wp-content\/uploads\/2019\/07\/30154834\/Marian-Lopez-Reta-8.jpg\"><\/div>\n<\/div>\n<p><img decoding=\"async\" id=\"THSQWOU74VFIZLMQUDH7322VVY\" class=\"image-lazy\" src=\"https:\/\/www.infobae.com\/new-resizer\/3hfmd_UQjOITnFnLKnLuKwbQHcE=\/750x0\/filters:quality(100)\/s3.amazonaws.com\/arc-wordpress-client-uploads\/infobae-wp\/wp-content\/uploads\/2019\/07\/30154834\/Marian-Lopez-Reta-8.jpg\" alt=\"Francisco dice que su pap\u00e1 le ense\u00f1\u00f3 a crecer, abrir la cabeza y ser valiente\" width=\"750\" height=\"421.875\" data-url=\"https:\/\/www.infobae.com\/historias\/2019\/08\/03\/mi-viejo-es-ahora-una-mujer-trans-la-historia-del-hijo-adolescente-que-acompano-la-transicion-de-su-papa\/%23THSQWOU74VFIZLMQUDH7322VVY\" data-original=\"https:\/\/www.infobae.com\/new-resizer\/3hfmd_UQjOITnFnLKnLuKwbQHcE=\/750x0\/filters:quality(100)\/s3.amazonaws.com\/arc-wordpress-client-uploads\/infobae-wp\/wp-content\/uploads\/2019\/07\/30154834\/Marian-Lopez-Reta-8.jpg\" \/><\/div><figcaption class=\"\"><span class=\"credit\">Francisco dice que su pap\u00e1 le ense\u00f1\u00f3 a crecer, abrir la cabeza y ser valiente<\/span><\/figcaption><\/figure>\n<\/div>\n<div class=\"row pb-content-type-text\">\n<div class=\"col-xs-12 col-print-12\">\n<p class=\"element element-paragraph\">Despu\u00e9s salen al jard\u00edn a sacarse fotos para la nota de\u00a0<strong>Infobae<\/strong>. Cuenta Francisco que cuando invita amigos nuevos a casa, su padre le pide que les avise antes. Que el que quiera venir, venga y al que le moleste, que no venga.<\/p>\n<\/div>\n<\/div>\n<div class=\"row pb-content-type-text\">\n<div class=\"col-xs-12 col-print-12\">\n<p class=\"element element-paragraph\"><strong>\u2014 \u00bfAvisarles? \u00bfY c\u00f3mo les dec\u00eds?<\/strong><\/p>\n<\/div>\n<\/div>\n<div class=\"row pb-content-type-text\">\n<div class=\"col-xs-12 col-print-12\">\n<p class=\"element element-paragraph\">\u2014As\u00ed, como te contaba. \u00abMi pap\u00e1 es una mujer trans. Le gusta que la llamen Marian\u00bb.<\/p>\n<\/div>\n<\/div>\n<div class=\"row pb-content-type-text\">\n<div class=\"col-xs-12 col-print-12\">\n<p class=\"element element-paragraph\"><strong><em>Fotos: Adri\u00e1n Escandar<br \/>\n<\/em><\/strong><a href=\"https:\/\/www.infobae.com\/\">Infobae<\/a><\/p>\n<\/div>\n<\/div>\n<\/div>\n","protected":false},"excerpt":{"rendered":"<p>Mi viejo es ahora una mujer trans Hace cuatro meses, su pap\u00e1 le dijo: \u00abAhora soy esta que ves\u00bb. Francisco, que va al secundario, le contest\u00f3: \u00abS\u00e9 feliz\u00bb. Desde ese momento, el hijo empez\u00f3 a tratar a su padre de \u00abella\u00bb. Una nueva edici\u00f3n de #VidasTrans Por\u00a0Gisele Sousa Dias gsousa@infobae.com Marian L\u00f3pez Reta tiene 53 [&hellip;]<\/p>\n","protected":false},"author":4,"featured_media":39280,"comment_status":"open","ping_status":"open","sticky":false,"template":"","format":"standard","meta":{"iawp_total_views":165,"footnotes":""},"categories":[1067,4,32],"tags":[1851,1852,1854,1853],"class_list":["post-39276","post","type-post","status-publish","format-standard","has-post-thumbnail","hentry","category-agenda-feminista","category-medios","category-mujeres","tag-francisco","tag-marian-lopez-reta","tag-mi-viejo-es-ahora-una-mujer-trans","tag-mujer-trans"],"nelio_content":{"autoShareEndMode":"never","automationSources":{"useCustomSentences":false,"customSentences":[]},"efiAlt":"","efiUrl":"","followers":[4],"highlights":[],"isAutoShareEnabled":true,"networkImageIds":[],"permalinkQueryArgs":[],"series":[],"suggestedReferences":[]},"yoast_head":"<!-- This site is optimized with the Yoast SEO plugin v27.5 - https:\/\/yoast.com\/product\/yoast-seo-wordpress\/ -->\n<title>\u201cMi viejo es ahora una mujer trans\u201d: la historia del hijo adolescente que acompa\u00f1\u00f3 la transici\u00f3n de su pap\u00e1 - Diario Digital Femenino<\/title>\n<meta name=\"description\" content=\"\u201cMi viejo es ahora una mujer trans\u201d: la historia del hijo adolescente que acompa\u00f1\u00f3 la transici\u00f3n de su pap\u00e1. Su pap\u00e1 dijo: &quot;Ahora soy esta que ves&quot;\" \/>\n<meta name=\"robots\" content=\"index, follow, max-snippet:-1, max-image-preview:large, max-video-preview:-1\" \/>\n<link rel=\"canonical\" href=\"https:\/\/diariofemenino.com.ar\/df\/mi-viejo-es-ahora-una-mujer-trans\/\" \/>\n<meta property=\"og:locale\" content=\"es_ES\" \/>\n<meta property=\"og:type\" content=\"article\" \/>\n<meta property=\"og:title\" content=\"\u201cMi viejo es ahora una mujer trans\u201d: la historia del hijo adolescente que acompa\u00f1\u00f3 la transici\u00f3n de su pap\u00e1 - Diario Digital Femenino\" \/>\n<meta property=\"og:description\" content=\"\u201cMi viejo es ahora una mujer trans\u201d: la historia del hijo adolescente que acompa\u00f1\u00f3 la transici\u00f3n de su pap\u00e1. Su pap\u00e1 dijo: &quot;Ahora soy esta que ves&quot;\" \/>\n<meta property=\"og:url\" content=\"https:\/\/diariofemenino.com.ar\/df\/mi-viejo-es-ahora-una-mujer-trans\/\" \/>\n<meta property=\"og:site_name\" content=\"Diario Digital Femenino\" \/>\n<meta property=\"article:publisher\" content=\"https:\/\/www.facebook.com\/DiarioDigitaFemenino\/\" \/>\n<meta property=\"article:published_time\" content=\"2019-08-04T00:41:45+00:00\" \/>\n<meta property=\"og:image\" content=\"https:\/\/diariofemenino.com.ar\/df\/wp-content\/uploads\/2019\/08\/Marian-.jpg\" \/>\n\t<meta property=\"og:image:width\" content=\"528\" \/>\n\t<meta property=\"og:image:height\" content=\"337\" \/>\n\t<meta property=\"og:image:type\" content=\"image\/jpeg\" \/>\n<meta name=\"author\" content=\"Admin\" \/>\n<meta name=\"twitter:card\" content=\"summary_large_image\" \/>\n<meta name=\"twitter:creator\" content=\"@DiarioFemenino1\" \/>\n<meta name=\"twitter:site\" content=\"@DiarioFemenino1\" \/>\n<meta name=\"twitter:label1\" content=\"Escrito por\" \/>\n\t<meta name=\"twitter:data1\" content=\"Admin\" \/>\n\t<meta name=\"twitter:label2\" content=\"Tiempo de lectura\" \/>\n\t<meta name=\"twitter:data2\" content=\"9 minutos\" \/>\n<script type=\"application\/ld+json\" class=\"yoast-schema-graph\">{\"@context\":\"https:\\\/\\\/schema.org\",\"@graph\":[{\"@type\":\"Article\",\"@id\":\"https:\\\/\\\/diariofemenino.com.ar\\\/df\\\/mi-viejo-es-ahora-una-mujer-trans\\\/#article\",\"isPartOf\":{\"@id\":\"https:\\\/\\\/diariofemenino.com.ar\\\/df\\\/mi-viejo-es-ahora-una-mujer-trans\\\/\"},\"author\":{\"name\":\"Admin\",\"@id\":\"https:\\\/\\\/diariofemenino.com.ar\\\/df\\\/#\\\/schema\\\/person\\\/bf6199e8158c657ea6f789b11ec85509\"},\"headline\":\"\u201cMi viejo es ahora una mujer trans\u201d: la historia del hijo adolescente que acompa\u00f1\u00f3 la transici\u00f3n de su pap\u00e1\",\"datePublished\":\"2019-08-04T00:41:45+00:00\",\"mainEntityOfPage\":{\"@id\":\"https:\\\/\\\/diariofemenino.com.ar\\\/df\\\/mi-viejo-es-ahora-una-mujer-trans\\\/\"},\"wordCount\":1804,\"commentCount\":4,\"publisher\":{\"@id\":\"https:\\\/\\\/diariofemenino.com.ar\\\/df\\\/#organization\"},\"image\":{\"@id\":\"https:\\\/\\\/diariofemenino.com.ar\\\/df\\\/mi-viejo-es-ahora-una-mujer-trans\\\/#primaryimage\"},\"thumbnailUrl\":\"https:\\\/\\\/diariofemenino.com.ar\\\/df\\\/wp-content\\\/uploads\\\/2019\\\/08\\\/Marian-.jpg\",\"keywords\":[\"Francisco\",\"Marian L\u00f3pez Reta\",\"Mi viejo es ahora una mujer trans\",\"Mujer trans\"],\"articleSection\":[\"Agenda Feminista\",\"Medios\",\"Mujeres\"],\"inLanguage\":\"es\",\"potentialAction\":[{\"@type\":\"CommentAction\",\"name\":\"Comment\",\"target\":[\"https:\\\/\\\/diariofemenino.com.ar\\\/df\\\/mi-viejo-es-ahora-una-mujer-trans\\\/#respond\"]}]},{\"@type\":\"WebPage\",\"@id\":\"https:\\\/\\\/diariofemenino.com.ar\\\/df\\\/mi-viejo-es-ahora-una-mujer-trans\\\/\",\"url\":\"https:\\\/\\\/diariofemenino.com.ar\\\/df\\\/mi-viejo-es-ahora-una-mujer-trans\\\/\",\"name\":\"\u201cMi viejo es ahora una mujer trans\u201d: la historia del hijo adolescente que acompa\u00f1\u00f3 la transici\u00f3n de su pap\u00e1 - Diario Digital Femenino\",\"isPartOf\":{\"@id\":\"https:\\\/\\\/diariofemenino.com.ar\\\/df\\\/#website\"},\"primaryImageOfPage\":{\"@id\":\"https:\\\/\\\/diariofemenino.com.ar\\\/df\\\/mi-viejo-es-ahora-una-mujer-trans\\\/#primaryimage\"},\"image\":{\"@id\":\"https:\\\/\\\/diariofemenino.com.ar\\\/df\\\/mi-viejo-es-ahora-una-mujer-trans\\\/#primaryimage\"},\"thumbnailUrl\":\"https:\\\/\\\/diariofemenino.com.ar\\\/df\\\/wp-content\\\/uploads\\\/2019\\\/08\\\/Marian-.jpg\",\"datePublished\":\"2019-08-04T00:41:45+00:00\",\"description\":\"\u201cMi viejo es ahora una mujer trans\u201d: la historia del hijo adolescente que acompa\u00f1\u00f3 la transici\u00f3n de su pap\u00e1. Su pap\u00e1 dijo: \\\"Ahora soy esta que ves\\\"\",\"breadcrumb\":{\"@id\":\"https:\\\/\\\/diariofemenino.com.ar\\\/df\\\/mi-viejo-es-ahora-una-mujer-trans\\\/#breadcrumb\"},\"inLanguage\":\"es\",\"potentialAction\":[{\"@type\":\"ReadAction\",\"target\":[\"https:\\\/\\\/diariofemenino.com.ar\\\/df\\\/mi-viejo-es-ahora-una-mujer-trans\\\/\"]}]},{\"@type\":\"ImageObject\",\"inLanguage\":\"es\",\"@id\":\"https:\\\/\\\/diariofemenino.com.ar\\\/df\\\/mi-viejo-es-ahora-una-mujer-trans\\\/#primaryimage\",\"url\":\"https:\\\/\\\/diariofemenino.com.ar\\\/df\\\/wp-content\\\/uploads\\\/2019\\\/08\\\/Marian-.jpg\",\"contentUrl\":\"https:\\\/\\\/diariofemenino.com.ar\\\/df\\\/wp-content\\\/uploads\\\/2019\\\/08\\\/Marian-.jpg\",\"width\":528,\"height\":337,\"caption\":\"\u201cMi viejo es ahora una mujer trans\u201d: la historia del hijo adolescente que acompa\u00f1\u00f3 la transici\u00f3n de su pap\u00e1\"},{\"@type\":\"BreadcrumbList\",\"@id\":\"https:\\\/\\\/diariofemenino.com.ar\\\/df\\\/mi-viejo-es-ahora-una-mujer-trans\\\/#breadcrumb\",\"itemListElement\":[{\"@type\":\"ListItem\",\"position\":1,\"name\":\"Portada\",\"item\":\"https:\\\/\\\/diariofemenino.com.ar\\\/df\\\/\"},{\"@type\":\"ListItem\",\"position\":2,\"name\":\"\u201cMi viejo es ahora una mujer trans\u201d: la historia del hijo adolescente que acompa\u00f1\u00f3 la transici\u00f3n de su pap\u00e1\"}]},{\"@type\":\"WebSite\",\"@id\":\"https:\\\/\\\/diariofemenino.com.ar\\\/df\\\/#website\",\"url\":\"https:\\\/\\\/diariofemenino.com.ar\\\/df\\\/\",\"name\":\"Diario Digital Femenino\",\"description\":\"Cuesti\u00f3n de G\u00e9nero\",\"publisher\":{\"@id\":\"https:\\\/\\\/diariofemenino.com.ar\\\/df\\\/#organization\"},\"potentialAction\":[{\"@type\":\"SearchAction\",\"target\":{\"@type\":\"EntryPoint\",\"urlTemplate\":\"https:\\\/\\\/diariofemenino.com.ar\\\/df\\\/?s={search_term_string}\"},\"query-input\":{\"@type\":\"PropertyValueSpecification\",\"valueRequired\":true,\"valueName\":\"search_term_string\"}}],\"inLanguage\":\"es\"},{\"@type\":\"Organization\",\"@id\":\"https:\\\/\\\/diariofemenino.com.ar\\\/df\\\/#organization\",\"name\":\"Diario Femenino\",\"url\":\"https:\\\/\\\/diariofemenino.com.ar\\\/df\\\/\",\"logo\":{\"@type\":\"ImageObject\",\"inLanguage\":\"es\",\"@id\":\"https:\\\/\\\/diariofemenino.com.ar\\\/df\\\/#\\\/schema\\\/logo\\\/image\\\/\",\"url\":\"https:\\\/\\\/diariofemenino.com.ar\\\/df\\\/wp-content\\\/uploads\\\/2018\\\/10\\\/logo.png\",\"contentUrl\":\"https:\\\/\\\/diariofemenino.com.ar\\\/df\\\/wp-content\\\/uploads\\\/2018\\\/10\\\/logo.png\",\"width\":500,\"height\":92,\"caption\":\"Diario Femenino\"},\"image\":{\"@id\":\"https:\\\/\\\/diariofemenino.com.ar\\\/df\\\/#\\\/schema\\\/logo\\\/image\\\/\"},\"sameAs\":[\"https:\\\/\\\/www.facebook.com\\\/DiarioDigitaFemenino\\\/\",\"https:\\\/\\\/x.com\\\/DiarioFemenino1\"]},{\"@type\":\"Person\",\"@id\":\"https:\\\/\\\/diariofemenino.com.ar\\\/df\\\/#\\\/schema\\\/person\\\/bf6199e8158c657ea6f789b11ec85509\",\"name\":\"Admin\",\"image\":{\"@type\":\"ImageObject\",\"inLanguage\":\"es\",\"@id\":\"https:\\\/\\\/diariofemenino.com.ar\\\/df\\\/wp-content\\\/uploads\\\/2018\\\/12\\\/favicon-150x150.jpg\",\"url\":\"https:\\\/\\\/diariofemenino.com.ar\\\/df\\\/wp-content\\\/uploads\\\/2018\\\/12\\\/favicon-150x150.jpg\",\"contentUrl\":\"https:\\\/\\\/diariofemenino.com.ar\\\/df\\\/wp-content\\\/uploads\\\/2018\\\/12\\\/favicon-150x150.jpg\",\"caption\":\"Admin\"},\"url\":\"https:\\\/\\\/diariofemenino.com.ar\\\/df\\\/author\\\/lenny\\\/\"}]}<\/script>\n<!-- \/ Yoast SEO plugin. -->","yoast_head_json":{"title":"\u201cMi viejo es ahora una mujer trans\u201d: la historia del hijo adolescente que acompa\u00f1\u00f3 la transici\u00f3n de su pap\u00e1 - Diario Digital Femenino","description":"\u201cMi viejo es ahora una mujer trans\u201d: la historia del hijo adolescente que acompa\u00f1\u00f3 la transici\u00f3n de su pap\u00e1. Su pap\u00e1 dijo: \"Ahora soy esta que ves\"","robots":{"index":"index","follow":"follow","max-snippet":"max-snippet:-1","max-image-preview":"max-image-preview:large","max-video-preview":"max-video-preview:-1"},"canonical":"https:\/\/diariofemenino.com.ar\/df\/mi-viejo-es-ahora-una-mujer-trans\/","og_locale":"es_ES","og_type":"article","og_title":"\u201cMi viejo es ahora una mujer trans\u201d: la historia del hijo adolescente que acompa\u00f1\u00f3 la transici\u00f3n de su pap\u00e1 - Diario Digital Femenino","og_description":"\u201cMi viejo es ahora una mujer trans\u201d: la historia del hijo adolescente que acompa\u00f1\u00f3 la transici\u00f3n de su pap\u00e1. Su pap\u00e1 dijo: \"Ahora soy esta que ves\"","og_url":"https:\/\/diariofemenino.com.ar\/df\/mi-viejo-es-ahora-una-mujer-trans\/","og_site_name":"Diario Digital Femenino","article_publisher":"https:\/\/www.facebook.com\/DiarioDigitaFemenino\/","article_published_time":"2019-08-04T00:41:45+00:00","og_image":[{"width":528,"height":337,"url":"https:\/\/diariofemenino.com.ar\/df\/wp-content\/uploads\/2019\/08\/Marian-.jpg","type":"image\/jpeg"}],"author":"Admin","twitter_card":"summary_large_image","twitter_creator":"@DiarioFemenino1","twitter_site":"@DiarioFemenino1","twitter_misc":{"Escrito por":"Admin","Tiempo de lectura":"9 minutos"},"schema":{"@context":"https:\/\/schema.org","@graph":[{"@type":"Article","@id":"https:\/\/diariofemenino.com.ar\/df\/mi-viejo-es-ahora-una-mujer-trans\/#article","isPartOf":{"@id":"https:\/\/diariofemenino.com.ar\/df\/mi-viejo-es-ahora-una-mujer-trans\/"},"author":{"name":"Admin","@id":"https:\/\/diariofemenino.com.ar\/df\/#\/schema\/person\/bf6199e8158c657ea6f789b11ec85509"},"headline":"\u201cMi viejo es ahora una mujer trans\u201d: la historia del hijo adolescente que acompa\u00f1\u00f3 la transici\u00f3n de su pap\u00e1","datePublished":"2019-08-04T00:41:45+00:00","mainEntityOfPage":{"@id":"https:\/\/diariofemenino.com.ar\/df\/mi-viejo-es-ahora-una-mujer-trans\/"},"wordCount":1804,"commentCount":4,"publisher":{"@id":"https:\/\/diariofemenino.com.ar\/df\/#organization"},"image":{"@id":"https:\/\/diariofemenino.com.ar\/df\/mi-viejo-es-ahora-una-mujer-trans\/#primaryimage"},"thumbnailUrl":"https:\/\/diariofemenino.com.ar\/df\/wp-content\/uploads\/2019\/08\/Marian-.jpg","keywords":["Francisco","Marian L\u00f3pez Reta","Mi viejo es ahora una mujer trans","Mujer trans"],"articleSection":["Agenda Feminista","Medios","Mujeres"],"inLanguage":"es","potentialAction":[{"@type":"CommentAction","name":"Comment","target":["https:\/\/diariofemenino.com.ar\/df\/mi-viejo-es-ahora-una-mujer-trans\/#respond"]}]},{"@type":"WebPage","@id":"https:\/\/diariofemenino.com.ar\/df\/mi-viejo-es-ahora-una-mujer-trans\/","url":"https:\/\/diariofemenino.com.ar\/df\/mi-viejo-es-ahora-una-mujer-trans\/","name":"\u201cMi viejo es ahora una mujer trans\u201d: la historia del hijo adolescente que acompa\u00f1\u00f3 la transici\u00f3n de su pap\u00e1 - Diario Digital Femenino","isPartOf":{"@id":"https:\/\/diariofemenino.com.ar\/df\/#website"},"primaryImageOfPage":{"@id":"https:\/\/diariofemenino.com.ar\/df\/mi-viejo-es-ahora-una-mujer-trans\/#primaryimage"},"image":{"@id":"https:\/\/diariofemenino.com.ar\/df\/mi-viejo-es-ahora-una-mujer-trans\/#primaryimage"},"thumbnailUrl":"https:\/\/diariofemenino.com.ar\/df\/wp-content\/uploads\/2019\/08\/Marian-.jpg","datePublished":"2019-08-04T00:41:45+00:00","description":"\u201cMi viejo es ahora una mujer trans\u201d: la historia del hijo adolescente que acompa\u00f1\u00f3 la transici\u00f3n de su pap\u00e1. Su pap\u00e1 dijo: \"Ahora soy esta que ves\"","breadcrumb":{"@id":"https:\/\/diariofemenino.com.ar\/df\/mi-viejo-es-ahora-una-mujer-trans\/#breadcrumb"},"inLanguage":"es","potentialAction":[{"@type":"ReadAction","target":["https:\/\/diariofemenino.com.ar\/df\/mi-viejo-es-ahora-una-mujer-trans\/"]}]},{"@type":"ImageObject","inLanguage":"es","@id":"https:\/\/diariofemenino.com.ar\/df\/mi-viejo-es-ahora-una-mujer-trans\/#primaryimage","url":"https:\/\/diariofemenino.com.ar\/df\/wp-content\/uploads\/2019\/08\/Marian-.jpg","contentUrl":"https:\/\/diariofemenino.com.ar\/df\/wp-content\/uploads\/2019\/08\/Marian-.jpg","width":528,"height":337,"caption":"\u201cMi viejo es ahora una mujer trans\u201d: la historia del hijo adolescente que acompa\u00f1\u00f3 la transici\u00f3n de su pap\u00e1"},{"@type":"BreadcrumbList","@id":"https:\/\/diariofemenino.com.ar\/df\/mi-viejo-es-ahora-una-mujer-trans\/#breadcrumb","itemListElement":[{"@type":"ListItem","position":1,"name":"Portada","item":"https:\/\/diariofemenino.com.ar\/df\/"},{"@type":"ListItem","position":2,"name":"\u201cMi viejo es ahora una mujer trans\u201d: la historia del hijo adolescente que acompa\u00f1\u00f3 la transici\u00f3n de su pap\u00e1"}]},{"@type":"WebSite","@id":"https:\/\/diariofemenino.com.ar\/df\/#website","url":"https:\/\/diariofemenino.com.ar\/df\/","name":"Diario Digital Femenino","description":"Cuesti\u00f3n de G\u00e9nero","publisher":{"@id":"https:\/\/diariofemenino.com.ar\/df\/#organization"},"potentialAction":[{"@type":"SearchAction","target":{"@type":"EntryPoint","urlTemplate":"https:\/\/diariofemenino.com.ar\/df\/?s={search_term_string}"},"query-input":{"@type":"PropertyValueSpecification","valueRequired":true,"valueName":"search_term_string"}}],"inLanguage":"es"},{"@type":"Organization","@id":"https:\/\/diariofemenino.com.ar\/df\/#organization","name":"Diario Femenino","url":"https:\/\/diariofemenino.com.ar\/df\/","logo":{"@type":"ImageObject","inLanguage":"es","@id":"https:\/\/diariofemenino.com.ar\/df\/#\/schema\/logo\/image\/","url":"https:\/\/diariofemenino.com.ar\/df\/wp-content\/uploads\/2018\/10\/logo.png","contentUrl":"https:\/\/diariofemenino.com.ar\/df\/wp-content\/uploads\/2018\/10\/logo.png","width":500,"height":92,"caption":"Diario Femenino"},"image":{"@id":"https:\/\/diariofemenino.com.ar\/df\/#\/schema\/logo\/image\/"},"sameAs":["https:\/\/www.facebook.com\/DiarioDigitaFemenino\/","https:\/\/x.com\/DiarioFemenino1"]},{"@type":"Person","@id":"https:\/\/diariofemenino.com.ar\/df\/#\/schema\/person\/bf6199e8158c657ea6f789b11ec85509","name":"Admin","image":{"@type":"ImageObject","inLanguage":"es","@id":"https:\/\/diariofemenino.com.ar\/df\/wp-content\/uploads\/2018\/12\/favicon-150x150.jpg","url":"https:\/\/diariofemenino.com.ar\/df\/wp-content\/uploads\/2018\/12\/favicon-150x150.jpg","contentUrl":"https:\/\/diariofemenino.com.ar\/df\/wp-content\/uploads\/2018\/12\/favicon-150x150.jpg","caption":"Admin"},"url":"https:\/\/diariofemenino.com.ar\/df\/author\/lenny\/"}]}},"jetpack_featured_media_url":"https:\/\/diariofemenino.com.ar\/df\/wp-content\/uploads\/2019\/08\/Marian-.jpg","jetpack_sharing_enabled":true,"rttpg_featured_image_url":{"full":["https:\/\/diariofemenino.com.ar\/df\/wp-content\/uploads\/2019\/08\/Marian-.jpg",528,337,false],"landscape":["https:\/\/diariofemenino.com.ar\/df\/wp-content\/uploads\/2019\/08\/Marian-.jpg",528,337,false],"portraits":["https:\/\/diariofemenino.com.ar\/df\/wp-content\/uploads\/2019\/08\/Marian-.jpg",528,337,false],"thumbnail":["https:\/\/diariofemenino.com.ar\/df\/wp-content\/uploads\/2019\/08\/Marian--150x150.jpg",150,150,true],"medium":["https:\/\/diariofemenino.com.ar\/df\/wp-content\/uploads\/2019\/08\/Marian--300x191.jpg",300,191,true],"large":["https:\/\/diariofemenino.com.ar\/df\/wp-content\/uploads\/2019\/08\/Marian-.jpg",528,337,false],"1536x1536":["https:\/\/diariofemenino.com.ar\/df\/wp-content\/uploads\/2019\/08\/Marian-.jpg",528,337,false],"2048x2048":["https:\/\/diariofemenino.com.ar\/df\/wp-content\/uploads\/2019\/08\/Marian-.jpg",528,337,false]},"rttpg_author":{"display_name":"Admin","author_link":"https:\/\/diariofemenino.com.ar\/df\/author\/lenny\/"},"rttpg_comment":4,"rttpg_category":"<a href=\"https:\/\/diariofemenino.com.ar\/df\/category\/agenda-feminista\/\" rel=\"category tag\">Agenda Feminista<\/a> <a href=\"https:\/\/diariofemenino.com.ar\/df\/category\/medios\/\" rel=\"category tag\">Medios<\/a> <a href=\"https:\/\/diariofemenino.com.ar\/df\/category\/mujeres\/\" rel=\"category tag\">Mujeres<\/a>","rttpg_excerpt":"Mi viejo es ahora una mujer trans Hace cuatro meses, su pap\u00e1 le dijo: \u00abAhora soy esta que ves\u00bb. Francisco, que va al secundario, le contest\u00f3: \u00abS\u00e9 feliz\u00bb. Desde ese momento, el hijo empez\u00f3 a tratar a su padre de \u00abella\u00bb. Una nueva edici\u00f3n de #VidasTrans Por\u00a0Gisele Sousa Dias gsousa@infobae.com Marian L\u00f3pez Reta tiene 53&hellip;","_links":{"self":[{"href":"https:\/\/diariofemenino.com.ar\/df\/wp-json\/wp\/v2\/posts\/39276","targetHints":{"allow":["GET"]}}],"collection":[{"href":"https:\/\/diariofemenino.com.ar\/df\/wp-json\/wp\/v2\/posts"}],"about":[{"href":"https:\/\/diariofemenino.com.ar\/df\/wp-json\/wp\/v2\/types\/post"}],"author":[{"embeddable":true,"href":"https:\/\/diariofemenino.com.ar\/df\/wp-json\/wp\/v2\/users\/4"}],"replies":[{"embeddable":true,"href":"https:\/\/diariofemenino.com.ar\/df\/wp-json\/wp\/v2\/comments?post=39276"}],"version-history":[{"count":0,"href":"https:\/\/diariofemenino.com.ar\/df\/wp-json\/wp\/v2\/posts\/39276\/revisions"}],"wp:featuredmedia":[{"embeddable":true,"href":"https:\/\/diariofemenino.com.ar\/df\/wp-json\/wp\/v2\/media\/39280"}],"wp:attachment":[{"href":"https:\/\/diariofemenino.com.ar\/df\/wp-json\/wp\/v2\/media?parent=39276"}],"wp:term":[{"taxonomy":"category","embeddable":true,"href":"https:\/\/diariofemenino.com.ar\/df\/wp-json\/wp\/v2\/categories?post=39276"},{"taxonomy":"post_tag","embeddable":true,"href":"https:\/\/diariofemenino.com.ar\/df\/wp-json\/wp\/v2\/tags?post=39276"}],"curies":[{"name":"wp","href":"https:\/\/api.w.org\/{rel}","templated":true}]}}