{"id":39183,"date":"2019-07-31T21:10:18","date_gmt":"2019-08-01T00:10:18","guid":{"rendered":"https:\/\/diariofemenino.com.ar\/?p=39183"},"modified":"2019-07-31T21:10:18","modified_gmt":"2019-08-01T00:10:18","slug":"persecucion-y-censura-a-sobrevivientes-de-violencia-sexual","status":"publish","type":"post","link":"https:\/\/diariofemenino.com.ar\/df\/persecucion-y-censura-a-sobrevivientes-de-violencia-sexual\/","title":{"rendered":"Persecuci\u00f3n y censura a sobrevivientes de violencia sexual"},"content":{"rendered":"<p style=\"text-align: left;\"><strong>Persecuci\u00f3n y censura a sobrevivientes de violencia sexual<\/strong><\/p>\n<p>Mari Blanca, o Mariposa Blanca iba a presentar su libro \u00abEl abrazo conjunto\u00bb en la Legislatura porte\u00f1a\u00a0por iniciativa de la diputada<strong>\u00a0Patricia Vischi\u00a0<\/strong>(legisladora que responde a<strong>\u00a0Mart\u00edn Lousteau<\/strong>\u00a0&#8211; Juntos por el Cambio), quien promovi\u00f3\u00a0 declaraci\u00f3n de Inter\u00e9s para la promoci\u00f3n y defensa de los derechos humanos al libro \u00abEl abrazo conjunto\u00bb, horas previas al evento Mari publica en su muro de Facebook:<\/p>\n<p>\u00abMe acaban de avisar desde la legislatura que decidieron suspender el evento de hoy porque mi hermana biol\u00f3gica menor: Paula Patricia Ag\u00fcero Avenda\u00f1o, llam\u00f3 al recinto y amenaz\u00f3 con acciones legales en mi contra si le\u00eda el texto que ten\u00eda preparado y que es p\u00fablico a trav\u00e9s de esta red.<\/p>\n<p>Los intentos de callarme y la estrategia de amenazarme con denuncias legales por parte de mi <a href=\"https:\/\/diariofemenino.com.ar\/abuso-sexual-en-familia-el-delito-del-que-nadie-habla\/\">familia<\/a> de origen son de larga data, hace alrededor de quince a\u00f1os que me amenazan con iniciar accio<span class=\"text_exposed_show\">nes legales en mi contra.<\/span><\/p>\n<div class=\"text_exposed_show\">\n<p>Esta revictimizaci\u00f3n, este intento de silenciarme avalado por el estado que decidi\u00f3 suspender el evento y reprogramarlo sin tomar una postura firme de protecci\u00f3n de una<a href=\"https:\/\/es.wikipedia.org\/wiki\/Abuso_sexual_infantil\"> sobrevivente<\/a> no es otra cosa mas que el intento de siempre de disciplinarme y anularme que inici\u00f3 mi progenitor al decirme que si hablaba me iba a matar o que nadie me iba a creer.<\/p>\n<p>La verdad, mi familia de origen, el estado, el sistema judicial y blabla me tienen los ovarios al plato.<\/p>\n<p>\u00a1\u00a1NO ME VAN A CALLAR!! y voy a ir IGUAL a leer el texto con un meg\u00e1fono enfrente de la legislatura, por favor, acomp\u00e1\u00f1enme, lleven sus celulares, que si me hacen una denuncia por calumnias e injurias me hacen un favor, yo hice una denuncia hace quince a\u00f1os y qued\u00f3 en la nada por prescripci\u00f3n, que me denuncien de una buena vez y dejen de amenazarme, que tengo todas las ganas de presentar pruebas y testiges de mi camino de sanaci\u00f3n y de como HABLAR, VALIDAR TU MEMORIA, decir LA VERDAD \u00a1\u00a1SANA, CURA, te aleja de las adicciones, del autoflagelo, de los trastornos mentales, de los trastornos de personalidad, de la infelicidad, de las ganas de morir!!<\/p>\n<p>Que me hagan una denuncia de una buena vez as\u00ed se cae por el piso el intento de hacerme pasar por loca y demuestro, con testimonios y echos concretos, que no solo no soy una persona que desvar\u00eda, sino que acompa\u00f1o a mucha gente en sus procesos de elaborar las secuelas de la violencia sexual.<\/p>\n<p>Sanamos a trav\u00e9s de la palabra y de la b\u00fasqueda constante de la verdad y la justicia.<\/p>\n<p>\u00a1\u00a1En tu jeta patriarcado!!<br \/>\n<a class=\"_58cn\" href=\"https:\/\/www.facebook.com\/hashtag\/yanonoscallamosmas?source=feed_text&amp;epa=HASHTAG\" data-ft=\"{&quot;type&quot;:104,&quot;tn&quot;:&quot;*N&quot;}\"><span class=\"_5afx\"><span class=\"_58cl _5afz\" aria-label=\"hashtag\">#<\/span><span class=\"_58cm\">YANONOSCALLAMOSMAS\u00bb<\/span><\/span><\/a><\/p>\n<p><a href=\"https:\/\/diariofemenino.com.ar\/\">Diario Digital Femenino<\/a> decide abrazar a Mariposa Blanca ante tama\u00f1a falta de respeto, atropello y censura, publicando la totalidad del documento en texto:<\/p>\n<figure id=\"attachment_39186\" aria-describedby=\"caption-attachment-39186\" style=\"width: 248px\" class=\"wp-caption alignleft\"><img loading=\"lazy\" decoding=\"async\" class=\" wp-image-39186\" src=\"https:\/\/diariofemenino.com.ar\/df\/wp-content\/uploads\/2019\/07\/67730225_2517589921595268_1665974280329887744_n.jpg\" alt=\"Persecuci\u00f3n y censura a sobrevivientes de violencia sexual\" width=\"248\" height=\"331\" srcset=\"https:\/\/diariofemenino.com.ar\/df\/wp-content\/uploads\/2019\/07\/67730225_2517589921595268_1665974280329887744_n.jpg 720w, https:\/\/diariofemenino.com.ar\/df\/wp-content\/uploads\/2019\/07\/67730225_2517589921595268_1665974280329887744_n-225x300.jpg 225w\" sizes=\"auto, (max-width: 248px) 100vw, 248px\" \/><figcaption id=\"caption-attachment-39186\" class=\"wp-caption-text\">Persecuci\u00f3n y censura a sobrevivientes de violencia sexual<\/figcaption><\/figure>\n<p><strong>\u00abMi nombre es Mariposa, mi apellido es Blanca, no son el nombre y el apellido que me pusieron al\u00a0nacer, es la identidad que yo elijo.<\/strong><\/p>\n<p><strong>Soy sobreviviente de <a href=\"https:\/\/es.wikipedia.org\/wiki\/Violencia_sexual\">violencia sexua<\/a>l en la infancia y adolescencia por parte de mi progenitor Rafael Mario Ag\u00fcero, que por suerte ya se muri\u00f3, y de mi progenitora Ruth Patricia Avenda\u00f1o Mansilla que espero que est\u00e9 muerta o lo haga en breve.<\/strong><\/p>\n<p><strong>No solo fui violentada sexualmente sino emocional y psicol\u00f3gicamente, torturada f\u00edsicamente de m\u00faltiples formas, padec\u00ed intentos de asesinato como medida amedrentadora, fui explotada sexualmente en la ciudad de Pico Truncado, Santa Cruz, expuesta a un aborto clandestino por un embarazo de una violaci\u00f3n de mi progenitor en el cual casi muero desangrada.<\/strong><\/p>\n<p><strong>Violentada sexualmente por personas del entorno como el \u201cLoco\u201d Suarez que ya se muri\u00f3 afortunadamente, por Miguel Acu\u00f1a de Chile Chico, por el cura del pueblo que ya muri\u00f3, por un primo llamado Tom\u00e1s Tula que ejerci\u00f3 como maestro de educaci\u00f3n f\u00edsica de ni\u00f1es durante la d\u00e9cada del 80 en Los Antiguos, el pueblo donde crec\u00ed, por el maestro Luis Ag\u00fcero que ejerci\u00f3 en la misma d\u00e9cada en el mismo pueblo, por una amiga de mi progenitor, por la madre de mi madre, por cada hombre adulto que pag\u00f3 para violarme cuando ten\u00eda solo 8 a\u00f1os de edad, por un hombre llamado Pablo que mi progenitor encontr\u00f3 viol\u00e1ndome y lo mat\u00f3 encima m\u00edo, \u201cporque \u00e9l no le hab\u00eda dado permiso para violarme\u201d.<\/strong><\/p>\n<p><strong>El tipo ven\u00eda escap\u00e1ndose del norte de chile, ah\u00ed hab\u00eda violado a otras personas.<\/strong><br \/>\n<strong>Les ni\u00f1es violades por su entorno intrafamiliar son carne de ca\u00f1\u00f3n, carecen de herramientas de defensa y si intentan protegerse, por lo general, el entorno les va a silenciar.<\/strong><br \/>\n<strong>Verbalice los avasallamientos a los que era sometida, recib\u00ed amenazas, golpes, silencio, abandono.<\/strong><br \/>\n<strong>No puedo dejar de mencionar que fu\u00ed ni\u00f1a post dictadura militar, el \u201cNo te met\u00e1s\u201d estaba a flor de piel, el da\u00f1o que dej\u00f3 en la sociedad la violencia del terrorismo de estado no fue poco, sino todo lo contrario.<\/strong><br \/>\n<strong>Lleg\u00f3 un momento en que ya no d\u00ed m\u00e1s y dej\u00e9 de usar mi memoria, los recuerdos traum\u00e1ticos quedaron bloqueados, qued\u00e9 hundida en un sin tiempo, casi totalmente desconectada de mi y del entorno, viv\u00eda por inercia.<\/strong><br \/>\n<strong>Cuando hice la denuncia, a mitad de mi veintena, me lleg\u00f3 un papel que dec\u00eda que la causa hab\u00eda prescripto, la \u201cjusticia\u201d que recib\u00ed del sistema judicial fue un papel donde me dec\u00edan que ya no se pod\u00eda hacer nada, hab\u00eda pasado demasiado tiempo, no hab\u00eda pruebas.<\/strong><br \/>\n<strong>Estuve quince a\u00f1os de mi vida recuperando y elaborando recuerdos, invert\u00ed quince a\u00f1os de mi vida en sanar las secuelas de toda la violencia que recib\u00ed, fue terriblemente dif\u00edcil pararme de los trastornos emocionales, psicol\u00f3gicos, f\u00edsicos, de las adicciones, de las conductas autodestructivas, de las ganas de matarme.<\/strong><br \/>\n<strong>15 a\u00f1os re-vivenciando el infierno, llorando, gritando, sintiendo en mi cuerpa, nuevamente, cada violaci\u00f3n, cada golpe, cada grito, cada tortura.<\/strong><br \/>\n<strong>Para quienes desconocen c\u00f3mo funciona, la \u00fanica manera de recuperar los recuerdos bloqueados es reviviendolos, cuando se desbloquean los sent\u00eds como nuevos, te est\u00e1n gritando, golpeando, violando, de nuevo.<\/strong><br \/>\n<strong>Pero lo logr\u00e9, logr\u00e9 salir, y este libro: \u201cEl abrazo conjunto\u201d, es una peque\u00f1a gu\u00eda para quienes necesiten recursos, herramientas, en ese camino de sanaci\u00f3n.<\/strong><br \/>\n<strong>Mi idea es que llegue a todo el mundo, traducirlo a otros idiomas, que siempre haya circulaci\u00f3n virtual gratuita del material para que cualquier persona pueda acceder a \u00e9l.<\/strong><br \/>\n<strong>Tambi\u00e9n vender muchos ejemplares, ac\u00e1 y en otros pa\u00edses, que el dinero sirva para que muchas organizaciones pueden ayudar a sobrevivientes de violencia sexual.<\/strong><br \/>\n<strong>Es urgente generar herramientas accesibles para acompa\u00f1ar a quienes necesitan salir del encierro que implica padecer las secuelas de este delito, es urgente.<\/strong><br \/>\n<strong>Pero lo urgente no debe hacernos perder de vista lo importante.<\/strong><br \/>\n<strong>Yo no quiero ser esta persona que soy.<\/strong><br \/>\n<strong>Agradezco haber sobrevivido, agradezco haber utilizado recursos pr\u00e1cticos, agradezco haber<\/strong><br \/>\n<strong>sanado, agradezco haber conocido a todas las personas que me dieron amor, agradezco mi<\/strong><br \/>\n<strong>coraje, mi valent\u00eda, mi persistencia, agradezco mi amor a la vida.<\/strong><br \/>\n<strong>Agradezco lo que hice conmigo misma.<\/strong><br \/>\n<strong>Agradezco mi presente, mi vida es hermosa actualmente.<\/strong><br \/>\n<strong>Realmente agradezco todo eso, pero no quiero ser esta persona que soy, solo lo acepto.<\/strong><br \/>\n<strong>Porque dar\u00eda cualquier cosa por tener un pasado diferente.<\/strong><br \/>\n<strong>Dar\u00eda cualquier cosa porque mi padre, mi madre, las personas que me rodeaban me hubieran amado y respetado en lugar de violarme, golpearme, insultarme, humillarme, dejarme al borde de la muerte.<\/strong><\/p>\n<p><strong>No quiero un futuro dentro de 100, 200 a\u00f1os, donde se siga romantizando y enalteciendo la fuerza de una persona sobreviviente de violencia sexual, donde admiremos que alguien pueda pararse del infierno y tener una vida feliz.<\/strong><br \/>\n<strong>Quiero un futuro dentro de 100, 200 a\u00f1os, donde el mundo sea distinto y las personas adultas no se sientan con el derecho de insultar, humillar, golpear, violar y asesinar a les ni\u00f1es y adolescentes.<\/strong><\/p>\n<p><strong>No quiero que este libro se siga vendiendo dentro de 200 a\u00f1os, quiero que no haya m\u00e1s v\u00edctimas.<\/strong><br \/>\n<strong>En este momento, alrededor de todo el mundo, millones de ni\u00f1es son violentades sexualmente, sus cuerpos son vendidos como mercanc\u00eda, se generan fotos y videos con las violaciones, se venden esos videos y esas fotos por internet, hombres de pa\u00edses ricos pagan para violar ni\u00f1es de pa\u00edses pobres.<\/strong><\/p>\n<p><strong>Adolescentes son secuestradas para ser explotadas sexualmente.<\/strong><br \/>\n<strong>Repito: SECUESTRAN adolescentes y las SOMETEN a violaciones y torturas de todo tipo.<\/strong><br \/>\n<strong>Las encuestas de pa\u00edses latinoamericanos dicen que alrededor de un 20\/30% de la poblaci\u00f3n adulta es sobreviviente de alg\u00fan tipo de violencia sexual en su infancia y o adolescencia, estas cifras se toman de casos denunciados.<\/strong><br \/>\n<strong>Menos del 10% de les sobrevivientes de violencia sexual realizan una denuncia.<\/strong><br \/>\n<strong>Eso quiere decir que m\u00e1s de la tercera parte de la poblaci\u00f3n adulta fue violentada sexualmente en la infancia y o adolescencia de alguna u otra manera.<\/strong><br \/>\n<strong>El mayor porcentaje de las violaciones es intrafamiliar.<\/strong><br \/>\n<strong>El mayor porcentaje de las violaciones intrafamiliares es por parte del progenitor.<\/strong><br \/>\n<strong>Eso quiere decir que el principal violador de ni\u00f1es y adolescentes es el progenitor de una familia heteronormada, y las principales v\u00edctimas son sus hijes.<\/strong><\/p>\n<p><strong>Este sistema en el que vivimos: patriarcal, adultoc\u00e9ntrico, capitalista, convierte a les ni\u00f1es y sobre todo a las ni\u00f1as, en un objeto puesto al servicio de quien ocupa la c\u00faspide de la pir\u00e1mide.<\/strong><\/p>\n<p><strong>El \u201chombre padre de familia\u201d<\/strong><br \/>\n<strong>La \u00fanica manera, para que dentro de 200 a\u00f1os este libro no se siga vendiendo, es derribando, por completo, el sistema en el que vivimos.<\/strong><\/p>\n<p><strong>Les ni\u00f1es no son propiedad de las personas adultas, hay que tirar abajo la supremac\u00eda del hombre-macho sobre todas las dem\u00e1s personas de la sociedad, las personas no son objetos de consumo, no se venden.<\/strong><\/p>\n<p><strong>En la actualidad les ni\u00f1es no tienen voz, a\u00fan cuando frente al sistema judicial se presenten claras pruebas de que sufrieron violencia sexual, el mismo sistema les deja a merced del violador.<\/strong><\/p>\n<p><strong>En este pa\u00eds, gracias al uso concreto o solapado del inexistente s\u00edndrome de alienaci\u00f3n parental, jueces machistas, mis\u00f3ginos y adultoc\u00e9ntricos le quitan la tenencia a la madre protectora y le entregan al violador la custodia para que pueda seguir violando todo lo que quiera.<\/strong><\/p>\n<p><strong>El mensaje es claro, las ganas de violar del progenitor son m\u00e1s importantes que les ni\u00f1es, que las madres protectoras, que la libertad, el amor y la justicia.<\/strong><\/p>\n<p><strong>Las violaciones a ni\u00f1es y adolescentes no son hechos aislados.<\/strong><br \/>\n<strong>Es una pr\u00e1ctica com\u00fan dentro de esta sociedad, pero completamente invisibilizada.<\/strong><br \/>\n<strong>\u201cEl delito m\u00e1s impune de la tierra\u201d como dir\u00eda un conocido ex-juez argentino.<\/strong><br \/>\n<strong>El terror, el p\u00e1nico, el dolor f\u00edsico, emocional, psicol\u00f3gico, espiritual de padecer violencia sexual cuando sos ni\u00f1e y o adolescente es algo que no se puede describir.<\/strong><br \/>\n<strong>Es abrumador.<\/strong><br \/>\n<strong>Yo cierro los ojos y recuerdo c\u00f3mo era estar ah\u00ed.<\/strong><br \/>\n<strong>Mis recuerdos son tan espantosos que parecen una pesadilla, pero fueron una realidad.<\/strong><br \/>\n<strong>Es esta sociedad, es esta estructura que no podemos seguir sosteniendo bajo ning\u00fan punto de vista.<\/strong><br \/>\n<strong>Los curas violan por d\u00e9cadas y solo son trasladados a otra parroquia.<\/strong><br \/>\n<strong>El actual papa encubri\u00f3 y encubre a curas y obispos violadores.<\/strong><br \/>\n<strong>No solo luchamos contra el patriarcado, el capitalismo y el adultocentrismo, sino contra las instituciones religiosas que son parte intr\u00ednseca del sistema.<\/strong><\/p>\n<p><strong>Contra el sistema judicial plagado de machistas, mis\u00f3ginos, adultoc\u00e9ntricos que est\u00e1n lejos de brindarnos justicia.<\/strong><br \/>\n<strong>Las personas adultas sobrevivientes no tienen recursos, brindados por el estado, para recuperarse de las secuelas. Lugares para hacer terapia, acompa\u00f1amiento legal.<\/strong><\/p>\n<p><strong>No hay empat\u00eda social frente a la tem\u00e1tica, hay verg\u00fcenza, miedo y ocultamiento.<\/strong><br \/>\n<strong>La mayor\u00eda de quienes han padecido violencia sexual en la infancia y adolescencia lo bloquean de la memoria y sufren muchos a\u00f1os, o toda la vida, las secuelas, sin poder verlas.<\/strong><\/p>\n<p><strong>Muchas muertes de ni\u00f1es son producto de violaciones, durante d\u00e9cadas fueron encubiertas por el sistema hospitalario.<\/strong><br \/>\n<strong>Llegu\u00e9 desmayada a un hospital del pueblo, me atendi\u00f3 el doctor Gatica, mi progenitor me hab\u00eda destrozado el ano en una violaci\u00f3n, pusieron que ten\u00eda gastroenteritis.<\/strong><\/p>\n<p><strong>Les adolescentes se suicidan por no poder soportar ser sobrevivientes o estar padeciendo violaciones.<\/strong><br \/>\n<strong>Personas adultas que no pueden con las secuelas se suicidan o est\u00e1n sumergidas en un mar de enfermedades mentales, adicciones o pastillas psiqui\u00e1tricas, no hay real conciencia de cu\u00e1nto puede afectarnos haber padecido violaciones de ni\u00f1es y o adolescentes, te lastiman el cuerpo, la cuerpa, el coraz\u00f3n, la mente y el esp\u00edritu.<\/strong><br \/>\n<strong>Las secuelas no prescriben f\u00e1cilmente, los delitos s\u00ed, as\u00ed que quienes violan siguen impunes y nosotres seguimos cargando con nuestras angustias.<\/strong><\/p>\n<p><strong>Los pro caca exponen a ni\u00f1as a una maternidad forzada cuando son violadas.<\/strong><br \/>\n<strong>Una ni\u00f1a amamantando a une ni\u00f1e producto de una violaci\u00f3n es un claro ejemplo de que como sociedad somos una mierda y que tenemos una gran deuda con les ni\u00f1es y les adolescentes.<\/strong><br \/>\n<strong>No alcanza el ensalzamiento individual de la resiliencia, necesitamos pol\u00edticas p\u00fablicas que detengan esta pandemia de una buena vez.<\/strong><\/p>\n<p><strong>No podemos seguir conviviendo con las violaciones sistem\u00e1ticas al sector m\u00e1s vulnerable de nuestra poblaci\u00f3n.<\/strong><br \/>\n<strong>No podemos seguir conviviendo con la venta de ni\u00f1es y adolescentes en el mercado de la explotaci\u00f3n sexual.<\/strong><br \/>\n<strong>No podemos seguir conviviendo con ni\u00f1as maternando hijes de violaciones.<\/strong><br \/>\n<strong>\u00bfQu\u00e9 tipo de sociedad somos que convivimos con esta aberraci\u00f3n, con este terrible avasallamiento de derechos?<\/strong><br \/>\n<strong>La mujer que soy, esta que logr\u00f3 levantarse de toda esa violencia desea, profundamente, la misma felicidad y la misma alegr\u00eda que siento por estar viva y poder amar, re\u00edr, bailar, cantar, tener placer, memoria, aceptaci\u00f3n del dolor, a cada sobreviviente sobre la tierra.<\/strong><br \/>\n<strong>Les deseo un presente que supere el pasado tr\u00e1gico.<\/strong><br \/>\n<strong>Les deseo esta conciencia que tengo sobre el pasado y el mismo enojo contra la realidad de un sistema que deja a les ni\u00f1es absolutamente vulnerables ante todas las violencias posibles.<\/strong><br \/>\n<strong>Le deseo a cada sobreviviente las mismas ganas de derribar esta sociedad tal y como est\u00e1 armada, as\u00ed, una sociedad donde pudieron golpearnos, humillarnos, violarnos, con total impunidad.<\/strong><br \/>\n<strong>Y la ni\u00f1a que fui, esa ni\u00f1a llena de terror, de p\u00e1nico, de angustia, de tristeza, de dolor, me exige y les exige que cambien el mundo.<\/strong><br \/>\n<strong>Nos debemos una sociedad mejor.<\/strong><br \/>\n<strong>Les debemos a les ni\u00f1es y adolescentes una sociedad mejor.\u00bb<\/strong><\/p>\n<p>Video completo: <strong><a href=\"https:\/\/drive.google.com\/file\/d\/1Lh5u0-BUCjBFjaA4LjBdOVf35dRJaHPG\/view?usp=sharing\">AQU\u00cd<\/a><\/strong><\/p>\n<\/div>\n<figure id=\"attachment_39184\" aria-describedby=\"caption-attachment-39184\" style=\"width: 577px\" class=\"wp-caption alignnone\"><img loading=\"lazy\" decoding=\"async\" class=\"size-full wp-image-39184\" src=\"https:\/\/diariofemenino.com.ar\/df\/wp-content\/uploads\/2019\/07\/5d41cbf45cd5f.jpg\" alt=\"Persecuci\u00f3n y censura a sobrevivientes de violencia sexual\" width=\"577\" height=\"537\" srcset=\"https:\/\/diariofemenino.com.ar\/df\/wp-content\/uploads\/2019\/07\/5d41cbf45cd5f.jpg 577w, https:\/\/diariofemenino.com.ar\/df\/wp-content\/uploads\/2019\/07\/5d41cbf45cd5f-300x279.jpg 300w\" sizes=\"auto, (max-width: 577px) 100vw, 577px\" \/><figcaption id=\"caption-attachment-39184\" class=\"wp-caption-text\">Persecuci\u00f3n y censura a sobrevivientes de violencia sexual<\/figcaption><\/figure>\n","protected":false},"excerpt":{"rendered":"<p>Persecuci\u00f3n y censura a sobrevivientes de violencia sexual Mari Blanca, o Mariposa Blanca iba a presentar su libro \u00abEl abrazo conjunto\u00bb en la Legislatura porte\u00f1a\u00a0por iniciativa de la diputada\u00a0Patricia Vischi\u00a0(legisladora que responde a\u00a0Mart\u00edn Lousteau\u00a0&#8211; Juntos por el Cambio), quien promovi\u00f3\u00a0 declaraci\u00f3n de Inter\u00e9s para la promoci\u00f3n y defensa de los derechos humanos al libro \u00abEl [&hellip;]<\/p>\n","protected":false},"author":4,"featured_media":39185,"comment_status":"open","ping_status":"open","sticky":false,"template":"","format":"standard","meta":{"iawp_total_views":7,"footnotes":""},"categories":[6,21,592],"tags":[477,234,1570,1829,1830,36],"class_list":["post-39183","post","type-post","status-publish","format-standard","has-post-thumbnail","hentry","category-articulos","category-noticias","category-violencias","tag-abuso-sexual-en-la-infancia","tag-censura","tag-legislatura-portena","tag-mari-blanca","tag-mariposa-blanca","tag-violencia-sexual"],"nelio_content":{"autoShareEndMode":"never","automationSources":{"useCustomSentences":false,"customSentences":[]},"efiAlt":"","efiUrl":"","followers":[4],"highlights":[],"isAutoShareEnabled":true,"networkImageIds":[],"permalinkQueryArgs":[],"series":[],"suggestedReferences":[]},"yoast_head":"<!-- This site is optimized with the Yoast SEO plugin v27.5 - https:\/\/yoast.com\/product\/yoast-seo-wordpress\/ -->\n<title>Persecuci\u00f3n y censura a sobrevivientes de violencia sexual - Diario Digital Femenino<\/title>\n<meta name=\"description\" content=\"Persecuci\u00f3n y censura a sobrevivientes de violencia sexual, Censuraron la presentaci\u00f3n y reconocimiento al libro de Mariposa Blanca &quot;El abrazo conjunto&quot;\" \/>\n<meta name=\"robots\" content=\"index, follow, max-snippet:-1, max-image-preview:large, max-video-preview:-1\" \/>\n<link rel=\"canonical\" href=\"https:\/\/diariofemenino.com.ar\/df\/persecucion-y-censura-a-sobrevivientes-de-violencia-sexual\/\" \/>\n<meta property=\"og:locale\" content=\"es_ES\" \/>\n<meta property=\"og:type\" content=\"article\" \/>\n<meta property=\"og:title\" content=\"Persecuci\u00f3n y censura a sobrevivientes de violencia sexual - Diario Digital Femenino\" \/>\n<meta property=\"og:description\" content=\"Persecuci\u00f3n y censura a sobrevivientes de violencia sexual, Censuraron la presentaci\u00f3n y reconocimiento al libro de Mariposa Blanca &quot;El abrazo conjunto&quot;\" \/>\n<meta property=\"og:url\" content=\"https:\/\/diariofemenino.com.ar\/df\/persecucion-y-censura-a-sobrevivientes-de-violencia-sexual\/\" \/>\n<meta property=\"og:site_name\" content=\"Diario Digital Femenino\" \/>\n<meta property=\"article:publisher\" content=\"https:\/\/www.facebook.com\/DiarioDigitaFemenino\/\" \/>\n<meta property=\"article:published_time\" content=\"2019-08-01T00:10:18+00:00\" \/>\n<meta property=\"og:image\" content=\"https:\/\/diariofemenino.com.ar\/df\/wp-content\/uploads\/2019\/07\/67316409_10216229311260223_5093815957332164608_o.jpg\" \/>\n\t<meta property=\"og:image:width\" content=\"1080\" \/>\n\t<meta property=\"og:image:height\" content=\"720\" \/>\n\t<meta property=\"og:image:type\" content=\"image\/jpeg\" \/>\n<meta name=\"author\" content=\"Admin\" \/>\n<meta name=\"twitter:card\" content=\"summary_large_image\" \/>\n<meta name=\"twitter:creator\" content=\"@DiarioFemenino1\" \/>\n<meta name=\"twitter:site\" content=\"@DiarioFemenino1\" \/>\n<meta name=\"twitter:label1\" content=\"Escrito por\" \/>\n\t<meta name=\"twitter:data1\" content=\"Admin\" \/>\n\t<meta name=\"twitter:label2\" content=\"Tiempo de lectura\" \/>\n\t<meta name=\"twitter:data2\" content=\"13 minutos\" \/>\n<script type=\"application\/ld+json\" class=\"yoast-schema-graph\">{\"@context\":\"https:\\\/\\\/schema.org\",\"@graph\":[{\"@type\":\"Article\",\"@id\":\"https:\\\/\\\/diariofemenino.com.ar\\\/df\\\/persecucion-y-censura-a-sobrevivientes-de-violencia-sexual\\\/#article\",\"isPartOf\":{\"@id\":\"https:\\\/\\\/diariofemenino.com.ar\\\/df\\\/persecucion-y-censura-a-sobrevivientes-de-violencia-sexual\\\/\"},\"author\":{\"name\":\"Admin\",\"@id\":\"https:\\\/\\\/diariofemenino.com.ar\\\/df\\\/#\\\/schema\\\/person\\\/bf6199e8158c657ea6f789b11ec85509\"},\"headline\":\"Persecuci\u00f3n y censura a sobrevivientes de violencia sexual\",\"datePublished\":\"2019-08-01T00:10:18+00:00\",\"mainEntityOfPage\":{\"@id\":\"https:\\\/\\\/diariofemenino.com.ar\\\/df\\\/persecucion-y-censura-a-sobrevivientes-de-violencia-sexual\\\/\"},\"wordCount\":2525,\"commentCount\":1,\"publisher\":{\"@id\":\"https:\\\/\\\/diariofemenino.com.ar\\\/df\\\/#organization\"},\"image\":{\"@id\":\"https:\\\/\\\/diariofemenino.com.ar\\\/df\\\/persecucion-y-censura-a-sobrevivientes-de-violencia-sexual\\\/#primaryimage\"},\"thumbnailUrl\":\"https:\\\/\\\/diariofemenino.com.ar\\\/df\\\/wp-content\\\/uploads\\\/2019\\\/07\\\/67316409_10216229311260223_5093815957332164608_o.jpg\",\"keywords\":[\"Abuso sexual en la infancia\",\"Censura\",\"Legislatura porte\u00f1a\",\"Mari Blanca\",\"Mariposa Blanca\",\"Violencia Sexual\"],\"articleSection\":[\"Mujeres en Palabras\",\"Noticias\",\"Violencias\"],\"inLanguage\":\"es\",\"potentialAction\":[{\"@type\":\"CommentAction\",\"name\":\"Comment\",\"target\":[\"https:\\\/\\\/diariofemenino.com.ar\\\/df\\\/persecucion-y-censura-a-sobrevivientes-de-violencia-sexual\\\/#respond\"]}]},{\"@type\":\"WebPage\",\"@id\":\"https:\\\/\\\/diariofemenino.com.ar\\\/df\\\/persecucion-y-censura-a-sobrevivientes-de-violencia-sexual\\\/\",\"url\":\"https:\\\/\\\/diariofemenino.com.ar\\\/df\\\/persecucion-y-censura-a-sobrevivientes-de-violencia-sexual\\\/\",\"name\":\"Persecuci\u00f3n y censura a sobrevivientes de violencia sexual - Diario Digital Femenino\",\"isPartOf\":{\"@id\":\"https:\\\/\\\/diariofemenino.com.ar\\\/df\\\/#website\"},\"primaryImageOfPage\":{\"@id\":\"https:\\\/\\\/diariofemenino.com.ar\\\/df\\\/persecucion-y-censura-a-sobrevivientes-de-violencia-sexual\\\/#primaryimage\"},\"image\":{\"@id\":\"https:\\\/\\\/diariofemenino.com.ar\\\/df\\\/persecucion-y-censura-a-sobrevivientes-de-violencia-sexual\\\/#primaryimage\"},\"thumbnailUrl\":\"https:\\\/\\\/diariofemenino.com.ar\\\/df\\\/wp-content\\\/uploads\\\/2019\\\/07\\\/67316409_10216229311260223_5093815957332164608_o.jpg\",\"datePublished\":\"2019-08-01T00:10:18+00:00\",\"description\":\"Persecuci\u00f3n y censura a sobrevivientes de violencia sexual, Censuraron la presentaci\u00f3n y reconocimiento al libro de Mariposa Blanca \\\"El abrazo conjunto\\\"\",\"breadcrumb\":{\"@id\":\"https:\\\/\\\/diariofemenino.com.ar\\\/df\\\/persecucion-y-censura-a-sobrevivientes-de-violencia-sexual\\\/#breadcrumb\"},\"inLanguage\":\"es\",\"potentialAction\":[{\"@type\":\"ReadAction\",\"target\":[\"https:\\\/\\\/diariofemenino.com.ar\\\/df\\\/persecucion-y-censura-a-sobrevivientes-de-violencia-sexual\\\/\"]}]},{\"@type\":\"ImageObject\",\"inLanguage\":\"es\",\"@id\":\"https:\\\/\\\/diariofemenino.com.ar\\\/df\\\/persecucion-y-censura-a-sobrevivientes-de-violencia-sexual\\\/#primaryimage\",\"url\":\"https:\\\/\\\/diariofemenino.com.ar\\\/df\\\/wp-content\\\/uploads\\\/2019\\\/07\\\/67316409_10216229311260223_5093815957332164608_o.jpg\",\"contentUrl\":\"https:\\\/\\\/diariofemenino.com.ar\\\/df\\\/wp-content\\\/uploads\\\/2019\\\/07\\\/67316409_10216229311260223_5093815957332164608_o.jpg\",\"width\":1080,\"height\":720,\"caption\":\"Persecuci\u00f3n y censura a sobrevivientes de violencia sexual\"},{\"@type\":\"BreadcrumbList\",\"@id\":\"https:\\\/\\\/diariofemenino.com.ar\\\/df\\\/persecucion-y-censura-a-sobrevivientes-de-violencia-sexual\\\/#breadcrumb\",\"itemListElement\":[{\"@type\":\"ListItem\",\"position\":1,\"name\":\"Portada\",\"item\":\"https:\\\/\\\/diariofemenino.com.ar\\\/df\\\/\"},{\"@type\":\"ListItem\",\"position\":2,\"name\":\"Persecuci\u00f3n y censura a sobrevivientes de violencia sexual\"}]},{\"@type\":\"WebSite\",\"@id\":\"https:\\\/\\\/diariofemenino.com.ar\\\/df\\\/#website\",\"url\":\"https:\\\/\\\/diariofemenino.com.ar\\\/df\\\/\",\"name\":\"Diario Digital Femenino\",\"description\":\"Cuesti\u00f3n de G\u00e9nero\",\"publisher\":{\"@id\":\"https:\\\/\\\/diariofemenino.com.ar\\\/df\\\/#organization\"},\"potentialAction\":[{\"@type\":\"SearchAction\",\"target\":{\"@type\":\"EntryPoint\",\"urlTemplate\":\"https:\\\/\\\/diariofemenino.com.ar\\\/df\\\/?s={search_term_string}\"},\"query-input\":{\"@type\":\"PropertyValueSpecification\",\"valueRequired\":true,\"valueName\":\"search_term_string\"}}],\"inLanguage\":\"es\"},{\"@type\":\"Organization\",\"@id\":\"https:\\\/\\\/diariofemenino.com.ar\\\/df\\\/#organization\",\"name\":\"Diario Femenino\",\"url\":\"https:\\\/\\\/diariofemenino.com.ar\\\/df\\\/\",\"logo\":{\"@type\":\"ImageObject\",\"inLanguage\":\"es\",\"@id\":\"https:\\\/\\\/diariofemenino.com.ar\\\/df\\\/#\\\/schema\\\/logo\\\/image\\\/\",\"url\":\"https:\\\/\\\/diariofemenino.com.ar\\\/df\\\/wp-content\\\/uploads\\\/2018\\\/10\\\/logo.png\",\"contentUrl\":\"https:\\\/\\\/diariofemenino.com.ar\\\/df\\\/wp-content\\\/uploads\\\/2018\\\/10\\\/logo.png\",\"width\":500,\"height\":92,\"caption\":\"Diario Femenino\"},\"image\":{\"@id\":\"https:\\\/\\\/diariofemenino.com.ar\\\/df\\\/#\\\/schema\\\/logo\\\/image\\\/\"},\"sameAs\":[\"https:\\\/\\\/www.facebook.com\\\/DiarioDigitaFemenino\\\/\",\"https:\\\/\\\/x.com\\\/DiarioFemenino1\"]},{\"@type\":\"Person\",\"@id\":\"https:\\\/\\\/diariofemenino.com.ar\\\/df\\\/#\\\/schema\\\/person\\\/bf6199e8158c657ea6f789b11ec85509\",\"name\":\"Admin\",\"image\":{\"@type\":\"ImageObject\",\"inLanguage\":\"es\",\"@id\":\"https:\\\/\\\/diariofemenino.com.ar\\\/df\\\/wp-content\\\/uploads\\\/2018\\\/12\\\/favicon-150x150.jpg\",\"url\":\"https:\\\/\\\/diariofemenino.com.ar\\\/df\\\/wp-content\\\/uploads\\\/2018\\\/12\\\/favicon-150x150.jpg\",\"contentUrl\":\"https:\\\/\\\/diariofemenino.com.ar\\\/df\\\/wp-content\\\/uploads\\\/2018\\\/12\\\/favicon-150x150.jpg\",\"caption\":\"Admin\"},\"url\":\"https:\\\/\\\/diariofemenino.com.ar\\\/df\\\/author\\\/lenny\\\/\"}]}<\/script>\n<!-- \/ Yoast SEO plugin. -->","yoast_head_json":{"title":"Persecuci\u00f3n y censura a sobrevivientes de violencia sexual - Diario Digital Femenino","description":"Persecuci\u00f3n y censura a sobrevivientes de violencia sexual, Censuraron la presentaci\u00f3n y reconocimiento al libro de Mariposa Blanca \"El abrazo conjunto\"","robots":{"index":"index","follow":"follow","max-snippet":"max-snippet:-1","max-image-preview":"max-image-preview:large","max-video-preview":"max-video-preview:-1"},"canonical":"https:\/\/diariofemenino.com.ar\/df\/persecucion-y-censura-a-sobrevivientes-de-violencia-sexual\/","og_locale":"es_ES","og_type":"article","og_title":"Persecuci\u00f3n y censura a sobrevivientes de violencia sexual - Diario Digital Femenino","og_description":"Persecuci\u00f3n y censura a sobrevivientes de violencia sexual, Censuraron la presentaci\u00f3n y reconocimiento al libro de Mariposa Blanca \"El abrazo conjunto\"","og_url":"https:\/\/diariofemenino.com.ar\/df\/persecucion-y-censura-a-sobrevivientes-de-violencia-sexual\/","og_site_name":"Diario Digital Femenino","article_publisher":"https:\/\/www.facebook.com\/DiarioDigitaFemenino\/","article_published_time":"2019-08-01T00:10:18+00:00","og_image":[{"width":1080,"height":720,"url":"https:\/\/diariofemenino.com.ar\/df\/wp-content\/uploads\/2019\/07\/67316409_10216229311260223_5093815957332164608_o.jpg","type":"image\/jpeg"}],"author":"Admin","twitter_card":"summary_large_image","twitter_creator":"@DiarioFemenino1","twitter_site":"@DiarioFemenino1","twitter_misc":{"Escrito por":"Admin","Tiempo de lectura":"13 minutos"},"schema":{"@context":"https:\/\/schema.org","@graph":[{"@type":"Article","@id":"https:\/\/diariofemenino.com.ar\/df\/persecucion-y-censura-a-sobrevivientes-de-violencia-sexual\/#article","isPartOf":{"@id":"https:\/\/diariofemenino.com.ar\/df\/persecucion-y-censura-a-sobrevivientes-de-violencia-sexual\/"},"author":{"name":"Admin","@id":"https:\/\/diariofemenino.com.ar\/df\/#\/schema\/person\/bf6199e8158c657ea6f789b11ec85509"},"headline":"Persecuci\u00f3n y censura a sobrevivientes de violencia sexual","datePublished":"2019-08-01T00:10:18+00:00","mainEntityOfPage":{"@id":"https:\/\/diariofemenino.com.ar\/df\/persecucion-y-censura-a-sobrevivientes-de-violencia-sexual\/"},"wordCount":2525,"commentCount":1,"publisher":{"@id":"https:\/\/diariofemenino.com.ar\/df\/#organization"},"image":{"@id":"https:\/\/diariofemenino.com.ar\/df\/persecucion-y-censura-a-sobrevivientes-de-violencia-sexual\/#primaryimage"},"thumbnailUrl":"https:\/\/diariofemenino.com.ar\/df\/wp-content\/uploads\/2019\/07\/67316409_10216229311260223_5093815957332164608_o.jpg","keywords":["Abuso sexual en la infancia","Censura","Legislatura porte\u00f1a","Mari Blanca","Mariposa Blanca","Violencia Sexual"],"articleSection":["Mujeres en Palabras","Noticias","Violencias"],"inLanguage":"es","potentialAction":[{"@type":"CommentAction","name":"Comment","target":["https:\/\/diariofemenino.com.ar\/df\/persecucion-y-censura-a-sobrevivientes-de-violencia-sexual\/#respond"]}]},{"@type":"WebPage","@id":"https:\/\/diariofemenino.com.ar\/df\/persecucion-y-censura-a-sobrevivientes-de-violencia-sexual\/","url":"https:\/\/diariofemenino.com.ar\/df\/persecucion-y-censura-a-sobrevivientes-de-violencia-sexual\/","name":"Persecuci\u00f3n y censura a sobrevivientes de violencia sexual - Diario Digital Femenino","isPartOf":{"@id":"https:\/\/diariofemenino.com.ar\/df\/#website"},"primaryImageOfPage":{"@id":"https:\/\/diariofemenino.com.ar\/df\/persecucion-y-censura-a-sobrevivientes-de-violencia-sexual\/#primaryimage"},"image":{"@id":"https:\/\/diariofemenino.com.ar\/df\/persecucion-y-censura-a-sobrevivientes-de-violencia-sexual\/#primaryimage"},"thumbnailUrl":"https:\/\/diariofemenino.com.ar\/df\/wp-content\/uploads\/2019\/07\/67316409_10216229311260223_5093815957332164608_o.jpg","datePublished":"2019-08-01T00:10:18+00:00","description":"Persecuci\u00f3n y censura a sobrevivientes de violencia sexual, Censuraron la presentaci\u00f3n y reconocimiento al libro de Mariposa Blanca \"El abrazo conjunto\"","breadcrumb":{"@id":"https:\/\/diariofemenino.com.ar\/df\/persecucion-y-censura-a-sobrevivientes-de-violencia-sexual\/#breadcrumb"},"inLanguage":"es","potentialAction":[{"@type":"ReadAction","target":["https:\/\/diariofemenino.com.ar\/df\/persecucion-y-censura-a-sobrevivientes-de-violencia-sexual\/"]}]},{"@type":"ImageObject","inLanguage":"es","@id":"https:\/\/diariofemenino.com.ar\/df\/persecucion-y-censura-a-sobrevivientes-de-violencia-sexual\/#primaryimage","url":"https:\/\/diariofemenino.com.ar\/df\/wp-content\/uploads\/2019\/07\/67316409_10216229311260223_5093815957332164608_o.jpg","contentUrl":"https:\/\/diariofemenino.com.ar\/df\/wp-content\/uploads\/2019\/07\/67316409_10216229311260223_5093815957332164608_o.jpg","width":1080,"height":720,"caption":"Persecuci\u00f3n y censura a sobrevivientes de violencia sexual"},{"@type":"BreadcrumbList","@id":"https:\/\/diariofemenino.com.ar\/df\/persecucion-y-censura-a-sobrevivientes-de-violencia-sexual\/#breadcrumb","itemListElement":[{"@type":"ListItem","position":1,"name":"Portada","item":"https:\/\/diariofemenino.com.ar\/df\/"},{"@type":"ListItem","position":2,"name":"Persecuci\u00f3n y censura a sobrevivientes de violencia sexual"}]},{"@type":"WebSite","@id":"https:\/\/diariofemenino.com.ar\/df\/#website","url":"https:\/\/diariofemenino.com.ar\/df\/","name":"Diario Digital Femenino","description":"Cuesti\u00f3n de G\u00e9nero","publisher":{"@id":"https:\/\/diariofemenino.com.ar\/df\/#organization"},"potentialAction":[{"@type":"SearchAction","target":{"@type":"EntryPoint","urlTemplate":"https:\/\/diariofemenino.com.ar\/df\/?s={search_term_string}"},"query-input":{"@type":"PropertyValueSpecification","valueRequired":true,"valueName":"search_term_string"}}],"inLanguage":"es"},{"@type":"Organization","@id":"https:\/\/diariofemenino.com.ar\/df\/#organization","name":"Diario Femenino","url":"https:\/\/diariofemenino.com.ar\/df\/","logo":{"@type":"ImageObject","inLanguage":"es","@id":"https:\/\/diariofemenino.com.ar\/df\/#\/schema\/logo\/image\/","url":"https:\/\/diariofemenino.com.ar\/df\/wp-content\/uploads\/2018\/10\/logo.png","contentUrl":"https:\/\/diariofemenino.com.ar\/df\/wp-content\/uploads\/2018\/10\/logo.png","width":500,"height":92,"caption":"Diario Femenino"},"image":{"@id":"https:\/\/diariofemenino.com.ar\/df\/#\/schema\/logo\/image\/"},"sameAs":["https:\/\/www.facebook.com\/DiarioDigitaFemenino\/","https:\/\/x.com\/DiarioFemenino1"]},{"@type":"Person","@id":"https:\/\/diariofemenino.com.ar\/df\/#\/schema\/person\/bf6199e8158c657ea6f789b11ec85509","name":"Admin","image":{"@type":"ImageObject","inLanguage":"es","@id":"https:\/\/diariofemenino.com.ar\/df\/wp-content\/uploads\/2018\/12\/favicon-150x150.jpg","url":"https:\/\/diariofemenino.com.ar\/df\/wp-content\/uploads\/2018\/12\/favicon-150x150.jpg","contentUrl":"https:\/\/diariofemenino.com.ar\/df\/wp-content\/uploads\/2018\/12\/favicon-150x150.jpg","caption":"Admin"},"url":"https:\/\/diariofemenino.com.ar\/df\/author\/lenny\/"}]}},"jetpack_featured_media_url":"https:\/\/diariofemenino.com.ar\/df\/wp-content\/uploads\/2019\/07\/67316409_10216229311260223_5093815957332164608_o.jpg","jetpack_sharing_enabled":true,"rttpg_featured_image_url":{"full":["https:\/\/diariofemenino.com.ar\/df\/wp-content\/uploads\/2019\/07\/67316409_10216229311260223_5093815957332164608_o.jpg",1080,720,false],"landscape":["https:\/\/diariofemenino.com.ar\/df\/wp-content\/uploads\/2019\/07\/67316409_10216229311260223_5093815957332164608_o.jpg",1080,720,false],"portraits":["https:\/\/diariofemenino.com.ar\/df\/wp-content\/uploads\/2019\/07\/67316409_10216229311260223_5093815957332164608_o.jpg",1080,720,false],"thumbnail":["https:\/\/diariofemenino.com.ar\/df\/wp-content\/uploads\/2019\/07\/67316409_10216229311260223_5093815957332164608_o-150x150.jpg",150,150,true],"medium":["https:\/\/diariofemenino.com.ar\/df\/wp-content\/uploads\/2019\/07\/67316409_10216229311260223_5093815957332164608_o-300x200.jpg",300,200,true],"large":["https:\/\/diariofemenino.com.ar\/df\/wp-content\/uploads\/2019\/07\/67316409_10216229311260223_5093815957332164608_o-1024x683.jpg",1024,683,true],"1536x1536":["https:\/\/diariofemenino.com.ar\/df\/wp-content\/uploads\/2019\/07\/67316409_10216229311260223_5093815957332164608_o.jpg",1080,720,false],"2048x2048":["https:\/\/diariofemenino.com.ar\/df\/wp-content\/uploads\/2019\/07\/67316409_10216229311260223_5093815957332164608_o.jpg",1080,720,false]},"rttpg_author":{"display_name":"Admin","author_link":"https:\/\/diariofemenino.com.ar\/df\/author\/lenny\/"},"rttpg_comment":1,"rttpg_category":"<a href=\"https:\/\/diariofemenino.com.ar\/df\/category\/articulos\/\" rel=\"category tag\">Mujeres en Palabras<\/a> <a href=\"https:\/\/diariofemenino.com.ar\/df\/category\/noticias\/\" rel=\"category tag\">Noticias<\/a> <a href=\"https:\/\/diariofemenino.com.ar\/df\/category\/violencias\/\" rel=\"category tag\">Violencias<\/a>","rttpg_excerpt":"Persecuci\u00f3n y censura a sobrevivientes de violencia sexual Mari Blanca, o Mariposa Blanca iba a presentar su libro \u00abEl abrazo conjunto\u00bb en la Legislatura porte\u00f1a\u00a0por iniciativa de la diputada\u00a0Patricia Vischi\u00a0(legisladora que responde a\u00a0Mart\u00edn Lousteau\u00a0&#8211; Juntos por el Cambio), quien promovi\u00f3\u00a0 declaraci\u00f3n de Inter\u00e9s para la promoci\u00f3n y defensa de los derechos humanos al libro \u00abEl&hellip;","_links":{"self":[{"href":"https:\/\/diariofemenino.com.ar\/df\/wp-json\/wp\/v2\/posts\/39183","targetHints":{"allow":["GET"]}}],"collection":[{"href":"https:\/\/diariofemenino.com.ar\/df\/wp-json\/wp\/v2\/posts"}],"about":[{"href":"https:\/\/diariofemenino.com.ar\/df\/wp-json\/wp\/v2\/types\/post"}],"author":[{"embeddable":true,"href":"https:\/\/diariofemenino.com.ar\/df\/wp-json\/wp\/v2\/users\/4"}],"replies":[{"embeddable":true,"href":"https:\/\/diariofemenino.com.ar\/df\/wp-json\/wp\/v2\/comments?post=39183"}],"version-history":[{"count":0,"href":"https:\/\/diariofemenino.com.ar\/df\/wp-json\/wp\/v2\/posts\/39183\/revisions"}],"wp:featuredmedia":[{"embeddable":true,"href":"https:\/\/diariofemenino.com.ar\/df\/wp-json\/wp\/v2\/media\/39185"}],"wp:attachment":[{"href":"https:\/\/diariofemenino.com.ar\/df\/wp-json\/wp\/v2\/media?parent=39183"}],"wp:term":[{"taxonomy":"category","embeddable":true,"href":"https:\/\/diariofemenino.com.ar\/df\/wp-json\/wp\/v2\/categories?post=39183"},{"taxonomy":"post_tag","embeddable":true,"href":"https:\/\/diariofemenino.com.ar\/df\/wp-json\/wp\/v2\/tags?post=39183"}],"curies":[{"name":"wp","href":"https:\/\/api.w.org\/{rel}","templated":true}]}}