{"id":39171,"date":"2019-07-31T17:35:55","date_gmt":"2019-07-31T20:35:55","guid":{"rendered":"https:\/\/diariofemenino.com.ar\/?p=39171"},"modified":"2019-07-31T17:35:55","modified_gmt":"2019-07-31T20:35:55","slug":"amnistia-internacional-lanza-una-campana-para-comprometer-al-congreso-con-la-ive","status":"publish","type":"post","link":"https:\/\/diariofemenino.com.ar\/df\/amnistia-internacional-lanza-una-campana-para-comprometer-al-congreso-con-la-ive\/","title":{"rendered":"Amnist\u00eda Internacional lanza una campa\u00f1a para comprometer al Congreso con la IVE"},"content":{"rendered":"<h2 style=\"text-align: center;\">Amnist\u00eda Internacional lanza una campa\u00f1a para comprometer al Congreso con la IVE<\/h2>\n<p>La campa\u00f1a #MiHistoriaCuenta, cuenta con una plataforma donde se visibilizar\u00e1 la posici\u00f3n de los candidatos a legisladores respecto al proyecto de ley de Interrupci\u00f3n Voluntaria del Embarazo (IVE), en el marco de la actual campa\u00f1a electoral.<\/p>\n<div class=\"addthis_custom_sharing\" data-url=\"https:\/\/www.telam.com.ar\/notas\/201907\/379863-amnistia-internacional-lanza-una-campana-para-comprometer-al-congreso-con-la-ive.html\" data-title=\"Amnist\u00eda Internacional lanza una campa\u00f1a para comprometer al Congreso con la IVE\" data-description=\"La campa\u00f1a #MiHistoriaCuenta, cuenta con una plataforma donde se visibilizar\u00e1 la posici\u00f3n de los candidatos a legisladores respecto al proyecto de ley de Interrupci\u00f3n Voluntaria del Embarazo (IVE), en el marco de la actual campa\u00f1a electoral.\">\n<div id=\"atstbx\" class=\"at-resp-share-element at-style-responsive addthis-smartlayers addthis-animated at4-show\" role=\"region\" aria-labelledby=\"at-8c92a175-8cdd-475a-bc8a-7cc85f492407\">\n<div class=\"at-share-btn-elements\">En #MiHistoriaCuenta, quienes votaron a favor del proyecto de IVE en 2018 aparecer\u00e1n identificados con un coraz\u00f3n verde y quienes lo hicieron en contra con una percha, emblema que public\u00f3 AI el a\u00f1o pasado en la contratapa del New York Times como s\u00edmbolo de las condiciones a las que se someten las mujeres que afrontan un aborto clandestino.<\/p>\n<p>\u00abEl a\u00f1o pasado el presidente Mauricio Macri habilit\u00f3 el debate sobre la despenalizaci\u00f3n del aborto, logrando que se instale en la sociedad como un tema de gran relevancia\u00bb, se\u00f1al\u00f3 Mariela Belski, directora ejecutiva de Amnist\u00eda Internacional Argentina.<\/p>\n<p>Y agreg\u00f3 que \u00abpor eso, en este per\u00edodo electoral gran parte de la sociedad demanda conocer la posici\u00f3n de los diversos candidatos y candidatas. Muchos j\u00f3venes decidir\u00e1n su voto en torno a este tema\u00bb.<\/p>\n<p>\u00abEn la plataforma -que se ir\u00e1 actualizando a medida que se definan los candidatos- tambi\u00e9n podr\u00e1 encontrarse informaci\u00f3n con datos y cifras que reflejan la necesidad de un Congreso alerta para la implementaci\u00f3n de pol\u00edticas p\u00fablicas respetuosas de los derechos sexuales y reproductivos\u00bb, seg\u00fan el comunicado de AI en el que lanz\u00f3 la campa\u00f1a.<\/p>\n<p>En la web tambi\u00e9n se podr\u00e1 firmar a favor de la implementaci\u00f3n de la ley interrupci\u00f3n voluntaria del embarazo en Argentina.<\/p>\n<p>\u00abEl petitorio de AI ya tiene m\u00e1s de 200.000 firmas y seguir\u00e1 actualiz\u00e1ndose hasta que el pa\u00eds cuente con una ley de aborto que proteja a las mujeres\u00bb, agreg\u00f3 el comunicado.<\/p>\n<p>En una segunda etapa, la plataforma recopilar\u00e1 diferentes historias en formato video con el objetivo de inspirar sobre la importancia de anteponer la salud p\u00fablica a las opiniones personales.<\/p><\/div>\n<\/div>\n<\/div>\n<div><\/div>\n<div><img loading=\"lazy\" decoding=\"async\" class=\"alignnone size-full wp-image-39172\" src=\"https:\/\/diariofemenino.com.ar\/df\/wp-content\/uploads\/2019\/07\/ive-660x330.jpg\" alt=\"Amnist\u00eda Internacional lanza una campa\u00f1a para comprometer al Congreso con la IVE\" width=\"660\" height=\"330\" srcset=\"https:\/\/diariofemenino.com.ar\/df\/wp-content\/uploads\/2019\/07\/ive-660x330.jpg 660w, https:\/\/diariofemenino.com.ar\/df\/wp-content\/uploads\/2019\/07\/ive-660x330-300x150.jpg 300w\" sizes=\"auto, (max-width: 660px) 100vw, 660px\" \/><\/div>\n<div><\/div>\n<div>Fuente: <a href=\"https:\/\/www.telam.com.ar\/notas\/201907\/379863-amnistia-internacional-lanza-una-campana-para-comprometer-al-congreso-con-la-ive.html\">Telam<\/a><\/div>\n","protected":false},"excerpt":{"rendered":"<p>Amnist\u00eda Internacional lanza una campa\u00f1a para comprometer al Congreso con la IVE La campa\u00f1a #MiHistoriaCuenta, cuenta con una plataforma donde se visibilizar\u00e1 la posici\u00f3n de los candidatos a legisladores respecto al proyecto de ley de Interrupci\u00f3n Voluntaria del Embarazo (IVE), en el marco de la actual campa\u00f1a electoral. En #MiHistoriaCuenta, quienes votaron a favor del [&hellip;]<\/p>\n","protected":false},"author":3,"featured_media":39174,"comment_status":"open","ping_status":"open","sticky":false,"template":"","format":"standard","meta":{"iawp_total_views":2,"footnotes":""},"categories":[22],"tags":[1245,417,1476,1826,1827,1483],"class_list":["post-39171","post","type-post","status-publish","format-standard","has-post-thumbnail","hentry","category-aborto","tag-proyectoive2019","tag-aborto-legal","tag-aborto-interrupcion-voluntaria-del-embarazo","tag-congreso-verde","tag-interrupcion-voluntaria-del-embarazo","tag-ive"],"nelio_content":{"autoShareEndMode":"never","automationSources":{"useCustomSentences":false,"customSentences":[]},"efiAlt":"","efiUrl":"","followers":[3],"highlights":[],"isAutoShareEnabled":true,"networkImageIds":[],"permalinkQueryArgs":[],"series":[],"suggestedReferences":[]},"yoast_head":"<!-- This site is optimized with the Yoast SEO plugin v27.5 - https:\/\/yoast.com\/product\/yoast-seo-wordpress\/ -->\n<title>Amnist\u00eda Internacional lanza una campa\u00f1a para comprometer al Congreso con la IVE - Diario Digital Femenino<\/title>\n<meta name=\"description\" content=\"Amnist\u00eda Internacional lanza una campa\u00f1a para comprometer al Congreso con la IVELa campa\u00f1a #MiHistoriaCuenta, cuenta con una plataforma donde\" \/>\n<meta name=\"robots\" content=\"index, follow, max-snippet:-1, max-image-preview:large, max-video-preview:-1\" \/>\n<link rel=\"canonical\" href=\"https:\/\/diariofemenino.com.ar\/df\/amnistia-internacional-lanza-una-campana-para-comprometer-al-congreso-con-la-ive\/\" \/>\n<meta property=\"og:locale\" content=\"es_ES\" \/>\n<meta property=\"og:type\" content=\"article\" \/>\n<meta property=\"og:title\" content=\"Amnist\u00eda Internacional lanza una campa\u00f1a para comprometer al Congreso con la IVE - Diario Digital Femenino\" \/>\n<meta property=\"og:description\" content=\"Amnist\u00eda Internacional lanza una campa\u00f1a para comprometer al Congreso con la IVELa campa\u00f1a #MiHistoriaCuenta, cuenta con una plataforma donde\" \/>\n<meta property=\"og:url\" content=\"https:\/\/diariofemenino.com.ar\/df\/amnistia-internacional-lanza-una-campana-para-comprometer-al-congreso-con-la-ive\/\" \/>\n<meta property=\"og:site_name\" content=\"Diario Digital Femenino\" \/>\n<meta property=\"article:publisher\" content=\"https:\/\/www.facebook.com\/DiarioDigitaFemenino\/\" \/>\n<meta property=\"article:published_time\" content=\"2019-07-31T20:35:55+00:00\" \/>\n<meta property=\"og:image\" content=\"https:\/\/diariofemenino.com.ar\/df\/wp-content\/uploads\/2019\/07\/5b22c70a1656d_1004x565.jpg\" \/>\n\t<meta property=\"og:image:width\" content=\"1004\" \/>\n\t<meta property=\"og:image:height\" content=\"565\" \/>\n\t<meta property=\"og:image:type\" content=\"image\/jpeg\" \/>\n<meta name=\"author\" content=\"Admin\" \/>\n<meta name=\"twitter:card\" content=\"summary_large_image\" \/>\n<meta name=\"twitter:creator\" content=\"@DiarioFemenino1\" \/>\n<meta name=\"twitter:site\" content=\"@DiarioFemenino1\" \/>\n<meta name=\"twitter:label1\" content=\"Escrito por\" \/>\n\t<meta name=\"twitter:data1\" content=\"Admin\" \/>\n\t<meta name=\"twitter:label2\" content=\"Tiempo de lectura\" \/>\n\t<meta name=\"twitter:data2\" content=\"2 minutos\" \/>\n<script type=\"application\/ld+json\" class=\"yoast-schema-graph\">{\"@context\":\"https:\\\/\\\/schema.org\",\"@graph\":[{\"@type\":\"Article\",\"@id\":\"https:\\\/\\\/diariofemenino.com.ar\\\/df\\\/amnistia-internacional-lanza-una-campana-para-comprometer-al-congreso-con-la-ive\\\/#article\",\"isPartOf\":{\"@id\":\"https:\\\/\\\/diariofemenino.com.ar\\\/df\\\/amnistia-internacional-lanza-una-campana-para-comprometer-al-congreso-con-la-ive\\\/\"},\"author\":{\"name\":\"Admin\",\"@id\":\"https:\\\/\\\/diariofemenino.com.ar\\\/df\\\/#\\\/schema\\\/person\\\/1c36bc3bf394d8ec320814298b4fdd3f\"},\"headline\":\"Amnist\u00eda Internacional lanza una campa\u00f1a para comprometer al Congreso con la IVE\",\"datePublished\":\"2019-07-31T20:35:55+00:00\",\"mainEntityOfPage\":{\"@id\":\"https:\\\/\\\/diariofemenino.com.ar\\\/df\\\/amnistia-internacional-lanza-una-campana-para-comprometer-al-congreso-con-la-ive\\\/\"},\"wordCount\":358,\"commentCount\":0,\"publisher\":{\"@id\":\"https:\\\/\\\/diariofemenino.com.ar\\\/df\\\/#organization\"},\"image\":{\"@id\":\"https:\\\/\\\/diariofemenino.com.ar\\\/df\\\/amnistia-internacional-lanza-una-campana-para-comprometer-al-congreso-con-la-ive\\\/#primaryimage\"},\"thumbnailUrl\":\"https:\\\/\\\/diariofemenino.com.ar\\\/df\\\/wp-content\\\/uploads\\\/2019\\\/07\\\/5b22c70a1656d_1004x565.jpg\",\"keywords\":[\"#ProyectoIVE2019\",\"Aborto legal\",\"Aborto. Interrupci\u00f3n voluntaria del embarazo\",\"congreso verde\",\"interrupcion voluntaria del embarazo\",\"IVE\"],\"articleSection\":[\"Aborto\"],\"inLanguage\":\"es\",\"potentialAction\":[{\"@type\":\"CommentAction\",\"name\":\"Comment\",\"target\":[\"https:\\\/\\\/diariofemenino.com.ar\\\/df\\\/amnistia-internacional-lanza-una-campana-para-comprometer-al-congreso-con-la-ive\\\/#respond\"]}]},{\"@type\":\"WebPage\",\"@id\":\"https:\\\/\\\/diariofemenino.com.ar\\\/df\\\/amnistia-internacional-lanza-una-campana-para-comprometer-al-congreso-con-la-ive\\\/\",\"url\":\"https:\\\/\\\/diariofemenino.com.ar\\\/df\\\/amnistia-internacional-lanza-una-campana-para-comprometer-al-congreso-con-la-ive\\\/\",\"name\":\"Amnist\u00eda Internacional lanza una campa\u00f1a para comprometer al Congreso con la IVE - Diario Digital Femenino\",\"isPartOf\":{\"@id\":\"https:\\\/\\\/diariofemenino.com.ar\\\/df\\\/#website\"},\"primaryImageOfPage\":{\"@id\":\"https:\\\/\\\/diariofemenino.com.ar\\\/df\\\/amnistia-internacional-lanza-una-campana-para-comprometer-al-congreso-con-la-ive\\\/#primaryimage\"},\"image\":{\"@id\":\"https:\\\/\\\/diariofemenino.com.ar\\\/df\\\/amnistia-internacional-lanza-una-campana-para-comprometer-al-congreso-con-la-ive\\\/#primaryimage\"},\"thumbnailUrl\":\"https:\\\/\\\/diariofemenino.com.ar\\\/df\\\/wp-content\\\/uploads\\\/2019\\\/07\\\/5b22c70a1656d_1004x565.jpg\",\"datePublished\":\"2019-07-31T20:35:55+00:00\",\"description\":\"Amnist\u00eda Internacional lanza una campa\u00f1a para comprometer al Congreso con la IVELa campa\u00f1a #MiHistoriaCuenta, cuenta con una plataforma donde\",\"breadcrumb\":{\"@id\":\"https:\\\/\\\/diariofemenino.com.ar\\\/df\\\/amnistia-internacional-lanza-una-campana-para-comprometer-al-congreso-con-la-ive\\\/#breadcrumb\"},\"inLanguage\":\"es\",\"potentialAction\":[{\"@type\":\"ReadAction\",\"target\":[\"https:\\\/\\\/diariofemenino.com.ar\\\/df\\\/amnistia-internacional-lanza-una-campana-para-comprometer-al-congreso-con-la-ive\\\/\"]}]},{\"@type\":\"ImageObject\",\"inLanguage\":\"es\",\"@id\":\"https:\\\/\\\/diariofemenino.com.ar\\\/df\\\/amnistia-internacional-lanza-una-campana-para-comprometer-al-congreso-con-la-ive\\\/#primaryimage\",\"url\":\"https:\\\/\\\/diariofemenino.com.ar\\\/df\\\/wp-content\\\/uploads\\\/2019\\\/07\\\/5b22c70a1656d_1004x565.jpg\",\"contentUrl\":\"https:\\\/\\\/diariofemenino.com.ar\\\/df\\\/wp-content\\\/uploads\\\/2019\\\/07\\\/5b22c70a1656d_1004x565.jpg\",\"width\":1004,\"height\":565},{\"@type\":\"BreadcrumbList\",\"@id\":\"https:\\\/\\\/diariofemenino.com.ar\\\/df\\\/amnistia-internacional-lanza-una-campana-para-comprometer-al-congreso-con-la-ive\\\/#breadcrumb\",\"itemListElement\":[{\"@type\":\"ListItem\",\"position\":1,\"name\":\"Portada\",\"item\":\"https:\\\/\\\/diariofemenino.com.ar\\\/df\\\/\"},{\"@type\":\"ListItem\",\"position\":2,\"name\":\"Amnist\u00eda Internacional lanza una campa\u00f1a para comprometer al Congreso con la IVE\"}]},{\"@type\":\"WebSite\",\"@id\":\"https:\\\/\\\/diariofemenino.com.ar\\\/df\\\/#website\",\"url\":\"https:\\\/\\\/diariofemenino.com.ar\\\/df\\\/\",\"name\":\"Diario Digital Femenino\",\"description\":\"Cuesti\u00f3n de G\u00e9nero\",\"publisher\":{\"@id\":\"https:\\\/\\\/diariofemenino.com.ar\\\/df\\\/#organization\"},\"potentialAction\":[{\"@type\":\"SearchAction\",\"target\":{\"@type\":\"EntryPoint\",\"urlTemplate\":\"https:\\\/\\\/diariofemenino.com.ar\\\/df\\\/?s={search_term_string}\"},\"query-input\":{\"@type\":\"PropertyValueSpecification\",\"valueRequired\":true,\"valueName\":\"search_term_string\"}}],\"inLanguage\":\"es\"},{\"@type\":\"Organization\",\"@id\":\"https:\\\/\\\/diariofemenino.com.ar\\\/df\\\/#organization\",\"name\":\"Diario Femenino\",\"url\":\"https:\\\/\\\/diariofemenino.com.ar\\\/df\\\/\",\"logo\":{\"@type\":\"ImageObject\",\"inLanguage\":\"es\",\"@id\":\"https:\\\/\\\/diariofemenino.com.ar\\\/df\\\/#\\\/schema\\\/logo\\\/image\\\/\",\"url\":\"https:\\\/\\\/diariofemenino.com.ar\\\/df\\\/wp-content\\\/uploads\\\/2018\\\/10\\\/logo.png\",\"contentUrl\":\"https:\\\/\\\/diariofemenino.com.ar\\\/df\\\/wp-content\\\/uploads\\\/2018\\\/10\\\/logo.png\",\"width\":500,\"height\":92,\"caption\":\"Diario Femenino\"},\"image\":{\"@id\":\"https:\\\/\\\/diariofemenino.com.ar\\\/df\\\/#\\\/schema\\\/logo\\\/image\\\/\"},\"sameAs\":[\"https:\\\/\\\/www.facebook.com\\\/DiarioDigitaFemenino\\\/\",\"https:\\\/\\\/x.com\\\/DiarioFemenino1\"]},{\"@type\":\"Person\",\"@id\":\"https:\\\/\\\/diariofemenino.com.ar\\\/df\\\/#\\\/schema\\\/person\\\/1c36bc3bf394d8ec320814298b4fdd3f\",\"name\":\"Admin\",\"image\":{\"@type\":\"ImageObject\",\"inLanguage\":\"es\",\"@id\":\"https:\\\/\\\/diariofemenino.com.ar\\\/df\\\/wp-content\\\/uploads\\\/2018\\\/12\\\/favicon-150x150.jpg\",\"url\":\"https:\\\/\\\/diariofemenino.com.ar\\\/df\\\/wp-content\\\/uploads\\\/2018\\\/12\\\/favicon-150x150.jpg\",\"contentUrl\":\"https:\\\/\\\/diariofemenino.com.ar\\\/df\\\/wp-content\\\/uploads\\\/2018\\\/12\\\/favicon-150x150.jpg\",\"caption\":\"Admin\"},\"url\":\"https:\\\/\\\/diariofemenino.com.ar\\\/df\\\/author\\\/sofiperez\\\/\"}]}<\/script>\n<!-- \/ Yoast SEO plugin. -->","yoast_head_json":{"title":"Amnist\u00eda Internacional lanza una campa\u00f1a para comprometer al Congreso con la IVE - Diario Digital Femenino","description":"Amnist\u00eda Internacional lanza una campa\u00f1a para comprometer al Congreso con la IVELa campa\u00f1a #MiHistoriaCuenta, cuenta con una plataforma donde","robots":{"index":"index","follow":"follow","max-snippet":"max-snippet:-1","max-image-preview":"max-image-preview:large","max-video-preview":"max-video-preview:-1"},"canonical":"https:\/\/diariofemenino.com.ar\/df\/amnistia-internacional-lanza-una-campana-para-comprometer-al-congreso-con-la-ive\/","og_locale":"es_ES","og_type":"article","og_title":"Amnist\u00eda Internacional lanza una campa\u00f1a para comprometer al Congreso con la IVE - Diario Digital Femenino","og_description":"Amnist\u00eda Internacional lanza una campa\u00f1a para comprometer al Congreso con la IVELa campa\u00f1a #MiHistoriaCuenta, cuenta con una plataforma donde","og_url":"https:\/\/diariofemenino.com.ar\/df\/amnistia-internacional-lanza-una-campana-para-comprometer-al-congreso-con-la-ive\/","og_site_name":"Diario Digital Femenino","article_publisher":"https:\/\/www.facebook.com\/DiarioDigitaFemenino\/","article_published_time":"2019-07-31T20:35:55+00:00","og_image":[{"width":1004,"height":565,"url":"https:\/\/diariofemenino.com.ar\/df\/wp-content\/uploads\/2019\/07\/5b22c70a1656d_1004x565.jpg","type":"image\/jpeg"}],"author":"Admin","twitter_card":"summary_large_image","twitter_creator":"@DiarioFemenino1","twitter_site":"@DiarioFemenino1","twitter_misc":{"Escrito por":"Admin","Tiempo de lectura":"2 minutos"},"schema":{"@context":"https:\/\/schema.org","@graph":[{"@type":"Article","@id":"https:\/\/diariofemenino.com.ar\/df\/amnistia-internacional-lanza-una-campana-para-comprometer-al-congreso-con-la-ive\/#article","isPartOf":{"@id":"https:\/\/diariofemenino.com.ar\/df\/amnistia-internacional-lanza-una-campana-para-comprometer-al-congreso-con-la-ive\/"},"author":{"name":"Admin","@id":"https:\/\/diariofemenino.com.ar\/df\/#\/schema\/person\/1c36bc3bf394d8ec320814298b4fdd3f"},"headline":"Amnist\u00eda Internacional lanza una campa\u00f1a para comprometer al Congreso con la IVE","datePublished":"2019-07-31T20:35:55+00:00","mainEntityOfPage":{"@id":"https:\/\/diariofemenino.com.ar\/df\/amnistia-internacional-lanza-una-campana-para-comprometer-al-congreso-con-la-ive\/"},"wordCount":358,"commentCount":0,"publisher":{"@id":"https:\/\/diariofemenino.com.ar\/df\/#organization"},"image":{"@id":"https:\/\/diariofemenino.com.ar\/df\/amnistia-internacional-lanza-una-campana-para-comprometer-al-congreso-con-la-ive\/#primaryimage"},"thumbnailUrl":"https:\/\/diariofemenino.com.ar\/df\/wp-content\/uploads\/2019\/07\/5b22c70a1656d_1004x565.jpg","keywords":["#ProyectoIVE2019","Aborto legal","Aborto. Interrupci\u00f3n voluntaria del embarazo","congreso verde","interrupcion voluntaria del embarazo","IVE"],"articleSection":["Aborto"],"inLanguage":"es","potentialAction":[{"@type":"CommentAction","name":"Comment","target":["https:\/\/diariofemenino.com.ar\/df\/amnistia-internacional-lanza-una-campana-para-comprometer-al-congreso-con-la-ive\/#respond"]}]},{"@type":"WebPage","@id":"https:\/\/diariofemenino.com.ar\/df\/amnistia-internacional-lanza-una-campana-para-comprometer-al-congreso-con-la-ive\/","url":"https:\/\/diariofemenino.com.ar\/df\/amnistia-internacional-lanza-una-campana-para-comprometer-al-congreso-con-la-ive\/","name":"Amnist\u00eda Internacional lanza una campa\u00f1a para comprometer al Congreso con la IVE - Diario Digital Femenino","isPartOf":{"@id":"https:\/\/diariofemenino.com.ar\/df\/#website"},"primaryImageOfPage":{"@id":"https:\/\/diariofemenino.com.ar\/df\/amnistia-internacional-lanza-una-campana-para-comprometer-al-congreso-con-la-ive\/#primaryimage"},"image":{"@id":"https:\/\/diariofemenino.com.ar\/df\/amnistia-internacional-lanza-una-campana-para-comprometer-al-congreso-con-la-ive\/#primaryimage"},"thumbnailUrl":"https:\/\/diariofemenino.com.ar\/df\/wp-content\/uploads\/2019\/07\/5b22c70a1656d_1004x565.jpg","datePublished":"2019-07-31T20:35:55+00:00","description":"Amnist\u00eda Internacional lanza una campa\u00f1a para comprometer al Congreso con la IVELa campa\u00f1a #MiHistoriaCuenta, cuenta con una plataforma donde","breadcrumb":{"@id":"https:\/\/diariofemenino.com.ar\/df\/amnistia-internacional-lanza-una-campana-para-comprometer-al-congreso-con-la-ive\/#breadcrumb"},"inLanguage":"es","potentialAction":[{"@type":"ReadAction","target":["https:\/\/diariofemenino.com.ar\/df\/amnistia-internacional-lanza-una-campana-para-comprometer-al-congreso-con-la-ive\/"]}]},{"@type":"ImageObject","inLanguage":"es","@id":"https:\/\/diariofemenino.com.ar\/df\/amnistia-internacional-lanza-una-campana-para-comprometer-al-congreso-con-la-ive\/#primaryimage","url":"https:\/\/diariofemenino.com.ar\/df\/wp-content\/uploads\/2019\/07\/5b22c70a1656d_1004x565.jpg","contentUrl":"https:\/\/diariofemenino.com.ar\/df\/wp-content\/uploads\/2019\/07\/5b22c70a1656d_1004x565.jpg","width":1004,"height":565},{"@type":"BreadcrumbList","@id":"https:\/\/diariofemenino.com.ar\/df\/amnistia-internacional-lanza-una-campana-para-comprometer-al-congreso-con-la-ive\/#breadcrumb","itemListElement":[{"@type":"ListItem","position":1,"name":"Portada","item":"https:\/\/diariofemenino.com.ar\/df\/"},{"@type":"ListItem","position":2,"name":"Amnist\u00eda Internacional lanza una campa\u00f1a para comprometer al Congreso con la IVE"}]},{"@type":"WebSite","@id":"https:\/\/diariofemenino.com.ar\/df\/#website","url":"https:\/\/diariofemenino.com.ar\/df\/","name":"Diario Digital Femenino","description":"Cuesti\u00f3n de G\u00e9nero","publisher":{"@id":"https:\/\/diariofemenino.com.ar\/df\/#organization"},"potentialAction":[{"@type":"SearchAction","target":{"@type":"EntryPoint","urlTemplate":"https:\/\/diariofemenino.com.ar\/df\/?s={search_term_string}"},"query-input":{"@type":"PropertyValueSpecification","valueRequired":true,"valueName":"search_term_string"}}],"inLanguage":"es"},{"@type":"Organization","@id":"https:\/\/diariofemenino.com.ar\/df\/#organization","name":"Diario Femenino","url":"https:\/\/diariofemenino.com.ar\/df\/","logo":{"@type":"ImageObject","inLanguage":"es","@id":"https:\/\/diariofemenino.com.ar\/df\/#\/schema\/logo\/image\/","url":"https:\/\/diariofemenino.com.ar\/df\/wp-content\/uploads\/2018\/10\/logo.png","contentUrl":"https:\/\/diariofemenino.com.ar\/df\/wp-content\/uploads\/2018\/10\/logo.png","width":500,"height":92,"caption":"Diario Femenino"},"image":{"@id":"https:\/\/diariofemenino.com.ar\/df\/#\/schema\/logo\/image\/"},"sameAs":["https:\/\/www.facebook.com\/DiarioDigitaFemenino\/","https:\/\/x.com\/DiarioFemenino1"]},{"@type":"Person","@id":"https:\/\/diariofemenino.com.ar\/df\/#\/schema\/person\/1c36bc3bf394d8ec320814298b4fdd3f","name":"Admin","image":{"@type":"ImageObject","inLanguage":"es","@id":"https:\/\/diariofemenino.com.ar\/df\/wp-content\/uploads\/2018\/12\/favicon-150x150.jpg","url":"https:\/\/diariofemenino.com.ar\/df\/wp-content\/uploads\/2018\/12\/favicon-150x150.jpg","contentUrl":"https:\/\/diariofemenino.com.ar\/df\/wp-content\/uploads\/2018\/12\/favicon-150x150.jpg","caption":"Admin"},"url":"https:\/\/diariofemenino.com.ar\/df\/author\/sofiperez\/"}]}},"jetpack_featured_media_url":"https:\/\/diariofemenino.com.ar\/df\/wp-content\/uploads\/2019\/07\/5b22c70a1656d_1004x565.jpg","jetpack_sharing_enabled":true,"rttpg_featured_image_url":{"full":["https:\/\/diariofemenino.com.ar\/df\/wp-content\/uploads\/2019\/07\/5b22c70a1656d_1004x565.jpg",1004,565,false],"landscape":["https:\/\/diariofemenino.com.ar\/df\/wp-content\/uploads\/2019\/07\/5b22c70a1656d_1004x565.jpg",1004,565,false],"portraits":["https:\/\/diariofemenino.com.ar\/df\/wp-content\/uploads\/2019\/07\/5b22c70a1656d_1004x565.jpg",1004,565,false],"thumbnail":["https:\/\/diariofemenino.com.ar\/df\/wp-content\/uploads\/2019\/07\/5b22c70a1656d_1004x565-150x150.jpg",150,150,true],"medium":["https:\/\/diariofemenino.com.ar\/df\/wp-content\/uploads\/2019\/07\/5b22c70a1656d_1004x565-300x169.jpg",300,169,true],"large":["https:\/\/diariofemenino.com.ar\/df\/wp-content\/uploads\/2019\/07\/5b22c70a1656d_1004x565.jpg",1004,565,false],"1536x1536":["https:\/\/diariofemenino.com.ar\/df\/wp-content\/uploads\/2019\/07\/5b22c70a1656d_1004x565.jpg",1004,565,false],"2048x2048":["https:\/\/diariofemenino.com.ar\/df\/wp-content\/uploads\/2019\/07\/5b22c70a1656d_1004x565.jpg",1004,565,false]},"rttpg_author":{"display_name":"Admin","author_link":"https:\/\/diariofemenino.com.ar\/df\/author\/sofiperez\/"},"rttpg_comment":0,"rttpg_category":"<a href=\"https:\/\/diariofemenino.com.ar\/df\/category\/aborto\/\" rel=\"category tag\">Aborto<\/a>","rttpg_excerpt":"Amnist\u00eda Internacional lanza una campa\u00f1a para comprometer al Congreso con la IVE La campa\u00f1a #MiHistoriaCuenta, cuenta con una plataforma donde se visibilizar\u00e1 la posici\u00f3n de los candidatos a legisladores respecto al proyecto de ley de Interrupci\u00f3n Voluntaria del Embarazo (IVE), en el marco de la actual campa\u00f1a electoral. En #MiHistoriaCuenta, quienes votaron a favor del&hellip;","_links":{"self":[{"href":"https:\/\/diariofemenino.com.ar\/df\/wp-json\/wp\/v2\/posts\/39171","targetHints":{"allow":["GET"]}}],"collection":[{"href":"https:\/\/diariofemenino.com.ar\/df\/wp-json\/wp\/v2\/posts"}],"about":[{"href":"https:\/\/diariofemenino.com.ar\/df\/wp-json\/wp\/v2\/types\/post"}],"author":[{"embeddable":true,"href":"https:\/\/diariofemenino.com.ar\/df\/wp-json\/wp\/v2\/users\/3"}],"replies":[{"embeddable":true,"href":"https:\/\/diariofemenino.com.ar\/df\/wp-json\/wp\/v2\/comments?post=39171"}],"version-history":[{"count":0,"href":"https:\/\/diariofemenino.com.ar\/df\/wp-json\/wp\/v2\/posts\/39171\/revisions"}],"wp:featuredmedia":[{"embeddable":true,"href":"https:\/\/diariofemenino.com.ar\/df\/wp-json\/wp\/v2\/media\/39174"}],"wp:attachment":[{"href":"https:\/\/diariofemenino.com.ar\/df\/wp-json\/wp\/v2\/media?parent=39171"}],"wp:term":[{"taxonomy":"category","embeddable":true,"href":"https:\/\/diariofemenino.com.ar\/df\/wp-json\/wp\/v2\/categories?post=39171"},{"taxonomy":"post_tag","embeddable":true,"href":"https:\/\/diariofemenino.com.ar\/df\/wp-json\/wp\/v2\/tags?post=39171"}],"curies":[{"name":"wp","href":"https:\/\/api.w.org\/{rel}","templated":true}]}}