{"id":39160,"date":"2019-07-31T17:25:25","date_gmt":"2019-07-31T20:25:25","guid":{"rendered":"https:\/\/diariofemenino.com.ar\/?p=39160"},"modified":"2019-07-31T17:25:25","modified_gmt":"2019-07-31T20:25:25","slug":"silvina-peirano-necesitamos-una-esi-con-perspectiva-en-diversidad-funcional","status":"publish","type":"post","link":"https:\/\/diariofemenino.com.ar\/df\/silvina-peirano-necesitamos-una-esi-con-perspectiva-en-diversidad-funcional\/","title":{"rendered":"Silvina Peirano: \u201cNecesitamos una ESI con perspectiva en Diversidad Funcional\u201d"},"content":{"rendered":"<h2 style=\"text-align: center;\">Silvina Peirano: \u201cNecesitamos una ESI con perspectiva en Diversidad Funcional\u201d<\/h2>\n<p><em>Silvina Peirano es profesora de Educaci\u00f3n Especial y especialista en Sexualidad y Diversidad Funcional. En di\u00e1logo con en el programa radial\u00a0<a class=\"addbackground\" href=\"https:\/\/ar.radiocut.fm\/radioshow\/la-hoguera-violeta\/\">La Hoguera Violeta<\/a>, reflexion\u00f3 sobre la importancia del abordaje de la <a href=\"https:\/\/diariofemenino.com.ar\/educacion-en-la-sexualidad-desde-el-enfoque-de-genero-una-antigua-deuda-de-la-escuela\/\">ESI con esa perspectiva<\/a> y en repensar los espacios en los que se desarrollan las personas.<\/em><\/p>\n<p><strong>Por Carolina Saraceni<\/strong><\/p>\n<p>Peirano adhiere al\u00a0<a class=\"addbackground\" href=\"https:\/\/ovibcn.org\/movimiento-de-vida-independiente\/\">Movimiento de Vida Independiente<\/a>. Son personas que prefieren automencionarse y autopercibirse como personas con diversidad funcional, y no como discapacitados o con \u201ccapacidades diferentes\u201d. Ambas terminolog\u00edas refieren a un concepto capacitista que hace eje en la capacidad de las personas y no en lo que busca el movimiento: poner el eje en la dignidad de las personas, en sus deseos, en ser pensadas y pensarnos todxs m\u00e1s humanamente. \u201cEsto es tarea del colectivo, que ha decidido estudiarse, teorizar sobre sus propias vidas y no ser objetos pasivos de estudio\u201d, afirm\u00f3 en el programa emitido por\u00a0<a class=\"addbackground\" href=\"http:\/\/www.laretaguardia.com.ar\/\">La Retaguardia<\/a>.<\/p>\n<h4><strong>\u00bfNos cuesta pensar en el\u00a0<a class=\"addbackground\" href=\"https:\/\/feminacida.com.ar\/discapacidad-y-el-derecho-al-goce\/\">goce<\/a>\u00a0de las personas con discapacidad?<\/strong><\/h4>\n<p>Nos sigue costando porque nos cuesta pensar en lo que no conocemos o en lo que queremos negar o en lo que seguimos asociando al dolor, al sufrimiento, a la soledad, a la angustia. Esas representaciones arquet\u00edpicas que tenemos todxs en relaci\u00f3n a aquellos que seguimos\u00a0considerando discapacitados, es lo que nos hace pensarlos dolientes, sufrientes, solitarios y alejados de cualquier instancia placentera, gozosa, deseable, independiente.<\/p>\n<h4><strong>\u00bfPor qu\u00e9 es importante abordar la discapacidad desde una perspectiva pol\u00edtica?<\/strong><\/h4>\n<p>El concepto de discapacidad es un concepto neoliberal, que jerarquiza los cuerpos en funci\u00f3n a sus producciones. Hist\u00f3ricamente las personas con discapacidad han sido vistas como seres inservibles, que eran m\u00e1s un gasto y no una inversi\u00f3n; sus vidas no eran lo suficiente buenas ni dignas para ser vividas. Pensar la discapacidad como un concepto pol\u00edtico y social, hace que no culpabilicemos a las personas, ni a los cuerpos, de lo que se supone que no tienen, no pueden, no saben. Es pensarlxs como ciudadanxs de derecho, pol\u00edticxs y sexuales, que pueden decidir sobre sus propias vidas, qu\u00e9 deciden c\u00f3mo, cu\u00e1ndo, d\u00f3nde, con qui\u00e9n y qu\u00e9 quieren hacer.<\/p>\n<h4><strong>\u00bfPor qu\u00e9 cre\u00e9s que la\u00a0<a class=\"addbackground\" href=\"https:\/\/feminacida.com.ar\/esi-para-chicxs\/\">ESI<\/a>\u00a0como ley todav\u00eda es una gran deuda pendiente para las personas con discapacidad?<\/strong><\/h4>\n<p>Porque aqu\u00ed no aparecen discusiones que en otros colectivos se dan hace a\u00f1os. Nos seguimos preguntando si las personas con discapacidad tienen o no sexualidad, estamos basando nuestras peque\u00f1as teor\u00edas en no preguntas y desde ah\u00ed llegamos a no respuestas. si la pregunta es si tienen o no sexualidad por la condici\u00f3n de discapacidad, luego viene otro engranaje minusvalizante que nos hace pensar \u2018\u00bfpara qu\u00e9 educarlos?\u2019, \u2018\u00bfentender\u00e1n qu\u00e9 es la sexualidad?\u2019. Evidentemente hay una ESI que es de equidad pero todav\u00eda nos preguntamos si esa ESI tiene que ser especial o adaptada, siempre pensando en restringir las distintas \u00e1reas no s\u00f3lo del conocimiento sexual o de la educaci\u00f3n sexual sino, lo que es peor a\u00fan, los accesos. Yo creo que hay una ESI que necesariamente tiene que tener perspectiva en Diversidad Funcional, un espacio que la entienda como parte de la diversidad humana. Tenemos que retomar los espacios ya ganados y todas las luchas que ya hemos dado, desde esta perspectiva.<\/p>\n<p><img loading=\"lazy\" decoding=\"async\" class=\"aligncenter wp-image-3794\" src=\"https:\/\/feminacida.com.ar\/wp-content\/uploads\/2019\/07\/2-300x202.jpg\" sizes=\"auto, (max-width: 356px) 100vw, 356px\" srcset=\"https:\/\/feminacida.com.ar\/wp-content\/uploads\/2019\/07\/2-300x202.jpg 300w, https:\/\/feminacida.com.ar\/wp-content\/uploads\/2019\/07\/2-768x516.jpg 768w, https:\/\/feminacida.com.ar\/wp-content\/uploads\/2019\/07\/2-740x497.jpg 740w, https:\/\/feminacida.com.ar\/wp-content\/uploads\/2019\/07\/2.jpg 979w\" alt=\"Silvina Peirano: \u201cNecesitamos una ESI con perspectiva en Diversidad Funcional\u201d\" width=\"356\" height=\"240\" \/><\/p>\n<h4><strong>\u00bfCu\u00e1les son las\u00a0<a class=\"addbackground\" href=\"https:\/\/feminacida.com.ar\/una-historia-de-docencia-disidente\/\">inquietudes<\/a>\u00a0de las y los estudiantes a la hora de abordar la ESI desde la diversidad funcional?<\/strong><\/h4>\n<p>Con lxs estudiantes la propuesta es darle perspectiva y no restricci\u00f3n de discapacidad, porque es un concepto que inhabilita e invalida a las personas como seres sexuales. Las inquietudes tienen que ver fundamentalmente con poder salir de esa construcci\u00f3n tan peque\u00f1a en la que la sexualidad es un problema, que la discapacidad es un problema, y que a ambos problemas juntos no debemos tratarlos porque si no ser\u00edan un gran problema.\u00a0Hoy est\u00e1 pasando que nos animamos a hacernos nuevas preguntas y la ESI empieza a ser esa puerta de entrada a otros interrogantes para tener escuelas y sociedades mucho m\u00e1s inclusivas, y las personas que van llegando a estas perspectivas se van con nuevas preguntas e inquietudes. La ESI con perspectiva en diversidad funcional nos empieza a cuestionar nuestra propia sexualidad, y eso es lo que le inculco a mis estudiantes. La ESI viene a ser un gran acto de justicia pedag\u00f3gica y social sobre estas vidas para que se puedan cuestionar, para que nosotros, los docentes y profesionales, seamos el puente hacia ese necesario empoderamiento que estoy segura que est\u00e1 llegando, lento, pero viene.<\/p>\n<h4><strong>\u00bfCr\u00e9es que desde el feminismo falta visibilizar a las mujeres y disidencias que tienen diversidad funcional?<\/strong><\/h4>\n<p>El colectivo de personas con diversidad funcional ha sido hist\u00f3ricamente oprimido\u00a0 y se ha quedado al margen de las luchas sociales y pol\u00edtica. El feminismo tiene una interesante lucha por abrir. Hay una parte que sigue siendo capacitista. Sin embargo, nos falta ver la lucha desde dentro del colectivo para unirnos a otras luchas. Definitivamente hay un feminismo que est\u00e1 dispuesto, pensando que la diversidad funcional es parte de la riqueza y diversidad humana. Pero hay otro feminismo que la desconoce, por acci\u00f3n o por omisi\u00f3n. Cuando todos los colectivos comiencen a unirse y a abrirse, se va a dar una potencia interesante. Por el momento ni desde gran parte del colectivo de la diversidad funcional ni gran parte del feminismo se ha hecho genuinamente pero es una aproximaci\u00f3n que est\u00e1 llegando y creo firmemente que es para quedarse.<\/p>\n<p><strong><em>Foto: Muestra Mapas de placer<\/em><\/strong><\/p>\n<p>Fuente: <a href=\"https:\/\/feminacida.com.ar\/necesitamos-una-esi-con-perspectiva-en-diversidad-funcional\/\">Feminacida<\/a><\/p>\n<p>&nbsp;<\/p>\n","protected":false},"excerpt":{"rendered":"<p>Silvina Peirano: \u201cNecesitamos una ESI con perspectiva en Diversidad Funcional\u201d Silvina Peirano es profesora de Educaci\u00f3n Especial y especialista en Sexualidad y Diversidad Funcional. En di\u00e1logo con en el programa radial\u00a0La Hoguera Violeta, reflexion\u00f3 sobre la importancia del abordaje de la ESI con esa perspectiva y en repensar los espacios en los que se desarrollan [&hellip;]<\/p>\n","protected":false},"author":3,"featured_media":39169,"comment_status":"open","ping_status":"open","sticky":false,"template":"","format":"standard","meta":{"iawp_total_views":30,"footnotes":""},"categories":[9],"tags":[10,1825,11,97,37],"class_list":["post-39160","post","type-post","status-publish","format-standard","has-post-thumbnail","hentry","category-de-esi-si-se-habla","tag-derechos-sexuales-y-reproductivos","tag-eduacacion-sexual-integral","tag-educacion","tag-esi","tag-juventud"],"nelio_content":{"autoShareEndMode":"never","automationSources":{"useCustomSentences":false,"customSentences":[]},"efiAlt":"","efiUrl":"","followers":[3],"highlights":[],"isAutoShareEnabled":true,"networkImageIds":[],"permalinkQueryArgs":[],"series":[],"suggestedReferences":[]},"yoast_head":"<!-- This site is optimized with the Yoast SEO plugin v27.5 - https:\/\/yoast.com\/product\/yoast-seo-wordpress\/ -->\n<title>Silvina Peirano: \u201cNecesitamos una ESI con perspectiva en Diversidad Funcional\u201d - Diario Digital Femenino<\/title>\n<meta name=\"description\" content=\"Silvina Peirano: \u201cNecesitamos una ESI con perspectiva en Diversidad Funcional\u201d Silvina Peirano es profesora de Educaci\u00f3n Especial y especialista\" \/>\n<meta name=\"robots\" content=\"index, follow, max-snippet:-1, max-image-preview:large, max-video-preview:-1\" \/>\n<link rel=\"canonical\" href=\"https:\/\/diariofemenino.com.ar\/df\/silvina-peirano-necesitamos-una-esi-con-perspectiva-en-diversidad-funcional\/\" \/>\n<meta property=\"og:locale\" content=\"es_ES\" \/>\n<meta property=\"og:type\" content=\"article\" \/>\n<meta property=\"og:title\" content=\"Silvina Peirano: \u201cNecesitamos una ESI con perspectiva en Diversidad Funcional\u201d - Diario Digital Femenino\" \/>\n<meta property=\"og:description\" content=\"Silvina Peirano: \u201cNecesitamos una ESI con perspectiva en Diversidad Funcional\u201d Silvina Peirano es profesora de Educaci\u00f3n Especial y especialista\" \/>\n<meta property=\"og:url\" content=\"https:\/\/diariofemenino.com.ar\/df\/silvina-peirano-necesitamos-una-esi-con-perspectiva-en-diversidad-funcional\/\" \/>\n<meta property=\"og:site_name\" content=\"Diario Digital Femenino\" \/>\n<meta property=\"article:publisher\" content=\"https:\/\/www.facebook.com\/DiarioDigitaFemenino\/\" \/>\n<meta property=\"article:published_time\" content=\"2019-07-31T20:25:25+00:00\" \/>\n<meta property=\"og:image\" content=\"https:\/\/diariofemenino.com.ar\/df\/wp-content\/uploads\/2019\/07\/1-2.jpg\" \/>\n\t<meta property=\"og:image:width\" content=\"978\" \/>\n\t<meta property=\"og:image:height\" content=\"657\" \/>\n\t<meta property=\"og:image:type\" content=\"image\/jpeg\" \/>\n<meta name=\"author\" content=\"Admin\" \/>\n<meta name=\"twitter:card\" content=\"summary_large_image\" \/>\n<meta name=\"twitter:creator\" content=\"@DiarioFemenino1\" \/>\n<meta name=\"twitter:site\" content=\"@DiarioFemenino1\" \/>\n<meta name=\"twitter:label1\" content=\"Escrito por\" \/>\n\t<meta name=\"twitter:data1\" content=\"Admin\" \/>\n\t<meta name=\"twitter:label2\" content=\"Tiempo de lectura\" \/>\n\t<meta name=\"twitter:data2\" content=\"5 minutos\" \/>\n<script type=\"application\/ld+json\" class=\"yoast-schema-graph\">{\"@context\":\"https:\\\/\\\/schema.org\",\"@graph\":[{\"@type\":\"Article\",\"@id\":\"https:\\\/\\\/diariofemenino.com.ar\\\/df\\\/silvina-peirano-necesitamos-una-esi-con-perspectiva-en-diversidad-funcional\\\/#article\",\"isPartOf\":{\"@id\":\"https:\\\/\\\/diariofemenino.com.ar\\\/df\\\/silvina-peirano-necesitamos-una-esi-con-perspectiva-en-diversidad-funcional\\\/\"},\"author\":{\"name\":\"Admin\",\"@id\":\"https:\\\/\\\/diariofemenino.com.ar\\\/df\\\/#\\\/schema\\\/person\\\/1c36bc3bf394d8ec320814298b4fdd3f\"},\"headline\":\"Silvina Peirano: \u201cNecesitamos una ESI con perspectiva en Diversidad Funcional\u201d\",\"datePublished\":\"2019-07-31T20:25:25+00:00\",\"mainEntityOfPage\":{\"@id\":\"https:\\\/\\\/diariofemenino.com.ar\\\/df\\\/silvina-peirano-necesitamos-una-esi-con-perspectiva-en-diversidad-funcional\\\/\"},\"wordCount\":957,\"commentCount\":0,\"publisher\":{\"@id\":\"https:\\\/\\\/diariofemenino.com.ar\\\/df\\\/#organization\"},\"image\":{\"@id\":\"https:\\\/\\\/diariofemenino.com.ar\\\/df\\\/silvina-peirano-necesitamos-una-esi-con-perspectiva-en-diversidad-funcional\\\/#primaryimage\"},\"thumbnailUrl\":\"https:\\\/\\\/diariofemenino.com.ar\\\/df\\\/wp-content\\\/uploads\\\/2019\\\/07\\\/1-2.jpg\",\"keywords\":[\"Derechos sexuales y reproductivos\",\"eduacacion sexual integral\",\"Educaci\u00f3n\",\"ESI\",\"Juventud\"],\"articleSection\":[\"De ESI S\u00ed Se Habla\"],\"inLanguage\":\"es\",\"potentialAction\":[{\"@type\":\"CommentAction\",\"name\":\"Comment\",\"target\":[\"https:\\\/\\\/diariofemenino.com.ar\\\/df\\\/silvina-peirano-necesitamos-una-esi-con-perspectiva-en-diversidad-funcional\\\/#respond\"]}]},{\"@type\":\"WebPage\",\"@id\":\"https:\\\/\\\/diariofemenino.com.ar\\\/df\\\/silvina-peirano-necesitamos-una-esi-con-perspectiva-en-diversidad-funcional\\\/\",\"url\":\"https:\\\/\\\/diariofemenino.com.ar\\\/df\\\/silvina-peirano-necesitamos-una-esi-con-perspectiva-en-diversidad-funcional\\\/\",\"name\":\"Silvina Peirano: \u201cNecesitamos una ESI con perspectiva en Diversidad Funcional\u201d - Diario Digital Femenino\",\"isPartOf\":{\"@id\":\"https:\\\/\\\/diariofemenino.com.ar\\\/df\\\/#website\"},\"primaryImageOfPage\":{\"@id\":\"https:\\\/\\\/diariofemenino.com.ar\\\/df\\\/silvina-peirano-necesitamos-una-esi-con-perspectiva-en-diversidad-funcional\\\/#primaryimage\"},\"image\":{\"@id\":\"https:\\\/\\\/diariofemenino.com.ar\\\/df\\\/silvina-peirano-necesitamos-una-esi-con-perspectiva-en-diversidad-funcional\\\/#primaryimage\"},\"thumbnailUrl\":\"https:\\\/\\\/diariofemenino.com.ar\\\/df\\\/wp-content\\\/uploads\\\/2019\\\/07\\\/1-2.jpg\",\"datePublished\":\"2019-07-31T20:25:25+00:00\",\"description\":\"Silvina Peirano: \u201cNecesitamos una ESI con perspectiva en Diversidad Funcional\u201d Silvina Peirano es profesora de Educaci\u00f3n Especial y especialista\",\"breadcrumb\":{\"@id\":\"https:\\\/\\\/diariofemenino.com.ar\\\/df\\\/silvina-peirano-necesitamos-una-esi-con-perspectiva-en-diversidad-funcional\\\/#breadcrumb\"},\"inLanguage\":\"es\",\"potentialAction\":[{\"@type\":\"ReadAction\",\"target\":[\"https:\\\/\\\/diariofemenino.com.ar\\\/df\\\/silvina-peirano-necesitamos-una-esi-con-perspectiva-en-diversidad-funcional\\\/\"]}]},{\"@type\":\"ImageObject\",\"inLanguage\":\"es\",\"@id\":\"https:\\\/\\\/diariofemenino.com.ar\\\/df\\\/silvina-peirano-necesitamos-una-esi-con-perspectiva-en-diversidad-funcional\\\/#primaryimage\",\"url\":\"https:\\\/\\\/diariofemenino.com.ar\\\/df\\\/wp-content\\\/uploads\\\/2019\\\/07\\\/1-2.jpg\",\"contentUrl\":\"https:\\\/\\\/diariofemenino.com.ar\\\/df\\\/wp-content\\\/uploads\\\/2019\\\/07\\\/1-2.jpg\",\"width\":978,\"height\":657},{\"@type\":\"BreadcrumbList\",\"@id\":\"https:\\\/\\\/diariofemenino.com.ar\\\/df\\\/silvina-peirano-necesitamos-una-esi-con-perspectiva-en-diversidad-funcional\\\/#breadcrumb\",\"itemListElement\":[{\"@type\":\"ListItem\",\"position\":1,\"name\":\"Portada\",\"item\":\"https:\\\/\\\/diariofemenino.com.ar\\\/df\\\/\"},{\"@type\":\"ListItem\",\"position\":2,\"name\":\"Silvina Peirano: \u201cNecesitamos una ESI con perspectiva en Diversidad Funcional\u201d\"}]},{\"@type\":\"WebSite\",\"@id\":\"https:\\\/\\\/diariofemenino.com.ar\\\/df\\\/#website\",\"url\":\"https:\\\/\\\/diariofemenino.com.ar\\\/df\\\/\",\"name\":\"Diario Digital Femenino\",\"description\":\"Cuesti\u00f3n de G\u00e9nero\",\"publisher\":{\"@id\":\"https:\\\/\\\/diariofemenino.com.ar\\\/df\\\/#organization\"},\"potentialAction\":[{\"@type\":\"SearchAction\",\"target\":{\"@type\":\"EntryPoint\",\"urlTemplate\":\"https:\\\/\\\/diariofemenino.com.ar\\\/df\\\/?s={search_term_string}\"},\"query-input\":{\"@type\":\"PropertyValueSpecification\",\"valueRequired\":true,\"valueName\":\"search_term_string\"}}],\"inLanguage\":\"es\"},{\"@type\":\"Organization\",\"@id\":\"https:\\\/\\\/diariofemenino.com.ar\\\/df\\\/#organization\",\"name\":\"Diario Femenino\",\"url\":\"https:\\\/\\\/diariofemenino.com.ar\\\/df\\\/\",\"logo\":{\"@type\":\"ImageObject\",\"inLanguage\":\"es\",\"@id\":\"https:\\\/\\\/diariofemenino.com.ar\\\/df\\\/#\\\/schema\\\/logo\\\/image\\\/\",\"url\":\"https:\\\/\\\/diariofemenino.com.ar\\\/df\\\/wp-content\\\/uploads\\\/2018\\\/10\\\/logo.png\",\"contentUrl\":\"https:\\\/\\\/diariofemenino.com.ar\\\/df\\\/wp-content\\\/uploads\\\/2018\\\/10\\\/logo.png\",\"width\":500,\"height\":92,\"caption\":\"Diario Femenino\"},\"image\":{\"@id\":\"https:\\\/\\\/diariofemenino.com.ar\\\/df\\\/#\\\/schema\\\/logo\\\/image\\\/\"},\"sameAs\":[\"https:\\\/\\\/www.facebook.com\\\/DiarioDigitaFemenino\\\/\",\"https:\\\/\\\/x.com\\\/DiarioFemenino1\"]},{\"@type\":\"Person\",\"@id\":\"https:\\\/\\\/diariofemenino.com.ar\\\/df\\\/#\\\/schema\\\/person\\\/1c36bc3bf394d8ec320814298b4fdd3f\",\"name\":\"Admin\",\"image\":{\"@type\":\"ImageObject\",\"inLanguage\":\"es\",\"@id\":\"https:\\\/\\\/diariofemenino.com.ar\\\/df\\\/wp-content\\\/uploads\\\/2018\\\/12\\\/favicon-150x150.jpg\",\"url\":\"https:\\\/\\\/diariofemenino.com.ar\\\/df\\\/wp-content\\\/uploads\\\/2018\\\/12\\\/favicon-150x150.jpg\",\"contentUrl\":\"https:\\\/\\\/diariofemenino.com.ar\\\/df\\\/wp-content\\\/uploads\\\/2018\\\/12\\\/favicon-150x150.jpg\",\"caption\":\"Admin\"},\"url\":\"https:\\\/\\\/diariofemenino.com.ar\\\/df\\\/author\\\/sofiperez\\\/\"}]}<\/script>\n<!-- \/ Yoast SEO plugin. -->","yoast_head_json":{"title":"Silvina Peirano: \u201cNecesitamos una ESI con perspectiva en Diversidad Funcional\u201d - Diario Digital Femenino","description":"Silvina Peirano: \u201cNecesitamos una ESI con perspectiva en Diversidad Funcional\u201d Silvina Peirano es profesora de Educaci\u00f3n Especial y especialista","robots":{"index":"index","follow":"follow","max-snippet":"max-snippet:-1","max-image-preview":"max-image-preview:large","max-video-preview":"max-video-preview:-1"},"canonical":"https:\/\/diariofemenino.com.ar\/df\/silvina-peirano-necesitamos-una-esi-con-perspectiva-en-diversidad-funcional\/","og_locale":"es_ES","og_type":"article","og_title":"Silvina Peirano: \u201cNecesitamos una ESI con perspectiva en Diversidad Funcional\u201d - Diario Digital Femenino","og_description":"Silvina Peirano: \u201cNecesitamos una ESI con perspectiva en Diversidad Funcional\u201d Silvina Peirano es profesora de Educaci\u00f3n Especial y especialista","og_url":"https:\/\/diariofemenino.com.ar\/df\/silvina-peirano-necesitamos-una-esi-con-perspectiva-en-diversidad-funcional\/","og_site_name":"Diario Digital Femenino","article_publisher":"https:\/\/www.facebook.com\/DiarioDigitaFemenino\/","article_published_time":"2019-07-31T20:25:25+00:00","og_image":[{"width":978,"height":657,"url":"https:\/\/diariofemenino.com.ar\/df\/wp-content\/uploads\/2019\/07\/1-2.jpg","type":"image\/jpeg"}],"author":"Admin","twitter_card":"summary_large_image","twitter_creator":"@DiarioFemenino1","twitter_site":"@DiarioFemenino1","twitter_misc":{"Escrito por":"Admin","Tiempo de lectura":"5 minutos"},"schema":{"@context":"https:\/\/schema.org","@graph":[{"@type":"Article","@id":"https:\/\/diariofemenino.com.ar\/df\/silvina-peirano-necesitamos-una-esi-con-perspectiva-en-diversidad-funcional\/#article","isPartOf":{"@id":"https:\/\/diariofemenino.com.ar\/df\/silvina-peirano-necesitamos-una-esi-con-perspectiva-en-diversidad-funcional\/"},"author":{"name":"Admin","@id":"https:\/\/diariofemenino.com.ar\/df\/#\/schema\/person\/1c36bc3bf394d8ec320814298b4fdd3f"},"headline":"Silvina Peirano: \u201cNecesitamos una ESI con perspectiva en Diversidad Funcional\u201d","datePublished":"2019-07-31T20:25:25+00:00","mainEntityOfPage":{"@id":"https:\/\/diariofemenino.com.ar\/df\/silvina-peirano-necesitamos-una-esi-con-perspectiva-en-diversidad-funcional\/"},"wordCount":957,"commentCount":0,"publisher":{"@id":"https:\/\/diariofemenino.com.ar\/df\/#organization"},"image":{"@id":"https:\/\/diariofemenino.com.ar\/df\/silvina-peirano-necesitamos-una-esi-con-perspectiva-en-diversidad-funcional\/#primaryimage"},"thumbnailUrl":"https:\/\/diariofemenino.com.ar\/df\/wp-content\/uploads\/2019\/07\/1-2.jpg","keywords":["Derechos sexuales y reproductivos","eduacacion sexual integral","Educaci\u00f3n","ESI","Juventud"],"articleSection":["De ESI S\u00ed Se Habla"],"inLanguage":"es","potentialAction":[{"@type":"CommentAction","name":"Comment","target":["https:\/\/diariofemenino.com.ar\/df\/silvina-peirano-necesitamos-una-esi-con-perspectiva-en-diversidad-funcional\/#respond"]}]},{"@type":"WebPage","@id":"https:\/\/diariofemenino.com.ar\/df\/silvina-peirano-necesitamos-una-esi-con-perspectiva-en-diversidad-funcional\/","url":"https:\/\/diariofemenino.com.ar\/df\/silvina-peirano-necesitamos-una-esi-con-perspectiva-en-diversidad-funcional\/","name":"Silvina Peirano: \u201cNecesitamos una ESI con perspectiva en Diversidad Funcional\u201d - Diario Digital Femenino","isPartOf":{"@id":"https:\/\/diariofemenino.com.ar\/df\/#website"},"primaryImageOfPage":{"@id":"https:\/\/diariofemenino.com.ar\/df\/silvina-peirano-necesitamos-una-esi-con-perspectiva-en-diversidad-funcional\/#primaryimage"},"image":{"@id":"https:\/\/diariofemenino.com.ar\/df\/silvina-peirano-necesitamos-una-esi-con-perspectiva-en-diversidad-funcional\/#primaryimage"},"thumbnailUrl":"https:\/\/diariofemenino.com.ar\/df\/wp-content\/uploads\/2019\/07\/1-2.jpg","datePublished":"2019-07-31T20:25:25+00:00","description":"Silvina Peirano: \u201cNecesitamos una ESI con perspectiva en Diversidad Funcional\u201d Silvina Peirano es profesora de Educaci\u00f3n Especial y especialista","breadcrumb":{"@id":"https:\/\/diariofemenino.com.ar\/df\/silvina-peirano-necesitamos-una-esi-con-perspectiva-en-diversidad-funcional\/#breadcrumb"},"inLanguage":"es","potentialAction":[{"@type":"ReadAction","target":["https:\/\/diariofemenino.com.ar\/df\/silvina-peirano-necesitamos-una-esi-con-perspectiva-en-diversidad-funcional\/"]}]},{"@type":"ImageObject","inLanguage":"es","@id":"https:\/\/diariofemenino.com.ar\/df\/silvina-peirano-necesitamos-una-esi-con-perspectiva-en-diversidad-funcional\/#primaryimage","url":"https:\/\/diariofemenino.com.ar\/df\/wp-content\/uploads\/2019\/07\/1-2.jpg","contentUrl":"https:\/\/diariofemenino.com.ar\/df\/wp-content\/uploads\/2019\/07\/1-2.jpg","width":978,"height":657},{"@type":"BreadcrumbList","@id":"https:\/\/diariofemenino.com.ar\/df\/silvina-peirano-necesitamos-una-esi-con-perspectiva-en-diversidad-funcional\/#breadcrumb","itemListElement":[{"@type":"ListItem","position":1,"name":"Portada","item":"https:\/\/diariofemenino.com.ar\/df\/"},{"@type":"ListItem","position":2,"name":"Silvina Peirano: \u201cNecesitamos una ESI con perspectiva en Diversidad Funcional\u201d"}]},{"@type":"WebSite","@id":"https:\/\/diariofemenino.com.ar\/df\/#website","url":"https:\/\/diariofemenino.com.ar\/df\/","name":"Diario Digital Femenino","description":"Cuesti\u00f3n de G\u00e9nero","publisher":{"@id":"https:\/\/diariofemenino.com.ar\/df\/#organization"},"potentialAction":[{"@type":"SearchAction","target":{"@type":"EntryPoint","urlTemplate":"https:\/\/diariofemenino.com.ar\/df\/?s={search_term_string}"},"query-input":{"@type":"PropertyValueSpecification","valueRequired":true,"valueName":"search_term_string"}}],"inLanguage":"es"},{"@type":"Organization","@id":"https:\/\/diariofemenino.com.ar\/df\/#organization","name":"Diario Femenino","url":"https:\/\/diariofemenino.com.ar\/df\/","logo":{"@type":"ImageObject","inLanguage":"es","@id":"https:\/\/diariofemenino.com.ar\/df\/#\/schema\/logo\/image\/","url":"https:\/\/diariofemenino.com.ar\/df\/wp-content\/uploads\/2018\/10\/logo.png","contentUrl":"https:\/\/diariofemenino.com.ar\/df\/wp-content\/uploads\/2018\/10\/logo.png","width":500,"height":92,"caption":"Diario Femenino"},"image":{"@id":"https:\/\/diariofemenino.com.ar\/df\/#\/schema\/logo\/image\/"},"sameAs":["https:\/\/www.facebook.com\/DiarioDigitaFemenino\/","https:\/\/x.com\/DiarioFemenino1"]},{"@type":"Person","@id":"https:\/\/diariofemenino.com.ar\/df\/#\/schema\/person\/1c36bc3bf394d8ec320814298b4fdd3f","name":"Admin","image":{"@type":"ImageObject","inLanguage":"es","@id":"https:\/\/diariofemenino.com.ar\/df\/wp-content\/uploads\/2018\/12\/favicon-150x150.jpg","url":"https:\/\/diariofemenino.com.ar\/df\/wp-content\/uploads\/2018\/12\/favicon-150x150.jpg","contentUrl":"https:\/\/diariofemenino.com.ar\/df\/wp-content\/uploads\/2018\/12\/favicon-150x150.jpg","caption":"Admin"},"url":"https:\/\/diariofemenino.com.ar\/df\/author\/sofiperez\/"}]}},"jetpack_featured_media_url":"https:\/\/diariofemenino.com.ar\/df\/wp-content\/uploads\/2019\/07\/1-2.jpg","jetpack_sharing_enabled":true,"rttpg_featured_image_url":{"full":["https:\/\/diariofemenino.com.ar\/df\/wp-content\/uploads\/2019\/07\/1-2.jpg",978,657,false],"landscape":["https:\/\/diariofemenino.com.ar\/df\/wp-content\/uploads\/2019\/07\/1-2.jpg",978,657,false],"portraits":["https:\/\/diariofemenino.com.ar\/df\/wp-content\/uploads\/2019\/07\/1-2.jpg",978,657,false],"thumbnail":["https:\/\/diariofemenino.com.ar\/df\/wp-content\/uploads\/2019\/07\/1-2-150x150.jpg",150,150,true],"medium":["https:\/\/diariofemenino.com.ar\/df\/wp-content\/uploads\/2019\/07\/1-2-300x202.jpg",300,202,true],"large":["https:\/\/diariofemenino.com.ar\/df\/wp-content\/uploads\/2019\/07\/1-2.jpg",978,657,false],"1536x1536":["https:\/\/diariofemenino.com.ar\/df\/wp-content\/uploads\/2019\/07\/1-2.jpg",978,657,false],"2048x2048":["https:\/\/diariofemenino.com.ar\/df\/wp-content\/uploads\/2019\/07\/1-2.jpg",978,657,false]},"rttpg_author":{"display_name":"Admin","author_link":"https:\/\/diariofemenino.com.ar\/df\/author\/sofiperez\/"},"rttpg_comment":0,"rttpg_category":"<a href=\"https:\/\/diariofemenino.com.ar\/df\/category\/de-esi-si-se-habla\/\" rel=\"category tag\">De ESI S\u00ed Se Habla<\/a>","rttpg_excerpt":"Silvina Peirano: \u201cNecesitamos una ESI con perspectiva en Diversidad Funcional\u201d Silvina Peirano es profesora de Educaci\u00f3n Especial y especialista en Sexualidad y Diversidad Funcional. En di\u00e1logo con en el programa radial\u00a0La Hoguera Violeta, reflexion\u00f3 sobre la importancia del abordaje de la ESI con esa perspectiva y en repensar los espacios en los que se desarrollan&hellip;","_links":{"self":[{"href":"https:\/\/diariofemenino.com.ar\/df\/wp-json\/wp\/v2\/posts\/39160","targetHints":{"allow":["GET"]}}],"collection":[{"href":"https:\/\/diariofemenino.com.ar\/df\/wp-json\/wp\/v2\/posts"}],"about":[{"href":"https:\/\/diariofemenino.com.ar\/df\/wp-json\/wp\/v2\/types\/post"}],"author":[{"embeddable":true,"href":"https:\/\/diariofemenino.com.ar\/df\/wp-json\/wp\/v2\/users\/3"}],"replies":[{"embeddable":true,"href":"https:\/\/diariofemenino.com.ar\/df\/wp-json\/wp\/v2\/comments?post=39160"}],"version-history":[{"count":0,"href":"https:\/\/diariofemenino.com.ar\/df\/wp-json\/wp\/v2\/posts\/39160\/revisions"}],"wp:featuredmedia":[{"embeddable":true,"href":"https:\/\/diariofemenino.com.ar\/df\/wp-json\/wp\/v2\/media\/39169"}],"wp:attachment":[{"href":"https:\/\/diariofemenino.com.ar\/df\/wp-json\/wp\/v2\/media?parent=39160"}],"wp:term":[{"taxonomy":"category","embeddable":true,"href":"https:\/\/diariofemenino.com.ar\/df\/wp-json\/wp\/v2\/categories?post=39160"},{"taxonomy":"post_tag","embeddable":true,"href":"https:\/\/diariofemenino.com.ar\/df\/wp-json\/wp\/v2\/tags?post=39160"}],"curies":[{"name":"wp","href":"https:\/\/api.w.org\/{rel}","templated":true}]}}