{"id":3910,"date":"2012-09-20T11:18:41","date_gmt":"2012-09-20T14:18:41","guid":{"rendered":"http:\/\/www.diariofemenino.com.ar\/?p=3910"},"modified":"2012-09-20T11:18:41","modified_gmt":"2012-09-20T14:18:41","slug":"marita-perceval-nueva-embajadora-ante-la-onu","status":"publish","type":"post","link":"https:\/\/diariofemenino.com.ar\/df\/marita-perceval-nueva-embajadora-ante-la-onu\/","title":{"rendered":"Marita Perceval. Nueva embajadora ante la ONU"},"content":{"rendered":"<p>&nbsp;<br \/>\n&nbsp;<br \/>\n&nbsp;<br \/>\nLa ex senadora nacional por Mendoza <strong>Marita Perceval<\/strong> fue designada la noche de este mi\u00e9rcoles como nueva representante de la Argentina ante las Naciones Unidas.<br \/>\n<a href=\"http:\/\/www.diariofemenino.com.ar\/wp-content\/uploads\/marita.jpg\"><img loading=\"lazy\" decoding=\"async\" class=\"alignnone size-full wp-image-3911\" title=\"marita\" src=\"http:\/\/www.diariofemenino.com.ar\/wp-content\/uploads\/marita.jpg\" alt=\"\" width=\"584\" height=\"292\" \/><\/a><br \/>\nLa dirigente mendocina debutar\u00e1 la semana que viene como integrante de la comitiva que acompa\u00f1ar\u00e1 a Cristina de Kirchner para participar en la asamblea de ese organismo internacional. La noticia se conoci\u00f3 anoche despu\u00e9s de un contacto entre la Presidente y el canciller H\u00e9ctor Timerman que sigui\u00f3 al acto en la Casa de Gobierno. Perceval se desempe\u00f1aba hasta ahora como subsecretaria de Promoci\u00f3n y Desarrollo de Derechos Humanos de la Naci\u00f3n, cargo que recibi\u00f3 despu\u00e9s de dejar su banca por Mendoza. Identificada en sus or\u00edgenes con el sector del peronismo de Jos\u00e9 Bord\u00f3n (de quien fue funcionaria en su provincia en los a\u00f1os 90), ocup\u00f3 una banca de senadora entre 2001 y 2009, en donde se destac\u00f3 como titular de la comisi\u00f3n de Defensa. Se gradu\u00f3 en filosof\u00eda en la Universidad Nacional de Cuyo, adonde adem\u00e1s ha sido profesora.<br \/>\nEn 2003 era candidata a ocupar el Ministerio de Educaci\u00f3n en el primer gabinete deN\u00e9stor Kirchner, pero ese destino se frustr\u00f3 cuando el santacruce\u00f1o eligi\u00f3 al porte\u00f1oDaniel Filmus. Como senadora fue la sombra de Jos\u00e9 Pampuro, quien era ministro de Defensa Kirchner al desarrollar una agenda paralela a la del poder Ejecutivo en el Senado que en realidad fue un permanente examen a la tarea del dirigente bonaerense. De una notable contracci\u00f3n al estudio, Perceval se convirti\u00f3 en poco tiempo en una experta en Defensa y pudo imaginar en 2007 que lo reemplazar\u00eda a Pampuro con el cambio de Gobierno, pero Cristina de Kirchner la eligi\u00f3 a Nilda Garr\u00e9.<br \/>\nEn las nuevas funciones Perceval seguramente se convertir\u00e1 en poco tiempo, gracias a su tenacidad mendocina, en una experta en cuestiones internacionales, despu\u00e9s del descansadero que le signific\u00f3 la funci\u00f3n en una subsecretar\u00eda lateral del Ministerio de Justicia. El traslado a Washington, en donde el cargo en la ONU est\u00e1 vacante desde que lo dej\u00f3 Jorge Arg\u00fcello el a\u00f1o pasado para asumir la embajada en Washington, le significar\u00e1 una nueva experiencia a ella y a su familia, que administra un coqueto videoclub en la zona de Chacras de Coria. Desde el alejamiento de Arg\u00fcello, quien reemplaz\u00f3 a Timerman cuando asumi\u00f3 la Canciller\u00eda, la representaci\u00f3n en la ONU era ejercida por el encargado de negocios Mateo Estreme, quien seg\u00fan el Gobierno cumpli\u00f3 una tarea eficiente, supervisada por Arg\u00fcello desde Nueva York.<br \/>\nLa designaci\u00f3n es una reivindicaci\u00f3n despu\u00e9s de tantas promesas frustradas y resta\u00f1a una vacancia de m\u00e1s de un a\u00f1o en un organismo que las administraciones Kirchner han privilegiado como vidriera de sus viajes internacionales.<br \/>\nEl nombramiento, que ejercer\u00e1 Perceval sin ser diplom\u00e1tica de carrera, se aparta de las previsiones de los profesionales del Ministerio de Relaciones Exteriores que esperaban que ese cargo se asignase a un hombre de la casa. <strong>Va una mujer, y de la pol\u00edtica.<\/strong><br \/>\n<strong><\/strong><br \/>\n<strong><\/strong><br \/>\n<strong><\/strong><br \/>\n<strong><\/strong><br \/>\n<strong><\/strong><\/p>\n","protected":false},"excerpt":{"rendered":"<p>&nbsp; &nbsp; &nbsp; La ex senadora nacional por Mendoza Marita Perceval fue designada la noche de este mi\u00e9rcoles como nueva representante de la Argentina ante las Naciones Unidas. La dirigente mendocina debutar\u00e1 la semana que viene como integrante de la comitiva que acompa\u00f1ar\u00e1 a Cristina de Kirchner para participar en la asamblea de ese organismo [&hellip;]<\/p>\n","protected":false},"author":1,"featured_media":0,"comment_status":"open","ping_status":"open","sticky":false,"template":"","format":"standard","meta":{"iawp_total_views":2,"footnotes":""},"categories":[3,4],"tags":[],"class_list":["post-3910","post","type-post","status-publish","format-standard","hentry","category-de-la-revolucion-al-reaprendizaje","category-medios"],"nelio_content":{"autoShareEndMode":"never","automationSources":{"useCustomSentences":false,"customSentences":[]},"efiAlt":"","efiUrl":"","followers":[],"highlights":[],"isAutoShareEnabled":true,"networkImageIds":[],"permalinkQueryArgs":[],"series":[],"suggestedReferences":[]},"yoast_head":"<!-- This site is optimized with the Yoast SEO plugin v27.4 - https:\/\/yoast.com\/product\/yoast-seo-wordpress\/ -->\n<title>Marita Perceval. Nueva embajadora ante la ONU - Diario Digital Femenino<\/title>\n<meta name=\"robots\" content=\"index, follow, max-snippet:-1, max-image-preview:large, max-video-preview:-1\" \/>\n<link rel=\"canonical\" href=\"https:\/\/diariofemenino.com.ar\/df\/marita-perceval-nueva-embajadora-ante-la-onu\/\" \/>\n<meta property=\"og:locale\" content=\"es_ES\" \/>\n<meta property=\"og:type\" content=\"article\" \/>\n<meta property=\"og:title\" content=\"Marita Perceval. Nueva embajadora ante la ONU - Diario Digital Femenino\" \/>\n<meta property=\"og:description\" content=\"&nbsp; &nbsp; &nbsp; La ex senadora nacional por Mendoza Marita Perceval fue designada la noche de este mi\u00e9rcoles como nueva representante de la Argentina ante las Naciones Unidas. La dirigente mendocina debutar\u00e1 la semana que viene como integrante de la comitiva que acompa\u00f1ar\u00e1 a Cristina de Kirchner para participar en la asamblea de ese organismo [&hellip;]\" \/>\n<meta property=\"og:url\" content=\"https:\/\/diariofemenino.com.ar\/df\/marita-perceval-nueva-embajadora-ante-la-onu\/\" \/>\n<meta property=\"og:site_name\" content=\"Diario Digital Femenino\" \/>\n<meta property=\"article:publisher\" content=\"https:\/\/www.facebook.com\/DiarioDigitaFemenino\/\" \/>\n<meta property=\"article:published_time\" content=\"2012-09-20T14:18:41+00:00\" \/>\n<meta property=\"og:image\" content=\"http:\/\/www.diariofemenino.com.ar\/wp-content\/uploads\/marita.jpg\" \/>\n<meta name=\"author\" content=\"Admin\" \/>\n<meta name=\"twitter:card\" content=\"summary_large_image\" \/>\n<meta name=\"twitter:creator\" content=\"@DiarioFemenino1\" \/>\n<meta name=\"twitter:site\" content=\"@DiarioFemenino1\" \/>\n<meta name=\"twitter:label1\" content=\"Escrito por\" \/>\n\t<meta name=\"twitter:data1\" content=\"Admin\" \/>\n\t<meta name=\"twitter:label2\" content=\"Tiempo de lectura\" \/>\n\t<meta name=\"twitter:data2\" content=\"3 minutos\" \/>\n<script type=\"application\/ld+json\" class=\"yoast-schema-graph\">{\"@context\":\"https:\\\/\\\/schema.org\",\"@graph\":[{\"@type\":\"Article\",\"@id\":\"https:\\\/\\\/diariofemenino.com.ar\\\/df\\\/marita-perceval-nueva-embajadora-ante-la-onu\\\/#article\",\"isPartOf\":{\"@id\":\"https:\\\/\\\/diariofemenino.com.ar\\\/df\\\/marita-perceval-nueva-embajadora-ante-la-onu\\\/\"},\"author\":{\"name\":\"Admin\",\"@id\":\"https:\\\/\\\/diariofemenino.com.ar\\\/df\\\/#\\\/schema\\\/person\\\/38f54b3bfd13f561de2460ba95c169c6\"},\"headline\":\"Marita Perceval. Nueva embajadora ante la ONU\",\"datePublished\":\"2012-09-20T14:18:41+00:00\",\"mainEntityOfPage\":{\"@id\":\"https:\\\/\\\/diariofemenino.com.ar\\\/df\\\/marita-perceval-nueva-embajadora-ante-la-onu\\\/\"},\"wordCount\":523,\"commentCount\":0,\"publisher\":{\"@id\":\"https:\\\/\\\/diariofemenino.com.ar\\\/df\\\/#organization\"},\"image\":{\"@id\":\"https:\\\/\\\/diariofemenino.com.ar\\\/df\\\/marita-perceval-nueva-embajadora-ante-la-onu\\\/#primaryimage\"},\"thumbnailUrl\":\"http:\\\/\\\/www.diariofemenino.com.ar\\\/wp-content\\\/uploads\\\/marita.jpg\",\"articleSection\":[\"De la Revoluci\u00f3n al Reaprendizaje\",\"Medios\"],\"inLanguage\":\"es\",\"potentialAction\":[{\"@type\":\"CommentAction\",\"name\":\"Comment\",\"target\":[\"https:\\\/\\\/diariofemenino.com.ar\\\/df\\\/marita-perceval-nueva-embajadora-ante-la-onu\\\/#respond\"]}]},{\"@type\":\"WebPage\",\"@id\":\"https:\\\/\\\/diariofemenino.com.ar\\\/df\\\/marita-perceval-nueva-embajadora-ante-la-onu\\\/\",\"url\":\"https:\\\/\\\/diariofemenino.com.ar\\\/df\\\/marita-perceval-nueva-embajadora-ante-la-onu\\\/\",\"name\":\"Marita Perceval. Nueva embajadora ante la ONU - Diario Digital Femenino\",\"isPartOf\":{\"@id\":\"https:\\\/\\\/diariofemenino.com.ar\\\/df\\\/#website\"},\"primaryImageOfPage\":{\"@id\":\"https:\\\/\\\/diariofemenino.com.ar\\\/df\\\/marita-perceval-nueva-embajadora-ante-la-onu\\\/#primaryimage\"},\"image\":{\"@id\":\"https:\\\/\\\/diariofemenino.com.ar\\\/df\\\/marita-perceval-nueva-embajadora-ante-la-onu\\\/#primaryimage\"},\"thumbnailUrl\":\"http:\\\/\\\/www.diariofemenino.com.ar\\\/wp-content\\\/uploads\\\/marita.jpg\",\"datePublished\":\"2012-09-20T14:18:41+00:00\",\"breadcrumb\":{\"@id\":\"https:\\\/\\\/diariofemenino.com.ar\\\/df\\\/marita-perceval-nueva-embajadora-ante-la-onu\\\/#breadcrumb\"},\"inLanguage\":\"es\",\"potentialAction\":[{\"@type\":\"ReadAction\",\"target\":[\"https:\\\/\\\/diariofemenino.com.ar\\\/df\\\/marita-perceval-nueva-embajadora-ante-la-onu\\\/\"]}]},{\"@type\":\"ImageObject\",\"inLanguage\":\"es\",\"@id\":\"https:\\\/\\\/diariofemenino.com.ar\\\/df\\\/marita-perceval-nueva-embajadora-ante-la-onu\\\/#primaryimage\",\"url\":\"http:\\\/\\\/www.diariofemenino.com.ar\\\/wp-content\\\/uploads\\\/marita.jpg\",\"contentUrl\":\"http:\\\/\\\/www.diariofemenino.com.ar\\\/wp-content\\\/uploads\\\/marita.jpg\"},{\"@type\":\"BreadcrumbList\",\"@id\":\"https:\\\/\\\/diariofemenino.com.ar\\\/df\\\/marita-perceval-nueva-embajadora-ante-la-onu\\\/#breadcrumb\",\"itemListElement\":[{\"@type\":\"ListItem\",\"position\":1,\"name\":\"Portada\",\"item\":\"https:\\\/\\\/diariofemenino.com.ar\\\/df\\\/\"},{\"@type\":\"ListItem\",\"position\":2,\"name\":\"Marita Perceval. Nueva embajadora ante la ONU\"}]},{\"@type\":\"WebSite\",\"@id\":\"https:\\\/\\\/diariofemenino.com.ar\\\/df\\\/#website\",\"url\":\"https:\\\/\\\/diariofemenino.com.ar\\\/df\\\/\",\"name\":\"Diario Digital Femenino\",\"description\":\"Cuesti\u00f3n de G\u00e9nero\",\"publisher\":{\"@id\":\"https:\\\/\\\/diariofemenino.com.ar\\\/df\\\/#organization\"},\"potentialAction\":[{\"@type\":\"SearchAction\",\"target\":{\"@type\":\"EntryPoint\",\"urlTemplate\":\"https:\\\/\\\/diariofemenino.com.ar\\\/df\\\/?s={search_term_string}\"},\"query-input\":{\"@type\":\"PropertyValueSpecification\",\"valueRequired\":true,\"valueName\":\"search_term_string\"}}],\"inLanguage\":\"es\"},{\"@type\":\"Organization\",\"@id\":\"https:\\\/\\\/diariofemenino.com.ar\\\/df\\\/#organization\",\"name\":\"Diario Femenino\",\"url\":\"https:\\\/\\\/diariofemenino.com.ar\\\/df\\\/\",\"logo\":{\"@type\":\"ImageObject\",\"inLanguage\":\"es\",\"@id\":\"https:\\\/\\\/diariofemenino.com.ar\\\/df\\\/#\\\/schema\\\/logo\\\/image\\\/\",\"url\":\"https:\\\/\\\/diariofemenino.com.ar\\\/df\\\/wp-content\\\/uploads\\\/2018\\\/10\\\/logo.png\",\"contentUrl\":\"https:\\\/\\\/diariofemenino.com.ar\\\/df\\\/wp-content\\\/uploads\\\/2018\\\/10\\\/logo.png\",\"width\":500,\"height\":92,\"caption\":\"Diario Femenino\"},\"image\":{\"@id\":\"https:\\\/\\\/diariofemenino.com.ar\\\/df\\\/#\\\/schema\\\/logo\\\/image\\\/\"},\"sameAs\":[\"https:\\\/\\\/www.facebook.com\\\/DiarioDigitaFemenino\\\/\",\"https:\\\/\\\/x.com\\\/DiarioFemenino1\"]},{\"@type\":\"Person\",\"@id\":\"https:\\\/\\\/diariofemenino.com.ar\\\/df\\\/#\\\/schema\\\/person\\\/38f54b3bfd13f561de2460ba95c169c6\",\"name\":\"Admin\",\"image\":{\"@type\":\"ImageObject\",\"inLanguage\":\"es\",\"@id\":\"https:\\\/\\\/diariofemenino.com.ar\\\/df\\\/wp-content\\\/uploads\\\/2018\\\/12\\\/favicon-150x150.jpg\",\"url\":\"https:\\\/\\\/diariofemenino.com.ar\\\/df\\\/wp-content\\\/uploads\\\/2018\\\/12\\\/favicon-150x150.jpg\",\"contentUrl\":\"https:\\\/\\\/diariofemenino.com.ar\\\/df\\\/wp-content\\\/uploads\\\/2018\\\/12\\\/favicon-150x150.jpg\",\"caption\":\"Admin\"},\"url\":\"https:\\\/\\\/diariofemenino.com.ar\\\/df\\\/author\\\/adm18df\\\/\"}]}<\/script>\n<!-- \/ Yoast SEO plugin. -->","yoast_head_json":{"title":"Marita Perceval. Nueva embajadora ante la ONU - Diario Digital Femenino","robots":{"index":"index","follow":"follow","max-snippet":"max-snippet:-1","max-image-preview":"max-image-preview:large","max-video-preview":"max-video-preview:-1"},"canonical":"https:\/\/diariofemenino.com.ar\/df\/marita-perceval-nueva-embajadora-ante-la-onu\/","og_locale":"es_ES","og_type":"article","og_title":"Marita Perceval. Nueva embajadora ante la ONU - Diario Digital Femenino","og_description":"&nbsp; &nbsp; &nbsp; La ex senadora nacional por Mendoza Marita Perceval fue designada la noche de este mi\u00e9rcoles como nueva representante de la Argentina ante las Naciones Unidas. La dirigente mendocina debutar\u00e1 la semana que viene como integrante de la comitiva que acompa\u00f1ar\u00e1 a Cristina de Kirchner para participar en la asamblea de ese organismo [&hellip;]","og_url":"https:\/\/diariofemenino.com.ar\/df\/marita-perceval-nueva-embajadora-ante-la-onu\/","og_site_name":"Diario Digital Femenino","article_publisher":"https:\/\/www.facebook.com\/DiarioDigitaFemenino\/","article_published_time":"2012-09-20T14:18:41+00:00","og_image":[{"url":"http:\/\/www.diariofemenino.com.ar\/wp-content\/uploads\/marita.jpg","type":"","width":"","height":""}],"author":"Admin","twitter_card":"summary_large_image","twitter_creator":"@DiarioFemenino1","twitter_site":"@DiarioFemenino1","twitter_misc":{"Escrito por":"Admin","Tiempo de lectura":"3 minutos"},"schema":{"@context":"https:\/\/schema.org","@graph":[{"@type":"Article","@id":"https:\/\/diariofemenino.com.ar\/df\/marita-perceval-nueva-embajadora-ante-la-onu\/#article","isPartOf":{"@id":"https:\/\/diariofemenino.com.ar\/df\/marita-perceval-nueva-embajadora-ante-la-onu\/"},"author":{"name":"Admin","@id":"https:\/\/diariofemenino.com.ar\/df\/#\/schema\/person\/38f54b3bfd13f561de2460ba95c169c6"},"headline":"Marita Perceval. Nueva embajadora ante la ONU","datePublished":"2012-09-20T14:18:41+00:00","mainEntityOfPage":{"@id":"https:\/\/diariofemenino.com.ar\/df\/marita-perceval-nueva-embajadora-ante-la-onu\/"},"wordCount":523,"commentCount":0,"publisher":{"@id":"https:\/\/diariofemenino.com.ar\/df\/#organization"},"image":{"@id":"https:\/\/diariofemenino.com.ar\/df\/marita-perceval-nueva-embajadora-ante-la-onu\/#primaryimage"},"thumbnailUrl":"http:\/\/www.diariofemenino.com.ar\/wp-content\/uploads\/marita.jpg","articleSection":["De la Revoluci\u00f3n al Reaprendizaje","Medios"],"inLanguage":"es","potentialAction":[{"@type":"CommentAction","name":"Comment","target":["https:\/\/diariofemenino.com.ar\/df\/marita-perceval-nueva-embajadora-ante-la-onu\/#respond"]}]},{"@type":"WebPage","@id":"https:\/\/diariofemenino.com.ar\/df\/marita-perceval-nueva-embajadora-ante-la-onu\/","url":"https:\/\/diariofemenino.com.ar\/df\/marita-perceval-nueva-embajadora-ante-la-onu\/","name":"Marita Perceval. Nueva embajadora ante la ONU - Diario Digital Femenino","isPartOf":{"@id":"https:\/\/diariofemenino.com.ar\/df\/#website"},"primaryImageOfPage":{"@id":"https:\/\/diariofemenino.com.ar\/df\/marita-perceval-nueva-embajadora-ante-la-onu\/#primaryimage"},"image":{"@id":"https:\/\/diariofemenino.com.ar\/df\/marita-perceval-nueva-embajadora-ante-la-onu\/#primaryimage"},"thumbnailUrl":"http:\/\/www.diariofemenino.com.ar\/wp-content\/uploads\/marita.jpg","datePublished":"2012-09-20T14:18:41+00:00","breadcrumb":{"@id":"https:\/\/diariofemenino.com.ar\/df\/marita-perceval-nueva-embajadora-ante-la-onu\/#breadcrumb"},"inLanguage":"es","potentialAction":[{"@type":"ReadAction","target":["https:\/\/diariofemenino.com.ar\/df\/marita-perceval-nueva-embajadora-ante-la-onu\/"]}]},{"@type":"ImageObject","inLanguage":"es","@id":"https:\/\/diariofemenino.com.ar\/df\/marita-perceval-nueva-embajadora-ante-la-onu\/#primaryimage","url":"http:\/\/www.diariofemenino.com.ar\/wp-content\/uploads\/marita.jpg","contentUrl":"http:\/\/www.diariofemenino.com.ar\/wp-content\/uploads\/marita.jpg"},{"@type":"BreadcrumbList","@id":"https:\/\/diariofemenino.com.ar\/df\/marita-perceval-nueva-embajadora-ante-la-onu\/#breadcrumb","itemListElement":[{"@type":"ListItem","position":1,"name":"Portada","item":"https:\/\/diariofemenino.com.ar\/df\/"},{"@type":"ListItem","position":2,"name":"Marita Perceval. Nueva embajadora ante la ONU"}]},{"@type":"WebSite","@id":"https:\/\/diariofemenino.com.ar\/df\/#website","url":"https:\/\/diariofemenino.com.ar\/df\/","name":"Diario Digital Femenino","description":"Cuesti\u00f3n de G\u00e9nero","publisher":{"@id":"https:\/\/diariofemenino.com.ar\/df\/#organization"},"potentialAction":[{"@type":"SearchAction","target":{"@type":"EntryPoint","urlTemplate":"https:\/\/diariofemenino.com.ar\/df\/?s={search_term_string}"},"query-input":{"@type":"PropertyValueSpecification","valueRequired":true,"valueName":"search_term_string"}}],"inLanguage":"es"},{"@type":"Organization","@id":"https:\/\/diariofemenino.com.ar\/df\/#organization","name":"Diario Femenino","url":"https:\/\/diariofemenino.com.ar\/df\/","logo":{"@type":"ImageObject","inLanguage":"es","@id":"https:\/\/diariofemenino.com.ar\/df\/#\/schema\/logo\/image\/","url":"https:\/\/diariofemenino.com.ar\/df\/wp-content\/uploads\/2018\/10\/logo.png","contentUrl":"https:\/\/diariofemenino.com.ar\/df\/wp-content\/uploads\/2018\/10\/logo.png","width":500,"height":92,"caption":"Diario Femenino"},"image":{"@id":"https:\/\/diariofemenino.com.ar\/df\/#\/schema\/logo\/image\/"},"sameAs":["https:\/\/www.facebook.com\/DiarioDigitaFemenino\/","https:\/\/x.com\/DiarioFemenino1"]},{"@type":"Person","@id":"https:\/\/diariofemenino.com.ar\/df\/#\/schema\/person\/38f54b3bfd13f561de2460ba95c169c6","name":"Admin","image":{"@type":"ImageObject","inLanguage":"es","@id":"https:\/\/diariofemenino.com.ar\/df\/wp-content\/uploads\/2018\/12\/favicon-150x150.jpg","url":"https:\/\/diariofemenino.com.ar\/df\/wp-content\/uploads\/2018\/12\/favicon-150x150.jpg","contentUrl":"https:\/\/diariofemenino.com.ar\/df\/wp-content\/uploads\/2018\/12\/favicon-150x150.jpg","caption":"Admin"},"url":"https:\/\/diariofemenino.com.ar\/df\/author\/adm18df\/"}]}},"jetpack_featured_media_url":"","jetpack_sharing_enabled":true,"rttpg_featured_image_url":null,"rttpg_author":{"display_name":"Admin","author_link":"https:\/\/diariofemenino.com.ar\/df\/author\/adm18df\/"},"rttpg_comment":0,"rttpg_category":"<a href=\"https:\/\/diariofemenino.com.ar\/df\/category\/de-la-revolucion-al-reaprendizaje\/\" rel=\"category tag\">De la Revoluci\u00f3n al Reaprendizaje<\/a> <a href=\"https:\/\/diariofemenino.com.ar\/df\/category\/medios\/\" rel=\"category tag\">Medios<\/a>","rttpg_excerpt":"&nbsp; &nbsp; &nbsp; La ex senadora nacional por Mendoza Marita Perceval fue designada la noche de este mi\u00e9rcoles como nueva representante de la Argentina ante las Naciones Unidas. La dirigente mendocina debutar\u00e1 la semana que viene como integrante de la comitiva que acompa\u00f1ar\u00e1 a Cristina de Kirchner para participar en la asamblea de ese organismo&hellip;","_links":{"self":[{"href":"https:\/\/diariofemenino.com.ar\/df\/wp-json\/wp\/v2\/posts\/3910","targetHints":{"allow":["GET"]}}],"collection":[{"href":"https:\/\/diariofemenino.com.ar\/df\/wp-json\/wp\/v2\/posts"}],"about":[{"href":"https:\/\/diariofemenino.com.ar\/df\/wp-json\/wp\/v2\/types\/post"}],"author":[{"embeddable":true,"href":"https:\/\/diariofemenino.com.ar\/df\/wp-json\/wp\/v2\/users\/1"}],"replies":[{"embeddable":true,"href":"https:\/\/diariofemenino.com.ar\/df\/wp-json\/wp\/v2\/comments?post=3910"}],"version-history":[{"count":0,"href":"https:\/\/diariofemenino.com.ar\/df\/wp-json\/wp\/v2\/posts\/3910\/revisions"}],"wp:attachment":[{"href":"https:\/\/diariofemenino.com.ar\/df\/wp-json\/wp\/v2\/media?parent=3910"}],"wp:term":[{"taxonomy":"category","embeddable":true,"href":"https:\/\/diariofemenino.com.ar\/df\/wp-json\/wp\/v2\/categories?post=3910"},{"taxonomy":"post_tag","embeddable":true,"href":"https:\/\/diariofemenino.com.ar\/df\/wp-json\/wp\/v2\/tags?post=3910"}],"curies":[{"name":"wp","href":"https:\/\/api.w.org\/{rel}","templated":true}]}}