{"id":391,"date":"2012-05-11T01:42:58","date_gmt":"2012-05-11T04:42:58","guid":{"rendered":"http:\/\/www.diariofemenino.com.ar\/?p=391"},"modified":"2012-05-11T01:42:58","modified_gmt":"2012-05-11T04:42:58","slug":"aborto-no-punible-la-sociedad-se-apropia-de-un-derecho","status":"publish","type":"post","link":"https:\/\/diariofemenino.com.ar\/df\/aborto-no-punible-la-sociedad-se-apropia-de-un-derecho\/","title":{"rendered":"Aborto no punible: &#034;La sociedad se apropia de un derecho&#034;"},"content":{"rendered":"<p>Desde la agrupaci\u00f3n <strong>Mujeres por la Solidaridad<\/strong> manifestaron que <strong>siempre dijeron que \u00abhab\u00eda una necesidad\u00bb <\/strong>de garantizar el derecho al aborto no punible en los centros sanitarios de la provincia<\/p>\n<p style=\"text-align: center;\">.<a href=\"http:\/\/www.diariofemenino.com.ar\/wp-content\/uploads\/Monica-Rodriguez.jpg\"><img loading=\"lazy\" decoding=\"async\" class=\"alignnone size-full wp-image-392\" title=\"Monica-Rodriguez\" src=\"http:\/\/www.diariofemenino.com.ar\/wp-content\/uploads\/Monica-Rodriguez.jpg\" alt=\"\" width=\"400\" height=\"268\" \/><\/a><\/p>\n<p>\u201c<strong>La sociedad se apropia de un derecho\u201d<\/strong>, dijo la m\u00e9dica <strong>M\u00f3nica Rodr\u00edguez<\/strong>, del grupo Mujeres por la Solidaridad, consultada por el primer caso de aborto no punible que se practic\u00f3 en el Hopistas Molas, a una semana de la puesta en vigencia del protocolo aconsejado por la Corte Suprema de Justicia.<br \/>\nRodr\u00edguez celebr\u00f3 que \u201cno se vulnere el derecho a la intimidad de la persona\u201d y no se difunda la identidad de la mujer a la que se le pratic\u00f3 el aborto.<br \/>\n\u201cS\u00ed tenemos que estar todos trabajando para que este derecho lo conozca la ciudadan\u00eda y que se conozcan los caminos, los recorridos que tengan que hacer la persona para la consulta, en qu\u00e9 lugares, de qu\u00e9 manera. Eso s\u00ed, tiene que estar a disposici\u00f3n\u201d, dijo.<br \/>\n\u201cMe parece que es un punto importante que se haya realizado (el aborto no punible), respetando todos los puntos del protocolo. Quiere decir que la comunidad, la sociedad, se apropia de un derecho reclamado desde hace mucho tiempo\u201d, acot\u00f3.<br \/>\n\u201cQue se haya hecho tan r\u00e1pido, quiere decir que hab\u00eda una necesidad. Siempre lo hemos dicho. Y tambi\u00e9n decimos que <strong>esto es solo una parte, seguimos insistiendo como Foro, la ciudadan\u00eda tiene una alta expectativa respecto a que se amplien las consideraciones del derecho en relaci\u00f3n a la interrupci\u00f3n del embarazo, en condiciones seguras y respetando la intimidad de las personas\u00a0 y la confidencialidad<\/strong>\u201d, complet\u00f3.<br \/>\n&nbsp;<br \/>\nFuente: <a href=\"http:\/\/www.eldiariodelapampa.com.ar\/index.php?option=com_content&amp;view=article&amp;id=108740:aborto-no-punible-qla-sociedad-se-apropia-de-un-derechoq&amp;catid=61:locales&amp;Itemid=2\">http:\/\/www.eldiariodelapampa.com.ar<\/a><br \/>\n&nbsp;<\/p>\n","protected":false},"excerpt":{"rendered":"<p>Desde la agrupaci\u00f3n Mujeres por la Solidaridad manifestaron que siempre dijeron que \u00abhab\u00eda una necesidad\u00bb de garantizar el derecho al aborto no punible en los centros sanitarios de la provincia . \u201cLa sociedad se apropia de un derecho\u201d, dijo la m\u00e9dica M\u00f3nica Rodr\u00edguez, del grupo Mujeres por la Solidaridad, consultada por el primer caso de [&hellip;]<\/p>\n","protected":false},"author":1,"featured_media":392,"comment_status":"open","ping_status":"open","sticky":false,"template":"","format":"standard","meta":{"iawp_total_views":2,"footnotes":""},"categories":[22,4],"tags":[],"class_list":["post-391","post","type-post","status-publish","format-standard","has-post-thumbnail","hentry","category-aborto","category-medios"],"nelio_content":{"autoShareEndMode":"never","automationSources":{"useCustomSentences":false,"customSentences":[]},"efiAlt":"","efiUrl":"","followers":[],"highlights":[],"isAutoShareEnabled":true,"networkImageIds":[],"permalinkQueryArgs":[],"series":[],"suggestedReferences":[]},"yoast_head":"<!-- This site is optimized with the Yoast SEO plugin v27.5 - https:\/\/yoast.com\/product\/yoast-seo-wordpress\/ -->\n<title>Aborto no punible: &#034;La sociedad se apropia de un derecho&#034; - Diario Digital Femenino<\/title>\n<meta name=\"robots\" content=\"index, follow, max-snippet:-1, max-image-preview:large, max-video-preview:-1\" \/>\n<link rel=\"canonical\" href=\"https:\/\/diariofemenino.com.ar\/df\/aborto-no-punible-la-sociedad-se-apropia-de-un-derecho\/\" \/>\n<meta property=\"og:locale\" content=\"es_ES\" \/>\n<meta property=\"og:type\" content=\"article\" \/>\n<meta property=\"og:title\" content=\"Aborto no punible: &#034;La sociedad se apropia de un derecho&#034; - Diario Digital Femenino\" \/>\n<meta property=\"og:description\" content=\"Desde la agrupaci\u00f3n Mujeres por la Solidaridad manifestaron que siempre dijeron que \u00abhab\u00eda una necesidad\u00bb de garantizar el derecho al aborto no punible en los centros sanitarios de la provincia . \u201cLa sociedad se apropia de un derecho\u201d, dijo la m\u00e9dica M\u00f3nica Rodr\u00edguez, del grupo Mujeres por la Solidaridad, consultada por el primer caso de [&hellip;]\" \/>\n<meta property=\"og:url\" content=\"https:\/\/diariofemenino.com.ar\/df\/aborto-no-punible-la-sociedad-se-apropia-de-un-derecho\/\" \/>\n<meta property=\"og:site_name\" content=\"Diario Digital Femenino\" \/>\n<meta property=\"article:publisher\" content=\"https:\/\/www.facebook.com\/DiarioDigitaFemenino\/\" \/>\n<meta property=\"article:published_time\" content=\"2012-05-11T04:42:58+00:00\" \/>\n<meta property=\"og:image\" content=\"https:\/\/diariofemenino.com.ar\/df\/wp-content\/uploads\/2016\/10\/logo-negro.png\" \/>\n\t<meta property=\"og:image:width\" content=\"855\" \/>\n\t<meta property=\"og:image:height\" content=\"319\" \/>\n\t<meta property=\"og:image:type\" content=\"image\/png\" \/>\n<meta name=\"author\" content=\"Admin\" \/>\n<meta name=\"twitter:card\" content=\"summary_large_image\" \/>\n<meta name=\"twitter:creator\" content=\"@DiarioFemenino1\" \/>\n<meta name=\"twitter:site\" content=\"@DiarioFemenino1\" \/>\n<meta name=\"twitter:label1\" content=\"Escrito por\" \/>\n\t<meta name=\"twitter:data1\" content=\"Admin\" \/>\n\t<meta name=\"twitter:label2\" content=\"Tiempo de lectura\" \/>\n\t<meta name=\"twitter:data2\" content=\"1 minuto\" \/>\n<script type=\"application\/ld+json\" class=\"yoast-schema-graph\">{\"@context\":\"https:\\\/\\\/schema.org\",\"@graph\":[{\"@type\":\"Article\",\"@id\":\"https:\\\/\\\/diariofemenino.com.ar\\\/df\\\/aborto-no-punible-la-sociedad-se-apropia-de-un-derecho\\\/#article\",\"isPartOf\":{\"@id\":\"https:\\\/\\\/diariofemenino.com.ar\\\/df\\\/aborto-no-punible-la-sociedad-se-apropia-de-un-derecho\\\/\"},\"author\":{\"name\":\"Admin\",\"@id\":\"https:\\\/\\\/diariofemenino.com.ar\\\/df\\\/#\\\/schema\\\/person\\\/38f54b3bfd13f561de2460ba95c169c6\"},\"headline\":\"Aborto no punible: &#034;La sociedad se apropia de un derecho&#034;\",\"datePublished\":\"2012-05-11T04:42:58+00:00\",\"mainEntityOfPage\":{\"@id\":\"https:\\\/\\\/diariofemenino.com.ar\\\/df\\\/aborto-no-punible-la-sociedad-se-apropia-de-un-derecho\\\/\"},\"wordCount\":293,\"commentCount\":0,\"publisher\":{\"@id\":\"https:\\\/\\\/diariofemenino.com.ar\\\/df\\\/#organization\"},\"image\":{\"@id\":\"https:\\\/\\\/diariofemenino.com.ar\\\/df\\\/aborto-no-punible-la-sociedad-se-apropia-de-un-derecho\\\/#primaryimage\"},\"thumbnailUrl\":\"\",\"articleSection\":[\"Aborto\",\"Medios\"],\"inLanguage\":\"es\",\"potentialAction\":[{\"@type\":\"CommentAction\",\"name\":\"Comment\",\"target\":[\"https:\\\/\\\/diariofemenino.com.ar\\\/df\\\/aborto-no-punible-la-sociedad-se-apropia-de-un-derecho\\\/#respond\"]}]},{\"@type\":\"WebPage\",\"@id\":\"https:\\\/\\\/diariofemenino.com.ar\\\/df\\\/aborto-no-punible-la-sociedad-se-apropia-de-un-derecho\\\/\",\"url\":\"https:\\\/\\\/diariofemenino.com.ar\\\/df\\\/aborto-no-punible-la-sociedad-se-apropia-de-un-derecho\\\/\",\"name\":\"Aborto no punible: &#034;La sociedad se apropia de un derecho&#034; - Diario Digital Femenino\",\"isPartOf\":{\"@id\":\"https:\\\/\\\/diariofemenino.com.ar\\\/df\\\/#website\"},\"primaryImageOfPage\":{\"@id\":\"https:\\\/\\\/diariofemenino.com.ar\\\/df\\\/aborto-no-punible-la-sociedad-se-apropia-de-un-derecho\\\/#primaryimage\"},\"image\":{\"@id\":\"https:\\\/\\\/diariofemenino.com.ar\\\/df\\\/aborto-no-punible-la-sociedad-se-apropia-de-un-derecho\\\/#primaryimage\"},\"thumbnailUrl\":\"\",\"datePublished\":\"2012-05-11T04:42:58+00:00\",\"breadcrumb\":{\"@id\":\"https:\\\/\\\/diariofemenino.com.ar\\\/df\\\/aborto-no-punible-la-sociedad-se-apropia-de-un-derecho\\\/#breadcrumb\"},\"inLanguage\":\"es\",\"potentialAction\":[{\"@type\":\"ReadAction\",\"target\":[\"https:\\\/\\\/diariofemenino.com.ar\\\/df\\\/aborto-no-punible-la-sociedad-se-apropia-de-un-derecho\\\/\"]}]},{\"@type\":\"ImageObject\",\"inLanguage\":\"es\",\"@id\":\"https:\\\/\\\/diariofemenino.com.ar\\\/df\\\/aborto-no-punible-la-sociedad-se-apropia-de-un-derecho\\\/#primaryimage\",\"url\":\"\",\"contentUrl\":\"\"},{\"@type\":\"BreadcrumbList\",\"@id\":\"https:\\\/\\\/diariofemenino.com.ar\\\/df\\\/aborto-no-punible-la-sociedad-se-apropia-de-un-derecho\\\/#breadcrumb\",\"itemListElement\":[{\"@type\":\"ListItem\",\"position\":1,\"name\":\"Portada\",\"item\":\"https:\\\/\\\/diariofemenino.com.ar\\\/df\\\/\"},{\"@type\":\"ListItem\",\"position\":2,\"name\":\"Aborto no punible: &#034;La sociedad se apropia de un derecho&#034;\"}]},{\"@type\":\"WebSite\",\"@id\":\"https:\\\/\\\/diariofemenino.com.ar\\\/df\\\/#website\",\"url\":\"https:\\\/\\\/diariofemenino.com.ar\\\/df\\\/\",\"name\":\"Diario Digital Femenino\",\"description\":\"Cuesti\u00f3n de G\u00e9nero\",\"publisher\":{\"@id\":\"https:\\\/\\\/diariofemenino.com.ar\\\/df\\\/#organization\"},\"potentialAction\":[{\"@type\":\"SearchAction\",\"target\":{\"@type\":\"EntryPoint\",\"urlTemplate\":\"https:\\\/\\\/diariofemenino.com.ar\\\/df\\\/?s={search_term_string}\"},\"query-input\":{\"@type\":\"PropertyValueSpecification\",\"valueRequired\":true,\"valueName\":\"search_term_string\"}}],\"inLanguage\":\"es\"},{\"@type\":\"Organization\",\"@id\":\"https:\\\/\\\/diariofemenino.com.ar\\\/df\\\/#organization\",\"name\":\"Diario Femenino\",\"url\":\"https:\\\/\\\/diariofemenino.com.ar\\\/df\\\/\",\"logo\":{\"@type\":\"ImageObject\",\"inLanguage\":\"es\",\"@id\":\"https:\\\/\\\/diariofemenino.com.ar\\\/df\\\/#\\\/schema\\\/logo\\\/image\\\/\",\"url\":\"https:\\\/\\\/diariofemenino.com.ar\\\/df\\\/wp-content\\\/uploads\\\/2018\\\/10\\\/logo.png\",\"contentUrl\":\"https:\\\/\\\/diariofemenino.com.ar\\\/df\\\/wp-content\\\/uploads\\\/2018\\\/10\\\/logo.png\",\"width\":500,\"height\":92,\"caption\":\"Diario Femenino\"},\"image\":{\"@id\":\"https:\\\/\\\/diariofemenino.com.ar\\\/df\\\/#\\\/schema\\\/logo\\\/image\\\/\"},\"sameAs\":[\"https:\\\/\\\/www.facebook.com\\\/DiarioDigitaFemenino\\\/\",\"https:\\\/\\\/x.com\\\/DiarioFemenino1\"]},{\"@type\":\"Person\",\"@id\":\"https:\\\/\\\/diariofemenino.com.ar\\\/df\\\/#\\\/schema\\\/person\\\/38f54b3bfd13f561de2460ba95c169c6\",\"name\":\"Admin\",\"image\":{\"@type\":\"ImageObject\",\"inLanguage\":\"es\",\"@id\":\"https:\\\/\\\/diariofemenino.com.ar\\\/df\\\/wp-content\\\/uploads\\\/2018\\\/12\\\/favicon-150x150.jpg\",\"url\":\"https:\\\/\\\/diariofemenino.com.ar\\\/df\\\/wp-content\\\/uploads\\\/2018\\\/12\\\/favicon-150x150.jpg\",\"contentUrl\":\"https:\\\/\\\/diariofemenino.com.ar\\\/df\\\/wp-content\\\/uploads\\\/2018\\\/12\\\/favicon-150x150.jpg\",\"caption\":\"Admin\"},\"url\":\"https:\\\/\\\/diariofemenino.com.ar\\\/df\\\/author\\\/adm18df\\\/\"}]}<\/script>\n<!-- \/ Yoast SEO plugin. -->","yoast_head_json":{"title":"Aborto no punible: &#034;La sociedad se apropia de un derecho&#034; - Diario Digital Femenino","robots":{"index":"index","follow":"follow","max-snippet":"max-snippet:-1","max-image-preview":"max-image-preview:large","max-video-preview":"max-video-preview:-1"},"canonical":"https:\/\/diariofemenino.com.ar\/df\/aborto-no-punible-la-sociedad-se-apropia-de-un-derecho\/","og_locale":"es_ES","og_type":"article","og_title":"Aborto no punible: &#034;La sociedad se apropia de un derecho&#034; - Diario Digital Femenino","og_description":"Desde la agrupaci\u00f3n Mujeres por la Solidaridad manifestaron que siempre dijeron que \u00abhab\u00eda una necesidad\u00bb de garantizar el derecho al aborto no punible en los centros sanitarios de la provincia . \u201cLa sociedad se apropia de un derecho\u201d, dijo la m\u00e9dica M\u00f3nica Rodr\u00edguez, del grupo Mujeres por la Solidaridad, consultada por el primer caso de [&hellip;]","og_url":"https:\/\/diariofemenino.com.ar\/df\/aborto-no-punible-la-sociedad-se-apropia-de-un-derecho\/","og_site_name":"Diario Digital Femenino","article_publisher":"https:\/\/www.facebook.com\/DiarioDigitaFemenino\/","article_published_time":"2012-05-11T04:42:58+00:00","og_image":[{"width":855,"height":319,"url":"https:\/\/diariofemenino.com.ar\/df\/wp-content\/uploads\/2016\/10\/logo-negro.png","type":"image\/png"}],"author":"Admin","twitter_card":"summary_large_image","twitter_creator":"@DiarioFemenino1","twitter_site":"@DiarioFemenino1","twitter_misc":{"Escrito por":"Admin","Tiempo de lectura":"1 minuto"},"schema":{"@context":"https:\/\/schema.org","@graph":[{"@type":"Article","@id":"https:\/\/diariofemenino.com.ar\/df\/aborto-no-punible-la-sociedad-se-apropia-de-un-derecho\/#article","isPartOf":{"@id":"https:\/\/diariofemenino.com.ar\/df\/aborto-no-punible-la-sociedad-se-apropia-de-un-derecho\/"},"author":{"name":"Admin","@id":"https:\/\/diariofemenino.com.ar\/df\/#\/schema\/person\/38f54b3bfd13f561de2460ba95c169c6"},"headline":"Aborto no punible: &#034;La sociedad se apropia de un derecho&#034;","datePublished":"2012-05-11T04:42:58+00:00","mainEntityOfPage":{"@id":"https:\/\/diariofemenino.com.ar\/df\/aborto-no-punible-la-sociedad-se-apropia-de-un-derecho\/"},"wordCount":293,"commentCount":0,"publisher":{"@id":"https:\/\/diariofemenino.com.ar\/df\/#organization"},"image":{"@id":"https:\/\/diariofemenino.com.ar\/df\/aborto-no-punible-la-sociedad-se-apropia-de-un-derecho\/#primaryimage"},"thumbnailUrl":"","articleSection":["Aborto","Medios"],"inLanguage":"es","potentialAction":[{"@type":"CommentAction","name":"Comment","target":["https:\/\/diariofemenino.com.ar\/df\/aborto-no-punible-la-sociedad-se-apropia-de-un-derecho\/#respond"]}]},{"@type":"WebPage","@id":"https:\/\/diariofemenino.com.ar\/df\/aborto-no-punible-la-sociedad-se-apropia-de-un-derecho\/","url":"https:\/\/diariofemenino.com.ar\/df\/aborto-no-punible-la-sociedad-se-apropia-de-un-derecho\/","name":"Aborto no punible: &#034;La sociedad se apropia de un derecho&#034; - Diario Digital Femenino","isPartOf":{"@id":"https:\/\/diariofemenino.com.ar\/df\/#website"},"primaryImageOfPage":{"@id":"https:\/\/diariofemenino.com.ar\/df\/aborto-no-punible-la-sociedad-se-apropia-de-un-derecho\/#primaryimage"},"image":{"@id":"https:\/\/diariofemenino.com.ar\/df\/aborto-no-punible-la-sociedad-se-apropia-de-un-derecho\/#primaryimage"},"thumbnailUrl":"","datePublished":"2012-05-11T04:42:58+00:00","breadcrumb":{"@id":"https:\/\/diariofemenino.com.ar\/df\/aborto-no-punible-la-sociedad-se-apropia-de-un-derecho\/#breadcrumb"},"inLanguage":"es","potentialAction":[{"@type":"ReadAction","target":["https:\/\/diariofemenino.com.ar\/df\/aborto-no-punible-la-sociedad-se-apropia-de-un-derecho\/"]}]},{"@type":"ImageObject","inLanguage":"es","@id":"https:\/\/diariofemenino.com.ar\/df\/aborto-no-punible-la-sociedad-se-apropia-de-un-derecho\/#primaryimage","url":"","contentUrl":""},{"@type":"BreadcrumbList","@id":"https:\/\/diariofemenino.com.ar\/df\/aborto-no-punible-la-sociedad-se-apropia-de-un-derecho\/#breadcrumb","itemListElement":[{"@type":"ListItem","position":1,"name":"Portada","item":"https:\/\/diariofemenino.com.ar\/df\/"},{"@type":"ListItem","position":2,"name":"Aborto no punible: &#034;La sociedad se apropia de un derecho&#034;"}]},{"@type":"WebSite","@id":"https:\/\/diariofemenino.com.ar\/df\/#website","url":"https:\/\/diariofemenino.com.ar\/df\/","name":"Diario Digital Femenino","description":"Cuesti\u00f3n de G\u00e9nero","publisher":{"@id":"https:\/\/diariofemenino.com.ar\/df\/#organization"},"potentialAction":[{"@type":"SearchAction","target":{"@type":"EntryPoint","urlTemplate":"https:\/\/diariofemenino.com.ar\/df\/?s={search_term_string}"},"query-input":{"@type":"PropertyValueSpecification","valueRequired":true,"valueName":"search_term_string"}}],"inLanguage":"es"},{"@type":"Organization","@id":"https:\/\/diariofemenino.com.ar\/df\/#organization","name":"Diario Femenino","url":"https:\/\/diariofemenino.com.ar\/df\/","logo":{"@type":"ImageObject","inLanguage":"es","@id":"https:\/\/diariofemenino.com.ar\/df\/#\/schema\/logo\/image\/","url":"https:\/\/diariofemenino.com.ar\/df\/wp-content\/uploads\/2018\/10\/logo.png","contentUrl":"https:\/\/diariofemenino.com.ar\/df\/wp-content\/uploads\/2018\/10\/logo.png","width":500,"height":92,"caption":"Diario Femenino"},"image":{"@id":"https:\/\/diariofemenino.com.ar\/df\/#\/schema\/logo\/image\/"},"sameAs":["https:\/\/www.facebook.com\/DiarioDigitaFemenino\/","https:\/\/x.com\/DiarioFemenino1"]},{"@type":"Person","@id":"https:\/\/diariofemenino.com.ar\/df\/#\/schema\/person\/38f54b3bfd13f561de2460ba95c169c6","name":"Admin","image":{"@type":"ImageObject","inLanguage":"es","@id":"https:\/\/diariofemenino.com.ar\/df\/wp-content\/uploads\/2018\/12\/favicon-150x150.jpg","url":"https:\/\/diariofemenino.com.ar\/df\/wp-content\/uploads\/2018\/12\/favicon-150x150.jpg","contentUrl":"https:\/\/diariofemenino.com.ar\/df\/wp-content\/uploads\/2018\/12\/favicon-150x150.jpg","caption":"Admin"},"url":"https:\/\/diariofemenino.com.ar\/df\/author\/adm18df\/"}]}},"jetpack_featured_media_url":"","jetpack_sharing_enabled":true,"rttpg_featured_image_url":null,"rttpg_author":{"display_name":"Admin","author_link":"https:\/\/diariofemenino.com.ar\/df\/author\/adm18df\/"},"rttpg_comment":0,"rttpg_category":"<a href=\"https:\/\/diariofemenino.com.ar\/df\/category\/aborto\/\" rel=\"category tag\">Aborto<\/a> <a href=\"https:\/\/diariofemenino.com.ar\/df\/category\/medios\/\" rel=\"category tag\">Medios<\/a>","rttpg_excerpt":"Desde la agrupaci\u00f3n Mujeres por la Solidaridad manifestaron que siempre dijeron que \u00abhab\u00eda una necesidad\u00bb de garantizar el derecho al aborto no punible en los centros sanitarios de la provincia . \u201cLa sociedad se apropia de un derecho\u201d, dijo la m\u00e9dica M\u00f3nica Rodr\u00edguez, del grupo Mujeres por la Solidaridad, consultada por el primer caso de&hellip;","_links":{"self":[{"href":"https:\/\/diariofemenino.com.ar\/df\/wp-json\/wp\/v2\/posts\/391","targetHints":{"allow":["GET"]}}],"collection":[{"href":"https:\/\/diariofemenino.com.ar\/df\/wp-json\/wp\/v2\/posts"}],"about":[{"href":"https:\/\/diariofemenino.com.ar\/df\/wp-json\/wp\/v2\/types\/post"}],"author":[{"embeddable":true,"href":"https:\/\/diariofemenino.com.ar\/df\/wp-json\/wp\/v2\/users\/1"}],"replies":[{"embeddable":true,"href":"https:\/\/diariofemenino.com.ar\/df\/wp-json\/wp\/v2\/comments?post=391"}],"version-history":[{"count":0,"href":"https:\/\/diariofemenino.com.ar\/df\/wp-json\/wp\/v2\/posts\/391\/revisions"}],"wp:featuredmedia":[{"embeddable":true,"href":"https:\/\/diariofemenino.com.ar\/df\/wp-json\/"}],"wp:attachment":[{"href":"https:\/\/diariofemenino.com.ar\/df\/wp-json\/wp\/v2\/media?parent=391"}],"wp:term":[{"taxonomy":"category","embeddable":true,"href":"https:\/\/diariofemenino.com.ar\/df\/wp-json\/wp\/v2\/categories?post=391"},{"taxonomy":"post_tag","embeddable":true,"href":"https:\/\/diariofemenino.com.ar\/df\/wp-json\/wp\/v2\/tags?post=391"}],"curies":[{"name":"wp","href":"https:\/\/api.w.org\/{rel}","templated":true}]}}