{"id":3904,"date":"2012-09-20T11:04:10","date_gmt":"2012-09-20T14:04:10","guid":{"rendered":"http:\/\/www.diariofemenino.com.ar\/?p=3904"},"modified":"2012-09-20T11:04:10","modified_gmt":"2012-09-20T14:04:10","slug":"no-es-decision-es-esclavitud","status":"publish","type":"post","link":"https:\/\/diariofemenino.com.ar\/df\/no-es-decision-es-esclavitud\/","title":{"rendered":"No es decisi\u00f3n, es esclavitud"},"content":{"rendered":"<p>&nbsp;<br \/>\n&nbsp;<br \/>\n&nbsp;<br \/>\n&nbsp;<br \/>\n<a href=\"http:\/\/www.diariofemenino.com.ar\/wp-content\/uploads\/b_306477442_Mumala.jpg\"><img loading=\"lazy\" decoding=\"async\" class=\"alignnone size-full wp-image-3905\" title=\"b_306477442_Mumala\" src=\"http:\/\/www.diariofemenino.com.ar\/wp-content\/uploads\/b_306477442_Mumala.jpg\" alt=\"\" width=\"283\" height=\"431\" \/><\/a><br \/>\n<span style=\"font-size: x-small;\"><span style=\"font-family: Verdana;\">En el marco del d\u00eda de lucha contra la explotaci\u00f3n sexual y trata de personas el Movimiento MuMaLa-Mujeres de la Matria Latinoamericana- llevar\u00e1 a cabo una campa\u00f1a de sensibilizaci\u00f3n dirigida a j\u00f3venes en bares de la Ciudad de Buenos Aires.<\/span><\/span><br \/>\n<span style=\"font-size: x-small;\"><span style=\"font-family: Verdana;\">La trata de personas es el delito por el cual se enga\u00f1a, secuestra, traslada y aloja\u00a0\u00a0a personas con la finalidad de ser explotadas. El 85 % de las v\u00edctimas de este flagelo son mujeres, adolescentes y ni\u00f1as quienes son tratadas para ser explotadas sexualmente.<\/span><\/span><br \/>\n<span style=\"font-size: x-small;\"><span style=\"font-family: Verdana;\">Por este delito, que condensa todas las formas de violaci\u00f3n de los derechos humanos, se desaparece y esclaviza a miles de mujeres, ni\u00f1as y adolescentes en Argentina y en todo el mundo. La trata de personas es el segundo negocio il\u00edcito m\u00e1s rentable a nivel mundial, luego del tr\u00e1fico de armas,\u00a0\u00a0y el accionar de las redes de tratantes no ser\u00eda posible sin la complicidad activa de los poderes de turno, en todos los niveles del estado.<\/span><\/span><br \/>\n<span style=\"font-size: x-small;\"><span style=\"font-family: Verdana;\">Desde el a\u00f1o 2008 contamos con la ley 26.364 la cual define a la trata de personas como un delito federal sin embargo contin\u00faan siendo insuficientes las pol\u00edticas p\u00fablicas llevadas adelante\u00a0\u00a0para prevenir y combatir este flagelo. Todos los d\u00edas desaparecen mujeres que nos son encontradas. Es necesario que el Estado asuma la responsabilidad que le cabe para combatir este flagelo y lo incorpore a su agenda pol\u00edtica.<\/span><\/span><br \/>\n<span style=\"font-size: x-small;\"><span style=\"font-family: Verdana;\">Es por esto que\u00a0\u00a0el pr\u00f3ximo Viernes 21 de Septiembre a partir de las 22 horas en bares ubicados en la zona de Plaza Serrano, intersecci\u00f3n de las calles Jorge L. Borges y Honduras, el <strong>Movimiento MuMaLa<\/strong> realizar\u00e1\u00a0\u00a0una <strong>campa\u00f1a de sensibilizaci\u00f3n dirigida a j\u00f3venes bajo la consigna \u201cNo es decisi\u00f3n, es esclavitud, no seas c\u00f3mplice, dec\u00edle NO a la trata\u201d<\/strong><\/span><\/span><br \/>\n&nbsp;<br \/>\n&nbsp;<br \/>\n&nbsp;<br \/>\n&nbsp;<br \/>\n&nbsp;<br \/>\n&nbsp;<br \/>\n&nbsp;<br \/>\n&nbsp;<\/p>\n","protected":false},"excerpt":{"rendered":"<p>&nbsp; &nbsp; &nbsp; &nbsp; En el marco del d\u00eda de lucha contra la explotaci\u00f3n sexual y trata de personas el Movimiento MuMaLa-Mujeres de la Matria Latinoamericana- llevar\u00e1 a cabo una campa\u00f1a de sensibilizaci\u00f3n dirigida a j\u00f3venes en bares de la Ciudad de Buenos Aires. La trata de personas es el delito por el cual se [&hellip;]<\/p>\n","protected":false},"author":1,"featured_media":0,"comment_status":"open","ping_status":"open","sticky":false,"template":"","format":"standard","meta":{"iawp_total_views":1,"footnotes":""},"categories":[7,4,15],"tags":[],"class_list":["post-3904","post","type-post","status-publish","format-standard","hentry","category-actividades","category-medios","category-trata-de-personas"],"nelio_content":{"autoShareEndMode":"never","automationSources":{"useCustomSentences":false,"customSentences":[]},"efiAlt":"","efiUrl":"","followers":[],"highlights":[],"isAutoShareEnabled":true,"networkImageIds":[],"permalinkQueryArgs":[],"series":[],"suggestedReferences":[]},"yoast_head":"<!-- This site is optimized with the Yoast SEO plugin v27.4 - https:\/\/yoast.com\/product\/yoast-seo-wordpress\/ -->\n<title>No es decisi\u00f3n, es esclavitud - Diario Digital Femenino<\/title>\n<meta name=\"robots\" content=\"index, follow, max-snippet:-1, max-image-preview:large, max-video-preview:-1\" \/>\n<link rel=\"canonical\" href=\"https:\/\/diariofemenino.com.ar\/df\/no-es-decision-es-esclavitud\/\" \/>\n<meta property=\"og:locale\" content=\"es_ES\" \/>\n<meta property=\"og:type\" content=\"article\" \/>\n<meta property=\"og:title\" content=\"No es decisi\u00f3n, es esclavitud - Diario Digital Femenino\" \/>\n<meta property=\"og:description\" content=\"&nbsp; &nbsp; &nbsp; &nbsp; En el marco del d\u00eda de lucha contra la explotaci\u00f3n sexual y trata de personas el Movimiento MuMaLa-Mujeres de la Matria Latinoamericana- llevar\u00e1 a cabo una campa\u00f1a de sensibilizaci\u00f3n dirigida a j\u00f3venes en bares de la Ciudad de Buenos Aires. La trata de personas es el delito por el cual se [&hellip;]\" \/>\n<meta property=\"og:url\" content=\"https:\/\/diariofemenino.com.ar\/df\/no-es-decision-es-esclavitud\/\" \/>\n<meta property=\"og:site_name\" content=\"Diario Digital Femenino\" \/>\n<meta property=\"article:publisher\" content=\"https:\/\/www.facebook.com\/DiarioDigitaFemenino\/\" \/>\n<meta property=\"article:published_time\" content=\"2012-09-20T14:04:10+00:00\" \/>\n<meta property=\"og:image\" content=\"http:\/\/www.diariofemenino.com.ar\/wp-content\/uploads\/b_306477442_Mumala.jpg\" \/>\n<meta name=\"author\" content=\"Admin\" \/>\n<meta name=\"twitter:card\" content=\"summary_large_image\" \/>\n<meta name=\"twitter:creator\" content=\"@DiarioFemenino1\" \/>\n<meta name=\"twitter:site\" content=\"@DiarioFemenino1\" \/>\n<meta name=\"twitter:label1\" content=\"Escrito por\" \/>\n\t<meta name=\"twitter:data1\" content=\"Admin\" \/>\n\t<meta name=\"twitter:label2\" content=\"Tiempo de lectura\" \/>\n\t<meta name=\"twitter:data2\" content=\"2 minutos\" \/>\n<script type=\"application\/ld+json\" class=\"yoast-schema-graph\">{\"@context\":\"https:\\\/\\\/schema.org\",\"@graph\":[{\"@type\":\"Article\",\"@id\":\"https:\\\/\\\/diariofemenino.com.ar\\\/df\\\/no-es-decision-es-esclavitud\\\/#article\",\"isPartOf\":{\"@id\":\"https:\\\/\\\/diariofemenino.com.ar\\\/df\\\/no-es-decision-es-esclavitud\\\/\"},\"author\":{\"name\":\"Admin\",\"@id\":\"https:\\\/\\\/diariofemenino.com.ar\\\/df\\\/#\\\/schema\\\/person\\\/38f54b3bfd13f561de2460ba95c169c6\"},\"headline\":\"No es decisi\u00f3n, es esclavitud\",\"datePublished\":\"2012-09-20T14:04:10+00:00\",\"mainEntityOfPage\":{\"@id\":\"https:\\\/\\\/diariofemenino.com.ar\\\/df\\\/no-es-decision-es-esclavitud\\\/\"},\"wordCount\":331,\"commentCount\":0,\"publisher\":{\"@id\":\"https:\\\/\\\/diariofemenino.com.ar\\\/df\\\/#organization\"},\"image\":{\"@id\":\"https:\\\/\\\/diariofemenino.com.ar\\\/df\\\/no-es-decision-es-esclavitud\\\/#primaryimage\"},\"thumbnailUrl\":\"http:\\\/\\\/www.diariofemenino.com.ar\\\/wp-content\\\/uploads\\\/b_306477442_Mumala.jpg\",\"articleSection\":[\"Actividades\",\"Medios\",\"Trata de Pers.\"],\"inLanguage\":\"es\",\"potentialAction\":[{\"@type\":\"CommentAction\",\"name\":\"Comment\",\"target\":[\"https:\\\/\\\/diariofemenino.com.ar\\\/df\\\/no-es-decision-es-esclavitud\\\/#respond\"]}]},{\"@type\":\"WebPage\",\"@id\":\"https:\\\/\\\/diariofemenino.com.ar\\\/df\\\/no-es-decision-es-esclavitud\\\/\",\"url\":\"https:\\\/\\\/diariofemenino.com.ar\\\/df\\\/no-es-decision-es-esclavitud\\\/\",\"name\":\"No es decisi\u00f3n, es esclavitud - Diario Digital Femenino\",\"isPartOf\":{\"@id\":\"https:\\\/\\\/diariofemenino.com.ar\\\/df\\\/#website\"},\"primaryImageOfPage\":{\"@id\":\"https:\\\/\\\/diariofemenino.com.ar\\\/df\\\/no-es-decision-es-esclavitud\\\/#primaryimage\"},\"image\":{\"@id\":\"https:\\\/\\\/diariofemenino.com.ar\\\/df\\\/no-es-decision-es-esclavitud\\\/#primaryimage\"},\"thumbnailUrl\":\"http:\\\/\\\/www.diariofemenino.com.ar\\\/wp-content\\\/uploads\\\/b_306477442_Mumala.jpg\",\"datePublished\":\"2012-09-20T14:04:10+00:00\",\"breadcrumb\":{\"@id\":\"https:\\\/\\\/diariofemenino.com.ar\\\/df\\\/no-es-decision-es-esclavitud\\\/#breadcrumb\"},\"inLanguage\":\"es\",\"potentialAction\":[{\"@type\":\"ReadAction\",\"target\":[\"https:\\\/\\\/diariofemenino.com.ar\\\/df\\\/no-es-decision-es-esclavitud\\\/\"]}]},{\"@type\":\"ImageObject\",\"inLanguage\":\"es\",\"@id\":\"https:\\\/\\\/diariofemenino.com.ar\\\/df\\\/no-es-decision-es-esclavitud\\\/#primaryimage\",\"url\":\"http:\\\/\\\/www.diariofemenino.com.ar\\\/wp-content\\\/uploads\\\/b_306477442_Mumala.jpg\",\"contentUrl\":\"http:\\\/\\\/www.diariofemenino.com.ar\\\/wp-content\\\/uploads\\\/b_306477442_Mumala.jpg\"},{\"@type\":\"BreadcrumbList\",\"@id\":\"https:\\\/\\\/diariofemenino.com.ar\\\/df\\\/no-es-decision-es-esclavitud\\\/#breadcrumb\",\"itemListElement\":[{\"@type\":\"ListItem\",\"position\":1,\"name\":\"Portada\",\"item\":\"https:\\\/\\\/diariofemenino.com.ar\\\/df\\\/\"},{\"@type\":\"ListItem\",\"position\":2,\"name\":\"No es decisi\u00f3n, es esclavitud\"}]},{\"@type\":\"WebSite\",\"@id\":\"https:\\\/\\\/diariofemenino.com.ar\\\/df\\\/#website\",\"url\":\"https:\\\/\\\/diariofemenino.com.ar\\\/df\\\/\",\"name\":\"Diario Digital Femenino\",\"description\":\"Cuesti\u00f3n de G\u00e9nero\",\"publisher\":{\"@id\":\"https:\\\/\\\/diariofemenino.com.ar\\\/df\\\/#organization\"},\"potentialAction\":[{\"@type\":\"SearchAction\",\"target\":{\"@type\":\"EntryPoint\",\"urlTemplate\":\"https:\\\/\\\/diariofemenino.com.ar\\\/df\\\/?s={search_term_string}\"},\"query-input\":{\"@type\":\"PropertyValueSpecification\",\"valueRequired\":true,\"valueName\":\"search_term_string\"}}],\"inLanguage\":\"es\"},{\"@type\":\"Organization\",\"@id\":\"https:\\\/\\\/diariofemenino.com.ar\\\/df\\\/#organization\",\"name\":\"Diario Femenino\",\"url\":\"https:\\\/\\\/diariofemenino.com.ar\\\/df\\\/\",\"logo\":{\"@type\":\"ImageObject\",\"inLanguage\":\"es\",\"@id\":\"https:\\\/\\\/diariofemenino.com.ar\\\/df\\\/#\\\/schema\\\/logo\\\/image\\\/\",\"url\":\"https:\\\/\\\/diariofemenino.com.ar\\\/df\\\/wp-content\\\/uploads\\\/2018\\\/10\\\/logo.png\",\"contentUrl\":\"https:\\\/\\\/diariofemenino.com.ar\\\/df\\\/wp-content\\\/uploads\\\/2018\\\/10\\\/logo.png\",\"width\":500,\"height\":92,\"caption\":\"Diario Femenino\"},\"image\":{\"@id\":\"https:\\\/\\\/diariofemenino.com.ar\\\/df\\\/#\\\/schema\\\/logo\\\/image\\\/\"},\"sameAs\":[\"https:\\\/\\\/www.facebook.com\\\/DiarioDigitaFemenino\\\/\",\"https:\\\/\\\/x.com\\\/DiarioFemenino1\"]},{\"@type\":\"Person\",\"@id\":\"https:\\\/\\\/diariofemenino.com.ar\\\/df\\\/#\\\/schema\\\/person\\\/38f54b3bfd13f561de2460ba95c169c6\",\"name\":\"Admin\",\"image\":{\"@type\":\"ImageObject\",\"inLanguage\":\"es\",\"@id\":\"https:\\\/\\\/diariofemenino.com.ar\\\/df\\\/wp-content\\\/uploads\\\/2018\\\/12\\\/favicon-150x150.jpg\",\"url\":\"https:\\\/\\\/diariofemenino.com.ar\\\/df\\\/wp-content\\\/uploads\\\/2018\\\/12\\\/favicon-150x150.jpg\",\"contentUrl\":\"https:\\\/\\\/diariofemenino.com.ar\\\/df\\\/wp-content\\\/uploads\\\/2018\\\/12\\\/favicon-150x150.jpg\",\"caption\":\"Admin\"},\"url\":\"https:\\\/\\\/diariofemenino.com.ar\\\/df\\\/author\\\/adm18df\\\/\"}]}<\/script>\n<!-- \/ Yoast SEO plugin. -->","yoast_head_json":{"title":"No es decisi\u00f3n, es esclavitud - Diario Digital Femenino","robots":{"index":"index","follow":"follow","max-snippet":"max-snippet:-1","max-image-preview":"max-image-preview:large","max-video-preview":"max-video-preview:-1"},"canonical":"https:\/\/diariofemenino.com.ar\/df\/no-es-decision-es-esclavitud\/","og_locale":"es_ES","og_type":"article","og_title":"No es decisi\u00f3n, es esclavitud - Diario Digital Femenino","og_description":"&nbsp; &nbsp; &nbsp; &nbsp; En el marco del d\u00eda de lucha contra la explotaci\u00f3n sexual y trata de personas el Movimiento MuMaLa-Mujeres de la Matria Latinoamericana- llevar\u00e1 a cabo una campa\u00f1a de sensibilizaci\u00f3n dirigida a j\u00f3venes en bares de la Ciudad de Buenos Aires. La trata de personas es el delito por el cual se [&hellip;]","og_url":"https:\/\/diariofemenino.com.ar\/df\/no-es-decision-es-esclavitud\/","og_site_name":"Diario Digital Femenino","article_publisher":"https:\/\/www.facebook.com\/DiarioDigitaFemenino\/","article_published_time":"2012-09-20T14:04:10+00:00","og_image":[{"url":"http:\/\/www.diariofemenino.com.ar\/wp-content\/uploads\/b_306477442_Mumala.jpg","type":"","width":"","height":""}],"author":"Admin","twitter_card":"summary_large_image","twitter_creator":"@DiarioFemenino1","twitter_site":"@DiarioFemenino1","twitter_misc":{"Escrito por":"Admin","Tiempo de lectura":"2 minutos"},"schema":{"@context":"https:\/\/schema.org","@graph":[{"@type":"Article","@id":"https:\/\/diariofemenino.com.ar\/df\/no-es-decision-es-esclavitud\/#article","isPartOf":{"@id":"https:\/\/diariofemenino.com.ar\/df\/no-es-decision-es-esclavitud\/"},"author":{"name":"Admin","@id":"https:\/\/diariofemenino.com.ar\/df\/#\/schema\/person\/38f54b3bfd13f561de2460ba95c169c6"},"headline":"No es decisi\u00f3n, es esclavitud","datePublished":"2012-09-20T14:04:10+00:00","mainEntityOfPage":{"@id":"https:\/\/diariofemenino.com.ar\/df\/no-es-decision-es-esclavitud\/"},"wordCount":331,"commentCount":0,"publisher":{"@id":"https:\/\/diariofemenino.com.ar\/df\/#organization"},"image":{"@id":"https:\/\/diariofemenino.com.ar\/df\/no-es-decision-es-esclavitud\/#primaryimage"},"thumbnailUrl":"http:\/\/www.diariofemenino.com.ar\/wp-content\/uploads\/b_306477442_Mumala.jpg","articleSection":["Actividades","Medios","Trata de Pers."],"inLanguage":"es","potentialAction":[{"@type":"CommentAction","name":"Comment","target":["https:\/\/diariofemenino.com.ar\/df\/no-es-decision-es-esclavitud\/#respond"]}]},{"@type":"WebPage","@id":"https:\/\/diariofemenino.com.ar\/df\/no-es-decision-es-esclavitud\/","url":"https:\/\/diariofemenino.com.ar\/df\/no-es-decision-es-esclavitud\/","name":"No es decisi\u00f3n, es esclavitud - Diario Digital Femenino","isPartOf":{"@id":"https:\/\/diariofemenino.com.ar\/df\/#website"},"primaryImageOfPage":{"@id":"https:\/\/diariofemenino.com.ar\/df\/no-es-decision-es-esclavitud\/#primaryimage"},"image":{"@id":"https:\/\/diariofemenino.com.ar\/df\/no-es-decision-es-esclavitud\/#primaryimage"},"thumbnailUrl":"http:\/\/www.diariofemenino.com.ar\/wp-content\/uploads\/b_306477442_Mumala.jpg","datePublished":"2012-09-20T14:04:10+00:00","breadcrumb":{"@id":"https:\/\/diariofemenino.com.ar\/df\/no-es-decision-es-esclavitud\/#breadcrumb"},"inLanguage":"es","potentialAction":[{"@type":"ReadAction","target":["https:\/\/diariofemenino.com.ar\/df\/no-es-decision-es-esclavitud\/"]}]},{"@type":"ImageObject","inLanguage":"es","@id":"https:\/\/diariofemenino.com.ar\/df\/no-es-decision-es-esclavitud\/#primaryimage","url":"http:\/\/www.diariofemenino.com.ar\/wp-content\/uploads\/b_306477442_Mumala.jpg","contentUrl":"http:\/\/www.diariofemenino.com.ar\/wp-content\/uploads\/b_306477442_Mumala.jpg"},{"@type":"BreadcrumbList","@id":"https:\/\/diariofemenino.com.ar\/df\/no-es-decision-es-esclavitud\/#breadcrumb","itemListElement":[{"@type":"ListItem","position":1,"name":"Portada","item":"https:\/\/diariofemenino.com.ar\/df\/"},{"@type":"ListItem","position":2,"name":"No es decisi\u00f3n, es esclavitud"}]},{"@type":"WebSite","@id":"https:\/\/diariofemenino.com.ar\/df\/#website","url":"https:\/\/diariofemenino.com.ar\/df\/","name":"Diario Digital Femenino","description":"Cuesti\u00f3n de G\u00e9nero","publisher":{"@id":"https:\/\/diariofemenino.com.ar\/df\/#organization"},"potentialAction":[{"@type":"SearchAction","target":{"@type":"EntryPoint","urlTemplate":"https:\/\/diariofemenino.com.ar\/df\/?s={search_term_string}"},"query-input":{"@type":"PropertyValueSpecification","valueRequired":true,"valueName":"search_term_string"}}],"inLanguage":"es"},{"@type":"Organization","@id":"https:\/\/diariofemenino.com.ar\/df\/#organization","name":"Diario Femenino","url":"https:\/\/diariofemenino.com.ar\/df\/","logo":{"@type":"ImageObject","inLanguage":"es","@id":"https:\/\/diariofemenino.com.ar\/df\/#\/schema\/logo\/image\/","url":"https:\/\/diariofemenino.com.ar\/df\/wp-content\/uploads\/2018\/10\/logo.png","contentUrl":"https:\/\/diariofemenino.com.ar\/df\/wp-content\/uploads\/2018\/10\/logo.png","width":500,"height":92,"caption":"Diario Femenino"},"image":{"@id":"https:\/\/diariofemenino.com.ar\/df\/#\/schema\/logo\/image\/"},"sameAs":["https:\/\/www.facebook.com\/DiarioDigitaFemenino\/","https:\/\/x.com\/DiarioFemenino1"]},{"@type":"Person","@id":"https:\/\/diariofemenino.com.ar\/df\/#\/schema\/person\/38f54b3bfd13f561de2460ba95c169c6","name":"Admin","image":{"@type":"ImageObject","inLanguage":"es","@id":"https:\/\/diariofemenino.com.ar\/df\/wp-content\/uploads\/2018\/12\/favicon-150x150.jpg","url":"https:\/\/diariofemenino.com.ar\/df\/wp-content\/uploads\/2018\/12\/favicon-150x150.jpg","contentUrl":"https:\/\/diariofemenino.com.ar\/df\/wp-content\/uploads\/2018\/12\/favicon-150x150.jpg","caption":"Admin"},"url":"https:\/\/diariofemenino.com.ar\/df\/author\/adm18df\/"}]}},"jetpack_featured_media_url":"","jetpack_sharing_enabled":true,"rttpg_featured_image_url":null,"rttpg_author":{"display_name":"Admin","author_link":"https:\/\/diariofemenino.com.ar\/df\/author\/adm18df\/"},"rttpg_comment":0,"rttpg_category":"<a href=\"https:\/\/diariofemenino.com.ar\/df\/category\/actividades\/\" rel=\"category tag\">Actividades<\/a> <a href=\"https:\/\/diariofemenino.com.ar\/df\/category\/medios\/\" rel=\"category tag\">Medios<\/a> <a href=\"https:\/\/diariofemenino.com.ar\/df\/category\/trata-de-personas\/\" rel=\"category tag\">Trata de Pers.<\/a>","rttpg_excerpt":"&nbsp; &nbsp; &nbsp; &nbsp; En el marco del d\u00eda de lucha contra la explotaci\u00f3n sexual y trata de personas el Movimiento MuMaLa-Mujeres de la Matria Latinoamericana- llevar\u00e1 a cabo una campa\u00f1a de sensibilizaci\u00f3n dirigida a j\u00f3venes en bares de la Ciudad de Buenos Aires. La trata de personas es el delito por el cual se&hellip;","_links":{"self":[{"href":"https:\/\/diariofemenino.com.ar\/df\/wp-json\/wp\/v2\/posts\/3904","targetHints":{"allow":["GET"]}}],"collection":[{"href":"https:\/\/diariofemenino.com.ar\/df\/wp-json\/wp\/v2\/posts"}],"about":[{"href":"https:\/\/diariofemenino.com.ar\/df\/wp-json\/wp\/v2\/types\/post"}],"author":[{"embeddable":true,"href":"https:\/\/diariofemenino.com.ar\/df\/wp-json\/wp\/v2\/users\/1"}],"replies":[{"embeddable":true,"href":"https:\/\/diariofemenino.com.ar\/df\/wp-json\/wp\/v2\/comments?post=3904"}],"version-history":[{"count":0,"href":"https:\/\/diariofemenino.com.ar\/df\/wp-json\/wp\/v2\/posts\/3904\/revisions"}],"wp:attachment":[{"href":"https:\/\/diariofemenino.com.ar\/df\/wp-json\/wp\/v2\/media?parent=3904"}],"wp:term":[{"taxonomy":"category","embeddable":true,"href":"https:\/\/diariofemenino.com.ar\/df\/wp-json\/wp\/v2\/categories?post=3904"},{"taxonomy":"post_tag","embeddable":true,"href":"https:\/\/diariofemenino.com.ar\/df\/wp-json\/wp\/v2\/tags?post=3904"}],"curies":[{"name":"wp","href":"https:\/\/api.w.org\/{rel}","templated":true}]}}