{"id":38776,"date":"2019-07-24T12:04:18","date_gmt":"2019-07-24T15:04:18","guid":{"rendered":"https:\/\/diariofemenino.com.ar\/?p=38776"},"modified":"2020-10-18T12:34:06","modified_gmt":"2020-10-18T15:34:06","slug":"la-revolucion-de-los-vinculos","status":"publish","type":"post","link":"https:\/\/diariofemenino.com.ar\/df\/la-revolucion-de-los-vinculos\/","title":{"rendered":"La revoluci\u00f3n de los v\u00ednculos"},"content":{"rendered":"<p align=\"justify\">Hace unos d\u00edas, en el taller \u201cTeor\u00eda encarnada\u201d realizado en el Marco de la Feria <a href=\"https:\/\/diariofemenino.com.ar\/que-son-las-ferias-feministas-trabajando-y-quienes-las-organizan\/\">Feministas Trabajando<\/a> en <a href=\"https:\/\/es.wikipedia.org\/wiki\/Santa_Rosa_(La_Pampa)\">Santa Rosa<\/a>, La Pampa,\u00a0 Valeria Donato introdujo la expresi\u00f3n \u201crevoluci\u00f3n de los v\u00ednculos\u201d como una necesaria forma de transitar el feminismo y el crecimiento social.<\/p>\n<figure id=\"attachment_38777\" aria-describedby=\"caption-attachment-38777\" style=\"width: 256px\" class=\"wp-caption alignleft\"><img loading=\"lazy\" decoding=\"async\" class=\" wp-image-38777\" src=\"https:\/\/diariofemenino.com.ar\/df\/wp-content\/uploads\/2019\/07\/WhatsApp-Image-2019-07-24-at-11.32.22-770x1024.jpeg\" alt=\"La revoluci\u00f3n de los v\u00ednculos\" width=\"256\" height=\"340\" srcset=\"https:\/\/diariofemenino.com.ar\/df\/wp-content\/uploads\/2019\/07\/WhatsApp-Image-2019-07-24-at-11.32.22-770x1024.jpeg 770w, https:\/\/diariofemenino.com.ar\/df\/wp-content\/uploads\/2019\/07\/WhatsApp-Image-2019-07-24-at-11.32.22-225x300.jpeg 225w, https:\/\/diariofemenino.com.ar\/df\/wp-content\/uploads\/2019\/07\/WhatsApp-Image-2019-07-24-at-11.32.22-768x1022.jpeg 768w, https:\/\/diariofemenino.com.ar\/df\/wp-content\/uploads\/2019\/07\/WhatsApp-Image-2019-07-24-at-11.32.22.jpeg 962w\" sizes=\"auto, (max-width: 256px) 100vw, 256px\" \/><figcaption id=\"caption-attachment-38777\" class=\"wp-caption-text\">La revoluci\u00f3n de los v\u00ednculos &#8211; Valeria Donato<\/figcaption><\/figure>\n<p align=\"justify\">La mirada puesta en la necesidad de la revoluci\u00f3n de los v\u00ednculos es producto de la observaci\u00f3n de Valeria sobre las formas de comunicarnos y construir, la mirada sobre el andar hist\u00f3rico hasta el momento actual, ella cuenta a <a href=\"https:\/\/diariofemenino.com.ar\/\">Diario Digital Femenino<\/a> de d\u00f3nde nace su expresi\u00f3n\/afirmaci\u00f3n.<\/p>\n<p align=\"justify\">Por Lenny C\u00e1ceres<\/p>\n<p align=\"justify\"><strong>\u00bfCu\u00e1l es el an\u00e1lisis que realizas para plantear esta necesidad?<\/strong><\/p>\n<p align=\"justify\">Hace ya casi 20 a\u00f1os que vengo transitando ese camino, por un lado tan doloroso y por otro tan inmensamente renovador y curativo para todas las mujeres y las diversidades que son los <a href=\"https:\/\/es.wikipedia.org\/wiki\/Feminismo\">feminismos<\/a>. Cuando empec\u00e9 no \u00e9ramos tantas, no exist\u00edan las redes sociales ni internet as\u00ed que los debates te\u00f3rico\/pol\u00edticos y las discusiones personales se dirim\u00edan cara a cara. Tampoco hab\u00eda una inmensa cantidad de grupos as\u00ed que siempre exist\u00eda la necesidad de resolver esos debates o por lo menos no romper con los grupos. Esa necesidad, creo yo, seg\u00fan mis vivencias y mi visi\u00f3n, que es la que nos ense\u00f1\u00f3 a debatir con la intenci\u00f3n de llegar a un acuerdo, superar la diferencia, profundizar en el conocimiento tanto del tema en cuesti\u00f3n como de la otra persona. Claramente siempre hubo y se desarrollaron diversos v\u00ednculos entre las feministas: amistades, amores, conocimiento o compa\u00f1erismo pero la base m\u00ednima era la intenci\u00f3n de seguir en uni\u00f3n gracias a las diferencias. Con esto no quiero decir que no hab\u00eda profundas divisiones ideol\u00f3gicas que forman parte de los feminismos ya a partir del nacimiento mismo del movimiento feminista y otras que fuimos descubriendo leyendo, debatiendo y compartiendo espacios con otras realidades, mismo dentro del feminismo, que pas\u00f3 a ser los feminismos precisamente en reconocimiento a esas diferencias fundamentales. Hubo momentos en donde la interseccionalidad se dio con m\u00e1s intensidad y otros en donde hubo un retroceso, tambi\u00e9n dado por la realidad pol\u00edtica del pa\u00eds. Lejos estoy de intentar una idealizaci\u00f3n de los procesos que tuvieron que darse (y se siguen dando) para lograr esa transversalidad pero entiendo que hab\u00edamos, m\u00e1s o menos alcanzado una cierta predisposici\u00f3n a la escucha y a la profundizaci\u00f3n a trav\u00e9s de los debates, o por lo menos as\u00ed lo viv\u00ed yo desde el momento y lugar en el que me encontraba.<\/p>\n<p align=\"justify\"><strong>\u00c9ramos pocas&#8230;<\/strong><\/p>\n<p align=\"justify\">\u00c9ramos pocas y nos conoc\u00edamos mucho, podr\u00eda resumir. Hace ya unos a\u00f1os que el movimiento feminista se masific\u00f3, yo considero que internet primero y las redes sociales sociales aportaron mucho para que las feministas entr\u00e1ramos en un contacto m\u00e1s directo y entre muchas. Ya exist\u00edan los Encuentros Nacionales de Mujeres pero tambi\u00e9n siempre exist\u00eda la limitaci\u00f3n territorial y econ\u00f3mica para participar, as\u00ed como la imposibilidad de continuar ese contacto f\u00edsico y de debate constante durante el resto del a\u00f1o. Como cada cosa tiene sus pros y contras, la masificaci\u00f3n tambi\u00e9n los tiene. Por un lado permiti\u00f3 que muchas m\u00e1s personas supieran, se enteraran de lo que realmente es el movimiento feminista o el feminismo, que no es lo contrario del machismo o que odiamos a los hombres o tantos otros estereotipos que los diferentes sistemas de opresi\u00f3n construyeron sobre una ideolog\u00eda y pr\u00e1cticas de lo m\u00e1s variadas. En cierta medida logramos un cambio cultural de la visi\u00f3n social que hab\u00eda sobre los feminismos pero, por otro, perdimos el espacio de entendimiento entre las personas que conformamos el movimiento. Por otra parte, si bien es cierto que el conocimiento que pasaba de boca en boca entre feministas sobre la historia, los procesos y los debates que nos precedieron que permit\u00edan, en cierta medida, no tener que volver demasiado hacia atr\u00e1s para retomar la lucha colectiva, basada sobre comunes acuerdos se fue diluyendo, fue retomado en cierta medida en las redes.<\/p>\n<p align=\"justify\"><strong>En las redes no siempre es tan sano&#8230;<\/strong><\/p>\n<p align=\"justify\">Personalmente pude verificar el surgimiento, en las compa\u00f1eras que se iban sumando, algunos de los mismos conflictos e interrogantes por los que pas\u00e9 yo cuando llegu\u00e9 a saber de la existencia de El Feminismo. Algunos de esos acuerdos comunes se lograron rescatar pero otros se reabrieron y, ya no como debates con la intenci\u00f3n de avanzar o de profundizar, sino como fronteras insalvables, defendidas como si del otro lado estuviera el Patriarcado en persona. Alg\u00fan tiempo despu\u00e9s tambi\u00e9n me toc\u00f3 vivir diversas situaciones de colectivos que se armaban pero que duraban muy poco y terminaban rompi\u00e9ndose, habiendo pasado por varias situaciones, como m\u00ednimo, desagradables. Ah\u00ed fue que me surgi\u00f3 la pregunta \u00bfPor qu\u00e9 siendo tantas, no podemos mantener las construcciones colectivas, especialmente cuando tanto hablamos de interseccionalidad, sororidad y tantas otras hermosas palabras? \u00bfNo ser\u00e1 que algo de todo eso est\u00e1 fallando?<\/p>\n<p align=\"justify\"><strong>En algunos debates \u00bfNo se cae en una lucha que se puede ver m\u00e1s patriarcal, que es la de tener raz\u00f3n, como sea?<\/strong><\/p>\n<p align=\"justify\">No s\u00f3lo tener raz\u00f3n sino tambi\u00e9n otras actitudes patriarcales como los chismes y los lleva y trae. Las luchas de poder y visibilidad.<\/p>\n<p align=\"justify\"><strong>\u00bfPasa en todos lados, ten\u00e9s mirada de lo federal?<\/strong><\/p>\n<p align=\"justify\">Hablando con varias compa\u00f1eras de diferentes lugares de la Argentina me d\u00ed cuenta que expresaban esa misma incomodidad en la militancia en colectivos. Algo particular de lo personal estaba siendo nuevamente pol\u00edtico. En el original sentido de esa frase: no puede ser casual que a todas nos pase, en lo personal, m\u00e1s o menos lo mismo. Si somos tantas, entonces es pol\u00edtico (para decirlo muy escuetamente). A partir de ah\u00ed es que me concentr\u00e9 en estudiar la historia de la teor\u00eda y la pr\u00e1ctica feministas. De d\u00f3nde y c\u00f3mo naci\u00f3: la primera ola y el reclamo por los derechos pol\u00edticos y civiles de las mujeres; la segunda ola con las luchas de igualdad en los aspectos de la vida cotidiana y la interseccionalidad. Siempre me hab\u00eda llamado la atenci\u00f3n lo que me hab\u00edan contado compa\u00f1eras que la vienen peleando desde hace mucho antes que yo, de que la teor\u00eda feminista, a diferencia de las otras teor\u00edas, surgi\u00f3 de las bases, de las vivencias personales compartidas que despu\u00e9s fueron retomadas por las diferentes \u00e1reas del conocimiento y fueron nombradas. Al conjunto de las opresiones, desigualdades y violencias que vivimos las mujeres por nuestra condici\u00f3n de \u201cser mujeres\u201d se le llam\u00f3 Patriarcado. A la construcci\u00f3n socio-cultural que se erigi\u00f3, en su momento, en la diferencia biol\u00f3gica entre hombres y mujeres se le llam\u00f3 \u201cg\u00e9nero\u201d y as\u00ed muchas otras categor\u00edas que les permiti\u00f3 ir armando el andamiaje b\u00e1sico sobre el cual se fueron construyendo diferentes corrientes feministas. Eso naci\u00f3 de los talleres de autoconsciencia o autoconscienciaci\u00f3n. Lo que permit\u00edan estos talleres era la toma de consciencia pol\u00edtica de las mujeres, la validaci\u00f3n de su palabra en el grupo. Creo que en esos grupos se daba un tipo de conexi\u00f3n diferente al del debate s\u00f3lo racional, l\u00f3gico y ling\u00fc\u00edstico.<\/p>\n<p align=\"justify\">Pas\u00e9 alg\u00fan tiempo leyendo, debatiendo con compa\u00f1eras y devan\u00e1ndome los sesos tratando de descubrir ese \u201cingrediente secreto\u201d que nos hizo dar el salto en esa segunda ola. Llegu\u00e9 a un punto que creo que no se puede hacer individualmente, que no se puede crear, sino que tenemos que descubrirlo colectivamente. Revolucionamos los derechos pol\u00edticos y civiles, la cotidianeidad y quiz\u00e1, ahora la masividad que nos est\u00e1 disgregando sea un nuevo desaf\u00edo, por ah\u00ed tengamos que mirarnos un poquito para adentro, revolucionar nuestros v\u00ednculos, c\u00f3mo nos estamos relacionando y \u00bfQu\u00e9 mejor manera que retomar para salir con m\u00e1s fuerza que rescatando los talleres de autoconciencia, para hablarnos, para comprender mejor las opresiones a las que nos sometemos entre nosotras? No s\u00f3lo por las diferentes opresiones que vivimos, esa interseccionalidad que ya descubrieron en la segunda ola, sino por las que estamos recreando, eso s\u00ed, con el mismo esp\u00edritu: convertirnos pol\u00edticamente conscientes. Me parece la mejor herramienta.<\/p>\n<p align=\"justify\"><strong>\u00bfY el m\u00e9todo?<\/strong><\/p>\n<p align=\"justify\">Sarachild escribi\u00f3 en 1969, \u00abAceptamos que nuestros sentimientos nos est\u00e1n diciendo algo sobre lo que podemos aprender, que nuestros sentimientos significan algo que merece la pena analizar, que nuestros sentimientos significan algo pol\u00edtico, algo que refleja miedo a que algo malo nos va a pasar o esperanza, deseo, conocimiento de que algo bueno nos pasar\u00e1. [&#8230;] En nuestros grupos, compartamos nuestros sentimientos y junt\u00e9monos. Dej\u00e9monos ir y ver a donde conducen nuestros sentimientos. Nuestros sentimientos nos conducir\u00e1n a ideas y luego a acciones.\u201d<\/p>\n<p>Alguna forma de escucha activa, identificaci\u00f3n, empat\u00eda, sororidad interseccional o el nombre que decidamos ponerle, porque s\u00e9 que algunas de estas denominaciones nos provocan alg\u00fan tipo de alergia por los usos que se le dieron. No ser\u00eda la primera vez que creemos una nueva categor\u00eda, vivimos haci\u00e9ndolo. Quiz\u00e1 hasta se creen diferentes y con diferentes nombres. Tampoco ser\u00eda la primera vez. Creo que es necesario para poder seguir adelante.<\/p>\n<p align=\"justify\"><strong>Taller en la Feria<\/strong><\/p>\n<figure id=\"attachment_38779\" aria-describedby=\"caption-attachment-38779\" style=\"width: 609px\" class=\"wp-caption alignnone\"><img loading=\"lazy\" decoding=\"async\" class=\"wp-image-38779\" src=\"https:\/\/diariofemenino.com.ar\/df\/wp-content\/uploads\/2019\/07\/WhatsApp-Image-2019-07-24-at-11.33.37-1024x578.jpeg\" alt=\"La revoluci\u00f3n de los v\u00ednculos\" width=\"609\" height=\"344\" srcset=\"https:\/\/diariofemenino.com.ar\/df\/wp-content\/uploads\/2019\/07\/WhatsApp-Image-2019-07-24-at-11.33.37-1024x578.jpeg 1024w, https:\/\/diariofemenino.com.ar\/df\/wp-content\/uploads\/2019\/07\/WhatsApp-Image-2019-07-24-at-11.33.37-300x169.jpeg 300w, https:\/\/diariofemenino.com.ar\/df\/wp-content\/uploads\/2019\/07\/WhatsApp-Image-2019-07-24-at-11.33.37-768x433.jpeg 768w, https:\/\/diariofemenino.com.ar\/df\/wp-content\/uploads\/2019\/07\/WhatsApp-Image-2019-07-24-at-11.33.37.jpeg 1280w\" sizes=\"auto, (max-width: 609px) 100vw, 609px\" \/><figcaption id=\"caption-attachment-38779\" class=\"wp-caption-text\">La revoluci\u00f3n de los v\u00ednculos<\/figcaption><\/figure>\n<figure id=\"attachment_38778\" aria-describedby=\"caption-attachment-38778\" style=\"width: 320px\" class=\"wp-caption alignnone\"><img loading=\"lazy\" decoding=\"async\" class=\"wp-image-38778\" src=\"https:\/\/diariofemenino.com.ar\/df\/wp-content\/uploads\/2019\/07\/WhatsApp-Image-2019-07-24-at-11.33.34.jpeg\" alt=\"La revoluci\u00f3n de los v\u00ednculos\" width=\"320\" height=\"581\" srcset=\"https:\/\/diariofemenino.com.ar\/df\/wp-content\/uploads\/2019\/07\/WhatsApp-Image-2019-07-24-at-11.33.34.jpeg 528w, https:\/\/diariofemenino.com.ar\/df\/wp-content\/uploads\/2019\/07\/WhatsApp-Image-2019-07-24-at-11.33.34-165x300.jpeg 165w\" sizes=\"auto, (max-width: 320px) 100vw, 320px\" \/><figcaption id=\"caption-attachment-38778\" class=\"wp-caption-text\">La revoluci\u00f3n de los v\u00ednculos<\/figcaption><\/figure>\n<figure id=\"attachment_38781\" aria-describedby=\"caption-attachment-38781\" style=\"width: 551px\" class=\"wp-caption alignnone\"><img loading=\"lazy\" decoding=\"async\" class=\"wp-image-38781 \" src=\"https:\/\/diariofemenino.com.ar\/df\/wp-content\/uploads\/2019\/07\/WhatsApp-Image-2019-07-24-at-11.33.37-1.jpeg\" alt=\"La revoluci\u00f3n de los v\u00ednculos\" width=\"551\" height=\"413\" srcset=\"https:\/\/diariofemenino.com.ar\/df\/wp-content\/uploads\/2019\/07\/WhatsApp-Image-2019-07-24-at-11.33.37-1.jpeg 816w, https:\/\/diariofemenino.com.ar\/df\/wp-content\/uploads\/2019\/07\/WhatsApp-Image-2019-07-24-at-11.33.37-1-300x225.jpeg 300w, https:\/\/diariofemenino.com.ar\/df\/wp-content\/uploads\/2019\/07\/WhatsApp-Image-2019-07-24-at-11.33.37-1-768x576.jpeg 768w\" sizes=\"auto, (max-width: 551px) 100vw, 551px\" \/><figcaption id=\"caption-attachment-38781\" class=\"wp-caption-text\">La revoluci\u00f3n de los v\u00ednculos<\/figcaption><\/figure>\n","protected":false},"excerpt":{"rendered":"<p>Hace unos d\u00edas, en el taller \u201cTeor\u00eda encarnada\u201d realizado en el Marco de la Feria Feministas Trabajando en Santa Rosa, La Pampa,\u00a0 Valeria Donato introdujo la expresi\u00f3n \u201crevoluci\u00f3n de los v\u00ednculos\u201d como una necesaria forma de transitar el feminismo y el crecimiento social. La mirada puesta en la necesidad de la revoluci\u00f3n de los v\u00ednculos [&hellip;]<\/p>\n","protected":false},"author":4,"featured_media":38783,"comment_status":"open","ping_status":"open","sticky":false,"template":"","format":"standard","meta":{"iawp_total_views":18,"footnotes":""},"categories":[32],"tags":[26,599,1786,1787,130,1785],"class_list":["post-38776","post","type-post","status-publish","format-standard","has-post-thumbnail","hentry","category-mujeres","tag-feminismo","tag-feminismos","tag-la-revolucion-de-los-vinculos","tag-lgbti","tag-mujeres","tag-valeria-donato"],"nelio_content":{"autoShareEndMode":"never","automationSources":{"useCustomSentences":false,"customSentences":[]},"efiAlt":"","efiUrl":"","followers":[4],"highlights":[],"isAutoShareEnabled":true,"networkImageIds":[],"permalinkQueryArgs":[],"series":[],"suggestedReferences":[]},"yoast_head":"<!-- This site is optimized with the Yoast SEO plugin v27.5 - https:\/\/yoast.com\/product\/yoast-seo-wordpress\/ -->\n<title>La revoluci\u00f3n de los v\u00ednculos - Diario Digital Femenino<\/title>\n<meta name=\"description\" content=\"La revoluci\u00f3n de los v\u00ednculos. Valeria Donato introdujo la expresi\u00f3n como una necesaria forma de transitar el feminismo y el crecimiento social.\" \/>\n<meta name=\"robots\" content=\"index, follow, max-snippet:-1, max-image-preview:large, max-video-preview:-1\" \/>\n<link rel=\"canonical\" href=\"https:\/\/diariofemenino.com.ar\/df\/la-revolucion-de-los-vinculos\/\" \/>\n<meta property=\"og:locale\" content=\"es_ES\" \/>\n<meta property=\"og:type\" content=\"article\" \/>\n<meta property=\"og:title\" content=\"La revoluci\u00f3n de los v\u00ednculos - Diario Digital Femenino\" \/>\n<meta property=\"og:description\" content=\"La revoluci\u00f3n de los v\u00ednculos. Valeria Donato introdujo la expresi\u00f3n como una necesaria forma de transitar el feminismo y el crecimiento social.\" \/>\n<meta property=\"og:url\" content=\"https:\/\/diariofemenino.com.ar\/df\/la-revolucion-de-los-vinculos\/\" \/>\n<meta property=\"og:site_name\" content=\"Diario Digital Femenino\" \/>\n<meta property=\"article:publisher\" content=\"https:\/\/www.facebook.com\/DiarioDigitaFemenino\/\" \/>\n<meta property=\"article:published_time\" content=\"2019-07-24T15:04:18+00:00\" \/>\n<meta property=\"article:modified_time\" content=\"2020-10-18T15:34:06+00:00\" \/>\n<meta property=\"og:image\" content=\"https:\/\/diariofemenino.com.ar\/df\/wp-content\/uploads\/2019\/07\/WhatsApp-Image-2019-07-24-at-11.33.39-1.jpeg\" \/>\n\t<meta property=\"og:image:width\" content=\"816\" \/>\n\t<meta property=\"og:image:height\" content=\"612\" \/>\n\t<meta property=\"og:image:type\" content=\"image\/jpeg\" \/>\n<meta name=\"author\" content=\"Admin\" \/>\n<meta name=\"twitter:card\" content=\"summary_large_image\" \/>\n<meta name=\"twitter:creator\" content=\"@DiarioFemenino1\" \/>\n<meta name=\"twitter:site\" content=\"@DiarioFemenino1\" \/>\n<meta name=\"twitter:label1\" content=\"Escrito por\" \/>\n\t<meta name=\"twitter:data1\" content=\"Admin\" \/>\n\t<meta name=\"twitter:label2\" content=\"Tiempo de lectura\" \/>\n\t<meta name=\"twitter:data2\" content=\"8 minutos\" \/>\n<script type=\"application\/ld+json\" class=\"yoast-schema-graph\">{\"@context\":\"https:\\\/\\\/schema.org\",\"@graph\":[{\"@type\":\"Article\",\"@id\":\"https:\\\/\\\/diariofemenino.com.ar\\\/df\\\/la-revolucion-de-los-vinculos\\\/#article\",\"isPartOf\":{\"@id\":\"https:\\\/\\\/diariofemenino.com.ar\\\/df\\\/la-revolucion-de-los-vinculos\\\/\"},\"author\":{\"name\":\"Admin\",\"@id\":\"https:\\\/\\\/diariofemenino.com.ar\\\/df\\\/#\\\/schema\\\/person\\\/bf6199e8158c657ea6f789b11ec85509\"},\"headline\":\"La revoluci\u00f3n de los v\u00ednculos\",\"datePublished\":\"2019-07-24T15:04:18+00:00\",\"dateModified\":\"2020-10-18T15:34:06+00:00\",\"mainEntityOfPage\":{\"@id\":\"https:\\\/\\\/diariofemenino.com.ar\\\/df\\\/la-revolucion-de-los-vinculos\\\/\"},\"wordCount\":1660,\"commentCount\":0,\"publisher\":{\"@id\":\"https:\\\/\\\/diariofemenino.com.ar\\\/df\\\/#organization\"},\"image\":{\"@id\":\"https:\\\/\\\/diariofemenino.com.ar\\\/df\\\/la-revolucion-de-los-vinculos\\\/#primaryimage\"},\"thumbnailUrl\":\"https:\\\/\\\/diariofemenino.com.ar\\\/df\\\/wp-content\\\/uploads\\\/2019\\\/07\\\/WhatsApp-Image-2019-07-24-at-11.33.39-1.jpeg\",\"keywords\":[\"Feminismo\",\"Feminismos\",\"La revoluci\u00f3n de los v\u00ednculos\",\"LGBTI\",\"Mujeres\",\"Valeria Donato\"],\"articleSection\":[\"Mujeres\"],\"inLanguage\":\"es\",\"potentialAction\":[{\"@type\":\"CommentAction\",\"name\":\"Comment\",\"target\":[\"https:\\\/\\\/diariofemenino.com.ar\\\/df\\\/la-revolucion-de-los-vinculos\\\/#respond\"]}]},{\"@type\":\"WebPage\",\"@id\":\"https:\\\/\\\/diariofemenino.com.ar\\\/df\\\/la-revolucion-de-los-vinculos\\\/\",\"url\":\"https:\\\/\\\/diariofemenino.com.ar\\\/df\\\/la-revolucion-de-los-vinculos\\\/\",\"name\":\"La revoluci\u00f3n de los v\u00ednculos - Diario Digital Femenino\",\"isPartOf\":{\"@id\":\"https:\\\/\\\/diariofemenino.com.ar\\\/df\\\/#website\"},\"primaryImageOfPage\":{\"@id\":\"https:\\\/\\\/diariofemenino.com.ar\\\/df\\\/la-revolucion-de-los-vinculos\\\/#primaryimage\"},\"image\":{\"@id\":\"https:\\\/\\\/diariofemenino.com.ar\\\/df\\\/la-revolucion-de-los-vinculos\\\/#primaryimage\"},\"thumbnailUrl\":\"https:\\\/\\\/diariofemenino.com.ar\\\/df\\\/wp-content\\\/uploads\\\/2019\\\/07\\\/WhatsApp-Image-2019-07-24-at-11.33.39-1.jpeg\",\"datePublished\":\"2019-07-24T15:04:18+00:00\",\"dateModified\":\"2020-10-18T15:34:06+00:00\",\"description\":\"La revoluci\u00f3n de los v\u00ednculos. Valeria Donato introdujo la expresi\u00f3n como una necesaria forma de transitar el feminismo y el crecimiento social.\",\"breadcrumb\":{\"@id\":\"https:\\\/\\\/diariofemenino.com.ar\\\/df\\\/la-revolucion-de-los-vinculos\\\/#breadcrumb\"},\"inLanguage\":\"es\",\"potentialAction\":[{\"@type\":\"ReadAction\",\"target\":[\"https:\\\/\\\/diariofemenino.com.ar\\\/df\\\/la-revolucion-de-los-vinculos\\\/\"]}]},{\"@type\":\"ImageObject\",\"inLanguage\":\"es\",\"@id\":\"https:\\\/\\\/diariofemenino.com.ar\\\/df\\\/la-revolucion-de-los-vinculos\\\/#primaryimage\",\"url\":\"https:\\\/\\\/diariofemenino.com.ar\\\/df\\\/wp-content\\\/uploads\\\/2019\\\/07\\\/WhatsApp-Image-2019-07-24-at-11.33.39-1.jpeg\",\"contentUrl\":\"https:\\\/\\\/diariofemenino.com.ar\\\/df\\\/wp-content\\\/uploads\\\/2019\\\/07\\\/WhatsApp-Image-2019-07-24-at-11.33.39-1.jpeg\",\"width\":816,\"height\":612,\"caption\":\"La revoluci\u00f3n de los v\u00ednculos\"},{\"@type\":\"BreadcrumbList\",\"@id\":\"https:\\\/\\\/diariofemenino.com.ar\\\/df\\\/la-revolucion-de-los-vinculos\\\/#breadcrumb\",\"itemListElement\":[{\"@type\":\"ListItem\",\"position\":1,\"name\":\"Portada\",\"item\":\"https:\\\/\\\/diariofemenino.com.ar\\\/df\\\/\"},{\"@type\":\"ListItem\",\"position\":2,\"name\":\"La revoluci\u00f3n de los v\u00ednculos\"}]},{\"@type\":\"WebSite\",\"@id\":\"https:\\\/\\\/diariofemenino.com.ar\\\/df\\\/#website\",\"url\":\"https:\\\/\\\/diariofemenino.com.ar\\\/df\\\/\",\"name\":\"Diario Digital Femenino\",\"description\":\"Cuesti\u00f3n de G\u00e9nero\",\"publisher\":{\"@id\":\"https:\\\/\\\/diariofemenino.com.ar\\\/df\\\/#organization\"},\"potentialAction\":[{\"@type\":\"SearchAction\",\"target\":{\"@type\":\"EntryPoint\",\"urlTemplate\":\"https:\\\/\\\/diariofemenino.com.ar\\\/df\\\/?s={search_term_string}\"},\"query-input\":{\"@type\":\"PropertyValueSpecification\",\"valueRequired\":true,\"valueName\":\"search_term_string\"}}],\"inLanguage\":\"es\"},{\"@type\":\"Organization\",\"@id\":\"https:\\\/\\\/diariofemenino.com.ar\\\/df\\\/#organization\",\"name\":\"Diario Femenino\",\"url\":\"https:\\\/\\\/diariofemenino.com.ar\\\/df\\\/\",\"logo\":{\"@type\":\"ImageObject\",\"inLanguage\":\"es\",\"@id\":\"https:\\\/\\\/diariofemenino.com.ar\\\/df\\\/#\\\/schema\\\/logo\\\/image\\\/\",\"url\":\"https:\\\/\\\/diariofemenino.com.ar\\\/df\\\/wp-content\\\/uploads\\\/2018\\\/10\\\/logo.png\",\"contentUrl\":\"https:\\\/\\\/diariofemenino.com.ar\\\/df\\\/wp-content\\\/uploads\\\/2018\\\/10\\\/logo.png\",\"width\":500,\"height\":92,\"caption\":\"Diario Femenino\"},\"image\":{\"@id\":\"https:\\\/\\\/diariofemenino.com.ar\\\/df\\\/#\\\/schema\\\/logo\\\/image\\\/\"},\"sameAs\":[\"https:\\\/\\\/www.facebook.com\\\/DiarioDigitaFemenino\\\/\",\"https:\\\/\\\/x.com\\\/DiarioFemenino1\"]},{\"@type\":\"Person\",\"@id\":\"https:\\\/\\\/diariofemenino.com.ar\\\/df\\\/#\\\/schema\\\/person\\\/bf6199e8158c657ea6f789b11ec85509\",\"name\":\"Admin\",\"image\":{\"@type\":\"ImageObject\",\"inLanguage\":\"es\",\"@id\":\"https:\\\/\\\/diariofemenino.com.ar\\\/df\\\/wp-content\\\/uploads\\\/2018\\\/12\\\/favicon-150x150.jpg\",\"url\":\"https:\\\/\\\/diariofemenino.com.ar\\\/df\\\/wp-content\\\/uploads\\\/2018\\\/12\\\/favicon-150x150.jpg\",\"contentUrl\":\"https:\\\/\\\/diariofemenino.com.ar\\\/df\\\/wp-content\\\/uploads\\\/2018\\\/12\\\/favicon-150x150.jpg\",\"caption\":\"Admin\"},\"url\":\"https:\\\/\\\/diariofemenino.com.ar\\\/df\\\/author\\\/lenny\\\/\"}]}<\/script>\n<!-- \/ Yoast SEO plugin. -->","yoast_head_json":{"title":"La revoluci\u00f3n de los v\u00ednculos - Diario Digital Femenino","description":"La revoluci\u00f3n de los v\u00ednculos. Valeria Donato introdujo la expresi\u00f3n como una necesaria forma de transitar el feminismo y el crecimiento social.","robots":{"index":"index","follow":"follow","max-snippet":"max-snippet:-1","max-image-preview":"max-image-preview:large","max-video-preview":"max-video-preview:-1"},"canonical":"https:\/\/diariofemenino.com.ar\/df\/la-revolucion-de-los-vinculos\/","og_locale":"es_ES","og_type":"article","og_title":"La revoluci\u00f3n de los v\u00ednculos - Diario Digital Femenino","og_description":"La revoluci\u00f3n de los v\u00ednculos. Valeria Donato introdujo la expresi\u00f3n como una necesaria forma de transitar el feminismo y el crecimiento social.","og_url":"https:\/\/diariofemenino.com.ar\/df\/la-revolucion-de-los-vinculos\/","og_site_name":"Diario Digital Femenino","article_publisher":"https:\/\/www.facebook.com\/DiarioDigitaFemenino\/","article_published_time":"2019-07-24T15:04:18+00:00","article_modified_time":"2020-10-18T15:34:06+00:00","og_image":[{"width":816,"height":612,"url":"https:\/\/diariofemenino.com.ar\/df\/wp-content\/uploads\/2019\/07\/WhatsApp-Image-2019-07-24-at-11.33.39-1.jpeg","type":"image\/jpeg"}],"author":"Admin","twitter_card":"summary_large_image","twitter_creator":"@DiarioFemenino1","twitter_site":"@DiarioFemenino1","twitter_misc":{"Escrito por":"Admin","Tiempo de lectura":"8 minutos"},"schema":{"@context":"https:\/\/schema.org","@graph":[{"@type":"Article","@id":"https:\/\/diariofemenino.com.ar\/df\/la-revolucion-de-los-vinculos\/#article","isPartOf":{"@id":"https:\/\/diariofemenino.com.ar\/df\/la-revolucion-de-los-vinculos\/"},"author":{"name":"Admin","@id":"https:\/\/diariofemenino.com.ar\/df\/#\/schema\/person\/bf6199e8158c657ea6f789b11ec85509"},"headline":"La revoluci\u00f3n de los v\u00ednculos","datePublished":"2019-07-24T15:04:18+00:00","dateModified":"2020-10-18T15:34:06+00:00","mainEntityOfPage":{"@id":"https:\/\/diariofemenino.com.ar\/df\/la-revolucion-de-los-vinculos\/"},"wordCount":1660,"commentCount":0,"publisher":{"@id":"https:\/\/diariofemenino.com.ar\/df\/#organization"},"image":{"@id":"https:\/\/diariofemenino.com.ar\/df\/la-revolucion-de-los-vinculos\/#primaryimage"},"thumbnailUrl":"https:\/\/diariofemenino.com.ar\/df\/wp-content\/uploads\/2019\/07\/WhatsApp-Image-2019-07-24-at-11.33.39-1.jpeg","keywords":["Feminismo","Feminismos","La revoluci\u00f3n de los v\u00ednculos","LGBTI","Mujeres","Valeria Donato"],"articleSection":["Mujeres"],"inLanguage":"es","potentialAction":[{"@type":"CommentAction","name":"Comment","target":["https:\/\/diariofemenino.com.ar\/df\/la-revolucion-de-los-vinculos\/#respond"]}]},{"@type":"WebPage","@id":"https:\/\/diariofemenino.com.ar\/df\/la-revolucion-de-los-vinculos\/","url":"https:\/\/diariofemenino.com.ar\/df\/la-revolucion-de-los-vinculos\/","name":"La revoluci\u00f3n de los v\u00ednculos - Diario Digital Femenino","isPartOf":{"@id":"https:\/\/diariofemenino.com.ar\/df\/#website"},"primaryImageOfPage":{"@id":"https:\/\/diariofemenino.com.ar\/df\/la-revolucion-de-los-vinculos\/#primaryimage"},"image":{"@id":"https:\/\/diariofemenino.com.ar\/df\/la-revolucion-de-los-vinculos\/#primaryimage"},"thumbnailUrl":"https:\/\/diariofemenino.com.ar\/df\/wp-content\/uploads\/2019\/07\/WhatsApp-Image-2019-07-24-at-11.33.39-1.jpeg","datePublished":"2019-07-24T15:04:18+00:00","dateModified":"2020-10-18T15:34:06+00:00","description":"La revoluci\u00f3n de los v\u00ednculos. Valeria Donato introdujo la expresi\u00f3n como una necesaria forma de transitar el feminismo y el crecimiento social.","breadcrumb":{"@id":"https:\/\/diariofemenino.com.ar\/df\/la-revolucion-de-los-vinculos\/#breadcrumb"},"inLanguage":"es","potentialAction":[{"@type":"ReadAction","target":["https:\/\/diariofemenino.com.ar\/df\/la-revolucion-de-los-vinculos\/"]}]},{"@type":"ImageObject","inLanguage":"es","@id":"https:\/\/diariofemenino.com.ar\/df\/la-revolucion-de-los-vinculos\/#primaryimage","url":"https:\/\/diariofemenino.com.ar\/df\/wp-content\/uploads\/2019\/07\/WhatsApp-Image-2019-07-24-at-11.33.39-1.jpeg","contentUrl":"https:\/\/diariofemenino.com.ar\/df\/wp-content\/uploads\/2019\/07\/WhatsApp-Image-2019-07-24-at-11.33.39-1.jpeg","width":816,"height":612,"caption":"La revoluci\u00f3n de los v\u00ednculos"},{"@type":"BreadcrumbList","@id":"https:\/\/diariofemenino.com.ar\/df\/la-revolucion-de-los-vinculos\/#breadcrumb","itemListElement":[{"@type":"ListItem","position":1,"name":"Portada","item":"https:\/\/diariofemenino.com.ar\/df\/"},{"@type":"ListItem","position":2,"name":"La revoluci\u00f3n de los v\u00ednculos"}]},{"@type":"WebSite","@id":"https:\/\/diariofemenino.com.ar\/df\/#website","url":"https:\/\/diariofemenino.com.ar\/df\/","name":"Diario Digital Femenino","description":"Cuesti\u00f3n de G\u00e9nero","publisher":{"@id":"https:\/\/diariofemenino.com.ar\/df\/#organization"},"potentialAction":[{"@type":"SearchAction","target":{"@type":"EntryPoint","urlTemplate":"https:\/\/diariofemenino.com.ar\/df\/?s={search_term_string}"},"query-input":{"@type":"PropertyValueSpecification","valueRequired":true,"valueName":"search_term_string"}}],"inLanguage":"es"},{"@type":"Organization","@id":"https:\/\/diariofemenino.com.ar\/df\/#organization","name":"Diario Femenino","url":"https:\/\/diariofemenino.com.ar\/df\/","logo":{"@type":"ImageObject","inLanguage":"es","@id":"https:\/\/diariofemenino.com.ar\/df\/#\/schema\/logo\/image\/","url":"https:\/\/diariofemenino.com.ar\/df\/wp-content\/uploads\/2018\/10\/logo.png","contentUrl":"https:\/\/diariofemenino.com.ar\/df\/wp-content\/uploads\/2018\/10\/logo.png","width":500,"height":92,"caption":"Diario Femenino"},"image":{"@id":"https:\/\/diariofemenino.com.ar\/df\/#\/schema\/logo\/image\/"},"sameAs":["https:\/\/www.facebook.com\/DiarioDigitaFemenino\/","https:\/\/x.com\/DiarioFemenino1"]},{"@type":"Person","@id":"https:\/\/diariofemenino.com.ar\/df\/#\/schema\/person\/bf6199e8158c657ea6f789b11ec85509","name":"Admin","image":{"@type":"ImageObject","inLanguage":"es","@id":"https:\/\/diariofemenino.com.ar\/df\/wp-content\/uploads\/2018\/12\/favicon-150x150.jpg","url":"https:\/\/diariofemenino.com.ar\/df\/wp-content\/uploads\/2018\/12\/favicon-150x150.jpg","contentUrl":"https:\/\/diariofemenino.com.ar\/df\/wp-content\/uploads\/2018\/12\/favicon-150x150.jpg","caption":"Admin"},"url":"https:\/\/diariofemenino.com.ar\/df\/author\/lenny\/"}]}},"jetpack_featured_media_url":"https:\/\/diariofemenino.com.ar\/df\/wp-content\/uploads\/2019\/07\/WhatsApp-Image-2019-07-24-at-11.33.39-1.jpeg","jetpack_sharing_enabled":true,"rttpg_featured_image_url":{"full":["https:\/\/diariofemenino.com.ar\/df\/wp-content\/uploads\/2019\/07\/WhatsApp-Image-2019-07-24-at-11.33.39-1.jpeg",816,612,false],"landscape":["https:\/\/diariofemenino.com.ar\/df\/wp-content\/uploads\/2019\/07\/WhatsApp-Image-2019-07-24-at-11.33.39-1.jpeg",816,612,false],"portraits":["https:\/\/diariofemenino.com.ar\/df\/wp-content\/uploads\/2019\/07\/WhatsApp-Image-2019-07-24-at-11.33.39-1.jpeg",816,612,false],"thumbnail":["https:\/\/diariofemenino.com.ar\/df\/wp-content\/uploads\/2019\/07\/WhatsApp-Image-2019-07-24-at-11.33.39-1-150x150.jpeg",150,150,true],"medium":["https:\/\/diariofemenino.com.ar\/df\/wp-content\/uploads\/2019\/07\/WhatsApp-Image-2019-07-24-at-11.33.39-1-300x225.jpeg",300,225,true],"large":["https:\/\/diariofemenino.com.ar\/df\/wp-content\/uploads\/2019\/07\/WhatsApp-Image-2019-07-24-at-11.33.39-1.jpeg",816,612,false],"1536x1536":["https:\/\/diariofemenino.com.ar\/df\/wp-content\/uploads\/2019\/07\/WhatsApp-Image-2019-07-24-at-11.33.39-1.jpeg",816,612,false],"2048x2048":["https:\/\/diariofemenino.com.ar\/df\/wp-content\/uploads\/2019\/07\/WhatsApp-Image-2019-07-24-at-11.33.39-1.jpeg",816,612,false]},"rttpg_author":{"display_name":"Admin","author_link":"https:\/\/diariofemenino.com.ar\/df\/author\/lenny\/"},"rttpg_comment":0,"rttpg_category":"<a href=\"https:\/\/diariofemenino.com.ar\/df\/category\/mujeres\/\" rel=\"category tag\">Mujeres<\/a>","rttpg_excerpt":"Hace unos d\u00edas, en el taller \u201cTeor\u00eda encarnada\u201d realizado en el Marco de la Feria Feministas Trabajando en Santa Rosa, La Pampa,\u00a0 Valeria Donato introdujo la expresi\u00f3n \u201crevoluci\u00f3n de los v\u00ednculos\u201d como una necesaria forma de transitar el feminismo y el crecimiento social. La mirada puesta en la necesidad de la revoluci\u00f3n de los v\u00ednculos&hellip;","_links":{"self":[{"href":"https:\/\/diariofemenino.com.ar\/df\/wp-json\/wp\/v2\/posts\/38776","targetHints":{"allow":["GET"]}}],"collection":[{"href":"https:\/\/diariofemenino.com.ar\/df\/wp-json\/wp\/v2\/posts"}],"about":[{"href":"https:\/\/diariofemenino.com.ar\/df\/wp-json\/wp\/v2\/types\/post"}],"author":[{"embeddable":true,"href":"https:\/\/diariofemenino.com.ar\/df\/wp-json\/wp\/v2\/users\/4"}],"replies":[{"embeddable":true,"href":"https:\/\/diariofemenino.com.ar\/df\/wp-json\/wp\/v2\/comments?post=38776"}],"version-history":[{"count":0,"href":"https:\/\/diariofemenino.com.ar\/df\/wp-json\/wp\/v2\/posts\/38776\/revisions"}],"wp:featuredmedia":[{"embeddable":true,"href":"https:\/\/diariofemenino.com.ar\/df\/wp-json\/wp\/v2\/media\/38783"}],"wp:attachment":[{"href":"https:\/\/diariofemenino.com.ar\/df\/wp-json\/wp\/v2\/media?parent=38776"}],"wp:term":[{"taxonomy":"category","embeddable":true,"href":"https:\/\/diariofemenino.com.ar\/df\/wp-json\/wp\/v2\/categories?post=38776"},{"taxonomy":"post_tag","embeddable":true,"href":"https:\/\/diariofemenino.com.ar\/df\/wp-json\/wp\/v2\/tags?post=38776"}],"curies":[{"name":"wp","href":"https:\/\/api.w.org\/{rel}","templated":true}]}}