{"id":38686,"date":"2019-07-22T18:06:50","date_gmt":"2019-07-22T21:06:50","guid":{"rendered":"https:\/\/diariofemenino.com.ar\/?p=38686"},"modified":"2019-07-22T18:09:55","modified_gmt":"2019-07-22T21:09:55","slug":"hablemos-de-rosa-bonheur","status":"publish","type":"post","link":"https:\/\/diariofemenino.com.ar\/df\/hablemos-de-rosa-bonheur\/","title":{"rendered":"Hablemos de Rosa Bonheur"},"content":{"rendered":"<p>Hablemos de Rosa Bonheur dice Luis Pastor y <a href=\"https:\/\/es.wikipedia.org\/wiki\/Rosa_Bonheur\">abre hilo<\/a> en twitter.<\/p>\n<p>Luis Pastor es\u00a0<a href=\"https:\/\/twitter.com\/luis_pastor\">dise\u00f1ador gr\u00e1fico<\/a> y as\u00ed \u00abvende\u00bb la Informaci\u00f3n: \u00abATENCI\u00d3N: este hilo de Arte contiene una gran cantidad de mujeres independientes!\u00bb<\/p>\n<p>De todas maneras esta\u00a0 inquietud <a href=\"https:\/\/diariofemenino.com.ar\/el-cuadro-de-una-pintora-francesa\/\">comenz\u00f3 antes\u00a0cuando<\/a> \u00abse top\u00f3 con el v\u00eddeo de una conferencia de Carlos Gonz\u00e1lez Navarro, t\u00e9cnico de conservaci\u00f3n del museo, en la que hablaba de la muestra\u00bb As\u00ed comenzaron su movilizaci\u00f3n en Twitter para que El Prado sacara al le\u00f3n de su guarida ha tenido un alcance inesperado. Junto al historiador de arte y educador cultural de Santiago de Compostela\u00a0<a href=\"https:\/\/twitter.com\/elbarroquista\" target=\"_blank\" rel=\"nofollow noopener\">Miguel \u00c1ngel Cajigal<\/a>\u00a0<em>El Barroquista<\/em>, y un tercer tuitero,\u00a0<a href=\"https:\/\/twitter.com\/BerniniRocks\" target=\"_blank\" rel=\"nofollow noopener\">Bernini Rey de los Barrocos<\/a>, que prefiere permanecer en el anonimato, comenzaron a publicar el 9 de julio la etiqueta #UnaRosaParaElPrado.\u00a0Sumaron 45.000 seguidores e iniciaron una serie de hilos sobre la obra. Tambi\u00e9n dirigieron un correo electr\u00f3nico al museo y el pasado martes obtuvieron una respuesta\u00bb<\/p>\n<p><strong>Reproducimos el hilo en twitter sobre\u00a0 Rosa Bonheur, nos cuenta su <a href=\"https:\/\/diariofemenino.com.ar\/\">historia<\/a><\/strong><\/p>\n<p><span class=\"css-901oao css-16my406 r-1qd0xha r-ad9z0x r-bcqeeo r-qvutc0\"><a href=\"https:\/\/historia-arte.com\/artistas\/rosa-bonheur\">Rose<\/a> nace en Francia\u00a0<\/span><span class=\"css-901oao css-16my406 r-1qd0xha r-ad9z0x r-bcqeeo r-qvutc0\">en 1822, hija de artista y hermana de artistas, desde peque\u00f1a ya dio s\u00edntomas de que iba a hacer lo que le diese la real gana.<\/span><\/p>\n<p>Lo intentan en un par de internados y hasta en una academia de modistas, pero Rose es rebelde. Su padre la enfoca hacia el arte y ella aprende pr\u00e1cticamente sola<\/p>\n<p>Empieza copiando grabados de grandes artistas, despu\u00e9s escayolas, despu\u00e9s va al Louvre a copiar grandes maestros y finalmente a pintar del natural<\/p>\n<figure id=\"attachment_38687\" aria-describedby=\"caption-attachment-38687\" style=\"width: 220px\" class=\"wp-caption alignnone\"><img loading=\"lazy\" decoding=\"async\" class=\"wp-image-38687 size-full\" src=\"https:\/\/diariofemenino.com.ar\/df\/wp-content\/uploads\/2019\/07\/DQOj_6HWAAUc6Di.jpg\" alt=\"Hablemos de Rosa Bonheur\" width=\"220\" height=\"295\" \/><figcaption id=\"caption-attachment-38687\" class=\"wp-caption-text\">Rosa Bonheur<\/figcaption><\/figure>\n<p>Las mujeres en aquella \u00e9poca no pod\u00edan acceder a una educaci\u00f3n completa en arte y ella se apoy\u00f3 en su padre pero la gran mayor\u00eda lo hizo sola.<\/p>\n<p>Los padres eran de una especie de secta socialista que pugnaba por la igualdad total y eso inclu\u00eda a hombres y mujeres y as\u00ed educaron a sus hijos e hijas<\/p>\n<p>Otra cosa: hay gente que tiene la suerte de encontrar al amor de su vida a la primera y ella lo logr\u00f3, con 14 a\u00f1os conoci\u00f3 a Natalie Micas de 12 y estuvieron juntas hasta que Micas muri\u00f3<\/p>\n<p><img loading=\"lazy\" decoding=\"async\" class=\"alignnone size-full wp-image-38690\" src=\"https:\/\/diariofemenino.com.ar\/df\/wp-content\/uploads\/2019\/07\/DQOmOrgWkAEAuHY.jpg\" alt=\"\" width=\"308\" height=\"450\" srcset=\"https:\/\/diariofemenino.com.ar\/df\/wp-content\/uploads\/2019\/07\/DQOmOrgWkAEAuHY.jpg 308w, https:\/\/diariofemenino.com.ar\/df\/wp-content\/uploads\/2019\/07\/DQOmOrgWkAEAuHY-205x300.jpg 205w\" sizes=\"auto, (max-width: 308px) 100vw, 308px\" \/><\/p>\n<p>Pero, pero, pero&#8230; luis, eran&#8230; t\u00fa ya sabes? Lesbianas? Si, nunca lo ocultaron y Rose era muy famosa porque le importaba tres leches lo que pensasen de ella<\/p>\n<p><img loading=\"lazy\" decoding=\"async\" class=\"alignnone size-full wp-image-38691\" src=\"https:\/\/diariofemenino.com.ar\/df\/wp-content\/uploads\/2019\/07\/DQOmsK2X0AA2Z9H-1.jpg\" alt=\"\" width=\"680\" height=\"458\" srcset=\"https:\/\/diariofemenino.com.ar\/df\/wp-content\/uploads\/2019\/07\/DQOmsK2X0AA2Z9H-1.jpg 680w, https:\/\/diariofemenino.com.ar\/df\/wp-content\/uploads\/2019\/07\/DQOmsK2X0AA2Z9H-1-300x202.jpg 300w\" sizes=\"auto, (max-width: 680px) 100vw, 680px\" \/><\/p>\n<p>Pero bueno, al arte, ella empez\u00f3 a dibujar lo que ten\u00eda a mano del natural, vacas, caballo, cabras, perros, gatos&#8230; todo<\/p>\n<p><img loading=\"lazy\" decoding=\"async\" class=\"alignnone size-full wp-image-38692\" src=\"https:\/\/diariofemenino.com.ar\/df\/wp-content\/uploads\/2019\/07\/DQOoBLTWAAMHTA4.jpg\" alt=\"\" width=\"305\" height=\"210\" srcset=\"https:\/\/diariofemenino.com.ar\/df\/wp-content\/uploads\/2019\/07\/DQOoBLTWAAMHTA4.jpg 305w, https:\/\/diariofemenino.com.ar\/df\/wp-content\/uploads\/2019\/07\/DQOoBLTWAAMHTA4-300x207.jpg 300w\" sizes=\"auto, (max-width: 305px) 100vw, 305px\" \/><\/p>\n<p>Se especializa en pintura de animales, se arremanga el vestido y se va a los mataderos a ver c\u00f3mo son los m\u00fasculos y c\u00f3mo funcionan, disecciona animales<\/p>\n<p><img loading=\"lazy\" decoding=\"async\" class=\"alignnone size-full wp-image-38693\" src=\"https:\/\/diariofemenino.com.ar\/df\/wp-content\/uploads\/2019\/07\/DQOogpqWkAAsDNw.jpg\" alt=\"\" width=\"680\" height=\"446\" srcset=\"https:\/\/diariofemenino.com.ar\/df\/wp-content\/uploads\/2019\/07\/DQOogpqWkAAsDNw.jpg 680w, https:\/\/diariofemenino.com.ar\/df\/wp-content\/uploads\/2019\/07\/DQOogpqWkAAsDNw-300x197.jpg 300w\" sizes=\"auto, (max-width: 680px) 100vw, 680px\" \/><\/p>\n<p><span class=\"css-901oao css-16my406 r-1qd0xha r-ad9z0x r-bcqeeo r-qvutc0\">Y llega el \u00e9xito, pronto, s\u00fabito y arrollador, el gobierno franc\u00e9s le encarga un cuadro con el que se proyectar\u00e1 a la fama, este: (En un museito que quiz\u00e1s conoc\u00e9is,\u00a0<\/span><a class=\"css-4rbku5 css-18t94o4 css-901oao css-16my406 r-1n1174f r-1loqt21 r-1qd0xha r-ad9z0x r-bcqeeo r-qvutc0\" dir=\"ltr\" role=\"link\" href=\"https:\/\/twitter.com\/MuseeOrsay\" data-focusable=\"true\">@MuseeOrsay )<\/a><\/p>\n<p><img loading=\"lazy\" decoding=\"async\" class=\"alignnone size-full wp-image-38694\" src=\"https:\/\/diariofemenino.com.ar\/df\/wp-content\/uploads\/2019\/07\/DQOpkiBX4AEQBAD.jpg\" alt=\"\" width=\"680\" height=\"343\" srcset=\"https:\/\/diariofemenino.com.ar\/df\/wp-content\/uploads\/2019\/07\/DQOpkiBX4AEQBAD.jpg 680w, https:\/\/diariofemenino.com.ar\/df\/wp-content\/uploads\/2019\/07\/DQOpkiBX4AEQBAD-300x151.jpg 300w\" sizes=\"auto, (max-width: 680px) 100vw, 680px\" \/><\/p>\n<p>Sus cuadros transmiten vida, Luz, color y a la vez son como un pu\u00f1etazo de realidad, la dicen intentando elogiarla que &#8216;no pinta como una chica&#8217;<\/p>\n<p><img loading=\"lazy\" decoding=\"async\" class=\"alignnone size-full wp-image-38695\" src=\"https:\/\/diariofemenino.com.ar\/df\/wp-content\/uploads\/2019\/07\/DQOp7axX0AIRMin.jpg\" alt=\"\" width=\"252\" height=\"200\" \/><\/p>\n<p><span class=\"css-901oao css-16my406 r-1qd0xha r-ad9z0x r-bcqeeo r-qvutc0\">Y despu\u00e9s se prepara para su gran cuadro y hace una cosa impensable: se pone pantalones\u00a0<\/span><img loading=\"lazy\" decoding=\"async\" class=\"css-9pa8cd\" draggable=\"false\" src=\"https:\/\/abs-0.twimg.com\/emoji\/v2\/svg\/1f456.svg\" alt=\"&#x1f456;\" width=\"20\" height=\"20\" \/><\/p>\n<p><img loading=\"lazy\" decoding=\"async\" class=\"alignnone size-full wp-image-38696\" src=\"https:\/\/diariofemenino.com.ar\/df\/wp-content\/uploads\/2019\/07\/DQOqZDpX0AAyHo1.jpg\" alt=\"\" width=\"399\" height=\"522\" srcset=\"https:\/\/diariofemenino.com.ar\/df\/wp-content\/uploads\/2019\/07\/DQOqZDpX0AAyHo1.jpg 399w, https:\/\/diariofemenino.com.ar\/df\/wp-content\/uploads\/2019\/07\/DQOqZDpX0AAyHo1-229x300.jpg 229w\" sizes=\"auto, (max-width: 399px) 100vw, 399px\" \/><\/p>\n<p>Quiere retratar el mercado de caballos que hay en Par\u00eds, un puesto solo apto para tipos duros, seg\u00fan ella el vestido distrae y los pantalones son c\u00f3modos para trabajar as\u00ed que&#8230;<\/p>\n<p>&#8230; va a la gendarmer\u00eda a por su permiso (valid\u00f3 por 6 meses) para llevar pantalones<\/p>\n<p>Y claro, tambi\u00e9n fumaba puros habanos, la llamaban Mar\u00edmacho y ella respond\u00eda que era \u00abm\u00e1s muchacho que cualquiera de ellos\u00bb<\/p>\n<p>Y cuando la increparon por lo de los pantalones ella simplemente dijo \u00abque le daba igual lo que opinasen los tontos\u00bb<\/p>\n<p>Total, que iba dos veces a la semana a pintar al mercado y luego lo pasaba a limpio en su estudio&#8230; durante dos a\u00f1os sin para. Pero mereci\u00f3 la pena!<\/p>\n<p>El resultado es un cuadro de m\u00e1s de 5 metros de largo y m\u00e1s de dos metros de alto. El mercado de los caballos de Par\u00eds<\/p>\n<p><img loading=\"lazy\" decoding=\"async\" class=\"alignnone size-full wp-image-38697\" src=\"https:\/\/diariofemenino.com.ar\/df\/wp-content\/uploads\/2019\/07\/DQOtfqtX4AIlKJA.jpg\" alt=\"\" width=\"640\" height=\"303\" srcset=\"https:\/\/diariofemenino.com.ar\/df\/wp-content\/uploads\/2019\/07\/DQOtfqtX4AIlKJA.jpg 640w, https:\/\/diariofemenino.com.ar\/df\/wp-content\/uploads\/2019\/07\/DQOtfqtX4AIlKJA-300x142.jpg 300w\" sizes=\"auto, (max-width: 640px) 100vw, 640px\" \/><\/p>\n<p><span class=\"css-901oao css-16my406 r-1qd0xha r-ad9z0x r-bcqeeo r-qvutc0\">Ese cuadro ahora est\u00e1 en el\u00a0<\/span><span class=\"r-18u37iz\"><a class=\"css-4rbku5 css-18t94o4 css-901oao css-16my406 r-1n1174f r-1loqt21 r-1qd0xha r-ad9z0x r-bcqeeo r-qvutc0\" dir=\"ltr\" role=\"link\" href=\"https:\/\/twitter.com\/metmuseum\" data-focusable=\"true\">@metmuseum\u00a0<\/a><\/span>de NY. Y fue como un terremoto, nadie hab\u00eda visto algo tan potente, tan vivo, tan actual y a la vez cl\u00e1sico. Miradla aqu\u00ed:<\/p>\n<p><img loading=\"lazy\" decoding=\"async\" class=\"alignnone size-full wp-image-38698\" src=\"https:\/\/diariofemenino.com.ar\/df\/wp-content\/uploads\/2019\/07\/DQOt-wuXcAAvIHe.jpg\" alt=\"\" width=\"518\" height=\"680\" srcset=\"https:\/\/diariofemenino.com.ar\/df\/wp-content\/uploads\/2019\/07\/DQOt-wuXcAAvIHe.jpg 518w, https:\/\/diariofemenino.com.ar\/df\/wp-content\/uploads\/2019\/07\/DQOt-wuXcAAvIHe-229x300.jpg 229w\" sizes=\"auto, (max-width: 518px) 100vw, 518px\" \/><\/p>\n<p>Hab\u00e9is notado esto? Es la legi\u00f3n de honor de Francia, la m\u00e1xima condecoraci\u00f3n Y FUE LA PRIMERA MUJER EN ALCANZARLA<\/p>\n<p><img loading=\"lazy\" decoding=\"async\" class=\"alignnone size-full wp-image-38699\" src=\"https:\/\/diariofemenino.com.ar\/df\/wp-content\/uploads\/2019\/07\/DQOuTztW4AI33U4.jpg\" alt=\"\" width=\"640\" height=\"1136\" srcset=\"https:\/\/diariofemenino.com.ar\/df\/wp-content\/uploads\/2019\/07\/DQOuTztW4AI33U4.jpg 640w, https:\/\/diariofemenino.com.ar\/df\/wp-content\/uploads\/2019\/07\/DQOuTztW4AI33U4-169x300.jpg 169w, https:\/\/diariofemenino.com.ar\/df\/wp-content\/uploads\/2019\/07\/DQOuTztW4AI33U4-577x1024.jpg 577w\" sizes=\"auto, (max-width: 640px) 100vw, 640px\" \/><\/p>\n<p>Firm\u00f3 contratos con algunos de los mejores grabadores de Europa y su fama se hizo mundial al venderse las estampas de sus cuadros en todos lados. Era una celebrity comparable a las actuales<\/p>\n<p>La recibi\u00f3 la reina Victoria y fue a pintar la vida en las highlands, pero el tour europeo solo hab\u00eda comenzado<\/p>\n<p><img loading=\"lazy\" decoding=\"async\" class=\"alignnone size-full wp-image-38700\" src=\"https:\/\/diariofemenino.com.ar\/df\/wp-content\/uploads\/2019\/07\/DQOveiYXcAAXpbR-1.jpg\" alt=\"\" width=\"273\" height=\"210\" \/><\/p>\n<p>Rose cosecha exitos por toda Europa, Alfonso XII la condecora, Leopoldo de Belgica, mienbro de honor en la sociedad de acuarelista de Londres, y asi todo lo que podais imaginar<\/p>\n<p><img loading=\"lazy\" decoding=\"async\" class=\"alignnone size-full wp-image-38701\" src=\"https:\/\/diariofemenino.com.ar\/df\/wp-content\/uploads\/2019\/07\/DQO40vDXcAAhWhG.jpg\" alt=\"\" width=\"680\" height=\"484\" srcset=\"https:\/\/diariofemenino.com.ar\/df\/wp-content\/uploads\/2019\/07\/DQO40vDXcAAhWhG.jpg 680w, https:\/\/diariofemenino.com.ar\/df\/wp-content\/uploads\/2019\/07\/DQO40vDXcAAhWhG-300x214.jpg 300w\" sizes=\"auto, (max-width: 680px) 100vw, 680px\" \/><\/p>\n<p>Sabiais que lleg\u00f3 a haber una mu\u00f1eca llamada Rose en su honor? se comercializ\u00f3 en EEUU y una ni\u00f1a muy concreta har\u00eda de Rose su hero\u00edna, pero a eso llegaremos luego.<\/p>\n<p>Y cruza el Carco, y tambien la condecora el emperador Maximiliano de Mexico y va a Estados unidos y alucina, es el mito del salvaje oeste, la naturaleza indomita!<\/p>\n<p>y se hace amiga&#8230; de quien? DE QUIEN VA A SER!!! DE BUFFALO BILL!!! (no me digais que esta mujer no era lo mejor del mundo) Y claro, lo pinta, lo pinta!<\/p>\n<p><img loading=\"lazy\" decoding=\"async\" class=\"alignnone size-full wp-image-38702\" src=\"https:\/\/diariofemenino.com.ar\/df\/wp-content\/uploads\/2019\/07\/DQO6D6_WAAEGM9r-1.jpg\" alt=\"\" width=\"565\" height=\"680\" srcset=\"https:\/\/diariofemenino.com.ar\/df\/wp-content\/uploads\/2019\/07\/DQO6D6_WAAEGM9r-1.jpg 565w, https:\/\/diariofemenino.com.ar\/df\/wp-content\/uploads\/2019\/07\/DQO6D6_WAAEGM9r-1-249x300.jpg 249w\" sizes=\"auto, (max-width: 565px) 100vw, 565px\" \/><\/p>\n<p>Pero la fama la pesaba y oye, ya que pudo se compr\u00f3 un Chateau cerca de Fontaineblau para pintar a su rollo y que la dejasen de historietas.<\/p>\n<p>Natalie moriria en 1889, pero una pregunta, os suena este cuadro?<\/p>\n<p><img loading=\"lazy\" decoding=\"async\" class=\"alignnone size-full wp-image-38703\" src=\"https:\/\/diariofemenino.com.ar\/df\/wp-content\/uploads\/2019\/07\/DQO8GE0XkAAdHg5.jpg\" alt=\"\" width=\"654\" height=\"362\" srcset=\"https:\/\/diariofemenino.com.ar\/df\/wp-content\/uploads\/2019\/07\/DQO8GE0XkAAdHg5.jpg 654w, https:\/\/diariofemenino.com.ar\/df\/wp-content\/uploads\/2019\/07\/DQO8GE0XkAAdHg5-300x166.jpg 300w\" sizes=\"auto, (max-width: 654px) 100vw, 654px\" \/><\/p>\n<div id=\"tweet-text\" class=\"css-901oao r-hkyrab r-1qd0xha r-a023e6 r-16dba41 r-ad9z0x r-bcqeeo r-bnwqim r-qvutc0\" dir=\"auto\" lang=\"es\"><span class=\"css-901oao css-16my406 r-1qd0xha r-ad9z0x r-bcqeeo r-qvutc0\">&#8211; Luis, no es el cuadro de antes? si&#8230; pero No, es una copia del famoso cuadro de Rose que pintaron juntas en su estudio Natalie y ella, y como no esta nada mal el cuadrito esta en la National Gallery<\/span><\/div>\n<div dir=\"auto\" lang=\"es\"><\/div>\n<div dir=\"auto\" lang=\"es\">Recordais a la ni\u00f1a que en EEUU tenia como idolo a Rose, se llamaba Anna Elizabeth Klumpke&#8230; y tambien pintaba! el a\u00f1o que muere Natalie va a Paris a pintar un retrato de Rose con una mala excusa, algo como que era un encargo de un naturalista<\/div>\n<div dir=\"auto\" lang=\"es\"><\/div>\n<div dir=\"auto\" lang=\"es\"><img loading=\"lazy\" decoding=\"async\" class=\"alignnone size-full wp-image-38704\" src=\"https:\/\/diariofemenino.com.ar\/df\/wp-content\/uploads\/2019\/07\/DQO9CftX0AEdZUh.jpg\" alt=\"\" width=\"536\" height=\"680\" srcset=\"https:\/\/diariofemenino.com.ar\/df\/wp-content\/uploads\/2019\/07\/DQO9CftX0AEdZUh.jpg 536w, https:\/\/diariofemenino.com.ar\/df\/wp-content\/uploads\/2019\/07\/DQO9CftX0AEdZUh-236x300.jpg 236w\" sizes=\"auto, (max-width: 536px) 100vw, 536px\" \/><\/div>\n<div dir=\"auto\" lang=\"es\"><\/div>\n<div dir=\"auto\" lang=\"es\">y pasa lo que tenia que pasar, que se enamoran y se van a vivir juntas en menos de un a\u00f1o. Rose sigue pintando a un ritmo febril. (este es el retrato que le hizo Anna, con medalla, claro)<\/div>\n<div dir=\"auto\" lang=\"es\"><\/div>\n<div dir=\"auto\" lang=\"es\"><img loading=\"lazy\" decoding=\"async\" class=\"alignnone size-full wp-image-38705\" src=\"https:\/\/diariofemenino.com.ar\/df\/wp-content\/uploads\/2019\/07\/DQO9RkSX0AYKntz.jpg\" alt=\"\" width=\"566\" height=\"680\" srcset=\"https:\/\/diariofemenino.com.ar\/df\/wp-content\/uploads\/2019\/07\/DQO9RkSX0AYKntz.jpg 566w, https:\/\/diariofemenino.com.ar\/df\/wp-content\/uploads\/2019\/07\/DQO9RkSX0AYKntz-250x300.jpg 250w\" sizes=\"auto, (max-width: 566px) 100vw, 566px\" \/><\/div>\n<div dir=\"auto\" lang=\"es\"><\/div>\n<div dir=\"auto\" lang=\"es\">estar\u00edan juntas hasta la muerte de Rose 10 a\u00f1os mas tarde, pero antes&#8230; oh! la guerra Franco-Prusiana y no os lo creereis&#8230; pero tuvieron que convencer a Rose de que no fuese a pegar tiros.<\/div>\n<div dir=\"auto\" lang=\"es\"><\/div>\n<div dir=\"auto\" lang=\"es\">dej\u00f3 en su testamento como heredera universal de todo lo suyo, y Anna al entrar al estudio de Rose se encontro 892 obras desconocidas!!!!! todas datadas, firmadas y organizadas!<\/div>\n<div dir=\"auto\" lang=\"es\"><\/div>\n<div dir=\"auto\" lang=\"es\"><img loading=\"lazy\" decoding=\"async\" class=\"alignnone size-full wp-image-38706\" src=\"https:\/\/diariofemenino.com.ar\/df\/wp-content\/uploads\/2019\/07\/DQO-iXXX0AA-Hps.jpg\" alt=\"\" width=\"680\" height=\"519\" srcset=\"https:\/\/diariofemenino.com.ar\/df\/wp-content\/uploads\/2019\/07\/DQO-iXXX0AA-Hps.jpg 680w, https:\/\/diariofemenino.com.ar\/df\/wp-content\/uploads\/2019\/07\/DQO-iXXX0AA-Hps-300x229.jpg 300w\" sizes=\"auto, (max-width: 680px) 100vw, 680px\" \/><\/div>\n<div dir=\"auto\" lang=\"es\"><\/div>\n<div dir=\"auto\" lang=\"es\">Ademas de la nada desde\u00f1able fortuna de 2 millones de francos, Rose fue enterrada junto a Natalie en Paris y cuando muri\u00f3 Anna tambien se les uni\u00f3. PERO ANTES Anna cre\u00f3 el museo de Rosa Bonheur y el premio Rosa Bonheur<\/div>\n<div dir=\"auto\" lang=\"es\"><\/div>\n<div dir=\"auto\" lang=\"es\"><img loading=\"lazy\" decoding=\"async\" class=\"alignnone size-full wp-image-38707\" src=\"https:\/\/diariofemenino.com.ar\/df\/wp-content\/uploads\/2019\/07\/DQO_xCrW0AEC3rB.jpg\" alt=\"\" width=\"680\" height=\"634\" srcset=\"https:\/\/diariofemenino.com.ar\/df\/wp-content\/uploads\/2019\/07\/DQO_xCrW0AEC3rB.jpg 680w, https:\/\/diariofemenino.com.ar\/df\/wp-content\/uploads\/2019\/07\/DQO_xCrW0AEC3rB-300x280.jpg 300w\" sizes=\"auto, (max-width: 680px) 100vw, 680px\" \/><\/div>\n<div dir=\"auto\" lang=\"es\"><\/div>\n<div dir=\"auto\" lang=\"es\">inspiracion para miles de mujeres durante el siglo XIX, la pintora mas conocida del siglo (Retrato de Rose por&#8230; si, otra mujer! Madame Consuelo-Fould )<\/div>\n<div dir=\"auto\" lang=\"es\"><\/div>\n<div dir=\"auto\" lang=\"es\"><img loading=\"lazy\" decoding=\"async\" class=\"alignnone size-full wp-image-38708\" src=\"https:\/\/diariofemenino.com.ar\/df\/wp-content\/uploads\/2019\/07\/Rose.jpg\" alt=\"\" width=\"578\" height=\"333\" srcset=\"https:\/\/diariofemenino.com.ar\/df\/wp-content\/uploads\/2019\/07\/Rose.jpg 578w, https:\/\/diariofemenino.com.ar\/df\/wp-content\/uploads\/2019\/07\/Rose-300x173.jpg 300w\" sizes=\"auto, (max-width: 578px) 100vw, 578px\" \/><\/div>\n<div dir=\"auto\" lang=\"es\"><\/div>\n<div dir=\"auto\" lang=\"es\">y la corresponsal de The New York Times en Paris (perd\u00f3n, esta tarde dije TIME) Mary Blume (otra mujer), dijo de ella que era la &#8216;Pintora mas famosa de su epoca si no lo era de todas las epocas&#8217;<\/div>\n<div dir=\"auto\" lang=\"es\"><\/div>\n<div dir=\"auto\" lang=\"es\"><img loading=\"lazy\" decoding=\"async\" class=\"alignnone size-full wp-image-38709\" src=\"https:\/\/diariofemenino.com.ar\/df\/wp-content\/uploads\/2019\/07\/DQPBLIcX0AAUBLY.jpg\" alt=\"\" width=\"680\" height=\"468\" srcset=\"https:\/\/diariofemenino.com.ar\/df\/wp-content\/uploads\/2019\/07\/DQPBLIcX0AAUBLY.jpg 680w, https:\/\/diariofemenino.com.ar\/df\/wp-content\/uploads\/2019\/07\/DQPBLIcX0AAUBLY-300x206.jpg 300w\" sizes=\"auto, (max-width: 680px) 100vw, 680px\" \/><\/div>\n<div dir=\"auto\" lang=\"es\"><\/div>\n<div dir=\"auto\" lang=\"es\">y fe de errores: se hace amiga de Buffalo Bill en Paris cuando el va con su show con motivo de la exposicion universal<\/div>\n<div dir=\"auto\" lang=\"es\"><\/div>\n<div dir=\"auto\" lang=\"es\"><strong>Rose fue una mujer apasionante que siempre dijo que &#8216;No tenia tiempo para mujeres que ped\u00edan permiso hasta para pensar&#8217;<\/strong><\/div>\n<div dir=\"auto\" lang=\"es\"><\/div>\n<div id=\"tweet-rich-content-label\" class=\"css-1dbjc4n r-156q2ks\" aria-labelledby=\"quote-tweet-label\">\n<div class=\"css-1dbjc4n r-1udh08x\">\n<div class=\"css-1dbjc4n r-9x6qib r-t23y2h r-1phboty r-rs99b7 r-1udh08x\">\n<div class=\"css-1dbjc4n r-1adg3ll r-1udh08x\"><\/div>\n<\/div>\n<\/div>\n<\/div>\n","protected":false},"excerpt":{"rendered":"<p>Hablemos de Rosa Bonheur dice Luis Pastor y abre hilo en twitter. Luis Pastor es\u00a0dise\u00f1ador gr\u00e1fico y as\u00ed \u00abvende\u00bb la Informaci\u00f3n: \u00abATENCI\u00d3N: este hilo de Arte contiene una gran cantidad de mujeres independientes!\u00bb De todas maneras esta\u00a0 inquietud comenz\u00f3 antes\u00a0cuando \u00abse top\u00f3 con el v\u00eddeo de una conferencia de Carlos Gonz\u00e1lez Navarro, t\u00e9cnico de conservaci\u00f3n [&hellip;]<\/p>\n","protected":false},"author":4,"featured_media":38710,"comment_status":"open","ping_status":"open","sticky":false,"template":"","format":"standard","meta":{"iawp_total_views":181,"footnotes":""},"categories":[19,32],"tags":[64,1770,130,1769,1572],"class_list":["post-38686","post","type-post","status-publish","format-standard","has-post-thumbnail","hentry","category-biblioteca","category-mujeres","tag-arte","tag-luis-pastor","tag-mujeres","tag-rosa-bonheur","tag-twitter"],"nelio_content":{"autoShareEndMode":"never","automationSources":{"useCustomSentences":false,"customSentences":[]},"efiAlt":"","efiUrl":"","followers":[4],"highlights":[],"isAutoShareEnabled":true,"networkImageIds":[],"permalinkQueryArgs":[],"series":[],"suggestedReferences":[]},"yoast_head":"<!-- This site is optimized with the Yoast SEO plugin v27.5 - https:\/\/yoast.com\/product\/yoast-seo-wordpress\/ -->\n<title>Hablemos de Rosa Bonheur - Diario Digital Femenino<\/title>\n<meta name=\"description\" content=\"Hablemos de Rosa Bonheur, reporducimos un interesante hilo en twitter de Luis Pastor, dise\u00f1ador gr\u00e1fico que realiz\u00f3 un campa\u00f1a de visibilizaci\u00f3n\" \/>\n<meta name=\"robots\" content=\"index, follow, max-snippet:-1, max-image-preview:large, max-video-preview:-1\" \/>\n<link rel=\"canonical\" href=\"https:\/\/diariofemenino.com.ar\/df\/hablemos-de-rosa-bonheur\/\" \/>\n<meta property=\"og:locale\" content=\"es_ES\" \/>\n<meta property=\"og:type\" content=\"article\" \/>\n<meta property=\"og:title\" content=\"Hablemos de Rosa Bonheur - Diario Digital Femenino\" \/>\n<meta property=\"og:description\" content=\"Hablemos de Rosa Bonheur, reporducimos un interesante hilo en twitter de Luis Pastor, dise\u00f1ador gr\u00e1fico que realiz\u00f3 un campa\u00f1a de visibilizaci\u00f3n\" \/>\n<meta property=\"og:url\" content=\"https:\/\/diariofemenino.com.ar\/df\/hablemos-de-rosa-bonheur\/\" \/>\n<meta property=\"og:site_name\" content=\"Diario Digital Femenino\" \/>\n<meta property=\"article:publisher\" content=\"https:\/\/www.facebook.com\/DiarioDigitaFemenino\/\" \/>\n<meta property=\"article:published_time\" content=\"2019-07-22T21:06:50+00:00\" \/>\n<meta property=\"article:modified_time\" content=\"2019-07-22T21:09:55+00:00\" \/>\n<meta property=\"og:image\" content=\"https:\/\/diariofemenino.com.ar\/df\/wp-content\/uploads\/2019\/07\/Rosa-Bonehuer.jpg\" \/>\n\t<meta property=\"og:image:width\" content=\"720\" \/>\n\t<meta property=\"og:image:height\" content=\"483\" \/>\n\t<meta property=\"og:image:type\" content=\"image\/jpeg\" \/>\n<meta name=\"author\" content=\"Admin\" \/>\n<meta name=\"twitter:card\" content=\"summary_large_image\" \/>\n<meta name=\"twitter:creator\" content=\"@DiarioFemenino1\" \/>\n<meta name=\"twitter:site\" content=\"@DiarioFemenino1\" \/>\n<meta name=\"twitter:label1\" content=\"Escrito por\" \/>\n\t<meta name=\"twitter:data1\" content=\"Admin\" \/>\n\t<meta name=\"twitter:label2\" content=\"Tiempo de lectura\" \/>\n\t<meta name=\"twitter:data2\" content=\"7 minutos\" \/>\n<script type=\"application\/ld+json\" class=\"yoast-schema-graph\">{\"@context\":\"https:\\\/\\\/schema.org\",\"@graph\":[{\"@type\":\"Article\",\"@id\":\"https:\\\/\\\/diariofemenino.com.ar\\\/df\\\/hablemos-de-rosa-bonheur\\\/#article\",\"isPartOf\":{\"@id\":\"https:\\\/\\\/diariofemenino.com.ar\\\/df\\\/hablemos-de-rosa-bonheur\\\/\"},\"author\":{\"name\":\"Admin\",\"@id\":\"https:\\\/\\\/diariofemenino.com.ar\\\/df\\\/#\\\/schema\\\/person\\\/bf6199e8158c657ea6f789b11ec85509\"},\"headline\":\"Hablemos de Rosa Bonheur\",\"datePublished\":\"2019-07-22T21:06:50+00:00\",\"dateModified\":\"2019-07-22T21:09:55+00:00\",\"mainEntityOfPage\":{\"@id\":\"https:\\\/\\\/diariofemenino.com.ar\\\/df\\\/hablemos-de-rosa-bonheur\\\/\"},\"wordCount\":1307,\"commentCount\":0,\"publisher\":{\"@id\":\"https:\\\/\\\/diariofemenino.com.ar\\\/df\\\/#organization\"},\"image\":{\"@id\":\"https:\\\/\\\/diariofemenino.com.ar\\\/df\\\/hablemos-de-rosa-bonheur\\\/#primaryimage\"},\"thumbnailUrl\":\"https:\\\/\\\/diariofemenino.com.ar\\\/df\\\/wp-content\\\/uploads\\\/2019\\\/07\\\/Rosa-Bonehuer.jpg\",\"keywords\":[\"Arte\",\"Luis Pastor\",\"Mujeres\",\"Rosa Bonheur\",\"Twitter\"],\"articleSection\":[\"Biblioteca Virtual\",\"Mujeres\"],\"inLanguage\":\"es\",\"potentialAction\":[{\"@type\":\"CommentAction\",\"name\":\"Comment\",\"target\":[\"https:\\\/\\\/diariofemenino.com.ar\\\/df\\\/hablemos-de-rosa-bonheur\\\/#respond\"]}]},{\"@type\":\"WebPage\",\"@id\":\"https:\\\/\\\/diariofemenino.com.ar\\\/df\\\/hablemos-de-rosa-bonheur\\\/\",\"url\":\"https:\\\/\\\/diariofemenino.com.ar\\\/df\\\/hablemos-de-rosa-bonheur\\\/\",\"name\":\"Hablemos de Rosa Bonheur - Diario Digital Femenino\",\"isPartOf\":{\"@id\":\"https:\\\/\\\/diariofemenino.com.ar\\\/df\\\/#website\"},\"primaryImageOfPage\":{\"@id\":\"https:\\\/\\\/diariofemenino.com.ar\\\/df\\\/hablemos-de-rosa-bonheur\\\/#primaryimage\"},\"image\":{\"@id\":\"https:\\\/\\\/diariofemenino.com.ar\\\/df\\\/hablemos-de-rosa-bonheur\\\/#primaryimage\"},\"thumbnailUrl\":\"https:\\\/\\\/diariofemenino.com.ar\\\/df\\\/wp-content\\\/uploads\\\/2019\\\/07\\\/Rosa-Bonehuer.jpg\",\"datePublished\":\"2019-07-22T21:06:50+00:00\",\"dateModified\":\"2019-07-22T21:09:55+00:00\",\"description\":\"Hablemos de Rosa Bonheur, reporducimos un interesante hilo en twitter de Luis Pastor, dise\u00f1ador gr\u00e1fico que realiz\u00f3 un campa\u00f1a de visibilizaci\u00f3n\",\"breadcrumb\":{\"@id\":\"https:\\\/\\\/diariofemenino.com.ar\\\/df\\\/hablemos-de-rosa-bonheur\\\/#breadcrumb\"},\"inLanguage\":\"es\",\"potentialAction\":[{\"@type\":\"ReadAction\",\"target\":[\"https:\\\/\\\/diariofemenino.com.ar\\\/df\\\/hablemos-de-rosa-bonheur\\\/\"]}]},{\"@type\":\"ImageObject\",\"inLanguage\":\"es\",\"@id\":\"https:\\\/\\\/diariofemenino.com.ar\\\/df\\\/hablemos-de-rosa-bonheur\\\/#primaryimage\",\"url\":\"https:\\\/\\\/diariofemenino.com.ar\\\/df\\\/wp-content\\\/uploads\\\/2019\\\/07\\\/Rosa-Bonehuer.jpg\",\"contentUrl\":\"https:\\\/\\\/diariofemenino.com.ar\\\/df\\\/wp-content\\\/uploads\\\/2019\\\/07\\\/Rosa-Bonehuer.jpg\",\"width\":720,\"height\":483,\"caption\":\"Rosa Bonheur\"},{\"@type\":\"BreadcrumbList\",\"@id\":\"https:\\\/\\\/diariofemenino.com.ar\\\/df\\\/hablemos-de-rosa-bonheur\\\/#breadcrumb\",\"itemListElement\":[{\"@type\":\"ListItem\",\"position\":1,\"name\":\"Portada\",\"item\":\"https:\\\/\\\/diariofemenino.com.ar\\\/df\\\/\"},{\"@type\":\"ListItem\",\"position\":2,\"name\":\"Hablemos de Rosa Bonheur\"}]},{\"@type\":\"WebSite\",\"@id\":\"https:\\\/\\\/diariofemenino.com.ar\\\/df\\\/#website\",\"url\":\"https:\\\/\\\/diariofemenino.com.ar\\\/df\\\/\",\"name\":\"Diario Digital Femenino\",\"description\":\"Cuesti\u00f3n de G\u00e9nero\",\"publisher\":{\"@id\":\"https:\\\/\\\/diariofemenino.com.ar\\\/df\\\/#organization\"},\"potentialAction\":[{\"@type\":\"SearchAction\",\"target\":{\"@type\":\"EntryPoint\",\"urlTemplate\":\"https:\\\/\\\/diariofemenino.com.ar\\\/df\\\/?s={search_term_string}\"},\"query-input\":{\"@type\":\"PropertyValueSpecification\",\"valueRequired\":true,\"valueName\":\"search_term_string\"}}],\"inLanguage\":\"es\"},{\"@type\":\"Organization\",\"@id\":\"https:\\\/\\\/diariofemenino.com.ar\\\/df\\\/#organization\",\"name\":\"Diario Femenino\",\"url\":\"https:\\\/\\\/diariofemenino.com.ar\\\/df\\\/\",\"logo\":{\"@type\":\"ImageObject\",\"inLanguage\":\"es\",\"@id\":\"https:\\\/\\\/diariofemenino.com.ar\\\/df\\\/#\\\/schema\\\/logo\\\/image\\\/\",\"url\":\"https:\\\/\\\/diariofemenino.com.ar\\\/df\\\/wp-content\\\/uploads\\\/2018\\\/10\\\/logo.png\",\"contentUrl\":\"https:\\\/\\\/diariofemenino.com.ar\\\/df\\\/wp-content\\\/uploads\\\/2018\\\/10\\\/logo.png\",\"width\":500,\"height\":92,\"caption\":\"Diario Femenino\"},\"image\":{\"@id\":\"https:\\\/\\\/diariofemenino.com.ar\\\/df\\\/#\\\/schema\\\/logo\\\/image\\\/\"},\"sameAs\":[\"https:\\\/\\\/www.facebook.com\\\/DiarioDigitaFemenino\\\/\",\"https:\\\/\\\/x.com\\\/DiarioFemenino1\"]},{\"@type\":\"Person\",\"@id\":\"https:\\\/\\\/diariofemenino.com.ar\\\/df\\\/#\\\/schema\\\/person\\\/bf6199e8158c657ea6f789b11ec85509\",\"name\":\"Admin\",\"image\":{\"@type\":\"ImageObject\",\"inLanguage\":\"es\",\"@id\":\"https:\\\/\\\/diariofemenino.com.ar\\\/df\\\/wp-content\\\/uploads\\\/2018\\\/12\\\/favicon-150x150.jpg\",\"url\":\"https:\\\/\\\/diariofemenino.com.ar\\\/df\\\/wp-content\\\/uploads\\\/2018\\\/12\\\/favicon-150x150.jpg\",\"contentUrl\":\"https:\\\/\\\/diariofemenino.com.ar\\\/df\\\/wp-content\\\/uploads\\\/2018\\\/12\\\/favicon-150x150.jpg\",\"caption\":\"Admin\"},\"url\":\"https:\\\/\\\/diariofemenino.com.ar\\\/df\\\/author\\\/lenny\\\/\"}]}<\/script>\n<!-- \/ Yoast SEO plugin. -->","yoast_head_json":{"title":"Hablemos de Rosa Bonheur - Diario Digital Femenino","description":"Hablemos de Rosa Bonheur, reporducimos un interesante hilo en twitter de Luis Pastor, dise\u00f1ador gr\u00e1fico que realiz\u00f3 un campa\u00f1a de visibilizaci\u00f3n","robots":{"index":"index","follow":"follow","max-snippet":"max-snippet:-1","max-image-preview":"max-image-preview:large","max-video-preview":"max-video-preview:-1"},"canonical":"https:\/\/diariofemenino.com.ar\/df\/hablemos-de-rosa-bonheur\/","og_locale":"es_ES","og_type":"article","og_title":"Hablemos de Rosa Bonheur - Diario Digital Femenino","og_description":"Hablemos de Rosa Bonheur, reporducimos un interesante hilo en twitter de Luis Pastor, dise\u00f1ador gr\u00e1fico que realiz\u00f3 un campa\u00f1a de visibilizaci\u00f3n","og_url":"https:\/\/diariofemenino.com.ar\/df\/hablemos-de-rosa-bonheur\/","og_site_name":"Diario Digital Femenino","article_publisher":"https:\/\/www.facebook.com\/DiarioDigitaFemenino\/","article_published_time":"2019-07-22T21:06:50+00:00","article_modified_time":"2019-07-22T21:09:55+00:00","og_image":[{"width":720,"height":483,"url":"https:\/\/diariofemenino.com.ar\/df\/wp-content\/uploads\/2019\/07\/Rosa-Bonehuer.jpg","type":"image\/jpeg"}],"author":"Admin","twitter_card":"summary_large_image","twitter_creator":"@DiarioFemenino1","twitter_site":"@DiarioFemenino1","twitter_misc":{"Escrito por":"Admin","Tiempo de lectura":"7 minutos"},"schema":{"@context":"https:\/\/schema.org","@graph":[{"@type":"Article","@id":"https:\/\/diariofemenino.com.ar\/df\/hablemos-de-rosa-bonheur\/#article","isPartOf":{"@id":"https:\/\/diariofemenino.com.ar\/df\/hablemos-de-rosa-bonheur\/"},"author":{"name":"Admin","@id":"https:\/\/diariofemenino.com.ar\/df\/#\/schema\/person\/bf6199e8158c657ea6f789b11ec85509"},"headline":"Hablemos de Rosa Bonheur","datePublished":"2019-07-22T21:06:50+00:00","dateModified":"2019-07-22T21:09:55+00:00","mainEntityOfPage":{"@id":"https:\/\/diariofemenino.com.ar\/df\/hablemos-de-rosa-bonheur\/"},"wordCount":1307,"commentCount":0,"publisher":{"@id":"https:\/\/diariofemenino.com.ar\/df\/#organization"},"image":{"@id":"https:\/\/diariofemenino.com.ar\/df\/hablemos-de-rosa-bonheur\/#primaryimage"},"thumbnailUrl":"https:\/\/diariofemenino.com.ar\/df\/wp-content\/uploads\/2019\/07\/Rosa-Bonehuer.jpg","keywords":["Arte","Luis Pastor","Mujeres","Rosa Bonheur","Twitter"],"articleSection":["Biblioteca Virtual","Mujeres"],"inLanguage":"es","potentialAction":[{"@type":"CommentAction","name":"Comment","target":["https:\/\/diariofemenino.com.ar\/df\/hablemos-de-rosa-bonheur\/#respond"]}]},{"@type":"WebPage","@id":"https:\/\/diariofemenino.com.ar\/df\/hablemos-de-rosa-bonheur\/","url":"https:\/\/diariofemenino.com.ar\/df\/hablemos-de-rosa-bonheur\/","name":"Hablemos de Rosa Bonheur - Diario Digital Femenino","isPartOf":{"@id":"https:\/\/diariofemenino.com.ar\/df\/#website"},"primaryImageOfPage":{"@id":"https:\/\/diariofemenino.com.ar\/df\/hablemos-de-rosa-bonheur\/#primaryimage"},"image":{"@id":"https:\/\/diariofemenino.com.ar\/df\/hablemos-de-rosa-bonheur\/#primaryimage"},"thumbnailUrl":"https:\/\/diariofemenino.com.ar\/df\/wp-content\/uploads\/2019\/07\/Rosa-Bonehuer.jpg","datePublished":"2019-07-22T21:06:50+00:00","dateModified":"2019-07-22T21:09:55+00:00","description":"Hablemos de Rosa Bonheur, reporducimos un interesante hilo en twitter de Luis Pastor, dise\u00f1ador gr\u00e1fico que realiz\u00f3 un campa\u00f1a de visibilizaci\u00f3n","breadcrumb":{"@id":"https:\/\/diariofemenino.com.ar\/df\/hablemos-de-rosa-bonheur\/#breadcrumb"},"inLanguage":"es","potentialAction":[{"@type":"ReadAction","target":["https:\/\/diariofemenino.com.ar\/df\/hablemos-de-rosa-bonheur\/"]}]},{"@type":"ImageObject","inLanguage":"es","@id":"https:\/\/diariofemenino.com.ar\/df\/hablemos-de-rosa-bonheur\/#primaryimage","url":"https:\/\/diariofemenino.com.ar\/df\/wp-content\/uploads\/2019\/07\/Rosa-Bonehuer.jpg","contentUrl":"https:\/\/diariofemenino.com.ar\/df\/wp-content\/uploads\/2019\/07\/Rosa-Bonehuer.jpg","width":720,"height":483,"caption":"Rosa Bonheur"},{"@type":"BreadcrumbList","@id":"https:\/\/diariofemenino.com.ar\/df\/hablemos-de-rosa-bonheur\/#breadcrumb","itemListElement":[{"@type":"ListItem","position":1,"name":"Portada","item":"https:\/\/diariofemenino.com.ar\/df\/"},{"@type":"ListItem","position":2,"name":"Hablemos de Rosa Bonheur"}]},{"@type":"WebSite","@id":"https:\/\/diariofemenino.com.ar\/df\/#website","url":"https:\/\/diariofemenino.com.ar\/df\/","name":"Diario Digital Femenino","description":"Cuesti\u00f3n de G\u00e9nero","publisher":{"@id":"https:\/\/diariofemenino.com.ar\/df\/#organization"},"potentialAction":[{"@type":"SearchAction","target":{"@type":"EntryPoint","urlTemplate":"https:\/\/diariofemenino.com.ar\/df\/?s={search_term_string}"},"query-input":{"@type":"PropertyValueSpecification","valueRequired":true,"valueName":"search_term_string"}}],"inLanguage":"es"},{"@type":"Organization","@id":"https:\/\/diariofemenino.com.ar\/df\/#organization","name":"Diario Femenino","url":"https:\/\/diariofemenino.com.ar\/df\/","logo":{"@type":"ImageObject","inLanguage":"es","@id":"https:\/\/diariofemenino.com.ar\/df\/#\/schema\/logo\/image\/","url":"https:\/\/diariofemenino.com.ar\/df\/wp-content\/uploads\/2018\/10\/logo.png","contentUrl":"https:\/\/diariofemenino.com.ar\/df\/wp-content\/uploads\/2018\/10\/logo.png","width":500,"height":92,"caption":"Diario Femenino"},"image":{"@id":"https:\/\/diariofemenino.com.ar\/df\/#\/schema\/logo\/image\/"},"sameAs":["https:\/\/www.facebook.com\/DiarioDigitaFemenino\/","https:\/\/x.com\/DiarioFemenino1"]},{"@type":"Person","@id":"https:\/\/diariofemenino.com.ar\/df\/#\/schema\/person\/bf6199e8158c657ea6f789b11ec85509","name":"Admin","image":{"@type":"ImageObject","inLanguage":"es","@id":"https:\/\/diariofemenino.com.ar\/df\/wp-content\/uploads\/2018\/12\/favicon-150x150.jpg","url":"https:\/\/diariofemenino.com.ar\/df\/wp-content\/uploads\/2018\/12\/favicon-150x150.jpg","contentUrl":"https:\/\/diariofemenino.com.ar\/df\/wp-content\/uploads\/2018\/12\/favicon-150x150.jpg","caption":"Admin"},"url":"https:\/\/diariofemenino.com.ar\/df\/author\/lenny\/"}]}},"jetpack_featured_media_url":"https:\/\/diariofemenino.com.ar\/df\/wp-content\/uploads\/2019\/07\/Rosa-Bonehuer.jpg","jetpack_sharing_enabled":true,"rttpg_featured_image_url":{"full":["https:\/\/diariofemenino.com.ar\/df\/wp-content\/uploads\/2019\/07\/Rosa-Bonehuer.jpg",720,483,false],"landscape":["https:\/\/diariofemenino.com.ar\/df\/wp-content\/uploads\/2019\/07\/Rosa-Bonehuer.jpg",720,483,false],"portraits":["https:\/\/diariofemenino.com.ar\/df\/wp-content\/uploads\/2019\/07\/Rosa-Bonehuer.jpg",720,483,false],"thumbnail":["https:\/\/diariofemenino.com.ar\/df\/wp-content\/uploads\/2019\/07\/Rosa-Bonehuer-150x150.jpg",150,150,true],"medium":["https:\/\/diariofemenino.com.ar\/df\/wp-content\/uploads\/2019\/07\/Rosa-Bonehuer-300x201.jpg",300,201,true],"large":["https:\/\/diariofemenino.com.ar\/df\/wp-content\/uploads\/2019\/07\/Rosa-Bonehuer.jpg",720,483,false],"1536x1536":["https:\/\/diariofemenino.com.ar\/df\/wp-content\/uploads\/2019\/07\/Rosa-Bonehuer.jpg",720,483,false],"2048x2048":["https:\/\/diariofemenino.com.ar\/df\/wp-content\/uploads\/2019\/07\/Rosa-Bonehuer.jpg",720,483,false]},"rttpg_author":{"display_name":"Admin","author_link":"https:\/\/diariofemenino.com.ar\/df\/author\/lenny\/"},"rttpg_comment":0,"rttpg_category":"<a href=\"https:\/\/diariofemenino.com.ar\/df\/category\/biblioteca\/\" rel=\"category tag\">Biblioteca Virtual<\/a> <a href=\"https:\/\/diariofemenino.com.ar\/df\/category\/mujeres\/\" rel=\"category tag\">Mujeres<\/a>","rttpg_excerpt":"Hablemos de Rosa Bonheur dice Luis Pastor y abre hilo en twitter. Luis Pastor es\u00a0dise\u00f1ador gr\u00e1fico y as\u00ed \u00abvende\u00bb la Informaci\u00f3n: \u00abATENCI\u00d3N: este hilo de Arte contiene una gran cantidad de mujeres independientes!\u00bb De todas maneras esta\u00a0 inquietud comenz\u00f3 antes\u00a0cuando \u00abse top\u00f3 con el v\u00eddeo de una conferencia de Carlos Gonz\u00e1lez Navarro, t\u00e9cnico de conservaci\u00f3n&hellip;","_links":{"self":[{"href":"https:\/\/diariofemenino.com.ar\/df\/wp-json\/wp\/v2\/posts\/38686","targetHints":{"allow":["GET"]}}],"collection":[{"href":"https:\/\/diariofemenino.com.ar\/df\/wp-json\/wp\/v2\/posts"}],"about":[{"href":"https:\/\/diariofemenino.com.ar\/df\/wp-json\/wp\/v2\/types\/post"}],"author":[{"embeddable":true,"href":"https:\/\/diariofemenino.com.ar\/df\/wp-json\/wp\/v2\/users\/4"}],"replies":[{"embeddable":true,"href":"https:\/\/diariofemenino.com.ar\/df\/wp-json\/wp\/v2\/comments?post=38686"}],"version-history":[{"count":0,"href":"https:\/\/diariofemenino.com.ar\/df\/wp-json\/wp\/v2\/posts\/38686\/revisions"}],"wp:featuredmedia":[{"embeddable":true,"href":"https:\/\/diariofemenino.com.ar\/df\/wp-json\/wp\/v2\/media\/38710"}],"wp:attachment":[{"href":"https:\/\/diariofemenino.com.ar\/df\/wp-json\/wp\/v2\/media?parent=38686"}],"wp:term":[{"taxonomy":"category","embeddable":true,"href":"https:\/\/diariofemenino.com.ar\/df\/wp-json\/wp\/v2\/categories?post=38686"},{"taxonomy":"post_tag","embeddable":true,"href":"https:\/\/diariofemenino.com.ar\/df\/wp-json\/wp\/v2\/tags?post=38686"}],"curies":[{"name":"wp","href":"https:\/\/api.w.org\/{rel}","templated":true}]}}