{"id":38624,"date":"2019-07-21T19:07:12","date_gmt":"2019-07-21T22:07:12","guid":{"rendered":"https:\/\/diariofemenino.com.ar\/?p=38624"},"modified":"2019-07-21T19:12:31","modified_gmt":"2019-07-21T22:12:31","slug":"micaela-chauque","status":"publish","type":"post","link":"https:\/\/diariofemenino.com.ar\/df\/micaela-chauque\/","title":{"rendered":"Micaela Chauque, la primera mujer ind\u00edgena autorizada para hacer algo que s\u00f3lo se le permit\u00eda a los hombres"},"content":{"rendered":"<p><strong>Micaela Chauque recibi\u00f3 la \u00abbendici\u00f3n\u00bb de los ancianos de su comunidad para tocar la quena, instrumento exclusivo para los hombres. Naci\u00f3 en Salta, se mud\u00f3 a Tilcara, compone y canta a los paisajes andinos. Adem\u00e1s, gana premios en el pa\u00eds y es aplaudida en el mundo<\/strong><\/p>\n<div class=\"byline-firstline\">\n<div class=\"byline-author\">Por\u00a0<a class=\"author-name\" href=\"https:\/\/www.infobae.com\/autor\/fernanda-jara\/\" rel=\"author\">Fernanda Jara<\/a><\/div>\n<p>mjara@infobae.com<\/p>\n<\/div>\n<div><\/div>\n<div><strong>\u00abCanta con la sensibilidad de la Pachamama y la autoridad del c\u00f3ndor\u00bb<\/strong>, la definen quienes conocen a la mujer norte\u00f1a que escribe la letra y compone la m\u00fasica de los temas con los que recorre el mundo e invita a andar los paisajes andinos. Es\u00a0docente,\u00a0<em>luthier<\/em>, artista multifac\u00e9tica y fundadora del\u00a0<strong>\u00abEncuentro de Mujeres Artistas de la Quebrada\u00bb<\/strong>.<\/div>\n<div>\n<div class=\"row pb-content-type-text\">\n<div class=\"col-xs-12 col-print-12\">\n<p class=\"element element-paragraph\"><strong>Micaela Chauque<\/strong>\u00a0comparti\u00f3 escenario con artistas que\u00a0testifican sobre\u00a0la cultura argentina: en sus inicios integr\u00f3 el grupo de\u00a0<strong>Jaime Torres<\/strong>\u00a0y fue invitada y anfitriona de\u00a0<strong>Divididos<\/strong>. A los 11 a\u00f1os compuso su primera canci\u00f3n y su \u00faltimo trabajo,\u00a0<em>Jallalla,<\/em>\u00a0mereci\u00f3 el<strong>\u00a0<a href=\"https:\/\/www.infobae.com\/teleshow\/infoshow\/2019\/05\/14\/premios-gardel-a-la-musica-los-primeros-ganadores-de-la-noche\/\" target=\"_blank\" rel=\"noopener\">Premio Carlos Gardel<\/a><\/strong>\u00a0como\u00a0<strong>\u00abMejor \u00e1lbum de Folklore Artista Femenina\u00bb<\/strong>\u00a0de 2019.<\/p>\n<\/div>\n<\/div>\n<div class=\"row pb-content-type-text\">\n<div class=\"col-xs-12 col-print-12\">\n<p class=\"element element-paragraph\">Y es, ante todo \u2014como se\u00f1ala con orgullo\u2014\u00a0<strong>la primera mujer de la Quebrada de Humahuaca que fue autorizada para tocar la quena, un instrumento por tradici\u00f3n exclusivo de los hombres<\/strong>.<\/p>\n<div class=\"row pb-content-type-text\">\n<div class=\"col-xs-12 col-print-12\">\n<p class=\"element element-paragraph\">Y es, ante todo \u2014como se\u00f1ala con orgullo\u2014\u00a0<strong>la primera mujer de la Quebrada de Humahuaca que fue autorizada para tocar la quena, un instrumento por tradici\u00f3n exclusivo de los hombres<\/strong>.<\/p>\n<\/div>\n<\/div>\n<div class=\"row pb-content-type-raw_html\">\n<div class=\"element element-rawhtml col-xs-12\">\n<div class=\"wpv-wrap 873f42e7-07bb-453d-a911-a406896063ea_wrap\">\n<div class=\"wpv-fixed\">\n<div id=\"powa-873f42e7-07bb-453d-a911-a406896063ea\" class=\"powa arc-player powa-processed wpv-sticky\" data-aspect-ratio=\"1\" data-env=\"prod\" data-org=\"infobae\" data-uuid=\"873f42e7-07bb-453d-a911-a406896063ea\" data-powa-index=\"0\">\n<div class=\"powa-pane\">\n<div class=\"powa-ys\">\n<div class=\"powa-ys-window\"><\/div>\n<\/div>\n<\/div>\n<\/div>\n<\/div>\n<\/div>\n<\/div>\n<\/div>\n<div class=\"row pb-content-type-text\">\n<div class=\"col-xs-12 col-print-12\">\n<p class=\"element element-paragraph\"><strong>La aceptaci\u00f3n de los ancianos\u00a0<\/strong><\/p>\n<\/div>\n<\/div>\n<div class=\"row pb-content-type-text\">\n<div class=\"col-xs-12 col-print-12\">\n<p class=\"element element-paragraph\"><strong>Micaela Chauque<\/strong>\u00a0naci\u00f3 en la comunidad <a href=\"https:\/\/diariofemenino.com.ar\/crean-la-primera-agencia-de-noticias-de-mujeres-indigenas-y-afrodescendientes-en-america-latina\/\">ind\u00edgena<\/a> colla de\u00a0<strong>Finca Santiago<\/strong>, departamento de Iruya, provincia de Salta\u00a0y se\u00a0mud\u00f3 a Tilcara, una de las principales ciudades de la Quebrada de Humahuaca (Jujuy), raz\u00f3n por la cual tambi\u00e9n se la incluye entre los m\u00fasicos juje\u00f1os.<\/p>\n<\/div>\n<\/div>\n<div class=\"row pb-content-type-text\">\n<div class=\"col-xs-12 col-print-12\">\n<p class=\"element element-paragraph\">De ni\u00f1a se dej\u00f3 seducir por la m\u00fasica y a los 15 a\u00f1os comenz\u00f3 a tocar el instrumento que era permitido solo para algunos hombres de la comunidad,\u00a0<strong>la quena<\/strong>. Debi\u00f3 pasar una prueba de fuego para ser aceptada. Lo hizo, y desde entonces lleva el sonido norte\u00f1o por el mundo.<\/p>\n<\/div>\n<\/div>\n<div class=\"row pb-content-type-text\">\n<div class=\"col-xs-12 col-print-12\">\n<p class=\"element element-paragraph\"><strong>\u00abLas tradiciones indican que los instrumentos de viento solamente los ejecutan los hombres\u00bb<\/strong>, cuenta Micaela a\u00a0<strong>Infobae<\/strong>\u00a0y sigue: \u00abPasaron muchos a\u00f1os, termin\u00e9 de estudiar en Salta y volv\u00ed a vivir a Tilcara. Hasta ese momento,<strong>\u00a0yo sal\u00eda a tocar en escenarios, pero no es lo mismo que tocar dentro de las fiestas (de la comunidad) donde hay respeto por las <a href=\"https:\/\/diariofemenino.com.ar\/no-podran-detener-el-sonido-del-viento-mujeres-indigenas-inician-campana-en-defensa-de-las-lenguas-originarias\/\">tradiciones<\/a> y por los roles<\/strong>. Entre ellos que algunos de los hombres son quienes tocan los instrumentos de viento, por eso lo que hice fue presentarme a tocar en una fiesta de la comunidad\u00bb.<\/p>\n<\/div>\n<\/div>\n<div class=\"row pb-content-type-text\">\n<div class=\"col-xs-12 col-print-12\">\n<p class=\"element element-paragraph\">Lo hizo sin dudarlo. \u00ab<strong>Dije que quer\u00eda tocar la quena y, como ya me conoc\u00edan porque me hab\u00edan visto, me dijeron:\u00a0<em>&#8216;A ver, \u00a1toc\u00e1!&#8217;.\u00a0<\/em><\/strong>Esa fue la primera vez que me animaba a hacer algo as\u00ed y me escucharon. Las mujeres que estaban alrededor comenzaron a cantar, armaron ruedas y bailaron \u00a1Fue muy lindo ver que\u00a0se mov\u00edan al ritmo de lo que yo tocaba!\u00a0<strong>Tuve que tocar varias horas porque la costumbre\u00a0es que los instrumentos se\u00a0ejecuten durante muchas horas y yo quer\u00eda\u00a0hacerlo como ellos y mostrar que pod\u00eda<\/strong>. As\u00ed que toqu\u00e9 toda la tarde, iba parando de a ratitos, iban cambiando de ruedas, de espacios y me dijeron:<em>\u00a0&#8216;\u00a1Bien, bien! Ahora s\u00ed pod\u00e9s tocar la quena!&#8217;<\/em>. Esa fue la aceptaci\u00f3n que tuve\u00bb.<\/p>\n<\/div>\n<\/div>\n<div class=\"row pb-content-type-image\">\n<figure class=\"element element-image col-xs-12\">\n<div class=\"single-image\">\n<div class=\"shares\">\n<div class=\"share-button facebook\" data-url=\"https:\/\/www.infobae.com\/sociedad\/2019\/07\/06\/la-historia-de-micaela-chauque-la-primera-mujer-indigena-autorizada-para-hacer-algo-que-solo-se-le-permitia-a-los-hombres\/%23APACEGPTINA47HP5RWYRHH32UU\" data-original=\"https:\/\/s3.amazonaws.com\/arc-wordpress-client-uploads\/infobae-wp\/wp-content\/uploads\/2019\/07\/03132918\/Micaela-Chauque-3.jpg\"><\/div>\n<\/div>\n<figure style=\"width: 750px\" class=\"wp-caption alignnone\"><img loading=\"lazy\" decoding=\"async\" id=\"APACEGPTINA47HP5RWYRHH32UU\" class=\"image-lazy\" src=\"https:\/\/www.infobae.com\/new-resizer\/h3P2HCO14OuDGfqx4JhDGmPAqe4=\/750x0\/filters:quality(100)\/s3.amazonaws.com\/arc-wordpress-client-uploads\/infobae-wp\/wp-content\/uploads\/2019\/07\/03132918\/Micaela-Chauque-3.jpg\" alt=\"Micaela Chauque, la primera mujer ind\u00edgena autorizada para hacer algo que s\u00f3lo se le permit\u00eda a los hombres\" width=\"750\" height=\"422\" data-url=\"https:\/\/www.infobae.com\/sociedad\/2019\/07\/06\/la-historia-de-micaela-chauque-la-primera-mujer-indigena-autorizada-para-hacer-algo-que-solo-se-le-permitia-a-los-hombres\/%23APACEGPTINA47HP5RWYRHH32UU\" data-original=\"https:\/\/www.infobae.com\/new-resizer\/h3P2HCO14OuDGfqx4JhDGmPAqe4=\/750x0\/filters:quality(100)\/s3.amazonaws.com\/arc-wordpress-client-uploads\/infobae-wp\/wp-content\/uploads\/2019\/07\/03132918\/Micaela-Chauque-3.jpg\" \/><figcaption class=\"wp-caption-text\">Micaela Chauque: \u201cMe dijeron: \u2018\u00a1Bien, bien! Ahora s\u00ed pod\u00e9s tocar la quena!\u2019. Esa fue la aceptaci\u00f3n que tuve\u201d. (Prensa)<\/figcaption><\/figure>\n<\/div>\n<\/figure>\n<\/div>\n<div class=\"row pb-content-type-text\">\n<div class=\"col-xs-12 col-print-12\">\n<p class=\"element element-paragraph\">\u2014<strong>\u00bfQui\u00e9n dijo que s\u00ed pod\u00edas ejecutar la quena?<\/strong><\/p>\n<\/div>\n<\/div>\n<div class=\"row pb-content-type-text\">\n<div class=\"col-xs-12 col-print-12\">\n<p class=\"element element-paragraph\">\u2014\u00a1Los ancianos! No fue una persona sino que fueron los ancianos del\u00a0<strong>Encuentro de Cantos de Copla<\/strong>.\u00a0All\u00ed la\u00a0mayor\u00eda son personas de la tercera edad. En esos encuentros se toca de a uno. Entonces quienes estaban tuvieron que escuchar o bailar o participar o irse, pero se quedaron y me permitieron hacerlo.<\/p>\n<\/div>\n<\/div>\n<div class=\"row pb-content-type-text\">\n<div class=\"col-xs-12 col-print-12\">\n<p class=\"element element-paragraph\"><strong>\u2014En el momento en que te dijeron que toques \u00bfllegaste a pensar que quiz\u00e1s no te aceptar\u00edan?<\/strong><\/p>\n<\/div>\n<\/div>\n<div class=\"row pb-content-type-text\">\n<div class=\"col-xs-12 col-print-12\">\n<p class=\"element element-paragraph\">\u2014Yo quer\u00eda participar de esa manera en la fiesta porque hac\u00eda varios a\u00f1os que tocaba y buscaba esa aceptaci\u00f3n. Es la aceptaci\u00f3n de la gente que conoce, participa, canta\u2026 y son todas personas ancianas. Ellos son los que\u00a0 siguen las tradiciones, porque pr\u00e1cticamente los\u00a0j\u00f3venes\u00a0ya no lo hacen, lamentablemente.<\/p>\n<\/div>\n<\/div>\n<div class=\"row pb-content-type-text\">\n<div class=\"col-xs-12 col-print-12\">\n<p class=\"element element-paragraph\">\u2014<strong>\u00bfPor qu\u00e9 los j\u00f3venes se alejan de las tradiciones?<\/strong><\/p>\n<\/div>\n<\/div>\n<div class=\"row pb-content-type-text\">\n<div class=\"col-xs-12 col-print-12\">\n<p class=\"element element-paragraph\">\u2014Creo que<strong>\u00a0es parte de la globalizaci\u00f3n<\/strong>, de la necesidad de encontrar una forma de trabajo m\u00e1s estable que los obliga a salir del ritmo de vida que ac\u00e1 se mantienen por la gente grande y que tiene que ver con la vida de campo, con las fiestas y las celebraciones del calendario. Pero tambi\u00e9n es por la aceptaci\u00f3n social de cantar o tocar instrumentos como los que yo\u00a0toco. En mi caso, me dediqu\u00e9 a hacerlos y a aprender a tocarlos, pero a los j\u00f3venes no les interesa o quiz\u00e1s les interesa otra cosa y no estos estilos.<\/p>\n<\/div>\n<\/div>\n<div class=\"row pb-content-type-image\">\n<figure class=\"element element-image col-xs-12\">\n<div class=\"single-image\">\n<div class=\"shares\">\n<div class=\"share-button facebook\" data-url=\"https:\/\/www.infobae.com\/sociedad\/2019\/07\/06\/la-historia-de-micaela-chauque-la-primera-mujer-indigena-autorizada-para-hacer-algo-que-solo-se-le-permitia-a-los-hombres\/%23H3QQAA5J6ZBDPCXGKSHS632MRE\" data-original=\"https:\/\/s3.amazonaws.com\/arc-wordpress-client-uploads\/infobae-wp\/wp-content\/uploads\/2019\/07\/03132932\/Micaela-Chauque-2.jpg\"><\/div>\n<\/div>\n<p><img decoding=\"async\" id=\"H3QQAA5J6ZBDPCXGKSHS632MRE\" class=\"image-lazy\" src=\"https:\/\/www.infobae.com\/new-resizer\/azZ1utEk2dpP36M7ny8aGMva4Ok=\/750x0\/filters:quality(100)\/s3.amazonaws.com\/arc-wordpress-client-uploads\/infobae-wp\/wp-content\/uploads\/2019\/07\/03132932\/Micaela-Chauque-2.jpg\" alt=\"Micaela Chauque fue la primera mujer a la que se le permiti\u00f3 tocar la quena, uno de los tantos instrumentos que eran limitados a los hombres de la comunidad. (Prensa)\" width=\"750\" height=\"421.875\" data-url=\"https:\/\/www.infobae.com\/sociedad\/2019\/07\/06\/la-historia-de-micaela-chauque-la-primera-mujer-indigena-autorizada-para-hacer-algo-que-solo-se-le-permitia-a-los-hombres\/%23H3QQAA5J6ZBDPCXGKSHS632MRE\" data-original=\"https:\/\/www.infobae.com\/new-resizer\/azZ1utEk2dpP36M7ny8aGMva4Ok=\/750x0\/filters:quality(100)\/s3.amazonaws.com\/arc-wordpress-client-uploads\/infobae-wp\/wp-content\/uploads\/2019\/07\/03132932\/Micaela-Chauque-2.jpg\" \/><\/p>\n<\/div><figcaption class=\"\"><span class=\"credit\">Micaela Chauque fue la primera mujer a la que se le permiti\u00f3 tocar la quena, uno de los tantos instrumentos que eran limitados a los hombres de la comunidad. (Prensa)<\/span><\/figcaption><\/figure>\n<\/div>\n<div class=\"row pb-content-type-text\">\n<div class=\"col-xs-12 col-print-12\">\n<p class=\"element element-paragraph\">Micaela aprendi\u00f3 a tocar la guitarra cuando era ni\u00f1a, luego sigui\u00f3 con el charango. En la adolescencia\u00a0lleg\u00f3\u00a0un sikus y no hubo vuelta atr\u00e1s a ese sonido: aprendi\u00f3 el instrumento desde cero, tanto as\u00ed que construy\u00f3 su primer sikus con ca\u00f1as secas de bamb\u00fa \u00abpor necesidad\u00bb,\u00a0pero as\u00ed descubri\u00f3 una actividad que ama, la\u00a0<strong>luther\u00eda.<\/strong><\/p>\n<\/div>\n<\/div>\n<div class=\"row pb-content-type-text\">\n<div class=\"col-xs-12 col-print-12\">\n<p class=\"element element-paragraph\">Hoy disfruta de elegir las ca\u00f1as, cortarlas, dejarlas secar mientras el sol norte\u00f1o les da color. Las afina, les da forma y toca. El procedimiento tambi\u00e9n lo ense\u00f1a a sus alumnos \u00abcuando hay oportunidad\u00bb, dice, y adem\u00e1s brinda seminarios.<\/p>\n<\/div>\n<\/div>\n<div class=\"row pb-content-type-text\">\n<div class=\"col-xs-12 col-print-12\">\n<p class=\"element element-paragraph\"><strong>\u2014\u00bfC\u00f3mo decidiste seguir tus ra\u00edces y tradiciones y no ser parte de los j\u00f3venes que las dejaron?<\/strong><\/p>\n<\/div>\n<\/div>\n<div class=\"row pb-content-type-text\">\n<div class=\"col-xs-12 col-print-12\">\n<p class=\"element element-paragraph\">\u2014A m\u00ed siempre me gust\u00f3 estudiar y leer. Siempre tuve un car\u00e1cter muy curioso y mi pap\u00e1, al ser docente, acept\u00f3 mi decisi\u00f3n y mi mam\u00e1 no se opuso. \u00a1Ellos sab\u00edan que algo bueno iba a suceder si estudiaba m\u00fasica\u2026! A lo sumo ser\u00eda profesora o algo. Y a mi siempre me gust\u00f3 la m\u00fasica y la danza.<\/p>\n<\/div>\n<\/div>\n<div class=\"row pb-content-type-text\">\n<div class=\"col-xs-12 col-print-12\">\n<p class=\"element element-paragraph\"><strong>Desde Tilcara al mundo<\/strong><\/p>\n<\/div>\n<\/div>\n<div class=\"row pb-content-type-text\">\n<div class=\"col-xs-12 col-print-12\">\n<p class=\"element element-paragraph\">Micaela habla con\u00a0<strong>Infobae<\/strong>\u00a0desde Tilcara. Cuenta que en ese momento (cuando en Buenos Aires la sensaci\u00f3n t\u00e9rmica se perfila a ser la m\u00e1s baja hasta la fecha) la temperatura es agradable \u00abcomo siempre\u00bb y que all\u00ed se vive con tranquilidad. Como buena observadora destaca que desde hace un tiempo \u00abhay mucha gente nueva que se viene a vivir a esta zona\u00bb.<\/p>\n<\/div>\n<\/div>\n<div class=\"row pb-content-type-text\">\n<div class=\"col-xs-12 col-print-12\">\n<p class=\"element element-paragraph\">Se refiere a las familias que, como en su caso, llegan desde el campo. \u00abTambi\u00e9n hay una sociedad de j\u00f3venes y familias j\u00f3venes que se conformaron y est\u00e1n aqu\u00ed, adapt\u00e1ndose a la la vida de esta ciudad\u00bb.<\/p>\n<\/div>\n<\/div>\n<div class=\"row pb-content-type-raw_html\">\n<div class=\"element element-rawhtml col-xs-12\"><iframe id=\"instagram-embed-0\" class=\"instagram-media instagram-media-rendered\" src=\"https:\/\/www.instagram.com\/p\/By-rYsjA31C\/embed\/captioned\/?cr=1&amp;v=12&amp;wp=438&amp;rd=https%3A%2F%2Fwww.infobae.com&amp;rp=%2Fsociedad%2F2019%2F07%2F06%2Fla-historia-de-micaela-chauque-la-primera-mujer-indigena-autorizada-para-hacer-algo-que-solo-se-le-permitia-a-los-hombres%2F#%7B%22ci%22%3A0%2C%22os%22%3A9180.225000000064%7D\" height=\"767\" frameborder=\"0\" scrolling=\"no\" allowfullscreen=\"allowfullscreen\" data-instgrm-payload-id=\"instagram-media-payload-0\" data-mce-fragment=\"1\"><\/iframe><\/div>\n<\/div>\n<div class=\"row pb-content-type-text\">\n<div class=\"col-xs-12 col-print-12\">\n<p class=\"element element-paragraph\"><strong>\u2014Tilcara es una de las ciudades obligadas a conocer cuando se hace turismo en el Norte argentino \u00bfc\u00f3mo es para quienes viven all\u00ed esa convivencia constante con el turista?<\/strong><\/p>\n<\/div>\n<\/div>\n<div class=\"row pb-content-type-text\">\n<div class=\"col-xs-12 col-print-12\">\n<p class=\"element element-paragraph\">\u2014La gente aprendi\u00f3 a convivir. Hace\u00a0d\u00e9cadas uno de los grandes atractivos tur\u00edsticos de Tilcara era la actividad cultural, y m\u00e1s tarde se desarroll\u00f3 tambi\u00e9n la actividad tur\u00edstica por el paisaje. Pero lo cultural siempre fue muy fuerte.\u00a0Por ejemplo, en De la C\u00e1rcova hay muchos grandes artistas y siempre llegaban otros que se internaban ac\u00e1 durante el verano para desarrollar su arte: m\u00fasicos y poetas ven\u00edan y se quedaban toda la temporadas para trabajar. Creo que ellos fueron los precursores de la difusi\u00f3n de la Quebrada de Humahuaca.<\/p>\n<\/div>\n<\/div>\n<div class=\"row pb-content-type-text\">\n<div class=\"col-xs-12 col-print-12\">\n<p class=\"element element-paragraph\">La enorme actividad art\u00edstica en Tilcara se realiza en el verano\u00a0durante el\u00a0<strong>Enero Tilcare\u00f1o,<\/strong>\u00a0que es el festival de\u00a0m\u00fasica\u00a0m\u00e1s grande de la regi\u00f3n, incluso m\u00e1s antiguo que el Festival de Cosqu\u00edn aunque menos difundido. \u00abYo decido quedarme a vivir aqu\u00ed por el valor cultural tan vivo y tan fuerte que tiene Tilcara. Aqu\u00ed vive tambi\u00e9n\u00a0<a href=\"https:\/\/www.infobae.com\/tag\/rita-segato\/\" target=\"_blank\" rel=\"noopener\"><strong>Rita Segato<\/strong><\/a>, una de las personalidades del movimiento femenino y de la m\u00fasica; esto marca c\u00f3mo ha cambiado\u00bb.<\/p>\n<\/div>\n<\/div>\n<div class=\"row pb-content-type-blockquote\">\n<div class=\"col-xs-12\">\n<blockquote class=\"element element-blockquote\"><p>\u00a0\u201cYo decido quedarme a vivir aqu\u00ed por el valor cultural tan vivo y tan fuerte que tiene Tilcara\u201d.<\/p><\/blockquote>\n<\/div>\n<\/div>\n<div class=\"row pb-content-type-text\">\n<div class=\"col-xs-12 col-print-12\">\n<p class=\"element element-paragraph\"><strong>El Encuentro de Mujeres Artistas de la Quebrada de Humahuaca<\/strong><\/p>\n<\/div>\n<\/div>\n<div class=\"row pb-content-type-image\">\n<figure class=\"element element-image col-xs-12\">\n<div class=\"single-image\">\n<div class=\"shares\">\n<div class=\"share-button facebook\" data-url=\"https:\/\/www.infobae.com\/sociedad\/2019\/07\/06\/la-historia-de-micaela-chauque-la-primera-mujer-indigena-autorizada-para-hacer-algo-que-solo-se-le-permitia-a-los-hombres\/%237VBTYQSYD5AIDDO77ZXYQ6RVGU\" data-original=\"https:\/\/s3.amazonaws.com\/arc-wordpress-client-uploads\/infobae-wp\/wp-content\/uploads\/2019\/07\/03132907\/Micaela-Chauque-1.jpg\"><\/div>\n<\/div>\n<p><img decoding=\"async\" id=\"7VBTYQSYD5AIDDO77ZXYQ6RVGU\" class=\"image-lazy\" src=\"https:\/\/www.infobae.com\/new-resizer\/KR8gcPHr0niR420ALpyc4iTr92M=\/750x0\/filters:quality(100)\/s3.amazonaws.com\/arc-wordpress-client-uploads\/infobae-wp\/wp-content\/uploads\/2019\/07\/03132907\/Micaela-Chauque-1.jpg\" alt=\"Micaela ejecuta la quena y se deja abrazar por el poder del viento en la Quebrada de Humahuaca. (Prensa)\" width=\"750\" height=\"1122.65625\" data-url=\"https:\/\/www.infobae.com\/sociedad\/2019\/07\/06\/la-historia-de-micaela-chauque-la-primera-mujer-indigena-autorizada-para-hacer-algo-que-solo-se-le-permitia-a-los-hombres\/%237VBTYQSYD5AIDDO77ZXYQ6RVGU\" data-original=\"https:\/\/www.infobae.com\/new-resizer\/KR8gcPHr0niR420ALpyc4iTr92M=\/750x0\/filters:quality(100)\/s3.amazonaws.com\/arc-wordpress-client-uploads\/infobae-wp\/wp-content\/uploads\/2019\/07\/03132907\/Micaela-Chauque-1.jpg\" \/><\/p>\n<\/div><figcaption class=\"\"><span class=\"credit\">Micaela ejecuta la quena y se deja abrazar por el poder del viento en la Quebrada de Humahuaca. (Prensa)<\/span><\/figcaption><\/figure>\n<\/div>\n<div class=\"row pb-content-type-text\">\n<div class=\"col-xs-12 col-print-12\">\n<p class=\"element element-paragraph\">El\u00a0<em>Jallalla Warmi<\/em>\u00a0se enmarca en el calendario cultural del Enero Tilcare\u00f1o y en el 2020 ser\u00e1 la quinta edici\u00f3n de las jornadas que\u00a0re\u00fane a mujeres artistas del norte argentino y del pa\u00eds entero.<\/p>\n<\/div>\n<\/div>\n<div class=\"row pb-content-type-text\">\n<div class=\"col-xs-12 col-print-12\">\n<p class=\"element element-paragraph\">\u2014<strong>\u00bfQu\u00e9 marc\u00f3 la necesidad de crear el Encuentro de Mujeres? \u00bfCu\u00e1ndo surgi\u00f3?<\/strong><\/p>\n<\/div>\n<\/div>\n<div class=\"row pb-content-type-text\">\n<div class=\"col-xs-12 col-print-12\">\n<p class=\"element element-paragraph\">\u2014Al\u00a0<em>Jallalla Warmi<\/em>\u00a0lo hicimos sin querer, as\u00ed como quien dice:\u00a0<em>\u00abBueno, organicemos algo\u00bb\u2026<\/em>\u00a0Y lo organizamos.\u00a0<strong>Surgi\u00f3 por la misma necesidad de identidad de las mujeres artistas<\/strong>\u00a0que hab\u00edamos planificado un recital para enero, \u00e9ramos dos, y de repente empezamos a recibir pedidos de artistas de toda la regi\u00f3n para participar. Al\u00a0 a\u00f1o siguiente m\u00e1s artistas supieron lo que est\u00e1bamos haciendo y tuvimos una programaci\u00f3n de actividades de m\u00e1s de\u00a05 horas. Llegaban artistas de todas partes que quer\u00edan participar. As\u00ed fue como decidimos llamar<em>Jallalla Warmi<\/em>\u00a0al encuentro, que era la idea con la que llegu\u00e9 por haber nombrado as\u00ed a un disco. Y es una expresi\u00f3n que significa \u00absacar hacia afuera con energ\u00eda positiva\u00bb y de eso se trata.<\/p>\n<\/div>\n<\/div>\n<div class=\"row pb-content-type-text\">\n<div class=\"col-xs-12 col-print-12\">\n<p class=\"element element-paragraph\">\u2014<strong>Adem\u00e1s de arte \u00bfcomparten inquietudes sociales?<\/strong><\/p>\n<\/div>\n<\/div>\n<div class=\"row pb-content-type-text\">\n<div class=\"col-xs-12 col-print-12\">\n<p class=\"element element-paragraph\">\u2014Es un<em>\u00a0Encuentro Nacional de Mujeres Artistas<\/em>\u00a0en el que trabajamos el intercambio de conocimientos\u00a0entre las que tocan su m\u00fasica y presentan sus n\u00fameros. Tambi\u00e9n participan escritoras que presentan sus libros, hay charlas, difusi\u00f3n de arte y presentaciones de pel\u00edculas documentales.<\/p>\n<\/div>\n<\/div>\n<div class=\"row pb-content-type-text\">\n<div class=\"col-xs-12 col-print-12\">\n<p class=\"element element-paragraph\"><strong>\u2014Es un encuentro muy relevante para las artistas<\/strong><\/p>\n<\/div>\n<\/div>\n<div class=\"row pb-content-type-text\">\n<div class=\"col-xs-12 col-print-12\">\n<p class=\"element element-paragraph\">\u2014Es importante porque es la \u00fanica manifestaci\u00f3n de este tipo y de esa magnitud que re\u00fane a mujeres artistas. Es el \u00fanico evento de la regi\u00f3n que involucra artistas, pero hemos recibido a gran cantidad de artesanas que llegaron de todas partes del pa\u00eds como C\u00f3rdoba, Rosario, Tucum\u00e1n. Y lo hacemos de manera autogestiva buscando todas las formas posibles para recibir a todas las mujeres que quieran sumarse.<\/p>\n<\/div>\n<\/div>\n<div class=\"row pb-content-type-raw_html\">\n<div class=\"element element-rawhtml col-xs-12\"><iframe id=\"instagram-embed-1\" class=\"instagram-media instagram-media-rendered\" src=\"https:\/\/www.instagram.com\/p\/Bxd3Vo8gtwM\/embed\/captioned\/?cr=1&amp;v=12&amp;wp=438&amp;rd=https%3A%2F%2Fwww.infobae.com&amp;rp=%2Fsociedad%2F2019%2F07%2F06%2Fla-historia-de-micaela-chauque-la-primera-mujer-indigena-autorizada-para-hacer-algo-que-solo-se-le-permitia-a-los-hombres%2F#%7B%22ci%22%3A1%2C%22os%22%3A9210.225000000719%7D\" height=\"950\" frameborder=\"0\" scrolling=\"no\" allowfullscreen=\"allowfullscreen\" data-instgrm-payload-id=\"instagram-media-payload-1\" data-mce-fragment=\"1\"><\/iframe><\/div>\n<\/div>\n<div class=\"row pb-content-type-text\">\n<div class=\"col-xs-12 col-print-12\">\n<p class=\"element element-paragraph\"><strong>Dejarse llevar por el viento<\/strong><\/p>\n<\/div>\n<\/div>\n<div class=\"row pb-content-type-text\">\n<div class=\"col-xs-12 col-print-12\">\n<p class=\"element element-paragraph\">A los 13 a\u00f1os, Micaela aprendi\u00f3 por necesidad c\u00f3mo se construye un sikus y luego comenz\u00f3 a tocarlo. A los 15, como regalo de cumplea\u00f1os, uno de sus maestros le llev\u00f3 una quena y poco despu\u00e9s pidi\u00f3 autorizaci\u00f3n para tocarla.<\/p>\n<\/div>\n<\/div>\n<div class=\"row pb-content-type-text\">\n<div class=\"col-xs-12 col-print-12\">\n<p class=\"element element-paragraph\">Como m\u00fasica admite que ejecutar un instrumento de viento difiere de cuando\u00a0toca uno de cuerdas y explica por qu\u00e9.<\/p>\n<\/div>\n<\/div>\n<div class=\"row pb-content-type-text\">\n<div class=\"col-xs-12 col-print-12\">\n<p class=\"element element-paragraph\"><strong>\u00abUn instrumento de viento es la fuerza misma de uno, es una especie de voz intervenida por ese instrumento\u00bb<\/strong>, define y cuenta que est\u00e1 entrenando su voz para hacerla tan potente como siente que lo son sus instrumentos.<\/p>\n<\/div>\n<\/div>\n<div class=\"row pb-content-type-text\">\n<div class=\"col-xs-12 col-print-12\">\n<p class=\"element element-paragraph\">\u00abCantar es tener un instrumento m\u00e1s, la voz. Para m\u00ed el hecho de cantar es la prolongaci\u00f3n del cuerpo, de las emociones, de las necesidades y es tambi\u00e9n un proceso muy corporal\u00a0como la danza, porque para el canto hay que poner el cuerpo\u00bb, asegura.<\/p>\n<\/div>\n<\/div>\n<div class=\"row pb-content-type-text\">\n<div class=\"col-xs-12 col-print-12\">\n<p class=\"element element-paragraph\">\u2014<strong>\u00bfQu\u00e9 representa para\u00a0vos la m\u00fasica?<\/strong><\/p>\n<\/div>\n<\/div>\n<div class=\"row pb-content-type-text\">\n<div class=\"col-xs-12 col-print-12\">\n<p class=\"element element-paragraph\">\u2014Representa una manifestaci\u00f3n interna. Aquello que no puedo decir, hacer o manifestar en mi vida diaria lo hago a trav\u00e9s de la m\u00fasica. Yo manifiesto todo lo que me sucede a nivel emocional y a nivel ideas, sean \u00e9stas reales o irreales.\u00a0Pero todo se vuelve realidad cuando hago m\u00fasica, cuando compongo una canci\u00f3n.<\/p>\n<\/div>\n<\/div>\n<div class=\"row pb-content-type-text\">\n<div class=\"col-xs-12 col-print-12\">\n<p class=\"element element-paragraph\">Ese don lo descubri\u00f3 de ni\u00f1a cuando se encontr\u00f3 frente a su propio sonido. \u00abEstaba aprendido a tocar la guitarra y, sin darme cuenta, estaba ejecutando algo que no era exactamente lo que me hab\u00edan ense\u00f1ado en las clases de m\u00fasica. Eran canciones que estaba creando, pero despu\u00e9s dej\u00e9 de hacerlo porque me centr\u00e9 en los\u00a0estudios\u00bb, recuerda.<\/p>\n<\/div>\n<\/div>\n<div class=\"row pb-content-type-text\">\n<div class=\"col-xs-12 col-print-12\">\n<p class=\"element element-paragraph\">\u2014<strong>\u00bfCu\u00e1ndo volviste a componer?<\/strong><\/p>\n<\/div>\n<\/div>\n<div class=\"row pb-content-type-text\">\n<div class=\"col-xs-12 col-print-12\">\n<p class=\"element element-paragraph\">\u2014Cuando aparecen los instrumentos de viento empec\u00e9 con la composici\u00f3n m\u00e1s formal. As\u00ed naci\u00f3\u00a0<em>El bailecito del saltar\u00edn. Y<\/em>\u00a0cuando aprend\u00ed a tocar el sikus surgieron nuevas melod\u00edas. En este \u00faltimo per\u00edodo empec\u00e9 a componer letras y antes les he puesto m\u00fasica a los poemas de otras personas.<\/p>\n<\/div>\n<\/div>\n<div class=\"row pb-content-type-raw_html\">\n<div class=\"element element-rawhtml col-xs-12\">\n<div id=\"powa-4a5cfa9f-ba2c-46c4-b420-b02b07739389\" class=\"powa arc-player powa-processed\" data-aspect-ratio=\"0.562\" data-env=\"prod\" data-org=\"infobae\" data-uuid=\"4a5cfa9f-ba2c-46c4-b420-b02b07739389\" data-powa-index=\"1\"><\/div>\n<\/div>\n<\/div>\n<div class=\"row pb-content-type-text\">\n<div class=\"col-xs-12 col-print-12\">\n<p class=\"element element-paragraph\"><strong>El feminismo en Tilcara y la m\u00fasica andina en Europa<\/strong><\/p>\n<\/div>\n<\/div>\n<div class=\"row pb-content-type-text\">\n<div class=\"col-xs-12 col-print-12\">\n<p class=\"element element-paragraph\">\u00abHace dos d\u00e9cadas se cre\u00f3 la primera banda de sikuris en Tilcara y se conform\u00f3 con la necesidad de muchas chicas que quer\u00edan tocar\u00a0juntas porque estaban cada una por su lado.\u00a0<b>Hoy hay m\u00e1s de 2.500 mujeres\u00a0sikuris y hace 20 a\u00f1os eran todos varones<\/b>. Actualmente, de 68 bandas 5 est\u00e1n \u00edntegramente compuesta por mujeres. Adem\u00e1s, otras chicas integran bandas de varones, lo que quiere decir que ahora s\u00ed se puede tocar, que est\u00e1 permitido o que las chicas se animan y las familias lo aceptan. Entonces esa es la actividad que hacemos nosotras, no dir\u00eda que es una actividad feminista sino una actividad de Derechos Humanos\u00bb, define Micaela a la actividad que encabeza.<\/p>\n<\/div>\n<\/div>\n<div class=\"row pb-content-type-blockquote\">\n<div class=\"col-xs-12\">\n<blockquote class=\"element element-blockquote\"><p>\u00a0\u201cHoy hay m\u00e1s de 2.500 mujeres sikuris y hace 20 a\u00f1os eran todos varones\u201d<\/p><\/blockquote>\n<\/div>\n<\/div>\n<div class=\"row pb-content-type-text\">\n<div class=\"col-xs-12 col-print-12\">\n<p class=\"element element-paragraph\"><strong>\u2014Los cambios sociales y culturales\u00a0son evidente, pese a eso \u00bfhay rechazo o alg\u00fan tipo de manifestaci\u00f3n contra de la intervenci\u00f3n de mujeres en las bandas que tocan instrumentos de viento?<\/strong><\/p>\n<\/div>\n<\/div>\n<div class=\"row pb-content-type-text\">\n<div class=\"col-xs-12 col-print-12\">\n<p class=\"element element-paragraph\">\u2014Al principio hab\u00eda un poco de rechazo y no s\u00f3lo de hombres sino tambi\u00e9n de otras mujeres.\u00a0Pero con el tiempo se dieron cuenta de que nuestro rol era formar parte de las bandas de sikuris sin \u00e1nimos de sobresalir s\u00f3lo por ser mujeres. Se acept\u00f3 que la intenci\u00f3n\u00a0es tocar.\u00a0Las m\u00fasicas que tocan el sikus tienen entre 15 y 40 a\u00f1os.<\/p>\n<\/div>\n<\/div>\n<div class=\"row pb-content-type-image\">\n<figure class=\"element element-image col-xs-12\">\n<div class=\"single-image\">\n<div class=\"shares\">\n<div class=\"share-button facebook\" data-url=\"https:\/\/www.infobae.com\/sociedad\/2019\/07\/06\/la-historia-de-micaela-chauque-la-primera-mujer-indigena-autorizada-para-hacer-algo-que-solo-se-le-permitia-a-los-hombres\/%23DRZNBS6XPJA65GWRZNHEGIONXQ\" data-original=\"https:\/\/s3.amazonaws.com\/arc-wordpress-client-uploads\/infobae-wp\/wp-content\/uploads\/2019\/05\/15162911\/GENTE-LOOKS-PREMIOS-GARDEL-MICAELA-CHAUQUE-150519.jpg\"><\/div>\n<\/div>\n<figure style=\"width: 750px\" class=\"wp-caption alignnone\"><img loading=\"lazy\" decoding=\"async\" id=\"DRZNBS6XPJA65GWRZNHEGIONXQ\" class=\"image-lazy\" src=\"https:\/\/www.infobae.com\/new-resizer\/rfGo_aWCnslNEJU0pd1THNzkN38=\/750x0\/filters:quality(100)\/s3.amazonaws.com\/arc-wordpress-client-uploads\/infobae-wp\/wp-content\/uploads\/2019\/05\/15162911\/GENTE-LOOKS-PREMIOS-GARDEL-MICAELA-CHAUQUE-150519.jpg\" alt=\"Micaela Chauque, la primera mujer ind\u00edgena autorizada para hacer algo que s\u00f3lo se le permit\u00eda a los hombres\" width=\"750\" height=\"1125\" data-url=\"https:\/\/www.infobae.com\/sociedad\/2019\/07\/06\/la-historia-de-micaela-chauque-la-primera-mujer-indigena-autorizada-para-hacer-algo-que-solo-se-le-permitia-a-los-hombres\/%23DRZNBS6XPJA65GWRZNHEGIONXQ\" data-original=\"https:\/\/www.infobae.com\/new-resizer\/rfGo_aWCnslNEJU0pd1THNzkN38=\/750x0\/filters:quality(100)\/s3.amazonaws.com\/arc-wordpress-client-uploads\/infobae-wp\/wp-content\/uploads\/2019\/05\/15162911\/GENTE-LOOKS-PREMIOS-GARDEL-MICAELA-CHAUQUE-150519.jpg\" \/><figcaption class=\"wp-caption-text\">Micaela Chauque en los Premios Gardel.<\/figcaption><\/figure>\n<\/div><figcaption class=\"\"><span class=\"credit\">Micaela Chauque en los Premios Gardel.<\/span><\/figcaption><\/figure>\n<\/div>\n<div class=\"row pb-content-type-text\">\n<div class=\"col-xs-12 col-print-12\">\n<p class=\"element element-paragraph\">En lo\u00a0que resta del a\u00f1o, Micaela continuar\u00e1 las giras por las provincias argentinas que incluyen su regreso a Buenos Aires, en agosto, y la celebraci\u00f3n a la Pachamama. El\u00a0<strong>2020<\/strong>, la espera con la quinta edici\u00f3n del\u00a0<em>Jallalla Warmi<\/em>\u00a0y una gira por Europa. All\u00ed su p\u00fablico, que la sigue por las redes sociales, la espera ansioso.<\/p>\n<\/div>\n<\/div>\n<div class=\"row pb-content-type-text\">\n<div class=\"col-xs-12 col-print-12\">\n<p class=\"element element-paragraph\">\u00abEn Europa nuestra m\u00fasica sorprende, por eso\u00a0me invitan a festivales y a eventos. Siempre soy muy bien recibida. Me tratan muy bien\u00bb, confiesa.<\/p>\n<\/div>\n<\/div>\n<div class=\"row pb-content-type-text\">\n<div class=\"col-xs-12 col-print-12\">\n<p class=\"element element-paragraph\">\u2014<strong>\u00bfQu\u00e9 sensaci\u00f3n ten\u00e9s cuando est\u00e1s en Europa tocando la quena y transmitiendo el sonido de los Andes?<\/strong><\/p>\n<\/div>\n<\/div>\n<div class=\"row pb-content-type-text\">\n<div class=\"col-xs-12 col-print-12\">\n<p class=\"element element-paragraph\">\u2014<strong>Para m\u00ed la sensaci\u00f3n tiene que ver con el hecho de saber y sentir que se est\u00e1n reconquistando espacios que por ah\u00ed siempre ha sido negados..<\/strong>. Siento que las personas\u00a0est\u00e1n abiertas a escuchar el mensaje que llevamos, y encontramos lo que siempre intentamos encontrar: el respeto.<\/p>\n<\/div>\n<\/div>\n<div class=\"row pb-content-type-text\">\n<div class=\"col-xs-12 col-print-12\">\n<p class=\"element element-paragraph\">\u2014<strong>\u00bfCu\u00e1l es tu deseo?<\/strong><\/p>\n<\/div>\n<\/div>\n<div class=\"row pb-content-type-text\">\n<div class=\"col-xs-12 col-print-12\">\n<p class=\"element element-paragraph\">\u2014<strong>Me gustar\u00eda que la gente de ac\u00e1 escuchara m\u00e1s m\u00fasica argentina.\u00a0<\/strong>Nuestra m\u00fasica refleja\u00a0nuestra identidad.<\/p>\n<p>&nbsp;<\/p>\n<\/div>\n<\/div>\n<p><a href=\"https:\/\/www.infobae.com\/sociedad\/2019\/07\/06\/la-historia-de-micaela-chauque-la-primera-mujer-indigena-autorizada-para-hacer-algo-que-solo-se-le-permitia-a-los-hombres\/\">Infobae<\/a><\/p>\n<div class=\"row pb-content-type-text\">\n<div class=\"col-xs-12 col-print-12\"><\/div>\n<\/div>\n<div class=\"row pb-content-type-text\">\n<div class=\"col-xs-12 col-print-12\">\n<p class=\"element element-paragraph\">\n<\/div>\n<\/div>\n<\/div>\n<\/div>\n<\/div>\n","protected":false},"excerpt":{"rendered":"<p>Micaela Chauque recibi\u00f3 la \u00abbendici\u00f3n\u00bb de los ancianos de su comunidad para tocar la quena, instrumento exclusivo para los hombres. Naci\u00f3 en Salta, se mud\u00f3 a Tilcara, compone y canta a los paisajes andinos. Adem\u00e1s, gana premios en el pa\u00eds y es aplaudida en el mundo Por\u00a0Fernanda Jara mjara@infobae.com \u00abCanta con la sensibilidad de la [&hellip;]<\/p>\n","protected":false},"author":4,"featured_media":38630,"comment_status":"open","ping_status":"open","sticky":false,"template":"","format":"standard","meta":{"iawp_total_views":115,"footnotes":""},"categories":[7,6],"tags":[1748,1749,130,60],"class_list":["post-38624","post","type-post","status-publish","format-standard","has-post-thumbnail","hentry","category-actividades","category-articulos","tag-micaela-chauque","tag-mujer-indigena","tag-mujeres","tag-musica"],"nelio_content":{"autoShareEndMode":"never","automationSources":{"useCustomSentences":false,"customSentences":[]},"efiAlt":"","efiUrl":"","followers":[4],"highlights":[],"isAutoShareEnabled":true,"networkImageIds":[],"permalinkQueryArgs":[],"series":[],"suggestedReferences":[]},"yoast_head":"<!-- This site is optimized with the Yoast SEO plugin v27.5 - https:\/\/yoast.com\/product\/yoast-seo-wordpress\/ -->\n<title>Micaela Chauque, la primera mujer ind\u00edgena autorizada para hacer algo que s\u00f3lo se le permit\u00eda a los hombres - Diario Digital Femenino<\/title>\n<meta name=\"description\" content=\"La historia de Micaela Chauque, la primera mujer ind\u00edgena autorizada para hacer algo que s\u00f3lo se le permit\u00eda a los hombres\" \/>\n<meta name=\"robots\" content=\"index, follow, max-snippet:-1, max-image-preview:large, max-video-preview:-1\" \/>\n<link rel=\"canonical\" href=\"https:\/\/diariofemenino.com.ar\/df\/micaela-chauque\/\" \/>\n<meta property=\"og:locale\" content=\"es_ES\" \/>\n<meta property=\"og:type\" content=\"article\" \/>\n<meta property=\"og:title\" content=\"Micaela Chauque, la primera mujer ind\u00edgena autorizada para hacer algo que s\u00f3lo se le permit\u00eda a los hombres - Diario Digital Femenino\" \/>\n<meta property=\"og:description\" content=\"La historia de Micaela Chauque, la primera mujer ind\u00edgena autorizada para hacer algo que s\u00f3lo se le permit\u00eda a los hombres\" \/>\n<meta property=\"og:url\" content=\"https:\/\/diariofemenino.com.ar\/df\/micaela-chauque\/\" \/>\n<meta property=\"og:site_name\" content=\"Diario Digital Femenino\" \/>\n<meta property=\"article:publisher\" content=\"https:\/\/www.facebook.com\/DiarioDigitaFemenino\/\" \/>\n<meta property=\"article:published_time\" content=\"2019-07-21T22:07:12+00:00\" \/>\n<meta property=\"article:modified_time\" content=\"2019-07-21T22:12:31+00:00\" \/>\n<meta property=\"og:image\" content=\"https:\/\/diariofemenino.com.ar\/df\/wp-content\/uploads\/2019\/07\/micaela-chauque.jpg\" \/>\n\t<meta property=\"og:image:width\" content=\"960\" \/>\n\t<meta property=\"og:image:height\" content=\"540\" \/>\n\t<meta property=\"og:image:type\" content=\"image\/jpeg\" \/>\n<meta name=\"author\" content=\"Admin\" \/>\n<meta name=\"twitter:card\" content=\"summary_large_image\" \/>\n<meta name=\"twitter:creator\" content=\"@DiarioFemenino1\" \/>\n<meta name=\"twitter:site\" content=\"@DiarioFemenino1\" \/>\n<meta name=\"twitter:label1\" content=\"Escrito por\" \/>\n\t<meta name=\"twitter:data1\" content=\"Admin\" \/>\n\t<meta name=\"twitter:label2\" content=\"Tiempo de lectura\" \/>\n\t<meta name=\"twitter:data2\" content=\"13 minutos\" \/>\n<script type=\"application\/ld+json\" class=\"yoast-schema-graph\">{\"@context\":\"https:\\\/\\\/schema.org\",\"@graph\":[{\"@type\":\"Article\",\"@id\":\"https:\\\/\\\/diariofemenino.com.ar\\\/df\\\/micaela-chauque\\\/#article\",\"isPartOf\":{\"@id\":\"https:\\\/\\\/diariofemenino.com.ar\\\/df\\\/micaela-chauque\\\/\"},\"author\":{\"name\":\"Admin\",\"@id\":\"https:\\\/\\\/diariofemenino.com.ar\\\/df\\\/#\\\/schema\\\/person\\\/bf6199e8158c657ea6f789b11ec85509\"},\"headline\":\"Micaela Chauque, la primera mujer ind\u00edgena autorizada para hacer algo que s\u00f3lo se le permit\u00eda a los hombres\",\"datePublished\":\"2019-07-21T22:07:12+00:00\",\"dateModified\":\"2019-07-21T22:12:31+00:00\",\"mainEntityOfPage\":{\"@id\":\"https:\\\/\\\/diariofemenino.com.ar\\\/df\\\/micaela-chauque\\\/\"},\"wordCount\":2579,\"commentCount\":0,\"publisher\":{\"@id\":\"https:\\\/\\\/diariofemenino.com.ar\\\/df\\\/#organization\"},\"image\":{\"@id\":\"https:\\\/\\\/diariofemenino.com.ar\\\/df\\\/micaela-chauque\\\/#primaryimage\"},\"thumbnailUrl\":\"https:\\\/\\\/diariofemenino.com.ar\\\/df\\\/wp-content\\\/uploads\\\/2019\\\/07\\\/micaela-chauque.jpg\",\"keywords\":[\"Micaela Chauque\",\"Mujer ind\u00edgena\",\"Mujeres\",\"M\u00f9sica\"],\"articleSection\":[\"Actividades\",\"Mujeres en Palabras\"],\"inLanguage\":\"es\",\"potentialAction\":[{\"@type\":\"CommentAction\",\"name\":\"Comment\",\"target\":[\"https:\\\/\\\/diariofemenino.com.ar\\\/df\\\/micaela-chauque\\\/#respond\"]}]},{\"@type\":\"WebPage\",\"@id\":\"https:\\\/\\\/diariofemenino.com.ar\\\/df\\\/micaela-chauque\\\/\",\"url\":\"https:\\\/\\\/diariofemenino.com.ar\\\/df\\\/micaela-chauque\\\/\",\"name\":\"Micaela Chauque, la primera mujer ind\u00edgena autorizada para hacer algo que s\u00f3lo se le permit\u00eda a los hombres - Diario Digital Femenino\",\"isPartOf\":{\"@id\":\"https:\\\/\\\/diariofemenino.com.ar\\\/df\\\/#website\"},\"primaryImageOfPage\":{\"@id\":\"https:\\\/\\\/diariofemenino.com.ar\\\/df\\\/micaela-chauque\\\/#primaryimage\"},\"image\":{\"@id\":\"https:\\\/\\\/diariofemenino.com.ar\\\/df\\\/micaela-chauque\\\/#primaryimage\"},\"thumbnailUrl\":\"https:\\\/\\\/diariofemenino.com.ar\\\/df\\\/wp-content\\\/uploads\\\/2019\\\/07\\\/micaela-chauque.jpg\",\"datePublished\":\"2019-07-21T22:07:12+00:00\",\"dateModified\":\"2019-07-21T22:12:31+00:00\",\"description\":\"La historia de Micaela Chauque, la primera mujer ind\u00edgena autorizada para hacer algo que s\u00f3lo se le permit\u00eda a los hombres\",\"breadcrumb\":{\"@id\":\"https:\\\/\\\/diariofemenino.com.ar\\\/df\\\/micaela-chauque\\\/#breadcrumb\"},\"inLanguage\":\"es\",\"potentialAction\":[{\"@type\":\"ReadAction\",\"target\":[\"https:\\\/\\\/diariofemenino.com.ar\\\/df\\\/micaela-chauque\\\/\"]}]},{\"@type\":\"ImageObject\",\"inLanguage\":\"es\",\"@id\":\"https:\\\/\\\/diariofemenino.com.ar\\\/df\\\/micaela-chauque\\\/#primaryimage\",\"url\":\"https:\\\/\\\/diariofemenino.com.ar\\\/df\\\/wp-content\\\/uploads\\\/2019\\\/07\\\/micaela-chauque.jpg\",\"contentUrl\":\"https:\\\/\\\/diariofemenino.com.ar\\\/df\\\/wp-content\\\/uploads\\\/2019\\\/07\\\/micaela-chauque.jpg\",\"width\":960,\"height\":540,\"caption\":\"Micaela Chauque, la primera mujer ind\u00edgena autorizada para hacer algo que s\u00f3lo se le permit\u00eda a los hombres\"},{\"@type\":\"BreadcrumbList\",\"@id\":\"https:\\\/\\\/diariofemenino.com.ar\\\/df\\\/micaela-chauque\\\/#breadcrumb\",\"itemListElement\":[{\"@type\":\"ListItem\",\"position\":1,\"name\":\"Portada\",\"item\":\"https:\\\/\\\/diariofemenino.com.ar\\\/df\\\/\"},{\"@type\":\"ListItem\",\"position\":2,\"name\":\"Micaela Chauque, la primera mujer ind\u00edgena autorizada para hacer algo que s\u00f3lo se le permit\u00eda a los hombres\"}]},{\"@type\":\"WebSite\",\"@id\":\"https:\\\/\\\/diariofemenino.com.ar\\\/df\\\/#website\",\"url\":\"https:\\\/\\\/diariofemenino.com.ar\\\/df\\\/\",\"name\":\"Diario Digital Femenino\",\"description\":\"Cuesti\u00f3n de G\u00e9nero\",\"publisher\":{\"@id\":\"https:\\\/\\\/diariofemenino.com.ar\\\/df\\\/#organization\"},\"potentialAction\":[{\"@type\":\"SearchAction\",\"target\":{\"@type\":\"EntryPoint\",\"urlTemplate\":\"https:\\\/\\\/diariofemenino.com.ar\\\/df\\\/?s={search_term_string}\"},\"query-input\":{\"@type\":\"PropertyValueSpecification\",\"valueRequired\":true,\"valueName\":\"search_term_string\"}}],\"inLanguage\":\"es\"},{\"@type\":\"Organization\",\"@id\":\"https:\\\/\\\/diariofemenino.com.ar\\\/df\\\/#organization\",\"name\":\"Diario Femenino\",\"url\":\"https:\\\/\\\/diariofemenino.com.ar\\\/df\\\/\",\"logo\":{\"@type\":\"ImageObject\",\"inLanguage\":\"es\",\"@id\":\"https:\\\/\\\/diariofemenino.com.ar\\\/df\\\/#\\\/schema\\\/logo\\\/image\\\/\",\"url\":\"https:\\\/\\\/diariofemenino.com.ar\\\/df\\\/wp-content\\\/uploads\\\/2018\\\/10\\\/logo.png\",\"contentUrl\":\"https:\\\/\\\/diariofemenino.com.ar\\\/df\\\/wp-content\\\/uploads\\\/2018\\\/10\\\/logo.png\",\"width\":500,\"height\":92,\"caption\":\"Diario Femenino\"},\"image\":{\"@id\":\"https:\\\/\\\/diariofemenino.com.ar\\\/df\\\/#\\\/schema\\\/logo\\\/image\\\/\"},\"sameAs\":[\"https:\\\/\\\/www.facebook.com\\\/DiarioDigitaFemenino\\\/\",\"https:\\\/\\\/x.com\\\/DiarioFemenino1\"]},{\"@type\":\"Person\",\"@id\":\"https:\\\/\\\/diariofemenino.com.ar\\\/df\\\/#\\\/schema\\\/person\\\/bf6199e8158c657ea6f789b11ec85509\",\"name\":\"Admin\",\"image\":{\"@type\":\"ImageObject\",\"inLanguage\":\"es\",\"@id\":\"https:\\\/\\\/diariofemenino.com.ar\\\/df\\\/wp-content\\\/uploads\\\/2018\\\/12\\\/favicon-150x150.jpg\",\"url\":\"https:\\\/\\\/diariofemenino.com.ar\\\/df\\\/wp-content\\\/uploads\\\/2018\\\/12\\\/favicon-150x150.jpg\",\"contentUrl\":\"https:\\\/\\\/diariofemenino.com.ar\\\/df\\\/wp-content\\\/uploads\\\/2018\\\/12\\\/favicon-150x150.jpg\",\"caption\":\"Admin\"},\"url\":\"https:\\\/\\\/diariofemenino.com.ar\\\/df\\\/author\\\/lenny\\\/\"}]}<\/script>\n<!-- \/ Yoast SEO plugin. -->","yoast_head_json":{"title":"Micaela Chauque, la primera mujer ind\u00edgena autorizada para hacer algo que s\u00f3lo se le permit\u00eda a los hombres - Diario Digital Femenino","description":"La historia de Micaela Chauque, la primera mujer ind\u00edgena autorizada para hacer algo que s\u00f3lo se le permit\u00eda a los hombres","robots":{"index":"index","follow":"follow","max-snippet":"max-snippet:-1","max-image-preview":"max-image-preview:large","max-video-preview":"max-video-preview:-1"},"canonical":"https:\/\/diariofemenino.com.ar\/df\/micaela-chauque\/","og_locale":"es_ES","og_type":"article","og_title":"Micaela Chauque, la primera mujer ind\u00edgena autorizada para hacer algo que s\u00f3lo se le permit\u00eda a los hombres - Diario Digital Femenino","og_description":"La historia de Micaela Chauque, la primera mujer ind\u00edgena autorizada para hacer algo que s\u00f3lo se le permit\u00eda a los hombres","og_url":"https:\/\/diariofemenino.com.ar\/df\/micaela-chauque\/","og_site_name":"Diario Digital Femenino","article_publisher":"https:\/\/www.facebook.com\/DiarioDigitaFemenino\/","article_published_time":"2019-07-21T22:07:12+00:00","article_modified_time":"2019-07-21T22:12:31+00:00","og_image":[{"width":960,"height":540,"url":"https:\/\/diariofemenino.com.ar\/df\/wp-content\/uploads\/2019\/07\/micaela-chauque.jpg","type":"image\/jpeg"}],"author":"Admin","twitter_card":"summary_large_image","twitter_creator":"@DiarioFemenino1","twitter_site":"@DiarioFemenino1","twitter_misc":{"Escrito por":"Admin","Tiempo de lectura":"13 minutos"},"schema":{"@context":"https:\/\/schema.org","@graph":[{"@type":"Article","@id":"https:\/\/diariofemenino.com.ar\/df\/micaela-chauque\/#article","isPartOf":{"@id":"https:\/\/diariofemenino.com.ar\/df\/micaela-chauque\/"},"author":{"name":"Admin","@id":"https:\/\/diariofemenino.com.ar\/df\/#\/schema\/person\/bf6199e8158c657ea6f789b11ec85509"},"headline":"Micaela Chauque, la primera mujer ind\u00edgena autorizada para hacer algo que s\u00f3lo se le permit\u00eda a los hombres","datePublished":"2019-07-21T22:07:12+00:00","dateModified":"2019-07-21T22:12:31+00:00","mainEntityOfPage":{"@id":"https:\/\/diariofemenino.com.ar\/df\/micaela-chauque\/"},"wordCount":2579,"commentCount":0,"publisher":{"@id":"https:\/\/diariofemenino.com.ar\/df\/#organization"},"image":{"@id":"https:\/\/diariofemenino.com.ar\/df\/micaela-chauque\/#primaryimage"},"thumbnailUrl":"https:\/\/diariofemenino.com.ar\/df\/wp-content\/uploads\/2019\/07\/micaela-chauque.jpg","keywords":["Micaela Chauque","Mujer ind\u00edgena","Mujeres","M\u00f9sica"],"articleSection":["Actividades","Mujeres en Palabras"],"inLanguage":"es","potentialAction":[{"@type":"CommentAction","name":"Comment","target":["https:\/\/diariofemenino.com.ar\/df\/micaela-chauque\/#respond"]}]},{"@type":"WebPage","@id":"https:\/\/diariofemenino.com.ar\/df\/micaela-chauque\/","url":"https:\/\/diariofemenino.com.ar\/df\/micaela-chauque\/","name":"Micaela Chauque, la primera mujer ind\u00edgena autorizada para hacer algo que s\u00f3lo se le permit\u00eda a los hombres - Diario Digital Femenino","isPartOf":{"@id":"https:\/\/diariofemenino.com.ar\/df\/#website"},"primaryImageOfPage":{"@id":"https:\/\/diariofemenino.com.ar\/df\/micaela-chauque\/#primaryimage"},"image":{"@id":"https:\/\/diariofemenino.com.ar\/df\/micaela-chauque\/#primaryimage"},"thumbnailUrl":"https:\/\/diariofemenino.com.ar\/df\/wp-content\/uploads\/2019\/07\/micaela-chauque.jpg","datePublished":"2019-07-21T22:07:12+00:00","dateModified":"2019-07-21T22:12:31+00:00","description":"La historia de Micaela Chauque, la primera mujer ind\u00edgena autorizada para hacer algo que s\u00f3lo se le permit\u00eda a los hombres","breadcrumb":{"@id":"https:\/\/diariofemenino.com.ar\/df\/micaela-chauque\/#breadcrumb"},"inLanguage":"es","potentialAction":[{"@type":"ReadAction","target":["https:\/\/diariofemenino.com.ar\/df\/micaela-chauque\/"]}]},{"@type":"ImageObject","inLanguage":"es","@id":"https:\/\/diariofemenino.com.ar\/df\/micaela-chauque\/#primaryimage","url":"https:\/\/diariofemenino.com.ar\/df\/wp-content\/uploads\/2019\/07\/micaela-chauque.jpg","contentUrl":"https:\/\/diariofemenino.com.ar\/df\/wp-content\/uploads\/2019\/07\/micaela-chauque.jpg","width":960,"height":540,"caption":"Micaela Chauque, la primera mujer ind\u00edgena autorizada para hacer algo que s\u00f3lo se le permit\u00eda a los hombres"},{"@type":"BreadcrumbList","@id":"https:\/\/diariofemenino.com.ar\/df\/micaela-chauque\/#breadcrumb","itemListElement":[{"@type":"ListItem","position":1,"name":"Portada","item":"https:\/\/diariofemenino.com.ar\/df\/"},{"@type":"ListItem","position":2,"name":"Micaela Chauque, la primera mujer ind\u00edgena autorizada para hacer algo que s\u00f3lo se le permit\u00eda a los hombres"}]},{"@type":"WebSite","@id":"https:\/\/diariofemenino.com.ar\/df\/#website","url":"https:\/\/diariofemenino.com.ar\/df\/","name":"Diario Digital Femenino","description":"Cuesti\u00f3n de G\u00e9nero","publisher":{"@id":"https:\/\/diariofemenino.com.ar\/df\/#organization"},"potentialAction":[{"@type":"SearchAction","target":{"@type":"EntryPoint","urlTemplate":"https:\/\/diariofemenino.com.ar\/df\/?s={search_term_string}"},"query-input":{"@type":"PropertyValueSpecification","valueRequired":true,"valueName":"search_term_string"}}],"inLanguage":"es"},{"@type":"Organization","@id":"https:\/\/diariofemenino.com.ar\/df\/#organization","name":"Diario Femenino","url":"https:\/\/diariofemenino.com.ar\/df\/","logo":{"@type":"ImageObject","inLanguage":"es","@id":"https:\/\/diariofemenino.com.ar\/df\/#\/schema\/logo\/image\/","url":"https:\/\/diariofemenino.com.ar\/df\/wp-content\/uploads\/2018\/10\/logo.png","contentUrl":"https:\/\/diariofemenino.com.ar\/df\/wp-content\/uploads\/2018\/10\/logo.png","width":500,"height":92,"caption":"Diario Femenino"},"image":{"@id":"https:\/\/diariofemenino.com.ar\/df\/#\/schema\/logo\/image\/"},"sameAs":["https:\/\/www.facebook.com\/DiarioDigitaFemenino\/","https:\/\/x.com\/DiarioFemenino1"]},{"@type":"Person","@id":"https:\/\/diariofemenino.com.ar\/df\/#\/schema\/person\/bf6199e8158c657ea6f789b11ec85509","name":"Admin","image":{"@type":"ImageObject","inLanguage":"es","@id":"https:\/\/diariofemenino.com.ar\/df\/wp-content\/uploads\/2018\/12\/favicon-150x150.jpg","url":"https:\/\/diariofemenino.com.ar\/df\/wp-content\/uploads\/2018\/12\/favicon-150x150.jpg","contentUrl":"https:\/\/diariofemenino.com.ar\/df\/wp-content\/uploads\/2018\/12\/favicon-150x150.jpg","caption":"Admin"},"url":"https:\/\/diariofemenino.com.ar\/df\/author\/lenny\/"}]}},"jetpack_featured_media_url":"https:\/\/diariofemenino.com.ar\/df\/wp-content\/uploads\/2019\/07\/micaela-chauque.jpg","jetpack_sharing_enabled":true,"rttpg_featured_image_url":{"full":["https:\/\/diariofemenino.com.ar\/df\/wp-content\/uploads\/2019\/07\/micaela-chauque.jpg",960,540,false],"landscape":["https:\/\/diariofemenino.com.ar\/df\/wp-content\/uploads\/2019\/07\/micaela-chauque.jpg",960,540,false],"portraits":["https:\/\/diariofemenino.com.ar\/df\/wp-content\/uploads\/2019\/07\/micaela-chauque.jpg",960,540,false],"thumbnail":["https:\/\/diariofemenino.com.ar\/df\/wp-content\/uploads\/2019\/07\/micaela-chauque-150x150.jpg",150,150,true],"medium":["https:\/\/diariofemenino.com.ar\/df\/wp-content\/uploads\/2019\/07\/micaela-chauque-300x169.jpg",300,169,true],"large":["https:\/\/diariofemenino.com.ar\/df\/wp-content\/uploads\/2019\/07\/micaela-chauque.jpg",960,540,false],"1536x1536":["https:\/\/diariofemenino.com.ar\/df\/wp-content\/uploads\/2019\/07\/micaela-chauque.jpg",960,540,false],"2048x2048":["https:\/\/diariofemenino.com.ar\/df\/wp-content\/uploads\/2019\/07\/micaela-chauque.jpg",960,540,false]},"rttpg_author":{"display_name":"Admin","author_link":"https:\/\/diariofemenino.com.ar\/df\/author\/lenny\/"},"rttpg_comment":0,"rttpg_category":"<a href=\"https:\/\/diariofemenino.com.ar\/df\/category\/actividades\/\" rel=\"category tag\">Actividades<\/a> <a href=\"https:\/\/diariofemenino.com.ar\/df\/category\/articulos\/\" rel=\"category tag\">Mujeres en Palabras<\/a>","rttpg_excerpt":"Micaela Chauque recibi\u00f3 la \u00abbendici\u00f3n\u00bb de los ancianos de su comunidad para tocar la quena, instrumento exclusivo para los hombres. Naci\u00f3 en Salta, se mud\u00f3 a Tilcara, compone y canta a los paisajes andinos. Adem\u00e1s, gana premios en el pa\u00eds y es aplaudida en el mundo Por\u00a0Fernanda Jara mjara@infobae.com \u00abCanta con la sensibilidad de la&hellip;","_links":{"self":[{"href":"https:\/\/diariofemenino.com.ar\/df\/wp-json\/wp\/v2\/posts\/38624","targetHints":{"allow":["GET"]}}],"collection":[{"href":"https:\/\/diariofemenino.com.ar\/df\/wp-json\/wp\/v2\/posts"}],"about":[{"href":"https:\/\/diariofemenino.com.ar\/df\/wp-json\/wp\/v2\/types\/post"}],"author":[{"embeddable":true,"href":"https:\/\/diariofemenino.com.ar\/df\/wp-json\/wp\/v2\/users\/4"}],"replies":[{"embeddable":true,"href":"https:\/\/diariofemenino.com.ar\/df\/wp-json\/wp\/v2\/comments?post=38624"}],"version-history":[{"count":0,"href":"https:\/\/diariofemenino.com.ar\/df\/wp-json\/wp\/v2\/posts\/38624\/revisions"}],"wp:featuredmedia":[{"embeddable":true,"href":"https:\/\/diariofemenino.com.ar\/df\/wp-json\/wp\/v2\/media\/38630"}],"wp:attachment":[{"href":"https:\/\/diariofemenino.com.ar\/df\/wp-json\/wp\/v2\/media?parent=38624"}],"wp:term":[{"taxonomy":"category","embeddable":true,"href":"https:\/\/diariofemenino.com.ar\/df\/wp-json\/wp\/v2\/categories?post=38624"},{"taxonomy":"post_tag","embeddable":true,"href":"https:\/\/diariofemenino.com.ar\/df\/wp-json\/wp\/v2\/tags?post=38624"}],"curies":[{"name":"wp","href":"https:\/\/api.w.org\/{rel}","templated":true}]}}