{"id":38595,"date":"2019-07-20T15:23:12","date_gmt":"2019-07-20T18:23:12","guid":{"rendered":"https:\/\/diariofemenino.com.ar\/?p=38595"},"modified":"2019-07-20T15:23:12","modified_gmt":"2019-07-20T18:23:12","slug":"arzu-geybullayeva","status":"publish","type":"post","link":"https:\/\/diariofemenino.com.ar\/df\/arzu-geybullayeva\/","title":{"rendered":"Arzu Geybullayeva \u201cLos ataques en internet paralizan nuestro trabajo como periodistas\u201d"},"content":{"rendered":"<p><strong>Arzu Geybullayeva es una periodista originaria de Azerbaiy\u00e1n, pa\u00eds al que tiene prohibida la entrada. En el Encuentro de la Red Internacional de Periodistas con Visi\u00f3n de G\u00e9nero, relat\u00f3 c\u00f3mo fue amenazada de muerte en <a href=\"https:\/\/diariofemenino.com.ar\/lo-personal-es-politico-internet-tambien\/\">internet<\/a> repetidas veces. En esta entrevista comparte con Pikara Magazine su experiencia sobre c\u00f3mo dar respuesta ante los ataques y tambi\u00e9n destaca los avances significativos en la regi\u00f3n del C\u00e1ucaso, donde las mujeres por fin se atreven a nombrar sus feminismos.\u00a0<\/strong><\/p>\n<p>Por\u00a0<a class=\"author url fn\" title=\"Entradas por Florencia Goldsman\" href=\"https:\/\/www.pikaramagazine.com\/author\/florencia-goldsman\/\" rel=\"author\">Florencia Goldsman<\/a><\/p>\n<div id=\"attachment_39186\" class=\"wp-caption aligncenter\">\n<figure id=\"attachment_38601\" aria-describedby=\"caption-attachment-38601\" style=\"width: 225px\" class=\"wp-caption alignleft\"><img loading=\"lazy\" decoding=\"async\" class=\"size-medium wp-image-38601\" src=\"https:\/\/diariofemenino.com.ar\/df\/wp-content\/uploads\/2019\/07\/Arzu-Geybullah-2-225x300.jpg\" alt=\"\" width=\"225\" height=\"300\" srcset=\"https:\/\/diariofemenino.com.ar\/df\/wp-content\/uploads\/2019\/07\/Arzu-Geybullah-2-225x300.jpg 225w, https:\/\/diariofemenino.com.ar\/df\/wp-content\/uploads\/2019\/07\/Arzu-Geybullah-2-768x1024.jpg 768w, https:\/\/diariofemenino.com.ar\/df\/wp-content\/uploads\/2019\/07\/Arzu-Geybullah-2.jpg 870w\" sizes=\"auto, (max-width: 225px) 100vw, 225px\" \/><figcaption id=\"caption-attachment-38601\" class=\"wp-caption-text\">Arzu Geybullayeva \u201cLos ataques en internet paralizan nuestro trabajo como periodistas\u201d<\/figcaption><\/figure>\n<p class=\"wp-caption-text\">Arzu Geybullah, durante el encuentro en Montevideo. \/ Foto: Florencia Goldsman<\/p>\n<\/div>\n<p>La periodista\u00a0<strong>Arzu Geybullayeva<\/strong>\u00a0nunca imagin\u00f3 que su labor como periodista pod\u00eda escalar en toda la <a href=\"https:\/\/diariofemenino.com.ar\/33222-2\/\">violencia<\/a> que ha recibido en los \u00faltimos a\u00f1os. En su perfil de\u00a0<a href=\"https:\/\/en.wikipedia.org\/wiki\/Arzu_Geybullayeva\" target=\"_blank\" rel=\"noopener noreferrer\">Wikipedia<\/a>\u00a0se la destaca por ser\u00a0<strong>columnista, bloguera y periodista<\/strong>\u00a0colaboradora en varios peri\u00f3dicos y medios de comunicaci\u00f3n, entre ellos\u00a0<strong>Al Jazeera<\/strong>,\u00a0<strong>Foreign Policy<\/strong>,\u00a0<strong>Global Voices<\/strong>\u00a0y\u00a0<em><strong>Agos<\/strong><\/em>. Tambi\u00e9n ha trabajado con varias organizaciones sin fines de lucro y grupos de reflexi\u00f3n, incluyendo el Instituto Democr\u00e1tico Nacional y la Iniciativa de Estabilidad Europea (<a href=\"https:\/\/en.wikipedia.org\/wiki\/European_Stability_Initiative\" target=\"_blank\" rel=\"noopener noreferrer\">European Stability Initiative<\/a>). Geybullayeva fue seleccionada como una de las mujeres m\u00e1s destacadas del mundo por la BBC durante 2014. Aboga por una soluci\u00f3n pac\u00edfica entre la poblaci\u00f3n armenia y azerbaiyana sobre la Guerra del Alto de Karabaj, conflicto armado que enfrent\u00f3 a Armenia con Azerbaiy\u00e1n desde 1988 y por m\u00e1s de 20 a\u00f1os y que a\u00fan hoy tiene consecuencias sociales.<\/p>\n<p>En los \u00faltimos a\u00f1os ha recibido varias amenazas, originadas principalmente en Azerbaiy\u00e1n, debido a su trabajo en\u00a0<a href=\"http:\/\/www.agos.com.tr\/en\/home\" target=\"_blank\" rel=\"noopener noreferrer\"><em>Agos<\/em><\/a>, un peri\u00f3dico armenio. Las amenazas fueron condenadas por diversas organizaciones de Derechos Humanos internacionales. Geybullayeva vive actualmente en un exilio autoimpuesto en Estambul, Turqu\u00eda. \u201cSab\u00eda que no pod\u00edan arrestarme, tampoco pod\u00edan acusarme de delitos que no hab\u00eda cometido como posesi\u00f3n de drogas, evasi\u00f3n de impuestos o de estar simplemente atac\u00e1ndoles. Son acusaciones muy comunes cuando se trata de atacar de periodistas. Lo mejor que pudieron hacer fue acusarme de traidora, de una agente trabajando para el extranjero\u201d, cont\u00f3 en el panel sobre libertad de expresi\u00f3n del\u00a0<a href=\"https:\/\/www.pikaramagazine.com\/2019\/05\/encuentro-ripvg-uruguay\/\" target=\"_blank\" rel=\"noopener noreferrer\"><strong>Encuentro de la Red Internacional de Periodistas con Visi\u00f3n de G\u00e9nero<\/strong><\/a>, celebrado en mayo en Montevideo (Uruguay). Aquellos d\u00edas, habl\u00f3 con\u00a0<em>Pikara Magazine<\/em>.<\/p>\n<p><strong>\u00bfC\u00f3mo es ser periodista en esta regi\u00f3n del mundo? Y, \u00bfc\u00f3mo fue el proceso en el que te amenazaron a ra\u00edz de tu labor informativa?<\/strong><\/p>\n<p>Vengo de un pa\u00eds que se ve asolado por las violaciones a la libertad de prensa, donde a los y las periodistas se les env\u00eda a la c\u00e1rcel con acusaciones que no son verdaderas y donde la libertad se ve muy comprometida. Un pa\u00eds que est\u00e1 siendo administrado por la misma familia desde 1983. La primera amenaza de muerte me la enviaron por Facebook Messenger. Fue interesante porque en ese momento no la tom\u00e9 en serio. S\u00f3lo hice una captura de pantalla y la compart\u00ed en<a href=\"https:\/\/twitter.com\/arzugeybulla?lang=es\" target=\"_blank\" rel=\"noopener noreferrer\">\u00a0Twitter<\/a>: \u201cEste hombre est\u00e1 amenazando con asesinarme y est\u00e1 diciendo d\u00f3nde va a enterrarme\u201d.\u00a0 Yo no lo tom\u00e9 en serio, pero otras personas s\u00ed. Fue la primera vez que recib\u00ed una llamada de una organizaci\u00f3n internacional que trabaja con periodistas y me dijeron que el tema era serio, que no deb\u00eda considerarlo de manera liviana y que deber\u00eda estar pendiente de mi seguridad, as\u00ed como de crearme un ambiente de seguridad en el cual poder apoyarme cuando me atacaran as\u00ed. En ese momento dije \u201cok, lo voy a intentar\u201d y esa organizaci\u00f3n mand\u00f3 pronunciamientos a los Estados de Azerbaiy\u00e1n y de Turqu\u00eda, llam\u00e1ndolos a estar atentos a mi caso y ofrecerme protecci\u00f3n.<\/p>\n<p><span class=\"bctt-click-to-tweet\"><span class=\"bctt-ctt-text\"><a href=\"https:\/\/twitter.com\/intent\/tweet?url=https:\/\/www.pikaramagazine.com\/2019\/07\/arzu-geybullayeva\/&amp;text=%C2%ABLa%20primera%20amenaza%20de%20muerte%20me%20la%20enviaron%20por%20Facebook%20Messenger%2C%20en%20ese%20momento%20no%20la%20tom%C3%A9%20en%20serio%C2%BB%2C%20%40arzugeybulla&amp;via=pikaramagazine&amp;related=pikaramagazine\" target=\"_blank\" rel=\"noopener noreferrer\">\u00abLa primera amenaza de muerte me la enviaron por Facebook Messenger, en ese momento no la tom\u00e9 en serio\u00bb, @arzugeybulla<\/a><\/span><\/span><\/p>\n<p><strong>\u00bfQu\u00e9 tipo de temas cubr\u00edas en ese momento?<\/strong><\/p>\n<p>Cubr\u00eda b\u00e1sicamente violaciones a los Derechos Humanos, acoso, y cuestiones sociales de Azerbaiy\u00e1n. Las amenazas de muerte que recib\u00ed estaban relacionadas con que en ese per\u00edodo trabajaba en un peri\u00f3dico turco-armenio en Estambul. El se\u00f1or que me amenaz\u00f3, en su enojo, transmit\u00eda el rechazo de que una azerbaiyana estuviera trabajando en ese peri\u00f3dico. Si analizo los tipos de ataques que he atravesado son amenazas de muerte\u00a0<em>on line<\/em>, as\u00ed como un acoso<em>\u00a0on line<\/em>\u00a0muy descriptivo y a la vez muy sexual, tambi\u00e9n<em>\u00a0trolling<\/em>\u00a0con la intenci\u00f3n de desacreditar mi trabajo como articulista as\u00ed como mis apariciones en medios sociales y conferencias. El \u00faltimo tipo de ataques tuvo como objetivo atacar a mi familia. Esa amenaza ten\u00eda ra\u00edces\u00a0<em>on line<\/em>\u00a0y\u00a0<em>off line<\/em>. Con esto \u00faltimo me refiero a que\u00a0<strong>se armaron campa\u00f1as en otros peri\u00f3dicos del pa\u00eds o con periodistas de relevancia que inventaron historias falsas acerca de mi familia<\/strong>.<\/p>\n<p><strong>\u00bfC\u00f3mo se desatan estos ataques?<\/strong><\/p>\n<p>Dir\u00eda que comenzaron en 2014 y continuaron a lo largo de los a\u00f1os. En marzo de 2014, una peque\u00f1a plataforma de medios me solicit\u00f3 hacer una entrevista el t\u00edtulo fue \u201cUna periodista azerbaiyana trabajando para un peri\u00f3dico armenio\u201d. La periodista no me hab\u00eda dicho que ese iba a ser el tema de la entrevista y, en cambio, me dijo que estaba trabajando en una serie de mujeres azerbaiyanas exitosas que trabajaban y viv\u00edan en el extranjero. Cuando recib\u00ed las preguntas me di cuenta que no se trataba de lo anterior; de hecho, la mayor\u00eda de las preguntas se relacionaban con mi trabajo en\u00a0<em>Agos<\/em>, un peri\u00f3dico turco-armenio de peque\u00f1o porte. Comenc\u00e9 a trabajar en\u00a0<em>Agos<\/em>\u00a0en abril de 2013, esta participaci\u00f3n tocaba mis creencias y fue parte de mi transformaci\u00f3n como periodista. Este peri\u00f3dico es un buen ejemplo de colaboraci\u00f3n en contextos en los que se trabaja con informaci\u00f3n err\u00f3nea o propaganda en tiempos de conflicto, porque es un esfuerzo de c\u00f3mo eliminar la informaci\u00f3n falsa y detectar la propaganda pol\u00edtica disfrazada en las informaciones que recibimos a diario. Pero otros encontraron que esta era la excusa perfecta para atacarme. Y lo hicieron.\u00a0<strong>La entrevista impuls\u00f3 una ola masiva de ataques mis\u00f3ginos, acosos y amenazas de muerte, as\u00ed como una campa\u00f1a de difamaci\u00f3n\u00a0<em>on line<\/em><\/strong>.<\/p>\n<p><strong>\u00bfA lo largo del tiempo las amenazas se fueron sofisticando?<\/strong><\/p>\n<p>Algunos comentarios que hicieron sobre m\u00ed dec\u00edan \u201cun sucio microbio que se cay\u00f3 de una puta armenia\u201d. Jugando con mi apellido, que es es Gaybullay, otra persona escribi\u00f3 \u201cArzu puta yulaya\u201d. \u201cEs la hija gay de Gaybullaya, es probable que la est\u00e9n violando todo el tiempo y que se limpie los dientes con esperma, miren qu\u00e9 blancos que los tiene\u201d. \u201cSi bien es una traidora, luce muy bien. Pagar\u00eda 50 centavos para estar una hora con ella\u201d. Un usuario de las redes dijo que ten\u00edan que ahorcarme, hab\u00eda personas dispuestas a matarme, a violarme, a colgarme de los pies. Los mensajes me afectaron much\u00edsimo, me sent\u00ed indefensa, me desacreditaban, y negarle la reputaci\u00f3n a una periodista, lo saben, es un ataque muy fuerte. En 2016 me enviaron una imagen dibujada con el presidente de Armenia sosteni\u00e9ndome entre sus brazos y yo at\u00e1ndole los cordones del zapato. En el fondo de la imagen dibujaron la tumba de mi padre; mi pap\u00e1 hab\u00eda muerto en esa \u00e9poca. La imagen tambi\u00e9n mostraba a mi padre cubri\u00e9ndose la cara, como avergonzado de mis actos. As\u00ed, no fue solo verbal, con creaci\u00f3n de noticias, sino tambi\u00e9n visual con creaci\u00f3n de im\u00e1genes espec\u00edficas. Hubo otra imagen m\u00eda de lado de una mujer hero\u00edna en mi pa\u00eds que hab\u00eda cubierto noticias de guerra, ya muerta. En la descripci\u00f3n le pon\u00edan a ella como una hero\u00edna y yo como una traidora. Hice uso de las medidas digitales: ten\u00eda protecci\u00f3n en mi computadora, en mi tel\u00e9fono, verificaci\u00f3n de cuentas en dos pasos. Tom\u00e9 todas las medidas posibles pero eso no los previno de presionarme.<\/p>\n<p><span class=\"bctt-click-to-tweet\"><span class=\"bctt-ctt-text\"><a href=\"https:\/\/twitter.com\/intent\/tweet?url=https:\/\/www.pikaramagazine.com\/2019\/07\/arzu-geybullayeva\/&amp;text=%C2%ABLos%20mensajes%20me%20afectaron%20much%C3%ADsimo%2C%20me%20sent%C3%AD%20indefensa%2C%20me%20desacreditaban%2C%20y%20negarle%20la%20reputaci%C3%B3n%20a%20una%20periodista%2C%20lo%20saben%2C%20es%20un%20ataque%20muy%20fuerte%C2%BB%2C%20%40arzugeybulla&amp;via=pikaramagazine&amp;related=pikaramagazine\" target=\"_blank\" rel=\"noopener noreferrer\">\u00abLos mensajes me afectaron much\u00edsimo, me sent\u00ed indefensa, me desacreditaban, y negarle la reputaci\u00f3n a una periodista, lo saben, es un ataque muy fuerte\u00bb, @arzugeybulla<\/a><\/span><\/span><\/p>\n<p><strong>Muchas veces los ataques no son tomados en serio por les comunicadores. \u00bfC\u00f3mo piensas que podemos hacer un cambio colectivo?<\/strong><\/p>\n<p>Creo que como parte de una comunidad de mujeres periodistas que frecuentemente somos sujetas de este tipo de amenazas, lo principal es darnos cuenta de que no estamos solas y de que hay muchas otras periodistas que atraviesan por los mismos problemas.\u00a0<strong>Es importante saber que hay una comunidad que nos puede dar apoyo<\/strong>. En mi caso particular fue importante conocer a una comunidad que se tom\u00f3 el tiempo para apoyar y valorar mi trabajo, y tener apoyo organizacional, que est\u00e1n ah\u00ed para decirte \u201cno, no, recibir una amenaza de muerte en internet no est\u00e1 bien. No deber\u00edas desmerecer esto. Es muy serio y puede tener consecuencias por fuera de l\u00ednea. Entonces vamos a seguir los siguientes pasos\u2026\u201d. Saber que existen las organizaciones internacionales que pueden proporcionar asistencia psicol\u00f3gica, digital, o que tal vez necesitas una relocalizaci\u00f3n temporal para tomar un descanso. Tambi\u00e9n hablar con otras colegas puede ayudar. En mi experiencia lo que veo es que las mujeres que buscan asistencia en estos casos suelen pensar que son las \u00fanicas a las que les sucede. Se sienten alienadas. Actualmente soy parte de esa red de apoyo que est\u00e1 disponible para conversar con una mujer cuando aparece un nuevo caso y contarles mi experiencia. Decirles \u201cte comprendo pero no est\u00e1s sola, vas a recuperarte\u201d.<\/p>\n<p><span class=\"bctt-click-to-tweet\"><span class=\"bctt-ctt-text\"><a href=\"https:\/\/twitter.com\/intent\/tweet?url=https:\/\/www.pikaramagazine.com\/2019\/07\/arzu-geybullayeva\/&amp;text=%C2%ABLo%20principal%20es%20darnos%20cuenta%20de%20que%20no%20estamos%20solas%20y%20de%20que%20hay%20muchas%20otras%20periodistas%20que%20atraviesan%20por%20los%20mismos%20problemas%20y%20sufren%20amenazas%C2%BB%2C%20%40arzugeybulla&amp;via=pikaramagazine&amp;related=pikaramagazine\" target=\"_blank\" rel=\"noopener noreferrer\">\u00abLo principal es darnos cuenta de que no estamos solas y de que hay muchas otras periodistas que atraviesan por los mismos problemas y sufren amenazas\u00bb, @arzugeybulla<\/a><\/span><\/span><\/p>\n<p><strong>\u00bfHay alguna ley o instituci\u00f3n en tu pa\u00eds que contemple las violencias en l\u00ednea?<\/strong><\/p>\n<p>No. Podr\u00eda haber demandado a los atacantes en la Corte sobre una base de difamaci\u00f3n, pero sabiendo que el Gobierno de mi pa\u00eds controla el poder judicial y que no hay posibilidades de tener acceso a un juicio libre y justo, no lo hice. Tampoco estaba en el pa\u00eds en ese momento. Segundo, no creo en la justicia de Azerbaiy\u00e1n; y tercero, pienso que hubiera escalado la situaci\u00f3n de violencia al punto que los atacantes podr\u00edan haber redoblado el ataque.<\/p>\n<p><strong>\u00bfC\u00f3mo articulamos un debate pol\u00edtico sobre la internet, las amenazas a nuestra libre expresi\u00f3n y nuestro derecho de habitarla sin censura?<\/strong><\/p>\n<p>Ahora hay una mayor articulaci\u00f3n en ese plano, hay muchas m\u00e1s organizaciones que trabajan estas problem\u00e1ticas de ataques\u00a0<em>on line<\/em>, no solo abarcan la violencia hacia periodistas sino que toman en cuenta tambi\u00e9n el sesgo de g\u00e9nero. Hay muchos m\u00e1s recursos que pueden ayudarte a atravesar el proceso, a\u00fan si no conoces nada al respecto. Pero creo que\u00a0<strong>deber\u00edamos evitar seguir avanzando de manera individual porque esto es parte de un cambio comunitario.<\/strong>\u00a0Las periodistas tienen que entender que est\u00e1n siendo atacadas por el hecho de ser mujer y que eso no deber\u00eda pasar, especialmente en relaci\u00f3n al desarrollo de su trabajo y su futuro. Una de los puntos a tener en cuenta es que\u00a0<strong>a las periodistas los ataques nos detienen y paralizan nuestro trabajo<\/strong>, nos pone en un lugar donde comenzamos a buscar desesperadas soluciones para estar a salvo mientras podr\u00edamos estar escribiendo historias o haciendo pel\u00edculas o, simplemente, dedic\u00e1ndonos a nuestra profesi\u00f3n. El impacto se siente en el desv\u00edo de nuestro tiempo, el precioso tiempo que todas necesitamos, y no nos queda alternativa.\u00a0<strong>Si somos atacadas tenemos que comenzar a documentar y a reportar los incidentes. Asegurarnos de que tenemos una red de apoyo y de que el problema se haga visible y p\u00fablico.<\/strong><\/p>\n<p><span class=\"bctt-click-to-tweet\"><span class=\"bctt-ctt-text\"><a href=\"https:\/\/twitter.com\/intent\/tweet?url=https:\/\/www.pikaramagazine.com\/2019\/07\/arzu-geybullayeva\/&amp;text=%C2%ABLas%20periodistas%20tienen%20que%20entender%20que%20est%C3%A1n%20siendo%20atacadas%20por%20el%20hecho%20de%20ser%20mujer%20y%20que%20eso%20no%20deber%C3%ADa%20pasar%2C%20especialmente%20en%20relaci%C3%B3n%20al%20desarrollo%20de%20su%20trabajo%20y%20su%20futuro%C2%BB%2C%20%40arzugeybulla&amp;via=pikaramagazine&amp;related=pikaramagazine\" target=\"_blank\" rel=\"noopener noreferrer\">\u00abLas periodistas tienen que entender que est\u00e1n siendo atacadas por el hecho de ser mujer y que eso no deber\u00eda pasar, especialmente en relaci\u00f3n al desarrollo de su trabajo y su futuro\u00bb, @arzugeybulla<\/a><\/span><\/span><\/p>\n<p><strong>\u00bfCrees que las redes sociales comerciales abren una brecha para que nuevas voces emerjan?<\/strong><\/p>\n<p>Creo que las redes sociales son herramientas. Dependiendo cuan astuta seas usando estas plataformas, puedes hacer muchas cosas. Puedes volverte una\u00a0<em>influencer<\/em>\u00a0que puede expandir la llegada de sus mensajes y hacer o\u00edr su voz. Todo depende cu\u00e1n estrat\u00e9gica seas con tus plataformas de redes sociales y saber qu\u00e9 es exactamente lo que quieres lograr. Instagram tiene su propia comunidad, as\u00ed como Facebook y Twitter tienen las suyas. Todas son diferenciables. En mi vida de redes sociales uso Instagram m\u00e1s como un espacio personal: publico fotos de mi familia, de mi pr\u00e1ctica de yoga, de mis viajes. Twitter es mi trabajo: ah\u00ed es donde leo, publico y comparto noticias. Y Facebook es en donde sigo en contacto con las personas, especialmente con aquellas que est\u00e1n lejos. En el contexto de Azerbaiy\u00e1n, Facebook se vuelve la plataforma para seguir las discusiones pol\u00edticas y econ\u00f3micas, es la plataforma m\u00e1s usada y donde las personas sienten que pueden compartir, ventilar, escribir sobre sus problemas. No deber\u00edamos olvidar que es solo una herramienta y no la soluci\u00f3n para todo.<\/p>\n<p><strong>\u00bfC\u00f3mo se articulan los movimientos feministas en tu regi\u00f3n?<\/strong><\/p>\n<p>En Azerbaiy\u00e1n siempre tuvimos mujeres fuertes como referentes. Dir\u00eda que es parecido en la regi\u00f3n, por regi\u00f3n me refiero al C\u00e1ucaso: Armenia y Georgia. Mi pa\u00eds fue la primera naci\u00f3n musulmana en asegurar el derecho al voto, esto ayuda a visualizar el potencial del lugar en donde nac\u00ed, pero que en el presente no se lleva a cabo. La configuraci\u00f3n patriarcal, la mentalidad conservadora, el atraso generalizado\u2026 Aunque, a pesar de decir esto, cuando miro a mis amigas y las cosas que hacen, me siento emocionada y a la vez desafiada porque se est\u00e1 haciendo much\u00edsimo trabajo. Hay una gran variedad de mujeres haciendo cosas destacables: las mujeres periodistas revelando historias asombrosas y haciendo un trabajo incre\u00edble; est\u00e1n las mujeres trabajando en educaci\u00f3n y desarrollo, llevando adelante organizaciones con programas educacionales y de incidencia. Sin olvidarme de las mujeres abogadas que trabajan en ambientes extremadamente masculinos haciendo un trabajo muy duro e insistiendo desde adentro. Sucede lo mismo con las doctoras, las artistas.<\/p>\n<p><strong>\u00bfExiste prejuicio sobre quien se nombra feminista?<\/strong><\/p>\n<p>S\u00ed, en Azerbaiy\u00e1n el feminismo como concepto y se percibe como \u201cantihombre\u201d. Cuando dices que eres feminista lo primero que te responden es \u201centonces eres lesbiana y \u00bfest\u00e1s pidiendo matrimonio para personas del mismo sexo?\u201d. En este sentido nos hace falta m\u00e1s educaci\u00f3n, y por educaci\u00f3n no me refiero a una educaci\u00f3n formal o estatal, sino a concebir relaciones con mayor libertad y que yo me pueda sentar con un amigo var\u00f3n para compartir lo que significa el feminismo para m\u00ed. Que exista la opci\u00f3n de que \u00e9l sea lo suficientemente sensible e inteligente para buscar un libro y leer sobre feminismo, investigar sobre estas mujeres que hicieron tantas cosas para toda la sociedad. No es algo de ayer, ni dirigido a una sola persona, est\u00e1 entre nosotras hace un largo tiempo. Hay muchas mujeres j\u00f3venes muy determinadas.\u00a0<strong>Este a\u00f1o hubo un intento de manifestaci\u00f3n por el d\u00eda internacional de la mujer pero el Gobierno las persigui\u00f3 y bloque\u00f3 la marcha.<\/strong>\u00a0Ellas estaban all\u00e1 con pa\u00f1uelos multicolor, con sus labiales rojos, ten\u00edan p\u00f3sters, flores, ped\u00edan por derechos iguales, salarios iguales y representaci\u00f3n igualitaria. \u00a1Eso nunca hab\u00eda pasado! Veo un nivel de conciencia sin precedentes. Creo que hay mucha esperanza para la regi\u00f3n.<\/p>\n<p>&nbsp;<\/p>\n<p>Fuente:\u00a0Florencia Goldsman v\u00eda Foro RIPVGAr<br \/>\nPublicada en <a href=\"https:\/\/www.pikaramagazine.com\/2019\/07\/arzu-geybullayeva\/\">Pikara<\/a><\/p>\n","protected":false},"excerpt":{"rendered":"<p>Arzu Geybullayeva es una periodista originaria de Azerbaiy\u00e1n, pa\u00eds al que tiene prohibida la entrada. En el Encuentro de la Red Internacional de Periodistas con Visi\u00f3n de G\u00e9nero, relat\u00f3 c\u00f3mo fue amenazada de muerte en internet repetidas veces. En esta entrevista comparte con Pikara Magazine su experiencia sobre c\u00f3mo dar respuesta ante los ataques y [&hellip;]<\/p>\n","protected":false},"author":4,"featured_media":38604,"comment_status":"open","ping_status":"open","sticky":false,"template":"","format":"standard","meta":{"iawp_total_views":17,"footnotes":""},"categories":[7,1067,4,6,592],"tags":[1738,1740,1739,68,1712,464,897],"class_list":["post-38595","post","type-post","status-publish","format-standard","has-post-thumbnail","hentry","category-actividades","category-agenda-feminista","category-medios","category-articulos","category-violencias","tag-arzu-geybullayeva","tag-ataques","tag-florencia-goldsman","tag-internet","tag-montevideo","tag-ripvg","tag-ripvgar"],"nelio_content":{"autoShareEndMode":"never","automationSources":{"useCustomSentences":false,"customSentences":[]},"efiAlt":"","efiUrl":"","followers":[4],"highlights":[],"isAutoShareEnabled":true,"networkImageIds":[],"permalinkQueryArgs":[],"series":[],"suggestedReferences":[]},"yoast_head":"<!-- This site is optimized with the Yoast SEO plugin v27.5 - https:\/\/yoast.com\/product\/yoast-seo-wordpress\/ -->\n<title>Arzu Geybullayeva \u201cLos ataques en internet paralizan nuestro trabajo como periodistas\u201d - Diario Digital Femenino<\/title>\n<meta name=\"description\" content=\"Arzu Geybullayeva \u201cLos ataques en internet paralizan nuestro trabajo como periodistas\u201d Arzu Geybullayeva es de Azerbaiy\u00e1n, tiene prohibida la entrada.\" \/>\n<meta name=\"robots\" content=\"index, follow, max-snippet:-1, max-image-preview:large, max-video-preview:-1\" \/>\n<link rel=\"canonical\" href=\"https:\/\/diariofemenino.com.ar\/df\/arzu-geybullayeva\/\" \/>\n<meta property=\"og:locale\" content=\"es_ES\" \/>\n<meta property=\"og:type\" content=\"article\" \/>\n<meta property=\"og:title\" content=\"Arzu Geybullayeva \u201cLos ataques en internet paralizan nuestro trabajo como periodistas\u201d - Diario Digital Femenino\" \/>\n<meta property=\"og:description\" content=\"Arzu Geybullayeva \u201cLos ataques en internet paralizan nuestro trabajo como periodistas\u201d Arzu Geybullayeva es de Azerbaiy\u00e1n, tiene prohibida la entrada.\" \/>\n<meta property=\"og:url\" content=\"https:\/\/diariofemenino.com.ar\/df\/arzu-geybullayeva\/\" \/>\n<meta property=\"og:site_name\" content=\"Diario Digital Femenino\" \/>\n<meta property=\"article:publisher\" content=\"https:\/\/www.facebook.com\/DiarioDigitaFemenino\/\" \/>\n<meta property=\"article:published_time\" content=\"2019-07-20T18:23:12+00:00\" \/>\n<meta property=\"og:image\" content=\"https:\/\/diariofemenino.com.ar\/df\/wp-content\/uploads\/2019\/07\/7062268483_cc89b1d8bb_b.jpg\" \/>\n\t<meta property=\"og:image:width\" content=\"948\" \/>\n\t<meta property=\"og:image:height\" content=\"679\" \/>\n\t<meta property=\"og:image:type\" content=\"image\/jpeg\" \/>\n<meta name=\"author\" content=\"Admin\" \/>\n<meta name=\"twitter:card\" content=\"summary_large_image\" \/>\n<meta name=\"twitter:creator\" content=\"@DiarioFemenino1\" \/>\n<meta name=\"twitter:site\" content=\"@DiarioFemenino1\" \/>\n<meta name=\"twitter:label1\" content=\"Escrito por\" \/>\n\t<meta name=\"twitter:data1\" content=\"Admin\" \/>\n\t<meta name=\"twitter:label2\" content=\"Tiempo de lectura\" \/>\n\t<meta name=\"twitter:data2\" content=\"13 minutos\" \/>\n<script type=\"application\/ld+json\" class=\"yoast-schema-graph\">{\"@context\":\"https:\\\/\\\/schema.org\",\"@graph\":[{\"@type\":\"Article\",\"@id\":\"https:\\\/\\\/diariofemenino.com.ar\\\/df\\\/arzu-geybullayeva\\\/#article\",\"isPartOf\":{\"@id\":\"https:\\\/\\\/diariofemenino.com.ar\\\/df\\\/arzu-geybullayeva\\\/\"},\"author\":{\"name\":\"Admin\",\"@id\":\"https:\\\/\\\/diariofemenino.com.ar\\\/df\\\/#\\\/schema\\\/person\\\/bf6199e8158c657ea6f789b11ec85509\"},\"headline\":\"Arzu Geybullayeva \u201cLos ataques en internet paralizan nuestro trabajo como periodistas\u201d\",\"datePublished\":\"2019-07-20T18:23:12+00:00\",\"mainEntityOfPage\":{\"@id\":\"https:\\\/\\\/diariofemenino.com.ar\\\/df\\\/arzu-geybullayeva\\\/\"},\"wordCount\":2709,\"commentCount\":0,\"publisher\":{\"@id\":\"https:\\\/\\\/diariofemenino.com.ar\\\/df\\\/#organization\"},\"image\":{\"@id\":\"https:\\\/\\\/diariofemenino.com.ar\\\/df\\\/arzu-geybullayeva\\\/#primaryimage\"},\"thumbnailUrl\":\"https:\\\/\\\/diariofemenino.com.ar\\\/df\\\/wp-content\\\/uploads\\\/2019\\\/07\\\/7062268483_cc89b1d8bb_b.jpg\",\"keywords\":[\"Arzu Geybullayeva\",\"Ataques\",\"Florencia Goldsman\",\"Internet\",\"Montevideo\",\"RIPVG\",\"RIPVGAr\"],\"articleSection\":[\"Actividades\",\"Agenda Feminista\",\"Medios\",\"Mujeres en Palabras\",\"Violencias\"],\"inLanguage\":\"es\",\"potentialAction\":[{\"@type\":\"CommentAction\",\"name\":\"Comment\",\"target\":[\"https:\\\/\\\/diariofemenino.com.ar\\\/df\\\/arzu-geybullayeva\\\/#respond\"]}]},{\"@type\":\"WebPage\",\"@id\":\"https:\\\/\\\/diariofemenino.com.ar\\\/df\\\/arzu-geybullayeva\\\/\",\"url\":\"https:\\\/\\\/diariofemenino.com.ar\\\/df\\\/arzu-geybullayeva\\\/\",\"name\":\"Arzu Geybullayeva \u201cLos ataques en internet paralizan nuestro trabajo como periodistas\u201d - Diario Digital Femenino\",\"isPartOf\":{\"@id\":\"https:\\\/\\\/diariofemenino.com.ar\\\/df\\\/#website\"},\"primaryImageOfPage\":{\"@id\":\"https:\\\/\\\/diariofemenino.com.ar\\\/df\\\/arzu-geybullayeva\\\/#primaryimage\"},\"image\":{\"@id\":\"https:\\\/\\\/diariofemenino.com.ar\\\/df\\\/arzu-geybullayeva\\\/#primaryimage\"},\"thumbnailUrl\":\"https:\\\/\\\/diariofemenino.com.ar\\\/df\\\/wp-content\\\/uploads\\\/2019\\\/07\\\/7062268483_cc89b1d8bb_b.jpg\",\"datePublished\":\"2019-07-20T18:23:12+00:00\",\"description\":\"Arzu Geybullayeva \u201cLos ataques en internet paralizan nuestro trabajo como periodistas\u201d Arzu Geybullayeva es de Azerbaiy\u00e1n, tiene prohibida la entrada.\",\"breadcrumb\":{\"@id\":\"https:\\\/\\\/diariofemenino.com.ar\\\/df\\\/arzu-geybullayeva\\\/#breadcrumb\"},\"inLanguage\":\"es\",\"potentialAction\":[{\"@type\":\"ReadAction\",\"target\":[\"https:\\\/\\\/diariofemenino.com.ar\\\/df\\\/arzu-geybullayeva\\\/\"]}]},{\"@type\":\"ImageObject\",\"inLanguage\":\"es\",\"@id\":\"https:\\\/\\\/diariofemenino.com.ar\\\/df\\\/arzu-geybullayeva\\\/#primaryimage\",\"url\":\"https:\\\/\\\/diariofemenino.com.ar\\\/df\\\/wp-content\\\/uploads\\\/2019\\\/07\\\/7062268483_cc89b1d8bb_b.jpg\",\"contentUrl\":\"https:\\\/\\\/diariofemenino.com.ar\\\/df\\\/wp-content\\\/uploads\\\/2019\\\/07\\\/7062268483_cc89b1d8bb_b.jpg\",\"width\":948,\"height\":679,\"caption\":\"Arzu Geybullayeva\"},{\"@type\":\"BreadcrumbList\",\"@id\":\"https:\\\/\\\/diariofemenino.com.ar\\\/df\\\/arzu-geybullayeva\\\/#breadcrumb\",\"itemListElement\":[{\"@type\":\"ListItem\",\"position\":1,\"name\":\"Portada\",\"item\":\"https:\\\/\\\/diariofemenino.com.ar\\\/df\\\/\"},{\"@type\":\"ListItem\",\"position\":2,\"name\":\"Arzu Geybullayeva \u201cLos ataques en internet paralizan nuestro trabajo como periodistas\u201d\"}]},{\"@type\":\"WebSite\",\"@id\":\"https:\\\/\\\/diariofemenino.com.ar\\\/df\\\/#website\",\"url\":\"https:\\\/\\\/diariofemenino.com.ar\\\/df\\\/\",\"name\":\"Diario Digital Femenino\",\"description\":\"Cuesti\u00f3n de G\u00e9nero\",\"publisher\":{\"@id\":\"https:\\\/\\\/diariofemenino.com.ar\\\/df\\\/#organization\"},\"potentialAction\":[{\"@type\":\"SearchAction\",\"target\":{\"@type\":\"EntryPoint\",\"urlTemplate\":\"https:\\\/\\\/diariofemenino.com.ar\\\/df\\\/?s={search_term_string}\"},\"query-input\":{\"@type\":\"PropertyValueSpecification\",\"valueRequired\":true,\"valueName\":\"search_term_string\"}}],\"inLanguage\":\"es\"},{\"@type\":\"Organization\",\"@id\":\"https:\\\/\\\/diariofemenino.com.ar\\\/df\\\/#organization\",\"name\":\"Diario Femenino\",\"url\":\"https:\\\/\\\/diariofemenino.com.ar\\\/df\\\/\",\"logo\":{\"@type\":\"ImageObject\",\"inLanguage\":\"es\",\"@id\":\"https:\\\/\\\/diariofemenino.com.ar\\\/df\\\/#\\\/schema\\\/logo\\\/image\\\/\",\"url\":\"https:\\\/\\\/diariofemenino.com.ar\\\/df\\\/wp-content\\\/uploads\\\/2018\\\/10\\\/logo.png\",\"contentUrl\":\"https:\\\/\\\/diariofemenino.com.ar\\\/df\\\/wp-content\\\/uploads\\\/2018\\\/10\\\/logo.png\",\"width\":500,\"height\":92,\"caption\":\"Diario Femenino\"},\"image\":{\"@id\":\"https:\\\/\\\/diariofemenino.com.ar\\\/df\\\/#\\\/schema\\\/logo\\\/image\\\/\"},\"sameAs\":[\"https:\\\/\\\/www.facebook.com\\\/DiarioDigitaFemenino\\\/\",\"https:\\\/\\\/x.com\\\/DiarioFemenino1\"]},{\"@type\":\"Person\",\"@id\":\"https:\\\/\\\/diariofemenino.com.ar\\\/df\\\/#\\\/schema\\\/person\\\/bf6199e8158c657ea6f789b11ec85509\",\"name\":\"Admin\",\"image\":{\"@type\":\"ImageObject\",\"inLanguage\":\"es\",\"@id\":\"https:\\\/\\\/diariofemenino.com.ar\\\/df\\\/wp-content\\\/uploads\\\/2018\\\/12\\\/favicon-150x150.jpg\",\"url\":\"https:\\\/\\\/diariofemenino.com.ar\\\/df\\\/wp-content\\\/uploads\\\/2018\\\/12\\\/favicon-150x150.jpg\",\"contentUrl\":\"https:\\\/\\\/diariofemenino.com.ar\\\/df\\\/wp-content\\\/uploads\\\/2018\\\/12\\\/favicon-150x150.jpg\",\"caption\":\"Admin\"},\"url\":\"https:\\\/\\\/diariofemenino.com.ar\\\/df\\\/author\\\/lenny\\\/\"}]}<\/script>\n<!-- \/ Yoast SEO plugin. -->","yoast_head_json":{"title":"Arzu Geybullayeva \u201cLos ataques en internet paralizan nuestro trabajo como periodistas\u201d - Diario Digital Femenino","description":"Arzu Geybullayeva \u201cLos ataques en internet paralizan nuestro trabajo como periodistas\u201d Arzu Geybullayeva es de Azerbaiy\u00e1n, tiene prohibida la entrada.","robots":{"index":"index","follow":"follow","max-snippet":"max-snippet:-1","max-image-preview":"max-image-preview:large","max-video-preview":"max-video-preview:-1"},"canonical":"https:\/\/diariofemenino.com.ar\/df\/arzu-geybullayeva\/","og_locale":"es_ES","og_type":"article","og_title":"Arzu Geybullayeva \u201cLos ataques en internet paralizan nuestro trabajo como periodistas\u201d - Diario Digital Femenino","og_description":"Arzu Geybullayeva \u201cLos ataques en internet paralizan nuestro trabajo como periodistas\u201d Arzu Geybullayeva es de Azerbaiy\u00e1n, tiene prohibida la entrada.","og_url":"https:\/\/diariofemenino.com.ar\/df\/arzu-geybullayeva\/","og_site_name":"Diario Digital Femenino","article_publisher":"https:\/\/www.facebook.com\/DiarioDigitaFemenino\/","article_published_time":"2019-07-20T18:23:12+00:00","og_image":[{"width":948,"height":679,"url":"https:\/\/diariofemenino.com.ar\/df\/wp-content\/uploads\/2019\/07\/7062268483_cc89b1d8bb_b.jpg","type":"image\/jpeg"}],"author":"Admin","twitter_card":"summary_large_image","twitter_creator":"@DiarioFemenino1","twitter_site":"@DiarioFemenino1","twitter_misc":{"Escrito por":"Admin","Tiempo de lectura":"13 minutos"},"schema":{"@context":"https:\/\/schema.org","@graph":[{"@type":"Article","@id":"https:\/\/diariofemenino.com.ar\/df\/arzu-geybullayeva\/#article","isPartOf":{"@id":"https:\/\/diariofemenino.com.ar\/df\/arzu-geybullayeva\/"},"author":{"name":"Admin","@id":"https:\/\/diariofemenino.com.ar\/df\/#\/schema\/person\/bf6199e8158c657ea6f789b11ec85509"},"headline":"Arzu Geybullayeva \u201cLos ataques en internet paralizan nuestro trabajo como periodistas\u201d","datePublished":"2019-07-20T18:23:12+00:00","mainEntityOfPage":{"@id":"https:\/\/diariofemenino.com.ar\/df\/arzu-geybullayeva\/"},"wordCount":2709,"commentCount":0,"publisher":{"@id":"https:\/\/diariofemenino.com.ar\/df\/#organization"},"image":{"@id":"https:\/\/diariofemenino.com.ar\/df\/arzu-geybullayeva\/#primaryimage"},"thumbnailUrl":"https:\/\/diariofemenino.com.ar\/df\/wp-content\/uploads\/2019\/07\/7062268483_cc89b1d8bb_b.jpg","keywords":["Arzu Geybullayeva","Ataques","Florencia Goldsman","Internet","Montevideo","RIPVG","RIPVGAr"],"articleSection":["Actividades","Agenda Feminista","Medios","Mujeres en Palabras","Violencias"],"inLanguage":"es","potentialAction":[{"@type":"CommentAction","name":"Comment","target":["https:\/\/diariofemenino.com.ar\/df\/arzu-geybullayeva\/#respond"]}]},{"@type":"WebPage","@id":"https:\/\/diariofemenino.com.ar\/df\/arzu-geybullayeva\/","url":"https:\/\/diariofemenino.com.ar\/df\/arzu-geybullayeva\/","name":"Arzu Geybullayeva \u201cLos ataques en internet paralizan nuestro trabajo como periodistas\u201d - Diario Digital Femenino","isPartOf":{"@id":"https:\/\/diariofemenino.com.ar\/df\/#website"},"primaryImageOfPage":{"@id":"https:\/\/diariofemenino.com.ar\/df\/arzu-geybullayeva\/#primaryimage"},"image":{"@id":"https:\/\/diariofemenino.com.ar\/df\/arzu-geybullayeva\/#primaryimage"},"thumbnailUrl":"https:\/\/diariofemenino.com.ar\/df\/wp-content\/uploads\/2019\/07\/7062268483_cc89b1d8bb_b.jpg","datePublished":"2019-07-20T18:23:12+00:00","description":"Arzu Geybullayeva \u201cLos ataques en internet paralizan nuestro trabajo como periodistas\u201d Arzu Geybullayeva es de Azerbaiy\u00e1n, tiene prohibida la entrada.","breadcrumb":{"@id":"https:\/\/diariofemenino.com.ar\/df\/arzu-geybullayeva\/#breadcrumb"},"inLanguage":"es","potentialAction":[{"@type":"ReadAction","target":["https:\/\/diariofemenino.com.ar\/df\/arzu-geybullayeva\/"]}]},{"@type":"ImageObject","inLanguage":"es","@id":"https:\/\/diariofemenino.com.ar\/df\/arzu-geybullayeva\/#primaryimage","url":"https:\/\/diariofemenino.com.ar\/df\/wp-content\/uploads\/2019\/07\/7062268483_cc89b1d8bb_b.jpg","contentUrl":"https:\/\/diariofemenino.com.ar\/df\/wp-content\/uploads\/2019\/07\/7062268483_cc89b1d8bb_b.jpg","width":948,"height":679,"caption":"Arzu Geybullayeva"},{"@type":"BreadcrumbList","@id":"https:\/\/diariofemenino.com.ar\/df\/arzu-geybullayeva\/#breadcrumb","itemListElement":[{"@type":"ListItem","position":1,"name":"Portada","item":"https:\/\/diariofemenino.com.ar\/df\/"},{"@type":"ListItem","position":2,"name":"Arzu Geybullayeva \u201cLos ataques en internet paralizan nuestro trabajo como periodistas\u201d"}]},{"@type":"WebSite","@id":"https:\/\/diariofemenino.com.ar\/df\/#website","url":"https:\/\/diariofemenino.com.ar\/df\/","name":"Diario Digital Femenino","description":"Cuesti\u00f3n de G\u00e9nero","publisher":{"@id":"https:\/\/diariofemenino.com.ar\/df\/#organization"},"potentialAction":[{"@type":"SearchAction","target":{"@type":"EntryPoint","urlTemplate":"https:\/\/diariofemenino.com.ar\/df\/?s={search_term_string}"},"query-input":{"@type":"PropertyValueSpecification","valueRequired":true,"valueName":"search_term_string"}}],"inLanguage":"es"},{"@type":"Organization","@id":"https:\/\/diariofemenino.com.ar\/df\/#organization","name":"Diario Femenino","url":"https:\/\/diariofemenino.com.ar\/df\/","logo":{"@type":"ImageObject","inLanguage":"es","@id":"https:\/\/diariofemenino.com.ar\/df\/#\/schema\/logo\/image\/","url":"https:\/\/diariofemenino.com.ar\/df\/wp-content\/uploads\/2018\/10\/logo.png","contentUrl":"https:\/\/diariofemenino.com.ar\/df\/wp-content\/uploads\/2018\/10\/logo.png","width":500,"height":92,"caption":"Diario Femenino"},"image":{"@id":"https:\/\/diariofemenino.com.ar\/df\/#\/schema\/logo\/image\/"},"sameAs":["https:\/\/www.facebook.com\/DiarioDigitaFemenino\/","https:\/\/x.com\/DiarioFemenino1"]},{"@type":"Person","@id":"https:\/\/diariofemenino.com.ar\/df\/#\/schema\/person\/bf6199e8158c657ea6f789b11ec85509","name":"Admin","image":{"@type":"ImageObject","inLanguage":"es","@id":"https:\/\/diariofemenino.com.ar\/df\/wp-content\/uploads\/2018\/12\/favicon-150x150.jpg","url":"https:\/\/diariofemenino.com.ar\/df\/wp-content\/uploads\/2018\/12\/favicon-150x150.jpg","contentUrl":"https:\/\/diariofemenino.com.ar\/df\/wp-content\/uploads\/2018\/12\/favicon-150x150.jpg","caption":"Admin"},"url":"https:\/\/diariofemenino.com.ar\/df\/author\/lenny\/"}]}},"jetpack_featured_media_url":"https:\/\/diariofemenino.com.ar\/df\/wp-content\/uploads\/2019\/07\/7062268483_cc89b1d8bb_b.jpg","jetpack_sharing_enabled":true,"rttpg_featured_image_url":{"full":["https:\/\/diariofemenino.com.ar\/df\/wp-content\/uploads\/2019\/07\/7062268483_cc89b1d8bb_b.jpg",948,679,false],"landscape":["https:\/\/diariofemenino.com.ar\/df\/wp-content\/uploads\/2019\/07\/7062268483_cc89b1d8bb_b.jpg",948,679,false],"portraits":["https:\/\/diariofemenino.com.ar\/df\/wp-content\/uploads\/2019\/07\/7062268483_cc89b1d8bb_b.jpg",948,679,false],"thumbnail":["https:\/\/diariofemenino.com.ar\/df\/wp-content\/uploads\/2019\/07\/7062268483_cc89b1d8bb_b-150x150.jpg",150,150,true],"medium":["https:\/\/diariofemenino.com.ar\/df\/wp-content\/uploads\/2019\/07\/7062268483_cc89b1d8bb_b-300x215.jpg",300,215,true],"large":["https:\/\/diariofemenino.com.ar\/df\/wp-content\/uploads\/2019\/07\/7062268483_cc89b1d8bb_b.jpg",948,679,false],"1536x1536":["https:\/\/diariofemenino.com.ar\/df\/wp-content\/uploads\/2019\/07\/7062268483_cc89b1d8bb_b.jpg",948,679,false],"2048x2048":["https:\/\/diariofemenino.com.ar\/df\/wp-content\/uploads\/2019\/07\/7062268483_cc89b1d8bb_b.jpg",948,679,false]},"rttpg_author":{"display_name":"Admin","author_link":"https:\/\/diariofemenino.com.ar\/df\/author\/lenny\/"},"rttpg_comment":0,"rttpg_category":"<a href=\"https:\/\/diariofemenino.com.ar\/df\/category\/actividades\/\" rel=\"category tag\">Actividades<\/a> <a href=\"https:\/\/diariofemenino.com.ar\/df\/category\/agenda-feminista\/\" rel=\"category tag\">Agenda Feminista<\/a> <a href=\"https:\/\/diariofemenino.com.ar\/df\/category\/medios\/\" rel=\"category tag\">Medios<\/a> <a href=\"https:\/\/diariofemenino.com.ar\/df\/category\/articulos\/\" rel=\"category tag\">Mujeres en Palabras<\/a> <a href=\"https:\/\/diariofemenino.com.ar\/df\/category\/violencias\/\" rel=\"category tag\">Violencias<\/a>","rttpg_excerpt":"Arzu Geybullayeva es una periodista originaria de Azerbaiy\u00e1n, pa\u00eds al que tiene prohibida la entrada. En el Encuentro de la Red Internacional de Periodistas con Visi\u00f3n de G\u00e9nero, relat\u00f3 c\u00f3mo fue amenazada de muerte en internet repetidas veces. En esta entrevista comparte con Pikara Magazine su experiencia sobre c\u00f3mo dar respuesta ante los ataques y&hellip;","_links":{"self":[{"href":"https:\/\/diariofemenino.com.ar\/df\/wp-json\/wp\/v2\/posts\/38595","targetHints":{"allow":["GET"]}}],"collection":[{"href":"https:\/\/diariofemenino.com.ar\/df\/wp-json\/wp\/v2\/posts"}],"about":[{"href":"https:\/\/diariofemenino.com.ar\/df\/wp-json\/wp\/v2\/types\/post"}],"author":[{"embeddable":true,"href":"https:\/\/diariofemenino.com.ar\/df\/wp-json\/wp\/v2\/users\/4"}],"replies":[{"embeddable":true,"href":"https:\/\/diariofemenino.com.ar\/df\/wp-json\/wp\/v2\/comments?post=38595"}],"version-history":[{"count":0,"href":"https:\/\/diariofemenino.com.ar\/df\/wp-json\/wp\/v2\/posts\/38595\/revisions"}],"wp:featuredmedia":[{"embeddable":true,"href":"https:\/\/diariofemenino.com.ar\/df\/wp-json\/wp\/v2\/media\/38604"}],"wp:attachment":[{"href":"https:\/\/diariofemenino.com.ar\/df\/wp-json\/wp\/v2\/media?parent=38595"}],"wp:term":[{"taxonomy":"category","embeddable":true,"href":"https:\/\/diariofemenino.com.ar\/df\/wp-json\/wp\/v2\/categories?post=38595"},{"taxonomy":"post_tag","embeddable":true,"href":"https:\/\/diariofemenino.com.ar\/df\/wp-json\/wp\/v2\/tags?post=38595"}],"curies":[{"name":"wp","href":"https:\/\/api.w.org\/{rel}","templated":true}]}}