{"id":38519,"date":"2019-07-17T12:13:09","date_gmt":"2019-07-17T15:13:09","guid":{"rendered":"https:\/\/diariofemenino.com.ar\/?p=38519"},"modified":"2019-07-17T12:22:56","modified_gmt":"2019-07-17T15:22:56","slug":"escucha-nuestras-voces","status":"publish","type":"post","link":"https:\/\/diariofemenino.com.ar\/df\/escucha-nuestras-voces\/","title":{"rendered":"\u201cEscucha nuestras voces\u201d: una campa\u00f1a que busca visibilizar los aportes de las mujeres afrodescendientes e ind\u00edgenas del Mercosur"},"content":{"rendered":"<h3 class=\"article-title after_foto\" style=\"text-align: center;\"><strong>\u201cEscucha nuestras voces\u201d: una campa\u00f1a que busca visibilizar los aportes de las mujeres afrodescendientes e ind\u00edgenas del Mercosur<\/strong><\/h3>\n<p class=\"article-deck article__deck\"><strong>La iniciativa, impulsada por <a href=\"http:\/\/www.inmujeres.gub.uy\">Inmujeres<\/a> de Uruguay, consiste en la difusi\u00f3n de materiales audiovisuales y gr\u00e1ficos.<\/strong><\/p>\n<div class=\"article-body paywalled-content\">\n<figure id=\"attachment_38522\" aria-describedby=\"caption-attachment-38522\" style=\"width: 296px\" class=\"wp-caption alignleft\"><img loading=\"lazy\" decoding=\"async\" class=\" wp-image-38522\" src=\"https:\/\/diariofemenino.com.ar\/df\/wp-content\/uploads\/2019\/07\/15094525_1172886229413095_8149267157524338495_n.jpg\" alt=\"\u201cEscucha nuestras voces\u201d: una campa\u00f1a que busca visibilizar los aportes de las mujeres afrodescendientes e ind\u00edgenas del Mercosur\" width=\"296\" height=\"294\" srcset=\"https:\/\/diariofemenino.com.ar\/df\/wp-content\/uploads\/2019\/07\/15094525_1172886229413095_8149267157524338495_n.jpg 494w, https:\/\/diariofemenino.com.ar\/df\/wp-content\/uploads\/2019\/07\/15094525_1172886229413095_8149267157524338495_n-150x150.jpg 150w, https:\/\/diariofemenino.com.ar\/df\/wp-content\/uploads\/2019\/07\/15094525_1172886229413095_8149267157524338495_n-300x298.jpg 300w\" sizes=\"auto, (max-width: 296px) 100vw, 296px\" \/><figcaption id=\"caption-attachment-38522\" class=\"wp-caption-text\">\u201cEscucha nuestras voces\u201d<\/figcaption><\/figure>\n<p>\u201cLa situaci\u00f3n de la mujer afro en <a href=\"https:\/\/es.wikipedia.org\/wiki\/Uruguay\">Uruguay<\/a> es bastante ajustada. Se tiene como patr\u00f3n que la raza negra es casi siempre de origen muy pobre, entonces las situaciones de crecer, de salir adelante, cuestan un poco\u201d, dice Ciria Gonz\u00e1lez, integrante del colectivo Centro Uruguay de Cerro Largo, en un video. Su testimonio es s\u00f3lo uno de los que recoge la campa\u00f1a Escucha Nuestras Voces, lanzada el mi\u00e9rcoles pasado por el Instituto Nacional de las Mujeres (Inmujeres) para visibilizar los aportes de las mujeres <a href=\"https:\/\/diariofemenino.com.ar\/crean-la-primera-agencia-de-noticias-de-mujeres-indigenas-y-afrodescendientes-en-america-latina\/\">afrodescendientes e ind\u00edgena<\/a>s de pa\u00edses del Mercosur. Estas voces est\u00e1n reunidas en una serie de audiovisuales, placas, postales y pegotines que ya empezaron a circular.<\/p>\n<p>Para Inmujeres, \u201ces necesario visibilizar a las mujeres afrodescendientes y de pueblos ind\u00edgenas y sus aportes en el marco de los diversos procesos de transformaci\u00f3n de la regi\u00f3n\u201d, asegura la instituci\u00f3n del Ministerio de Desarrollo Social en un video de difusi\u00f3n sobre la<a href=\"https:\/\/diariofemenino.com.ar\/lanzamiento-de-la-la-agencia-de-noticias-de-mujeres-indigenas-y-afrodescendientes\/\"> iniciativa<\/a>, que cuenta con la cooperaci\u00f3n de la Reuni\u00f3n de Ministras y Altas Autoridades de la Mujer del Mercosur y el financiamiento de la Agencia Espa\u00f1ola de Cooperaci\u00f3n Internacional para el Desarrollo. \u201cEs necesario que las pol\u00edticas p\u00fablicas de g\u00e9nero incorporen la dimensi\u00f3n \u00e9tnico-racial\u201d, agrega la filmaci\u00f3n. \u201cUna plena integraci\u00f3n regional debe buscar la inclusi\u00f3n de la diversidad de los pueblos\u201d.<\/p>\n<p>Los testimonios de las mujeres fueron registrados durante un taller de fortalecimiento dirigido a representantes de organizaciones de mujeres afro e ind\u00edgenas del Mercosur que organiz\u00f3 Inmujeres en abril. Lo que hizo la instituci\u00f3n fue recopilarlos y armar la campa\u00f1a para difundir sus palabras, situaciones y desaf\u00edos. El material fue lanzado esta semana en el marco del Mes de la Afrodescendencia, lo que refuerza el objetivo de visibilizar el aporte de las mujeres afro, seg\u00fan dijo la directora de Inmujeres, Mariella Mazzotti, durante la presentaci\u00f3n oficial en la Torre Ejecutiva. \u201cEstos materiales son de gran importancia y nos marcan las l\u00edneas a seguir en el trabajo\u201d, complement\u00f3 Marina Arismendi, ministra de Desarrollo Social.<\/p>\n<p>Ese d\u00eda, en el marco de la campa\u00f1a, tambi\u00e9n fue presentado el documento\u00a0<em>Recomendaciones estrat\u00e9gicas para la incorporaci\u00f3n de la perspectiva \u00e9tnico-racial en las pol\u00edticas de g\u00e9nero del Mercosur<\/em>, redactado por la doctora en Ciencias Sociales, Any Ocor\u00f3 Loango. \u201cEs fundamental que el Estado adopte la perspectiva \u00e9tnico-racial para poder generar pol\u00edticas focalizadas, teniendo en cuenta las diferentes formas o \u2018jerarqu\u00edas\u2019 de las personas afro e ind\u00edgenas\u201d, dijo la especialista.<\/p>\n<p>Despu\u00e9s enumer\u00f3 algunas de las recomendaciones estrat\u00e9gicas en las que se centra el informe. La primera y fundamental es la de comprometerse con la lucha contra el racismo y la discriminaci\u00f3n. Pero tambi\u00e9n es importante que el Mercosur implemente pol\u00edticas que reconozcan la historia de mujeres afro e ind\u00edgenas y que sean \u201cfocalizadas\u201d, \u201cinclusivas\u201d e \u201cinterseccionales\u201d, dijo Ocor\u00f3 Loango. Otras sugerencias son incluir a esta poblaci\u00f3n en el presupuesto del organismo regional para \u201cfortalecer las capacidades institucionales del Mercosur de dar respuesta a la diversidad de mujeres afrodescendientes e ind\u00edgenas\u201d, visibilizar las estad\u00edsticas vinculadas a las m\u00faltiples realidades que atraviesan para poder realizar \u201cdiagn\u00f3sticos m\u00e1s profundos\u201d y promover su participaci\u00f3n activa y liderazgo \u201cen tanto productoras del conocimiento e informaci\u00f3n como forma de romper con el racismo\u201d. (texto: La Diaria)<\/p>\n<div style=\"width: 400px;\" class=\"wp-video\"><video class=\"wp-video-shortcode\" id=\"video-38519-1\" width=\"400\" height=\"224\" preload=\"metadata\" controls=\"controls\"><source type=\"video\/mp4\" src=\"https:\/\/diariofemenino.com.ar\/df\/wp-content\/uploads\/2019\/07\/67072879_344351519593927_393367589260099584_n.mp4?_=1\" \/><a href=\"https:\/\/diariofemenino.com.ar\/df\/wp-content\/uploads\/2019\/07\/67072879_344351519593927_393367589260099584_n.mp4\">https:\/\/diariofemenino.com.ar\/df\/wp-content\/uploads\/2019\/07\/67072879_344351519593927_393367589260099584_n.mp4<\/a><\/video><\/div>\n<\/div>\n","protected":false},"excerpt":{"rendered":"<p>\u201cEscucha nuestras voces\u201d: una campa\u00f1a que busca visibilizar los aportes de las mujeres afrodescendientes e ind\u00edgenas del Mercosur La iniciativa, impulsada por Inmujeres de Uruguay, consiste en la difusi\u00f3n de materiales audiovisuales y gr\u00e1ficos. \u201cLa situaci\u00f3n de la mujer afro en Uruguay es bastante ajustada. Se tiene como patr\u00f3n que la raza negra es casi [&hellip;]<\/p>\n","protected":false},"author":4,"featured_media":38521,"comment_status":"open","ping_status":"open","sticky":false,"template":"","format":"standard","meta":{"iawp_total_views":4,"footnotes":""},"categories":[1],"tags":[1715,1714,1406,1713],"class_list":["post-38519","post","type-post","status-publish","format-standard","has-post-thumbnail","hentry","category-uncategorized","tag-inmujeres","tag-mujeres-afrodescendientes","tag-mujeres-indigenas","tag-uruguay"],"nelio_content":{"autoShareEndMode":"never","automationSources":{"useCustomSentences":false,"customSentences":[]},"efiAlt":"","efiUrl":"","followers":[4],"highlights":[],"isAutoShareEnabled":true,"networkImageIds":[],"permalinkQueryArgs":[],"series":[],"suggestedReferences":[]},"yoast_head":"<!-- This site is optimized with the Yoast SEO plugin v27.5 - https:\/\/yoast.com\/product\/yoast-seo-wordpress\/ -->\n<title>\u201cEscucha nuestras voces\u201d: una campa\u00f1a que busca visibilizar los aportes de las mujeres afrodescendientes e ind\u00edgenas del Mercosur - Diario Digital Femenino<\/title>\n<meta name=\"description\" content=\"\u201cEscucha nuestras voces\u201d: una campa\u00f1a que busca visibilizar los aportes de las mujeres afrodescendientes e ind\u00edgenas del Mercosur\" \/>\n<meta name=\"robots\" content=\"index, follow, max-snippet:-1, max-image-preview:large, max-video-preview:-1\" \/>\n<link rel=\"canonical\" href=\"https:\/\/diariofemenino.com.ar\/df\/escucha-nuestras-voces\/\" \/>\n<meta property=\"og:locale\" content=\"es_ES\" \/>\n<meta property=\"og:type\" content=\"article\" \/>\n<meta property=\"og:title\" content=\"\u201cEscucha nuestras voces\u201d: una campa\u00f1a que busca visibilizar los aportes de las mujeres afrodescendientes e ind\u00edgenas del Mercosur - Diario Digital Femenino\" \/>\n<meta property=\"og:description\" content=\"\u201cEscucha nuestras voces\u201d: una campa\u00f1a que busca visibilizar los aportes de las mujeres afrodescendientes e ind\u00edgenas del Mercosur\" \/>\n<meta property=\"og:url\" content=\"https:\/\/diariofemenino.com.ar\/df\/escucha-nuestras-voces\/\" \/>\n<meta property=\"og:site_name\" content=\"Diario Digital Femenino\" \/>\n<meta property=\"article:publisher\" content=\"https:\/\/www.facebook.com\/DiarioDigitaFemenino\/\" \/>\n<meta property=\"article:published_time\" content=\"2019-07-17T15:13:09+00:00\" \/>\n<meta property=\"article:modified_time\" content=\"2019-07-17T15:22:56+00:00\" \/>\n<meta property=\"og:image\" content=\"https:\/\/diariofemenino.com.ar\/df\/wp-content\/uploads\/2019\/07\/Afro.jpg\" \/>\n\t<meta property=\"og:image:width\" content=\"633\" \/>\n\t<meta property=\"og:image:height\" content=\"249\" \/>\n\t<meta property=\"og:image:type\" content=\"image\/jpeg\" \/>\n<meta name=\"author\" content=\"Admin\" \/>\n<meta name=\"twitter:card\" content=\"summary_large_image\" \/>\n<meta name=\"twitter:creator\" content=\"@DiarioFemenino1\" \/>\n<meta name=\"twitter:site\" content=\"@DiarioFemenino1\" \/>\n<meta name=\"twitter:label1\" content=\"Escrito por\" \/>\n\t<meta name=\"twitter:data1\" content=\"Admin\" \/>\n\t<meta name=\"twitter:label2\" content=\"Tiempo de lectura\" \/>\n\t<meta name=\"twitter:data2\" content=\"3 minutos\" \/>\n<script type=\"application\/ld+json\" class=\"yoast-schema-graph\">{\"@context\":\"https:\\\/\\\/schema.org\",\"@graph\":[{\"@type\":\"Article\",\"@id\":\"https:\\\/\\\/diariofemenino.com.ar\\\/df\\\/escucha-nuestras-voces\\\/#article\",\"isPartOf\":{\"@id\":\"https:\\\/\\\/diariofemenino.com.ar\\\/df\\\/escucha-nuestras-voces\\\/\"},\"author\":{\"name\":\"Admin\",\"@id\":\"https:\\\/\\\/diariofemenino.com.ar\\\/df\\\/#\\\/schema\\\/person\\\/bf6199e8158c657ea6f789b11ec85509\"},\"headline\":\"\u201cEscucha nuestras voces\u201d: una campa\u00f1a que busca visibilizar los aportes de las mujeres afrodescendientes e ind\u00edgenas del Mercosur\",\"datePublished\":\"2019-07-17T15:13:09+00:00\",\"dateModified\":\"2019-07-17T15:22:56+00:00\",\"mainEntityOfPage\":{\"@id\":\"https:\\\/\\\/diariofemenino.com.ar\\\/df\\\/escucha-nuestras-voces\\\/\"},\"wordCount\":664,\"commentCount\":0,\"publisher\":{\"@id\":\"https:\\\/\\\/diariofemenino.com.ar\\\/df\\\/#organization\"},\"image\":{\"@id\":\"https:\\\/\\\/diariofemenino.com.ar\\\/df\\\/escucha-nuestras-voces\\\/#primaryimage\"},\"thumbnailUrl\":\"https:\\\/\\\/diariofemenino.com.ar\\\/df\\\/wp-content\\\/uploads\\\/2019\\\/07\\\/Afro.jpg\",\"keywords\":[\"InMujeres\",\"Mujeres afrodescendientes\",\"mujeres indigenas\",\"Uruguay\"],\"articleSection\":[\"Uncategorized\"],\"inLanguage\":\"es\",\"potentialAction\":[{\"@type\":\"CommentAction\",\"name\":\"Comment\",\"target\":[\"https:\\\/\\\/diariofemenino.com.ar\\\/df\\\/escucha-nuestras-voces\\\/#respond\"]}]},{\"@type\":\"WebPage\",\"@id\":\"https:\\\/\\\/diariofemenino.com.ar\\\/df\\\/escucha-nuestras-voces\\\/\",\"url\":\"https:\\\/\\\/diariofemenino.com.ar\\\/df\\\/escucha-nuestras-voces\\\/\",\"name\":\"\u201cEscucha nuestras voces\u201d: una campa\u00f1a que busca visibilizar los aportes de las mujeres afrodescendientes e ind\u00edgenas del Mercosur - Diario Digital Femenino\",\"isPartOf\":{\"@id\":\"https:\\\/\\\/diariofemenino.com.ar\\\/df\\\/#website\"},\"primaryImageOfPage\":{\"@id\":\"https:\\\/\\\/diariofemenino.com.ar\\\/df\\\/escucha-nuestras-voces\\\/#primaryimage\"},\"image\":{\"@id\":\"https:\\\/\\\/diariofemenino.com.ar\\\/df\\\/escucha-nuestras-voces\\\/#primaryimage\"},\"thumbnailUrl\":\"https:\\\/\\\/diariofemenino.com.ar\\\/df\\\/wp-content\\\/uploads\\\/2019\\\/07\\\/Afro.jpg\",\"datePublished\":\"2019-07-17T15:13:09+00:00\",\"dateModified\":\"2019-07-17T15:22:56+00:00\",\"description\":\"\u201cEscucha nuestras voces\u201d: una campa\u00f1a que busca visibilizar los aportes de las mujeres afrodescendientes e ind\u00edgenas del Mercosur\",\"breadcrumb\":{\"@id\":\"https:\\\/\\\/diariofemenino.com.ar\\\/df\\\/escucha-nuestras-voces\\\/#breadcrumb\"},\"inLanguage\":\"es\",\"potentialAction\":[{\"@type\":\"ReadAction\",\"target\":[\"https:\\\/\\\/diariofemenino.com.ar\\\/df\\\/escucha-nuestras-voces\\\/\"]}]},{\"@type\":\"ImageObject\",\"inLanguage\":\"es\",\"@id\":\"https:\\\/\\\/diariofemenino.com.ar\\\/df\\\/escucha-nuestras-voces\\\/#primaryimage\",\"url\":\"https:\\\/\\\/diariofemenino.com.ar\\\/df\\\/wp-content\\\/uploads\\\/2019\\\/07\\\/Afro.jpg\",\"contentUrl\":\"https:\\\/\\\/diariofemenino.com.ar\\\/df\\\/wp-content\\\/uploads\\\/2019\\\/07\\\/Afro.jpg\",\"width\":633,\"height\":249,\"caption\":\"\u201cEscucha nuestras voces\u201d\"},{\"@type\":\"BreadcrumbList\",\"@id\":\"https:\\\/\\\/diariofemenino.com.ar\\\/df\\\/escucha-nuestras-voces\\\/#breadcrumb\",\"itemListElement\":[{\"@type\":\"ListItem\",\"position\":1,\"name\":\"Portada\",\"item\":\"https:\\\/\\\/diariofemenino.com.ar\\\/df\\\/\"},{\"@type\":\"ListItem\",\"position\":2,\"name\":\"\u201cEscucha nuestras voces\u201d: una campa\u00f1a que busca visibilizar los aportes de las mujeres afrodescendientes e ind\u00edgenas del Mercosur\"}]},{\"@type\":\"WebSite\",\"@id\":\"https:\\\/\\\/diariofemenino.com.ar\\\/df\\\/#website\",\"url\":\"https:\\\/\\\/diariofemenino.com.ar\\\/df\\\/\",\"name\":\"Diario Digital Femenino\",\"description\":\"Cuesti\u00f3n de G\u00e9nero\",\"publisher\":{\"@id\":\"https:\\\/\\\/diariofemenino.com.ar\\\/df\\\/#organization\"},\"potentialAction\":[{\"@type\":\"SearchAction\",\"target\":{\"@type\":\"EntryPoint\",\"urlTemplate\":\"https:\\\/\\\/diariofemenino.com.ar\\\/df\\\/?s={search_term_string}\"},\"query-input\":{\"@type\":\"PropertyValueSpecification\",\"valueRequired\":true,\"valueName\":\"search_term_string\"}}],\"inLanguage\":\"es\"},{\"@type\":\"Organization\",\"@id\":\"https:\\\/\\\/diariofemenino.com.ar\\\/df\\\/#organization\",\"name\":\"Diario Femenino\",\"url\":\"https:\\\/\\\/diariofemenino.com.ar\\\/df\\\/\",\"logo\":{\"@type\":\"ImageObject\",\"inLanguage\":\"es\",\"@id\":\"https:\\\/\\\/diariofemenino.com.ar\\\/df\\\/#\\\/schema\\\/logo\\\/image\\\/\",\"url\":\"https:\\\/\\\/diariofemenino.com.ar\\\/df\\\/wp-content\\\/uploads\\\/2018\\\/10\\\/logo.png\",\"contentUrl\":\"https:\\\/\\\/diariofemenino.com.ar\\\/df\\\/wp-content\\\/uploads\\\/2018\\\/10\\\/logo.png\",\"width\":500,\"height\":92,\"caption\":\"Diario Femenino\"},\"image\":{\"@id\":\"https:\\\/\\\/diariofemenino.com.ar\\\/df\\\/#\\\/schema\\\/logo\\\/image\\\/\"},\"sameAs\":[\"https:\\\/\\\/www.facebook.com\\\/DiarioDigitaFemenino\\\/\",\"https:\\\/\\\/x.com\\\/DiarioFemenino1\"]},{\"@type\":\"Person\",\"@id\":\"https:\\\/\\\/diariofemenino.com.ar\\\/df\\\/#\\\/schema\\\/person\\\/bf6199e8158c657ea6f789b11ec85509\",\"name\":\"Admin\",\"image\":{\"@type\":\"ImageObject\",\"inLanguage\":\"es\",\"@id\":\"https:\\\/\\\/diariofemenino.com.ar\\\/df\\\/wp-content\\\/uploads\\\/2018\\\/12\\\/favicon-150x150.jpg\",\"url\":\"https:\\\/\\\/diariofemenino.com.ar\\\/df\\\/wp-content\\\/uploads\\\/2018\\\/12\\\/favicon-150x150.jpg\",\"contentUrl\":\"https:\\\/\\\/diariofemenino.com.ar\\\/df\\\/wp-content\\\/uploads\\\/2018\\\/12\\\/favicon-150x150.jpg\",\"caption\":\"Admin\"},\"url\":\"https:\\\/\\\/diariofemenino.com.ar\\\/df\\\/author\\\/lenny\\\/\"}]}<\/script>\n<!-- \/ Yoast SEO plugin. -->","yoast_head_json":{"title":"\u201cEscucha nuestras voces\u201d: una campa\u00f1a que busca visibilizar los aportes de las mujeres afrodescendientes e ind\u00edgenas del Mercosur - Diario Digital Femenino","description":"\u201cEscucha nuestras voces\u201d: una campa\u00f1a que busca visibilizar los aportes de las mujeres afrodescendientes e ind\u00edgenas del Mercosur","robots":{"index":"index","follow":"follow","max-snippet":"max-snippet:-1","max-image-preview":"max-image-preview:large","max-video-preview":"max-video-preview:-1"},"canonical":"https:\/\/diariofemenino.com.ar\/df\/escucha-nuestras-voces\/","og_locale":"es_ES","og_type":"article","og_title":"\u201cEscucha nuestras voces\u201d: una campa\u00f1a que busca visibilizar los aportes de las mujeres afrodescendientes e ind\u00edgenas del Mercosur - Diario Digital Femenino","og_description":"\u201cEscucha nuestras voces\u201d: una campa\u00f1a que busca visibilizar los aportes de las mujeres afrodescendientes e ind\u00edgenas del Mercosur","og_url":"https:\/\/diariofemenino.com.ar\/df\/escucha-nuestras-voces\/","og_site_name":"Diario Digital Femenino","article_publisher":"https:\/\/www.facebook.com\/DiarioDigitaFemenino\/","article_published_time":"2019-07-17T15:13:09+00:00","article_modified_time":"2019-07-17T15:22:56+00:00","og_image":[{"width":633,"height":249,"url":"https:\/\/diariofemenino.com.ar\/df\/wp-content\/uploads\/2019\/07\/Afro.jpg","type":"image\/jpeg"}],"author":"Admin","twitter_card":"summary_large_image","twitter_creator":"@DiarioFemenino1","twitter_site":"@DiarioFemenino1","twitter_misc":{"Escrito por":"Admin","Tiempo de lectura":"3 minutos"},"schema":{"@context":"https:\/\/schema.org","@graph":[{"@type":"Article","@id":"https:\/\/diariofemenino.com.ar\/df\/escucha-nuestras-voces\/#article","isPartOf":{"@id":"https:\/\/diariofemenino.com.ar\/df\/escucha-nuestras-voces\/"},"author":{"name":"Admin","@id":"https:\/\/diariofemenino.com.ar\/df\/#\/schema\/person\/bf6199e8158c657ea6f789b11ec85509"},"headline":"\u201cEscucha nuestras voces\u201d: una campa\u00f1a que busca visibilizar los aportes de las mujeres afrodescendientes e ind\u00edgenas del Mercosur","datePublished":"2019-07-17T15:13:09+00:00","dateModified":"2019-07-17T15:22:56+00:00","mainEntityOfPage":{"@id":"https:\/\/diariofemenino.com.ar\/df\/escucha-nuestras-voces\/"},"wordCount":664,"commentCount":0,"publisher":{"@id":"https:\/\/diariofemenino.com.ar\/df\/#organization"},"image":{"@id":"https:\/\/diariofemenino.com.ar\/df\/escucha-nuestras-voces\/#primaryimage"},"thumbnailUrl":"https:\/\/diariofemenino.com.ar\/df\/wp-content\/uploads\/2019\/07\/Afro.jpg","keywords":["InMujeres","Mujeres afrodescendientes","mujeres indigenas","Uruguay"],"articleSection":["Uncategorized"],"inLanguage":"es","potentialAction":[{"@type":"CommentAction","name":"Comment","target":["https:\/\/diariofemenino.com.ar\/df\/escucha-nuestras-voces\/#respond"]}]},{"@type":"WebPage","@id":"https:\/\/diariofemenino.com.ar\/df\/escucha-nuestras-voces\/","url":"https:\/\/diariofemenino.com.ar\/df\/escucha-nuestras-voces\/","name":"\u201cEscucha nuestras voces\u201d: una campa\u00f1a que busca visibilizar los aportes de las mujeres afrodescendientes e ind\u00edgenas del Mercosur - Diario Digital Femenino","isPartOf":{"@id":"https:\/\/diariofemenino.com.ar\/df\/#website"},"primaryImageOfPage":{"@id":"https:\/\/diariofemenino.com.ar\/df\/escucha-nuestras-voces\/#primaryimage"},"image":{"@id":"https:\/\/diariofemenino.com.ar\/df\/escucha-nuestras-voces\/#primaryimage"},"thumbnailUrl":"https:\/\/diariofemenino.com.ar\/df\/wp-content\/uploads\/2019\/07\/Afro.jpg","datePublished":"2019-07-17T15:13:09+00:00","dateModified":"2019-07-17T15:22:56+00:00","description":"\u201cEscucha nuestras voces\u201d: una campa\u00f1a que busca visibilizar los aportes de las mujeres afrodescendientes e ind\u00edgenas del Mercosur","breadcrumb":{"@id":"https:\/\/diariofemenino.com.ar\/df\/escucha-nuestras-voces\/#breadcrumb"},"inLanguage":"es","potentialAction":[{"@type":"ReadAction","target":["https:\/\/diariofemenino.com.ar\/df\/escucha-nuestras-voces\/"]}]},{"@type":"ImageObject","inLanguage":"es","@id":"https:\/\/diariofemenino.com.ar\/df\/escucha-nuestras-voces\/#primaryimage","url":"https:\/\/diariofemenino.com.ar\/df\/wp-content\/uploads\/2019\/07\/Afro.jpg","contentUrl":"https:\/\/diariofemenino.com.ar\/df\/wp-content\/uploads\/2019\/07\/Afro.jpg","width":633,"height":249,"caption":"\u201cEscucha nuestras voces\u201d"},{"@type":"BreadcrumbList","@id":"https:\/\/diariofemenino.com.ar\/df\/escucha-nuestras-voces\/#breadcrumb","itemListElement":[{"@type":"ListItem","position":1,"name":"Portada","item":"https:\/\/diariofemenino.com.ar\/df\/"},{"@type":"ListItem","position":2,"name":"\u201cEscucha nuestras voces\u201d: una campa\u00f1a que busca visibilizar los aportes de las mujeres afrodescendientes e ind\u00edgenas del Mercosur"}]},{"@type":"WebSite","@id":"https:\/\/diariofemenino.com.ar\/df\/#website","url":"https:\/\/diariofemenino.com.ar\/df\/","name":"Diario Digital Femenino","description":"Cuesti\u00f3n de G\u00e9nero","publisher":{"@id":"https:\/\/diariofemenino.com.ar\/df\/#organization"},"potentialAction":[{"@type":"SearchAction","target":{"@type":"EntryPoint","urlTemplate":"https:\/\/diariofemenino.com.ar\/df\/?s={search_term_string}"},"query-input":{"@type":"PropertyValueSpecification","valueRequired":true,"valueName":"search_term_string"}}],"inLanguage":"es"},{"@type":"Organization","@id":"https:\/\/diariofemenino.com.ar\/df\/#organization","name":"Diario Femenino","url":"https:\/\/diariofemenino.com.ar\/df\/","logo":{"@type":"ImageObject","inLanguage":"es","@id":"https:\/\/diariofemenino.com.ar\/df\/#\/schema\/logo\/image\/","url":"https:\/\/diariofemenino.com.ar\/df\/wp-content\/uploads\/2018\/10\/logo.png","contentUrl":"https:\/\/diariofemenino.com.ar\/df\/wp-content\/uploads\/2018\/10\/logo.png","width":500,"height":92,"caption":"Diario Femenino"},"image":{"@id":"https:\/\/diariofemenino.com.ar\/df\/#\/schema\/logo\/image\/"},"sameAs":["https:\/\/www.facebook.com\/DiarioDigitaFemenino\/","https:\/\/x.com\/DiarioFemenino1"]},{"@type":"Person","@id":"https:\/\/diariofemenino.com.ar\/df\/#\/schema\/person\/bf6199e8158c657ea6f789b11ec85509","name":"Admin","image":{"@type":"ImageObject","inLanguage":"es","@id":"https:\/\/diariofemenino.com.ar\/df\/wp-content\/uploads\/2018\/12\/favicon-150x150.jpg","url":"https:\/\/diariofemenino.com.ar\/df\/wp-content\/uploads\/2018\/12\/favicon-150x150.jpg","contentUrl":"https:\/\/diariofemenino.com.ar\/df\/wp-content\/uploads\/2018\/12\/favicon-150x150.jpg","caption":"Admin"},"url":"https:\/\/diariofemenino.com.ar\/df\/author\/lenny\/"}]}},"jetpack_featured_media_url":"https:\/\/diariofemenino.com.ar\/df\/wp-content\/uploads\/2019\/07\/Afro.jpg","jetpack_sharing_enabled":true,"rttpg_featured_image_url":{"full":["https:\/\/diariofemenino.com.ar\/df\/wp-content\/uploads\/2019\/07\/Afro.jpg",633,249,false],"landscape":["https:\/\/diariofemenino.com.ar\/df\/wp-content\/uploads\/2019\/07\/Afro.jpg",633,249,false],"portraits":["https:\/\/diariofemenino.com.ar\/df\/wp-content\/uploads\/2019\/07\/Afro.jpg",633,249,false],"thumbnail":["https:\/\/diariofemenino.com.ar\/df\/wp-content\/uploads\/2019\/07\/Afro-150x150.jpg",150,150,true],"medium":["https:\/\/diariofemenino.com.ar\/df\/wp-content\/uploads\/2019\/07\/Afro-300x118.jpg",300,118,true],"large":["https:\/\/diariofemenino.com.ar\/df\/wp-content\/uploads\/2019\/07\/Afro.jpg",633,249,false],"1536x1536":["https:\/\/diariofemenino.com.ar\/df\/wp-content\/uploads\/2019\/07\/Afro.jpg",633,249,false],"2048x2048":["https:\/\/diariofemenino.com.ar\/df\/wp-content\/uploads\/2019\/07\/Afro.jpg",633,249,false]},"rttpg_author":{"display_name":"Admin","author_link":"https:\/\/diariofemenino.com.ar\/df\/author\/lenny\/"},"rttpg_comment":0,"rttpg_category":"<a href=\"https:\/\/diariofemenino.com.ar\/df\/category\/uncategorized\/\" rel=\"category tag\">Uncategorized<\/a>","rttpg_excerpt":"\u201cEscucha nuestras voces\u201d: una campa\u00f1a que busca visibilizar los aportes de las mujeres afrodescendientes e ind\u00edgenas del Mercosur La iniciativa, impulsada por Inmujeres de Uruguay, consiste en la difusi\u00f3n de materiales audiovisuales y gr\u00e1ficos. \u201cLa situaci\u00f3n de la mujer afro en Uruguay es bastante ajustada. Se tiene como patr\u00f3n que la raza negra es casi&hellip;","_links":{"self":[{"href":"https:\/\/diariofemenino.com.ar\/df\/wp-json\/wp\/v2\/posts\/38519","targetHints":{"allow":["GET"]}}],"collection":[{"href":"https:\/\/diariofemenino.com.ar\/df\/wp-json\/wp\/v2\/posts"}],"about":[{"href":"https:\/\/diariofemenino.com.ar\/df\/wp-json\/wp\/v2\/types\/post"}],"author":[{"embeddable":true,"href":"https:\/\/diariofemenino.com.ar\/df\/wp-json\/wp\/v2\/users\/4"}],"replies":[{"embeddable":true,"href":"https:\/\/diariofemenino.com.ar\/df\/wp-json\/wp\/v2\/comments?post=38519"}],"version-history":[{"count":0,"href":"https:\/\/diariofemenino.com.ar\/df\/wp-json\/wp\/v2\/posts\/38519\/revisions"}],"wp:featuredmedia":[{"embeddable":true,"href":"https:\/\/diariofemenino.com.ar\/df\/wp-json\/wp\/v2\/media\/38521"}],"wp:attachment":[{"href":"https:\/\/diariofemenino.com.ar\/df\/wp-json\/wp\/v2\/media?parent=38519"}],"wp:term":[{"taxonomy":"category","embeddable":true,"href":"https:\/\/diariofemenino.com.ar\/df\/wp-json\/wp\/v2\/categories?post=38519"},{"taxonomy":"post_tag","embeddable":true,"href":"https:\/\/diariofemenino.com.ar\/df\/wp-json\/wp\/v2\/tags?post=38519"}],"curies":[{"name":"wp","href":"https:\/\/api.w.org\/{rel}","templated":true}]}}