{"id":38505,"date":"2019-07-17T10:52:38","date_gmt":"2019-07-17T13:52:38","guid":{"rendered":"https:\/\/diariofemenino.com.ar\/?p=38505"},"modified":"2019-07-17T10:52:38","modified_gmt":"2019-07-17T13:52:38","slug":"aumento-del-misoprostol-se-empuja-a-las-mujeres-al-aborto-inseguro","status":"publish","type":"post","link":"https:\/\/diariofemenino.com.ar\/df\/aumento-del-misoprostol-se-empuja-a-las-mujeres-al-aborto-inseguro\/","title":{"rendered":"Aumento del misoprostol: \u00abSe empuja a las mujeres al aborto inseguro\u00bb"},"content":{"rendered":"<p><strong>La m\u00e9dica Pilar Galende plante\u00f3 que el aumento del precio del misoprostol incrementa la desigualdad social.<\/strong><\/p>\n<p><strong>\u201cSe empuja a las <a href=\"https:\/\/diariofemenino.com.ar\/\">mujeres<\/a> vulnerables a pr\u00e1cticas de aborto inseguras\u201d<\/strong>. La m\u00e9dica Pilar\u00a0<strong>Galende<\/strong>manifest\u00f3 la preocupaci\u00f3n por el incremento \u201cdesmedido\u201d del precio del misoprostol, que torna inaccesible para las mujeres de menores recursos econ\u00f3micos el acceso al medicamento utilizado para interrumpir embarazos. Eso le abre la puerta pr\u00e1cticas de aborto inseguras.<\/p>\n<p>La <a href=\"https:\/\/www.redsaluddecidir.org\/\">Red de Profesionales de la Salud por el Derecho a Decidir<\/a> -que Galende integra desde el a\u00f1o pasado- se\u00f1al\u00f3 que esos procedimientos \u201cda\u00f1an, en muchos casos de manera permanente, la salud de mujeres y personas gestantes\u201d y, en consecuencia, \u201cperpet\u00faa el escenario de injusticia social, en el cual abortar y no perder la vida constituye un privilegio de clase\u201d.<\/p>\n<p>Actualmente el precio del Oxaprost supera los 6000 pesos. En 2012 el precio de la caja de Oxaprost era de 330 pesos. En mayo de este a\u00f1o alcanz\u00f3 los 5875 pesos, lo que representa un 47% del salario m\u00ednimo vital y m\u00f3vil, seg\u00fan el informe N\u00ba 45, de mayo, de la Fundaci\u00f3n Soberan\u00eda Sanitaria.<\/p>\n<p>La red reclama la intervenci\u00f3n del estado para regular el precio.<strong>\u00a0\u201cNo solo fluct\u00faa debido a la profunda crisis econ\u00f3mica que atraviesa nuestro pa\u00eds, tambi\u00e9n lo hace debido a la especulaci\u00f3n del mercado y al <a href=\"https:\/\/diariofemenino.com.ar\/el-estado-comprara-8-000-cajas-de-misoprostol-para-garantizar-los-abortos-legales\/\">poder monop\u00f3lico de las empresas farmac\u00e9uticas<\/a>\u201d, plante\u00f3.<\/strong><\/p>\n<p><em><strong>Mujeres en riesgo<\/strong><\/em><\/p>\n<figure id=\"attachment_38510\" aria-describedby=\"caption-attachment-38510\" style=\"width: 306px\" class=\"wp-caption alignleft\"><img loading=\"lazy\" decoding=\"async\" class=\" wp-image-38510\" src=\"https:\/\/diariofemenino.com.ar\/df\/wp-content\/uploads\/2019\/07\/61593806_2375699845825495_1060448990413193216_n.jpg\" alt=\"Aumento del misoprostol: &quot;Se empuja a las mujeres al aborto inseguro&quot;\" width=\"306\" height=\"306\" srcset=\"https:\/\/diariofemenino.com.ar\/df\/wp-content\/uploads\/2019\/07\/61593806_2375699845825495_1060448990413193216_n.jpg 480w, https:\/\/diariofemenino.com.ar\/df\/wp-content\/uploads\/2019\/07\/61593806_2375699845825495_1060448990413193216_n-150x150.jpg 150w, https:\/\/diariofemenino.com.ar\/df\/wp-content\/uploads\/2019\/07\/61593806_2375699845825495_1060448990413193216_n-300x300.jpg 300w\" sizes=\"auto, (max-width: 306px) 100vw, 306px\" \/><figcaption id=\"caption-attachment-38510\" class=\"wp-caption-text\">Aumento del misoprostol: \u00abSe empuja a las mujeres al aborto inseguro\u00bb<\/figcaption><\/figure>\n<p>Galende explic\u00f3 a <a href=\"https:\/\/eldiariodelapampa.com.ar\/index.php\/secundario\/63583-aumento-del-misoprostol-se-empuja-a-las-muejeres-al-aborto-inseguro\">El Diario<\/a> que el laboratorio Beta hegemoniza la comercializaci\u00f3n en el pa\u00eds del misoprostol, en una f\u00f3rmula combinada que incluye dicloflenac, y reci\u00e9n desde el a\u00f1o pasado se autoriz\u00f3 a un laboratorio nacional, Dom\u00ednguez, la producci\u00f3n del medicamento solo, tanto para la ILE (Interrupci\u00f3n Legal del Embarazo) como para la inducci\u00f3n del parto y otros usos ginecol\u00f3gicos.<\/p>\n<p>Sin embargo, indic\u00f3 que la distribuci\u00f3n del nuevo producto no llega a todas las provincias y \u201cse empez\u00f3 a comercializar con desventaja, todav\u00eda Beta sigue siendo hegem\u00f3nica y marca precio\u201d. \u201cEn La Pampa llega a trav\u00e9s del Programa Nacional de Derechos Sociales Reproductivos, pero entiendo que no est\u00e1 en todas las farmacias\u201d, indic\u00f3.<\/p>\n<p>La m\u00e9dica se\u00f1al\u00f3 que la nueva marca es m\u00e1s econ\u00f3mica y tiene un blister de 12 comprimidos, que son los necesarios para un aborto, mientras que el laboratorio Beta impone una caja de 16. \u201cHay una diferencia del 50%. Domiguez est\u00e1 a 3 mil y algo y el Oxaprost, 6 mil pesos. M\u00e1s o menos esos son los precios\u201d, compar\u00f3.<\/p>\n<p>Galende apunt\u00f3 que el uso difundido del misoprostol fue acompa\u00f1ado progresivamente por las redes y el crecimiento de la aplicaci\u00f3n del protocolo de ILE en los hospitales p\u00fablicos.\u00a0<strong>\u201cEso habilit\u00f3 a muchos estados provinciales a ofrecerlo gratuitamente, como debe ser, y el Programa Nacional de Derechos Reproductivos tambi\u00e9n brinda ese insumo\u201d, acot\u00f3.<\/strong><\/p>\n<p>El acceso al misoprostol en los hospitales tiene relaci\u00f3n a la ILE, abortos autorizados por razones de salud o por violaci\u00f3n. Sin embargo, las mujeres que no acceden a la ILE, deben comprar comprar el Misoprostol y el aumento desmedido pone en riesgo a las mujeres m\u00e1s vulnerables de \u201cvolver a caer en situaciones de abortos inseguros\u201d.<\/p>\n<p>\u201cSin dudas, la mayor preocupaci\u00f3n que tenemos es el aborto inseguro. El uso difundido y el acceso al misoprostol por parte de las mujeres no depende de los servicios de salud. Muchas mujeres acceden a la medicaci\u00f3n a trav\u00e9s de otros circuitos, hay mucho trabajo de organizaciones en el uso correcto, acompa\u00f1an el proceso de un aborto seguro porque hasta la semana 12 puede hacerse en forma domiciliaria y ambulatoria sin complicaciones\u201d, explic\u00f3.<\/p>\n<p>Galende alert\u00f3 que \u201cel impacto (del aumento del precio) es directo\u201d.<strong>\u00a0\u201cViene aumentando al calor de la inflaci\u00f3n y de la estrategia de hacer m\u00e1s dif\u00edcil el acceso. En 2014 se acord\u00f3 la incorporaci\u00f3n en el programa Precios Cuidados para mantener el precio, pero Beta no lo respet\u00f3\u201d<\/strong>, record\u00f3.<\/p>\n<p><em><strong>Sin cobertura<\/strong>\u00a0<\/em><\/p>\n<p>Desde 2005 la Organizaci\u00f3n Mundial de la Salud incluy\u00f3 el misoprostol en el listado de medicamentos esenciales, aquellos que \u201cjustamente tienen un impacto sanitario importante\u201d. Tambi\u00e9n las estad\u00edsticas indican que en Latinoam\u00e9rica los abortos inseguros son la principal causa de muerte materna.<\/p>\n<p>La m\u00e9dica pampeana se\u00f1al\u00f3 que no existen estad\u00edsticas oficiales en el pa\u00eds respecto a los abortos<strong>. \u201cEs una deuda. Se est\u00e1n construyendo. Se estima que hay entre 300 y 500 mil aborto en la Argentina, proyectando los abortos que llegan al sistema sobre aquellos que no lo atraviesan\u201d, indic\u00f3.<\/strong><\/p>\n<p>\u201cHay abortos que no est\u00e1n dentro del sistema pero que son seguros. Pero el problema son los abortos inseguros en los que se acude a pr\u00e1cticas o insumos que producen riesgos para la salud o la vida de las mujeres. Se hacen en condiciones insalubres o con el acompa\u00f1amiento de personas no capacitadas. Eso nos preocupa y nos alerta porque sabemos adem\u00e1s que los protocolos de ILE no se aplican en todas las provincias\u201d, advirti\u00f3.<\/p>\n<p>Si bien en La Pampa \u201cel acceso al Misoprostol est\u00e1 garantizado en todo el sistema p\u00fablico\u201d, Galende reconoci\u00f3 que les preocupa que \u201cen el sector privado no se implementa el protocolo\u201d.<\/p>\n<p>En ese sentido, mencion\u00f3 el caso reciente, con repercusi\u00f3n p\u00fablica, de una paciente que fue derivada de la parte privada al Molas para que le realicen esa pr\u00e1ctica.<\/p>\n<p><strong>\u201cTambi\u00e9n tenemos una deuda pendiente respecto a las obras sociales y las prepagas que no cubren el misoprostol. Eso implica derivaciones a la parte p\u00fablica\u201d, insisti\u00f3.<\/strong><\/p>\n<p>\u201cEl acceso al medicamento en la parte privada es un n\u00facleo duro. Las mujeres no siempre tienen dinero, aunque tengan obra social, porque adem\u00e1s hay posibilidades de falla y pueden necesitar comprar m\u00e1s de una vez el medicamento\u201d, se\u00f1al\u00f3.<\/p>\n<p>\u201cLa preocupaci\u00f3n central ante el aumento del medicamento es que tenemos mujeres en situaci\u00f3n de aborto con las que venimos haciendo un trabajo de acompa\u00f1amiento. Pero sabemos que muchas no atraviesan los servicios de salud y son mujeres que acceden al misoprostol y est\u00e1n en situaci\u00f3n de vulnerabilidad econ\u00f3mica y social\u201d, concluy\u00f3.<\/p>\n<p>&nbsp;<\/p>\n<p><a href=\"https:\/\/eldiariodelapampa.com.ar\/\">El Diario<\/a><\/p>\n","protected":false},"excerpt":{"rendered":"<p>La m\u00e9dica Pilar Galende plante\u00f3 que el aumento del precio del misoprostol incrementa la desigualdad social. \u201cSe empuja a las mujeres vulnerables a pr\u00e1cticas de aborto inseguras\u201d. La m\u00e9dica Pilar\u00a0Galendemanifest\u00f3 la preocupaci\u00f3n por el incremento \u201cdesmedido\u201d del precio del misoprostol, que torna inaccesible para las mujeres de menores recursos econ\u00f3micos el acceso al medicamento utilizado [&hellip;]<\/p>\n","protected":false},"author":4,"featured_media":38507,"comment_status":"open","ping_status":"open","sticky":false,"template":"","format":"standard","meta":{"iawp_total_views":2,"footnotes":""},"categories":[1067,21,23],"tags":[53,10,26,598,1708,1709],"class_list":["post-38505","post","type-post","status-publish","format-standard","has-post-thumbnail","hentry","category-agenda-feminista","category-noticias","category-salud","tag-derechos-de-las-mujeres","tag-derechos-sexuales-y-reproductivos","tag-feminismo","tag-misoprostol","tag-pilar-galende","tag-red-de-profesionales-de-la-salud-por-el-derecho-a-decidir"],"nelio_content":{"autoShareEndMode":"never","automationSources":{"useCustomSentences":false,"customSentences":[]},"efiAlt":"","efiUrl":"","followers":[4],"highlights":[],"isAutoShareEnabled":true,"networkImageIds":[],"permalinkQueryArgs":[],"series":[],"suggestedReferences":[]},"yoast_head":"<!-- This site is optimized with the Yoast SEO plugin v27.5 - https:\/\/yoast.com\/product\/yoast-seo-wordpress\/ -->\n<title>Aumento del misoprostol: &quot;Se empuja a las mujeres al aborto inseguro&quot; - Diario Digital Femenino<\/title>\n<meta name=\"description\" content=\"Aumento del misoprostol: &quot;Se empuja a las mujeres al aborto inseguro&quot; Pilar Galende plante\u00f3 que el aumento del misoprostol incrementa la desigualdad social.\" \/>\n<meta name=\"robots\" content=\"index, follow, max-snippet:-1, max-image-preview:large, max-video-preview:-1\" \/>\n<link rel=\"canonical\" href=\"https:\/\/diariofemenino.com.ar\/df\/aumento-del-misoprostol-se-empuja-a-las-mujeres-al-aborto-inseguro\/\" \/>\n<meta property=\"og:locale\" content=\"es_ES\" \/>\n<meta property=\"og:type\" content=\"article\" \/>\n<meta property=\"og:title\" content=\"Aumento del misoprostol: &quot;Se empuja a las mujeres al aborto inseguro&quot; - Diario Digital Femenino\" \/>\n<meta property=\"og:description\" content=\"Aumento del misoprostol: &quot;Se empuja a las mujeres al aborto inseguro&quot; Pilar Galende plante\u00f3 que el aumento del misoprostol incrementa la desigualdad social.\" \/>\n<meta property=\"og:url\" content=\"https:\/\/diariofemenino.com.ar\/df\/aumento-del-misoprostol-se-empuja-a-las-mujeres-al-aborto-inseguro\/\" \/>\n<meta property=\"og:site_name\" content=\"Diario Digital Femenino\" \/>\n<meta property=\"article:publisher\" content=\"https:\/\/www.facebook.com\/DiarioDigitaFemenino\/\" \/>\n<meta property=\"article:published_time\" content=\"2019-07-17T13:52:38+00:00\" \/>\n<meta property=\"og:image\" content=\"https:\/\/diariofemenino.com.ar\/df\/wp-content\/uploads\/2019\/07\/chaquetazo1.jpg\" \/>\n\t<meta property=\"og:image:width\" content=\"650\" \/>\n\t<meta property=\"og:image:height\" content=\"422\" \/>\n\t<meta property=\"og:image:type\" content=\"image\/jpeg\" \/>\n<meta name=\"author\" content=\"Admin\" \/>\n<meta name=\"twitter:card\" content=\"summary_large_image\" \/>\n<meta name=\"twitter:creator\" content=\"@DiarioFemenino1\" \/>\n<meta name=\"twitter:site\" content=\"@DiarioFemenino1\" \/>\n<meta name=\"twitter:label1\" content=\"Escrito por\" \/>\n\t<meta name=\"twitter:data1\" content=\"Admin\" \/>\n\t<meta name=\"twitter:label2\" content=\"Tiempo de lectura\" \/>\n\t<meta name=\"twitter:data2\" content=\"5 minutos\" \/>\n<script type=\"application\/ld+json\" class=\"yoast-schema-graph\">{\"@context\":\"https:\\\/\\\/schema.org\",\"@graph\":[{\"@type\":\"Article\",\"@id\":\"https:\\\/\\\/diariofemenino.com.ar\\\/df\\\/aumento-del-misoprostol-se-empuja-a-las-mujeres-al-aborto-inseguro\\\/#article\",\"isPartOf\":{\"@id\":\"https:\\\/\\\/diariofemenino.com.ar\\\/df\\\/aumento-del-misoprostol-se-empuja-a-las-mujeres-al-aborto-inseguro\\\/\"},\"author\":{\"name\":\"Admin\",\"@id\":\"https:\\\/\\\/diariofemenino.com.ar\\\/df\\\/#\\\/schema\\\/person\\\/bf6199e8158c657ea6f789b11ec85509\"},\"headline\":\"Aumento del misoprostol: \u00abSe empuja a las mujeres al aborto inseguro\u00bb\",\"datePublished\":\"2019-07-17T13:52:38+00:00\",\"mainEntityOfPage\":{\"@id\":\"https:\\\/\\\/diariofemenino.com.ar\\\/df\\\/aumento-del-misoprostol-se-empuja-a-las-mujeres-al-aborto-inseguro\\\/\"},\"wordCount\":1078,\"commentCount\":0,\"publisher\":{\"@id\":\"https:\\\/\\\/diariofemenino.com.ar\\\/df\\\/#organization\"},\"image\":{\"@id\":\"https:\\\/\\\/diariofemenino.com.ar\\\/df\\\/aumento-del-misoprostol-se-empuja-a-las-mujeres-al-aborto-inseguro\\\/#primaryimage\"},\"thumbnailUrl\":\"https:\\\/\\\/diariofemenino.com.ar\\\/df\\\/wp-content\\\/uploads\\\/2019\\\/07\\\/chaquetazo1.jpg\",\"keywords\":[\"Derechos de las mujeres\",\"Derechos sexuales y reproductivos\",\"Feminismo\",\"Misoprostol\",\"Pilar Galende\",\"Red de Profesionales de la Salud por el Derecho a Decidir\"],\"articleSection\":[\"Agenda Feminista\",\"Noticias\",\"Salud\"],\"inLanguage\":\"es\",\"potentialAction\":[{\"@type\":\"CommentAction\",\"name\":\"Comment\",\"target\":[\"https:\\\/\\\/diariofemenino.com.ar\\\/df\\\/aumento-del-misoprostol-se-empuja-a-las-mujeres-al-aborto-inseguro\\\/#respond\"]}]},{\"@type\":\"WebPage\",\"@id\":\"https:\\\/\\\/diariofemenino.com.ar\\\/df\\\/aumento-del-misoprostol-se-empuja-a-las-mujeres-al-aborto-inseguro\\\/\",\"url\":\"https:\\\/\\\/diariofemenino.com.ar\\\/df\\\/aumento-del-misoprostol-se-empuja-a-las-mujeres-al-aborto-inseguro\\\/\",\"name\":\"Aumento del misoprostol: \\\"Se empuja a las mujeres al aborto inseguro\\\" - Diario Digital Femenino\",\"isPartOf\":{\"@id\":\"https:\\\/\\\/diariofemenino.com.ar\\\/df\\\/#website\"},\"primaryImageOfPage\":{\"@id\":\"https:\\\/\\\/diariofemenino.com.ar\\\/df\\\/aumento-del-misoprostol-se-empuja-a-las-mujeres-al-aborto-inseguro\\\/#primaryimage\"},\"image\":{\"@id\":\"https:\\\/\\\/diariofemenino.com.ar\\\/df\\\/aumento-del-misoprostol-se-empuja-a-las-mujeres-al-aborto-inseguro\\\/#primaryimage\"},\"thumbnailUrl\":\"https:\\\/\\\/diariofemenino.com.ar\\\/df\\\/wp-content\\\/uploads\\\/2019\\\/07\\\/chaquetazo1.jpg\",\"datePublished\":\"2019-07-17T13:52:38+00:00\",\"description\":\"Aumento del misoprostol: \\\"Se empuja a las mujeres al aborto inseguro\\\" Pilar Galende plante\u00f3 que el aumento del misoprostol incrementa la desigualdad social.\",\"breadcrumb\":{\"@id\":\"https:\\\/\\\/diariofemenino.com.ar\\\/df\\\/aumento-del-misoprostol-se-empuja-a-las-mujeres-al-aborto-inseguro\\\/#breadcrumb\"},\"inLanguage\":\"es\",\"potentialAction\":[{\"@type\":\"ReadAction\",\"target\":[\"https:\\\/\\\/diariofemenino.com.ar\\\/df\\\/aumento-del-misoprostol-se-empuja-a-las-mujeres-al-aborto-inseguro\\\/\"]}]},{\"@type\":\"ImageObject\",\"inLanguage\":\"es\",\"@id\":\"https:\\\/\\\/diariofemenino.com.ar\\\/df\\\/aumento-del-misoprostol-se-empuja-a-las-mujeres-al-aborto-inseguro\\\/#primaryimage\",\"url\":\"https:\\\/\\\/diariofemenino.com.ar\\\/df\\\/wp-content\\\/uploads\\\/2019\\\/07\\\/chaquetazo1.jpg\",\"contentUrl\":\"https:\\\/\\\/diariofemenino.com.ar\\\/df\\\/wp-content\\\/uploads\\\/2019\\\/07\\\/chaquetazo1.jpg\",\"width\":650,\"height\":422,\"caption\":\"Aumento del misoprostol\"},{\"@type\":\"BreadcrumbList\",\"@id\":\"https:\\\/\\\/diariofemenino.com.ar\\\/df\\\/aumento-del-misoprostol-se-empuja-a-las-mujeres-al-aborto-inseguro\\\/#breadcrumb\",\"itemListElement\":[{\"@type\":\"ListItem\",\"position\":1,\"name\":\"Portada\",\"item\":\"https:\\\/\\\/diariofemenino.com.ar\\\/df\\\/\"},{\"@type\":\"ListItem\",\"position\":2,\"name\":\"Aumento del misoprostol: \u00abSe empuja a las mujeres al aborto inseguro\u00bb\"}]},{\"@type\":\"WebSite\",\"@id\":\"https:\\\/\\\/diariofemenino.com.ar\\\/df\\\/#website\",\"url\":\"https:\\\/\\\/diariofemenino.com.ar\\\/df\\\/\",\"name\":\"Diario Digital Femenino\",\"description\":\"Cuesti\u00f3n de G\u00e9nero\",\"publisher\":{\"@id\":\"https:\\\/\\\/diariofemenino.com.ar\\\/df\\\/#organization\"},\"potentialAction\":[{\"@type\":\"SearchAction\",\"target\":{\"@type\":\"EntryPoint\",\"urlTemplate\":\"https:\\\/\\\/diariofemenino.com.ar\\\/df\\\/?s={search_term_string}\"},\"query-input\":{\"@type\":\"PropertyValueSpecification\",\"valueRequired\":true,\"valueName\":\"search_term_string\"}}],\"inLanguage\":\"es\"},{\"@type\":\"Organization\",\"@id\":\"https:\\\/\\\/diariofemenino.com.ar\\\/df\\\/#organization\",\"name\":\"Diario Femenino\",\"url\":\"https:\\\/\\\/diariofemenino.com.ar\\\/df\\\/\",\"logo\":{\"@type\":\"ImageObject\",\"inLanguage\":\"es\",\"@id\":\"https:\\\/\\\/diariofemenino.com.ar\\\/df\\\/#\\\/schema\\\/logo\\\/image\\\/\",\"url\":\"https:\\\/\\\/diariofemenino.com.ar\\\/df\\\/wp-content\\\/uploads\\\/2018\\\/10\\\/logo.png\",\"contentUrl\":\"https:\\\/\\\/diariofemenino.com.ar\\\/df\\\/wp-content\\\/uploads\\\/2018\\\/10\\\/logo.png\",\"width\":500,\"height\":92,\"caption\":\"Diario Femenino\"},\"image\":{\"@id\":\"https:\\\/\\\/diariofemenino.com.ar\\\/df\\\/#\\\/schema\\\/logo\\\/image\\\/\"},\"sameAs\":[\"https:\\\/\\\/www.facebook.com\\\/DiarioDigitaFemenino\\\/\",\"https:\\\/\\\/x.com\\\/DiarioFemenino1\"]},{\"@type\":\"Person\",\"@id\":\"https:\\\/\\\/diariofemenino.com.ar\\\/df\\\/#\\\/schema\\\/person\\\/bf6199e8158c657ea6f789b11ec85509\",\"name\":\"Admin\",\"image\":{\"@type\":\"ImageObject\",\"inLanguage\":\"es\",\"@id\":\"https:\\\/\\\/diariofemenino.com.ar\\\/df\\\/wp-content\\\/uploads\\\/2018\\\/12\\\/favicon-150x150.jpg\",\"url\":\"https:\\\/\\\/diariofemenino.com.ar\\\/df\\\/wp-content\\\/uploads\\\/2018\\\/12\\\/favicon-150x150.jpg\",\"contentUrl\":\"https:\\\/\\\/diariofemenino.com.ar\\\/df\\\/wp-content\\\/uploads\\\/2018\\\/12\\\/favicon-150x150.jpg\",\"caption\":\"Admin\"},\"url\":\"https:\\\/\\\/diariofemenino.com.ar\\\/df\\\/author\\\/lenny\\\/\"}]}<\/script>\n<!-- \/ Yoast SEO plugin. -->","yoast_head_json":{"title":"Aumento del misoprostol: \"Se empuja a las mujeres al aborto inseguro\" - Diario Digital Femenino","description":"Aumento del misoprostol: \"Se empuja a las mujeres al aborto inseguro\" Pilar Galende plante\u00f3 que el aumento del misoprostol incrementa la desigualdad social.","robots":{"index":"index","follow":"follow","max-snippet":"max-snippet:-1","max-image-preview":"max-image-preview:large","max-video-preview":"max-video-preview:-1"},"canonical":"https:\/\/diariofemenino.com.ar\/df\/aumento-del-misoprostol-se-empuja-a-las-mujeres-al-aborto-inseguro\/","og_locale":"es_ES","og_type":"article","og_title":"Aumento del misoprostol: \"Se empuja a las mujeres al aborto inseguro\" - Diario Digital Femenino","og_description":"Aumento del misoprostol: \"Se empuja a las mujeres al aborto inseguro\" Pilar Galende plante\u00f3 que el aumento del misoprostol incrementa la desigualdad social.","og_url":"https:\/\/diariofemenino.com.ar\/df\/aumento-del-misoprostol-se-empuja-a-las-mujeres-al-aborto-inseguro\/","og_site_name":"Diario Digital Femenino","article_publisher":"https:\/\/www.facebook.com\/DiarioDigitaFemenino\/","article_published_time":"2019-07-17T13:52:38+00:00","og_image":[{"width":650,"height":422,"url":"https:\/\/diariofemenino.com.ar\/df\/wp-content\/uploads\/2019\/07\/chaquetazo1.jpg","type":"image\/jpeg"}],"author":"Admin","twitter_card":"summary_large_image","twitter_creator":"@DiarioFemenino1","twitter_site":"@DiarioFemenino1","twitter_misc":{"Escrito por":"Admin","Tiempo de lectura":"5 minutos"},"schema":{"@context":"https:\/\/schema.org","@graph":[{"@type":"Article","@id":"https:\/\/diariofemenino.com.ar\/df\/aumento-del-misoprostol-se-empuja-a-las-mujeres-al-aborto-inseguro\/#article","isPartOf":{"@id":"https:\/\/diariofemenino.com.ar\/df\/aumento-del-misoprostol-se-empuja-a-las-mujeres-al-aborto-inseguro\/"},"author":{"name":"Admin","@id":"https:\/\/diariofemenino.com.ar\/df\/#\/schema\/person\/bf6199e8158c657ea6f789b11ec85509"},"headline":"Aumento del misoprostol: \u00abSe empuja a las mujeres al aborto inseguro\u00bb","datePublished":"2019-07-17T13:52:38+00:00","mainEntityOfPage":{"@id":"https:\/\/diariofemenino.com.ar\/df\/aumento-del-misoprostol-se-empuja-a-las-mujeres-al-aborto-inseguro\/"},"wordCount":1078,"commentCount":0,"publisher":{"@id":"https:\/\/diariofemenino.com.ar\/df\/#organization"},"image":{"@id":"https:\/\/diariofemenino.com.ar\/df\/aumento-del-misoprostol-se-empuja-a-las-mujeres-al-aborto-inseguro\/#primaryimage"},"thumbnailUrl":"https:\/\/diariofemenino.com.ar\/df\/wp-content\/uploads\/2019\/07\/chaquetazo1.jpg","keywords":["Derechos de las mujeres","Derechos sexuales y reproductivos","Feminismo","Misoprostol","Pilar Galende","Red de Profesionales de la Salud por el Derecho a Decidir"],"articleSection":["Agenda Feminista","Noticias","Salud"],"inLanguage":"es","potentialAction":[{"@type":"CommentAction","name":"Comment","target":["https:\/\/diariofemenino.com.ar\/df\/aumento-del-misoprostol-se-empuja-a-las-mujeres-al-aborto-inseguro\/#respond"]}]},{"@type":"WebPage","@id":"https:\/\/diariofemenino.com.ar\/df\/aumento-del-misoprostol-se-empuja-a-las-mujeres-al-aborto-inseguro\/","url":"https:\/\/diariofemenino.com.ar\/df\/aumento-del-misoprostol-se-empuja-a-las-mujeres-al-aborto-inseguro\/","name":"Aumento del misoprostol: \"Se empuja a las mujeres al aborto inseguro\" - Diario Digital Femenino","isPartOf":{"@id":"https:\/\/diariofemenino.com.ar\/df\/#website"},"primaryImageOfPage":{"@id":"https:\/\/diariofemenino.com.ar\/df\/aumento-del-misoprostol-se-empuja-a-las-mujeres-al-aborto-inseguro\/#primaryimage"},"image":{"@id":"https:\/\/diariofemenino.com.ar\/df\/aumento-del-misoprostol-se-empuja-a-las-mujeres-al-aborto-inseguro\/#primaryimage"},"thumbnailUrl":"https:\/\/diariofemenino.com.ar\/df\/wp-content\/uploads\/2019\/07\/chaquetazo1.jpg","datePublished":"2019-07-17T13:52:38+00:00","description":"Aumento del misoprostol: \"Se empuja a las mujeres al aborto inseguro\" Pilar Galende plante\u00f3 que el aumento del misoprostol incrementa la desigualdad social.","breadcrumb":{"@id":"https:\/\/diariofemenino.com.ar\/df\/aumento-del-misoprostol-se-empuja-a-las-mujeres-al-aborto-inseguro\/#breadcrumb"},"inLanguage":"es","potentialAction":[{"@type":"ReadAction","target":["https:\/\/diariofemenino.com.ar\/df\/aumento-del-misoprostol-se-empuja-a-las-mujeres-al-aborto-inseguro\/"]}]},{"@type":"ImageObject","inLanguage":"es","@id":"https:\/\/diariofemenino.com.ar\/df\/aumento-del-misoprostol-se-empuja-a-las-mujeres-al-aborto-inseguro\/#primaryimage","url":"https:\/\/diariofemenino.com.ar\/df\/wp-content\/uploads\/2019\/07\/chaquetazo1.jpg","contentUrl":"https:\/\/diariofemenino.com.ar\/df\/wp-content\/uploads\/2019\/07\/chaquetazo1.jpg","width":650,"height":422,"caption":"Aumento del misoprostol"},{"@type":"BreadcrumbList","@id":"https:\/\/diariofemenino.com.ar\/df\/aumento-del-misoprostol-se-empuja-a-las-mujeres-al-aborto-inseguro\/#breadcrumb","itemListElement":[{"@type":"ListItem","position":1,"name":"Portada","item":"https:\/\/diariofemenino.com.ar\/df\/"},{"@type":"ListItem","position":2,"name":"Aumento del misoprostol: \u00abSe empuja a las mujeres al aborto inseguro\u00bb"}]},{"@type":"WebSite","@id":"https:\/\/diariofemenino.com.ar\/df\/#website","url":"https:\/\/diariofemenino.com.ar\/df\/","name":"Diario Digital Femenino","description":"Cuesti\u00f3n de G\u00e9nero","publisher":{"@id":"https:\/\/diariofemenino.com.ar\/df\/#organization"},"potentialAction":[{"@type":"SearchAction","target":{"@type":"EntryPoint","urlTemplate":"https:\/\/diariofemenino.com.ar\/df\/?s={search_term_string}"},"query-input":{"@type":"PropertyValueSpecification","valueRequired":true,"valueName":"search_term_string"}}],"inLanguage":"es"},{"@type":"Organization","@id":"https:\/\/diariofemenino.com.ar\/df\/#organization","name":"Diario Femenino","url":"https:\/\/diariofemenino.com.ar\/df\/","logo":{"@type":"ImageObject","inLanguage":"es","@id":"https:\/\/diariofemenino.com.ar\/df\/#\/schema\/logo\/image\/","url":"https:\/\/diariofemenino.com.ar\/df\/wp-content\/uploads\/2018\/10\/logo.png","contentUrl":"https:\/\/diariofemenino.com.ar\/df\/wp-content\/uploads\/2018\/10\/logo.png","width":500,"height":92,"caption":"Diario Femenino"},"image":{"@id":"https:\/\/diariofemenino.com.ar\/df\/#\/schema\/logo\/image\/"},"sameAs":["https:\/\/www.facebook.com\/DiarioDigitaFemenino\/","https:\/\/x.com\/DiarioFemenino1"]},{"@type":"Person","@id":"https:\/\/diariofemenino.com.ar\/df\/#\/schema\/person\/bf6199e8158c657ea6f789b11ec85509","name":"Admin","image":{"@type":"ImageObject","inLanguage":"es","@id":"https:\/\/diariofemenino.com.ar\/df\/wp-content\/uploads\/2018\/12\/favicon-150x150.jpg","url":"https:\/\/diariofemenino.com.ar\/df\/wp-content\/uploads\/2018\/12\/favicon-150x150.jpg","contentUrl":"https:\/\/diariofemenino.com.ar\/df\/wp-content\/uploads\/2018\/12\/favicon-150x150.jpg","caption":"Admin"},"url":"https:\/\/diariofemenino.com.ar\/df\/author\/lenny\/"}]}},"jetpack_featured_media_url":"https:\/\/diariofemenino.com.ar\/df\/wp-content\/uploads\/2019\/07\/chaquetazo1.jpg","jetpack_sharing_enabled":true,"rttpg_featured_image_url":{"full":["https:\/\/diariofemenino.com.ar\/df\/wp-content\/uploads\/2019\/07\/chaquetazo1.jpg",650,422,false],"landscape":["https:\/\/diariofemenino.com.ar\/df\/wp-content\/uploads\/2019\/07\/chaquetazo1.jpg",650,422,false],"portraits":["https:\/\/diariofemenino.com.ar\/df\/wp-content\/uploads\/2019\/07\/chaquetazo1.jpg",650,422,false],"thumbnail":["https:\/\/diariofemenino.com.ar\/df\/wp-content\/uploads\/2019\/07\/chaquetazo1-150x150.jpg",150,150,true],"medium":["https:\/\/diariofemenino.com.ar\/df\/wp-content\/uploads\/2019\/07\/chaquetazo1-300x195.jpg",300,195,true],"large":["https:\/\/diariofemenino.com.ar\/df\/wp-content\/uploads\/2019\/07\/chaquetazo1.jpg",650,422,false],"1536x1536":["https:\/\/diariofemenino.com.ar\/df\/wp-content\/uploads\/2019\/07\/chaquetazo1.jpg",650,422,false],"2048x2048":["https:\/\/diariofemenino.com.ar\/df\/wp-content\/uploads\/2019\/07\/chaquetazo1.jpg",650,422,false]},"rttpg_author":{"display_name":"Admin","author_link":"https:\/\/diariofemenino.com.ar\/df\/author\/lenny\/"},"rttpg_comment":0,"rttpg_category":"<a href=\"https:\/\/diariofemenino.com.ar\/df\/category\/agenda-feminista\/\" rel=\"category tag\">Agenda Feminista<\/a> <a href=\"https:\/\/diariofemenino.com.ar\/df\/category\/noticias\/\" rel=\"category tag\">Noticias<\/a> <a href=\"https:\/\/diariofemenino.com.ar\/df\/category\/salud\/\" rel=\"category tag\">Salud<\/a>","rttpg_excerpt":"La m\u00e9dica Pilar Galende plante\u00f3 que el aumento del precio del misoprostol incrementa la desigualdad social. \u201cSe empuja a las mujeres vulnerables a pr\u00e1cticas de aborto inseguras\u201d. La m\u00e9dica Pilar\u00a0Galendemanifest\u00f3 la preocupaci\u00f3n por el incremento \u201cdesmedido\u201d del precio del misoprostol, que torna inaccesible para las mujeres de menores recursos econ\u00f3micos el acceso al medicamento utilizado&hellip;","_links":{"self":[{"href":"https:\/\/diariofemenino.com.ar\/df\/wp-json\/wp\/v2\/posts\/38505","targetHints":{"allow":["GET"]}}],"collection":[{"href":"https:\/\/diariofemenino.com.ar\/df\/wp-json\/wp\/v2\/posts"}],"about":[{"href":"https:\/\/diariofemenino.com.ar\/df\/wp-json\/wp\/v2\/types\/post"}],"author":[{"embeddable":true,"href":"https:\/\/diariofemenino.com.ar\/df\/wp-json\/wp\/v2\/users\/4"}],"replies":[{"embeddable":true,"href":"https:\/\/diariofemenino.com.ar\/df\/wp-json\/wp\/v2\/comments?post=38505"}],"version-history":[{"count":0,"href":"https:\/\/diariofemenino.com.ar\/df\/wp-json\/wp\/v2\/posts\/38505\/revisions"}],"wp:featuredmedia":[{"embeddable":true,"href":"https:\/\/diariofemenino.com.ar\/df\/wp-json\/wp\/v2\/media\/38507"}],"wp:attachment":[{"href":"https:\/\/diariofemenino.com.ar\/df\/wp-json\/wp\/v2\/media?parent=38505"}],"wp:term":[{"taxonomy":"category","embeddable":true,"href":"https:\/\/diariofemenino.com.ar\/df\/wp-json\/wp\/v2\/categories?post=38505"},{"taxonomy":"post_tag","embeddable":true,"href":"https:\/\/diariofemenino.com.ar\/df\/wp-json\/wp\/v2\/tags?post=38505"}],"curies":[{"name":"wp","href":"https:\/\/api.w.org\/{rel}","templated":true}]}}