{"id":38489,"date":"2019-07-16T19:39:23","date_gmt":"2019-07-16T22:39:23","guid":{"rendered":"https:\/\/diariofemenino.com.ar\/?p=38489"},"modified":"2019-07-16T19:44:20","modified_gmt":"2019-07-16T22:44:20","slug":"una-lectura-feminista-de-la-deuda","status":"publish","type":"post","link":"https:\/\/diariofemenino.com.ar\/df\/una-lectura-feminista-de-la-deuda\/","title":{"rendered":"Una lectura feminista de la deuda"},"content":{"rendered":"<p style=\"text-align: center;\"><strong>Una lectura feminista de la deuda<\/strong><br \/>\n\u00a1Vivas, libres y desendeudadas nos queremos!<br \/>\n(libro completo para descargar)<\/p>\n<p><strong>Sacar del closet a la deuda<\/strong><\/p>\n<p><strong>Introducci\u00f3n<br \/>\n<\/strong>(descargar en portada)<\/p>\n<figure id=\"attachment_38490\" aria-describedby=\"caption-attachment-38490\" style=\"width: 373px\" class=\"wp-caption alignleft\"><a href=\"https:\/\/diariofemenino.com.ar\/df\/wp-content\/uploads\/2019\/07\/lectura-feminista-deuda-PANTALLAS.pdf\"><img loading=\"lazy\" decoding=\"async\" class=\"size-full wp-image-38490\" src=\"https:\/\/diariofemenino.com.ar\/df\/wp-content\/uploads\/2019\/07\/Lectura-feminista.jpg\" alt=\"Una lectura feminista de la deuda\" width=\"373\" height=\"575\" srcset=\"https:\/\/diariofemenino.com.ar\/df\/wp-content\/uploads\/2019\/07\/Lectura-feminista.jpg 373w, https:\/\/diariofemenino.com.ar\/df\/wp-content\/uploads\/2019\/07\/Lectura-feminista-195x300.jpg 195w\" sizes=\"auto, (max-width: 373px) 100vw, 373px\" \/><\/a><figcaption id=\"caption-attachment-38490\" class=\"wp-caption-text\">Una lectura feminista<\/figcaption><\/figure>\n<p>Confeccionamos este <a href=\"https:\/\/diariofemenino.com.ar\/category\/biblioteca\/\">libro<\/a>-cuaderno para sistematizar investigaciones personales y colectivas que venimos haciendo en los \u00faltimos a\u00f1os,dentro de la universidad p\u00fablica y gratuita y en espacios de investigaci\u00f3n militante. Nos parece urgente y necesario una lectura <a href=\"https:\/\/diariofemenino.com.ar\/\">feminista<\/a> de la cuesti\u00f3n financiera y, para eso, aqu\u00ed reunimos pistas metodol\u00f3gicas, hip\u00f3tesis pol\u00edticas y narraciones de pr\u00e1cticas que la est\u00e1n problematizando al calor del movimiento feminista del que hacemos parte.<\/p>\n<p>En este sentido, este material se inscribe en el horizonte del proceso organizativo de las huelgas <a href=\"https:\/\/es.wikipedia.org\/wiki\/Feminismo\">feministas<\/a> internacionales que,desde hace dos a\u00f1os,nos han permitido desarrollar estas discusiones situ\u00e1ndonos en acciones concretas.<\/p>\n<p>Se trata de una elaboraci\u00f3n que, como el proceso mismo del <a href=\"https:\/\/es.wikipedia.org\/wiki\/Econom%C3%ADa_feminista\">movimiento<\/a> feminista actual, est\u00e1 abierto, en marcha.<\/p>\n<p>Pero tambi\u00e9n nos damos cuenta que aqu\u00ed sintetizamos ideasfuerza que,reunidas como perspectiva de econom\u00eda feminista,aportan elementos y coordenadas que nos parecen originales y estimulantes para empujar la investigaci\u00f3n colectiva.<\/p>\n<p>Una lectura feminista de la deuda es posible porque hemos conquistado discutirlas finanzas en t\u00e9rminos de conflictividad y,por tanto,de autodefensa de nuestras autonom\u00edas.Por eso podemos gritar\u00a1Vivas,libres y desendeudadas nos queremos!<\/p>\n<p>Nos parece, adem\u00e1s, que esta lectura de la deuda como dispositivo privilegiado de las nuevas formas de explotaci\u00f3n y su articulaci\u00f3n con las violencias machistas es clave en un momento donde el fascismo a nivel regional se impone y construye al movimiento feminista como enemigo interno,para producir un nuevo tipo de alianza entre capital y micropol\u00edticas fascistas.<\/p>\n<p>Nuestro deseo es que este material tenga usos m\u00faltiples en debates con organizaciones pol\u00edticas, sindicales, comunitarias, educativas y feministas de todo tipo. Esperamos que sirva de excusa para iniciar intercambios nuevos y para profundizar un diagn\u00f3stico feminista de la crisis del presente.<\/p>\n<p>Queremos agradecer las conversaciones que componen este libro: compa\u00f1eras de la Federaci\u00f3n de Organizaciones de Base (FOB), de la Uni\u00f3n de Trabajadorxs de la Tierra (UTT),a Eva Reinoso del Colectivo YoNoFui,a Clarisa Gambera de la Secretar\u00eda de G\u00e9neros del sindicato CTA A Capital y a Antonia Barroso del Foro Permanente de Mujeres de Pernambuco, de Brasil. Tambi\u00e9n a Elis Soldatelli y Flor Puente de la Fundaci\u00f3n Rosa Luxemburgo, con quienes pensamos y concretamos este proyecto. A las dise\u00f1adoras Virginia Giannoni, Lea \u00c1greda y Celeste Cavallero, y a la lectura atenta de Paula Fleisner.<\/p>\n<p>(&#8230;)<\/p>\n<p>1)<strong> Una lectura feminista de la deuda<\/strong> es la que opone los\u00a0cuerpos y las narraciones concretas de su funcionamiento\u00a0a la abstracci\u00f3n financiera.<br \/>\nLas finanzas se jactan de ser abstractas, de pertenecer al cielo de las cotizaciones misteriosas,y de funcionar seg\u00fan l\u00f3gicas incomprensibles. Se quieren presentar como una verdadera caja negra donde se decide de manera matem\u00e1tica, algor\u00edtmica, qu\u00e9 vale y qu\u00e9 deja de valer.A trav\u00e9s de la narraci\u00f3n de su funcionamiento en las econom\u00edas dom\u00e9sticas,populares (mayoritariamente no-asalariadas) y asalariadas desafiamos su poder de abstracci\u00f3n, su intento de ser insondables.<\/p>\n<p>En las entrevistas que realizamos para este libro esto queda claro. La deuda es un mecanismo concreto de generaci\u00f3n de dependencia con los agrot\u00f3xicos para las productoras de la tierra. La deuda es la expresi\u00f3n del encarecimiento y la financierizaci\u00f3n de los servicios b\u00e1sicos. La deuda es un dispositivo de conexi\u00f3n entre el adentro y el afuera de la c\u00e1rcel, y la c\u00e1rcel misma se evidencia como un sistema de deuda. La deuda es lo que se contrae cuando el aborto es clandestino. La deuda es lo que motoriza un consumo popular donde los intereses exorbitantes que se pagan hacen estallar la vida dom\u00e9stica, la salud y los lazos comunitarios&#8230;<\/p>\n","protected":false},"excerpt":{"rendered":"<p>Una lectura feminista de la deuda \u00a1Vivas, libres y desendeudadas nos queremos! (libro completo para descargar) Sacar del closet a la deuda Introducci\u00f3n (descargar en portada) Confeccionamos este libro-cuaderno para sistematizar investigaciones personales y colectivas que venimos haciendo en los \u00faltimos a\u00f1os,dentro de la universidad p\u00fablica y gratuita y en espacios de investigaci\u00f3n militante. Nos [&hellip;]<\/p>\n","protected":false},"author":4,"featured_media":38493,"comment_status":"open","ping_status":"open","sticky":false,"template":"","format":"standard","meta":{"iawp_total_views":10,"footnotes":""},"categories":[1067,19],"tags":[1707,965,1705,666,1706,1704,428],"class_list":["post-38489","post","type-post","status-publish","format-standard","has-post-thumbnail","hentry","category-agenda-feminista","category-biblioteca","tag-bibliotecavirtual","tag-biblioteca-virtual","tag-libres-y-desendeudadas-nos-queremos","tag-libro","tag-luci-cavallero-veronica-gago","tag-una-lectura-feminista-de-la-deuda","tag-vivas"],"nelio_content":{"autoShareEndMode":"never","automationSources":{"useCustomSentences":false,"customSentences":[]},"efiAlt":"","efiUrl":"","followers":[4],"highlights":[],"isAutoShareEnabled":true,"networkImageIds":[],"permalinkQueryArgs":[],"series":[],"suggestedReferences":[]},"yoast_head":"<!-- This site is optimized with the Yoast SEO plugin v27.5 - https:\/\/yoast.com\/product\/yoast-seo-wordpress\/ -->\n<title>Una lectura feminista de la deuda - Diario Digital Femenino<\/title>\n<meta name=\"description\" content=\"Una lectura feminista de la deuda. \u00a1Vivas,libres y desendeudadas nos queremos! Luci Cavallero - Ver\u00f3nica Gago (libro completo para descargar)\" \/>\n<meta name=\"robots\" content=\"index, follow, max-snippet:-1, max-image-preview:large, max-video-preview:-1\" \/>\n<link rel=\"canonical\" href=\"https:\/\/diariofemenino.com.ar\/df\/una-lectura-feminista-de-la-deuda\/\" \/>\n<meta property=\"og:locale\" content=\"es_ES\" \/>\n<meta property=\"og:type\" content=\"article\" \/>\n<meta property=\"og:title\" content=\"Una lectura feminista de la deuda - Diario Digital Femenino\" \/>\n<meta property=\"og:description\" content=\"Una lectura feminista de la deuda. \u00a1Vivas,libres y desendeudadas nos queremos! Luci Cavallero - Ver\u00f3nica Gago (libro completo para descargar)\" \/>\n<meta property=\"og:url\" content=\"https:\/\/diariofemenino.com.ar\/df\/una-lectura-feminista-de-la-deuda\/\" \/>\n<meta property=\"og:site_name\" content=\"Diario Digital Femenino\" \/>\n<meta property=\"article:publisher\" content=\"https:\/\/www.facebook.com\/DiarioDigitaFemenino\/\" \/>\n<meta property=\"article:published_time\" content=\"2019-07-16T22:39:23+00:00\" \/>\n<meta property=\"article:modified_time\" content=\"2019-07-16T22:44:20+00:00\" \/>\n<meta property=\"og:image\" content=\"https:\/\/diariofemenino.com.ar\/df\/wp-content\/uploads\/2019\/07\/una-lectura-feminista-de-la-deuda-l-cavallero-v-gago-D_NQ_NP_729763-MLA29573413848_032019-F.jpg\" \/>\n\t<meta property=\"og:image:width\" content=\"770\" \/>\n\t<meta property=\"og:image:height\" content=\"1200\" \/>\n\t<meta property=\"og:image:type\" content=\"image\/jpeg\" \/>\n<meta name=\"author\" content=\"Admin\" \/>\n<meta name=\"twitter:card\" content=\"summary_large_image\" \/>\n<meta name=\"twitter:creator\" content=\"@DiarioFemenino1\" \/>\n<meta name=\"twitter:site\" content=\"@DiarioFemenino1\" \/>\n<meta name=\"twitter:label1\" content=\"Escrito por\" \/>\n\t<meta name=\"twitter:data1\" content=\"Admin\" \/>\n\t<meta name=\"twitter:label2\" content=\"Tiempo de lectura\" \/>\n\t<meta name=\"twitter:data2\" content=\"3 minutos\" \/>\n<script type=\"application\/ld+json\" class=\"yoast-schema-graph\">{\"@context\":\"https:\\\/\\\/schema.org\",\"@graph\":[{\"@type\":\"Article\",\"@id\":\"https:\\\/\\\/diariofemenino.com.ar\\\/df\\\/una-lectura-feminista-de-la-deuda\\\/#article\",\"isPartOf\":{\"@id\":\"https:\\\/\\\/diariofemenino.com.ar\\\/df\\\/una-lectura-feminista-de-la-deuda\\\/\"},\"author\":{\"name\":\"Admin\",\"@id\":\"https:\\\/\\\/diariofemenino.com.ar\\\/df\\\/#\\\/schema\\\/person\\\/bf6199e8158c657ea6f789b11ec85509\"},\"headline\":\"Una lectura feminista de la deuda\",\"datePublished\":\"2019-07-16T22:39:23+00:00\",\"dateModified\":\"2019-07-16T22:44:20+00:00\",\"mainEntityOfPage\":{\"@id\":\"https:\\\/\\\/diariofemenino.com.ar\\\/df\\\/una-lectura-feminista-de-la-deuda\\\/\"},\"wordCount\":676,\"commentCount\":0,\"publisher\":{\"@id\":\"https:\\\/\\\/diariofemenino.com.ar\\\/df\\\/#organization\"},\"image\":{\"@id\":\"https:\\\/\\\/diariofemenino.com.ar\\\/df\\\/una-lectura-feminista-de-la-deuda\\\/#primaryimage\"},\"thumbnailUrl\":\"https:\\\/\\\/diariofemenino.com.ar\\\/df\\\/wp-content\\\/uploads\\\/2019\\\/07\\\/una-lectura-feminista-de-la-deuda-l-cavallero-v-gago-D_NQ_NP_729763-MLA29573413848_032019-F.jpg\",\"keywords\":[\"#BibliotecaVirtual\",\"Biblioteca Virtual\",\"libres y desendeudadas nos queremos!\",\"Libro\",\"Luci Cavallero - Ver\u00f3nica Gago\",\"Una lectura feminista de la deuda\",\"vivas\"],\"articleSection\":[\"Agenda Feminista\",\"Biblioteca Virtual\"],\"inLanguage\":\"es\",\"potentialAction\":[{\"@type\":\"CommentAction\",\"name\":\"Comment\",\"target\":[\"https:\\\/\\\/diariofemenino.com.ar\\\/df\\\/una-lectura-feminista-de-la-deuda\\\/#respond\"]}]},{\"@type\":\"WebPage\",\"@id\":\"https:\\\/\\\/diariofemenino.com.ar\\\/df\\\/una-lectura-feminista-de-la-deuda\\\/\",\"url\":\"https:\\\/\\\/diariofemenino.com.ar\\\/df\\\/una-lectura-feminista-de-la-deuda\\\/\",\"name\":\"Una lectura feminista de la deuda - Diario Digital Femenino\",\"isPartOf\":{\"@id\":\"https:\\\/\\\/diariofemenino.com.ar\\\/df\\\/#website\"},\"primaryImageOfPage\":{\"@id\":\"https:\\\/\\\/diariofemenino.com.ar\\\/df\\\/una-lectura-feminista-de-la-deuda\\\/#primaryimage\"},\"image\":{\"@id\":\"https:\\\/\\\/diariofemenino.com.ar\\\/df\\\/una-lectura-feminista-de-la-deuda\\\/#primaryimage\"},\"thumbnailUrl\":\"https:\\\/\\\/diariofemenino.com.ar\\\/df\\\/wp-content\\\/uploads\\\/2019\\\/07\\\/una-lectura-feminista-de-la-deuda-l-cavallero-v-gago-D_NQ_NP_729763-MLA29573413848_032019-F.jpg\",\"datePublished\":\"2019-07-16T22:39:23+00:00\",\"dateModified\":\"2019-07-16T22:44:20+00:00\",\"description\":\"Una lectura feminista de la deuda. \u00a1Vivas,libres y desendeudadas nos queremos! Luci Cavallero - Ver\u00f3nica Gago (libro completo para descargar)\",\"breadcrumb\":{\"@id\":\"https:\\\/\\\/diariofemenino.com.ar\\\/df\\\/una-lectura-feminista-de-la-deuda\\\/#breadcrumb\"},\"inLanguage\":\"es\",\"potentialAction\":[{\"@type\":\"ReadAction\",\"target\":[\"https:\\\/\\\/diariofemenino.com.ar\\\/df\\\/una-lectura-feminista-de-la-deuda\\\/\"]}]},{\"@type\":\"ImageObject\",\"inLanguage\":\"es\",\"@id\":\"https:\\\/\\\/diariofemenino.com.ar\\\/df\\\/una-lectura-feminista-de-la-deuda\\\/#primaryimage\",\"url\":\"https:\\\/\\\/diariofemenino.com.ar\\\/df\\\/wp-content\\\/uploads\\\/2019\\\/07\\\/una-lectura-feminista-de-la-deuda-l-cavallero-v-gago-D_NQ_NP_729763-MLA29573413848_032019-F.jpg\",\"contentUrl\":\"https:\\\/\\\/diariofemenino.com.ar\\\/df\\\/wp-content\\\/uploads\\\/2019\\\/07\\\/una-lectura-feminista-de-la-deuda-l-cavallero-v-gago-D_NQ_NP_729763-MLA29573413848_032019-F.jpg\",\"width\":770,\"height\":1200,\"caption\":\"Una lectura feminista de la deuda \u00a1Vivas,libres y desendeudadas nos queremos!\"},{\"@type\":\"BreadcrumbList\",\"@id\":\"https:\\\/\\\/diariofemenino.com.ar\\\/df\\\/una-lectura-feminista-de-la-deuda\\\/#breadcrumb\",\"itemListElement\":[{\"@type\":\"ListItem\",\"position\":1,\"name\":\"Portada\",\"item\":\"https:\\\/\\\/diariofemenino.com.ar\\\/df\\\/\"},{\"@type\":\"ListItem\",\"position\":2,\"name\":\"Una lectura feminista de la deuda\"}]},{\"@type\":\"WebSite\",\"@id\":\"https:\\\/\\\/diariofemenino.com.ar\\\/df\\\/#website\",\"url\":\"https:\\\/\\\/diariofemenino.com.ar\\\/df\\\/\",\"name\":\"Diario Digital Femenino\",\"description\":\"Cuesti\u00f3n de G\u00e9nero\",\"publisher\":{\"@id\":\"https:\\\/\\\/diariofemenino.com.ar\\\/df\\\/#organization\"},\"potentialAction\":[{\"@type\":\"SearchAction\",\"target\":{\"@type\":\"EntryPoint\",\"urlTemplate\":\"https:\\\/\\\/diariofemenino.com.ar\\\/df\\\/?s={search_term_string}\"},\"query-input\":{\"@type\":\"PropertyValueSpecification\",\"valueRequired\":true,\"valueName\":\"search_term_string\"}}],\"inLanguage\":\"es\"},{\"@type\":\"Organization\",\"@id\":\"https:\\\/\\\/diariofemenino.com.ar\\\/df\\\/#organization\",\"name\":\"Diario Femenino\",\"url\":\"https:\\\/\\\/diariofemenino.com.ar\\\/df\\\/\",\"logo\":{\"@type\":\"ImageObject\",\"inLanguage\":\"es\",\"@id\":\"https:\\\/\\\/diariofemenino.com.ar\\\/df\\\/#\\\/schema\\\/logo\\\/image\\\/\",\"url\":\"https:\\\/\\\/diariofemenino.com.ar\\\/df\\\/wp-content\\\/uploads\\\/2018\\\/10\\\/logo.png\",\"contentUrl\":\"https:\\\/\\\/diariofemenino.com.ar\\\/df\\\/wp-content\\\/uploads\\\/2018\\\/10\\\/logo.png\",\"width\":500,\"height\":92,\"caption\":\"Diario Femenino\"},\"image\":{\"@id\":\"https:\\\/\\\/diariofemenino.com.ar\\\/df\\\/#\\\/schema\\\/logo\\\/image\\\/\"},\"sameAs\":[\"https:\\\/\\\/www.facebook.com\\\/DiarioDigitaFemenino\\\/\",\"https:\\\/\\\/x.com\\\/DiarioFemenino1\"]},{\"@type\":\"Person\",\"@id\":\"https:\\\/\\\/diariofemenino.com.ar\\\/df\\\/#\\\/schema\\\/person\\\/bf6199e8158c657ea6f789b11ec85509\",\"name\":\"Admin\",\"image\":{\"@type\":\"ImageObject\",\"inLanguage\":\"es\",\"@id\":\"https:\\\/\\\/diariofemenino.com.ar\\\/df\\\/wp-content\\\/uploads\\\/2018\\\/12\\\/favicon-150x150.jpg\",\"url\":\"https:\\\/\\\/diariofemenino.com.ar\\\/df\\\/wp-content\\\/uploads\\\/2018\\\/12\\\/favicon-150x150.jpg\",\"contentUrl\":\"https:\\\/\\\/diariofemenino.com.ar\\\/df\\\/wp-content\\\/uploads\\\/2018\\\/12\\\/favicon-150x150.jpg\",\"caption\":\"Admin\"},\"url\":\"https:\\\/\\\/diariofemenino.com.ar\\\/df\\\/author\\\/lenny\\\/\"}]}<\/script>\n<!-- \/ Yoast SEO plugin. -->","yoast_head_json":{"title":"Una lectura feminista de la deuda - Diario Digital Femenino","description":"Una lectura feminista de la deuda. \u00a1Vivas,libres y desendeudadas nos queremos! Luci Cavallero - Ver\u00f3nica Gago (libro completo para descargar)","robots":{"index":"index","follow":"follow","max-snippet":"max-snippet:-1","max-image-preview":"max-image-preview:large","max-video-preview":"max-video-preview:-1"},"canonical":"https:\/\/diariofemenino.com.ar\/df\/una-lectura-feminista-de-la-deuda\/","og_locale":"es_ES","og_type":"article","og_title":"Una lectura feminista de la deuda - Diario Digital Femenino","og_description":"Una lectura feminista de la deuda. \u00a1Vivas,libres y desendeudadas nos queremos! Luci Cavallero - Ver\u00f3nica Gago (libro completo para descargar)","og_url":"https:\/\/diariofemenino.com.ar\/df\/una-lectura-feminista-de-la-deuda\/","og_site_name":"Diario Digital Femenino","article_publisher":"https:\/\/www.facebook.com\/DiarioDigitaFemenino\/","article_published_time":"2019-07-16T22:39:23+00:00","article_modified_time":"2019-07-16T22:44:20+00:00","og_image":[{"width":770,"height":1200,"url":"https:\/\/diariofemenino.com.ar\/df\/wp-content\/uploads\/2019\/07\/una-lectura-feminista-de-la-deuda-l-cavallero-v-gago-D_NQ_NP_729763-MLA29573413848_032019-F.jpg","type":"image\/jpeg"}],"author":"Admin","twitter_card":"summary_large_image","twitter_creator":"@DiarioFemenino1","twitter_site":"@DiarioFemenino1","twitter_misc":{"Escrito por":"Admin","Tiempo de lectura":"3 minutos"},"schema":{"@context":"https:\/\/schema.org","@graph":[{"@type":"Article","@id":"https:\/\/diariofemenino.com.ar\/df\/una-lectura-feminista-de-la-deuda\/#article","isPartOf":{"@id":"https:\/\/diariofemenino.com.ar\/df\/una-lectura-feminista-de-la-deuda\/"},"author":{"name":"Admin","@id":"https:\/\/diariofemenino.com.ar\/df\/#\/schema\/person\/bf6199e8158c657ea6f789b11ec85509"},"headline":"Una lectura feminista de la deuda","datePublished":"2019-07-16T22:39:23+00:00","dateModified":"2019-07-16T22:44:20+00:00","mainEntityOfPage":{"@id":"https:\/\/diariofemenino.com.ar\/df\/una-lectura-feminista-de-la-deuda\/"},"wordCount":676,"commentCount":0,"publisher":{"@id":"https:\/\/diariofemenino.com.ar\/df\/#organization"},"image":{"@id":"https:\/\/diariofemenino.com.ar\/df\/una-lectura-feminista-de-la-deuda\/#primaryimage"},"thumbnailUrl":"https:\/\/diariofemenino.com.ar\/df\/wp-content\/uploads\/2019\/07\/una-lectura-feminista-de-la-deuda-l-cavallero-v-gago-D_NQ_NP_729763-MLA29573413848_032019-F.jpg","keywords":["#BibliotecaVirtual","Biblioteca Virtual","libres y desendeudadas nos queremos!","Libro","Luci Cavallero - Ver\u00f3nica Gago","Una lectura feminista de la deuda","vivas"],"articleSection":["Agenda Feminista","Biblioteca Virtual"],"inLanguage":"es","potentialAction":[{"@type":"CommentAction","name":"Comment","target":["https:\/\/diariofemenino.com.ar\/df\/una-lectura-feminista-de-la-deuda\/#respond"]}]},{"@type":"WebPage","@id":"https:\/\/diariofemenino.com.ar\/df\/una-lectura-feminista-de-la-deuda\/","url":"https:\/\/diariofemenino.com.ar\/df\/una-lectura-feminista-de-la-deuda\/","name":"Una lectura feminista de la deuda - Diario Digital Femenino","isPartOf":{"@id":"https:\/\/diariofemenino.com.ar\/df\/#website"},"primaryImageOfPage":{"@id":"https:\/\/diariofemenino.com.ar\/df\/una-lectura-feminista-de-la-deuda\/#primaryimage"},"image":{"@id":"https:\/\/diariofemenino.com.ar\/df\/una-lectura-feminista-de-la-deuda\/#primaryimage"},"thumbnailUrl":"https:\/\/diariofemenino.com.ar\/df\/wp-content\/uploads\/2019\/07\/una-lectura-feminista-de-la-deuda-l-cavallero-v-gago-D_NQ_NP_729763-MLA29573413848_032019-F.jpg","datePublished":"2019-07-16T22:39:23+00:00","dateModified":"2019-07-16T22:44:20+00:00","description":"Una lectura feminista de la deuda. \u00a1Vivas,libres y desendeudadas nos queremos! Luci Cavallero - Ver\u00f3nica Gago (libro completo para descargar)","breadcrumb":{"@id":"https:\/\/diariofemenino.com.ar\/df\/una-lectura-feminista-de-la-deuda\/#breadcrumb"},"inLanguage":"es","potentialAction":[{"@type":"ReadAction","target":["https:\/\/diariofemenino.com.ar\/df\/una-lectura-feminista-de-la-deuda\/"]}]},{"@type":"ImageObject","inLanguage":"es","@id":"https:\/\/diariofemenino.com.ar\/df\/una-lectura-feminista-de-la-deuda\/#primaryimage","url":"https:\/\/diariofemenino.com.ar\/df\/wp-content\/uploads\/2019\/07\/una-lectura-feminista-de-la-deuda-l-cavallero-v-gago-D_NQ_NP_729763-MLA29573413848_032019-F.jpg","contentUrl":"https:\/\/diariofemenino.com.ar\/df\/wp-content\/uploads\/2019\/07\/una-lectura-feminista-de-la-deuda-l-cavallero-v-gago-D_NQ_NP_729763-MLA29573413848_032019-F.jpg","width":770,"height":1200,"caption":"Una lectura feminista de la deuda \u00a1Vivas,libres y desendeudadas nos queremos!"},{"@type":"BreadcrumbList","@id":"https:\/\/diariofemenino.com.ar\/df\/una-lectura-feminista-de-la-deuda\/#breadcrumb","itemListElement":[{"@type":"ListItem","position":1,"name":"Portada","item":"https:\/\/diariofemenino.com.ar\/df\/"},{"@type":"ListItem","position":2,"name":"Una lectura feminista de la deuda"}]},{"@type":"WebSite","@id":"https:\/\/diariofemenino.com.ar\/df\/#website","url":"https:\/\/diariofemenino.com.ar\/df\/","name":"Diario Digital Femenino","description":"Cuesti\u00f3n de G\u00e9nero","publisher":{"@id":"https:\/\/diariofemenino.com.ar\/df\/#organization"},"potentialAction":[{"@type":"SearchAction","target":{"@type":"EntryPoint","urlTemplate":"https:\/\/diariofemenino.com.ar\/df\/?s={search_term_string}"},"query-input":{"@type":"PropertyValueSpecification","valueRequired":true,"valueName":"search_term_string"}}],"inLanguage":"es"},{"@type":"Organization","@id":"https:\/\/diariofemenino.com.ar\/df\/#organization","name":"Diario Femenino","url":"https:\/\/diariofemenino.com.ar\/df\/","logo":{"@type":"ImageObject","inLanguage":"es","@id":"https:\/\/diariofemenino.com.ar\/df\/#\/schema\/logo\/image\/","url":"https:\/\/diariofemenino.com.ar\/df\/wp-content\/uploads\/2018\/10\/logo.png","contentUrl":"https:\/\/diariofemenino.com.ar\/df\/wp-content\/uploads\/2018\/10\/logo.png","width":500,"height":92,"caption":"Diario Femenino"},"image":{"@id":"https:\/\/diariofemenino.com.ar\/df\/#\/schema\/logo\/image\/"},"sameAs":["https:\/\/www.facebook.com\/DiarioDigitaFemenino\/","https:\/\/x.com\/DiarioFemenino1"]},{"@type":"Person","@id":"https:\/\/diariofemenino.com.ar\/df\/#\/schema\/person\/bf6199e8158c657ea6f789b11ec85509","name":"Admin","image":{"@type":"ImageObject","inLanguage":"es","@id":"https:\/\/diariofemenino.com.ar\/df\/wp-content\/uploads\/2018\/12\/favicon-150x150.jpg","url":"https:\/\/diariofemenino.com.ar\/df\/wp-content\/uploads\/2018\/12\/favicon-150x150.jpg","contentUrl":"https:\/\/diariofemenino.com.ar\/df\/wp-content\/uploads\/2018\/12\/favicon-150x150.jpg","caption":"Admin"},"url":"https:\/\/diariofemenino.com.ar\/df\/author\/lenny\/"}]}},"jetpack_featured_media_url":"https:\/\/diariofemenino.com.ar\/df\/wp-content\/uploads\/2019\/07\/una-lectura-feminista-de-la-deuda-l-cavallero-v-gago-D_NQ_NP_729763-MLA29573413848_032019-F.jpg","jetpack_sharing_enabled":true,"rttpg_featured_image_url":{"full":["https:\/\/diariofemenino.com.ar\/df\/wp-content\/uploads\/2019\/07\/una-lectura-feminista-de-la-deuda-l-cavallero-v-gago-D_NQ_NP_729763-MLA29573413848_032019-F.jpg",770,1200,false],"landscape":["https:\/\/diariofemenino.com.ar\/df\/wp-content\/uploads\/2019\/07\/una-lectura-feminista-de-la-deuda-l-cavallero-v-gago-D_NQ_NP_729763-MLA29573413848_032019-F.jpg",770,1200,false],"portraits":["https:\/\/diariofemenino.com.ar\/df\/wp-content\/uploads\/2019\/07\/una-lectura-feminista-de-la-deuda-l-cavallero-v-gago-D_NQ_NP_729763-MLA29573413848_032019-F.jpg",770,1200,false],"thumbnail":["https:\/\/diariofemenino.com.ar\/df\/wp-content\/uploads\/2019\/07\/una-lectura-feminista-de-la-deuda-l-cavallero-v-gago-D_NQ_NP_729763-MLA29573413848_032019-F-150x150.jpg",150,150,true],"medium":["https:\/\/diariofemenino.com.ar\/df\/wp-content\/uploads\/2019\/07\/una-lectura-feminista-de-la-deuda-l-cavallero-v-gago-D_NQ_NP_729763-MLA29573413848_032019-F-193x300.jpg",193,300,true],"large":["https:\/\/diariofemenino.com.ar\/df\/wp-content\/uploads\/2019\/07\/una-lectura-feminista-de-la-deuda-l-cavallero-v-gago-D_NQ_NP_729763-MLA29573413848_032019-F-657x1024.jpg",657,1024,true],"1536x1536":["https:\/\/diariofemenino.com.ar\/df\/wp-content\/uploads\/2019\/07\/una-lectura-feminista-de-la-deuda-l-cavallero-v-gago-D_NQ_NP_729763-MLA29573413848_032019-F.jpg",770,1200,false],"2048x2048":["https:\/\/diariofemenino.com.ar\/df\/wp-content\/uploads\/2019\/07\/una-lectura-feminista-de-la-deuda-l-cavallero-v-gago-D_NQ_NP_729763-MLA29573413848_032019-F.jpg",770,1200,false]},"rttpg_author":{"display_name":"Admin","author_link":"https:\/\/diariofemenino.com.ar\/df\/author\/lenny\/"},"rttpg_comment":0,"rttpg_category":"<a href=\"https:\/\/diariofemenino.com.ar\/df\/category\/agenda-feminista\/\" rel=\"category tag\">Agenda Feminista<\/a> <a href=\"https:\/\/diariofemenino.com.ar\/df\/category\/biblioteca\/\" rel=\"category tag\">Biblioteca Virtual<\/a>","rttpg_excerpt":"Una lectura feminista de la deuda \u00a1Vivas, libres y desendeudadas nos queremos! (libro completo para descargar) Sacar del closet a la deuda Introducci\u00f3n (descargar en portada) Confeccionamos este libro-cuaderno para sistematizar investigaciones personales y colectivas que venimos haciendo en los \u00faltimos a\u00f1os,dentro de la universidad p\u00fablica y gratuita y en espacios de investigaci\u00f3n militante. Nos&hellip;","_links":{"self":[{"href":"https:\/\/diariofemenino.com.ar\/df\/wp-json\/wp\/v2\/posts\/38489","targetHints":{"allow":["GET"]}}],"collection":[{"href":"https:\/\/diariofemenino.com.ar\/df\/wp-json\/wp\/v2\/posts"}],"about":[{"href":"https:\/\/diariofemenino.com.ar\/df\/wp-json\/wp\/v2\/types\/post"}],"author":[{"embeddable":true,"href":"https:\/\/diariofemenino.com.ar\/df\/wp-json\/wp\/v2\/users\/4"}],"replies":[{"embeddable":true,"href":"https:\/\/diariofemenino.com.ar\/df\/wp-json\/wp\/v2\/comments?post=38489"}],"version-history":[{"count":0,"href":"https:\/\/diariofemenino.com.ar\/df\/wp-json\/wp\/v2\/posts\/38489\/revisions"}],"wp:featuredmedia":[{"embeddable":true,"href":"https:\/\/diariofemenino.com.ar\/df\/wp-json\/wp\/v2\/media\/38493"}],"wp:attachment":[{"href":"https:\/\/diariofemenino.com.ar\/df\/wp-json\/wp\/v2\/media?parent=38489"}],"wp:term":[{"taxonomy":"category","embeddable":true,"href":"https:\/\/diariofemenino.com.ar\/df\/wp-json\/wp\/v2\/categories?post=38489"},{"taxonomy":"post_tag","embeddable":true,"href":"https:\/\/diariofemenino.com.ar\/df\/wp-json\/wp\/v2\/tags?post=38489"}],"curies":[{"name":"wp","href":"https:\/\/api.w.org\/{rel}","templated":true}]}}