{"id":38446,"date":"2019-07-15T19:09:52","date_gmt":"2019-07-15T22:09:52","guid":{"rendered":"https:\/\/diariofemenino.com.ar\/?p=38446"},"modified":"2019-07-15T19:09:52","modified_gmt":"2019-07-15T22:09:52","slug":"feministos","status":"publish","type":"post","link":"https:\/\/diariofemenino.com.ar\/df\/feministos\/","title":{"rendered":"Dora Barrancos: \u201cLos varones deben ser feministos\u201d"},"content":{"rendered":"<p>Feministos -Dora Barrancos<\/p>\n<p>Invitada por este <a href=\"http:\/\/elciudadanoweb.com\">diario<\/a> para dictar seminarios sobre mujeres y g\u00e9nero, la soci\u00f3loga <a href=\"https:\/\/diariofemenino.com.ar\/perfil-de-dora-barrancos-la-arqueologa-de-la-historia-feminista\/\">Dora Barrancos<\/a> se despidi\u00f3 en una charla abierta donde convoc\u00f3 a los hombres a sumarse a la potente ola feminista<\/p>\n<p>Por\u00a0<a href=\"https:\/\/www.elciudadanoweb.com\/dora-barrancos-los-varones-deben-ser-feministos\/\">Lucia Demarchi<\/a><\/p>\n<figure id=\"attachment_38450\" aria-describedby=\"caption-attachment-38450\" style=\"width: 306px\" class=\"wp-caption alignleft\"><img loading=\"lazy\" decoding=\"async\" class=\" wp-image-38450\" src=\"https:\/\/diariofemenino.com.ar\/df\/wp-content\/uploads\/2019\/07\/dora_barrancos_portada.jpg_1956802537.jpg\" alt=\"Dora Barrancos: \u201cLos varones deben ser feministos\u201d\" width=\"306\" height=\"170\" srcset=\"https:\/\/diariofemenino.com.ar\/df\/wp-content\/uploads\/2019\/07\/dora_barrancos_portada.jpg_1956802537.jpg 810w, https:\/\/diariofemenino.com.ar\/df\/wp-content\/uploads\/2019\/07\/dora_barrancos_portada.jpg_1956802537-300x167.jpg 300w, https:\/\/diariofemenino.com.ar\/df\/wp-content\/uploads\/2019\/07\/dora_barrancos_portada.jpg_1956802537-768x427.jpg 768w\" sizes=\"auto, (max-width: 306px) 100vw, 306px\" \/><figcaption id=\"caption-attachment-38450\" class=\"wp-caption-text\">Feministos &#8211; Dora Barrancos<\/figcaption><\/figure>\n<p>\u201cNadie nace feminista. Ni las m\u00e1s osadas del pasado. Nos hacemos en diferentes circunstancias\u201d, dijo Dora Barrancos antes de contar c\u00f3mo, desde el exilio en Brasil durante la \u00faltima dictadura c\u00edvico-militar y a partir del femicidio de una \u201ccelebrity\u201d, empez\u00f3 a transitar un camino que la llev\u00f3 a transformarse de soci\u00f3loga a historiadora y feminista. Este viernes Dora se sent\u00f3 en un living en el Centro Cultural Roberto Fontanarrosa, brind\u00f3 una entrevista p\u00fablica con las periodistas de El Ciudadano Bianca Ossola y Arlen Buchara, y enamor\u00f3. A lo largo de dos horas recorri\u00f3 su propia historia y analiz\u00f3 la relaci\u00f3n que tuvieron \u2013y tienen\u2013 con el movimiento feminista mujeres de la talla de Virginia Bolten, Evita y la propia Cristina Fern\u00e1ndez de Kirchner. Tambi\u00e9n se emocion\u00f3 y habl\u00f3 de las nuevas generaciones de j\u00f3venes y de la explosi\u00f3n de 2018, cuando se debati\u00f3 en los dos Congresos la ley por el aborto legal, seguro y gratuito. A los varones, los interpel\u00f3: \u201cDescarten el manual de masculinidad, s\u00e1quense esa mochila tan pesada. Los estamos convocando para que vengan de este lado. D\u00e9jense convocar\u201d.<\/p>\n<p><a href=\"https:\/\/diariofemenino.com.ar\/masculinidades-en-el-ambito-sindical-trabajo-conjunto-entre-la-unpaz-y-la-uocra-por-dora-barrancos\/\">Dora Barrancos<\/a> tiene 78 a\u00f1os. Es investigadora, soci\u00f3loga e historiadora, aunque cuando se pasea entre sus groupies la figura que m\u00e1s la define es la de una rockstar sorora. Dora estuvo en Rosario desde el mi\u00e9rcoles, cuando comenz\u00f3 a dictar un seminario que organiz\u00f3 este diario en el marco de los 20 a\u00f1os de La Cazadora, el primer suplemento de g\u00e9nero que tuvo la ciudad y que fue parte de este medio en 1999. Fue el cierre de un mes y medio de actividades feministas organizadas por la Cooperativa La Cigarra Ltda., que gestiona las ediciones en papel y digital del diario El Ciudadano. Los dos d\u00edas que dur\u00f3 el seminario Mujeres y g\u00e9neros en la sociedad argentina. Historia y perspectivas, que convoc\u00f3 a m\u00e1s de 350 personas en el Centro Cultural Roberto Fontanarrosa, Dora recibi\u00f3, abraz\u00f3, sonri\u00f3 y dedic\u00f3 unos minutos de charla a quien quisiera acercarse a ella para hacerle un comentario, sacarse una foto o felicitarla por el trabajo acad\u00e9mico que llev\u00f3 adelante durante toda su vida. El viernes no fue la excepci\u00f3n. Estaba convocada en el Fontanarrosa para una entrevista p\u00fablica que brind\u00f3 a sala llena y guiada por las mencionadas Ossola y Buchara. Cuando lleg\u00f3 al edificio de San Mart\u00edn y San Juan, una larga cola ya aguardaba para ingresar y Dora, como buena rockera del feminismo, salud\u00f3 a todas las que se deten\u00edan a mirarla con una sonrisadibujada en los ojos.<\/p>\n<p><strong>No se nace, se hace<\/strong><br \/>\n\u201c\u00bfC\u00f3mo te hiciste feminista?\u201d, fue la pregunta que abri\u00f3 la entrevista, y Dora cont\u00f3 sobre sus primeros a\u00f1os de militancia, sobre su exilio obligado en Brasil cuando la \u00faltima dictadura c\u00edvico-militar la expuls\u00f3 de la Argentina y c\u00f3mo un femicidio que se hizo medi\u00e1tico, porque tuvo como v\u00edctima a una \u201ccelebrity\u201d brasile\u00f1a, la hizo acercarse a grupos feministas que ya estaban funcionando. \u201cLo que me descarril\u00f3 fue ver una entrevista en la televisi\u00f3n al abogado defensor que dijo que el femicida hab\u00eda actuado en defensa de su honor\u201d. A partir de ah\u00ed, Dora se dio a la tarea acad\u00e9mica de \u201cdevelar toda la historia del feminismo\u201d. \u201cNadie nace feminista. Ni las m\u00e1s osadas del pasado. Nos hacemos en diferentes circunstancias. En general, lo que ocurre con las personas que devienen feministas es que aparece un peque\u00f1o incendio, y cuando ese incendio es colectivo, ah\u00ed estamos en el feminismo\u201d, dijo, y confes\u00f3 que de haber podido nacer en otra \u00e9poca, lo hubiera hecho en el siglo XIX y en Inglaterra. \u201cEs el siglo donde era disruptor ser feminista y oponerse al patriarcado y en algunos lugares era algo que conllevaba una incomodidad muy grande. E Inglaterra era lo peor, ten\u00eda el patriarcado m\u00e1s feroz y, a la vez, movimientos sociales muy interesantes de rupturas\u201d.<\/p>\n<p><strong>Ideas en remojo<\/strong><br \/>\nEl feminismo argentino del siglo XXI y la fuerza con la que inund\u00f3 las calles el a\u00f1o pasado, cuando los pa\u00f1uelos salieron a te\u00f1ir todo de verde durante el debate en el Congreso de la ley de Interrupci\u00f3n Voluntaria del Embarazo, fue uno de los puntos de mayor ovaci\u00f3n. \u201cSent\u00ed y siento mucha emoci\u00f3n, una sensibler\u00eda tremenda. En junio (de 2018) no se pod\u00eda creer esa inundaci\u00f3n de j\u00f3venes. Nos pregunt\u00e1bamos \u00ab\u00bfde d\u00f3nde aparecieron?\u00bb. Es un precioso sortilegio, una aventura maravillosa para las feministas de la vieja guardia. Nuestras nietas ahora casi que nacen feministas, y hoy m\u00e1s que nunca, cuando una joven habla, hay que poner en remojo las ideas\u201d. Dora tambi\u00e9n dedic\u00f3 unos minutos a cuestionar el accionar del Senado. \u201cNo cont\u00e1bamos con la fuerza de los dinosaurios ah\u00ed\u201d, dijo, pero consider\u00f3 que la derrota en la c\u00e1mara alta no alcanz\u00f3 para llevarse puesto el triunfo simb\u00f3lico. \u201cGanamos igual porque hubo una instalaci\u00f3n notable. Est\u00e1 ganado el coraz\u00f3n, la sensibilidad, la inteligencia de las m\u00e1s j\u00f3venes, y ahora tendremos la segunda oportunidad para ganar de manera contundente y no s\u00f3lo metaf\u00f3rica. Ser\u00e1 Ley.\u201d Y, adem\u00e1s, hizo un llamado al optimismo: \u201cDejemos el pesimismo para \u00e9pocas mejores. Hoy las cosas est\u00e1n tan malas que no nos podemos dar el lujo de ser pesimistas. Las feministas de cada \u00e9poca eran optimistas respecto al futuro. Como dijo Simone de Beauvoir, el pesimismo lleva hacia atr\u00e1s, hace que las personas se mantengan en la inmanencia. Hay que trascender, y para eso es necesaria una dosis de optimismo\u201d.<\/p>\n<p><strong>Feministos<\/strong><br \/>\n\u00bfQu\u00e9 papel les cabe a los va-rones dentro de esta marea? Dora no dud\u00f3 en la respuesta. \u201cLos varones deben ser feministos. Estamos interpel\u00e1ndolos fuertemente para que est\u00e9n de este lado. Hay que decirles que descarten el manual de masculinidad, ese insensato rol patriarcal que enlaz\u00f3 el propio cuello de los patriarcas. En la relaci\u00f3n del amo y del esclavo la figura tr\u00e1gica es la del amo, porque consagra una abdicaci\u00f3n del estado de humanidad. S\u00e1quense esa mochila pesada, absurda, llena de obligaciones. Es el momento en que debe construirse una nueva forma de masculinidad. A los varones los convocamos de manera muy en\u00e9rgica a que vengan de este lado, a no tener miedo. El \u00e1gora y la plaza p\u00fablica deben ser de todes les g\u00e9neres. Necesitamos esa convulsi\u00f3n que nos permita nuevos caminos a la humanidad, sin jerarquizaci\u00f3n entre los sexos. Por eso, cuando son convocados, d\u00e9jense convocar\u201d.<\/p>\n<p>&nbsp;<\/p>\n<p><a href=\"https:\/\/www.elciudadanoweb.com\/dora-barrancos-los-varones-deben-ser-feministos\/\">El ciudadano<\/a><\/p>\n","protected":false},"excerpt":{"rendered":"<p>Feministos -Dora Barrancos Invitada por este diario para dictar seminarios sobre mujeres y g\u00e9nero, la soci\u00f3loga Dora Barrancos se despidi\u00f3 en una charla abierta donde convoc\u00f3 a los hombres a sumarse a la potente ola feminista Por\u00a0Lucia Demarchi \u201cNadie nace feminista. Ni las m\u00e1s osadas del pasado. Nos hacemos en diferentes circunstancias\u201d, dijo Dora Barrancos [&hellip;]<\/p>\n","protected":false},"author":4,"featured_media":38449,"comment_status":"open","ping_status":"open","sticky":false,"template":"","format":"standard","meta":{"iawp_total_views":60,"footnotes":""},"categories":[8,21],"tags":[414,545,1690],"class_list":["post-38446","post","type-post","status-publish","format-standard","has-post-thumbnail","hentry","category-entrevistas","category-noticias","tag-diario-digital-femenino","tag-dora-barrancos","tag-feministos"],"nelio_content":{"autoShareEndMode":"never","automationSources":{"useCustomSentences":false,"customSentences":[]},"efiAlt":"","efiUrl":"","followers":[4],"highlights":[],"isAutoShareEnabled":true,"networkImageIds":[],"permalinkQueryArgs":[],"series":[],"suggestedReferences":[]},"yoast_head":"<!-- This site is optimized with the Yoast SEO plugin v27.5 - https:\/\/yoast.com\/product\/yoast-seo-wordpress\/ -->\n<title>Dora Barrancos: \u201cLos varones deben ser feministos\u201d - Diario Digital Femenino<\/title>\n<meta name=\"description\" content=\"Dora Barrancos: \u201cLos varones deben ser feministos\u201d la soci\u00f3loga se despidi\u00f3 en una charla donde convoc\u00f3 a los hombres a sumarse a la potente ola feminista\" \/>\n<meta name=\"robots\" content=\"index, follow, max-snippet:-1, max-image-preview:large, max-video-preview:-1\" \/>\n<link rel=\"canonical\" href=\"https:\/\/diariofemenino.com.ar\/df\/feministos\/\" \/>\n<meta property=\"og:locale\" content=\"es_ES\" \/>\n<meta property=\"og:type\" content=\"article\" \/>\n<meta property=\"og:title\" content=\"Dora Barrancos: \u201cLos varones deben ser feministos\u201d - Diario Digital Femenino\" \/>\n<meta property=\"og:description\" content=\"Dora Barrancos: \u201cLos varones deben ser feministos\u201d la soci\u00f3loga se despidi\u00f3 en una charla donde convoc\u00f3 a los hombres a sumarse a la potente ola feminista\" \/>\n<meta property=\"og:url\" content=\"https:\/\/diariofemenino.com.ar\/df\/feministos\/\" \/>\n<meta property=\"og:site_name\" content=\"Diario Digital Femenino\" \/>\n<meta property=\"article:publisher\" content=\"https:\/\/www.facebook.com\/DiarioDigitaFemenino\/\" \/>\n<meta property=\"article:published_time\" content=\"2019-07-15T22:09:52+00:00\" \/>\n<meta property=\"og:image\" content=\"https:\/\/diariofemenino.com.ar\/df\/wp-content\/uploads\/2019\/07\/dora-barranco_trovato.jpg\" \/>\n\t<meta property=\"og:image:width\" content=\"800\" \/>\n\t<meta property=\"og:image:height\" content=\"600\" \/>\n\t<meta property=\"og:image:type\" content=\"image\/jpeg\" \/>\n<meta name=\"author\" content=\"Admin\" \/>\n<meta name=\"twitter:card\" content=\"summary_large_image\" \/>\n<meta name=\"twitter:creator\" content=\"@DiarioFemenino1\" \/>\n<meta name=\"twitter:site\" content=\"@DiarioFemenino1\" \/>\n<meta name=\"twitter:label1\" content=\"Escrito por\" \/>\n\t<meta name=\"twitter:data1\" content=\"Admin\" \/>\n\t<meta name=\"twitter:label2\" content=\"Tiempo de lectura\" \/>\n\t<meta name=\"twitter:data2\" content=\"6 minutos\" \/>\n<script type=\"application\/ld+json\" class=\"yoast-schema-graph\">{\"@context\":\"https:\\\/\\\/schema.org\",\"@graph\":[{\"@type\":\"Article\",\"@id\":\"https:\\\/\\\/diariofemenino.com.ar\\\/df\\\/feministos\\\/#article\",\"isPartOf\":{\"@id\":\"https:\\\/\\\/diariofemenino.com.ar\\\/df\\\/feministos\\\/\"},\"author\":{\"name\":\"Admin\",\"@id\":\"https:\\\/\\\/diariofemenino.com.ar\\\/df\\\/#\\\/schema\\\/person\\\/bf6199e8158c657ea6f789b11ec85509\"},\"headline\":\"Dora Barrancos: \u201cLos varones deben ser feministos\u201d\",\"datePublished\":\"2019-07-15T22:09:52+00:00\",\"mainEntityOfPage\":{\"@id\":\"https:\\\/\\\/diariofemenino.com.ar\\\/df\\\/feministos\\\/\"},\"wordCount\":1179,\"commentCount\":0,\"publisher\":{\"@id\":\"https:\\\/\\\/diariofemenino.com.ar\\\/df\\\/#organization\"},\"image\":{\"@id\":\"https:\\\/\\\/diariofemenino.com.ar\\\/df\\\/feministos\\\/#primaryimage\"},\"thumbnailUrl\":\"https:\\\/\\\/diariofemenino.com.ar\\\/df\\\/wp-content\\\/uploads\\\/2019\\\/07\\\/dora-barranco_trovato.jpg\",\"keywords\":[\"Diario Digital Femenino\",\"Dora Barrancos\",\"Feministos\"],\"articleSection\":[\"Entrevistas\",\"Noticias\"],\"inLanguage\":\"es\",\"potentialAction\":[{\"@type\":\"CommentAction\",\"name\":\"Comment\",\"target\":[\"https:\\\/\\\/diariofemenino.com.ar\\\/df\\\/feministos\\\/#respond\"]}]},{\"@type\":\"WebPage\",\"@id\":\"https:\\\/\\\/diariofemenino.com.ar\\\/df\\\/feministos\\\/\",\"url\":\"https:\\\/\\\/diariofemenino.com.ar\\\/df\\\/feministos\\\/\",\"name\":\"Dora Barrancos: \u201cLos varones deben ser feministos\u201d - Diario Digital Femenino\",\"isPartOf\":{\"@id\":\"https:\\\/\\\/diariofemenino.com.ar\\\/df\\\/#website\"},\"primaryImageOfPage\":{\"@id\":\"https:\\\/\\\/diariofemenino.com.ar\\\/df\\\/feministos\\\/#primaryimage\"},\"image\":{\"@id\":\"https:\\\/\\\/diariofemenino.com.ar\\\/df\\\/feministos\\\/#primaryimage\"},\"thumbnailUrl\":\"https:\\\/\\\/diariofemenino.com.ar\\\/df\\\/wp-content\\\/uploads\\\/2019\\\/07\\\/dora-barranco_trovato.jpg\",\"datePublished\":\"2019-07-15T22:09:52+00:00\",\"description\":\"Dora Barrancos: \u201cLos varones deben ser feministos\u201d la soci\u00f3loga se despidi\u00f3 en una charla donde convoc\u00f3 a los hombres a sumarse a la potente ola feminista\",\"breadcrumb\":{\"@id\":\"https:\\\/\\\/diariofemenino.com.ar\\\/df\\\/feministos\\\/#breadcrumb\"},\"inLanguage\":\"es\",\"potentialAction\":[{\"@type\":\"ReadAction\",\"target\":[\"https:\\\/\\\/diariofemenino.com.ar\\\/df\\\/feministos\\\/\"]}]},{\"@type\":\"ImageObject\",\"inLanguage\":\"es\",\"@id\":\"https:\\\/\\\/diariofemenino.com.ar\\\/df\\\/feministos\\\/#primaryimage\",\"url\":\"https:\\\/\\\/diariofemenino.com.ar\\\/df\\\/wp-content\\\/uploads\\\/2019\\\/07\\\/dora-barranco_trovato.jpg\",\"contentUrl\":\"https:\\\/\\\/diariofemenino.com.ar\\\/df\\\/wp-content\\\/uploads\\\/2019\\\/07\\\/dora-barranco_trovato.jpg\",\"width\":800,\"height\":600,\"caption\":\"Dora Barrancos: \u201cLos varones deben ser feministos\u201d\"},{\"@type\":\"BreadcrumbList\",\"@id\":\"https:\\\/\\\/diariofemenino.com.ar\\\/df\\\/feministos\\\/#breadcrumb\",\"itemListElement\":[{\"@type\":\"ListItem\",\"position\":1,\"name\":\"Portada\",\"item\":\"https:\\\/\\\/diariofemenino.com.ar\\\/df\\\/\"},{\"@type\":\"ListItem\",\"position\":2,\"name\":\"Dora Barrancos: \u201cLos varones deben ser feministos\u201d\"}]},{\"@type\":\"WebSite\",\"@id\":\"https:\\\/\\\/diariofemenino.com.ar\\\/df\\\/#website\",\"url\":\"https:\\\/\\\/diariofemenino.com.ar\\\/df\\\/\",\"name\":\"Diario Digital Femenino\",\"description\":\"Cuesti\u00f3n de G\u00e9nero\",\"publisher\":{\"@id\":\"https:\\\/\\\/diariofemenino.com.ar\\\/df\\\/#organization\"},\"potentialAction\":[{\"@type\":\"SearchAction\",\"target\":{\"@type\":\"EntryPoint\",\"urlTemplate\":\"https:\\\/\\\/diariofemenino.com.ar\\\/df\\\/?s={search_term_string}\"},\"query-input\":{\"@type\":\"PropertyValueSpecification\",\"valueRequired\":true,\"valueName\":\"search_term_string\"}}],\"inLanguage\":\"es\"},{\"@type\":\"Organization\",\"@id\":\"https:\\\/\\\/diariofemenino.com.ar\\\/df\\\/#organization\",\"name\":\"Diario Femenino\",\"url\":\"https:\\\/\\\/diariofemenino.com.ar\\\/df\\\/\",\"logo\":{\"@type\":\"ImageObject\",\"inLanguage\":\"es\",\"@id\":\"https:\\\/\\\/diariofemenino.com.ar\\\/df\\\/#\\\/schema\\\/logo\\\/image\\\/\",\"url\":\"https:\\\/\\\/diariofemenino.com.ar\\\/df\\\/wp-content\\\/uploads\\\/2018\\\/10\\\/logo.png\",\"contentUrl\":\"https:\\\/\\\/diariofemenino.com.ar\\\/df\\\/wp-content\\\/uploads\\\/2018\\\/10\\\/logo.png\",\"width\":500,\"height\":92,\"caption\":\"Diario Femenino\"},\"image\":{\"@id\":\"https:\\\/\\\/diariofemenino.com.ar\\\/df\\\/#\\\/schema\\\/logo\\\/image\\\/\"},\"sameAs\":[\"https:\\\/\\\/www.facebook.com\\\/DiarioDigitaFemenino\\\/\",\"https:\\\/\\\/x.com\\\/DiarioFemenino1\"]},{\"@type\":\"Person\",\"@id\":\"https:\\\/\\\/diariofemenino.com.ar\\\/df\\\/#\\\/schema\\\/person\\\/bf6199e8158c657ea6f789b11ec85509\",\"name\":\"Admin\",\"image\":{\"@type\":\"ImageObject\",\"inLanguage\":\"es\",\"@id\":\"https:\\\/\\\/diariofemenino.com.ar\\\/df\\\/wp-content\\\/uploads\\\/2018\\\/12\\\/favicon-150x150.jpg\",\"url\":\"https:\\\/\\\/diariofemenino.com.ar\\\/df\\\/wp-content\\\/uploads\\\/2018\\\/12\\\/favicon-150x150.jpg\",\"contentUrl\":\"https:\\\/\\\/diariofemenino.com.ar\\\/df\\\/wp-content\\\/uploads\\\/2018\\\/12\\\/favicon-150x150.jpg\",\"caption\":\"Admin\"},\"url\":\"https:\\\/\\\/diariofemenino.com.ar\\\/df\\\/author\\\/lenny\\\/\"}]}<\/script>\n<!-- \/ Yoast SEO plugin. -->","yoast_head_json":{"title":"Dora Barrancos: \u201cLos varones deben ser feministos\u201d - Diario Digital Femenino","description":"Dora Barrancos: \u201cLos varones deben ser feministos\u201d la soci\u00f3loga se despidi\u00f3 en una charla donde convoc\u00f3 a los hombres a sumarse a la potente ola feminista","robots":{"index":"index","follow":"follow","max-snippet":"max-snippet:-1","max-image-preview":"max-image-preview:large","max-video-preview":"max-video-preview:-1"},"canonical":"https:\/\/diariofemenino.com.ar\/df\/feministos\/","og_locale":"es_ES","og_type":"article","og_title":"Dora Barrancos: \u201cLos varones deben ser feministos\u201d - Diario Digital Femenino","og_description":"Dora Barrancos: \u201cLos varones deben ser feministos\u201d la soci\u00f3loga se despidi\u00f3 en una charla donde convoc\u00f3 a los hombres a sumarse a la potente ola feminista","og_url":"https:\/\/diariofemenino.com.ar\/df\/feministos\/","og_site_name":"Diario Digital Femenino","article_publisher":"https:\/\/www.facebook.com\/DiarioDigitaFemenino\/","article_published_time":"2019-07-15T22:09:52+00:00","og_image":[{"width":800,"height":600,"url":"https:\/\/diariofemenino.com.ar\/df\/wp-content\/uploads\/2019\/07\/dora-barranco_trovato.jpg","type":"image\/jpeg"}],"author":"Admin","twitter_card":"summary_large_image","twitter_creator":"@DiarioFemenino1","twitter_site":"@DiarioFemenino1","twitter_misc":{"Escrito por":"Admin","Tiempo de lectura":"6 minutos"},"schema":{"@context":"https:\/\/schema.org","@graph":[{"@type":"Article","@id":"https:\/\/diariofemenino.com.ar\/df\/feministos\/#article","isPartOf":{"@id":"https:\/\/diariofemenino.com.ar\/df\/feministos\/"},"author":{"name":"Admin","@id":"https:\/\/diariofemenino.com.ar\/df\/#\/schema\/person\/bf6199e8158c657ea6f789b11ec85509"},"headline":"Dora Barrancos: \u201cLos varones deben ser feministos\u201d","datePublished":"2019-07-15T22:09:52+00:00","mainEntityOfPage":{"@id":"https:\/\/diariofemenino.com.ar\/df\/feministos\/"},"wordCount":1179,"commentCount":0,"publisher":{"@id":"https:\/\/diariofemenino.com.ar\/df\/#organization"},"image":{"@id":"https:\/\/diariofemenino.com.ar\/df\/feministos\/#primaryimage"},"thumbnailUrl":"https:\/\/diariofemenino.com.ar\/df\/wp-content\/uploads\/2019\/07\/dora-barranco_trovato.jpg","keywords":["Diario Digital Femenino","Dora Barrancos","Feministos"],"articleSection":["Entrevistas","Noticias"],"inLanguage":"es","potentialAction":[{"@type":"CommentAction","name":"Comment","target":["https:\/\/diariofemenino.com.ar\/df\/feministos\/#respond"]}]},{"@type":"WebPage","@id":"https:\/\/diariofemenino.com.ar\/df\/feministos\/","url":"https:\/\/diariofemenino.com.ar\/df\/feministos\/","name":"Dora Barrancos: \u201cLos varones deben ser feministos\u201d - Diario Digital Femenino","isPartOf":{"@id":"https:\/\/diariofemenino.com.ar\/df\/#website"},"primaryImageOfPage":{"@id":"https:\/\/diariofemenino.com.ar\/df\/feministos\/#primaryimage"},"image":{"@id":"https:\/\/diariofemenino.com.ar\/df\/feministos\/#primaryimage"},"thumbnailUrl":"https:\/\/diariofemenino.com.ar\/df\/wp-content\/uploads\/2019\/07\/dora-barranco_trovato.jpg","datePublished":"2019-07-15T22:09:52+00:00","description":"Dora Barrancos: \u201cLos varones deben ser feministos\u201d la soci\u00f3loga se despidi\u00f3 en una charla donde convoc\u00f3 a los hombres a sumarse a la potente ola feminista","breadcrumb":{"@id":"https:\/\/diariofemenino.com.ar\/df\/feministos\/#breadcrumb"},"inLanguage":"es","potentialAction":[{"@type":"ReadAction","target":["https:\/\/diariofemenino.com.ar\/df\/feministos\/"]}]},{"@type":"ImageObject","inLanguage":"es","@id":"https:\/\/diariofemenino.com.ar\/df\/feministos\/#primaryimage","url":"https:\/\/diariofemenino.com.ar\/df\/wp-content\/uploads\/2019\/07\/dora-barranco_trovato.jpg","contentUrl":"https:\/\/diariofemenino.com.ar\/df\/wp-content\/uploads\/2019\/07\/dora-barranco_trovato.jpg","width":800,"height":600,"caption":"Dora Barrancos: \u201cLos varones deben ser feministos\u201d"},{"@type":"BreadcrumbList","@id":"https:\/\/diariofemenino.com.ar\/df\/feministos\/#breadcrumb","itemListElement":[{"@type":"ListItem","position":1,"name":"Portada","item":"https:\/\/diariofemenino.com.ar\/df\/"},{"@type":"ListItem","position":2,"name":"Dora Barrancos: \u201cLos varones deben ser feministos\u201d"}]},{"@type":"WebSite","@id":"https:\/\/diariofemenino.com.ar\/df\/#website","url":"https:\/\/diariofemenino.com.ar\/df\/","name":"Diario Digital Femenino","description":"Cuesti\u00f3n de G\u00e9nero","publisher":{"@id":"https:\/\/diariofemenino.com.ar\/df\/#organization"},"potentialAction":[{"@type":"SearchAction","target":{"@type":"EntryPoint","urlTemplate":"https:\/\/diariofemenino.com.ar\/df\/?s={search_term_string}"},"query-input":{"@type":"PropertyValueSpecification","valueRequired":true,"valueName":"search_term_string"}}],"inLanguage":"es"},{"@type":"Organization","@id":"https:\/\/diariofemenino.com.ar\/df\/#organization","name":"Diario Femenino","url":"https:\/\/diariofemenino.com.ar\/df\/","logo":{"@type":"ImageObject","inLanguage":"es","@id":"https:\/\/diariofemenino.com.ar\/df\/#\/schema\/logo\/image\/","url":"https:\/\/diariofemenino.com.ar\/df\/wp-content\/uploads\/2018\/10\/logo.png","contentUrl":"https:\/\/diariofemenino.com.ar\/df\/wp-content\/uploads\/2018\/10\/logo.png","width":500,"height":92,"caption":"Diario Femenino"},"image":{"@id":"https:\/\/diariofemenino.com.ar\/df\/#\/schema\/logo\/image\/"},"sameAs":["https:\/\/www.facebook.com\/DiarioDigitaFemenino\/","https:\/\/x.com\/DiarioFemenino1"]},{"@type":"Person","@id":"https:\/\/diariofemenino.com.ar\/df\/#\/schema\/person\/bf6199e8158c657ea6f789b11ec85509","name":"Admin","image":{"@type":"ImageObject","inLanguage":"es","@id":"https:\/\/diariofemenino.com.ar\/df\/wp-content\/uploads\/2018\/12\/favicon-150x150.jpg","url":"https:\/\/diariofemenino.com.ar\/df\/wp-content\/uploads\/2018\/12\/favicon-150x150.jpg","contentUrl":"https:\/\/diariofemenino.com.ar\/df\/wp-content\/uploads\/2018\/12\/favicon-150x150.jpg","caption":"Admin"},"url":"https:\/\/diariofemenino.com.ar\/df\/author\/lenny\/"}]}},"jetpack_featured_media_url":"https:\/\/diariofemenino.com.ar\/df\/wp-content\/uploads\/2019\/07\/dora-barranco_trovato.jpg","jetpack_sharing_enabled":true,"rttpg_featured_image_url":{"full":["https:\/\/diariofemenino.com.ar\/df\/wp-content\/uploads\/2019\/07\/dora-barranco_trovato.jpg",800,600,false],"landscape":["https:\/\/diariofemenino.com.ar\/df\/wp-content\/uploads\/2019\/07\/dora-barranco_trovato.jpg",800,600,false],"portraits":["https:\/\/diariofemenino.com.ar\/df\/wp-content\/uploads\/2019\/07\/dora-barranco_trovato.jpg",800,600,false],"thumbnail":["https:\/\/diariofemenino.com.ar\/df\/wp-content\/uploads\/2019\/07\/dora-barranco_trovato-150x150.jpg",150,150,true],"medium":["https:\/\/diariofemenino.com.ar\/df\/wp-content\/uploads\/2019\/07\/dora-barranco_trovato-300x225.jpg",300,225,true],"large":["https:\/\/diariofemenino.com.ar\/df\/wp-content\/uploads\/2019\/07\/dora-barranco_trovato.jpg",800,600,false],"1536x1536":["https:\/\/diariofemenino.com.ar\/df\/wp-content\/uploads\/2019\/07\/dora-barranco_trovato.jpg",800,600,false],"2048x2048":["https:\/\/diariofemenino.com.ar\/df\/wp-content\/uploads\/2019\/07\/dora-barranco_trovato.jpg",800,600,false]},"rttpg_author":{"display_name":"Admin","author_link":"https:\/\/diariofemenino.com.ar\/df\/author\/lenny\/"},"rttpg_comment":0,"rttpg_category":"<a href=\"https:\/\/diariofemenino.com.ar\/df\/category\/entrevistas\/\" rel=\"category tag\">Entrevistas<\/a> <a href=\"https:\/\/diariofemenino.com.ar\/df\/category\/noticias\/\" rel=\"category tag\">Noticias<\/a>","rttpg_excerpt":"Feministos -Dora Barrancos Invitada por este diario para dictar seminarios sobre mujeres y g\u00e9nero, la soci\u00f3loga Dora Barrancos se despidi\u00f3 en una charla abierta donde convoc\u00f3 a los hombres a sumarse a la potente ola feminista Por\u00a0Lucia Demarchi \u201cNadie nace feminista. Ni las m\u00e1s osadas del pasado. Nos hacemos en diferentes circunstancias\u201d, dijo Dora Barrancos&hellip;","_links":{"self":[{"href":"https:\/\/diariofemenino.com.ar\/df\/wp-json\/wp\/v2\/posts\/38446","targetHints":{"allow":["GET"]}}],"collection":[{"href":"https:\/\/diariofemenino.com.ar\/df\/wp-json\/wp\/v2\/posts"}],"about":[{"href":"https:\/\/diariofemenino.com.ar\/df\/wp-json\/wp\/v2\/types\/post"}],"author":[{"embeddable":true,"href":"https:\/\/diariofemenino.com.ar\/df\/wp-json\/wp\/v2\/users\/4"}],"replies":[{"embeddable":true,"href":"https:\/\/diariofemenino.com.ar\/df\/wp-json\/wp\/v2\/comments?post=38446"}],"version-history":[{"count":0,"href":"https:\/\/diariofemenino.com.ar\/df\/wp-json\/wp\/v2\/posts\/38446\/revisions"}],"wp:featuredmedia":[{"embeddable":true,"href":"https:\/\/diariofemenino.com.ar\/df\/wp-json\/wp\/v2\/media\/38449"}],"wp:attachment":[{"href":"https:\/\/diariofemenino.com.ar\/df\/wp-json\/wp\/v2\/media?parent=38446"}],"wp:term":[{"taxonomy":"category","embeddable":true,"href":"https:\/\/diariofemenino.com.ar\/df\/wp-json\/wp\/v2\/categories?post=38446"},{"taxonomy":"post_tag","embeddable":true,"href":"https:\/\/diariofemenino.com.ar\/df\/wp-json\/wp\/v2\/tags?post=38446"}],"curies":[{"name":"wp","href":"https:\/\/api.w.org\/{rel}","templated":true}]}}