{"id":38369,"date":"2019-07-10T23:01:45","date_gmt":"2019-07-11T02:01:45","guid":{"rendered":"https:\/\/diariofemenino.com.ar\/?p=38369"},"modified":"2020-03-05T09:04:36","modified_gmt":"2020-03-05T12:04:36","slug":"sindrome-de-alienacion-parental-ni-las-denuncias-falsas","status":"publish","type":"post","link":"https:\/\/diariofemenino.com.ar\/df\/sindrome-de-alienacion-parental-ni-las-denuncias-falsas\/","title":{"rendered":"\u201cNo existen ni el s\u00edndrome de alienaci\u00f3n parental ni las denuncias falsas\u201d"},"content":{"rendered":"<p>El s\u00edndrome de alienaci\u00f3n parental no existe<\/p>\n<figure id=\"attachment_38373\" aria-describedby=\"caption-attachment-38373\" style=\"width: 200px\" class=\"wp-caption alignleft\"><img loading=\"lazy\" decoding=\"async\" class=\"size-medium wp-image-38373\" src=\"https:\/\/diariofemenino.com.ar\/df\/wp-content\/uploads\/2019\/07\/jueza-auxi-200x300.jpg\" alt=\"\u201cNo existen ni el s\u00edndrome de alienaci\u00f3n parental ni las denuncias falsas\u201d\" width=\"200\" height=\"300\" srcset=\"https:\/\/diariofemenino.com.ar\/df\/wp-content\/uploads\/2019\/07\/jueza-auxi-200x300.jpg 200w, https:\/\/diariofemenino.com.ar\/df\/wp-content\/uploads\/2019\/07\/jueza-auxi.jpg 400w\" sizes=\"auto, (max-width: 200px) 100vw, 200px\" \/><figcaption id=\"caption-attachment-38373\" class=\"wp-caption-text\">s\u00edndrome de alienaci\u00f3n parental &#8211; no existe<\/figcaption><\/figure>\n<p>El s\u00edndrome de alienaci\u00f3n parental \u2013supuesta manipulaci\u00f3n de las criaturas <a href=\"https:\/\/diariofemenino.com.ar\/liliana-hendel-2\/\">contra el padre<\/a> por parte de la madre- o las denuncias falsas (un 0,01%) \u201cno existen\u201d, ha dicho la jueza experta en violencia machista, formadora en el Consejo General del Poder Judicial (CGPJ) y magistrada de un juzgado especializado de Las Palmas Auxiliadora D\u00edaz. Se refer\u00eda a que no son inconvenientes de la justicia en relaci\u00f3n a la violencia machista.\u00a0<strong>Lo que s\u00ed es un problema, a su parecer, es que, del 100% de casos, un 78% no se denuncie.<\/strong><\/p>\n<p>Por\u00a0<span class=\"post-author\"><a title=\"Mertxe Arratibel(r)en bidalketak\" href=\"http:\/\/andra.eus\/author\/mertxe\/\" rel=\"author\">Mertxe Arrtibel<\/a><\/span><i class=\"fa fa-clock-o\"><\/i><\/p>\n<p>D\u00edaz ha inaugurado hoy en Bilbao las ponencias del curso \u2018Justicia en Clave Feminista\u2019 organizado dentro de los Cursos de Verano de la UPV.<\/p>\n<p>La magistrada ha explicado por qu\u00e9 la justicia se rige por modelos patriarcales que no favorecen a las v\u00edctimas de la violencia de g\u00e9nero y lo ha hecho a partir de casos concretos.<\/p>\n<p>En primer lugar, ha definido la violencia de g\u00e9nero como superioridad estructural de los hombres sobre las mujeres, que se mantiene porque no se reconoce la jerarqu\u00eda de poder, como s\u00ed ocurre en la relaci\u00f3n persona empleadora\/persona empleada.<\/p>\n<p>Consecuencia l\u00f3gica de esa idea es que<strong>\u00a0\u201cel Derecho tiene g\u00e9nero masculino\u201d. El C\u00f3digo Penal espa\u00f1ol \u201cfue elaborado por hombres en una sociedad de hombres en 1995 y no concuerda con la realidad de hoy\u201d.<\/strong>\u00a0Se muestra, por tanto, partidaria de una revisi\u00f3n profunda de su articulado, ya que \u201cel Derecho es poder e impone conductas\u201d.<\/p>\n<blockquote><p>Hasta 1963, un marido que matase a su mujer sorprendida en adulterio s\u00f3lo se expon\u00eda a una pena de destierro<\/p><\/blockquote>\n<p>Como muestra de este sexismo ha apuntado que, hasta 1963, un marido que matase a su mujer sorprendida en adulterio s\u00f3lo se expon\u00eda al destierro, mientras que si era ella quien se tomaba la justicia por su mano se la acusaba de asesinato con pena de prisi\u00f3n.<\/p>\n<h3>Violencia simb\u00f3lica<\/h3>\n<p><strong>El sexismo propio del sistema judicial viene derivado de los estereotipos que asignan unos modos de ser, sentir y pensar a los hombres, y otros a las mujeres,<\/strong>\u00a0y que determinan las mentalidades. Estos estereotipos, ha recordado esta especialista,\u00a0<strong>se alimentan diariamente a trav\u00e9s de la violencia simb\u00f3lica que ejercen los medios de comunicaci\u00f3n<\/strong>\u00a0y otras industrias culturales \u2013el cine, la m\u00fasica, la literatura etc.- y lo peor de todo es que sirven para \u00a0<strong>\u201clegitimar el uso de la violencia<\/strong>\u00a0contra las que no cumplen la normatividad sexual\u201d.<\/p>\n<p>Como ejemplo de este tratamiento sexista y denigratorio de las mujeres, ha tra\u00eddo a colaci\u00f3n<strong>\u00a0el caso de Diana Quer,<\/strong>\u00a0a quien se mostraba en top y pantal\u00f3n corto, en una\u00a0<strong>imagen que suger\u00eda frivolidad<\/strong>, mientras que a su madre se la presentaba como una persona perversa,\u00a0<strong>\u201cuna mala madre\u201d.<\/strong><\/p>\n<p>Mientras tanto, el padre aparec\u00eda como \u201cel bueno\u201d y s\u00f3lo al final pudimos ver la imagen del asesino, \u2018el Chicle\u2019, cuando ya se hab\u00eda juzgado a la v\u00edctima (y a su madre). Este proceder se puede extender a otros muchos casos y \u201cpor eso\u00a0<strong>juzgamos por anticipado y no creemos a las v\u00edctimas\u201d<\/strong>, entiende D\u00edaz. No es de extra\u00f1ar, por tanto, que este sea tambi\u00e9n el principal temor de estas mujeres.<strong>\u00a0\u201cPiensan que no les creer\u00e1 la Polic\u00eda y que no se las creer\u00e1 en los juzgados\u201d.<\/strong><\/p>\n<h3>\u201cJolgorio y risas\u201d en la sentencia de Pamplona<\/h3>\n<p>El sexismo en la administraci\u00f3n de justicia se advierte tambi\u00e9n en los\u00a0<strong>\u201csesgos innecesarios al valorar un asunto\u201d.<\/strong>\u00a0La sentencia de \u2018la Manada\u2019 de Pamplona, por ejemplo, hac\u00eda referencia a\u00a0<strong>\u201cjolgorio y risas\u201d.<\/strong>\u00a0En otras resoluciones se habla de\u00a0<strong>violaciones deseadas<\/strong>\u00a0por la v\u00edctima (1999), se acusa a la v\u00edctima de provocar (la c\u00e9lebre de la minifalda, 1989), se dice que\u00a0<strong>llamar zorra a una mujer no es un insulto<\/strong>\u00a0porque puede referirse a la astucia de este animal (2011),\u00a0<strong>se pregunta a la v\u00edctima si cerr\u00f3 las piernas<\/strong>(juzgado especializado en violencia, 2016),\u00a0<strong>se absuelve a un jefe que llam\u00f3 \u201cchochitos\u201d a sus empleadas<\/strong>\u00a0(2017) o se hace lo propio con un hombre que\u00a0<strong>abus\u00f3 de una ni\u00f1a por la imposibilidad de probar que \u00e9sta opusiese resistencia<\/strong>\u00a0(2017).<\/p>\n<blockquote><p>\u201cLa escucha es imprescindibles y hay que dedicarles tiempo\u201d a las denunciantes<\/p><\/blockquote>\n<h3>V\u00edctimas con \u201ccaracter\u00edsticas propias\u201d<\/h3>\n<p>Para Auxiliadora D\u00edaz,\u00a0<strong>tratar estos casos con criterio requiere especializaci\u00f3n en g\u00e9nero<\/strong>, saber c\u00f3mo surgen y se perpet\u00faan los estereotipos, algo que muchas agentes del proceso judicial creen no necesitar. Y es que, puntualiza,<strong>\u00a0los casos de violencia machista los sufren \u201cv\u00edctimas con caracter\u00edsticas propias\u201d.<\/strong><\/p>\n<p>Entre las competencias que considera imprescindibles para quienes atienden estos casos, destaca una: la escucha. \u201cHay que dedicarles tiempo\u201d a las denunciantes.\u00a0<strong>Espacio para que se expresen y para descubrir si existe maltrato habitual,<\/strong>\u00a0porque no es esperable que cuenten toda una historia de violencia si se las apremia y \u201clo \u00edntimo no es lo primero que sale\u201d.<\/p>\n<p>No sin iron\u00eda, ha instado a especializarse en Derecho Mercantil y \u201cdedicarse a hacer n\u00fameros\u201d a quienes no est\u00e9n en esa disposici\u00f3n y subray\u00f3 que para estos casos\u00a0<strong>no se trata tanto de poseer conocimientos jur\u00eddicos como de \u201ctener sensibilidad\u201d.<\/strong><\/p>\n<p>Una de las caracter\u00edsticas del funcionamiento de los juzgados especializados en violencia es el\u00a0<strong>crecimiento de los juicios r\u00e1pidos,<\/strong>\u00a0en los que se aborda el \u00faltimo episodio de agresi\u00f3n, lo que muchas veces contribuye a que se pase por alto la violencia habitual.\u00a0<strong>\u201cYo no dejo que el maltrato habitual se transforme en un juicio r\u00e1pido\u201d,<\/strong>\u00a0ha apuntado, si bien matiza que \u201chay que ver si la v\u00edctima tiene capacidad de aguantar todo el procedimiento\u201d. S\u00f3lo si no es as\u00ed, considera que \u201ces mejor cerrar el caso para que, al menos, haya una condena\u201d.<\/p>\n<p>Para las ocasiones en que se detecta maltrato habitual ve necesario \u201casistir a las v\u00edctimas con car\u00e1cter previo a la denuncia\u201d y\u00a0<strong>recomienda \u201cencarecidamente\u201d solicitar diligencias al Instituto de Medicina Legal para que lo verifique.<\/strong><\/p>\n<h3>Recurrir al Convenio de Estambul<\/h3>\n<p>Una de las\u00a0<strong>cr\u00edticas que suele recibir la Ley Integral de Violencia de G\u00e9nero<\/strong>\u00a0aprobada en el Estado espa\u00f1ol en 2004 es que\u00a0<strong>limite su acci\u00f3n a las parejas y ex parejas de la v\u00edctima.<\/strong>Para D\u00edaz,<strong>\u00a0hay alternativa y es el Convenio de Estambul.<\/strong>\u00a0Esta normativa extiende el espectro a otras formas de violencia contra las mujeres como la mutilaci\u00f3n sexual \u2013de la que ha dicho que hay \u201cmuchos casos\u201d en el Pa\u00eds Vasco-, el acoso sexual, los matrimonios forzosos o la violencia sexual.<\/p>\n<p>Recurrir al Convenio de Estambul puede ser autom\u00e1tico y no necesita de ning\u00fan tr\u00e1mite previo como a veces se sugiere.\u00a0<strong>\u201cEs directamente aplicable, ya que est\u00e1 en vigor en Espa\u00f1a desde 2014\u201d ,<\/strong>\u00a0aclara. Es m\u00e1s, asegura que\u00a0<strong>se puede exigir responsabilidad a los Estados si se ignoran sus recomendaciones.<\/strong><\/p>\n<p>Con la puesta en pr\u00e1ctica de ese convenio tienen que ver\u00a0<strong>medidas que D\u00edaz considera que se deber\u00edan adoptar<\/strong>\u00a0para hacer m\u00e1s eficaz el tratamiento judicial de la violencia de g\u00e9nero:<\/p>\n<ul>\n<li><strong>Pol\u00edticas p\u00fablicas para visibilizar otras formas de violencia.<\/strong><\/li>\n<li><strong>Reforma del C\u00f3digo Penal.<\/strong><\/li>\n<li><strong>Gente formada en los juzgados de violencia<\/strong>\u00a0de g\u00e9nero m\u00e1s all\u00e1 de \u201cun curso de tres horas\u201d y adiestrar tambi\u00e9n al resto personas que intervienen en el proceso judicial.<\/li>\n<li><strong>Pol\u00edticas p\u00fablicas para visibilizar las formas de violencia establecidas en el Convenio de Estambul y adoptar protocolos espec\u00edficos<\/strong>, por ejemplo, contra la mutilaci\u00f3n genital.<\/li>\n<li><strong>Contabilizar los casos<\/strong>\u00a0(\u201ces fundamental\u201d).<\/li>\n<\/ul>\n<blockquote><p>\u201cMe encantar\u00eda que las v\u00edctimas no tuvieran que denunciar y que la violencia fuera un delito p\u00fablico\u201d<\/p><\/blockquote>\n<p>Y\u2026 ya puesta a expresar deseos ha confesado que le \u201cencantar\u00eda\u201d\u00a0<strong>que se eliminara del C\u00f3digo Penal la necesidad de denunciar<\/strong>\u00a0estos casos y que la violencia machista \u201cfuera un delito p\u00fablico como otro cualquiera\u201d.<\/p>\n<h3>Considerar violencia la indirecta sobre la infancia<\/h3>\n<p>Por \u00faltimo, defiende fervientemente\u00a0<strong>que se considere violencia la exposici\u00f3n infantil a la violencia de g\u00e9nero,<\/strong>\u00a0aunque \u00e9sta no se ejerza de forma directa sobre las criaturas. Que esto se tenga en cuenta actualmente se lo debemos a Angeles Gonz\u00e1lez Carre\u00f1o, que pag\u00f3 por ello el precio de la vida de su hija de 7 a\u00f1os.<\/p>\n<p>Seg\u00fan ha relatado la magistrada, esta mujer\u00a0<strong>denunci\u00f3 50 veces a su ex marido que amenazaba con matar a la ni\u00f1a<\/strong>\u00a0y de todas esas denuncias s\u00f3lo deriv\u00f3 una orden de alejamiento. La mujer recurri\u00f3 a la v\u00eda civil para conseguir la custodia, renunciando al derecho a la vivienda com\u00fan. Un juez levant\u00f3 la orden de alejamiento al entender que entorpec\u00eda el r\u00e9gimen de visitas. Como el marido no colaboraba al mantenimiento econ\u00f3mico de la ni\u00f1a, ella solicit\u00f3 la atribuci\u00f3n del domicilio familiar.\u00a0<strong>El mismo d\u00eda que consigui\u00f3 este derecho, \u00e9l mat\u00f3 a la peque\u00f1a y se suicid\u00f3.<\/strong><\/p>\n<p>La madre apel\u00f3 al CEDAW, comit\u00e9 para la eliminaci\u00f3n de la discriminaci\u00f3n contra la mujer, y gracias a esto<strong>\u00a0\u201cno hace falta que haya violencia expresa contra los ni\u00f1os y ni\u00f1as para entender que son v\u00edctimas directas\u201d.<\/strong>\u00a0En esas circunstancias, aboga por<strong>\u00a0\u201csuspender provisionalmente\u201d la patria potestad y las visitas paternas,<\/strong>\u00a0ya que, a su entender, el llamado<strong>\u00a0\u201cs\u00edndrome de alienaci\u00f3n parental\u201d no es m\u00e1s que \u201c<a href=\"https:\/\/diariofemenino.com.ar\/el-falso-sindrome-de-alienacion-parental-sap\/\">otro artilugio<\/a> para desprestigiar a las mujeres\u201d.<\/strong><\/p>\n<p>La inexistencia del\u00a0s\u00edndrome de alienaci\u00f3n parental.<\/p>\n<p>&nbsp;<\/p>\n<p><a href=\"http:\/\/andra.eus\/\">Andra. eus<\/a><\/p>\n","protected":false},"excerpt":{"rendered":"<p>El s\u00edndrome de alienaci\u00f3n parental no existe El s\u00edndrome de alienaci\u00f3n parental \u2013supuesta manipulaci\u00f3n de las criaturas contra el padre por parte de la madre- o las denuncias falsas (un 0,01%) \u201cno existen\u201d, ha dicho la jueza experta en violencia machista, formadora en el Consejo General del Poder Judicial (CGPJ) y magistrada de un juzgado [&hellip;]<\/p>\n","protected":false},"author":4,"featured_media":38372,"comment_status":"open","ping_status":"open","sticky":false,"template":"","format":"standard","meta":{"iawp_total_views":32,"footnotes":""},"categories":[7,581,9,592],"tags":[1676,1677,1678,63],"class_list":["post-38369","post","type-post","status-publish","format-standard","has-post-thumbnail","hentry","category-actividades","category-azul-profundo","category-de-esi-si-se-habla","category-violencias","tag-auxiliadora-diaz","tag-denuncias-falsas","tag-falacias","tag-sap"],"nelio_content":{"autoShareEndMode":"never","automationSources":{"useCustomSentences":false,"customSentences":[]},"efiAlt":"","efiUrl":"","followers":[4],"highlights":[],"isAutoShareEnabled":true,"networkImageIds":[],"permalinkQueryArgs":[],"series":[],"suggestedReferences":[]},"yoast_head":"<!-- This site is optimized with the Yoast SEO plugin v27.5 - https:\/\/yoast.com\/product\/yoast-seo-wordpress\/ -->\n<title>\u201cNo existen ni el s\u00edndrome de alienaci\u00f3n parental ni las denuncias falsas\u201d - Diario Digital Femenino<\/title>\n<meta name=\"description\" content=\"S\u00edndrome de alienaci\u00f3n parental, como las denuncias falsas, no existen , ha dicho la jueza experta en violencia machista, formadora en el CGPJ\" \/>\n<meta name=\"robots\" content=\"index, follow, max-snippet:-1, max-image-preview:large, max-video-preview:-1\" \/>\n<link rel=\"canonical\" href=\"https:\/\/diariofemenino.com.ar\/df\/sindrome-de-alienacion-parental-ni-las-denuncias-falsas\/\" \/>\n<meta property=\"og:locale\" content=\"es_ES\" \/>\n<meta property=\"og:type\" content=\"article\" \/>\n<meta property=\"og:title\" content=\"\u201cNo existen ni el s\u00edndrome de alienaci\u00f3n parental ni las denuncias falsas\u201d - Diario Digital Femenino\" \/>\n<meta property=\"og:description\" content=\"S\u00edndrome de alienaci\u00f3n parental, como las denuncias falsas, no existen , ha dicho la jueza experta en violencia machista, formadora en el CGPJ\" \/>\n<meta property=\"og:url\" content=\"https:\/\/diariofemenino.com.ar\/df\/sindrome-de-alienacion-parental-ni-las-denuncias-falsas\/\" \/>\n<meta property=\"og:site_name\" content=\"Diario Digital Femenino\" \/>\n<meta property=\"article:publisher\" content=\"https:\/\/www.facebook.com\/DiarioDigitaFemenino\/\" \/>\n<meta property=\"article:published_time\" content=\"2019-07-11T02:01:45+00:00\" \/>\n<meta property=\"article:modified_time\" content=\"2020-03-05T12:04:36+00:00\" \/>\n<meta property=\"og:image\" content=\"https:\/\/diariofemenino.com.ar\/df\/wp-content\/uploads\/2019\/07\/auxi1-1000x694.jpg\" \/>\n\t<meta property=\"og:image:width\" content=\"1000\" \/>\n\t<meta property=\"og:image:height\" content=\"694\" \/>\n\t<meta property=\"og:image:type\" content=\"image\/jpeg\" \/>\n<meta name=\"author\" content=\"Admin\" \/>\n<meta name=\"twitter:card\" content=\"summary_large_image\" \/>\n<meta name=\"twitter:creator\" content=\"@DiarioFemenino1\" \/>\n<meta name=\"twitter:site\" content=\"@DiarioFemenino1\" \/>\n<meta name=\"twitter:label1\" content=\"Escrito por\" \/>\n\t<meta name=\"twitter:data1\" content=\"Admin\" \/>\n\t<meta name=\"twitter:label2\" content=\"Tiempo de lectura\" \/>\n\t<meta name=\"twitter:data2\" content=\"8 minutos\" \/>\n<script type=\"application\/ld+json\" class=\"yoast-schema-graph\">{\"@context\":\"https:\\\/\\\/schema.org\",\"@graph\":[{\"@type\":\"Article\",\"@id\":\"https:\\\/\\\/diariofemenino.com.ar\\\/df\\\/sindrome-de-alienacion-parental-ni-las-denuncias-falsas\\\/#article\",\"isPartOf\":{\"@id\":\"https:\\\/\\\/diariofemenino.com.ar\\\/df\\\/sindrome-de-alienacion-parental-ni-las-denuncias-falsas\\\/\"},\"author\":{\"name\":\"Admin\",\"@id\":\"https:\\\/\\\/diariofemenino.com.ar\\\/df\\\/#\\\/schema\\\/person\\\/bf6199e8158c657ea6f789b11ec85509\"},\"headline\":\"\u201cNo existen ni el s\u00edndrome de alienaci\u00f3n parental ni las denuncias falsas\u201d\",\"datePublished\":\"2019-07-11T02:01:45+00:00\",\"dateModified\":\"2020-03-05T12:04:36+00:00\",\"mainEntityOfPage\":{\"@id\":\"https:\\\/\\\/diariofemenino.com.ar\\\/df\\\/sindrome-de-alienacion-parental-ni-las-denuncias-falsas\\\/\"},\"wordCount\":1655,\"commentCount\":0,\"publisher\":{\"@id\":\"https:\\\/\\\/diariofemenino.com.ar\\\/df\\\/#organization\"},\"image\":{\"@id\":\"https:\\\/\\\/diariofemenino.com.ar\\\/df\\\/sindrome-de-alienacion-parental-ni-las-denuncias-falsas\\\/#primaryimage\"},\"thumbnailUrl\":\"https:\\\/\\\/diariofemenino.com.ar\\\/df\\\/wp-content\\\/uploads\\\/2019\\\/07\\\/auxi1-1000x694.jpg\",\"keywords\":[\"Auxiliadora D\u00edaz\",\"Denuncias falsas\",\"falacias\",\"SAP\"],\"articleSection\":[\"Actividades\",\"Azul Profundo\",\"De ESI S\u00ed Se Habla\",\"Violencias\"],\"inLanguage\":\"es\",\"potentialAction\":[{\"@type\":\"CommentAction\",\"name\":\"Comment\",\"target\":[\"https:\\\/\\\/diariofemenino.com.ar\\\/df\\\/sindrome-de-alienacion-parental-ni-las-denuncias-falsas\\\/#respond\"]}]},{\"@type\":\"WebPage\",\"@id\":\"https:\\\/\\\/diariofemenino.com.ar\\\/df\\\/sindrome-de-alienacion-parental-ni-las-denuncias-falsas\\\/\",\"url\":\"https:\\\/\\\/diariofemenino.com.ar\\\/df\\\/sindrome-de-alienacion-parental-ni-las-denuncias-falsas\\\/\",\"name\":\"\u201cNo existen ni el s\u00edndrome de alienaci\u00f3n parental ni las denuncias falsas\u201d - Diario Digital Femenino\",\"isPartOf\":{\"@id\":\"https:\\\/\\\/diariofemenino.com.ar\\\/df\\\/#website\"},\"primaryImageOfPage\":{\"@id\":\"https:\\\/\\\/diariofemenino.com.ar\\\/df\\\/sindrome-de-alienacion-parental-ni-las-denuncias-falsas\\\/#primaryimage\"},\"image\":{\"@id\":\"https:\\\/\\\/diariofemenino.com.ar\\\/df\\\/sindrome-de-alienacion-parental-ni-las-denuncias-falsas\\\/#primaryimage\"},\"thumbnailUrl\":\"https:\\\/\\\/diariofemenino.com.ar\\\/df\\\/wp-content\\\/uploads\\\/2019\\\/07\\\/auxi1-1000x694.jpg\",\"datePublished\":\"2019-07-11T02:01:45+00:00\",\"dateModified\":\"2020-03-05T12:04:36+00:00\",\"description\":\"S\u00edndrome de alienaci\u00f3n parental, como las denuncias falsas, no existen , ha dicho la jueza experta en violencia machista, formadora en el CGPJ\",\"breadcrumb\":{\"@id\":\"https:\\\/\\\/diariofemenino.com.ar\\\/df\\\/sindrome-de-alienacion-parental-ni-las-denuncias-falsas\\\/#breadcrumb\"},\"inLanguage\":\"es\",\"potentialAction\":[{\"@type\":\"ReadAction\",\"target\":[\"https:\\\/\\\/diariofemenino.com.ar\\\/df\\\/sindrome-de-alienacion-parental-ni-las-denuncias-falsas\\\/\"]}]},{\"@type\":\"ImageObject\",\"inLanguage\":\"es\",\"@id\":\"https:\\\/\\\/diariofemenino.com.ar\\\/df\\\/sindrome-de-alienacion-parental-ni-las-denuncias-falsas\\\/#primaryimage\",\"url\":\"https:\\\/\\\/diariofemenino.com.ar\\\/df\\\/wp-content\\\/uploads\\\/2019\\\/07\\\/auxi1-1000x694.jpg\",\"contentUrl\":\"https:\\\/\\\/diariofemenino.com.ar\\\/df\\\/wp-content\\\/uploads\\\/2019\\\/07\\\/auxi1-1000x694.jpg\",\"width\":1000,\"height\":694,\"caption\":\"s\u00edndrome de alienaci\u00f3n parental\"},{\"@type\":\"BreadcrumbList\",\"@id\":\"https:\\\/\\\/diariofemenino.com.ar\\\/df\\\/sindrome-de-alienacion-parental-ni-las-denuncias-falsas\\\/#breadcrumb\",\"itemListElement\":[{\"@type\":\"ListItem\",\"position\":1,\"name\":\"Portada\",\"item\":\"https:\\\/\\\/diariofemenino.com.ar\\\/df\\\/\"},{\"@type\":\"ListItem\",\"position\":2,\"name\":\"\u201cNo existen ni el s\u00edndrome de alienaci\u00f3n parental ni las denuncias falsas\u201d\"}]},{\"@type\":\"WebSite\",\"@id\":\"https:\\\/\\\/diariofemenino.com.ar\\\/df\\\/#website\",\"url\":\"https:\\\/\\\/diariofemenino.com.ar\\\/df\\\/\",\"name\":\"Diario Digital Femenino\",\"description\":\"Cuesti\u00f3n de G\u00e9nero\",\"publisher\":{\"@id\":\"https:\\\/\\\/diariofemenino.com.ar\\\/df\\\/#organization\"},\"potentialAction\":[{\"@type\":\"SearchAction\",\"target\":{\"@type\":\"EntryPoint\",\"urlTemplate\":\"https:\\\/\\\/diariofemenino.com.ar\\\/df\\\/?s={search_term_string}\"},\"query-input\":{\"@type\":\"PropertyValueSpecification\",\"valueRequired\":true,\"valueName\":\"search_term_string\"}}],\"inLanguage\":\"es\"},{\"@type\":\"Organization\",\"@id\":\"https:\\\/\\\/diariofemenino.com.ar\\\/df\\\/#organization\",\"name\":\"Diario Femenino\",\"url\":\"https:\\\/\\\/diariofemenino.com.ar\\\/df\\\/\",\"logo\":{\"@type\":\"ImageObject\",\"inLanguage\":\"es\",\"@id\":\"https:\\\/\\\/diariofemenino.com.ar\\\/df\\\/#\\\/schema\\\/logo\\\/image\\\/\",\"url\":\"https:\\\/\\\/diariofemenino.com.ar\\\/df\\\/wp-content\\\/uploads\\\/2018\\\/10\\\/logo.png\",\"contentUrl\":\"https:\\\/\\\/diariofemenino.com.ar\\\/df\\\/wp-content\\\/uploads\\\/2018\\\/10\\\/logo.png\",\"width\":500,\"height\":92,\"caption\":\"Diario Femenino\"},\"image\":{\"@id\":\"https:\\\/\\\/diariofemenino.com.ar\\\/df\\\/#\\\/schema\\\/logo\\\/image\\\/\"},\"sameAs\":[\"https:\\\/\\\/www.facebook.com\\\/DiarioDigitaFemenino\\\/\",\"https:\\\/\\\/x.com\\\/DiarioFemenino1\"]},{\"@type\":\"Person\",\"@id\":\"https:\\\/\\\/diariofemenino.com.ar\\\/df\\\/#\\\/schema\\\/person\\\/bf6199e8158c657ea6f789b11ec85509\",\"name\":\"Admin\",\"image\":{\"@type\":\"ImageObject\",\"inLanguage\":\"es\",\"@id\":\"https:\\\/\\\/diariofemenino.com.ar\\\/df\\\/wp-content\\\/uploads\\\/2018\\\/12\\\/favicon-150x150.jpg\",\"url\":\"https:\\\/\\\/diariofemenino.com.ar\\\/df\\\/wp-content\\\/uploads\\\/2018\\\/12\\\/favicon-150x150.jpg\",\"contentUrl\":\"https:\\\/\\\/diariofemenino.com.ar\\\/df\\\/wp-content\\\/uploads\\\/2018\\\/12\\\/favicon-150x150.jpg\",\"caption\":\"Admin\"},\"url\":\"https:\\\/\\\/diariofemenino.com.ar\\\/df\\\/author\\\/lenny\\\/\"}]}<\/script>\n<!-- \/ Yoast SEO plugin. -->","yoast_head_json":{"title":"\u201cNo existen ni el s\u00edndrome de alienaci\u00f3n parental ni las denuncias falsas\u201d - Diario Digital Femenino","description":"S\u00edndrome de alienaci\u00f3n parental, como las denuncias falsas, no existen , ha dicho la jueza experta en violencia machista, formadora en el CGPJ","robots":{"index":"index","follow":"follow","max-snippet":"max-snippet:-1","max-image-preview":"max-image-preview:large","max-video-preview":"max-video-preview:-1"},"canonical":"https:\/\/diariofemenino.com.ar\/df\/sindrome-de-alienacion-parental-ni-las-denuncias-falsas\/","og_locale":"es_ES","og_type":"article","og_title":"\u201cNo existen ni el s\u00edndrome de alienaci\u00f3n parental ni las denuncias falsas\u201d - Diario Digital Femenino","og_description":"S\u00edndrome de alienaci\u00f3n parental, como las denuncias falsas, no existen , ha dicho la jueza experta en violencia machista, formadora en el CGPJ","og_url":"https:\/\/diariofemenino.com.ar\/df\/sindrome-de-alienacion-parental-ni-las-denuncias-falsas\/","og_site_name":"Diario Digital Femenino","article_publisher":"https:\/\/www.facebook.com\/DiarioDigitaFemenino\/","article_published_time":"2019-07-11T02:01:45+00:00","article_modified_time":"2020-03-05T12:04:36+00:00","og_image":[{"width":1000,"height":694,"url":"https:\/\/diariofemenino.com.ar\/df\/wp-content\/uploads\/2019\/07\/auxi1-1000x694.jpg","type":"image\/jpeg"}],"author":"Admin","twitter_card":"summary_large_image","twitter_creator":"@DiarioFemenino1","twitter_site":"@DiarioFemenino1","twitter_misc":{"Escrito por":"Admin","Tiempo de lectura":"8 minutos"},"schema":{"@context":"https:\/\/schema.org","@graph":[{"@type":"Article","@id":"https:\/\/diariofemenino.com.ar\/df\/sindrome-de-alienacion-parental-ni-las-denuncias-falsas\/#article","isPartOf":{"@id":"https:\/\/diariofemenino.com.ar\/df\/sindrome-de-alienacion-parental-ni-las-denuncias-falsas\/"},"author":{"name":"Admin","@id":"https:\/\/diariofemenino.com.ar\/df\/#\/schema\/person\/bf6199e8158c657ea6f789b11ec85509"},"headline":"\u201cNo existen ni el s\u00edndrome de alienaci\u00f3n parental ni las denuncias falsas\u201d","datePublished":"2019-07-11T02:01:45+00:00","dateModified":"2020-03-05T12:04:36+00:00","mainEntityOfPage":{"@id":"https:\/\/diariofemenino.com.ar\/df\/sindrome-de-alienacion-parental-ni-las-denuncias-falsas\/"},"wordCount":1655,"commentCount":0,"publisher":{"@id":"https:\/\/diariofemenino.com.ar\/df\/#organization"},"image":{"@id":"https:\/\/diariofemenino.com.ar\/df\/sindrome-de-alienacion-parental-ni-las-denuncias-falsas\/#primaryimage"},"thumbnailUrl":"https:\/\/diariofemenino.com.ar\/df\/wp-content\/uploads\/2019\/07\/auxi1-1000x694.jpg","keywords":["Auxiliadora D\u00edaz","Denuncias falsas","falacias","SAP"],"articleSection":["Actividades","Azul Profundo","De ESI S\u00ed Se Habla","Violencias"],"inLanguage":"es","potentialAction":[{"@type":"CommentAction","name":"Comment","target":["https:\/\/diariofemenino.com.ar\/df\/sindrome-de-alienacion-parental-ni-las-denuncias-falsas\/#respond"]}]},{"@type":"WebPage","@id":"https:\/\/diariofemenino.com.ar\/df\/sindrome-de-alienacion-parental-ni-las-denuncias-falsas\/","url":"https:\/\/diariofemenino.com.ar\/df\/sindrome-de-alienacion-parental-ni-las-denuncias-falsas\/","name":"\u201cNo existen ni el s\u00edndrome de alienaci\u00f3n parental ni las denuncias falsas\u201d - Diario Digital Femenino","isPartOf":{"@id":"https:\/\/diariofemenino.com.ar\/df\/#website"},"primaryImageOfPage":{"@id":"https:\/\/diariofemenino.com.ar\/df\/sindrome-de-alienacion-parental-ni-las-denuncias-falsas\/#primaryimage"},"image":{"@id":"https:\/\/diariofemenino.com.ar\/df\/sindrome-de-alienacion-parental-ni-las-denuncias-falsas\/#primaryimage"},"thumbnailUrl":"https:\/\/diariofemenino.com.ar\/df\/wp-content\/uploads\/2019\/07\/auxi1-1000x694.jpg","datePublished":"2019-07-11T02:01:45+00:00","dateModified":"2020-03-05T12:04:36+00:00","description":"S\u00edndrome de alienaci\u00f3n parental, como las denuncias falsas, no existen , ha dicho la jueza experta en violencia machista, formadora en el CGPJ","breadcrumb":{"@id":"https:\/\/diariofemenino.com.ar\/df\/sindrome-de-alienacion-parental-ni-las-denuncias-falsas\/#breadcrumb"},"inLanguage":"es","potentialAction":[{"@type":"ReadAction","target":["https:\/\/diariofemenino.com.ar\/df\/sindrome-de-alienacion-parental-ni-las-denuncias-falsas\/"]}]},{"@type":"ImageObject","inLanguage":"es","@id":"https:\/\/diariofemenino.com.ar\/df\/sindrome-de-alienacion-parental-ni-las-denuncias-falsas\/#primaryimage","url":"https:\/\/diariofemenino.com.ar\/df\/wp-content\/uploads\/2019\/07\/auxi1-1000x694.jpg","contentUrl":"https:\/\/diariofemenino.com.ar\/df\/wp-content\/uploads\/2019\/07\/auxi1-1000x694.jpg","width":1000,"height":694,"caption":"s\u00edndrome de alienaci\u00f3n parental"},{"@type":"BreadcrumbList","@id":"https:\/\/diariofemenino.com.ar\/df\/sindrome-de-alienacion-parental-ni-las-denuncias-falsas\/#breadcrumb","itemListElement":[{"@type":"ListItem","position":1,"name":"Portada","item":"https:\/\/diariofemenino.com.ar\/df\/"},{"@type":"ListItem","position":2,"name":"\u201cNo existen ni el s\u00edndrome de alienaci\u00f3n parental ni las denuncias falsas\u201d"}]},{"@type":"WebSite","@id":"https:\/\/diariofemenino.com.ar\/df\/#website","url":"https:\/\/diariofemenino.com.ar\/df\/","name":"Diario Digital Femenino","description":"Cuesti\u00f3n de G\u00e9nero","publisher":{"@id":"https:\/\/diariofemenino.com.ar\/df\/#organization"},"potentialAction":[{"@type":"SearchAction","target":{"@type":"EntryPoint","urlTemplate":"https:\/\/diariofemenino.com.ar\/df\/?s={search_term_string}"},"query-input":{"@type":"PropertyValueSpecification","valueRequired":true,"valueName":"search_term_string"}}],"inLanguage":"es"},{"@type":"Organization","@id":"https:\/\/diariofemenino.com.ar\/df\/#organization","name":"Diario Femenino","url":"https:\/\/diariofemenino.com.ar\/df\/","logo":{"@type":"ImageObject","inLanguage":"es","@id":"https:\/\/diariofemenino.com.ar\/df\/#\/schema\/logo\/image\/","url":"https:\/\/diariofemenino.com.ar\/df\/wp-content\/uploads\/2018\/10\/logo.png","contentUrl":"https:\/\/diariofemenino.com.ar\/df\/wp-content\/uploads\/2018\/10\/logo.png","width":500,"height":92,"caption":"Diario Femenino"},"image":{"@id":"https:\/\/diariofemenino.com.ar\/df\/#\/schema\/logo\/image\/"},"sameAs":["https:\/\/www.facebook.com\/DiarioDigitaFemenino\/","https:\/\/x.com\/DiarioFemenino1"]},{"@type":"Person","@id":"https:\/\/diariofemenino.com.ar\/df\/#\/schema\/person\/bf6199e8158c657ea6f789b11ec85509","name":"Admin","image":{"@type":"ImageObject","inLanguage":"es","@id":"https:\/\/diariofemenino.com.ar\/df\/wp-content\/uploads\/2018\/12\/favicon-150x150.jpg","url":"https:\/\/diariofemenino.com.ar\/df\/wp-content\/uploads\/2018\/12\/favicon-150x150.jpg","contentUrl":"https:\/\/diariofemenino.com.ar\/df\/wp-content\/uploads\/2018\/12\/favicon-150x150.jpg","caption":"Admin"},"url":"https:\/\/diariofemenino.com.ar\/df\/author\/lenny\/"}]}},"jetpack_featured_media_url":"https:\/\/diariofemenino.com.ar\/df\/wp-content\/uploads\/2019\/07\/auxi1-1000x694.jpg","jetpack_sharing_enabled":true,"rttpg_featured_image_url":{"full":["https:\/\/diariofemenino.com.ar\/df\/wp-content\/uploads\/2019\/07\/auxi1-1000x694.jpg",1000,694,false],"landscape":["https:\/\/diariofemenino.com.ar\/df\/wp-content\/uploads\/2019\/07\/auxi1-1000x694.jpg",1000,694,false],"portraits":["https:\/\/diariofemenino.com.ar\/df\/wp-content\/uploads\/2019\/07\/auxi1-1000x694.jpg",1000,694,false],"thumbnail":["https:\/\/diariofemenino.com.ar\/df\/wp-content\/uploads\/2019\/07\/auxi1-1000x694-150x150.jpg",150,150,true],"medium":["https:\/\/diariofemenino.com.ar\/df\/wp-content\/uploads\/2019\/07\/auxi1-1000x694-300x208.jpg",300,208,true],"large":["https:\/\/diariofemenino.com.ar\/df\/wp-content\/uploads\/2019\/07\/auxi1-1000x694.jpg",1000,694,false],"1536x1536":["https:\/\/diariofemenino.com.ar\/df\/wp-content\/uploads\/2019\/07\/auxi1-1000x694.jpg",1000,694,false],"2048x2048":["https:\/\/diariofemenino.com.ar\/df\/wp-content\/uploads\/2019\/07\/auxi1-1000x694.jpg",1000,694,false]},"rttpg_author":{"display_name":"Admin","author_link":"https:\/\/diariofemenino.com.ar\/df\/author\/lenny\/"},"rttpg_comment":0,"rttpg_category":"<a href=\"https:\/\/diariofemenino.com.ar\/df\/category\/actividades\/\" rel=\"category tag\">Actividades<\/a> <a href=\"https:\/\/diariofemenino.com.ar\/df\/category\/azul-profundo\/\" rel=\"category tag\">Azul Profundo<\/a> <a href=\"https:\/\/diariofemenino.com.ar\/df\/category\/de-esi-si-se-habla\/\" rel=\"category tag\">De ESI S\u00ed Se Habla<\/a> <a href=\"https:\/\/diariofemenino.com.ar\/df\/category\/violencias\/\" rel=\"category tag\">Violencias<\/a>","rttpg_excerpt":"El s\u00edndrome de alienaci\u00f3n parental no existe El s\u00edndrome de alienaci\u00f3n parental \u2013supuesta manipulaci\u00f3n de las criaturas contra el padre por parte de la madre- o las denuncias falsas (un 0,01%) \u201cno existen\u201d, ha dicho la jueza experta en violencia machista, formadora en el Consejo General del Poder Judicial (CGPJ) y magistrada de un juzgado&hellip;","_links":{"self":[{"href":"https:\/\/diariofemenino.com.ar\/df\/wp-json\/wp\/v2\/posts\/38369","targetHints":{"allow":["GET"]}}],"collection":[{"href":"https:\/\/diariofemenino.com.ar\/df\/wp-json\/wp\/v2\/posts"}],"about":[{"href":"https:\/\/diariofemenino.com.ar\/df\/wp-json\/wp\/v2\/types\/post"}],"author":[{"embeddable":true,"href":"https:\/\/diariofemenino.com.ar\/df\/wp-json\/wp\/v2\/users\/4"}],"replies":[{"embeddable":true,"href":"https:\/\/diariofemenino.com.ar\/df\/wp-json\/wp\/v2\/comments?post=38369"}],"version-history":[{"count":0,"href":"https:\/\/diariofemenino.com.ar\/df\/wp-json\/wp\/v2\/posts\/38369\/revisions"}],"wp:featuredmedia":[{"embeddable":true,"href":"https:\/\/diariofemenino.com.ar\/df\/wp-json\/wp\/v2\/media\/38372"}],"wp:attachment":[{"href":"https:\/\/diariofemenino.com.ar\/df\/wp-json\/wp\/v2\/media?parent=38369"}],"wp:term":[{"taxonomy":"category","embeddable":true,"href":"https:\/\/diariofemenino.com.ar\/df\/wp-json\/wp\/v2\/categories?post=38369"},{"taxonomy":"post_tag","embeddable":true,"href":"https:\/\/diariofemenino.com.ar\/df\/wp-json\/wp\/v2\/tags?post=38369"}],"curies":[{"name":"wp","href":"https:\/\/api.w.org\/{rel}","templated":true}]}}