{"id":38324,"date":"2019-07-09T20:26:40","date_gmt":"2019-07-09T23:26:40","guid":{"rendered":"https:\/\/diariofemenino.com.ar\/?p=38324"},"modified":"2019-07-09T20:26:40","modified_gmt":"2019-07-09T23:26:40","slug":"la-mujer-en-la-universidad-un-grupo-historicamente-discriminado","status":"publish","type":"post","link":"https:\/\/diariofemenino.com.ar\/df\/la-mujer-en-la-universidad-un-grupo-historicamente-discriminado\/","title":{"rendered":"La mujer en la universidad: un grupo hist\u00f3ricamente discriminado"},"content":{"rendered":"<h2 style=\"text-align: center;\">La mujer en la universidad: un grupo hist\u00f3ricamente discriminado<\/h2>\n<p>Hay una presencia muy escasa de mujeres en los cargos de gobierno de la universidad y en la carrera investigadora respecto a los hombres. Eliminar la brecha de g\u00e9nero es inaplazable.<\/p>\n<p>Por Maria Jos\u00e9 Romero Rodenas<\/p>\n<div class=\"row pb-content-type-text\">\n<div class=\"col-xs-12 col-print-12\">\n<p class=\"element element-paragraph\">Las medidas de acci\u00f3n positivas para fomentar la presencia de mujeres en los \u00f3rganos de decisi\u00f3n de las instituciones universitarias suscitan debate sobre si son o no justificadas.<\/p>\n<\/div>\n<\/div>\n<div class=\"row pb-content-type-text\">\n<div class=\"col-xs-12 col-print-12\">\n<p class=\"element element-paragraph\">Seg\u00fan la Real Academia Espa\u00f1ola de la Lengua la definici\u00f3n de discriminaci\u00f3n positiva es la siguiente: \u00abProtecci\u00f3n de car\u00e1cter extraordinario que se da a un grupo hist\u00f3ricamente discriminado, especialmente por raz\u00f3n de sexo, raza, lengua o religi\u00f3n, para lograr su plena integraci\u00f3n social\u00bb.<\/p>\n<\/div>\n<\/div>\n<div class=\"row pb-content-type-header\">\n<div class=\"col-xs-12\">\n<h3 class=\"element element-heading\">\u00bfQu\u00e9 ocurre con otros grupos discriminados?<\/h3>\n<\/div>\n<\/div>\n<div class=\"row pb-content-type-text\">\n<div class=\"col-xs-12 col-print-12\">\n<p class=\"element element-paragraph\">Bien. Pensemos ahora en un <a href=\"https:\/\/diariofemenino.com.ar\/la-necesidad-de-la-perspectiva-de-genero-en-las-curriculas-universitarias\/\">grupo hist\u00f3ricamente discriminado<\/a>. Por ejemplo, el colectivo de personas con discapacidad. Las dificultades para su integraci\u00f3n laboral en el mercado de trabajo justificaron la reserva obligatoria de puestos en la empresa p\u00fablica y privada para favorecer su acceso al empleo y, por ende, su inclusi\u00f3n social.<\/p>\n<\/div>\n<\/div>\n<div class=\"row pb-content-type-text\">\n<div id=\"\" class=\"wrapper clearfix pb-feature pb-layout-item pb-f-ads-dfp no-align\">\n<div id=\"inline\" class=\"ad-slot\">Parece que estas medidas de acci\u00f3n positiva han sido interiorizadas por la sociedad actual, que las considera proporcionadas al objetivo que pretende conseguir y sin que haya una contestaci\u00f3n relevante por \u00abdiscriminar\u00bb a las personas sin discapacidad.<\/div>\n<\/div>\n<\/div>\n<div class=\"row pb-content-type-text\">\n<div class=\"col-xs-12 col-print-12\">\n<p class=\"element element-paragraph\">Hablemos ahora de mujer y universidad. Del \u00faltimo informe \u00abCient\u00edficas en Cifras 2017\u00bb, publicaci\u00f3n que analiza la presencia relativa de mujeres en los distintos niveles y \u00e1mbitos de la ciencia en Espa\u00f1a, con especial atenci\u00f3n a la carrera investigadora en universidades y organismos p\u00fablicos de investigaci\u00f3n, a la composici\u00f3n de \u00f3rganos de gobierno y evaluaci\u00f3n y a los resultados de la participaci\u00f3n en convocatorias de financiaci\u00f3n de la I+D+i.<\/p>\n<\/div>\n<\/div>\n<div class=\"row pb-content-type-text\">\n<div class=\"col-xs-12 col-print-12\">\n<p class=\"element element-paragraph\">Si ese informe destaca \u00abla escasa presencia de mujeres en los cargos de gobierno, que se mantiene el techo de cristal en la carrera investigadora respecto a los hombres y que contin\u00faa la brecha de g\u00e9nero en los proyectos de I+D+i\u00bb, <a href=\"https:\/\/diariofemenino.com.ar\/voto-educacion-y-aborto-mas-de-150-anos-de-lucha-feminista-en-argentina\/\">\u00bfse puede considerar a la mujer en la universidad como un grupo hist\u00f3ricamente discriminado?<\/a><\/p>\n<\/div>\n<\/div>\n<div class=\"row pb-content-type-text\">\n<div class=\"col-xs-12 col-print-12\">\n<p class=\"element element-paragraph\">Teniendo en cuenta que en la universidad espa\u00f1ola son ya mayor\u00eda las egresadas, pero tan solo un 21 % han alcanzado la categor\u00eda de catedr\u00e1ticas, \u00bfest\u00e1n justificadas las medidas de discriminaci\u00f3n positiva como para otros colectivos en situaci\u00f3n similar?<\/p>\n<\/div>\n<\/div>\n<div class=\"row pb-content-type-header\">\n<div class=\"col-xs-12\">\n<h3 class=\"element element-heading\">Brecha de g\u00e9nero<\/h3>\n<\/div>\n<\/div>\n<div class=\"row pb-content-type-text\">\n<div class=\"col-xs-12 col-print-12\">\n<p class=\"element element-paragraph\">La acci\u00f3n positiva se legitima, no en funci\u00f3n de la persona beneficiaria, sino en funci\u00f3n de su pertenencia a un grupo poblacional discriminado \u2013en este caso, nosotras, las mujeres\u2013.<\/p>\n<\/div>\n<\/div>\n<div class=\"row pb-content-type-text\">\n<div class=\"col-xs-12 col-print-12\">\n<p class=\"element element-paragraph\">El Libro Blanco de la Situaci\u00f3n de las Mujeres en la Ciencia Espa\u00f1ola nos recuerda que la Estrategia del Espacio Europeo de Investigaci\u00f3n, adoptada en 2010, se\u00f1ala como objetivo para el a\u00f1o 2030 que la mitad de todo el personal cient\u00edfico, en todas las disciplinas y en todos los niveles del sistema cient\u00edfico en Europa y, por tanto, en Espa\u00f1a, sean mujeres. \u00a1Nos quedan tan solo 11 a\u00f1os y tant\u00edsimos obst\u00e1culos para conseguir este objetivo!<\/p>\n<\/div>\n<\/div>\n<div class=\"row pb-content-type-text\">\n<div class=\"col-xs-12 col-print-12\">\n<p class=\"element element-paragraph\">La inmensa mayor\u00eda de las instituciones cient\u00edficas europeas y espa\u00f1olas implementan medidas de acci\u00f3n positiva para eliminar la brecha de g\u00e9nero.<\/p>\n<\/div>\n<\/div>\n<div class=\"row pb-content-type-text\">\n<div class=\"col-xs-12 col-print-12\">\n<p class=\"element element-paragraph\">Eliminarla en la ciencia es inaplazable. E imperante. Tan importante en la gobernanza de una universidad es la atenci\u00f3n de pol\u00edticas que conlleven a la estabilidad presupuestaria y sostenibilidad financiera como la aplicaci\u00f3n de medidas de acci\u00f3n positiva que nos lleven hacia la equidad de g\u00e9nero.<\/p>\n<\/div>\n<\/div>\n<div class=\"row pb-content-type-text\">\n<div class=\"col-xs-12 col-print-12\">\n<p class=\"element element-paragraph\">El Tribunal Constitucional y el Tribunal de Justicia de la Uni\u00f3n Europea aceptan las medidas de acci\u00f3n positiva \u2013cuya definici\u00f3n se encuentra en el art. 11 de la Ley Org\u00e1nica de Igualdad (que no hace sino trasponer el contenido de las Directivas 2002\/73\/CE y 2004\/113\/CE\u2013 a favor de las mujeres declarando leg\u00edtima su aplicaci\u00f3n para compensar la brecha de g\u00e9nero patente.<\/p>\n<\/div>\n<\/div>\n<div class=\"row pb-content-type-text\">\n<div class=\"col-xs-12 col-print-12\">\n<p class=\"element element-paragraph\">A modo de ejemplo, en la universidad donde trabajo, la Universidad de Castilla La Mancha, un 45 % de las personas susceptibles de dirigir tesis somos mujeres, pero solo accedemos a dirigir tesis el 20 % en 2018, frente al 28 % en 2017. Estas medidas, en el \u00e1mbito de actuaci\u00f3n de la Universidad de Castilla La Mancha, han supuesto un incremento del 12 % en proyectos de investigaci\u00f3n dirigidos por mujeres, acortando la brecha de g\u00e9nero existente, pasando de 29 a 43 cient\u00edficas el n\u00famero de investigadoras principales en Castilla-La Mancha.<\/p>\n<\/div>\n<\/div>\n<div class=\"row pb-content-type-header\">\n<div class=\"col-xs-12\">\n<h3 class=\"element element-heading\">Debate equivocado<\/h3>\n<\/div>\n<\/div>\n<div class=\"row pb-content-type-text\">\n<div class=\"col-xs-12 col-print-12\">\n<p class=\"element element-paragraph\">El Programa FEDER 2014-2020 de la Uni\u00f3n Europea establece como criterio b\u00e1sico para la selecci\u00f3n de operaciones financiables \u00abla incorporaci\u00f3n de la perspectiva de g\u00e9nero y el principio de igualdad de oportunidades a fin de contribuir a la reducci\u00f3n de la brecha de g\u00e9nero y a la prevenci\u00f3n de posibles brechas de g\u00e9nero futuras o, cuando esto no sea posible, deber\u00e1 justificar al menos que la acci\u00f3n en concreto no contribuye a profundizar en una brecha de g\u00e9nero preexistente\u00bb.<\/p>\n<\/div>\n<\/div>\n<div class=\"row pb-content-type-text\">\n<div class=\"col-xs-12 col-print-12\">\n<p class=\"element element-paragraph\">Y esta l\u00ednea incide el reciente Plan Estatal de I+D+i, reconoci\u00e9ndonos hasta 10 puntos a los proyectos liderados por mujeres: ahora bien, vinculados a la existencia de pol\u00edticas de igualdad de g\u00e9nero en la universidad.<\/p>\n<\/div>\n<\/div>\n<div class=\"row pb-content-type-text\">\n<div class=\"col-xs-12 col-print-12\">\n<p class=\"element element-paragraph\">El debate sobre la necesidad o no de medidas de discriminaci\u00f3n positiva no nos puede hacer mirar en la direcci\u00f3n equivocada ante la evidente brecha de g\u00e9nero en la ciencia. Ello tiene consecuencias y, sobre todo, nos impide entender que la vida y sus circunstancias y escenarios se pueden transformar en busca de sociedades que ponderen ante todo, la igualdad, la equidad y la justicia social.<\/p>\n<\/div>\n<\/div>\n<div class=\"row pb-content-type-text\">\n<div class=\"col-xs-12 col-print-12\">\n<p class=\"element element-paragraph\">No le faltan razones a la antrop\u00f3loga e investigadora mexicana Marcela Lagarde al se\u00f1alar que \u00aben la construcci\u00f3n de la democracia gen\u00e9rica, una manera de concebir la perspectiva de g\u00e9nero es comprenderla como una herramienta cient\u00edfica, pol\u00edtica, ideol\u00f3gica y cultural, que puede permitir la superaci\u00f3n de la intolerancia a la diversidad humana, de todas las manifestaciones del sexismo, del dominio, la opresi\u00f3n y la explotaci\u00f3n en que se cultiva la desigualdad social\u00bb.<\/p>\n<\/div>\n<\/div>\n<div class=\"row pb-content-type-text\">\n<div class=\"col-xs-12 col-print-12\">\n<p class=\"element element-paragraph\">La perspectiva de g\u00e9nero es la respuesta m\u00e1s acertada y democr\u00e1tica que hoy se perfecciona para alcanzar el objetivo de la igualdad real.<\/p>\n<\/div>\n<\/div>\n<div class=\"row pb-content-type-raw_html\">\n<div class=\"element element-rawhtml col-xs-12\"><img loading=\"lazy\" decoding=\"async\" class=\"alignnone size-full wp-image-38326\" src=\"https:\/\/diariofemenino.com.ar\/df\/wp-content\/uploads\/2019\/07\/mujereslideres_agenda.png\" alt=\"La mujer en la universidad: un grupo hist\u00f3ricamente discriminado\" width=\"600\" height=\"300\" srcset=\"https:\/\/diariofemenino.com.ar\/df\/wp-content\/uploads\/2019\/07\/mujereslideres_agenda.png 600w, https:\/\/diariofemenino.com.ar\/df\/wp-content\/uploads\/2019\/07\/mujereslideres_agenda-300x150.png 300w\" sizes=\"auto, (max-width: 600px) 100vw, 600px\" \/><\/div>\n<\/div>\n<div class=\"row pb-content-type-text\">\n<div class=\"col-xs-12 col-print-12\">\n<p class=\"element element-paragraph\">Por\u00a0Maria Jos\u00e9 Romero Rodenas, Universidad de Castilla-La Mancha<\/p>\n<p>Fuente: <a href=\"https:\/\/www.infobae.com\/america\/tendencias-america\/2019\/07\/09\/la-mujer-en-la-universidad-un-grupo-historicamente-discriminado\/\">Infobae<\/a><\/p>\n<\/div>\n<\/div>\n","protected":false},"excerpt":{"rendered":"<p>La mujer en la universidad: un grupo hist\u00f3ricamente discriminado Hay una presencia muy escasa de mujeres en los cargos de gobierno de la universidad y en la carrera investigadora respecto a los hombres. Eliminar la brecha de g\u00e9nero es inaplazable. Por Maria Jos\u00e9 Romero Rodenas Las medidas de acci\u00f3n positivas para fomentar la presencia de [&hellip;]<\/p>\n","protected":false},"author":3,"featured_media":38327,"comment_status":"open","ping_status":"open","sticky":false,"template":"","format":"standard","meta":{"iawp_total_views":3,"footnotes":""},"categories":[178],"tags":[1668,11,974,34,130,113,543],"class_list":["post-38324","post","type-post","status-publish","format-standard","has-post-thumbnail","hentry","category-articulos-y-comunicados","tag-carrera-universitaria","tag-educacion","tag-estudiantes","tag-machismo","tag-mujeres","tag-patriarcado","tag-universidad"],"nelio_content":{"autoShareEndMode":"never","automationSources":{"useCustomSentences":false,"customSentences":[]},"efiAlt":"","efiUrl":"","followers":[3],"highlights":[],"isAutoShareEnabled":true,"networkImageIds":[],"permalinkQueryArgs":[],"series":[],"suggestedReferences":[]},"yoast_head":"<!-- This site is optimized with the Yoast SEO plugin v27.5 - https:\/\/yoast.com\/product\/yoast-seo-wordpress\/ -->\n<title>La mujer en la universidad: un grupo hist\u00f3ricamente discriminado - Diario Digital Femenino<\/title>\n<meta name=\"description\" content=\"La mujer en la universidad: un grupo hist\u00f3ricamente discriminadoHay una presencia muy escasa de mujeres en los cargos de gobierno de la universidad\" \/>\n<meta name=\"robots\" content=\"index, follow, max-snippet:-1, max-image-preview:large, max-video-preview:-1\" \/>\n<link rel=\"canonical\" href=\"https:\/\/diariofemenino.com.ar\/df\/la-mujer-en-la-universidad-un-grupo-historicamente-discriminado\/\" \/>\n<meta property=\"og:locale\" content=\"es_ES\" \/>\n<meta property=\"og:type\" content=\"article\" \/>\n<meta property=\"og:title\" content=\"La mujer en la universidad: un grupo hist\u00f3ricamente discriminado - Diario Digital Femenino\" \/>\n<meta property=\"og:description\" content=\"La mujer en la universidad: un grupo hist\u00f3ricamente discriminadoHay una presencia muy escasa de mujeres en los cargos de gobierno de la universidad\" \/>\n<meta property=\"og:url\" content=\"https:\/\/diariofemenino.com.ar\/df\/la-mujer-en-la-universidad-un-grupo-historicamente-discriminado\/\" \/>\n<meta property=\"og:site_name\" content=\"Diario Digital Femenino\" \/>\n<meta property=\"article:publisher\" content=\"https:\/\/www.facebook.com\/DiarioDigitaFemenino\/\" \/>\n<meta property=\"article:published_time\" content=\"2019-07-09T23:26:40+00:00\" \/>\n<meta property=\"og:image\" content=\"https:\/\/diariofemenino.com.ar\/df\/wp-content\/uploads\/2019\/07\/acoso_universidad_v2-e1523037490561.jpg\" \/>\n\t<meta property=\"og:image:width\" content=\"870\" \/>\n\t<meta property=\"og:image:height\" content=\"436\" \/>\n\t<meta property=\"og:image:type\" content=\"image\/jpeg\" \/>\n<meta name=\"author\" content=\"Admin\" \/>\n<meta name=\"twitter:card\" content=\"summary_large_image\" \/>\n<meta name=\"twitter:creator\" content=\"@DiarioFemenino1\" \/>\n<meta name=\"twitter:site\" content=\"@DiarioFemenino1\" \/>\n<meta name=\"twitter:label1\" content=\"Escrito por\" \/>\n\t<meta name=\"twitter:data1\" content=\"Admin\" \/>\n\t<meta name=\"twitter:label2\" content=\"Tiempo de lectura\" \/>\n\t<meta name=\"twitter:data2\" content=\"5 minutos\" \/>\n<script type=\"application\/ld+json\" class=\"yoast-schema-graph\">{\"@context\":\"https:\\\/\\\/schema.org\",\"@graph\":[{\"@type\":\"Article\",\"@id\":\"https:\\\/\\\/diariofemenino.com.ar\\\/df\\\/la-mujer-en-la-universidad-un-grupo-historicamente-discriminado\\\/#article\",\"isPartOf\":{\"@id\":\"https:\\\/\\\/diariofemenino.com.ar\\\/df\\\/la-mujer-en-la-universidad-un-grupo-historicamente-discriminado\\\/\"},\"author\":{\"name\":\"Admin\",\"@id\":\"https:\\\/\\\/diariofemenino.com.ar\\\/df\\\/#\\\/schema\\\/person\\\/1c36bc3bf394d8ec320814298b4fdd3f\"},\"headline\":\"La mujer en la universidad: un grupo hist\u00f3ricamente discriminado\",\"datePublished\":\"2019-07-09T23:26:40+00:00\",\"mainEntityOfPage\":{\"@id\":\"https:\\\/\\\/diariofemenino.com.ar\\\/df\\\/la-mujer-en-la-universidad-un-grupo-historicamente-discriminado\\\/\"},\"wordCount\":1093,\"commentCount\":0,\"publisher\":{\"@id\":\"https:\\\/\\\/diariofemenino.com.ar\\\/df\\\/#organization\"},\"image\":{\"@id\":\"https:\\\/\\\/diariofemenino.com.ar\\\/df\\\/la-mujer-en-la-universidad-un-grupo-historicamente-discriminado\\\/#primaryimage\"},\"thumbnailUrl\":\"https:\\\/\\\/diariofemenino.com.ar\\\/df\\\/wp-content\\\/uploads\\\/2019\\\/07\\\/acoso_universidad_v2-e1523037490561.jpg\",\"keywords\":[\"carrera universitaria\",\"Educaci\u00f3n\",\"Estudiantes\",\"Machismo\",\"Mujeres\",\"Patriarcado\",\"Universidad\"],\"articleSection\":[\"Art\u00edculos y Comunicados\"],\"inLanguage\":\"es\",\"potentialAction\":[{\"@type\":\"CommentAction\",\"name\":\"Comment\",\"target\":[\"https:\\\/\\\/diariofemenino.com.ar\\\/df\\\/la-mujer-en-la-universidad-un-grupo-historicamente-discriminado\\\/#respond\"]}]},{\"@type\":\"WebPage\",\"@id\":\"https:\\\/\\\/diariofemenino.com.ar\\\/df\\\/la-mujer-en-la-universidad-un-grupo-historicamente-discriminado\\\/\",\"url\":\"https:\\\/\\\/diariofemenino.com.ar\\\/df\\\/la-mujer-en-la-universidad-un-grupo-historicamente-discriminado\\\/\",\"name\":\"La mujer en la universidad: un grupo hist\u00f3ricamente discriminado - Diario Digital Femenino\",\"isPartOf\":{\"@id\":\"https:\\\/\\\/diariofemenino.com.ar\\\/df\\\/#website\"},\"primaryImageOfPage\":{\"@id\":\"https:\\\/\\\/diariofemenino.com.ar\\\/df\\\/la-mujer-en-la-universidad-un-grupo-historicamente-discriminado\\\/#primaryimage\"},\"image\":{\"@id\":\"https:\\\/\\\/diariofemenino.com.ar\\\/df\\\/la-mujer-en-la-universidad-un-grupo-historicamente-discriminado\\\/#primaryimage\"},\"thumbnailUrl\":\"https:\\\/\\\/diariofemenino.com.ar\\\/df\\\/wp-content\\\/uploads\\\/2019\\\/07\\\/acoso_universidad_v2-e1523037490561.jpg\",\"datePublished\":\"2019-07-09T23:26:40+00:00\",\"description\":\"La mujer en la universidad: un grupo hist\u00f3ricamente discriminadoHay una presencia muy escasa de mujeres en los cargos de gobierno de la universidad\",\"breadcrumb\":{\"@id\":\"https:\\\/\\\/diariofemenino.com.ar\\\/df\\\/la-mujer-en-la-universidad-un-grupo-historicamente-discriminado\\\/#breadcrumb\"},\"inLanguage\":\"es\",\"potentialAction\":[{\"@type\":\"ReadAction\",\"target\":[\"https:\\\/\\\/diariofemenino.com.ar\\\/df\\\/la-mujer-en-la-universidad-un-grupo-historicamente-discriminado\\\/\"]}]},{\"@type\":\"ImageObject\",\"inLanguage\":\"es\",\"@id\":\"https:\\\/\\\/diariofemenino.com.ar\\\/df\\\/la-mujer-en-la-universidad-un-grupo-historicamente-discriminado\\\/#primaryimage\",\"url\":\"https:\\\/\\\/diariofemenino.com.ar\\\/df\\\/wp-content\\\/uploads\\\/2019\\\/07\\\/acoso_universidad_v2-e1523037490561.jpg\",\"contentUrl\":\"https:\\\/\\\/diariofemenino.com.ar\\\/df\\\/wp-content\\\/uploads\\\/2019\\\/07\\\/acoso_universidad_v2-e1523037490561.jpg\",\"width\":870,\"height\":436},{\"@type\":\"BreadcrumbList\",\"@id\":\"https:\\\/\\\/diariofemenino.com.ar\\\/df\\\/la-mujer-en-la-universidad-un-grupo-historicamente-discriminado\\\/#breadcrumb\",\"itemListElement\":[{\"@type\":\"ListItem\",\"position\":1,\"name\":\"Portada\",\"item\":\"https:\\\/\\\/diariofemenino.com.ar\\\/df\\\/\"},{\"@type\":\"ListItem\",\"position\":2,\"name\":\"La mujer en la universidad: un grupo hist\u00f3ricamente discriminado\"}]},{\"@type\":\"WebSite\",\"@id\":\"https:\\\/\\\/diariofemenino.com.ar\\\/df\\\/#website\",\"url\":\"https:\\\/\\\/diariofemenino.com.ar\\\/df\\\/\",\"name\":\"Diario Digital Femenino\",\"description\":\"Cuesti\u00f3n de G\u00e9nero\",\"publisher\":{\"@id\":\"https:\\\/\\\/diariofemenino.com.ar\\\/df\\\/#organization\"},\"potentialAction\":[{\"@type\":\"SearchAction\",\"target\":{\"@type\":\"EntryPoint\",\"urlTemplate\":\"https:\\\/\\\/diariofemenino.com.ar\\\/df\\\/?s={search_term_string}\"},\"query-input\":{\"@type\":\"PropertyValueSpecification\",\"valueRequired\":true,\"valueName\":\"search_term_string\"}}],\"inLanguage\":\"es\"},{\"@type\":\"Organization\",\"@id\":\"https:\\\/\\\/diariofemenino.com.ar\\\/df\\\/#organization\",\"name\":\"Diario Femenino\",\"url\":\"https:\\\/\\\/diariofemenino.com.ar\\\/df\\\/\",\"logo\":{\"@type\":\"ImageObject\",\"inLanguage\":\"es\",\"@id\":\"https:\\\/\\\/diariofemenino.com.ar\\\/df\\\/#\\\/schema\\\/logo\\\/image\\\/\",\"url\":\"https:\\\/\\\/diariofemenino.com.ar\\\/df\\\/wp-content\\\/uploads\\\/2018\\\/10\\\/logo.png\",\"contentUrl\":\"https:\\\/\\\/diariofemenino.com.ar\\\/df\\\/wp-content\\\/uploads\\\/2018\\\/10\\\/logo.png\",\"width\":500,\"height\":92,\"caption\":\"Diario Femenino\"},\"image\":{\"@id\":\"https:\\\/\\\/diariofemenino.com.ar\\\/df\\\/#\\\/schema\\\/logo\\\/image\\\/\"},\"sameAs\":[\"https:\\\/\\\/www.facebook.com\\\/DiarioDigitaFemenino\\\/\",\"https:\\\/\\\/x.com\\\/DiarioFemenino1\"]},{\"@type\":\"Person\",\"@id\":\"https:\\\/\\\/diariofemenino.com.ar\\\/df\\\/#\\\/schema\\\/person\\\/1c36bc3bf394d8ec320814298b4fdd3f\",\"name\":\"Admin\",\"image\":{\"@type\":\"ImageObject\",\"inLanguage\":\"es\",\"@id\":\"https:\\\/\\\/diariofemenino.com.ar\\\/df\\\/wp-content\\\/uploads\\\/2018\\\/12\\\/favicon-150x150.jpg\",\"url\":\"https:\\\/\\\/diariofemenino.com.ar\\\/df\\\/wp-content\\\/uploads\\\/2018\\\/12\\\/favicon-150x150.jpg\",\"contentUrl\":\"https:\\\/\\\/diariofemenino.com.ar\\\/df\\\/wp-content\\\/uploads\\\/2018\\\/12\\\/favicon-150x150.jpg\",\"caption\":\"Admin\"},\"url\":\"https:\\\/\\\/diariofemenino.com.ar\\\/df\\\/author\\\/sofiperez\\\/\"}]}<\/script>\n<!-- \/ Yoast SEO plugin. -->","yoast_head_json":{"title":"La mujer en la universidad: un grupo hist\u00f3ricamente discriminado - Diario Digital Femenino","description":"La mujer en la universidad: un grupo hist\u00f3ricamente discriminadoHay una presencia muy escasa de mujeres en los cargos de gobierno de la universidad","robots":{"index":"index","follow":"follow","max-snippet":"max-snippet:-1","max-image-preview":"max-image-preview:large","max-video-preview":"max-video-preview:-1"},"canonical":"https:\/\/diariofemenino.com.ar\/df\/la-mujer-en-la-universidad-un-grupo-historicamente-discriminado\/","og_locale":"es_ES","og_type":"article","og_title":"La mujer en la universidad: un grupo hist\u00f3ricamente discriminado - Diario Digital Femenino","og_description":"La mujer en la universidad: un grupo hist\u00f3ricamente discriminadoHay una presencia muy escasa de mujeres en los cargos de gobierno de la universidad","og_url":"https:\/\/diariofemenino.com.ar\/df\/la-mujer-en-la-universidad-un-grupo-historicamente-discriminado\/","og_site_name":"Diario Digital Femenino","article_publisher":"https:\/\/www.facebook.com\/DiarioDigitaFemenino\/","article_published_time":"2019-07-09T23:26:40+00:00","og_image":[{"width":870,"height":436,"url":"https:\/\/diariofemenino.com.ar\/df\/wp-content\/uploads\/2019\/07\/acoso_universidad_v2-e1523037490561.jpg","type":"image\/jpeg"}],"author":"Admin","twitter_card":"summary_large_image","twitter_creator":"@DiarioFemenino1","twitter_site":"@DiarioFemenino1","twitter_misc":{"Escrito por":"Admin","Tiempo de lectura":"5 minutos"},"schema":{"@context":"https:\/\/schema.org","@graph":[{"@type":"Article","@id":"https:\/\/diariofemenino.com.ar\/df\/la-mujer-en-la-universidad-un-grupo-historicamente-discriminado\/#article","isPartOf":{"@id":"https:\/\/diariofemenino.com.ar\/df\/la-mujer-en-la-universidad-un-grupo-historicamente-discriminado\/"},"author":{"name":"Admin","@id":"https:\/\/diariofemenino.com.ar\/df\/#\/schema\/person\/1c36bc3bf394d8ec320814298b4fdd3f"},"headline":"La mujer en la universidad: un grupo hist\u00f3ricamente discriminado","datePublished":"2019-07-09T23:26:40+00:00","mainEntityOfPage":{"@id":"https:\/\/diariofemenino.com.ar\/df\/la-mujer-en-la-universidad-un-grupo-historicamente-discriminado\/"},"wordCount":1093,"commentCount":0,"publisher":{"@id":"https:\/\/diariofemenino.com.ar\/df\/#organization"},"image":{"@id":"https:\/\/diariofemenino.com.ar\/df\/la-mujer-en-la-universidad-un-grupo-historicamente-discriminado\/#primaryimage"},"thumbnailUrl":"https:\/\/diariofemenino.com.ar\/df\/wp-content\/uploads\/2019\/07\/acoso_universidad_v2-e1523037490561.jpg","keywords":["carrera universitaria","Educaci\u00f3n","Estudiantes","Machismo","Mujeres","Patriarcado","Universidad"],"articleSection":["Art\u00edculos y Comunicados"],"inLanguage":"es","potentialAction":[{"@type":"CommentAction","name":"Comment","target":["https:\/\/diariofemenino.com.ar\/df\/la-mujer-en-la-universidad-un-grupo-historicamente-discriminado\/#respond"]}]},{"@type":"WebPage","@id":"https:\/\/diariofemenino.com.ar\/df\/la-mujer-en-la-universidad-un-grupo-historicamente-discriminado\/","url":"https:\/\/diariofemenino.com.ar\/df\/la-mujer-en-la-universidad-un-grupo-historicamente-discriminado\/","name":"La mujer en la universidad: un grupo hist\u00f3ricamente discriminado - Diario Digital Femenino","isPartOf":{"@id":"https:\/\/diariofemenino.com.ar\/df\/#website"},"primaryImageOfPage":{"@id":"https:\/\/diariofemenino.com.ar\/df\/la-mujer-en-la-universidad-un-grupo-historicamente-discriminado\/#primaryimage"},"image":{"@id":"https:\/\/diariofemenino.com.ar\/df\/la-mujer-en-la-universidad-un-grupo-historicamente-discriminado\/#primaryimage"},"thumbnailUrl":"https:\/\/diariofemenino.com.ar\/df\/wp-content\/uploads\/2019\/07\/acoso_universidad_v2-e1523037490561.jpg","datePublished":"2019-07-09T23:26:40+00:00","description":"La mujer en la universidad: un grupo hist\u00f3ricamente discriminadoHay una presencia muy escasa de mujeres en los cargos de gobierno de la universidad","breadcrumb":{"@id":"https:\/\/diariofemenino.com.ar\/df\/la-mujer-en-la-universidad-un-grupo-historicamente-discriminado\/#breadcrumb"},"inLanguage":"es","potentialAction":[{"@type":"ReadAction","target":["https:\/\/diariofemenino.com.ar\/df\/la-mujer-en-la-universidad-un-grupo-historicamente-discriminado\/"]}]},{"@type":"ImageObject","inLanguage":"es","@id":"https:\/\/diariofemenino.com.ar\/df\/la-mujer-en-la-universidad-un-grupo-historicamente-discriminado\/#primaryimage","url":"https:\/\/diariofemenino.com.ar\/df\/wp-content\/uploads\/2019\/07\/acoso_universidad_v2-e1523037490561.jpg","contentUrl":"https:\/\/diariofemenino.com.ar\/df\/wp-content\/uploads\/2019\/07\/acoso_universidad_v2-e1523037490561.jpg","width":870,"height":436},{"@type":"BreadcrumbList","@id":"https:\/\/diariofemenino.com.ar\/df\/la-mujer-en-la-universidad-un-grupo-historicamente-discriminado\/#breadcrumb","itemListElement":[{"@type":"ListItem","position":1,"name":"Portada","item":"https:\/\/diariofemenino.com.ar\/df\/"},{"@type":"ListItem","position":2,"name":"La mujer en la universidad: un grupo hist\u00f3ricamente discriminado"}]},{"@type":"WebSite","@id":"https:\/\/diariofemenino.com.ar\/df\/#website","url":"https:\/\/diariofemenino.com.ar\/df\/","name":"Diario Digital Femenino","description":"Cuesti\u00f3n de G\u00e9nero","publisher":{"@id":"https:\/\/diariofemenino.com.ar\/df\/#organization"},"potentialAction":[{"@type":"SearchAction","target":{"@type":"EntryPoint","urlTemplate":"https:\/\/diariofemenino.com.ar\/df\/?s={search_term_string}"},"query-input":{"@type":"PropertyValueSpecification","valueRequired":true,"valueName":"search_term_string"}}],"inLanguage":"es"},{"@type":"Organization","@id":"https:\/\/diariofemenino.com.ar\/df\/#organization","name":"Diario Femenino","url":"https:\/\/diariofemenino.com.ar\/df\/","logo":{"@type":"ImageObject","inLanguage":"es","@id":"https:\/\/diariofemenino.com.ar\/df\/#\/schema\/logo\/image\/","url":"https:\/\/diariofemenino.com.ar\/df\/wp-content\/uploads\/2018\/10\/logo.png","contentUrl":"https:\/\/diariofemenino.com.ar\/df\/wp-content\/uploads\/2018\/10\/logo.png","width":500,"height":92,"caption":"Diario Femenino"},"image":{"@id":"https:\/\/diariofemenino.com.ar\/df\/#\/schema\/logo\/image\/"},"sameAs":["https:\/\/www.facebook.com\/DiarioDigitaFemenino\/","https:\/\/x.com\/DiarioFemenino1"]},{"@type":"Person","@id":"https:\/\/diariofemenino.com.ar\/df\/#\/schema\/person\/1c36bc3bf394d8ec320814298b4fdd3f","name":"Admin","image":{"@type":"ImageObject","inLanguage":"es","@id":"https:\/\/diariofemenino.com.ar\/df\/wp-content\/uploads\/2018\/12\/favicon-150x150.jpg","url":"https:\/\/diariofemenino.com.ar\/df\/wp-content\/uploads\/2018\/12\/favicon-150x150.jpg","contentUrl":"https:\/\/diariofemenino.com.ar\/df\/wp-content\/uploads\/2018\/12\/favicon-150x150.jpg","caption":"Admin"},"url":"https:\/\/diariofemenino.com.ar\/df\/author\/sofiperez\/"}]}},"jetpack_featured_media_url":"https:\/\/diariofemenino.com.ar\/df\/wp-content\/uploads\/2019\/07\/acoso_universidad_v2-e1523037490561.jpg","jetpack_sharing_enabled":true,"rttpg_featured_image_url":{"full":["https:\/\/diariofemenino.com.ar\/df\/wp-content\/uploads\/2019\/07\/acoso_universidad_v2-e1523037490561.jpg",870,436,false],"landscape":["https:\/\/diariofemenino.com.ar\/df\/wp-content\/uploads\/2019\/07\/acoso_universidad_v2-e1523037490561.jpg",870,436,false],"portraits":["https:\/\/diariofemenino.com.ar\/df\/wp-content\/uploads\/2019\/07\/acoso_universidad_v2-e1523037490561.jpg",870,436,false],"thumbnail":["https:\/\/diariofemenino.com.ar\/df\/wp-content\/uploads\/2019\/07\/acoso_universidad_v2-e1523037490561-150x150.jpg",150,150,true],"medium":["https:\/\/diariofemenino.com.ar\/df\/wp-content\/uploads\/2019\/07\/acoso_universidad_v2-e1523037490561-300x150.jpg",300,150,true],"large":["https:\/\/diariofemenino.com.ar\/df\/wp-content\/uploads\/2019\/07\/acoso_universidad_v2-e1523037490561.jpg",870,436,false],"1536x1536":["https:\/\/diariofemenino.com.ar\/df\/wp-content\/uploads\/2019\/07\/acoso_universidad_v2-e1523037490561.jpg",870,436,false],"2048x2048":["https:\/\/diariofemenino.com.ar\/df\/wp-content\/uploads\/2019\/07\/acoso_universidad_v2-e1523037490561.jpg",870,436,false]},"rttpg_author":{"display_name":"Admin","author_link":"https:\/\/diariofemenino.com.ar\/df\/author\/sofiperez\/"},"rttpg_comment":0,"rttpg_category":"<a href=\"https:\/\/diariofemenino.com.ar\/df\/category\/articulos-y-comunicados\/\" rel=\"category tag\">Art\u00edculos y Comunicados<\/a>","rttpg_excerpt":"La mujer en la universidad: un grupo hist\u00f3ricamente discriminado Hay una presencia muy escasa de mujeres en los cargos de gobierno de la universidad y en la carrera investigadora respecto a los hombres. Eliminar la brecha de g\u00e9nero es inaplazable. Por Maria Jos\u00e9 Romero Rodenas Las medidas de acci\u00f3n positivas para fomentar la presencia de&hellip;","_links":{"self":[{"href":"https:\/\/diariofemenino.com.ar\/df\/wp-json\/wp\/v2\/posts\/38324","targetHints":{"allow":["GET"]}}],"collection":[{"href":"https:\/\/diariofemenino.com.ar\/df\/wp-json\/wp\/v2\/posts"}],"about":[{"href":"https:\/\/diariofemenino.com.ar\/df\/wp-json\/wp\/v2\/types\/post"}],"author":[{"embeddable":true,"href":"https:\/\/diariofemenino.com.ar\/df\/wp-json\/wp\/v2\/users\/3"}],"replies":[{"embeddable":true,"href":"https:\/\/diariofemenino.com.ar\/df\/wp-json\/wp\/v2\/comments?post=38324"}],"version-history":[{"count":0,"href":"https:\/\/diariofemenino.com.ar\/df\/wp-json\/wp\/v2\/posts\/38324\/revisions"}],"wp:featuredmedia":[{"embeddable":true,"href":"https:\/\/diariofemenino.com.ar\/df\/wp-json\/wp\/v2\/media\/38327"}],"wp:attachment":[{"href":"https:\/\/diariofemenino.com.ar\/df\/wp-json\/wp\/v2\/media?parent=38324"}],"wp:term":[{"taxonomy":"category","embeddable":true,"href":"https:\/\/diariofemenino.com.ar\/df\/wp-json\/wp\/v2\/categories?post=38324"},{"taxonomy":"post_tag","embeddable":true,"href":"https:\/\/diariofemenino.com.ar\/df\/wp-json\/wp\/v2\/tags?post=38324"}],"curies":[{"name":"wp","href":"https:\/\/api.w.org\/{rel}","templated":true}]}}