{"id":38314,"date":"2019-07-09T20:18:29","date_gmt":"2019-07-09T23:18:29","guid":{"rendered":"https:\/\/diariofemenino.com.ar\/?p=38314"},"modified":"2022-07-09T09:04:27","modified_gmt":"2022-07-09T12:04:27","slug":"guerreras-de-la-independencia","status":"publish","type":"post","link":"https:\/\/diariofemenino.com.ar\/df\/guerreras-de-la-independencia\/","title":{"rendered":"Guerreras de la independencia: 4 historias de mujeres valientes"},"content":{"rendered":"<p><strong>Guerreras de la independencia. Fueron esp\u00edas, enfermeras, soldados, lavanderas. Miles de mujeres hicieron propios los desaf\u00edos de su tiempo y contribuyeron de manera fundamental en la causa por la independencia. La profesora de historia\u00a0Patricia Lasca\u00a0recupera las luchas\u00a0de cuatro de ellas.<\/strong><\/p>\n<p>El Congreso de Tucum\u00e1n el 9 de julio de 1816 aprob\u00f3 la Declaraci\u00f3n de la Independencia de las Provincias Unidas en Sud Am\u00e9rica del rey Fernando VII, sus sucesores, metr\u00f3poli y de toda otra dominaci\u00f3n extranjera.\u00a0<strong>La independencia signific\u00f3, para las Provincias Unidas del R\u00edo de La Plata, la separaci\u00f3n definitiva de la Corona espa\u00f1ola y el camino hacia la formaci\u00f3n del Estado Nacional, que se concret\u00f3 con la sanci\u00f3n de la Constituci\u00f3n Nacional Argentina de 1853.<\/strong><\/p>\n<p>Cuando se recuerda la guerra por la independencia nos imaginamos campos de batalla poblados de hombres. Sin embargo,\u00a0<strong>miles de<a href=\"https:\/\/diariofemenino.com.ar\/mujeres-mayas-de-ayer-de-hoy-y-de-siempre\/\"> mujeres<\/a> asumieron diferentes roles en la gesta libertadora<\/strong>. Fueron esp\u00edas, enfermeras, soldados, lavanderas. Desde el barro de los combates u otros espacios hicieron propios los desaf\u00edos de su tiempo y contribuyeron de manera fundamental en la causa por la independencia.<\/p>\n<p><strong>Mar\u00eda Remedios del Valle: la Madre de la Patria<\/strong><\/p>\n<p>En 1810, la primera expedici\u00f3n por la independencia parti\u00f3, desde Buenos Aires, hacia el Alto Per\u00fa, entre las filas de hombres iba una mujer liberta, de origen africano, que acompa\u00f1aba a su marido y a sus dos hijos. Se llamaba Mar\u00eda Remedios Del Valle. Por su inigualable contribuci\u00f3n a los ideales de libertad el general Gregorio Ar\u00e1oz de Lamadrid no dud\u00f3 en decir que esta mujer merec\u00eda ser nombrada como \u00abla Madre de La Patria\u00bb. Mar\u00eda<strong>\u00a0luch\u00f3 en las batallas m\u00e1s resonantes por la independencia<\/strong>, combati\u00f3 en Huaqui, estuvo junto a Belgrano -quien la nombr\u00f3 capitana- en los triunfos de Tucum\u00e1n y Salta y en las derrotas de Vilcapugio y Ayohuma.<\/p>\n<p>En los combates\u00a0<strong>recibi\u00f3 seis heridas de bala<\/strong>. Atendi\u00f3 y aliment\u00f3 a los heridos a la vez que perdi\u00f3 en el campo de batalla a su esposo y a sus hijos. \u00bfQu\u00e9 m\u00e1s pod\u00eda entregar o qu\u00e9 m\u00e1s era posible perder? Sin embargo, en cuestiones de guerra el sufrimiento humano no tiene l\u00edmites: Mar\u00eda cay\u00f3 prisionera durante la batalla de Ayohuma, fue azotada p\u00fablicamente por nueve d\u00edas. Finalmente, logr\u00f3 escapar.<\/p>\n<p>Cuando\u00a0<strong>\u00ab<a href=\"https:\/\/diariofemenino.com.ar\/df\/la-parda-la-madre-de-la-matria\/\">la parda<\/a>\u00ab, como le dec\u00edan<\/strong>, volvi\u00f3 a Buenos Aires, el Estado hab\u00eda dejado de pagarle el sueldo de capitana. Mar\u00eda deambulaba por las calles vendiendo pasteles y pidiendo limosna. La historia cuenta que, cierto d\u00eda, Juan Jos\u00e9 Viamonte la reconoci\u00f3 en la puerta de una iglesia y exclam\u00f3: \u00abEs la capitana, la Madre de la Patria\u00bb. El diputado empez\u00f3 las gestiones para que se hiciera justicia con Mar\u00eda. Finalmente, en 1828, la Sala de Representantes le concedi\u00f3 el sueldo de capit\u00e1n de Infanter\u00eda. Cobrar\u00eda la suma de 30 pesos al mes, un salario miserable teniendo en cuenta que un kilo de yerba costaba aproximadamente 70 centavos. Si bien se pensaron algunos proyectos para reivindicar a la Madre de La Patria, lo cierto es que pasaron al olvido.<\/p>\n<figure id=\"attachment_38317\" aria-describedby=\"caption-attachment-38317\" style=\"width: 499px\" class=\"wp-caption aligncenter\"><img loading=\"lazy\" decoding=\"async\" class=\" wp-image-38317\" src=\"https:\/\/diariofemenino.com.ar\/df\/wp-content\/uploads\/2019\/07\/lacapitana.jpg\" alt=\"Guerreras de la independencia: 4 historias de mujeres valientes\" width=\"499\" height=\"285\" srcset=\"https:\/\/diariofemenino.com.ar\/df\/wp-content\/uploads\/2019\/07\/lacapitana.jpg 466w, https:\/\/diariofemenino.com.ar\/df\/wp-content\/uploads\/2019\/07\/lacapitana-300x171.jpg 300w\" sizes=\"auto, (max-width: 499px) 100vw, 499px\" \/><figcaption id=\"caption-attachment-38317\" class=\"wp-caption-text\">Guerreras de la independencia. Mar\u00eda Remedios del Valle, de origen africano, pele\u00f3 a las \u00f3rdenes de Manuel Belgrano.<\/figcaption><\/figure>\n<p><strong>Mar\u00eda Magdalena G\u00fcemes: esp\u00eda y mediadora<\/strong><\/p>\n<p>Con una madre descendiente de conquistadores y un padre funcionario de la Corona espa\u00f1ola, <a href=\"https:\/\/es.wikipedia.org\/wiki\/Macacha_G%C3%BCemes\">Macacha<\/a>, como le dec\u00edan, hermana del conocido caudillo Mart\u00edn Miguel de G\u00fcemes,\u00a0<strong>formaba parte del exclusivo c\u00edrculo de la \u00e9lite salte\u00f1a<\/strong>. Las fuentes hist\u00f3ricas coinciden en destacar la uni\u00f3n de los hermanos, desde la infancia y por el resto de sus vidas. Juntos se involucraron en la gesta de la independencia. Los \u00abinfernales\u00bb de G\u00fcemes eran el ej\u00e9rcito de gauchos que los hermanos organizaron y sumaron a la causa.<\/p>\n<p>Mar\u00eda\u00a0<strong>se convirti\u00f3 en una experta esp\u00eda<\/strong>: con otras mujeres coordinaban arriesgadas misiones de inteligencia. Es sabido que escond\u00edan en sus vestidos mensajes con informaci\u00f3n sobre los realistas que hac\u00edan llegar al ej\u00e9rcito. Este equipo de espionaje popular fue muy eficaz en complicarle la vida al enemigo.<\/p>\n<p>Cuando, en 1815, Mart\u00edn de G\u00fcemes fue elegido, por voluntad popular, gobernador de Salta, Macacha se convirti\u00f3 en el verdadero ministro de su hermano,\u00a0<strong>interven\u00eda en los actos p\u00fablicos, en los asuntos de guerra, montando a caballo y arengando a las tropas<\/strong>.<\/p>\n<p>En 1816, ante el conflicto entre Jos\u00e9 Rondeau y Mart\u00edn de G\u00fcemes que estaban a punto de enfrentarse, Macacha\u00a0<strong>actu\u00f3 como mediadora<\/strong>. A ra\u00edz de la conciliaci\u00f3n se firm\u00f3 la \u00abPaz de los Cerrillos\u00bb, en el que se estableci\u00f3 que Salta seguir\u00eda con sus m\u00e9todos de guerra gaucha bajo la conducci\u00f3n de G\u00fcemes y brindar\u00eda auxilio a las tropas enviadas desde Buenos Aires.<\/p>\n<p>Macacha adhiri\u00f3 al partido federal, y sigui\u00f3 participando de la pol\u00edtica hasta 1840.<\/p>\n<figure id=\"attachment_38318\" aria-describedby=\"caption-attachment-38318\" style=\"width: 363px\" class=\"wp-caption aligncenter\"><img loading=\"lazy\" decoding=\"async\" class=\"size-full wp-image-38318\" src=\"https:\/\/diariofemenino.com.ar\/df\/wp-content\/uploads\/2019\/07\/Fallecimiento-de-Magdalena-G\u00fcemes.jpg\" alt=\"Guerreras de la independencia: 4 historias de mujeres valientes\" width=\"363\" height=\"508\" srcset=\"https:\/\/diariofemenino.com.ar\/df\/wp-content\/uploads\/2019\/07\/Fallecimiento-de-Magdalena-G\u00fcemes.jpg 363w, https:\/\/diariofemenino.com.ar\/df\/wp-content\/uploads\/2019\/07\/Fallecimiento-de-Magdalena-G\u00fcemes-214x300.jpg 214w\" sizes=\"auto, (max-width: 363px) 100vw, 363px\" \/><figcaption id=\"caption-attachment-38318\" class=\"wp-caption-text\">Guerreras de la independencia. Magdalena Guemes<\/figcaption><\/figure>\n<p><strong>Juana Azurduy: la guerrera<\/strong><\/p>\n<p>El hogar de los Azurduy, en una hacienda cerca de Chuquisaca (hoy, Bolivia), no estaba formado por un matrimonio convencional propio de la \u00e9poca colonial. Mat\u00edas Azurduy proven\u00eda de una familia espa\u00f1ola con privilegios y se hab\u00eda casado con Eulalia Bermudes, de sangre mestiza. En el invierno de 1780 se convirtieron en los padres de Juana, quien\u00a0<strong>desde muy joven abrazar\u00eda las causas revolucionarias<\/strong>.<\/p>\n<p>La peque\u00f1a Juana\u00a0<strong>qued\u00f3 hu\u00e9rfana a los 7 a\u00f1os<\/strong>, entonces, pas\u00f3 al cuidado de sus t\u00edos. Durante un tiempo estuvo internada en un convento de monjas, pero por su car\u00e1cter rebelde fue expulsada. En 1805 se cas\u00f3 con el hacendado Ascencio Padilla, vecino de las tierras de Juana. Eran tiempos felices, pero los dos quer\u00edan luchar por\u00a0la libertad, por eso, sus vidas fueron tan turbulentas como dram\u00e1ticas. El matrimonio, muy pronto, se perfil\u00f3 como revolucionario durante las rebeliones de Chuquisaca y La Paz, actual Bolivia (en ese entonces territorio del Virreinato del R\u00edo de La Plata).<\/p>\n<p>Mientras tanto, en 1810, en Buenos Aires, capital del virreinato, se concretaba la Revoluci\u00f3n de Mayo. Ese mismo a\u00f1o se inici\u00f3 la guerra por la independencia de las Provincias Unidas del R\u00edo de La Plata. Fue as\u00ed que, cuando las tropas de Balcarce llegaron al Alto Per\u00fa para combatir con los realistas (espa\u00f1oles) en Suipacha, la pareja de caudillos Padilla Azurduy se sum\u00f3 a la causa independentista en esta batalla, que fue el primer triunfo de las fuerzas revolucionarias.<\/p>\n<p>En los campos de batalla<\/p>\n<p>La historia de Juana demuestra el importante, y activo, rol de las <a href=\"https:\/\/diariofemenino.com.ar\/df\/suenos-de-libertad-en-latinoamerica\/\">mujeres<\/a> en el proceso por la independencia. Continuando con sus actos heroicos, luch\u00f3 en la dura derrota de Huaqui (1811), y despu\u00e9s de este combate\u00a0<strong>fue prisionera de guerra junto a sus hijos<\/strong>, luego rescatados por su esposo. La casa, bienes y tierras de los Padilla fueron confiscados por los realistas. Luego sigui\u00f3 combatiendo bajo las \u00f3rdenes de Belgrano. Juana organiz\u00f3 el \u00abBatall\u00f3n de Leales\u00bb con el que particip\u00f3 en la derrota de Ayohuma.<\/p>\n<p><strong>Tal fue el papel preponderante de esta guerrera que Belgrano, en reconocimiento a su lucha incansable, le entreg\u00f3 su sable, luego del triunfo en el combate del Villar (1816).\u00a0<\/strong>El gobierno de Buenos Aires, a instancias de Belgrano,\u00a0<strong>la asciende a teniente coronela, la \u00fanica mujer que recibi\u00f3 este honor por parte del Ej\u00e9rcito Argentino<\/strong>.<\/p>\n<p>Juana, con su chaqueta roja de franjas doradas y sombrero con plumas azules y blancas, luch\u00f3 en el barro de los campos de batalla por la defensa de la patria mientras lo iba perdiendo todo;\u00a0<strong>sus cuatro hijos murieron durante las crueldades de la guerra<\/strong>. Estaba embarazada de su quinto hijo cuando fue herida y cay\u00f3 prisionera en el combate de La Laguna. Su marido logr\u00f3 rescatarla, pero a \u00e9l le cost\u00f3 la vida.<\/p>\n<p>Finalmente, ante el nuevo escenario militar de abandonar la ruta altoperuana Azurduy se une al caudillo Juan Mart\u00edn de G\u00fcemes, y a la muerte de \u00e9ste Juana vivi\u00f3 el resto de sus d\u00edas en la pobreza. La Flor del Alto Per\u00fa, como la bautiz\u00f3 la canci\u00f3n con la voz de Mercedes Sosa, igual que tantas otras mujeres (y hombres) indispensables de nuestra historia nacional, conoci\u00f3 la ingratitud de ofrecerlo todo sin recibir un reconocimiento justo.<\/p>\n<figure id=\"attachment_38319\" aria-describedby=\"caption-attachment-38319\" style=\"width: 605px\" class=\"wp-caption aligncenter\"><img loading=\"lazy\" decoding=\"async\" class=\" wp-image-38319\" src=\"https:\/\/diariofemenino.com.ar\/df\/wp-content\/uploads\/2019\/07\/Juana-Azurduy.jpg\" alt=\"Guerreras de la independencia: 4 historias de mujeres valientes\" width=\"605\" height=\"356\" srcset=\"https:\/\/diariofemenino.com.ar\/df\/wp-content\/uploads\/2019\/07\/Juana-Azurduy.jpg 800w, https:\/\/diariofemenino.com.ar\/df\/wp-content\/uploads\/2019\/07\/Juana-Azurduy-300x176.jpg 300w, https:\/\/diariofemenino.com.ar\/df\/wp-content\/uploads\/2019\/07\/Juana-Azurduy-768x451.jpg 768w\" sizes=\"auto, (max-width: 605px) 100vw, 605px\" \/><figcaption id=\"caption-attachment-38319\" class=\"wp-caption-text\">Guerreras de la independencia. Juana Azurduy<\/figcaption><\/figure>\n<p><strong>Mariquita S\u00e1nchez de Thompson: una mujer que pele\u00f3 por sus derechos a los 14 a\u00f1os<\/strong><\/p>\n<p>No todas las mujeres destacadas de esta \u00e9poca lucharon en los campos de batalla. Mar\u00eda Josefa S\u00e1nchez ejerci\u00f3 su influencia desde la comodidad aristocr\u00e1tica de su casa. Mariquita es bien conocida porque la tradici\u00f3n hist\u00f3rica atribuye que\u00a0<strong>en su casa se cant\u00f3 por primera vez, el 14 de mayo de 1813, el Himno Nacional Argentino, con letra de Vicente L\u00f3pez y Planes y m\u00fasica de Blas Parera<\/strong>. Existen dudas al respecto, aunque el relato tradicional ha quedado en la memoria colectiva.<\/p>\n<p>Tambi\u00e9n es recordada por ser la gran anfitriona de las tertulias de la alta sociedad porte\u00f1a en su casa de la actual calle Florida de Buenos Aires, o en su quinta de de San Isidro, hoy Casa Museo. En sus residencias se discut\u00edan los asuntos pol\u00edticos m\u00e1s candentes de la \u00e9poca. Pasaron por all\u00ed los hombres que tomaban decisiones pol\u00edticas fundamentales acerca del futuro de la Patria.<\/p>\n<p>Defensora de sus derechos<\/p>\n<p>Cuando Mariquita ten\u00eda apenas 14 a\u00f1os, su padre -que hab\u00eda \u00abarreglado\u00bb el futuro matrimonial de la ni\u00f1a- organiz\u00f3 la fiesta de compromiso para anunciar el casamiento de su hija con Diego del Arco, quien ten\u00eda alrededor de 50 a\u00f1os de edad. Mariquita,\u00a0<strong>en un acto de rebeld\u00eda inusual para la \u00e9poca (y en defensa de sus derechos), le dijo a sus padres que no se casar\u00eda porque estaba enamorada de su primo segundo Mart\u00edn Thompson<\/strong>. El hecho fue el mayor esc\u00e1ndalo social del a\u00f1o 1801 en Buenos Aires.<\/p>\n<p>Con las cosas como estaban, sus padres recluyeron a Margarita en La Santa Casa de los Ejercicios Espirituales de San Ignacio de Loyola, un lugar de meditaci\u00f3n e introspecci\u00f3n, y donde muchos padres o maridos enviaban a las mujeres \u00abdesobedientes\u00bb a reflexionar. Cuando Mariquita, luego del retiro, volvi\u00f3 a su casa. Ante la negativa de sus padres de otorgar el consentimiento para su matrimonio con Thompson,\u00a0<strong>inici\u00f3 un juicio por disenso ante el Virrey Sobremonte. El tr\u00e1mite llev\u00f3 cerca de un a\u00f1o, finalmente el virrey le otorg\u00f3 el permiso para su casamiento<\/strong>.<\/p>\n<p>Una mujer rupturista<\/p>\n<p>Mariquita era una mujer capaz de romper con las normas de su tiempo; se anim\u00f3 a desafiar la autoridad paterna con apenas 14 a\u00f1os, en una \u00e9poca donde las mujeres obedec\u00edan primero al padre y despu\u00e9s al marido. Se relacion\u00f3 con hombres notables como Juan Mart\u00edn de Pueyrred\u00f3n, Nicol\u00e1s Rodr\u00edguez Pe\u00f1a, Carlos Mar\u00eda de Alvear. Fue partidaria de la independencia, con una vida pol\u00edtica activa que la llev\u00f3, tambi\u00e9n, a ser amiga de Rivadavia.\u00a0<strong>Su libertad de pensamiento le permit\u00eda declararse federal y, al mismo tiempo, propiciar la intelectualidad de la Generaci\u00f3n del &#8217;37<\/strong>. Muy amiga de Rosas, sin embargo, se refugi\u00f3 en Montevideo por miedo a ser perseguida por el Restaurador.<\/p>\n<p>Mariquita integr\u00f3 la Sociedad de Beneficencia que estuvo, entre otras cosas, al mando de la administraci\u00f3n del Hospital de Mujeres, de la Casa Cuna, la c\u00e1rcel de mujeres y la escuela de hu\u00e9rfanas.<\/p>\n<p>Sus ideas rupturistas la llevaron a cuestionar la idea cl\u00e1sica del matrimonio indisoluble diciendo que \u00abes una barbaridad atarse a un martirio permanente\u00bb.<\/p>\n<figure id=\"attachment_38320\" aria-describedby=\"caption-attachment-38320\" style=\"width: 1920px\" class=\"wp-caption alignnone\"><img loading=\"lazy\" decoding=\"async\" class=\"size-full wp-image-38320\" src=\"https:\/\/diariofemenino.com.ar\/df\/wp-content\/uploads\/2019\/07\/himno_nacional_argentino.jpg\" alt=\"Guerreras de la independencia: 4 historias de mujeres valientes\" width=\"1920\" height=\"1423\" srcset=\"https:\/\/diariofemenino.com.ar\/df\/wp-content\/uploads\/2019\/07\/himno_nacional_argentino.jpg 1920w, https:\/\/diariofemenino.com.ar\/df\/wp-content\/uploads\/2019\/07\/himno_nacional_argentino-300x222.jpg 300w, https:\/\/diariofemenino.com.ar\/df\/wp-content\/uploads\/2019\/07\/himno_nacional_argentino-768x569.jpg 768w, https:\/\/diariofemenino.com.ar\/df\/wp-content\/uploads\/2019\/07\/himno_nacional_argentino-1024x759.jpg 1024w\" sizes=\"auto, (max-width: 1920px) 100vw, 1920px\" \/><figcaption id=\"caption-attachment-38320\" class=\"wp-caption-text\">Guerreras de la independencia. El himno se \u00abestren\u00f3\u00bb en casa de Mariquita S\u00e1nchez de Thompson el 14 de mayo de 1813.<\/figcaption><\/figure>\n<p>&nbsp;<\/p>\n","protected":false},"excerpt":{"rendered":"<p>Guerreras de la independencia. Fueron esp\u00edas, enfermeras, soldados, lavanderas. Miles de mujeres hicieron propios los desaf\u00edos de su tiempo y contribuyeron de manera fundamental en la causa por la independencia. La profesora de historia\u00a0Patricia Lasca\u00a0recupera las luchas\u00a0de cuatro de ellas. El Congreso de Tucum\u00e1n el 9 de julio de 1816 aprob\u00f3 la Declaraci\u00f3n de la [&hellip;]<\/p>\n","protected":false},"author":3,"featured_media":38319,"comment_status":"open","ping_status":"open","sticky":false,"template":"","format":"standard","meta":{"iawp_total_views":132,"footnotes":""},"categories":[32],"tags":[1665,341,130,1667,1666],"class_list":["post-38314","post","type-post","status-publish","format-standard","has-post-thumbnail","hentry","category-mujeres","tag-guerreras","tag-historia","tag-mujeres","tag-silenciadas","tag-valientes"],"nelio_content":{"autoShareEndMode":"never","automationSources":{"useCustomSentences":false,"customSentences":[]},"efiAlt":"","efiUrl":"","followers":[4,3],"highlights":[],"isAutoShareEnabled":true,"networkImageIds":[],"permalinkQueryArgs":[],"series":[],"suggestedReferences":[]},"yoast_head":"<!-- This site is optimized with the Yoast SEO plugin v27.5 - https:\/\/yoast.com\/product\/yoast-seo-wordpress\/ -->\n<title>Guerreras de la independencia: 4 historias de mujeres valientes - Diario Digital Femenino<\/title>\n<meta name=\"description\" content=\"Guerreras de la independencia: 4 historias de mujeres valientes. Fueron esp\u00edas, enfermeras, soldados, lavanderas. Miles de mujeres hicieron\" \/>\n<meta name=\"robots\" content=\"index, follow, max-snippet:-1, max-image-preview:large, max-video-preview:-1\" \/>\n<link rel=\"canonical\" href=\"https:\/\/diariofemenino.com.ar\/df\/guerreras-de-la-independencia\/\" \/>\n<meta property=\"og:locale\" content=\"es_ES\" \/>\n<meta property=\"og:type\" content=\"article\" \/>\n<meta property=\"og:title\" content=\"Guerreras de la independencia: 4 historias de mujeres valientes - Diario Digital Femenino\" \/>\n<meta property=\"og:description\" content=\"Guerreras de la independencia: 4 historias de mujeres valientes. Fueron esp\u00edas, enfermeras, soldados, lavanderas. Miles de mujeres hicieron\" \/>\n<meta property=\"og:url\" content=\"https:\/\/diariofemenino.com.ar\/df\/guerreras-de-la-independencia\/\" \/>\n<meta property=\"og:site_name\" content=\"Diario Digital Femenino\" \/>\n<meta property=\"article:publisher\" content=\"https:\/\/www.facebook.com\/DiarioDigitaFemenino\/\" \/>\n<meta property=\"article:published_time\" content=\"2019-07-09T23:18:29+00:00\" \/>\n<meta property=\"article:modified_time\" content=\"2022-07-09T12:04:27+00:00\" \/>\n<meta property=\"og:image\" content=\"https:\/\/diariofemenino.com.ar\/df\/wp-content\/uploads\/2019\/07\/Juana-Azurduy.jpg\" \/>\n\t<meta property=\"og:image:width\" content=\"800\" \/>\n\t<meta property=\"og:image:height\" content=\"470\" \/>\n\t<meta property=\"og:image:type\" content=\"image\/jpeg\" \/>\n<meta name=\"author\" content=\"Admin\" \/>\n<meta name=\"twitter:card\" content=\"summary_large_image\" \/>\n<meta name=\"twitter:creator\" content=\"@DiarioFemenino1\" \/>\n<meta name=\"twitter:site\" content=\"@DiarioFemenino1\" \/>\n<meta name=\"twitter:label1\" content=\"Escrito por\" \/>\n\t<meta name=\"twitter:data1\" content=\"Admin\" \/>\n\t<meta name=\"twitter:label2\" content=\"Tiempo de lectura\" \/>\n\t<meta name=\"twitter:data2\" content=\"10 minutos\" \/>\n<script type=\"application\/ld+json\" class=\"yoast-schema-graph\">{\"@context\":\"https:\\\/\\\/schema.org\",\"@graph\":[{\"@type\":\"Article\",\"@id\":\"https:\\\/\\\/diariofemenino.com.ar\\\/df\\\/guerreras-de-la-independencia\\\/#article\",\"isPartOf\":{\"@id\":\"https:\\\/\\\/diariofemenino.com.ar\\\/df\\\/guerreras-de-la-independencia\\\/\"},\"author\":{\"name\":\"Admin\",\"@id\":\"https:\\\/\\\/diariofemenino.com.ar\\\/df\\\/#\\\/schema\\\/person\\\/1c36bc3bf394d8ec320814298b4fdd3f\"},\"headline\":\"Guerreras de la independencia: 4 historias de mujeres valientes\",\"datePublished\":\"2019-07-09T23:18:29+00:00\",\"dateModified\":\"2022-07-09T12:04:27+00:00\",\"mainEntityOfPage\":{\"@id\":\"https:\\\/\\\/diariofemenino.com.ar\\\/df\\\/guerreras-de-la-independencia\\\/\"},\"wordCount\":2017,\"commentCount\":0,\"publisher\":{\"@id\":\"https:\\\/\\\/diariofemenino.com.ar\\\/df\\\/#organization\"},\"image\":{\"@id\":\"https:\\\/\\\/diariofemenino.com.ar\\\/df\\\/guerreras-de-la-independencia\\\/#primaryimage\"},\"thumbnailUrl\":\"https:\\\/\\\/diariofemenino.com.ar\\\/df\\\/wp-content\\\/uploads\\\/2019\\\/07\\\/Juana-Azurduy.jpg\",\"keywords\":[\"guerreras\",\"Historia\",\"Mujeres\",\"silenciadas\",\"valientes\"],\"articleSection\":[\"Mujeres\"],\"inLanguage\":\"es\",\"potentialAction\":[{\"@type\":\"CommentAction\",\"name\":\"Comment\",\"target\":[\"https:\\\/\\\/diariofemenino.com.ar\\\/df\\\/guerreras-de-la-independencia\\\/#respond\"]}]},{\"@type\":\"WebPage\",\"@id\":\"https:\\\/\\\/diariofemenino.com.ar\\\/df\\\/guerreras-de-la-independencia\\\/\",\"url\":\"https:\\\/\\\/diariofemenino.com.ar\\\/df\\\/guerreras-de-la-independencia\\\/\",\"name\":\"Guerreras de la independencia: 4 historias de mujeres valientes - Diario Digital Femenino\",\"isPartOf\":{\"@id\":\"https:\\\/\\\/diariofemenino.com.ar\\\/df\\\/#website\"},\"primaryImageOfPage\":{\"@id\":\"https:\\\/\\\/diariofemenino.com.ar\\\/df\\\/guerreras-de-la-independencia\\\/#primaryimage\"},\"image\":{\"@id\":\"https:\\\/\\\/diariofemenino.com.ar\\\/df\\\/guerreras-de-la-independencia\\\/#primaryimage\"},\"thumbnailUrl\":\"https:\\\/\\\/diariofemenino.com.ar\\\/df\\\/wp-content\\\/uploads\\\/2019\\\/07\\\/Juana-Azurduy.jpg\",\"datePublished\":\"2019-07-09T23:18:29+00:00\",\"dateModified\":\"2022-07-09T12:04:27+00:00\",\"description\":\"Guerreras de la independencia: 4 historias de mujeres valientes. Fueron esp\u00edas, enfermeras, soldados, lavanderas. Miles de mujeres hicieron\",\"breadcrumb\":{\"@id\":\"https:\\\/\\\/diariofemenino.com.ar\\\/df\\\/guerreras-de-la-independencia\\\/#breadcrumb\"},\"inLanguage\":\"es\",\"potentialAction\":[{\"@type\":\"ReadAction\",\"target\":[\"https:\\\/\\\/diariofemenino.com.ar\\\/df\\\/guerreras-de-la-independencia\\\/\"]}]},{\"@type\":\"ImageObject\",\"inLanguage\":\"es\",\"@id\":\"https:\\\/\\\/diariofemenino.com.ar\\\/df\\\/guerreras-de-la-independencia\\\/#primaryimage\",\"url\":\"https:\\\/\\\/diariofemenino.com.ar\\\/df\\\/wp-content\\\/uploads\\\/2019\\\/07\\\/Juana-Azurduy.jpg\",\"contentUrl\":\"https:\\\/\\\/diariofemenino.com.ar\\\/df\\\/wp-content\\\/uploads\\\/2019\\\/07\\\/Juana-Azurduy.jpg\",\"width\":800,\"height\":470,\"caption\":\"Guerreras de la independencia: 4 historias de mujeres valientes\"},{\"@type\":\"BreadcrumbList\",\"@id\":\"https:\\\/\\\/diariofemenino.com.ar\\\/df\\\/guerreras-de-la-independencia\\\/#breadcrumb\",\"itemListElement\":[{\"@type\":\"ListItem\",\"position\":1,\"name\":\"Portada\",\"item\":\"https:\\\/\\\/diariofemenino.com.ar\\\/df\\\/\"},{\"@type\":\"ListItem\",\"position\":2,\"name\":\"Guerreras de la independencia: 4 historias de mujeres valientes\"}]},{\"@type\":\"WebSite\",\"@id\":\"https:\\\/\\\/diariofemenino.com.ar\\\/df\\\/#website\",\"url\":\"https:\\\/\\\/diariofemenino.com.ar\\\/df\\\/\",\"name\":\"Diario Digital Femenino\",\"description\":\"Cuesti\u00f3n de G\u00e9nero\",\"publisher\":{\"@id\":\"https:\\\/\\\/diariofemenino.com.ar\\\/df\\\/#organization\"},\"potentialAction\":[{\"@type\":\"SearchAction\",\"target\":{\"@type\":\"EntryPoint\",\"urlTemplate\":\"https:\\\/\\\/diariofemenino.com.ar\\\/df\\\/?s={search_term_string}\"},\"query-input\":{\"@type\":\"PropertyValueSpecification\",\"valueRequired\":true,\"valueName\":\"search_term_string\"}}],\"inLanguage\":\"es\"},{\"@type\":\"Organization\",\"@id\":\"https:\\\/\\\/diariofemenino.com.ar\\\/df\\\/#organization\",\"name\":\"Diario Femenino\",\"url\":\"https:\\\/\\\/diariofemenino.com.ar\\\/df\\\/\",\"logo\":{\"@type\":\"ImageObject\",\"inLanguage\":\"es\",\"@id\":\"https:\\\/\\\/diariofemenino.com.ar\\\/df\\\/#\\\/schema\\\/logo\\\/image\\\/\",\"url\":\"https:\\\/\\\/diariofemenino.com.ar\\\/df\\\/wp-content\\\/uploads\\\/2018\\\/10\\\/logo.png\",\"contentUrl\":\"https:\\\/\\\/diariofemenino.com.ar\\\/df\\\/wp-content\\\/uploads\\\/2018\\\/10\\\/logo.png\",\"width\":500,\"height\":92,\"caption\":\"Diario Femenino\"},\"image\":{\"@id\":\"https:\\\/\\\/diariofemenino.com.ar\\\/df\\\/#\\\/schema\\\/logo\\\/image\\\/\"},\"sameAs\":[\"https:\\\/\\\/www.facebook.com\\\/DiarioDigitaFemenino\\\/\",\"https:\\\/\\\/x.com\\\/DiarioFemenino1\"]},{\"@type\":\"Person\",\"@id\":\"https:\\\/\\\/diariofemenino.com.ar\\\/df\\\/#\\\/schema\\\/person\\\/1c36bc3bf394d8ec320814298b4fdd3f\",\"name\":\"Admin\",\"image\":{\"@type\":\"ImageObject\",\"inLanguage\":\"es\",\"@id\":\"https:\\\/\\\/diariofemenino.com.ar\\\/df\\\/wp-content\\\/uploads\\\/2018\\\/12\\\/favicon-150x150.jpg\",\"url\":\"https:\\\/\\\/diariofemenino.com.ar\\\/df\\\/wp-content\\\/uploads\\\/2018\\\/12\\\/favicon-150x150.jpg\",\"contentUrl\":\"https:\\\/\\\/diariofemenino.com.ar\\\/df\\\/wp-content\\\/uploads\\\/2018\\\/12\\\/favicon-150x150.jpg\",\"caption\":\"Admin\"},\"url\":\"https:\\\/\\\/diariofemenino.com.ar\\\/df\\\/author\\\/sofiperez\\\/\"}]}<\/script>\n<!-- \/ Yoast SEO plugin. -->","yoast_head_json":{"title":"Guerreras de la independencia: 4 historias de mujeres valientes - Diario Digital Femenino","description":"Guerreras de la independencia: 4 historias de mujeres valientes. Fueron esp\u00edas, enfermeras, soldados, lavanderas. Miles de mujeres hicieron","robots":{"index":"index","follow":"follow","max-snippet":"max-snippet:-1","max-image-preview":"max-image-preview:large","max-video-preview":"max-video-preview:-1"},"canonical":"https:\/\/diariofemenino.com.ar\/df\/guerreras-de-la-independencia\/","og_locale":"es_ES","og_type":"article","og_title":"Guerreras de la independencia: 4 historias de mujeres valientes - Diario Digital Femenino","og_description":"Guerreras de la independencia: 4 historias de mujeres valientes. Fueron esp\u00edas, enfermeras, soldados, lavanderas. Miles de mujeres hicieron","og_url":"https:\/\/diariofemenino.com.ar\/df\/guerreras-de-la-independencia\/","og_site_name":"Diario Digital Femenino","article_publisher":"https:\/\/www.facebook.com\/DiarioDigitaFemenino\/","article_published_time":"2019-07-09T23:18:29+00:00","article_modified_time":"2022-07-09T12:04:27+00:00","og_image":[{"width":800,"height":470,"url":"https:\/\/diariofemenino.com.ar\/df\/wp-content\/uploads\/2019\/07\/Juana-Azurduy.jpg","type":"image\/jpeg"}],"author":"Admin","twitter_card":"summary_large_image","twitter_creator":"@DiarioFemenino1","twitter_site":"@DiarioFemenino1","twitter_misc":{"Escrito por":"Admin","Tiempo de lectura":"10 minutos"},"schema":{"@context":"https:\/\/schema.org","@graph":[{"@type":"Article","@id":"https:\/\/diariofemenino.com.ar\/df\/guerreras-de-la-independencia\/#article","isPartOf":{"@id":"https:\/\/diariofemenino.com.ar\/df\/guerreras-de-la-independencia\/"},"author":{"name":"Admin","@id":"https:\/\/diariofemenino.com.ar\/df\/#\/schema\/person\/1c36bc3bf394d8ec320814298b4fdd3f"},"headline":"Guerreras de la independencia: 4 historias de mujeres valientes","datePublished":"2019-07-09T23:18:29+00:00","dateModified":"2022-07-09T12:04:27+00:00","mainEntityOfPage":{"@id":"https:\/\/diariofemenino.com.ar\/df\/guerreras-de-la-independencia\/"},"wordCount":2017,"commentCount":0,"publisher":{"@id":"https:\/\/diariofemenino.com.ar\/df\/#organization"},"image":{"@id":"https:\/\/diariofemenino.com.ar\/df\/guerreras-de-la-independencia\/#primaryimage"},"thumbnailUrl":"https:\/\/diariofemenino.com.ar\/df\/wp-content\/uploads\/2019\/07\/Juana-Azurduy.jpg","keywords":["guerreras","Historia","Mujeres","silenciadas","valientes"],"articleSection":["Mujeres"],"inLanguage":"es","potentialAction":[{"@type":"CommentAction","name":"Comment","target":["https:\/\/diariofemenino.com.ar\/df\/guerreras-de-la-independencia\/#respond"]}]},{"@type":"WebPage","@id":"https:\/\/diariofemenino.com.ar\/df\/guerreras-de-la-independencia\/","url":"https:\/\/diariofemenino.com.ar\/df\/guerreras-de-la-independencia\/","name":"Guerreras de la independencia: 4 historias de mujeres valientes - Diario Digital Femenino","isPartOf":{"@id":"https:\/\/diariofemenino.com.ar\/df\/#website"},"primaryImageOfPage":{"@id":"https:\/\/diariofemenino.com.ar\/df\/guerreras-de-la-independencia\/#primaryimage"},"image":{"@id":"https:\/\/diariofemenino.com.ar\/df\/guerreras-de-la-independencia\/#primaryimage"},"thumbnailUrl":"https:\/\/diariofemenino.com.ar\/df\/wp-content\/uploads\/2019\/07\/Juana-Azurduy.jpg","datePublished":"2019-07-09T23:18:29+00:00","dateModified":"2022-07-09T12:04:27+00:00","description":"Guerreras de la independencia: 4 historias de mujeres valientes. Fueron esp\u00edas, enfermeras, soldados, lavanderas. Miles de mujeres hicieron","breadcrumb":{"@id":"https:\/\/diariofemenino.com.ar\/df\/guerreras-de-la-independencia\/#breadcrumb"},"inLanguage":"es","potentialAction":[{"@type":"ReadAction","target":["https:\/\/diariofemenino.com.ar\/df\/guerreras-de-la-independencia\/"]}]},{"@type":"ImageObject","inLanguage":"es","@id":"https:\/\/diariofemenino.com.ar\/df\/guerreras-de-la-independencia\/#primaryimage","url":"https:\/\/diariofemenino.com.ar\/df\/wp-content\/uploads\/2019\/07\/Juana-Azurduy.jpg","contentUrl":"https:\/\/diariofemenino.com.ar\/df\/wp-content\/uploads\/2019\/07\/Juana-Azurduy.jpg","width":800,"height":470,"caption":"Guerreras de la independencia: 4 historias de mujeres valientes"},{"@type":"BreadcrumbList","@id":"https:\/\/diariofemenino.com.ar\/df\/guerreras-de-la-independencia\/#breadcrumb","itemListElement":[{"@type":"ListItem","position":1,"name":"Portada","item":"https:\/\/diariofemenino.com.ar\/df\/"},{"@type":"ListItem","position":2,"name":"Guerreras de la independencia: 4 historias de mujeres valientes"}]},{"@type":"WebSite","@id":"https:\/\/diariofemenino.com.ar\/df\/#website","url":"https:\/\/diariofemenino.com.ar\/df\/","name":"Diario Digital Femenino","description":"Cuesti\u00f3n de G\u00e9nero","publisher":{"@id":"https:\/\/diariofemenino.com.ar\/df\/#organization"},"potentialAction":[{"@type":"SearchAction","target":{"@type":"EntryPoint","urlTemplate":"https:\/\/diariofemenino.com.ar\/df\/?s={search_term_string}"},"query-input":{"@type":"PropertyValueSpecification","valueRequired":true,"valueName":"search_term_string"}}],"inLanguage":"es"},{"@type":"Organization","@id":"https:\/\/diariofemenino.com.ar\/df\/#organization","name":"Diario Femenino","url":"https:\/\/diariofemenino.com.ar\/df\/","logo":{"@type":"ImageObject","inLanguage":"es","@id":"https:\/\/diariofemenino.com.ar\/df\/#\/schema\/logo\/image\/","url":"https:\/\/diariofemenino.com.ar\/df\/wp-content\/uploads\/2018\/10\/logo.png","contentUrl":"https:\/\/diariofemenino.com.ar\/df\/wp-content\/uploads\/2018\/10\/logo.png","width":500,"height":92,"caption":"Diario Femenino"},"image":{"@id":"https:\/\/diariofemenino.com.ar\/df\/#\/schema\/logo\/image\/"},"sameAs":["https:\/\/www.facebook.com\/DiarioDigitaFemenino\/","https:\/\/x.com\/DiarioFemenino1"]},{"@type":"Person","@id":"https:\/\/diariofemenino.com.ar\/df\/#\/schema\/person\/1c36bc3bf394d8ec320814298b4fdd3f","name":"Admin","image":{"@type":"ImageObject","inLanguage":"es","@id":"https:\/\/diariofemenino.com.ar\/df\/wp-content\/uploads\/2018\/12\/favicon-150x150.jpg","url":"https:\/\/diariofemenino.com.ar\/df\/wp-content\/uploads\/2018\/12\/favicon-150x150.jpg","contentUrl":"https:\/\/diariofemenino.com.ar\/df\/wp-content\/uploads\/2018\/12\/favicon-150x150.jpg","caption":"Admin"},"url":"https:\/\/diariofemenino.com.ar\/df\/author\/sofiperez\/"}]}},"jetpack_featured_media_url":"https:\/\/diariofemenino.com.ar\/df\/wp-content\/uploads\/2019\/07\/Juana-Azurduy.jpg","jetpack_sharing_enabled":true,"rttpg_featured_image_url":{"full":["https:\/\/diariofemenino.com.ar\/df\/wp-content\/uploads\/2019\/07\/Juana-Azurduy.jpg",800,470,false],"landscape":["https:\/\/diariofemenino.com.ar\/df\/wp-content\/uploads\/2019\/07\/Juana-Azurduy.jpg",800,470,false],"portraits":["https:\/\/diariofemenino.com.ar\/df\/wp-content\/uploads\/2019\/07\/Juana-Azurduy.jpg",800,470,false],"thumbnail":["https:\/\/diariofemenino.com.ar\/df\/wp-content\/uploads\/2019\/07\/Juana-Azurduy-150x150.jpg",150,150,true],"medium":["https:\/\/diariofemenino.com.ar\/df\/wp-content\/uploads\/2019\/07\/Juana-Azurduy-300x176.jpg",300,176,true],"large":["https:\/\/diariofemenino.com.ar\/df\/wp-content\/uploads\/2019\/07\/Juana-Azurduy.jpg",800,470,false],"1536x1536":["https:\/\/diariofemenino.com.ar\/df\/wp-content\/uploads\/2019\/07\/Juana-Azurduy.jpg",800,470,false],"2048x2048":["https:\/\/diariofemenino.com.ar\/df\/wp-content\/uploads\/2019\/07\/Juana-Azurduy.jpg",800,470,false]},"rttpg_author":{"display_name":"Admin","author_link":"https:\/\/diariofemenino.com.ar\/df\/author\/sofiperez\/"},"rttpg_comment":0,"rttpg_category":"<a href=\"https:\/\/diariofemenino.com.ar\/df\/category\/mujeres\/\" rel=\"category tag\">Mujeres<\/a>","rttpg_excerpt":"Guerreras de la independencia. Fueron esp\u00edas, enfermeras, soldados, lavanderas. Miles de mujeres hicieron propios los desaf\u00edos de su tiempo y contribuyeron de manera fundamental en la causa por la independencia. La profesora de historia\u00a0Patricia Lasca\u00a0recupera las luchas\u00a0de cuatro de ellas. El Congreso de Tucum\u00e1n el 9 de julio de 1816 aprob\u00f3 la Declaraci\u00f3n de la&hellip;","_links":{"self":[{"href":"https:\/\/diariofemenino.com.ar\/df\/wp-json\/wp\/v2\/posts\/38314","targetHints":{"allow":["GET"]}}],"collection":[{"href":"https:\/\/diariofemenino.com.ar\/df\/wp-json\/wp\/v2\/posts"}],"about":[{"href":"https:\/\/diariofemenino.com.ar\/df\/wp-json\/wp\/v2\/types\/post"}],"author":[{"embeddable":true,"href":"https:\/\/diariofemenino.com.ar\/df\/wp-json\/wp\/v2\/users\/3"}],"replies":[{"embeddable":true,"href":"https:\/\/diariofemenino.com.ar\/df\/wp-json\/wp\/v2\/comments?post=38314"}],"version-history":[{"count":0,"href":"https:\/\/diariofemenino.com.ar\/df\/wp-json\/wp\/v2\/posts\/38314\/revisions"}],"wp:featuredmedia":[{"embeddable":true,"href":"https:\/\/diariofemenino.com.ar\/df\/wp-json\/wp\/v2\/media\/38319"}],"wp:attachment":[{"href":"https:\/\/diariofemenino.com.ar\/df\/wp-json\/wp\/v2\/media?parent=38314"}],"wp:term":[{"taxonomy":"category","embeddable":true,"href":"https:\/\/diariofemenino.com.ar\/df\/wp-json\/wp\/v2\/categories?post=38314"},{"taxonomy":"post_tag","embeddable":true,"href":"https:\/\/diariofemenino.com.ar\/df\/wp-json\/wp\/v2\/tags?post=38314"}],"curies":[{"name":"wp","href":"https:\/\/api.w.org\/{rel}","templated":true}]}}