{"id":38296,"date":"2019-07-09T12:44:40","date_gmt":"2019-07-09T15:44:40","guid":{"rendered":"https:\/\/diariofemenino.com.ar\/?p=38296"},"modified":"2019-07-09T12:44:40","modified_gmt":"2019-07-09T15:44:40","slug":"prevenir-el-abuso-sexual-en-la-infancia","status":"publish","type":"post","link":"https:\/\/diariofemenino.com.ar\/df\/prevenir-el-abuso-sexual-en-la-infancia\/","title":{"rendered":"Prevenir el Abuso Sexual en la infancia"},"content":{"rendered":"<p><span style=\"font-family: Times New Roman, serif;\"><span style=\"font-size: large;\"><span lang=\"es-ES\">Valoraci\u00f3n de la ley 27.206 de \u201cRespeto por el tiempo de las v\u00edctimas\u201d <\/span><\/span><\/span><\/p>\n<figure id=\"attachment_38298\" aria-describedby=\"caption-attachment-38298\" style=\"width: 300px\" class=\"wp-caption alignleft\"><img loading=\"lazy\" decoding=\"async\" class=\"size-medium wp-image-38298\" src=\"https:\/\/diariofemenino.com.ar\/df\/wp-content\/uploads\/2019\/07\/Sigrid-Kunath-300x256.jpg\" alt=\"Abuso Sexual en la infancia\" width=\"300\" height=\"256\" srcset=\"https:\/\/diariofemenino.com.ar\/df\/wp-content\/uploads\/2019\/07\/Sigrid-Kunath-300x256.jpg 300w, https:\/\/diariofemenino.com.ar\/df\/wp-content\/uploads\/2019\/07\/Sigrid-Kunath-768x654.jpg 768w, https:\/\/diariofemenino.com.ar\/df\/wp-content\/uploads\/2019\/07\/Sigrid-Kunath.jpg 893w\" sizes=\"auto, (max-width: 300px) 100vw, 300px\" \/><figcaption id=\"caption-attachment-38298\" class=\"wp-caption-text\">Abuso Sexual en la infancia, actividad convocada por Sigrid Kunath<\/figcaption><\/figure>\n<p lang=\"es-ES\"><span style=\"font-family: Times New Roman, serif;\"><span style=\"font-size: large;\"><span lang=\"es-ES\">Convocado por la senadora Sigrid Kunath y con la presencia de la senadora Norma Durango, se realiz\u00f3 una muy interesante jornada en el sal\u00f3n Eva Per\u00f3n del <a href=\"https:\/\/www.senado.gov.ar\/\">Senado de la Naci\u00f3n<\/a> el pasado jueves 4 de julio. <\/span><\/span><\/span><\/p>\n<p><span style=\"color: #444444;\"><span style=\"font-family: Times New Roman, serif;\"><span style=\"font-size: large;\">Con el lema: \u201cEl rol del Estado frente al Abuso Sexual Infantil y la voz de las y los sobrevivientes\u201d la jornada tuvo por <\/span><\/span><\/span><span style=\"font-family: Times New Roman, serif;\"><span style=\"font-size: large;\"><span lang=\"es-ES\">objetivo hacer un balance de la legislaci\u00f3n en la materia, y en especial valorar la ley 27.206 por la cual se posterga la prescripci\u00f3n de las penas correspondientes a los delitos contra la integridad sexual, hasta el momento en que las victimas formulen la denuncia, tengan la <a href=\"https:\/\/diariofemenino.com.ar\/guia-para-el-tratamiento-mediatico-responsable-de-la-ninez-y-la-adolescencia\/\">edad<\/a> que tengan. <\/span><\/span><\/span><\/p>\n<p><span style=\"color: #444444;\"><span style=\"font-family: Times New Roman, serif;\"><span style=\"font-size: large;\">Los contenidos de los distintos paneles tuvieron que ver con la necesidad de dar prioridad a la atenci\u00f3n de las v\u00edctimas de abuso sexual infantil, a escuchar su palabra, y a procurar mejores niveles de protecci\u00f3n y atenci\u00f3n, tanto en la denuncia como en la b\u00fasqueda de justicia. <\/span><\/span><\/span><\/p>\n<p><span style=\"color: #444444;\"><span style=\"font-family: Times New Roman, serif;\"><span style=\"font-size: large;\">Las juezas de la C\u00e1mara de Casaci\u00f3n Penal de Entre R\u00edos, Marcela Beatriz Badano y Marcela Alejandra Davite se\u00f1alaron la importancia de la <a href=\"http:\/\/servicios.infoleg.gob.ar\/infolegInternet\/anexos\/250000-254999\/254759\/norma.htm\">ley 27.206<\/a> de Respeto al tiempo de las v\u00edctimas, que permite esperar al momento en que las v\u00edctimas se sientan con fuerza para realizar la denuncia y contar desde ese momento el tiempo de la prescripci\u00f3n del<a href=\"https:\/\/diariofemenino.com.ar\/abuso-sexual-en-la-infancia-un-problema-de-genero-en-un-sistema-patriarcal\/\"> delito<\/a>. La Lic. en Psicolog\u00eda Mariana Gra\u00f1a, Perito Psic\u00f3loga del Poder Judicial bonaerense, destaco el rol de las psic\u00f3logas y psic\u00f3logos en saber escuchar a los ni\u00f1os y ni\u00f1as y en la necesidad de perfeccionar las intervenciones. <\/span><\/span><\/span><\/p>\n<p><span style=\"color: #444444;\"><span style=\"font-family: Times New Roman, serif;\"><span style=\"font-size: large;\">Mara Brawer exdiputada nacional diserto acerca de la Ley de Educaci\u00f3n sexual integral, la importancia de la identificaci\u00f3n de las partes del cuerpo desde la primera infancia, como requisito para la prevenci\u00f3n de cualquier forma de abuso. <\/span><\/span><\/span><\/p>\n<p><span style=\"color: #444444;\"><span style=\"font-family: Times New Roman, serif;\"><span style=\"font-size: large;\">Maria Elena Naddeo, titular del \u00e1rea de ni\u00f1ez, adolescencia y g\u00e9nero de la Defensor\u00eda, ex presidenta del Consejo de los derechos de ni\u00f1os ni\u00f1as y adolescentes de la Ciudad de Buenos Aires, y actual Co-presidenta de la APDH Asamblea permanente por los derechos humanos, se refiri\u00f3 al papel de la Defensor\u00eda en la elaboraci\u00f3n de los protocolos de intervenci\u00f3n ante situaciones de abuso sexual en \u00e1mbitos deportivos y en violencia de g\u00e9nero en las escuelas secundarias y terciarias de la Ciudad de Buenos Aires. Destac\u00f3 que es tiempo de volver a estudiar la Convenci\u00f3n Internacional de los derechos del ni\u00f1o que este a\u00f1o cumple su XXX Aniversario. <\/span><\/span><\/span><\/p>\n<p><span style=\"color: #444444;\"><span style=\"font-family: Times New Roman, serif;\"><span style=\"font-size: large;\">Naddeo se\u00f1alo que \u201c para efectivizar su cumplimiento es imprescindible que el Estado fortalezca los servicios de protecci\u00f3n de derechos \u2013 defensor\u00edas zonales en CABA y servicios locales en las provincias &#8211; hoy colapsados y sin las herramientas suficientes para dar respuestas integrales.\u201d <\/span><\/span><\/span><\/p>\n<p><span style=\"color: #444444;\"><span style=\"font-family: Times New Roman, serif;\"><span style=\"font-size: large;\">El ultimo panel fue protagonizado por sobrevivientes de abuso sexual, personas que, siendo adultas, se animaron a dar batalla y denunciar el infierno vivido en la infancia. <\/span><\/span><\/span><\/p>\n<p><span style=\"color: #444444;\"><span style=\"font-family: Times New Roman, serif;\"><span style=\"font-size: large;\">En la jornada se expres\u00f3 con fuerza el compromiso de las organizaciones de infancia, legisladores y especialistas presentes, a continuar profundizando estos temas y a realizar el seguimiento tanto de la legislaci\u00f3n como de los programas de asistencia y acompa\u00f1amiento de las v\u00edctimas. <\/span><\/span><\/span><\/p>\n<p>&nbsp;<\/p>\n","protected":false},"excerpt":{"rendered":"<p>Valoraci\u00f3n de la ley 27.206 de \u201cRespeto por el tiempo de las v\u00edctimas\u201d Convocado por la senadora Sigrid Kunath y con la presencia de la senadora Norma Durango, se realiz\u00f3 una muy interesante jornada en el sal\u00f3n Eva Per\u00f3n del Senado de la Naci\u00f3n el pasado jueves 4 de julio. Con el lema: \u201cEl rol [&hellip;]<\/p>\n","protected":false},"author":4,"featured_media":38297,"comment_status":"open","ping_status":"open","sticky":false,"template":"","format":"standard","meta":{"iawp_total_views":9,"footnotes":""},"categories":[7,581,627],"tags":[477,1660,1659,686,1661,364,632],"class_list":["post-38296","post","type-post","status-publish","format-standard","has-post-thumbnail","hentry","category-actividades","category-azul-profundo","category-genero-y-derechos-humanos","tag-abuso-sexual-en-la-infancia","tag-marcela-alejandra-davite","tag-marcela-beatriz-badano","tag-maria-elena-naddeo","tag-mariana-grana","tag-norma-durango","tag-sigrid-kunath"],"nelio_content":{"autoShareEndMode":"never","automationSources":{"useCustomSentences":false,"customSentences":[]},"efiAlt":"","efiUrl":"","followers":[4],"highlights":[],"isAutoShareEnabled":true,"networkImageIds":[],"permalinkQueryArgs":[],"series":[],"suggestedReferences":[]},"yoast_head":"<!-- This site is optimized with the Yoast SEO plugin v27.5 - https:\/\/yoast.com\/product\/yoast-seo-wordpress\/ -->\n<title>Prevenir el Abuso Sexual en la infancia - Diario Digital Femenino<\/title>\n<meta name=\"description\" content=\"Abuso Sexual en la infancia. Valoraci\u00f3n de la ley 27.206 de \u201cRespeto por el tiempo de las v\u00edctimas\u201d actividad desarrollada en el Senado de la Naci\u00f3n\" \/>\n<meta name=\"robots\" content=\"index, follow, max-snippet:-1, max-image-preview:large, max-video-preview:-1\" \/>\n<link rel=\"canonical\" href=\"https:\/\/diariofemenino.com.ar\/df\/prevenir-el-abuso-sexual-en-la-infancia\/\" \/>\n<meta property=\"og:locale\" content=\"es_ES\" \/>\n<meta property=\"og:type\" content=\"article\" \/>\n<meta property=\"og:title\" content=\"Prevenir el Abuso Sexual en la infancia - Diario Digital Femenino\" \/>\n<meta property=\"og:description\" content=\"Abuso Sexual en la infancia. Valoraci\u00f3n de la ley 27.206 de \u201cRespeto por el tiempo de las v\u00edctimas\u201d actividad desarrollada en el Senado de la Naci\u00f3n\" \/>\n<meta property=\"og:url\" content=\"https:\/\/diariofemenino.com.ar\/df\/prevenir-el-abuso-sexual-en-la-infancia\/\" \/>\n<meta property=\"og:site_name\" content=\"Diario Digital Femenino\" \/>\n<meta property=\"article:publisher\" content=\"https:\/\/www.facebook.com\/DiarioDigitaFemenino\/\" \/>\n<meta property=\"article:published_time\" content=\"2019-07-09T15:44:40+00:00\" \/>\n<meta property=\"og:image\" content=\"https:\/\/diariofemenino.com.ar\/df\/wp-content\/uploads\/2019\/07\/kunath_junto_a_mara_brawer_y_maria_elena_naddeo.jpeg\" \/>\n\t<meta property=\"og:image:width\" content=\"1280\" \/>\n\t<meta property=\"og:image:height\" content=\"853\" \/>\n\t<meta property=\"og:image:type\" content=\"image\/jpeg\" \/>\n<meta name=\"author\" content=\"Admin\" \/>\n<meta name=\"twitter:card\" content=\"summary_large_image\" \/>\n<meta name=\"twitter:creator\" content=\"@DiarioFemenino1\" \/>\n<meta name=\"twitter:site\" content=\"@DiarioFemenino1\" \/>\n<meta name=\"twitter:label1\" content=\"Escrito por\" \/>\n\t<meta name=\"twitter:data1\" content=\"Admin\" \/>\n\t<meta name=\"twitter:label2\" content=\"Tiempo de lectura\" \/>\n\t<meta name=\"twitter:data2\" content=\"3 minutos\" \/>\n<script type=\"application\/ld+json\" class=\"yoast-schema-graph\">{\"@context\":\"https:\\\/\\\/schema.org\",\"@graph\":[{\"@type\":\"Article\",\"@id\":\"https:\\\/\\\/diariofemenino.com.ar\\\/df\\\/prevenir-el-abuso-sexual-en-la-infancia\\\/#article\",\"isPartOf\":{\"@id\":\"https:\\\/\\\/diariofemenino.com.ar\\\/df\\\/prevenir-el-abuso-sexual-en-la-infancia\\\/\"},\"author\":{\"name\":\"Admin\",\"@id\":\"https:\\\/\\\/diariofemenino.com.ar\\\/df\\\/#\\\/schema\\\/person\\\/bf6199e8158c657ea6f789b11ec85509\"},\"headline\":\"Prevenir el Abuso Sexual en la infancia\",\"datePublished\":\"2019-07-09T15:44:40+00:00\",\"mainEntityOfPage\":{\"@id\":\"https:\\\/\\\/diariofemenino.com.ar\\\/df\\\/prevenir-el-abuso-sexual-en-la-infancia\\\/\"},\"wordCount\":592,\"commentCount\":0,\"publisher\":{\"@id\":\"https:\\\/\\\/diariofemenino.com.ar\\\/df\\\/#organization\"},\"image\":{\"@id\":\"https:\\\/\\\/diariofemenino.com.ar\\\/df\\\/prevenir-el-abuso-sexual-en-la-infancia\\\/#primaryimage\"},\"thumbnailUrl\":\"https:\\\/\\\/diariofemenino.com.ar\\\/df\\\/wp-content\\\/uploads\\\/2019\\\/07\\\/kunath_junto_a_mara_brawer_y_maria_elena_naddeo.jpeg\",\"keywords\":[\"Abuso sexual en la infancia\",\"Marcela Alejandra Davite\",\"Marcela Beatriz Badano\",\"Mar\u00eda Elena Naddeo\",\"Mariana Gra\u00f1a\",\"Norma Durango\",\"Sigrid Kunath\"],\"articleSection\":[\"Actividades\",\"Azul Profundo\",\"G\u00e9nero y Derechos Humanos\"],\"inLanguage\":\"es\",\"potentialAction\":[{\"@type\":\"CommentAction\",\"name\":\"Comment\",\"target\":[\"https:\\\/\\\/diariofemenino.com.ar\\\/df\\\/prevenir-el-abuso-sexual-en-la-infancia\\\/#respond\"]}]},{\"@type\":\"WebPage\",\"@id\":\"https:\\\/\\\/diariofemenino.com.ar\\\/df\\\/prevenir-el-abuso-sexual-en-la-infancia\\\/\",\"url\":\"https:\\\/\\\/diariofemenino.com.ar\\\/df\\\/prevenir-el-abuso-sexual-en-la-infancia\\\/\",\"name\":\"Prevenir el Abuso Sexual en la infancia - Diario Digital Femenino\",\"isPartOf\":{\"@id\":\"https:\\\/\\\/diariofemenino.com.ar\\\/df\\\/#website\"},\"primaryImageOfPage\":{\"@id\":\"https:\\\/\\\/diariofemenino.com.ar\\\/df\\\/prevenir-el-abuso-sexual-en-la-infancia\\\/#primaryimage\"},\"image\":{\"@id\":\"https:\\\/\\\/diariofemenino.com.ar\\\/df\\\/prevenir-el-abuso-sexual-en-la-infancia\\\/#primaryimage\"},\"thumbnailUrl\":\"https:\\\/\\\/diariofemenino.com.ar\\\/df\\\/wp-content\\\/uploads\\\/2019\\\/07\\\/kunath_junto_a_mara_brawer_y_maria_elena_naddeo.jpeg\",\"datePublished\":\"2019-07-09T15:44:40+00:00\",\"description\":\"Abuso Sexual en la infancia. Valoraci\u00f3n de la ley 27.206 de \u201cRespeto por el tiempo de las v\u00edctimas\u201d actividad desarrollada en el Senado de la Naci\u00f3n\",\"breadcrumb\":{\"@id\":\"https:\\\/\\\/diariofemenino.com.ar\\\/df\\\/prevenir-el-abuso-sexual-en-la-infancia\\\/#breadcrumb\"},\"inLanguage\":\"es\",\"potentialAction\":[{\"@type\":\"ReadAction\",\"target\":[\"https:\\\/\\\/diariofemenino.com.ar\\\/df\\\/prevenir-el-abuso-sexual-en-la-infancia\\\/\"]}]},{\"@type\":\"ImageObject\",\"inLanguage\":\"es\",\"@id\":\"https:\\\/\\\/diariofemenino.com.ar\\\/df\\\/prevenir-el-abuso-sexual-en-la-infancia\\\/#primaryimage\",\"url\":\"https:\\\/\\\/diariofemenino.com.ar\\\/df\\\/wp-content\\\/uploads\\\/2019\\\/07\\\/kunath_junto_a_mara_brawer_y_maria_elena_naddeo.jpeg\",\"contentUrl\":\"https:\\\/\\\/diariofemenino.com.ar\\\/df\\\/wp-content\\\/uploads\\\/2019\\\/07\\\/kunath_junto_a_mara_brawer_y_maria_elena_naddeo.jpeg\",\"width\":1280,\"height\":853,\"caption\":\"Abuso Sexual en la infancia\"},{\"@type\":\"BreadcrumbList\",\"@id\":\"https:\\\/\\\/diariofemenino.com.ar\\\/df\\\/prevenir-el-abuso-sexual-en-la-infancia\\\/#breadcrumb\",\"itemListElement\":[{\"@type\":\"ListItem\",\"position\":1,\"name\":\"Portada\",\"item\":\"https:\\\/\\\/diariofemenino.com.ar\\\/df\\\/\"},{\"@type\":\"ListItem\",\"position\":2,\"name\":\"Prevenir el Abuso Sexual en la infancia\"}]},{\"@type\":\"WebSite\",\"@id\":\"https:\\\/\\\/diariofemenino.com.ar\\\/df\\\/#website\",\"url\":\"https:\\\/\\\/diariofemenino.com.ar\\\/df\\\/\",\"name\":\"Diario Digital Femenino\",\"description\":\"Cuesti\u00f3n de G\u00e9nero\",\"publisher\":{\"@id\":\"https:\\\/\\\/diariofemenino.com.ar\\\/df\\\/#organization\"},\"potentialAction\":[{\"@type\":\"SearchAction\",\"target\":{\"@type\":\"EntryPoint\",\"urlTemplate\":\"https:\\\/\\\/diariofemenino.com.ar\\\/df\\\/?s={search_term_string}\"},\"query-input\":{\"@type\":\"PropertyValueSpecification\",\"valueRequired\":true,\"valueName\":\"search_term_string\"}}],\"inLanguage\":\"es\"},{\"@type\":\"Organization\",\"@id\":\"https:\\\/\\\/diariofemenino.com.ar\\\/df\\\/#organization\",\"name\":\"Diario Femenino\",\"url\":\"https:\\\/\\\/diariofemenino.com.ar\\\/df\\\/\",\"logo\":{\"@type\":\"ImageObject\",\"inLanguage\":\"es\",\"@id\":\"https:\\\/\\\/diariofemenino.com.ar\\\/df\\\/#\\\/schema\\\/logo\\\/image\\\/\",\"url\":\"https:\\\/\\\/diariofemenino.com.ar\\\/df\\\/wp-content\\\/uploads\\\/2018\\\/10\\\/logo.png\",\"contentUrl\":\"https:\\\/\\\/diariofemenino.com.ar\\\/df\\\/wp-content\\\/uploads\\\/2018\\\/10\\\/logo.png\",\"width\":500,\"height\":92,\"caption\":\"Diario Femenino\"},\"image\":{\"@id\":\"https:\\\/\\\/diariofemenino.com.ar\\\/df\\\/#\\\/schema\\\/logo\\\/image\\\/\"},\"sameAs\":[\"https:\\\/\\\/www.facebook.com\\\/DiarioDigitaFemenino\\\/\",\"https:\\\/\\\/x.com\\\/DiarioFemenino1\"]},{\"@type\":\"Person\",\"@id\":\"https:\\\/\\\/diariofemenino.com.ar\\\/df\\\/#\\\/schema\\\/person\\\/bf6199e8158c657ea6f789b11ec85509\",\"name\":\"Admin\",\"image\":{\"@type\":\"ImageObject\",\"inLanguage\":\"es\",\"@id\":\"https:\\\/\\\/diariofemenino.com.ar\\\/df\\\/wp-content\\\/uploads\\\/2018\\\/12\\\/favicon-150x150.jpg\",\"url\":\"https:\\\/\\\/diariofemenino.com.ar\\\/df\\\/wp-content\\\/uploads\\\/2018\\\/12\\\/favicon-150x150.jpg\",\"contentUrl\":\"https:\\\/\\\/diariofemenino.com.ar\\\/df\\\/wp-content\\\/uploads\\\/2018\\\/12\\\/favicon-150x150.jpg\",\"caption\":\"Admin\"},\"url\":\"https:\\\/\\\/diariofemenino.com.ar\\\/df\\\/author\\\/lenny\\\/\"}]}<\/script>\n<!-- \/ Yoast SEO plugin. -->","yoast_head_json":{"title":"Prevenir el Abuso Sexual en la infancia - Diario Digital Femenino","description":"Abuso Sexual en la infancia. Valoraci\u00f3n de la ley 27.206 de \u201cRespeto por el tiempo de las v\u00edctimas\u201d actividad desarrollada en el Senado de la Naci\u00f3n","robots":{"index":"index","follow":"follow","max-snippet":"max-snippet:-1","max-image-preview":"max-image-preview:large","max-video-preview":"max-video-preview:-1"},"canonical":"https:\/\/diariofemenino.com.ar\/df\/prevenir-el-abuso-sexual-en-la-infancia\/","og_locale":"es_ES","og_type":"article","og_title":"Prevenir el Abuso Sexual en la infancia - Diario Digital Femenino","og_description":"Abuso Sexual en la infancia. Valoraci\u00f3n de la ley 27.206 de \u201cRespeto por el tiempo de las v\u00edctimas\u201d actividad desarrollada en el Senado de la Naci\u00f3n","og_url":"https:\/\/diariofemenino.com.ar\/df\/prevenir-el-abuso-sexual-en-la-infancia\/","og_site_name":"Diario Digital Femenino","article_publisher":"https:\/\/www.facebook.com\/DiarioDigitaFemenino\/","article_published_time":"2019-07-09T15:44:40+00:00","og_image":[{"width":1280,"height":853,"url":"https:\/\/diariofemenino.com.ar\/df\/wp-content\/uploads\/2019\/07\/kunath_junto_a_mara_brawer_y_maria_elena_naddeo.jpeg","type":"image\/jpeg"}],"author":"Admin","twitter_card":"summary_large_image","twitter_creator":"@DiarioFemenino1","twitter_site":"@DiarioFemenino1","twitter_misc":{"Escrito por":"Admin","Tiempo de lectura":"3 minutos"},"schema":{"@context":"https:\/\/schema.org","@graph":[{"@type":"Article","@id":"https:\/\/diariofemenino.com.ar\/df\/prevenir-el-abuso-sexual-en-la-infancia\/#article","isPartOf":{"@id":"https:\/\/diariofemenino.com.ar\/df\/prevenir-el-abuso-sexual-en-la-infancia\/"},"author":{"name":"Admin","@id":"https:\/\/diariofemenino.com.ar\/df\/#\/schema\/person\/bf6199e8158c657ea6f789b11ec85509"},"headline":"Prevenir el Abuso Sexual en la infancia","datePublished":"2019-07-09T15:44:40+00:00","mainEntityOfPage":{"@id":"https:\/\/diariofemenino.com.ar\/df\/prevenir-el-abuso-sexual-en-la-infancia\/"},"wordCount":592,"commentCount":0,"publisher":{"@id":"https:\/\/diariofemenino.com.ar\/df\/#organization"},"image":{"@id":"https:\/\/diariofemenino.com.ar\/df\/prevenir-el-abuso-sexual-en-la-infancia\/#primaryimage"},"thumbnailUrl":"https:\/\/diariofemenino.com.ar\/df\/wp-content\/uploads\/2019\/07\/kunath_junto_a_mara_brawer_y_maria_elena_naddeo.jpeg","keywords":["Abuso sexual en la infancia","Marcela Alejandra Davite","Marcela Beatriz Badano","Mar\u00eda Elena Naddeo","Mariana Gra\u00f1a","Norma Durango","Sigrid Kunath"],"articleSection":["Actividades","Azul Profundo","G\u00e9nero y Derechos Humanos"],"inLanguage":"es","potentialAction":[{"@type":"CommentAction","name":"Comment","target":["https:\/\/diariofemenino.com.ar\/df\/prevenir-el-abuso-sexual-en-la-infancia\/#respond"]}]},{"@type":"WebPage","@id":"https:\/\/diariofemenino.com.ar\/df\/prevenir-el-abuso-sexual-en-la-infancia\/","url":"https:\/\/diariofemenino.com.ar\/df\/prevenir-el-abuso-sexual-en-la-infancia\/","name":"Prevenir el Abuso Sexual en la infancia - Diario Digital Femenino","isPartOf":{"@id":"https:\/\/diariofemenino.com.ar\/df\/#website"},"primaryImageOfPage":{"@id":"https:\/\/diariofemenino.com.ar\/df\/prevenir-el-abuso-sexual-en-la-infancia\/#primaryimage"},"image":{"@id":"https:\/\/diariofemenino.com.ar\/df\/prevenir-el-abuso-sexual-en-la-infancia\/#primaryimage"},"thumbnailUrl":"https:\/\/diariofemenino.com.ar\/df\/wp-content\/uploads\/2019\/07\/kunath_junto_a_mara_brawer_y_maria_elena_naddeo.jpeg","datePublished":"2019-07-09T15:44:40+00:00","description":"Abuso Sexual en la infancia. Valoraci\u00f3n de la ley 27.206 de \u201cRespeto por el tiempo de las v\u00edctimas\u201d actividad desarrollada en el Senado de la Naci\u00f3n","breadcrumb":{"@id":"https:\/\/diariofemenino.com.ar\/df\/prevenir-el-abuso-sexual-en-la-infancia\/#breadcrumb"},"inLanguage":"es","potentialAction":[{"@type":"ReadAction","target":["https:\/\/diariofemenino.com.ar\/df\/prevenir-el-abuso-sexual-en-la-infancia\/"]}]},{"@type":"ImageObject","inLanguage":"es","@id":"https:\/\/diariofemenino.com.ar\/df\/prevenir-el-abuso-sexual-en-la-infancia\/#primaryimage","url":"https:\/\/diariofemenino.com.ar\/df\/wp-content\/uploads\/2019\/07\/kunath_junto_a_mara_brawer_y_maria_elena_naddeo.jpeg","contentUrl":"https:\/\/diariofemenino.com.ar\/df\/wp-content\/uploads\/2019\/07\/kunath_junto_a_mara_brawer_y_maria_elena_naddeo.jpeg","width":1280,"height":853,"caption":"Abuso Sexual en la infancia"},{"@type":"BreadcrumbList","@id":"https:\/\/diariofemenino.com.ar\/df\/prevenir-el-abuso-sexual-en-la-infancia\/#breadcrumb","itemListElement":[{"@type":"ListItem","position":1,"name":"Portada","item":"https:\/\/diariofemenino.com.ar\/df\/"},{"@type":"ListItem","position":2,"name":"Prevenir el Abuso Sexual en la infancia"}]},{"@type":"WebSite","@id":"https:\/\/diariofemenino.com.ar\/df\/#website","url":"https:\/\/diariofemenino.com.ar\/df\/","name":"Diario Digital Femenino","description":"Cuesti\u00f3n de G\u00e9nero","publisher":{"@id":"https:\/\/diariofemenino.com.ar\/df\/#organization"},"potentialAction":[{"@type":"SearchAction","target":{"@type":"EntryPoint","urlTemplate":"https:\/\/diariofemenino.com.ar\/df\/?s={search_term_string}"},"query-input":{"@type":"PropertyValueSpecification","valueRequired":true,"valueName":"search_term_string"}}],"inLanguage":"es"},{"@type":"Organization","@id":"https:\/\/diariofemenino.com.ar\/df\/#organization","name":"Diario Femenino","url":"https:\/\/diariofemenino.com.ar\/df\/","logo":{"@type":"ImageObject","inLanguage":"es","@id":"https:\/\/diariofemenino.com.ar\/df\/#\/schema\/logo\/image\/","url":"https:\/\/diariofemenino.com.ar\/df\/wp-content\/uploads\/2018\/10\/logo.png","contentUrl":"https:\/\/diariofemenino.com.ar\/df\/wp-content\/uploads\/2018\/10\/logo.png","width":500,"height":92,"caption":"Diario Femenino"},"image":{"@id":"https:\/\/diariofemenino.com.ar\/df\/#\/schema\/logo\/image\/"},"sameAs":["https:\/\/www.facebook.com\/DiarioDigitaFemenino\/","https:\/\/x.com\/DiarioFemenino1"]},{"@type":"Person","@id":"https:\/\/diariofemenino.com.ar\/df\/#\/schema\/person\/bf6199e8158c657ea6f789b11ec85509","name":"Admin","image":{"@type":"ImageObject","inLanguage":"es","@id":"https:\/\/diariofemenino.com.ar\/df\/wp-content\/uploads\/2018\/12\/favicon-150x150.jpg","url":"https:\/\/diariofemenino.com.ar\/df\/wp-content\/uploads\/2018\/12\/favicon-150x150.jpg","contentUrl":"https:\/\/diariofemenino.com.ar\/df\/wp-content\/uploads\/2018\/12\/favicon-150x150.jpg","caption":"Admin"},"url":"https:\/\/diariofemenino.com.ar\/df\/author\/lenny\/"}]}},"jetpack_featured_media_url":"https:\/\/diariofemenino.com.ar\/df\/wp-content\/uploads\/2019\/07\/kunath_junto_a_mara_brawer_y_maria_elena_naddeo.jpeg","jetpack_sharing_enabled":true,"rttpg_featured_image_url":{"full":["https:\/\/diariofemenino.com.ar\/df\/wp-content\/uploads\/2019\/07\/kunath_junto_a_mara_brawer_y_maria_elena_naddeo.jpeg",1280,853,false],"landscape":["https:\/\/diariofemenino.com.ar\/df\/wp-content\/uploads\/2019\/07\/kunath_junto_a_mara_brawer_y_maria_elena_naddeo.jpeg",1280,853,false],"portraits":["https:\/\/diariofemenino.com.ar\/df\/wp-content\/uploads\/2019\/07\/kunath_junto_a_mara_brawer_y_maria_elena_naddeo.jpeg",1280,853,false],"thumbnail":["https:\/\/diariofemenino.com.ar\/df\/wp-content\/uploads\/2019\/07\/kunath_junto_a_mara_brawer_y_maria_elena_naddeo-150x150.jpeg",150,150,true],"medium":["https:\/\/diariofemenino.com.ar\/df\/wp-content\/uploads\/2019\/07\/kunath_junto_a_mara_brawer_y_maria_elena_naddeo-300x200.jpeg",300,200,true],"large":["https:\/\/diariofemenino.com.ar\/df\/wp-content\/uploads\/2019\/07\/kunath_junto_a_mara_brawer_y_maria_elena_naddeo-1024x682.jpeg",1024,682,true],"1536x1536":["https:\/\/diariofemenino.com.ar\/df\/wp-content\/uploads\/2019\/07\/kunath_junto_a_mara_brawer_y_maria_elena_naddeo.jpeg",1280,853,false],"2048x2048":["https:\/\/diariofemenino.com.ar\/df\/wp-content\/uploads\/2019\/07\/kunath_junto_a_mara_brawer_y_maria_elena_naddeo.jpeg",1280,853,false]},"rttpg_author":{"display_name":"Admin","author_link":"https:\/\/diariofemenino.com.ar\/df\/author\/lenny\/"},"rttpg_comment":0,"rttpg_category":"<a href=\"https:\/\/diariofemenino.com.ar\/df\/category\/actividades\/\" rel=\"category tag\">Actividades<\/a> <a href=\"https:\/\/diariofemenino.com.ar\/df\/category\/azul-profundo\/\" rel=\"category tag\">Azul Profundo<\/a> <a href=\"https:\/\/diariofemenino.com.ar\/df\/category\/genero-y-derechos-humanos\/\" rel=\"category tag\">G\u00e9nero y Derechos Humanos<\/a>","rttpg_excerpt":"Valoraci\u00f3n de la ley 27.206 de \u201cRespeto por el tiempo de las v\u00edctimas\u201d Convocado por la senadora Sigrid Kunath y con la presencia de la senadora Norma Durango, se realiz\u00f3 una muy interesante jornada en el sal\u00f3n Eva Per\u00f3n del Senado de la Naci\u00f3n el pasado jueves 4 de julio. Con el lema: \u201cEl rol&hellip;","_links":{"self":[{"href":"https:\/\/diariofemenino.com.ar\/df\/wp-json\/wp\/v2\/posts\/38296","targetHints":{"allow":["GET"]}}],"collection":[{"href":"https:\/\/diariofemenino.com.ar\/df\/wp-json\/wp\/v2\/posts"}],"about":[{"href":"https:\/\/diariofemenino.com.ar\/df\/wp-json\/wp\/v2\/types\/post"}],"author":[{"embeddable":true,"href":"https:\/\/diariofemenino.com.ar\/df\/wp-json\/wp\/v2\/users\/4"}],"replies":[{"embeddable":true,"href":"https:\/\/diariofemenino.com.ar\/df\/wp-json\/wp\/v2\/comments?post=38296"}],"version-history":[{"count":0,"href":"https:\/\/diariofemenino.com.ar\/df\/wp-json\/wp\/v2\/posts\/38296\/revisions"}],"wp:featuredmedia":[{"embeddable":true,"href":"https:\/\/diariofemenino.com.ar\/df\/wp-json\/wp\/v2\/media\/38297"}],"wp:attachment":[{"href":"https:\/\/diariofemenino.com.ar\/df\/wp-json\/wp\/v2\/media?parent=38296"}],"wp:term":[{"taxonomy":"category","embeddable":true,"href":"https:\/\/diariofemenino.com.ar\/df\/wp-json\/wp\/v2\/categories?post=38296"},{"taxonomy":"post_tag","embeddable":true,"href":"https:\/\/diariofemenino.com.ar\/df\/wp-json\/wp\/v2\/tags?post=38296"}],"curies":[{"name":"wp","href":"https:\/\/api.w.org\/{rel}","templated":true}]}}