{"id":38290,"date":"2019-07-09T12:22:58","date_gmt":"2019-07-09T15:22:58","guid":{"rendered":"https:\/\/diariofemenino.com.ar\/?p=38290"},"modified":"2019-07-09T12:22:58","modified_gmt":"2019-07-09T15:22:58","slug":"justicia-para-maria-de-los-angeles-paris","status":"publish","type":"post","link":"https:\/\/diariofemenino.com.ar\/df\/justicia-para-maria-de-los-angeles-paris\/","title":{"rendered":"Justicia para Mar\u00eda de los \u00c1ngeles Paris"},"content":{"rendered":"<p align=\"justify\"><span style=\"color: #000000;\"><span style=\"font-family: Times New Roman, serif;\"><span style=\"font-size: large;\">Mar\u00eda de los \u00c1ngeles Paris, maestra bibliotecaria de la escuela Gurruchaga y de la T\u00e9cnica 464 de la Ciudad de Rosario, el 3 de mayo de 2017 ingres\u00f3 a la Comisaria 10 supuestamente para denunciar un intento de robo y al rato sali\u00f3 de la misma gritando o cuestionando el maltrato de la polic\u00eda.<\/span><\/span><\/span><\/p>\n<figure id=\"attachment_38292\" aria-describedby=\"caption-attachment-38292\" style=\"width: 850px\" class=\"wp-caption alignnone\"><img loading=\"lazy\" decoding=\"async\" class=\"size-full wp-image-38292\" src=\"https:\/\/diariofemenino.com.ar\/df\/wp-content\/uploads\/2019\/07\/maria-angeles-paris2.jpg\" alt=\"Justicia para Mar\u00eda de los \u00c1ngeles Paris \" width=\"850\" height=\"560\" srcset=\"https:\/\/diariofemenino.com.ar\/df\/wp-content\/uploads\/2019\/07\/maria-angeles-paris2.jpg 850w, https:\/\/diariofemenino.com.ar\/df\/wp-content\/uploads\/2019\/07\/maria-angeles-paris2-300x198.jpg 300w, https:\/\/diariofemenino.com.ar\/df\/wp-content\/uploads\/2019\/07\/maria-angeles-paris2-768x506.jpg 768w\" sizes=\"auto, (max-width: 850px) 100vw, 850px\" \/><figcaption id=\"caption-attachment-38292\" class=\"wp-caption-text\">Mar\u00eda de los \u00c1ngeles Paris<\/figcaption><\/figure>\n<p align=\"justify\"><span style=\"color: #000000;\"><span style=\"font-family: Times New Roman, serif;\"><span style=\"font-size: large;\">Las c\u00e1maras filman cuando,<a href=\"https:\/\/diariofemenino.com.ar\/\"> en la calle,<\/a> es sujetada con fuerza del cuello por personal policial y la reingresan esposada a la comisaria. Hora y media despu\u00e9s aproximadamente, la docente muere encerrada en la sede policial. <\/span><\/span><\/span><\/p>\n<p align=\"justify\"><span style=\"color: #000000;\"><span style=\"font-family: Times New Roman, serif;\"><span style=\"font-size: large;\">El informe oficial reconoce que Par\u00eds estuvo en la comisar\u00eda, pero asegura que tuvo un brote psic\u00f3tico y que debieron contenerla para calmarla. Y que muri\u00f3 de un paro cardiorrespiratorio, el motivo que sufre la mayor\u00eda de los mortales, es decir, cuando el coraz\u00f3n deja de latir, indistintamente si se trat\u00f3 de una causa natural, una situaci\u00f3n accidental o un crimen. Se inicio entonces una dur\u00edsima lucha de la familia, de la APDH y del gremio docente por encontrar la verdad y hacer justicia. <\/span><\/span><\/span><\/p>\n<p align=\"justify\"><span style=\"color: #000000;\"><span style=\"font-family: Times New Roman, serif;\"><span style=\"font-size: large;\">La investigaci\u00f3n fue impulsada por la <a href=\"https:\/\/www.apdh-argentina.org.ar\/\">Asamblea Permanente por los Derechos Humanos<\/a>, la C\u00e1tedra de Criminolog\u00eda de la UNR, y AMSAFE. Despu\u00e9s de dos a\u00f1os de lucha frente al encubrimiento policial, lograron la imputaci\u00f3n de los cinco agentes policiales que estuvieron esa noche de servicio en la 10\u00aa. Sin embargo, los mismos siguen trabajando en otras dependencias policiales. <\/span><\/span><\/span><\/p>\n<p align=\"justify\"><span style=\"font-family: Times New Roman, serif;\"><span style=\"font-size: medium;\"><span style=\"color: #1c1e21;\"><span style=\"font-size: large;\">Los querellantes solicitaron que se califiquen los hechos como torturas seguida de muerte y requirieron la aplicaci\u00f3n de prisi\u00f3n prevent<\/span><\/span><span style=\"color: #1c1e21;\"><span style=\"font-size: large;\">iva para dos agentes policiales. Pese a lo cual el juez calific\u00f3 provisoriamente los hechos acordes a la propuesta de la Fiscal\u00eda: homicidio preterintencional e incumplimiento de los deberes de funcionario p\u00fablico. Con relaci\u00f3n a las medidas cautelares impuso la presentaci\u00f3n peri\u00f3dica de las imputadas y los imputados ante la Oficina de Gesti\u00f3n Judicial, la prohibici\u00f3n de salir del pa\u00eds y de todo tipo de acercamiento a la familia y los testigos de la causa.<\/span><\/span><\/span><\/span><\/p>\n<p align=\"justify\"><span style=\"font-family: Times New Roman, serif;\"><span style=\"font-size: medium;\"><span style=\"color: #1c1e21;\"><span style=\"font-size: large;\">La Asamblea permanente se\u00f1al\u00f3 en un comunicado \u201c\u2026 celebramos que finalmente haya tenido lugar esta audiencia que es un primer paso hacia el juicio oral y que, por primera vez por parte del estado, en el caso el Ministerio P\u00fablico Fiscal, haya admitido lo que venimos sosteniendo desde un primer momento: que Mar\u00eda de los \u00c1ngeles Par\u00eds fue sometida a violencia en la Cr\u00eda. 10ma de la ciudad de Rosario.\u201d<\/span><\/span><\/span><\/span><\/p>\n<p align=\"justify\"><span style=\"font-family: Times New Roman, serif;\"><span style=\"font-size: medium;\"><span style=\"color: #1c1e21;\"><span style=\"font-size: large;\">Durante dos a\u00f1os hubo que batallar contra la postura oficial de la Comisaria y de la fiscal\u00eda acerca del supuesto \u201cparo cardiaco\u201d de la docente, como muerte accidental, negando lo que las c\u00e1maras de seguridad hab\u00edan filmado, que la docente Paris fue objeto de malos tratos e incluso torturas seguidas de muerte, en la sede policial. <\/span><\/span><\/span><\/span><\/p>\n<p><span style=\"color: #1c1e21;\"><span style=\"font-family: Times New Roman, serif;\"><span style=\"font-size: large;\">El caso de Mar\u00eda de los \u00c1ngeles fue denunciado por la APDH en la <a href=\"http:\/\/www.oas.org\/es\/cidh\/\">Comisi\u00f3n Interamericana de DDHH<\/a> y ante el Relator de la Convenci\u00f3n contra la Tortura y Otros Tratos o Penas Crueles, Inhumanos o Degradantes, ya que, seg\u00fan aseguran desde el organismo \u201cexpresa una de las peores facetas de la violencia policial\u201d.<\/p>\n<p>Por su parte, Norma R\u00edos Copresidenta de APDH asegur\u00f3: \u201ces preocupante para la sociedad que un comisario imputado por homicidio preterintencional, quien reconociera en audios a su superior haberle pegado pu\u00f1etes en boca y est\u00f3mago a Mar\u00eda de los \u00c1ngeles, contin\u00fae en su puesto sin inconvenientes, al igual que el resto de los imputados que actuaron de c\u00f3mplices\u00bb.<\/span><\/span><\/span><\/p>\n<p><span style=\"color: #1c1e21;\"><span style=\"font-family: Times New Roman, serif;\"><span style=\"font-size: large;\">La sociedad rosarina se moviliza peri\u00f3dicamente reclamando Justicia por Mar\u00eda de los \u00c1ngeles Paris. S\u00edmbolo del funcionamiento perverso y homicida de la Polic\u00eda provincial, y de un paradigma represivo que se perpetua en el conjunto de las fuerzas de seguridad.<\/span><\/span><\/span><\/p>\n<p>&nbsp;<\/p>\n<p><a href=\"https:\/\/diariofemenino.com.ar\/category\/genero-y-derechos-humanos\/\">Mar\u00eda Elena Naddeo<\/a><\/p>\n","protected":false},"excerpt":{"rendered":"<p>Mar\u00eda de los \u00c1ngeles Paris, maestra bibliotecaria de la escuela Gurruchaga y de la T\u00e9cnica 464 de la Ciudad de Rosario, el 3 de mayo de 2017 ingres\u00f3 a la Comisaria 10 supuestamente para denunciar un intento de robo y al rato sali\u00f3 de la misma gritando o cuestionando el maltrato de la polic\u00eda. Las [&hellip;]<\/p>\n","protected":false},"author":4,"featured_media":38291,"comment_status":"open","ping_status":"open","sticky":false,"template":"","format":"standard","meta":{"iawp_total_views":15,"footnotes":""},"categories":[178,627],"tags":[1658,1656,1657,1655,1653,1654],"class_list":["post-38290","post","type-post","status-publish","format-standard","has-post-thumbnail","hentry","category-articulos-y-comunicados","category-genero-y-derechos-humanos","tag-amsafe","tag-asamblea-permanente-por-los-derechos-humanos","tag-catedra-de-criminologia-de-la-unr","tag-comisaria-10-rosario","tag-maria-de-los-angeles-paris","tag-muerte"],"nelio_content":{"autoShareEndMode":"never","automationSources":{"useCustomSentences":false,"customSentences":[]},"efiAlt":"","efiUrl":"","followers":[4],"highlights":[],"isAutoShareEnabled":true,"networkImageIds":[],"permalinkQueryArgs":[],"series":[],"suggestedReferences":[]},"yoast_head":"<!-- This site is optimized with the Yoast SEO plugin v27.5 - https:\/\/yoast.com\/product\/yoast-seo-wordpress\/ -->\n<title>Justicia para Mar\u00eda de los \u00c1ngeles Paris - Diario Digital Femenino<\/title>\n<meta name=\"description\" content=\"Mar\u00eda de los \u00c1ngeles Paris fue supuestamente a denunciar un robo, la docente muere encerrada en la sede policial. Comisar\u00eda 10 de Rosario\" \/>\n<meta name=\"robots\" content=\"index, follow, max-snippet:-1, max-image-preview:large, max-video-preview:-1\" \/>\n<link rel=\"canonical\" href=\"https:\/\/diariofemenino.com.ar\/df\/justicia-para-maria-de-los-angeles-paris\/\" \/>\n<meta property=\"og:locale\" content=\"es_ES\" \/>\n<meta property=\"og:type\" content=\"article\" \/>\n<meta property=\"og:title\" content=\"Justicia para Mar\u00eda de los \u00c1ngeles Paris - Diario Digital Femenino\" \/>\n<meta property=\"og:description\" content=\"Mar\u00eda de los \u00c1ngeles Paris fue supuestamente a denunciar un robo, la docente muere encerrada en la sede policial. Comisar\u00eda 10 de Rosario\" \/>\n<meta property=\"og:url\" content=\"https:\/\/diariofemenino.com.ar\/df\/justicia-para-maria-de-los-angeles-paris\/\" \/>\n<meta property=\"og:site_name\" content=\"Diario Digital Femenino\" \/>\n<meta property=\"article:publisher\" content=\"https:\/\/www.facebook.com\/DiarioDigitaFemenino\/\" \/>\n<meta property=\"article:published_time\" content=\"2019-07-09T15:22:58+00:00\" \/>\n<meta property=\"og:image\" content=\"https:\/\/diariofemenino.com.ar\/df\/wp-content\/uploads\/2019\/07\/justicia-por-Maria-de-los-Angeles-Paris.jpg\" \/>\n\t<meta property=\"og:image:width\" content=\"960\" \/>\n\t<meta property=\"og:image:height\" content=\"960\" \/>\n\t<meta property=\"og:image:type\" content=\"image\/jpeg\" \/>\n<meta name=\"author\" content=\"Admin\" \/>\n<meta name=\"twitter:card\" content=\"summary_large_image\" \/>\n<meta name=\"twitter:creator\" content=\"@DiarioFemenino1\" \/>\n<meta name=\"twitter:site\" content=\"@DiarioFemenino1\" \/>\n<meta name=\"twitter:label1\" content=\"Escrito por\" \/>\n\t<meta name=\"twitter:data1\" content=\"Admin\" \/>\n\t<meta name=\"twitter:label2\" content=\"Tiempo de lectura\" \/>\n\t<meta name=\"twitter:data2\" content=\"3 minutos\" \/>\n<script type=\"application\/ld+json\" class=\"yoast-schema-graph\">{\"@context\":\"https:\\\/\\\/schema.org\",\"@graph\":[{\"@type\":\"Article\",\"@id\":\"https:\\\/\\\/diariofemenino.com.ar\\\/df\\\/justicia-para-maria-de-los-angeles-paris\\\/#article\",\"isPartOf\":{\"@id\":\"https:\\\/\\\/diariofemenino.com.ar\\\/df\\\/justicia-para-maria-de-los-angeles-paris\\\/\"},\"author\":{\"name\":\"Admin\",\"@id\":\"https:\\\/\\\/diariofemenino.com.ar\\\/df\\\/#\\\/schema\\\/person\\\/bf6199e8158c657ea6f789b11ec85509\"},\"headline\":\"Justicia para Mar\u00eda de los \u00c1ngeles Paris\",\"datePublished\":\"2019-07-09T15:22:58+00:00\",\"mainEntityOfPage\":{\"@id\":\"https:\\\/\\\/diariofemenino.com.ar\\\/df\\\/justicia-para-maria-de-los-angeles-paris\\\/\"},\"wordCount\":676,\"commentCount\":0,\"publisher\":{\"@id\":\"https:\\\/\\\/diariofemenino.com.ar\\\/df\\\/#organization\"},\"image\":{\"@id\":\"https:\\\/\\\/diariofemenino.com.ar\\\/df\\\/justicia-para-maria-de-los-angeles-paris\\\/#primaryimage\"},\"thumbnailUrl\":\"https:\\\/\\\/diariofemenino.com.ar\\\/df\\\/wp-content\\\/uploads\\\/2019\\\/07\\\/justicia-por-Maria-de-los-Angeles-Paris.jpg\",\"keywords\":[\"AMSAFE\",\"Asamblea Permanente por los Derechos Humanos\",\"C\u00e1tedra de Criminolog\u00eda de la UNR\",\"Comisaria 10 Rosario\",\"Mar\u00eda de los \u00c1ngeles Paris\",\"muerte\"],\"articleSection\":[\"Art\u00edculos y Comunicados\",\"G\u00e9nero y Derechos Humanos\"],\"inLanguage\":\"es\",\"potentialAction\":[{\"@type\":\"CommentAction\",\"name\":\"Comment\",\"target\":[\"https:\\\/\\\/diariofemenino.com.ar\\\/df\\\/justicia-para-maria-de-los-angeles-paris\\\/#respond\"]}]},{\"@type\":\"WebPage\",\"@id\":\"https:\\\/\\\/diariofemenino.com.ar\\\/df\\\/justicia-para-maria-de-los-angeles-paris\\\/\",\"url\":\"https:\\\/\\\/diariofemenino.com.ar\\\/df\\\/justicia-para-maria-de-los-angeles-paris\\\/\",\"name\":\"Justicia para Mar\u00eda de los \u00c1ngeles Paris - Diario Digital Femenino\",\"isPartOf\":{\"@id\":\"https:\\\/\\\/diariofemenino.com.ar\\\/df\\\/#website\"},\"primaryImageOfPage\":{\"@id\":\"https:\\\/\\\/diariofemenino.com.ar\\\/df\\\/justicia-para-maria-de-los-angeles-paris\\\/#primaryimage\"},\"image\":{\"@id\":\"https:\\\/\\\/diariofemenino.com.ar\\\/df\\\/justicia-para-maria-de-los-angeles-paris\\\/#primaryimage\"},\"thumbnailUrl\":\"https:\\\/\\\/diariofemenino.com.ar\\\/df\\\/wp-content\\\/uploads\\\/2019\\\/07\\\/justicia-por-Maria-de-los-Angeles-Paris.jpg\",\"datePublished\":\"2019-07-09T15:22:58+00:00\",\"description\":\"Mar\u00eda de los \u00c1ngeles Paris fue supuestamente a denunciar un robo, la docente muere encerrada en la sede policial. Comisar\u00eda 10 de Rosario\",\"breadcrumb\":{\"@id\":\"https:\\\/\\\/diariofemenino.com.ar\\\/df\\\/justicia-para-maria-de-los-angeles-paris\\\/#breadcrumb\"},\"inLanguage\":\"es\",\"potentialAction\":[{\"@type\":\"ReadAction\",\"target\":[\"https:\\\/\\\/diariofemenino.com.ar\\\/df\\\/justicia-para-maria-de-los-angeles-paris\\\/\"]}]},{\"@type\":\"ImageObject\",\"inLanguage\":\"es\",\"@id\":\"https:\\\/\\\/diariofemenino.com.ar\\\/df\\\/justicia-para-maria-de-los-angeles-paris\\\/#primaryimage\",\"url\":\"https:\\\/\\\/diariofemenino.com.ar\\\/df\\\/wp-content\\\/uploads\\\/2019\\\/07\\\/justicia-por-Maria-de-los-Angeles-Paris.jpg\",\"contentUrl\":\"https:\\\/\\\/diariofemenino.com.ar\\\/df\\\/wp-content\\\/uploads\\\/2019\\\/07\\\/justicia-por-Maria-de-los-Angeles-Paris.jpg\",\"width\":960,\"height\":960,\"caption\":\"Mar\u00eda de los \u00c1ngeles Paris\"},{\"@type\":\"BreadcrumbList\",\"@id\":\"https:\\\/\\\/diariofemenino.com.ar\\\/df\\\/justicia-para-maria-de-los-angeles-paris\\\/#breadcrumb\",\"itemListElement\":[{\"@type\":\"ListItem\",\"position\":1,\"name\":\"Portada\",\"item\":\"https:\\\/\\\/diariofemenino.com.ar\\\/df\\\/\"},{\"@type\":\"ListItem\",\"position\":2,\"name\":\"Justicia para Mar\u00eda de los \u00c1ngeles Paris\"}]},{\"@type\":\"WebSite\",\"@id\":\"https:\\\/\\\/diariofemenino.com.ar\\\/df\\\/#website\",\"url\":\"https:\\\/\\\/diariofemenino.com.ar\\\/df\\\/\",\"name\":\"Diario Digital Femenino\",\"description\":\"Cuesti\u00f3n de G\u00e9nero\",\"publisher\":{\"@id\":\"https:\\\/\\\/diariofemenino.com.ar\\\/df\\\/#organization\"},\"potentialAction\":[{\"@type\":\"SearchAction\",\"target\":{\"@type\":\"EntryPoint\",\"urlTemplate\":\"https:\\\/\\\/diariofemenino.com.ar\\\/df\\\/?s={search_term_string}\"},\"query-input\":{\"@type\":\"PropertyValueSpecification\",\"valueRequired\":true,\"valueName\":\"search_term_string\"}}],\"inLanguage\":\"es\"},{\"@type\":\"Organization\",\"@id\":\"https:\\\/\\\/diariofemenino.com.ar\\\/df\\\/#organization\",\"name\":\"Diario Femenino\",\"url\":\"https:\\\/\\\/diariofemenino.com.ar\\\/df\\\/\",\"logo\":{\"@type\":\"ImageObject\",\"inLanguage\":\"es\",\"@id\":\"https:\\\/\\\/diariofemenino.com.ar\\\/df\\\/#\\\/schema\\\/logo\\\/image\\\/\",\"url\":\"https:\\\/\\\/diariofemenino.com.ar\\\/df\\\/wp-content\\\/uploads\\\/2018\\\/10\\\/logo.png\",\"contentUrl\":\"https:\\\/\\\/diariofemenino.com.ar\\\/df\\\/wp-content\\\/uploads\\\/2018\\\/10\\\/logo.png\",\"width\":500,\"height\":92,\"caption\":\"Diario Femenino\"},\"image\":{\"@id\":\"https:\\\/\\\/diariofemenino.com.ar\\\/df\\\/#\\\/schema\\\/logo\\\/image\\\/\"},\"sameAs\":[\"https:\\\/\\\/www.facebook.com\\\/DiarioDigitaFemenino\\\/\",\"https:\\\/\\\/x.com\\\/DiarioFemenino1\"]},{\"@type\":\"Person\",\"@id\":\"https:\\\/\\\/diariofemenino.com.ar\\\/df\\\/#\\\/schema\\\/person\\\/bf6199e8158c657ea6f789b11ec85509\",\"name\":\"Admin\",\"image\":{\"@type\":\"ImageObject\",\"inLanguage\":\"es\",\"@id\":\"https:\\\/\\\/diariofemenino.com.ar\\\/df\\\/wp-content\\\/uploads\\\/2018\\\/12\\\/favicon-150x150.jpg\",\"url\":\"https:\\\/\\\/diariofemenino.com.ar\\\/df\\\/wp-content\\\/uploads\\\/2018\\\/12\\\/favicon-150x150.jpg\",\"contentUrl\":\"https:\\\/\\\/diariofemenino.com.ar\\\/df\\\/wp-content\\\/uploads\\\/2018\\\/12\\\/favicon-150x150.jpg\",\"caption\":\"Admin\"},\"url\":\"https:\\\/\\\/diariofemenino.com.ar\\\/df\\\/author\\\/lenny\\\/\"}]}<\/script>\n<!-- \/ Yoast SEO plugin. -->","yoast_head_json":{"title":"Justicia para Mar\u00eda de los \u00c1ngeles Paris - Diario Digital Femenino","description":"Mar\u00eda de los \u00c1ngeles Paris fue supuestamente a denunciar un robo, la docente muere encerrada en la sede policial. Comisar\u00eda 10 de Rosario","robots":{"index":"index","follow":"follow","max-snippet":"max-snippet:-1","max-image-preview":"max-image-preview:large","max-video-preview":"max-video-preview:-1"},"canonical":"https:\/\/diariofemenino.com.ar\/df\/justicia-para-maria-de-los-angeles-paris\/","og_locale":"es_ES","og_type":"article","og_title":"Justicia para Mar\u00eda de los \u00c1ngeles Paris - Diario Digital Femenino","og_description":"Mar\u00eda de los \u00c1ngeles Paris fue supuestamente a denunciar un robo, la docente muere encerrada en la sede policial. Comisar\u00eda 10 de Rosario","og_url":"https:\/\/diariofemenino.com.ar\/df\/justicia-para-maria-de-los-angeles-paris\/","og_site_name":"Diario Digital Femenino","article_publisher":"https:\/\/www.facebook.com\/DiarioDigitaFemenino\/","article_published_time":"2019-07-09T15:22:58+00:00","og_image":[{"width":960,"height":960,"url":"https:\/\/diariofemenino.com.ar\/df\/wp-content\/uploads\/2019\/07\/justicia-por-Maria-de-los-Angeles-Paris.jpg","type":"image\/jpeg"}],"author":"Admin","twitter_card":"summary_large_image","twitter_creator":"@DiarioFemenino1","twitter_site":"@DiarioFemenino1","twitter_misc":{"Escrito por":"Admin","Tiempo de lectura":"3 minutos"},"schema":{"@context":"https:\/\/schema.org","@graph":[{"@type":"Article","@id":"https:\/\/diariofemenino.com.ar\/df\/justicia-para-maria-de-los-angeles-paris\/#article","isPartOf":{"@id":"https:\/\/diariofemenino.com.ar\/df\/justicia-para-maria-de-los-angeles-paris\/"},"author":{"name":"Admin","@id":"https:\/\/diariofemenino.com.ar\/df\/#\/schema\/person\/bf6199e8158c657ea6f789b11ec85509"},"headline":"Justicia para Mar\u00eda de los \u00c1ngeles Paris","datePublished":"2019-07-09T15:22:58+00:00","mainEntityOfPage":{"@id":"https:\/\/diariofemenino.com.ar\/df\/justicia-para-maria-de-los-angeles-paris\/"},"wordCount":676,"commentCount":0,"publisher":{"@id":"https:\/\/diariofemenino.com.ar\/df\/#organization"},"image":{"@id":"https:\/\/diariofemenino.com.ar\/df\/justicia-para-maria-de-los-angeles-paris\/#primaryimage"},"thumbnailUrl":"https:\/\/diariofemenino.com.ar\/df\/wp-content\/uploads\/2019\/07\/justicia-por-Maria-de-los-Angeles-Paris.jpg","keywords":["AMSAFE","Asamblea Permanente por los Derechos Humanos","C\u00e1tedra de Criminolog\u00eda de la UNR","Comisaria 10 Rosario","Mar\u00eda de los \u00c1ngeles Paris","muerte"],"articleSection":["Art\u00edculos y Comunicados","G\u00e9nero y Derechos Humanos"],"inLanguage":"es","potentialAction":[{"@type":"CommentAction","name":"Comment","target":["https:\/\/diariofemenino.com.ar\/df\/justicia-para-maria-de-los-angeles-paris\/#respond"]}]},{"@type":"WebPage","@id":"https:\/\/diariofemenino.com.ar\/df\/justicia-para-maria-de-los-angeles-paris\/","url":"https:\/\/diariofemenino.com.ar\/df\/justicia-para-maria-de-los-angeles-paris\/","name":"Justicia para Mar\u00eda de los \u00c1ngeles Paris - Diario Digital Femenino","isPartOf":{"@id":"https:\/\/diariofemenino.com.ar\/df\/#website"},"primaryImageOfPage":{"@id":"https:\/\/diariofemenino.com.ar\/df\/justicia-para-maria-de-los-angeles-paris\/#primaryimage"},"image":{"@id":"https:\/\/diariofemenino.com.ar\/df\/justicia-para-maria-de-los-angeles-paris\/#primaryimage"},"thumbnailUrl":"https:\/\/diariofemenino.com.ar\/df\/wp-content\/uploads\/2019\/07\/justicia-por-Maria-de-los-Angeles-Paris.jpg","datePublished":"2019-07-09T15:22:58+00:00","description":"Mar\u00eda de los \u00c1ngeles Paris fue supuestamente a denunciar un robo, la docente muere encerrada en la sede policial. Comisar\u00eda 10 de Rosario","breadcrumb":{"@id":"https:\/\/diariofemenino.com.ar\/df\/justicia-para-maria-de-los-angeles-paris\/#breadcrumb"},"inLanguage":"es","potentialAction":[{"@type":"ReadAction","target":["https:\/\/diariofemenino.com.ar\/df\/justicia-para-maria-de-los-angeles-paris\/"]}]},{"@type":"ImageObject","inLanguage":"es","@id":"https:\/\/diariofemenino.com.ar\/df\/justicia-para-maria-de-los-angeles-paris\/#primaryimage","url":"https:\/\/diariofemenino.com.ar\/df\/wp-content\/uploads\/2019\/07\/justicia-por-Maria-de-los-Angeles-Paris.jpg","contentUrl":"https:\/\/diariofemenino.com.ar\/df\/wp-content\/uploads\/2019\/07\/justicia-por-Maria-de-los-Angeles-Paris.jpg","width":960,"height":960,"caption":"Mar\u00eda de los \u00c1ngeles Paris"},{"@type":"BreadcrumbList","@id":"https:\/\/diariofemenino.com.ar\/df\/justicia-para-maria-de-los-angeles-paris\/#breadcrumb","itemListElement":[{"@type":"ListItem","position":1,"name":"Portada","item":"https:\/\/diariofemenino.com.ar\/df\/"},{"@type":"ListItem","position":2,"name":"Justicia para Mar\u00eda de los \u00c1ngeles Paris"}]},{"@type":"WebSite","@id":"https:\/\/diariofemenino.com.ar\/df\/#website","url":"https:\/\/diariofemenino.com.ar\/df\/","name":"Diario Digital Femenino","description":"Cuesti\u00f3n de G\u00e9nero","publisher":{"@id":"https:\/\/diariofemenino.com.ar\/df\/#organization"},"potentialAction":[{"@type":"SearchAction","target":{"@type":"EntryPoint","urlTemplate":"https:\/\/diariofemenino.com.ar\/df\/?s={search_term_string}"},"query-input":{"@type":"PropertyValueSpecification","valueRequired":true,"valueName":"search_term_string"}}],"inLanguage":"es"},{"@type":"Organization","@id":"https:\/\/diariofemenino.com.ar\/df\/#organization","name":"Diario Femenino","url":"https:\/\/diariofemenino.com.ar\/df\/","logo":{"@type":"ImageObject","inLanguage":"es","@id":"https:\/\/diariofemenino.com.ar\/df\/#\/schema\/logo\/image\/","url":"https:\/\/diariofemenino.com.ar\/df\/wp-content\/uploads\/2018\/10\/logo.png","contentUrl":"https:\/\/diariofemenino.com.ar\/df\/wp-content\/uploads\/2018\/10\/logo.png","width":500,"height":92,"caption":"Diario Femenino"},"image":{"@id":"https:\/\/diariofemenino.com.ar\/df\/#\/schema\/logo\/image\/"},"sameAs":["https:\/\/www.facebook.com\/DiarioDigitaFemenino\/","https:\/\/x.com\/DiarioFemenino1"]},{"@type":"Person","@id":"https:\/\/diariofemenino.com.ar\/df\/#\/schema\/person\/bf6199e8158c657ea6f789b11ec85509","name":"Admin","image":{"@type":"ImageObject","inLanguage":"es","@id":"https:\/\/diariofemenino.com.ar\/df\/wp-content\/uploads\/2018\/12\/favicon-150x150.jpg","url":"https:\/\/diariofemenino.com.ar\/df\/wp-content\/uploads\/2018\/12\/favicon-150x150.jpg","contentUrl":"https:\/\/diariofemenino.com.ar\/df\/wp-content\/uploads\/2018\/12\/favicon-150x150.jpg","caption":"Admin"},"url":"https:\/\/diariofemenino.com.ar\/df\/author\/lenny\/"}]}},"jetpack_featured_media_url":"https:\/\/diariofemenino.com.ar\/df\/wp-content\/uploads\/2019\/07\/justicia-por-Maria-de-los-Angeles-Paris.jpg","jetpack_sharing_enabled":true,"rttpg_featured_image_url":{"full":["https:\/\/diariofemenino.com.ar\/df\/wp-content\/uploads\/2019\/07\/justicia-por-Maria-de-los-Angeles-Paris.jpg",960,960,false],"landscape":["https:\/\/diariofemenino.com.ar\/df\/wp-content\/uploads\/2019\/07\/justicia-por-Maria-de-los-Angeles-Paris.jpg",960,960,false],"portraits":["https:\/\/diariofemenino.com.ar\/df\/wp-content\/uploads\/2019\/07\/justicia-por-Maria-de-los-Angeles-Paris.jpg",960,960,false],"thumbnail":["https:\/\/diariofemenino.com.ar\/df\/wp-content\/uploads\/2019\/07\/justicia-por-Maria-de-los-Angeles-Paris-150x150.jpg",150,150,true],"medium":["https:\/\/diariofemenino.com.ar\/df\/wp-content\/uploads\/2019\/07\/justicia-por-Maria-de-los-Angeles-Paris-300x300.jpg",300,300,true],"large":["https:\/\/diariofemenino.com.ar\/df\/wp-content\/uploads\/2019\/07\/justicia-por-Maria-de-los-Angeles-Paris.jpg",960,960,false],"1536x1536":["https:\/\/diariofemenino.com.ar\/df\/wp-content\/uploads\/2019\/07\/justicia-por-Maria-de-los-Angeles-Paris.jpg",960,960,false],"2048x2048":["https:\/\/diariofemenino.com.ar\/df\/wp-content\/uploads\/2019\/07\/justicia-por-Maria-de-los-Angeles-Paris.jpg",960,960,false]},"rttpg_author":{"display_name":"Admin","author_link":"https:\/\/diariofemenino.com.ar\/df\/author\/lenny\/"},"rttpg_comment":0,"rttpg_category":"<a href=\"https:\/\/diariofemenino.com.ar\/df\/category\/articulos-y-comunicados\/\" rel=\"category tag\">Art\u00edculos y Comunicados<\/a> <a href=\"https:\/\/diariofemenino.com.ar\/df\/category\/genero-y-derechos-humanos\/\" rel=\"category tag\">G\u00e9nero y Derechos Humanos<\/a>","rttpg_excerpt":"Mar\u00eda de los \u00c1ngeles Paris, maestra bibliotecaria de la escuela Gurruchaga y de la T\u00e9cnica 464 de la Ciudad de Rosario, el 3 de mayo de 2017 ingres\u00f3 a la Comisaria 10 supuestamente para denunciar un intento de robo y al rato sali\u00f3 de la misma gritando o cuestionando el maltrato de la polic\u00eda. Las&hellip;","_links":{"self":[{"href":"https:\/\/diariofemenino.com.ar\/df\/wp-json\/wp\/v2\/posts\/38290","targetHints":{"allow":["GET"]}}],"collection":[{"href":"https:\/\/diariofemenino.com.ar\/df\/wp-json\/wp\/v2\/posts"}],"about":[{"href":"https:\/\/diariofemenino.com.ar\/df\/wp-json\/wp\/v2\/types\/post"}],"author":[{"embeddable":true,"href":"https:\/\/diariofemenino.com.ar\/df\/wp-json\/wp\/v2\/users\/4"}],"replies":[{"embeddable":true,"href":"https:\/\/diariofemenino.com.ar\/df\/wp-json\/wp\/v2\/comments?post=38290"}],"version-history":[{"count":0,"href":"https:\/\/diariofemenino.com.ar\/df\/wp-json\/wp\/v2\/posts\/38290\/revisions"}],"wp:featuredmedia":[{"embeddable":true,"href":"https:\/\/diariofemenino.com.ar\/df\/wp-json\/wp\/v2\/media\/38291"}],"wp:attachment":[{"href":"https:\/\/diariofemenino.com.ar\/df\/wp-json\/wp\/v2\/media?parent=38290"}],"wp:term":[{"taxonomy":"category","embeddable":true,"href":"https:\/\/diariofemenino.com.ar\/df\/wp-json\/wp\/v2\/categories?post=38290"},{"taxonomy":"post_tag","embeddable":true,"href":"https:\/\/diariofemenino.com.ar\/df\/wp-json\/wp\/v2\/tags?post=38290"}],"curies":[{"name":"wp","href":"https:\/\/api.w.org\/{rel}","templated":true}]}}