{"id":38235,"date":"2019-07-08T12:18:20","date_gmt":"2019-07-08T15:18:20","guid":{"rendered":"https:\/\/diariofemenino.com.ar\/?p=38235"},"modified":"2019-07-08T12:18:20","modified_gmt":"2019-07-08T15:18:20","slug":"esther-vivas-la-maternidad-debe-ser-feminista-hay-que-rescatar-a-las-madres-del-patriarcado","status":"publish","type":"post","link":"https:\/\/diariofemenino.com.ar\/df\/esther-vivas-la-maternidad-debe-ser-feminista-hay-que-rescatar-a-las-madres-del-patriarcado\/","title":{"rendered":"Esther Vivas: \u201cLa maternidad debe ser feminista. Hay que rescatar a las madres del patriarcado\u201d"},"content":{"rendered":"<h3 style=\"text-align: center;\">Esther Vivas: \u201cLa maternidad debe ser feminista. Hay que rescatar a las madres del patriarcado\u201d<\/h3>\n<p class=\"articulo-subtitulo\"><strong>La autora de &#8216;Mam\u00e1 desobediente. Una mirada feminista a la maternidad&#8217; analiza los retos a los que se enfrentan las madres hoy<\/strong><\/p>\n<figure id=\"attachment_38240\" aria-describedby=\"caption-attachment-38240\" style=\"width: 263px\" class=\"wp-caption alignleft\"><img loading=\"lazy\" decoding=\"async\" class=\" wp-image-38240\" src=\"https:\/\/diariofemenino.com.ar\/df\/wp-content\/uploads\/2019\/07\/ev-2.jpg\" alt=\"Esther Vivas: \u201cLa maternidad debe ser feminista. Hay que rescatar a las madres del patriarcado\u201d\" width=\"263\" height=\"278\" srcset=\"https:\/\/diariofemenino.com.ar\/df\/wp-content\/uploads\/2019\/07\/ev-2.jpg 700w, https:\/\/diariofemenino.com.ar\/df\/wp-content\/uploads\/2019\/07\/ev-2-284x300.jpg 284w\" sizes=\"auto, (max-width: 263px) 100vw, 263px\" \/><figcaption id=\"caption-attachment-38240\" class=\"wp-caption-text\">Esther Vivas<\/figcaption><\/figure>\n<p>Por\u00a0<a title=\"Ver todas las noticias de Diana Oliver\" href=\"https:\/\/elpais.com\/autor\/diana_oliver_ortiz\/a\/\">DIANA OLIVER<\/a><\/p>\n<p>\u201cEl ideal materno oscila entre la madre sacrificada, al servicio de la familia y las criaturas, y la\u00a0<em>superwoman<\/em>\u00a0capaz de llegar a todo compaginando trabajo y crianza\u201d. Con esa frase lapidaria arranca Esther Vivas su\u00a0<a href=\"https:\/\/capitanswing.com\/libros\/mama-desobediente\/\"><em>Mam\u00e1 desobediente. Una mirada feminista a la maternidad<\/em><\/a>\u00a0(Capit\u00e1n Swing), un ensayo \u2013disponible en castellano y catal\u00e1n (\u2018Mam\u00e1 desobedient\u2019, Ara Llibres)\u2013 en el que la periodista analiza los retos a los que se enfrentan las madres hoy. Lo hace con su habitual estilo reivindicativo y sin olvidarse de d\u00f3nde venimos y hacia d\u00f3nde vamos, apoy\u00e1ndose en interesantes referencias que van desde las sufragistas hasta las asociaciones que visibilizan fen\u00f3menos como la lactancia o el parto. Tambi\u00e9n nos pone frente a frente con cuestiones tan controvertidas como la maternidad subrogada, los\u00a0<a href=\"https:\/\/elpais.com\/sociedad\/2019\/02\/22\/actualidad\/1550859020_956428.html\">permisos de paternidad y maternidad iguales e intransferibles<\/a>, la violencia obst\u00e9trica y el derecho a un parto respetado o el negocio de la lactancia artificial. \u201cC\u00f3mo vamos a vivir la maternidad no solo depende de las pr\u00e1cticas que nosotras podamos llevar a cabo sino tambi\u00e9n del medio en el que se ejerza esa maternidad\u201d, dice su autora. Una maternidad que, en opini\u00f3n de la periodista, no podremos vivir libremente si no nos rebelamos contra lo establecido. O m\u00e1s all\u00e1, si no convertimos la maternidad en un asunto p\u00fablico para que ocupe el lugar en el que siempre deber\u00eda haber estado.<\/p>\n<p><strong>Pregunta.<\/strong>\u00a0La <a href=\"https:\/\/diariofemenino.com.ar\/como-es-la-maternidad-en-carreras-que-se-consideran-terreno-de-varones\/\">maternidad<\/a> ha sido un asunto \u201cinc\u00f3modo\u201d para el feminismo. \u00bfC\u00f3mo definir\u00edas lo que es una maternidad feminista?<\/p>\n<p><strong>Respuesta<\/strong>. Para m\u00ed una maternidad feminista es una maternidad desobediente, una maternidad insumisa, que rompe con los arquetipos que nos han impuesto a lo largo de la historia, que rompe con la maternidad patriarcal que ha encerrado a las madres en el hogar y que ha infravalorado el trabajo de los cuidados. Tambi\u00e9n creo que es aquella que rompe con la concepci\u00f3n neoliberal actual de la maternidad en la que la crianza y el cuidado quedan supeditados al mercado.<\/p>\n<p>Cuando hablo de esta maternidad insumisa, rebelde, desobediente, no se trata tanto de idealizar la maternidad como de darle ese valor pol\u00edtico, social y econ\u00f3mico que tiene y que le ha sido negado.<\/p>\n<p><strong>P.<\/strong>\u00a0\u00bfQu\u00e9 dir\u00edas que aporta el feminismo a la <a href=\"https:\/\/diariofemenino.com.ar\/entrevista-con-barbi-recanati-transformacion-personal-feminismos-y-maternidad-estos-tiempos-son-los-nuestros\/\">maternidad<\/a> y viceversa?<\/p>\n<p><strong>R.<\/strong>\u00a0Tradicionalmente la maternidad ha sido un tema muy inc\u00f3modo para el feminismo porque ha sido un mecanismo de control del patriarcado. El feminismo se ha rebelado contra esa imposici\u00f3n pero no se han abordado debates de fondo sobre lo que implica la maternidad y queda una relaci\u00f3n mal resuelta entre feminismo y maternidad.<\/p>\n<p>Por lo tanto, no creo que se trate de renegar del hecho de ser madres sino de las condiciones en las que somos madres en el patriarcado. El problema de la maternidad no es la maternidad en s\u00ed misma sino la instrumentalizaci\u00f3n que ha hecho el patriarcado de la maternidad. Desde un planteamiento feminista lo que se debe hacer, y cito a Adrianne Rich, es romper con esa \u201cinstituci\u00f3n\u201d de la maternidad; con esa imposici\u00f3n de lo que debe ser la maternidad, y recuperar la experiencia materna sin idealizarla para poderla vivirla libremente.<\/p>\n<p><strong>P.<\/strong>\u00a0Mencionabas antes que debemos darle a la maternidad el valor pol\u00edtico, social y econ\u00f3mico que tiene. \u00bfDebe ser entonces un asunto p\u00fablico?<\/p>\n<p><strong>R.<\/strong>\u00a0Por supuesto, la maternidad y la crianza deben ser un asunto p\u00fablico. Vivir la maternidad de una manera plena no solo se tiene que reivindicar desde un punto de vista individual sino tambi\u00e9n desde un prisma social y pol\u00edtico porque, al final, c\u00f3mo la vamos a vivir no solo depende de las pr\u00e1cticas que nosotras podamos llevar a cabo sino tambi\u00e9n del medio en el que se ejerce esa maternidad. Y el medio, lamentablemente, es un medio hostil a la crianza, hostil a las madres. La violencia obst\u00e9trica es un claro ejemplo de c\u00f3mo no se tienen en cuenta las necesidades de las madres. Tambi\u00e9n se ve claramente en la lactancia materna porque vivimos en una sociedad que dificulta esta pr\u00e1ctica.<\/p>\n<p>Hay que dejar claro que sin otro modelo de reproducci\u00f3n social es muy dif\u00edcil vivir otra maternidad que rompa con el binomio de la maternidad patriarcal y la maternidad neoliberal.<\/p>\n<p><strong>P.<\/strong>\u00a0No s\u00e9 si a las madres se nos est\u00e1 escuchando a nivel social. Me viene a la cabeza el movimiento de PETRA por la ampliaci\u00f3n de los permisos maternos o la reivindicaci\u00f3n por parte de asociaciones como la AEPap para que se alcancen al menos los seis meses para facilitar la lactancia materna.<\/p>\n<p><strong>R.<\/strong>\u00a0En general las madres han sido interpretadas como sujetos pasivos, no como sujetos activos. Y lo que vemos en los \u00faltimos tiempos es que se ha entrado en una din\u00e1mica de organizaci\u00f3n de las propias madres ante un contexto que se ha constatado que es hostil a una serie de derechos que como madres deber\u00edamos tener, como el derecho a un parto respetado, a poder dar de mamar d\u00f3nde y cu\u00e1ndo queramos, o a tener unos subsidios y unas ayudas dignas.<\/p>\n<p>El permiso de paternidad se ha ampliado un 150% en tan solo un a\u00f1o mientras que el de maternidad no se ha aumentado ni un \u00e1pice y contin\u00faa siendo el mismo desde el a\u00f1o 1989. En 30 a\u00f1os el permiso de maternidad no se ha movido de las 16 semanas. Asociaciones como PETRA\u00a0 son el resultado de una propuesta de permisos iguales e intransferibles que menosprecian las demandas y las necesidades de un n\u00famero significativo de madres que lo que plantean es tener el derecho a poder cuidar de sus hijos. Esa demanda no es incompatible con unos permisos de paternidad que necesariamente tienen que ser m\u00e1s amplios. El problema es que el debate de los permisos iguales e intransferibles pone el \u00e9nfasis en ampliar el permiso de paternidad, que obviamente hay que ampliarlo porque es escaso, pero obvia la necesidad de ampliar el permiso de maternidad. Desde mi punto de vista el reto es c\u00f3mo ampliamos el permiso de maternidad para que sea compatible con los seis meses de la lactancia materna exclusiva sin dejar al mismo tiempo de ampliar el de paternidad.<\/p>\n<p><strong>P.<\/strong>\u00a0Madres solas, madres adoptivas, \u201cmadrastras\u201d\u2026 Hay muchas formas de ser madre, pero sobre la gestaci\u00f3n subrogada lo tienes claro: \u201cNo es una t\u00e9cnica de reproducci\u00f3n asistida m\u00e1s sino un proceso biol\u00f3gico mercantilizado por el sistema capitalista\u2026\u201d.<\/p>\n<p><strong>R.<\/strong>\u00a0Cuando hablamos de \u201cvientres de alquiler\u201d no podemos negar que detr\u00e1s hay unos intereses econ\u00f3micos muy concretos. Pero lo que hay que se\u00f1alar muy claramente es que la gestaci\u00f3n subrogada convierte el \u00fatero de la mujer y el embarazo en objeto de negocio. Est\u00e1 claro que querer ser madre y querer ser padre es muy comprensible, pero no se pueden anteponer los deseos individuales a derechos de terceros como son los derechos de las criaturas y de las madres gestantes. Adem\u00e1s, no podemos olvidar que las mujeres que hacen este tipo de pr\u00e1cticas est\u00e1n en una condici\u00f3n de desigualdad econ\u00f3mica y social muy importante; si lo hacen es porque necesitan dinero.<\/p>\n<p><strong>P.<\/strong>\u00a0Ser madre, \u00bfes un derecho o un privilegio?<\/p>\n<p><strong>R.<\/strong>\u00a0Yo creo que ser madre es un derecho, pero un derecho que no puede chocar con los derechos de otros. No puedes imponer el derecho de ser madre vulnerando el derecho de otra mujer o de un beb\u00e9, si hablamos de gestaci\u00f3n subrogada, por ejemplo.<\/p>\n<p>En cuanto a si ser madre es un privilegio creo que actualmente estamos viviendo en un contexto en el que verdaderamente lo es, en el sentido de que no se dan las condiciones necesarias para poder ejercerla de manera libre.<\/p>\n<p>En la actualidad la maternidad ya no es un destino \u00fanico para las mujeres, podemos escoger si queremos ser madres o no, pero en este contexto en el que se supone que somos libres, lo que constatan los datos es que las mujeres tenemos cada vez m\u00e1s dificultades para poder ejercer de madres. Cuando miramos los datos vemos que 1 de cada 4 mujeres nacidas en 1975 no ser\u00e1n madres, y la mayor\u00eda no lo ser\u00e1 a pesar de desearlo. En Espa\u00f1a hay una gran diferencia entre los hijos que las mujeres desean y los que finalmente tienen. La precariedad laboral, el precio de la vivienda o las dificultades econ\u00f3micas conducen a problemas de fertilidad porque se posterga el hecho de tener hijos. Aqu\u00ed es cuando la maternidad se puede convertir m\u00e1s en un privilegio que en una pr\u00e1ctica ejercida de una manera libre.<\/p>\n<p><strong>P.<\/strong>\u00a0El libro est\u00e1 impregnado de tu experiencia vital como madre. \u00bfHa cambiado tu maternidad la forma de ver la propia maternidad?<\/p>\n<p><strong>R.<\/strong>\u00a0Por supuesto. Yo nunca me hab\u00eda planteado antes de tener un hijo lo que implicaba la maternidad. Es a ra\u00edz de quedarme embarazada, de buscar informaci\u00f3n sobre el parto, cuando me doy cuenta de la cantidad de derechos que como mujeres se nos vulneran, empezando por el derecho a un parto respetado. La semilla de\u00a0<em>Mam\u00e1 desobediente<\/em>\u00a0est\u00e1 ah\u00ed y en la pregunta: \u00bfc\u00f3mo es posible que unas pr\u00e1cticas tan esenciales para la reproducci\u00f3n humana como son gestar, parir y amamantar sean profundamente ignoradas? E ignoradas no solo a nivel social o pol\u00edtico sino incluso en los espacios de activismo social.<\/p>\n<p><strong>P.<\/strong>\u00a0Por \u00faltimo, \u00bfqu\u00e9 crees que necesitamos para \u201cdeconstruir\u201d los infinitos mitos que rodean a la maternidad?<\/p>\n<p><strong>R.<\/strong>\u00a0Yo creo que es necesario reapropiarnos de la maternidad en un sentido feminista y emancipador, rescatar el ejercicio materno del patriarcado. Tenemos ese lema feminista que es tan claro y que dice que \u201clo personal es pol\u00edtico\u201d, pues la maternidad tambi\u00e9n lo es. Y no se trata de tener una visi\u00f3n rom\u00e1ntica de la misma sino de reconocer el papel fundamental que ha jugado y que juega la maternidad en la sociedad y otorgarle el lugar que le corresponde.<\/p>\n<p><a href=\"https:\/\/elpais.com\/\">El Pa\u00eds<\/a><\/p>\n","protected":false},"excerpt":{"rendered":"<p>Esther Vivas: \u201cLa maternidad debe ser feminista. Hay que rescatar a las madres del patriarcado\u201d La autora de &#8216;Mam\u00e1 desobediente. Una mirada feminista a la maternidad&#8217; analiza los retos a los que se enfrentan las madres hoy Por\u00a0DIANA OLIVER \u201cEl ideal materno oscila entre la madre sacrificada, al servicio de la familia y las criaturas, [&hellip;]<\/p>\n","protected":false},"author":4,"featured_media":38239,"comment_status":"open","ping_status":"open","sticky":false,"template":"","format":"standard","meta":{"iawp_total_views":11,"footnotes":""},"categories":[32,23],"tags":[53,10,1640,26,1641,169,1642],"class_list":["post-38235","post","type-post","status-publish","format-standard","has-post-thumbnail","hentry","category-mujeres","category-salud","tag-derechos-de-las-mujeres","tag-derechos-sexuales-y-reproductivos","tag-esther-vivas","tag-feminismo","tag-mama-desobediente","tag-maternidad","tag-maternidad-feminista"],"nelio_content":{"autoShareEndMode":"never","automationSources":{"useCustomSentences":false,"customSentences":[]},"efiAlt":"","efiUrl":"","followers":[4],"highlights":[],"isAutoShareEnabled":true,"networkImageIds":[],"permalinkQueryArgs":[],"series":[],"suggestedReferences":[]},"yoast_head":"<!-- This site is optimized with the Yoast SEO plugin v27.5 - https:\/\/yoast.com\/product\/yoast-seo-wordpress\/ -->\n<title>Esther Vivas: \u201cLa maternidad debe ser feminista. Hay que rescatar a las madres del patriarcado\u201d - Diario Digital Femenino<\/title>\n<meta name=\"description\" content=\"Esther Vivas. La autora de &#039;Mam\u00e1 desobediente. Una mirada feminista a la maternidad&#039; analiza los retos a los que se enfrentan las madres hoy\" \/>\n<meta name=\"robots\" content=\"index, follow, max-snippet:-1, max-image-preview:large, max-video-preview:-1\" \/>\n<link rel=\"canonical\" href=\"https:\/\/diariofemenino.com.ar\/df\/esther-vivas-la-maternidad-debe-ser-feminista-hay-que-rescatar-a-las-madres-del-patriarcado\/\" \/>\n<meta property=\"og:locale\" content=\"es_ES\" \/>\n<meta property=\"og:type\" content=\"article\" \/>\n<meta property=\"og:title\" content=\"Esther Vivas: \u201cLa maternidad debe ser feminista. Hay que rescatar a las madres del patriarcado\u201d - Diario Digital Femenino\" \/>\n<meta property=\"og:description\" content=\"Esther Vivas. La autora de &#039;Mam\u00e1 desobediente. Una mirada feminista a la maternidad&#039; analiza los retos a los que se enfrentan las madres hoy\" \/>\n<meta property=\"og:url\" content=\"https:\/\/diariofemenino.com.ar\/df\/esther-vivas-la-maternidad-debe-ser-feminista-hay-que-rescatar-a-las-madres-del-patriarcado\/\" \/>\n<meta property=\"og:site_name\" content=\"Diario Digital Femenino\" \/>\n<meta property=\"article:publisher\" content=\"https:\/\/www.facebook.com\/DiarioDigitaFemenino\/\" \/>\n<meta property=\"article:published_time\" content=\"2019-07-08T15:18:20+00:00\" \/>\n<meta property=\"og:image\" content=\"https:\/\/diariofemenino.com.ar\/df\/wp-content\/uploads\/2019\/07\/1551353871_772692_1551355740_noticia_normal_recorte1.jpg\" \/>\n\t<meta property=\"og:image:width\" content=\"1960\" \/>\n\t<meta property=\"og:image:height\" content=\"1307\" \/>\n\t<meta property=\"og:image:type\" content=\"image\/jpeg\" \/>\n<meta name=\"author\" content=\"Admin\" \/>\n<meta name=\"twitter:card\" content=\"summary_large_image\" \/>\n<meta name=\"twitter:creator\" content=\"@DiarioFemenino1\" \/>\n<meta name=\"twitter:site\" content=\"@DiarioFemenino1\" \/>\n<meta name=\"twitter:label1\" content=\"Escrito por\" \/>\n\t<meta name=\"twitter:data1\" content=\"Admin\" \/>\n\t<meta name=\"twitter:label2\" content=\"Tiempo de lectura\" \/>\n\t<meta name=\"twitter:data2\" content=\"9 minutos\" \/>\n<script type=\"application\/ld+json\" class=\"yoast-schema-graph\">{\"@context\":\"https:\\\/\\\/schema.org\",\"@graph\":[{\"@type\":\"Article\",\"@id\":\"https:\\\/\\\/diariofemenino.com.ar\\\/df\\\/esther-vivas-la-maternidad-debe-ser-feminista-hay-que-rescatar-a-las-madres-del-patriarcado\\\/#article\",\"isPartOf\":{\"@id\":\"https:\\\/\\\/diariofemenino.com.ar\\\/df\\\/esther-vivas-la-maternidad-debe-ser-feminista-hay-que-rescatar-a-las-madres-del-patriarcado\\\/\"},\"author\":{\"name\":\"Admin\",\"@id\":\"https:\\\/\\\/diariofemenino.com.ar\\\/df\\\/#\\\/schema\\\/person\\\/bf6199e8158c657ea6f789b11ec85509\"},\"headline\":\"Esther Vivas: \u201cLa maternidad debe ser feminista. Hay que rescatar a las madres del patriarcado\u201d\",\"datePublished\":\"2019-07-08T15:18:20+00:00\",\"mainEntityOfPage\":{\"@id\":\"https:\\\/\\\/diariofemenino.com.ar\\\/df\\\/esther-vivas-la-maternidad-debe-ser-feminista-hay-que-rescatar-a-las-madres-del-patriarcado\\\/\"},\"wordCount\":1771,\"commentCount\":0,\"publisher\":{\"@id\":\"https:\\\/\\\/diariofemenino.com.ar\\\/df\\\/#organization\"},\"image\":{\"@id\":\"https:\\\/\\\/diariofemenino.com.ar\\\/df\\\/esther-vivas-la-maternidad-debe-ser-feminista-hay-que-rescatar-a-las-madres-del-patriarcado\\\/#primaryimage\"},\"thumbnailUrl\":\"https:\\\/\\\/diariofemenino.com.ar\\\/df\\\/wp-content\\\/uploads\\\/2019\\\/07\\\/1551353871_772692_1551355740_noticia_normal_recorte1.jpg\",\"keywords\":[\"Derechos de las mujeres\",\"Derechos sexuales y reproductivos\",\"Esther Vivas\",\"Feminismo\",\"Mam\u00e1 desobediente\",\"Maternidad\",\"Maternidad feminista\"],\"articleSection\":[\"Mujeres\",\"Salud\"],\"inLanguage\":\"es\",\"potentialAction\":[{\"@type\":\"CommentAction\",\"name\":\"Comment\",\"target\":[\"https:\\\/\\\/diariofemenino.com.ar\\\/df\\\/esther-vivas-la-maternidad-debe-ser-feminista-hay-que-rescatar-a-las-madres-del-patriarcado\\\/#respond\"]}]},{\"@type\":\"WebPage\",\"@id\":\"https:\\\/\\\/diariofemenino.com.ar\\\/df\\\/esther-vivas-la-maternidad-debe-ser-feminista-hay-que-rescatar-a-las-madres-del-patriarcado\\\/\",\"url\":\"https:\\\/\\\/diariofemenino.com.ar\\\/df\\\/esther-vivas-la-maternidad-debe-ser-feminista-hay-que-rescatar-a-las-madres-del-patriarcado\\\/\",\"name\":\"Esther Vivas: \u201cLa maternidad debe ser feminista. Hay que rescatar a las madres del patriarcado\u201d - Diario Digital Femenino\",\"isPartOf\":{\"@id\":\"https:\\\/\\\/diariofemenino.com.ar\\\/df\\\/#website\"},\"primaryImageOfPage\":{\"@id\":\"https:\\\/\\\/diariofemenino.com.ar\\\/df\\\/esther-vivas-la-maternidad-debe-ser-feminista-hay-que-rescatar-a-las-madres-del-patriarcado\\\/#primaryimage\"},\"image\":{\"@id\":\"https:\\\/\\\/diariofemenino.com.ar\\\/df\\\/esther-vivas-la-maternidad-debe-ser-feminista-hay-que-rescatar-a-las-madres-del-patriarcado\\\/#primaryimage\"},\"thumbnailUrl\":\"https:\\\/\\\/diariofemenino.com.ar\\\/df\\\/wp-content\\\/uploads\\\/2019\\\/07\\\/1551353871_772692_1551355740_noticia_normal_recorte1.jpg\",\"datePublished\":\"2019-07-08T15:18:20+00:00\",\"description\":\"Esther Vivas. La autora de 'Mam\u00e1 desobediente. Una mirada feminista a la maternidad' analiza los retos a los que se enfrentan las madres hoy\",\"breadcrumb\":{\"@id\":\"https:\\\/\\\/diariofemenino.com.ar\\\/df\\\/esther-vivas-la-maternidad-debe-ser-feminista-hay-que-rescatar-a-las-madres-del-patriarcado\\\/#breadcrumb\"},\"inLanguage\":\"es\",\"potentialAction\":[{\"@type\":\"ReadAction\",\"target\":[\"https:\\\/\\\/diariofemenino.com.ar\\\/df\\\/esther-vivas-la-maternidad-debe-ser-feminista-hay-que-rescatar-a-las-madres-del-patriarcado\\\/\"]}]},{\"@type\":\"ImageObject\",\"inLanguage\":\"es\",\"@id\":\"https:\\\/\\\/diariofemenino.com.ar\\\/df\\\/esther-vivas-la-maternidad-debe-ser-feminista-hay-que-rescatar-a-las-madres-del-patriarcado\\\/#primaryimage\",\"url\":\"https:\\\/\\\/diariofemenino.com.ar\\\/df\\\/wp-content\\\/uploads\\\/2019\\\/07\\\/1551353871_772692_1551355740_noticia_normal_recorte1.jpg\",\"contentUrl\":\"https:\\\/\\\/diariofemenino.com.ar\\\/df\\\/wp-content\\\/uploads\\\/2019\\\/07\\\/1551353871_772692_1551355740_noticia_normal_recorte1.jpg\",\"width\":1960,\"height\":1307,\"caption\":\"Esther Vivas: \u201cLa maternidad debe ser feminista. Hay que rescatar a las madres del patriarcado\u201d\"},{\"@type\":\"BreadcrumbList\",\"@id\":\"https:\\\/\\\/diariofemenino.com.ar\\\/df\\\/esther-vivas-la-maternidad-debe-ser-feminista-hay-que-rescatar-a-las-madres-del-patriarcado\\\/#breadcrumb\",\"itemListElement\":[{\"@type\":\"ListItem\",\"position\":1,\"name\":\"Portada\",\"item\":\"https:\\\/\\\/diariofemenino.com.ar\\\/df\\\/\"},{\"@type\":\"ListItem\",\"position\":2,\"name\":\"Esther Vivas: \u201cLa maternidad debe ser feminista. Hay que rescatar a las madres del patriarcado\u201d\"}]},{\"@type\":\"WebSite\",\"@id\":\"https:\\\/\\\/diariofemenino.com.ar\\\/df\\\/#website\",\"url\":\"https:\\\/\\\/diariofemenino.com.ar\\\/df\\\/\",\"name\":\"Diario Digital Femenino\",\"description\":\"Cuesti\u00f3n de G\u00e9nero\",\"publisher\":{\"@id\":\"https:\\\/\\\/diariofemenino.com.ar\\\/df\\\/#organization\"},\"potentialAction\":[{\"@type\":\"SearchAction\",\"target\":{\"@type\":\"EntryPoint\",\"urlTemplate\":\"https:\\\/\\\/diariofemenino.com.ar\\\/df\\\/?s={search_term_string}\"},\"query-input\":{\"@type\":\"PropertyValueSpecification\",\"valueRequired\":true,\"valueName\":\"search_term_string\"}}],\"inLanguage\":\"es\"},{\"@type\":\"Organization\",\"@id\":\"https:\\\/\\\/diariofemenino.com.ar\\\/df\\\/#organization\",\"name\":\"Diario Femenino\",\"url\":\"https:\\\/\\\/diariofemenino.com.ar\\\/df\\\/\",\"logo\":{\"@type\":\"ImageObject\",\"inLanguage\":\"es\",\"@id\":\"https:\\\/\\\/diariofemenino.com.ar\\\/df\\\/#\\\/schema\\\/logo\\\/image\\\/\",\"url\":\"https:\\\/\\\/diariofemenino.com.ar\\\/df\\\/wp-content\\\/uploads\\\/2018\\\/10\\\/logo.png\",\"contentUrl\":\"https:\\\/\\\/diariofemenino.com.ar\\\/df\\\/wp-content\\\/uploads\\\/2018\\\/10\\\/logo.png\",\"width\":500,\"height\":92,\"caption\":\"Diario Femenino\"},\"image\":{\"@id\":\"https:\\\/\\\/diariofemenino.com.ar\\\/df\\\/#\\\/schema\\\/logo\\\/image\\\/\"},\"sameAs\":[\"https:\\\/\\\/www.facebook.com\\\/DiarioDigitaFemenino\\\/\",\"https:\\\/\\\/x.com\\\/DiarioFemenino1\"]},{\"@type\":\"Person\",\"@id\":\"https:\\\/\\\/diariofemenino.com.ar\\\/df\\\/#\\\/schema\\\/person\\\/bf6199e8158c657ea6f789b11ec85509\",\"name\":\"Admin\",\"image\":{\"@type\":\"ImageObject\",\"inLanguage\":\"es\",\"@id\":\"https:\\\/\\\/diariofemenino.com.ar\\\/df\\\/wp-content\\\/uploads\\\/2018\\\/12\\\/favicon-150x150.jpg\",\"url\":\"https:\\\/\\\/diariofemenino.com.ar\\\/df\\\/wp-content\\\/uploads\\\/2018\\\/12\\\/favicon-150x150.jpg\",\"contentUrl\":\"https:\\\/\\\/diariofemenino.com.ar\\\/df\\\/wp-content\\\/uploads\\\/2018\\\/12\\\/favicon-150x150.jpg\",\"caption\":\"Admin\"},\"url\":\"https:\\\/\\\/diariofemenino.com.ar\\\/df\\\/author\\\/lenny\\\/\"}]}<\/script>\n<!-- \/ Yoast SEO plugin. -->","yoast_head_json":{"title":"Esther Vivas: \u201cLa maternidad debe ser feminista. Hay que rescatar a las madres del patriarcado\u201d - Diario Digital Femenino","description":"Esther Vivas. La autora de 'Mam\u00e1 desobediente. Una mirada feminista a la maternidad' analiza los retos a los que se enfrentan las madres hoy","robots":{"index":"index","follow":"follow","max-snippet":"max-snippet:-1","max-image-preview":"max-image-preview:large","max-video-preview":"max-video-preview:-1"},"canonical":"https:\/\/diariofemenino.com.ar\/df\/esther-vivas-la-maternidad-debe-ser-feminista-hay-que-rescatar-a-las-madres-del-patriarcado\/","og_locale":"es_ES","og_type":"article","og_title":"Esther Vivas: \u201cLa maternidad debe ser feminista. Hay que rescatar a las madres del patriarcado\u201d - Diario Digital Femenino","og_description":"Esther Vivas. La autora de 'Mam\u00e1 desobediente. Una mirada feminista a la maternidad' analiza los retos a los que se enfrentan las madres hoy","og_url":"https:\/\/diariofemenino.com.ar\/df\/esther-vivas-la-maternidad-debe-ser-feminista-hay-que-rescatar-a-las-madres-del-patriarcado\/","og_site_name":"Diario Digital Femenino","article_publisher":"https:\/\/www.facebook.com\/DiarioDigitaFemenino\/","article_published_time":"2019-07-08T15:18:20+00:00","og_image":[{"width":1960,"height":1307,"url":"https:\/\/diariofemenino.com.ar\/df\/wp-content\/uploads\/2019\/07\/1551353871_772692_1551355740_noticia_normal_recorte1.jpg","type":"image\/jpeg"}],"author":"Admin","twitter_card":"summary_large_image","twitter_creator":"@DiarioFemenino1","twitter_site":"@DiarioFemenino1","twitter_misc":{"Escrito por":"Admin","Tiempo de lectura":"9 minutos"},"schema":{"@context":"https:\/\/schema.org","@graph":[{"@type":"Article","@id":"https:\/\/diariofemenino.com.ar\/df\/esther-vivas-la-maternidad-debe-ser-feminista-hay-que-rescatar-a-las-madres-del-patriarcado\/#article","isPartOf":{"@id":"https:\/\/diariofemenino.com.ar\/df\/esther-vivas-la-maternidad-debe-ser-feminista-hay-que-rescatar-a-las-madres-del-patriarcado\/"},"author":{"name":"Admin","@id":"https:\/\/diariofemenino.com.ar\/df\/#\/schema\/person\/bf6199e8158c657ea6f789b11ec85509"},"headline":"Esther Vivas: \u201cLa maternidad debe ser feminista. Hay que rescatar a las madres del patriarcado\u201d","datePublished":"2019-07-08T15:18:20+00:00","mainEntityOfPage":{"@id":"https:\/\/diariofemenino.com.ar\/df\/esther-vivas-la-maternidad-debe-ser-feminista-hay-que-rescatar-a-las-madres-del-patriarcado\/"},"wordCount":1771,"commentCount":0,"publisher":{"@id":"https:\/\/diariofemenino.com.ar\/df\/#organization"},"image":{"@id":"https:\/\/diariofemenino.com.ar\/df\/esther-vivas-la-maternidad-debe-ser-feminista-hay-que-rescatar-a-las-madres-del-patriarcado\/#primaryimage"},"thumbnailUrl":"https:\/\/diariofemenino.com.ar\/df\/wp-content\/uploads\/2019\/07\/1551353871_772692_1551355740_noticia_normal_recorte1.jpg","keywords":["Derechos de las mujeres","Derechos sexuales y reproductivos","Esther Vivas","Feminismo","Mam\u00e1 desobediente","Maternidad","Maternidad feminista"],"articleSection":["Mujeres","Salud"],"inLanguage":"es","potentialAction":[{"@type":"CommentAction","name":"Comment","target":["https:\/\/diariofemenino.com.ar\/df\/esther-vivas-la-maternidad-debe-ser-feminista-hay-que-rescatar-a-las-madres-del-patriarcado\/#respond"]}]},{"@type":"WebPage","@id":"https:\/\/diariofemenino.com.ar\/df\/esther-vivas-la-maternidad-debe-ser-feminista-hay-que-rescatar-a-las-madres-del-patriarcado\/","url":"https:\/\/diariofemenino.com.ar\/df\/esther-vivas-la-maternidad-debe-ser-feminista-hay-que-rescatar-a-las-madres-del-patriarcado\/","name":"Esther Vivas: \u201cLa maternidad debe ser feminista. Hay que rescatar a las madres del patriarcado\u201d - Diario Digital Femenino","isPartOf":{"@id":"https:\/\/diariofemenino.com.ar\/df\/#website"},"primaryImageOfPage":{"@id":"https:\/\/diariofemenino.com.ar\/df\/esther-vivas-la-maternidad-debe-ser-feminista-hay-que-rescatar-a-las-madres-del-patriarcado\/#primaryimage"},"image":{"@id":"https:\/\/diariofemenino.com.ar\/df\/esther-vivas-la-maternidad-debe-ser-feminista-hay-que-rescatar-a-las-madres-del-patriarcado\/#primaryimage"},"thumbnailUrl":"https:\/\/diariofemenino.com.ar\/df\/wp-content\/uploads\/2019\/07\/1551353871_772692_1551355740_noticia_normal_recorte1.jpg","datePublished":"2019-07-08T15:18:20+00:00","description":"Esther Vivas. La autora de 'Mam\u00e1 desobediente. Una mirada feminista a la maternidad' analiza los retos a los que se enfrentan las madres hoy","breadcrumb":{"@id":"https:\/\/diariofemenino.com.ar\/df\/esther-vivas-la-maternidad-debe-ser-feminista-hay-que-rescatar-a-las-madres-del-patriarcado\/#breadcrumb"},"inLanguage":"es","potentialAction":[{"@type":"ReadAction","target":["https:\/\/diariofemenino.com.ar\/df\/esther-vivas-la-maternidad-debe-ser-feminista-hay-que-rescatar-a-las-madres-del-patriarcado\/"]}]},{"@type":"ImageObject","inLanguage":"es","@id":"https:\/\/diariofemenino.com.ar\/df\/esther-vivas-la-maternidad-debe-ser-feminista-hay-que-rescatar-a-las-madres-del-patriarcado\/#primaryimage","url":"https:\/\/diariofemenino.com.ar\/df\/wp-content\/uploads\/2019\/07\/1551353871_772692_1551355740_noticia_normal_recorte1.jpg","contentUrl":"https:\/\/diariofemenino.com.ar\/df\/wp-content\/uploads\/2019\/07\/1551353871_772692_1551355740_noticia_normal_recorte1.jpg","width":1960,"height":1307,"caption":"Esther Vivas: \u201cLa maternidad debe ser feminista. Hay que rescatar a las madres del patriarcado\u201d"},{"@type":"BreadcrumbList","@id":"https:\/\/diariofemenino.com.ar\/df\/esther-vivas-la-maternidad-debe-ser-feminista-hay-que-rescatar-a-las-madres-del-patriarcado\/#breadcrumb","itemListElement":[{"@type":"ListItem","position":1,"name":"Portada","item":"https:\/\/diariofemenino.com.ar\/df\/"},{"@type":"ListItem","position":2,"name":"Esther Vivas: \u201cLa maternidad debe ser feminista. Hay que rescatar a las madres del patriarcado\u201d"}]},{"@type":"WebSite","@id":"https:\/\/diariofemenino.com.ar\/df\/#website","url":"https:\/\/diariofemenino.com.ar\/df\/","name":"Diario Digital Femenino","description":"Cuesti\u00f3n de G\u00e9nero","publisher":{"@id":"https:\/\/diariofemenino.com.ar\/df\/#organization"},"potentialAction":[{"@type":"SearchAction","target":{"@type":"EntryPoint","urlTemplate":"https:\/\/diariofemenino.com.ar\/df\/?s={search_term_string}"},"query-input":{"@type":"PropertyValueSpecification","valueRequired":true,"valueName":"search_term_string"}}],"inLanguage":"es"},{"@type":"Organization","@id":"https:\/\/diariofemenino.com.ar\/df\/#organization","name":"Diario Femenino","url":"https:\/\/diariofemenino.com.ar\/df\/","logo":{"@type":"ImageObject","inLanguage":"es","@id":"https:\/\/diariofemenino.com.ar\/df\/#\/schema\/logo\/image\/","url":"https:\/\/diariofemenino.com.ar\/df\/wp-content\/uploads\/2018\/10\/logo.png","contentUrl":"https:\/\/diariofemenino.com.ar\/df\/wp-content\/uploads\/2018\/10\/logo.png","width":500,"height":92,"caption":"Diario Femenino"},"image":{"@id":"https:\/\/diariofemenino.com.ar\/df\/#\/schema\/logo\/image\/"},"sameAs":["https:\/\/www.facebook.com\/DiarioDigitaFemenino\/","https:\/\/x.com\/DiarioFemenino1"]},{"@type":"Person","@id":"https:\/\/diariofemenino.com.ar\/df\/#\/schema\/person\/bf6199e8158c657ea6f789b11ec85509","name":"Admin","image":{"@type":"ImageObject","inLanguage":"es","@id":"https:\/\/diariofemenino.com.ar\/df\/wp-content\/uploads\/2018\/12\/favicon-150x150.jpg","url":"https:\/\/diariofemenino.com.ar\/df\/wp-content\/uploads\/2018\/12\/favicon-150x150.jpg","contentUrl":"https:\/\/diariofemenino.com.ar\/df\/wp-content\/uploads\/2018\/12\/favicon-150x150.jpg","caption":"Admin"},"url":"https:\/\/diariofemenino.com.ar\/df\/author\/lenny\/"}]}},"jetpack_featured_media_url":"https:\/\/diariofemenino.com.ar\/df\/wp-content\/uploads\/2019\/07\/1551353871_772692_1551355740_noticia_normal_recorte1.jpg","jetpack_sharing_enabled":true,"rttpg_featured_image_url":{"full":["https:\/\/diariofemenino.com.ar\/df\/wp-content\/uploads\/2019\/07\/1551353871_772692_1551355740_noticia_normal_recorte1.jpg",1960,1307,false],"landscape":["https:\/\/diariofemenino.com.ar\/df\/wp-content\/uploads\/2019\/07\/1551353871_772692_1551355740_noticia_normal_recorte1.jpg",1960,1307,false],"portraits":["https:\/\/diariofemenino.com.ar\/df\/wp-content\/uploads\/2019\/07\/1551353871_772692_1551355740_noticia_normal_recorte1.jpg",1960,1307,false],"thumbnail":["https:\/\/diariofemenino.com.ar\/df\/wp-content\/uploads\/2019\/07\/1551353871_772692_1551355740_noticia_normal_recorte1-150x150.jpg",150,150,true],"medium":["https:\/\/diariofemenino.com.ar\/df\/wp-content\/uploads\/2019\/07\/1551353871_772692_1551355740_noticia_normal_recorte1-300x200.jpg",300,200,true],"large":["https:\/\/diariofemenino.com.ar\/df\/wp-content\/uploads\/2019\/07\/1551353871_772692_1551355740_noticia_normal_recorte1-1024x683.jpg",1024,683,true],"1536x1536":["https:\/\/diariofemenino.com.ar\/df\/wp-content\/uploads\/2019\/07\/1551353871_772692_1551355740_noticia_normal_recorte1.jpg",1536,1024,false],"2048x2048":["https:\/\/diariofemenino.com.ar\/df\/wp-content\/uploads\/2019\/07\/1551353871_772692_1551355740_noticia_normal_recorte1.jpg",1960,1307,false]},"rttpg_author":{"display_name":"Admin","author_link":"https:\/\/diariofemenino.com.ar\/df\/author\/lenny\/"},"rttpg_comment":0,"rttpg_category":"<a href=\"https:\/\/diariofemenino.com.ar\/df\/category\/mujeres\/\" rel=\"category tag\">Mujeres<\/a> <a href=\"https:\/\/diariofemenino.com.ar\/df\/category\/salud\/\" rel=\"category tag\">Salud<\/a>","rttpg_excerpt":"Esther Vivas: \u201cLa maternidad debe ser feminista. Hay que rescatar a las madres del patriarcado\u201d La autora de &#8216;Mam\u00e1 desobediente. Una mirada feminista a la maternidad&#8217; analiza los retos a los que se enfrentan las madres hoy Por\u00a0DIANA OLIVER \u201cEl ideal materno oscila entre la madre sacrificada, al servicio de la familia y las criaturas,&hellip;","_links":{"self":[{"href":"https:\/\/diariofemenino.com.ar\/df\/wp-json\/wp\/v2\/posts\/38235","targetHints":{"allow":["GET"]}}],"collection":[{"href":"https:\/\/diariofemenino.com.ar\/df\/wp-json\/wp\/v2\/posts"}],"about":[{"href":"https:\/\/diariofemenino.com.ar\/df\/wp-json\/wp\/v2\/types\/post"}],"author":[{"embeddable":true,"href":"https:\/\/diariofemenino.com.ar\/df\/wp-json\/wp\/v2\/users\/4"}],"replies":[{"embeddable":true,"href":"https:\/\/diariofemenino.com.ar\/df\/wp-json\/wp\/v2\/comments?post=38235"}],"version-history":[{"count":0,"href":"https:\/\/diariofemenino.com.ar\/df\/wp-json\/wp\/v2\/posts\/38235\/revisions"}],"wp:featuredmedia":[{"embeddable":true,"href":"https:\/\/diariofemenino.com.ar\/df\/wp-json\/wp\/v2\/media\/38239"}],"wp:attachment":[{"href":"https:\/\/diariofemenino.com.ar\/df\/wp-json\/wp\/v2\/media?parent=38235"}],"wp:term":[{"taxonomy":"category","embeddable":true,"href":"https:\/\/diariofemenino.com.ar\/df\/wp-json\/wp\/v2\/categories?post=38235"},{"taxonomy":"post_tag","embeddable":true,"href":"https:\/\/diariofemenino.com.ar\/df\/wp-json\/wp\/v2\/tags?post=38235"}],"curies":[{"name":"wp","href":"https:\/\/api.w.org\/{rel}","templated":true}]}}