{"id":382,"date":"2012-05-11T00:49:51","date_gmt":"2012-05-11T03:49:51","guid":{"rendered":"http:\/\/www.diariofemenino.com.ar\/?p=382"},"modified":"2012-05-11T00:49:51","modified_gmt":"2012-05-11T03:49:51","slug":"caso-veron-un-excomisario-confirmo-que-sabia-que-la-joven-estaba-en-la-rioja","status":"publish","type":"post","link":"https:\/\/diariofemenino.com.ar\/df\/caso-veron-un-excomisario-confirmo-que-sabia-que-la-joven-estaba-en-la-rioja\/","title":{"rendered":"Caso Ver\u00f3n: un excomisario confirm\u00f3 que sab\u00eda que la joven estaba en La Rioja"},"content":{"rendered":"<p>El comisario retirado Miguel Angel Chuchuy Linares confirm\u00f3 que<strong> la polic\u00eda sab\u00eda<\/strong> que Mar\u00eda de los Angeles Ver\u00f3n fue <strong>secuestrada para ejercer la prostituci\u00f3n en La Rioja<\/strong> y acus\u00f3 a Irma Medina, imputada en la causa, de <strong>comandar la principal red de trata<\/strong> del norte del pa\u00eds.<br \/>\nEl exjefe del Departamento de Inteligencia Criminal de la Polic\u00eda tucumana, conocido como D2, <strong>denunci\u00f3 a funcionarios provinciales y judiciales<\/strong> <strong>por obstaculizar la investigaci\u00f3n<\/strong> que llev\u00f3 a la detenci\u00f3n de varias personas que despu\u00e9s fueron imputadas en la causa por el secuestro y desaparici\u00f3n de la joven.<br \/>\n\u00abToda la informaci\u00f3n, de la misma causa y de los informantes de afuera, dec\u00eda que Marita Ver\u00f3n estaba en La Rioja en poder de \u00e9l, con quien hab\u00eda tenido familia\u00bb, asever\u00f3 Chuchuy Linares en relaci\u00f3n al imputado Jos\u00e9 Fernando \u00abChenga\u00bb G\u00f3mez, al declarar como testigo ante el tribunal.<br \/>\nLinares asegur\u00f3 que \u00abexist\u00eda gente involucrada con Medina -a quien se conoc\u00eda como Liliana- en Tucum\u00e1n, que maneja la prostituci\u00f3n o las whisker\u00edas como ellos las llaman\u00bb, y advirti\u00f3 que <strong>\u00abhab\u00eda conexiones con todos, con la polic\u00eda tambi\u00e9n\u00bb.<\/strong><br \/>\nEl exjefe policial involucr\u00f3 tambi\u00e9n al acusado Carlos Luna, al indicar que \u00abestuvo en la c\u00e1rcel. Era la mano derecha de &#8216;Liliana&#8217; Medina, era el guardaespaldas\u00bb. Interpelado sobre por qu\u00e9 no fue encontrada Ver\u00f3n si la polic\u00eda estaba al tanto de que la joven estaba en la Rioja, Chuchuy Linares no dud\u00f3 en afirmar que la informaci\u00f3n de los procedimiento se filtraba.<br \/>\nExplic\u00f3 que conform\u00f3 cinco equipos de trabajo mixtos, integrados por efectivos de la fuerza de seguridad provincial y por gendarmes, que realizaron unos 15 operativos en burdeles y viviendas de la familia Medina y sus allegados. <strong>\u00abEn los allanamientos no hab\u00eda nadie,<\/strong> pero las conjeturas son que eran prost\u00edbulos, que las mujeres &#8216;trabajaban&#8217; all\u00ed. La informaci\u00f3n la tienen que haber recibido ellos antes de que nosotros lleg\u00e1ramos a La Rioja\u00bb, precis\u00f3.<br \/>\nCuando se le pregunt\u00f3 qui\u00e9n pod\u00eda alertar sobre los operativos, el excomisario respondi\u00f3: \u00abEn ese momento, todos le echaban la culpa al doctor (Ernesto) Baaclini, pero hay cosas que se pudieron hacer por \u00e9l y por la fiscal\u00bb Adriana Reynoso Cuello.<br \/>\nChuchuy Linares, sobre quien pesa una causa por delitos de lesa humanidad cometidos durante la \u00faltima dictadura militar, estuvo al frente del D2 entre mayo y octubre de 2003, per\u00edodo durante el cual logr\u00f3 detener en La Rioja a Irma \u00abLiliana\u00bb Medina y a su hijo Jos\u00e9 Fernando \u00abChenga\u00bb G\u00f3mez, adem\u00e1s de su hermano Gonzalo, cuando no se ten\u00eda informaci\u00f3n de que ten\u00eda un mellizo. El exjefe policial dijo, adem\u00e1s, que \u00aba partir del caso Ver\u00f3n tomamos conocimiento de (que hab\u00eda) cinco chicas desaparecidas, pero los casos fueron esclarecidos\u00bb.<br \/>\nFuente: <strong>http:\/\/tinyurl.com\/cbtewaq<\/strong><\/p>\n","protected":false},"excerpt":{"rendered":"<p>El comisario retirado Miguel Angel Chuchuy Linares confirm\u00f3 que la polic\u00eda sab\u00eda que Mar\u00eda de los Angeles Ver\u00f3n fue secuestrada para ejercer la prostituci\u00f3n en La Rioja y acus\u00f3 a Irma Medina, imputada en la causa, de comandar la principal red de trata del norte del pa\u00eds. El exjefe del Departamento de Inteligencia Criminal de [&hellip;]<\/p>\n","protected":false},"author":1,"featured_media":383,"comment_status":"open","ping_status":"open","sticky":false,"template":"","format":"standard","meta":{"iawp_total_views":4,"footnotes":""},"categories":[4,15],"tags":[],"class_list":["post-382","post","type-post","status-publish","format-standard","has-post-thumbnail","hentry","category-medios","category-trata-de-personas"],"nelio_content":{"autoShareEndMode":"never","automationSources":{"useCustomSentences":false,"customSentences":[]},"efiAlt":"","efiUrl":"","followers":[],"highlights":[],"isAutoShareEnabled":true,"networkImageIds":[],"permalinkQueryArgs":[],"series":[],"suggestedReferences":[]},"yoast_head":"<!-- This site is optimized with the Yoast SEO plugin v27.5 - https:\/\/yoast.com\/product\/yoast-seo-wordpress\/ -->\n<title>Caso Ver\u00f3n: un excomisario confirm\u00f3 que sab\u00eda que la joven estaba en La Rioja - Diario Digital Femenino<\/title>\n<meta name=\"robots\" content=\"index, follow, max-snippet:-1, max-image-preview:large, max-video-preview:-1\" \/>\n<link rel=\"canonical\" href=\"https:\/\/diariofemenino.com.ar\/df\/caso-veron-un-excomisario-confirmo-que-sabia-que-la-joven-estaba-en-la-rioja\/\" \/>\n<meta property=\"og:locale\" content=\"es_ES\" \/>\n<meta property=\"og:type\" content=\"article\" \/>\n<meta property=\"og:title\" content=\"Caso Ver\u00f3n: un excomisario confirm\u00f3 que sab\u00eda que la joven estaba en La Rioja - Diario Digital Femenino\" \/>\n<meta property=\"og:description\" content=\"El comisario retirado Miguel Angel Chuchuy Linares confirm\u00f3 que la polic\u00eda sab\u00eda que Mar\u00eda de los Angeles Ver\u00f3n fue secuestrada para ejercer la prostituci\u00f3n en La Rioja y acus\u00f3 a Irma Medina, imputada en la causa, de comandar la principal red de trata del norte del pa\u00eds. El exjefe del Departamento de Inteligencia Criminal de [&hellip;]\" \/>\n<meta property=\"og:url\" content=\"https:\/\/diariofemenino.com.ar\/df\/caso-veron-un-excomisario-confirmo-que-sabia-que-la-joven-estaba-en-la-rioja\/\" \/>\n<meta property=\"og:site_name\" content=\"Diario Digital Femenino\" \/>\n<meta property=\"article:publisher\" content=\"https:\/\/www.facebook.com\/DiarioDigitaFemenino\/\" \/>\n<meta property=\"article:published_time\" content=\"2012-05-11T03:49:51+00:00\" \/>\n<meta property=\"og:image\" content=\"https:\/\/diariofemenino.com.ar\/df\/wp-content\/uploads\/2016\/10\/logo-negro.png\" \/>\n\t<meta property=\"og:image:width\" content=\"855\" \/>\n\t<meta property=\"og:image:height\" content=\"319\" \/>\n\t<meta property=\"og:image:type\" content=\"image\/png\" \/>\n<meta name=\"author\" content=\"Admin\" \/>\n<meta name=\"twitter:card\" content=\"summary_large_image\" \/>\n<meta name=\"twitter:creator\" content=\"@DiarioFemenino1\" \/>\n<meta name=\"twitter:site\" content=\"@DiarioFemenino1\" \/>\n<meta name=\"twitter:label1\" content=\"Escrito por\" \/>\n\t<meta name=\"twitter:data1\" content=\"Admin\" \/>\n\t<meta name=\"twitter:label2\" content=\"Tiempo de lectura\" \/>\n\t<meta name=\"twitter:data2\" content=\"2 minutos\" \/>\n<script type=\"application\/ld+json\" class=\"yoast-schema-graph\">{\"@context\":\"https:\\\/\\\/schema.org\",\"@graph\":[{\"@type\":\"Article\",\"@id\":\"https:\\\/\\\/diariofemenino.com.ar\\\/df\\\/caso-veron-un-excomisario-confirmo-que-sabia-que-la-joven-estaba-en-la-rioja\\\/#article\",\"isPartOf\":{\"@id\":\"https:\\\/\\\/diariofemenino.com.ar\\\/df\\\/caso-veron-un-excomisario-confirmo-que-sabia-que-la-joven-estaba-en-la-rioja\\\/\"},\"author\":{\"name\":\"Admin\",\"@id\":\"https:\\\/\\\/diariofemenino.com.ar\\\/df\\\/#\\\/schema\\\/person\\\/38f54b3bfd13f561de2460ba95c169c6\"},\"headline\":\"Caso Ver\u00f3n: un excomisario confirm\u00f3 que sab\u00eda que la joven estaba en La Rioja\",\"datePublished\":\"2012-05-11T03:49:51+00:00\",\"mainEntityOfPage\":{\"@id\":\"https:\\\/\\\/diariofemenino.com.ar\\\/df\\\/caso-veron-un-excomisario-confirmo-que-sabia-que-la-joven-estaba-en-la-rioja\\\/\"},\"wordCount\":507,\"commentCount\":0,\"publisher\":{\"@id\":\"https:\\\/\\\/diariofemenino.com.ar\\\/df\\\/#organization\"},\"image\":{\"@id\":\"https:\\\/\\\/diariofemenino.com.ar\\\/df\\\/caso-veron-un-excomisario-confirmo-que-sabia-que-la-joven-estaba-en-la-rioja\\\/#primaryimage\"},\"thumbnailUrl\":\"\",\"articleSection\":[\"Medios\",\"Trata de Pers.\"],\"inLanguage\":\"es\",\"potentialAction\":[{\"@type\":\"CommentAction\",\"name\":\"Comment\",\"target\":[\"https:\\\/\\\/diariofemenino.com.ar\\\/df\\\/caso-veron-un-excomisario-confirmo-que-sabia-que-la-joven-estaba-en-la-rioja\\\/#respond\"]}]},{\"@type\":\"WebPage\",\"@id\":\"https:\\\/\\\/diariofemenino.com.ar\\\/df\\\/caso-veron-un-excomisario-confirmo-que-sabia-que-la-joven-estaba-en-la-rioja\\\/\",\"url\":\"https:\\\/\\\/diariofemenino.com.ar\\\/df\\\/caso-veron-un-excomisario-confirmo-que-sabia-que-la-joven-estaba-en-la-rioja\\\/\",\"name\":\"Caso Ver\u00f3n: un excomisario confirm\u00f3 que sab\u00eda que la joven estaba en La Rioja - Diario Digital Femenino\",\"isPartOf\":{\"@id\":\"https:\\\/\\\/diariofemenino.com.ar\\\/df\\\/#website\"},\"primaryImageOfPage\":{\"@id\":\"https:\\\/\\\/diariofemenino.com.ar\\\/df\\\/caso-veron-un-excomisario-confirmo-que-sabia-que-la-joven-estaba-en-la-rioja\\\/#primaryimage\"},\"image\":{\"@id\":\"https:\\\/\\\/diariofemenino.com.ar\\\/df\\\/caso-veron-un-excomisario-confirmo-que-sabia-que-la-joven-estaba-en-la-rioja\\\/#primaryimage\"},\"thumbnailUrl\":\"\",\"datePublished\":\"2012-05-11T03:49:51+00:00\",\"breadcrumb\":{\"@id\":\"https:\\\/\\\/diariofemenino.com.ar\\\/df\\\/caso-veron-un-excomisario-confirmo-que-sabia-que-la-joven-estaba-en-la-rioja\\\/#breadcrumb\"},\"inLanguage\":\"es\",\"potentialAction\":[{\"@type\":\"ReadAction\",\"target\":[\"https:\\\/\\\/diariofemenino.com.ar\\\/df\\\/caso-veron-un-excomisario-confirmo-que-sabia-que-la-joven-estaba-en-la-rioja\\\/\"]}]},{\"@type\":\"ImageObject\",\"inLanguage\":\"es\",\"@id\":\"https:\\\/\\\/diariofemenino.com.ar\\\/df\\\/caso-veron-un-excomisario-confirmo-que-sabia-que-la-joven-estaba-en-la-rioja\\\/#primaryimage\",\"url\":\"\",\"contentUrl\":\"\"},{\"@type\":\"BreadcrumbList\",\"@id\":\"https:\\\/\\\/diariofemenino.com.ar\\\/df\\\/caso-veron-un-excomisario-confirmo-que-sabia-que-la-joven-estaba-en-la-rioja\\\/#breadcrumb\",\"itemListElement\":[{\"@type\":\"ListItem\",\"position\":1,\"name\":\"Portada\",\"item\":\"https:\\\/\\\/diariofemenino.com.ar\\\/df\\\/\"},{\"@type\":\"ListItem\",\"position\":2,\"name\":\"Caso Ver\u00f3n: un excomisario confirm\u00f3 que sab\u00eda que la joven estaba en La Rioja\"}]},{\"@type\":\"WebSite\",\"@id\":\"https:\\\/\\\/diariofemenino.com.ar\\\/df\\\/#website\",\"url\":\"https:\\\/\\\/diariofemenino.com.ar\\\/df\\\/\",\"name\":\"Diario Digital Femenino\",\"description\":\"Cuesti\u00f3n de G\u00e9nero\",\"publisher\":{\"@id\":\"https:\\\/\\\/diariofemenino.com.ar\\\/df\\\/#organization\"},\"potentialAction\":[{\"@type\":\"SearchAction\",\"target\":{\"@type\":\"EntryPoint\",\"urlTemplate\":\"https:\\\/\\\/diariofemenino.com.ar\\\/df\\\/?s={search_term_string}\"},\"query-input\":{\"@type\":\"PropertyValueSpecification\",\"valueRequired\":true,\"valueName\":\"search_term_string\"}}],\"inLanguage\":\"es\"},{\"@type\":\"Organization\",\"@id\":\"https:\\\/\\\/diariofemenino.com.ar\\\/df\\\/#organization\",\"name\":\"Diario Femenino\",\"url\":\"https:\\\/\\\/diariofemenino.com.ar\\\/df\\\/\",\"logo\":{\"@type\":\"ImageObject\",\"inLanguage\":\"es\",\"@id\":\"https:\\\/\\\/diariofemenino.com.ar\\\/df\\\/#\\\/schema\\\/logo\\\/image\\\/\",\"url\":\"https:\\\/\\\/diariofemenino.com.ar\\\/df\\\/wp-content\\\/uploads\\\/2018\\\/10\\\/logo.png\",\"contentUrl\":\"https:\\\/\\\/diariofemenino.com.ar\\\/df\\\/wp-content\\\/uploads\\\/2018\\\/10\\\/logo.png\",\"width\":500,\"height\":92,\"caption\":\"Diario Femenino\"},\"image\":{\"@id\":\"https:\\\/\\\/diariofemenino.com.ar\\\/df\\\/#\\\/schema\\\/logo\\\/image\\\/\"},\"sameAs\":[\"https:\\\/\\\/www.facebook.com\\\/DiarioDigitaFemenino\\\/\",\"https:\\\/\\\/x.com\\\/DiarioFemenino1\"]},{\"@type\":\"Person\",\"@id\":\"https:\\\/\\\/diariofemenino.com.ar\\\/df\\\/#\\\/schema\\\/person\\\/38f54b3bfd13f561de2460ba95c169c6\",\"name\":\"Admin\",\"image\":{\"@type\":\"ImageObject\",\"inLanguage\":\"es\",\"@id\":\"https:\\\/\\\/diariofemenino.com.ar\\\/df\\\/wp-content\\\/uploads\\\/2018\\\/12\\\/favicon-150x150.jpg\",\"url\":\"https:\\\/\\\/diariofemenino.com.ar\\\/df\\\/wp-content\\\/uploads\\\/2018\\\/12\\\/favicon-150x150.jpg\",\"contentUrl\":\"https:\\\/\\\/diariofemenino.com.ar\\\/df\\\/wp-content\\\/uploads\\\/2018\\\/12\\\/favicon-150x150.jpg\",\"caption\":\"Admin\"},\"url\":\"https:\\\/\\\/diariofemenino.com.ar\\\/df\\\/author\\\/adm18df\\\/\"}]}<\/script>\n<!-- \/ Yoast SEO plugin. -->","yoast_head_json":{"title":"Caso Ver\u00f3n: un excomisario confirm\u00f3 que sab\u00eda que la joven estaba en La Rioja - Diario Digital Femenino","robots":{"index":"index","follow":"follow","max-snippet":"max-snippet:-1","max-image-preview":"max-image-preview:large","max-video-preview":"max-video-preview:-1"},"canonical":"https:\/\/diariofemenino.com.ar\/df\/caso-veron-un-excomisario-confirmo-que-sabia-que-la-joven-estaba-en-la-rioja\/","og_locale":"es_ES","og_type":"article","og_title":"Caso Ver\u00f3n: un excomisario confirm\u00f3 que sab\u00eda que la joven estaba en La Rioja - Diario Digital Femenino","og_description":"El comisario retirado Miguel Angel Chuchuy Linares confirm\u00f3 que la polic\u00eda sab\u00eda que Mar\u00eda de los Angeles Ver\u00f3n fue secuestrada para ejercer la prostituci\u00f3n en La Rioja y acus\u00f3 a Irma Medina, imputada en la causa, de comandar la principal red de trata del norte del pa\u00eds. El exjefe del Departamento de Inteligencia Criminal de [&hellip;]","og_url":"https:\/\/diariofemenino.com.ar\/df\/caso-veron-un-excomisario-confirmo-que-sabia-que-la-joven-estaba-en-la-rioja\/","og_site_name":"Diario Digital Femenino","article_publisher":"https:\/\/www.facebook.com\/DiarioDigitaFemenino\/","article_published_time":"2012-05-11T03:49:51+00:00","og_image":[{"width":855,"height":319,"url":"https:\/\/diariofemenino.com.ar\/df\/wp-content\/uploads\/2016\/10\/logo-negro.png","type":"image\/png"}],"author":"Admin","twitter_card":"summary_large_image","twitter_creator":"@DiarioFemenino1","twitter_site":"@DiarioFemenino1","twitter_misc":{"Escrito por":"Admin","Tiempo de lectura":"2 minutos"},"schema":{"@context":"https:\/\/schema.org","@graph":[{"@type":"Article","@id":"https:\/\/diariofemenino.com.ar\/df\/caso-veron-un-excomisario-confirmo-que-sabia-que-la-joven-estaba-en-la-rioja\/#article","isPartOf":{"@id":"https:\/\/diariofemenino.com.ar\/df\/caso-veron-un-excomisario-confirmo-que-sabia-que-la-joven-estaba-en-la-rioja\/"},"author":{"name":"Admin","@id":"https:\/\/diariofemenino.com.ar\/df\/#\/schema\/person\/38f54b3bfd13f561de2460ba95c169c6"},"headline":"Caso Ver\u00f3n: un excomisario confirm\u00f3 que sab\u00eda que la joven estaba en La Rioja","datePublished":"2012-05-11T03:49:51+00:00","mainEntityOfPage":{"@id":"https:\/\/diariofemenino.com.ar\/df\/caso-veron-un-excomisario-confirmo-que-sabia-que-la-joven-estaba-en-la-rioja\/"},"wordCount":507,"commentCount":0,"publisher":{"@id":"https:\/\/diariofemenino.com.ar\/df\/#organization"},"image":{"@id":"https:\/\/diariofemenino.com.ar\/df\/caso-veron-un-excomisario-confirmo-que-sabia-que-la-joven-estaba-en-la-rioja\/#primaryimage"},"thumbnailUrl":"","articleSection":["Medios","Trata de Pers."],"inLanguage":"es","potentialAction":[{"@type":"CommentAction","name":"Comment","target":["https:\/\/diariofemenino.com.ar\/df\/caso-veron-un-excomisario-confirmo-que-sabia-que-la-joven-estaba-en-la-rioja\/#respond"]}]},{"@type":"WebPage","@id":"https:\/\/diariofemenino.com.ar\/df\/caso-veron-un-excomisario-confirmo-que-sabia-que-la-joven-estaba-en-la-rioja\/","url":"https:\/\/diariofemenino.com.ar\/df\/caso-veron-un-excomisario-confirmo-que-sabia-que-la-joven-estaba-en-la-rioja\/","name":"Caso Ver\u00f3n: un excomisario confirm\u00f3 que sab\u00eda que la joven estaba en La Rioja - Diario Digital Femenino","isPartOf":{"@id":"https:\/\/diariofemenino.com.ar\/df\/#website"},"primaryImageOfPage":{"@id":"https:\/\/diariofemenino.com.ar\/df\/caso-veron-un-excomisario-confirmo-que-sabia-que-la-joven-estaba-en-la-rioja\/#primaryimage"},"image":{"@id":"https:\/\/diariofemenino.com.ar\/df\/caso-veron-un-excomisario-confirmo-que-sabia-que-la-joven-estaba-en-la-rioja\/#primaryimage"},"thumbnailUrl":"","datePublished":"2012-05-11T03:49:51+00:00","breadcrumb":{"@id":"https:\/\/diariofemenino.com.ar\/df\/caso-veron-un-excomisario-confirmo-que-sabia-que-la-joven-estaba-en-la-rioja\/#breadcrumb"},"inLanguage":"es","potentialAction":[{"@type":"ReadAction","target":["https:\/\/diariofemenino.com.ar\/df\/caso-veron-un-excomisario-confirmo-que-sabia-que-la-joven-estaba-en-la-rioja\/"]}]},{"@type":"ImageObject","inLanguage":"es","@id":"https:\/\/diariofemenino.com.ar\/df\/caso-veron-un-excomisario-confirmo-que-sabia-que-la-joven-estaba-en-la-rioja\/#primaryimage","url":"","contentUrl":""},{"@type":"BreadcrumbList","@id":"https:\/\/diariofemenino.com.ar\/df\/caso-veron-un-excomisario-confirmo-que-sabia-que-la-joven-estaba-en-la-rioja\/#breadcrumb","itemListElement":[{"@type":"ListItem","position":1,"name":"Portada","item":"https:\/\/diariofemenino.com.ar\/df\/"},{"@type":"ListItem","position":2,"name":"Caso Ver\u00f3n: un excomisario confirm\u00f3 que sab\u00eda que la joven estaba en La Rioja"}]},{"@type":"WebSite","@id":"https:\/\/diariofemenino.com.ar\/df\/#website","url":"https:\/\/diariofemenino.com.ar\/df\/","name":"Diario Digital Femenino","description":"Cuesti\u00f3n de G\u00e9nero","publisher":{"@id":"https:\/\/diariofemenino.com.ar\/df\/#organization"},"potentialAction":[{"@type":"SearchAction","target":{"@type":"EntryPoint","urlTemplate":"https:\/\/diariofemenino.com.ar\/df\/?s={search_term_string}"},"query-input":{"@type":"PropertyValueSpecification","valueRequired":true,"valueName":"search_term_string"}}],"inLanguage":"es"},{"@type":"Organization","@id":"https:\/\/diariofemenino.com.ar\/df\/#organization","name":"Diario Femenino","url":"https:\/\/diariofemenino.com.ar\/df\/","logo":{"@type":"ImageObject","inLanguage":"es","@id":"https:\/\/diariofemenino.com.ar\/df\/#\/schema\/logo\/image\/","url":"https:\/\/diariofemenino.com.ar\/df\/wp-content\/uploads\/2018\/10\/logo.png","contentUrl":"https:\/\/diariofemenino.com.ar\/df\/wp-content\/uploads\/2018\/10\/logo.png","width":500,"height":92,"caption":"Diario Femenino"},"image":{"@id":"https:\/\/diariofemenino.com.ar\/df\/#\/schema\/logo\/image\/"},"sameAs":["https:\/\/www.facebook.com\/DiarioDigitaFemenino\/","https:\/\/x.com\/DiarioFemenino1"]},{"@type":"Person","@id":"https:\/\/diariofemenino.com.ar\/df\/#\/schema\/person\/38f54b3bfd13f561de2460ba95c169c6","name":"Admin","image":{"@type":"ImageObject","inLanguage":"es","@id":"https:\/\/diariofemenino.com.ar\/df\/wp-content\/uploads\/2018\/12\/favicon-150x150.jpg","url":"https:\/\/diariofemenino.com.ar\/df\/wp-content\/uploads\/2018\/12\/favicon-150x150.jpg","contentUrl":"https:\/\/diariofemenino.com.ar\/df\/wp-content\/uploads\/2018\/12\/favicon-150x150.jpg","caption":"Admin"},"url":"https:\/\/diariofemenino.com.ar\/df\/author\/adm18df\/"}]}},"jetpack_featured_media_url":"","jetpack_sharing_enabled":true,"rttpg_featured_image_url":null,"rttpg_author":{"display_name":"Admin","author_link":"https:\/\/diariofemenino.com.ar\/df\/author\/adm18df\/"},"rttpg_comment":0,"rttpg_category":"<a href=\"https:\/\/diariofemenino.com.ar\/df\/category\/medios\/\" rel=\"category tag\">Medios<\/a> <a href=\"https:\/\/diariofemenino.com.ar\/df\/category\/trata-de-personas\/\" rel=\"category tag\">Trata de Pers.<\/a>","rttpg_excerpt":"El comisario retirado Miguel Angel Chuchuy Linares confirm\u00f3 que la polic\u00eda sab\u00eda que Mar\u00eda de los Angeles Ver\u00f3n fue secuestrada para ejercer la prostituci\u00f3n en La Rioja y acus\u00f3 a Irma Medina, imputada en la causa, de comandar la principal red de trata del norte del pa\u00eds. El exjefe del Departamento de Inteligencia Criminal de&hellip;","_links":{"self":[{"href":"https:\/\/diariofemenino.com.ar\/df\/wp-json\/wp\/v2\/posts\/382","targetHints":{"allow":["GET"]}}],"collection":[{"href":"https:\/\/diariofemenino.com.ar\/df\/wp-json\/wp\/v2\/posts"}],"about":[{"href":"https:\/\/diariofemenino.com.ar\/df\/wp-json\/wp\/v2\/types\/post"}],"author":[{"embeddable":true,"href":"https:\/\/diariofemenino.com.ar\/df\/wp-json\/wp\/v2\/users\/1"}],"replies":[{"embeddable":true,"href":"https:\/\/diariofemenino.com.ar\/df\/wp-json\/wp\/v2\/comments?post=382"}],"version-history":[{"count":0,"href":"https:\/\/diariofemenino.com.ar\/df\/wp-json\/wp\/v2\/posts\/382\/revisions"}],"wp:featuredmedia":[{"embeddable":true,"href":"https:\/\/diariofemenino.com.ar\/df\/wp-json\/"}],"wp:attachment":[{"href":"https:\/\/diariofemenino.com.ar\/df\/wp-json\/wp\/v2\/media?parent=382"}],"wp:term":[{"taxonomy":"category","embeddable":true,"href":"https:\/\/diariofemenino.com.ar\/df\/wp-json\/wp\/v2\/categories?post=382"},{"taxonomy":"post_tag","embeddable":true,"href":"https:\/\/diariofemenino.com.ar\/df\/wp-json\/wp\/v2\/tags?post=382"}],"curies":[{"name":"wp","href":"https:\/\/api.w.org\/{rel}","templated":true}]}}