{"id":37595,"date":"2019-06-25T09:35:12","date_gmt":"2019-06-25T12:35:12","guid":{"rendered":"https:\/\/diariofemenino.com.ar\/?p=37595"},"modified":"2019-06-25T09:39:29","modified_gmt":"2019-06-25T12:39:29","slug":"el-profe-que-salvo-una-vida","status":"publish","type":"post","link":"https:\/\/diariofemenino.com.ar\/df\/el-profe-que-salvo-una-vida\/","title":{"rendered":"El profe que salv\u00f3 una vida"},"content":{"rendered":"<p><strong>Cristian Gui\u00f1ez es un docente al que le toc\u00f3 vivir una situaci\u00f3n por la que quiz\u00e1s muchos y muchas profesores han pasado, pero que muy pocos han tomado conocimiento: le salv\u00f3 la vida a un estudiante.<\/strong><\/p>\n<p><a href=\"http:\/\/www.laarena.com.ar\/la_pampa-el-profesor-que-salvo-una-vida-y-se-entero-dos-anos-despues-2060776-163.html\">La Arena<\/a><\/p>\n<p>De todas maneras, no se trata de un \u00abprofe\u00bb m\u00e1s, sino que se destaca por llevar adelante el verdadero arte de ense\u00f1ar. Con \u00e9l al frente de la clase, todo fluye y la educaci\u00f3n adquiere su verdadero sentido, el de transformar y no repetir.<\/p>\n<p>A Cristian, un joven profesor de 32 a\u00f1os, el caso lo tom\u00f3 por sorpresa d\u00edas atr\u00e1s, cuando su madre le relat\u00f3 un di\u00e1logo que mantuvo con otra mujer en una clase de Newcom: \u00abFue una situaci\u00f3n media rara, est\u00e1bamos tomando mates con mi hermano y mi mam\u00e1 me cuenta que me mand\u00f3 saludos una madre porque dijo que le salv\u00e9 la vida al hijo\u00bb, explic\u00f3 a\u00fan impactado.<br \/>\n\u00abMe coment\u00f3 que la se\u00f1ora le dijo que siempre iba a estar agradecida conmigo porque, en aqu\u00e9l momento, ellos se estaban separando y yo lo escuch\u00e9 a su hijo, le prest\u00e9 atenci\u00f3n y me qued\u00e9 con \u00e9l m\u00e1s de una vez en los recreos charlando, que es una cosa que yo suelo hacer casi siempre porque nunca voy a la Sala de Profesores\u00bb, agreg\u00f3 a LA ARENA.<br \/>\nCristian record\u00f3 que el adolescente \u00abse sent\u00eda muy mal\u00bb e incluso \u00abhab\u00eda dicho en alg\u00fan momento que hab\u00eda pensando en el suicidio\u00bb. El hecho ocurri\u00f3 en el a\u00f1o 2017, en la escuela de Toay donde dicta clases en dos materias de quinto a\u00f1o. Seg\u00fan pudo saber, el estudiante al que le salv\u00f3 la vida \u00abahora est\u00e1 laburando, al secundario lo termin\u00f3\u00bb.<br \/>\nLuego de escuchar el relato, Cristian reflexion\u00f3 sobre su trabajo y sobre \u00abel poder que tiene el docente con solamente escuchar, es as\u00ed; el docente te puede etiquetar y marcarte para toda la vida, o te puede dar una mano\u00bb.<\/p>\n<p>No es la primera vez.<br \/>\nA pesar de que la situaci\u00f3n le llam\u00f3 la atenci\u00f3n, Cristian reconoci\u00f3 que no era la primera vez que le suced\u00eda. En una oportunidad, \u00abuna nena en primer a\u00f1o, un d\u00eda se qued\u00f3 despu\u00e9s de hora y ya se hab\u00edan ido todos. Vino, me pregunt\u00f3 si pod\u00eda contarme algo y me mostr\u00f3 las manos, y ella se cortaba toda. Me explic\u00f3 que lo hac\u00eda porque ten\u00eda muchos problemas en casa\u00bb.<br \/>\n\u00abEn ese momento, que fue hace tres a\u00f1os, comprend\u00ed que uno a veces genera cosas y no se da cuenta. \u00bfPor qu\u00e9 esa chica vino y me lo cont\u00f3?, podr\u00eda hab\u00e9rselo contado a una profe mujer y podr\u00eda haber generado m\u00e1s confianza o la preceptora con la que est\u00e1n m\u00e1s tiempo\u00bb.<br \/>\nCristian coment\u00f3 el caso a las autoridades, se le hizo un seguimiento y \u00abhoy la piba sigue en la escuela, tenemos una relaci\u00f3n excelente\u00bb.<\/p>\n<p>\u00abQuer\u00eda ayudar\u00bb.<br \/>\nCristian comenz\u00f3 a estudiar el profesorado de Historia en la UNLPam en el a\u00f1o 2008 con un solo objetivo: \u00abquer\u00eda ayudar\u00bb. \u00abSiempre me gust\u00f3 la docencia, la idea de ayudar y despu\u00e9s me di cuenta que ser docente es un proyecto pol\u00edtico, no partidario, pero es una decisi\u00f3n pol\u00edtica\u00bb.<br \/>\nLos or\u00edgenes de su vocaci\u00f3n est\u00e1n vinculados a su abuela materna, quien le regal\u00f3 dos libros fundamentales cuando ten\u00eda 13 a\u00f1os: \u00abEl Eternauta\u00bb de H\u00e9ctor Germ\u00e1n Oesterheld y \u00ab1984\u00bb de George Orwell. \u00abEn ese momento los le\u00ed y no les encontr\u00e9 sentido, pero no me los olvid\u00e9 nunca m\u00e1s\u00bb.<br \/>\nCristian remarc\u00f3 que \u00abla docencia es compromiso pol\u00edtico\u00bb y que \u00abantes de planificar, de ver los objetivos, los recursos y las actividades, te ten\u00e9s que hacer un par de preguntas: \u00bfpara qui\u00e9n?, \u00bfc\u00f3mo? y \u00bfpor qu\u00e9 vas a ense\u00f1ar, a favor de qui\u00e9n?\u00bb. Porque, seg\u00fan el docente, \u00absi ense\u00f1amos a repetir estamos educando a favor de los poderosos, los que cada cuatro a\u00f1os vienen con un discurso lindo como \u2018pobreza cero&#8217;\u00bb.<br \/>\n\u00abAntes de ense\u00f1ar hay que preguntarse para qu\u00e9\u2026 Despu\u00e9s que la persona elija como una opci\u00f3n aut\u00f3noma, darle las herramientas para que pueda pensar. La idea con la educaci\u00f3n es que el pibe que est\u00e1 en el barrio pueda preguntarle al pol\u00edtico por qu\u00e9 no tiene cloacas, agua potable o servicios\u00bb, explic\u00f3.<\/p>\n<p>Construir v\u00ednculos.<br \/>\nPara Cristian entre el amor al saber y el amor al alumno no hay por qu\u00e9 elegir, porque para dar clases \u00abno ten\u00e9s que ser un enamorado solamente de la disciplina, porque no alcanza\u00bb. Si bien consider\u00f3 que \u00abhay que saber mucho de lo que uno ense\u00f1a\u00bb, para el docente \u00abs\u00ed o s\u00ed ten\u00e9s que generar un andamiaje con el otro, un v\u00ednculo. Sin eso, el <a href=\"https:\/\/diariofemenino.com.ar\/category\/de-esi-si-se-habla\/\">aprendizaje<\/a> no se genera\u00bb.<br \/>\nA su vez, afirm\u00f3 que se debe ense\u00f1ar desde la cabeza del que aprende, porque \u00abuno tiene que saber qu\u00e9 sucedi\u00f3 con ese chico ese d\u00eda, sobre todo hoy donde tenemos casos de pibes que van sin desayunar, sin almorzar, sin cenar. Me parece que ah\u00ed hay cosas que van m\u00e1s all\u00e1 de la disciplina, que tienen que ver con el v\u00ednculo. Si uno no establece un v\u00ednculo con sus estudiantes no se va a producir un aprendizaje\u00bb.<\/p>\n<p>\u00abSi repetimos, fracasamos\u00bb.<br \/>\nCristian es un docente que le gusta innovar dentro del aula, salir de \u00ablo tradicional\u00bb a trav\u00e9s de distintos juegos y actividades, con el objetivo de ense\u00f1arle a sus estudiantes a pensar, a \u00abconstruir su verdad\u00bb.<br \/>\nEl \u00abclick\u00bb lo hizo luego de la correcci\u00f3n de una prueba. All\u00ed, se dio cuenta que \u00abcuando se sentaban a hacer la evaluaci\u00f3n buscaba repetir lo que hab\u00eda estudiado del libro y por ah\u00ed no se pod\u00eda repetir\u00bb. A partir de ese momento, todos los a\u00f1os realiza un ejercicio en la pizarra en busca de que los estudiantes empiecen a cuestionar las verdades y, sobre todo, \u00abpor qu\u00e9 uno copia y pega lo del docente, como si fuera una verdad acabada\u00bb.<br \/>\nLa actividad consiste en escribir datos al azar en el pizarr\u00f3n y que \u00abgeneralmente lo que sucede es que los pibes abren la carpeta y lo copian. No te preguntan para qu\u00e9 ni por qu\u00e9, pero lo copian. Cuando terminamos, les pregunto \u00bfqu\u00e9 copiamos? Revisemos y busquemos el sentido. Lo empiezan a leer y empiezan a ver una incongruencia\u00bb, explic\u00f3.<br \/>\nEl ejercicio le permiti\u00f3 al docente ver \u00abque estamos acostumbrados a repetir y pegar\u00bb. Por ello, cree firmemente en que \u00abhay que ense\u00f1arle a nuestros estudiantes a no repetir como loros, sino a construir su propia verdad\u00bb, porque \u00absi repetimos, fracasamos\u00bb.<br \/>\n\u00abC\u00f3mo esperamos que lean cr\u00edticamente los medios de comunicaci\u00f3n, c\u00f3mo esperamos que lo que le est\u00e9 diciendo un canal o un diario el pibe no lo asuma como una verdad acabada, como si no hubiera otro relato posible de ese hecho. No les ense\u00f1amos a pensar, les ense\u00f1amos a repetir y eso es lo m\u00e1s grave\u00bb, advirti\u00f3.<\/p>\n<p>Revalorizar la escuela<br \/>\n<img loading=\"lazy\" decoding=\"async\" class=\"alignleft size-full wp-image-37598\" src=\"https:\/\/diariofemenino.com.ar\/df\/wp-content\/uploads\/2019\/06\/th-12.jpg\" alt=\"Cristian Gui\u00f1ez. El profe que salv\u00f3 una vida\" width=\"252\" height=\"189\" \/>Cristian comenz\u00f3 a dar clases en el colegio secundario en el a\u00f1o 2013 y, a pesar de tambi\u00e9n dedicarse a la investigaci\u00f3n, se considera profesor y luego historiador. En el aula se siente como en casa y sabe que all\u00ed \u00abuno es muchas cosas a la vez: profe de historia, actor, es psic\u00f3logo en alg\u00fan momento escuchando y una especie de amigo cuando presta el o\u00eddo\u00bb.<br \/>\nSin embargo, adem\u00e1s de todo esto, Cristian es un f\u00e9rreo defensor de la educaci\u00f3n p\u00fablica. Desde su visi\u00f3n, actualmente existe \u00abun bastardeo sobre la escuela p\u00fablica\u00bb, donde se la considera \u00abde menor calidad o de menor compromiso\u00bb. Pero en la escuela \u00abocurren mil cosas vinculadas a la sociedad, no es una isla, lo mismo que sucede en el barrio despu\u00e9s sucede en la escuela\u00bb, indic\u00f3 y consider\u00f3 que \u00abla familia todav\u00eda conf\u00eda mucho en la escuela, donde perdamos ese horizonte estamos perdidos\u00bb.<br \/>\nPor estos motivos, consider\u00f3 que es fundamental \u00abrevalorizar la escuela p\u00fablica, en primer lugar desde las pol\u00edticas\u00bb.<\/p>\n<p>El discurso repetido de la \u00abmeritocracia\u00bb<br \/>\nCristian se consider\u00f3 \u00abun marcado por la crisis del 2001\u00bb y record\u00f3 que durante esa \u00e9poca viv\u00eda en el barrio y que por suerte su padre pudo mantener el trabajo. Sin embargo, sus amigos no tuvieron la misma suerte: \u00abla mayor\u00eda de los padres de mis amigos perdieron el laburo o se separaron\u00bb.<br \/>\nSin embargo, es consciente de que \u00abhoy se vuelve a repetir un discurso, que me parec\u00eda que ya lo hab\u00edamos dejado atr\u00e1s, que era el de la meritocracia, de pensar que todos tenemos las mismas oportunidades y no es as\u00ed\u00bb.<br \/>\n\u00abCapaz que fui la excepci\u00f3n, pero de mis 20 amiguitos del barrio, con los que jug\u00e1bamos a la pelota con 8 a\u00f1os, ninguno estudi\u00f3, algunos cayeron en la delincuencia y en la droga\u00bb. Por estos motivos, y tras aquella experiencia, Cristian siente que \u00abla <a href=\"https:\/\/es.wikipedia.org\/wiki\/Educaci%C3%B3n_p%C3%BAblica\">educaci\u00f3n p\u00fablica<\/a> me salv\u00f3\u00bb.<\/p>\n<p>Dentro del aula, canaliza esta visi\u00f3n a trav\u00e9s de un juego que consiste en poner a todos los estudiantes contra la pared, el que la responde bien cada pregunta que hace puede avanzar un paso y empezar la carrera desde m\u00e1s adelante. Para la actividad, las preguntas que utiliza son \u00ab\u00bfQui\u00e9n hizo las cuatro comidas ayer? \u00bfQui\u00e9n tiene los padres juntos? \u00bfQui\u00e9n todav\u00eda alquila? \u00bfQui\u00e9n tiene la casa propia? Y cuando dec\u00eds que arranquen la carrera ten\u00e9s tres pibes a un paso de la l\u00ednea y el resto todav\u00eda no sali\u00f3 de atr\u00e1s. Despu\u00e9s hay una reflexi\u00f3n de que la igualdad de oportunidades es falsa\u00bb, explic\u00f3.<\/p>\n<p>Por ello, para Cristian la docencia es \u00abla \u00fanica herramienta transformadora para los pibes que el sistema le ha negado las posibilidades en un mont\u00f3n de aspectos. La educaci\u00f3n es la \u00fanica herramienta que puede cambiar el mundo\u00bb. En ese sentido, fue cr\u00edtico con la profesi\u00f3n y asegur\u00f3 que \u00aba veces ense\u00f1amos mucho en la disciplina y nos olvidamos de la ense\u00f1anza en valores, en buenas personas\u00bb.<br \/>\n\u00abNos olvidamos que en nombre de la ciencia se han cometido las peores atrocidades de la historia de la humanidad. Los que idearon los campos de concentraci\u00f3n nazi fueron ingenieros, qu\u00edmicos, f\u00edsicos. Si ense\u00f1amos solamente bajo la idea de la disciplina por sobre todas las cosas y nos olvidamos la parte humana, ya la <a href=\"https:\/\/diariofemenino.com.ar\/voto-educacion-y-aborto-mas-de-150-anos-de-lucha-feminista-en-argentina\/\">historia<\/a> nos ha dado muestras. Es hora de educar en valores humanos\u00bb.<\/p>\n","protected":false},"excerpt":{"rendered":"<p>Cristian Gui\u00f1ez es un docente al que le toc\u00f3 vivir una situaci\u00f3n por la que quiz\u00e1s muchos y muchas profesores han pasado, pero que muy pocos han tomado conocimiento: le salv\u00f3 la vida a un estudiante. La Arena De todas maneras, no se trata de un \u00abprofe\u00bb m\u00e1s, sino que se destaca por llevar adelante [&hellip;]<\/p>\n","protected":false},"author":4,"featured_media":37597,"comment_status":"open","ping_status":"open","sticky":false,"template":"","format":"standard","meta":{"iawp_total_views":27,"footnotes":""},"categories":[581],"tags":[1523,1522,1521,1519,11,439,1520,1524],"class_list":["post-37595","post","type-post","status-publish","format-standard","has-post-thumbnail","hentry","category-azul-profundo","tag-alumnas","tag-alumnos","tag-colegio-secundario","tag-cristian-guinez","tag-educacion","tag-la-pampa","tag-lisandro-moreno","tag-toay"],"nelio_content":{"autoShareEndMode":"never","automationSources":{"useCustomSentences":false,"customSentences":[]},"efiAlt":"","efiUrl":"","followers":[4],"highlights":[],"isAutoShareEnabled":true,"networkImageIds":[],"permalinkQueryArgs":[],"series":[],"suggestedReferences":[]},"yoast_head":"<!-- This site is optimized with the Yoast SEO plugin v27.5 - https:\/\/yoast.com\/product\/yoast-seo-wordpress\/ -->\n<title>El profe que salv\u00f3 una vida - Diario Digital Femenino<\/title>\n<meta name=\"description\" content=\"El profe que salv\u00f3 una vida. La historia del profe Cristian Gui\u00f1ez contada por Lisandro Moreno. Sensibilidad, ESI y defensa de la Educaci\u00f3n p\u00fablica\" \/>\n<meta name=\"robots\" content=\"index, follow, max-snippet:-1, max-image-preview:large, max-video-preview:-1\" \/>\n<link rel=\"canonical\" href=\"https:\/\/diariofemenino.com.ar\/df\/el-profe-que-salvo-una-vida\/\" \/>\n<meta property=\"og:locale\" content=\"es_ES\" \/>\n<meta property=\"og:type\" content=\"article\" \/>\n<meta property=\"og:title\" content=\"El profe que salv\u00f3 una vida - Diario Digital Femenino\" \/>\n<meta property=\"og:description\" content=\"El profe que salv\u00f3 una vida. La historia del profe Cristian Gui\u00f1ez contada por Lisandro Moreno. Sensibilidad, ESI y defensa de la Educaci\u00f3n p\u00fablica\" \/>\n<meta property=\"og:url\" content=\"https:\/\/diariofemenino.com.ar\/df\/el-profe-que-salvo-una-vida\/\" \/>\n<meta property=\"og:site_name\" content=\"Diario Digital Femenino\" \/>\n<meta property=\"article:publisher\" content=\"https:\/\/www.facebook.com\/DiarioDigitaFemenino\/\" \/>\n<meta property=\"article:published_time\" content=\"2019-06-25T12:35:12+00:00\" \/>\n<meta property=\"article:modified_time\" content=\"2019-06-25T12:39:29+00:00\" \/>\n<meta property=\"og:image\" content=\"https:\/\/diariofemenino.com.ar\/df\/wp-content\/uploads\/2019\/06\/07-Profesor98fcfe9e.jpg\" \/>\n\t<meta property=\"og:image:width\" content=\"696\" \/>\n\t<meta property=\"og:image:height\" content=\"462\" \/>\n\t<meta property=\"og:image:type\" content=\"image\/jpeg\" \/>\n<meta name=\"author\" content=\"Admin\" \/>\n<meta name=\"twitter:card\" content=\"summary_large_image\" \/>\n<meta name=\"twitter:creator\" content=\"@DiarioFemenino1\" \/>\n<meta name=\"twitter:site\" content=\"@DiarioFemenino1\" \/>\n<meta name=\"twitter:label1\" content=\"Escrito por\" \/>\n\t<meta name=\"twitter:data1\" content=\"Admin\" \/>\n\t<meta name=\"twitter:label2\" content=\"Tiempo de lectura\" \/>\n\t<meta name=\"twitter:data2\" content=\"9 minutos\" \/>\n<script type=\"application\/ld+json\" class=\"yoast-schema-graph\">{\"@context\":\"https:\\\/\\\/schema.org\",\"@graph\":[{\"@type\":\"Article\",\"@id\":\"https:\\\/\\\/diariofemenino.com.ar\\\/df\\\/el-profe-que-salvo-una-vida\\\/#article\",\"isPartOf\":{\"@id\":\"https:\\\/\\\/diariofemenino.com.ar\\\/df\\\/el-profe-que-salvo-una-vida\\\/\"},\"author\":{\"name\":\"Admin\",\"@id\":\"https:\\\/\\\/diariofemenino.com.ar\\\/df\\\/#\\\/schema\\\/person\\\/bf6199e8158c657ea6f789b11ec85509\"},\"headline\":\"El profe que salv\u00f3 una vida\",\"datePublished\":\"2019-06-25T12:35:12+00:00\",\"dateModified\":\"2019-06-25T12:39:29+00:00\",\"mainEntityOfPage\":{\"@id\":\"https:\\\/\\\/diariofemenino.com.ar\\\/df\\\/el-profe-que-salvo-una-vida\\\/\"},\"wordCount\":1819,\"commentCount\":0,\"publisher\":{\"@id\":\"https:\\\/\\\/diariofemenino.com.ar\\\/df\\\/#organization\"},\"image\":{\"@id\":\"https:\\\/\\\/diariofemenino.com.ar\\\/df\\\/el-profe-que-salvo-una-vida\\\/#primaryimage\"},\"thumbnailUrl\":\"https:\\\/\\\/diariofemenino.com.ar\\\/df\\\/wp-content\\\/uploads\\\/2019\\\/06\\\/07-Profesor98fcfe9e.jpg\",\"keywords\":[\"Alumnas\",\"Alumnos\",\"Colegio secundario\",\"Cristian Gui\u00f1ez\",\"Educaci\u00f3n\",\"La Pampa\",\"Lisandro Moreno\",\"Toay\"],\"articleSection\":[\"Azul Profundo\"],\"inLanguage\":\"es\",\"potentialAction\":[{\"@type\":\"CommentAction\",\"name\":\"Comment\",\"target\":[\"https:\\\/\\\/diariofemenino.com.ar\\\/df\\\/el-profe-que-salvo-una-vida\\\/#respond\"]}]},{\"@type\":\"WebPage\",\"@id\":\"https:\\\/\\\/diariofemenino.com.ar\\\/df\\\/el-profe-que-salvo-una-vida\\\/\",\"url\":\"https:\\\/\\\/diariofemenino.com.ar\\\/df\\\/el-profe-que-salvo-una-vida\\\/\",\"name\":\"El profe que salv\u00f3 una vida - Diario Digital Femenino\",\"isPartOf\":{\"@id\":\"https:\\\/\\\/diariofemenino.com.ar\\\/df\\\/#website\"},\"primaryImageOfPage\":{\"@id\":\"https:\\\/\\\/diariofemenino.com.ar\\\/df\\\/el-profe-que-salvo-una-vida\\\/#primaryimage\"},\"image\":{\"@id\":\"https:\\\/\\\/diariofemenino.com.ar\\\/df\\\/el-profe-que-salvo-una-vida\\\/#primaryimage\"},\"thumbnailUrl\":\"https:\\\/\\\/diariofemenino.com.ar\\\/df\\\/wp-content\\\/uploads\\\/2019\\\/06\\\/07-Profesor98fcfe9e.jpg\",\"datePublished\":\"2019-06-25T12:35:12+00:00\",\"dateModified\":\"2019-06-25T12:39:29+00:00\",\"description\":\"El profe que salv\u00f3 una vida. La historia del profe Cristian Gui\u00f1ez contada por Lisandro Moreno. Sensibilidad, ESI y defensa de la Educaci\u00f3n p\u00fablica\",\"breadcrumb\":{\"@id\":\"https:\\\/\\\/diariofemenino.com.ar\\\/df\\\/el-profe-que-salvo-una-vida\\\/#breadcrumb\"},\"inLanguage\":\"es\",\"potentialAction\":[{\"@type\":\"ReadAction\",\"target\":[\"https:\\\/\\\/diariofemenino.com.ar\\\/df\\\/el-profe-que-salvo-una-vida\\\/\"]}]},{\"@type\":\"ImageObject\",\"inLanguage\":\"es\",\"@id\":\"https:\\\/\\\/diariofemenino.com.ar\\\/df\\\/el-profe-que-salvo-una-vida\\\/#primaryimage\",\"url\":\"https:\\\/\\\/diariofemenino.com.ar\\\/df\\\/wp-content\\\/uploads\\\/2019\\\/06\\\/07-Profesor98fcfe9e.jpg\",\"contentUrl\":\"https:\\\/\\\/diariofemenino.com.ar\\\/df\\\/wp-content\\\/uploads\\\/2019\\\/06\\\/07-Profesor98fcfe9e.jpg\",\"width\":696,\"height\":462,\"caption\":\"Cristian Gui\u00f1ez. El profe que salv\u00f3 una vida\"},{\"@type\":\"BreadcrumbList\",\"@id\":\"https:\\\/\\\/diariofemenino.com.ar\\\/df\\\/el-profe-que-salvo-una-vida\\\/#breadcrumb\",\"itemListElement\":[{\"@type\":\"ListItem\",\"position\":1,\"name\":\"Portada\",\"item\":\"https:\\\/\\\/diariofemenino.com.ar\\\/df\\\/\"},{\"@type\":\"ListItem\",\"position\":2,\"name\":\"El profe que salv\u00f3 una vida\"}]},{\"@type\":\"WebSite\",\"@id\":\"https:\\\/\\\/diariofemenino.com.ar\\\/df\\\/#website\",\"url\":\"https:\\\/\\\/diariofemenino.com.ar\\\/df\\\/\",\"name\":\"Diario Digital Femenino\",\"description\":\"Cuesti\u00f3n de G\u00e9nero\",\"publisher\":{\"@id\":\"https:\\\/\\\/diariofemenino.com.ar\\\/df\\\/#organization\"},\"potentialAction\":[{\"@type\":\"SearchAction\",\"target\":{\"@type\":\"EntryPoint\",\"urlTemplate\":\"https:\\\/\\\/diariofemenino.com.ar\\\/df\\\/?s={search_term_string}\"},\"query-input\":{\"@type\":\"PropertyValueSpecification\",\"valueRequired\":true,\"valueName\":\"search_term_string\"}}],\"inLanguage\":\"es\"},{\"@type\":\"Organization\",\"@id\":\"https:\\\/\\\/diariofemenino.com.ar\\\/df\\\/#organization\",\"name\":\"Diario Femenino\",\"url\":\"https:\\\/\\\/diariofemenino.com.ar\\\/df\\\/\",\"logo\":{\"@type\":\"ImageObject\",\"inLanguage\":\"es\",\"@id\":\"https:\\\/\\\/diariofemenino.com.ar\\\/df\\\/#\\\/schema\\\/logo\\\/image\\\/\",\"url\":\"https:\\\/\\\/diariofemenino.com.ar\\\/df\\\/wp-content\\\/uploads\\\/2018\\\/10\\\/logo.png\",\"contentUrl\":\"https:\\\/\\\/diariofemenino.com.ar\\\/df\\\/wp-content\\\/uploads\\\/2018\\\/10\\\/logo.png\",\"width\":500,\"height\":92,\"caption\":\"Diario Femenino\"},\"image\":{\"@id\":\"https:\\\/\\\/diariofemenino.com.ar\\\/df\\\/#\\\/schema\\\/logo\\\/image\\\/\"},\"sameAs\":[\"https:\\\/\\\/www.facebook.com\\\/DiarioDigitaFemenino\\\/\",\"https:\\\/\\\/x.com\\\/DiarioFemenino1\"]},{\"@type\":\"Person\",\"@id\":\"https:\\\/\\\/diariofemenino.com.ar\\\/df\\\/#\\\/schema\\\/person\\\/bf6199e8158c657ea6f789b11ec85509\",\"name\":\"Admin\",\"image\":{\"@type\":\"ImageObject\",\"inLanguage\":\"es\",\"@id\":\"https:\\\/\\\/diariofemenino.com.ar\\\/df\\\/wp-content\\\/uploads\\\/2018\\\/12\\\/favicon-150x150.jpg\",\"url\":\"https:\\\/\\\/diariofemenino.com.ar\\\/df\\\/wp-content\\\/uploads\\\/2018\\\/12\\\/favicon-150x150.jpg\",\"contentUrl\":\"https:\\\/\\\/diariofemenino.com.ar\\\/df\\\/wp-content\\\/uploads\\\/2018\\\/12\\\/favicon-150x150.jpg\",\"caption\":\"Admin\"},\"url\":\"https:\\\/\\\/diariofemenino.com.ar\\\/df\\\/author\\\/lenny\\\/\"}]}<\/script>\n<!-- \/ Yoast SEO plugin. -->","yoast_head_json":{"title":"El profe que salv\u00f3 una vida - Diario Digital Femenino","description":"El profe que salv\u00f3 una vida. La historia del profe Cristian Gui\u00f1ez contada por Lisandro Moreno. Sensibilidad, ESI y defensa de la Educaci\u00f3n p\u00fablica","robots":{"index":"index","follow":"follow","max-snippet":"max-snippet:-1","max-image-preview":"max-image-preview:large","max-video-preview":"max-video-preview:-1"},"canonical":"https:\/\/diariofemenino.com.ar\/df\/el-profe-que-salvo-una-vida\/","og_locale":"es_ES","og_type":"article","og_title":"El profe que salv\u00f3 una vida - Diario Digital Femenino","og_description":"El profe que salv\u00f3 una vida. La historia del profe Cristian Gui\u00f1ez contada por Lisandro Moreno. Sensibilidad, ESI y defensa de la Educaci\u00f3n p\u00fablica","og_url":"https:\/\/diariofemenino.com.ar\/df\/el-profe-que-salvo-una-vida\/","og_site_name":"Diario Digital Femenino","article_publisher":"https:\/\/www.facebook.com\/DiarioDigitaFemenino\/","article_published_time":"2019-06-25T12:35:12+00:00","article_modified_time":"2019-06-25T12:39:29+00:00","og_image":[{"width":696,"height":462,"url":"https:\/\/diariofemenino.com.ar\/df\/wp-content\/uploads\/2019\/06\/07-Profesor98fcfe9e.jpg","type":"image\/jpeg"}],"author":"Admin","twitter_card":"summary_large_image","twitter_creator":"@DiarioFemenino1","twitter_site":"@DiarioFemenino1","twitter_misc":{"Escrito por":"Admin","Tiempo de lectura":"9 minutos"},"schema":{"@context":"https:\/\/schema.org","@graph":[{"@type":"Article","@id":"https:\/\/diariofemenino.com.ar\/df\/el-profe-que-salvo-una-vida\/#article","isPartOf":{"@id":"https:\/\/diariofemenino.com.ar\/df\/el-profe-que-salvo-una-vida\/"},"author":{"name":"Admin","@id":"https:\/\/diariofemenino.com.ar\/df\/#\/schema\/person\/bf6199e8158c657ea6f789b11ec85509"},"headline":"El profe que salv\u00f3 una vida","datePublished":"2019-06-25T12:35:12+00:00","dateModified":"2019-06-25T12:39:29+00:00","mainEntityOfPage":{"@id":"https:\/\/diariofemenino.com.ar\/df\/el-profe-que-salvo-una-vida\/"},"wordCount":1819,"commentCount":0,"publisher":{"@id":"https:\/\/diariofemenino.com.ar\/df\/#organization"},"image":{"@id":"https:\/\/diariofemenino.com.ar\/df\/el-profe-que-salvo-una-vida\/#primaryimage"},"thumbnailUrl":"https:\/\/diariofemenino.com.ar\/df\/wp-content\/uploads\/2019\/06\/07-Profesor98fcfe9e.jpg","keywords":["Alumnas","Alumnos","Colegio secundario","Cristian Gui\u00f1ez","Educaci\u00f3n","La Pampa","Lisandro Moreno","Toay"],"articleSection":["Azul Profundo"],"inLanguage":"es","potentialAction":[{"@type":"CommentAction","name":"Comment","target":["https:\/\/diariofemenino.com.ar\/df\/el-profe-que-salvo-una-vida\/#respond"]}]},{"@type":"WebPage","@id":"https:\/\/diariofemenino.com.ar\/df\/el-profe-que-salvo-una-vida\/","url":"https:\/\/diariofemenino.com.ar\/df\/el-profe-que-salvo-una-vida\/","name":"El profe que salv\u00f3 una vida - Diario Digital Femenino","isPartOf":{"@id":"https:\/\/diariofemenino.com.ar\/df\/#website"},"primaryImageOfPage":{"@id":"https:\/\/diariofemenino.com.ar\/df\/el-profe-que-salvo-una-vida\/#primaryimage"},"image":{"@id":"https:\/\/diariofemenino.com.ar\/df\/el-profe-que-salvo-una-vida\/#primaryimage"},"thumbnailUrl":"https:\/\/diariofemenino.com.ar\/df\/wp-content\/uploads\/2019\/06\/07-Profesor98fcfe9e.jpg","datePublished":"2019-06-25T12:35:12+00:00","dateModified":"2019-06-25T12:39:29+00:00","description":"El profe que salv\u00f3 una vida. La historia del profe Cristian Gui\u00f1ez contada por Lisandro Moreno. Sensibilidad, ESI y defensa de la Educaci\u00f3n p\u00fablica","breadcrumb":{"@id":"https:\/\/diariofemenino.com.ar\/df\/el-profe-que-salvo-una-vida\/#breadcrumb"},"inLanguage":"es","potentialAction":[{"@type":"ReadAction","target":["https:\/\/diariofemenino.com.ar\/df\/el-profe-que-salvo-una-vida\/"]}]},{"@type":"ImageObject","inLanguage":"es","@id":"https:\/\/diariofemenino.com.ar\/df\/el-profe-que-salvo-una-vida\/#primaryimage","url":"https:\/\/diariofemenino.com.ar\/df\/wp-content\/uploads\/2019\/06\/07-Profesor98fcfe9e.jpg","contentUrl":"https:\/\/diariofemenino.com.ar\/df\/wp-content\/uploads\/2019\/06\/07-Profesor98fcfe9e.jpg","width":696,"height":462,"caption":"Cristian Gui\u00f1ez. El profe que salv\u00f3 una vida"},{"@type":"BreadcrumbList","@id":"https:\/\/diariofemenino.com.ar\/df\/el-profe-que-salvo-una-vida\/#breadcrumb","itemListElement":[{"@type":"ListItem","position":1,"name":"Portada","item":"https:\/\/diariofemenino.com.ar\/df\/"},{"@type":"ListItem","position":2,"name":"El profe que salv\u00f3 una vida"}]},{"@type":"WebSite","@id":"https:\/\/diariofemenino.com.ar\/df\/#website","url":"https:\/\/diariofemenino.com.ar\/df\/","name":"Diario Digital Femenino","description":"Cuesti\u00f3n de G\u00e9nero","publisher":{"@id":"https:\/\/diariofemenino.com.ar\/df\/#organization"},"potentialAction":[{"@type":"SearchAction","target":{"@type":"EntryPoint","urlTemplate":"https:\/\/diariofemenino.com.ar\/df\/?s={search_term_string}"},"query-input":{"@type":"PropertyValueSpecification","valueRequired":true,"valueName":"search_term_string"}}],"inLanguage":"es"},{"@type":"Organization","@id":"https:\/\/diariofemenino.com.ar\/df\/#organization","name":"Diario Femenino","url":"https:\/\/diariofemenino.com.ar\/df\/","logo":{"@type":"ImageObject","inLanguage":"es","@id":"https:\/\/diariofemenino.com.ar\/df\/#\/schema\/logo\/image\/","url":"https:\/\/diariofemenino.com.ar\/df\/wp-content\/uploads\/2018\/10\/logo.png","contentUrl":"https:\/\/diariofemenino.com.ar\/df\/wp-content\/uploads\/2018\/10\/logo.png","width":500,"height":92,"caption":"Diario Femenino"},"image":{"@id":"https:\/\/diariofemenino.com.ar\/df\/#\/schema\/logo\/image\/"},"sameAs":["https:\/\/www.facebook.com\/DiarioDigitaFemenino\/","https:\/\/x.com\/DiarioFemenino1"]},{"@type":"Person","@id":"https:\/\/diariofemenino.com.ar\/df\/#\/schema\/person\/bf6199e8158c657ea6f789b11ec85509","name":"Admin","image":{"@type":"ImageObject","inLanguage":"es","@id":"https:\/\/diariofemenino.com.ar\/df\/wp-content\/uploads\/2018\/12\/favicon-150x150.jpg","url":"https:\/\/diariofemenino.com.ar\/df\/wp-content\/uploads\/2018\/12\/favicon-150x150.jpg","contentUrl":"https:\/\/diariofemenino.com.ar\/df\/wp-content\/uploads\/2018\/12\/favicon-150x150.jpg","caption":"Admin"},"url":"https:\/\/diariofemenino.com.ar\/df\/author\/lenny\/"}]}},"jetpack_featured_media_url":"https:\/\/diariofemenino.com.ar\/df\/wp-content\/uploads\/2019\/06\/07-Profesor98fcfe9e.jpg","jetpack_sharing_enabled":true,"rttpg_featured_image_url":{"full":["https:\/\/diariofemenino.com.ar\/df\/wp-content\/uploads\/2019\/06\/07-Profesor98fcfe9e.jpg",696,462,false],"landscape":["https:\/\/diariofemenino.com.ar\/df\/wp-content\/uploads\/2019\/06\/07-Profesor98fcfe9e.jpg",696,462,false],"portraits":["https:\/\/diariofemenino.com.ar\/df\/wp-content\/uploads\/2019\/06\/07-Profesor98fcfe9e.jpg",696,462,false],"thumbnail":["https:\/\/diariofemenino.com.ar\/df\/wp-content\/uploads\/2019\/06\/07-Profesor98fcfe9e-150x150.jpg",150,150,true],"medium":["https:\/\/diariofemenino.com.ar\/df\/wp-content\/uploads\/2019\/06\/07-Profesor98fcfe9e-300x199.jpg",300,199,true],"large":["https:\/\/diariofemenino.com.ar\/df\/wp-content\/uploads\/2019\/06\/07-Profesor98fcfe9e.jpg",696,462,false],"1536x1536":["https:\/\/diariofemenino.com.ar\/df\/wp-content\/uploads\/2019\/06\/07-Profesor98fcfe9e.jpg",696,462,false],"2048x2048":["https:\/\/diariofemenino.com.ar\/df\/wp-content\/uploads\/2019\/06\/07-Profesor98fcfe9e.jpg",696,462,false]},"rttpg_author":{"display_name":"Admin","author_link":"https:\/\/diariofemenino.com.ar\/df\/author\/lenny\/"},"rttpg_comment":0,"rttpg_category":"<a href=\"https:\/\/diariofemenino.com.ar\/df\/category\/azul-profundo\/\" rel=\"category tag\">Azul Profundo<\/a>","rttpg_excerpt":"Cristian Gui\u00f1ez es un docente al que le toc\u00f3 vivir una situaci\u00f3n por la que quiz\u00e1s muchos y muchas profesores han pasado, pero que muy pocos han tomado conocimiento: le salv\u00f3 la vida a un estudiante. La Arena De todas maneras, no se trata de un \u00abprofe\u00bb m\u00e1s, sino que se destaca por llevar adelante&hellip;","_links":{"self":[{"href":"https:\/\/diariofemenino.com.ar\/df\/wp-json\/wp\/v2\/posts\/37595","targetHints":{"allow":["GET"]}}],"collection":[{"href":"https:\/\/diariofemenino.com.ar\/df\/wp-json\/wp\/v2\/posts"}],"about":[{"href":"https:\/\/diariofemenino.com.ar\/df\/wp-json\/wp\/v2\/types\/post"}],"author":[{"embeddable":true,"href":"https:\/\/diariofemenino.com.ar\/df\/wp-json\/wp\/v2\/users\/4"}],"replies":[{"embeddable":true,"href":"https:\/\/diariofemenino.com.ar\/df\/wp-json\/wp\/v2\/comments?post=37595"}],"version-history":[{"count":0,"href":"https:\/\/diariofemenino.com.ar\/df\/wp-json\/wp\/v2\/posts\/37595\/revisions"}],"wp:featuredmedia":[{"embeddable":true,"href":"https:\/\/diariofemenino.com.ar\/df\/wp-json\/wp\/v2\/media\/37597"}],"wp:attachment":[{"href":"https:\/\/diariofemenino.com.ar\/df\/wp-json\/wp\/v2\/media?parent=37595"}],"wp:term":[{"taxonomy":"category","embeddable":true,"href":"https:\/\/diariofemenino.com.ar\/df\/wp-json\/wp\/v2\/categories?post=37595"},{"taxonomy":"post_tag","embeddable":true,"href":"https:\/\/diariofemenino.com.ar\/df\/wp-json\/wp\/v2\/tags?post=37595"}],"curies":[{"name":"wp","href":"https:\/\/api.w.org\/{rel}","templated":true}]}}