{"id":37575,"date":"2019-06-24T20:25:38","date_gmt":"2019-06-24T23:25:38","guid":{"rendered":"https:\/\/diariofemenino.com.ar\/?p=37575"},"modified":"2019-06-24T20:30:05","modified_gmt":"2019-06-24T23:30:05","slug":"removiendo-obstaculos","status":"publish","type":"post","link":"https:\/\/diariofemenino.com.ar\/df\/removiendo-obstaculos\/","title":{"rendered":"\u201cRemoviendo Obst\u00e1culos en el acceso a la informaci\u00f3n y a los servicios de asistencia y justicia de las mujeres sordas v\u00edctimas de violencia de g\u00e9nero\u201d"},"content":{"rendered":"<p><strong>La Direcci\u00f3n de Violencia Familia, a cargo de Claudia Santiago,\u00a0Direcci\u00f3n de Discapacidad a cargo de Iv\u00e1n Poggio la Ministra de Desarrollo Social de La Pampa, Fernanda Alonso y la Presidenta de\u00a0la Comisi\u00f3n Banca de la Mujer, Senadora Norma Durango invitan a equipos profesionales y\/o de trabajo a la Jornada \u201cRemoviendo Obst\u00e1culos en el acceso a la\u00a0informaci\u00f3n y a los servicios de asistencia y justicia de las mujeres sordas v\u00edctimas de\u00a0violencia de g\u00e9nero\u201d, que se desarrollar\u00e1n en Santa Rosa y General Pico<\/strong><\/p>\n<p><img loading=\"lazy\" decoding=\"async\" class=\"alignleft size-full wp-image-37534\" src=\"https:\/\/diariofemenino.com.ar\/df\/wp-content\/uploads\/2019\/06\/cq5dam.web_.221.289.png\" alt=\"\u201cRemoviendo Obst\u00e1culos en el acceso a la informaci\u00f3n y a los servicios de asistencia y justicia de las mujeres sordas v\u00edctimas de violencia de g\u00e9nero\u201d\" width=\"203\" height=\"289\" \/>En la actividad se\u00a0 realizar\u00e1 la Presentaci\u00f3n de la \u00ab<a href=\"https:\/\/diariofemenino.com.ar\/guia-de-recomendaciones-para-el-acceso-a-la-justicia-de-mujeres-sordas-victimas-de-violencia-de-genero\/\">Gu\u00eda de\u00a0Recomendaciones para el Acceso a la Justicia de Mujeres Sordas V\u00edctimas de Violencia de G\u00e9nero<\/a>\u201d* elaborada por el Programa Sordas sin Violencia, con la colaboraci\u00f3n del programa de las Naciones Unidas para el Desarrollo.<\/p>\n<p>Sordas sin Violencia, es el \u00fanico dispositivo de la Argentina que se ocupa exclusivamente de brindar informaci\u00f3n y acompa\u00f1ar a mujeres sordas que sufren de Violencia de Genero en el camino de acceder a la justicia y mejorar su situaci\u00f3n de vida; creada en 2016 a partir de una alianza entre dos organizaciones de la sociedad civil: FUNDASOR \u2013 que acompa\u00f1a a las familias de personas Sordas en sus procesos de comunicaci\u00f3n y socializaci\u00f3n , y ENLACES territoriales para la equidad de g\u00e9nero \u2013 organizaci\u00f3n especializada en violencia de g\u00e9nero.<\/p>\n<p>Con el objetivo de que esta jornada nos permita repensar nuestras pr\u00e1cticas profesionales y funcionarias, fortalecer las relaciones interinstitucionales como as\u00ed tambi\u00e9n con la comunidad sorda, y principalmente que las mujeres Sordas puedan ejercer sus derechos, acceder a la justicia y vivir libres de violencias, es que esperamos contar con su trascendental presencia.<\/p>\n<p>Las Jornadas se realizar\u00e1n respectivamente el:<\/p>\n<p>\u2022 Jueves 27 de Junio &#8211; 9: 00 hs a 12:00hs en MEDANO- MULTIESPACIO DE ARTE DEL NORTE &#8211; CALLE 11 N\u00b0 1185 ESQ. 24 &#8211; <strong>General Pico\u00a0<\/strong><\/p>\n<p><img loading=\"lazy\" decoding=\"async\" class=\"alignleft wp-image-37577\" src=\"https:\/\/diariofemenino.com.ar\/df\/wp-content\/uploads\/2019\/06\/WhatsApp-Image-2019-06-21-at-17.10.06-1.jpeg\" alt=\"\u201cRemoviendo Obst\u00e1culos en el acceso a la informaci\u00f3n y a los servicios de asistencia y justicia de las mujeres sordas v\u00edctimas de violencia de g\u00e9nero\u201d\" width=\"336\" height=\"476\" srcset=\"https:\/\/diariofemenino.com.ar\/df\/wp-content\/uploads\/2019\/06\/WhatsApp-Image-2019-06-21-at-17.10.06-1.jpeg 904w, https:\/\/diariofemenino.com.ar\/df\/wp-content\/uploads\/2019\/06\/WhatsApp-Image-2019-06-21-at-17.10.06-1-212x300.jpeg 212w, https:\/\/diariofemenino.com.ar\/df\/wp-content\/uploads\/2019\/06\/WhatsApp-Image-2019-06-21-at-17.10.06-1-768x1087.jpeg 768w, https:\/\/diariofemenino.com.ar\/df\/wp-content\/uploads\/2019\/06\/WhatsApp-Image-2019-06-21-at-17.10.06-1-723x1024.jpeg 723w\" sizes=\"auto, (max-width: 336px) 100vw, 336px\" \/><\/p>\n<p>&nbsp;<\/p>\n<p>&nbsp;<\/p>\n<p>&nbsp;<\/p>\n<p>&nbsp;<\/p>\n<p>&nbsp;<\/p>\n<p>&nbsp;<\/p>\n<p>&nbsp;<\/p>\n<p>&nbsp;<\/p>\n<p>&nbsp;<\/p>\n<p>&nbsp;<\/p>\n<p>&nbsp;<\/p>\n<p>&nbsp;<\/p>\n<p>&nbsp;<\/p>\n<p>&nbsp;<\/p>\n<p>&nbsp;<\/p>\n<p>&nbsp;<\/p>\n<p>\u2022 Viernes 28 de<\/p>\n<p>Junio \u2013 9:00 hs a 12:00 hs en el Sal\u00f3n de Usos M\u00faltiples de Vialidad<\/p>\n<p>Provincial Avda. Spinetto 1.221 \u2013 <strong>Santa Rosa.<\/strong><\/p>\n<p><img loading=\"lazy\" decoding=\"async\" class=\"alignleft  wp-image-37576\" src=\"https:\/\/diariofemenino.com.ar\/df\/wp-content\/uploads\/2019\/06\/WhatsApp-Image-2019-06-21-at-17.10.06.jpeg\" alt=\"\" width=\"337\" height=\"477\" srcset=\"https:\/\/diariofemenino.com.ar\/df\/wp-content\/uploads\/2019\/06\/WhatsApp-Image-2019-06-21-at-17.10.06.jpeg 904w, https:\/\/diariofemenino.com.ar\/df\/wp-content\/uploads\/2019\/06\/WhatsApp-Image-2019-06-21-at-17.10.06-212x300.jpeg 212w, https:\/\/diariofemenino.com.ar\/df\/wp-content\/uploads\/2019\/06\/WhatsApp-Image-2019-06-21-at-17.10.06-768x1087.jpeg 768w, https:\/\/diariofemenino.com.ar\/df\/wp-content\/uploads\/2019\/06\/WhatsApp-Image-2019-06-21-at-17.10.06-723x1024.jpeg 723w\" sizes=\"auto, (max-width: 337px) 100vw, 337px\" \/><\/p>\n<p>&nbsp;<\/p>\n<p>&nbsp;<\/p>\n<p>&nbsp;<\/p>\n<p>&nbsp;<\/p>\n<p>&nbsp;<\/p>\n<p>&nbsp;<\/p>\n<p>&nbsp;<\/p>\n<p>&nbsp;<\/p>\n<p>&nbsp;<\/p>\n<p>&nbsp;<\/p>\n<p>&nbsp;<\/p>\n<p>&nbsp;<\/p>\n<p>&nbsp;<\/p>\n<p>&nbsp;<\/p>\n<p>&nbsp;<\/p>\n<p>_____________________________________________________________________<\/p>\n<p>* Esta gu\u00eda de recomendaciones recoge algunos de los aprendizajes que el programa Sordas Sin Violencia fue sistematizando a partir de su trabajo con mujeres Sordas v\u00edctimas de violencia de g\u00e9nero.<\/p>\n<div class=\"row\">\n<div class=\"small-12 medium-8 columns\">\n<p>Este Programa es el \u00fanico dispositivo de la Argentina que se ocupa exclusivamente de brindar informaci\u00f3n y acompa\u00f1ar a mujeres Sordas que sufren de violencia de g\u00e9nero en el dif\u00edcil camino de acceder a la justicia y mejorar su situaci\u00f3n de vida. \u201cSordas sin Violencia\u201d se cre\u00f3 en 2016 a partir de una alianza entre dos organizaciones de la sociedad civil: FUNDASOR, que acompa\u00f1a a las familias de personas Sordas en sus procesos de\u00a0<a href=\"https:\/\/diariofemenino.com.ar\/primer-parto-inclusivo-en-chile-joven-sorda-tuvo-interprete-de-senas-durante-su-embarazo-y-parto\/\">comunicaci\u00f3n<\/a>\u00a0y socializaci\u00f3n, y Enlaces territoriales para la equidad de g\u00e9nero, una organizaci\u00f3n especializada en violencia de g\u00e9nero. Su trabajo se desarrolla en el \u00e1mbito de la Ciudad de Buenos Aires, aunque con el apoyo de las Tecnolog\u00edas de la Informaci\u00f3n y la Comunicaci\u00f3n (TIC) han podido acompa\u00f1ar a mujeres Sordas de otros lugares del pa\u00eds.<\/p>\n<p>El\u00a0<a href=\"http:\/\/www.ar.undp.org\/content\/argentina\/es\/home\/library\/womens_empowerment\/guia-de-recomendaciones-para-el-acceso-a-la-justicia-de-mujeres-0.html\">Programa<\/a>\u00a0de las Naciones Unidas para el Desarrollo (<a href=\"http:\/\/www.ar.undp.org\/\">PNUD<\/a>) las ha convocado para formar parte de la Iniciativa de Innovaci\u00f3n \u201cRemoviendo Obst\u00e1culos para el Acceso a la Justicia de Mujeres Sordas e Hipoac\u00fasicas\u201d. Mediante esta participaci\u00f3n, elaboraron esta Gu\u00eda de recomendaciones y realizaron actividades de sensibilizaci\u00f3n y visibilidad para funcionarios, organizaciones sociales, culturales y educativas, as\u00ed como tambi\u00e9n para la comunidad Sorda. Su objetivo es que las mujeres Sordas puedan ejercer sus derechos, acceder a la justicia y vivir\u00a0<a href=\"https:\/\/diariofemenino.com.ar\/guia-para-el-tratamiento-mediatico-responsable-de-casos-de-violencia-contra-las-mujeres-2\/\">libres de violencias<\/a>.<\/p>\n<\/div>\n<\/div>\n<div id=\"document-highlights\">\n<h3>Aspectos destacados<\/h3>\n<ul>\n<li>Las mujeres Sordas y su cultura<\/li>\n<li>\u00bfPor qu\u00e9 las mujeres Sordas v\u00edctimas de violencia de g\u00e9nero est\u00e1n doblemente afectadas por la violencia?<\/li>\n<li>Los derechos de las mujeres Sordas y de las personas con discapacidad<\/li>\n<li>Nada de nosotras sin nosotras<\/li>\n<li>El derecho a una comunicaci\u00f3n inclusiva<\/li>\n<li>Recomendaciones para el acompa\u00f1amiento a mujeres Sordas durante la ruta cr\u00edtica de la violencia de g\u00e9nero<\/li>\n<li>La intervenci\u00f3n de int\u00e9rpretes y mediadoras Sordas<\/li>\n<li>Que nadie quede atr\u00e1s<\/li>\n<\/ul>\n<\/div>\n<p>&nbsp;<\/p>\n","protected":false},"excerpt":{"rendered":"<p>La Direcci\u00f3n de Violencia Familia, a cargo de Claudia Santiago,\u00a0Direcci\u00f3n de Discapacidad a cargo de Iv\u00e1n Poggio la Ministra de Desarrollo Social de La Pampa, Fernanda Alonso y la Presidenta de\u00a0la Comisi\u00f3n Banca de la Mujer, Senadora Norma Durango invitan a equipos profesionales y\/o de trabajo a la Jornada \u201cRemoviendo Obst\u00e1culos en el acceso a [&hellip;]<\/p>\n","protected":false},"author":4,"featured_media":37576,"comment_status":"open","ping_status":"open","sticky":false,"template":"","format":"standard","meta":{"iawp_total_views":4,"footnotes":""},"categories":[7,1067],"tags":[1516,1513,53,26,1515,1514,1503,364,16],"class_list":["post-37575","post","type-post","status-publish","format-standard","has-post-thumbnail","hentry","category-actividades","category-agenda-feminista","tag-acceso-a-la-informacion","tag-claudia-santiago","tag-derechos-de-las-mujeres","tag-feminismo","tag-fernanda-alonso","tag-ivan-poggio","tag-mujeres-sordas","tag-norma-durango","tag-violencia-de-genero"],"nelio_content":{"autoShareEndMode":"never","automationSources":{"useCustomSentences":false,"customSentences":[]},"efiAlt":"","efiUrl":"","followers":[4],"highlights":[],"isAutoShareEnabled":true,"networkImageIds":[],"permalinkQueryArgs":[],"series":[],"suggestedReferences":[]},"yoast_head":"<!-- This site is optimized with the Yoast SEO plugin v27.5 - https:\/\/yoast.com\/product\/yoast-seo-wordpress\/ -->\n<title>\u201cRemoviendo Obst\u00e1culos en el acceso a la informaci\u00f3n y a los servicios de asistencia y justicia de las mujeres sordas v\u00edctimas de violencia de g\u00e9nero\u201d - Diario Digital Femenino<\/title>\n<meta name=\"description\" content=\"\u201cRemoviendo Obst\u00e1culos en el acceso a lainformaci\u00f3n y a los servicios de asistencia y justicia de las mujeres sordas v\u00edctimas deviolencia de g\u00e9nero\u201d\" \/>\n<meta name=\"robots\" content=\"index, follow, max-snippet:-1, max-image-preview:large, max-video-preview:-1\" \/>\n<link rel=\"canonical\" href=\"https:\/\/diariofemenino.com.ar\/df\/removiendo-obstaculos\/\" \/>\n<meta property=\"og:locale\" content=\"es_ES\" \/>\n<meta property=\"og:type\" content=\"article\" \/>\n<meta property=\"og:title\" content=\"\u201cRemoviendo Obst\u00e1culos en el acceso a la informaci\u00f3n y a los servicios de asistencia y justicia de las mujeres sordas v\u00edctimas de violencia de g\u00e9nero\u201d - Diario Digital Femenino\" \/>\n<meta property=\"og:description\" content=\"\u201cRemoviendo Obst\u00e1culos en el acceso a lainformaci\u00f3n y a los servicios de asistencia y justicia de las mujeres sordas v\u00edctimas deviolencia de g\u00e9nero\u201d\" \/>\n<meta property=\"og:url\" content=\"https:\/\/diariofemenino.com.ar\/df\/removiendo-obstaculos\/\" \/>\n<meta property=\"og:site_name\" content=\"Diario Digital Femenino\" \/>\n<meta property=\"article:publisher\" content=\"https:\/\/www.facebook.com\/DiarioDigitaFemenino\/\" \/>\n<meta property=\"article:published_time\" content=\"2019-06-24T23:25:38+00:00\" \/>\n<meta property=\"article:modified_time\" content=\"2019-06-24T23:30:05+00:00\" \/>\n<meta property=\"og:image\" content=\"https:\/\/diariofemenino.com.ar\/df\/wp-content\/uploads\/2019\/06\/WhatsApp-Image-2019-06-21-at-17.10.06.jpeg\" \/>\n\t<meta property=\"og:image:width\" content=\"904\" \/>\n\t<meta property=\"og:image:height\" content=\"1280\" \/>\n\t<meta property=\"og:image:type\" content=\"image\/jpeg\" \/>\n<meta name=\"author\" content=\"Admin\" \/>\n<meta name=\"twitter:card\" content=\"summary_large_image\" \/>\n<meta name=\"twitter:creator\" content=\"@DiarioFemenino1\" \/>\n<meta name=\"twitter:site\" content=\"@DiarioFemenino1\" \/>\n<meta name=\"twitter:label1\" content=\"Escrito por\" \/>\n\t<meta name=\"twitter:data1\" content=\"Admin\" \/>\n\t<meta name=\"twitter:label2\" content=\"Tiempo de lectura\" \/>\n\t<meta name=\"twitter:data2\" content=\"4 minutos\" \/>\n<script type=\"application\/ld+json\" class=\"yoast-schema-graph\">{\"@context\":\"https:\\\/\\\/schema.org\",\"@graph\":[{\"@type\":\"Article\",\"@id\":\"https:\\\/\\\/diariofemenino.com.ar\\\/df\\\/removiendo-obstaculos\\\/#article\",\"isPartOf\":{\"@id\":\"https:\\\/\\\/diariofemenino.com.ar\\\/df\\\/removiendo-obstaculos\\\/\"},\"author\":{\"name\":\"Admin\",\"@id\":\"https:\\\/\\\/diariofemenino.com.ar\\\/df\\\/#\\\/schema\\\/person\\\/bf6199e8158c657ea6f789b11ec85509\"},\"headline\":\"\u201cRemoviendo Obst\u00e1culos en el acceso a la informaci\u00f3n y a los servicios de asistencia y justicia de las mujeres sordas v\u00edctimas de violencia de g\u00e9nero\u201d\",\"datePublished\":\"2019-06-24T23:25:38+00:00\",\"dateModified\":\"2019-06-24T23:30:05+00:00\",\"mainEntityOfPage\":{\"@id\":\"https:\\\/\\\/diariofemenino.com.ar\\\/df\\\/removiendo-obstaculos\\\/\"},\"wordCount\":757,\"commentCount\":0,\"publisher\":{\"@id\":\"https:\\\/\\\/diariofemenino.com.ar\\\/df\\\/#organization\"},\"image\":{\"@id\":\"https:\\\/\\\/diariofemenino.com.ar\\\/df\\\/removiendo-obstaculos\\\/#primaryimage\"},\"thumbnailUrl\":\"https:\\\/\\\/diariofemenino.com.ar\\\/df\\\/wp-content\\\/uploads\\\/2019\\\/06\\\/WhatsApp-Image-2019-06-21-at-17.10.06.jpeg\",\"keywords\":[\"Acceso a la informaci\u00f3n\",\"Claudia Santiago\",\"Derechos de las mujeres\",\"Feminismo\",\"Fernanda Alonso\",\"Iv\u00e1n Poggio\",\"Mujeres Sordas\",\"Norma Durango\",\"Violencia de g\u00e9nero\"],\"articleSection\":[\"Actividades\",\"Agenda Feminista\"],\"inLanguage\":\"es\",\"potentialAction\":[{\"@type\":\"CommentAction\",\"name\":\"Comment\",\"target\":[\"https:\\\/\\\/diariofemenino.com.ar\\\/df\\\/removiendo-obstaculos\\\/#respond\"]}]},{\"@type\":\"WebPage\",\"@id\":\"https:\\\/\\\/diariofemenino.com.ar\\\/df\\\/removiendo-obstaculos\\\/\",\"url\":\"https:\\\/\\\/diariofemenino.com.ar\\\/df\\\/removiendo-obstaculos\\\/\",\"name\":\"\u201cRemoviendo Obst\u00e1culos en el acceso a la informaci\u00f3n y a los servicios de asistencia y justicia de las mujeres sordas v\u00edctimas de violencia de g\u00e9nero\u201d - Diario Digital Femenino\",\"isPartOf\":{\"@id\":\"https:\\\/\\\/diariofemenino.com.ar\\\/df\\\/#website\"},\"primaryImageOfPage\":{\"@id\":\"https:\\\/\\\/diariofemenino.com.ar\\\/df\\\/removiendo-obstaculos\\\/#primaryimage\"},\"image\":{\"@id\":\"https:\\\/\\\/diariofemenino.com.ar\\\/df\\\/removiendo-obstaculos\\\/#primaryimage\"},\"thumbnailUrl\":\"https:\\\/\\\/diariofemenino.com.ar\\\/df\\\/wp-content\\\/uploads\\\/2019\\\/06\\\/WhatsApp-Image-2019-06-21-at-17.10.06.jpeg\",\"datePublished\":\"2019-06-24T23:25:38+00:00\",\"dateModified\":\"2019-06-24T23:30:05+00:00\",\"description\":\"\u201cRemoviendo Obst\u00e1culos en el acceso a lainformaci\u00f3n y a los servicios de asistencia y justicia de las mujeres sordas v\u00edctimas deviolencia de g\u00e9nero\u201d\",\"breadcrumb\":{\"@id\":\"https:\\\/\\\/diariofemenino.com.ar\\\/df\\\/removiendo-obstaculos\\\/#breadcrumb\"},\"inLanguage\":\"es\",\"potentialAction\":[{\"@type\":\"ReadAction\",\"target\":[\"https:\\\/\\\/diariofemenino.com.ar\\\/df\\\/removiendo-obstaculos\\\/\"]}]},{\"@type\":\"ImageObject\",\"inLanguage\":\"es\",\"@id\":\"https:\\\/\\\/diariofemenino.com.ar\\\/df\\\/removiendo-obstaculos\\\/#primaryimage\",\"url\":\"https:\\\/\\\/diariofemenino.com.ar\\\/df\\\/wp-content\\\/uploads\\\/2019\\\/06\\\/WhatsApp-Image-2019-06-21-at-17.10.06.jpeg\",\"contentUrl\":\"https:\\\/\\\/diariofemenino.com.ar\\\/df\\\/wp-content\\\/uploads\\\/2019\\\/06\\\/WhatsApp-Image-2019-06-21-at-17.10.06.jpeg\",\"width\":904,\"height\":1280},{\"@type\":\"BreadcrumbList\",\"@id\":\"https:\\\/\\\/diariofemenino.com.ar\\\/df\\\/removiendo-obstaculos\\\/#breadcrumb\",\"itemListElement\":[{\"@type\":\"ListItem\",\"position\":1,\"name\":\"Portada\",\"item\":\"https:\\\/\\\/diariofemenino.com.ar\\\/df\\\/\"},{\"@type\":\"ListItem\",\"position\":2,\"name\":\"\u201cRemoviendo Obst\u00e1culos en el acceso a la informaci\u00f3n y a los servicios de asistencia y justicia de las mujeres sordas v\u00edctimas de violencia de g\u00e9nero\u201d\"}]},{\"@type\":\"WebSite\",\"@id\":\"https:\\\/\\\/diariofemenino.com.ar\\\/df\\\/#website\",\"url\":\"https:\\\/\\\/diariofemenino.com.ar\\\/df\\\/\",\"name\":\"Diario Digital Femenino\",\"description\":\"Cuesti\u00f3n de G\u00e9nero\",\"publisher\":{\"@id\":\"https:\\\/\\\/diariofemenino.com.ar\\\/df\\\/#organization\"},\"potentialAction\":[{\"@type\":\"SearchAction\",\"target\":{\"@type\":\"EntryPoint\",\"urlTemplate\":\"https:\\\/\\\/diariofemenino.com.ar\\\/df\\\/?s={search_term_string}\"},\"query-input\":{\"@type\":\"PropertyValueSpecification\",\"valueRequired\":true,\"valueName\":\"search_term_string\"}}],\"inLanguage\":\"es\"},{\"@type\":\"Organization\",\"@id\":\"https:\\\/\\\/diariofemenino.com.ar\\\/df\\\/#organization\",\"name\":\"Diario Femenino\",\"url\":\"https:\\\/\\\/diariofemenino.com.ar\\\/df\\\/\",\"logo\":{\"@type\":\"ImageObject\",\"inLanguage\":\"es\",\"@id\":\"https:\\\/\\\/diariofemenino.com.ar\\\/df\\\/#\\\/schema\\\/logo\\\/image\\\/\",\"url\":\"https:\\\/\\\/diariofemenino.com.ar\\\/df\\\/wp-content\\\/uploads\\\/2018\\\/10\\\/logo.png\",\"contentUrl\":\"https:\\\/\\\/diariofemenino.com.ar\\\/df\\\/wp-content\\\/uploads\\\/2018\\\/10\\\/logo.png\",\"width\":500,\"height\":92,\"caption\":\"Diario Femenino\"},\"image\":{\"@id\":\"https:\\\/\\\/diariofemenino.com.ar\\\/df\\\/#\\\/schema\\\/logo\\\/image\\\/\"},\"sameAs\":[\"https:\\\/\\\/www.facebook.com\\\/DiarioDigitaFemenino\\\/\",\"https:\\\/\\\/x.com\\\/DiarioFemenino1\"]},{\"@type\":\"Person\",\"@id\":\"https:\\\/\\\/diariofemenino.com.ar\\\/df\\\/#\\\/schema\\\/person\\\/bf6199e8158c657ea6f789b11ec85509\",\"name\":\"Admin\",\"image\":{\"@type\":\"ImageObject\",\"inLanguage\":\"es\",\"@id\":\"https:\\\/\\\/diariofemenino.com.ar\\\/df\\\/wp-content\\\/uploads\\\/2018\\\/12\\\/favicon-150x150.jpg\",\"url\":\"https:\\\/\\\/diariofemenino.com.ar\\\/df\\\/wp-content\\\/uploads\\\/2018\\\/12\\\/favicon-150x150.jpg\",\"contentUrl\":\"https:\\\/\\\/diariofemenino.com.ar\\\/df\\\/wp-content\\\/uploads\\\/2018\\\/12\\\/favicon-150x150.jpg\",\"caption\":\"Admin\"},\"url\":\"https:\\\/\\\/diariofemenino.com.ar\\\/df\\\/author\\\/lenny\\\/\"}]}<\/script>\n<!-- \/ Yoast SEO plugin. -->","yoast_head_json":{"title":"\u201cRemoviendo Obst\u00e1culos en el acceso a la informaci\u00f3n y a los servicios de asistencia y justicia de las mujeres sordas v\u00edctimas de violencia de g\u00e9nero\u201d - Diario Digital Femenino","description":"\u201cRemoviendo Obst\u00e1culos en el acceso a lainformaci\u00f3n y a los servicios de asistencia y justicia de las mujeres sordas v\u00edctimas deviolencia de g\u00e9nero\u201d","robots":{"index":"index","follow":"follow","max-snippet":"max-snippet:-1","max-image-preview":"max-image-preview:large","max-video-preview":"max-video-preview:-1"},"canonical":"https:\/\/diariofemenino.com.ar\/df\/removiendo-obstaculos\/","og_locale":"es_ES","og_type":"article","og_title":"\u201cRemoviendo Obst\u00e1culos en el acceso a la informaci\u00f3n y a los servicios de asistencia y justicia de las mujeres sordas v\u00edctimas de violencia de g\u00e9nero\u201d - Diario Digital Femenino","og_description":"\u201cRemoviendo Obst\u00e1culos en el acceso a lainformaci\u00f3n y a los servicios de asistencia y justicia de las mujeres sordas v\u00edctimas deviolencia de g\u00e9nero\u201d","og_url":"https:\/\/diariofemenino.com.ar\/df\/removiendo-obstaculos\/","og_site_name":"Diario Digital Femenino","article_publisher":"https:\/\/www.facebook.com\/DiarioDigitaFemenino\/","article_published_time":"2019-06-24T23:25:38+00:00","article_modified_time":"2019-06-24T23:30:05+00:00","og_image":[{"width":904,"height":1280,"url":"https:\/\/diariofemenino.com.ar\/df\/wp-content\/uploads\/2019\/06\/WhatsApp-Image-2019-06-21-at-17.10.06.jpeg","type":"image\/jpeg"}],"author":"Admin","twitter_card":"summary_large_image","twitter_creator":"@DiarioFemenino1","twitter_site":"@DiarioFemenino1","twitter_misc":{"Escrito por":"Admin","Tiempo de lectura":"4 minutos"},"schema":{"@context":"https:\/\/schema.org","@graph":[{"@type":"Article","@id":"https:\/\/diariofemenino.com.ar\/df\/removiendo-obstaculos\/#article","isPartOf":{"@id":"https:\/\/diariofemenino.com.ar\/df\/removiendo-obstaculos\/"},"author":{"name":"Admin","@id":"https:\/\/diariofemenino.com.ar\/df\/#\/schema\/person\/bf6199e8158c657ea6f789b11ec85509"},"headline":"\u201cRemoviendo Obst\u00e1culos en el acceso a la informaci\u00f3n y a los servicios de asistencia y justicia de las mujeres sordas v\u00edctimas de violencia de g\u00e9nero\u201d","datePublished":"2019-06-24T23:25:38+00:00","dateModified":"2019-06-24T23:30:05+00:00","mainEntityOfPage":{"@id":"https:\/\/diariofemenino.com.ar\/df\/removiendo-obstaculos\/"},"wordCount":757,"commentCount":0,"publisher":{"@id":"https:\/\/diariofemenino.com.ar\/df\/#organization"},"image":{"@id":"https:\/\/diariofemenino.com.ar\/df\/removiendo-obstaculos\/#primaryimage"},"thumbnailUrl":"https:\/\/diariofemenino.com.ar\/df\/wp-content\/uploads\/2019\/06\/WhatsApp-Image-2019-06-21-at-17.10.06.jpeg","keywords":["Acceso a la informaci\u00f3n","Claudia Santiago","Derechos de las mujeres","Feminismo","Fernanda Alonso","Iv\u00e1n Poggio","Mujeres Sordas","Norma Durango","Violencia de g\u00e9nero"],"articleSection":["Actividades","Agenda Feminista"],"inLanguage":"es","potentialAction":[{"@type":"CommentAction","name":"Comment","target":["https:\/\/diariofemenino.com.ar\/df\/removiendo-obstaculos\/#respond"]}]},{"@type":"WebPage","@id":"https:\/\/diariofemenino.com.ar\/df\/removiendo-obstaculos\/","url":"https:\/\/diariofemenino.com.ar\/df\/removiendo-obstaculos\/","name":"\u201cRemoviendo Obst\u00e1culos en el acceso a la informaci\u00f3n y a los servicios de asistencia y justicia de las mujeres sordas v\u00edctimas de violencia de g\u00e9nero\u201d - Diario Digital Femenino","isPartOf":{"@id":"https:\/\/diariofemenino.com.ar\/df\/#website"},"primaryImageOfPage":{"@id":"https:\/\/diariofemenino.com.ar\/df\/removiendo-obstaculos\/#primaryimage"},"image":{"@id":"https:\/\/diariofemenino.com.ar\/df\/removiendo-obstaculos\/#primaryimage"},"thumbnailUrl":"https:\/\/diariofemenino.com.ar\/df\/wp-content\/uploads\/2019\/06\/WhatsApp-Image-2019-06-21-at-17.10.06.jpeg","datePublished":"2019-06-24T23:25:38+00:00","dateModified":"2019-06-24T23:30:05+00:00","description":"\u201cRemoviendo Obst\u00e1culos en el acceso a lainformaci\u00f3n y a los servicios de asistencia y justicia de las mujeres sordas v\u00edctimas deviolencia de g\u00e9nero\u201d","breadcrumb":{"@id":"https:\/\/diariofemenino.com.ar\/df\/removiendo-obstaculos\/#breadcrumb"},"inLanguage":"es","potentialAction":[{"@type":"ReadAction","target":["https:\/\/diariofemenino.com.ar\/df\/removiendo-obstaculos\/"]}]},{"@type":"ImageObject","inLanguage":"es","@id":"https:\/\/diariofemenino.com.ar\/df\/removiendo-obstaculos\/#primaryimage","url":"https:\/\/diariofemenino.com.ar\/df\/wp-content\/uploads\/2019\/06\/WhatsApp-Image-2019-06-21-at-17.10.06.jpeg","contentUrl":"https:\/\/diariofemenino.com.ar\/df\/wp-content\/uploads\/2019\/06\/WhatsApp-Image-2019-06-21-at-17.10.06.jpeg","width":904,"height":1280},{"@type":"BreadcrumbList","@id":"https:\/\/diariofemenino.com.ar\/df\/removiendo-obstaculos\/#breadcrumb","itemListElement":[{"@type":"ListItem","position":1,"name":"Portada","item":"https:\/\/diariofemenino.com.ar\/df\/"},{"@type":"ListItem","position":2,"name":"\u201cRemoviendo Obst\u00e1culos en el acceso a la informaci\u00f3n y a los servicios de asistencia y justicia de las mujeres sordas v\u00edctimas de violencia de g\u00e9nero\u201d"}]},{"@type":"WebSite","@id":"https:\/\/diariofemenino.com.ar\/df\/#website","url":"https:\/\/diariofemenino.com.ar\/df\/","name":"Diario Digital Femenino","description":"Cuesti\u00f3n de G\u00e9nero","publisher":{"@id":"https:\/\/diariofemenino.com.ar\/df\/#organization"},"potentialAction":[{"@type":"SearchAction","target":{"@type":"EntryPoint","urlTemplate":"https:\/\/diariofemenino.com.ar\/df\/?s={search_term_string}"},"query-input":{"@type":"PropertyValueSpecification","valueRequired":true,"valueName":"search_term_string"}}],"inLanguage":"es"},{"@type":"Organization","@id":"https:\/\/diariofemenino.com.ar\/df\/#organization","name":"Diario Femenino","url":"https:\/\/diariofemenino.com.ar\/df\/","logo":{"@type":"ImageObject","inLanguage":"es","@id":"https:\/\/diariofemenino.com.ar\/df\/#\/schema\/logo\/image\/","url":"https:\/\/diariofemenino.com.ar\/df\/wp-content\/uploads\/2018\/10\/logo.png","contentUrl":"https:\/\/diariofemenino.com.ar\/df\/wp-content\/uploads\/2018\/10\/logo.png","width":500,"height":92,"caption":"Diario Femenino"},"image":{"@id":"https:\/\/diariofemenino.com.ar\/df\/#\/schema\/logo\/image\/"},"sameAs":["https:\/\/www.facebook.com\/DiarioDigitaFemenino\/","https:\/\/x.com\/DiarioFemenino1"]},{"@type":"Person","@id":"https:\/\/diariofemenino.com.ar\/df\/#\/schema\/person\/bf6199e8158c657ea6f789b11ec85509","name":"Admin","image":{"@type":"ImageObject","inLanguage":"es","@id":"https:\/\/diariofemenino.com.ar\/df\/wp-content\/uploads\/2018\/12\/favicon-150x150.jpg","url":"https:\/\/diariofemenino.com.ar\/df\/wp-content\/uploads\/2018\/12\/favicon-150x150.jpg","contentUrl":"https:\/\/diariofemenino.com.ar\/df\/wp-content\/uploads\/2018\/12\/favicon-150x150.jpg","caption":"Admin"},"url":"https:\/\/diariofemenino.com.ar\/df\/author\/lenny\/"}]}},"jetpack_featured_media_url":"https:\/\/diariofemenino.com.ar\/df\/wp-content\/uploads\/2019\/06\/WhatsApp-Image-2019-06-21-at-17.10.06.jpeg","jetpack_sharing_enabled":true,"rttpg_featured_image_url":{"full":["https:\/\/diariofemenino.com.ar\/df\/wp-content\/uploads\/2019\/06\/WhatsApp-Image-2019-06-21-at-17.10.06.jpeg",904,1280,false],"landscape":["https:\/\/diariofemenino.com.ar\/df\/wp-content\/uploads\/2019\/06\/WhatsApp-Image-2019-06-21-at-17.10.06.jpeg",904,1280,false],"portraits":["https:\/\/diariofemenino.com.ar\/df\/wp-content\/uploads\/2019\/06\/WhatsApp-Image-2019-06-21-at-17.10.06.jpeg",904,1280,false],"thumbnail":["https:\/\/diariofemenino.com.ar\/df\/wp-content\/uploads\/2019\/06\/WhatsApp-Image-2019-06-21-at-17.10.06-150x150.jpeg",150,150,true],"medium":["https:\/\/diariofemenino.com.ar\/df\/wp-content\/uploads\/2019\/06\/WhatsApp-Image-2019-06-21-at-17.10.06-212x300.jpeg",212,300,true],"large":["https:\/\/diariofemenino.com.ar\/df\/wp-content\/uploads\/2019\/06\/WhatsApp-Image-2019-06-21-at-17.10.06-723x1024.jpeg",723,1024,true],"1536x1536":["https:\/\/diariofemenino.com.ar\/df\/wp-content\/uploads\/2019\/06\/WhatsApp-Image-2019-06-21-at-17.10.06.jpeg",904,1280,false],"2048x2048":["https:\/\/diariofemenino.com.ar\/df\/wp-content\/uploads\/2019\/06\/WhatsApp-Image-2019-06-21-at-17.10.06.jpeg",904,1280,false]},"rttpg_author":{"display_name":"Admin","author_link":"https:\/\/diariofemenino.com.ar\/df\/author\/lenny\/"},"rttpg_comment":0,"rttpg_category":"<a href=\"https:\/\/diariofemenino.com.ar\/df\/category\/actividades\/\" rel=\"category tag\">Actividades<\/a> <a href=\"https:\/\/diariofemenino.com.ar\/df\/category\/agenda-feminista\/\" rel=\"category tag\">Agenda Feminista<\/a>","rttpg_excerpt":"La Direcci\u00f3n de Violencia Familia, a cargo de Claudia Santiago,\u00a0Direcci\u00f3n de Discapacidad a cargo de Iv\u00e1n Poggio la Ministra de Desarrollo Social de La Pampa, Fernanda Alonso y la Presidenta de\u00a0la Comisi\u00f3n Banca de la Mujer, Senadora Norma Durango invitan a equipos profesionales y\/o de trabajo a la Jornada \u201cRemoviendo Obst\u00e1culos en el acceso a&hellip;","_links":{"self":[{"href":"https:\/\/diariofemenino.com.ar\/df\/wp-json\/wp\/v2\/posts\/37575","targetHints":{"allow":["GET"]}}],"collection":[{"href":"https:\/\/diariofemenino.com.ar\/df\/wp-json\/wp\/v2\/posts"}],"about":[{"href":"https:\/\/diariofemenino.com.ar\/df\/wp-json\/wp\/v2\/types\/post"}],"author":[{"embeddable":true,"href":"https:\/\/diariofemenino.com.ar\/df\/wp-json\/wp\/v2\/users\/4"}],"replies":[{"embeddable":true,"href":"https:\/\/diariofemenino.com.ar\/df\/wp-json\/wp\/v2\/comments?post=37575"}],"version-history":[{"count":0,"href":"https:\/\/diariofemenino.com.ar\/df\/wp-json\/wp\/v2\/posts\/37575\/revisions"}],"wp:featuredmedia":[{"embeddable":true,"href":"https:\/\/diariofemenino.com.ar\/df\/wp-json\/wp\/v2\/media\/37576"}],"wp:attachment":[{"href":"https:\/\/diariofemenino.com.ar\/df\/wp-json\/wp\/v2\/media?parent=37575"}],"wp:term":[{"taxonomy":"category","embeddable":true,"href":"https:\/\/diariofemenino.com.ar\/df\/wp-json\/wp\/v2\/categories?post=37575"},{"taxonomy":"post_tag","embeddable":true,"href":"https:\/\/diariofemenino.com.ar\/df\/wp-json\/wp\/v2\/tags?post=37575"}],"curies":[{"name":"wp","href":"https:\/\/api.w.org\/{rel}","templated":true}]}}