{"id":37528,"date":"2019-06-24T12:49:21","date_gmt":"2019-06-24T15:49:21","guid":{"rendered":"https:\/\/diariofemenino.com.ar\/?p=37528"},"modified":"2019-06-24T12:49:21","modified_gmt":"2019-06-24T15:49:21","slug":"guia-de-recomendaciones-para-el-acceso-a-la-justicia-de-mujeres-sordas-victimas-de-violencia-de-genero","status":"publish","type":"post","link":"https:\/\/diariofemenino.com.ar\/df\/guia-de-recomendaciones-para-el-acceso-a-la-justicia-de-mujeres-sordas-victimas-de-violencia-de-genero\/","title":{"rendered":"Gu\u00eda de recomendaciones para el acceso a la Justicia de mujeres Sordas v\u00edctimas de violencia de g\u00e9nero"},"content":{"rendered":"<h3 style=\"text-align: center;\"><strong>Gu\u00eda de recomendaciones para el acceso a la Justicia de mujeres Sordas v\u00edctimas de violencia de g\u00e9nero<\/strong><\/h3>\n<p><strong>Resumen<\/strong><\/p>\n<div class=\"undpbridge container\">\n<div class=\"row\">\n<div class=\"small-12 medium-12 large-9 columns\">\n<div class=\"content-wrap goals-wrap\">\n<div class=\"parsys centerPar\">\n<div class=\"document section\">\n<div class=\"row\">\n<div class=\"small-12 medium-8 columns\">\n<p><span style=\"color: #808080;\">(descargar en Portada)<\/span><\/p>\n<p><a href=\"https:\/\/diariofemenino.com.ar\/df\/wp-content\/uploads\/2019\/06\/PNUDArgent-Guia-de-recomendaciones_ESP_BAJA.pdf\"><img loading=\"lazy\" decoding=\"async\" class=\"alignleft size-full wp-image-37530\" src=\"https:\/\/diariofemenino.com.ar\/df\/wp-content\/uploads\/2019\/06\/Gu\u00eda-sordas.jpg\" alt=\"Gu\u00eda de recomendaciones para el acceso a la Justicia de mujeres Sordas v\u00edctimas de violencia de g\u00e9nero\" width=\"394\" height=\"557\" srcset=\"https:\/\/diariofemenino.com.ar\/df\/wp-content\/uploads\/2019\/06\/Gu\u00eda-sordas.jpg 394w, https:\/\/diariofemenino.com.ar\/df\/wp-content\/uploads\/2019\/06\/Gu\u00eda-sordas-212x300.jpg 212w\" sizes=\"auto, (max-width: 394px) 100vw, 394px\" \/><\/a>Esta gu\u00eda de recomendaciones recoge algunos de los aprendizajes que el programa Sordas Sin Violencia fue sistematizando a partir de su trabajo con mujeres Sordas v\u00edctimas de violencia de g\u00e9nero.<\/p>\n<p>Este Programa es el \u00fanico dispositivo de la Argentina que se ocupa exclusivamente de brindar informaci\u00f3n y acompa\u00f1ar a mujeres Sordas que sufren de violencia de g\u00e9nero en el dif\u00edcil camino de acceder a la justicia y mejorar su situaci\u00f3n de vida. \u201cSordas sin Violencia\u201d se cre\u00f3 en 2016 a partir de una alianza entre dos organizaciones de la sociedad civil: FUNDASOR, que acompa\u00f1a a las familias de personas Sordas en sus procesos de <a href=\"https:\/\/diariofemenino.com.ar\/primer-parto-inclusivo-en-chile-joven-sorda-tuvo-interprete-de-senas-durante-su-embarazo-y-parto\/\">comunicaci\u00f3n<\/a> y socializaci\u00f3n, y Enlaces territoriales para la equidad de g\u00e9nero, una organizaci\u00f3n especializada en violencia de g\u00e9nero. Su trabajo se desarrolla en el \u00e1mbito de la Ciudad de Buenos Aires, aunque con el apoyo de las Tecnolog\u00edas de la Informaci\u00f3n y la Comunicaci\u00f3n (TIC) han podido acompa\u00f1ar a mujeres Sordas de otros lugares del pa\u00eds.<\/p>\n<p>El <a href=\"http:\/\/www.ar.undp.org\/content\/argentina\/es\/home\/library\/womens_empowerment\/guia-de-recomendaciones-para-el-acceso-a-la-justicia-de-mujeres-0.html\">Programa<\/a> de las Naciones Unidas para el Desarrollo (<a href=\"http:\/\/www.ar.undp.org\">PNUD<\/a>) las ha convocado para formar parte de la Iniciativa de Innovaci\u00f3n \u201cRemoviendo Obst\u00e1culos para el Acceso a la Justicia de Mujeres Sordas e Hipoac\u00fasicas\u201d. Mediante esta participaci\u00f3n, elaboraron esta Gu\u00eda de recomendaciones y realizaron actividades de sensibilizaci\u00f3n y visibilidad para funcionarios, organizaciones sociales, culturales y educativas, as\u00ed como tambi\u00e9n para la comunidad Sorda. Su objetivo es que las mujeres Sordas puedan ejercer sus derechos, acceder a la justicia y vivir <a href=\"https:\/\/diariofemenino.com.ar\/guia-para-el-tratamiento-mediatico-responsable-de-casos-de-violencia-contra-las-mujeres-2\/\">libres de violencias<\/a>.<\/p>\n<\/div>\n<\/div>\n<div id=\"document-highlights\">\n<h3>Aspectos destacados<\/h3>\n<ul>\n<li>Las mujeres Sordas y su cultura<\/li>\n<li>\u00bfPor qu\u00e9 las mujeres Sordas v\u00edctimas de violencia de g\u00e9nero est\u00e1n doblemente afectadas por la violencia?<\/li>\n<li>Los derechos de las mujeres Sordas y de las personas con discapacidad<\/li>\n<li>Nada de nosotras sin nosotras<\/li>\n<li>El derecho a una comunicaci\u00f3n inclusiva<\/li>\n<li>Recomendaciones para el acompa\u00f1amiento a mujeres Sordas durante la ruta cr\u00edtica de la violencia de g\u00e9nero<\/li>\n<li>La intervenci\u00f3n de int\u00e9rpretes y mediadoras Sordas<\/li>\n<li>Que nadie quede atr\u00e1s<\/li>\n<\/ul>\n<\/div>\n<\/div>\n<\/div>\n<\/div>\n<\/div>\n<div class=\"large-3 columns\">\n<aside class=\"aside-wrap aside-latest\">\n<div class=\"rightRail parsys rightrailcontainer\">\n<div class=\"undpbridge accordion\" role=\"tablist\" data-accordion=\"\" data-multi-expand=\"true\" data-allow-all-closed=\"true\" data-i=\"kn1giq-i\">\n<div id=\"mod-1090254296\" class=\"accordion-item\" data-accordion-item=\"\">\n<div id=\"d7iqkk-accordion\" class=\"undpbridge accordion-content\" role=\"tabpanel\" data-tab-content=\"\" aria-labelledby=\"mod-1090254296-label\" aria-hidden=\"true\">\n<div class=\"docDownloads\"><\/div>\n<\/div>\n<\/div>\n<div id=\"mod2139178473\" class=\"accordion-item\" data-accordion-item=\"\">\n<div id=\"7egy2s-accordion\" class=\"undpbridge accordion-content\" role=\"tabpanel\" data-tab-content=\"\" aria-labelledby=\"mod2139178473-label\" aria-hidden=\"true\">\n<div class=\"socialMediaRightNav\"><\/div>\n<\/div>\n<\/div>\n<\/div>\n<\/div>\n<\/aside>\n<\/div>\n<\/div>\n<\/div>\n<footer class=\"slide-up-fade-in-content is-animating\">\n<nav class=\"global-footer\">\n<div class=\"row\"><strong>Versi\u00f3n en Ingl\u00e9s<\/strong><\/div>\n<\/nav>\n<\/footer>\n<div><\/div>\n<div><span style=\"color: #808080;\">(descargar en Portada)<br \/>\nINTRODUCTION<\/span><br \/>\n<a href=\"https:\/\/diariofemenino.com.ar\/df\/wp-content\/uploads\/2019\/06\/PNUDArgent-Guia-de-recomendaciones_INGLES_BAJA.pdf\"><img loading=\"lazy\" decoding=\"async\" class=\"alignleft size-full wp-image-37534\" src=\"https:\/\/diariofemenino.com.ar\/df\/wp-content\/uploads\/2019\/06\/cq5dam.web_.221.289.png\" alt=\"Gu\u00eda de recomendaciones para el acceso a la Justicia de mujeres Sordas v\u00edctimas de violencia de g\u00e9nero\" width=\"203\" height=\"289\" \/><\/a>This set of guidelines is based on the knowledge gained and systematized from our experience working with Deaf women victims of gender-based violence within the framework of the \u201cSordas Sin Violencia\u201d Program [\u201cNon-Violence to Deaf Women\u201d in English].<br \/>\nThis Program is the only device in Argentina which exclusively informs and supports Deaf women experiencing gender-based violence along the difficult path towards accessing justice and enhancing their quality of life. \u201cSordas Sin Violencia\u201d was created in 2016 by an alliance of two civil society associations, namely: FUNDASOR, which supports Deaf persons\u2019 families in their communication and socialization processes, and \u201cEnlaces territoriales para la equidad de g\u00e9nero,\u201d an organization specialized in gender-based violence. Our work develops within the territory of the City of Buenos Aires, though with the support of Information and Communication Technologies (ICT) we have been able to accompany Deaf women across Argentina.<br \/>\nThe United Nations Development Program (UNDP) has called us to take part in an Innovation Initiative named \u201cRemoving Barriers for Access to Justice of Deaf and hearing-impaired Women.\u201d As a result of our participation, we have prepared these Guidelines and conducted sensitization and identification activities aimed at government officials, social, cultural and educational organizations, as well as the Deaf community. Our goal is to enable Deaf women to exercise their rights, access justice, and lead a violence-free life.<br \/>\nDue to their hearing loss, Deaf persons adopt a visual form of communication and develop customs and values which become a tradition with the passage of time. As explained by the Deaf expert Paddy Ladd, who has been awarded a PhD degree in Deaf Culture by the University of Bristol, they create an identity and a sense of belonging. From their life experiences, Deaf people symbolize and structure the world in their own way, they share the same culture which is also marked by the sense of isolation and frustration caused by communication barriers in society and the lack of access to information.1<br \/>\nDeaf persons\u2019 cultural and linguistic identity was recognized in Article 30 of the International Convention on the Rights of Persons with Disabilities.2<br \/>\nAccessible communicational environments<br \/>\nprovide Deaf women victims of gender-based<br \/>\nviolence with easy access to information,<br \/>\nengagement and autonomy.<\/p>\n<p>1 Paddy Ladd (2011). Understanding Deaf Culture. In Search of Deafhood. First edition in Spanish. Concepci\u00f3n, Chile.<br \/>\n2 Article 30, paragraph 4 reads as follows: Persons with disabilities shall be entitled, on an equal basis with others, to recognition and support of their specific cultural and linguistic identity, including Sign Language and deaf culture.<\/p>\n<\/div>\n","protected":false},"excerpt":{"rendered":"<p>Gu\u00eda de recomendaciones para el acceso a la Justicia de mujeres Sordas v\u00edctimas de violencia de g\u00e9nero Resumen (descargar en Portada) Esta gu\u00eda de recomendaciones recoge algunos de los aprendizajes que el programa Sordas Sin Violencia fue sistematizando a partir de su trabajo con mujeres Sordas v\u00edctimas de violencia de g\u00e9nero. Este Programa es el [&hellip;]<\/p>\n","protected":false},"author":4,"featured_media":37536,"comment_status":"open","ping_status":"open","sticky":false,"template":"","format":"standard","meta":{"iawp_total_views":7,"footnotes":""},"categories":[7,19],"tags":[1504,1505,1503,1506,51],"class_list":["post-37528","post","type-post","status-publish","format-standard","has-post-thumbnail","hentry","category-actividades","category-biblioteca","tag-acceso-a-la-justicia","tag-guia-para-descargar","tag-mujeres-sordas","tag-programa-de-las-naciones-unidas-para-el-desarrollo","tag-recomendaciones"],"nelio_content":{"autoShareEndMode":"never","automationSources":{"useCustomSentences":false,"customSentences":[]},"efiAlt":"","efiUrl":"","followers":[4],"highlights":[],"isAutoShareEnabled":true,"networkImageIds":[],"permalinkQueryArgs":[],"series":[],"suggestedReferences":[]},"yoast_head":"<!-- This site is optimized with the Yoast SEO plugin v27.5 - https:\/\/yoast.com\/product\/yoast-seo-wordpress\/ -->\n<title>Gu\u00eda de recomendaciones para el acceso a la Justicia de mujeres Sordas v\u00edctimas de violencia de g\u00e9nero - Diario Digital Femenino<\/title>\n<meta name=\"description\" content=\"Gu\u00eda de recomendaciones para el acceso a la Justicia de mujeres Sordas v\u00edctimas de violencia de g\u00e9nero. Completa para descargar\" \/>\n<meta name=\"robots\" content=\"index, follow, max-snippet:-1, max-image-preview:large, max-video-preview:-1\" \/>\n<link rel=\"canonical\" href=\"https:\/\/diariofemenino.com.ar\/df\/guia-de-recomendaciones-para-el-acceso-a-la-justicia-de-mujeres-sordas-victimas-de-violencia-de-genero\/\" \/>\n<meta property=\"og:locale\" content=\"es_ES\" \/>\n<meta property=\"og:type\" content=\"article\" \/>\n<meta property=\"og:title\" content=\"Gu\u00eda de recomendaciones para el acceso a la Justicia de mujeres Sordas v\u00edctimas de violencia de g\u00e9nero - Diario Digital Femenino\" \/>\n<meta property=\"og:description\" content=\"Gu\u00eda de recomendaciones para el acceso a la Justicia de mujeres Sordas v\u00edctimas de violencia de g\u00e9nero. Completa para descargar\" \/>\n<meta property=\"og:url\" content=\"https:\/\/diariofemenino.com.ar\/df\/guia-de-recomendaciones-para-el-acceso-a-la-justicia-de-mujeres-sordas-victimas-de-violencia-de-genero\/\" \/>\n<meta property=\"og:site_name\" content=\"Diario Digital Femenino\" \/>\n<meta property=\"article:publisher\" content=\"https:\/\/www.facebook.com\/DiarioDigitaFemenino\/\" \/>\n<meta property=\"article:published_time\" content=\"2019-06-24T15:49:21+00:00\" \/>\n<meta property=\"og:image\" content=\"https:\/\/diariofemenino.com.ar\/df\/wp-content\/uploads\/2019\/06\/Gu\u00eda-sordas1.jpg\" \/>\n\t<meta property=\"og:image:width\" content=\"523\" \/>\n\t<meta property=\"og:image:height\" content=\"595\" \/>\n\t<meta property=\"og:image:type\" content=\"image\/jpeg\" \/>\n<meta name=\"author\" content=\"Admin\" \/>\n<meta name=\"twitter:card\" content=\"summary_large_image\" \/>\n<meta name=\"twitter:creator\" content=\"@DiarioFemenino1\" \/>\n<meta name=\"twitter:site\" content=\"@DiarioFemenino1\" \/>\n<meta name=\"twitter:label1\" content=\"Escrito por\" \/>\n\t<meta name=\"twitter:data1\" content=\"Admin\" \/>\n\t<meta name=\"twitter:label2\" content=\"Tiempo de lectura\" \/>\n\t<meta name=\"twitter:data2\" content=\"4 minutos\" \/>\n<script type=\"application\/ld+json\" class=\"yoast-schema-graph\">{\"@context\":\"https:\\\/\\\/schema.org\",\"@graph\":[{\"@type\":\"Article\",\"@id\":\"https:\\\/\\\/diariofemenino.com.ar\\\/df\\\/guia-de-recomendaciones-para-el-acceso-a-la-justicia-de-mujeres-sordas-victimas-de-violencia-de-genero\\\/#article\",\"isPartOf\":{\"@id\":\"https:\\\/\\\/diariofemenino.com.ar\\\/df\\\/guia-de-recomendaciones-para-el-acceso-a-la-justicia-de-mujeres-sordas-victimas-de-violencia-de-genero\\\/\"},\"author\":{\"name\":\"Admin\",\"@id\":\"https:\\\/\\\/diariofemenino.com.ar\\\/df\\\/#\\\/schema\\\/person\\\/bf6199e8158c657ea6f789b11ec85509\"},\"headline\":\"Gu\u00eda de recomendaciones para el acceso a la Justicia de mujeres Sordas v\u00edctimas de violencia de g\u00e9nero\",\"datePublished\":\"2019-06-24T15:49:21+00:00\",\"mainEntityOfPage\":{\"@id\":\"https:\\\/\\\/diariofemenino.com.ar\\\/df\\\/guia-de-recomendaciones-para-el-acceso-a-la-justicia-de-mujeres-sordas-victimas-de-violencia-de-genero\\\/\"},\"wordCount\":818,\"commentCount\":0,\"publisher\":{\"@id\":\"https:\\\/\\\/diariofemenino.com.ar\\\/df\\\/#organization\"},\"image\":{\"@id\":\"https:\\\/\\\/diariofemenino.com.ar\\\/df\\\/guia-de-recomendaciones-para-el-acceso-a-la-justicia-de-mujeres-sordas-victimas-de-violencia-de-genero\\\/#primaryimage\"},\"thumbnailUrl\":\"https:\\\/\\\/diariofemenino.com.ar\\\/df\\\/wp-content\\\/uploads\\\/2019\\\/06\\\/Gu\u00eda-sordas1.jpg\",\"keywords\":[\"Acceso a la Justicia\",\"Gu\u00eda para descargar\",\"Mujeres Sordas\",\"Programa de las Naciones Unidas para el Desarrollo\",\"Recomendaciones\"],\"articleSection\":[\"Actividades\",\"Biblioteca Virtual\"],\"inLanguage\":\"es\",\"potentialAction\":[{\"@type\":\"CommentAction\",\"name\":\"Comment\",\"target\":[\"https:\\\/\\\/diariofemenino.com.ar\\\/df\\\/guia-de-recomendaciones-para-el-acceso-a-la-justicia-de-mujeres-sordas-victimas-de-violencia-de-genero\\\/#respond\"]}]},{\"@type\":\"WebPage\",\"@id\":\"https:\\\/\\\/diariofemenino.com.ar\\\/df\\\/guia-de-recomendaciones-para-el-acceso-a-la-justicia-de-mujeres-sordas-victimas-de-violencia-de-genero\\\/\",\"url\":\"https:\\\/\\\/diariofemenino.com.ar\\\/df\\\/guia-de-recomendaciones-para-el-acceso-a-la-justicia-de-mujeres-sordas-victimas-de-violencia-de-genero\\\/\",\"name\":\"Gu\u00eda de recomendaciones para el acceso a la Justicia de mujeres Sordas v\u00edctimas de violencia de g\u00e9nero - Diario Digital Femenino\",\"isPartOf\":{\"@id\":\"https:\\\/\\\/diariofemenino.com.ar\\\/df\\\/#website\"},\"primaryImageOfPage\":{\"@id\":\"https:\\\/\\\/diariofemenino.com.ar\\\/df\\\/guia-de-recomendaciones-para-el-acceso-a-la-justicia-de-mujeres-sordas-victimas-de-violencia-de-genero\\\/#primaryimage\"},\"image\":{\"@id\":\"https:\\\/\\\/diariofemenino.com.ar\\\/df\\\/guia-de-recomendaciones-para-el-acceso-a-la-justicia-de-mujeres-sordas-victimas-de-violencia-de-genero\\\/#primaryimage\"},\"thumbnailUrl\":\"https:\\\/\\\/diariofemenino.com.ar\\\/df\\\/wp-content\\\/uploads\\\/2019\\\/06\\\/Gu\u00eda-sordas1.jpg\",\"datePublished\":\"2019-06-24T15:49:21+00:00\",\"description\":\"Gu\u00eda de recomendaciones para el acceso a la Justicia de mujeres Sordas v\u00edctimas de violencia de g\u00e9nero. Completa para descargar\",\"breadcrumb\":{\"@id\":\"https:\\\/\\\/diariofemenino.com.ar\\\/df\\\/guia-de-recomendaciones-para-el-acceso-a-la-justicia-de-mujeres-sordas-victimas-de-violencia-de-genero\\\/#breadcrumb\"},\"inLanguage\":\"es\",\"potentialAction\":[{\"@type\":\"ReadAction\",\"target\":[\"https:\\\/\\\/diariofemenino.com.ar\\\/df\\\/guia-de-recomendaciones-para-el-acceso-a-la-justicia-de-mujeres-sordas-victimas-de-violencia-de-genero\\\/\"]}]},{\"@type\":\"ImageObject\",\"inLanguage\":\"es\",\"@id\":\"https:\\\/\\\/diariofemenino.com.ar\\\/df\\\/guia-de-recomendaciones-para-el-acceso-a-la-justicia-de-mujeres-sordas-victimas-de-violencia-de-genero\\\/#primaryimage\",\"url\":\"https:\\\/\\\/diariofemenino.com.ar\\\/df\\\/wp-content\\\/uploads\\\/2019\\\/06\\\/Gu\u00eda-sordas1.jpg\",\"contentUrl\":\"https:\\\/\\\/diariofemenino.com.ar\\\/df\\\/wp-content\\\/uploads\\\/2019\\\/06\\\/Gu\u00eda-sordas1.jpg\",\"width\":523,\"height\":595,\"caption\":\"Gu\u00eda de recomendaciones para el acceso a la Justicia de mujeres Sordas v\u00edctimas de violencia de g\u00e9nero\"},{\"@type\":\"BreadcrumbList\",\"@id\":\"https:\\\/\\\/diariofemenino.com.ar\\\/df\\\/guia-de-recomendaciones-para-el-acceso-a-la-justicia-de-mujeres-sordas-victimas-de-violencia-de-genero\\\/#breadcrumb\",\"itemListElement\":[{\"@type\":\"ListItem\",\"position\":1,\"name\":\"Portada\",\"item\":\"https:\\\/\\\/diariofemenino.com.ar\\\/df\\\/\"},{\"@type\":\"ListItem\",\"position\":2,\"name\":\"Gu\u00eda de recomendaciones para el acceso a la Justicia de mujeres Sordas v\u00edctimas de violencia de g\u00e9nero\"}]},{\"@type\":\"WebSite\",\"@id\":\"https:\\\/\\\/diariofemenino.com.ar\\\/df\\\/#website\",\"url\":\"https:\\\/\\\/diariofemenino.com.ar\\\/df\\\/\",\"name\":\"Diario Digital Femenino\",\"description\":\"Cuesti\u00f3n de G\u00e9nero\",\"publisher\":{\"@id\":\"https:\\\/\\\/diariofemenino.com.ar\\\/df\\\/#organization\"},\"potentialAction\":[{\"@type\":\"SearchAction\",\"target\":{\"@type\":\"EntryPoint\",\"urlTemplate\":\"https:\\\/\\\/diariofemenino.com.ar\\\/df\\\/?s={search_term_string}\"},\"query-input\":{\"@type\":\"PropertyValueSpecification\",\"valueRequired\":true,\"valueName\":\"search_term_string\"}}],\"inLanguage\":\"es\"},{\"@type\":\"Organization\",\"@id\":\"https:\\\/\\\/diariofemenino.com.ar\\\/df\\\/#organization\",\"name\":\"Diario Femenino\",\"url\":\"https:\\\/\\\/diariofemenino.com.ar\\\/df\\\/\",\"logo\":{\"@type\":\"ImageObject\",\"inLanguage\":\"es\",\"@id\":\"https:\\\/\\\/diariofemenino.com.ar\\\/df\\\/#\\\/schema\\\/logo\\\/image\\\/\",\"url\":\"https:\\\/\\\/diariofemenino.com.ar\\\/df\\\/wp-content\\\/uploads\\\/2018\\\/10\\\/logo.png\",\"contentUrl\":\"https:\\\/\\\/diariofemenino.com.ar\\\/df\\\/wp-content\\\/uploads\\\/2018\\\/10\\\/logo.png\",\"width\":500,\"height\":92,\"caption\":\"Diario Femenino\"},\"image\":{\"@id\":\"https:\\\/\\\/diariofemenino.com.ar\\\/df\\\/#\\\/schema\\\/logo\\\/image\\\/\"},\"sameAs\":[\"https:\\\/\\\/www.facebook.com\\\/DiarioDigitaFemenino\\\/\",\"https:\\\/\\\/x.com\\\/DiarioFemenino1\"]},{\"@type\":\"Person\",\"@id\":\"https:\\\/\\\/diariofemenino.com.ar\\\/df\\\/#\\\/schema\\\/person\\\/bf6199e8158c657ea6f789b11ec85509\",\"name\":\"Admin\",\"image\":{\"@type\":\"ImageObject\",\"inLanguage\":\"es\",\"@id\":\"https:\\\/\\\/diariofemenino.com.ar\\\/df\\\/wp-content\\\/uploads\\\/2018\\\/12\\\/favicon-150x150.jpg\",\"url\":\"https:\\\/\\\/diariofemenino.com.ar\\\/df\\\/wp-content\\\/uploads\\\/2018\\\/12\\\/favicon-150x150.jpg\",\"contentUrl\":\"https:\\\/\\\/diariofemenino.com.ar\\\/df\\\/wp-content\\\/uploads\\\/2018\\\/12\\\/favicon-150x150.jpg\",\"caption\":\"Admin\"},\"url\":\"https:\\\/\\\/diariofemenino.com.ar\\\/df\\\/author\\\/lenny\\\/\"}]}<\/script>\n<!-- \/ Yoast SEO plugin. -->","yoast_head_json":{"title":"Gu\u00eda de recomendaciones para el acceso a la Justicia de mujeres Sordas v\u00edctimas de violencia de g\u00e9nero - Diario Digital Femenino","description":"Gu\u00eda de recomendaciones para el acceso a la Justicia de mujeres Sordas v\u00edctimas de violencia de g\u00e9nero. Completa para descargar","robots":{"index":"index","follow":"follow","max-snippet":"max-snippet:-1","max-image-preview":"max-image-preview:large","max-video-preview":"max-video-preview:-1"},"canonical":"https:\/\/diariofemenino.com.ar\/df\/guia-de-recomendaciones-para-el-acceso-a-la-justicia-de-mujeres-sordas-victimas-de-violencia-de-genero\/","og_locale":"es_ES","og_type":"article","og_title":"Gu\u00eda de recomendaciones para el acceso a la Justicia de mujeres Sordas v\u00edctimas de violencia de g\u00e9nero - Diario Digital Femenino","og_description":"Gu\u00eda de recomendaciones para el acceso a la Justicia de mujeres Sordas v\u00edctimas de violencia de g\u00e9nero. Completa para descargar","og_url":"https:\/\/diariofemenino.com.ar\/df\/guia-de-recomendaciones-para-el-acceso-a-la-justicia-de-mujeres-sordas-victimas-de-violencia-de-genero\/","og_site_name":"Diario Digital Femenino","article_publisher":"https:\/\/www.facebook.com\/DiarioDigitaFemenino\/","article_published_time":"2019-06-24T15:49:21+00:00","og_image":[{"width":523,"height":595,"url":"https:\/\/diariofemenino.com.ar\/df\/wp-content\/uploads\/2019\/06\/Gu\u00eda-sordas1.jpg","type":"image\/jpeg"}],"author":"Admin","twitter_card":"summary_large_image","twitter_creator":"@DiarioFemenino1","twitter_site":"@DiarioFemenino1","twitter_misc":{"Escrito por":"Admin","Tiempo de lectura":"4 minutos"},"schema":{"@context":"https:\/\/schema.org","@graph":[{"@type":"Article","@id":"https:\/\/diariofemenino.com.ar\/df\/guia-de-recomendaciones-para-el-acceso-a-la-justicia-de-mujeres-sordas-victimas-de-violencia-de-genero\/#article","isPartOf":{"@id":"https:\/\/diariofemenino.com.ar\/df\/guia-de-recomendaciones-para-el-acceso-a-la-justicia-de-mujeres-sordas-victimas-de-violencia-de-genero\/"},"author":{"name":"Admin","@id":"https:\/\/diariofemenino.com.ar\/df\/#\/schema\/person\/bf6199e8158c657ea6f789b11ec85509"},"headline":"Gu\u00eda de recomendaciones para el acceso a la Justicia de mujeres Sordas v\u00edctimas de violencia de g\u00e9nero","datePublished":"2019-06-24T15:49:21+00:00","mainEntityOfPage":{"@id":"https:\/\/diariofemenino.com.ar\/df\/guia-de-recomendaciones-para-el-acceso-a-la-justicia-de-mujeres-sordas-victimas-de-violencia-de-genero\/"},"wordCount":818,"commentCount":0,"publisher":{"@id":"https:\/\/diariofemenino.com.ar\/df\/#organization"},"image":{"@id":"https:\/\/diariofemenino.com.ar\/df\/guia-de-recomendaciones-para-el-acceso-a-la-justicia-de-mujeres-sordas-victimas-de-violencia-de-genero\/#primaryimage"},"thumbnailUrl":"https:\/\/diariofemenino.com.ar\/df\/wp-content\/uploads\/2019\/06\/Gu\u00eda-sordas1.jpg","keywords":["Acceso a la Justicia","Gu\u00eda para descargar","Mujeres Sordas","Programa de las Naciones Unidas para el Desarrollo","Recomendaciones"],"articleSection":["Actividades","Biblioteca Virtual"],"inLanguage":"es","potentialAction":[{"@type":"CommentAction","name":"Comment","target":["https:\/\/diariofemenino.com.ar\/df\/guia-de-recomendaciones-para-el-acceso-a-la-justicia-de-mujeres-sordas-victimas-de-violencia-de-genero\/#respond"]}]},{"@type":"WebPage","@id":"https:\/\/diariofemenino.com.ar\/df\/guia-de-recomendaciones-para-el-acceso-a-la-justicia-de-mujeres-sordas-victimas-de-violencia-de-genero\/","url":"https:\/\/diariofemenino.com.ar\/df\/guia-de-recomendaciones-para-el-acceso-a-la-justicia-de-mujeres-sordas-victimas-de-violencia-de-genero\/","name":"Gu\u00eda de recomendaciones para el acceso a la Justicia de mujeres Sordas v\u00edctimas de violencia de g\u00e9nero - Diario Digital Femenino","isPartOf":{"@id":"https:\/\/diariofemenino.com.ar\/df\/#website"},"primaryImageOfPage":{"@id":"https:\/\/diariofemenino.com.ar\/df\/guia-de-recomendaciones-para-el-acceso-a-la-justicia-de-mujeres-sordas-victimas-de-violencia-de-genero\/#primaryimage"},"image":{"@id":"https:\/\/diariofemenino.com.ar\/df\/guia-de-recomendaciones-para-el-acceso-a-la-justicia-de-mujeres-sordas-victimas-de-violencia-de-genero\/#primaryimage"},"thumbnailUrl":"https:\/\/diariofemenino.com.ar\/df\/wp-content\/uploads\/2019\/06\/Gu\u00eda-sordas1.jpg","datePublished":"2019-06-24T15:49:21+00:00","description":"Gu\u00eda de recomendaciones para el acceso a la Justicia de mujeres Sordas v\u00edctimas de violencia de g\u00e9nero. Completa para descargar","breadcrumb":{"@id":"https:\/\/diariofemenino.com.ar\/df\/guia-de-recomendaciones-para-el-acceso-a-la-justicia-de-mujeres-sordas-victimas-de-violencia-de-genero\/#breadcrumb"},"inLanguage":"es","potentialAction":[{"@type":"ReadAction","target":["https:\/\/diariofemenino.com.ar\/df\/guia-de-recomendaciones-para-el-acceso-a-la-justicia-de-mujeres-sordas-victimas-de-violencia-de-genero\/"]}]},{"@type":"ImageObject","inLanguage":"es","@id":"https:\/\/diariofemenino.com.ar\/df\/guia-de-recomendaciones-para-el-acceso-a-la-justicia-de-mujeres-sordas-victimas-de-violencia-de-genero\/#primaryimage","url":"https:\/\/diariofemenino.com.ar\/df\/wp-content\/uploads\/2019\/06\/Gu\u00eda-sordas1.jpg","contentUrl":"https:\/\/diariofemenino.com.ar\/df\/wp-content\/uploads\/2019\/06\/Gu\u00eda-sordas1.jpg","width":523,"height":595,"caption":"Gu\u00eda de recomendaciones para el acceso a la Justicia de mujeres Sordas v\u00edctimas de violencia de g\u00e9nero"},{"@type":"BreadcrumbList","@id":"https:\/\/diariofemenino.com.ar\/df\/guia-de-recomendaciones-para-el-acceso-a-la-justicia-de-mujeres-sordas-victimas-de-violencia-de-genero\/#breadcrumb","itemListElement":[{"@type":"ListItem","position":1,"name":"Portada","item":"https:\/\/diariofemenino.com.ar\/df\/"},{"@type":"ListItem","position":2,"name":"Gu\u00eda de recomendaciones para el acceso a la Justicia de mujeres Sordas v\u00edctimas de violencia de g\u00e9nero"}]},{"@type":"WebSite","@id":"https:\/\/diariofemenino.com.ar\/df\/#website","url":"https:\/\/diariofemenino.com.ar\/df\/","name":"Diario Digital Femenino","description":"Cuesti\u00f3n de G\u00e9nero","publisher":{"@id":"https:\/\/diariofemenino.com.ar\/df\/#organization"},"potentialAction":[{"@type":"SearchAction","target":{"@type":"EntryPoint","urlTemplate":"https:\/\/diariofemenino.com.ar\/df\/?s={search_term_string}"},"query-input":{"@type":"PropertyValueSpecification","valueRequired":true,"valueName":"search_term_string"}}],"inLanguage":"es"},{"@type":"Organization","@id":"https:\/\/diariofemenino.com.ar\/df\/#organization","name":"Diario Femenino","url":"https:\/\/diariofemenino.com.ar\/df\/","logo":{"@type":"ImageObject","inLanguage":"es","@id":"https:\/\/diariofemenino.com.ar\/df\/#\/schema\/logo\/image\/","url":"https:\/\/diariofemenino.com.ar\/df\/wp-content\/uploads\/2018\/10\/logo.png","contentUrl":"https:\/\/diariofemenino.com.ar\/df\/wp-content\/uploads\/2018\/10\/logo.png","width":500,"height":92,"caption":"Diario Femenino"},"image":{"@id":"https:\/\/diariofemenino.com.ar\/df\/#\/schema\/logo\/image\/"},"sameAs":["https:\/\/www.facebook.com\/DiarioDigitaFemenino\/","https:\/\/x.com\/DiarioFemenino1"]},{"@type":"Person","@id":"https:\/\/diariofemenino.com.ar\/df\/#\/schema\/person\/bf6199e8158c657ea6f789b11ec85509","name":"Admin","image":{"@type":"ImageObject","inLanguage":"es","@id":"https:\/\/diariofemenino.com.ar\/df\/wp-content\/uploads\/2018\/12\/favicon-150x150.jpg","url":"https:\/\/diariofemenino.com.ar\/df\/wp-content\/uploads\/2018\/12\/favicon-150x150.jpg","contentUrl":"https:\/\/diariofemenino.com.ar\/df\/wp-content\/uploads\/2018\/12\/favicon-150x150.jpg","caption":"Admin"},"url":"https:\/\/diariofemenino.com.ar\/df\/author\/lenny\/"}]}},"jetpack_featured_media_url":"https:\/\/diariofemenino.com.ar\/df\/wp-content\/uploads\/2019\/06\/Gu\u00eda-sordas1.jpg","jetpack_sharing_enabled":true,"rttpg_featured_image_url":{"full":["https:\/\/diariofemenino.com.ar\/df\/wp-content\/uploads\/2019\/06\/Gu\u00eda-sordas1.jpg",523,595,false],"landscape":["https:\/\/diariofemenino.com.ar\/df\/wp-content\/uploads\/2019\/06\/Gu\u00eda-sordas1.jpg",523,595,false],"portraits":["https:\/\/diariofemenino.com.ar\/df\/wp-content\/uploads\/2019\/06\/Gu\u00eda-sordas1.jpg",523,595,false],"thumbnail":["https:\/\/diariofemenino.com.ar\/df\/wp-content\/uploads\/2019\/06\/Gu\u00eda-sordas1-150x150.jpg",150,150,true],"medium":["https:\/\/diariofemenino.com.ar\/df\/wp-content\/uploads\/2019\/06\/Gu\u00eda-sordas1-264x300.jpg",264,300,true],"large":["https:\/\/diariofemenino.com.ar\/df\/wp-content\/uploads\/2019\/06\/Gu\u00eda-sordas1.jpg",523,595,false],"1536x1536":["https:\/\/diariofemenino.com.ar\/df\/wp-content\/uploads\/2019\/06\/Gu\u00eda-sordas1.jpg",523,595,false],"2048x2048":["https:\/\/diariofemenino.com.ar\/df\/wp-content\/uploads\/2019\/06\/Gu\u00eda-sordas1.jpg",523,595,false]},"rttpg_author":{"display_name":"Admin","author_link":"https:\/\/diariofemenino.com.ar\/df\/author\/lenny\/"},"rttpg_comment":0,"rttpg_category":"<a href=\"https:\/\/diariofemenino.com.ar\/df\/category\/actividades\/\" rel=\"category tag\">Actividades<\/a> <a href=\"https:\/\/diariofemenino.com.ar\/df\/category\/biblioteca\/\" rel=\"category tag\">Biblioteca Virtual<\/a>","rttpg_excerpt":"Gu\u00eda de recomendaciones para el acceso a la Justicia de mujeres Sordas v\u00edctimas de violencia de g\u00e9nero Resumen (descargar en Portada) Esta gu\u00eda de recomendaciones recoge algunos de los aprendizajes que el programa Sordas Sin Violencia fue sistematizando a partir de su trabajo con mujeres Sordas v\u00edctimas de violencia de g\u00e9nero. Este Programa es el&hellip;","_links":{"self":[{"href":"https:\/\/diariofemenino.com.ar\/df\/wp-json\/wp\/v2\/posts\/37528","targetHints":{"allow":["GET"]}}],"collection":[{"href":"https:\/\/diariofemenino.com.ar\/df\/wp-json\/wp\/v2\/posts"}],"about":[{"href":"https:\/\/diariofemenino.com.ar\/df\/wp-json\/wp\/v2\/types\/post"}],"author":[{"embeddable":true,"href":"https:\/\/diariofemenino.com.ar\/df\/wp-json\/wp\/v2\/users\/4"}],"replies":[{"embeddable":true,"href":"https:\/\/diariofemenino.com.ar\/df\/wp-json\/wp\/v2\/comments?post=37528"}],"version-history":[{"count":0,"href":"https:\/\/diariofemenino.com.ar\/df\/wp-json\/wp\/v2\/posts\/37528\/revisions"}],"wp:featuredmedia":[{"embeddable":true,"href":"https:\/\/diariofemenino.com.ar\/df\/wp-json\/wp\/v2\/media\/37536"}],"wp:attachment":[{"href":"https:\/\/diariofemenino.com.ar\/df\/wp-json\/wp\/v2\/media?parent=37528"}],"wp:term":[{"taxonomy":"category","embeddable":true,"href":"https:\/\/diariofemenino.com.ar\/df\/wp-json\/wp\/v2\/categories?post=37528"},{"taxonomy":"post_tag","embeddable":true,"href":"https:\/\/diariofemenino.com.ar\/df\/wp-json\/wp\/v2\/tags?post=37528"}],"curies":[{"name":"wp","href":"https:\/\/api.w.org\/{rel}","templated":true}]}}