{"id":37498,"date":"2019-06-23T12:01:14","date_gmt":"2019-06-23T15:01:14","guid":{"rendered":"https:\/\/diariofemenino.com.ar\/?p=37498"},"modified":"2019-06-23T12:02:26","modified_gmt":"2019-06-23T15:02:26","slug":"perfil-de-dora-barrancos-la-arqueologa-de-la-historia-feminista","status":"publish","type":"post","link":"https:\/\/diariofemenino.com.ar\/df\/perfil-de-dora-barrancos-la-arqueologa-de-la-historia-feminista\/","title":{"rendered":"Perfil de Dora Barrancos. La arque\u00f3loga de la historia feminista"},"content":{"rendered":"<h3 style=\"text-align: center;\">Perfil de Dora Barrancos. La arque\u00f3loga de la historia feminista<\/h3>\n<p><em>Esta excelente nota es de hace un tiempo, del mes de abril, de Cintia Kemelmajer para <a href=\"http:\/\/revistaanfibia.com\/cronica\/la-arqueologa-de-la-historia-feminista\/?fbclid=IwAR3SCFxh_2EZ_DOPZKvqmMw9HXaETn3yNvmPSuXEjqD-3vYVZpfUfBJfjgI\">Anfibia<\/a>. La replicamos con mucho gusto<\/em><\/p>\n<p><strong>Las pioneras del feminismo local son las nuevas rockstars. Y Dora Barrancos -soci\u00f3loga e historiadora- es pionera en explorar, desde la academia, el rol de las mujeres en la historia argentina. A los 2 a\u00f1os a\u00f1os ya sab\u00eda leer. Con Operaci\u00f3n Masacre se volvi\u00f3 peronista. Con el crimen de la brasile\u00f1a Angela Diniz, feminista. Hoy, a los 79, puede llegar a dar 30 seminarios en un mes. A punto de dejar su cargo directivo en el CONICET, su trayectoria habla de recurrir a la historia como acci\u00f3n pol\u00edtica y para construir nuevas lecturas del presente.<\/strong><\/p>\n<p class=\"and\">Por\u00a0<strong><a href=\"http:\/\/revistaanfibia.com\/autor\/cintia-kemelmajer\/\">Cintia Kemelmajer<\/a><\/strong><br \/>\nFoto\u00a0<a href=\"http:\/\/revistaanfibia.com\/autor\/sebastian-freire\/\"><strong>Sebasti\u00e1n Freire<\/strong><\/a><\/p>\n<p>Cuatro mujeres que promedian los ochenta a\u00f1os encabezan la marcha. Las siguen doscientas mil mujeres que tambi\u00e9n avanzan por Avenida de Mayo hacia Casa de Gobierno, encolumnadas bajo una bandera verde que se extiende de vereda a vereda y dice: \u201cNi una muerte m\u00e1s por aborto clandestino\u201d.<\/p>\n<p>La foto de ese momento se hizo viral al d\u00eda siguiente del 8M. Fue replicada m\u00e1s de diez mil veces en Facebook. Cuando Laura Reyes, su autora, la public\u00f3, se sorprendi\u00f3 al comprobar que la mayor\u00eda de quienes la compartieron y comentaron pensaban que solo eran \u201ccuatro abuelas gritando, cantando y acompa\u00f1ando la lucha\u201d.<\/p>\n<p>\u2500Encontrarme con las muchachas de mi edad ah\u00ed, haciendo ese twist, fue hermoso\u2500 dir\u00e1 Dora Barrancos unos d\u00edas despu\u00e9s en su casa del barrio Floresta,mientras observa la foto que descubri\u00f3 primero por la mayor de sus tres hijas, Ondina. Dora no usa redes sociales. Luego hasta una amiga de la Universidad de Columbia se la mand\u00f3.<\/p>\n<p>&nbsp;<\/p>\n<p><iframe id=\"instagram-embed-0\" class=\"instagram-media instagram-media-rendered\" src=\"https:\/\/www.instagram.com\/p\/BwFHC7jHbOI\/embed\/captioned\/?cr=1&amp;v=12&amp;wp=540&amp;rd=http%3A%2F%2Frevistaanfibia.com&amp;rp=%2Fcronica%2Fla-arqueologa-de-la-historia-feminista%2F%3Ffbclid%3DIwAR3SCFxh_2EZ_DOPZKvqmMw9HXaETn3yNvmPSuXEjqD-3vYVZpfUfBJfjgI#%7B%22ci%22%3A0%2C%22os%22%3A14249.995000000126%7D\" height=\"815\" frameborder=\"0\" scrolling=\"no\" allowfullscreen=\"allowfullscreen\" data-instgrm-payload-id=\"instagram-media-payload-0\" data-mce-fragment=\"1\"><\/iframe><\/p>\n<p>Esas cuatro mujeres que encabezan la marcha del #8M llevan puesto el pa\u00f1uelo a favor del aborto. Dora es la de la izquierda, la del pelo corto te\u00f1ido de un negro el\u00e9ctrico. Es soci\u00f3loga, historiadora y la primera acad\u00e9mica que explor\u00f3 el rol de las mujeres\u00a0en la historia argentina. Marcha, canta, baila junto a Nelly Minyerski, Martha Rosenberg y Nina Brugo, otras tres feministas que desde sus disciplinas \u2500la abogac\u00eda, la medicina, el psicoan\u00e1lisis\u2500 fueron de las primeras voces que se alzaron por los derechos de la<b>s\u00a0<\/b>mujeres. Barrancos planeaba marchar con sus colegas de la Universidad Nacional de Quilmes, donde dirige la Maestr\u00eda en Ciencias Sociales y Humanidades. Lleg\u00f3 desde su oficina en el CONICET -es una de sus directoras- con Ondina. Pens\u00f3 que la cabecera de la marcha, liderada por las integrantes de la Campa\u00f1a por el Aborto Legal, Seguro y Gratuito, ya habr\u00eda pasado, pero como todo se retras\u00f3 las alcanz\u00f3 a ver y se les uni\u00f3. Fue entonces cuando Celeste Mac Dougall, integrante de la Campa\u00f1a, la llam\u00f3 desde el meg\u00e1fono: \u201cVamos, las pioneeeeras\u201d, para que encabezaran la columna.<\/p>\n<p>***<\/p>\n<p>Los gritos que vienen del ba\u00f1o se superponen al ruido de la ducha.<\/p>\n<p>\u2500\u00a1Querida, ya voy! \u00bfQu\u00e9 quer\u00e9s tomar?<\/p>\n<p>Son las diez de la ma\u00f1ana de un lunes de oto\u00f1o. La casa, ubicada en una calle del barrio Floresta, est\u00e1 atestada de plantas, libros, premios y distinciones que aparecen desperdigados por todos los ambientes. El cuarto delantero es para las entrevistas: las da incluso los domingos en los que la familia se junta a comer en su casa. All\u00ed hay sillones aterciopelados, repisas con fotos familiares, un cuadro colgado en la pared con la cara de una mujer hecha con l\u00edneas de colores azules, verdes y rojas, y una colecci\u00f3n de libros de \u201c100 a\u00f1os de belleza\u201d sobre la mesa ratona.<\/p>\n<p>Dos minutos despu\u00e9s llega Dora Barrancos, los ojos peque\u00f1os maquillados y algo enrojecidos, remera al cuerpo con brillos y arabescos. Hasta que toma la fotograf\u00eda del 8M en sus manos, comenta lo maravillosa que estuvo la Asamblea de Mujeres de la que particip\u00f3 en el Teatro Cervantes, junto a Nora Corti\u00f1as. Menciona el\u00a0<i>honoris causa<\/i>\u00a0que le dieron en C\u00f3rdoba, la charla que comparti\u00f3 con la Premio Nobel de la Paz Leymah Gbowee, el viaje a Santa Fe que tiene programado para dentro de unos d\u00edas.<\/p>\n<p>\u2500Eso s\u00ed: los dos o tres viajes de cada semana intento hacerlos en el d\u00eda. No importa a d\u00f3nde sean. Lo hice cuando fui a Resistencia y tambi\u00e9n cuando visit\u00e9 La Rioja. Prefiero dormir siempre en mi tonta cama.<\/p>\n<p>Solo en marzo, Barrancos fue convocada para dar m\u00e1s de treinta charlas y seminarios. Estuvo en Chile, Ushuaia, La Plata, La Matanza. En cada encuentro el tema era otro. Habl\u00f3 sobre \u201cla potencia de las mujeres en la encrucijada\u201d, desgran\u00f3 el rol que ellas tuvieron en la dictadura, disert\u00f3 sobre qu\u00e9 es el peronismo.<\/p>\n<p>\u2500Lo que est\u00e1 ocurriendo con gente como una es que lo que hacemos acad\u00e9micamente est\u00e1 mucho m\u00e1s proyectado que en el pasado. Es impactante. Eso se da por las coyunturas pol\u00edticas en las que vivimos y el acrecentamiento de la lucha de las mujeres. Hoy me encuentro que tengo m\u00e1s envolvimiento de charlas, conferencias, conversatorios, pero triplicado dir\u00eda yo, en relaci\u00f3n a cuando ten\u00eda la mitad de mis a\u00f1os.<\/p>\n<p>\u2500\u00bfC\u00f3mo prepar\u00e1s tantas charlas?<\/p>\n<p>\u2500Ah, s\u00ed, eso es un misterio en el cielo y en las tierras, pero m\u00e1s o menos se descongestiona o se puede dilucidar de la siguiente manera: tengo una reserva grande. Es como si tuvieras grandes dep\u00f3sitos de combustible, entonces pon\u00e9s en marcha los motores y ah\u00ed los combustibles van respondiendo. Tengo mucho acopio, querida. Porque he investigado mucho.<\/p>\n<p>&nbsp;<\/p>\n<p><img loading=\"lazy\" decoding=\"async\" class=\"alignnone wp-image-121710 size-full\" src=\"http:\/\/revistaanfibia.com\/wp-content\/uploads\/2019\/04\/DoraBarranco_02_full.jpg\" alt=\"Perfil de Dora Barrancos. La arque\u00f3loga de la historia feminista\" width=\"1920\" height=\"1280\" \/><\/p>\n<p>***<\/p>\n<p>Naci\u00f3 en 1940 en Jacinto Ar\u00e1uz, un pueblo de La Pampa de dos mil quinientos habitantes. Seg\u00fan Wikipedia, Dora es una de sus tres personalidades destacadas, junto con Ren\u00e9 Favaloro \u2500que dio all\u00ed sus primeros pasos como m\u00e9dico rural\u2500, y Alberto Negr\u00edn, un arquitecto y escen\u00f3grafo. En su familia, la palabra pol\u00edtica siempre fue lo contrario de una mala palabra. Su madre, ama de casa, de religi\u00f3n valdense \u2500una rama de protestantes considerados \u201cherejes\u201d\u2500,\u00a0era una lectora \u00e1vida. Su padre, maestro y director de escuela, fue varias veces cesanteado por sus ideas antiperonistas.<\/p>\n<p>\u2500Mi padre,\u00a0conviene siempre distinguir, era antiperonista pero no era gorila. Son cosas diferentes \u2500aclara Barrancos\u2500. En mi casa no hab\u00eda desprecio por las clases populares. Mi padre era un fragoroso militante por los derechos. Tuvo una actuaci\u00f3n muy directa en la lucha antifascista. De su conducta emanaba la idea de la justicia social. Eso le ven\u00eda del liberal socialismo, de un antecedente important\u00edsimo en la familia, que era mi t\u00eda.<\/p>\n<p>Leonilda Barrancos, hermana mayor de su padre, hab\u00eda egresado de la Escuela Normal de Paran\u00e1, una de las instituciones m\u00e1s importantes de la \u00e9poca, y era muy distinguida intelectualmente.\u00a0Fue una reconocida figura del Partido Socialista y\u00a0una de las pocas candidatas mujeres que llev\u00f3 el partido, en 1951, por la Ciudad de Buenos Aires.<\/p>\n<p>\u2500Era una figura baluarte, numen. Ella, adem\u00e1s, ten\u00eda una vida muy independiente, rocambolesca, entonces era un hito para la familia.<\/p>\n<p>Dora aprendi\u00f3 a leer a los dos a\u00f1os, y antes de eso, tomaba los libros y jugaba a que le\u00eda. Por entonces, su hermano mayor tuvo un accidente que le provoc\u00f3 una discapacidad intelectual. Como consecuencia, su padre deposit\u00f3 en la peque\u00f1a Dora todas sus expectativas.<\/p>\n<p>\u2500Para\u00a0mi padre\u00a0fue un desmoronamiento. Yo fui beneficiada con esa deriva. A partir de entonces, hubo en mi padre una apuesta muy\u00a0grande a mi inteligencia, y una cierta celebraci\u00f3n constante de mi desempe\u00f1o escolar.<\/p>\n<p>Como era el director de su escuela, le asign\u00f3 a la mejor maestra para que cursara los tres primeros a\u00f1os de la primaria. Se llamaba Blanca Nieves. Dora todav\u00eda la recuerda. Con ella adquiri\u00f3 una capacidad descomunal para la lectura, que le vali\u00f3 un pu\u00f1ado de apodos por parte de sus compa\u00f1eros: \u201cMafaldita\u201d y \u201cMar\u00eda Sabelotodo\u201d.<\/p>\n<p>\u2500Ella fue un cultivo estrat\u00e9gico para m\u00ed. Adem\u00e1s, para ese entonces, a m\u00ed ya me encantaba ganar las discusiones. Te digo m\u00e1s: el mayor espect\u00e1culo del triunfo para m\u00ed era ganarle una discusi\u00f3n a un var\u00f3n.<\/p>\n<p>***<\/p>\n<p>\u201cDespu\u00e9s de una charla de ella siempre tengo que ir al diccionario. Para m\u00ed es una maestra, es inspiradora, es divertida e histri\u00f3nica, pero adem\u00e1s cada vez que la escucho aprendo una palabra nueva\u201d, dice Mariana Carbajal, periodista especializada en cuestiones de g\u00e9nero, al ser consultada sobre Dora Barrancos.<\/p>\n<p>Escucharla hablar provoca un encantamiento hipn\u00f3tico. Las palabras que escoge Dora Barrancos bailan una coreograf\u00eda exquisita hecha de sin\u00f3nimos refinados, matices de voz y pausas estrat\u00e9gicas. De pronto, alguna s\u00edlaba pierde su sitio y es desplazada por un acento totalmente extra\u00f1o, lo que despierta una emoci\u00f3n inesperada. El punto \u00e1lgido lo reserva para los finales: le gusta redondear los conceptos con alg\u00fan giro humor\u00edstico.<\/p>\n<p>\u2500Mi articulaci\u00f3n con el lenguaje es mi treta \u2500dice\u2500. Y he tenido la suerte de una condici\u00f3n de posibilidad que no viene solo de la naturaleza, viene de un cultivo sin duda, y que es la capacidad fonadora que yo tengo. Y luego, juntada con la pasi\u00f3n y dem\u00e1s, quiz\u00e1s hacen un poco de incendio.<\/p>\n<p>Para explicar c\u00f3mo dise\u00f1a las clases que todos los meses da en el Poder Judicial de Tucum\u00e1n, habla, como el poeta Mario Benedetti, de \u201ct\u00e1cticas y estrategias\u201d.<\/p>\n<p>\u2500A veces esas almas que habitan los pasillos judiciales no est\u00e1n tan avispadas sobre c\u00f3mo el derecho va cambiando sus encuadres sobre el delito, por ejemplo. Entonces nada m\u00e1s divertido que transitar el t\u00e9rmino adulterio a lo largo de la historia. O nada m\u00e1s tr\u00e1gico que transitar el t\u00e9rmino honor en los c\u00f3digos, \u00bfeh? Esas estrategias me permiten mostrarles que el derecho ha mudado y va a seguir cambiando, que se determina sobre una serie de construcciones sociales y culturales, incluido ah\u00ed nada menos que el gran, gran, gran vector de hoy en d\u00eda de los derechos de las mujeres: el concepto de violencia. Porque la violencia que nos hacen ha sido vertebrador de este estallido de las subjetividades. Reconocer las violencias quiere decir reconocer los acosos, las violencias simb\u00f3licas, la brutal experiencia de los femicidios como algo que no podemos tolerar m\u00e1s.<\/p>\n<p>Cuando su trance hipn\u00f3tico ya hizo efecto, Dora Barrancos alza la voz, golpea los pies contra el piso y trasciende sin pre\u00e1mbulos el tono did\u00e1ctico.<\/p>\n<p>\u2500Conocer acerca de los no derechos de otros, acerca de las perturbaciones que ha tenido la dignidad humana es el gran combustible para la justicia \u2500dice\u2500. Para m\u00ed, conocer la historia es un incentivo notable para la acci\u00f3n pol\u00edtica.<\/p>\n<p>&nbsp;<\/p>\n<p><img loading=\"lazy\" decoding=\"async\" class=\"alignnone wp-image-121712 size-full\" src=\"http:\/\/revistaanfibia.com\/wp-content\/uploads\/2019\/04\/DoraBarranco_05_full.jpg\" alt=\"Perfil de Dora Barrancos. La arque\u00f3loga de la historia feminista\" width=\"1920\" height=\"1412\" \/><\/p>\n<p>***<\/p>\n<p>En 1958, la adolescente <a href=\"https:\/\/diariofemenino.com.ar\/dora-barrancos\/\">Dora Barrancos<\/a> cumpli\u00f3 con la metamorfosis indicada para aquellos que quieren convertirse en militantes pol\u00edticos. Se embander\u00f3 al Socialismo de Vanguardia y comenz\u00f3 a frecuentar cuanta marcha y reclamo social hubiera. Ese a\u00f1o, particip\u00f3 de una serie de manifestaciones hist\u00f3ricas para que la Universidad no se entregara a la Iglesia. En 1959, celebr\u00f3 el triunfo de la Revoluci\u00f3n Cubana. Ese mismo a\u00f1o le\u00eda\u00a0<i>Operaci\u00f3n Masacre<\/i>, de Rodolfo Walsh, y comenzaba a simpatizar con el peronismo. En 1960 falleci\u00f3 su padre y ella se hizo cargo de su familia, al tiempo que se anot\u00f3 en la carrera de Sociolog\u00eda, de la que fue una de las primeras mujeres graduadas, adem\u00e1s de hacerlo con honores.<\/p>\n<p>La muerte del Che Guevara, en octubre de 1967, la sacudi\u00f3 a punto tal que la llev\u00f3 a subir la apuesta de su activismo pol\u00edtico: se sum\u00f3 a las filas de la Juventud Peronista. Los a\u00f1os setenta la encontraron en su esplendor: participaba de un grupo acad\u00e9mico de an\u00e1lisis del peronismo a la par del trabajo territorial en Ezpeleta y organizaba la actividad gremial en su primer empleo, como profesional empleada del PAMI. Pero en 1977, la irrupci\u00f3n de la dictadura militar le impuso a su vida un corte abrupto. Tras la desaparici\u00f3n de su prima Irene, nieta de Leonilda Barrancos, una conocida le lleg\u00f3 a avisar que la estaban buscando. Tuvo que abandonarlo todo y refugiarse de urgencia en Brasil.<\/p>\n<p>El exilio le trajo algo de sosiego, nuevas amistades y un pu\u00f1al inesperado de conmoci\u00f3n que la alcanz\u00f3 una tarde, mientras miraba la televisi\u00f3n brasilera, y le marc\u00f3 la vida para siempre. El noticiero informaba sobre el asesinato de una mujer proveniente de las clases altas de Mina Gerais: Angela Diniz hab\u00eda sido encontrada sin vida en una playa de Buzios. El homicida era su pareja. La acusaba de adulterio. Una periodista entrevistaba al abogado penalista que llevaba adelante el caso. Indagaba acerca de la estrategia de la defensa para que el homicida salga exculpado. El abogado le dec\u00eda que el caso era sencillo: se trataba de apelar simplemente a la \u201cleg\u00edtima defensa del honor\u201d de su defendido. La serenidad con la que esgrimi\u00f3 esa respuesta aquel hombre constern\u00f3 como un rayo a la televidente Dora Barrancos. Todav\u00eda no conoc\u00eda la palabra <a href=\"https:\/\/diariofemenino.com.ar\/dora-barrancos-al-patriarcado-solo-se-lo-extinguira-con-la-agencia-colectiva\/\">femicidio<\/a>, pero sinti\u00f3 por primera vez un fuego interno. Una mezcla de bronca e impotencia que la convocaba a escudri\u00f1ar por qu\u00e9 las mujeres, sin importar su clase social, deb\u00edan cargar con una tenebrosa cruz: la de ser asesinadas por el solo hecho de ser mujeres.<\/p>\n<p>***<\/p>\n<p>A las siete de la tarde del martes 12 de marzo, cuatro d\u00edas despu\u00e9s de la marcha por el 8M, doscientas personas se convocan en el auditorio de la Facultad de Ciencias Sociales de la UBA. El motivo, homenajear a Dora Barrancos, que en mayo cierra su mandato como directora del \u00e1rea de Humanidades y Ciencias Sociales del CONICET. Su partida del cargo cierra una \u00e9poca para la investigaci\u00f3n cient\u00edfica nacional. Barrancos nunca dej\u00f3 de denunciar p\u00fablicamente su vaciamiento y desfinanciamiento, igual que la eliminaci\u00f3n del Ministerio de Ciencia y Tecnolog\u00eda. \u201cEstamos en un ciclo crepuscular. La ciencia y la tecnolog\u00eda est\u00e1 gravemente afectadas. Para salir del atolladero, ser\u00e1 inexorable entender que la ciencia y la tecnolog\u00eda son decisivas para un desarrollo econ\u00f3mico integral e inclusivo.\u201d<\/p>\n<p>Entre la multitud participan acad\u00e9micos como Donna Guy, dirigentes pol\u00edticos como Nilda Garr\u00e9, referentes feministas como Ofelia Fern\u00e1ndez, representantes de organismos de derechos humanos como Nora Corti\u00f1as.<\/p>\n<p>En rigor, la ceremonia no es un homenaje: fiel al estilo de Barrancos, la bautizan como una \u201cverbena\u201d, inspirados en la planta\u00a0que limpiaba los altares de los dioses y estaba presente en hechizos y conjuros para el bien, asociada al verano, al\u00a0sol y a la luz.<\/p>\n<p>\u201cDora fue la primera persona que me habl\u00f3 de patriarcado. Me ense\u00f1\u00f3 a decir \u00b4buenas tardes, compa\u00f1eri\u00b4, mucho antes de que se usara el lenguaje no sexista\u201d, dice su colega del Fortunato Malimacci. Sus disc\u00edpulas tambi\u00e9n evocan frases c\u00e9lebres, como \u201clas preguntas de investigaci\u00f3n son erotismo\u201d, \u201chagan el amor con la tesis\u201d.<\/p>\n<p>En el repaso de su trayectoria cuentan sus comienzos como investigadora focalizada en el anarquismo, su etapa como historiadora del socialismo y su vuelco al feminismo. Treinta a\u00f1os atr\u00e1s, fue la primera que le dio voz a las mujeres en el relato oficial de la historia, desandando las relaciones de g\u00e9nero durante la Conquista o la independencia, abarcando desde las civilizaciones precolombinas hasta el presente. No abandon\u00f3 esa tarea ni siquiera al ser elegida legisladora de la Ciudad de Buenos Aires por el Frente Grande, en 1994, cuando a pesar de estar abocada a la gesti\u00f3n, sigui\u00f3 frecuentando los archivos de la Academia de Historia.<\/p>\n<p>Hasta su esposo toma la palabra. Dice Eduardo Moon: \u201cNo existen m\u00e1s figuras como las de Dora, que saben de todo. Ella trabaja m\u00ednimo doce horas por d\u00eda. Su contracci\u00f3n al trabajo es, pr\u00e1cticamente, insostenible\u201d.<\/p>\n<p><strong>\u00a0<\/strong><\/p>\n<p><img loading=\"lazy\" decoding=\"async\" class=\"alignnone size-full wp-image-121715\" src=\"http:\/\/revistaanfibia.com\/wp-content\/uploads\/2019\/04\/DoraBarranco_03_full1.jpg\" alt=\"DoraBarranco_03_full\" width=\"1920\" height=\"1280\" \/><\/p>\n<p>***<\/p>\n<p>El escritorio de Dora Barrancos en su casa de Floresta no est\u00e1 en lo que Virginia Woolf llamar\u00eda\u00a0<i>un cuarto propio<\/i>. Como sus investigaciones acad\u00e9micas, est\u00e1 en un lugar que lleva a otro lugar. Se ubica en el descanso de la escalera que conecta el piso de abajo con el de arriba: Dora investiga para luchar por los derechos de las mujeres.<\/p>\n<p>En ese espacio donde produce sus\u00a0<i>papers<\/i>\u00a0hay textos y libros de feminismo desperdigados alrededor de la computadora, sobre los escalones, en una atestada biblioteca. Dos de ellos, uno editado por El Ateneo con el lomo ajado, otro de tapa verde de Larousse, son sus biblias: son los diccionarios de sin\u00f3nimos y ant\u00f3nimos.<\/p>\n<p>\u2500El secreto de la investigaci\u00f3n es tener disciplina. Yo siempre digo algo poco acad\u00e9mico, pero que todo el mundo que se forma conmigo sabe: \u201clas ideas salen del culo sentado en la silla\u201d. As\u00ed te aparece como un cron\u00f3metro adentro que te dice \u201cde tal d\u00eda a tal d\u00eda hay que ir a tal archivo a buscar tal cosa\u201d. Yo hice mucho archivo original. As\u00ed fue como encontr\u00e9, buceando en la cuesti\u00f3n de las mujeres en la Telefon\u00eda, el legajo del caso de Amelia.<\/p>\n<p>A principios de siglo XX, una empleada telef\u00f3nica llamada Amelia C. se hab\u00eda casado y al ser descubierta \u2500no se aceptaban mujeres casadas en el puesto\u2500 fue cesanteada. Para vengarse, apu\u00f1al\u00f3 al director de la Uni\u00f3n Telef\u00f3nica. El crimen deriv\u00f3 en el fin a la discriminaci\u00f3n basada en el estado conyugal. El hallazgo de su legajo, con el que Barrancos se top\u00f3 en 1997, culmin\u00f3 con un celebrado\u00a0<i>paper<\/i>que public\u00f3 en 2008:\u00a0<i>La pu\u00f1alada de Amelia (o c\u00f3mo se extingui\u00f3 la discriminaci\u00f3n de las mujeres casadas del servicio telef\u00f3nico en la Argentina<\/i>).<\/p>\n<p>Entre otras cosas, ah\u00ed dice: \u201cEs en la bisagra de lo particular-individual que el caso de Amelia todav\u00eda nos interpela; es en cuanto persona sexuada que anotamos el r\u00e9gimen de una exclusi\u00f3n y de una sanci\u00f3n que no se encuentra en la experiencia de todos los trabajadores sino s\u00f3lo entre las mujeres. Amelia no se propuso reivindicar m\u00e1s que a su propia dignidad, defender lo que sent\u00eda un derecho propio aunque conociera bien el insolente reglamento de la empresa. (\u2026) A su hora, el gesto del que fue capaz sobrepas\u00f3 dram\u00e1ticamente el l\u00edmite de la resistencia, pero tambi\u00e9n a ella misma, conect\u00e1ndola de manera inescindible, sin que para nada se lo propusiera, con la causa colectiva. As\u00ed, su pu\u00f1alada hiri\u00f3 de muerte a la ominosa exclusi\u00f3n de las trabajadoras casadas del servicio telef\u00f3nico\u201d.<\/p>\n<p>\u2500Me pas\u00e9 tardes enteras en ese archivo de Telef\u00f3nica\u2026 \u00a1era orgi\u00e1stico! Recuerdo que estaba cerca del Riachuelo, era h\u00famedo, fr\u00edo\u2026 Eso fue muy, muy, digamos\u2026 para m\u00ed fue un descubrimiento notable. A veces existe la buena casualidad, que yo digo que es el premio a las buenas historiadoras: el hecho de que hay algo que aparece y que permite decir \u201cah, este elemento me permite discernir sobre tal situaci\u00f3n\u201d.<\/p>\n<p>\u2500\u00bfTe imaginabas que el feminismo iba a ser tan masivo alg\u00fan d\u00eda?<\/p>\n<p>\u2500El feminismo que vemos hoy no estaba previsto de ninguna manera. Siempre me preguntaba por qu\u00e9, siendo tan extraordinariamente el mundo poblado por mujeres, la ratio\u00a0feminista no ten\u00eda una captaci\u00f3n de masas, a diferencia de otros movimientos, como el obrero. Suced\u00eda que los feminismos eran muy de capilla, muy de\u00a0<i>ghetto<\/i>. Eran muchachas progresistas, de izquierda, y al mismo tiempo segregaban.<\/p>\n<p>\u2500\u00bfY hoy?<\/p>\n<p>\u2500Lo que ocurri\u00f3 ahora es un desbaratamiento de aquellas f\u00f3rmulas de asociaci\u00f3n de capilla que ten\u00edan los feminismos. Por eso mismo somos muchas m\u00e1s las personas que investigamos el feminismo hoy. En alguna medida tiene que ver con c\u00f3mo sacudir el orden patriarcal desde todos los \u00e1ngulos. Como historiadoras, nuestros intereses est\u00e1n muy demarcados por las construcciones del presente, \u00bfeh?\u00a0De modo que vamos siempre al pasado, tal vez de manera\u2026 estrat\u00e9gica.<\/p>\n<p>Dice, y suelta una risa corta.<\/p>\n<p>\u2500Querida, no tomaste nada al final, \u00bfun cafecito?<\/p>\n<p>&nbsp;<\/p>\n<p><img loading=\"lazy\" decoding=\"async\" class=\"alignnone size-full wp-image-121709\" src=\"http:\/\/revistaanfibia.com\/wp-content\/uploads\/2019\/04\/DoraBarranco_01_port.jpg\" alt=\"DoraBarranco_01_port\" width=\"1920\" height=\"1080\" \/><\/p>\n<p>***<\/p>\n<p>Su celular suena cada diez o quince minutos. Primero es una periodista que le pide opini\u00f3n sobre las \u201cfeministas radicalizadas\u201d. Despu\u00e9s Eduardo, su marido.<\/p>\n<p>\u2500Estamos felizmente juntos hace 44 a\u00f1os \u2500dice cuando corta\u2500. Mi primer matrimonio fue tremendo\u2026<\/p>\n<p>\u2500\u00bfPor qu\u00e9?<\/p>\n<p>\u2500Uh, mejor no hablemos. Por suerte, cuando ya te escaldaste tanto con uno primero, es imposible que cometas\u2026 puede ser\u2026 hay gente, eh\u2026 pero quiero decir, para algunas es imposible repetirlo.<\/p>\n<p>\u2500\u00bfY c\u00f3mo combin\u00e1s todas tus actividades con la vida de pareja?<\/p>\n<p>\u2500Con Eduardo hubo un pacto t\u00e1cito de no celarnos ni controlarnos. A m\u00ed me favoreci\u00f3 el hecho de su profesi\u00f3n m\u00e9dica, que entra\u00f1aba mucho tiempo. Un tipo que hac\u00eda guardias, imag\u00ednate\u2026 A m\u00ed me ven\u00eda b\u00e1rbaro porque yo estudiaba mucho y ten\u00eda que producir.<\/p>\n<p>La conversaci\u00f3n se deriva hacia el derecho al goce en la menopausia. Dora explica que en esa etapa las mujeres disponen mejor de su deseo porque no tienen \u201cla sombra fantasm\u00e1tica\u201d de quedar embarazadas, que llama \u201cun inhibidor formidable\u201d. Despu\u00e9s sigue hablando y llega a los \u00faltimos escraches an\u00f3nimos en las redes sociales por violaciones y acosos por parte de hombres.<\/p>\n<p>\u2500Una cosa es el escrache al genocida, porque hay impunidad. Pero cosas que tienen que ver con paridades de g\u00e9nero, tienen que ser bien ponderadas. Tiene que haber voces de mucha sororidad.\u00a0Nosotras no podemos aterrorizar: hay algo que no se compadece con el feminismo, y es la punici\u00f3n. La punici\u00f3n es la matriz patriarcal.\u00a0Diferente es cuando hay una denuncia y despu\u00e9s se hace un acto p\u00fablico, como esta ni\u00f1a que denunci\u00f3 a Darthes.<\/p>\n<p>El celular suena de nuevo. Es una colega con la que habla unos minutos. Dora le cuenta que pronto ir\u00e1 a un programa de radio a hablar sobre feminismo pero no es cualquier programa: es el de Baby Etchecopar. El conductor que fue obligado por la Justicia a ceder ese espacio para frenar una causa en la que se lo imputa por discriminaci\u00f3n y violencia de g\u00e9nero.<\/p>\n<p>\u2500Esta es una pica en Flandes \u2500comenta despu\u00e9s\u2500. Vamos a ver qu\u00e9 pasa con el p\u00fablico. Quiz\u00e1s cambien de dial cuando nos escuche, o quiz\u00e1s se queden a ver de qu\u00e9 se trata. Yo creo igual que en Baby hay algo muy no modificable. Algo m\u00e1s all\u00e1 del orden feminista: cierto fascismo vulgar. Esa protuberancia de \u00bfc\u00f3mo dir\u00e9? sus p\u00fablicos, tan anti todo, mis\u00f3ginos, intolerantes.<\/p>\n<p>Despu\u00e9s dice que tambi\u00e9n est\u00e1 contenta, porque ayer pudo avanzar bastante en la escritura de su \u00faltimo trabajo. A los setenta y nueve a\u00f1os, Dora Barrancos est\u00e1 abocada a un libro \u201cmuy, muy dif\u00edcil\u201d: una historia m\u00ednima sobre el feminismo latinoamericano. \u201cY quien dice m\u00ednimo dice que es necesario saber lo m\u00e1ximo\u201d, aclara. Dora se lamenta porque pudo abarcar todos sus pa\u00edses salvo Puerto Rico, en donde no pudo acceder a los documentos por \u201cun problema jurisdiccional\u201d. Le falta escribir el art\u00edculo final en el que analiza \u00a0episodios recientes como el mayo feminista chileno, EleNao de Brasil, y el Ni Una Menos y la Campa\u00f1a por el aborto de Argentina.<\/p>\n<p>Para escribirlo planea recluirse durante Semana Santa en una casa que tiene en Chapadmalal.<\/p>\n<p>\u2500Vamos a ver si queda bueno, \u00bfno?<\/p>\n<p>&nbsp;<\/p>\n<p><a href=\"http:\/\/revistaanfibia.com\/cronica\/la-arqueologa-de-la-historia-feminista\/?fbclid=IwAR3SCFxh_2EZ_DOPZKvqmMw9HXaETn3yNvmPSuXEjqD-3vYVZpfUfBJfjgI\">Anfibia<\/a><\/p>\n","protected":false},"excerpt":{"rendered":"<p>Perfil de Dora Barrancos. La arque\u00f3loga de la historia feminista Esta excelente nota es de hace un tiempo, del mes de abril, de Cintia Kemelmajer para Anfibia. La replicamos con mucho gusto Las pioneras del feminismo local son las nuevas rockstars. Y Dora Barrancos -soci\u00f3loga e historiadora- es pionera en explorar, desde la academia, el [&hellip;]<\/p>\n","protected":false},"author":4,"featured_media":37500,"comment_status":"open","ping_status":"open","sticky":false,"template":"","format":"standard","meta":{"iawp_total_views":73,"footnotes":""},"categories":[22,6,21],"tags":[1488,545,26,130],"class_list":["post-37498","post","type-post","status-publish","format-standard","has-post-thumbnail","hentry","category-aborto","category-articulos","category-noticias","tag-anfibia","tag-dora-barrancos","tag-feminismo","tag-mujeres"],"nelio_content":{"autoShareEndMode":"never","automationSources":{"useCustomSentences":false,"customSentences":[]},"efiAlt":"","efiUrl":"","followers":[4],"highlights":[],"isAutoShareEnabled":true,"networkImageIds":[],"permalinkQueryArgs":[],"series":[],"suggestedReferences":[]},"yoast_head":"<!-- This site is optimized with the Yoast SEO plugin v27.5 - https:\/\/yoast.com\/product\/yoast-seo-wordpress\/ -->\n<title>Perfil de Dora Barrancos. La arque\u00f3loga de la historia feminista - Diario Digital Femenino<\/title>\n<meta name=\"description\" content=\"Perfil de Dora Barrancos. La arque\u00f3loga de la historia feminista. Las pioneras del feminismo local son las nuevas rockstars. Y Dora Barrancos, soci\u00f3loga...\" \/>\n<meta name=\"robots\" content=\"index, follow, max-snippet:-1, max-image-preview:large, max-video-preview:-1\" \/>\n<link rel=\"canonical\" href=\"https:\/\/diariofemenino.com.ar\/df\/perfil-de-dora-barrancos-la-arqueologa-de-la-historia-feminista\/\" \/>\n<meta property=\"og:locale\" content=\"es_ES\" \/>\n<meta property=\"og:type\" content=\"article\" \/>\n<meta property=\"og:title\" content=\"Perfil de Dora Barrancos. La arque\u00f3loga de la historia feminista - Diario Digital Femenino\" \/>\n<meta property=\"og:description\" content=\"Perfil de Dora Barrancos. La arque\u00f3loga de la historia feminista. Las pioneras del feminismo local son las nuevas rockstars. Y Dora Barrancos, soci\u00f3loga...\" \/>\n<meta property=\"og:url\" content=\"https:\/\/diariofemenino.com.ar\/df\/perfil-de-dora-barrancos-la-arqueologa-de-la-historia-feminista\/\" \/>\n<meta property=\"og:site_name\" content=\"Diario Digital Femenino\" \/>\n<meta property=\"article:publisher\" content=\"https:\/\/www.facebook.com\/DiarioDigitaFemenino\/\" \/>\n<meta property=\"article:published_time\" content=\"2019-06-23T15:01:14+00:00\" \/>\n<meta property=\"article:modified_time\" content=\"2019-06-23T15:02:26+00:00\" \/>\n<meta property=\"og:image\" content=\"https:\/\/diariofemenino.com.ar\/df\/wp-content\/uploads\/2019\/06\/DoraBarranco_03_full1.jpg\" \/>\n\t<meta property=\"og:image:width\" content=\"960\" \/>\n\t<meta property=\"og:image:height\" content=\"640\" \/>\n\t<meta property=\"og:image:type\" content=\"image\/jpeg\" \/>\n<meta name=\"author\" content=\"Admin\" \/>\n<meta name=\"twitter:card\" content=\"summary_large_image\" \/>\n<meta name=\"twitter:creator\" content=\"@DiarioFemenino1\" \/>\n<meta name=\"twitter:site\" content=\"@DiarioFemenino1\" \/>\n<meta name=\"twitter:label1\" content=\"Escrito por\" \/>\n\t<meta name=\"twitter:data1\" content=\"Admin\" \/>\n\t<meta name=\"twitter:label2\" content=\"Tiempo de lectura\" \/>\n\t<meta name=\"twitter:data2\" content=\"20 minutos\" \/>\n<script type=\"application\/ld+json\" class=\"yoast-schema-graph\">{\"@context\":\"https:\\\/\\\/schema.org\",\"@graph\":[{\"@type\":\"Article\",\"@id\":\"https:\\\/\\\/diariofemenino.com.ar\\\/df\\\/perfil-de-dora-barrancos-la-arqueologa-de-la-historia-feminista\\\/#article\",\"isPartOf\":{\"@id\":\"https:\\\/\\\/diariofemenino.com.ar\\\/df\\\/perfil-de-dora-barrancos-la-arqueologa-de-la-historia-feminista\\\/\"},\"author\":{\"name\":\"Admin\",\"@id\":\"https:\\\/\\\/diariofemenino.com.ar\\\/df\\\/#\\\/schema\\\/person\\\/bf6199e8158c657ea6f789b11ec85509\"},\"headline\":\"Perfil de Dora Barrancos. La arque\u00f3loga de la historia feminista\",\"datePublished\":\"2019-06-23T15:01:14+00:00\",\"dateModified\":\"2019-06-23T15:02:26+00:00\",\"mainEntityOfPage\":{\"@id\":\"https:\\\/\\\/diariofemenino.com.ar\\\/df\\\/perfil-de-dora-barrancos-la-arqueologa-de-la-historia-feminista\\\/\"},\"wordCount\":4001,\"commentCount\":0,\"publisher\":{\"@id\":\"https:\\\/\\\/diariofemenino.com.ar\\\/df\\\/#organization\"},\"image\":{\"@id\":\"https:\\\/\\\/diariofemenino.com.ar\\\/df\\\/perfil-de-dora-barrancos-la-arqueologa-de-la-historia-feminista\\\/#primaryimage\"},\"thumbnailUrl\":\"https:\\\/\\\/diariofemenino.com.ar\\\/df\\\/wp-content\\\/uploads\\\/2019\\\/06\\\/DoraBarranco_03_full1.jpg\",\"keywords\":[\"Anfibia\",\"Dora Barrancos\",\"Feminismo\",\"Mujeres\"],\"articleSection\":[\"Aborto\",\"Mujeres en Palabras\",\"Noticias\"],\"inLanguage\":\"es\",\"potentialAction\":[{\"@type\":\"CommentAction\",\"name\":\"Comment\",\"target\":[\"https:\\\/\\\/diariofemenino.com.ar\\\/df\\\/perfil-de-dora-barrancos-la-arqueologa-de-la-historia-feminista\\\/#respond\"]}]},{\"@type\":\"WebPage\",\"@id\":\"https:\\\/\\\/diariofemenino.com.ar\\\/df\\\/perfil-de-dora-barrancos-la-arqueologa-de-la-historia-feminista\\\/\",\"url\":\"https:\\\/\\\/diariofemenino.com.ar\\\/df\\\/perfil-de-dora-barrancos-la-arqueologa-de-la-historia-feminista\\\/\",\"name\":\"Perfil de Dora Barrancos. La arque\u00f3loga de la historia feminista - Diario Digital Femenino\",\"isPartOf\":{\"@id\":\"https:\\\/\\\/diariofemenino.com.ar\\\/df\\\/#website\"},\"primaryImageOfPage\":{\"@id\":\"https:\\\/\\\/diariofemenino.com.ar\\\/df\\\/perfil-de-dora-barrancos-la-arqueologa-de-la-historia-feminista\\\/#primaryimage\"},\"image\":{\"@id\":\"https:\\\/\\\/diariofemenino.com.ar\\\/df\\\/perfil-de-dora-barrancos-la-arqueologa-de-la-historia-feminista\\\/#primaryimage\"},\"thumbnailUrl\":\"https:\\\/\\\/diariofemenino.com.ar\\\/df\\\/wp-content\\\/uploads\\\/2019\\\/06\\\/DoraBarranco_03_full1.jpg\",\"datePublished\":\"2019-06-23T15:01:14+00:00\",\"dateModified\":\"2019-06-23T15:02:26+00:00\",\"description\":\"Perfil de Dora Barrancos. La arque\u00f3loga de la historia feminista. Las pioneras del feminismo local son las nuevas rockstars. Y Dora Barrancos, soci\u00f3loga...\",\"breadcrumb\":{\"@id\":\"https:\\\/\\\/diariofemenino.com.ar\\\/df\\\/perfil-de-dora-barrancos-la-arqueologa-de-la-historia-feminista\\\/#breadcrumb\"},\"inLanguage\":\"es\",\"potentialAction\":[{\"@type\":\"ReadAction\",\"target\":[\"https:\\\/\\\/diariofemenino.com.ar\\\/df\\\/perfil-de-dora-barrancos-la-arqueologa-de-la-historia-feminista\\\/\"]}]},{\"@type\":\"ImageObject\",\"inLanguage\":\"es\",\"@id\":\"https:\\\/\\\/diariofemenino.com.ar\\\/df\\\/perfil-de-dora-barrancos-la-arqueologa-de-la-historia-feminista\\\/#primaryimage\",\"url\":\"https:\\\/\\\/diariofemenino.com.ar\\\/df\\\/wp-content\\\/uploads\\\/2019\\\/06\\\/DoraBarranco_03_full1.jpg\",\"contentUrl\":\"https:\\\/\\\/diariofemenino.com.ar\\\/df\\\/wp-content\\\/uploads\\\/2019\\\/06\\\/DoraBarranco_03_full1.jpg\",\"width\":960,\"height\":640,\"caption\":\"Perfil de Dora Barrancos. La arque\u00f3loga de la historia feminista\"},{\"@type\":\"BreadcrumbList\",\"@id\":\"https:\\\/\\\/diariofemenino.com.ar\\\/df\\\/perfil-de-dora-barrancos-la-arqueologa-de-la-historia-feminista\\\/#breadcrumb\",\"itemListElement\":[{\"@type\":\"ListItem\",\"position\":1,\"name\":\"Portada\",\"item\":\"https:\\\/\\\/diariofemenino.com.ar\\\/df\\\/\"},{\"@type\":\"ListItem\",\"position\":2,\"name\":\"Perfil de Dora Barrancos. La arque\u00f3loga de la historia feminista\"}]},{\"@type\":\"WebSite\",\"@id\":\"https:\\\/\\\/diariofemenino.com.ar\\\/df\\\/#website\",\"url\":\"https:\\\/\\\/diariofemenino.com.ar\\\/df\\\/\",\"name\":\"Diario Digital Femenino\",\"description\":\"Cuesti\u00f3n de G\u00e9nero\",\"publisher\":{\"@id\":\"https:\\\/\\\/diariofemenino.com.ar\\\/df\\\/#organization\"},\"potentialAction\":[{\"@type\":\"SearchAction\",\"target\":{\"@type\":\"EntryPoint\",\"urlTemplate\":\"https:\\\/\\\/diariofemenino.com.ar\\\/df\\\/?s={search_term_string}\"},\"query-input\":{\"@type\":\"PropertyValueSpecification\",\"valueRequired\":true,\"valueName\":\"search_term_string\"}}],\"inLanguage\":\"es\"},{\"@type\":\"Organization\",\"@id\":\"https:\\\/\\\/diariofemenino.com.ar\\\/df\\\/#organization\",\"name\":\"Diario Femenino\",\"url\":\"https:\\\/\\\/diariofemenino.com.ar\\\/df\\\/\",\"logo\":{\"@type\":\"ImageObject\",\"inLanguage\":\"es\",\"@id\":\"https:\\\/\\\/diariofemenino.com.ar\\\/df\\\/#\\\/schema\\\/logo\\\/image\\\/\",\"url\":\"https:\\\/\\\/diariofemenino.com.ar\\\/df\\\/wp-content\\\/uploads\\\/2018\\\/10\\\/logo.png\",\"contentUrl\":\"https:\\\/\\\/diariofemenino.com.ar\\\/df\\\/wp-content\\\/uploads\\\/2018\\\/10\\\/logo.png\",\"width\":500,\"height\":92,\"caption\":\"Diario Femenino\"},\"image\":{\"@id\":\"https:\\\/\\\/diariofemenino.com.ar\\\/df\\\/#\\\/schema\\\/logo\\\/image\\\/\"},\"sameAs\":[\"https:\\\/\\\/www.facebook.com\\\/DiarioDigitaFemenino\\\/\",\"https:\\\/\\\/x.com\\\/DiarioFemenino1\"]},{\"@type\":\"Person\",\"@id\":\"https:\\\/\\\/diariofemenino.com.ar\\\/df\\\/#\\\/schema\\\/person\\\/bf6199e8158c657ea6f789b11ec85509\",\"name\":\"Admin\",\"image\":{\"@type\":\"ImageObject\",\"inLanguage\":\"es\",\"@id\":\"https:\\\/\\\/diariofemenino.com.ar\\\/df\\\/wp-content\\\/uploads\\\/2018\\\/12\\\/favicon-150x150.jpg\",\"url\":\"https:\\\/\\\/diariofemenino.com.ar\\\/df\\\/wp-content\\\/uploads\\\/2018\\\/12\\\/favicon-150x150.jpg\",\"contentUrl\":\"https:\\\/\\\/diariofemenino.com.ar\\\/df\\\/wp-content\\\/uploads\\\/2018\\\/12\\\/favicon-150x150.jpg\",\"caption\":\"Admin\"},\"url\":\"https:\\\/\\\/diariofemenino.com.ar\\\/df\\\/author\\\/lenny\\\/\"}]}<\/script>\n<!-- \/ Yoast SEO plugin. -->","yoast_head_json":{"title":"Perfil de Dora Barrancos. La arque\u00f3loga de la historia feminista - Diario Digital Femenino","description":"Perfil de Dora Barrancos. La arque\u00f3loga de la historia feminista. Las pioneras del feminismo local son las nuevas rockstars. Y Dora Barrancos, soci\u00f3loga...","robots":{"index":"index","follow":"follow","max-snippet":"max-snippet:-1","max-image-preview":"max-image-preview:large","max-video-preview":"max-video-preview:-1"},"canonical":"https:\/\/diariofemenino.com.ar\/df\/perfil-de-dora-barrancos-la-arqueologa-de-la-historia-feminista\/","og_locale":"es_ES","og_type":"article","og_title":"Perfil de Dora Barrancos. La arque\u00f3loga de la historia feminista - Diario Digital Femenino","og_description":"Perfil de Dora Barrancos. La arque\u00f3loga de la historia feminista. Las pioneras del feminismo local son las nuevas rockstars. Y Dora Barrancos, soci\u00f3loga...","og_url":"https:\/\/diariofemenino.com.ar\/df\/perfil-de-dora-barrancos-la-arqueologa-de-la-historia-feminista\/","og_site_name":"Diario Digital Femenino","article_publisher":"https:\/\/www.facebook.com\/DiarioDigitaFemenino\/","article_published_time":"2019-06-23T15:01:14+00:00","article_modified_time":"2019-06-23T15:02:26+00:00","og_image":[{"width":960,"height":640,"url":"https:\/\/diariofemenino.com.ar\/df\/wp-content\/uploads\/2019\/06\/DoraBarranco_03_full1.jpg","type":"image\/jpeg"}],"author":"Admin","twitter_card":"summary_large_image","twitter_creator":"@DiarioFemenino1","twitter_site":"@DiarioFemenino1","twitter_misc":{"Escrito por":"Admin","Tiempo de lectura":"20 minutos"},"schema":{"@context":"https:\/\/schema.org","@graph":[{"@type":"Article","@id":"https:\/\/diariofemenino.com.ar\/df\/perfil-de-dora-barrancos-la-arqueologa-de-la-historia-feminista\/#article","isPartOf":{"@id":"https:\/\/diariofemenino.com.ar\/df\/perfil-de-dora-barrancos-la-arqueologa-de-la-historia-feminista\/"},"author":{"name":"Admin","@id":"https:\/\/diariofemenino.com.ar\/df\/#\/schema\/person\/bf6199e8158c657ea6f789b11ec85509"},"headline":"Perfil de Dora Barrancos. La arque\u00f3loga de la historia feminista","datePublished":"2019-06-23T15:01:14+00:00","dateModified":"2019-06-23T15:02:26+00:00","mainEntityOfPage":{"@id":"https:\/\/diariofemenino.com.ar\/df\/perfil-de-dora-barrancos-la-arqueologa-de-la-historia-feminista\/"},"wordCount":4001,"commentCount":0,"publisher":{"@id":"https:\/\/diariofemenino.com.ar\/df\/#organization"},"image":{"@id":"https:\/\/diariofemenino.com.ar\/df\/perfil-de-dora-barrancos-la-arqueologa-de-la-historia-feminista\/#primaryimage"},"thumbnailUrl":"https:\/\/diariofemenino.com.ar\/df\/wp-content\/uploads\/2019\/06\/DoraBarranco_03_full1.jpg","keywords":["Anfibia","Dora Barrancos","Feminismo","Mujeres"],"articleSection":["Aborto","Mujeres en Palabras","Noticias"],"inLanguage":"es","potentialAction":[{"@type":"CommentAction","name":"Comment","target":["https:\/\/diariofemenino.com.ar\/df\/perfil-de-dora-barrancos-la-arqueologa-de-la-historia-feminista\/#respond"]}]},{"@type":"WebPage","@id":"https:\/\/diariofemenino.com.ar\/df\/perfil-de-dora-barrancos-la-arqueologa-de-la-historia-feminista\/","url":"https:\/\/diariofemenino.com.ar\/df\/perfil-de-dora-barrancos-la-arqueologa-de-la-historia-feminista\/","name":"Perfil de Dora Barrancos. La arque\u00f3loga de la historia feminista - Diario Digital Femenino","isPartOf":{"@id":"https:\/\/diariofemenino.com.ar\/df\/#website"},"primaryImageOfPage":{"@id":"https:\/\/diariofemenino.com.ar\/df\/perfil-de-dora-barrancos-la-arqueologa-de-la-historia-feminista\/#primaryimage"},"image":{"@id":"https:\/\/diariofemenino.com.ar\/df\/perfil-de-dora-barrancos-la-arqueologa-de-la-historia-feminista\/#primaryimage"},"thumbnailUrl":"https:\/\/diariofemenino.com.ar\/df\/wp-content\/uploads\/2019\/06\/DoraBarranco_03_full1.jpg","datePublished":"2019-06-23T15:01:14+00:00","dateModified":"2019-06-23T15:02:26+00:00","description":"Perfil de Dora Barrancos. La arque\u00f3loga de la historia feminista. Las pioneras del feminismo local son las nuevas rockstars. Y Dora Barrancos, soci\u00f3loga...","breadcrumb":{"@id":"https:\/\/diariofemenino.com.ar\/df\/perfil-de-dora-barrancos-la-arqueologa-de-la-historia-feminista\/#breadcrumb"},"inLanguage":"es","potentialAction":[{"@type":"ReadAction","target":["https:\/\/diariofemenino.com.ar\/df\/perfil-de-dora-barrancos-la-arqueologa-de-la-historia-feminista\/"]}]},{"@type":"ImageObject","inLanguage":"es","@id":"https:\/\/diariofemenino.com.ar\/df\/perfil-de-dora-barrancos-la-arqueologa-de-la-historia-feminista\/#primaryimage","url":"https:\/\/diariofemenino.com.ar\/df\/wp-content\/uploads\/2019\/06\/DoraBarranco_03_full1.jpg","contentUrl":"https:\/\/diariofemenino.com.ar\/df\/wp-content\/uploads\/2019\/06\/DoraBarranco_03_full1.jpg","width":960,"height":640,"caption":"Perfil de Dora Barrancos. La arque\u00f3loga de la historia feminista"},{"@type":"BreadcrumbList","@id":"https:\/\/diariofemenino.com.ar\/df\/perfil-de-dora-barrancos-la-arqueologa-de-la-historia-feminista\/#breadcrumb","itemListElement":[{"@type":"ListItem","position":1,"name":"Portada","item":"https:\/\/diariofemenino.com.ar\/df\/"},{"@type":"ListItem","position":2,"name":"Perfil de Dora Barrancos. La arque\u00f3loga de la historia feminista"}]},{"@type":"WebSite","@id":"https:\/\/diariofemenino.com.ar\/df\/#website","url":"https:\/\/diariofemenino.com.ar\/df\/","name":"Diario Digital Femenino","description":"Cuesti\u00f3n de G\u00e9nero","publisher":{"@id":"https:\/\/diariofemenino.com.ar\/df\/#organization"},"potentialAction":[{"@type":"SearchAction","target":{"@type":"EntryPoint","urlTemplate":"https:\/\/diariofemenino.com.ar\/df\/?s={search_term_string}"},"query-input":{"@type":"PropertyValueSpecification","valueRequired":true,"valueName":"search_term_string"}}],"inLanguage":"es"},{"@type":"Organization","@id":"https:\/\/diariofemenino.com.ar\/df\/#organization","name":"Diario Femenino","url":"https:\/\/diariofemenino.com.ar\/df\/","logo":{"@type":"ImageObject","inLanguage":"es","@id":"https:\/\/diariofemenino.com.ar\/df\/#\/schema\/logo\/image\/","url":"https:\/\/diariofemenino.com.ar\/df\/wp-content\/uploads\/2018\/10\/logo.png","contentUrl":"https:\/\/diariofemenino.com.ar\/df\/wp-content\/uploads\/2018\/10\/logo.png","width":500,"height":92,"caption":"Diario Femenino"},"image":{"@id":"https:\/\/diariofemenino.com.ar\/df\/#\/schema\/logo\/image\/"},"sameAs":["https:\/\/www.facebook.com\/DiarioDigitaFemenino\/","https:\/\/x.com\/DiarioFemenino1"]},{"@type":"Person","@id":"https:\/\/diariofemenino.com.ar\/df\/#\/schema\/person\/bf6199e8158c657ea6f789b11ec85509","name":"Admin","image":{"@type":"ImageObject","inLanguage":"es","@id":"https:\/\/diariofemenino.com.ar\/df\/wp-content\/uploads\/2018\/12\/favicon-150x150.jpg","url":"https:\/\/diariofemenino.com.ar\/df\/wp-content\/uploads\/2018\/12\/favicon-150x150.jpg","contentUrl":"https:\/\/diariofemenino.com.ar\/df\/wp-content\/uploads\/2018\/12\/favicon-150x150.jpg","caption":"Admin"},"url":"https:\/\/diariofemenino.com.ar\/df\/author\/lenny\/"}]}},"jetpack_featured_media_url":"https:\/\/diariofemenino.com.ar\/df\/wp-content\/uploads\/2019\/06\/DoraBarranco_03_full1.jpg","jetpack_sharing_enabled":true,"rttpg_featured_image_url":{"full":["https:\/\/diariofemenino.com.ar\/df\/wp-content\/uploads\/2019\/06\/DoraBarranco_03_full1.jpg",960,640,false],"landscape":["https:\/\/diariofemenino.com.ar\/df\/wp-content\/uploads\/2019\/06\/DoraBarranco_03_full1.jpg",960,640,false],"portraits":["https:\/\/diariofemenino.com.ar\/df\/wp-content\/uploads\/2019\/06\/DoraBarranco_03_full1.jpg",960,640,false],"thumbnail":["https:\/\/diariofemenino.com.ar\/df\/wp-content\/uploads\/2019\/06\/DoraBarranco_03_full1-150x150.jpg",150,150,true],"medium":["https:\/\/diariofemenino.com.ar\/df\/wp-content\/uploads\/2019\/06\/DoraBarranco_03_full1-300x200.jpg",300,200,true],"large":["https:\/\/diariofemenino.com.ar\/df\/wp-content\/uploads\/2019\/06\/DoraBarranco_03_full1.jpg",960,640,false],"1536x1536":["https:\/\/diariofemenino.com.ar\/df\/wp-content\/uploads\/2019\/06\/DoraBarranco_03_full1.jpg",960,640,false],"2048x2048":["https:\/\/diariofemenino.com.ar\/df\/wp-content\/uploads\/2019\/06\/DoraBarranco_03_full1.jpg",960,640,false]},"rttpg_author":{"display_name":"Admin","author_link":"https:\/\/diariofemenino.com.ar\/df\/author\/lenny\/"},"rttpg_comment":0,"rttpg_category":"<a href=\"https:\/\/diariofemenino.com.ar\/df\/category\/aborto\/\" rel=\"category tag\">Aborto<\/a> <a href=\"https:\/\/diariofemenino.com.ar\/df\/category\/articulos\/\" rel=\"category tag\">Mujeres en Palabras<\/a> <a href=\"https:\/\/diariofemenino.com.ar\/df\/category\/noticias\/\" rel=\"category tag\">Noticias<\/a>","rttpg_excerpt":"Perfil de Dora Barrancos. La arque\u00f3loga de la historia feminista Esta excelente nota es de hace un tiempo, del mes de abril, de Cintia Kemelmajer para Anfibia. La replicamos con mucho gusto Las pioneras del feminismo local son las nuevas rockstars. Y Dora Barrancos -soci\u00f3loga e historiadora- es pionera en explorar, desde la academia, el&hellip;","_links":{"self":[{"href":"https:\/\/diariofemenino.com.ar\/df\/wp-json\/wp\/v2\/posts\/37498","targetHints":{"allow":["GET"]}}],"collection":[{"href":"https:\/\/diariofemenino.com.ar\/df\/wp-json\/wp\/v2\/posts"}],"about":[{"href":"https:\/\/diariofemenino.com.ar\/df\/wp-json\/wp\/v2\/types\/post"}],"author":[{"embeddable":true,"href":"https:\/\/diariofemenino.com.ar\/df\/wp-json\/wp\/v2\/users\/4"}],"replies":[{"embeddable":true,"href":"https:\/\/diariofemenino.com.ar\/df\/wp-json\/wp\/v2\/comments?post=37498"}],"version-history":[{"count":0,"href":"https:\/\/diariofemenino.com.ar\/df\/wp-json\/wp\/v2\/posts\/37498\/revisions"}],"wp:featuredmedia":[{"embeddable":true,"href":"https:\/\/diariofemenino.com.ar\/df\/wp-json\/wp\/v2\/media\/37500"}],"wp:attachment":[{"href":"https:\/\/diariofemenino.com.ar\/df\/wp-json\/wp\/v2\/media?parent=37498"}],"wp:term":[{"taxonomy":"category","embeddable":true,"href":"https:\/\/diariofemenino.com.ar\/df\/wp-json\/wp\/v2\/categories?post=37498"},{"taxonomy":"post_tag","embeddable":true,"href":"https:\/\/diariofemenino.com.ar\/df\/wp-json\/wp\/v2\/tags?post=37498"}],"curies":[{"name":"wp","href":"https:\/\/api.w.org\/{rel}","templated":true}]}}