{"id":373,"date":"2012-05-10T18:48:02","date_gmt":"2012-05-10T21:48:02","guid":{"rendered":"http:\/\/www.diariofemenino.com.ar\/?p=373"},"modified":"2012-05-10T18:48:02","modified_gmt":"2012-05-10T21:48:02","slug":"sandra-fonsecaen-materia-legislativa-estamos-atrasados-en-la-pampa","status":"publish","type":"post","link":"https:\/\/diariofemenino.com.ar\/df\/sandra-fonsecaen-materia-legislativa-estamos-atrasados-en-la-pampa\/","title":{"rendered":"Sandra Fonseca:&#034;En materia legislativa, estamos atrasados en La Pampa&#034;"},"content":{"rendered":"<p>Invitada por el diputado Hugo P\u00e9rez y la intendenta Nidia Anc\u00edn, la diputada Sandra Fonseca dio una charla sobre su proyecto de ley, referido a la Trata de Personas, en la localidad de Alpachiri.<br \/>\n\u00abNecesitamos pol\u00edticas provinciales que se articulen con los municipios y las instituciones intermedias, para que las acciones sean integrales y efectivas, sino seguimos planificando sobre supuestos e ignorando la realidad de cada localidad. Me preocupa la falta de sensibilidad de algunos funcionarios con respecto a estos temas, y que a\u00fan no se hayan desterrados creencias propias de una sociedad patriarcal , ya que la trata de personas es la violencia al extremo que una mujer puede sufrir, y no un gusto o una decisi\u00f3n; hay que entender que la persona no est\u00e1 en condiciones de libertad para elegir; y es ah\u00ed donde la presencia del Estado se torna indispensable\u00bb<br \/>\nConsultada sobre otra de las tem\u00e1ticas que la preocupan y ocupan, como a buena parte de la sociedad: Ni\u00f1ez, Infancia y\u00a0 Adolescencia y su Ley Nacional\u00a0 26.061, expres\u00f3,\u00a0\u00abCreo que cambia radicalmente el enfoque anterior, porque el ni\u00f1o pasa a ser sujeto de derecho y por lo tanto ante cualquier situaci\u00f3n se debe tener en cuenta el inter\u00e9s superior del ni\u00f1o, por eso estamos muy atrasados en La Pampa, ya que no contamos a\u00fan con una ley provincial\u00bb.<br \/>\nAl t\u00e9rmino de la presentaci\u00f3n, la Intendenta agradeci\u00f3 la presencia de la Diputada Fonseca, \u00abSiempre son bienvenidos estos aportes que permiten pensar nuevas estrategias de abordaje, dijo Anc\u00edn. \u00abSon cuestiones de las cuales deber\u00edamos ocuparnos todos los que cumplimos un rol importante en la sociedad, justamente porque estamos al frente de una instituci\u00f3n; y dejar de mirar si el otro hace o no. Estas problem\u00e1ticas existen en la localidad, pero necesitamos de la solidaridad de todas las instituciones del medio porque sino es dif\u00edcil conseguir buenos resultados\u00bb, concluy\u00f3<\/p>\n","protected":false},"excerpt":{"rendered":"<p>Invitada por el diputado Hugo P\u00e9rez y la intendenta Nidia Anc\u00edn, la diputada Sandra Fonseca dio una charla sobre su proyecto de ley, referido a la Trata de Personas, en la localidad de Alpachiri. \u00abNecesitamos pol\u00edticas provinciales que se articulen con los municipios y las instituciones intermedias, para que las acciones sean integrales y efectivas, [&hellip;]<\/p>\n","protected":false},"author":1,"featured_media":0,"comment_status":"open","ping_status":"open","sticky":false,"template":"","format":"standard","meta":{"iawp_total_views":2,"footnotes":""},"categories":[4,21,15],"tags":[],"class_list":["post-373","post","type-post","status-publish","format-standard","hentry","category-medios","category-noticias","category-trata-de-personas"],"nelio_content":{"autoShareEndMode":"never","automationSources":{"useCustomSentences":false,"customSentences":[]},"efiAlt":"","efiUrl":"","followers":[],"highlights":[],"isAutoShareEnabled":true,"networkImageIds":[],"permalinkQueryArgs":[],"series":[],"suggestedReferences":[]},"yoast_head":"<!-- This site is optimized with the Yoast SEO plugin v27.5 - https:\/\/yoast.com\/product\/yoast-seo-wordpress\/ -->\n<title>Sandra Fonseca:&#034;En materia legislativa, estamos atrasados en La Pampa&#034; - Diario Digital Femenino<\/title>\n<meta name=\"robots\" content=\"index, follow, max-snippet:-1, max-image-preview:large, max-video-preview:-1\" \/>\n<link rel=\"canonical\" href=\"https:\/\/diariofemenino.com.ar\/df\/sandra-fonsecaen-materia-legislativa-estamos-atrasados-en-la-pampa\/\" \/>\n<meta property=\"og:locale\" content=\"es_ES\" \/>\n<meta property=\"og:type\" content=\"article\" \/>\n<meta property=\"og:title\" content=\"Sandra Fonseca:&#034;En materia legislativa, estamos atrasados en La Pampa&#034; - Diario Digital Femenino\" \/>\n<meta property=\"og:description\" content=\"Invitada por el diputado Hugo P\u00e9rez y la intendenta Nidia Anc\u00edn, la diputada Sandra Fonseca dio una charla sobre su proyecto de ley, referido a la Trata de Personas, en la localidad de Alpachiri. \u00abNecesitamos pol\u00edticas provinciales que se articulen con los municipios y las instituciones intermedias, para que las acciones sean integrales y efectivas, [&hellip;]\" \/>\n<meta property=\"og:url\" content=\"https:\/\/diariofemenino.com.ar\/df\/sandra-fonsecaen-materia-legislativa-estamos-atrasados-en-la-pampa\/\" \/>\n<meta property=\"og:site_name\" content=\"Diario Digital Femenino\" \/>\n<meta property=\"article:publisher\" content=\"https:\/\/www.facebook.com\/DiarioDigitaFemenino\/\" \/>\n<meta property=\"article:published_time\" content=\"2012-05-10T21:48:02+00:00\" \/>\n<meta property=\"og:image\" content=\"https:\/\/diariofemenino.com.ar\/df\/wp-content\/uploads\/2016\/10\/logo-negro.png\" \/>\n\t<meta property=\"og:image:width\" content=\"855\" \/>\n\t<meta property=\"og:image:height\" content=\"319\" \/>\n\t<meta property=\"og:image:type\" content=\"image\/png\" \/>\n<meta name=\"author\" content=\"Admin\" \/>\n<meta name=\"twitter:card\" content=\"summary_large_image\" \/>\n<meta name=\"twitter:creator\" content=\"@DiarioFemenino1\" \/>\n<meta name=\"twitter:site\" content=\"@DiarioFemenino1\" \/>\n<meta name=\"twitter:label1\" content=\"Escrito por\" \/>\n\t<meta name=\"twitter:data1\" content=\"Admin\" \/>\n\t<meta name=\"twitter:label2\" content=\"Tiempo de lectura\" \/>\n\t<meta name=\"twitter:data2\" content=\"2 minutos\" \/>\n<script type=\"application\/ld+json\" class=\"yoast-schema-graph\">{\"@context\":\"https:\\\/\\\/schema.org\",\"@graph\":[{\"@type\":\"Article\",\"@id\":\"https:\\\/\\\/diariofemenino.com.ar\\\/df\\\/sandra-fonsecaen-materia-legislativa-estamos-atrasados-en-la-pampa\\\/#article\",\"isPartOf\":{\"@id\":\"https:\\\/\\\/diariofemenino.com.ar\\\/df\\\/sandra-fonsecaen-materia-legislativa-estamos-atrasados-en-la-pampa\\\/\"},\"author\":{\"name\":\"Admin\",\"@id\":\"https:\\\/\\\/diariofemenino.com.ar\\\/df\\\/#\\\/schema\\\/person\\\/38f54b3bfd13f561de2460ba95c169c6\"},\"headline\":\"Sandra Fonseca:&#034;En materia legislativa, estamos atrasados en La Pampa&#034;\",\"datePublished\":\"2012-05-10T21:48:02+00:00\",\"mainEntityOfPage\":{\"@id\":\"https:\\\/\\\/diariofemenino.com.ar\\\/df\\\/sandra-fonsecaen-materia-legislativa-estamos-atrasados-en-la-pampa\\\/\"},\"wordCount\":336,\"commentCount\":0,\"publisher\":{\"@id\":\"https:\\\/\\\/diariofemenino.com.ar\\\/df\\\/#organization\"},\"articleSection\":[\"Medios\",\"Noticias\",\"Trata de Pers.\"],\"inLanguage\":\"es\",\"potentialAction\":[{\"@type\":\"CommentAction\",\"name\":\"Comment\",\"target\":[\"https:\\\/\\\/diariofemenino.com.ar\\\/df\\\/sandra-fonsecaen-materia-legislativa-estamos-atrasados-en-la-pampa\\\/#respond\"]}]},{\"@type\":\"WebPage\",\"@id\":\"https:\\\/\\\/diariofemenino.com.ar\\\/df\\\/sandra-fonsecaen-materia-legislativa-estamos-atrasados-en-la-pampa\\\/\",\"url\":\"https:\\\/\\\/diariofemenino.com.ar\\\/df\\\/sandra-fonsecaen-materia-legislativa-estamos-atrasados-en-la-pampa\\\/\",\"name\":\"Sandra Fonseca:&#034;En materia legislativa, estamos atrasados en La Pampa&#034; - Diario Digital Femenino\",\"isPartOf\":{\"@id\":\"https:\\\/\\\/diariofemenino.com.ar\\\/df\\\/#website\"},\"datePublished\":\"2012-05-10T21:48:02+00:00\",\"breadcrumb\":{\"@id\":\"https:\\\/\\\/diariofemenino.com.ar\\\/df\\\/sandra-fonsecaen-materia-legislativa-estamos-atrasados-en-la-pampa\\\/#breadcrumb\"},\"inLanguage\":\"es\",\"potentialAction\":[{\"@type\":\"ReadAction\",\"target\":[\"https:\\\/\\\/diariofemenino.com.ar\\\/df\\\/sandra-fonsecaen-materia-legislativa-estamos-atrasados-en-la-pampa\\\/\"]}]},{\"@type\":\"BreadcrumbList\",\"@id\":\"https:\\\/\\\/diariofemenino.com.ar\\\/df\\\/sandra-fonsecaen-materia-legislativa-estamos-atrasados-en-la-pampa\\\/#breadcrumb\",\"itemListElement\":[{\"@type\":\"ListItem\",\"position\":1,\"name\":\"Portada\",\"item\":\"https:\\\/\\\/diariofemenino.com.ar\\\/df\\\/\"},{\"@type\":\"ListItem\",\"position\":2,\"name\":\"Sandra Fonseca:&#034;En materia legislativa, estamos atrasados en La Pampa&#034;\"}]},{\"@type\":\"WebSite\",\"@id\":\"https:\\\/\\\/diariofemenino.com.ar\\\/df\\\/#website\",\"url\":\"https:\\\/\\\/diariofemenino.com.ar\\\/df\\\/\",\"name\":\"Diario Digital Femenino\",\"description\":\"Cuesti\u00f3n de G\u00e9nero\",\"publisher\":{\"@id\":\"https:\\\/\\\/diariofemenino.com.ar\\\/df\\\/#organization\"},\"potentialAction\":[{\"@type\":\"SearchAction\",\"target\":{\"@type\":\"EntryPoint\",\"urlTemplate\":\"https:\\\/\\\/diariofemenino.com.ar\\\/df\\\/?s={search_term_string}\"},\"query-input\":{\"@type\":\"PropertyValueSpecification\",\"valueRequired\":true,\"valueName\":\"search_term_string\"}}],\"inLanguage\":\"es\"},{\"@type\":\"Organization\",\"@id\":\"https:\\\/\\\/diariofemenino.com.ar\\\/df\\\/#organization\",\"name\":\"Diario Femenino\",\"url\":\"https:\\\/\\\/diariofemenino.com.ar\\\/df\\\/\",\"logo\":{\"@type\":\"ImageObject\",\"inLanguage\":\"es\",\"@id\":\"https:\\\/\\\/diariofemenino.com.ar\\\/df\\\/#\\\/schema\\\/logo\\\/image\\\/\",\"url\":\"https:\\\/\\\/diariofemenino.com.ar\\\/df\\\/wp-content\\\/uploads\\\/2018\\\/10\\\/logo.png\",\"contentUrl\":\"https:\\\/\\\/diariofemenino.com.ar\\\/df\\\/wp-content\\\/uploads\\\/2018\\\/10\\\/logo.png\",\"width\":500,\"height\":92,\"caption\":\"Diario Femenino\"},\"image\":{\"@id\":\"https:\\\/\\\/diariofemenino.com.ar\\\/df\\\/#\\\/schema\\\/logo\\\/image\\\/\"},\"sameAs\":[\"https:\\\/\\\/www.facebook.com\\\/DiarioDigitaFemenino\\\/\",\"https:\\\/\\\/x.com\\\/DiarioFemenino1\"]},{\"@type\":\"Person\",\"@id\":\"https:\\\/\\\/diariofemenino.com.ar\\\/df\\\/#\\\/schema\\\/person\\\/38f54b3bfd13f561de2460ba95c169c6\",\"name\":\"Admin\",\"image\":{\"@type\":\"ImageObject\",\"inLanguage\":\"es\",\"@id\":\"https:\\\/\\\/diariofemenino.com.ar\\\/df\\\/wp-content\\\/uploads\\\/2018\\\/12\\\/favicon-150x150.jpg\",\"url\":\"https:\\\/\\\/diariofemenino.com.ar\\\/df\\\/wp-content\\\/uploads\\\/2018\\\/12\\\/favicon-150x150.jpg\",\"contentUrl\":\"https:\\\/\\\/diariofemenino.com.ar\\\/df\\\/wp-content\\\/uploads\\\/2018\\\/12\\\/favicon-150x150.jpg\",\"caption\":\"Admin\"},\"url\":\"https:\\\/\\\/diariofemenino.com.ar\\\/df\\\/author\\\/adm18df\\\/\"}]}<\/script>\n<!-- \/ Yoast SEO plugin. -->","yoast_head_json":{"title":"Sandra Fonseca:&#034;En materia legislativa, estamos atrasados en La Pampa&#034; - Diario Digital Femenino","robots":{"index":"index","follow":"follow","max-snippet":"max-snippet:-1","max-image-preview":"max-image-preview:large","max-video-preview":"max-video-preview:-1"},"canonical":"https:\/\/diariofemenino.com.ar\/df\/sandra-fonsecaen-materia-legislativa-estamos-atrasados-en-la-pampa\/","og_locale":"es_ES","og_type":"article","og_title":"Sandra Fonseca:&#034;En materia legislativa, estamos atrasados en La Pampa&#034; - Diario Digital Femenino","og_description":"Invitada por el diputado Hugo P\u00e9rez y la intendenta Nidia Anc\u00edn, la diputada Sandra Fonseca dio una charla sobre su proyecto de ley, referido a la Trata de Personas, en la localidad de Alpachiri. \u00abNecesitamos pol\u00edticas provinciales que se articulen con los municipios y las instituciones intermedias, para que las acciones sean integrales y efectivas, [&hellip;]","og_url":"https:\/\/diariofemenino.com.ar\/df\/sandra-fonsecaen-materia-legislativa-estamos-atrasados-en-la-pampa\/","og_site_name":"Diario Digital Femenino","article_publisher":"https:\/\/www.facebook.com\/DiarioDigitaFemenino\/","article_published_time":"2012-05-10T21:48:02+00:00","og_image":[{"width":855,"height":319,"url":"https:\/\/diariofemenino.com.ar\/df\/wp-content\/uploads\/2016\/10\/logo-negro.png","type":"image\/png"}],"author":"Admin","twitter_card":"summary_large_image","twitter_creator":"@DiarioFemenino1","twitter_site":"@DiarioFemenino1","twitter_misc":{"Escrito por":"Admin","Tiempo de lectura":"2 minutos"},"schema":{"@context":"https:\/\/schema.org","@graph":[{"@type":"Article","@id":"https:\/\/diariofemenino.com.ar\/df\/sandra-fonsecaen-materia-legislativa-estamos-atrasados-en-la-pampa\/#article","isPartOf":{"@id":"https:\/\/diariofemenino.com.ar\/df\/sandra-fonsecaen-materia-legislativa-estamos-atrasados-en-la-pampa\/"},"author":{"name":"Admin","@id":"https:\/\/diariofemenino.com.ar\/df\/#\/schema\/person\/38f54b3bfd13f561de2460ba95c169c6"},"headline":"Sandra Fonseca:&#034;En materia legislativa, estamos atrasados en La Pampa&#034;","datePublished":"2012-05-10T21:48:02+00:00","mainEntityOfPage":{"@id":"https:\/\/diariofemenino.com.ar\/df\/sandra-fonsecaen-materia-legislativa-estamos-atrasados-en-la-pampa\/"},"wordCount":336,"commentCount":0,"publisher":{"@id":"https:\/\/diariofemenino.com.ar\/df\/#organization"},"articleSection":["Medios","Noticias","Trata de Pers."],"inLanguage":"es","potentialAction":[{"@type":"CommentAction","name":"Comment","target":["https:\/\/diariofemenino.com.ar\/df\/sandra-fonsecaen-materia-legislativa-estamos-atrasados-en-la-pampa\/#respond"]}]},{"@type":"WebPage","@id":"https:\/\/diariofemenino.com.ar\/df\/sandra-fonsecaen-materia-legislativa-estamos-atrasados-en-la-pampa\/","url":"https:\/\/diariofemenino.com.ar\/df\/sandra-fonsecaen-materia-legislativa-estamos-atrasados-en-la-pampa\/","name":"Sandra Fonseca:&#034;En materia legislativa, estamos atrasados en La Pampa&#034; - Diario Digital Femenino","isPartOf":{"@id":"https:\/\/diariofemenino.com.ar\/df\/#website"},"datePublished":"2012-05-10T21:48:02+00:00","breadcrumb":{"@id":"https:\/\/diariofemenino.com.ar\/df\/sandra-fonsecaen-materia-legislativa-estamos-atrasados-en-la-pampa\/#breadcrumb"},"inLanguage":"es","potentialAction":[{"@type":"ReadAction","target":["https:\/\/diariofemenino.com.ar\/df\/sandra-fonsecaen-materia-legislativa-estamos-atrasados-en-la-pampa\/"]}]},{"@type":"BreadcrumbList","@id":"https:\/\/diariofemenino.com.ar\/df\/sandra-fonsecaen-materia-legislativa-estamos-atrasados-en-la-pampa\/#breadcrumb","itemListElement":[{"@type":"ListItem","position":1,"name":"Portada","item":"https:\/\/diariofemenino.com.ar\/df\/"},{"@type":"ListItem","position":2,"name":"Sandra Fonseca:&#034;En materia legislativa, estamos atrasados en La Pampa&#034;"}]},{"@type":"WebSite","@id":"https:\/\/diariofemenino.com.ar\/df\/#website","url":"https:\/\/diariofemenino.com.ar\/df\/","name":"Diario Digital Femenino","description":"Cuesti\u00f3n de G\u00e9nero","publisher":{"@id":"https:\/\/diariofemenino.com.ar\/df\/#organization"},"potentialAction":[{"@type":"SearchAction","target":{"@type":"EntryPoint","urlTemplate":"https:\/\/diariofemenino.com.ar\/df\/?s={search_term_string}"},"query-input":{"@type":"PropertyValueSpecification","valueRequired":true,"valueName":"search_term_string"}}],"inLanguage":"es"},{"@type":"Organization","@id":"https:\/\/diariofemenino.com.ar\/df\/#organization","name":"Diario Femenino","url":"https:\/\/diariofemenino.com.ar\/df\/","logo":{"@type":"ImageObject","inLanguage":"es","@id":"https:\/\/diariofemenino.com.ar\/df\/#\/schema\/logo\/image\/","url":"https:\/\/diariofemenino.com.ar\/df\/wp-content\/uploads\/2018\/10\/logo.png","contentUrl":"https:\/\/diariofemenino.com.ar\/df\/wp-content\/uploads\/2018\/10\/logo.png","width":500,"height":92,"caption":"Diario Femenino"},"image":{"@id":"https:\/\/diariofemenino.com.ar\/df\/#\/schema\/logo\/image\/"},"sameAs":["https:\/\/www.facebook.com\/DiarioDigitaFemenino\/","https:\/\/x.com\/DiarioFemenino1"]},{"@type":"Person","@id":"https:\/\/diariofemenino.com.ar\/df\/#\/schema\/person\/38f54b3bfd13f561de2460ba95c169c6","name":"Admin","image":{"@type":"ImageObject","inLanguage":"es","@id":"https:\/\/diariofemenino.com.ar\/df\/wp-content\/uploads\/2018\/12\/favicon-150x150.jpg","url":"https:\/\/diariofemenino.com.ar\/df\/wp-content\/uploads\/2018\/12\/favicon-150x150.jpg","contentUrl":"https:\/\/diariofemenino.com.ar\/df\/wp-content\/uploads\/2018\/12\/favicon-150x150.jpg","caption":"Admin"},"url":"https:\/\/diariofemenino.com.ar\/df\/author\/adm18df\/"}]}},"jetpack_featured_media_url":"","jetpack_sharing_enabled":true,"rttpg_featured_image_url":null,"rttpg_author":{"display_name":"Admin","author_link":"https:\/\/diariofemenino.com.ar\/df\/author\/adm18df\/"},"rttpg_comment":0,"rttpg_category":"<a href=\"https:\/\/diariofemenino.com.ar\/df\/category\/medios\/\" rel=\"category tag\">Medios<\/a> <a href=\"https:\/\/diariofemenino.com.ar\/df\/category\/noticias\/\" rel=\"category tag\">Noticias<\/a> <a href=\"https:\/\/diariofemenino.com.ar\/df\/category\/trata-de-personas\/\" rel=\"category tag\">Trata de Pers.<\/a>","rttpg_excerpt":"Invitada por el diputado Hugo P\u00e9rez y la intendenta Nidia Anc\u00edn, la diputada Sandra Fonseca dio una charla sobre su proyecto de ley, referido a la Trata de Personas, en la localidad de Alpachiri. \u00abNecesitamos pol\u00edticas provinciales que se articulen con los municipios y las instituciones intermedias, para que las acciones sean integrales y efectivas,&hellip;","_links":{"self":[{"href":"https:\/\/diariofemenino.com.ar\/df\/wp-json\/wp\/v2\/posts\/373","targetHints":{"allow":["GET"]}}],"collection":[{"href":"https:\/\/diariofemenino.com.ar\/df\/wp-json\/wp\/v2\/posts"}],"about":[{"href":"https:\/\/diariofemenino.com.ar\/df\/wp-json\/wp\/v2\/types\/post"}],"author":[{"embeddable":true,"href":"https:\/\/diariofemenino.com.ar\/df\/wp-json\/wp\/v2\/users\/1"}],"replies":[{"embeddable":true,"href":"https:\/\/diariofemenino.com.ar\/df\/wp-json\/wp\/v2\/comments?post=373"}],"version-history":[{"count":0,"href":"https:\/\/diariofemenino.com.ar\/df\/wp-json\/wp\/v2\/posts\/373\/revisions"}],"wp:attachment":[{"href":"https:\/\/diariofemenino.com.ar\/df\/wp-json\/wp\/v2\/media?parent=373"}],"wp:term":[{"taxonomy":"category","embeddable":true,"href":"https:\/\/diariofemenino.com.ar\/df\/wp-json\/wp\/v2\/categories?post=373"},{"taxonomy":"post_tag","embeddable":true,"href":"https:\/\/diariofemenino.com.ar\/df\/wp-json\/wp\/v2\/tags?post=373"}],"curies":[{"name":"wp","href":"https:\/\/api.w.org\/{rel}","templated":true}]}}