{"id":37248,"date":"2019-06-20T19:11:00","date_gmt":"2019-06-20T22:11:00","guid":{"rendered":"https:\/\/diariofemenino.com.ar\/?p=37248"},"modified":"2019-06-20T19:11:00","modified_gmt":"2019-06-20T22:11:00","slug":"primer-parto-inclusivo-en-chile-joven-sorda-tuvo-interprete-de-senas-durante-su-embarazo-y-parto","status":"publish","type":"post","link":"https:\/\/diariofemenino.com.ar\/df\/primer-parto-inclusivo-en-chile-joven-sorda-tuvo-interprete-de-senas-durante-su-embarazo-y-parto\/","title":{"rendered":"Primer parto inclusivo en Chile: Joven sorda tuvo interprete de se\u00f1as durante su embarazo y parto"},"content":{"rendered":"<h2 style=\"text-align: center;\">Primer <a href=\"https:\/\/diariofemenino.com.ar\/que-significa-el-parto-respetado-y-cuales-son-los-derechos-de-cada-mujer\/\">parto<\/a> inclusivo en Chile: Joven sorda tuvo interprete de se\u00f1as durante su embarazo y parto<\/h2>\n<article id=\"cargar-noticia\">Fabiana Zapata Avil\u00e9z es una de las nuevas habitantes de la Regi\u00f3n de Ays\u00e9n. Es hija de Estefan\u00eda y Rodrigo (33), pareja de sordos oriundos de la comuna de Chile Chico que son los protagonistas de una historia sin precedentes en la naci\u00f3n, ya que han tenido l<b>a oportunidad de contar con la asistencia de una int\u00e9rprete en Lengua de Se\u00f1as durante todo el embarazo de Estefan\u00eda, propiciando un apoyo \u00fanico y al que no puede acceder toda la <a href=\"https:\/\/diariofemenino.com.ar\/toda-una-escuela-se-unio-para-aprender-lengua-de-senas-por-una-alumna-sorda\/\">comunidad Sorda<\/a>.<\/b><\/p>\n<p>Por: Ver\u00f3nica Acu\u00f1a<\/p>\n<p>De esta forma,\u00a0<b>Silvia Leiva Henr\u00edquez, voluntaria hace m\u00e1s de una d\u00e9cada de Ascoy (Asociaci\u00f3n de Sordos de Coyhaique), supo del caso de Estefan\u00eda Avil\u00e9z y decidi\u00f3 ayudarla,<\/b>\u00a0a lo que sum\u00f3 el apoyo del aparataje estatal a trav\u00e9s de su desempe\u00f1o como Coordinadora Regional de Instituto Nacional de la Juventud, con el objetivo de citar un precedente y propiciar un cambio en este tipo de inclusi\u00f3n.<\/p>\n<p>\u201cConozco perfectamente las limitaciones de comunicaci\u00f3n que tiene la comunidad Sorda,\u00a0<b>por eso me decid\u00ed a ayudar a Estefan\u00eda, porque muchas madres como ella se enfrentan a un proceso que no comprenden y que puede resultar realmente traum\u00e1tico sin la debida asistencia\u201d,<\/b>\u00a0expreso Silvia Leiva, quien ha sido un apoyo para que esta madre tengo acceso a la informaci\u00f3n del proceso \u201cy que gracias al apoyo del Hospital Regional de Coyhaique esta asistencia se pudo lograr, y ha sido un \u00e9xito, por lo cual todos quienes hemos participado de esta gratificante instancia estamos muy agradecidos\u201d, insisti\u00f3 Silvia.<\/p>\n<p>Estefan\u00eda, por su parte, se siente bien tras su ces\u00e1rea y envi\u00f3 un mensaje:\u00a0<b>\u201cDeseo que en el futuro las mujeres j\u00f3venes tengan confianza en su embarazo y pidan el apoyo de una int\u00e9rprete. A los Sordos nos cuesta acceder a una comunicaci\u00f3n expedita en diversos \u00e1mbitos,<\/b>\u00a0porque necesitamos la presencia de la Lengua de Se\u00f1as y yo soy la primera sorda embarazada que cuento con ese apoyo y doy las gracias por ello\u201d, explic\u00f3 Estefan\u00eda Avil\u00e9z.<\/p>\n<p>\u201cYo quiero que mi historia sirva para que en la regi\u00f3n y en el pa\u00eds nunca m\u00e1s una persona Sorda tenga que vivir procesos tan importantes sin informaci\u00f3n\u201d, sostuvo Estefan\u00eda y estas palabras, sin duda, generaron un eco en el Gobierno, que busca a trav\u00e9s de esta experiencia en la Patagonia, propiciar f\u00f3rmulas para apoyar a todas las mujeres que necesitan de la Lengua de Se\u00f1as en estas instancias.<\/p>\n<p>Este mensaje fue lo que comunic\u00f3 Estefan\u00eda Avil\u00e9z a su familia segundos antes de entrar a pabell\u00f3n en el Hospital Regional de Coyhaique,\u00a0<b>cerca de las 10:00 horas del pasado s\u00e1bado para que 50 minutos despu\u00e9s sus padres pudieran conocer a Fabiana, que pes\u00f3 2.960 gramos y midi\u00f3 48 cent\u00edmetros, convirti\u00e9ndose en un \u00edcono de la inclusi\u00f3n gracias a la vocaci\u00f3n de una voluntaria<\/b>\u00a0y al compromiso de la Seremi de Desarrollo Social, que ya est\u00e1n asistiendo a otra joven sorda que tiene fecha para fines de marzo, en lo que se traducir\u00eda en el segundo parto inclusivo de Ays\u00e9n y del pa\u00eds, propiciando as\u00ed un reconocimiento de una necesidad latente de int\u00e9rpretes en Lengua de Se\u00f1as en la Salud P\u00fablica de Chile.<\/p>\n<\/article>\n<div class=\"acerca-autor\"><img loading=\"lazy\" decoding=\"async\" class=\"alignnone size-full wp-image-37250\" src=\"https:\/\/diariofemenino.com.ar\/df\/wp-content\/uploads\/2019\/06\/partohumanizado.jpg\" alt=\"Primer parto inclusivo en Chile: Joven sorda tuvo interprete de se\u00f1as durante su embarazo y parto\" width=\"853\" height=\"873\" srcset=\"https:\/\/diariofemenino.com.ar\/df\/wp-content\/uploads\/2019\/06\/partohumanizado.jpg 853w, https:\/\/diariofemenino.com.ar\/df\/wp-content\/uploads\/2019\/06\/partohumanizado-293x300.jpg 293w, https:\/\/diariofemenino.com.ar\/df\/wp-content\/uploads\/2019\/06\/partohumanizado-768x786.jpg 768w\" sizes=\"auto, (max-width: 853px) 100vw, 853px\" \/><\/div>\n<div>Fuente: <a href=\"https:\/\/redaysen.com\/primer-parto-inclusivo-del-pais-joven-sorda-tuvo-interprete-de-senas-durante-su-embarazo-y-parto_1550493866jDt5n.html\">Redaysen<\/a><\/div>\n","protected":false},"excerpt":{"rendered":"<p>Primer parto inclusivo en Chile: Joven sorda tuvo interprete de se\u00f1as durante su embarazo y parto Fabiana Zapata Avil\u00e9z es una de las nuevas habitantes de la Regi\u00f3n de Ays\u00e9n. Es hija de Estefan\u00eda y Rodrigo (33), pareja de sordos oriundos de la comuna de Chile Chico que son los protagonistas de una historia sin [&hellip;]<\/p>\n","protected":false},"author":3,"featured_media":37251,"comment_status":"open","ping_status":"open","sticky":false,"template":"","format":"standard","meta":{"iawp_total_views":11,"footnotes":""},"categories":[23],"tags":[502,472,130,1203],"class_list":["post-37248","post","type-post","status-publish","format-standard","has-post-thumbnail","hentry","category-salud","tag-chile","tag-inclusion","tag-mujeres","tag-parto-respetado"],"nelio_content":{"autoShareEndMode":"never","automationSources":{"useCustomSentences":false,"customSentences":[]},"efiAlt":"","efiUrl":"","followers":[3],"highlights":[],"isAutoShareEnabled":true,"networkImageIds":[],"permalinkQueryArgs":[],"series":[],"suggestedReferences":[]},"yoast_head":"<!-- This site is optimized with the Yoast SEO plugin v27.5 - https:\/\/yoast.com\/product\/yoast-seo-wordpress\/ -->\n<title>Primer parto inclusivo en Chile: Joven sorda tuvo interprete de se\u00f1as durante su embarazo y parto - Diario Digital Femenino<\/title>\n<meta name=\"description\" content=\"Primer parto inclusivo en Chile: Joven sorda tuvo interprete de se\u00f1as durante su embarazo y parto. Fabiana Zapata Avil\u00e9z es una de las nuevas habitantes\" \/>\n<meta name=\"robots\" content=\"index, follow, max-snippet:-1, max-image-preview:large, max-video-preview:-1\" \/>\n<link rel=\"canonical\" href=\"https:\/\/diariofemenino.com.ar\/df\/primer-parto-inclusivo-en-chile-joven-sorda-tuvo-interprete-de-senas-durante-su-embarazo-y-parto\/\" \/>\n<meta property=\"og:locale\" content=\"es_ES\" \/>\n<meta property=\"og:type\" content=\"article\" \/>\n<meta property=\"og:title\" content=\"Primer parto inclusivo en Chile: Joven sorda tuvo interprete de se\u00f1as durante su embarazo y parto - Diario Digital Femenino\" \/>\n<meta property=\"og:description\" content=\"Primer parto inclusivo en Chile: Joven sorda tuvo interprete de se\u00f1as durante su embarazo y parto. Fabiana Zapata Avil\u00e9z es una de las nuevas habitantes\" \/>\n<meta property=\"og:url\" content=\"https:\/\/diariofemenino.com.ar\/df\/primer-parto-inclusivo-en-chile-joven-sorda-tuvo-interprete-de-senas-durante-su-embarazo-y-parto\/\" \/>\n<meta property=\"og:site_name\" content=\"Diario Digital Femenino\" \/>\n<meta property=\"article:publisher\" content=\"https:\/\/www.facebook.com\/DiarioDigitaFemenino\/\" \/>\n<meta property=\"article:published_time\" content=\"2019-06-20T22:11:00+00:00\" \/>\n<meta property=\"og:image\" content=\"https:\/\/diariofemenino.com.ar\/df\/wp-content\/uploads\/2019\/06\/parto-800x445.jpg\" \/>\n\t<meta property=\"og:image:width\" content=\"800\" \/>\n\t<meta property=\"og:image:height\" content=\"445\" \/>\n\t<meta property=\"og:image:type\" content=\"image\/jpeg\" \/>\n<meta name=\"author\" content=\"Admin\" \/>\n<meta name=\"twitter:card\" content=\"summary_large_image\" \/>\n<meta name=\"twitter:creator\" content=\"@DiarioFemenino1\" \/>\n<meta name=\"twitter:site\" content=\"@DiarioFemenino1\" \/>\n<meta name=\"twitter:label1\" content=\"Escrito por\" \/>\n\t<meta name=\"twitter:data1\" content=\"Admin\" \/>\n\t<meta name=\"twitter:label2\" content=\"Tiempo de lectura\" \/>\n\t<meta name=\"twitter:data2\" content=\"3 minutos\" \/>\n<script type=\"application\/ld+json\" class=\"yoast-schema-graph\">{\"@context\":\"https:\\\/\\\/schema.org\",\"@graph\":[{\"@type\":\"Article\",\"@id\":\"https:\\\/\\\/diariofemenino.com.ar\\\/df\\\/primer-parto-inclusivo-en-chile-joven-sorda-tuvo-interprete-de-senas-durante-su-embarazo-y-parto\\\/#article\",\"isPartOf\":{\"@id\":\"https:\\\/\\\/diariofemenino.com.ar\\\/df\\\/primer-parto-inclusivo-en-chile-joven-sorda-tuvo-interprete-de-senas-durante-su-embarazo-y-parto\\\/\"},\"author\":{\"name\":\"Admin\",\"@id\":\"https:\\\/\\\/diariofemenino.com.ar\\\/df\\\/#\\\/schema\\\/person\\\/1c36bc3bf394d8ec320814298b4fdd3f\"},\"headline\":\"Primer parto inclusivo en Chile: Joven sorda tuvo interprete de se\u00f1as durante su embarazo y parto\",\"datePublished\":\"2019-06-20T22:11:00+00:00\",\"mainEntityOfPage\":{\"@id\":\"https:\\\/\\\/diariofemenino.com.ar\\\/df\\\/primer-parto-inclusivo-en-chile-joven-sorda-tuvo-interprete-de-senas-durante-su-embarazo-y-parto\\\/\"},\"wordCount\":603,\"commentCount\":0,\"publisher\":{\"@id\":\"https:\\\/\\\/diariofemenino.com.ar\\\/df\\\/#organization\"},\"image\":{\"@id\":\"https:\\\/\\\/diariofemenino.com.ar\\\/df\\\/primer-parto-inclusivo-en-chile-joven-sorda-tuvo-interprete-de-senas-durante-su-embarazo-y-parto\\\/#primaryimage\"},\"thumbnailUrl\":\"https:\\\/\\\/diariofemenino.com.ar\\\/df\\\/wp-content\\\/uploads\\\/2019\\\/06\\\/parto-800x445.jpg\",\"keywords\":[\"Chile\",\"Inclusi\u00f3n\",\"Mujeres\",\"parto respetado\"],\"articleSection\":[\"Salud\"],\"inLanguage\":\"es\",\"potentialAction\":[{\"@type\":\"CommentAction\",\"name\":\"Comment\",\"target\":[\"https:\\\/\\\/diariofemenino.com.ar\\\/df\\\/primer-parto-inclusivo-en-chile-joven-sorda-tuvo-interprete-de-senas-durante-su-embarazo-y-parto\\\/#respond\"]}]},{\"@type\":\"WebPage\",\"@id\":\"https:\\\/\\\/diariofemenino.com.ar\\\/df\\\/primer-parto-inclusivo-en-chile-joven-sorda-tuvo-interprete-de-senas-durante-su-embarazo-y-parto\\\/\",\"url\":\"https:\\\/\\\/diariofemenino.com.ar\\\/df\\\/primer-parto-inclusivo-en-chile-joven-sorda-tuvo-interprete-de-senas-durante-su-embarazo-y-parto\\\/\",\"name\":\"Primer parto inclusivo en Chile: Joven sorda tuvo interprete de se\u00f1as durante su embarazo y parto - Diario Digital Femenino\",\"isPartOf\":{\"@id\":\"https:\\\/\\\/diariofemenino.com.ar\\\/df\\\/#website\"},\"primaryImageOfPage\":{\"@id\":\"https:\\\/\\\/diariofemenino.com.ar\\\/df\\\/primer-parto-inclusivo-en-chile-joven-sorda-tuvo-interprete-de-senas-durante-su-embarazo-y-parto\\\/#primaryimage\"},\"image\":{\"@id\":\"https:\\\/\\\/diariofemenino.com.ar\\\/df\\\/primer-parto-inclusivo-en-chile-joven-sorda-tuvo-interprete-de-senas-durante-su-embarazo-y-parto\\\/#primaryimage\"},\"thumbnailUrl\":\"https:\\\/\\\/diariofemenino.com.ar\\\/df\\\/wp-content\\\/uploads\\\/2019\\\/06\\\/parto-800x445.jpg\",\"datePublished\":\"2019-06-20T22:11:00+00:00\",\"description\":\"Primer parto inclusivo en Chile: Joven sorda tuvo interprete de se\u00f1as durante su embarazo y parto. Fabiana Zapata Avil\u00e9z es una de las nuevas habitantes\",\"breadcrumb\":{\"@id\":\"https:\\\/\\\/diariofemenino.com.ar\\\/df\\\/primer-parto-inclusivo-en-chile-joven-sorda-tuvo-interprete-de-senas-durante-su-embarazo-y-parto\\\/#breadcrumb\"},\"inLanguage\":\"es\",\"potentialAction\":[{\"@type\":\"ReadAction\",\"target\":[\"https:\\\/\\\/diariofemenino.com.ar\\\/df\\\/primer-parto-inclusivo-en-chile-joven-sorda-tuvo-interprete-de-senas-durante-su-embarazo-y-parto\\\/\"]}]},{\"@type\":\"ImageObject\",\"inLanguage\":\"es\",\"@id\":\"https:\\\/\\\/diariofemenino.com.ar\\\/df\\\/primer-parto-inclusivo-en-chile-joven-sorda-tuvo-interprete-de-senas-durante-su-embarazo-y-parto\\\/#primaryimage\",\"url\":\"https:\\\/\\\/diariofemenino.com.ar\\\/df\\\/wp-content\\\/uploads\\\/2019\\\/06\\\/parto-800x445.jpg\",\"contentUrl\":\"https:\\\/\\\/diariofemenino.com.ar\\\/df\\\/wp-content\\\/uploads\\\/2019\\\/06\\\/parto-800x445.jpg\",\"width\":800,\"height\":445},{\"@type\":\"BreadcrumbList\",\"@id\":\"https:\\\/\\\/diariofemenino.com.ar\\\/df\\\/primer-parto-inclusivo-en-chile-joven-sorda-tuvo-interprete-de-senas-durante-su-embarazo-y-parto\\\/#breadcrumb\",\"itemListElement\":[{\"@type\":\"ListItem\",\"position\":1,\"name\":\"Portada\",\"item\":\"https:\\\/\\\/diariofemenino.com.ar\\\/df\\\/\"},{\"@type\":\"ListItem\",\"position\":2,\"name\":\"Primer parto inclusivo en Chile: Joven sorda tuvo interprete de se\u00f1as durante su embarazo y parto\"}]},{\"@type\":\"WebSite\",\"@id\":\"https:\\\/\\\/diariofemenino.com.ar\\\/df\\\/#website\",\"url\":\"https:\\\/\\\/diariofemenino.com.ar\\\/df\\\/\",\"name\":\"Diario Digital Femenino\",\"description\":\"Cuesti\u00f3n de G\u00e9nero\",\"publisher\":{\"@id\":\"https:\\\/\\\/diariofemenino.com.ar\\\/df\\\/#organization\"},\"potentialAction\":[{\"@type\":\"SearchAction\",\"target\":{\"@type\":\"EntryPoint\",\"urlTemplate\":\"https:\\\/\\\/diariofemenino.com.ar\\\/df\\\/?s={search_term_string}\"},\"query-input\":{\"@type\":\"PropertyValueSpecification\",\"valueRequired\":true,\"valueName\":\"search_term_string\"}}],\"inLanguage\":\"es\"},{\"@type\":\"Organization\",\"@id\":\"https:\\\/\\\/diariofemenino.com.ar\\\/df\\\/#organization\",\"name\":\"Diario Femenino\",\"url\":\"https:\\\/\\\/diariofemenino.com.ar\\\/df\\\/\",\"logo\":{\"@type\":\"ImageObject\",\"inLanguage\":\"es\",\"@id\":\"https:\\\/\\\/diariofemenino.com.ar\\\/df\\\/#\\\/schema\\\/logo\\\/image\\\/\",\"url\":\"https:\\\/\\\/diariofemenino.com.ar\\\/df\\\/wp-content\\\/uploads\\\/2018\\\/10\\\/logo.png\",\"contentUrl\":\"https:\\\/\\\/diariofemenino.com.ar\\\/df\\\/wp-content\\\/uploads\\\/2018\\\/10\\\/logo.png\",\"width\":500,\"height\":92,\"caption\":\"Diario Femenino\"},\"image\":{\"@id\":\"https:\\\/\\\/diariofemenino.com.ar\\\/df\\\/#\\\/schema\\\/logo\\\/image\\\/\"},\"sameAs\":[\"https:\\\/\\\/www.facebook.com\\\/DiarioDigitaFemenino\\\/\",\"https:\\\/\\\/x.com\\\/DiarioFemenino1\"]},{\"@type\":\"Person\",\"@id\":\"https:\\\/\\\/diariofemenino.com.ar\\\/df\\\/#\\\/schema\\\/person\\\/1c36bc3bf394d8ec320814298b4fdd3f\",\"name\":\"Admin\",\"image\":{\"@type\":\"ImageObject\",\"inLanguage\":\"es\",\"@id\":\"https:\\\/\\\/diariofemenino.com.ar\\\/df\\\/wp-content\\\/uploads\\\/2018\\\/12\\\/favicon-150x150.jpg\",\"url\":\"https:\\\/\\\/diariofemenino.com.ar\\\/df\\\/wp-content\\\/uploads\\\/2018\\\/12\\\/favicon-150x150.jpg\",\"contentUrl\":\"https:\\\/\\\/diariofemenino.com.ar\\\/df\\\/wp-content\\\/uploads\\\/2018\\\/12\\\/favicon-150x150.jpg\",\"caption\":\"Admin\"},\"url\":\"https:\\\/\\\/diariofemenino.com.ar\\\/df\\\/author\\\/sofiperez\\\/\"}]}<\/script>\n<!-- \/ Yoast SEO plugin. -->","yoast_head_json":{"title":"Primer parto inclusivo en Chile: Joven sorda tuvo interprete de se\u00f1as durante su embarazo y parto - Diario Digital Femenino","description":"Primer parto inclusivo en Chile: Joven sorda tuvo interprete de se\u00f1as durante su embarazo y parto. Fabiana Zapata Avil\u00e9z es una de las nuevas habitantes","robots":{"index":"index","follow":"follow","max-snippet":"max-snippet:-1","max-image-preview":"max-image-preview:large","max-video-preview":"max-video-preview:-1"},"canonical":"https:\/\/diariofemenino.com.ar\/df\/primer-parto-inclusivo-en-chile-joven-sorda-tuvo-interprete-de-senas-durante-su-embarazo-y-parto\/","og_locale":"es_ES","og_type":"article","og_title":"Primer parto inclusivo en Chile: Joven sorda tuvo interprete de se\u00f1as durante su embarazo y parto - Diario Digital Femenino","og_description":"Primer parto inclusivo en Chile: Joven sorda tuvo interprete de se\u00f1as durante su embarazo y parto. Fabiana Zapata Avil\u00e9z es una de las nuevas habitantes","og_url":"https:\/\/diariofemenino.com.ar\/df\/primer-parto-inclusivo-en-chile-joven-sorda-tuvo-interprete-de-senas-durante-su-embarazo-y-parto\/","og_site_name":"Diario Digital Femenino","article_publisher":"https:\/\/www.facebook.com\/DiarioDigitaFemenino\/","article_published_time":"2019-06-20T22:11:00+00:00","og_image":[{"width":800,"height":445,"url":"https:\/\/diariofemenino.com.ar\/df\/wp-content\/uploads\/2019\/06\/parto-800x445.jpg","type":"image\/jpeg"}],"author":"Admin","twitter_card":"summary_large_image","twitter_creator":"@DiarioFemenino1","twitter_site":"@DiarioFemenino1","twitter_misc":{"Escrito por":"Admin","Tiempo de lectura":"3 minutos"},"schema":{"@context":"https:\/\/schema.org","@graph":[{"@type":"Article","@id":"https:\/\/diariofemenino.com.ar\/df\/primer-parto-inclusivo-en-chile-joven-sorda-tuvo-interprete-de-senas-durante-su-embarazo-y-parto\/#article","isPartOf":{"@id":"https:\/\/diariofemenino.com.ar\/df\/primer-parto-inclusivo-en-chile-joven-sorda-tuvo-interprete-de-senas-durante-su-embarazo-y-parto\/"},"author":{"name":"Admin","@id":"https:\/\/diariofemenino.com.ar\/df\/#\/schema\/person\/1c36bc3bf394d8ec320814298b4fdd3f"},"headline":"Primer parto inclusivo en Chile: Joven sorda tuvo interprete de se\u00f1as durante su embarazo y parto","datePublished":"2019-06-20T22:11:00+00:00","mainEntityOfPage":{"@id":"https:\/\/diariofemenino.com.ar\/df\/primer-parto-inclusivo-en-chile-joven-sorda-tuvo-interprete-de-senas-durante-su-embarazo-y-parto\/"},"wordCount":603,"commentCount":0,"publisher":{"@id":"https:\/\/diariofemenino.com.ar\/df\/#organization"},"image":{"@id":"https:\/\/diariofemenino.com.ar\/df\/primer-parto-inclusivo-en-chile-joven-sorda-tuvo-interprete-de-senas-durante-su-embarazo-y-parto\/#primaryimage"},"thumbnailUrl":"https:\/\/diariofemenino.com.ar\/df\/wp-content\/uploads\/2019\/06\/parto-800x445.jpg","keywords":["Chile","Inclusi\u00f3n","Mujeres","parto respetado"],"articleSection":["Salud"],"inLanguage":"es","potentialAction":[{"@type":"CommentAction","name":"Comment","target":["https:\/\/diariofemenino.com.ar\/df\/primer-parto-inclusivo-en-chile-joven-sorda-tuvo-interprete-de-senas-durante-su-embarazo-y-parto\/#respond"]}]},{"@type":"WebPage","@id":"https:\/\/diariofemenino.com.ar\/df\/primer-parto-inclusivo-en-chile-joven-sorda-tuvo-interprete-de-senas-durante-su-embarazo-y-parto\/","url":"https:\/\/diariofemenino.com.ar\/df\/primer-parto-inclusivo-en-chile-joven-sorda-tuvo-interprete-de-senas-durante-su-embarazo-y-parto\/","name":"Primer parto inclusivo en Chile: Joven sorda tuvo interprete de se\u00f1as durante su embarazo y parto - Diario Digital Femenino","isPartOf":{"@id":"https:\/\/diariofemenino.com.ar\/df\/#website"},"primaryImageOfPage":{"@id":"https:\/\/diariofemenino.com.ar\/df\/primer-parto-inclusivo-en-chile-joven-sorda-tuvo-interprete-de-senas-durante-su-embarazo-y-parto\/#primaryimage"},"image":{"@id":"https:\/\/diariofemenino.com.ar\/df\/primer-parto-inclusivo-en-chile-joven-sorda-tuvo-interprete-de-senas-durante-su-embarazo-y-parto\/#primaryimage"},"thumbnailUrl":"https:\/\/diariofemenino.com.ar\/df\/wp-content\/uploads\/2019\/06\/parto-800x445.jpg","datePublished":"2019-06-20T22:11:00+00:00","description":"Primer parto inclusivo en Chile: Joven sorda tuvo interprete de se\u00f1as durante su embarazo y parto. Fabiana Zapata Avil\u00e9z es una de las nuevas habitantes","breadcrumb":{"@id":"https:\/\/diariofemenino.com.ar\/df\/primer-parto-inclusivo-en-chile-joven-sorda-tuvo-interprete-de-senas-durante-su-embarazo-y-parto\/#breadcrumb"},"inLanguage":"es","potentialAction":[{"@type":"ReadAction","target":["https:\/\/diariofemenino.com.ar\/df\/primer-parto-inclusivo-en-chile-joven-sorda-tuvo-interprete-de-senas-durante-su-embarazo-y-parto\/"]}]},{"@type":"ImageObject","inLanguage":"es","@id":"https:\/\/diariofemenino.com.ar\/df\/primer-parto-inclusivo-en-chile-joven-sorda-tuvo-interprete-de-senas-durante-su-embarazo-y-parto\/#primaryimage","url":"https:\/\/diariofemenino.com.ar\/df\/wp-content\/uploads\/2019\/06\/parto-800x445.jpg","contentUrl":"https:\/\/diariofemenino.com.ar\/df\/wp-content\/uploads\/2019\/06\/parto-800x445.jpg","width":800,"height":445},{"@type":"BreadcrumbList","@id":"https:\/\/diariofemenino.com.ar\/df\/primer-parto-inclusivo-en-chile-joven-sorda-tuvo-interprete-de-senas-durante-su-embarazo-y-parto\/#breadcrumb","itemListElement":[{"@type":"ListItem","position":1,"name":"Portada","item":"https:\/\/diariofemenino.com.ar\/df\/"},{"@type":"ListItem","position":2,"name":"Primer parto inclusivo en Chile: Joven sorda tuvo interprete de se\u00f1as durante su embarazo y parto"}]},{"@type":"WebSite","@id":"https:\/\/diariofemenino.com.ar\/df\/#website","url":"https:\/\/diariofemenino.com.ar\/df\/","name":"Diario Digital Femenino","description":"Cuesti\u00f3n de G\u00e9nero","publisher":{"@id":"https:\/\/diariofemenino.com.ar\/df\/#organization"},"potentialAction":[{"@type":"SearchAction","target":{"@type":"EntryPoint","urlTemplate":"https:\/\/diariofemenino.com.ar\/df\/?s={search_term_string}"},"query-input":{"@type":"PropertyValueSpecification","valueRequired":true,"valueName":"search_term_string"}}],"inLanguage":"es"},{"@type":"Organization","@id":"https:\/\/diariofemenino.com.ar\/df\/#organization","name":"Diario Femenino","url":"https:\/\/diariofemenino.com.ar\/df\/","logo":{"@type":"ImageObject","inLanguage":"es","@id":"https:\/\/diariofemenino.com.ar\/df\/#\/schema\/logo\/image\/","url":"https:\/\/diariofemenino.com.ar\/df\/wp-content\/uploads\/2018\/10\/logo.png","contentUrl":"https:\/\/diariofemenino.com.ar\/df\/wp-content\/uploads\/2018\/10\/logo.png","width":500,"height":92,"caption":"Diario Femenino"},"image":{"@id":"https:\/\/diariofemenino.com.ar\/df\/#\/schema\/logo\/image\/"},"sameAs":["https:\/\/www.facebook.com\/DiarioDigitaFemenino\/","https:\/\/x.com\/DiarioFemenino1"]},{"@type":"Person","@id":"https:\/\/diariofemenino.com.ar\/df\/#\/schema\/person\/1c36bc3bf394d8ec320814298b4fdd3f","name":"Admin","image":{"@type":"ImageObject","inLanguage":"es","@id":"https:\/\/diariofemenino.com.ar\/df\/wp-content\/uploads\/2018\/12\/favicon-150x150.jpg","url":"https:\/\/diariofemenino.com.ar\/df\/wp-content\/uploads\/2018\/12\/favicon-150x150.jpg","contentUrl":"https:\/\/diariofemenino.com.ar\/df\/wp-content\/uploads\/2018\/12\/favicon-150x150.jpg","caption":"Admin"},"url":"https:\/\/diariofemenino.com.ar\/df\/author\/sofiperez\/"}]}},"jetpack_featured_media_url":"https:\/\/diariofemenino.com.ar\/df\/wp-content\/uploads\/2019\/06\/parto-800x445.jpg","jetpack_sharing_enabled":true,"rttpg_featured_image_url":{"full":["https:\/\/diariofemenino.com.ar\/df\/wp-content\/uploads\/2019\/06\/parto-800x445.jpg",800,445,false],"landscape":["https:\/\/diariofemenino.com.ar\/df\/wp-content\/uploads\/2019\/06\/parto-800x445.jpg",800,445,false],"portraits":["https:\/\/diariofemenino.com.ar\/df\/wp-content\/uploads\/2019\/06\/parto-800x445.jpg",800,445,false],"thumbnail":["https:\/\/diariofemenino.com.ar\/df\/wp-content\/uploads\/2019\/06\/parto-800x445-150x150.jpg",150,150,true],"medium":["https:\/\/diariofemenino.com.ar\/df\/wp-content\/uploads\/2019\/06\/parto-800x445-300x167.jpg",300,167,true],"large":["https:\/\/diariofemenino.com.ar\/df\/wp-content\/uploads\/2019\/06\/parto-800x445.jpg",800,445,false],"1536x1536":["https:\/\/diariofemenino.com.ar\/df\/wp-content\/uploads\/2019\/06\/parto-800x445.jpg",800,445,false],"2048x2048":["https:\/\/diariofemenino.com.ar\/df\/wp-content\/uploads\/2019\/06\/parto-800x445.jpg",800,445,false]},"rttpg_author":{"display_name":"Admin","author_link":"https:\/\/diariofemenino.com.ar\/df\/author\/sofiperez\/"},"rttpg_comment":0,"rttpg_category":"<a href=\"https:\/\/diariofemenino.com.ar\/df\/category\/salud\/\" rel=\"category tag\">Salud<\/a>","rttpg_excerpt":"Primer parto inclusivo en Chile: Joven sorda tuvo interprete de se\u00f1as durante su embarazo y parto Fabiana Zapata Avil\u00e9z es una de las nuevas habitantes de la Regi\u00f3n de Ays\u00e9n. Es hija de Estefan\u00eda y Rodrigo (33), pareja de sordos oriundos de la comuna de Chile Chico que son los protagonistas de una historia sin&hellip;","_links":{"self":[{"href":"https:\/\/diariofemenino.com.ar\/df\/wp-json\/wp\/v2\/posts\/37248","targetHints":{"allow":["GET"]}}],"collection":[{"href":"https:\/\/diariofemenino.com.ar\/df\/wp-json\/wp\/v2\/posts"}],"about":[{"href":"https:\/\/diariofemenino.com.ar\/df\/wp-json\/wp\/v2\/types\/post"}],"author":[{"embeddable":true,"href":"https:\/\/diariofemenino.com.ar\/df\/wp-json\/wp\/v2\/users\/3"}],"replies":[{"embeddable":true,"href":"https:\/\/diariofemenino.com.ar\/df\/wp-json\/wp\/v2\/comments?post=37248"}],"version-history":[{"count":0,"href":"https:\/\/diariofemenino.com.ar\/df\/wp-json\/wp\/v2\/posts\/37248\/revisions"}],"wp:featuredmedia":[{"embeddable":true,"href":"https:\/\/diariofemenino.com.ar\/df\/wp-json\/wp\/v2\/media\/37251"}],"wp:attachment":[{"href":"https:\/\/diariofemenino.com.ar\/df\/wp-json\/wp\/v2\/media?parent=37248"}],"wp:term":[{"taxonomy":"category","embeddable":true,"href":"https:\/\/diariofemenino.com.ar\/df\/wp-json\/wp\/v2\/categories?post=37248"},{"taxonomy":"post_tag","embeddable":true,"href":"https:\/\/diariofemenino.com.ar\/df\/wp-json\/wp\/v2\/tags?post=37248"}],"curies":[{"name":"wp","href":"https:\/\/api.w.org\/{rel}","templated":true}]}}