{"id":37178,"date":"2019-06-19T19:13:16","date_gmt":"2019-06-19T22:13:16","guid":{"rendered":"https:\/\/diariofemenino.com.ar\/?p=37178"},"modified":"2019-06-19T19:13:16","modified_gmt":"2019-06-19T22:13:16","slug":"abuso-sexual-en-la-infancia-un-problema-de-genero-en-un-sistema-patriarcal","status":"publish","type":"post","link":"https:\/\/diariofemenino.com.ar\/df\/abuso-sexual-en-la-infancia-un-problema-de-genero-en-un-sistema-patriarcal\/","title":{"rendered":"Abuso sexual en la infancia: un problema de g\u00e9nero en un sistema patriarcal"},"content":{"rendered":"<h2 class=\"article-title\" style=\"text-align: center;\">Abuso sexual en la infancia: un problema de g\u00e9nero en un sistema patriarcal<\/h2>\n<p align=\"justify\">La Organizaci\u00f3n Mundial de la Salud (1986) defini\u00f3 al <a href=\"https:\/\/diariofemenino.com.ar\/ley-27-455-el-abuso-sexual-en-la-infancia-ya-es-delito-de-instancia-publica\/\">abuso sexual en la infancia<\/a> (ASI) como la situaci\u00f3n en la que \u201cun ni\u00f1o es v\u00edctima de un adulto, o de una persona evidentemente mayor que \u00e9l con fines de satisfacci\u00f3n sexual\u201d. En este sentido se considera A.S.I a involucrar a al ni\u00f1e en actividades sexuales que no llega a comprender en su totalidad, a las cuales no est\u00e1 en condiciones de dar consentimiento informado o para las cuales est\u00e1 evolutivamente inmaduro\u00a0<sup><a class=\"sdfootnoteanc\" href=\"https:\/\/notasperiodismopopular.com.ar\/2019\/06\/18\/abuso-sexual-en-la-infancia-un-problema-de-genero-en-un-sistema-patriarcal\/#sdfootnote1sym\" name=\"sdfootnote1anc\">1<\/a><\/sup><\/p>\n<p align=\"justify\">La estad\u00edsticas dan cuenta que una de cada cinco mujeres y uno de cada trece varones fueron v\u00edctimas de abuso sexual en la infancia, en donde el 80% de los abusos son <a href=\"https:\/\/diariofemenino.com.ar\/violencia-intrafamiliar-y-abuso-sexual-en-la-infancia\/\">intrafamiliares<\/a> y los abusadores son el 95% varones. Si bien en el \u00faltimo tiempo las denuncias de abuso sexual contra les ni\u00f1es y adolescentes aumentaron, se calcula que de cada 1000 casos solo 100 se denuncian y apenas uno se condena.<\/p>\n<p align=\"justify\">El abuso sexual en la infancia es una forma m\u00e1s de violencia de g\u00e9nero, implica un problema de estas caracter\u00edsticas en un sistema patriarcal, donde los varones tienen mayor poder que las mujeres y en el cual se\u00a0perpet\u00faan formas organizadas de desigualdad sostenidas por todas las instituciones del Estado.<\/p>\n<p align=\"justify\"><strong>\u00bfQui\u00e9nes protegen a les ni\u00f1es?<\/strong><\/p>\n<p align=\"justify\">Quienes descubren los abusos y llevan adelante el cuidado integral de las v\u00edctimas en su gran mayor\u00eda son las madres, mujeres que al denunciar se encuentran con un sistema patriarcal que en vez de juzgar y condenar a los abusadores, las maltrata, las juzga como maliciosas, locas o manipuladoras, silenciando las voces de les menores<\/p>\n<p align=\"justify\"><strong>\u00bfC\u00f3mo logran defenderse los abusadores?<\/strong><\/p>\n<p align=\"justify\">Los victimarios que buscan escapar de la justicia son amparados por el falso S\u00edndrome de Alienaci\u00f3n Parental (S.A.P), un s\u00edndrome creado por el estadounidense Richard Gardner, un psiquiatra que se suicid\u00f3 en el 2003 y que fue un p\u00e9dofilo confeso.<\/p>\n<p align=\"justify\">El abusador en cuesti\u00f3n sostuvo aberraciones tales como que la sexualizaci\u00f3n de lxs ni\u00f1xs puede tener fines de procreaci\u00f3n; que la ni\u00f1a, ni\u00f1o, ni\u00f1e v\u00edctima puede haber iniciado encuentros sexuales seduciendo al adulto, o que las madres utilizan los abusos como una campa\u00f1a de denigraci\u00f3n al padre.<\/p>\n<p align=\"justify\">Dicho falso s\u00edndrome consiste en interpretar que les ni\u00f1es son alienados por uno de sus progenitores (que es en general la madre contra el padre). Dicen que esta madre \u201cprograma\u201d la mente de los menores que luego repiten estos relatos inventados de abusos sexuales u otros hechos de violencia, a tal punto que les ni\u00f1es llegar\u00edan a creerlo y por eso declaran ante la justicia situaciones de abuso. Para \u201cdesprogramar\u201d la supuesta alienaci\u00f3n sugiere que las v\u00edctimas queden al \u201ccuidado\u201d de sus abusadores.<\/p>\n<p align=\"justify\">Esta teor\u00eda no goza de ning\u00fan tipo de validez cient\u00edfica, dado que el S.A.P ha sido rechazado por la Organizaci\u00f3n Mundial de la Salud y la Asociaci\u00f3n Americana de Psicolog\u00eda, no figura en las listas de trastornos patol\u00f3gicos de ning\u00fan manual. Sin embargo, muchos jueces responden al S.A.P porque tiene conveniencia con el sistema judicial al colocar a la mujer como mentirosa y no considerando a quienes como sujetos de derecho a quienes hay que escuchar y respetar su opini\u00f3n y deseo.<\/p>\n<p align=\"justify\">En este sentido es como vali\u00e9ndose de estos falsos argumentos que la Justicia se pone al servicio de la defensa de los abusadores, yendo en contra de todas las convenciones sobre los derechos de les ni\u00f1es y adolescentes.<\/p>\n<p align=\"justify\">Recientemente se dio en nuestro pa\u00eds un caso en la que la Justicia volvi\u00f3 a sobreseer por segunda vez a un hombre imputado por el abuso sexual de su hija cuando ella ten\u00eda 3 a\u00f1os, a pesar de que el relato de la ni\u00f1a en C\u00e1mara Gesell confirm\u00f3 la existencia del abuso. Por respeto a las v\u00edctimas y para no entorpecer el proceso se reservan los nombres y detalles del caso.<\/p>\n<p align=\"justify\">Debido a esto, el jueves 23\/5\/19 su madre y organizaciones pol\u00edticas, feministas y de derechos humanos movilizaron a la C\u00e1mara de Apelaciones para exigir la anulaci\u00f3n del sobreseimiento y una profundizaci\u00f3n en la investigaci\u00f3n que desde su inicio desoy\u00f3 a la ni\u00f1a y protegi\u00f3 al abusador.<\/p>\n<p align=\"justify\">Dicha causa a\u00fan se encuentra a la espera de que la Sala IV de la C\u00e1mara Nacional de Apelaciones en lo Criminal y Correccional dicte un fallo que tenga en cuenta el relato de la ni\u00f1a, entendiendo que la misma no s\u00f3lo sufri\u00f3 el peor de los flagelos sino que adem\u00e1s vivenci\u00f3 un proceso judicial lleno de obst\u00e1culos y mucho dolor.<\/p>\n<p align=\"justify\">En tanto, si consideramos que el abuso sexual en la infancia responde a un tipo de violencia patriarcal y existe mucho m\u00e1s a menudo de lo que creemos, entendemos que es sumamente necesario abordarlo como una problem\u00e1tica de g\u00e9nero, visibilizarlo, ponerlo en discusi\u00f3n y considerarlo como un aspecto m\u00e1s de la violencia de g\u00e9nero.<\/p>\n<p align=\"justify\">Por eso es que no preguntamos \u00bfSer\u00e1 posible que la Justicia empiece a intervenir colaborando en un camino de reparaci\u00f3n y cuidado ante tanto sufrimiento? \u00bfPodremos romper el tab\u00fa y combatir colectivamente el A.S.I?<\/p>\n<p align=\"justify\">Sabrina Cimino \u2013 Lic. en Psicolog\u00eda (U.B.A)<\/p>\n<p class=\"sdfootnote\"><em><a class=\"sdfootnotesym\" href=\"https:\/\/notasperiodismopopular.com.ar\/2019\/06\/18\/abuso-sexual-en-la-infancia-un-problema-de-genero-en-un-sistema-patriarcal\/#sdfootnote1anc\" name=\"sdfootnote1sym\"><\/a><sup>1.\u00a0<\/sup>\u00a0Intebi, Irene, Osnajanski Norma (2003): Maltrato de ni\u00f1os, ni\u00f1as y adolescentes, detecci\u00f3n e intervenci\u00f3n. Buenos Aires. Familia del Nuevo Siglo<\/em><\/p>\n<p><img loading=\"lazy\" decoding=\"async\" class=\"alignnone size-full wp-image-37182\" src=\"https:\/\/diariofemenino.com.ar\/df\/wp-content\/uploads\/2019\/06\/ASI-680x365.jpg\" alt=\"Abuso sexual en la infancia: un problema de g\u00e9nero en un sistema patriarcal\" width=\"680\" height=\"365\" srcset=\"https:\/\/diariofemenino.com.ar\/df\/wp-content\/uploads\/2019\/06\/ASI-680x365.jpg 680w, https:\/\/diariofemenino.com.ar\/df\/wp-content\/uploads\/2019\/06\/ASI-680x365-300x161.jpg 300w\" sizes=\"auto, (max-width: 680px) 100vw, 680px\" \/><\/p>\n<p>Fuente: <a href=\"https:\/\/notasperiodismopopular.com.ar\/2019\/06\/18\/abuso-sexual-en-la-infancia-un-problema-de-genero-en-un-sistema-patriarcal\/\">Notas Periodismo Popular<\/a><\/p>\n","protected":false},"excerpt":{"rendered":"<p>Abuso sexual en la infancia: un problema de g\u00e9nero en un sistema patriarcal La Organizaci\u00f3n Mundial de la Salud (1986) defini\u00f3 al abuso sexual en la infancia (ASI) como la situaci\u00f3n en la que \u201cun ni\u00f1o es v\u00edctima de un adulto, o de una persona evidentemente mayor que \u00e9l con fines de satisfacci\u00f3n sexual\u201d. En [&hellip;]<\/p>\n","protected":false},"author":3,"featured_media":37183,"comment_status":"open","ping_status":"open","sticky":false,"template":"","format":"standard","meta":{"iawp_total_views":45,"footnotes":""},"categories":[178,581],"tags":[329,74,477,102,138],"class_list":["post-37178","post","type-post","status-publish","format-standard","has-post-thumbnail","hentry","category-articulos-y-comunicados","category-azul-profundo","tag-abusosexualinfantil","tag-niunabusomas","tag-abuso-sexual-en-la-infancia","tag-ninez-y-adolescencia","tag-violencia"],"nelio_content":{"autoShareEndMode":"never","automationSources":{"useCustomSentences":false,"customSentences":[]},"efiAlt":"","efiUrl":"","followers":[3],"highlights":[],"isAutoShareEnabled":true,"networkImageIds":[],"permalinkQueryArgs":[],"series":[],"suggestedReferences":[]},"yoast_head":"<!-- This site is optimized with the Yoast SEO plugin v27.5 - https:\/\/yoast.com\/product\/yoast-seo-wordpress\/ -->\n<title>Abuso sexual en la infancia: un problema de g\u00e9nero en un sistema patriarcal - Diario Digital Femenino<\/title>\n<meta name=\"description\" content=\"Abuso sexual en la infancia: un problema de g\u00e9nero en un sistema patriarcalLa Organizaci\u00f3n Mundial de la Salud (1986) defini\u00f3\" \/>\n<meta name=\"robots\" content=\"index, follow, max-snippet:-1, max-image-preview:large, max-video-preview:-1\" \/>\n<link rel=\"canonical\" href=\"https:\/\/diariofemenino.com.ar\/df\/abuso-sexual-en-la-infancia-un-problema-de-genero-en-un-sistema-patriarcal\/\" \/>\n<meta property=\"og:locale\" content=\"es_ES\" \/>\n<meta property=\"og:type\" content=\"article\" \/>\n<meta property=\"og:title\" content=\"Abuso sexual en la infancia: un problema de g\u00e9nero en un sistema patriarcal - Diario Digital Femenino\" \/>\n<meta property=\"og:description\" content=\"Abuso sexual en la infancia: un problema de g\u00e9nero en un sistema patriarcalLa Organizaci\u00f3n Mundial de la Salud (1986) defini\u00f3\" \/>\n<meta property=\"og:url\" content=\"https:\/\/diariofemenino.com.ar\/df\/abuso-sexual-en-la-infancia-un-problema-de-genero-en-un-sistema-patriarcal\/\" \/>\n<meta property=\"og:site_name\" content=\"Diario Digital Femenino\" \/>\n<meta property=\"article:publisher\" content=\"https:\/\/www.facebook.com\/DiarioDigitaFemenino\/\" \/>\n<meta property=\"article:published_time\" content=\"2019-06-19T22:13:16+00:00\" \/>\n<meta property=\"og:image\" content=\"https:\/\/diariofemenino.com.ar\/df\/wp-content\/uploads\/2019\/06\/ni\u00f1a-yon.jpg\" \/>\n\t<meta property=\"og:image:width\" content=\"2761\" \/>\n\t<meta property=\"og:image:height\" content=\"2006\" \/>\n\t<meta property=\"og:image:type\" content=\"image\/jpeg\" \/>\n<meta name=\"author\" content=\"Admin\" \/>\n<meta name=\"twitter:card\" content=\"summary_large_image\" \/>\n<meta name=\"twitter:creator\" content=\"@DiarioFemenino1\" \/>\n<meta name=\"twitter:site\" content=\"@DiarioFemenino1\" \/>\n<meta name=\"twitter:label1\" content=\"Escrito por\" \/>\n\t<meta name=\"twitter:data1\" content=\"Admin\" \/>\n\t<meta name=\"twitter:label2\" content=\"Tiempo de lectura\" \/>\n\t<meta name=\"twitter:data2\" content=\"5 minutos\" \/>\n<script type=\"application\/ld+json\" class=\"yoast-schema-graph\">{\"@context\":\"https:\\\/\\\/schema.org\",\"@graph\":[{\"@type\":\"Article\",\"@id\":\"https:\\\/\\\/diariofemenino.com.ar\\\/df\\\/abuso-sexual-en-la-infancia-un-problema-de-genero-en-un-sistema-patriarcal\\\/#article\",\"isPartOf\":{\"@id\":\"https:\\\/\\\/diariofemenino.com.ar\\\/df\\\/abuso-sexual-en-la-infancia-un-problema-de-genero-en-un-sistema-patriarcal\\\/\"},\"author\":{\"name\":\"Admin\",\"@id\":\"https:\\\/\\\/diariofemenino.com.ar\\\/df\\\/#\\\/schema\\\/person\\\/1c36bc3bf394d8ec320814298b4fdd3f\"},\"headline\":\"Abuso sexual en la infancia: un problema de g\u00e9nero en un sistema patriarcal\",\"datePublished\":\"2019-06-19T22:13:16+00:00\",\"mainEntityOfPage\":{\"@id\":\"https:\\\/\\\/diariofemenino.com.ar\\\/df\\\/abuso-sexual-en-la-infancia-un-problema-de-genero-en-un-sistema-patriarcal\\\/\"},\"wordCount\":965,\"commentCount\":0,\"publisher\":{\"@id\":\"https:\\\/\\\/diariofemenino.com.ar\\\/df\\\/#organization\"},\"image\":{\"@id\":\"https:\\\/\\\/diariofemenino.com.ar\\\/df\\\/abuso-sexual-en-la-infancia-un-problema-de-genero-en-un-sistema-patriarcal\\\/#primaryimage\"},\"thumbnailUrl\":\"https:\\\/\\\/diariofemenino.com.ar\\\/df\\\/wp-content\\\/uploads\\\/2019\\\/06\\\/ni\u00f1a-yon.jpg\",\"keywords\":[\"#abusosexualinfantil\",\"#NiUnAbusoMas\",\"Abuso sexual en la infancia\",\"Ni\u00f1ez y Adolescencia\",\"Violencia\"],\"articleSection\":[\"Art\u00edculos y Comunicados\",\"Azul Profundo\"],\"inLanguage\":\"es\",\"potentialAction\":[{\"@type\":\"CommentAction\",\"name\":\"Comment\",\"target\":[\"https:\\\/\\\/diariofemenino.com.ar\\\/df\\\/abuso-sexual-en-la-infancia-un-problema-de-genero-en-un-sistema-patriarcal\\\/#respond\"]}]},{\"@type\":\"WebPage\",\"@id\":\"https:\\\/\\\/diariofemenino.com.ar\\\/df\\\/abuso-sexual-en-la-infancia-un-problema-de-genero-en-un-sistema-patriarcal\\\/\",\"url\":\"https:\\\/\\\/diariofemenino.com.ar\\\/df\\\/abuso-sexual-en-la-infancia-un-problema-de-genero-en-un-sistema-patriarcal\\\/\",\"name\":\"Abuso sexual en la infancia: un problema de g\u00e9nero en un sistema patriarcal - Diario Digital Femenino\",\"isPartOf\":{\"@id\":\"https:\\\/\\\/diariofemenino.com.ar\\\/df\\\/#website\"},\"primaryImageOfPage\":{\"@id\":\"https:\\\/\\\/diariofemenino.com.ar\\\/df\\\/abuso-sexual-en-la-infancia-un-problema-de-genero-en-un-sistema-patriarcal\\\/#primaryimage\"},\"image\":{\"@id\":\"https:\\\/\\\/diariofemenino.com.ar\\\/df\\\/abuso-sexual-en-la-infancia-un-problema-de-genero-en-un-sistema-patriarcal\\\/#primaryimage\"},\"thumbnailUrl\":\"https:\\\/\\\/diariofemenino.com.ar\\\/df\\\/wp-content\\\/uploads\\\/2019\\\/06\\\/ni\u00f1a-yon.jpg\",\"datePublished\":\"2019-06-19T22:13:16+00:00\",\"description\":\"Abuso sexual en la infancia: un problema de g\u00e9nero en un sistema patriarcalLa Organizaci\u00f3n Mundial de la Salud (1986) defini\u00f3\",\"breadcrumb\":{\"@id\":\"https:\\\/\\\/diariofemenino.com.ar\\\/df\\\/abuso-sexual-en-la-infancia-un-problema-de-genero-en-un-sistema-patriarcal\\\/#breadcrumb\"},\"inLanguage\":\"es\",\"potentialAction\":[{\"@type\":\"ReadAction\",\"target\":[\"https:\\\/\\\/diariofemenino.com.ar\\\/df\\\/abuso-sexual-en-la-infancia-un-problema-de-genero-en-un-sistema-patriarcal\\\/\"]}]},{\"@type\":\"ImageObject\",\"inLanguage\":\"es\",\"@id\":\"https:\\\/\\\/diariofemenino.com.ar\\\/df\\\/abuso-sexual-en-la-infancia-un-problema-de-genero-en-un-sistema-patriarcal\\\/#primaryimage\",\"url\":\"https:\\\/\\\/diariofemenino.com.ar\\\/df\\\/wp-content\\\/uploads\\\/2019\\\/06\\\/ni\u00f1a-yon.jpg\",\"contentUrl\":\"https:\\\/\\\/diariofemenino.com.ar\\\/df\\\/wp-content\\\/uploads\\\/2019\\\/06\\\/ni\u00f1a-yon.jpg\",\"width\":2761,\"height\":2006},{\"@type\":\"BreadcrumbList\",\"@id\":\"https:\\\/\\\/diariofemenino.com.ar\\\/df\\\/abuso-sexual-en-la-infancia-un-problema-de-genero-en-un-sistema-patriarcal\\\/#breadcrumb\",\"itemListElement\":[{\"@type\":\"ListItem\",\"position\":1,\"name\":\"Portada\",\"item\":\"https:\\\/\\\/diariofemenino.com.ar\\\/df\\\/\"},{\"@type\":\"ListItem\",\"position\":2,\"name\":\"Abuso sexual en la infancia: un problema de g\u00e9nero en un sistema patriarcal\"}]},{\"@type\":\"WebSite\",\"@id\":\"https:\\\/\\\/diariofemenino.com.ar\\\/df\\\/#website\",\"url\":\"https:\\\/\\\/diariofemenino.com.ar\\\/df\\\/\",\"name\":\"Diario Digital Femenino\",\"description\":\"Cuesti\u00f3n de G\u00e9nero\",\"publisher\":{\"@id\":\"https:\\\/\\\/diariofemenino.com.ar\\\/df\\\/#organization\"},\"potentialAction\":[{\"@type\":\"SearchAction\",\"target\":{\"@type\":\"EntryPoint\",\"urlTemplate\":\"https:\\\/\\\/diariofemenino.com.ar\\\/df\\\/?s={search_term_string}\"},\"query-input\":{\"@type\":\"PropertyValueSpecification\",\"valueRequired\":true,\"valueName\":\"search_term_string\"}}],\"inLanguage\":\"es\"},{\"@type\":\"Organization\",\"@id\":\"https:\\\/\\\/diariofemenino.com.ar\\\/df\\\/#organization\",\"name\":\"Diario Femenino\",\"url\":\"https:\\\/\\\/diariofemenino.com.ar\\\/df\\\/\",\"logo\":{\"@type\":\"ImageObject\",\"inLanguage\":\"es\",\"@id\":\"https:\\\/\\\/diariofemenino.com.ar\\\/df\\\/#\\\/schema\\\/logo\\\/image\\\/\",\"url\":\"https:\\\/\\\/diariofemenino.com.ar\\\/df\\\/wp-content\\\/uploads\\\/2018\\\/10\\\/logo.png\",\"contentUrl\":\"https:\\\/\\\/diariofemenino.com.ar\\\/df\\\/wp-content\\\/uploads\\\/2018\\\/10\\\/logo.png\",\"width\":500,\"height\":92,\"caption\":\"Diario Femenino\"},\"image\":{\"@id\":\"https:\\\/\\\/diariofemenino.com.ar\\\/df\\\/#\\\/schema\\\/logo\\\/image\\\/\"},\"sameAs\":[\"https:\\\/\\\/www.facebook.com\\\/DiarioDigitaFemenino\\\/\",\"https:\\\/\\\/x.com\\\/DiarioFemenino1\"]},{\"@type\":\"Person\",\"@id\":\"https:\\\/\\\/diariofemenino.com.ar\\\/df\\\/#\\\/schema\\\/person\\\/1c36bc3bf394d8ec320814298b4fdd3f\",\"name\":\"Admin\",\"image\":{\"@type\":\"ImageObject\",\"inLanguage\":\"es\",\"@id\":\"https:\\\/\\\/diariofemenino.com.ar\\\/df\\\/wp-content\\\/uploads\\\/2018\\\/12\\\/favicon-150x150.jpg\",\"url\":\"https:\\\/\\\/diariofemenino.com.ar\\\/df\\\/wp-content\\\/uploads\\\/2018\\\/12\\\/favicon-150x150.jpg\",\"contentUrl\":\"https:\\\/\\\/diariofemenino.com.ar\\\/df\\\/wp-content\\\/uploads\\\/2018\\\/12\\\/favicon-150x150.jpg\",\"caption\":\"Admin\"},\"url\":\"https:\\\/\\\/diariofemenino.com.ar\\\/df\\\/author\\\/sofiperez\\\/\"}]}<\/script>\n<!-- \/ Yoast SEO plugin. -->","yoast_head_json":{"title":"Abuso sexual en la infancia: un problema de g\u00e9nero en un sistema patriarcal - Diario Digital Femenino","description":"Abuso sexual en la infancia: un problema de g\u00e9nero en un sistema patriarcalLa Organizaci\u00f3n Mundial de la Salud (1986) defini\u00f3","robots":{"index":"index","follow":"follow","max-snippet":"max-snippet:-1","max-image-preview":"max-image-preview:large","max-video-preview":"max-video-preview:-1"},"canonical":"https:\/\/diariofemenino.com.ar\/df\/abuso-sexual-en-la-infancia-un-problema-de-genero-en-un-sistema-patriarcal\/","og_locale":"es_ES","og_type":"article","og_title":"Abuso sexual en la infancia: un problema de g\u00e9nero en un sistema patriarcal - Diario Digital Femenino","og_description":"Abuso sexual en la infancia: un problema de g\u00e9nero en un sistema patriarcalLa Organizaci\u00f3n Mundial de la Salud (1986) defini\u00f3","og_url":"https:\/\/diariofemenino.com.ar\/df\/abuso-sexual-en-la-infancia-un-problema-de-genero-en-un-sistema-patriarcal\/","og_site_name":"Diario Digital Femenino","article_publisher":"https:\/\/www.facebook.com\/DiarioDigitaFemenino\/","article_published_time":"2019-06-19T22:13:16+00:00","og_image":[{"width":2761,"height":2006,"url":"https:\/\/diariofemenino.com.ar\/df\/wp-content\/uploads\/2019\/06\/ni\u00f1a-yon.jpg","type":"image\/jpeg"}],"author":"Admin","twitter_card":"summary_large_image","twitter_creator":"@DiarioFemenino1","twitter_site":"@DiarioFemenino1","twitter_misc":{"Escrito por":"Admin","Tiempo de lectura":"5 minutos"},"schema":{"@context":"https:\/\/schema.org","@graph":[{"@type":"Article","@id":"https:\/\/diariofemenino.com.ar\/df\/abuso-sexual-en-la-infancia-un-problema-de-genero-en-un-sistema-patriarcal\/#article","isPartOf":{"@id":"https:\/\/diariofemenino.com.ar\/df\/abuso-sexual-en-la-infancia-un-problema-de-genero-en-un-sistema-patriarcal\/"},"author":{"name":"Admin","@id":"https:\/\/diariofemenino.com.ar\/df\/#\/schema\/person\/1c36bc3bf394d8ec320814298b4fdd3f"},"headline":"Abuso sexual en la infancia: un problema de g\u00e9nero en un sistema patriarcal","datePublished":"2019-06-19T22:13:16+00:00","mainEntityOfPage":{"@id":"https:\/\/diariofemenino.com.ar\/df\/abuso-sexual-en-la-infancia-un-problema-de-genero-en-un-sistema-patriarcal\/"},"wordCount":965,"commentCount":0,"publisher":{"@id":"https:\/\/diariofemenino.com.ar\/df\/#organization"},"image":{"@id":"https:\/\/diariofemenino.com.ar\/df\/abuso-sexual-en-la-infancia-un-problema-de-genero-en-un-sistema-patriarcal\/#primaryimage"},"thumbnailUrl":"https:\/\/diariofemenino.com.ar\/df\/wp-content\/uploads\/2019\/06\/ni\u00f1a-yon.jpg","keywords":["#abusosexualinfantil","#NiUnAbusoMas","Abuso sexual en la infancia","Ni\u00f1ez y Adolescencia","Violencia"],"articleSection":["Art\u00edculos y Comunicados","Azul Profundo"],"inLanguage":"es","potentialAction":[{"@type":"CommentAction","name":"Comment","target":["https:\/\/diariofemenino.com.ar\/df\/abuso-sexual-en-la-infancia-un-problema-de-genero-en-un-sistema-patriarcal\/#respond"]}]},{"@type":"WebPage","@id":"https:\/\/diariofemenino.com.ar\/df\/abuso-sexual-en-la-infancia-un-problema-de-genero-en-un-sistema-patriarcal\/","url":"https:\/\/diariofemenino.com.ar\/df\/abuso-sexual-en-la-infancia-un-problema-de-genero-en-un-sistema-patriarcal\/","name":"Abuso sexual en la infancia: un problema de g\u00e9nero en un sistema patriarcal - Diario Digital Femenino","isPartOf":{"@id":"https:\/\/diariofemenino.com.ar\/df\/#website"},"primaryImageOfPage":{"@id":"https:\/\/diariofemenino.com.ar\/df\/abuso-sexual-en-la-infancia-un-problema-de-genero-en-un-sistema-patriarcal\/#primaryimage"},"image":{"@id":"https:\/\/diariofemenino.com.ar\/df\/abuso-sexual-en-la-infancia-un-problema-de-genero-en-un-sistema-patriarcal\/#primaryimage"},"thumbnailUrl":"https:\/\/diariofemenino.com.ar\/df\/wp-content\/uploads\/2019\/06\/ni\u00f1a-yon.jpg","datePublished":"2019-06-19T22:13:16+00:00","description":"Abuso sexual en la infancia: un problema de g\u00e9nero en un sistema patriarcalLa Organizaci\u00f3n Mundial de la Salud (1986) defini\u00f3","breadcrumb":{"@id":"https:\/\/diariofemenino.com.ar\/df\/abuso-sexual-en-la-infancia-un-problema-de-genero-en-un-sistema-patriarcal\/#breadcrumb"},"inLanguage":"es","potentialAction":[{"@type":"ReadAction","target":["https:\/\/diariofemenino.com.ar\/df\/abuso-sexual-en-la-infancia-un-problema-de-genero-en-un-sistema-patriarcal\/"]}]},{"@type":"ImageObject","inLanguage":"es","@id":"https:\/\/diariofemenino.com.ar\/df\/abuso-sexual-en-la-infancia-un-problema-de-genero-en-un-sistema-patriarcal\/#primaryimage","url":"https:\/\/diariofemenino.com.ar\/df\/wp-content\/uploads\/2019\/06\/ni\u00f1a-yon.jpg","contentUrl":"https:\/\/diariofemenino.com.ar\/df\/wp-content\/uploads\/2019\/06\/ni\u00f1a-yon.jpg","width":2761,"height":2006},{"@type":"BreadcrumbList","@id":"https:\/\/diariofemenino.com.ar\/df\/abuso-sexual-en-la-infancia-un-problema-de-genero-en-un-sistema-patriarcal\/#breadcrumb","itemListElement":[{"@type":"ListItem","position":1,"name":"Portada","item":"https:\/\/diariofemenino.com.ar\/df\/"},{"@type":"ListItem","position":2,"name":"Abuso sexual en la infancia: un problema de g\u00e9nero en un sistema patriarcal"}]},{"@type":"WebSite","@id":"https:\/\/diariofemenino.com.ar\/df\/#website","url":"https:\/\/diariofemenino.com.ar\/df\/","name":"Diario Digital Femenino","description":"Cuesti\u00f3n de G\u00e9nero","publisher":{"@id":"https:\/\/diariofemenino.com.ar\/df\/#organization"},"potentialAction":[{"@type":"SearchAction","target":{"@type":"EntryPoint","urlTemplate":"https:\/\/diariofemenino.com.ar\/df\/?s={search_term_string}"},"query-input":{"@type":"PropertyValueSpecification","valueRequired":true,"valueName":"search_term_string"}}],"inLanguage":"es"},{"@type":"Organization","@id":"https:\/\/diariofemenino.com.ar\/df\/#organization","name":"Diario Femenino","url":"https:\/\/diariofemenino.com.ar\/df\/","logo":{"@type":"ImageObject","inLanguage":"es","@id":"https:\/\/diariofemenino.com.ar\/df\/#\/schema\/logo\/image\/","url":"https:\/\/diariofemenino.com.ar\/df\/wp-content\/uploads\/2018\/10\/logo.png","contentUrl":"https:\/\/diariofemenino.com.ar\/df\/wp-content\/uploads\/2018\/10\/logo.png","width":500,"height":92,"caption":"Diario Femenino"},"image":{"@id":"https:\/\/diariofemenino.com.ar\/df\/#\/schema\/logo\/image\/"},"sameAs":["https:\/\/www.facebook.com\/DiarioDigitaFemenino\/","https:\/\/x.com\/DiarioFemenino1"]},{"@type":"Person","@id":"https:\/\/diariofemenino.com.ar\/df\/#\/schema\/person\/1c36bc3bf394d8ec320814298b4fdd3f","name":"Admin","image":{"@type":"ImageObject","inLanguage":"es","@id":"https:\/\/diariofemenino.com.ar\/df\/wp-content\/uploads\/2018\/12\/favicon-150x150.jpg","url":"https:\/\/diariofemenino.com.ar\/df\/wp-content\/uploads\/2018\/12\/favicon-150x150.jpg","contentUrl":"https:\/\/diariofemenino.com.ar\/df\/wp-content\/uploads\/2018\/12\/favicon-150x150.jpg","caption":"Admin"},"url":"https:\/\/diariofemenino.com.ar\/df\/author\/sofiperez\/"}]}},"jetpack_featured_media_url":"https:\/\/diariofemenino.com.ar\/df\/wp-content\/uploads\/2019\/06\/ni\u00f1a-yon.jpg","jetpack_sharing_enabled":true,"rttpg_featured_image_url":{"full":["https:\/\/diariofemenino.com.ar\/df\/wp-content\/uploads\/2019\/06\/ni\u00f1a-yon.jpg",2761,2006,false],"landscape":["https:\/\/diariofemenino.com.ar\/df\/wp-content\/uploads\/2019\/06\/ni\u00f1a-yon.jpg",2761,2006,false],"portraits":["https:\/\/diariofemenino.com.ar\/df\/wp-content\/uploads\/2019\/06\/ni\u00f1a-yon.jpg",2761,2006,false],"thumbnail":["https:\/\/diariofemenino.com.ar\/df\/wp-content\/uploads\/2019\/06\/ni\u00f1a-yon-150x150.jpg",150,150,true],"medium":["https:\/\/diariofemenino.com.ar\/df\/wp-content\/uploads\/2019\/06\/ni\u00f1a-yon-300x218.jpg",300,218,true],"large":["https:\/\/diariofemenino.com.ar\/df\/wp-content\/uploads\/2019\/06\/ni\u00f1a-yon-1024x744.jpg",1024,744,true],"1536x1536":["https:\/\/diariofemenino.com.ar\/df\/wp-content\/uploads\/2019\/06\/ni\u00f1a-yon.jpg",1536,1116,false],"2048x2048":["https:\/\/diariofemenino.com.ar\/df\/wp-content\/uploads\/2019\/06\/ni\u00f1a-yon.jpg",2048,1488,false]},"rttpg_author":{"display_name":"Admin","author_link":"https:\/\/diariofemenino.com.ar\/df\/author\/sofiperez\/"},"rttpg_comment":0,"rttpg_category":"<a href=\"https:\/\/diariofemenino.com.ar\/df\/category\/articulos-y-comunicados\/\" rel=\"category tag\">Art\u00edculos y Comunicados<\/a> <a href=\"https:\/\/diariofemenino.com.ar\/df\/category\/azul-profundo\/\" rel=\"category tag\">Azul Profundo<\/a>","rttpg_excerpt":"Abuso sexual en la infancia: un problema de g\u00e9nero en un sistema patriarcal La Organizaci\u00f3n Mundial de la Salud (1986) defini\u00f3 al abuso sexual en la infancia (ASI) como la situaci\u00f3n en la que \u201cun ni\u00f1o es v\u00edctima de un adulto, o de una persona evidentemente mayor que \u00e9l con fines de satisfacci\u00f3n sexual\u201d. En&hellip;","_links":{"self":[{"href":"https:\/\/diariofemenino.com.ar\/df\/wp-json\/wp\/v2\/posts\/37178","targetHints":{"allow":["GET"]}}],"collection":[{"href":"https:\/\/diariofemenino.com.ar\/df\/wp-json\/wp\/v2\/posts"}],"about":[{"href":"https:\/\/diariofemenino.com.ar\/df\/wp-json\/wp\/v2\/types\/post"}],"author":[{"embeddable":true,"href":"https:\/\/diariofemenino.com.ar\/df\/wp-json\/wp\/v2\/users\/3"}],"replies":[{"embeddable":true,"href":"https:\/\/diariofemenino.com.ar\/df\/wp-json\/wp\/v2\/comments?post=37178"}],"version-history":[{"count":0,"href":"https:\/\/diariofemenino.com.ar\/df\/wp-json\/wp\/v2\/posts\/37178\/revisions"}],"wp:featuredmedia":[{"embeddable":true,"href":"https:\/\/diariofemenino.com.ar\/df\/wp-json\/wp\/v2\/media\/37183"}],"wp:attachment":[{"href":"https:\/\/diariofemenino.com.ar\/df\/wp-json\/wp\/v2\/media?parent=37178"}],"wp:term":[{"taxonomy":"category","embeddable":true,"href":"https:\/\/diariofemenino.com.ar\/df\/wp-json\/wp\/v2\/categories?post=37178"},{"taxonomy":"post_tag","embeddable":true,"href":"https:\/\/diariofemenino.com.ar\/df\/wp-json\/wp\/v2\/tags?post=37178"}],"curies":[{"name":"wp","href":"https:\/\/api.w.org\/{rel}","templated":true}]}}