{"id":36942,"date":"2019-06-15T10:59:21","date_gmt":"2019-06-15T13:59:21","guid":{"rendered":"https:\/\/diariofemenino.com.ar\/?p=36942"},"modified":"2019-06-15T10:59:21","modified_gmt":"2019-06-15T13:59:21","slug":"hotel-gondolin-la-casa-de-las-travestis-y-trans","status":"publish","type":"post","link":"https:\/\/diariofemenino.com.ar\/df\/hotel-gondolin-la-casa-de-las-travestis-y-trans\/","title":{"rendered":"Hotel Gondol\u00edn, la casa de las travestis y trans"},"content":{"rendered":"<h2 style=\"text-align: center;\">Hotel Gondol\u00edn, la <a href=\"https:\/\/diariofemenino.com.ar\/la-casa-de-lohana-y-diana-un-nuevo-punto-de-encuentro-para-la-comunidad-travesti-y-trans\/\">casa<\/a> de las travestis y trans<\/h2>\n<p><strong>En Villa Crespo hay un hotel que se convirti\u00f3 en la cuna de las travestis y trans<\/strong>, no es una construcci\u00f3n destinada a la explotaci\u00f3n comercial. Es un espacio que actualmente hospeda a\u00a0<strong>m\u00e1s de 40 travestis y trans que llegan de distintos puntos del pa\u00eds, obligadas a dejar sus ciudades natales<\/strong>\u00a0para esquivar la <a href=\"https:\/\/diariofemenino.com.ar\/los-travesticidios-y-transfemicidios-existen-y-arrojan-una-lista-muy-larga-en-la-argentina\/\">violencia policial y expulsi\u00f3n social.<\/a><\/p>\n<p><strong>Fuimos a conocer sus historias, que son de lucha y resistencia\u00a0<\/strong>pero tambi\u00e9n de mucho rechazo, muertes de amigas y dolor. Conocimos el lugar que las abraza y las hospeda, el territorio de abrigo y contenci\u00f3n cada d\u00eda.\u00a0<strong>Las mariposas se acomodan, sacuden sus alas, multicolor, las m\u00e1s coquetas ya est\u00e1n listas hace rato. Bajan las escaleras riendo.<\/strong><\/p>\n<figure id=\"attachment_36944\" aria-describedby=\"caption-attachment-36944\" style=\"width: 1920px\" class=\"wp-caption alignnone\"><img loading=\"lazy\" decoding=\"async\" class=\"wp-image-36944 size-full\" src=\"https:\/\/diariofemenino.com.ar\/df\/wp-content\/uploads\/2019\/06\/imagen_6060.jpg\" alt=\"Hotel Gondol\u00edn, la casa de las travestis y trans\" width=\"1920\" height=\"1280\" srcset=\"https:\/\/diariofemenino.com.ar\/df\/wp-content\/uploads\/2019\/06\/imagen_6060.jpg 1920w, https:\/\/diariofemenino.com.ar\/df\/wp-content\/uploads\/2019\/06\/imagen_6060-300x200.jpg 300w, https:\/\/diariofemenino.com.ar\/df\/wp-content\/uploads\/2019\/06\/imagen_6060-768x512.jpg 768w, https:\/\/diariofemenino.com.ar\/df\/wp-content\/uploads\/2019\/06\/imagen_6060-1024x683.jpg 1024w\" sizes=\"auto, (max-width: 1920px) 100vw, 1920px\" \/><figcaption id=\"caption-attachment-36944\" class=\"wp-caption-text\">Foto: Vicky Cuomo<\/figcaption><\/figure>\n<section>\n<div class=\"container\">\n<div class=\"row\">\n<div class=\"col-sm-offset-1 col-sm-10\">\n<p>Despiden a su amiga Luz, ella no puede marchar, ni siquiera salir del hotel. Est\u00e1 bajo prisi\u00f3n domiciliaria acusada injustamente de un crimen que no cometi\u00f3.\u00a0La Justicia, esa instituci\u00f3n que apesta por ser tan patriarcal, la conden\u00f3 sin pruebas. Fuimos juntas en el 168 hasta Congreso.\u00a0<strong>Juntas, cuidando una de la otra, so\u00f1ando con una vida sin violencia machista.\u00a0<\/strong><\/p>\n<\/div>\n<\/div>\n<\/div>\n<\/section>\n<section class=\"destacado\">\n<div class=\"container\">\n<div class=\"row\">\n<div class=\"col-sm-offset-2 col-sm-8\">\n<h2><em>Para m\u00ed las chicas de este lugar son mi familia<\/em><\/h2>\n<\/div>\n<\/div>\n<\/div>\n<\/section>\n<div class=\"separador\"><strong>Zoe L\u00f3pez Garc\u00eda lleg\u00f3 al Gondol\u00edn hace 24 a\u00f1os, hoy es la referente del espacio y \u201cla t\u00eda\u201d.<\/strong>\u00a0As\u00ed la llaman las chicas que se hospedan en el hotel, porque antes que nada la pensi\u00f3n es una familia. A Zoe la trajo una amiga con la que compart\u00edan el trabajo en la calle, cuando la polic\u00eda las dejaba, bajo la condici\u00f3n que una parte de lo que recaudaban por noche se lo entregasen a los oficiales que rondaban la zona roja de Palermo. \u201c<strong>Hab\u00eda otros hoteles pero yo no pod\u00eda pagarlo, ac\u00e1 era m\u00e1s barato<\/strong>\u00a0y al due\u00f1o le conven\u00eda que nos alojemos chicas trans en lugar de familias enteras,\u00a0<strong>dorm\u00edamos varias en la misma pieza y as\u00ed empezamos a traer a las chicas que nos encontr\u00e1bamos en la comisar\u00eda.<\/strong><\/div>\n<section>\n<div class=\"container\">\n<div class=\"row\">\n<div class=\"col-sm-offset-1 col-sm-10\">\n<figure id=\"attachment_36945\" aria-describedby=\"caption-attachment-36945\" style=\"width: 1920px\" class=\"wp-caption alignnone\"><img loading=\"lazy\" decoding=\"async\" class=\"wp-image-36945 size-full\" src=\"https:\/\/diariofemenino.com.ar\/df\/wp-content\/uploads\/2019\/06\/imagen_6062.jpg\" alt=\"Hotel Gondol\u00edn, la casa de las travestis y trans\" width=\"1920\" height=\"1280\" srcset=\"https:\/\/diariofemenino.com.ar\/df\/wp-content\/uploads\/2019\/06\/imagen_6062.jpg 1920w, https:\/\/diariofemenino.com.ar\/df\/wp-content\/uploads\/2019\/06\/imagen_6062-300x200.jpg 300w, https:\/\/diariofemenino.com.ar\/df\/wp-content\/uploads\/2019\/06\/imagen_6062-768x512.jpg 768w, https:\/\/diariofemenino.com.ar\/df\/wp-content\/uploads\/2019\/06\/imagen_6062-1024x683.jpg 1024w\" sizes=\"auto, (max-width: 1920px) 100vw, 1920px\" \/><figcaption id=\"caption-attachment-36945\" class=\"wp-caption-text\">Foto: Vicky Cuomo<\/figcaption><\/figure>\n<p><strong>Algunas ven\u00edan del interior, donde no pod\u00edan ejercer el trabajo sexual, ac\u00e1 arregl\u00e1bamos con la polic\u00eda, pod\u00edamos trabajar pero si no les pag\u00e1bamos nos deten\u00edan.<\/strong>\u00a0Una vez en los 90 termin\u00e9 en el hospital Fiorito por una paliza que me dio un polic\u00eda y cuando me dieron el alta a la salida estaba el patrullero esper\u00e1ndome\u201d, narr\u00f3 Zoe, mientras recuerda como zafaban de la polic\u00eda con su amiga, la peruana, que le abri\u00f3 las puertas del Gondol\u00edn y con quien empez\u00f3 a militar por sus derechos en los calabozos.<\/p>\n<p><strong>Desde hace casi 30 a\u00f1os este lugar brinda mucho m\u00e1s que una cama donde dormir. El Hotel Gondol\u00edn es un territorio de abrigo y contenci\u00f3n.\u00a0<\/strong>Para muchas chicas trans que pasaron por all\u00ed fue el envi\u00f3n para capacitarse, estudiar e insertarse en el mundo laboral y para que el trabajo sexual deje de ser la \u00fanica opci\u00f3n.\u00a0<strong>Una pensi\u00f3n de tres pisos y 20 habitaciones, de paredes de un azul cielo despejado, donde muchas encontraron el sol en medio de la tormenta de sus vidas atravesadas por la marginalidad.\u00a0<\/strong>Totalmente autogestionado y administrado por travestis y trans desde hace 15 a\u00f1os.<\/p>\n<figure id=\"attachment_36946\" aria-describedby=\"caption-attachment-36946\" style=\"width: 1920px\" class=\"wp-caption alignnone\"><img loading=\"lazy\" decoding=\"async\" class=\"wp-image-36946 size-full\" src=\"https:\/\/diariofemenino.com.ar\/df\/wp-content\/uploads\/2019\/06\/imagen_6064.jpg\" alt=\"Hotel Gondol\u00edn, la casa de las travestis y trans\" width=\"1920\" height=\"1280\" srcset=\"https:\/\/diariofemenino.com.ar\/df\/wp-content\/uploads\/2019\/06\/imagen_6064.jpg 1920w, https:\/\/diariofemenino.com.ar\/df\/wp-content\/uploads\/2019\/06\/imagen_6064-300x200.jpg 300w, https:\/\/diariofemenino.com.ar\/df\/wp-content\/uploads\/2019\/06\/imagen_6064-768x512.jpg 768w, https:\/\/diariofemenino.com.ar\/df\/wp-content\/uploads\/2019\/06\/imagen_6064-1024x683.jpg 1024w\" sizes=\"auto, (max-width: 1920px) 100vw, 1920px\" \/><figcaption id=\"caption-attachment-36946\" class=\"wp-caption-text\">Foto: Vicky Cuomo<\/figcaption><\/figure>\n<section>\n<div class=\"container\">\n<div class=\"row\">\n<div class=\"col-sm-offset-1 col-sm-10\">\n<p>La vereda del Gondol\u00edn se llena de divas de melenas infinitas, lacias, doradas, de rulos negros fornidos, boquitas sensuales, labios de rub\u00ed.\u00a0<strong>En la parada del colectivo \u201cla gente\u201d mantiene distancia de las mariposas. \u00bfAcaso no les abruma su hermosura?\u00a0<\/strong>Parafraseando a Lemebel, las caras de quienes las ven pasar parecen esbozar \u201cson travestis pero son buena onda\u201d. Ellas aceptan el mundo sin pedirle esa buena onda y r\u00eden olvidando sus cicatrices.<\/p>\n<\/div>\n<\/div>\n<\/div>\n<\/section>\n<h2 class=\"separador\"><em>En las provincias se est\u00e1 retrocediendo, hay chicas que ni pueden acceder a un hospital<\/em><\/h2>\n<div class=\"separador\"><strong>Solange es la encargada de limpieza del Gondolin. Lleg\u00f3 de Salta a los 17 a\u00f1os, ejerci\u00f3 el trabajo sexual<\/strong>, fue empleada dom\u00e9stica y tuvo otros puestos temporarios hasta que encontr\u00f3 el \u201cGondo\u201d y se convirti\u00f3 en su segunda casa.\u00a0<strong>\u201cPara m\u00ed las chicas de este lugar son mi familia\u201d<\/strong>. Lo dice mientras se le dibuja una sonrisa en la cara. Prepara su mochila para la marcha, lleva una remera con el rostro de Cintia Moreyra, una joven trans tucumana de 25 a\u00f1os asesinada el a\u00f1o pasado. La justicia nunca investig\u00f3 el caso. \u201cHoy marcho por mi amiga Cintia Moreyra, a quien consideraba como una hija. Salgo para pedir justicia por ella.\u00a0<strong>A Cintia, la descuartizaron, la quemaron, y abandonaron su cuerpo en un descampado<\/strong>\u201d, cuenta Solange y agrega: \u201cYo tuve una buena experiencia con mi familia porque fui aceptada, pero s\u00e9 que no todas corren la misma suerte que yo. Por ejemplo\u00a0<strong>en Salta, uno de los problemas m\u00e1s graves que sufren las chicas es el la violencia con la polic\u00eda, todav\u00eda es brutal el trato que tienen con ellas<\/strong>\u00a0donde sigue vigente el art\u00edculo 114, las golpean, las detienen, por eso tambi\u00e9n marcho para visibilizar la violencia que ejercen hacia nosotras\u201d.<\/div>\n<section>\n<div class=\"container\">\n<div class=\"row\">\n<div class=\"col-sm-offset-1 col-sm-10\">\n<figure id=\"attachment_36947\" aria-describedby=\"caption-attachment-36947\" style=\"width: 1920px\" class=\"wp-caption alignnone\"><img loading=\"lazy\" decoding=\"async\" class=\"wp-image-36947 size-full\" src=\"https:\/\/diariofemenino.com.ar\/df\/wp-content\/uploads\/2019\/06\/imagen_6063.jpg\" alt=\"Hotel Gondol\u00edn, la casa de las travestis y trans\" width=\"1920\" height=\"1280\" srcset=\"https:\/\/diariofemenino.com.ar\/df\/wp-content\/uploads\/2019\/06\/imagen_6063.jpg 1920w, https:\/\/diariofemenino.com.ar\/df\/wp-content\/uploads\/2019\/06\/imagen_6063-300x200.jpg 300w, https:\/\/diariofemenino.com.ar\/df\/wp-content\/uploads\/2019\/06\/imagen_6063-768x512.jpg 768w, https:\/\/diariofemenino.com.ar\/df\/wp-content\/uploads\/2019\/06\/imagen_6063-1024x683.jpg 1024w\" sizes=\"auto, (max-width: 1920px) 100vw, 1920px\" \/><figcaption id=\"caption-attachment-36947\" class=\"wp-caption-text\">Foto: Vicky Cuomo<\/figcaption><\/figure>\n<p>Esa violencia que las travestis y trans sufr\u00edan despu\u00e9s de la vuelta a la democracia est\u00e1 volviendo,<strong>\u00a0Zoe dice: \u201cEstos \u00faltimos a\u00f1os se retrocedi\u00f3 un mont\u00f3n, la polic\u00eda vuelve a ejercer la misma violencia que en los 90<\/strong>. Por ejemplo,<strong>\u00a0en Salta las chicas vienen escap\u00e1ndose de sus provincias por la persecuci\u00f3n policial<\/strong>, porque no las dejan ni caminar, esto no puede volver a pasar, en las provincias se est\u00e1 retrocediendo, hay chicas que ni pueden acceder a un hospital\u201d.<\/p>\n<figure id=\"attachment_36948\" aria-describedby=\"caption-attachment-36948\" style=\"width: 1920px\" class=\"wp-caption alignnone\"><img loading=\"lazy\" decoding=\"async\" class=\"wp-image-36948 size-full\" src=\"https:\/\/diariofemenino.com.ar\/df\/wp-content\/uploads\/2019\/06\/imagen_6070.jpg\" alt=\"Hotel Gondol\u00edn, la casa de las travestis y trans\" width=\"1920\" height=\"1280\" srcset=\"https:\/\/diariofemenino.com.ar\/df\/wp-content\/uploads\/2019\/06\/imagen_6070.jpg 1920w, https:\/\/diariofemenino.com.ar\/df\/wp-content\/uploads\/2019\/06\/imagen_6070-300x200.jpg 300w, https:\/\/diariofemenino.com.ar\/df\/wp-content\/uploads\/2019\/06\/imagen_6070-768x512.jpg 768w, https:\/\/diariofemenino.com.ar\/df\/wp-content\/uploads\/2019\/06\/imagen_6070-1024x683.jpg 1024w\" sizes=\"auto, (max-width: 1920px) 100vw, 1920px\" \/><figcaption id=\"caption-attachment-36948\" class=\"wp-caption-text\">Foto: Vicky Cuomo<\/figcaption><\/figure>\n<section>\n<div class=\"container\">\n<div class=\"row\">\n<div class=\"col-sm-offset-1 col-sm-10\">\n<p>Macarena viene de esos pagos, tiene 32 a\u00f1os, es oriunda de Oran, Salta y peluquera de profesi\u00f3n. Viaj\u00f3 a Buenos Aires en busca de trabajo, que no encontr\u00f3 en su provincia natal. \u201cSufr\u00ed violencia en mi vida como algo cotidiano. Siempre hago esta comparaci\u00f3n: a lo largo de su vida, la gente recibe m\u00e1s amor que odio. A<strong>\u00a0nosotras nos brindan m\u00e1s odio que amor. La violencia y la discriminaci\u00f3n en las ciudades de las provincias del Norte es una constante<\/strong>, es una realidad que las chicas siguen padeciendo, d\u00eda a d\u00eda y tambi\u00e9n el rechazo de parte la familia\u201d, se lamenta.<\/p>\n<\/div>\n<\/div>\n<\/div>\n<\/section>\n<div class=\"separador\"><\/div>\n<section class=\"destacado\">\n<div class=\"container\">\n<div class=\"row\">\n<div class=\"col-sm-offset-2 col-sm-8\">\n<h2><a href=\"https:\/\/diariofemenino.com.ar\/1m-mapa-del-cupo-laboral-travesti-trans-en-argentina\/\"><em>Marcho para visibilizar la violencia que ejercen hacia nosotras<\/em><\/a><\/h2>\n<\/div>\n<\/div>\n<\/div>\n<\/section>\n<div class=\"separador\"><strong>Zoe<\/strong>\u00a0sue\u00f1a con un futuro mejor para sus compa\u00f1eras travestis y trans,\u00a0<strong>dice que se siente orgullosa del camino que est\u00e1 transitando, porque sabe que desde ese espacio est\u00e1n cambiando muchas realidades.\u00a0<\/strong>\u201cHoy ac\u00e1 nosotras estamos empoderadas, nuestro principal objetivo es mejorar la calidad de vida de las chicas con educaci\u00f3n y salud, todas las chicas son aut\u00f3nomas e independientes, la \u00fanica garant\u00eda que pedimos para vivir ac\u00e1 es que estudien, que se formen para poder salir a trabajar y\u00a0<strong>queremos que este lugar siga sobrevivido para otras generaciones de chicas trans<\/strong>\u201d.<\/div>\n<section>\n<div class=\"container\">\n<div class=\"row\">\n<div class=\"col-sm-offset-1 col-sm-10\">\n<figure id=\"attachment_36949\" aria-describedby=\"caption-attachment-36949\" style=\"width: 1920px\" class=\"wp-caption alignnone\"><img loading=\"lazy\" decoding=\"async\" class=\"wp-image-36949 size-full\" src=\"https:\/\/diariofemenino.com.ar\/df\/wp-content\/uploads\/2019\/06\/imagen_6067.jpg\" alt=\"Hotel Gondol\u00edn, la casa de las travestis y trans\" width=\"1920\" height=\"1280\" srcset=\"https:\/\/diariofemenino.com.ar\/df\/wp-content\/uploads\/2019\/06\/imagen_6067.jpg 1920w, https:\/\/diariofemenino.com.ar\/df\/wp-content\/uploads\/2019\/06\/imagen_6067-300x200.jpg 300w, https:\/\/diariofemenino.com.ar\/df\/wp-content\/uploads\/2019\/06\/imagen_6067-768x512.jpg 768w, https:\/\/diariofemenino.com.ar\/df\/wp-content\/uploads\/2019\/06\/imagen_6067-1024x683.jpg 1024w\" sizes=\"auto, (max-width: 1920px) 100vw, 1920px\" \/><figcaption id=\"caption-attachment-36949\" class=\"wp-caption-text\">Foto: Vicky Cuomo<\/figcaption><\/figure>\n<p><strong>La calle las espera<\/strong>, ellas la conocen bien, a falta de otras oportunidades o por elecci\u00f3n propia,\u00a0<strong>la mayor\u00eda de las mariposas del Gondolin han tenido que trabajarla<\/strong>. Esta vez pisan suelo porte\u00f1o para exclamar que al calabozo no vuelven m\u00e1s, sacan sus carteles de letras con el pu\u00f1o izquierdo en alto y forman la frase \u201c<strong>Ni una trans menos\u201d<\/strong>.\u00a0<strong>Marchan a paso audaz, dignas, orgullosas de exhibir sus alas, sus cuerpos, sus identidades, juntas.<\/strong><\/p>\n<\/div>\n<\/div>\n<\/div>\n<\/section>\n<\/div>\n<\/div>\n<\/div>\n<\/section>\n<\/div>\n<\/div>\n<\/div>\n<\/section>\n<p>&nbsp;<\/p>\n<p><a href=\"http:\/\/revistacitrica.com\/autor-estefania-santoro-\">Por: Estefania Santoro\u00a0<\/a><\/p>\n<p>Fuente: <a href=\"http:\/\/revistacitrica.com\/hotel-gondolin-la-casa-de-las-travestis-y-trans.html\">Revista Critica<\/a><\/p>\n<p>&nbsp;<\/p>\n","protected":false},"excerpt":{"rendered":"<p>Hotel Gondol\u00edn, la casa de las travestis y trans En Villa Crespo hay un hotel que se convirti\u00f3 en la cuna de las travestis y trans, no es una construcci\u00f3n destinada a la explotaci\u00f3n comercial. Es un espacio que actualmente hospeda a\u00a0m\u00e1s de 40 travestis y trans que llegan de distintos puntos del pa\u00eds, obligadas [&hellip;]<\/p>\n","protected":false},"author":3,"featured_media":36952,"comment_status":"open","ping_status":"open","sticky":false,"template":"","format":"standard","meta":{"iawp_total_views":599,"footnotes":""},"categories":[592],"tags":[1140,668,667,1390,144,138],"class_list":["post-36942","post","type-post","status-publish","format-standard","has-post-thumbnail","hentry","category-violencias","tag-cupo-laboral-travesti-trans","tag-diana-amancay-sacayan","tag-lohana-berkins","tag-lohana-y-diana","tag-travesticidio-social","tag-violencia"],"nelio_content":{"autoShareEndMode":"never","automationSources":{"useCustomSentences":false,"customSentences":[]},"efiAlt":"","efiUrl":"","followers":[3],"highlights":[],"isAutoShareEnabled":true,"networkImageIds":[],"permalinkQueryArgs":[],"series":[],"suggestedReferences":[]},"yoast_head":"<!-- This site is optimized with the Yoast SEO plugin v27.5 - https:\/\/yoast.com\/product\/yoast-seo-wordpress\/ -->\n<title>Hotel Gondol\u00edn, la casa de las travestis y trans - Diario Digital Femenino<\/title>\n<meta name=\"description\" content=\"Hotel Gondol\u00edn, la casa de las travestis y trans. En Villa Crespo hay un hotel que se convirti\u00f3 en la cuna de las travestis y trans, no es una construcci\u00f3n\" \/>\n<meta name=\"robots\" content=\"index, follow, max-snippet:-1, max-image-preview:large, max-video-preview:-1\" \/>\n<link rel=\"canonical\" href=\"https:\/\/diariofemenino.com.ar\/df\/hotel-gondolin-la-casa-de-las-travestis-y-trans\/\" \/>\n<meta property=\"og:locale\" content=\"es_ES\" \/>\n<meta property=\"og:type\" content=\"article\" \/>\n<meta property=\"og:title\" content=\"Hotel Gondol\u00edn, la casa de las travestis y trans - Diario Digital Femenino\" \/>\n<meta property=\"og:description\" content=\"Hotel Gondol\u00edn, la casa de las travestis y trans. En Villa Crespo hay un hotel que se convirti\u00f3 en la cuna de las travestis y trans, no es una construcci\u00f3n\" \/>\n<meta property=\"og:url\" content=\"https:\/\/diariofemenino.com.ar\/df\/hotel-gondolin-la-casa-de-las-travestis-y-trans\/\" \/>\n<meta property=\"og:site_name\" content=\"Diario Digital Femenino\" \/>\n<meta property=\"article:publisher\" content=\"https:\/\/www.facebook.com\/DiarioDigitaFemenino\/\" \/>\n<meta property=\"article:published_time\" content=\"2019-06-15T13:59:21+00:00\" \/>\n<meta property=\"og:image\" content=\"https:\/\/diariofemenino.com.ar\/df\/wp-content\/uploads\/2019\/06\/portadaa.jpg\" \/>\n\t<meta property=\"og:image:width\" content=\"1920\" \/>\n\t<meta property=\"og:image:height\" content=\"1280\" \/>\n\t<meta property=\"og:image:type\" content=\"image\/jpeg\" \/>\n<meta name=\"author\" content=\"Admin\" \/>\n<meta name=\"twitter:card\" content=\"summary_large_image\" \/>\n<meta name=\"twitter:creator\" content=\"@DiarioFemenino1\" \/>\n<meta name=\"twitter:site\" content=\"@DiarioFemenino1\" \/>\n<meta name=\"twitter:label1\" content=\"Escrito por\" \/>\n\t<meta name=\"twitter:data1\" content=\"Admin\" \/>\n\t<meta name=\"twitter:label2\" content=\"Tiempo de lectura\" \/>\n\t<meta name=\"twitter:data2\" content=\"7 minutos\" \/>\n<script type=\"application\/ld+json\" class=\"yoast-schema-graph\">{\"@context\":\"https:\\\/\\\/schema.org\",\"@graph\":[{\"@type\":\"Article\",\"@id\":\"https:\\\/\\\/diariofemenino.com.ar\\\/df\\\/hotel-gondolin-la-casa-de-las-travestis-y-trans\\\/#article\",\"isPartOf\":{\"@id\":\"https:\\\/\\\/diariofemenino.com.ar\\\/df\\\/hotel-gondolin-la-casa-de-las-travestis-y-trans\\\/\"},\"author\":{\"name\":\"Admin\",\"@id\":\"https:\\\/\\\/diariofemenino.com.ar\\\/df\\\/#\\\/schema\\\/person\\\/1c36bc3bf394d8ec320814298b4fdd3f\"},\"headline\":\"Hotel Gondol\u00edn, la casa de las travestis y trans\",\"datePublished\":\"2019-06-15T13:59:21+00:00\",\"mainEntityOfPage\":{\"@id\":\"https:\\\/\\\/diariofemenino.com.ar\\\/df\\\/hotel-gondolin-la-casa-de-las-travestis-y-trans\\\/\"},\"wordCount\":1318,\"commentCount\":0,\"publisher\":{\"@id\":\"https:\\\/\\\/diariofemenino.com.ar\\\/df\\\/#organization\"},\"image\":{\"@id\":\"https:\\\/\\\/diariofemenino.com.ar\\\/df\\\/hotel-gondolin-la-casa-de-las-travestis-y-trans\\\/#primaryimage\"},\"thumbnailUrl\":\"https:\\\/\\\/diariofemenino.com.ar\\\/df\\\/wp-content\\\/uploads\\\/2019\\\/06\\\/portadaa.jpg\",\"keywords\":[\"Cupo laboral travesti-trans\",\"Diana Amancay Sacay\u00e1n\",\"Lohana Berkins\",\"lohana y diana\",\"Travesticidio social\",\"Violencia\"],\"articleSection\":[\"Violencias\"],\"inLanguage\":\"es\",\"potentialAction\":[{\"@type\":\"CommentAction\",\"name\":\"Comment\",\"target\":[\"https:\\\/\\\/diariofemenino.com.ar\\\/df\\\/hotel-gondolin-la-casa-de-las-travestis-y-trans\\\/#respond\"]}]},{\"@type\":\"WebPage\",\"@id\":\"https:\\\/\\\/diariofemenino.com.ar\\\/df\\\/hotel-gondolin-la-casa-de-las-travestis-y-trans\\\/\",\"url\":\"https:\\\/\\\/diariofemenino.com.ar\\\/df\\\/hotel-gondolin-la-casa-de-las-travestis-y-trans\\\/\",\"name\":\"Hotel Gondol\u00edn, la casa de las travestis y trans - Diario Digital Femenino\",\"isPartOf\":{\"@id\":\"https:\\\/\\\/diariofemenino.com.ar\\\/df\\\/#website\"},\"primaryImageOfPage\":{\"@id\":\"https:\\\/\\\/diariofemenino.com.ar\\\/df\\\/hotel-gondolin-la-casa-de-las-travestis-y-trans\\\/#primaryimage\"},\"image\":{\"@id\":\"https:\\\/\\\/diariofemenino.com.ar\\\/df\\\/hotel-gondolin-la-casa-de-las-travestis-y-trans\\\/#primaryimage\"},\"thumbnailUrl\":\"https:\\\/\\\/diariofemenino.com.ar\\\/df\\\/wp-content\\\/uploads\\\/2019\\\/06\\\/portadaa.jpg\",\"datePublished\":\"2019-06-15T13:59:21+00:00\",\"description\":\"Hotel Gondol\u00edn, la casa de las travestis y trans. En Villa Crespo hay un hotel que se convirti\u00f3 en la cuna de las travestis y trans, no es una construcci\u00f3n\",\"breadcrumb\":{\"@id\":\"https:\\\/\\\/diariofemenino.com.ar\\\/df\\\/hotel-gondolin-la-casa-de-las-travestis-y-trans\\\/#breadcrumb\"},\"inLanguage\":\"es\",\"potentialAction\":[{\"@type\":\"ReadAction\",\"target\":[\"https:\\\/\\\/diariofemenino.com.ar\\\/df\\\/hotel-gondolin-la-casa-de-las-travestis-y-trans\\\/\"]}]},{\"@type\":\"ImageObject\",\"inLanguage\":\"es\",\"@id\":\"https:\\\/\\\/diariofemenino.com.ar\\\/df\\\/hotel-gondolin-la-casa-de-las-travestis-y-trans\\\/#primaryimage\",\"url\":\"https:\\\/\\\/diariofemenino.com.ar\\\/df\\\/wp-content\\\/uploads\\\/2019\\\/06\\\/portadaa.jpg\",\"contentUrl\":\"https:\\\/\\\/diariofemenino.com.ar\\\/df\\\/wp-content\\\/uploads\\\/2019\\\/06\\\/portadaa.jpg\",\"width\":1920,\"height\":1280},{\"@type\":\"BreadcrumbList\",\"@id\":\"https:\\\/\\\/diariofemenino.com.ar\\\/df\\\/hotel-gondolin-la-casa-de-las-travestis-y-trans\\\/#breadcrumb\",\"itemListElement\":[{\"@type\":\"ListItem\",\"position\":1,\"name\":\"Portada\",\"item\":\"https:\\\/\\\/diariofemenino.com.ar\\\/df\\\/\"},{\"@type\":\"ListItem\",\"position\":2,\"name\":\"Hotel Gondol\u00edn, la casa de las travestis y trans\"}]},{\"@type\":\"WebSite\",\"@id\":\"https:\\\/\\\/diariofemenino.com.ar\\\/df\\\/#website\",\"url\":\"https:\\\/\\\/diariofemenino.com.ar\\\/df\\\/\",\"name\":\"Diario Digital Femenino\",\"description\":\"Cuesti\u00f3n de G\u00e9nero\",\"publisher\":{\"@id\":\"https:\\\/\\\/diariofemenino.com.ar\\\/df\\\/#organization\"},\"potentialAction\":[{\"@type\":\"SearchAction\",\"target\":{\"@type\":\"EntryPoint\",\"urlTemplate\":\"https:\\\/\\\/diariofemenino.com.ar\\\/df\\\/?s={search_term_string}\"},\"query-input\":{\"@type\":\"PropertyValueSpecification\",\"valueRequired\":true,\"valueName\":\"search_term_string\"}}],\"inLanguage\":\"es\"},{\"@type\":\"Organization\",\"@id\":\"https:\\\/\\\/diariofemenino.com.ar\\\/df\\\/#organization\",\"name\":\"Diario Femenino\",\"url\":\"https:\\\/\\\/diariofemenino.com.ar\\\/df\\\/\",\"logo\":{\"@type\":\"ImageObject\",\"inLanguage\":\"es\",\"@id\":\"https:\\\/\\\/diariofemenino.com.ar\\\/df\\\/#\\\/schema\\\/logo\\\/image\\\/\",\"url\":\"https:\\\/\\\/diariofemenino.com.ar\\\/df\\\/wp-content\\\/uploads\\\/2018\\\/10\\\/logo.png\",\"contentUrl\":\"https:\\\/\\\/diariofemenino.com.ar\\\/df\\\/wp-content\\\/uploads\\\/2018\\\/10\\\/logo.png\",\"width\":500,\"height\":92,\"caption\":\"Diario Femenino\"},\"image\":{\"@id\":\"https:\\\/\\\/diariofemenino.com.ar\\\/df\\\/#\\\/schema\\\/logo\\\/image\\\/\"},\"sameAs\":[\"https:\\\/\\\/www.facebook.com\\\/DiarioDigitaFemenino\\\/\",\"https:\\\/\\\/x.com\\\/DiarioFemenino1\"]},{\"@type\":\"Person\",\"@id\":\"https:\\\/\\\/diariofemenino.com.ar\\\/df\\\/#\\\/schema\\\/person\\\/1c36bc3bf394d8ec320814298b4fdd3f\",\"name\":\"Admin\",\"image\":{\"@type\":\"ImageObject\",\"inLanguage\":\"es\",\"@id\":\"https:\\\/\\\/diariofemenino.com.ar\\\/df\\\/wp-content\\\/uploads\\\/2018\\\/12\\\/favicon-150x150.jpg\",\"url\":\"https:\\\/\\\/diariofemenino.com.ar\\\/df\\\/wp-content\\\/uploads\\\/2018\\\/12\\\/favicon-150x150.jpg\",\"contentUrl\":\"https:\\\/\\\/diariofemenino.com.ar\\\/df\\\/wp-content\\\/uploads\\\/2018\\\/12\\\/favicon-150x150.jpg\",\"caption\":\"Admin\"},\"url\":\"https:\\\/\\\/diariofemenino.com.ar\\\/df\\\/author\\\/sofiperez\\\/\"}]}<\/script>\n<!-- \/ Yoast SEO plugin. -->","yoast_head_json":{"title":"Hotel Gondol\u00edn, la casa de las travestis y trans - Diario Digital Femenino","description":"Hotel Gondol\u00edn, la casa de las travestis y trans. En Villa Crespo hay un hotel que se convirti\u00f3 en la cuna de las travestis y trans, no es una construcci\u00f3n","robots":{"index":"index","follow":"follow","max-snippet":"max-snippet:-1","max-image-preview":"max-image-preview:large","max-video-preview":"max-video-preview:-1"},"canonical":"https:\/\/diariofemenino.com.ar\/df\/hotel-gondolin-la-casa-de-las-travestis-y-trans\/","og_locale":"es_ES","og_type":"article","og_title":"Hotel Gondol\u00edn, la casa de las travestis y trans - Diario Digital Femenino","og_description":"Hotel Gondol\u00edn, la casa de las travestis y trans. En Villa Crespo hay un hotel que se convirti\u00f3 en la cuna de las travestis y trans, no es una construcci\u00f3n","og_url":"https:\/\/diariofemenino.com.ar\/df\/hotel-gondolin-la-casa-de-las-travestis-y-trans\/","og_site_name":"Diario Digital Femenino","article_publisher":"https:\/\/www.facebook.com\/DiarioDigitaFemenino\/","article_published_time":"2019-06-15T13:59:21+00:00","og_image":[{"width":1920,"height":1280,"url":"https:\/\/diariofemenino.com.ar\/df\/wp-content\/uploads\/2019\/06\/portadaa.jpg","type":"image\/jpeg"}],"author":"Admin","twitter_card":"summary_large_image","twitter_creator":"@DiarioFemenino1","twitter_site":"@DiarioFemenino1","twitter_misc":{"Escrito por":"Admin","Tiempo de lectura":"7 minutos"},"schema":{"@context":"https:\/\/schema.org","@graph":[{"@type":"Article","@id":"https:\/\/diariofemenino.com.ar\/df\/hotel-gondolin-la-casa-de-las-travestis-y-trans\/#article","isPartOf":{"@id":"https:\/\/diariofemenino.com.ar\/df\/hotel-gondolin-la-casa-de-las-travestis-y-trans\/"},"author":{"name":"Admin","@id":"https:\/\/diariofemenino.com.ar\/df\/#\/schema\/person\/1c36bc3bf394d8ec320814298b4fdd3f"},"headline":"Hotel Gondol\u00edn, la casa de las travestis y trans","datePublished":"2019-06-15T13:59:21+00:00","mainEntityOfPage":{"@id":"https:\/\/diariofemenino.com.ar\/df\/hotel-gondolin-la-casa-de-las-travestis-y-trans\/"},"wordCount":1318,"commentCount":0,"publisher":{"@id":"https:\/\/diariofemenino.com.ar\/df\/#organization"},"image":{"@id":"https:\/\/diariofemenino.com.ar\/df\/hotel-gondolin-la-casa-de-las-travestis-y-trans\/#primaryimage"},"thumbnailUrl":"https:\/\/diariofemenino.com.ar\/df\/wp-content\/uploads\/2019\/06\/portadaa.jpg","keywords":["Cupo laboral travesti-trans","Diana Amancay Sacay\u00e1n","Lohana Berkins","lohana y diana","Travesticidio social","Violencia"],"articleSection":["Violencias"],"inLanguage":"es","potentialAction":[{"@type":"CommentAction","name":"Comment","target":["https:\/\/diariofemenino.com.ar\/df\/hotel-gondolin-la-casa-de-las-travestis-y-trans\/#respond"]}]},{"@type":"WebPage","@id":"https:\/\/diariofemenino.com.ar\/df\/hotel-gondolin-la-casa-de-las-travestis-y-trans\/","url":"https:\/\/diariofemenino.com.ar\/df\/hotel-gondolin-la-casa-de-las-travestis-y-trans\/","name":"Hotel Gondol\u00edn, la casa de las travestis y trans - Diario Digital Femenino","isPartOf":{"@id":"https:\/\/diariofemenino.com.ar\/df\/#website"},"primaryImageOfPage":{"@id":"https:\/\/diariofemenino.com.ar\/df\/hotel-gondolin-la-casa-de-las-travestis-y-trans\/#primaryimage"},"image":{"@id":"https:\/\/diariofemenino.com.ar\/df\/hotel-gondolin-la-casa-de-las-travestis-y-trans\/#primaryimage"},"thumbnailUrl":"https:\/\/diariofemenino.com.ar\/df\/wp-content\/uploads\/2019\/06\/portadaa.jpg","datePublished":"2019-06-15T13:59:21+00:00","description":"Hotel Gondol\u00edn, la casa de las travestis y trans. En Villa Crespo hay un hotel que se convirti\u00f3 en la cuna de las travestis y trans, no es una construcci\u00f3n","breadcrumb":{"@id":"https:\/\/diariofemenino.com.ar\/df\/hotel-gondolin-la-casa-de-las-travestis-y-trans\/#breadcrumb"},"inLanguage":"es","potentialAction":[{"@type":"ReadAction","target":["https:\/\/diariofemenino.com.ar\/df\/hotel-gondolin-la-casa-de-las-travestis-y-trans\/"]}]},{"@type":"ImageObject","inLanguage":"es","@id":"https:\/\/diariofemenino.com.ar\/df\/hotel-gondolin-la-casa-de-las-travestis-y-trans\/#primaryimage","url":"https:\/\/diariofemenino.com.ar\/df\/wp-content\/uploads\/2019\/06\/portadaa.jpg","contentUrl":"https:\/\/diariofemenino.com.ar\/df\/wp-content\/uploads\/2019\/06\/portadaa.jpg","width":1920,"height":1280},{"@type":"BreadcrumbList","@id":"https:\/\/diariofemenino.com.ar\/df\/hotel-gondolin-la-casa-de-las-travestis-y-trans\/#breadcrumb","itemListElement":[{"@type":"ListItem","position":1,"name":"Portada","item":"https:\/\/diariofemenino.com.ar\/df\/"},{"@type":"ListItem","position":2,"name":"Hotel Gondol\u00edn, la casa de las travestis y trans"}]},{"@type":"WebSite","@id":"https:\/\/diariofemenino.com.ar\/df\/#website","url":"https:\/\/diariofemenino.com.ar\/df\/","name":"Diario Digital Femenino","description":"Cuesti\u00f3n de G\u00e9nero","publisher":{"@id":"https:\/\/diariofemenino.com.ar\/df\/#organization"},"potentialAction":[{"@type":"SearchAction","target":{"@type":"EntryPoint","urlTemplate":"https:\/\/diariofemenino.com.ar\/df\/?s={search_term_string}"},"query-input":{"@type":"PropertyValueSpecification","valueRequired":true,"valueName":"search_term_string"}}],"inLanguage":"es"},{"@type":"Organization","@id":"https:\/\/diariofemenino.com.ar\/df\/#organization","name":"Diario Femenino","url":"https:\/\/diariofemenino.com.ar\/df\/","logo":{"@type":"ImageObject","inLanguage":"es","@id":"https:\/\/diariofemenino.com.ar\/df\/#\/schema\/logo\/image\/","url":"https:\/\/diariofemenino.com.ar\/df\/wp-content\/uploads\/2018\/10\/logo.png","contentUrl":"https:\/\/diariofemenino.com.ar\/df\/wp-content\/uploads\/2018\/10\/logo.png","width":500,"height":92,"caption":"Diario Femenino"},"image":{"@id":"https:\/\/diariofemenino.com.ar\/df\/#\/schema\/logo\/image\/"},"sameAs":["https:\/\/www.facebook.com\/DiarioDigitaFemenino\/","https:\/\/x.com\/DiarioFemenino1"]},{"@type":"Person","@id":"https:\/\/diariofemenino.com.ar\/df\/#\/schema\/person\/1c36bc3bf394d8ec320814298b4fdd3f","name":"Admin","image":{"@type":"ImageObject","inLanguage":"es","@id":"https:\/\/diariofemenino.com.ar\/df\/wp-content\/uploads\/2018\/12\/favicon-150x150.jpg","url":"https:\/\/diariofemenino.com.ar\/df\/wp-content\/uploads\/2018\/12\/favicon-150x150.jpg","contentUrl":"https:\/\/diariofemenino.com.ar\/df\/wp-content\/uploads\/2018\/12\/favicon-150x150.jpg","caption":"Admin"},"url":"https:\/\/diariofemenino.com.ar\/df\/author\/sofiperez\/"}]}},"jetpack_featured_media_url":"https:\/\/diariofemenino.com.ar\/df\/wp-content\/uploads\/2019\/06\/portadaa.jpg","jetpack_sharing_enabled":true,"rttpg_featured_image_url":{"full":["https:\/\/diariofemenino.com.ar\/df\/wp-content\/uploads\/2019\/06\/portadaa.jpg",1920,1280,false],"landscape":["https:\/\/diariofemenino.com.ar\/df\/wp-content\/uploads\/2019\/06\/portadaa.jpg",1920,1280,false],"portraits":["https:\/\/diariofemenino.com.ar\/df\/wp-content\/uploads\/2019\/06\/portadaa.jpg",1920,1280,false],"thumbnail":["https:\/\/diariofemenino.com.ar\/df\/wp-content\/uploads\/2019\/06\/portadaa-150x150.jpg",150,150,true],"medium":["https:\/\/diariofemenino.com.ar\/df\/wp-content\/uploads\/2019\/06\/portadaa-300x200.jpg",300,200,true],"large":["https:\/\/diariofemenino.com.ar\/df\/wp-content\/uploads\/2019\/06\/portadaa-1024x683.jpg",1024,683,true],"1536x1536":["https:\/\/diariofemenino.com.ar\/df\/wp-content\/uploads\/2019\/06\/portadaa.jpg",1536,1024,false],"2048x2048":["https:\/\/diariofemenino.com.ar\/df\/wp-content\/uploads\/2019\/06\/portadaa.jpg",1920,1280,false]},"rttpg_author":{"display_name":"Admin","author_link":"https:\/\/diariofemenino.com.ar\/df\/author\/sofiperez\/"},"rttpg_comment":0,"rttpg_category":"<a href=\"https:\/\/diariofemenino.com.ar\/df\/category\/violencias\/\" rel=\"category tag\">Violencias<\/a>","rttpg_excerpt":"Hotel Gondol\u00edn, la casa de las travestis y trans En Villa Crespo hay un hotel que se convirti\u00f3 en la cuna de las travestis y trans, no es una construcci\u00f3n destinada a la explotaci\u00f3n comercial. Es un espacio que actualmente hospeda a\u00a0m\u00e1s de 40 travestis y trans que llegan de distintos puntos del pa\u00eds, obligadas&hellip;","_links":{"self":[{"href":"https:\/\/diariofemenino.com.ar\/df\/wp-json\/wp\/v2\/posts\/36942","targetHints":{"allow":["GET"]}}],"collection":[{"href":"https:\/\/diariofemenino.com.ar\/df\/wp-json\/wp\/v2\/posts"}],"about":[{"href":"https:\/\/diariofemenino.com.ar\/df\/wp-json\/wp\/v2\/types\/post"}],"author":[{"embeddable":true,"href":"https:\/\/diariofemenino.com.ar\/df\/wp-json\/wp\/v2\/users\/3"}],"replies":[{"embeddable":true,"href":"https:\/\/diariofemenino.com.ar\/df\/wp-json\/wp\/v2\/comments?post=36942"}],"version-history":[{"count":0,"href":"https:\/\/diariofemenino.com.ar\/df\/wp-json\/wp\/v2\/posts\/36942\/revisions"}],"wp:featuredmedia":[{"embeddable":true,"href":"https:\/\/diariofemenino.com.ar\/df\/wp-json\/wp\/v2\/media\/36952"}],"wp:attachment":[{"href":"https:\/\/diariofemenino.com.ar\/df\/wp-json\/wp\/v2\/media?parent=36942"}],"wp:term":[{"taxonomy":"category","embeddable":true,"href":"https:\/\/diariofemenino.com.ar\/df\/wp-json\/wp\/v2\/categories?post=36942"},{"taxonomy":"post_tag","embeddable":true,"href":"https:\/\/diariofemenino.com.ar\/df\/wp-json\/wp\/v2\/tags?post=36942"}],"curies":[{"name":"wp","href":"https:\/\/api.w.org\/{rel}","templated":true}]}}