{"id":36935,"date":"2019-06-14T15:56:46","date_gmt":"2019-06-14T18:56:46","guid":{"rendered":"https:\/\/diariofemenino.com.ar\/?p=36935"},"modified":"2019-06-14T15:56:46","modified_gmt":"2019-06-14T18:56:46","slug":"las-mujeres-de-suiza-toman-las-calles-para-exigir-igualdad-y-respeto","status":"publish","type":"post","link":"https:\/\/diariofemenino.com.ar\/df\/las-mujeres-de-suiza-toman-las-calles-para-exigir-igualdad-y-respeto\/","title":{"rendered":"Las mujeres de Suiza toman las calles para exigir igualdad y respeto"},"content":{"rendered":"<header class=\"story-leaf-header row header-structure \">\n<h2 class=\"story-leaf-title col-xs-12 col-md-10\" style=\"text-align: center;\">Las mujeres de Suiza toman las calles para exigir igualdad y respeto<\/h2>\n<\/header>\n<div class=\"header-structure\">\n<div class=\"row\">\n<h4 class=\"story-leaf-subtitle-item col-md-10\">En Suiza los hombres ganan como media un 12 % m\u00e1s que las mujeres.<\/h4>\n<p>La imparable lucha de las mujeres por una igualdad real, efectiva e inmediata en todos los \u00e1mbitos de la vida est\u00e1 tomando las calles de todo el mundo. Este viernes, las mujeres de toda Suiza han ejercido su derecho a huelga para exigir paridad salarial, casi 30 a\u00f1os despu\u00e9s del \u00faltimo paro en el que se pidi\u00f3 lo mismo pero poco se ha avanzado.<\/p>\n<p>El 14 de junio de 1991, 10 a\u00f1os despu\u00e9s de que la igualdad entre los sexos se consagrara en la constituci\u00f3n suiza, medio mill\u00f3n de mujeres abandonaron sus lugares de trabajo o sus hogares para protestar por las persistentes desigualdades.<\/p>\n<p>Los organizadores de la huelga de esta ocasi\u00f3n se\u00f1alan que las cosas apenas han mejorado, e insisten en que las mujeres deben exigir \u201cm\u00e1s tiempo, m\u00e1s dinero y m\u00e1s respeto\u201d.<\/p>\n<p>En promedio, las mujeres en Suiza todav\u00eda ganan un 20% menos que los hombres. Para hombres y mujeres con igual calificaci\u00f3n, la brecha salarial sigue siendo de casi el 8%, seg\u00fan la oficina nacional de estad\u00edsticas.<\/p>\n<p><img loading=\"lazy\" decoding=\"async\" class=\"alignnone wp-image-36936 size-full\" src=\"https:\/\/diariofemenino.com.ar\/df\/wp-content\/uploads\/2019\/06\/20190614-636961036276147610_20190614101007268-kKRG-656x437@LaVanguardia-Web.jpg\" alt=\"Las mujeres de Suiza toman las calles para exigir igualdad y respeto\" width=\"656\" height=\"437\" srcset=\"https:\/\/diariofemenino.com.ar\/df\/wp-content\/uploads\/2019\/06\/20190614-636961036276147610_20190614101007268-kKRG-656x437@LaVanguardia-Web.jpg 656w, https:\/\/diariofemenino.com.ar\/df\/wp-content\/uploads\/2019\/06\/20190614-636961036276147610_20190614101007268-kKRG-656x437@LaVanguardia-Web-300x200.jpg 300w\" sizes=\"auto, (max-width: 656px) 100vw, 656px\" \/><\/p>\n<p>En total, son cuatro millones las suizas que est\u00e1n llamadas a la huelga para poner en entredicho la supuesta prosperidad y modernidad de un pa\u00eds acechado por la brecha salarial, el acoso laboral y la violencia de g\u00e9nero y al que le falta mucho para ser igualitario.<\/p>\n<p>En Suiza los hombres ganan como media un 12 % m\u00e1s que las mujeres y en puestos de mayor responsabilidad ese porcentaje aumenta al 18,5 %, seg\u00fan la Organizaci\u00f3n Internacional del Trabajo (OIT).<\/p>\n<p>El 60 % de los trabajos no remunerados (limpieza o cuidado de ni\u00f1os y ancianos) recae en las mujeres, en un pa\u00eds donde el n\u00famero de guarder\u00edas es insuficiente frente a la demanda y los ni\u00f1os hasta los ocho a\u00f1os no van a la escuela los mi\u00e9rcoles (s\u00f3lo acuden cuatro d\u00edas por semana).<\/p>\n<p>A partir de los nueve a\u00f1os y hasta el fin de la escolaridad obligatoria, los mi\u00e9rcoles los ni\u00f1os s\u00f3lo tienen escuela por la ma\u00f1ana, lo que obliga a muchas madres a aparcar sus carreras un tiempo m\u00e1s prolongado que en otros pa\u00edses europeos.<\/p>\n<p>En cifras, ante la llegada de un hijo el 11,4 % de padres trabaja a tiempo parcial, frente al 80,6 % de madres, denuncia el diario suizo Le Temps.<\/p>\n<p><img loading=\"lazy\" decoding=\"async\" class=\"alignnone wp-image-36937 size-full\" src=\"https:\/\/diariofemenino.com.ar\/df\/wp-content\/uploads\/2019\/06\/20190614-636961061979133352_20190614105205813-kKRG-656x437@LaVanguardia-Web.jpg\" alt=\"Las mujeres de Suiza toman las calles para exigir igualdad y respeto\" width=\"656\" height=\"437\" srcset=\"https:\/\/diariofemenino.com.ar\/df\/wp-content\/uploads\/2019\/06\/20190614-636961061979133352_20190614105205813-kKRG-656x437@LaVanguardia-Web.jpg 656w, https:\/\/diariofemenino.com.ar\/df\/wp-content\/uploads\/2019\/06\/20190614-636961061979133352_20190614105205813-kKRG-656x437@LaVanguardia-Web-300x200.jpg 300w\" sizes=\"auto, (max-width: 656px) 100vw, 656px\" \/><\/p>\n<p>Esta situaci\u00f3n durante la vida laboral repercute a la edad de la jubilaci\u00f3n, por lo que actualmente a las mujeres s\u00f3lo les corresponde una tercera parte de los fondos de pensiones.<\/p>\n<p>Aunque el Gobierno federal suizo afirma buscar la paridad, la participaci\u00f3n de las mujeres en puestos pol\u00edticos es del 28,9 %.<\/p>\n<p>La huelga tambi\u00e9n reivindica el respeto a la mujer, en un pa\u00eds donde, seg\u00fan Amnist\u00eda Internacional, una fallece a manos de su pareja o expareja cada dos semanas, y una de cada cinco dice haber sufrido comentarios sexistas, acoso y otros tipos de violencia machista.<\/p>\n<p><img loading=\"lazy\" decoding=\"async\" class=\"alignnone wp-image-36938 size-full\" src=\"https:\/\/diariofemenino.com.ar\/df\/wp-content\/uploads\/2019\/06\/20190614-636961001538605353_20190614091044720-kKRG-656x437@LaVanguardia-Web.jpg\" alt=\"Las mujeres de Suiza toman las calles para exigir igualdad y respeto\" width=\"656\" height=\"437\" srcset=\"https:\/\/diariofemenino.com.ar\/df\/wp-content\/uploads\/2019\/06\/20190614-636961001538605353_20190614091044720-kKRG-656x437@LaVanguardia-Web.jpg 656w, https:\/\/diariofemenino.com.ar\/df\/wp-content\/uploads\/2019\/06\/20190614-636961001538605353_20190614091044720-kKRG-656x437@LaVanguardia-Web-300x200.jpg 300w\" sizes=\"auto, (max-width: 656px) 100vw, 656px\" \/><\/p>\n<p>Otras injusticias que quiere recordar el paro de hoy son hechos como que una de cada siete mujeres en Suiza pierde su trabajo tras regresar de una licencia de maternidad o que el c\u00f3digo penal \u00fanicamente reconoce como violaci\u00f3n aquella violencia sexual en la que hay penetraci\u00f3n, dejando de lado otros tipos de agresiones.<\/p>\n<\/div>\n<\/div>\n<p>&nbsp;<\/p>\n<p>Fuente: <a href=\"https:\/\/www.lavanguardia.com\/internacional\/20190614\/462861105077\/manifestacion-feminista-mujeres-suiza.html\">La Vanguardia<\/a><\/p>\n","protected":false},"excerpt":{"rendered":"<p>Las mujeres de Suiza toman las calles para exigir igualdad y respeto En Suiza los hombres ganan como media un 12 % m\u00e1s que las mujeres. La imparable lucha de las mujeres por una igualdad real, efectiva e inmediata en todos los \u00e1mbitos de la vida est\u00e1 tomando las calles de todo el mundo. Este [&hellip;]<\/p>\n","protected":false},"author":3,"featured_media":36940,"comment_status":"open","ping_status":"open","sticky":false,"template":"","format":"standard","meta":{"iawp_total_views":11,"footnotes":""},"categories":[21],"tags":[25,69,34,1422,1423],"class_list":["post-36935","post","type-post","status-publish","format-standard","has-post-thumbnail","hentry","category-noticias","tag-activismo","tag-igualdad-de-genero","tag-machismo","tag-mujeres-en-lucha","tag-suiza"],"nelio_content":{"autoShareEndMode":"never","automationSources":{"useCustomSentences":false,"customSentences":[]},"efiAlt":"","efiUrl":"","followers":[3],"highlights":[],"isAutoShareEnabled":true,"networkImageIds":[],"permalinkQueryArgs":[],"series":[],"suggestedReferences":[]},"yoast_head":"<!-- This site is optimized with the Yoast SEO plugin v27.5 - https:\/\/yoast.com\/product\/yoast-seo-wordpress\/ -->\n<title>Las mujeres de Suiza toman las calles para exigir igualdad y respeto - Diario Digital Femenino<\/title>\n<meta name=\"description\" content=\"Las mujeres de Suiza toman las calles para exigir igualdad y respetoEn Suiza los hombres ganan como media un 12 % m\u00e1s que las mujeres.\" \/>\n<meta name=\"robots\" content=\"index, follow, max-snippet:-1, max-image-preview:large, max-video-preview:-1\" \/>\n<link rel=\"canonical\" href=\"https:\/\/diariofemenino.com.ar\/df\/las-mujeres-de-suiza-toman-las-calles-para-exigir-igualdad-y-respeto\/\" \/>\n<meta property=\"og:locale\" content=\"es_ES\" \/>\n<meta property=\"og:type\" content=\"article\" \/>\n<meta property=\"og:title\" content=\"Las mujeres de Suiza toman las calles para exigir igualdad y respeto - Diario Digital Femenino\" \/>\n<meta property=\"og:description\" content=\"Las mujeres de Suiza toman las calles para exigir igualdad y respetoEn Suiza los hombres ganan como media un 12 % m\u00e1s que las mujeres.\" \/>\n<meta property=\"og:url\" content=\"https:\/\/diariofemenino.com.ar\/df\/las-mujeres-de-suiza-toman-las-calles-para-exigir-igualdad-y-respeto\/\" \/>\n<meta property=\"og:site_name\" content=\"Diario Digital Femenino\" \/>\n<meta property=\"article:publisher\" content=\"https:\/\/www.facebook.com\/DiarioDigitaFemenino\/\" \/>\n<meta property=\"article:published_time\" content=\"2019-06-14T18:56:46+00:00\" \/>\n<meta property=\"og:image\" content=\"https:\/\/diariofemenino.com.ar\/df\/wp-content\/uploads\/2019\/06\/20190614-636961080508980466_20190614112438468-281-kKRG-U462861105077oF-992x558@LaVanguardia-Web-1.jpg\" \/>\n\t<meta property=\"og:image:width\" content=\"992\" \/>\n\t<meta property=\"og:image:height\" content=\"558\" \/>\n\t<meta property=\"og:image:type\" content=\"image\/jpeg\" \/>\n<meta name=\"author\" content=\"Admin\" \/>\n<meta name=\"twitter:card\" content=\"summary_large_image\" \/>\n<meta name=\"twitter:creator\" content=\"@DiarioFemenino1\" \/>\n<meta name=\"twitter:site\" content=\"@DiarioFemenino1\" \/>\n<meta name=\"twitter:label1\" content=\"Escrito por\" \/>\n\t<meta name=\"twitter:data1\" content=\"Admin\" \/>\n\t<meta name=\"twitter:label2\" content=\"Tiempo de lectura\" \/>\n\t<meta name=\"twitter:data2\" content=\"3 minutos\" \/>\n<script type=\"application\/ld+json\" class=\"yoast-schema-graph\">{\"@context\":\"https:\\\/\\\/schema.org\",\"@graph\":[{\"@type\":\"Article\",\"@id\":\"https:\\\/\\\/diariofemenino.com.ar\\\/df\\\/las-mujeres-de-suiza-toman-las-calles-para-exigir-igualdad-y-respeto\\\/#article\",\"isPartOf\":{\"@id\":\"https:\\\/\\\/diariofemenino.com.ar\\\/df\\\/las-mujeres-de-suiza-toman-las-calles-para-exigir-igualdad-y-respeto\\\/\"},\"author\":{\"name\":\"Admin\",\"@id\":\"https:\\\/\\\/diariofemenino.com.ar\\\/df\\\/#\\\/schema\\\/person\\\/1c36bc3bf394d8ec320814298b4fdd3f\"},\"headline\":\"Las mujeres de Suiza toman las calles para exigir igualdad y respeto\",\"datePublished\":\"2019-06-14T18:56:46+00:00\",\"mainEntityOfPage\":{\"@id\":\"https:\\\/\\\/diariofemenino.com.ar\\\/df\\\/las-mujeres-de-suiza-toman-las-calles-para-exigir-igualdad-y-respeto\\\/\"},\"wordCount\":598,\"commentCount\":0,\"publisher\":{\"@id\":\"https:\\\/\\\/diariofemenino.com.ar\\\/df\\\/#organization\"},\"image\":{\"@id\":\"https:\\\/\\\/diariofemenino.com.ar\\\/df\\\/las-mujeres-de-suiza-toman-las-calles-para-exigir-igualdad-y-respeto\\\/#primaryimage\"},\"thumbnailUrl\":\"https:\\\/\\\/diariofemenino.com.ar\\\/df\\\/wp-content\\\/uploads\\\/2019\\\/06\\\/20190614-636961080508980466_20190614112438468-281-kKRG-U462861105077oF-992x558@LaVanguardia-Web-1.jpg\",\"keywords\":[\"Activismo\",\"Igualdad de G\u00e9nero\",\"Machismo\",\"mujeres en lucha\",\"suiza\"],\"articleSection\":[\"Noticias\"],\"inLanguage\":\"es\",\"potentialAction\":[{\"@type\":\"CommentAction\",\"name\":\"Comment\",\"target\":[\"https:\\\/\\\/diariofemenino.com.ar\\\/df\\\/las-mujeres-de-suiza-toman-las-calles-para-exigir-igualdad-y-respeto\\\/#respond\"]}]},{\"@type\":\"WebPage\",\"@id\":\"https:\\\/\\\/diariofemenino.com.ar\\\/df\\\/las-mujeres-de-suiza-toman-las-calles-para-exigir-igualdad-y-respeto\\\/\",\"url\":\"https:\\\/\\\/diariofemenino.com.ar\\\/df\\\/las-mujeres-de-suiza-toman-las-calles-para-exigir-igualdad-y-respeto\\\/\",\"name\":\"Las mujeres de Suiza toman las calles para exigir igualdad y respeto - Diario Digital Femenino\",\"isPartOf\":{\"@id\":\"https:\\\/\\\/diariofemenino.com.ar\\\/df\\\/#website\"},\"primaryImageOfPage\":{\"@id\":\"https:\\\/\\\/diariofemenino.com.ar\\\/df\\\/las-mujeres-de-suiza-toman-las-calles-para-exigir-igualdad-y-respeto\\\/#primaryimage\"},\"image\":{\"@id\":\"https:\\\/\\\/diariofemenino.com.ar\\\/df\\\/las-mujeres-de-suiza-toman-las-calles-para-exigir-igualdad-y-respeto\\\/#primaryimage\"},\"thumbnailUrl\":\"https:\\\/\\\/diariofemenino.com.ar\\\/df\\\/wp-content\\\/uploads\\\/2019\\\/06\\\/20190614-636961080508980466_20190614112438468-281-kKRG-U462861105077oF-992x558@LaVanguardia-Web-1.jpg\",\"datePublished\":\"2019-06-14T18:56:46+00:00\",\"description\":\"Las mujeres de Suiza toman las calles para exigir igualdad y respetoEn Suiza los hombres ganan como media un 12 % m\u00e1s que las mujeres.\",\"breadcrumb\":{\"@id\":\"https:\\\/\\\/diariofemenino.com.ar\\\/df\\\/las-mujeres-de-suiza-toman-las-calles-para-exigir-igualdad-y-respeto\\\/#breadcrumb\"},\"inLanguage\":\"es\",\"potentialAction\":[{\"@type\":\"ReadAction\",\"target\":[\"https:\\\/\\\/diariofemenino.com.ar\\\/df\\\/las-mujeres-de-suiza-toman-las-calles-para-exigir-igualdad-y-respeto\\\/\"]}]},{\"@type\":\"ImageObject\",\"inLanguage\":\"es\",\"@id\":\"https:\\\/\\\/diariofemenino.com.ar\\\/df\\\/las-mujeres-de-suiza-toman-las-calles-para-exigir-igualdad-y-respeto\\\/#primaryimage\",\"url\":\"https:\\\/\\\/diariofemenino.com.ar\\\/df\\\/wp-content\\\/uploads\\\/2019\\\/06\\\/20190614-636961080508980466_20190614112438468-281-kKRG-U462861105077oF-992x558@LaVanguardia-Web-1.jpg\",\"contentUrl\":\"https:\\\/\\\/diariofemenino.com.ar\\\/df\\\/wp-content\\\/uploads\\\/2019\\\/06\\\/20190614-636961080508980466_20190614112438468-281-kKRG-U462861105077oF-992x558@LaVanguardia-Web-1.jpg\",\"width\":992,\"height\":558},{\"@type\":\"BreadcrumbList\",\"@id\":\"https:\\\/\\\/diariofemenino.com.ar\\\/df\\\/las-mujeres-de-suiza-toman-las-calles-para-exigir-igualdad-y-respeto\\\/#breadcrumb\",\"itemListElement\":[{\"@type\":\"ListItem\",\"position\":1,\"name\":\"Portada\",\"item\":\"https:\\\/\\\/diariofemenino.com.ar\\\/df\\\/\"},{\"@type\":\"ListItem\",\"position\":2,\"name\":\"Las mujeres de Suiza toman las calles para exigir igualdad y respeto\"}]},{\"@type\":\"WebSite\",\"@id\":\"https:\\\/\\\/diariofemenino.com.ar\\\/df\\\/#website\",\"url\":\"https:\\\/\\\/diariofemenino.com.ar\\\/df\\\/\",\"name\":\"Diario Digital Femenino\",\"description\":\"Cuesti\u00f3n de G\u00e9nero\",\"publisher\":{\"@id\":\"https:\\\/\\\/diariofemenino.com.ar\\\/df\\\/#organization\"},\"potentialAction\":[{\"@type\":\"SearchAction\",\"target\":{\"@type\":\"EntryPoint\",\"urlTemplate\":\"https:\\\/\\\/diariofemenino.com.ar\\\/df\\\/?s={search_term_string}\"},\"query-input\":{\"@type\":\"PropertyValueSpecification\",\"valueRequired\":true,\"valueName\":\"search_term_string\"}}],\"inLanguage\":\"es\"},{\"@type\":\"Organization\",\"@id\":\"https:\\\/\\\/diariofemenino.com.ar\\\/df\\\/#organization\",\"name\":\"Diario Femenino\",\"url\":\"https:\\\/\\\/diariofemenino.com.ar\\\/df\\\/\",\"logo\":{\"@type\":\"ImageObject\",\"inLanguage\":\"es\",\"@id\":\"https:\\\/\\\/diariofemenino.com.ar\\\/df\\\/#\\\/schema\\\/logo\\\/image\\\/\",\"url\":\"https:\\\/\\\/diariofemenino.com.ar\\\/df\\\/wp-content\\\/uploads\\\/2018\\\/10\\\/logo.png\",\"contentUrl\":\"https:\\\/\\\/diariofemenino.com.ar\\\/df\\\/wp-content\\\/uploads\\\/2018\\\/10\\\/logo.png\",\"width\":500,\"height\":92,\"caption\":\"Diario Femenino\"},\"image\":{\"@id\":\"https:\\\/\\\/diariofemenino.com.ar\\\/df\\\/#\\\/schema\\\/logo\\\/image\\\/\"},\"sameAs\":[\"https:\\\/\\\/www.facebook.com\\\/DiarioDigitaFemenino\\\/\",\"https:\\\/\\\/x.com\\\/DiarioFemenino1\"]},{\"@type\":\"Person\",\"@id\":\"https:\\\/\\\/diariofemenino.com.ar\\\/df\\\/#\\\/schema\\\/person\\\/1c36bc3bf394d8ec320814298b4fdd3f\",\"name\":\"Admin\",\"image\":{\"@type\":\"ImageObject\",\"inLanguage\":\"es\",\"@id\":\"https:\\\/\\\/diariofemenino.com.ar\\\/df\\\/wp-content\\\/uploads\\\/2018\\\/12\\\/favicon-150x150.jpg\",\"url\":\"https:\\\/\\\/diariofemenino.com.ar\\\/df\\\/wp-content\\\/uploads\\\/2018\\\/12\\\/favicon-150x150.jpg\",\"contentUrl\":\"https:\\\/\\\/diariofemenino.com.ar\\\/df\\\/wp-content\\\/uploads\\\/2018\\\/12\\\/favicon-150x150.jpg\",\"caption\":\"Admin\"},\"url\":\"https:\\\/\\\/diariofemenino.com.ar\\\/df\\\/author\\\/sofiperez\\\/\"}]}<\/script>\n<!-- \/ Yoast SEO plugin. -->","yoast_head_json":{"title":"Las mujeres de Suiza toman las calles para exigir igualdad y respeto - Diario Digital Femenino","description":"Las mujeres de Suiza toman las calles para exigir igualdad y respetoEn Suiza los hombres ganan como media un 12 % m\u00e1s que las mujeres.","robots":{"index":"index","follow":"follow","max-snippet":"max-snippet:-1","max-image-preview":"max-image-preview:large","max-video-preview":"max-video-preview:-1"},"canonical":"https:\/\/diariofemenino.com.ar\/df\/las-mujeres-de-suiza-toman-las-calles-para-exigir-igualdad-y-respeto\/","og_locale":"es_ES","og_type":"article","og_title":"Las mujeres de Suiza toman las calles para exigir igualdad y respeto - Diario Digital Femenino","og_description":"Las mujeres de Suiza toman las calles para exigir igualdad y respetoEn Suiza los hombres ganan como media un 12 % m\u00e1s que las mujeres.","og_url":"https:\/\/diariofemenino.com.ar\/df\/las-mujeres-de-suiza-toman-las-calles-para-exigir-igualdad-y-respeto\/","og_site_name":"Diario Digital Femenino","article_publisher":"https:\/\/www.facebook.com\/DiarioDigitaFemenino\/","article_published_time":"2019-06-14T18:56:46+00:00","og_image":[{"width":992,"height":558,"url":"https:\/\/diariofemenino.com.ar\/df\/wp-content\/uploads\/2019\/06\/20190614-636961080508980466_20190614112438468-281-kKRG-U462861105077oF-992x558@LaVanguardia-Web-1.jpg","type":"image\/jpeg"}],"author":"Admin","twitter_card":"summary_large_image","twitter_creator":"@DiarioFemenino1","twitter_site":"@DiarioFemenino1","twitter_misc":{"Escrito por":"Admin","Tiempo de lectura":"3 minutos"},"schema":{"@context":"https:\/\/schema.org","@graph":[{"@type":"Article","@id":"https:\/\/diariofemenino.com.ar\/df\/las-mujeres-de-suiza-toman-las-calles-para-exigir-igualdad-y-respeto\/#article","isPartOf":{"@id":"https:\/\/diariofemenino.com.ar\/df\/las-mujeres-de-suiza-toman-las-calles-para-exigir-igualdad-y-respeto\/"},"author":{"name":"Admin","@id":"https:\/\/diariofemenino.com.ar\/df\/#\/schema\/person\/1c36bc3bf394d8ec320814298b4fdd3f"},"headline":"Las mujeres de Suiza toman las calles para exigir igualdad y respeto","datePublished":"2019-06-14T18:56:46+00:00","mainEntityOfPage":{"@id":"https:\/\/diariofemenino.com.ar\/df\/las-mujeres-de-suiza-toman-las-calles-para-exigir-igualdad-y-respeto\/"},"wordCount":598,"commentCount":0,"publisher":{"@id":"https:\/\/diariofemenino.com.ar\/df\/#organization"},"image":{"@id":"https:\/\/diariofemenino.com.ar\/df\/las-mujeres-de-suiza-toman-las-calles-para-exigir-igualdad-y-respeto\/#primaryimage"},"thumbnailUrl":"https:\/\/diariofemenino.com.ar\/df\/wp-content\/uploads\/2019\/06\/20190614-636961080508980466_20190614112438468-281-kKRG-U462861105077oF-992x558@LaVanguardia-Web-1.jpg","keywords":["Activismo","Igualdad de G\u00e9nero","Machismo","mujeres en lucha","suiza"],"articleSection":["Noticias"],"inLanguage":"es","potentialAction":[{"@type":"CommentAction","name":"Comment","target":["https:\/\/diariofemenino.com.ar\/df\/las-mujeres-de-suiza-toman-las-calles-para-exigir-igualdad-y-respeto\/#respond"]}]},{"@type":"WebPage","@id":"https:\/\/diariofemenino.com.ar\/df\/las-mujeres-de-suiza-toman-las-calles-para-exigir-igualdad-y-respeto\/","url":"https:\/\/diariofemenino.com.ar\/df\/las-mujeres-de-suiza-toman-las-calles-para-exigir-igualdad-y-respeto\/","name":"Las mujeres de Suiza toman las calles para exigir igualdad y respeto - Diario Digital Femenino","isPartOf":{"@id":"https:\/\/diariofemenino.com.ar\/df\/#website"},"primaryImageOfPage":{"@id":"https:\/\/diariofemenino.com.ar\/df\/las-mujeres-de-suiza-toman-las-calles-para-exigir-igualdad-y-respeto\/#primaryimage"},"image":{"@id":"https:\/\/diariofemenino.com.ar\/df\/las-mujeres-de-suiza-toman-las-calles-para-exigir-igualdad-y-respeto\/#primaryimage"},"thumbnailUrl":"https:\/\/diariofemenino.com.ar\/df\/wp-content\/uploads\/2019\/06\/20190614-636961080508980466_20190614112438468-281-kKRG-U462861105077oF-992x558@LaVanguardia-Web-1.jpg","datePublished":"2019-06-14T18:56:46+00:00","description":"Las mujeres de Suiza toman las calles para exigir igualdad y respetoEn Suiza los hombres ganan como media un 12 % m\u00e1s que las mujeres.","breadcrumb":{"@id":"https:\/\/diariofemenino.com.ar\/df\/las-mujeres-de-suiza-toman-las-calles-para-exigir-igualdad-y-respeto\/#breadcrumb"},"inLanguage":"es","potentialAction":[{"@type":"ReadAction","target":["https:\/\/diariofemenino.com.ar\/df\/las-mujeres-de-suiza-toman-las-calles-para-exigir-igualdad-y-respeto\/"]}]},{"@type":"ImageObject","inLanguage":"es","@id":"https:\/\/diariofemenino.com.ar\/df\/las-mujeres-de-suiza-toman-las-calles-para-exigir-igualdad-y-respeto\/#primaryimage","url":"https:\/\/diariofemenino.com.ar\/df\/wp-content\/uploads\/2019\/06\/20190614-636961080508980466_20190614112438468-281-kKRG-U462861105077oF-992x558@LaVanguardia-Web-1.jpg","contentUrl":"https:\/\/diariofemenino.com.ar\/df\/wp-content\/uploads\/2019\/06\/20190614-636961080508980466_20190614112438468-281-kKRG-U462861105077oF-992x558@LaVanguardia-Web-1.jpg","width":992,"height":558},{"@type":"BreadcrumbList","@id":"https:\/\/diariofemenino.com.ar\/df\/las-mujeres-de-suiza-toman-las-calles-para-exigir-igualdad-y-respeto\/#breadcrumb","itemListElement":[{"@type":"ListItem","position":1,"name":"Portada","item":"https:\/\/diariofemenino.com.ar\/df\/"},{"@type":"ListItem","position":2,"name":"Las mujeres de Suiza toman las calles para exigir igualdad y respeto"}]},{"@type":"WebSite","@id":"https:\/\/diariofemenino.com.ar\/df\/#website","url":"https:\/\/diariofemenino.com.ar\/df\/","name":"Diario Digital Femenino","description":"Cuesti\u00f3n de G\u00e9nero","publisher":{"@id":"https:\/\/diariofemenino.com.ar\/df\/#organization"},"potentialAction":[{"@type":"SearchAction","target":{"@type":"EntryPoint","urlTemplate":"https:\/\/diariofemenino.com.ar\/df\/?s={search_term_string}"},"query-input":{"@type":"PropertyValueSpecification","valueRequired":true,"valueName":"search_term_string"}}],"inLanguage":"es"},{"@type":"Organization","@id":"https:\/\/diariofemenino.com.ar\/df\/#organization","name":"Diario Femenino","url":"https:\/\/diariofemenino.com.ar\/df\/","logo":{"@type":"ImageObject","inLanguage":"es","@id":"https:\/\/diariofemenino.com.ar\/df\/#\/schema\/logo\/image\/","url":"https:\/\/diariofemenino.com.ar\/df\/wp-content\/uploads\/2018\/10\/logo.png","contentUrl":"https:\/\/diariofemenino.com.ar\/df\/wp-content\/uploads\/2018\/10\/logo.png","width":500,"height":92,"caption":"Diario Femenino"},"image":{"@id":"https:\/\/diariofemenino.com.ar\/df\/#\/schema\/logo\/image\/"},"sameAs":["https:\/\/www.facebook.com\/DiarioDigitaFemenino\/","https:\/\/x.com\/DiarioFemenino1"]},{"@type":"Person","@id":"https:\/\/diariofemenino.com.ar\/df\/#\/schema\/person\/1c36bc3bf394d8ec320814298b4fdd3f","name":"Admin","image":{"@type":"ImageObject","inLanguage":"es","@id":"https:\/\/diariofemenino.com.ar\/df\/wp-content\/uploads\/2018\/12\/favicon-150x150.jpg","url":"https:\/\/diariofemenino.com.ar\/df\/wp-content\/uploads\/2018\/12\/favicon-150x150.jpg","contentUrl":"https:\/\/diariofemenino.com.ar\/df\/wp-content\/uploads\/2018\/12\/favicon-150x150.jpg","caption":"Admin"},"url":"https:\/\/diariofemenino.com.ar\/df\/author\/sofiperez\/"}]}},"jetpack_featured_media_url":"https:\/\/diariofemenino.com.ar\/df\/wp-content\/uploads\/2019\/06\/20190614-636961080508980466_20190614112438468-281-kKRG-U462861105077oF-992x558@LaVanguardia-Web-1.jpg","jetpack_sharing_enabled":true,"rttpg_featured_image_url":{"full":["https:\/\/diariofemenino.com.ar\/df\/wp-content\/uploads\/2019\/06\/20190614-636961080508980466_20190614112438468-281-kKRG-U462861105077oF-992x558@LaVanguardia-Web-1.jpg",992,558,false],"landscape":["https:\/\/diariofemenino.com.ar\/df\/wp-content\/uploads\/2019\/06\/20190614-636961080508980466_20190614112438468-281-kKRG-U462861105077oF-992x558@LaVanguardia-Web-1.jpg",992,558,false],"portraits":["https:\/\/diariofemenino.com.ar\/df\/wp-content\/uploads\/2019\/06\/20190614-636961080508980466_20190614112438468-281-kKRG-U462861105077oF-992x558@LaVanguardia-Web-1.jpg",992,558,false],"thumbnail":["https:\/\/diariofemenino.com.ar\/df\/wp-content\/uploads\/2019\/06\/20190614-636961080508980466_20190614112438468-281-kKRG-U462861105077oF-992x558@LaVanguardia-Web-1-150x150.jpg",150,150,true],"medium":["https:\/\/diariofemenino.com.ar\/df\/wp-content\/uploads\/2019\/06\/20190614-636961080508980466_20190614112438468-281-kKRG-U462861105077oF-992x558@LaVanguardia-Web-1-300x169.jpg",300,169,true],"large":["https:\/\/diariofemenino.com.ar\/df\/wp-content\/uploads\/2019\/06\/20190614-636961080508980466_20190614112438468-281-kKRG-U462861105077oF-992x558@LaVanguardia-Web-1.jpg",992,558,false],"1536x1536":["https:\/\/diariofemenino.com.ar\/df\/wp-content\/uploads\/2019\/06\/20190614-636961080508980466_20190614112438468-281-kKRG-U462861105077oF-992x558@LaVanguardia-Web-1.jpg",992,558,false],"2048x2048":["https:\/\/diariofemenino.com.ar\/df\/wp-content\/uploads\/2019\/06\/20190614-636961080508980466_20190614112438468-281-kKRG-U462861105077oF-992x558@LaVanguardia-Web-1.jpg",992,558,false]},"rttpg_author":{"display_name":"Admin","author_link":"https:\/\/diariofemenino.com.ar\/df\/author\/sofiperez\/"},"rttpg_comment":0,"rttpg_category":"<a href=\"https:\/\/diariofemenino.com.ar\/df\/category\/noticias\/\" rel=\"category tag\">Noticias<\/a>","rttpg_excerpt":"Las mujeres de Suiza toman las calles para exigir igualdad y respeto En Suiza los hombres ganan como media un 12 % m\u00e1s que las mujeres. La imparable lucha de las mujeres por una igualdad real, efectiva e inmediata en todos los \u00e1mbitos de la vida est\u00e1 tomando las calles de todo el mundo. Este&hellip;","_links":{"self":[{"href":"https:\/\/diariofemenino.com.ar\/df\/wp-json\/wp\/v2\/posts\/36935","targetHints":{"allow":["GET"]}}],"collection":[{"href":"https:\/\/diariofemenino.com.ar\/df\/wp-json\/wp\/v2\/posts"}],"about":[{"href":"https:\/\/diariofemenino.com.ar\/df\/wp-json\/wp\/v2\/types\/post"}],"author":[{"embeddable":true,"href":"https:\/\/diariofemenino.com.ar\/df\/wp-json\/wp\/v2\/users\/3"}],"replies":[{"embeddable":true,"href":"https:\/\/diariofemenino.com.ar\/df\/wp-json\/wp\/v2\/comments?post=36935"}],"version-history":[{"count":0,"href":"https:\/\/diariofemenino.com.ar\/df\/wp-json\/wp\/v2\/posts\/36935\/revisions"}],"wp:featuredmedia":[{"embeddable":true,"href":"https:\/\/diariofemenino.com.ar\/df\/wp-json\/wp\/v2\/media\/36940"}],"wp:attachment":[{"href":"https:\/\/diariofemenino.com.ar\/df\/wp-json\/wp\/v2\/media?parent=36935"}],"wp:term":[{"taxonomy":"category","embeddable":true,"href":"https:\/\/diariofemenino.com.ar\/df\/wp-json\/wp\/v2\/categories?post=36935"},{"taxonomy":"post_tag","embeddable":true,"href":"https:\/\/diariofemenino.com.ar\/df\/wp-json\/wp\/v2\/tags?post=36935"}],"curies":[{"name":"wp","href":"https:\/\/api.w.org\/{rel}","templated":true}]}}