{"id":36839,"date":"2019-06-12T16:41:35","date_gmt":"2019-06-12T19:41:35","guid":{"rendered":"https:\/\/diariofemenino.com.ar\/?p=36839"},"modified":"2019-06-12T16:43:20","modified_gmt":"2019-06-12T19:43:20","slug":"liliana-hendel","status":"publish","type":"post","link":"https:\/\/diariofemenino.com.ar\/df\/liliana-hendel\/","title":{"rendered":"Liliana Hendel responde el correo de lectores sobre \u00bf\u00bbPadrectom\u00eda\u00bb?"},"content":{"rendered":"<p><strong>Liliana Hendel<\/strong>*, psic\u00f3loga, periodista y coordinadora de la Red Internacional de Periodistas con Visi\u00f3n de G\u00e9nero en Argentina, responde una carta enviada al Correo de lectores del Diario Perfil, denominada \u00abPadrectom\u00eda\u00bb<\/p>\n<p>La respuesta<\/p>\n<p><span style=\"font-size: large;\">Leo con estupor la palabra Padrectom\u00eda en el Correo de Lectores. Me pregunto cu\u00e1l es el criterio de selecci\u00f3n de lo que se publica.<\/span><\/p>\n<p><span style=\"font-size: large;\">La palabrita en cuesti\u00f3n se\u00f1ala un concepto ideol\u00f3gico patriarcal y mis\u00f3gino.<\/span><\/p>\n<p><span style=\"font-size: large;\">No existe tal Padrectom\u00eda como no existe el S\u00edndrome de Alienaci\u00f3n Parental. En el mismo combo se avala la idea de \u201cdenuncias falsas\u201d mencionadas en el mail que nunca debi\u00f3 ser publicado. \u201cnumerosas madres que con falsas denuncias buscan\u2026\u201d<\/span><\/p>\n<p><span style=\"font-size: large;\">Por el contrario lo que la experiencia muestra es que las denuncias de abuso no son tenidas en cuenta y se obliga a ni\u00f1@s a relacionarse con sus abusadores. Quienes ejercen impedimento de contacto son Jueces y Juezas contra las denunciantes, como en el caso de Gilda Morales, una de las tantas atacadas, por la jueza Morcillo en C\u00f3rdoba \u201c.<\/span><span style=\"font-size: large;\"><i>Por mi hijo en bicicleta Facebook\u201d <\/i><\/span><span style=\"font-size: large;\">Publicar un correo de estas caracter\u00edsticas alienta a que se tome por cierta una teor\u00eda cruel que da\u00f1a y cuyos efectos est\u00e1n ocultados en los pliegues del patriarcado. (<\/span><span style=\"font-size: large;\"><i>CAP Masculinidades Las Mentiras del Patriarcado Paid\u00f3s 2017)<\/i><\/span><\/p>\n<p><span style=\"font-size: large;\">El sistema judicial no es apto para dirimir cuestiones de familia.<\/span><\/p>\n<p><span style=\"font-size: large;\">Hay casos emblem\u00e1ticos como el de Andrea V\u00e1zquez en Pcia de Buenos Aires (Juez Dami\u00e1n Lullo). O el caso de Valeria y su hijo Jano <\/span><span style=\"font-size: large;\"><i>\u201cDenunci\u00f3 a su ex por violencia y le quitaron a su hijo\u201d Diario digital femenin<\/i><\/span><span style=\"font-size: large;\">o. En cada provincia hay ejemplos y como todas las violencias machistas no solo suceden en Argentina.<\/span><\/p>\n<p><span style=\"font-size: large;\">Seria extenso hablar de la lista de varones denunciados y sobrese\u00eddos por lo que la justicia considera falta de pruebas. Es simple, no se les cree a quienes denuncian, aunque las denuncias consideradas \u201cfalsas\u201d sean el 0,03.<\/span><\/p>\n<p><span style=\"font-size: large;\">No es la primera vez que denuncio esto p\u00fablicamente<\/span><span style=\"font-size: large;\"><i>. TEDx \u201c\u201cEl Crimen Perfecto de la Violencia Machista\u201d.<\/i><\/span><span style=\"font-size: large;\"> Han intentado ponernos \u201cbozal legal\u201d para silenciarnos, jam\u00e1s me llevaron a juicio porque lo que digo\/escribo es verdad.<\/span><a name=\"_GoBack\"><\/a><span style=\"font-size: large;\">Es m\u00e1s f\u00e1cil creerle a un var\u00f3n que se dice castigado por una loca mala -coincide con el estereotipo de la mujer despechada- que creerle a una mujer madre que denuncia golpes, amenazas y abusos. Hablo de abuso sexual infantil perpetrado por los progenitores, impunes, absueltos o con juicios que duran a\u00f1os y perpet\u00faan as\u00ed los da\u00f1os hasta hacerlos irreparables.<\/span><\/p>\n<p><strong>La nota en cuesti\u00f3n<\/strong><\/p>\n<p><img loading=\"lazy\" decoding=\"async\" class=\"alignnone size-large wp-image-36857\" src=\"https:\/\/diariofemenino.com.ar\/df\/wp-content\/uploads\/2019\/06\/K6RGq53h-768x1024.jpg\" alt=\"Liliana Hendel responde el correo de lectores sobre \u00bf&quot;Padrectom\u00eda&quot;?\" width=\"768\" height=\"1024\" srcset=\"https:\/\/diariofemenino.com.ar\/df\/wp-content\/uploads\/2019\/06\/K6RGq53h-768x1024.jpg 768w, https:\/\/diariofemenino.com.ar\/df\/wp-content\/uploads\/2019\/06\/K6RGq53h-225x300.jpg 225w, https:\/\/diariofemenino.com.ar\/df\/wp-content\/uploads\/2019\/06\/K6RGq53h.jpg 1560w\" sizes=\"auto, (max-width: 768px) 100vw, 768px\" \/><\/p>\n<p>&nbsp;<\/p>\n<p>*Es\u00a0psic\u00f3loga\u00a0y\u00a0periodista\u00a0feminista\u00a0argentina. Trabaj\u00f3 en Canal 13, Telef\u00e9 y la Televisi\u00f3n P\u00fablica, donde populariz\u00f3 el lenguaje con perspectiva de g\u00e9nero y la agenda feminista.\u00a0Fue fundadora de la Red PAR y de la\u00a0<a title=\"Red Internacional de Periodistas con Visi\u00f3n de G\u00e9nero\" href=\"https:\/\/es.wikipedia.org\/wiki\/Red_Internacional_de_Periodistas_con_Visi%C3%B3n_de_G%C3%A9nero\">Red Internacional de Periodistas con Visi\u00f3n de G\u00e9nero<\/a>\u00a0en Argentina (RIPVGAr). Es columnista en <a href=\"https:\/\/diariofemenino.com.ar\/\">Diario Digital Femenino<\/a> <a href=\"https:\/\/diariofemenino.com.ar\/category\/el-crimen-perfecto\/\">#ElCrimenPerfecto de la justicia patriarcal<\/a><sup id=\"cite_ref-3\" class=\"reference separada\"><\/sup><\/p>\n<p>Fue docente titular en la Carrera Interdisciplinaria de Especializaci\u00f3n en Violencia Familiar (Universidad de Buenos Aires). Comenz\u00f3 en los a\u00f1os 80 en el programa\u00a0<i>Buenas tardes, mucho gusto<\/i>\u00a0con\u00a0Ana Mar\u00eda Muchnik. Comparti\u00f3 espacio con\u00a0Patricia Miccio\u00a0en el\u00a0canal Util\u00edsima. Se hizo conocida en los mediod\u00edas de Canal 13, donde comenz\u00f3 en 1997, junto a\u00a0Santo Biasatti. Entre 2000 y 2004 condujo\u00a0<i>La noticia en casa<\/i>\u00a0por TN. Fue columnista de Telef\u00e9 y en el noticiero de la Televisi\u00f3n P\u00fablica.<sup id=\"cite_ref-5\" class=\"reference separada\"><\/sup><\/p>\n<p>Junto a otras periodistas fund\u00f3 en 2009 la Red PAR (Periodistas de Argentina en Red por una comunicaci\u00f3n no sexista) y en 2014 la\u00a0<a class=\"new\" title=\"Red Internacional de Periodistas con Visi\u00f3n de G\u00e9nero Argentina (a\u00fan no redactado)\" href=\"https:\/\/es.wikipedia.org\/w\/index.php?title=Red_Internacional_de_Periodistas_con_Visi%C3%B3n_de_G%C3%A9nero_Argentina&amp;action=edit&amp;redlink=1\">Red Internacional de Periodistas con Visi\u00f3n de G\u00e9nero en Argentina<\/a>, donde actualmente se desempe\u00f1a como coordinadora.<sup id=\"cite_ref-6\" class=\"reference separada\"><\/sup><\/p>\n<p>Fue una de las responsables de traer a la Argentina la campa\u00f1a espa\u00f1ola \u201cSac\u00e1 tarjeta roja al maltratador\u201d, junto a Ariela Mancke (Latina Urbana), Ester Mancera (ONG\u00a0Enlaces Territoriales para la Equidad de G\u00e9nero), y Pilar Garea (Espa\u00f1oles en el mundo).<sup id=\"cite_ref-7\" class=\"reference separada\"><a href=\"https:\/\/es.wikipedia.org\/wiki\/Liliana_Hendel#cite_note-7\">7<\/a><\/sup>\u200b<\/p>\n","protected":false},"excerpt":{"rendered":"<p>Liliana Hendel*, psic\u00f3loga, periodista y coordinadora de la Red Internacional de Periodistas con Visi\u00f3n de G\u00e9nero en Argentina, responde una carta enviada al Correo de lectores del Diario Perfil, denominada \u00abPadrectom\u00eda\u00bb La respuesta Leo con estupor la palabra Padrectom\u00eda en el Correo de Lectores. Me pregunto cu\u00e1l es el criterio de selecci\u00f3n de lo que [&hellip;]<\/p>\n","protected":false},"author":4,"featured_media":36856,"comment_status":"open","ping_status":"open","sticky":false,"template":"","format":"standard","meta":{"iawp_total_views":13,"footnotes":""},"categories":[7,5],"tags":[135,414,601,468],"class_list":["post-36839","post","type-post","status-publish","format-standard","has-post-thumbnail","hentry","category-actividades","category-historias-de-vida","tag-diariodigitalfemenino","tag-diario-digital-femenino","tag-liliana-hendel","tag-ssap"],"nelio_content":{"autoShareEndMode":"never","automationSources":{"useCustomSentences":false,"customSentences":[]},"efiAlt":"","efiUrl":"","followers":[4],"highlights":[],"isAutoShareEnabled":true,"networkImageIds":[],"permalinkQueryArgs":[],"series":[],"suggestedReferences":[]},"yoast_head":"<!-- This site is optimized with the Yoast SEO plugin v27.5 - https:\/\/yoast.com\/product\/yoast-seo-wordpress\/ -->\n<title>Liliana Hendel responde el correo de lectores sobre \u00bf&quot;Padrectom\u00eda&quot;? - Diario Digital Femenino<\/title>\n<meta name=\"description\" content=\"Liliana Hendel responde el correo de lectores sobre \u00bf&quot;Padrectom\u00eda&quot;?. La psic\u00f3loga y periodista responde el Correo de Lectores del diario Perfil\" \/>\n<meta name=\"robots\" content=\"index, follow, max-snippet:-1, max-image-preview:large, max-video-preview:-1\" \/>\n<link rel=\"canonical\" href=\"https:\/\/diariofemenino.com.ar\/df\/liliana-hendel\/\" \/>\n<meta property=\"og:locale\" content=\"es_ES\" \/>\n<meta property=\"og:type\" content=\"article\" \/>\n<meta property=\"og:title\" content=\"Liliana Hendel responde el correo de lectores sobre \u00bf&quot;Padrectom\u00eda&quot;? - Diario Digital Femenino\" \/>\n<meta property=\"og:description\" content=\"Liliana Hendel responde el correo de lectores sobre \u00bf&quot;Padrectom\u00eda&quot;?. La psic\u00f3loga y periodista responde el Correo de Lectores del diario Perfil\" \/>\n<meta property=\"og:url\" content=\"https:\/\/diariofemenino.com.ar\/df\/liliana-hendel\/\" \/>\n<meta property=\"og:site_name\" content=\"Diario Digital Femenino\" \/>\n<meta property=\"article:publisher\" content=\"https:\/\/www.facebook.com\/DiarioDigitaFemenino\/\" \/>\n<meta property=\"article:published_time\" content=\"2019-06-12T19:41:35+00:00\" \/>\n<meta property=\"article:modified_time\" content=\"2019-06-12T19:43:20+00:00\" \/>\n<meta property=\"og:image\" content=\"https:\/\/diariofemenino.com.ar\/df\/wp-content\/uploads\/2019\/06\/Prensa-TV-P-blica-liliana-hendel.jpg\" \/>\n\t<meta property=\"og:image:width\" content=\"943\" \/>\n\t<meta property=\"og:image:height\" content=\"399\" \/>\n\t<meta property=\"og:image:type\" content=\"image\/jpeg\" \/>\n<meta name=\"author\" content=\"Admin\" \/>\n<meta name=\"twitter:card\" content=\"summary_large_image\" \/>\n<meta name=\"twitter:creator\" content=\"@DiarioFemenino1\" \/>\n<meta name=\"twitter:site\" content=\"@DiarioFemenino1\" \/>\n<meta name=\"twitter:label1\" content=\"Escrito por\" \/>\n\t<meta name=\"twitter:data1\" content=\"Admin\" \/>\n\t<meta name=\"twitter:label2\" content=\"Tiempo de lectura\" \/>\n\t<meta name=\"twitter:data2\" content=\"3 minutos\" \/>\n<script type=\"application\/ld+json\" class=\"yoast-schema-graph\">{\"@context\":\"https:\\\/\\\/schema.org\",\"@graph\":[{\"@type\":\"Article\",\"@id\":\"https:\\\/\\\/diariofemenino.com.ar\\\/df\\\/liliana-hendel\\\/#article\",\"isPartOf\":{\"@id\":\"https:\\\/\\\/diariofemenino.com.ar\\\/df\\\/liliana-hendel\\\/\"},\"author\":{\"name\":\"Admin\",\"@id\":\"https:\\\/\\\/diariofemenino.com.ar\\\/df\\\/#\\\/schema\\\/person\\\/bf6199e8158c657ea6f789b11ec85509\"},\"headline\":\"Liliana Hendel responde el correo de lectores sobre \u00bf\u00bbPadrectom\u00eda\u00bb?\",\"datePublished\":\"2019-06-12T19:41:35+00:00\",\"dateModified\":\"2019-06-12T19:43:20+00:00\",\"mainEntityOfPage\":{\"@id\":\"https:\\\/\\\/diariofemenino.com.ar\\\/df\\\/liliana-hendel\\\/\"},\"wordCount\":689,\"commentCount\":0,\"publisher\":{\"@id\":\"https:\\\/\\\/diariofemenino.com.ar\\\/df\\\/#organization\"},\"image\":{\"@id\":\"https:\\\/\\\/diariofemenino.com.ar\\\/df\\\/liliana-hendel\\\/#primaryimage\"},\"thumbnailUrl\":\"https:\\\/\\\/diariofemenino.com.ar\\\/df\\\/wp-content\\\/uploads\\\/2019\\\/06\\\/Prensa-TV-P-blica-liliana-hendel.jpg\",\"keywords\":[\"#DiarioDigitalFemenino\",\"Diario Digital Femenino\",\"Liliana Hendel\",\"sSAP\"],\"articleSection\":[\"Actividades\",\"Historias de vida\"],\"inLanguage\":\"es\",\"potentialAction\":[{\"@type\":\"CommentAction\",\"name\":\"Comment\",\"target\":[\"https:\\\/\\\/diariofemenino.com.ar\\\/df\\\/liliana-hendel\\\/#respond\"]}]},{\"@type\":\"WebPage\",\"@id\":\"https:\\\/\\\/diariofemenino.com.ar\\\/df\\\/liliana-hendel\\\/\",\"url\":\"https:\\\/\\\/diariofemenino.com.ar\\\/df\\\/liliana-hendel\\\/\",\"name\":\"Liliana Hendel responde el correo de lectores sobre \u00bf\\\"Padrectom\u00eda\\\"? - Diario Digital Femenino\",\"isPartOf\":{\"@id\":\"https:\\\/\\\/diariofemenino.com.ar\\\/df\\\/#website\"},\"primaryImageOfPage\":{\"@id\":\"https:\\\/\\\/diariofemenino.com.ar\\\/df\\\/liliana-hendel\\\/#primaryimage\"},\"image\":{\"@id\":\"https:\\\/\\\/diariofemenino.com.ar\\\/df\\\/liliana-hendel\\\/#primaryimage\"},\"thumbnailUrl\":\"https:\\\/\\\/diariofemenino.com.ar\\\/df\\\/wp-content\\\/uploads\\\/2019\\\/06\\\/Prensa-TV-P-blica-liliana-hendel.jpg\",\"datePublished\":\"2019-06-12T19:41:35+00:00\",\"dateModified\":\"2019-06-12T19:43:20+00:00\",\"description\":\"Liliana Hendel responde el correo de lectores sobre \u00bf\\\"Padrectom\u00eda\\\"?. La psic\u00f3loga y periodista responde el Correo de Lectores del diario Perfil\",\"breadcrumb\":{\"@id\":\"https:\\\/\\\/diariofemenino.com.ar\\\/df\\\/liliana-hendel\\\/#breadcrumb\"},\"inLanguage\":\"es\",\"potentialAction\":[{\"@type\":\"ReadAction\",\"target\":[\"https:\\\/\\\/diariofemenino.com.ar\\\/df\\\/liliana-hendel\\\/\"]}]},{\"@type\":\"ImageObject\",\"inLanguage\":\"es\",\"@id\":\"https:\\\/\\\/diariofemenino.com.ar\\\/df\\\/liliana-hendel\\\/#primaryimage\",\"url\":\"https:\\\/\\\/diariofemenino.com.ar\\\/df\\\/wp-content\\\/uploads\\\/2019\\\/06\\\/Prensa-TV-P-blica-liliana-hendel.jpg\",\"contentUrl\":\"https:\\\/\\\/diariofemenino.com.ar\\\/df\\\/wp-content\\\/uploads\\\/2019\\\/06\\\/Prensa-TV-P-blica-liliana-hendel.jpg\",\"width\":943,\"height\":399,\"caption\":\"Liliana Hendel. \\\"El SAP esconde un sinn\u00famero de delitos y corrupciones del sistema judicial\\\"\"},{\"@type\":\"BreadcrumbList\",\"@id\":\"https:\\\/\\\/diariofemenino.com.ar\\\/df\\\/liliana-hendel\\\/#breadcrumb\",\"itemListElement\":[{\"@type\":\"ListItem\",\"position\":1,\"name\":\"Portada\",\"item\":\"https:\\\/\\\/diariofemenino.com.ar\\\/df\\\/\"},{\"@type\":\"ListItem\",\"position\":2,\"name\":\"Liliana Hendel responde el correo de lectores sobre \u00bf\u00bbPadrectom\u00eda\u00bb?\"}]},{\"@type\":\"WebSite\",\"@id\":\"https:\\\/\\\/diariofemenino.com.ar\\\/df\\\/#website\",\"url\":\"https:\\\/\\\/diariofemenino.com.ar\\\/df\\\/\",\"name\":\"Diario Digital Femenino\",\"description\":\"Cuesti\u00f3n de G\u00e9nero\",\"publisher\":{\"@id\":\"https:\\\/\\\/diariofemenino.com.ar\\\/df\\\/#organization\"},\"potentialAction\":[{\"@type\":\"SearchAction\",\"target\":{\"@type\":\"EntryPoint\",\"urlTemplate\":\"https:\\\/\\\/diariofemenino.com.ar\\\/df\\\/?s={search_term_string}\"},\"query-input\":{\"@type\":\"PropertyValueSpecification\",\"valueRequired\":true,\"valueName\":\"search_term_string\"}}],\"inLanguage\":\"es\"},{\"@type\":\"Organization\",\"@id\":\"https:\\\/\\\/diariofemenino.com.ar\\\/df\\\/#organization\",\"name\":\"Diario Femenino\",\"url\":\"https:\\\/\\\/diariofemenino.com.ar\\\/df\\\/\",\"logo\":{\"@type\":\"ImageObject\",\"inLanguage\":\"es\",\"@id\":\"https:\\\/\\\/diariofemenino.com.ar\\\/df\\\/#\\\/schema\\\/logo\\\/image\\\/\",\"url\":\"https:\\\/\\\/diariofemenino.com.ar\\\/df\\\/wp-content\\\/uploads\\\/2018\\\/10\\\/logo.png\",\"contentUrl\":\"https:\\\/\\\/diariofemenino.com.ar\\\/df\\\/wp-content\\\/uploads\\\/2018\\\/10\\\/logo.png\",\"width\":500,\"height\":92,\"caption\":\"Diario Femenino\"},\"image\":{\"@id\":\"https:\\\/\\\/diariofemenino.com.ar\\\/df\\\/#\\\/schema\\\/logo\\\/image\\\/\"},\"sameAs\":[\"https:\\\/\\\/www.facebook.com\\\/DiarioDigitaFemenino\\\/\",\"https:\\\/\\\/x.com\\\/DiarioFemenino1\"]},{\"@type\":\"Person\",\"@id\":\"https:\\\/\\\/diariofemenino.com.ar\\\/df\\\/#\\\/schema\\\/person\\\/bf6199e8158c657ea6f789b11ec85509\",\"name\":\"Admin\",\"image\":{\"@type\":\"ImageObject\",\"inLanguage\":\"es\",\"@id\":\"https:\\\/\\\/diariofemenino.com.ar\\\/df\\\/wp-content\\\/uploads\\\/2018\\\/12\\\/favicon-150x150.jpg\",\"url\":\"https:\\\/\\\/diariofemenino.com.ar\\\/df\\\/wp-content\\\/uploads\\\/2018\\\/12\\\/favicon-150x150.jpg\",\"contentUrl\":\"https:\\\/\\\/diariofemenino.com.ar\\\/df\\\/wp-content\\\/uploads\\\/2018\\\/12\\\/favicon-150x150.jpg\",\"caption\":\"Admin\"},\"url\":\"https:\\\/\\\/diariofemenino.com.ar\\\/df\\\/author\\\/lenny\\\/\"}]}<\/script>\n<!-- \/ Yoast SEO plugin. -->","yoast_head_json":{"title":"Liliana Hendel responde el correo de lectores sobre \u00bf\"Padrectom\u00eda\"? - Diario Digital Femenino","description":"Liliana Hendel responde el correo de lectores sobre \u00bf\"Padrectom\u00eda\"?. La psic\u00f3loga y periodista responde el Correo de Lectores del diario Perfil","robots":{"index":"index","follow":"follow","max-snippet":"max-snippet:-1","max-image-preview":"max-image-preview:large","max-video-preview":"max-video-preview:-1"},"canonical":"https:\/\/diariofemenino.com.ar\/df\/liliana-hendel\/","og_locale":"es_ES","og_type":"article","og_title":"Liliana Hendel responde el correo de lectores sobre \u00bf\"Padrectom\u00eda\"? - Diario Digital Femenino","og_description":"Liliana Hendel responde el correo de lectores sobre \u00bf\"Padrectom\u00eda\"?. La psic\u00f3loga y periodista responde el Correo de Lectores del diario Perfil","og_url":"https:\/\/diariofemenino.com.ar\/df\/liliana-hendel\/","og_site_name":"Diario Digital Femenino","article_publisher":"https:\/\/www.facebook.com\/DiarioDigitaFemenino\/","article_published_time":"2019-06-12T19:41:35+00:00","article_modified_time":"2019-06-12T19:43:20+00:00","og_image":[{"width":943,"height":399,"url":"https:\/\/diariofemenino.com.ar\/df\/wp-content\/uploads\/2019\/06\/Prensa-TV-P-blica-liliana-hendel.jpg","type":"image\/jpeg"}],"author":"Admin","twitter_card":"summary_large_image","twitter_creator":"@DiarioFemenino1","twitter_site":"@DiarioFemenino1","twitter_misc":{"Escrito por":"Admin","Tiempo de lectura":"3 minutos"},"schema":{"@context":"https:\/\/schema.org","@graph":[{"@type":"Article","@id":"https:\/\/diariofemenino.com.ar\/df\/liliana-hendel\/#article","isPartOf":{"@id":"https:\/\/diariofemenino.com.ar\/df\/liliana-hendel\/"},"author":{"name":"Admin","@id":"https:\/\/diariofemenino.com.ar\/df\/#\/schema\/person\/bf6199e8158c657ea6f789b11ec85509"},"headline":"Liliana Hendel responde el correo de lectores sobre \u00bf\u00bbPadrectom\u00eda\u00bb?","datePublished":"2019-06-12T19:41:35+00:00","dateModified":"2019-06-12T19:43:20+00:00","mainEntityOfPage":{"@id":"https:\/\/diariofemenino.com.ar\/df\/liliana-hendel\/"},"wordCount":689,"commentCount":0,"publisher":{"@id":"https:\/\/diariofemenino.com.ar\/df\/#organization"},"image":{"@id":"https:\/\/diariofemenino.com.ar\/df\/liliana-hendel\/#primaryimage"},"thumbnailUrl":"https:\/\/diariofemenino.com.ar\/df\/wp-content\/uploads\/2019\/06\/Prensa-TV-P-blica-liliana-hendel.jpg","keywords":["#DiarioDigitalFemenino","Diario Digital Femenino","Liliana Hendel","sSAP"],"articleSection":["Actividades","Historias de vida"],"inLanguage":"es","potentialAction":[{"@type":"CommentAction","name":"Comment","target":["https:\/\/diariofemenino.com.ar\/df\/liliana-hendel\/#respond"]}]},{"@type":"WebPage","@id":"https:\/\/diariofemenino.com.ar\/df\/liliana-hendel\/","url":"https:\/\/diariofemenino.com.ar\/df\/liliana-hendel\/","name":"Liliana Hendel responde el correo de lectores sobre \u00bf\"Padrectom\u00eda\"? - Diario Digital Femenino","isPartOf":{"@id":"https:\/\/diariofemenino.com.ar\/df\/#website"},"primaryImageOfPage":{"@id":"https:\/\/diariofemenino.com.ar\/df\/liliana-hendel\/#primaryimage"},"image":{"@id":"https:\/\/diariofemenino.com.ar\/df\/liliana-hendel\/#primaryimage"},"thumbnailUrl":"https:\/\/diariofemenino.com.ar\/df\/wp-content\/uploads\/2019\/06\/Prensa-TV-P-blica-liliana-hendel.jpg","datePublished":"2019-06-12T19:41:35+00:00","dateModified":"2019-06-12T19:43:20+00:00","description":"Liliana Hendel responde el correo de lectores sobre \u00bf\"Padrectom\u00eda\"?. La psic\u00f3loga y periodista responde el Correo de Lectores del diario Perfil","breadcrumb":{"@id":"https:\/\/diariofemenino.com.ar\/df\/liliana-hendel\/#breadcrumb"},"inLanguage":"es","potentialAction":[{"@type":"ReadAction","target":["https:\/\/diariofemenino.com.ar\/df\/liliana-hendel\/"]}]},{"@type":"ImageObject","inLanguage":"es","@id":"https:\/\/diariofemenino.com.ar\/df\/liliana-hendel\/#primaryimage","url":"https:\/\/diariofemenino.com.ar\/df\/wp-content\/uploads\/2019\/06\/Prensa-TV-P-blica-liliana-hendel.jpg","contentUrl":"https:\/\/diariofemenino.com.ar\/df\/wp-content\/uploads\/2019\/06\/Prensa-TV-P-blica-liliana-hendel.jpg","width":943,"height":399,"caption":"Liliana Hendel. \"El SAP esconde un sinn\u00famero de delitos y corrupciones del sistema judicial\""},{"@type":"BreadcrumbList","@id":"https:\/\/diariofemenino.com.ar\/df\/liliana-hendel\/#breadcrumb","itemListElement":[{"@type":"ListItem","position":1,"name":"Portada","item":"https:\/\/diariofemenino.com.ar\/df\/"},{"@type":"ListItem","position":2,"name":"Liliana Hendel responde el correo de lectores sobre \u00bf\u00bbPadrectom\u00eda\u00bb?"}]},{"@type":"WebSite","@id":"https:\/\/diariofemenino.com.ar\/df\/#website","url":"https:\/\/diariofemenino.com.ar\/df\/","name":"Diario Digital Femenino","description":"Cuesti\u00f3n de G\u00e9nero","publisher":{"@id":"https:\/\/diariofemenino.com.ar\/df\/#organization"},"potentialAction":[{"@type":"SearchAction","target":{"@type":"EntryPoint","urlTemplate":"https:\/\/diariofemenino.com.ar\/df\/?s={search_term_string}"},"query-input":{"@type":"PropertyValueSpecification","valueRequired":true,"valueName":"search_term_string"}}],"inLanguage":"es"},{"@type":"Organization","@id":"https:\/\/diariofemenino.com.ar\/df\/#organization","name":"Diario Femenino","url":"https:\/\/diariofemenino.com.ar\/df\/","logo":{"@type":"ImageObject","inLanguage":"es","@id":"https:\/\/diariofemenino.com.ar\/df\/#\/schema\/logo\/image\/","url":"https:\/\/diariofemenino.com.ar\/df\/wp-content\/uploads\/2018\/10\/logo.png","contentUrl":"https:\/\/diariofemenino.com.ar\/df\/wp-content\/uploads\/2018\/10\/logo.png","width":500,"height":92,"caption":"Diario Femenino"},"image":{"@id":"https:\/\/diariofemenino.com.ar\/df\/#\/schema\/logo\/image\/"},"sameAs":["https:\/\/www.facebook.com\/DiarioDigitaFemenino\/","https:\/\/x.com\/DiarioFemenino1"]},{"@type":"Person","@id":"https:\/\/diariofemenino.com.ar\/df\/#\/schema\/person\/bf6199e8158c657ea6f789b11ec85509","name":"Admin","image":{"@type":"ImageObject","inLanguage":"es","@id":"https:\/\/diariofemenino.com.ar\/df\/wp-content\/uploads\/2018\/12\/favicon-150x150.jpg","url":"https:\/\/diariofemenino.com.ar\/df\/wp-content\/uploads\/2018\/12\/favicon-150x150.jpg","contentUrl":"https:\/\/diariofemenino.com.ar\/df\/wp-content\/uploads\/2018\/12\/favicon-150x150.jpg","caption":"Admin"},"url":"https:\/\/diariofemenino.com.ar\/df\/author\/lenny\/"}]}},"jetpack_featured_media_url":"https:\/\/diariofemenino.com.ar\/df\/wp-content\/uploads\/2019\/06\/Prensa-TV-P-blica-liliana-hendel.jpg","jetpack_sharing_enabled":true,"rttpg_featured_image_url":{"full":["https:\/\/diariofemenino.com.ar\/df\/wp-content\/uploads\/2019\/06\/Prensa-TV-P-blica-liliana-hendel.jpg",943,399,false],"landscape":["https:\/\/diariofemenino.com.ar\/df\/wp-content\/uploads\/2019\/06\/Prensa-TV-P-blica-liliana-hendel.jpg",943,399,false],"portraits":["https:\/\/diariofemenino.com.ar\/df\/wp-content\/uploads\/2019\/06\/Prensa-TV-P-blica-liliana-hendel.jpg",943,399,false],"thumbnail":["https:\/\/diariofemenino.com.ar\/df\/wp-content\/uploads\/2019\/06\/Prensa-TV-P-blica-liliana-hendel-150x150.jpg",150,150,true],"medium":["https:\/\/diariofemenino.com.ar\/df\/wp-content\/uploads\/2019\/06\/Prensa-TV-P-blica-liliana-hendel-300x127.jpg",300,127,true],"large":["https:\/\/diariofemenino.com.ar\/df\/wp-content\/uploads\/2019\/06\/Prensa-TV-P-blica-liliana-hendel.jpg",943,399,false],"1536x1536":["https:\/\/diariofemenino.com.ar\/df\/wp-content\/uploads\/2019\/06\/Prensa-TV-P-blica-liliana-hendel.jpg",943,399,false],"2048x2048":["https:\/\/diariofemenino.com.ar\/df\/wp-content\/uploads\/2019\/06\/Prensa-TV-P-blica-liliana-hendel.jpg",943,399,false]},"rttpg_author":{"display_name":"Admin","author_link":"https:\/\/diariofemenino.com.ar\/df\/author\/lenny\/"},"rttpg_comment":0,"rttpg_category":"<a href=\"https:\/\/diariofemenino.com.ar\/df\/category\/actividades\/\" rel=\"category tag\">Actividades<\/a> <a href=\"https:\/\/diariofemenino.com.ar\/df\/category\/historias-de-vida\/\" rel=\"category tag\">Historias de vida<\/a>","rttpg_excerpt":"Liliana Hendel*, psic\u00f3loga, periodista y coordinadora de la Red Internacional de Periodistas con Visi\u00f3n de G\u00e9nero en Argentina, responde una carta enviada al Correo de lectores del Diario Perfil, denominada \u00abPadrectom\u00eda\u00bb La respuesta Leo con estupor la palabra Padrectom\u00eda en el Correo de Lectores. Me pregunto cu\u00e1l es el criterio de selecci\u00f3n de lo que&hellip;","_links":{"self":[{"href":"https:\/\/diariofemenino.com.ar\/df\/wp-json\/wp\/v2\/posts\/36839","targetHints":{"allow":["GET"]}}],"collection":[{"href":"https:\/\/diariofemenino.com.ar\/df\/wp-json\/wp\/v2\/posts"}],"about":[{"href":"https:\/\/diariofemenino.com.ar\/df\/wp-json\/wp\/v2\/types\/post"}],"author":[{"embeddable":true,"href":"https:\/\/diariofemenino.com.ar\/df\/wp-json\/wp\/v2\/users\/4"}],"replies":[{"embeddable":true,"href":"https:\/\/diariofemenino.com.ar\/df\/wp-json\/wp\/v2\/comments?post=36839"}],"version-history":[{"count":0,"href":"https:\/\/diariofemenino.com.ar\/df\/wp-json\/wp\/v2\/posts\/36839\/revisions"}],"wp:featuredmedia":[{"embeddable":true,"href":"https:\/\/diariofemenino.com.ar\/df\/wp-json\/wp\/v2\/media\/36856"}],"wp:attachment":[{"href":"https:\/\/diariofemenino.com.ar\/df\/wp-json\/wp\/v2\/media?parent=36839"}],"wp:term":[{"taxonomy":"category","embeddable":true,"href":"https:\/\/diariofemenino.com.ar\/df\/wp-json\/wp\/v2\/categories?post=36839"},{"taxonomy":"post_tag","embeddable":true,"href":"https:\/\/diariofemenino.com.ar\/df\/wp-json\/wp\/v2\/tags?post=36839"}],"curies":[{"name":"wp","href":"https:\/\/api.w.org\/{rel}","templated":true}]}}