{"id":36543,"date":"2019-06-06T20:10:47","date_gmt":"2019-06-06T23:10:47","guid":{"rendered":"https:\/\/diariofemenino.com.ar\/?p=36543"},"modified":"2019-06-06T20:10:47","modified_gmt":"2019-06-06T23:10:47","slug":"cuando-se-habla-de-trata-de-personas-hay-que-pensar-en-organizaciones-que-se-dedican-al-crimen-organizado","status":"publish","type":"post","link":"https:\/\/diariofemenino.com.ar\/df\/cuando-se-habla-de-trata-de-personas-hay-que-pensar-en-organizaciones-que-se-dedican-al-crimen-organizado\/","title":{"rendered":"\u00abCuando se habla de trata de personas hay que pensar en organizaciones que se dedican al crimen organizado\u00bb"},"content":{"rendered":"<h2 style=\"text-align: center;\">\u00abCuando se habla de trata de personas hay que pensar en organizaciones que se dedican al crimen organizado\u00bb<\/h2>\n<p>La comisi\u00f3n de ejecuci\u00f3n del Programa Provincial para la prevenci\u00f3n, protecci\u00f3n y asistencia de las v\u00edctimas de <a href=\"https:\/\/diariofemenino.com.ar\/trata-de-personas-logros-y-demandas-en-perspectiva\/\">trata de la Provincia<\/a>, -integrada por representantes de los Ministerios de Seguridad, de Desarrollo Social, de Salud, de la Producci\u00f3n, de la Secretar\u00eda de Derechos Humanos y de la Secretar\u00eda de la Mujer- tuvo dos intensas jornadas de trabajo.<\/p>\n<p>Cabe recordar que este Programa fue creado mediante el Decreto N\u00b0 2962\/18, con el objetivo de prevenir y denunciar el delito de trata, como as\u00ed tambi\u00e9n sensibilizar, procurando la comprensi\u00f3n y difusi\u00f3n de la problem\u00e1tica.<\/p>\n<p>El lunes 3 de junio, los integrantes de la comisi\u00f3n del Programa participaron de una mesa de trabajo, con el objetivo de articular acciones e intercambiar informaci\u00f3n respecto a la modalidad de implementaci\u00f3n en el marco de este Programa, que se realiz\u00f3 en la Secretar\u00eda de Derechos Humanos de la Provincia, con tres t\u00e9cnicas de la Secretar\u00eda Nacional de la Ni\u00f1ez, Adolescencia y Familia (SENAF) que pertenecen al Punto Focal Nacional.<\/p>\n<p>Estuvieron presentes el Secretario de Derechos Humanos y responsable del Punto Focal Provincial, Antonio Curciarello -quien adem\u00e1s coordin\u00f3 la mesa de trabajo-; la Secretaria de la Mujer, Liliana Robledo junto a la Directora General de ese mismo Organismo, Patricia Asquini; el Subsecretario de Ni\u00f1ez, Adolescencia y Familia del Ministerio de Desarrollo Social, Juan Pablo Bonino, junto con la Directora de Prevenci\u00f3n y Asistencia de Violencia Familiar, Claudia Santiago; la Coordinadora del \u00c1rea Social del Ministerio de Salud, Cintia Zalabardo; la Directora de Comercio del Ministerio de la Producci\u00f3n, Marisa Casimiro; y la Sub Comisaria del \u00c1rea de Trata de la Unidad Funcional de G\u00e9nero, Bel\u00e9n Perez Fassi.<\/p>\n<p>Asimismo, entre los participantes, se definieron los aspectos m\u00e1s importantes a tratar en la capacitaci\u00f3n del d\u00eda siguiente, la cual se desarroll\u00f3 en el Instituto Superior Policial, donde adem\u00e1s de funcionarios involucrados con la tem\u00e1tica tambi\u00e9n estuvieron presentes los equipos t\u00e9cnicos de las distintas dependencias que forman parte de la comisi\u00f3n del Programa de Trata.<\/p>\n<p>En esa oportunidad la apertura de la jornada estuvo a cargo de Liliana Robledo, responsable de la Secretar\u00eda de la Mujer, y posteriormente las t\u00e9cnicas de la SENAF expusieron sobre los puntos m\u00e1s importantes de la ley 27046 y el protocolo de intervenci\u00f3n; tambi\u00e9n dieron a conocer c\u00f3mo trabaja el Punto Focal Nacional y la l\u00ednea 145 de asistencia y denuncias por trata de personas.<\/p>\n<p>\u201cCuando se habla de <a href=\"https:\/\/diariofemenino.com.ar\/dia-mundial-contra-la-trata-de-personas\/\">trata de personas<\/a> hay que pensar en organizaciones que se dedican al crimen organizado, cuyas consecuencias son grav\u00edsimas para la seguridad, bienestar y los derechos humanos de las v\u00edctimas, por eso es necesario delinear pol\u00edticas p\u00fablicas y mecanismos de abordaje de actuaci\u00f3n trabajando articuladamente con todos los organismos involucrados, que en materia de trata tengan implicancia\u201d, dijo Liliana Robledo.<\/p>\n<p>Asimismo, remarc\u00f3 la funcionaria, \u201cdesde la decisi\u00f3n del Gobernador de crear el Programa Provincial de Trata hemos trabajado articuladamente con todas las \u00e1reas, y esto, es algo que las representantes de la SENAF han reconocido, remarcando el buen trabajo realizado hasta el momento y aunque vemos esto como positivo, sabemos que a\u00fan nos falta mucho camino por recorrer, por lo que seguiremos realizando acciones en conjunto\u201d, concluy\u00f3 la funcionaria.<\/p>\n<p><img loading=\"lazy\" decoding=\"async\" class=\"alignnone size-full wp-image-36544\" src=\"https:\/\/diariofemenino.com.ar\/df\/wp-content\/uploads\/2019\/06\/liliana-robledo-parada-585x878.jpg\" alt=\"\u201cCUANDO SE HABLA DE TRATA DE PERSONAS HAY QUE PENSAR EN ORGANIZACIONES QUE SE DEDICAN AL CRIMEN ORGANIZADO\u201d\" width=\"585\" height=\"878\" srcset=\"https:\/\/diariofemenino.com.ar\/df\/wp-content\/uploads\/2019\/06\/liliana-robledo-parada-585x878.jpg 585w, https:\/\/diariofemenino.com.ar\/df\/wp-content\/uploads\/2019\/06\/liliana-robledo-parada-585x878-200x300.jpg 200w\" sizes=\"auto, (max-width: 585px) 100vw, 585px\" \/><\/p>\n<p>&nbsp;<\/p>\n<p>Fuente: <a href=\"http:\/\/www.planbnoticias.com.ar\/index.php\/2019\/06\/05\/cuando-se-habla-de-trata-de-personas-hay-que-pensar-en-organizaciones-que-se-dedican-al-crimen-organizado\/\">Plan B Noticias<\/a><\/p>\n","protected":false},"excerpt":{"rendered":"<p>\u00abCuando se habla de trata de personas hay que pensar en organizaciones que se dedican al crimen organizado\u00bb La comisi\u00f3n de ejecuci\u00f3n del Programa Provincial para la prevenci\u00f3n, protecci\u00f3n y asistencia de las v\u00edctimas de trata de la Provincia, -integrada por representantes de los Ministerios de Seguridad, de Desarrollo Social, de Salud, de la Producci\u00f3n, [&hellip;]<\/p>\n","protected":false},"author":3,"featured_media":36547,"comment_status":"open","ping_status":"open","sticky":false,"template":"","format":"standard","meta":{"iawp_total_views":2,"footnotes":""},"categories":[21,15],"tags":[130,18,613,138],"class_list":["post-36543","post","type-post","status-publish","format-standard","has-post-thumbnail","hentry","category-noticias","category-trata-de-personas","tag-mujeres","tag-politicas-publicas","tag-trata-de-personas","tag-violencia"],"nelio_content":{"autoShareEndMode":"never","automationSources":{"useCustomSentences":false,"customSentences":[]},"efiAlt":"","efiUrl":"","followers":[3],"highlights":[],"isAutoShareEnabled":true,"networkImageIds":[],"permalinkQueryArgs":[],"series":[],"suggestedReferences":[]},"yoast_head":"<!-- This site is optimized with the Yoast SEO plugin v27.5 - https:\/\/yoast.com\/product\/yoast-seo-wordpress\/ -->\n<title>&quot;Cuando se habla de trata de personas hay que pensar en organizaciones que se dedican al crimen organizado&quot; - Diario Digital Femenino<\/title>\n<meta name=\"description\" content=\"&quot;Cuando se habla de trata de personas hay que pensar en organizaciones que se dedican al crimen organizado&quot; La comisi\u00f3n de ejecuci\u00f3n del Programa Provincial\" \/>\n<meta name=\"robots\" content=\"index, follow, max-snippet:-1, max-image-preview:large, max-video-preview:-1\" \/>\n<link rel=\"canonical\" href=\"https:\/\/diariofemenino.com.ar\/df\/cuando-se-habla-de-trata-de-personas-hay-que-pensar-en-organizaciones-que-se-dedican-al-crimen-organizado\/\" \/>\n<meta property=\"og:locale\" content=\"es_ES\" \/>\n<meta property=\"og:type\" content=\"article\" \/>\n<meta property=\"og:title\" content=\"&quot;Cuando se habla de trata de personas hay que pensar en organizaciones que se dedican al crimen organizado&quot; - Diario Digital Femenino\" \/>\n<meta property=\"og:description\" content=\"&quot;Cuando se habla de trata de personas hay que pensar en organizaciones que se dedican al crimen organizado&quot; La comisi\u00f3n de ejecuci\u00f3n del Programa Provincial\" \/>\n<meta property=\"og:url\" content=\"https:\/\/diariofemenino.com.ar\/df\/cuando-se-habla-de-trata-de-personas-hay-que-pensar-en-organizaciones-que-se-dedican-al-crimen-organizado\/\" \/>\n<meta property=\"og:site_name\" content=\"Diario Digital Femenino\" \/>\n<meta property=\"article:publisher\" content=\"https:\/\/www.facebook.com\/DiarioDigitaFemenino\/\" \/>\n<meta property=\"article:published_time\" content=\"2019-06-06T23:10:47+00:00\" \/>\n<meta property=\"og:image\" content=\"https:\/\/diariofemenino.com.ar\/df\/wp-content\/uploads\/2019\/06\/sec-de-la-mujer-jornadas-585x390.jpg\" \/>\n\t<meta property=\"og:image:width\" content=\"585\" \/>\n\t<meta property=\"og:image:height\" content=\"390\" \/>\n\t<meta property=\"og:image:type\" content=\"image\/jpeg\" \/>\n<meta name=\"author\" content=\"Admin\" \/>\n<meta name=\"twitter:card\" content=\"summary_large_image\" \/>\n<meta name=\"twitter:creator\" content=\"@DiarioFemenino1\" \/>\n<meta name=\"twitter:site\" content=\"@DiarioFemenino1\" \/>\n<meta name=\"twitter:label1\" content=\"Escrito por\" \/>\n\t<meta name=\"twitter:data1\" content=\"Admin\" \/>\n\t<meta name=\"twitter:label2\" content=\"Tiempo de lectura\" \/>\n\t<meta name=\"twitter:data2\" content=\"3 minutos\" \/>\n<script type=\"application\/ld+json\" class=\"yoast-schema-graph\">{\"@context\":\"https:\\\/\\\/schema.org\",\"@graph\":[{\"@type\":\"Article\",\"@id\":\"https:\\\/\\\/diariofemenino.com.ar\\\/df\\\/cuando-se-habla-de-trata-de-personas-hay-que-pensar-en-organizaciones-que-se-dedican-al-crimen-organizado\\\/#article\",\"isPartOf\":{\"@id\":\"https:\\\/\\\/diariofemenino.com.ar\\\/df\\\/cuando-se-habla-de-trata-de-personas-hay-que-pensar-en-organizaciones-que-se-dedican-al-crimen-organizado\\\/\"},\"author\":{\"name\":\"Admin\",\"@id\":\"https:\\\/\\\/diariofemenino.com.ar\\\/df\\\/#\\\/schema\\\/person\\\/1c36bc3bf394d8ec320814298b4fdd3f\"},\"headline\":\"\u00abCuando se habla de trata de personas hay que pensar en organizaciones que se dedican al crimen organizado\u00bb\",\"datePublished\":\"2019-06-06T23:10:47+00:00\",\"mainEntityOfPage\":{\"@id\":\"https:\\\/\\\/diariofemenino.com.ar\\\/df\\\/cuando-se-habla-de-trata-de-personas-hay-que-pensar-en-organizaciones-que-se-dedican-al-crimen-organizado\\\/\"},\"wordCount\":605,\"commentCount\":0,\"publisher\":{\"@id\":\"https:\\\/\\\/diariofemenino.com.ar\\\/df\\\/#organization\"},\"image\":{\"@id\":\"https:\\\/\\\/diariofemenino.com.ar\\\/df\\\/cuando-se-habla-de-trata-de-personas-hay-que-pensar-en-organizaciones-que-se-dedican-al-crimen-organizado\\\/#primaryimage\"},\"thumbnailUrl\":\"https:\\\/\\\/diariofemenino.com.ar\\\/df\\\/wp-content\\\/uploads\\\/2019\\\/06\\\/sec-de-la-mujer-jornadas-585x390.jpg\",\"keywords\":[\"Mujeres\",\"Pol\u00edticas p\u00fablicas\",\"Trata de Personas\",\"Violencia\"],\"articleSection\":[\"Noticias\",\"Trata de Pers.\"],\"inLanguage\":\"es\",\"potentialAction\":[{\"@type\":\"CommentAction\",\"name\":\"Comment\",\"target\":[\"https:\\\/\\\/diariofemenino.com.ar\\\/df\\\/cuando-se-habla-de-trata-de-personas-hay-que-pensar-en-organizaciones-que-se-dedican-al-crimen-organizado\\\/#respond\"]}]},{\"@type\":\"WebPage\",\"@id\":\"https:\\\/\\\/diariofemenino.com.ar\\\/df\\\/cuando-se-habla-de-trata-de-personas-hay-que-pensar-en-organizaciones-que-se-dedican-al-crimen-organizado\\\/\",\"url\":\"https:\\\/\\\/diariofemenino.com.ar\\\/df\\\/cuando-se-habla-de-trata-de-personas-hay-que-pensar-en-organizaciones-que-se-dedican-al-crimen-organizado\\\/\",\"name\":\"\\\"Cuando se habla de trata de personas hay que pensar en organizaciones que se dedican al crimen organizado\\\" - Diario Digital Femenino\",\"isPartOf\":{\"@id\":\"https:\\\/\\\/diariofemenino.com.ar\\\/df\\\/#website\"},\"primaryImageOfPage\":{\"@id\":\"https:\\\/\\\/diariofemenino.com.ar\\\/df\\\/cuando-se-habla-de-trata-de-personas-hay-que-pensar-en-organizaciones-que-se-dedican-al-crimen-organizado\\\/#primaryimage\"},\"image\":{\"@id\":\"https:\\\/\\\/diariofemenino.com.ar\\\/df\\\/cuando-se-habla-de-trata-de-personas-hay-que-pensar-en-organizaciones-que-se-dedican-al-crimen-organizado\\\/#primaryimage\"},\"thumbnailUrl\":\"https:\\\/\\\/diariofemenino.com.ar\\\/df\\\/wp-content\\\/uploads\\\/2019\\\/06\\\/sec-de-la-mujer-jornadas-585x390.jpg\",\"datePublished\":\"2019-06-06T23:10:47+00:00\",\"description\":\"\\\"Cuando se habla de trata de personas hay que pensar en organizaciones que se dedican al crimen organizado\\\" La comisi\u00f3n de ejecuci\u00f3n del Programa Provincial\",\"breadcrumb\":{\"@id\":\"https:\\\/\\\/diariofemenino.com.ar\\\/df\\\/cuando-se-habla-de-trata-de-personas-hay-que-pensar-en-organizaciones-que-se-dedican-al-crimen-organizado\\\/#breadcrumb\"},\"inLanguage\":\"es\",\"potentialAction\":[{\"@type\":\"ReadAction\",\"target\":[\"https:\\\/\\\/diariofemenino.com.ar\\\/df\\\/cuando-se-habla-de-trata-de-personas-hay-que-pensar-en-organizaciones-que-se-dedican-al-crimen-organizado\\\/\"]}]},{\"@type\":\"ImageObject\",\"inLanguage\":\"es\",\"@id\":\"https:\\\/\\\/diariofemenino.com.ar\\\/df\\\/cuando-se-habla-de-trata-de-personas-hay-que-pensar-en-organizaciones-que-se-dedican-al-crimen-organizado\\\/#primaryimage\",\"url\":\"https:\\\/\\\/diariofemenino.com.ar\\\/df\\\/wp-content\\\/uploads\\\/2019\\\/06\\\/sec-de-la-mujer-jornadas-585x390.jpg\",\"contentUrl\":\"https:\\\/\\\/diariofemenino.com.ar\\\/df\\\/wp-content\\\/uploads\\\/2019\\\/06\\\/sec-de-la-mujer-jornadas-585x390.jpg\",\"width\":585,\"height\":390},{\"@type\":\"BreadcrumbList\",\"@id\":\"https:\\\/\\\/diariofemenino.com.ar\\\/df\\\/cuando-se-habla-de-trata-de-personas-hay-que-pensar-en-organizaciones-que-se-dedican-al-crimen-organizado\\\/#breadcrumb\",\"itemListElement\":[{\"@type\":\"ListItem\",\"position\":1,\"name\":\"Portada\",\"item\":\"https:\\\/\\\/diariofemenino.com.ar\\\/df\\\/\"},{\"@type\":\"ListItem\",\"position\":2,\"name\":\"\u00abCuando se habla de trata de personas hay que pensar en organizaciones que se dedican al crimen organizado\u00bb\"}]},{\"@type\":\"WebSite\",\"@id\":\"https:\\\/\\\/diariofemenino.com.ar\\\/df\\\/#website\",\"url\":\"https:\\\/\\\/diariofemenino.com.ar\\\/df\\\/\",\"name\":\"Diario Digital Femenino\",\"description\":\"Cuesti\u00f3n de G\u00e9nero\",\"publisher\":{\"@id\":\"https:\\\/\\\/diariofemenino.com.ar\\\/df\\\/#organization\"},\"potentialAction\":[{\"@type\":\"SearchAction\",\"target\":{\"@type\":\"EntryPoint\",\"urlTemplate\":\"https:\\\/\\\/diariofemenino.com.ar\\\/df\\\/?s={search_term_string}\"},\"query-input\":{\"@type\":\"PropertyValueSpecification\",\"valueRequired\":true,\"valueName\":\"search_term_string\"}}],\"inLanguage\":\"es\"},{\"@type\":\"Organization\",\"@id\":\"https:\\\/\\\/diariofemenino.com.ar\\\/df\\\/#organization\",\"name\":\"Diario Femenino\",\"url\":\"https:\\\/\\\/diariofemenino.com.ar\\\/df\\\/\",\"logo\":{\"@type\":\"ImageObject\",\"inLanguage\":\"es\",\"@id\":\"https:\\\/\\\/diariofemenino.com.ar\\\/df\\\/#\\\/schema\\\/logo\\\/image\\\/\",\"url\":\"https:\\\/\\\/diariofemenino.com.ar\\\/df\\\/wp-content\\\/uploads\\\/2018\\\/10\\\/logo.png\",\"contentUrl\":\"https:\\\/\\\/diariofemenino.com.ar\\\/df\\\/wp-content\\\/uploads\\\/2018\\\/10\\\/logo.png\",\"width\":500,\"height\":92,\"caption\":\"Diario Femenino\"},\"image\":{\"@id\":\"https:\\\/\\\/diariofemenino.com.ar\\\/df\\\/#\\\/schema\\\/logo\\\/image\\\/\"},\"sameAs\":[\"https:\\\/\\\/www.facebook.com\\\/DiarioDigitaFemenino\\\/\",\"https:\\\/\\\/x.com\\\/DiarioFemenino1\"]},{\"@type\":\"Person\",\"@id\":\"https:\\\/\\\/diariofemenino.com.ar\\\/df\\\/#\\\/schema\\\/person\\\/1c36bc3bf394d8ec320814298b4fdd3f\",\"name\":\"Admin\",\"image\":{\"@type\":\"ImageObject\",\"inLanguage\":\"es\",\"@id\":\"https:\\\/\\\/diariofemenino.com.ar\\\/df\\\/wp-content\\\/uploads\\\/2018\\\/12\\\/favicon-150x150.jpg\",\"url\":\"https:\\\/\\\/diariofemenino.com.ar\\\/df\\\/wp-content\\\/uploads\\\/2018\\\/12\\\/favicon-150x150.jpg\",\"contentUrl\":\"https:\\\/\\\/diariofemenino.com.ar\\\/df\\\/wp-content\\\/uploads\\\/2018\\\/12\\\/favicon-150x150.jpg\",\"caption\":\"Admin\"},\"url\":\"https:\\\/\\\/diariofemenino.com.ar\\\/df\\\/author\\\/sofiperez\\\/\"}]}<\/script>\n<!-- \/ Yoast SEO plugin. -->","yoast_head_json":{"title":"\"Cuando se habla de trata de personas hay que pensar en organizaciones que se dedican al crimen organizado\" - Diario Digital Femenino","description":"\"Cuando se habla de trata de personas hay que pensar en organizaciones que se dedican al crimen organizado\" La comisi\u00f3n de ejecuci\u00f3n del Programa Provincial","robots":{"index":"index","follow":"follow","max-snippet":"max-snippet:-1","max-image-preview":"max-image-preview:large","max-video-preview":"max-video-preview:-1"},"canonical":"https:\/\/diariofemenino.com.ar\/df\/cuando-se-habla-de-trata-de-personas-hay-que-pensar-en-organizaciones-que-se-dedican-al-crimen-organizado\/","og_locale":"es_ES","og_type":"article","og_title":"\"Cuando se habla de trata de personas hay que pensar en organizaciones que se dedican al crimen organizado\" - Diario Digital Femenino","og_description":"\"Cuando se habla de trata de personas hay que pensar en organizaciones que se dedican al crimen organizado\" La comisi\u00f3n de ejecuci\u00f3n del Programa Provincial","og_url":"https:\/\/diariofemenino.com.ar\/df\/cuando-se-habla-de-trata-de-personas-hay-que-pensar-en-organizaciones-que-se-dedican-al-crimen-organizado\/","og_site_name":"Diario Digital Femenino","article_publisher":"https:\/\/www.facebook.com\/DiarioDigitaFemenino\/","article_published_time":"2019-06-06T23:10:47+00:00","og_image":[{"width":585,"height":390,"url":"https:\/\/diariofemenino.com.ar\/df\/wp-content\/uploads\/2019\/06\/sec-de-la-mujer-jornadas-585x390.jpg","type":"image\/jpeg"}],"author":"Admin","twitter_card":"summary_large_image","twitter_creator":"@DiarioFemenino1","twitter_site":"@DiarioFemenino1","twitter_misc":{"Escrito por":"Admin","Tiempo de lectura":"3 minutos"},"schema":{"@context":"https:\/\/schema.org","@graph":[{"@type":"Article","@id":"https:\/\/diariofemenino.com.ar\/df\/cuando-se-habla-de-trata-de-personas-hay-que-pensar-en-organizaciones-que-se-dedican-al-crimen-organizado\/#article","isPartOf":{"@id":"https:\/\/diariofemenino.com.ar\/df\/cuando-se-habla-de-trata-de-personas-hay-que-pensar-en-organizaciones-que-se-dedican-al-crimen-organizado\/"},"author":{"name":"Admin","@id":"https:\/\/diariofemenino.com.ar\/df\/#\/schema\/person\/1c36bc3bf394d8ec320814298b4fdd3f"},"headline":"\u00abCuando se habla de trata de personas hay que pensar en organizaciones que se dedican al crimen organizado\u00bb","datePublished":"2019-06-06T23:10:47+00:00","mainEntityOfPage":{"@id":"https:\/\/diariofemenino.com.ar\/df\/cuando-se-habla-de-trata-de-personas-hay-que-pensar-en-organizaciones-que-se-dedican-al-crimen-organizado\/"},"wordCount":605,"commentCount":0,"publisher":{"@id":"https:\/\/diariofemenino.com.ar\/df\/#organization"},"image":{"@id":"https:\/\/diariofemenino.com.ar\/df\/cuando-se-habla-de-trata-de-personas-hay-que-pensar-en-organizaciones-que-se-dedican-al-crimen-organizado\/#primaryimage"},"thumbnailUrl":"https:\/\/diariofemenino.com.ar\/df\/wp-content\/uploads\/2019\/06\/sec-de-la-mujer-jornadas-585x390.jpg","keywords":["Mujeres","Pol\u00edticas p\u00fablicas","Trata de Personas","Violencia"],"articleSection":["Noticias","Trata de Pers."],"inLanguage":"es","potentialAction":[{"@type":"CommentAction","name":"Comment","target":["https:\/\/diariofemenino.com.ar\/df\/cuando-se-habla-de-trata-de-personas-hay-que-pensar-en-organizaciones-que-se-dedican-al-crimen-organizado\/#respond"]}]},{"@type":"WebPage","@id":"https:\/\/diariofemenino.com.ar\/df\/cuando-se-habla-de-trata-de-personas-hay-que-pensar-en-organizaciones-que-se-dedican-al-crimen-organizado\/","url":"https:\/\/diariofemenino.com.ar\/df\/cuando-se-habla-de-trata-de-personas-hay-que-pensar-en-organizaciones-que-se-dedican-al-crimen-organizado\/","name":"\"Cuando se habla de trata de personas hay que pensar en organizaciones que se dedican al crimen organizado\" - Diario Digital Femenino","isPartOf":{"@id":"https:\/\/diariofemenino.com.ar\/df\/#website"},"primaryImageOfPage":{"@id":"https:\/\/diariofemenino.com.ar\/df\/cuando-se-habla-de-trata-de-personas-hay-que-pensar-en-organizaciones-que-se-dedican-al-crimen-organizado\/#primaryimage"},"image":{"@id":"https:\/\/diariofemenino.com.ar\/df\/cuando-se-habla-de-trata-de-personas-hay-que-pensar-en-organizaciones-que-se-dedican-al-crimen-organizado\/#primaryimage"},"thumbnailUrl":"https:\/\/diariofemenino.com.ar\/df\/wp-content\/uploads\/2019\/06\/sec-de-la-mujer-jornadas-585x390.jpg","datePublished":"2019-06-06T23:10:47+00:00","description":"\"Cuando se habla de trata de personas hay que pensar en organizaciones que se dedican al crimen organizado\" La comisi\u00f3n de ejecuci\u00f3n del Programa Provincial","breadcrumb":{"@id":"https:\/\/diariofemenino.com.ar\/df\/cuando-se-habla-de-trata-de-personas-hay-que-pensar-en-organizaciones-que-se-dedican-al-crimen-organizado\/#breadcrumb"},"inLanguage":"es","potentialAction":[{"@type":"ReadAction","target":["https:\/\/diariofemenino.com.ar\/df\/cuando-se-habla-de-trata-de-personas-hay-que-pensar-en-organizaciones-que-se-dedican-al-crimen-organizado\/"]}]},{"@type":"ImageObject","inLanguage":"es","@id":"https:\/\/diariofemenino.com.ar\/df\/cuando-se-habla-de-trata-de-personas-hay-que-pensar-en-organizaciones-que-se-dedican-al-crimen-organizado\/#primaryimage","url":"https:\/\/diariofemenino.com.ar\/df\/wp-content\/uploads\/2019\/06\/sec-de-la-mujer-jornadas-585x390.jpg","contentUrl":"https:\/\/diariofemenino.com.ar\/df\/wp-content\/uploads\/2019\/06\/sec-de-la-mujer-jornadas-585x390.jpg","width":585,"height":390},{"@type":"BreadcrumbList","@id":"https:\/\/diariofemenino.com.ar\/df\/cuando-se-habla-de-trata-de-personas-hay-que-pensar-en-organizaciones-que-se-dedican-al-crimen-organizado\/#breadcrumb","itemListElement":[{"@type":"ListItem","position":1,"name":"Portada","item":"https:\/\/diariofemenino.com.ar\/df\/"},{"@type":"ListItem","position":2,"name":"\u00abCuando se habla de trata de personas hay que pensar en organizaciones que se dedican al crimen organizado\u00bb"}]},{"@type":"WebSite","@id":"https:\/\/diariofemenino.com.ar\/df\/#website","url":"https:\/\/diariofemenino.com.ar\/df\/","name":"Diario Digital Femenino","description":"Cuesti\u00f3n de G\u00e9nero","publisher":{"@id":"https:\/\/diariofemenino.com.ar\/df\/#organization"},"potentialAction":[{"@type":"SearchAction","target":{"@type":"EntryPoint","urlTemplate":"https:\/\/diariofemenino.com.ar\/df\/?s={search_term_string}"},"query-input":{"@type":"PropertyValueSpecification","valueRequired":true,"valueName":"search_term_string"}}],"inLanguage":"es"},{"@type":"Organization","@id":"https:\/\/diariofemenino.com.ar\/df\/#organization","name":"Diario Femenino","url":"https:\/\/diariofemenino.com.ar\/df\/","logo":{"@type":"ImageObject","inLanguage":"es","@id":"https:\/\/diariofemenino.com.ar\/df\/#\/schema\/logo\/image\/","url":"https:\/\/diariofemenino.com.ar\/df\/wp-content\/uploads\/2018\/10\/logo.png","contentUrl":"https:\/\/diariofemenino.com.ar\/df\/wp-content\/uploads\/2018\/10\/logo.png","width":500,"height":92,"caption":"Diario Femenino"},"image":{"@id":"https:\/\/diariofemenino.com.ar\/df\/#\/schema\/logo\/image\/"},"sameAs":["https:\/\/www.facebook.com\/DiarioDigitaFemenino\/","https:\/\/x.com\/DiarioFemenino1"]},{"@type":"Person","@id":"https:\/\/diariofemenino.com.ar\/df\/#\/schema\/person\/1c36bc3bf394d8ec320814298b4fdd3f","name":"Admin","image":{"@type":"ImageObject","inLanguage":"es","@id":"https:\/\/diariofemenino.com.ar\/df\/wp-content\/uploads\/2018\/12\/favicon-150x150.jpg","url":"https:\/\/diariofemenino.com.ar\/df\/wp-content\/uploads\/2018\/12\/favicon-150x150.jpg","contentUrl":"https:\/\/diariofemenino.com.ar\/df\/wp-content\/uploads\/2018\/12\/favicon-150x150.jpg","caption":"Admin"},"url":"https:\/\/diariofemenino.com.ar\/df\/author\/sofiperez\/"}]}},"jetpack_featured_media_url":"https:\/\/diariofemenino.com.ar\/df\/wp-content\/uploads\/2019\/06\/sec-de-la-mujer-jornadas-585x390.jpg","jetpack_sharing_enabled":true,"rttpg_featured_image_url":{"full":["https:\/\/diariofemenino.com.ar\/df\/wp-content\/uploads\/2019\/06\/sec-de-la-mujer-jornadas-585x390.jpg",585,390,false],"landscape":["https:\/\/diariofemenino.com.ar\/df\/wp-content\/uploads\/2019\/06\/sec-de-la-mujer-jornadas-585x390.jpg",585,390,false],"portraits":["https:\/\/diariofemenino.com.ar\/df\/wp-content\/uploads\/2019\/06\/sec-de-la-mujer-jornadas-585x390.jpg",585,390,false],"thumbnail":["https:\/\/diariofemenino.com.ar\/df\/wp-content\/uploads\/2019\/06\/sec-de-la-mujer-jornadas-585x390-150x150.jpg",150,150,true],"medium":["https:\/\/diariofemenino.com.ar\/df\/wp-content\/uploads\/2019\/06\/sec-de-la-mujer-jornadas-585x390-300x200.jpg",300,200,true],"large":["https:\/\/diariofemenino.com.ar\/df\/wp-content\/uploads\/2019\/06\/sec-de-la-mujer-jornadas-585x390.jpg",585,390,false],"1536x1536":["https:\/\/diariofemenino.com.ar\/df\/wp-content\/uploads\/2019\/06\/sec-de-la-mujer-jornadas-585x390.jpg",585,390,false],"2048x2048":["https:\/\/diariofemenino.com.ar\/df\/wp-content\/uploads\/2019\/06\/sec-de-la-mujer-jornadas-585x390.jpg",585,390,false]},"rttpg_author":{"display_name":"Admin","author_link":"https:\/\/diariofemenino.com.ar\/df\/author\/sofiperez\/"},"rttpg_comment":0,"rttpg_category":"<a href=\"https:\/\/diariofemenino.com.ar\/df\/category\/noticias\/\" rel=\"category tag\">Noticias<\/a> <a href=\"https:\/\/diariofemenino.com.ar\/df\/category\/trata-de-personas\/\" rel=\"category tag\">Trata de Pers.<\/a>","rttpg_excerpt":"\u00abCuando se habla de trata de personas hay que pensar en organizaciones que se dedican al crimen organizado\u00bb La comisi\u00f3n de ejecuci\u00f3n del Programa Provincial para la prevenci\u00f3n, protecci\u00f3n y asistencia de las v\u00edctimas de trata de la Provincia, -integrada por representantes de los Ministerios de Seguridad, de Desarrollo Social, de Salud, de la Producci\u00f3n,&hellip;","_links":{"self":[{"href":"https:\/\/diariofemenino.com.ar\/df\/wp-json\/wp\/v2\/posts\/36543","targetHints":{"allow":["GET"]}}],"collection":[{"href":"https:\/\/diariofemenino.com.ar\/df\/wp-json\/wp\/v2\/posts"}],"about":[{"href":"https:\/\/diariofemenino.com.ar\/df\/wp-json\/wp\/v2\/types\/post"}],"author":[{"embeddable":true,"href":"https:\/\/diariofemenino.com.ar\/df\/wp-json\/wp\/v2\/users\/3"}],"replies":[{"embeddable":true,"href":"https:\/\/diariofemenino.com.ar\/df\/wp-json\/wp\/v2\/comments?post=36543"}],"version-history":[{"count":0,"href":"https:\/\/diariofemenino.com.ar\/df\/wp-json\/wp\/v2\/posts\/36543\/revisions"}],"wp:featuredmedia":[{"embeddable":true,"href":"https:\/\/diariofemenino.com.ar\/df\/wp-json\/wp\/v2\/media\/36547"}],"wp:attachment":[{"href":"https:\/\/diariofemenino.com.ar\/df\/wp-json\/wp\/v2\/media?parent=36543"}],"wp:term":[{"taxonomy":"category","embeddable":true,"href":"https:\/\/diariofemenino.com.ar\/df\/wp-json\/wp\/v2\/categories?post=36543"},{"taxonomy":"post_tag","embeddable":true,"href":"https:\/\/diariofemenino.com.ar\/df\/wp-json\/wp\/v2\/tags?post=36543"}],"curies":[{"name":"wp","href":"https:\/\/api.w.org\/{rel}","templated":true}]}}