{"id":36538,"date":"2019-06-06T20:23:07","date_gmt":"2019-06-06T23:23:07","guid":{"rendered":"https:\/\/diariofemenino.com.ar\/?p=36538"},"modified":"2019-06-06T20:23:07","modified_gmt":"2019-06-06T23:23:07","slug":"por-que-hay-que-creer-a-las-mujeres","status":"publish","type":"post","link":"https:\/\/diariofemenino.com.ar\/df\/por-que-hay-que-creer-a-las-mujeres\/","title":{"rendered":"\u00bfPor qu\u00e9 hay que creer a las mujeres?"},"content":{"rendered":"<h3 style=\"text-align: center;\" data-fontsize=\"34\" data-lineheight=\"51\">\u00bfPor qu\u00e9 hay que creer a las mujeres?<\/h3>\n<p class=\"entry-title fusion-post-title\" data-fontsize=\"34\" data-lineheight=\"51\">por <a href=\"http:\/\/www.ajfv.es\/\">Jorge Fern\u00e1ndez Vaquero<\/a><\/p>\n<figure id=\"attachment_36549\" aria-describedby=\"caption-attachment-36549\" style=\"width: 643px\" class=\"wp-caption alignnone\"><img loading=\"lazy\" decoding=\"async\" class=\"size-full wp-image-36549\" src=\"https:\/\/diariofemenino.com.ar\/df\/wp-content\/uploads\/2019\/06\/Manifestacion-Madrid-Foto-David-Conde_EDIIMA20171125_0384_19.jpg\" alt=\"\u00bfPor qu\u00e9 hay que creer a las mujeres?\" width=\"643\" height=\"362\" srcset=\"https:\/\/diariofemenino.com.ar\/df\/wp-content\/uploads\/2019\/06\/Manifestacion-Madrid-Foto-David-Conde_EDIIMA20171125_0384_19.jpg 643w, https:\/\/diariofemenino.com.ar\/df\/wp-content\/uploads\/2019\/06\/Manifestacion-Madrid-Foto-David-Conde_EDIIMA20171125_0384_19-300x169.jpg 300w\" sizes=\"auto, (max-width: 643px) 100vw, 643px\" \/><figcaption id=\"caption-attachment-36549\" class=\"wp-caption-text\">Manifestacion-Madrid-Foto-David-Conde_EDIIMA<\/figcaption><\/figure>\n<p class=\"news-header-opening-txt\" data-fontsize=\"18\" data-lineheight=\"27\"><strong>Esa actitud renuente a aceptar el testimonio de la v\u00edctima como un punto de partida fiable de la investigaci\u00f3n se da sistem\u00e1ticamente en los casos de <a href=\"https:\/\/diariofemenino.com.ar\/\">violencia de g\u00e9nero<\/a><\/strong><\/p>\n<p>Hace algunos meses, durante una charla informal con conocidos, la conversaci\u00f3n deriv\u00f3 hacia las peculiaridades de mi trabajo como<strong>\u00a0juez encargado<\/strong>\u00a0de asuntos de\u00a0<strong>violencia de g\u00e9nero<\/strong>. Cuando estaba comentando las dificultades que entra\u00f1a en ocasiones la investigaci\u00f3n de estos delitos, en los que frecuentemente el juez instructor se enfrenta a<strong>\u00a0dos versiones contradictorias<\/strong>\u00a0sobre un mismo suceso sin disponer de testigos u otros medios de prueba, una de mis interlocutoras coment\u00f3 lo extra\u00f1o que deb\u00eda de resultar escuchar el relato de la v\u00edctima y, al mismo tiempo, estar pensando<strong>\u00a0c\u00f3mo descubrir si est\u00e1 mintiendo<\/strong>. Le expliqu\u00e9 que mi trabajo como juez de instrucci\u00f3n no consiste en averiguar si la v\u00edctima miente, sino en<strong>\u00a0comprobar si dice la verdad<\/strong>.<\/p>\n<p>Puede parecer un mero juego de palabras, pero no lo es en absoluto.\u00a0<strong>La forma en la que interrogamos a la v\u00edctima<\/strong>, el tipo de preguntas que le hacemos, el tono de nuestro interrogatorio o las diligencias de investigaci\u00f3n que acordamos no ser\u00e1n necesariamente iguales si nuestro objetivo es descubrir al mentiroso que si lo que pretendemos es\u00a0<strong>buscar elementos de convicci\u00f3n que confirmen la versi\u00f3n de la v\u00edctima<\/strong>. Y en los casos de violencia de g\u00e9nero, al igual que en los delitos contra la libertad sexual, esa\u00a0<strong>actitud renuente a aceptar el testimonio de la v\u00edctima<\/strong>\u00a0como un punto de partida fiable de la investigaci\u00f3n se da sistem\u00e1ticamente.<\/p>\n<blockquote><p><span class=\"summary block-summary\">El estereotipo, de este modo, se transforma en un prejuicio discriminatorio que se basa exclusivamente en el g\u00e9nero de la v\u00edctima<\/span><\/p><\/blockquote>\n<p>Parece estar extendida la creencia de que cuando una <a href=\"https:\/\/diariofemenino.com.ar\/las-mujeres-en-el-principio-de-todo\/\">mujer<\/a> denuncia un delito de este tipo est\u00e1 mintiendo. Esa creencia, que no se apoya en ning\u00fan dato o evidencia objetivos que conozcamos, es la que hace que, una y otra vez, personas de la m\u00e1s diversa condici\u00f3n me pregunten acerca de las\u00a0<strong>denuncias falsas<\/strong>; o que este asunto sea tratado de manera recurrente en los<strong>\u00a0medios de comunicaci\u00f3n<\/strong>. Cuando<strong>ese estereotipo se traslada a la actuaci\u00f3n de las autoridades\u00a0<\/strong>encargadas de investigar aquellos delitos y proteger a las v\u00edctimas, se convierte en una barrera que dificulta que estas personas reciban una respuesta policial y judicial adecuada. El estereotipo, de este modo, se transforma en un prejuicio discriminatorio que se basa exclusivamente en el<strong>\u00a0g\u00e9nero de la v\u00edctima<\/strong>.<\/p>\n<p>En estos d\u00edas, hemos conocido la publicaci\u00f3n de un reportaje period\u00edstico ganador del\u00a0<strong>premio Pulitzer (\u201cCreedme\u201d)<\/strong>, en el que se pone de manifiesto c\u00f3mo algunas\u00a0<strong>v\u00edctimas<\/strong>\u00a0de delitos sexuales en EEUU terminaron por\u00a0<strong>confesar que su denuncia era falsa debido a las t\u00e9cnicas de investigaci\u00f3n\u00a0<\/strong>empleadas por la polic\u00eda, normalmente aplicadas a los investigados, pese a que los hechos denunciados se demostraron posteriormente ciertos. Es un buen ejemplo de las consecuencias extremas que produce el<strong>\u00a0responder a la petici\u00f3n de ayuda de las v\u00edctimas desde los estereotipos<\/strong>.<\/p>\n<blockquote><p><span class=\"summary block-summary\">Esto no quiere decir que debamos asumir su relato como una verdad irrefutable. Ello ir\u00eda en contra de la presunci\u00f3n de inocencia<\/span><\/p><\/blockquote>\n<p>La soluci\u00f3n pasa, naturalmente, por\u00a0<strong>no cuestionar acr\u00edticamente a estas mujeres<\/strong>. Esto no quiere decir que debamos asumir su relato como una verdad irrefutable. Ello ir\u00eda en contra de la\u00a0<strong>presunci\u00f3n de inocencia\u00a0<\/strong>y quebrar\u00eda las reglas b\u00e1sicas de nuestro sistema de libertades. La versi\u00f3n de la v\u00edctima debe ser contrastada durante el proceso, primero en la fase de instrucci\u00f3n y luego en el juicio. Y solamente si un tribunal imparcial, tras someterla a cr\u00edtica racional, la considera suficiente como para\u00a0<strong>excluir cualquier duda razonable<\/strong>\u00a0sobre la culpabilidad del acusado, puede este ser condenado con fundamento en la declaraci\u00f3n de la v\u00edctima.<\/p>\n<p>Pero esto no nos obliga a asumir como punto de partida de la investigaci\u00f3n criminal que, a menos que se demuestre lo contrario, la v\u00edctima est\u00e1 mintiendo<strong>. Hay que creer a las mujeres\u00a0<\/strong>que denuncian delitos sexuales o de violencia de g\u00e9nero. No para destruir la presunci\u00f3n de inocencia, sino para que estas v\u00edctimas reciban el mismo trato que todas las dem\u00e1s.<\/p>\n<p><em><b>***Jorge Fern\u00e1ndez Vaquero\u00a0<\/b>es<b>\u00a0<\/b>magistrado de Violencia sobre la Mujer y miembro de la Comisi\u00f3n de Igualdad de AJFV.<\/em><\/p>\n<p>Fuente:\u00a0<a href=\"https:\/\/blogs.elconfidencial.com\/espana\/tribuna\/2019-06-05\/por-que-creer-mujeres_2054298\/\" target=\"_blank\" rel=\"noopener noreferrer\">elconfidencial.com<\/a><\/p>\n","protected":false},"excerpt":{"rendered":"<p>\u00bfPor qu\u00e9 hay que creer a las mujeres? por Jorge Fern\u00e1ndez Vaquero Esa actitud renuente a aceptar el testimonio de la v\u00edctima como un punto de partida fiable de la investigaci\u00f3n se da sistem\u00e1ticamente en los casos de violencia de g\u00e9nero Hace algunos meses, durante una charla informal con conocidos, la conversaci\u00f3n deriv\u00f3 hacia las [&hellip;]<\/p>\n","protected":false},"author":4,"featured_media":36550,"comment_status":"open","ping_status":"open","sticky":false,"template":"","format":"standard","meta":{"iawp_total_views":44,"footnotes":""},"categories":[32,592],"tags":[1380,819,1379],"class_list":["post-36538","post","type-post","status-publish","format-standard","has-post-thumbnail","hentry","category-mujeres","category-violencias","tag-jorge-fernandez-vaquero","tag-violencias","tag-por-que-hay-que-creer-a-las-mujeres"],"nelio_content":{"autoShareEndMode":"never","automationSources":{"useCustomSentences":false,"customSentences":[]},"efiAlt":"","efiUrl":"","followers":[4],"highlights":[],"isAutoShareEnabled":true,"networkImageIds":[],"permalinkQueryArgs":[],"series":[],"suggestedReferences":[]},"yoast_head":"<!-- This site is optimized with the Yoast SEO plugin v27.5 - https:\/\/yoast.com\/product\/yoast-seo-wordpress\/ -->\n<title>\u00bfPor qu\u00e9 hay que creer a las mujeres? - Diario Digital Femenino<\/title>\n<meta name=\"description\" content=\"\u00bfPor qu\u00e9 hay que creer a las mujeres? Sobre esa actitud renuente a aceptar el testimonio de la v\u00edctima, por Jorge Fern\u00e1ndez Vaquero\" \/>\n<meta name=\"robots\" content=\"index, follow, max-snippet:-1, max-image-preview:large, max-video-preview:-1\" \/>\n<link rel=\"canonical\" href=\"https:\/\/diariofemenino.com.ar\/df\/por-que-hay-que-creer-a-las-mujeres\/\" \/>\n<meta property=\"og:locale\" content=\"es_ES\" \/>\n<meta property=\"og:type\" content=\"article\" \/>\n<meta property=\"og:title\" content=\"\u00bfPor qu\u00e9 hay que creer a las mujeres? - Diario Digital Femenino\" \/>\n<meta property=\"og:description\" content=\"\u00bfPor qu\u00e9 hay que creer a las mujeres? Sobre esa actitud renuente a aceptar el testimonio de la v\u00edctima, por Jorge Fern\u00e1ndez Vaquero\" \/>\n<meta property=\"og:url\" content=\"https:\/\/diariofemenino.com.ar\/df\/por-que-hay-que-creer-a-las-mujeres\/\" \/>\n<meta property=\"og:site_name\" content=\"Diario Digital Femenino\" \/>\n<meta property=\"article:publisher\" content=\"https:\/\/www.facebook.com\/DiarioDigitaFemenino\/\" \/>\n<meta property=\"article:published_time\" content=\"2019-06-06T23:23:07+00:00\" \/>\n<meta property=\"og:image\" content=\"https:\/\/diariofemenino.com.ar\/df\/wp-content\/uploads\/2019\/06\/Manifestacion-organizada-Plataforma-Violencia-Mujeres_EDIIMA20131016_0381_4.jpg\" \/>\n\t<meta property=\"og:image:width\" content=\"643\" \/>\n\t<meta property=\"og:image:height\" content=\"362\" \/>\n\t<meta property=\"og:image:type\" content=\"image\/jpeg\" \/>\n<meta name=\"author\" content=\"Admin\" \/>\n<meta name=\"twitter:card\" content=\"summary_large_image\" \/>\n<meta name=\"twitter:creator\" content=\"@DiarioFemenino1\" \/>\n<meta name=\"twitter:site\" content=\"@DiarioFemenino1\" \/>\n<meta name=\"twitter:label1\" content=\"Escrito por\" \/>\n\t<meta name=\"twitter:data1\" content=\"Admin\" \/>\n\t<meta name=\"twitter:label2\" content=\"Tiempo de lectura\" \/>\n\t<meta name=\"twitter:data2\" content=\"4 minutos\" \/>\n<script type=\"application\/ld+json\" class=\"yoast-schema-graph\">{\"@context\":\"https:\\\/\\\/schema.org\",\"@graph\":[{\"@type\":\"Article\",\"@id\":\"https:\\\/\\\/diariofemenino.com.ar\\\/df\\\/por-que-hay-que-creer-a-las-mujeres\\\/#article\",\"isPartOf\":{\"@id\":\"https:\\\/\\\/diariofemenino.com.ar\\\/df\\\/por-que-hay-que-creer-a-las-mujeres\\\/\"},\"author\":{\"name\":\"Admin\",\"@id\":\"https:\\\/\\\/diariofemenino.com.ar\\\/df\\\/#\\\/schema\\\/person\\\/bf6199e8158c657ea6f789b11ec85509\"},\"headline\":\"\u00bfPor qu\u00e9 hay que creer a las mujeres?\",\"datePublished\":\"2019-06-06T23:23:07+00:00\",\"mainEntityOfPage\":{\"@id\":\"https:\\\/\\\/diariofemenino.com.ar\\\/df\\\/por-que-hay-que-creer-a-las-mujeres\\\/\"},\"wordCount\":795,\"commentCount\":0,\"publisher\":{\"@id\":\"https:\\\/\\\/diariofemenino.com.ar\\\/df\\\/#organization\"},\"image\":{\"@id\":\"https:\\\/\\\/diariofemenino.com.ar\\\/df\\\/por-que-hay-que-creer-a-las-mujeres\\\/#primaryimage\"},\"thumbnailUrl\":\"https:\\\/\\\/diariofemenino.com.ar\\\/df\\\/wp-content\\\/uploads\\\/2019\\\/06\\\/Manifestacion-organizada-Plataforma-Violencia-Mujeres_EDIIMA20131016_0381_4.jpg\",\"keywords\":[\"Jorge Fern\u00e1ndez Vaquero\",\"Violencias\",\"\u00bfPor qu\u00e9 hay que creer a las mujeres?\"],\"articleSection\":[\"Mujeres\",\"Violencias\"],\"inLanguage\":\"es\",\"potentialAction\":[{\"@type\":\"CommentAction\",\"name\":\"Comment\",\"target\":[\"https:\\\/\\\/diariofemenino.com.ar\\\/df\\\/por-que-hay-que-creer-a-las-mujeres\\\/#respond\"]}]},{\"@type\":\"WebPage\",\"@id\":\"https:\\\/\\\/diariofemenino.com.ar\\\/df\\\/por-que-hay-que-creer-a-las-mujeres\\\/\",\"url\":\"https:\\\/\\\/diariofemenino.com.ar\\\/df\\\/por-que-hay-que-creer-a-las-mujeres\\\/\",\"name\":\"\u00bfPor qu\u00e9 hay que creer a las mujeres? - Diario Digital Femenino\",\"isPartOf\":{\"@id\":\"https:\\\/\\\/diariofemenino.com.ar\\\/df\\\/#website\"},\"primaryImageOfPage\":{\"@id\":\"https:\\\/\\\/diariofemenino.com.ar\\\/df\\\/por-que-hay-que-creer-a-las-mujeres\\\/#primaryimage\"},\"image\":{\"@id\":\"https:\\\/\\\/diariofemenino.com.ar\\\/df\\\/por-que-hay-que-creer-a-las-mujeres\\\/#primaryimage\"},\"thumbnailUrl\":\"https:\\\/\\\/diariofemenino.com.ar\\\/df\\\/wp-content\\\/uploads\\\/2019\\\/06\\\/Manifestacion-organizada-Plataforma-Violencia-Mujeres_EDIIMA20131016_0381_4.jpg\",\"datePublished\":\"2019-06-06T23:23:07+00:00\",\"description\":\"\u00bfPor qu\u00e9 hay que creer a las mujeres? Sobre esa actitud renuente a aceptar el testimonio de la v\u00edctima, por Jorge Fern\u00e1ndez Vaquero\",\"breadcrumb\":{\"@id\":\"https:\\\/\\\/diariofemenino.com.ar\\\/df\\\/por-que-hay-que-creer-a-las-mujeres\\\/#breadcrumb\"},\"inLanguage\":\"es\",\"potentialAction\":[{\"@type\":\"ReadAction\",\"target\":[\"https:\\\/\\\/diariofemenino.com.ar\\\/df\\\/por-que-hay-que-creer-a-las-mujeres\\\/\"]}]},{\"@type\":\"ImageObject\",\"inLanguage\":\"es\",\"@id\":\"https:\\\/\\\/diariofemenino.com.ar\\\/df\\\/por-que-hay-que-creer-a-las-mujeres\\\/#primaryimage\",\"url\":\"https:\\\/\\\/diariofemenino.com.ar\\\/df\\\/wp-content\\\/uploads\\\/2019\\\/06\\\/Manifestacion-organizada-Plataforma-Violencia-Mujeres_EDIIMA20131016_0381_4.jpg\",\"contentUrl\":\"https:\\\/\\\/diariofemenino.com.ar\\\/df\\\/wp-content\\\/uploads\\\/2019\\\/06\\\/Manifestacion-organizada-Plataforma-Violencia-Mujeres_EDIIMA20131016_0381_4.jpg\",\"width\":643,\"height\":362,\"caption\":\"\u00bfPor qu\u00e9 hay que creer a las mujeres?\"},{\"@type\":\"BreadcrumbList\",\"@id\":\"https:\\\/\\\/diariofemenino.com.ar\\\/df\\\/por-que-hay-que-creer-a-las-mujeres\\\/#breadcrumb\",\"itemListElement\":[{\"@type\":\"ListItem\",\"position\":1,\"name\":\"Portada\",\"item\":\"https:\\\/\\\/diariofemenino.com.ar\\\/df\\\/\"},{\"@type\":\"ListItem\",\"position\":2,\"name\":\"\u00bfPor qu\u00e9 hay que creer a las mujeres?\"}]},{\"@type\":\"WebSite\",\"@id\":\"https:\\\/\\\/diariofemenino.com.ar\\\/df\\\/#website\",\"url\":\"https:\\\/\\\/diariofemenino.com.ar\\\/df\\\/\",\"name\":\"Diario Digital Femenino\",\"description\":\"Cuesti\u00f3n de G\u00e9nero\",\"publisher\":{\"@id\":\"https:\\\/\\\/diariofemenino.com.ar\\\/df\\\/#organization\"},\"potentialAction\":[{\"@type\":\"SearchAction\",\"target\":{\"@type\":\"EntryPoint\",\"urlTemplate\":\"https:\\\/\\\/diariofemenino.com.ar\\\/df\\\/?s={search_term_string}\"},\"query-input\":{\"@type\":\"PropertyValueSpecification\",\"valueRequired\":true,\"valueName\":\"search_term_string\"}}],\"inLanguage\":\"es\"},{\"@type\":\"Organization\",\"@id\":\"https:\\\/\\\/diariofemenino.com.ar\\\/df\\\/#organization\",\"name\":\"Diario Femenino\",\"url\":\"https:\\\/\\\/diariofemenino.com.ar\\\/df\\\/\",\"logo\":{\"@type\":\"ImageObject\",\"inLanguage\":\"es\",\"@id\":\"https:\\\/\\\/diariofemenino.com.ar\\\/df\\\/#\\\/schema\\\/logo\\\/image\\\/\",\"url\":\"https:\\\/\\\/diariofemenino.com.ar\\\/df\\\/wp-content\\\/uploads\\\/2018\\\/10\\\/logo.png\",\"contentUrl\":\"https:\\\/\\\/diariofemenino.com.ar\\\/df\\\/wp-content\\\/uploads\\\/2018\\\/10\\\/logo.png\",\"width\":500,\"height\":92,\"caption\":\"Diario Femenino\"},\"image\":{\"@id\":\"https:\\\/\\\/diariofemenino.com.ar\\\/df\\\/#\\\/schema\\\/logo\\\/image\\\/\"},\"sameAs\":[\"https:\\\/\\\/www.facebook.com\\\/DiarioDigitaFemenino\\\/\",\"https:\\\/\\\/x.com\\\/DiarioFemenino1\"]},{\"@type\":\"Person\",\"@id\":\"https:\\\/\\\/diariofemenino.com.ar\\\/df\\\/#\\\/schema\\\/person\\\/bf6199e8158c657ea6f789b11ec85509\",\"name\":\"Admin\",\"image\":{\"@type\":\"ImageObject\",\"inLanguage\":\"es\",\"@id\":\"https:\\\/\\\/diariofemenino.com.ar\\\/df\\\/wp-content\\\/uploads\\\/2018\\\/12\\\/favicon-150x150.jpg\",\"url\":\"https:\\\/\\\/diariofemenino.com.ar\\\/df\\\/wp-content\\\/uploads\\\/2018\\\/12\\\/favicon-150x150.jpg\",\"contentUrl\":\"https:\\\/\\\/diariofemenino.com.ar\\\/df\\\/wp-content\\\/uploads\\\/2018\\\/12\\\/favicon-150x150.jpg\",\"caption\":\"Admin\"},\"url\":\"https:\\\/\\\/diariofemenino.com.ar\\\/df\\\/author\\\/lenny\\\/\"}]}<\/script>\n<!-- \/ Yoast SEO plugin. -->","yoast_head_json":{"title":"\u00bfPor qu\u00e9 hay que creer a las mujeres? - Diario Digital Femenino","description":"\u00bfPor qu\u00e9 hay que creer a las mujeres? Sobre esa actitud renuente a aceptar el testimonio de la v\u00edctima, por Jorge Fern\u00e1ndez Vaquero","robots":{"index":"index","follow":"follow","max-snippet":"max-snippet:-1","max-image-preview":"max-image-preview:large","max-video-preview":"max-video-preview:-1"},"canonical":"https:\/\/diariofemenino.com.ar\/df\/por-que-hay-que-creer-a-las-mujeres\/","og_locale":"es_ES","og_type":"article","og_title":"\u00bfPor qu\u00e9 hay que creer a las mujeres? - Diario Digital Femenino","og_description":"\u00bfPor qu\u00e9 hay que creer a las mujeres? Sobre esa actitud renuente a aceptar el testimonio de la v\u00edctima, por Jorge Fern\u00e1ndez Vaquero","og_url":"https:\/\/diariofemenino.com.ar\/df\/por-que-hay-que-creer-a-las-mujeres\/","og_site_name":"Diario Digital Femenino","article_publisher":"https:\/\/www.facebook.com\/DiarioDigitaFemenino\/","article_published_time":"2019-06-06T23:23:07+00:00","og_image":[{"width":643,"height":362,"url":"https:\/\/diariofemenino.com.ar\/df\/wp-content\/uploads\/2019\/06\/Manifestacion-organizada-Plataforma-Violencia-Mujeres_EDIIMA20131016_0381_4.jpg","type":"image\/jpeg"}],"author":"Admin","twitter_card":"summary_large_image","twitter_creator":"@DiarioFemenino1","twitter_site":"@DiarioFemenino1","twitter_misc":{"Escrito por":"Admin","Tiempo de lectura":"4 minutos"},"schema":{"@context":"https:\/\/schema.org","@graph":[{"@type":"Article","@id":"https:\/\/diariofemenino.com.ar\/df\/por-que-hay-que-creer-a-las-mujeres\/#article","isPartOf":{"@id":"https:\/\/diariofemenino.com.ar\/df\/por-que-hay-que-creer-a-las-mujeres\/"},"author":{"name":"Admin","@id":"https:\/\/diariofemenino.com.ar\/df\/#\/schema\/person\/bf6199e8158c657ea6f789b11ec85509"},"headline":"\u00bfPor qu\u00e9 hay que creer a las mujeres?","datePublished":"2019-06-06T23:23:07+00:00","mainEntityOfPage":{"@id":"https:\/\/diariofemenino.com.ar\/df\/por-que-hay-que-creer-a-las-mujeres\/"},"wordCount":795,"commentCount":0,"publisher":{"@id":"https:\/\/diariofemenino.com.ar\/df\/#organization"},"image":{"@id":"https:\/\/diariofemenino.com.ar\/df\/por-que-hay-que-creer-a-las-mujeres\/#primaryimage"},"thumbnailUrl":"https:\/\/diariofemenino.com.ar\/df\/wp-content\/uploads\/2019\/06\/Manifestacion-organizada-Plataforma-Violencia-Mujeres_EDIIMA20131016_0381_4.jpg","keywords":["Jorge Fern\u00e1ndez Vaquero","Violencias","\u00bfPor qu\u00e9 hay que creer a las mujeres?"],"articleSection":["Mujeres","Violencias"],"inLanguage":"es","potentialAction":[{"@type":"CommentAction","name":"Comment","target":["https:\/\/diariofemenino.com.ar\/df\/por-que-hay-que-creer-a-las-mujeres\/#respond"]}]},{"@type":"WebPage","@id":"https:\/\/diariofemenino.com.ar\/df\/por-que-hay-que-creer-a-las-mujeres\/","url":"https:\/\/diariofemenino.com.ar\/df\/por-que-hay-que-creer-a-las-mujeres\/","name":"\u00bfPor qu\u00e9 hay que creer a las mujeres? - Diario Digital Femenino","isPartOf":{"@id":"https:\/\/diariofemenino.com.ar\/df\/#website"},"primaryImageOfPage":{"@id":"https:\/\/diariofemenino.com.ar\/df\/por-que-hay-que-creer-a-las-mujeres\/#primaryimage"},"image":{"@id":"https:\/\/diariofemenino.com.ar\/df\/por-que-hay-que-creer-a-las-mujeres\/#primaryimage"},"thumbnailUrl":"https:\/\/diariofemenino.com.ar\/df\/wp-content\/uploads\/2019\/06\/Manifestacion-organizada-Plataforma-Violencia-Mujeres_EDIIMA20131016_0381_4.jpg","datePublished":"2019-06-06T23:23:07+00:00","description":"\u00bfPor qu\u00e9 hay que creer a las mujeres? Sobre esa actitud renuente a aceptar el testimonio de la v\u00edctima, por Jorge Fern\u00e1ndez Vaquero","breadcrumb":{"@id":"https:\/\/diariofemenino.com.ar\/df\/por-que-hay-que-creer-a-las-mujeres\/#breadcrumb"},"inLanguage":"es","potentialAction":[{"@type":"ReadAction","target":["https:\/\/diariofemenino.com.ar\/df\/por-que-hay-que-creer-a-las-mujeres\/"]}]},{"@type":"ImageObject","inLanguage":"es","@id":"https:\/\/diariofemenino.com.ar\/df\/por-que-hay-que-creer-a-las-mujeres\/#primaryimage","url":"https:\/\/diariofemenino.com.ar\/df\/wp-content\/uploads\/2019\/06\/Manifestacion-organizada-Plataforma-Violencia-Mujeres_EDIIMA20131016_0381_4.jpg","contentUrl":"https:\/\/diariofemenino.com.ar\/df\/wp-content\/uploads\/2019\/06\/Manifestacion-organizada-Plataforma-Violencia-Mujeres_EDIIMA20131016_0381_4.jpg","width":643,"height":362,"caption":"\u00bfPor qu\u00e9 hay que creer a las mujeres?"},{"@type":"BreadcrumbList","@id":"https:\/\/diariofemenino.com.ar\/df\/por-que-hay-que-creer-a-las-mujeres\/#breadcrumb","itemListElement":[{"@type":"ListItem","position":1,"name":"Portada","item":"https:\/\/diariofemenino.com.ar\/df\/"},{"@type":"ListItem","position":2,"name":"\u00bfPor qu\u00e9 hay que creer a las mujeres?"}]},{"@type":"WebSite","@id":"https:\/\/diariofemenino.com.ar\/df\/#website","url":"https:\/\/diariofemenino.com.ar\/df\/","name":"Diario Digital Femenino","description":"Cuesti\u00f3n de G\u00e9nero","publisher":{"@id":"https:\/\/diariofemenino.com.ar\/df\/#organization"},"potentialAction":[{"@type":"SearchAction","target":{"@type":"EntryPoint","urlTemplate":"https:\/\/diariofemenino.com.ar\/df\/?s={search_term_string}"},"query-input":{"@type":"PropertyValueSpecification","valueRequired":true,"valueName":"search_term_string"}}],"inLanguage":"es"},{"@type":"Organization","@id":"https:\/\/diariofemenino.com.ar\/df\/#organization","name":"Diario Femenino","url":"https:\/\/diariofemenino.com.ar\/df\/","logo":{"@type":"ImageObject","inLanguage":"es","@id":"https:\/\/diariofemenino.com.ar\/df\/#\/schema\/logo\/image\/","url":"https:\/\/diariofemenino.com.ar\/df\/wp-content\/uploads\/2018\/10\/logo.png","contentUrl":"https:\/\/diariofemenino.com.ar\/df\/wp-content\/uploads\/2018\/10\/logo.png","width":500,"height":92,"caption":"Diario Femenino"},"image":{"@id":"https:\/\/diariofemenino.com.ar\/df\/#\/schema\/logo\/image\/"},"sameAs":["https:\/\/www.facebook.com\/DiarioDigitaFemenino\/","https:\/\/x.com\/DiarioFemenino1"]},{"@type":"Person","@id":"https:\/\/diariofemenino.com.ar\/df\/#\/schema\/person\/bf6199e8158c657ea6f789b11ec85509","name":"Admin","image":{"@type":"ImageObject","inLanguage":"es","@id":"https:\/\/diariofemenino.com.ar\/df\/wp-content\/uploads\/2018\/12\/favicon-150x150.jpg","url":"https:\/\/diariofemenino.com.ar\/df\/wp-content\/uploads\/2018\/12\/favicon-150x150.jpg","contentUrl":"https:\/\/diariofemenino.com.ar\/df\/wp-content\/uploads\/2018\/12\/favicon-150x150.jpg","caption":"Admin"},"url":"https:\/\/diariofemenino.com.ar\/df\/author\/lenny\/"}]}},"jetpack_featured_media_url":"https:\/\/diariofemenino.com.ar\/df\/wp-content\/uploads\/2019\/06\/Manifestacion-organizada-Plataforma-Violencia-Mujeres_EDIIMA20131016_0381_4.jpg","jetpack_sharing_enabled":true,"rttpg_featured_image_url":{"full":["https:\/\/diariofemenino.com.ar\/df\/wp-content\/uploads\/2019\/06\/Manifestacion-organizada-Plataforma-Violencia-Mujeres_EDIIMA20131016_0381_4.jpg",643,362,false],"landscape":["https:\/\/diariofemenino.com.ar\/df\/wp-content\/uploads\/2019\/06\/Manifestacion-organizada-Plataforma-Violencia-Mujeres_EDIIMA20131016_0381_4.jpg",643,362,false],"portraits":["https:\/\/diariofemenino.com.ar\/df\/wp-content\/uploads\/2019\/06\/Manifestacion-organizada-Plataforma-Violencia-Mujeres_EDIIMA20131016_0381_4.jpg",643,362,false],"thumbnail":["https:\/\/diariofemenino.com.ar\/df\/wp-content\/uploads\/2019\/06\/Manifestacion-organizada-Plataforma-Violencia-Mujeres_EDIIMA20131016_0381_4-150x150.jpg",150,150,true],"medium":["https:\/\/diariofemenino.com.ar\/df\/wp-content\/uploads\/2019\/06\/Manifestacion-organizada-Plataforma-Violencia-Mujeres_EDIIMA20131016_0381_4-300x169.jpg",300,169,true],"large":["https:\/\/diariofemenino.com.ar\/df\/wp-content\/uploads\/2019\/06\/Manifestacion-organizada-Plataforma-Violencia-Mujeres_EDIIMA20131016_0381_4.jpg",643,362,false],"1536x1536":["https:\/\/diariofemenino.com.ar\/df\/wp-content\/uploads\/2019\/06\/Manifestacion-organizada-Plataforma-Violencia-Mujeres_EDIIMA20131016_0381_4.jpg",643,362,false],"2048x2048":["https:\/\/diariofemenino.com.ar\/df\/wp-content\/uploads\/2019\/06\/Manifestacion-organizada-Plataforma-Violencia-Mujeres_EDIIMA20131016_0381_4.jpg",643,362,false]},"rttpg_author":{"display_name":"Admin","author_link":"https:\/\/diariofemenino.com.ar\/df\/author\/lenny\/"},"rttpg_comment":0,"rttpg_category":"<a href=\"https:\/\/diariofemenino.com.ar\/df\/category\/mujeres\/\" rel=\"category tag\">Mujeres<\/a> <a href=\"https:\/\/diariofemenino.com.ar\/df\/category\/violencias\/\" rel=\"category tag\">Violencias<\/a>","rttpg_excerpt":"\u00bfPor qu\u00e9 hay que creer a las mujeres? por Jorge Fern\u00e1ndez Vaquero Esa actitud renuente a aceptar el testimonio de la v\u00edctima como un punto de partida fiable de la investigaci\u00f3n se da sistem\u00e1ticamente en los casos de violencia de g\u00e9nero Hace algunos meses, durante una charla informal con conocidos, la conversaci\u00f3n deriv\u00f3 hacia las&hellip;","_links":{"self":[{"href":"https:\/\/diariofemenino.com.ar\/df\/wp-json\/wp\/v2\/posts\/36538","targetHints":{"allow":["GET"]}}],"collection":[{"href":"https:\/\/diariofemenino.com.ar\/df\/wp-json\/wp\/v2\/posts"}],"about":[{"href":"https:\/\/diariofemenino.com.ar\/df\/wp-json\/wp\/v2\/types\/post"}],"author":[{"embeddable":true,"href":"https:\/\/diariofemenino.com.ar\/df\/wp-json\/wp\/v2\/users\/4"}],"replies":[{"embeddable":true,"href":"https:\/\/diariofemenino.com.ar\/df\/wp-json\/wp\/v2\/comments?post=36538"}],"version-history":[{"count":0,"href":"https:\/\/diariofemenino.com.ar\/df\/wp-json\/wp\/v2\/posts\/36538\/revisions"}],"wp:featuredmedia":[{"embeddable":true,"href":"https:\/\/diariofemenino.com.ar\/df\/wp-json\/wp\/v2\/media\/36550"}],"wp:attachment":[{"href":"https:\/\/diariofemenino.com.ar\/df\/wp-json\/wp\/v2\/media?parent=36538"}],"wp:term":[{"taxonomy":"category","embeddable":true,"href":"https:\/\/diariofemenino.com.ar\/df\/wp-json\/wp\/v2\/categories?post=36538"},{"taxonomy":"post_tag","embeddable":true,"href":"https:\/\/diariofemenino.com.ar\/df\/wp-json\/wp\/v2\/tags?post=36538"}],"curies":[{"name":"wp","href":"https:\/\/api.w.org\/{rel}","templated":true}]}}