{"id":36252,"date":"2019-05-30T11:42:34","date_gmt":"2019-05-30T14:42:34","guid":{"rendered":"https:\/\/diariofemenino.com.ar\/?p=36252"},"modified":"2019-05-30T11:42:34","modified_gmt":"2019-05-30T14:42:34","slug":"el-cuerpo-de-las-mujeres-es-un-campo-de-batalla","status":"publish","type":"post","link":"https:\/\/diariofemenino.com.ar\/df\/el-cuerpo-de-las-mujeres-es-un-campo-de-batalla\/","title":{"rendered":"El cuerpo de las mujeres es un campo de batalla"},"content":{"rendered":"<h3 style=\"text-align: center;\">\u00abEl cuerpo de las mujeres es un campo de batalla\u00bb<\/h3>\n<p>Por:\u00a0<a class=\"byline-name\" href=\"https:\/\/www.fotogramas.es\/author\/208537\/mireia-mullor\/\" rel=\"author\" data-vars-ga-ux-element=\"Byline\" data-vars-ga-call-to-action=\"Mireia Mullor\"><span class=\"byline-name\">MIREIA MULLOR<\/span><\/a><\/p>\n<p class=\"body-text\">Cada primavera, Tokyo celebra uno de sus festivales m\u00e1s extra\u00f1os, el\u00a0<strong>Kanamara Matsuri<\/strong>, donde la figura de adoraci\u00f3n es el pene. Grandes figuras del miembro masculino se pasean por la calle como las v\u00edrgenes de Semana Santa, mientras que versiones m\u00e1s peque\u00f1as pueden comprarse en forma de piruleta. Es curioso, no solo por la celebraci\u00f3n en s\u00ed misma, sino tambi\u00e9n porque\u00a0<strong>sus opuestas femeninas -la vulva o la vagina- es a\u00fan un tab\u00fa en la sociedad japonesa<\/strong>. \u00bfC\u00f3mo es posible? La artista\u00a0<strong>Rokudenashiko<\/strong>, una de las voces que reflexiona sobre los l\u00edmites del cuerpo de las mujeres en el documental \u2018<strong>#<\/strong><strong>Placer femenino<\/strong>\u2019, lleg\u00f3 a ser detenida por la polic\u00eda porque utiliz\u00f3 moldes de sus partes \u00edntimas para desarrollar su arte, desde historias de manga hasta una canoa.<strong>\u00a0\u201cLas leyes morales en Jap\u00f3n no han cambiado en d\u00e9cadas\u201d<\/strong>, afirma, y es que las incoherencias sist\u00e9micas hacia su trabajo hablan por s\u00ed solas.<\/p>\n<p><img loading=\"lazy\" decoding=\"async\" class=\"alignnone wp-image-36255 size-full\" src=\"https:\/\/diariofemenino.com.ar\/df\/wp-content\/uploads\/2019\/05\/placer-femenino-documental-3-1558890217.jpeg\" alt=\"El cuerpo de las mujeres es un campo de batalla\" width=\"640\" height=\"360\" srcset=\"https:\/\/diariofemenino.com.ar\/df\/wp-content\/uploads\/2019\/05\/placer-femenino-documental-3-1558890217.jpeg 640w, https:\/\/diariofemenino.com.ar\/df\/wp-content\/uploads\/2019\/05\/placer-femenino-documental-3-1558890217-300x169.jpeg 300w\" sizes=\"auto, (max-width: 640px) 100vw, 640px\" \/><\/p>\n<p class=\"body-text\">La introducci\u00f3n de Miller es reveladora: vemos una colecci\u00f3n de im\u00e1genes publicitarias, de esas que hemos visto mil veces en las revistas o en la televisi\u00f3n,\u00a0<strong>donde las mujeres son meros objetos<\/strong>. Campa\u00f1as que utilizan el imaginario de la dominaci\u00f3n, de la hipersexualizaci\u00f3n e incluso de la violaci\u00f3n -como este de Dolce &amp; Gabbana- para vender productos.\u00a0<strong>\u00bfQu\u00e9 pas\u00f3 para que nos hicieran esto con nuestros cuerpos?\u00a0<\/strong>\u201cNos controlaron, nos cercenaron, nos mutilaron, nos golpearon, nos violaron y nos culparon despu\u00e9s de ello. Vivimos en un mundo donde somos siempre juzgadas por c\u00f3mo caminamos, c\u00f3mo hablamos, por nuestra sexualidad\u2026 \u00a1S\u00f3lo por ser mujeres!\u201d, se queja\u00a0<strong>Leyla Hussein<\/strong>, v\u00edctima de la ablaci\u00f3n en su pa\u00eds de origen, Somalia, y que ahora viaja por todo el mundo luchando para erradicarla. Y, sobre todo, concienciando a las mujeres que la sufren de que no deber\u00edan estar obligadas a pasar por ese proceso para no ser marginadas en su propia comunidad.<\/p>\n<p class=\"body-text\">Al final, de eso va este documental y el trabajo de sus admirables mujeres protagonistas:\u00a0<strong>de educar en feminismo\u00a0<\/strong>para que nadie sea enga\u00f1ada por su familia, tradici\u00f3n o religi\u00f3n.\u00a0<strong>\u201cLa idea de que una mujer sea sexualmente libre, y que pueda manejar su sexo por s\u00ed misma, es el mayor desaf\u00edo al que nos enfrentamos en todo el mundo\u201d<\/strong>, asegura Hussein. Las creencias religiosas son especialmente importantes en el discurso del filme, pues de ellas emanan las normas de conducta que oprimen a las mujeres en comunidades como la jud\u00eda ortodoxa radical o, por supuesto, la cat\u00f3lica. Uno de los testimonios corresponde a\u00a0<strong>Doris Wagner<\/strong>, que durante su etapa como monja fue violada en repetidas ocasiones por el cura de su Iglesia. Desde el principio se le ense\u00f1\u00f3 que las mujeres ten\u00edan que tapar su cuerpo para no tentar a los hombres, y, en consecuencia, si algo pasa acaba siendo culpa de la agredida.\u00a0<strong>\u201cLa Biblia siempre fue utilizada para propagar la noci\u00f3n de que las mujeres son un peligro por ser menos valiosas y m\u00e1s pecadoras\u201d<\/strong>, asegura, y cuenta c\u00f3mo envi\u00f3 varias cartas sin respuesta al Papa Francisco. Y tambi\u00e9n que su agresor sigue ocupando el mismo puesto.<\/p>\n<p><img loading=\"lazy\" decoding=\"async\" class=\"alignnone wp-image-36257 size-full\" src=\"https:\/\/diariofemenino.com.ar\/df\/wp-content\/uploads\/2019\/05\/placer-femenino-documental-2-1558890248.jpg\" alt=\"El cuerpo de las mujeres es un campo de batalla\" width=\"640\" height=\"346\" srcset=\"https:\/\/diariofemenino.com.ar\/df\/wp-content\/uploads\/2019\/05\/placer-femenino-documental-2-1558890248.jpg 640w, https:\/\/diariofemenino.com.ar\/df\/wp-content\/uploads\/2019\/05\/placer-femenino-documental-2-1558890248-300x162.jpg 300w\" sizes=\"auto, (max-width: 640px) 100vw, 640px\" \/><\/p>\n<p>La culpabilidad y la verg\u00fcenza son las principales armas con las que juega\u00a0<strong>el patriarcado -\u00abuna religi\u00f3n universal\u00bb<\/strong>, como la definen- para limitar los derechos sexuales de las mujeres. \u201cCrecer como ni\u00f1a en la India supone ser manoseada, agrupada y acosada en cualquier momento y en cualquier lugar\u201d, cuenta\u00a0<strong>Vithika Yadav<\/strong>, evidenciando todas las agresiones que han de ser asumidas para no perder la cabeza en pa\u00edses como el suyo.\u00a0<strong>\u201cLlegu\u00e9 a odiarme a m\u00ed misma por ser una mujer\u201d<\/strong>, contin\u00faa, y cuenta c\u00f3mo rompi\u00f3 la cultura del silencio hablando de forma p\u00fablica sobre sexo, que sigue siendo un tab\u00fa. Y es que, si no se puede hablar de sexo, ninguna mujer est\u00e1 protegida de los abusos de los hombres que las rodean.\u00a0<strong>Que se discutan las problem\u00e1ticas de las mujeres de forma abierta y colectiva es esencial para conseguir un cambio en las pol\u00edticas y tradiciones<\/strong>. No es f\u00e1cil, pero s\u00ed necesario.<\/p>\n<p>\u2018#Placer femenino\u2019 nos recuerda que hay problemas m\u00e1s all\u00e1 del feminismo occidental, del\u00a0<strong>\u201cfeminismo blanco\u201d<\/strong>, donde los resultados del movimiento son m\u00e1s que palpables, aunque no perfectos. El camino hacia la igualdad, no dice el documental, pasa por la educaci\u00f3n, la concienciaci\u00f3n y el debate. Pasa por el aprendizaje y la sororidad, por no olvidar el pasado mientras miramos directamente a un futuro mejor. Historias como las de Hussein, Yadav o Wagner se cuentan por millones en todo el mundo, y\u00a0<strong>escucharlas es el primer paso para avanzar hacia un mundo un poco m\u00e1s justo<\/strong>, un poco m\u00e1s generoso, un poco m\u00e1s igualitario. Y, definitivamente, un poco m\u00e1s feminista.<\/p>\n<p><iframe loading=\"lazy\" src=\"https:\/\/www.youtube.com\/embed\/zgHwtY03A6k\" width=\"560\" height=\"315\" frameborder=\"0\" allowfullscreen=\"allowfullscreen\"><\/iframe><\/p>\n<p>&nbsp;<\/p>\n<p>Fuente: <a href=\"https:\/\/www.fotogramas.es\/noticias-cine\/a27593601\/placer-femenino-pelicula-documental-feminismo\/\">FotoGrama<\/a><\/p>\n<div class=\"breaker-ad article-breaker-ad standard-article-breaker-ad mobile-breaker-ad\"><\/div>\n","protected":false},"excerpt":{"rendered":"<p>\u00abEl cuerpo de las mujeres es un campo de batalla\u00bb Por:\u00a0MIREIA MULLOR Cada primavera, Tokyo celebra uno de sus festivales m\u00e1s extra\u00f1os, el\u00a0Kanamara Matsuri, donde la figura de adoraci\u00f3n es el pene. Grandes figuras del miembro masculino se pasean por la calle como las v\u00edrgenes de Semana Santa, mientras que versiones m\u00e1s peque\u00f1as pueden comprarse [&hellip;]<\/p>\n","protected":false},"author":3,"featured_media":36259,"comment_status":"open","ping_status":"open","sticky":false,"template":"","format":"standard","meta":{"iawp_total_views":31,"footnotes":""},"categories":[32],"tags":[1343,1344,372,130,382,147],"class_list":["post-36252","post","type-post","status-publish","format-standard","has-post-thumbnail","hentry","category-mujeres","tag-cuerpo","tag-docuementales","tag-estereotipos","tag-mujeres","tag-salud","tag-sexualidad"],"nelio_content":{"autoShareEndMode":"never","automationSources":{"useCustomSentences":false,"customSentences":[]},"efiAlt":"","efiUrl":"","followers":[3],"highlights":[],"isAutoShareEnabled":true,"networkImageIds":[],"permalinkQueryArgs":[],"series":[],"suggestedReferences":[]},"yoast_head":"<!-- This site is optimized with the Yoast SEO plugin v27.5 - https:\/\/yoast.com\/product\/yoast-seo-wordpress\/ -->\n<title>El cuerpo de las mujeres es un campo de batalla - Diario Digital Femenino<\/title>\n<meta name=\"description\" content=\"&quot;Placer femenino&quot;: El cuerpo de las mujeres es un campo de batalla. Este documental de Barbara Miller se ha estrenado en Espa\u00f1a para explorar\" \/>\n<meta name=\"robots\" content=\"index, follow, max-snippet:-1, max-image-preview:large, max-video-preview:-1\" \/>\n<link rel=\"canonical\" href=\"https:\/\/diariofemenino.com.ar\/df\/el-cuerpo-de-las-mujeres-es-un-campo-de-batalla\/\" \/>\n<meta property=\"og:locale\" content=\"es_ES\" \/>\n<meta property=\"og:type\" content=\"article\" \/>\n<meta property=\"og:title\" content=\"El cuerpo de las mujeres es un campo de batalla - Diario Digital Femenino\" \/>\n<meta property=\"og:description\" content=\"&quot;Placer femenino&quot;: El cuerpo de las mujeres es un campo de batalla. Este documental de Barbara Miller se ha estrenado en Espa\u00f1a para explorar\" \/>\n<meta property=\"og:url\" content=\"https:\/\/diariofemenino.com.ar\/df\/el-cuerpo-de-las-mujeres-es-un-campo-de-batalla\/\" \/>\n<meta property=\"og:site_name\" content=\"Diario Digital Femenino\" \/>\n<meta property=\"article:publisher\" content=\"https:\/\/www.facebook.com\/DiarioDigitaFemenino\/\" \/>\n<meta property=\"article:published_time\" content=\"2019-05-30T14:42:34+00:00\" \/>\n<meta property=\"og:image\" content=\"https:\/\/diariofemenino.com.ar\/df\/wp-content\/uploads\/2019\/05\/1-1.jpg\" \/>\n\t<meta property=\"og:image:width\" content=\"640\" \/>\n\t<meta property=\"og:image:height\" content=\"374\" \/>\n\t<meta property=\"og:image:type\" content=\"image\/jpeg\" \/>\n<meta name=\"author\" content=\"Admin\" \/>\n<meta name=\"twitter:card\" content=\"summary_large_image\" \/>\n<meta name=\"twitter:creator\" content=\"@DiarioFemenino1\" \/>\n<meta name=\"twitter:site\" content=\"@DiarioFemenino1\" \/>\n<meta name=\"twitter:label1\" content=\"Escrito por\" \/>\n\t<meta name=\"twitter:data1\" content=\"Admin\" \/>\n\t<meta name=\"twitter:label2\" content=\"Tiempo de lectura\" \/>\n\t<meta name=\"twitter:data2\" content=\"4 minutos\" \/>\n<script type=\"application\/ld+json\" class=\"yoast-schema-graph\">{\"@context\":\"https:\\\/\\\/schema.org\",\"@graph\":[{\"@type\":\"Article\",\"@id\":\"https:\\\/\\\/diariofemenino.com.ar\\\/df\\\/el-cuerpo-de-las-mujeres-es-un-campo-de-batalla\\\/#article\",\"isPartOf\":{\"@id\":\"https:\\\/\\\/diariofemenino.com.ar\\\/df\\\/el-cuerpo-de-las-mujeres-es-un-campo-de-batalla\\\/\"},\"author\":{\"name\":\"Admin\",\"@id\":\"https:\\\/\\\/diariofemenino.com.ar\\\/df\\\/#\\\/schema\\\/person\\\/1c36bc3bf394d8ec320814298b4fdd3f\"},\"headline\":\"El cuerpo de las mujeres es un campo de batalla\",\"datePublished\":\"2019-05-30T14:42:34+00:00\",\"mainEntityOfPage\":{\"@id\":\"https:\\\/\\\/diariofemenino.com.ar\\\/df\\\/el-cuerpo-de-las-mujeres-es-un-campo-de-batalla\\\/\"},\"wordCount\":857,\"commentCount\":0,\"publisher\":{\"@id\":\"https:\\\/\\\/diariofemenino.com.ar\\\/df\\\/#organization\"},\"image\":{\"@id\":\"https:\\\/\\\/diariofemenino.com.ar\\\/df\\\/el-cuerpo-de-las-mujeres-es-un-campo-de-batalla\\\/#primaryimage\"},\"thumbnailUrl\":\"https:\\\/\\\/diariofemenino.com.ar\\\/df\\\/wp-content\\\/uploads\\\/2019\\\/05\\\/1-1.jpg\",\"keywords\":[\"cuerpo\",\"docuementales\",\"Estereotipos\",\"Mujeres\",\"Salud\",\"Sexualidad\"],\"articleSection\":[\"Mujeres\"],\"inLanguage\":\"es\",\"potentialAction\":[{\"@type\":\"CommentAction\",\"name\":\"Comment\",\"target\":[\"https:\\\/\\\/diariofemenino.com.ar\\\/df\\\/el-cuerpo-de-las-mujeres-es-un-campo-de-batalla\\\/#respond\"]}]},{\"@type\":\"WebPage\",\"@id\":\"https:\\\/\\\/diariofemenino.com.ar\\\/df\\\/el-cuerpo-de-las-mujeres-es-un-campo-de-batalla\\\/\",\"url\":\"https:\\\/\\\/diariofemenino.com.ar\\\/df\\\/el-cuerpo-de-las-mujeres-es-un-campo-de-batalla\\\/\",\"name\":\"El cuerpo de las mujeres es un campo de batalla - Diario Digital Femenino\",\"isPartOf\":{\"@id\":\"https:\\\/\\\/diariofemenino.com.ar\\\/df\\\/#website\"},\"primaryImageOfPage\":{\"@id\":\"https:\\\/\\\/diariofemenino.com.ar\\\/df\\\/el-cuerpo-de-las-mujeres-es-un-campo-de-batalla\\\/#primaryimage\"},\"image\":{\"@id\":\"https:\\\/\\\/diariofemenino.com.ar\\\/df\\\/el-cuerpo-de-las-mujeres-es-un-campo-de-batalla\\\/#primaryimage\"},\"thumbnailUrl\":\"https:\\\/\\\/diariofemenino.com.ar\\\/df\\\/wp-content\\\/uploads\\\/2019\\\/05\\\/1-1.jpg\",\"datePublished\":\"2019-05-30T14:42:34+00:00\",\"description\":\"\\\"Placer femenino\\\": El cuerpo de las mujeres es un campo de batalla. Este documental de Barbara Miller se ha estrenado en Espa\u00f1a para explorar\",\"breadcrumb\":{\"@id\":\"https:\\\/\\\/diariofemenino.com.ar\\\/df\\\/el-cuerpo-de-las-mujeres-es-un-campo-de-batalla\\\/#breadcrumb\"},\"inLanguage\":\"es\",\"potentialAction\":[{\"@type\":\"ReadAction\",\"target\":[\"https:\\\/\\\/diariofemenino.com.ar\\\/df\\\/el-cuerpo-de-las-mujeres-es-un-campo-de-batalla\\\/\"]}]},{\"@type\":\"ImageObject\",\"inLanguage\":\"es\",\"@id\":\"https:\\\/\\\/diariofemenino.com.ar\\\/df\\\/el-cuerpo-de-las-mujeres-es-un-campo-de-batalla\\\/#primaryimage\",\"url\":\"https:\\\/\\\/diariofemenino.com.ar\\\/df\\\/wp-content\\\/uploads\\\/2019\\\/05\\\/1-1.jpg\",\"contentUrl\":\"https:\\\/\\\/diariofemenino.com.ar\\\/df\\\/wp-content\\\/uploads\\\/2019\\\/05\\\/1-1.jpg\",\"width\":640,\"height\":374},{\"@type\":\"BreadcrumbList\",\"@id\":\"https:\\\/\\\/diariofemenino.com.ar\\\/df\\\/el-cuerpo-de-las-mujeres-es-un-campo-de-batalla\\\/#breadcrumb\",\"itemListElement\":[{\"@type\":\"ListItem\",\"position\":1,\"name\":\"Portada\",\"item\":\"https:\\\/\\\/diariofemenino.com.ar\\\/df\\\/\"},{\"@type\":\"ListItem\",\"position\":2,\"name\":\"El cuerpo de las mujeres es un campo de batalla\"}]},{\"@type\":\"WebSite\",\"@id\":\"https:\\\/\\\/diariofemenino.com.ar\\\/df\\\/#website\",\"url\":\"https:\\\/\\\/diariofemenino.com.ar\\\/df\\\/\",\"name\":\"Diario Digital Femenino\",\"description\":\"Cuesti\u00f3n de G\u00e9nero\",\"publisher\":{\"@id\":\"https:\\\/\\\/diariofemenino.com.ar\\\/df\\\/#organization\"},\"potentialAction\":[{\"@type\":\"SearchAction\",\"target\":{\"@type\":\"EntryPoint\",\"urlTemplate\":\"https:\\\/\\\/diariofemenino.com.ar\\\/df\\\/?s={search_term_string}\"},\"query-input\":{\"@type\":\"PropertyValueSpecification\",\"valueRequired\":true,\"valueName\":\"search_term_string\"}}],\"inLanguage\":\"es\"},{\"@type\":\"Organization\",\"@id\":\"https:\\\/\\\/diariofemenino.com.ar\\\/df\\\/#organization\",\"name\":\"Diario Femenino\",\"url\":\"https:\\\/\\\/diariofemenino.com.ar\\\/df\\\/\",\"logo\":{\"@type\":\"ImageObject\",\"inLanguage\":\"es\",\"@id\":\"https:\\\/\\\/diariofemenino.com.ar\\\/df\\\/#\\\/schema\\\/logo\\\/image\\\/\",\"url\":\"https:\\\/\\\/diariofemenino.com.ar\\\/df\\\/wp-content\\\/uploads\\\/2018\\\/10\\\/logo.png\",\"contentUrl\":\"https:\\\/\\\/diariofemenino.com.ar\\\/df\\\/wp-content\\\/uploads\\\/2018\\\/10\\\/logo.png\",\"width\":500,\"height\":92,\"caption\":\"Diario Femenino\"},\"image\":{\"@id\":\"https:\\\/\\\/diariofemenino.com.ar\\\/df\\\/#\\\/schema\\\/logo\\\/image\\\/\"},\"sameAs\":[\"https:\\\/\\\/www.facebook.com\\\/DiarioDigitaFemenino\\\/\",\"https:\\\/\\\/x.com\\\/DiarioFemenino1\"]},{\"@type\":\"Person\",\"@id\":\"https:\\\/\\\/diariofemenino.com.ar\\\/df\\\/#\\\/schema\\\/person\\\/1c36bc3bf394d8ec320814298b4fdd3f\",\"name\":\"Admin\",\"image\":{\"@type\":\"ImageObject\",\"inLanguage\":\"es\",\"@id\":\"https:\\\/\\\/diariofemenino.com.ar\\\/df\\\/wp-content\\\/uploads\\\/2018\\\/12\\\/favicon-150x150.jpg\",\"url\":\"https:\\\/\\\/diariofemenino.com.ar\\\/df\\\/wp-content\\\/uploads\\\/2018\\\/12\\\/favicon-150x150.jpg\",\"contentUrl\":\"https:\\\/\\\/diariofemenino.com.ar\\\/df\\\/wp-content\\\/uploads\\\/2018\\\/12\\\/favicon-150x150.jpg\",\"caption\":\"Admin\"},\"url\":\"https:\\\/\\\/diariofemenino.com.ar\\\/df\\\/author\\\/sofiperez\\\/\"}]}<\/script>\n<!-- \/ Yoast SEO plugin. -->","yoast_head_json":{"title":"El cuerpo de las mujeres es un campo de batalla - Diario Digital Femenino","description":"\"Placer femenino\": El cuerpo de las mujeres es un campo de batalla. Este documental de Barbara Miller se ha estrenado en Espa\u00f1a para explorar","robots":{"index":"index","follow":"follow","max-snippet":"max-snippet:-1","max-image-preview":"max-image-preview:large","max-video-preview":"max-video-preview:-1"},"canonical":"https:\/\/diariofemenino.com.ar\/df\/el-cuerpo-de-las-mujeres-es-un-campo-de-batalla\/","og_locale":"es_ES","og_type":"article","og_title":"El cuerpo de las mujeres es un campo de batalla - Diario Digital Femenino","og_description":"\"Placer femenino\": El cuerpo de las mujeres es un campo de batalla. Este documental de Barbara Miller se ha estrenado en Espa\u00f1a para explorar","og_url":"https:\/\/diariofemenino.com.ar\/df\/el-cuerpo-de-las-mujeres-es-un-campo-de-batalla\/","og_site_name":"Diario Digital Femenino","article_publisher":"https:\/\/www.facebook.com\/DiarioDigitaFemenino\/","article_published_time":"2019-05-30T14:42:34+00:00","og_image":[{"width":640,"height":374,"url":"https:\/\/diariofemenino.com.ar\/df\/wp-content\/uploads\/2019\/05\/1-1.jpg","type":"image\/jpeg"}],"author":"Admin","twitter_card":"summary_large_image","twitter_creator":"@DiarioFemenino1","twitter_site":"@DiarioFemenino1","twitter_misc":{"Escrito por":"Admin","Tiempo de lectura":"4 minutos"},"schema":{"@context":"https:\/\/schema.org","@graph":[{"@type":"Article","@id":"https:\/\/diariofemenino.com.ar\/df\/el-cuerpo-de-las-mujeres-es-un-campo-de-batalla\/#article","isPartOf":{"@id":"https:\/\/diariofemenino.com.ar\/df\/el-cuerpo-de-las-mujeres-es-un-campo-de-batalla\/"},"author":{"name":"Admin","@id":"https:\/\/diariofemenino.com.ar\/df\/#\/schema\/person\/1c36bc3bf394d8ec320814298b4fdd3f"},"headline":"El cuerpo de las mujeres es un campo de batalla","datePublished":"2019-05-30T14:42:34+00:00","mainEntityOfPage":{"@id":"https:\/\/diariofemenino.com.ar\/df\/el-cuerpo-de-las-mujeres-es-un-campo-de-batalla\/"},"wordCount":857,"commentCount":0,"publisher":{"@id":"https:\/\/diariofemenino.com.ar\/df\/#organization"},"image":{"@id":"https:\/\/diariofemenino.com.ar\/df\/el-cuerpo-de-las-mujeres-es-un-campo-de-batalla\/#primaryimage"},"thumbnailUrl":"https:\/\/diariofemenino.com.ar\/df\/wp-content\/uploads\/2019\/05\/1-1.jpg","keywords":["cuerpo","docuementales","Estereotipos","Mujeres","Salud","Sexualidad"],"articleSection":["Mujeres"],"inLanguage":"es","potentialAction":[{"@type":"CommentAction","name":"Comment","target":["https:\/\/diariofemenino.com.ar\/df\/el-cuerpo-de-las-mujeres-es-un-campo-de-batalla\/#respond"]}]},{"@type":"WebPage","@id":"https:\/\/diariofemenino.com.ar\/df\/el-cuerpo-de-las-mujeres-es-un-campo-de-batalla\/","url":"https:\/\/diariofemenino.com.ar\/df\/el-cuerpo-de-las-mujeres-es-un-campo-de-batalla\/","name":"El cuerpo de las mujeres es un campo de batalla - Diario Digital Femenino","isPartOf":{"@id":"https:\/\/diariofemenino.com.ar\/df\/#website"},"primaryImageOfPage":{"@id":"https:\/\/diariofemenino.com.ar\/df\/el-cuerpo-de-las-mujeres-es-un-campo-de-batalla\/#primaryimage"},"image":{"@id":"https:\/\/diariofemenino.com.ar\/df\/el-cuerpo-de-las-mujeres-es-un-campo-de-batalla\/#primaryimage"},"thumbnailUrl":"https:\/\/diariofemenino.com.ar\/df\/wp-content\/uploads\/2019\/05\/1-1.jpg","datePublished":"2019-05-30T14:42:34+00:00","description":"\"Placer femenino\": El cuerpo de las mujeres es un campo de batalla. Este documental de Barbara Miller se ha estrenado en Espa\u00f1a para explorar","breadcrumb":{"@id":"https:\/\/diariofemenino.com.ar\/df\/el-cuerpo-de-las-mujeres-es-un-campo-de-batalla\/#breadcrumb"},"inLanguage":"es","potentialAction":[{"@type":"ReadAction","target":["https:\/\/diariofemenino.com.ar\/df\/el-cuerpo-de-las-mujeres-es-un-campo-de-batalla\/"]}]},{"@type":"ImageObject","inLanguage":"es","@id":"https:\/\/diariofemenino.com.ar\/df\/el-cuerpo-de-las-mujeres-es-un-campo-de-batalla\/#primaryimage","url":"https:\/\/diariofemenino.com.ar\/df\/wp-content\/uploads\/2019\/05\/1-1.jpg","contentUrl":"https:\/\/diariofemenino.com.ar\/df\/wp-content\/uploads\/2019\/05\/1-1.jpg","width":640,"height":374},{"@type":"BreadcrumbList","@id":"https:\/\/diariofemenino.com.ar\/df\/el-cuerpo-de-las-mujeres-es-un-campo-de-batalla\/#breadcrumb","itemListElement":[{"@type":"ListItem","position":1,"name":"Portada","item":"https:\/\/diariofemenino.com.ar\/df\/"},{"@type":"ListItem","position":2,"name":"El cuerpo de las mujeres es un campo de batalla"}]},{"@type":"WebSite","@id":"https:\/\/diariofemenino.com.ar\/df\/#website","url":"https:\/\/diariofemenino.com.ar\/df\/","name":"Diario Digital Femenino","description":"Cuesti\u00f3n de G\u00e9nero","publisher":{"@id":"https:\/\/diariofemenino.com.ar\/df\/#organization"},"potentialAction":[{"@type":"SearchAction","target":{"@type":"EntryPoint","urlTemplate":"https:\/\/diariofemenino.com.ar\/df\/?s={search_term_string}"},"query-input":{"@type":"PropertyValueSpecification","valueRequired":true,"valueName":"search_term_string"}}],"inLanguage":"es"},{"@type":"Organization","@id":"https:\/\/diariofemenino.com.ar\/df\/#organization","name":"Diario Femenino","url":"https:\/\/diariofemenino.com.ar\/df\/","logo":{"@type":"ImageObject","inLanguage":"es","@id":"https:\/\/diariofemenino.com.ar\/df\/#\/schema\/logo\/image\/","url":"https:\/\/diariofemenino.com.ar\/df\/wp-content\/uploads\/2018\/10\/logo.png","contentUrl":"https:\/\/diariofemenino.com.ar\/df\/wp-content\/uploads\/2018\/10\/logo.png","width":500,"height":92,"caption":"Diario Femenino"},"image":{"@id":"https:\/\/diariofemenino.com.ar\/df\/#\/schema\/logo\/image\/"},"sameAs":["https:\/\/www.facebook.com\/DiarioDigitaFemenino\/","https:\/\/x.com\/DiarioFemenino1"]},{"@type":"Person","@id":"https:\/\/diariofemenino.com.ar\/df\/#\/schema\/person\/1c36bc3bf394d8ec320814298b4fdd3f","name":"Admin","image":{"@type":"ImageObject","inLanguage":"es","@id":"https:\/\/diariofemenino.com.ar\/df\/wp-content\/uploads\/2018\/12\/favicon-150x150.jpg","url":"https:\/\/diariofemenino.com.ar\/df\/wp-content\/uploads\/2018\/12\/favicon-150x150.jpg","contentUrl":"https:\/\/diariofemenino.com.ar\/df\/wp-content\/uploads\/2018\/12\/favicon-150x150.jpg","caption":"Admin"},"url":"https:\/\/diariofemenino.com.ar\/df\/author\/sofiperez\/"}]}},"jetpack_featured_media_url":"https:\/\/diariofemenino.com.ar\/df\/wp-content\/uploads\/2019\/05\/1-1.jpg","jetpack_sharing_enabled":true,"rttpg_featured_image_url":{"full":["https:\/\/diariofemenino.com.ar\/df\/wp-content\/uploads\/2019\/05\/1-1.jpg",640,374,false],"landscape":["https:\/\/diariofemenino.com.ar\/df\/wp-content\/uploads\/2019\/05\/1-1.jpg",640,374,false],"portraits":["https:\/\/diariofemenino.com.ar\/df\/wp-content\/uploads\/2019\/05\/1-1.jpg",640,374,false],"thumbnail":["https:\/\/diariofemenino.com.ar\/df\/wp-content\/uploads\/2019\/05\/1-1-150x150.jpg",150,150,true],"medium":["https:\/\/diariofemenino.com.ar\/df\/wp-content\/uploads\/2019\/05\/1-1-300x175.jpg",300,175,true],"large":["https:\/\/diariofemenino.com.ar\/df\/wp-content\/uploads\/2019\/05\/1-1.jpg",640,374,false],"1536x1536":["https:\/\/diariofemenino.com.ar\/df\/wp-content\/uploads\/2019\/05\/1-1.jpg",640,374,false],"2048x2048":["https:\/\/diariofemenino.com.ar\/df\/wp-content\/uploads\/2019\/05\/1-1.jpg",640,374,false]},"rttpg_author":{"display_name":"Admin","author_link":"https:\/\/diariofemenino.com.ar\/df\/author\/sofiperez\/"},"rttpg_comment":0,"rttpg_category":"<a href=\"https:\/\/diariofemenino.com.ar\/df\/category\/mujeres\/\" rel=\"category tag\">Mujeres<\/a>","rttpg_excerpt":"\u00abEl cuerpo de las mujeres es un campo de batalla\u00bb Por:\u00a0MIREIA MULLOR Cada primavera, Tokyo celebra uno de sus festivales m\u00e1s extra\u00f1os, el\u00a0Kanamara Matsuri, donde la figura de adoraci\u00f3n es el pene. Grandes figuras del miembro masculino se pasean por la calle como las v\u00edrgenes de Semana Santa, mientras que versiones m\u00e1s peque\u00f1as pueden comprarse&hellip;","_links":{"self":[{"href":"https:\/\/diariofemenino.com.ar\/df\/wp-json\/wp\/v2\/posts\/36252","targetHints":{"allow":["GET"]}}],"collection":[{"href":"https:\/\/diariofemenino.com.ar\/df\/wp-json\/wp\/v2\/posts"}],"about":[{"href":"https:\/\/diariofemenino.com.ar\/df\/wp-json\/wp\/v2\/types\/post"}],"author":[{"embeddable":true,"href":"https:\/\/diariofemenino.com.ar\/df\/wp-json\/wp\/v2\/users\/3"}],"replies":[{"embeddable":true,"href":"https:\/\/diariofemenino.com.ar\/df\/wp-json\/wp\/v2\/comments?post=36252"}],"version-history":[{"count":0,"href":"https:\/\/diariofemenino.com.ar\/df\/wp-json\/wp\/v2\/posts\/36252\/revisions"}],"wp:featuredmedia":[{"embeddable":true,"href":"https:\/\/diariofemenino.com.ar\/df\/wp-json\/wp\/v2\/media\/36259"}],"wp:attachment":[{"href":"https:\/\/diariofemenino.com.ar\/df\/wp-json\/wp\/v2\/media?parent=36252"}],"wp:term":[{"taxonomy":"category","embeddable":true,"href":"https:\/\/diariofemenino.com.ar\/df\/wp-json\/wp\/v2\/categories?post=36252"},{"taxonomy":"post_tag","embeddable":true,"href":"https:\/\/diariofemenino.com.ar\/df\/wp-json\/wp\/v2\/tags?post=36252"}],"curies":[{"name":"wp","href":"https:\/\/api.w.org\/{rel}","templated":true}]}}