{"id":35921,"date":"2019-05-23T10:34:11","date_gmt":"2019-05-23T13:34:11","guid":{"rendered":"https:\/\/diariofemenino.com.ar\/?p=35921"},"modified":"2019-05-23T10:38:49","modified_gmt":"2019-05-23T13:38:49","slug":"educacion-sexual-integral-esi-en-lenguas-indigenas","status":"publish","type":"post","link":"https:\/\/diariofemenino.com.ar\/df\/educacion-sexual-integral-esi-en-lenguas-indigenas\/","title":{"rendered":"Educaci\u00f3n Sexual Integral (ESI) en lenguas ind\u00edgenas"},"content":{"rendered":"<h3 style=\"text-align: center;\">Educaci\u00f3n Sexual Integral (<a href=\"https:\/\/diariofemenino.com.ar\/\">ESI<\/a>) en lenguas ind\u00edgenas<\/h3>\n<p><img loading=\"lazy\" decoding=\"async\" class=\"alignnone size-full wp-image-35926\" src=\"https:\/\/diariofemenino.com.ar\/df\/wp-content\/uploads\/2019\/05\/LenguasESI1.jpg\" alt=\"Educaci\u00f3n Sexual Integral (ESI) en lenguas ind\u00edgenas\" width=\"543\" height=\"374\" srcset=\"https:\/\/diariofemenino.com.ar\/df\/wp-content\/uploads\/2019\/05\/LenguasESI1.jpg 543w, https:\/\/diariofemenino.com.ar\/df\/wp-content\/uploads\/2019\/05\/LenguasESI1-300x207.jpg 300w\" sizes=\"auto, (max-width: 543px) 100vw, 543px\" \/><\/p>\n<p>El Programa Nacional de Educaci\u00f3n Sexual Integral (<a href=\"https:\/\/diariofemenino.com.ar\/category\/de-esi-si-se-habla\/\">ESI<\/a>) del Ministerio de Educaci\u00f3n de la Naci\u00f3n, en articulaci\u00f3n con el Ministerio de Educaci\u00f3n de\u00a0 la provincia de Jujuy y el acompa\u00f1amiento de la Modalidad de Educaci\u00f3n Intercultural Biling\u00fce de ambos Ministerios, elabor\u00f3 un material did\u00e1ctico de<a href=\"http:\/\/www.me.gov.ar\/me_prog\/esi.html?mnx=sec&amp;mny=_laminas&amp;carpeta=esi\"> ESI<\/a>, en las lenguas quechua y av\u00e1 guaran\u00ed. Espec\u00edficamente se trata de algo m\u00e1s que \u201ctraducciones\u201d de las l\u00e1minas de ESI para los niveles primario y secundaria.<\/p>\n<p><strong>Un largo proceso de trabajo<br \/>\n<\/strong><\/p>\n<p>A fines de 2013 se realiz\u00f3, en la provincia de Jujuy, una capacitaci\u00f3n nacional de Educaci\u00f3n Sexual Integral (en adelante, ESI). Id\u00f3neos e id\u00f3neas quechuas y guaran\u00edes vieron en los materiales de trabajo y luego de un taller de tres d\u00edas una necesidad que se convirti\u00f3 en demanda: \u201ctraducir\u201d \u2013partiendo de la base de que no hay fidelidad en la traducci\u00f3n (de ah\u00ed el entrecomillado de la palabra)- las l\u00e1minas en ambas lenguas. En lo que llev\u00f3 m\u00e1s de un a\u00f1o de trabajo, 30 docentes id\u00f3neos ind\u00edgenas de cada pueblo propusieron nuevos dise\u00f1os para que los dibujos y situaciones que aparec\u00edan en las l\u00e1minas para el nivel primario y secundario dieran cuenta de la pluralidad est\u00e9tica existente en todo el territorio nacional. Paralelamente, comenzaban a trabajar en la reflexi\u00f3n y discusi\u00f3n sobre los sentidos conceptuales de la ESI.<\/p>\n<p>Al final del camino, hacia fines de 2014, lo simple se volvi\u00f3 complejo y vimos puestas sobre la mesa por lo menos tres dimensiones que ser\u00eda interesante recuperar, para poder entender desde qu\u00e9 lugar hemos estado trabajando te\u00f3rica, pol\u00edtica y pedag\u00f3gicamente.<\/p>\n<p><strong>1) La dimensi\u00f3n hist\u00f3rico-pol\u00edtica<br \/>\n<\/strong><br \/>\nNo podemos deconstruir tem\u00e1ticas tan sensibles y complejas como las que aborda la ESI si no indagamos c\u00f3mo, a partir de la matriz cognitiva de la modernidad, el g\u00e9nero y las sexualidades adquirieron determinados y determinantes significados. La construcci\u00f3n cultural de la sexualidad-como-desigualdad se inscribi\u00f3 en amplias tramas de dominaci\u00f3n social e ingres\u00f3 en las subjetividades a partir de estructuras de pensamiento binarias encargadas de clasificar, jerarquizar e imponer par\u00e1metros de \u201cnormalidad\u201d. En materia ind\u00edgena reconocemos, como punto de partida, la inserci\u00f3n de los pueblos originarios en la modernidad y las m\u00faltiples formas de conquista por las que estuvieron y a\u00fan est\u00e1n atravesados. Este tipo de trabajo sienta las bases para historizar y poner sobre la mesa el rol como de los pueblos originarios como parte fundamental de una historia que se construye diariamente.<\/p>\n<p><strong>2) La dimensi\u00f3n ling\u00fc\u00edstica<br \/>\n<\/strong><br \/>\nLas lenguas originarias, de tradici\u00f3n oral, no se hallan estandarizadas en su escritura y por lo mismo una lengua puede poseer m\u00faltiples formas de expresi\u00f3n. Debido a que el proceso de normativizaci\u00f3n es un camino complejo y de gran heterogeneidad que incluye concepciones hist\u00f3ricas, filos\u00f3ficas y pol\u00edticas de cada pueblo, fue necesario que la legitimidad de las versiones en lengua quechua y guaran\u00ed se validara en un espacio colectivo. Espacio de reflexi\u00f3n profunda sobre los sentidos conceptuales de cada uno de los t\u00e9rminos ya que, en muchos casos, los t\u00e9rminos implicados en la ESI no est\u00e1n dentro del vocabulario cotidiano de muchos pueblos ind\u00edgenas. En este sentido, la traducci\u00f3n fue inseparable de la experiencia de traducir.<\/p>\n<p>Se tom\u00f3, como criterio de pol\u00edtica ling\u00fc\u00edstica, que la variedad ling\u00fc\u00edstica adoptada en las versiones que ustedes tienen a disposici\u00f3n, no implica de ning\u00fan modo desconocer las dem\u00e1s lenguas y variedades habladas en nuestro pa\u00eds.<\/p>\n<p><strong>3) La dimensi\u00f3n pedag\u00f3gica: partir de lo propio<br \/>\n<\/strong><br \/>\nGenerar espacios de reflexi\u00f3n sobre la lengua implic\u00f3 tambi\u00e9n trabajar sobre el sentido. Y sobre los sentidos de la sexualidad. Se hizo necesaria, y as\u00ed se plasm\u00f3 en el trabajo, una propuesta pedag\u00f3gica que tendiera progresivamente a recuperar la historicidad de la propia sexualidad ind\u00edgena, habilitando espacios cada vez m\u00e1s amplios de deliberaci\u00f3n sobre lo propio.<\/p>\n<p>Este y otros trabajos realizados entre el Programa ESI y la Modalidad EIB nos hacen pensar en la necesidad de \u201cabrir espacios de confianza\u201d tambi\u00e9n con la sociedad no ind\u00edgena, con el objetivo de generar procesos de memoria y responsabilidad, orientados a reconocer el valor de todas las experiencias para la construcci\u00f3n nacional, colectiva y personal. Asumir lo que en realidad somos: fragmentos y desgarros que necesitan sanar, en t\u00e9rminos de reparaci\u00f3n, el tejido hist\u00f3rico en toda su dimensi\u00f3n. Y supone que lo asuma la sociedad en general y la escuela en particular, como espacio que se abre a la pluralidad y a la construcci\u00f3n dial\u00f3gica.<\/p>\n<p>Esperamos que estos materiales y el esfuerzo con el que han sido realizados recreen en las aulas el respeto con el que se trabajaron cada una de las dimensiones que exponemos aqu\u00ed.<b><\/b><\/p>\n<p><b>Para m\u00e1s detalles sobre el proceso de trabajo:<\/b>\u00a0<a href=\"https:\/\/drive.google.com\/file\/d\/0B4JCDb73WobCRVRZdEtpNWhnSG8\/view?usp=sharing\">AQU\u00cd<\/a><\/p>\n<h2>L\u00e1minas Nivel Primario<\/h2>\n<h3>Quechua<\/h3>\n<p><b>Frente<\/b>:<a href=\"https:\/\/drive.google.com\/file\/d\/0B4JCDb73WobCUGNhVVhlcjl3alU\/view?usp=sharing\">https:\/\/drive.google.com\/file\/d\/0B4JCDb73WobCUGNhVVhlcjl3alU\/view?usp=sharing<\/a><br \/>\n<b>Dorso:<\/b>\u00a0<a href=\"https:\/\/drive.google.com\/file\/d\/0B4JCDb73WobCa1NydHdvQ2xZU3M\/view?usp=sharing\">https:\/\/drive.google.com\/file\/d\/0B4JCDb73WobCa1NydHdvQ2xZU3M\/view?usp=sharing<\/a><\/p>\n<h3>Av\u00e1 Guaran\u00ed<\/h3>\n<p><b>Frente:<\/b>\u00a0<a href=\"https:\/\/drive.google.com\/file\/d\/0B4JCDb73WobCaDI5c1RwZzhjTTQ\/view?usp=sharing\">https:\/\/drive.google.com\/file\/d\/0B4JCDb73WobCaDI5c1RwZzhjTTQ\/view?usp=sharing<\/a><br \/>\n<b>Dorso:\u00a0<\/b><a href=\"https:\/\/drive.google.com\/file\/d\/0B4JCDb73WobCelpITklPSVJINTg\/view?usp=sharing\">https:\/\/drive.google.com\/file\/d\/0B4JCDb73WobCelpITklPSVJINTg\/view?usp=sharing<\/a><\/p>\n<h3>Castellano<\/h3>\n<p><b>Frente:\u00a0<\/b><a href=\"https:\/\/drive.google.com\/file\/d\/0B4JCDb73WobCMzQ3bnRydTBZeDA\/view?usp=sharing\">https:\/\/drive.google.com\/file\/d\/0B4JCDb73WobCMzQ3bnRydTBZeDA\/view?usp=sharing<\/a><b><br \/>\nDorso:<\/b><a href=\"https:\/\/drive.google.com\/file\/d\/0B4JCDb73WobCRXE0TXd5WWc0Q0E\/view?usp=sharing\">https:\/\/drive.google.com\/file\/d\/0B4JCDb73WobCRXE0TXd5WWc0Q0E\/view?usp=sharing<\/a><b><\/b><br \/>\n<b><br \/>\n<\/b><\/p>\n<hr \/>\n<h2><b>L\u00e1minas Nivel Secundario<\/b><\/h2>\n<h3><b>Quechua<\/b><\/h3>\n<p><b>Frente:\u00a0<\/b><a href=\"https:\/\/drive.google.com\/file\/d\/0B4JCDb73WobCc212WTRRUi0tWG8\/view?usp=sharing\">https:\/\/drive.google.com\/file\/d\/0B4JCDb73WobCc212WTRRUi0tWG8\/view?usp=sharing<\/a><br \/>\n<b>Dorso:\u00a0<\/b><a href=\"https:\/\/drive.google.com\/file\/d\/0B4JCDb73WobCVy1FdzRVSFVBa3M\/view?usp=sharing\">https:\/\/drive.google.com\/file\/d\/0B4JCDb73WobCVy1FdzRVSFVBa3M\/view?usp=sharing<\/a><b><\/b><\/p>\n<h3><b>Av\u00e1 Guaran\u00ed<\/b><\/h3>\n<p><b>Frente:\u00a0<\/b><a href=\"https:\/\/drive.google.com\/file\/d\/0B4JCDb73WobCRVBEM09xVXJMTUk\/view?usp=sharing\">https:\/\/drive.google.com\/file\/d\/0B4JCDb73WobCRVBEM09xVXJMTUk\/view?usp=sharing<\/a><b><\/b><br \/>\n<b>Dorso:\u00a0<\/b><a href=\"https:\/\/drive.google.com\/file\/d\/0B4JCDb73WobCU1lWd2JOM3hKUXM\/view?usp=sharing\">https:\/\/drive.google.com\/file\/d\/0B4JCDb73WobCU1lWd2JOM3hKUXM\/view?usp=sharing<\/a><b><\/b><br \/>\n<b><br \/>\n<\/b><\/p>\n<h3><b>Castellano<\/b><\/h3>\n<p><b>Frente:<\/b><a href=\"http:\/\/www.me.gov.ar\/me_prog\/esi\/sec_bioi_f.htm\" target=\"_blank\" rel=\"noopener\">http:\/\/www.me.gov.ar\/me_prog\/esi\/sec_bioi_f.htm<\/a><b><br \/>\nDorso:<\/b><a href=\"http:\/\/www.me.gov.ar\/me_prog\/esi\/sec_bioi_d.htm\" target=\"_blank\" rel=\"noopener\">http:\/\/www.me.gov.ar\/me_prog\/esi\/sec_bioi_d.htm<\/a><\/p>\n<p>&nbsp;<\/p>\n<p>Fuente: <a href=\"http:\/\/eib.educ.ar\/2016\/02\/educacion-sexual-integral-esi.html?m=1\">Educaci\u00f3n Intercultural Biling\u00fce<\/a><\/p>\n","protected":false},"excerpt":{"rendered":"<p>Educaci\u00f3n Sexual Integral (ESI) en lenguas ind\u00edgenas El Programa Nacional de Educaci\u00f3n Sexual Integral (ESI) del Ministerio de Educaci\u00f3n de la Naci\u00f3n, en articulaci\u00f3n con el Ministerio de Educaci\u00f3n de\u00a0 la provincia de Jujuy y el acompa\u00f1amiento de la Modalidad de Educaci\u00f3n Intercultural Biling\u00fce de ambos Ministerios, elabor\u00f3 un material did\u00e1ctico de ESI, en las [&hellip;]<\/p>\n","protected":false},"author":4,"featured_media":35925,"comment_status":"open","ping_status":"open","sticky":false,"template":"","format":"standard","meta":{"iawp_total_views":179,"footnotes":""},"categories":[581,9],"tags":[583,135,172,1283,97],"class_list":["post-35921","post","type-post","status-publish","format-standard","has-post-thumbnail","hentry","category-azul-profundo","category-de-esi-si-se-habla","tag-deesisisehabla","tag-diariodigitalfemenino","tag-educacion-sexual-integral","tag-enguas-indigenas","tag-esi"],"nelio_content":{"autoShareEndMode":"never","automationSources":{"useCustomSentences":false,"customSentences":[]},"efiAlt":"","efiUrl":"","followers":[4],"highlights":[],"isAutoShareEnabled":true,"networkImageIds":[],"permalinkQueryArgs":[],"series":[],"suggestedReferences":[]},"yoast_head":"<!-- This site is optimized with the Yoast SEO plugin v27.5 - https:\/\/yoast.com\/product\/yoast-seo-wordpress\/ -->\n<title>Educaci\u00f3n Sexual Integral (ESI) en lenguas ind\u00edgenas - Diario Digital Femenino<\/title>\n<meta name=\"description\" content=\"Educaci\u00f3n Sexual Integral (ESI) en lenguas ind\u00edgenas. Un material did\u00e1ctico de ESI, en las lenguas quechua y av\u00e1 guaran\u00ed.\" \/>\n<meta name=\"robots\" content=\"index, follow, max-snippet:-1, max-image-preview:large, max-video-preview:-1\" \/>\n<link rel=\"canonical\" href=\"https:\/\/diariofemenino.com.ar\/df\/educacion-sexual-integral-esi-en-lenguas-indigenas\/\" \/>\n<meta property=\"og:locale\" content=\"es_ES\" \/>\n<meta property=\"og:type\" content=\"article\" \/>\n<meta property=\"og:title\" content=\"Educaci\u00f3n Sexual Integral (ESI) en lenguas ind\u00edgenas - Diario Digital Femenino\" \/>\n<meta property=\"og:description\" content=\"Educaci\u00f3n Sexual Integral (ESI) en lenguas ind\u00edgenas. Un material did\u00e1ctico de ESI, en las lenguas quechua y av\u00e1 guaran\u00ed.\" \/>\n<meta property=\"og:url\" content=\"https:\/\/diariofemenino.com.ar\/df\/educacion-sexual-integral-esi-en-lenguas-indigenas\/\" \/>\n<meta property=\"og:site_name\" content=\"Diario Digital Femenino\" \/>\n<meta property=\"article:publisher\" content=\"https:\/\/www.facebook.com\/DiarioDigitaFemenino\/\" \/>\n<meta property=\"article:published_time\" content=\"2019-05-23T13:34:11+00:00\" \/>\n<meta property=\"article:modified_time\" content=\"2019-05-23T13:38:49+00:00\" \/>\n<meta property=\"og:image\" content=\"https:\/\/diariofemenino.com.ar\/df\/wp-content\/uploads\/2019\/05\/banner-esi.jpg\" \/>\n\t<meta property=\"og:image:width\" content=\"640\" \/>\n\t<meta property=\"og:image:height\" content=\"361\" \/>\n\t<meta property=\"og:image:type\" content=\"image\/jpeg\" \/>\n<meta name=\"author\" content=\"Admin\" \/>\n<meta name=\"twitter:card\" content=\"summary_large_image\" \/>\n<meta name=\"twitter:creator\" content=\"@DiarioFemenino1\" \/>\n<meta name=\"twitter:site\" content=\"@DiarioFemenino1\" \/>\n<meta name=\"twitter:label1\" content=\"Escrito por\" \/>\n\t<meta name=\"twitter:data1\" content=\"Admin\" \/>\n\t<meta name=\"twitter:label2\" content=\"Tiempo de lectura\" \/>\n\t<meta name=\"twitter:data2\" content=\"5 minutos\" \/>\n<script type=\"application\/ld+json\" class=\"yoast-schema-graph\">{\"@context\":\"https:\\\/\\\/schema.org\",\"@graph\":[{\"@type\":\"Article\",\"@id\":\"https:\\\/\\\/diariofemenino.com.ar\\\/df\\\/educacion-sexual-integral-esi-en-lenguas-indigenas\\\/#article\",\"isPartOf\":{\"@id\":\"https:\\\/\\\/diariofemenino.com.ar\\\/df\\\/educacion-sexual-integral-esi-en-lenguas-indigenas\\\/\"},\"author\":{\"name\":\"Admin\",\"@id\":\"https:\\\/\\\/diariofemenino.com.ar\\\/df\\\/#\\\/schema\\\/person\\\/bf6199e8158c657ea6f789b11ec85509\"},\"headline\":\"Educaci\u00f3n Sexual Integral (ESI) en lenguas ind\u00edgenas\",\"datePublished\":\"2019-05-23T13:34:11+00:00\",\"dateModified\":\"2019-05-23T13:38:49+00:00\",\"mainEntityOfPage\":{\"@id\":\"https:\\\/\\\/diariofemenino.com.ar\\\/df\\\/educacion-sexual-integral-esi-en-lenguas-indigenas\\\/\"},\"wordCount\":1059,\"commentCount\":0,\"publisher\":{\"@id\":\"https:\\\/\\\/diariofemenino.com.ar\\\/df\\\/#organization\"},\"image\":{\"@id\":\"https:\\\/\\\/diariofemenino.com.ar\\\/df\\\/educacion-sexual-integral-esi-en-lenguas-indigenas\\\/#primaryimage\"},\"thumbnailUrl\":\"https:\\\/\\\/diariofemenino.com.ar\\\/df\\\/wp-content\\\/uploads\\\/2019\\\/05\\\/banner-esi.jpg\",\"keywords\":[\"#DeESIS\u00edSeHabla\",\"#DiarioDigitalFemenino\",\"Educaci\u00f3n Sexual Integral\",\"enguas ind\u00edgenas\",\"ESI\"],\"articleSection\":[\"Azul Profundo\",\"De ESI S\u00ed Se Habla\"],\"inLanguage\":\"es\",\"potentialAction\":[{\"@type\":\"CommentAction\",\"name\":\"Comment\",\"target\":[\"https:\\\/\\\/diariofemenino.com.ar\\\/df\\\/educacion-sexual-integral-esi-en-lenguas-indigenas\\\/#respond\"]}]},{\"@type\":\"WebPage\",\"@id\":\"https:\\\/\\\/diariofemenino.com.ar\\\/df\\\/educacion-sexual-integral-esi-en-lenguas-indigenas\\\/\",\"url\":\"https:\\\/\\\/diariofemenino.com.ar\\\/df\\\/educacion-sexual-integral-esi-en-lenguas-indigenas\\\/\",\"name\":\"Educaci\u00f3n Sexual Integral (ESI) en lenguas ind\u00edgenas - Diario Digital Femenino\",\"isPartOf\":{\"@id\":\"https:\\\/\\\/diariofemenino.com.ar\\\/df\\\/#website\"},\"primaryImageOfPage\":{\"@id\":\"https:\\\/\\\/diariofemenino.com.ar\\\/df\\\/educacion-sexual-integral-esi-en-lenguas-indigenas\\\/#primaryimage\"},\"image\":{\"@id\":\"https:\\\/\\\/diariofemenino.com.ar\\\/df\\\/educacion-sexual-integral-esi-en-lenguas-indigenas\\\/#primaryimage\"},\"thumbnailUrl\":\"https:\\\/\\\/diariofemenino.com.ar\\\/df\\\/wp-content\\\/uploads\\\/2019\\\/05\\\/banner-esi.jpg\",\"datePublished\":\"2019-05-23T13:34:11+00:00\",\"dateModified\":\"2019-05-23T13:38:49+00:00\",\"description\":\"Educaci\u00f3n Sexual Integral (ESI) en lenguas ind\u00edgenas. Un material did\u00e1ctico de ESI, en las lenguas quechua y av\u00e1 guaran\u00ed.\",\"breadcrumb\":{\"@id\":\"https:\\\/\\\/diariofemenino.com.ar\\\/df\\\/educacion-sexual-integral-esi-en-lenguas-indigenas\\\/#breadcrumb\"},\"inLanguage\":\"es\",\"potentialAction\":[{\"@type\":\"ReadAction\",\"target\":[\"https:\\\/\\\/diariofemenino.com.ar\\\/df\\\/educacion-sexual-integral-esi-en-lenguas-indigenas\\\/\"]}]},{\"@type\":\"ImageObject\",\"inLanguage\":\"es\",\"@id\":\"https:\\\/\\\/diariofemenino.com.ar\\\/df\\\/educacion-sexual-integral-esi-en-lenguas-indigenas\\\/#primaryimage\",\"url\":\"https:\\\/\\\/diariofemenino.com.ar\\\/df\\\/wp-content\\\/uploads\\\/2019\\\/05\\\/banner-esi.jpg\",\"contentUrl\":\"https:\\\/\\\/diariofemenino.com.ar\\\/df\\\/wp-content\\\/uploads\\\/2019\\\/05\\\/banner-esi.jpg\",\"width\":640,\"height\":361,\"caption\":\"Educaci\u00f3n Sexual Integral (ESI) en lenguas ind\u00edgenas\"},{\"@type\":\"BreadcrumbList\",\"@id\":\"https:\\\/\\\/diariofemenino.com.ar\\\/df\\\/educacion-sexual-integral-esi-en-lenguas-indigenas\\\/#breadcrumb\",\"itemListElement\":[{\"@type\":\"ListItem\",\"position\":1,\"name\":\"Portada\",\"item\":\"https:\\\/\\\/diariofemenino.com.ar\\\/df\\\/\"},{\"@type\":\"ListItem\",\"position\":2,\"name\":\"Educaci\u00f3n Sexual Integral (ESI) en lenguas ind\u00edgenas\"}]},{\"@type\":\"WebSite\",\"@id\":\"https:\\\/\\\/diariofemenino.com.ar\\\/df\\\/#website\",\"url\":\"https:\\\/\\\/diariofemenino.com.ar\\\/df\\\/\",\"name\":\"Diario Digital Femenino\",\"description\":\"Cuesti\u00f3n de G\u00e9nero\",\"publisher\":{\"@id\":\"https:\\\/\\\/diariofemenino.com.ar\\\/df\\\/#organization\"},\"potentialAction\":[{\"@type\":\"SearchAction\",\"target\":{\"@type\":\"EntryPoint\",\"urlTemplate\":\"https:\\\/\\\/diariofemenino.com.ar\\\/df\\\/?s={search_term_string}\"},\"query-input\":{\"@type\":\"PropertyValueSpecification\",\"valueRequired\":true,\"valueName\":\"search_term_string\"}}],\"inLanguage\":\"es\"},{\"@type\":\"Organization\",\"@id\":\"https:\\\/\\\/diariofemenino.com.ar\\\/df\\\/#organization\",\"name\":\"Diario Femenino\",\"url\":\"https:\\\/\\\/diariofemenino.com.ar\\\/df\\\/\",\"logo\":{\"@type\":\"ImageObject\",\"inLanguage\":\"es\",\"@id\":\"https:\\\/\\\/diariofemenino.com.ar\\\/df\\\/#\\\/schema\\\/logo\\\/image\\\/\",\"url\":\"https:\\\/\\\/diariofemenino.com.ar\\\/df\\\/wp-content\\\/uploads\\\/2018\\\/10\\\/logo.png\",\"contentUrl\":\"https:\\\/\\\/diariofemenino.com.ar\\\/df\\\/wp-content\\\/uploads\\\/2018\\\/10\\\/logo.png\",\"width\":500,\"height\":92,\"caption\":\"Diario Femenino\"},\"image\":{\"@id\":\"https:\\\/\\\/diariofemenino.com.ar\\\/df\\\/#\\\/schema\\\/logo\\\/image\\\/\"},\"sameAs\":[\"https:\\\/\\\/www.facebook.com\\\/DiarioDigitaFemenino\\\/\",\"https:\\\/\\\/x.com\\\/DiarioFemenino1\"]},{\"@type\":\"Person\",\"@id\":\"https:\\\/\\\/diariofemenino.com.ar\\\/df\\\/#\\\/schema\\\/person\\\/bf6199e8158c657ea6f789b11ec85509\",\"name\":\"Admin\",\"image\":{\"@type\":\"ImageObject\",\"inLanguage\":\"es\",\"@id\":\"https:\\\/\\\/diariofemenino.com.ar\\\/df\\\/wp-content\\\/uploads\\\/2018\\\/12\\\/favicon-150x150.jpg\",\"url\":\"https:\\\/\\\/diariofemenino.com.ar\\\/df\\\/wp-content\\\/uploads\\\/2018\\\/12\\\/favicon-150x150.jpg\",\"contentUrl\":\"https:\\\/\\\/diariofemenino.com.ar\\\/df\\\/wp-content\\\/uploads\\\/2018\\\/12\\\/favicon-150x150.jpg\",\"caption\":\"Admin\"},\"url\":\"https:\\\/\\\/diariofemenino.com.ar\\\/df\\\/author\\\/lenny\\\/\"}]}<\/script>\n<!-- \/ Yoast SEO plugin. -->","yoast_head_json":{"title":"Educaci\u00f3n Sexual Integral (ESI) en lenguas ind\u00edgenas - Diario Digital Femenino","description":"Educaci\u00f3n Sexual Integral (ESI) en lenguas ind\u00edgenas. Un material did\u00e1ctico de ESI, en las lenguas quechua y av\u00e1 guaran\u00ed.","robots":{"index":"index","follow":"follow","max-snippet":"max-snippet:-1","max-image-preview":"max-image-preview:large","max-video-preview":"max-video-preview:-1"},"canonical":"https:\/\/diariofemenino.com.ar\/df\/educacion-sexual-integral-esi-en-lenguas-indigenas\/","og_locale":"es_ES","og_type":"article","og_title":"Educaci\u00f3n Sexual Integral (ESI) en lenguas ind\u00edgenas - Diario Digital Femenino","og_description":"Educaci\u00f3n Sexual Integral (ESI) en lenguas ind\u00edgenas. Un material did\u00e1ctico de ESI, en las lenguas quechua y av\u00e1 guaran\u00ed.","og_url":"https:\/\/diariofemenino.com.ar\/df\/educacion-sexual-integral-esi-en-lenguas-indigenas\/","og_site_name":"Diario Digital Femenino","article_publisher":"https:\/\/www.facebook.com\/DiarioDigitaFemenino\/","article_published_time":"2019-05-23T13:34:11+00:00","article_modified_time":"2019-05-23T13:38:49+00:00","og_image":[{"width":640,"height":361,"url":"https:\/\/diariofemenino.com.ar\/df\/wp-content\/uploads\/2019\/05\/banner-esi.jpg","type":"image\/jpeg"}],"author":"Admin","twitter_card":"summary_large_image","twitter_creator":"@DiarioFemenino1","twitter_site":"@DiarioFemenino1","twitter_misc":{"Escrito por":"Admin","Tiempo de lectura":"5 minutos"},"schema":{"@context":"https:\/\/schema.org","@graph":[{"@type":"Article","@id":"https:\/\/diariofemenino.com.ar\/df\/educacion-sexual-integral-esi-en-lenguas-indigenas\/#article","isPartOf":{"@id":"https:\/\/diariofemenino.com.ar\/df\/educacion-sexual-integral-esi-en-lenguas-indigenas\/"},"author":{"name":"Admin","@id":"https:\/\/diariofemenino.com.ar\/df\/#\/schema\/person\/bf6199e8158c657ea6f789b11ec85509"},"headline":"Educaci\u00f3n Sexual Integral (ESI) en lenguas ind\u00edgenas","datePublished":"2019-05-23T13:34:11+00:00","dateModified":"2019-05-23T13:38:49+00:00","mainEntityOfPage":{"@id":"https:\/\/diariofemenino.com.ar\/df\/educacion-sexual-integral-esi-en-lenguas-indigenas\/"},"wordCount":1059,"commentCount":0,"publisher":{"@id":"https:\/\/diariofemenino.com.ar\/df\/#organization"},"image":{"@id":"https:\/\/diariofemenino.com.ar\/df\/educacion-sexual-integral-esi-en-lenguas-indigenas\/#primaryimage"},"thumbnailUrl":"https:\/\/diariofemenino.com.ar\/df\/wp-content\/uploads\/2019\/05\/banner-esi.jpg","keywords":["#DeESIS\u00edSeHabla","#DiarioDigitalFemenino","Educaci\u00f3n Sexual Integral","enguas ind\u00edgenas","ESI"],"articleSection":["Azul Profundo","De ESI S\u00ed Se Habla"],"inLanguage":"es","potentialAction":[{"@type":"CommentAction","name":"Comment","target":["https:\/\/diariofemenino.com.ar\/df\/educacion-sexual-integral-esi-en-lenguas-indigenas\/#respond"]}]},{"@type":"WebPage","@id":"https:\/\/diariofemenino.com.ar\/df\/educacion-sexual-integral-esi-en-lenguas-indigenas\/","url":"https:\/\/diariofemenino.com.ar\/df\/educacion-sexual-integral-esi-en-lenguas-indigenas\/","name":"Educaci\u00f3n Sexual Integral (ESI) en lenguas ind\u00edgenas - Diario Digital Femenino","isPartOf":{"@id":"https:\/\/diariofemenino.com.ar\/df\/#website"},"primaryImageOfPage":{"@id":"https:\/\/diariofemenino.com.ar\/df\/educacion-sexual-integral-esi-en-lenguas-indigenas\/#primaryimage"},"image":{"@id":"https:\/\/diariofemenino.com.ar\/df\/educacion-sexual-integral-esi-en-lenguas-indigenas\/#primaryimage"},"thumbnailUrl":"https:\/\/diariofemenino.com.ar\/df\/wp-content\/uploads\/2019\/05\/banner-esi.jpg","datePublished":"2019-05-23T13:34:11+00:00","dateModified":"2019-05-23T13:38:49+00:00","description":"Educaci\u00f3n Sexual Integral (ESI) en lenguas ind\u00edgenas. Un material did\u00e1ctico de ESI, en las lenguas quechua y av\u00e1 guaran\u00ed.","breadcrumb":{"@id":"https:\/\/diariofemenino.com.ar\/df\/educacion-sexual-integral-esi-en-lenguas-indigenas\/#breadcrumb"},"inLanguage":"es","potentialAction":[{"@type":"ReadAction","target":["https:\/\/diariofemenino.com.ar\/df\/educacion-sexual-integral-esi-en-lenguas-indigenas\/"]}]},{"@type":"ImageObject","inLanguage":"es","@id":"https:\/\/diariofemenino.com.ar\/df\/educacion-sexual-integral-esi-en-lenguas-indigenas\/#primaryimage","url":"https:\/\/diariofemenino.com.ar\/df\/wp-content\/uploads\/2019\/05\/banner-esi.jpg","contentUrl":"https:\/\/diariofemenino.com.ar\/df\/wp-content\/uploads\/2019\/05\/banner-esi.jpg","width":640,"height":361,"caption":"Educaci\u00f3n Sexual Integral (ESI) en lenguas ind\u00edgenas"},{"@type":"BreadcrumbList","@id":"https:\/\/diariofemenino.com.ar\/df\/educacion-sexual-integral-esi-en-lenguas-indigenas\/#breadcrumb","itemListElement":[{"@type":"ListItem","position":1,"name":"Portada","item":"https:\/\/diariofemenino.com.ar\/df\/"},{"@type":"ListItem","position":2,"name":"Educaci\u00f3n Sexual Integral (ESI) en lenguas ind\u00edgenas"}]},{"@type":"WebSite","@id":"https:\/\/diariofemenino.com.ar\/df\/#website","url":"https:\/\/diariofemenino.com.ar\/df\/","name":"Diario Digital Femenino","description":"Cuesti\u00f3n de G\u00e9nero","publisher":{"@id":"https:\/\/diariofemenino.com.ar\/df\/#organization"},"potentialAction":[{"@type":"SearchAction","target":{"@type":"EntryPoint","urlTemplate":"https:\/\/diariofemenino.com.ar\/df\/?s={search_term_string}"},"query-input":{"@type":"PropertyValueSpecification","valueRequired":true,"valueName":"search_term_string"}}],"inLanguage":"es"},{"@type":"Organization","@id":"https:\/\/diariofemenino.com.ar\/df\/#organization","name":"Diario Femenino","url":"https:\/\/diariofemenino.com.ar\/df\/","logo":{"@type":"ImageObject","inLanguage":"es","@id":"https:\/\/diariofemenino.com.ar\/df\/#\/schema\/logo\/image\/","url":"https:\/\/diariofemenino.com.ar\/df\/wp-content\/uploads\/2018\/10\/logo.png","contentUrl":"https:\/\/diariofemenino.com.ar\/df\/wp-content\/uploads\/2018\/10\/logo.png","width":500,"height":92,"caption":"Diario Femenino"},"image":{"@id":"https:\/\/diariofemenino.com.ar\/df\/#\/schema\/logo\/image\/"},"sameAs":["https:\/\/www.facebook.com\/DiarioDigitaFemenino\/","https:\/\/x.com\/DiarioFemenino1"]},{"@type":"Person","@id":"https:\/\/diariofemenino.com.ar\/df\/#\/schema\/person\/bf6199e8158c657ea6f789b11ec85509","name":"Admin","image":{"@type":"ImageObject","inLanguage":"es","@id":"https:\/\/diariofemenino.com.ar\/df\/wp-content\/uploads\/2018\/12\/favicon-150x150.jpg","url":"https:\/\/diariofemenino.com.ar\/df\/wp-content\/uploads\/2018\/12\/favicon-150x150.jpg","contentUrl":"https:\/\/diariofemenino.com.ar\/df\/wp-content\/uploads\/2018\/12\/favicon-150x150.jpg","caption":"Admin"},"url":"https:\/\/diariofemenino.com.ar\/df\/author\/lenny\/"}]}},"jetpack_featured_media_url":"https:\/\/diariofemenino.com.ar\/df\/wp-content\/uploads\/2019\/05\/banner-esi.jpg","jetpack_sharing_enabled":true,"rttpg_featured_image_url":{"full":["https:\/\/diariofemenino.com.ar\/df\/wp-content\/uploads\/2019\/05\/banner-esi.jpg",640,361,false],"landscape":["https:\/\/diariofemenino.com.ar\/df\/wp-content\/uploads\/2019\/05\/banner-esi.jpg",640,361,false],"portraits":["https:\/\/diariofemenino.com.ar\/df\/wp-content\/uploads\/2019\/05\/banner-esi.jpg",640,361,false],"thumbnail":["https:\/\/diariofemenino.com.ar\/df\/wp-content\/uploads\/2019\/05\/banner-esi-150x150.jpg",150,150,true],"medium":["https:\/\/diariofemenino.com.ar\/df\/wp-content\/uploads\/2019\/05\/banner-esi-300x169.jpg",300,169,true],"large":["https:\/\/diariofemenino.com.ar\/df\/wp-content\/uploads\/2019\/05\/banner-esi.jpg",640,361,false],"1536x1536":["https:\/\/diariofemenino.com.ar\/df\/wp-content\/uploads\/2019\/05\/banner-esi.jpg",640,361,false],"2048x2048":["https:\/\/diariofemenino.com.ar\/df\/wp-content\/uploads\/2019\/05\/banner-esi.jpg",640,361,false]},"rttpg_author":{"display_name":"Admin","author_link":"https:\/\/diariofemenino.com.ar\/df\/author\/lenny\/"},"rttpg_comment":0,"rttpg_category":"<a href=\"https:\/\/diariofemenino.com.ar\/df\/category\/azul-profundo\/\" rel=\"category tag\">Azul Profundo<\/a> <a href=\"https:\/\/diariofemenino.com.ar\/df\/category\/de-esi-si-se-habla\/\" rel=\"category tag\">De ESI S\u00ed Se Habla<\/a>","rttpg_excerpt":"Educaci\u00f3n Sexual Integral (ESI) en lenguas ind\u00edgenas El Programa Nacional de Educaci\u00f3n Sexual Integral (ESI) del Ministerio de Educaci\u00f3n de la Naci\u00f3n, en articulaci\u00f3n con el Ministerio de Educaci\u00f3n de\u00a0 la provincia de Jujuy y el acompa\u00f1amiento de la Modalidad de Educaci\u00f3n Intercultural Biling\u00fce de ambos Ministerios, elabor\u00f3 un material did\u00e1ctico de ESI, en las&hellip;","_links":{"self":[{"href":"https:\/\/diariofemenino.com.ar\/df\/wp-json\/wp\/v2\/posts\/35921","targetHints":{"allow":["GET"]}}],"collection":[{"href":"https:\/\/diariofemenino.com.ar\/df\/wp-json\/wp\/v2\/posts"}],"about":[{"href":"https:\/\/diariofemenino.com.ar\/df\/wp-json\/wp\/v2\/types\/post"}],"author":[{"embeddable":true,"href":"https:\/\/diariofemenino.com.ar\/df\/wp-json\/wp\/v2\/users\/4"}],"replies":[{"embeddable":true,"href":"https:\/\/diariofemenino.com.ar\/df\/wp-json\/wp\/v2\/comments?post=35921"}],"version-history":[{"count":0,"href":"https:\/\/diariofemenino.com.ar\/df\/wp-json\/wp\/v2\/posts\/35921\/revisions"}],"wp:featuredmedia":[{"embeddable":true,"href":"https:\/\/diariofemenino.com.ar\/df\/wp-json\/wp\/v2\/media\/35925"}],"wp:attachment":[{"href":"https:\/\/diariofemenino.com.ar\/df\/wp-json\/wp\/v2\/media?parent=35921"}],"wp:term":[{"taxonomy":"category","embeddable":true,"href":"https:\/\/diariofemenino.com.ar\/df\/wp-json\/wp\/v2\/categories?post=35921"},{"taxonomy":"post_tag","embeddable":true,"href":"https:\/\/diariofemenino.com.ar\/df\/wp-json\/wp\/v2\/tags?post=35921"}],"curies":[{"name":"wp","href":"https:\/\/api.w.org\/{rel}","templated":true}]}}