{"id":35902,"date":"2019-05-22T23:04:38","date_gmt":"2019-05-23T02:04:38","guid":{"rendered":"https:\/\/diariofemenino.com.ar\/?p=35902"},"modified":"2019-05-22T23:04:38","modified_gmt":"2019-05-23T02:04:38","slug":"womenintechspain-ejecutivas-digitales-que-buscan-acabar-con-la-brecha-digital","status":"publish","type":"post","link":"https:\/\/diariofemenino.com.ar\/df\/womenintechspain-ejecutivas-digitales-que-buscan-acabar-con-la-brecha-digital\/","title":{"rendered":"#WomenInTechSpain, ejecutivas digitales que buscan acabar con la brecha digital"},"content":{"rendered":"<h4 style=\"text-align: center;\">#WomenInTechSpain, ejecutivas digitales que buscan acabar con <a href=\"https:\/\/diariofemenino.com.ar\/desigualdad-de-genero-la-brecha-tambien-es-digital\/\">la brecha digital<\/a><\/p>\n<p><img loading=\"lazy\" decoding=\"async\" class=\"alignnone size-full wp-image-35906\" src=\"https:\/\/diariofemenino.com.ar\/df\/wp-content\/uploads\/2019\/05\/DykkjfzX4AAlRdK.jpg\" alt=\"#WomenInTechSpain, ejecutivas digitales que buscan acabar con la brecha digital\" width=\"1156\" height=\"650\" srcset=\"https:\/\/diariofemenino.com.ar\/df\/wp-content\/uploads\/2019\/05\/DykkjfzX4AAlRdK.jpg 1156w, https:\/\/diariofemenino.com.ar\/df\/wp-content\/uploads\/2019\/05\/DykkjfzX4AAlRdK-300x169.jpg 300w, https:\/\/diariofemenino.com.ar\/df\/wp-content\/uploads\/2019\/05\/DykkjfzX4AAlRdK-768x432.jpg 768w, https:\/\/diariofemenino.com.ar\/df\/wp-content\/uploads\/2019\/05\/DykkjfzX4AAlRdK-1024x576.jpg 1024w\" sizes=\"auto, (max-width: 1156px) 100vw, 1156px\" \/><\/h4>\n<p style=\"text-align: left;\">Las <a href=\"https:\/\/diariofemenino.com.ar\/\">mujeres<\/a> est\u00e1n subrepresentadas en las empresas digitales y tecnol\u00f3gicas en Espa\u00f1a, s\u00f3lo un 3% de las tituladas en estudios superiores est\u00e1n vinculadas a estudios tecnol\u00f3gicos. #WomenInTechSpain, es la primera Aceleradora de Talento Digital para promover mayor liderazgo femenino en la alta direcci\u00f3n y en los consejos de administraci\u00f3n, adem\u00e1s de ser referente para j\u00f3venes que hoy deciden qu\u00e9 estudiar, en qu\u00e9 convertirse y qu\u00e9 significa ser mujer<\/p>\n<p>S\u00f3lo un\u00a0<strong>3% de las tituladas<\/strong>\u00a0en estudios superiores\u00a0<strong>est\u00e1n vinculadas a estudios tecnol\u00f3gicos<\/strong>, seg\u00fan datos del informe \u2018<a href=\"https:\/\/www.digitales.es\/uploads\/2d1f0dc9ca0f07da534a4fc64591ff72.pdf\" target=\"_blank\" rel=\"nofollow noopener\"><strong>Mujeres en la Econom\u00eda Digital<\/strong><\/a><strong>\u2019<\/strong>realizado por la Asociaci\u00f3n Espa\u00f1ola para la Digitalizaci\u00f3n (<a href=\"https:\/\/www.digitales.es\/home\" target=\"_blank\" rel=\"nofollow noopener\"><strong>DigitalES<\/strong><\/a><strong>)<\/strong>. La transformaci\u00f3n digital plantea un gran n\u00famero de desaf\u00edos para las empresas, los ciudadanos, las administraciones p\u00fablicas, la sociedad, y especialmente para las mujeres.<\/p>\n<p>El\u00a0<strong>sector tecnol\u00f3gico es uno de los que marcar\u00e1 el futuro de la humanidad<\/strong>, de hecho, cuenta con una gran demanda de trabajo no cubierta, 10.000 puestos para los que no hay candidatos y los\u00a0<strong>salarios son un 22% superiores<\/strong>\u00a0respecto a otros sectores, seg\u00fan los datos de\u00a0<a href=\"https:\/\/www.digitales.es\/home\" target=\"_blank\" rel=\"nofollow noopener\"><strong>DigitalES<\/strong><\/a>. La Comisi\u00f3n Europea ha afirmado que para el desarrollo de esta econom\u00eda digital ser\u00e1n necesarios 500.000 nuevos empleos para los que no hay candidatos.<\/p>\n<p>Las mujeres est\u00e1n subrepresentadas en este sector, pero la<strong>\u00a0incorporaci\u00f3n de la mujer a este sector es necesario<\/strong>, mediante pr\u00e1cticas inclusivas en el sector, la transversalidad de la tecnolog\u00eda en la educaci\u00f3n o fomentando la vocaci\u00f3n de carreras tecnol\u00f3gicas en las mujeres. En cualquier caso, la dificultad no est\u00e1 en introducirse en el mundo digital, sino en conseguir llegar a ocupar los puestos directivos,\u00a0<strong>s\u00f3lo 23 de los 250 unicornios que hay en el mundo est\u00e1n liderados por chicas.<\/strong><\/p>\n<p>\u00bfQu\u00e9 se puede hacer para que las ni\u00f1as y mujeres se planteen tener una carrera en el sector digital? Una pregunta que busc\u00f3 resolver\u00a0<strong>Valeria Dom\u00ednguez<\/strong>, ingeniera superior en rob\u00f3tica industrial con un Executive MBA por la Universidad de Harvard, cuando decidi\u00f3 fundar\u00a0<a href=\"https:\/\/www.felino.com\/women-in-tech-spain\" target=\"_blank\" rel=\"nofollow noopener\"><strong>#WomenInTechSpain<\/strong><\/a>\u00a0con el objetivo de promover un mayor liderazgo femenino en la alta direcci\u00f3n y consejos de administraci\u00f3n; y de acabar de una vez con la brecha digital.<\/p>\n<p><a href=\"https:\/\/www.felino.com\/women-in-tech-spain\" target=\"_blank\" rel=\"nofollow noopener\"><strong>#WomenInTechSpain<\/strong><\/a>\u00a0surgi\u00f3 de la necesidad de crear un espacio en el que mujeres con la misma edad y ambiciones pudieran compartir sue\u00f1os, conocimiento y\u00a0<em>savoir faire<\/em>. Los hombres tienen espacios de reuni\u00f3n naturales como el f\u00fatbol, pero las mujeres no y menos las directivas del sector digital. El objetivo inicial de\u00a0<a href=\"https:\/\/www.felino.com\/women-in-tech-spain\" target=\"_blank\" rel=\"nofollow noopener\"><strong>#WomenInTechSpain<\/strong><\/a>\u00a0es ser referentes para las j\u00f3venes que hoy est\u00e1n decidiendo qu\u00e9 estudiar, en qu\u00e9 convertirse y qu\u00e9 significa ser mujer; adem\u00e1s de:<\/p>\n<ol>\n<li>Aumentar la\u00a0<strong>visibilidad del talento femenino<\/strong>\u00a0en el sector digital.<\/li>\n<li>Conseguir\u00a0<strong>mayor representaci\u00f3n femenina y digital<\/strong>\u00a0en consejos de administraci\u00f3n.<\/li>\n<li>Promover\u00a0<strong>nuevos modelos de trayectorias profesionales para mujeres<\/strong>\u00a0y as\u00ed inspirar a aquellas de las generaciones m\u00e1s j\u00f3venes.<\/li>\n<li>Contribuir a\u00a0<strong>que m\u00e1s ni\u00f1as se decanten por estudiar ingenier\u00edas<\/strong>.<\/li>\n<li><strong>Promover el emprendimiento femenino<\/strong>\u00a0en el sector digital y su conexi\u00f3n con financiaci\u00f3n a trav\u00e9s del venture capital.<\/li>\n<\/ol>\n<p>Este grupo de ejecutivas digitales tiene como prop\u00f3sito alentar el talento de sus miembros, permitir que desarrollen nuevas habilidades o que mejoren las ya adquiridas a trav\u00e9s de reuniones mensuales que celebran desde el pasado septiembre y tienen previsto continuar durante un a\u00f1o completo.<\/p>\n<p>\u201cLa misi\u00f3n de todas las grandes mujeres que forman este grupo es acabar con la brecha digital. Queremos aportar nuestro granito de arena a la problem\u00e1tica de que las ni\u00f1as no elijan ciencias e ingenier\u00edas cuando deciden su futuro profesional\u201d<strong>,\u00a0<\/strong>asegura<strong>\u00a0Valeria Dom\u00ednguez,<\/strong>\u00a0fundadora y l\u00edder de\u00a0<a href=\"https:\/\/www.felino.com\/women-in-tech-spain\" target=\"_blank\" rel=\"nofollow noopener\"><strong>#WomenInTechSpain<\/strong><\/a>. A lo que a\u00f1ade: \u201cnecesitamos apoyarnos unas a otras, romper con estereotipos y poner en valor a figuras fuertes femeninas en el sector digital, que sirvan de ejemplo. Las mujeres deben ver como una gran fuente de oportunidades la tecnolog\u00eda y no tenerla miedo\u201d.<\/p>\n<p><a href=\"https:\/\/www.felino.com\/women-in-tech-spain\" target=\"_blank\" rel=\"nofollow noopener\"><strong>#WomenInTechSpain<\/strong><\/a>\u00a0es la primera aceleradora de talento digital formada por un grupo de ejecutivas digitales que buscan ser la chispa de nuevos y relevantes lazos profesionales:<\/p>\n<ul>\n<li><a href=\"https:\/\/www.linkedin.com\/in\/valeriadominguez\/\" target=\"_blank\" rel=\"nofollow noopener\"><strong>Valeria Dom\u00ednguez<\/strong><\/a>, Founder &amp; CEO de Felino.<\/li>\n<li><a href=\"https:\/\/www.linkedin.com\/in\/marisolmenendez\/\" target=\"_blank\" rel=\"nofollow noopener\"><strong>Marisol Men\u00e9ndez<\/strong><\/a><strong>,<\/strong>\u00a0Chief Open Innovation Officer en South Summit &#8211; Spain Startup.<\/li>\n<li><a href=\"https:\/\/www.linkedin.com\/in\/aliciarichart\/\" target=\"_blank\" rel=\"nofollow noopener\"><strong>Alicia Richart<\/strong><\/a><strong>,<\/strong>\u00a0Directora General de Asociaci\u00f3n Digitales.<\/li>\n<li><a href=\"https:\/\/www.linkedin.com\/in\/patricia-benito-de-mateo-319ba43\/\" target=\"_blank\" rel=\"nofollow noopener\"><strong>Patricia Benito<\/strong><\/a><strong>,<\/strong>\u00a0Chief Digital and Business Officer de Openbank y Directora General de Open Digital Services.<\/li>\n<li><a href=\"https:\/\/www.linkedin.com\/in\/cristinalopezpancorbo\/\" target=\"_blank\" rel=\"nofollow noopener\"><strong>Cristina L\u00f3pez Pancorbo<\/strong><\/a><strong>,<\/strong>\u00a0Womenswear Digital Director de El Corte Ingl\u00e9s.<\/li>\n<li><a href=\"https:\/\/www.linkedin.com\/in\/clara-gutierrez-sanz-74b4218\/\" target=\"_blank\" rel=\"nofollow noopener\"><strong>Clara Gutierrez<\/strong><\/a><strong>,<\/strong>\u00a0Managing Partner &amp; CEO de StepOne Ventures.<\/li>\n<li><a href=\"https:\/\/www.linkedin.com\/in\/esthercheca\/\" target=\"_blank\" rel=\"nofollow noopener\"><strong>Esther Checa<\/strong><\/a><strong>,<\/strong>\u00a0Head of Innovation de T2O Media.<\/li>\n<li><a href=\"https:\/\/www.linkedin.com\/in\/corosaldana\/\" target=\"_blank\" rel=\"nofollow noopener\"><strong>Coro Salda\u00f1a<\/strong><\/a><strong>,<\/strong>\u00a0Fashion Lead Iberia de Accenture.<\/li>\n<\/ul>\n","protected":false},"excerpt":{"rendered":"<p>#WomenInTechSpain, ejecutivas digitales que buscan acabar con la brecha digital Las mujeres est\u00e1n subrepresentadas en las empresas digitales y tecnol\u00f3gicas en Espa\u00f1a, s\u00f3lo un 3% de las tituladas en estudios superiores est\u00e1n vinculadas a estudios tecnol\u00f3gicos. #WomenInTechSpain, es la primera Aceleradora de Talento Digital para promover mayor liderazgo femenino en la alta direcci\u00f3n y en [&hellip;]<\/p>\n","protected":false},"author":4,"featured_media":35907,"comment_status":"open","ping_status":"open","sticky":false,"template":"","format":"standard","meta":{"iawp_total_views":3,"footnotes":""},"categories":[4,32],"tags":[1279,1281,1280],"class_list":["post-35902","post","type-post","status-publish","format-standard","has-post-thumbnail","hentry","category-medios","category-mujeres","tag-womenintechspain","tag-brecha-digital","tag-ejecutivas-digitales"],"nelio_content":{"autoShareEndMode":"never","automationSources":{"useCustomSentences":false,"customSentences":[]},"efiAlt":"","efiUrl":"","followers":[4],"highlights":[],"isAutoShareEnabled":true,"networkImageIds":[],"permalinkQueryArgs":[],"series":[],"suggestedReferences":[]},"yoast_head":"<!-- This site is optimized with the Yoast SEO plugin v27.5 - https:\/\/yoast.com\/product\/yoast-seo-wordpress\/ -->\n<title>#WomenInTechSpain, ejecutivas digitales que buscan acabar con la brecha digital - Diario Digital Femenino<\/title>\n<meta name=\"description\" content=\"#WomenInTechSpain, ejecutivas digitales que buscan acabar con la brecha digital\" \/>\n<meta name=\"robots\" content=\"index, follow, max-snippet:-1, max-image-preview:large, max-video-preview:-1\" \/>\n<link rel=\"canonical\" href=\"https:\/\/diariofemenino.com.ar\/df\/womenintechspain-ejecutivas-digitales-que-buscan-acabar-con-la-brecha-digital\/\" \/>\n<meta property=\"og:locale\" content=\"es_ES\" \/>\n<meta property=\"og:type\" content=\"article\" \/>\n<meta property=\"og:title\" content=\"#WomenInTechSpain, ejecutivas digitales que buscan acabar con la brecha digital - Diario Digital Femenino\" \/>\n<meta property=\"og:description\" content=\"#WomenInTechSpain, ejecutivas digitales que buscan acabar con la brecha digital\" \/>\n<meta property=\"og:url\" content=\"https:\/\/diariofemenino.com.ar\/df\/womenintechspain-ejecutivas-digitales-que-buscan-acabar-con-la-brecha-digital\/\" \/>\n<meta property=\"og:site_name\" content=\"Diario Digital Femenino\" \/>\n<meta property=\"article:publisher\" content=\"https:\/\/www.facebook.com\/DiarioDigitaFemenino\/\" \/>\n<meta property=\"article:published_time\" content=\"2019-05-23T02:04:38+00:00\" \/>\n<meta property=\"og:image\" content=\"https:\/\/diariofemenino.com.ar\/df\/wp-content\/uploads\/2019\/05\/D7LNq7EWwAA-Ypi.jpg\" \/>\n\t<meta property=\"og:image:width\" content=\"630\" \/>\n\t<meta property=\"og:image:height\" content=\"370\" \/>\n\t<meta property=\"og:image:type\" content=\"image\/jpeg\" \/>\n<meta name=\"author\" content=\"Admin\" \/>\n<meta name=\"twitter:card\" content=\"summary_large_image\" \/>\n<meta name=\"twitter:creator\" content=\"@DiarioFemenino1\" \/>\n<meta name=\"twitter:site\" content=\"@DiarioFemenino1\" \/>\n<meta name=\"twitter:label1\" content=\"Escrito por\" \/>\n\t<meta name=\"twitter:data1\" content=\"Admin\" \/>\n\t<meta name=\"twitter:label2\" content=\"Tiempo de lectura\" \/>\n\t<meta name=\"twitter:data2\" content=\"4 minutos\" \/>\n<script type=\"application\/ld+json\" class=\"yoast-schema-graph\">{\"@context\":\"https:\\\/\\\/schema.org\",\"@graph\":[{\"@type\":\"Article\",\"@id\":\"https:\\\/\\\/diariofemenino.com.ar\\\/df\\\/womenintechspain-ejecutivas-digitales-que-buscan-acabar-con-la-brecha-digital\\\/#article\",\"isPartOf\":{\"@id\":\"https:\\\/\\\/diariofemenino.com.ar\\\/df\\\/womenintechspain-ejecutivas-digitales-que-buscan-acabar-con-la-brecha-digital\\\/\"},\"author\":{\"name\":\"Admin\",\"@id\":\"https:\\\/\\\/diariofemenino.com.ar\\\/df\\\/#\\\/schema\\\/person\\\/bf6199e8158c657ea6f789b11ec85509\"},\"headline\":\"#WomenInTechSpain, ejecutivas digitales que buscan acabar con la brecha digital\",\"datePublished\":\"2019-05-23T02:04:38+00:00\",\"mainEntityOfPage\":{\"@id\":\"https:\\\/\\\/diariofemenino.com.ar\\\/df\\\/womenintechspain-ejecutivas-digitales-que-buscan-acabar-con-la-brecha-digital\\\/\"},\"wordCount\":813,\"commentCount\":0,\"publisher\":{\"@id\":\"https:\\\/\\\/diariofemenino.com.ar\\\/df\\\/#organization\"},\"image\":{\"@id\":\"https:\\\/\\\/diariofemenino.com.ar\\\/df\\\/womenintechspain-ejecutivas-digitales-que-buscan-acabar-con-la-brecha-digital\\\/#primaryimage\"},\"thumbnailUrl\":\"https:\\\/\\\/diariofemenino.com.ar\\\/df\\\/wp-content\\\/uploads\\\/2019\\\/05\\\/D7LNq7EWwAA-Ypi.jpg\",\"keywords\":[\"#WomenInTechSpain\",\"Brecha digital\",\"Ejecutivas digitales\"],\"articleSection\":[\"Medios\",\"Mujeres\"],\"inLanguage\":\"es\",\"potentialAction\":[{\"@type\":\"CommentAction\",\"name\":\"Comment\",\"target\":[\"https:\\\/\\\/diariofemenino.com.ar\\\/df\\\/womenintechspain-ejecutivas-digitales-que-buscan-acabar-con-la-brecha-digital\\\/#respond\"]}]},{\"@type\":\"WebPage\",\"@id\":\"https:\\\/\\\/diariofemenino.com.ar\\\/df\\\/womenintechspain-ejecutivas-digitales-que-buscan-acabar-con-la-brecha-digital\\\/\",\"url\":\"https:\\\/\\\/diariofemenino.com.ar\\\/df\\\/womenintechspain-ejecutivas-digitales-que-buscan-acabar-con-la-brecha-digital\\\/\",\"name\":\"#WomenInTechSpain, ejecutivas digitales que buscan acabar con la brecha digital - Diario Digital Femenino\",\"isPartOf\":{\"@id\":\"https:\\\/\\\/diariofemenino.com.ar\\\/df\\\/#website\"},\"primaryImageOfPage\":{\"@id\":\"https:\\\/\\\/diariofemenino.com.ar\\\/df\\\/womenintechspain-ejecutivas-digitales-que-buscan-acabar-con-la-brecha-digital\\\/#primaryimage\"},\"image\":{\"@id\":\"https:\\\/\\\/diariofemenino.com.ar\\\/df\\\/womenintechspain-ejecutivas-digitales-que-buscan-acabar-con-la-brecha-digital\\\/#primaryimage\"},\"thumbnailUrl\":\"https:\\\/\\\/diariofemenino.com.ar\\\/df\\\/wp-content\\\/uploads\\\/2019\\\/05\\\/D7LNq7EWwAA-Ypi.jpg\",\"datePublished\":\"2019-05-23T02:04:38+00:00\",\"description\":\"#WomenInTechSpain, ejecutivas digitales que buscan acabar con la brecha digital\",\"breadcrumb\":{\"@id\":\"https:\\\/\\\/diariofemenino.com.ar\\\/df\\\/womenintechspain-ejecutivas-digitales-que-buscan-acabar-con-la-brecha-digital\\\/#breadcrumb\"},\"inLanguage\":\"es\",\"potentialAction\":[{\"@type\":\"ReadAction\",\"target\":[\"https:\\\/\\\/diariofemenino.com.ar\\\/df\\\/womenintechspain-ejecutivas-digitales-que-buscan-acabar-con-la-brecha-digital\\\/\"]}]},{\"@type\":\"ImageObject\",\"inLanguage\":\"es\",\"@id\":\"https:\\\/\\\/diariofemenino.com.ar\\\/df\\\/womenintechspain-ejecutivas-digitales-que-buscan-acabar-con-la-brecha-digital\\\/#primaryimage\",\"url\":\"https:\\\/\\\/diariofemenino.com.ar\\\/df\\\/wp-content\\\/uploads\\\/2019\\\/05\\\/D7LNq7EWwAA-Ypi.jpg\",\"contentUrl\":\"https:\\\/\\\/diariofemenino.com.ar\\\/df\\\/wp-content\\\/uploads\\\/2019\\\/05\\\/D7LNq7EWwAA-Ypi.jpg\",\"width\":630,\"height\":370},{\"@type\":\"BreadcrumbList\",\"@id\":\"https:\\\/\\\/diariofemenino.com.ar\\\/df\\\/womenintechspain-ejecutivas-digitales-que-buscan-acabar-con-la-brecha-digital\\\/#breadcrumb\",\"itemListElement\":[{\"@type\":\"ListItem\",\"position\":1,\"name\":\"Portada\",\"item\":\"https:\\\/\\\/diariofemenino.com.ar\\\/df\\\/\"},{\"@type\":\"ListItem\",\"position\":2,\"name\":\"#WomenInTechSpain, ejecutivas digitales que buscan acabar con la brecha digital\"}]},{\"@type\":\"WebSite\",\"@id\":\"https:\\\/\\\/diariofemenino.com.ar\\\/df\\\/#website\",\"url\":\"https:\\\/\\\/diariofemenino.com.ar\\\/df\\\/\",\"name\":\"Diario Digital Femenino\",\"description\":\"Cuesti\u00f3n de G\u00e9nero\",\"publisher\":{\"@id\":\"https:\\\/\\\/diariofemenino.com.ar\\\/df\\\/#organization\"},\"potentialAction\":[{\"@type\":\"SearchAction\",\"target\":{\"@type\":\"EntryPoint\",\"urlTemplate\":\"https:\\\/\\\/diariofemenino.com.ar\\\/df\\\/?s={search_term_string}\"},\"query-input\":{\"@type\":\"PropertyValueSpecification\",\"valueRequired\":true,\"valueName\":\"search_term_string\"}}],\"inLanguage\":\"es\"},{\"@type\":\"Organization\",\"@id\":\"https:\\\/\\\/diariofemenino.com.ar\\\/df\\\/#organization\",\"name\":\"Diario Femenino\",\"url\":\"https:\\\/\\\/diariofemenino.com.ar\\\/df\\\/\",\"logo\":{\"@type\":\"ImageObject\",\"inLanguage\":\"es\",\"@id\":\"https:\\\/\\\/diariofemenino.com.ar\\\/df\\\/#\\\/schema\\\/logo\\\/image\\\/\",\"url\":\"https:\\\/\\\/diariofemenino.com.ar\\\/df\\\/wp-content\\\/uploads\\\/2018\\\/10\\\/logo.png\",\"contentUrl\":\"https:\\\/\\\/diariofemenino.com.ar\\\/df\\\/wp-content\\\/uploads\\\/2018\\\/10\\\/logo.png\",\"width\":500,\"height\":92,\"caption\":\"Diario Femenino\"},\"image\":{\"@id\":\"https:\\\/\\\/diariofemenino.com.ar\\\/df\\\/#\\\/schema\\\/logo\\\/image\\\/\"},\"sameAs\":[\"https:\\\/\\\/www.facebook.com\\\/DiarioDigitaFemenino\\\/\",\"https:\\\/\\\/x.com\\\/DiarioFemenino1\"]},{\"@type\":\"Person\",\"@id\":\"https:\\\/\\\/diariofemenino.com.ar\\\/df\\\/#\\\/schema\\\/person\\\/bf6199e8158c657ea6f789b11ec85509\",\"name\":\"Admin\",\"image\":{\"@type\":\"ImageObject\",\"inLanguage\":\"es\",\"@id\":\"https:\\\/\\\/diariofemenino.com.ar\\\/df\\\/wp-content\\\/uploads\\\/2018\\\/12\\\/favicon-150x150.jpg\",\"url\":\"https:\\\/\\\/diariofemenino.com.ar\\\/df\\\/wp-content\\\/uploads\\\/2018\\\/12\\\/favicon-150x150.jpg\",\"contentUrl\":\"https:\\\/\\\/diariofemenino.com.ar\\\/df\\\/wp-content\\\/uploads\\\/2018\\\/12\\\/favicon-150x150.jpg\",\"caption\":\"Admin\"},\"url\":\"https:\\\/\\\/diariofemenino.com.ar\\\/df\\\/author\\\/lenny\\\/\"}]}<\/script>\n<!-- \/ Yoast SEO plugin. -->","yoast_head_json":{"title":"#WomenInTechSpain, ejecutivas digitales que buscan acabar con la brecha digital - Diario Digital Femenino","description":"#WomenInTechSpain, ejecutivas digitales que buscan acabar con la brecha digital","robots":{"index":"index","follow":"follow","max-snippet":"max-snippet:-1","max-image-preview":"max-image-preview:large","max-video-preview":"max-video-preview:-1"},"canonical":"https:\/\/diariofemenino.com.ar\/df\/womenintechspain-ejecutivas-digitales-que-buscan-acabar-con-la-brecha-digital\/","og_locale":"es_ES","og_type":"article","og_title":"#WomenInTechSpain, ejecutivas digitales que buscan acabar con la brecha digital - Diario Digital Femenino","og_description":"#WomenInTechSpain, ejecutivas digitales que buscan acabar con la brecha digital","og_url":"https:\/\/diariofemenino.com.ar\/df\/womenintechspain-ejecutivas-digitales-que-buscan-acabar-con-la-brecha-digital\/","og_site_name":"Diario Digital Femenino","article_publisher":"https:\/\/www.facebook.com\/DiarioDigitaFemenino\/","article_published_time":"2019-05-23T02:04:38+00:00","og_image":[{"width":630,"height":370,"url":"https:\/\/diariofemenino.com.ar\/df\/wp-content\/uploads\/2019\/05\/D7LNq7EWwAA-Ypi.jpg","type":"image\/jpeg"}],"author":"Admin","twitter_card":"summary_large_image","twitter_creator":"@DiarioFemenino1","twitter_site":"@DiarioFemenino1","twitter_misc":{"Escrito por":"Admin","Tiempo de lectura":"4 minutos"},"schema":{"@context":"https:\/\/schema.org","@graph":[{"@type":"Article","@id":"https:\/\/diariofemenino.com.ar\/df\/womenintechspain-ejecutivas-digitales-que-buscan-acabar-con-la-brecha-digital\/#article","isPartOf":{"@id":"https:\/\/diariofemenino.com.ar\/df\/womenintechspain-ejecutivas-digitales-que-buscan-acabar-con-la-brecha-digital\/"},"author":{"name":"Admin","@id":"https:\/\/diariofemenino.com.ar\/df\/#\/schema\/person\/bf6199e8158c657ea6f789b11ec85509"},"headline":"#WomenInTechSpain, ejecutivas digitales que buscan acabar con la brecha digital","datePublished":"2019-05-23T02:04:38+00:00","mainEntityOfPage":{"@id":"https:\/\/diariofemenino.com.ar\/df\/womenintechspain-ejecutivas-digitales-que-buscan-acabar-con-la-brecha-digital\/"},"wordCount":813,"commentCount":0,"publisher":{"@id":"https:\/\/diariofemenino.com.ar\/df\/#organization"},"image":{"@id":"https:\/\/diariofemenino.com.ar\/df\/womenintechspain-ejecutivas-digitales-que-buscan-acabar-con-la-brecha-digital\/#primaryimage"},"thumbnailUrl":"https:\/\/diariofemenino.com.ar\/df\/wp-content\/uploads\/2019\/05\/D7LNq7EWwAA-Ypi.jpg","keywords":["#WomenInTechSpain","Brecha digital","Ejecutivas digitales"],"articleSection":["Medios","Mujeres"],"inLanguage":"es","potentialAction":[{"@type":"CommentAction","name":"Comment","target":["https:\/\/diariofemenino.com.ar\/df\/womenintechspain-ejecutivas-digitales-que-buscan-acabar-con-la-brecha-digital\/#respond"]}]},{"@type":"WebPage","@id":"https:\/\/diariofemenino.com.ar\/df\/womenintechspain-ejecutivas-digitales-que-buscan-acabar-con-la-brecha-digital\/","url":"https:\/\/diariofemenino.com.ar\/df\/womenintechspain-ejecutivas-digitales-que-buscan-acabar-con-la-brecha-digital\/","name":"#WomenInTechSpain, ejecutivas digitales que buscan acabar con la brecha digital - Diario Digital Femenino","isPartOf":{"@id":"https:\/\/diariofemenino.com.ar\/df\/#website"},"primaryImageOfPage":{"@id":"https:\/\/diariofemenino.com.ar\/df\/womenintechspain-ejecutivas-digitales-que-buscan-acabar-con-la-brecha-digital\/#primaryimage"},"image":{"@id":"https:\/\/diariofemenino.com.ar\/df\/womenintechspain-ejecutivas-digitales-que-buscan-acabar-con-la-brecha-digital\/#primaryimage"},"thumbnailUrl":"https:\/\/diariofemenino.com.ar\/df\/wp-content\/uploads\/2019\/05\/D7LNq7EWwAA-Ypi.jpg","datePublished":"2019-05-23T02:04:38+00:00","description":"#WomenInTechSpain, ejecutivas digitales que buscan acabar con la brecha digital","breadcrumb":{"@id":"https:\/\/diariofemenino.com.ar\/df\/womenintechspain-ejecutivas-digitales-que-buscan-acabar-con-la-brecha-digital\/#breadcrumb"},"inLanguage":"es","potentialAction":[{"@type":"ReadAction","target":["https:\/\/diariofemenino.com.ar\/df\/womenintechspain-ejecutivas-digitales-que-buscan-acabar-con-la-brecha-digital\/"]}]},{"@type":"ImageObject","inLanguage":"es","@id":"https:\/\/diariofemenino.com.ar\/df\/womenintechspain-ejecutivas-digitales-que-buscan-acabar-con-la-brecha-digital\/#primaryimage","url":"https:\/\/diariofemenino.com.ar\/df\/wp-content\/uploads\/2019\/05\/D7LNq7EWwAA-Ypi.jpg","contentUrl":"https:\/\/diariofemenino.com.ar\/df\/wp-content\/uploads\/2019\/05\/D7LNq7EWwAA-Ypi.jpg","width":630,"height":370},{"@type":"BreadcrumbList","@id":"https:\/\/diariofemenino.com.ar\/df\/womenintechspain-ejecutivas-digitales-que-buscan-acabar-con-la-brecha-digital\/#breadcrumb","itemListElement":[{"@type":"ListItem","position":1,"name":"Portada","item":"https:\/\/diariofemenino.com.ar\/df\/"},{"@type":"ListItem","position":2,"name":"#WomenInTechSpain, ejecutivas digitales que buscan acabar con la brecha digital"}]},{"@type":"WebSite","@id":"https:\/\/diariofemenino.com.ar\/df\/#website","url":"https:\/\/diariofemenino.com.ar\/df\/","name":"Diario Digital Femenino","description":"Cuesti\u00f3n de G\u00e9nero","publisher":{"@id":"https:\/\/diariofemenino.com.ar\/df\/#organization"},"potentialAction":[{"@type":"SearchAction","target":{"@type":"EntryPoint","urlTemplate":"https:\/\/diariofemenino.com.ar\/df\/?s={search_term_string}"},"query-input":{"@type":"PropertyValueSpecification","valueRequired":true,"valueName":"search_term_string"}}],"inLanguage":"es"},{"@type":"Organization","@id":"https:\/\/diariofemenino.com.ar\/df\/#organization","name":"Diario Femenino","url":"https:\/\/diariofemenino.com.ar\/df\/","logo":{"@type":"ImageObject","inLanguage":"es","@id":"https:\/\/diariofemenino.com.ar\/df\/#\/schema\/logo\/image\/","url":"https:\/\/diariofemenino.com.ar\/df\/wp-content\/uploads\/2018\/10\/logo.png","contentUrl":"https:\/\/diariofemenino.com.ar\/df\/wp-content\/uploads\/2018\/10\/logo.png","width":500,"height":92,"caption":"Diario Femenino"},"image":{"@id":"https:\/\/diariofemenino.com.ar\/df\/#\/schema\/logo\/image\/"},"sameAs":["https:\/\/www.facebook.com\/DiarioDigitaFemenino\/","https:\/\/x.com\/DiarioFemenino1"]},{"@type":"Person","@id":"https:\/\/diariofemenino.com.ar\/df\/#\/schema\/person\/bf6199e8158c657ea6f789b11ec85509","name":"Admin","image":{"@type":"ImageObject","inLanguage":"es","@id":"https:\/\/diariofemenino.com.ar\/df\/wp-content\/uploads\/2018\/12\/favicon-150x150.jpg","url":"https:\/\/diariofemenino.com.ar\/df\/wp-content\/uploads\/2018\/12\/favicon-150x150.jpg","contentUrl":"https:\/\/diariofemenino.com.ar\/df\/wp-content\/uploads\/2018\/12\/favicon-150x150.jpg","caption":"Admin"},"url":"https:\/\/diariofemenino.com.ar\/df\/author\/lenny\/"}]}},"jetpack_featured_media_url":"https:\/\/diariofemenino.com.ar\/df\/wp-content\/uploads\/2019\/05\/D7LNq7EWwAA-Ypi.jpg","jetpack_sharing_enabled":true,"rttpg_featured_image_url":{"full":["https:\/\/diariofemenino.com.ar\/df\/wp-content\/uploads\/2019\/05\/D7LNq7EWwAA-Ypi.jpg",630,370,false],"landscape":["https:\/\/diariofemenino.com.ar\/df\/wp-content\/uploads\/2019\/05\/D7LNq7EWwAA-Ypi.jpg",630,370,false],"portraits":["https:\/\/diariofemenino.com.ar\/df\/wp-content\/uploads\/2019\/05\/D7LNq7EWwAA-Ypi.jpg",630,370,false],"thumbnail":["https:\/\/diariofemenino.com.ar\/df\/wp-content\/uploads\/2019\/05\/D7LNq7EWwAA-Ypi-150x150.jpg",150,150,true],"medium":["https:\/\/diariofemenino.com.ar\/df\/wp-content\/uploads\/2019\/05\/D7LNq7EWwAA-Ypi-300x176.jpg",300,176,true],"large":["https:\/\/diariofemenino.com.ar\/df\/wp-content\/uploads\/2019\/05\/D7LNq7EWwAA-Ypi.jpg",630,370,false],"1536x1536":["https:\/\/diariofemenino.com.ar\/df\/wp-content\/uploads\/2019\/05\/D7LNq7EWwAA-Ypi.jpg",630,370,false],"2048x2048":["https:\/\/diariofemenino.com.ar\/df\/wp-content\/uploads\/2019\/05\/D7LNq7EWwAA-Ypi.jpg",630,370,false]},"rttpg_author":{"display_name":"Admin","author_link":"https:\/\/diariofemenino.com.ar\/df\/author\/lenny\/"},"rttpg_comment":0,"rttpg_category":"<a href=\"https:\/\/diariofemenino.com.ar\/df\/category\/medios\/\" rel=\"category tag\">Medios<\/a> <a href=\"https:\/\/diariofemenino.com.ar\/df\/category\/mujeres\/\" rel=\"category tag\">Mujeres<\/a>","rttpg_excerpt":"#WomenInTechSpain, ejecutivas digitales que buscan acabar con la brecha digital Las mujeres est\u00e1n subrepresentadas en las empresas digitales y tecnol\u00f3gicas en Espa\u00f1a, s\u00f3lo un 3% de las tituladas en estudios superiores est\u00e1n vinculadas a estudios tecnol\u00f3gicos. #WomenInTechSpain, es la primera Aceleradora de Talento Digital para promover mayor liderazgo femenino en la alta direcci\u00f3n y en&hellip;","_links":{"self":[{"href":"https:\/\/diariofemenino.com.ar\/df\/wp-json\/wp\/v2\/posts\/35902","targetHints":{"allow":["GET"]}}],"collection":[{"href":"https:\/\/diariofemenino.com.ar\/df\/wp-json\/wp\/v2\/posts"}],"about":[{"href":"https:\/\/diariofemenino.com.ar\/df\/wp-json\/wp\/v2\/types\/post"}],"author":[{"embeddable":true,"href":"https:\/\/diariofemenino.com.ar\/df\/wp-json\/wp\/v2\/users\/4"}],"replies":[{"embeddable":true,"href":"https:\/\/diariofemenino.com.ar\/df\/wp-json\/wp\/v2\/comments?post=35902"}],"version-history":[{"count":0,"href":"https:\/\/diariofemenino.com.ar\/df\/wp-json\/wp\/v2\/posts\/35902\/revisions"}],"wp:featuredmedia":[{"embeddable":true,"href":"https:\/\/diariofemenino.com.ar\/df\/wp-json\/wp\/v2\/media\/35907"}],"wp:attachment":[{"href":"https:\/\/diariofemenino.com.ar\/df\/wp-json\/wp\/v2\/media?parent=35902"}],"wp:term":[{"taxonomy":"category","embeddable":true,"href":"https:\/\/diariofemenino.com.ar\/df\/wp-json\/wp\/v2\/categories?post=35902"},{"taxonomy":"post_tag","embeddable":true,"href":"https:\/\/diariofemenino.com.ar\/df\/wp-json\/wp\/v2\/tags?post=35902"}],"curies":[{"name":"wp","href":"https:\/\/api.w.org\/{rel}","templated":true}]}}