{"id":35849,"date":"2019-05-22T21:23:29","date_gmt":"2019-05-23T00:23:29","guid":{"rendered":"https:\/\/diariofemenino.com.ar\/?p=35849"},"modified":"2019-05-22T21:26:10","modified_gmt":"2019-05-23T00:26:10","slug":"la-maternidad","status":"publish","type":"post","link":"https:\/\/diariofemenino.com.ar\/df\/la-maternidad\/","title":{"rendered":"La maternidad: un fen\u00f3meno social"},"content":{"rendered":"<h4 class=\"title\" style=\"text-align: center;\">La Maternidad: un fen\u00f3meno social<\/h4>\n<p>Por\u00a0<a href=\"http:\/\/www.e-consulta.com\/autores\/Laura%20Carreto%20Tirado\" target=\"_self\">Laura Carreto Tirado<\/a><\/p>\n<div class=\"body-note opinion-body\">\n<p><strong>Cuando se habla de maternidad se habla de un fen\u00f3meno social, que se caracteriza porque la mujer realiza algunos procesos de la reproducci\u00f3n social (Lagarde, 257). La madre es la instituci\u00f3n hist\u00f3rica, clave en la reproducci\u00f3n de la sociedad, de la cultura, de la hegemon\u00eda y en la realizaci\u00f3n social de las mujeres (hablando de una sociedad tradicional).<\/strong><\/p>\n<p><img loading=\"lazy\" decoding=\"async\" class=\"wp-image-35855 aligncenter\" src=\"https:\/\/diariofemenino.com.ar\/df\/wp-content\/uploads\/2019\/05\/pensar-ser-mama.jpg\" alt=\"La maternidad: un fen\u00f3meno social\" width=\"631\" height=\"421\" srcset=\"https:\/\/diariofemenino.com.ar\/df\/wp-content\/uploads\/2019\/05\/pensar-ser-mama.jpg 793w, https:\/\/diariofemenino.com.ar\/df\/wp-content\/uploads\/2019\/05\/pensar-ser-mama-300x200.jpg 300w, https:\/\/diariofemenino.com.ar\/df\/wp-content\/uploads\/2019\/05\/pensar-ser-mama-768x512.jpg 768w\" sizes=\"auto, (max-width: 631px) 100vw, 631px\" \/><\/p>\n<p>M\u00e9xico est\u00e1 inmerso en una cultura mayoritariamente conservadora, considera en la mayor\u00eda de los casos que toda <a href=\"https:\/\/diariofemenino.com.ar\/\">mujer<\/a> debe de procrear, como el destino m\u00e1s importante de su existencia, m\u00e1s all\u00e1 de su realizaci\u00f3n personal y profesional. Marcela Lagarde, una destacada feminista, dice que la estructura de la sociedad mexicana considera a todas las mujeres como madres simb\u00f3licas, precisamente en el entendido que siempre debemos estar para el otro. Toda persona tiene varias madres que constituyen varios equipos maternos conformados por abuelas, madres, t\u00edas, hijas, sobrinas, hermanas.<\/p>\n<p>Actualmente las madres se debaten entre llevar a cabo su vida profesional y conciliar la maternidad. Las mujeres que incursionan en la vida p\u00fablica lo hacen con la carga personal privada y dom\u00e9stica (Lagarde, 320), Muchas son quienes reducen sus horarios laborales con tal de estar m\u00e1s tiempo con sus hijos, m\u00e1s aun las que son madres solteras y no tienen con quien dejar a sus ni\u00f1os. Gran parte de las mam\u00e1s o pap\u00e1s se apoyan en las abuelas, esto es normal en nuestra sociedad, pues la divisi\u00f3n gen\u00e9rica del trabajo les ha asignado tradicionalmente el cuidado de los ni\u00f1os a las mujeres, al mismo tiempo este cuidado a los infantes hace que pase desapercibido el trabajo de las abuelas; normalizar el cuidado de los nietos pasa a ser como una obligaci\u00f3n natural y social.<\/p>\n<p>Las abuelas son consideradas socialmente segundas madres, por lo cual su trabajo nunca termina, continua. La herencia de los abuelos en t\u00e9rminos generales es invaluable, pues dejan una gran huella en los nietos con su amor y paciencia; aunque para las abuelas implica m\u00e1s esfuerzo, pues muchas de ellas aparte de hacer labores dom\u00e9sticas tienen un empleo formal, sumado al cuidar de los nietos, de sus propios padres, o de alg\u00fan familiar; ellas mismas tambi\u00e9n tienen padecimientos, es por eso que debemos valorar su trabajo.<\/p>\n<p>A pesar de la incorporaci\u00f3n de las mujeres al trabajo, generalmente los roles tradicionales les dar\u00e1n siempre a las madres las responsabilidades del cuidado del hogar, adem\u00e1s de la crianza infantil, como ya se mencion\u00f3. Las mujeres que tienen un trabajo remunerado tambi\u00e9n tienen que cumplir con el que no lo est\u00e1, porque la incorporaci\u00f3n masculina a las labores dom\u00e9sticas a\u00fan no se ha dado del todo, las tareas del hogar siguen recayendo mayoritariamente en las mujeres.<\/p>\n<p>Los personajes que vemos en las pel\u00edculas del cine mexicano, como los que encarnaron Sara Garc\u00eda, Prudencia Grifell y Marga L\u00f3pez proyectan en gran parte el significado de una madre en la estructura de nuestra sociedad: abnegaci\u00f3n, sacrificio y el estar dispuesta siempre a darlo todo.<\/p>\n<p>Las madres ind\u00edgenas tienen un panorama m\u00e1s adverso, pues son discriminadas por su condici\u00f3n de g\u00e9nero, clase y etnia. Las que viven en la ciudad y piden alguna caridad en los sem\u00e1foros muchas veces son cuestionadas por las personas. Los roles tradicionales se encuentran muy marcados en las comunidades ind\u00edgenas, las mujeres nunca descansan: se dedican al campo o a las labores artesanales y aparte a las labores dom\u00e9sticas y de crianza; cocinan con le\u00f1a, lavan a mano y muchas veces no cuentan con los servicios b\u00e1sicos.<\/p>\n<p>Las mam\u00e1s son retratadas por las pausas publicitarias como las que siempre deben resolver los quehaceres dom\u00e9sticos y ser responsables de la familia, los comerciales est\u00e1n llenos de estereotipos, como aquel del detergente \u201cAriel\u201d que actualmente circula en la televisi\u00f3n; un joven adolescente le reclama a su madre que su camisa reci\u00e9n lavada huele a sudor: \u201cMe veo viviendo contigo hasta los cuarenta\u201d,\u00a0 dice con enojo exigiendo que la ropa est\u00e9 limpia de verdad; un enunciado machista m\u00e1s aun considerando que el joven ya puede hacerse responsable de su ropa. Este tipo de mensajes son frecuentes y confirman una divisi\u00f3n sexual del trabajo.<\/p>\n<p><a href=\"https:\/\/diariofemenino.com.ar\/sheila-heti-dejen-de-preguntar-a-las-mujeres-que-no-tienen-hijos-por-que-no-los-tienen\/\">Todas las mujeres son consideradas<\/a> madres hasta las que no lo son biol\u00f3gicamente. Las monjas son madres religiosas, toda mujer es madre simb\u00f3lica: pues las \u201cmadres\u201d que no tienen hijos, pueden ser mam\u00e1s temporales o permanentes, adem\u00e1s de ser madre para sus hijos, tambi\u00e9n lo ser\u00e1n para sus amigos, hermanos, novios, o esposos. Las mujeres desde ni\u00f1as son madre esposas, es decir, viven para los otros.<\/p>\n<\/div>\n<p>&nbsp;<\/p>\n<p><a href=\"https:\/\/www.e-consulta.com\/opinion\/2019-05-22\/la-maternidad-un-fenomeno-social\">e-consulta<\/a><\/p>\n","protected":false},"excerpt":{"rendered":"<p>La Maternidad: un fen\u00f3meno social Por\u00a0Laura Carreto Tirado Cuando se habla de maternidad se habla de un fen\u00f3meno social, que se caracteriza porque la mujer realiza algunos procesos de la reproducci\u00f3n social (Lagarde, 257). La madre es la instituci\u00f3n hist\u00f3rica, clave en la reproducci\u00f3n de la sociedad, de la cultura, de la hegemon\u00eda y en [&hellip;]<\/p>\n","protected":false},"author":4,"featured_media":35856,"comment_status":"open","ping_status":"open","sticky":false,"template":"","format":"standard","meta":{"iawp_total_views":56,"footnotes":""},"categories":[7,581],"tags":[53,30,10,1278,169],"class_list":["post-35849","post","type-post","status-publish","format-standard","has-post-thumbnail","hentry","category-actividades","category-azul-profundo","tag-derechos-de-las-mujeres","tag-derechos-humanos","tag-derechos-sexuales-y-reproductivos","tag-fenomeno-social","tag-maternidad"],"nelio_content":{"autoShareEndMode":"never","automationSources":{"useCustomSentences":false,"customSentences":[]},"efiAlt":"","efiUrl":"","followers":[4],"highlights":[],"isAutoShareEnabled":true,"networkImageIds":[],"permalinkQueryArgs":[],"series":[],"suggestedReferences":[]},"yoast_head":"<!-- This site is optimized with the Yoast SEO plugin v27.5 - https:\/\/yoast.com\/product\/yoast-seo-wordpress\/ -->\n<title>La maternidad: un fen\u00f3meno social - Diario Digital Femenino<\/title>\n<meta name=\"description\" content=\"La Maternidad: un fen\u00f3meno social que se caracteriza porque la mujer realiza algunos procesos de la reproducci\u00f3n social (Lagarde, 257)\" \/>\n<meta name=\"robots\" content=\"index, follow, max-snippet:-1, max-image-preview:large, max-video-preview:-1\" \/>\n<link rel=\"canonical\" href=\"https:\/\/diariofemenino.com.ar\/df\/la-maternidad\/\" \/>\n<meta property=\"og:locale\" content=\"es_ES\" \/>\n<meta property=\"og:type\" content=\"article\" \/>\n<meta property=\"og:title\" content=\"La maternidad: un fen\u00f3meno social - Diario Digital Femenino\" \/>\n<meta property=\"og:description\" content=\"La Maternidad: un fen\u00f3meno social que se caracteriza porque la mujer realiza algunos procesos de la reproducci\u00f3n social (Lagarde, 257)\" \/>\n<meta property=\"og:url\" content=\"https:\/\/diariofemenino.com.ar\/df\/la-maternidad\/\" \/>\n<meta property=\"og:site_name\" content=\"Diario Digital Femenino\" \/>\n<meta property=\"article:publisher\" content=\"https:\/\/www.facebook.com\/DiarioDigitaFemenino\/\" \/>\n<meta property=\"article:published_time\" content=\"2019-05-23T00:23:29+00:00\" \/>\n<meta property=\"article:modified_time\" content=\"2019-05-23T00:26:10+00:00\" \/>\n<meta property=\"og:image\" content=\"https:\/\/diariofemenino.com.ar\/df\/wp-content\/uploads\/2019\/05\/la-soledad-de-la-maternidad-1024x820.jpg\" \/>\n\t<meta property=\"og:image:width\" content=\"1024\" \/>\n\t<meta property=\"og:image:height\" content=\"820\" \/>\n\t<meta property=\"og:image:type\" content=\"image\/jpeg\" \/>\n<meta name=\"author\" content=\"Admin\" \/>\n<meta name=\"twitter:card\" content=\"summary_large_image\" \/>\n<meta name=\"twitter:creator\" content=\"@DiarioFemenino1\" \/>\n<meta name=\"twitter:site\" content=\"@DiarioFemenino1\" \/>\n<meta name=\"twitter:label1\" content=\"Escrito por\" \/>\n\t<meta name=\"twitter:data1\" content=\"Admin\" \/>\n\t<meta name=\"twitter:label2\" content=\"Tiempo de lectura\" \/>\n\t<meta name=\"twitter:data2\" content=\"4 minutos\" \/>\n<script type=\"application\/ld+json\" class=\"yoast-schema-graph\">{\"@context\":\"https:\\\/\\\/schema.org\",\"@graph\":[{\"@type\":\"Article\",\"@id\":\"https:\\\/\\\/diariofemenino.com.ar\\\/df\\\/la-maternidad\\\/#article\",\"isPartOf\":{\"@id\":\"https:\\\/\\\/diariofemenino.com.ar\\\/df\\\/la-maternidad\\\/\"},\"author\":{\"name\":\"Admin\",\"@id\":\"https:\\\/\\\/diariofemenino.com.ar\\\/df\\\/#\\\/schema\\\/person\\\/bf6199e8158c657ea6f789b11ec85509\"},\"headline\":\"La maternidad: un fen\u00f3meno social\",\"datePublished\":\"2019-05-23T00:23:29+00:00\",\"dateModified\":\"2019-05-23T00:26:10+00:00\",\"mainEntityOfPage\":{\"@id\":\"https:\\\/\\\/diariofemenino.com.ar\\\/df\\\/la-maternidad\\\/\"},\"wordCount\":824,\"commentCount\":0,\"publisher\":{\"@id\":\"https:\\\/\\\/diariofemenino.com.ar\\\/df\\\/#organization\"},\"image\":{\"@id\":\"https:\\\/\\\/diariofemenino.com.ar\\\/df\\\/la-maternidad\\\/#primaryimage\"},\"thumbnailUrl\":\"https:\\\/\\\/diariofemenino.com.ar\\\/df\\\/wp-content\\\/uploads\\\/2019\\\/05\\\/la-soledad-de-la-maternidad-1024x820.jpg\",\"keywords\":[\"Derechos de las mujeres\",\"Derechos Humanos\",\"Derechos sexuales y reproductivos\",\"Fen\u00f3meno social\",\"Maternidad\"],\"articleSection\":[\"Actividades\",\"Azul Profundo\"],\"inLanguage\":\"es\",\"potentialAction\":[{\"@type\":\"CommentAction\",\"name\":\"Comment\",\"target\":[\"https:\\\/\\\/diariofemenino.com.ar\\\/df\\\/la-maternidad\\\/#respond\"]}]},{\"@type\":\"WebPage\",\"@id\":\"https:\\\/\\\/diariofemenino.com.ar\\\/df\\\/la-maternidad\\\/\",\"url\":\"https:\\\/\\\/diariofemenino.com.ar\\\/df\\\/la-maternidad\\\/\",\"name\":\"La maternidad: un fen\u00f3meno social - Diario Digital Femenino\",\"isPartOf\":{\"@id\":\"https:\\\/\\\/diariofemenino.com.ar\\\/df\\\/#website\"},\"primaryImageOfPage\":{\"@id\":\"https:\\\/\\\/diariofemenino.com.ar\\\/df\\\/la-maternidad\\\/#primaryimage\"},\"image\":{\"@id\":\"https:\\\/\\\/diariofemenino.com.ar\\\/df\\\/la-maternidad\\\/#primaryimage\"},\"thumbnailUrl\":\"https:\\\/\\\/diariofemenino.com.ar\\\/df\\\/wp-content\\\/uploads\\\/2019\\\/05\\\/la-soledad-de-la-maternidad-1024x820.jpg\",\"datePublished\":\"2019-05-23T00:23:29+00:00\",\"dateModified\":\"2019-05-23T00:26:10+00:00\",\"description\":\"La Maternidad: un fen\u00f3meno social que se caracteriza porque la mujer realiza algunos procesos de la reproducci\u00f3n social (Lagarde, 257)\",\"breadcrumb\":{\"@id\":\"https:\\\/\\\/diariofemenino.com.ar\\\/df\\\/la-maternidad\\\/#breadcrumb\"},\"inLanguage\":\"es\",\"potentialAction\":[{\"@type\":\"ReadAction\",\"target\":[\"https:\\\/\\\/diariofemenino.com.ar\\\/df\\\/la-maternidad\\\/\"]}]},{\"@type\":\"ImageObject\",\"inLanguage\":\"es\",\"@id\":\"https:\\\/\\\/diariofemenino.com.ar\\\/df\\\/la-maternidad\\\/#primaryimage\",\"url\":\"https:\\\/\\\/diariofemenino.com.ar\\\/df\\\/wp-content\\\/uploads\\\/2019\\\/05\\\/la-soledad-de-la-maternidad-1024x820.jpg\",\"contentUrl\":\"https:\\\/\\\/diariofemenino.com.ar\\\/df\\\/wp-content\\\/uploads\\\/2019\\\/05\\\/la-soledad-de-la-maternidad-1024x820.jpg\",\"width\":1024,\"height\":820,\"caption\":\"La maternidad: un fen\u00f3meno social\"},{\"@type\":\"BreadcrumbList\",\"@id\":\"https:\\\/\\\/diariofemenino.com.ar\\\/df\\\/la-maternidad\\\/#breadcrumb\",\"itemListElement\":[{\"@type\":\"ListItem\",\"position\":1,\"name\":\"Portada\",\"item\":\"https:\\\/\\\/diariofemenino.com.ar\\\/df\\\/\"},{\"@type\":\"ListItem\",\"position\":2,\"name\":\"La maternidad: un fen\u00f3meno social\"}]},{\"@type\":\"WebSite\",\"@id\":\"https:\\\/\\\/diariofemenino.com.ar\\\/df\\\/#website\",\"url\":\"https:\\\/\\\/diariofemenino.com.ar\\\/df\\\/\",\"name\":\"Diario Digital Femenino\",\"description\":\"Cuesti\u00f3n de G\u00e9nero\",\"publisher\":{\"@id\":\"https:\\\/\\\/diariofemenino.com.ar\\\/df\\\/#organization\"},\"potentialAction\":[{\"@type\":\"SearchAction\",\"target\":{\"@type\":\"EntryPoint\",\"urlTemplate\":\"https:\\\/\\\/diariofemenino.com.ar\\\/df\\\/?s={search_term_string}\"},\"query-input\":{\"@type\":\"PropertyValueSpecification\",\"valueRequired\":true,\"valueName\":\"search_term_string\"}}],\"inLanguage\":\"es\"},{\"@type\":\"Organization\",\"@id\":\"https:\\\/\\\/diariofemenino.com.ar\\\/df\\\/#organization\",\"name\":\"Diario Femenino\",\"url\":\"https:\\\/\\\/diariofemenino.com.ar\\\/df\\\/\",\"logo\":{\"@type\":\"ImageObject\",\"inLanguage\":\"es\",\"@id\":\"https:\\\/\\\/diariofemenino.com.ar\\\/df\\\/#\\\/schema\\\/logo\\\/image\\\/\",\"url\":\"https:\\\/\\\/diariofemenino.com.ar\\\/df\\\/wp-content\\\/uploads\\\/2018\\\/10\\\/logo.png\",\"contentUrl\":\"https:\\\/\\\/diariofemenino.com.ar\\\/df\\\/wp-content\\\/uploads\\\/2018\\\/10\\\/logo.png\",\"width\":500,\"height\":92,\"caption\":\"Diario Femenino\"},\"image\":{\"@id\":\"https:\\\/\\\/diariofemenino.com.ar\\\/df\\\/#\\\/schema\\\/logo\\\/image\\\/\"},\"sameAs\":[\"https:\\\/\\\/www.facebook.com\\\/DiarioDigitaFemenino\\\/\",\"https:\\\/\\\/x.com\\\/DiarioFemenino1\"]},{\"@type\":\"Person\",\"@id\":\"https:\\\/\\\/diariofemenino.com.ar\\\/df\\\/#\\\/schema\\\/person\\\/bf6199e8158c657ea6f789b11ec85509\",\"name\":\"Admin\",\"image\":{\"@type\":\"ImageObject\",\"inLanguage\":\"es\",\"@id\":\"https:\\\/\\\/diariofemenino.com.ar\\\/df\\\/wp-content\\\/uploads\\\/2018\\\/12\\\/favicon-150x150.jpg\",\"url\":\"https:\\\/\\\/diariofemenino.com.ar\\\/df\\\/wp-content\\\/uploads\\\/2018\\\/12\\\/favicon-150x150.jpg\",\"contentUrl\":\"https:\\\/\\\/diariofemenino.com.ar\\\/df\\\/wp-content\\\/uploads\\\/2018\\\/12\\\/favicon-150x150.jpg\",\"caption\":\"Admin\"},\"url\":\"https:\\\/\\\/diariofemenino.com.ar\\\/df\\\/author\\\/lenny\\\/\"}]}<\/script>\n<!-- \/ Yoast SEO plugin. -->","yoast_head_json":{"title":"La maternidad: un fen\u00f3meno social - Diario Digital Femenino","description":"La Maternidad: un fen\u00f3meno social que se caracteriza porque la mujer realiza algunos procesos de la reproducci\u00f3n social (Lagarde, 257)","robots":{"index":"index","follow":"follow","max-snippet":"max-snippet:-1","max-image-preview":"max-image-preview:large","max-video-preview":"max-video-preview:-1"},"canonical":"https:\/\/diariofemenino.com.ar\/df\/la-maternidad\/","og_locale":"es_ES","og_type":"article","og_title":"La maternidad: un fen\u00f3meno social - Diario Digital Femenino","og_description":"La Maternidad: un fen\u00f3meno social que se caracteriza porque la mujer realiza algunos procesos de la reproducci\u00f3n social (Lagarde, 257)","og_url":"https:\/\/diariofemenino.com.ar\/df\/la-maternidad\/","og_site_name":"Diario Digital Femenino","article_publisher":"https:\/\/www.facebook.com\/DiarioDigitaFemenino\/","article_published_time":"2019-05-23T00:23:29+00:00","article_modified_time":"2019-05-23T00:26:10+00:00","og_image":[{"width":1024,"height":820,"url":"https:\/\/diariofemenino.com.ar\/df\/wp-content\/uploads\/2019\/05\/la-soledad-de-la-maternidad-1024x820.jpg","type":"image\/jpeg"}],"author":"Admin","twitter_card":"summary_large_image","twitter_creator":"@DiarioFemenino1","twitter_site":"@DiarioFemenino1","twitter_misc":{"Escrito por":"Admin","Tiempo de lectura":"4 minutos"},"schema":{"@context":"https:\/\/schema.org","@graph":[{"@type":"Article","@id":"https:\/\/diariofemenino.com.ar\/df\/la-maternidad\/#article","isPartOf":{"@id":"https:\/\/diariofemenino.com.ar\/df\/la-maternidad\/"},"author":{"name":"Admin","@id":"https:\/\/diariofemenino.com.ar\/df\/#\/schema\/person\/bf6199e8158c657ea6f789b11ec85509"},"headline":"La maternidad: un fen\u00f3meno social","datePublished":"2019-05-23T00:23:29+00:00","dateModified":"2019-05-23T00:26:10+00:00","mainEntityOfPage":{"@id":"https:\/\/diariofemenino.com.ar\/df\/la-maternidad\/"},"wordCount":824,"commentCount":0,"publisher":{"@id":"https:\/\/diariofemenino.com.ar\/df\/#organization"},"image":{"@id":"https:\/\/diariofemenino.com.ar\/df\/la-maternidad\/#primaryimage"},"thumbnailUrl":"https:\/\/diariofemenino.com.ar\/df\/wp-content\/uploads\/2019\/05\/la-soledad-de-la-maternidad-1024x820.jpg","keywords":["Derechos de las mujeres","Derechos Humanos","Derechos sexuales y reproductivos","Fen\u00f3meno social","Maternidad"],"articleSection":["Actividades","Azul Profundo"],"inLanguage":"es","potentialAction":[{"@type":"CommentAction","name":"Comment","target":["https:\/\/diariofemenino.com.ar\/df\/la-maternidad\/#respond"]}]},{"@type":"WebPage","@id":"https:\/\/diariofemenino.com.ar\/df\/la-maternidad\/","url":"https:\/\/diariofemenino.com.ar\/df\/la-maternidad\/","name":"La maternidad: un fen\u00f3meno social - Diario Digital Femenino","isPartOf":{"@id":"https:\/\/diariofemenino.com.ar\/df\/#website"},"primaryImageOfPage":{"@id":"https:\/\/diariofemenino.com.ar\/df\/la-maternidad\/#primaryimage"},"image":{"@id":"https:\/\/diariofemenino.com.ar\/df\/la-maternidad\/#primaryimage"},"thumbnailUrl":"https:\/\/diariofemenino.com.ar\/df\/wp-content\/uploads\/2019\/05\/la-soledad-de-la-maternidad-1024x820.jpg","datePublished":"2019-05-23T00:23:29+00:00","dateModified":"2019-05-23T00:26:10+00:00","description":"La Maternidad: un fen\u00f3meno social que se caracteriza porque la mujer realiza algunos procesos de la reproducci\u00f3n social (Lagarde, 257)","breadcrumb":{"@id":"https:\/\/diariofemenino.com.ar\/df\/la-maternidad\/#breadcrumb"},"inLanguage":"es","potentialAction":[{"@type":"ReadAction","target":["https:\/\/diariofemenino.com.ar\/df\/la-maternidad\/"]}]},{"@type":"ImageObject","inLanguage":"es","@id":"https:\/\/diariofemenino.com.ar\/df\/la-maternidad\/#primaryimage","url":"https:\/\/diariofemenino.com.ar\/df\/wp-content\/uploads\/2019\/05\/la-soledad-de-la-maternidad-1024x820.jpg","contentUrl":"https:\/\/diariofemenino.com.ar\/df\/wp-content\/uploads\/2019\/05\/la-soledad-de-la-maternidad-1024x820.jpg","width":1024,"height":820,"caption":"La maternidad: un fen\u00f3meno social"},{"@type":"BreadcrumbList","@id":"https:\/\/diariofemenino.com.ar\/df\/la-maternidad\/#breadcrumb","itemListElement":[{"@type":"ListItem","position":1,"name":"Portada","item":"https:\/\/diariofemenino.com.ar\/df\/"},{"@type":"ListItem","position":2,"name":"La maternidad: un fen\u00f3meno social"}]},{"@type":"WebSite","@id":"https:\/\/diariofemenino.com.ar\/df\/#website","url":"https:\/\/diariofemenino.com.ar\/df\/","name":"Diario Digital Femenino","description":"Cuesti\u00f3n de G\u00e9nero","publisher":{"@id":"https:\/\/diariofemenino.com.ar\/df\/#organization"},"potentialAction":[{"@type":"SearchAction","target":{"@type":"EntryPoint","urlTemplate":"https:\/\/diariofemenino.com.ar\/df\/?s={search_term_string}"},"query-input":{"@type":"PropertyValueSpecification","valueRequired":true,"valueName":"search_term_string"}}],"inLanguage":"es"},{"@type":"Organization","@id":"https:\/\/diariofemenino.com.ar\/df\/#organization","name":"Diario Femenino","url":"https:\/\/diariofemenino.com.ar\/df\/","logo":{"@type":"ImageObject","inLanguage":"es","@id":"https:\/\/diariofemenino.com.ar\/df\/#\/schema\/logo\/image\/","url":"https:\/\/diariofemenino.com.ar\/df\/wp-content\/uploads\/2018\/10\/logo.png","contentUrl":"https:\/\/diariofemenino.com.ar\/df\/wp-content\/uploads\/2018\/10\/logo.png","width":500,"height":92,"caption":"Diario Femenino"},"image":{"@id":"https:\/\/diariofemenino.com.ar\/df\/#\/schema\/logo\/image\/"},"sameAs":["https:\/\/www.facebook.com\/DiarioDigitaFemenino\/","https:\/\/x.com\/DiarioFemenino1"]},{"@type":"Person","@id":"https:\/\/diariofemenino.com.ar\/df\/#\/schema\/person\/bf6199e8158c657ea6f789b11ec85509","name":"Admin","image":{"@type":"ImageObject","inLanguage":"es","@id":"https:\/\/diariofemenino.com.ar\/df\/wp-content\/uploads\/2018\/12\/favicon-150x150.jpg","url":"https:\/\/diariofemenino.com.ar\/df\/wp-content\/uploads\/2018\/12\/favicon-150x150.jpg","contentUrl":"https:\/\/diariofemenino.com.ar\/df\/wp-content\/uploads\/2018\/12\/favicon-150x150.jpg","caption":"Admin"},"url":"https:\/\/diariofemenino.com.ar\/df\/author\/lenny\/"}]}},"jetpack_featured_media_url":"https:\/\/diariofemenino.com.ar\/df\/wp-content\/uploads\/2019\/05\/la-soledad-de-la-maternidad-1024x820.jpg","jetpack_sharing_enabled":true,"rttpg_featured_image_url":{"full":["https:\/\/diariofemenino.com.ar\/df\/wp-content\/uploads\/2019\/05\/la-soledad-de-la-maternidad-1024x820.jpg",1024,820,false],"landscape":["https:\/\/diariofemenino.com.ar\/df\/wp-content\/uploads\/2019\/05\/la-soledad-de-la-maternidad-1024x820.jpg",1024,820,false],"portraits":["https:\/\/diariofemenino.com.ar\/df\/wp-content\/uploads\/2019\/05\/la-soledad-de-la-maternidad-1024x820.jpg",1024,820,false],"thumbnail":["https:\/\/diariofemenino.com.ar\/df\/wp-content\/uploads\/2019\/05\/la-soledad-de-la-maternidad-1024x820-150x150.jpg",150,150,true],"medium":["https:\/\/diariofemenino.com.ar\/df\/wp-content\/uploads\/2019\/05\/la-soledad-de-la-maternidad-1024x820-300x240.jpg",300,240,true],"large":["https:\/\/diariofemenino.com.ar\/df\/wp-content\/uploads\/2019\/05\/la-soledad-de-la-maternidad-1024x820-1024x820.jpg",1024,820,true],"1536x1536":["https:\/\/diariofemenino.com.ar\/df\/wp-content\/uploads\/2019\/05\/la-soledad-de-la-maternidad-1024x820.jpg",1024,820,false],"2048x2048":["https:\/\/diariofemenino.com.ar\/df\/wp-content\/uploads\/2019\/05\/la-soledad-de-la-maternidad-1024x820.jpg",1024,820,false]},"rttpg_author":{"display_name":"Admin","author_link":"https:\/\/diariofemenino.com.ar\/df\/author\/lenny\/"},"rttpg_comment":0,"rttpg_category":"<a href=\"https:\/\/diariofemenino.com.ar\/df\/category\/actividades\/\" rel=\"category tag\">Actividades<\/a> <a href=\"https:\/\/diariofemenino.com.ar\/df\/category\/azul-profundo\/\" rel=\"category tag\">Azul Profundo<\/a>","rttpg_excerpt":"La Maternidad: un fen\u00f3meno social Por\u00a0Laura Carreto Tirado Cuando se habla de maternidad se habla de un fen\u00f3meno social, que se caracteriza porque la mujer realiza algunos procesos de la reproducci\u00f3n social (Lagarde, 257). La madre es la instituci\u00f3n hist\u00f3rica, clave en la reproducci\u00f3n de la sociedad, de la cultura, de la hegemon\u00eda y en&hellip;","_links":{"self":[{"href":"https:\/\/diariofemenino.com.ar\/df\/wp-json\/wp\/v2\/posts\/35849","targetHints":{"allow":["GET"]}}],"collection":[{"href":"https:\/\/diariofemenino.com.ar\/df\/wp-json\/wp\/v2\/posts"}],"about":[{"href":"https:\/\/diariofemenino.com.ar\/df\/wp-json\/wp\/v2\/types\/post"}],"author":[{"embeddable":true,"href":"https:\/\/diariofemenino.com.ar\/df\/wp-json\/wp\/v2\/users\/4"}],"replies":[{"embeddable":true,"href":"https:\/\/diariofemenino.com.ar\/df\/wp-json\/wp\/v2\/comments?post=35849"}],"version-history":[{"count":0,"href":"https:\/\/diariofemenino.com.ar\/df\/wp-json\/wp\/v2\/posts\/35849\/revisions"}],"wp:featuredmedia":[{"embeddable":true,"href":"https:\/\/diariofemenino.com.ar\/df\/wp-json\/wp\/v2\/media\/35856"}],"wp:attachment":[{"href":"https:\/\/diariofemenino.com.ar\/df\/wp-json\/wp\/v2\/media?parent=35849"}],"wp:term":[{"taxonomy":"category","embeddable":true,"href":"https:\/\/diariofemenino.com.ar\/df\/wp-json\/wp\/v2\/categories?post=35849"},{"taxonomy":"post_tag","embeddable":true,"href":"https:\/\/diariofemenino.com.ar\/df\/wp-json\/wp\/v2\/tags?post=35849"}],"curies":[{"name":"wp","href":"https:\/\/api.w.org\/{rel}","templated":true}]}}