{"id":35047,"date":"2019-05-09T12:44:50","date_gmt":"2019-05-09T15:44:50","guid":{"rendered":"https:\/\/diariofemenino.com.ar\/?p=35047"},"modified":"2022-01-08T12:10:23","modified_gmt":"2022-01-08T15:10:23","slug":"recursos","status":"publish","type":"post","link":"https:\/\/diariofemenino.com.ar\/df\/recursos\/","title":{"rendered":"Recursos: herramientas para periodistas, comunicadoras\/es, docentes y equipos t\u00e9cnicos"},"content":{"rendered":"<p><strong>Recursos: herramientas para periodistas, comunicadoras\/es, docentes y equipos t\u00e9cnicos<\/strong>. Recopilamos una serie de publicaciones,\u00a0 indispensable herramienta para tener a mano a la hora de generar proyectos, elaborar discursos, pensar pol\u00edticas p\u00fablicas, planificar tareas escolares. De la manera que sea la <a href=\"https:\/\/es.wikipedia.org\/wiki\/Comunicaci%C3%B3n\">comunicaci\u00f3n<\/a>, es importante contar con este aporte. De <strong>descarga gratuita y sin registros<\/strong>. Para compartir.<\/p>\n<p><img loading=\"lazy\" decoding=\"async\" class=\"alignnone size-full wp-image-35071\" src=\"https:\/\/diariofemenino.com.ar\/df\/wp-content\/uploads\/2019\/05\/libros-de-dise\u00f1o-grafico-1.jpg\" alt=\"Recursos: herramientas para periodistas, comunicadoras\/es, docentes y equipos t\u00e9cnicos\" width=\"1920\" height=\"1080\" srcset=\"https:\/\/diariofemenino.com.ar\/df\/wp-content\/uploads\/2019\/05\/libros-de-dise\u00f1o-grafico-1.jpg 1920w, https:\/\/diariofemenino.com.ar\/df\/wp-content\/uploads\/2019\/05\/libros-de-dise\u00f1o-grafico-1-300x169.jpg 300w, https:\/\/diariofemenino.com.ar\/df\/wp-content\/uploads\/2019\/05\/libros-de-dise\u00f1o-grafico-1-768x432.jpg 768w, https:\/\/diariofemenino.com.ar\/df\/wp-content\/uploads\/2019\/05\/libros-de-dise\u00f1o-grafico-1-1024x576.jpg 1024w\" sizes=\"auto, (max-width: 1920px) 100vw, 1920px\" \/><\/p>\n<p>Es necesario contar con \u00ablas mejores herramientas para comunicar y argumentar sobre las desigualdades de g\u00e9nero. \u00bfC\u00f3mo escapar a mitos y clich\u00e9s a la hora de abordar temas de g\u00e9nero? Dar cuenta de la vida de las mujeres, \u00bfes hacer comunicaci\u00f3n de g\u00e9nero? \u00bfQu\u00e9 herramientas de la investigaci\u00f3n social y cu\u00e1les del periodismo aportan a disminuir desigualdades de g\u00e9nero? Las relaciones sociales de g\u00e9nero, y su abordaje en los medios y en las pol\u00edticas p\u00fablicas\u00bb.<\/p>\n<p>Se hace imprescindible \u00abentrelazar<strong> herramientas de la investigaci\u00f3n social y del periodismo para promover una mirada conjunta que aporte a la transformaci\u00f3n de inequidades<\/strong>. Tambi\u00e9n, interrogar sobre c\u00f3mo abordar las r\u00e1pidas transformaciones y los nuevos desaf\u00edos de la agenda p\u00fablica en relaci\u00f3n con el g\u00e9nero. La igualdad de g\u00e9nero es reconocida como parte del corpus de derechos humanos. Interpela las agendas p\u00fablicas y las interacciones cotidianas; renueva los marcos legislativos y el dise\u00f1o de las pol\u00edticas p\u00fablicas. Pero la realidad de las personas revela que muchos de estos avances conviven con jerarqu\u00edas todav\u00eda arraigadas en la cultura contempor\u00e1nea. Los medios masivos de comunicaci\u00f3n son parte activa de esta construcci\u00f3n. Instalan \u201cmodos de hacer\u201d coberturas informativas basadas en el sensacionalismo, la inmediatez y la b\u00fasqueda de ratings, construidos a partir de imprecisiones, estereotipos y escasa diversificaci\u00f3n de fuentes. En muchos casos, prejuzgando a las personas involucradas en los hechos\u00bb.<\/p>\n<p>Al respecto se nos plantea un desaf\u00edo diario \u00ab\u00bfC\u00f3mo desandar discursos estereotipados (y discriminatorios) y contribuir a la construcci\u00f3n de una sociedad m\u00e1s igualitaria? \u00bfC\u00f3mo pensar la relaci\u00f3n entre comunicaci\u00f3n, g\u00e9nero y sociedad? Interrogarnos y poner en discusi\u00f3n los discursos hegem\u00f3nicos de g\u00e9nero, sus transformaciones y los desaf\u00edos pendientes, en buscas de contribuir a la construcci\u00f3n de la igualdad de derechos y oportunidades entre los g\u00e9neros\u00bb.\u00a0Argumentos del Seminario de Comunicaci\u00f3n, G\u00e9nero y Sociedad de Flacso&#8230;<\/p>\n<p>Con el mismo objetivo compartimos la<strong> lista de herramientas<\/strong><\/p>\n<figure id=\"attachment_35072\" aria-describedby=\"caption-attachment-35072\" style=\"width: 648px\" class=\"wp-caption aligncenter\"><img loading=\"lazy\" decoding=\"async\" class=\" wp-image-35072\" src=\"https:\/\/diariofemenino.com.ar\/df\/wp-content\/uploads\/2019\/05\/cropped-10232322-libro-y-gafas-estilo-vintage2-1024x684.jpg\" alt=\"Recursos: herramientas para periodistas, comunicadoras\/es, docentes y equipos t\u00e9cnicos\" width=\"648\" height=\"433\" srcset=\"https:\/\/diariofemenino.com.ar\/df\/wp-content\/uploads\/2019\/05\/cropped-10232322-libro-y-gafas-estilo-vintage2-1024x684.jpg 1024w, https:\/\/diariofemenino.com.ar\/df\/wp-content\/uploads\/2019\/05\/cropped-10232322-libro-y-gafas-estilo-vintage2-300x200.jpg 300w, https:\/\/diariofemenino.com.ar\/df\/wp-content\/uploads\/2019\/05\/cropped-10232322-libro-y-gafas-estilo-vintage2-768x513.jpg 768w, https:\/\/diariofemenino.com.ar\/df\/wp-content\/uploads\/2019\/05\/cropped-10232322-libro-y-gafas-estilo-vintage2.jpg 1200w\" sizes=\"auto, (max-width: 648px) 100vw, 648px\" \/><figcaption id=\"caption-attachment-35072\" class=\"wp-caption-text\">Recursos: herramientas para periodistas, comunicadoras\/es, docentes y equipos t\u00e9cnicos<\/figcaption><\/figure>\n<p><strong>Gu\u00eda pr\u00e1ctica y urgente para un periodismo respetuoso y respetable<br \/>\n<\/strong><a href=\"https:\/\/diariofemenino.com.ar\/df\/guia-practica-y-urgente-para-un-periodismo-respetuoso-y-respetable\/\">https:\/\/diariofemenino.com.ar\/df\/guia-practica-y-urgente-para-un-periodismo-respetuoso-y-respetable\/<\/a><\/p>\n<div class=\"kvgmc6g5 cxmmr5t8 oygrvhab hcukyx3x c1et5uql ii04i59q\"><\/div>\n<div class=\"cxmmr5t8 oygrvhab hcukyx3x c1et5uql o9v6fnle ii04i59q\">\n<div dir=\"auto\"><strong>Comunicaci\u00f3n creativa: inclusiva y no sexista<br \/>\n<\/strong><a href=\"https:\/\/diariofemenino.com.ar\/df\/comunicacion-creativa-inclusiva-y-no-sexista\/\">https:\/\/diariofemenino.com.ar\/df\/comunicacion-creativa-inclusiva-y-no-sexista\/\u00a0<\/a><strong><br \/>\n<\/strong><\/div>\n<\/div>\n<p><strong><br \/>\nTrata de personas: Para un adecuado y respetuoso abordaje period\u00edstico<br \/>\n<\/strong><a href=\"https:\/\/diariofemenino.com.ar\/trata-de-personas\/\">https:\/\/diariofemenino.com.ar\/trata-de-personas\/<\/a><\/p>\n<p><strong>Manual de G\u00e9nero para Periodistas<\/strong><br \/>\n<a href=\"https:\/\/diariofemenino.com.ar\/manual-de-genero\/\">https:\/\/diariofemenino.com.ar\/manual-de-genero\/<\/a><\/p>\n<p><strong>Recomendaciones para la cobertura responsable de situaciones de violencia contra ni\u00f1as, ni\u00f1os y adolescentes en los medios audiovisuales<\/strong><br \/>\n<a href=\"http:\/\/defensadelpublico.gob.ar\/wp-content\/uploads\/2016\/11\/RecomendacionesDP-UNICEF-violencia.pdf\">http:\/\/defensadelpublico.gob.ar\/wp-content\/uploads\/2016\/11\/RecomendacionesDP-UNICEF-violencia.pdf<\/a><\/p>\n<p><strong>Comunicaci\u00f3n, Infancia y Adolescencia. Gu\u00eda para Periodistas<\/strong><br \/>\n<a href=\"https:\/\/diariofemenino.com.ar\/comunicacion-infancia-y-adolescencia\/\">https:\/\/diariofemenino.com.ar\/comunicacion-infancia-y-adolescencia\/<\/a><\/p>\n<p><strong>Argentina: Medios de comunicaci\u00f3n y <a href=\"https:\/\/es.wikipedia.org\/wiki\/G%C3%A9nero_(ciencias_sociales)\">G\u00e9nero<\/a><\/strong><br \/>\n<a href=\"https:\/\/diariofemenino.com.ar\/argentina-medios-de-comunicacion-y-genero\/\">https:\/\/diariofemenino.com.ar\/argentina-medios-de-comunicacion-y-genero\/<\/a><\/p>\n<p><strong>Para contarla mejor<\/strong><br \/>\n<a href=\"https:\/\/diariofemenino.com.ar\/para-contarla-mejor\/\">https:\/\/diariofemenino.com.ar\/para-contarla-mejor\/<\/a><\/p>\n<p><strong>Gu\u00eda para el tratamiento medi\u00e1tico responsable de la salud mental<\/strong><br \/>\n<a href=\"https:\/\/diariofemenino.com.ar\/guia-para-el-tratamiento-mediatico-responsable-de-la-salud-mental\/\">https:\/\/diariofemenino.com.ar\/guia-para-el-tratamiento-mediatico-responsable-de-la-salud-mental\/<\/a><\/p>\n<p><strong>Gu\u00eda para el tratamiento medi\u00e1tico responsable de la violencia institucional<\/strong><br \/>\n<a href=\"https:\/\/diariofemenino.com.ar\/guia-para-el-tratamiento-mediatico-responsable-de-la-violencia-institucional\/\">https:\/\/diariofemenino.com.ar\/guia-para-el-tratamiento-mediatico-responsable-de-la-violencia-institucional\/<\/a><\/p>\n<p><strong>Gu\u00eda para el tratamiento medi\u00e1tico responsable de casos de violencia contra las mujeres<\/strong><br \/>\n<a href=\"https:\/\/diariofemenino.com.ar\/guia-para-el-tratamiento-mediatico-responsable-de-casos-de-violencia-contra-las-mujeres-2\/\">https:\/\/diariofemenino.com.ar\/guia-para-el-tratamiento-mediatico-responsable-de-casos-de-violencia-contra-las-mujeres-2\/<\/a><\/p>\n<p><strong>Estudio sobre las mujeres mayores de 65 a\u00f1os v\u00edctimas de violencia de g\u00e9nero<\/strong><br \/>\n<a href=\"https:\/\/diariofemenino.com.ar\/estudio-sobre-las-mujeres-mayores-de-65-anos-victimas-de-violencia-de-genero\/\">https:\/\/diariofemenino.com.ar\/estudio-sobre-las-mujeres-mayores-de-65-anos-victimas-de-violencia-de-genero\/<\/a><\/p>\n<p><strong>Gu\u00eda para el tratamiento medi\u00e1tico responsable de la ni\u00f1ez y la adolescencia<\/strong><br \/>\n<a href=\"https:\/\/diariofemenino.com.ar\/guia-para-el-tratamiento-mediatico-responsable-de-la-ninez-y-la-adolescencia\/\">https:\/\/diariofemenino.com.ar\/guia-para-el-tratamiento-mediatico-responsable-de-la-ninez-y-la-adolescencia\/<\/a><\/p>\n<p><strong>Gu\u00eda para el tratamiento de identidades de g\u00e9neros, orientaci\u00f3n sexual e intersexualidad<\/strong><br \/>\n<a href=\"https:\/\/diariofemenino.com.ar\/guia-para-el-tratamiento-de-identidades-de-generos-orientacion-sexual-e-intersexualidad\/\">https:\/\/diariofemenino.com.ar\/guia-para-el-tratamiento-de-identidades-de-generos-orientacion-sexual-e-intersexualidad\/<\/a><\/p>\n<p><strong>Dec\u00e1logo para el correcto tratamiento period\u00edstico del derecho al Aborto<\/strong><br \/>\n<a href=\"https:\/\/diariofemenino.com.ar\/decalogo-para-el-correcto-tratamiento-periodistico-del-derecho-al-aborto\/\">https:\/\/diariofemenino.com.ar\/decalogo-para-el-correcto-tratamiento-periodistico-del-derecho-al-aborto\/<\/a><\/p>\n<p><strong>Dec\u00e1logo para el tratamiento period\u00edstico de la violencia contra las mujeres<\/strong><br \/>\n<a href=\"http:\/\/www.diariofemenino.com.ar\/decalogo-para-el-tratamiento-periodistico-de-la-violencia-contra-las-mujeres\/\">http:\/\/www.diariofemenino.com.ar\/decalogo-para-el-tratamiento-periodistico-de-la-violencia-contra-las-mujeres\/<\/a><\/p>\n<p><strong>Gu\u00eda de concientizaci\u00f3n sobre la difusi\u00f3n de im\u00e1genes \u00edntimas sin permiso<\/strong><br \/>\n<a href=\"https:\/\/diariofemenino.com.ar\/guia-de-concientizacion-sobre-la-difusion-de-imagenes-intimas-sin-permiso\/\">https:\/\/diariofemenino.com.ar\/guia-de-concientizacion-sobre-la-difusion-de-imagenes-intimas-sin-permiso\/<\/a><\/p>\n<p><strong>Protocolo de Actuaci\u00f3n Publicitaria no Sexista y Diversa<br \/>\n<\/strong><a href=\"https:\/\/diariofemenino.com.ar\/protocolo-de-actuacion-publicitaria-no-sexista-y-diversa\/\">https:\/\/diariofemenino.com.ar\/protocolo-de-actuacion-publicitaria-no-sexista-y-diversa\/<\/a><strong><br \/>\n<\/strong><\/p>\n<p><strong>Ausencia de perspectiva de g\u00e9nero en las noticias: \u201cSiempre terminan policializ\u00e1ndose\u201d<\/strong><br \/>\n<a href=\"https:\/\/diariofemenino.com.ar\/ausencia-de-perspectiva-de-genero-en-las-noticias-siempre-terminan-policializandose\/\">https:\/\/diariofemenino.com.ar\/ausencia-de-perspectiva-de-genero-en-las-noticias-siempre-terminan-policializandose\/<\/a><\/p>\n<p><strong>Manual para el uso no sexista del Lenguaje<\/strong><br \/>\n<a href=\"https:\/\/diariofemenino.com.ar\/manual-para-el-uso-sexista-del-lenguaje\/\">https:\/\/diariofemenino.com.ar\/manual-para-el-uso-sexista-del-lenguaje\/<\/a><\/p>\n<p><strong>Manual de G\u00e9nero para ni\u00f1as, ni\u00f1os y adolescentes<\/strong><br \/>\n<a href=\"https:\/\/diariofemenino.com.ar\/manual-de-genero-para-ninas-ninos-y-adolescentes\/\">https:\/\/diariofemenino.com.ar\/manual-de-genero-para-ninas-ninos-y-adolescentes\/<\/a><\/p>\n<p><strong>\u00abVarones y masculinidad(es). Herramientas pedag\u00f3gicas para facilitar talleres con adolescentes y j\u00f3venes\u00bb<\/strong><br \/>\n<a href=\"https:\/\/diariofemenino.com.ar\/varones-y-masculinidades\/\">https:\/\/diariofemenino.com.ar\/varones-y-masculinidades\/<\/a><\/p>\n<p><strong>Derechos de la infancia y derecho a la comunicaci\u00f3n<\/strong><br \/>\n<a href=\"http:\/\/www.diariofemenino.com.ar\/derechos-de-la-infancia-y-derecho-la-comunicacion\/\">http:\/\/www.diariofemenino.com.ar\/derechos-de-la-infancia-y-derecho-la-comunicacion\/<\/a><\/p>\n<p><strong>Manual de ni\u00f1ez y periodismo: un aporte para el trabajo period\u00edstico comprometido<\/strong><br \/>\n<a href=\"http:\/\/www.diariofemenino.com.ar\/manual-de-ninez-y-periodismo\/\">http:\/\/www.diariofemenino.com.ar\/manual-de-ninez-y-periodismo\/<\/a><\/p>\n<p><strong>Por una comunicaci\u00f3n democr\u00e1tica de la ni\u00f1ez y la adolescencia, herramientas para estudiantes y profesionales de la comunicaci\u00f3n<br \/>\n<\/strong><a href=\"http:\/\/www.diariofemenino.com.ar\/por-una-comunicacion-democratica-de-la-ninez-y-la-adolescencia\/\">http:\/\/www.diariofemenino.com.ar\/por-una-comunicacion-democratica-de-la-ninez-y-la-adolescencia\/<\/a><\/p>\n<p><strong>Claves para hablar de la primera infancia en los medios de comunicaci\u00f3n<\/strong><br \/>\n<a href=\"http:\/\/www.diariofemenino.com.ar\/claves-para-hablar-de-la-primera-infancia-en-los-medios-de-comunicacion\/\">http:\/\/www.diariofemenino.com.ar\/claves-para-hablar-de-la-primera-infancia-en-los-medios-de-comunicacion\/<\/a><\/p>\n<p><strong>Gu\u00eda para Docentes sobre Educaci\u00f3n Integral de la Sexualidad<\/strong><br \/>\n<a href=\"https:\/\/diariofemenino.com.ar\/guia-para-docentes-sobre-educacion-integral-de-la-sexualidad\/\">https:\/\/diariofemenino.com.ar\/guia-para-docentes-sobre-educacion-integral-de-la-sexualidad\/<\/a><\/p>\n<p><strong>El campo de la pr\u00e1ctica en la formaci\u00f3n docente. Material de trabajo para educadores y educadoras<\/strong><br \/>\n<a href=\"https:\/\/diariofemenino.com.ar\/formacion-docente\/\">https:\/\/diariofemenino.com.ar\/formacion-docente\/<\/a><\/p>\n<p><strong>Que hacer, herramientas para prevenir la discriminaci\u00f3n y la violencia de g\u00e9nero desde la educaci\u00f3n<br \/>\n<\/strong><a href=\"https:\/\/diariofemenino.com.ar\/que-hacer-herramientas-para-prevenir-la-discriminacion-y-la-violencia-de-genero-desde-la-educacion\/\">https:\/\/diariofemenino.com.ar\/que-hacer-herramientas-para-prevenir-la-discriminacion-y-la-violencia-de-genero-desde-la-educacion\/<\/a><\/p>\n<p><strong>Manual de ni\u00f1ez y periodismo<\/strong><br \/>\n<a href=\"https:\/\/diariofemenino.com.ar\/manual-de-ninez-y-periodismo\/\">https:\/\/diariofemenino.com.ar\/manual-de-ninez-y-periodismo\/<\/a><\/p>\n<p><strong>Argentina: Medios de comunicaci\u00f3n y G\u00e9nero<\/strong><br \/>\n<a href=\"https:\/\/diariofemenino.com.ar\/argentina-medios-de-comunicacion-y-genero\/\">https:\/\/diariofemenino.com.ar\/argentina-medios-de-comunicacion-y-genero\/<\/a><\/p>\n<p><strong>Pol\u00edticas p\u00fablicas de comunicaci\u00f3n y g\u00e9nero en Am\u00e9rica Latina: Entre andares y retrocesos<\/strong><br \/>\n<a href=\"https:\/\/diariofemenino.com.ar\/politicas-publicas-de-comunicacion-y-genero-en-america-latina-entre-andares-y-retrocesos\/\">https:\/\/diariofemenino.com.ar\/politicas-publicas-de-comunicacion-y-genero-en-america-latina-entre-andares-y-retrocesos\/<\/a><\/p>\n<p><strong>Gu\u00eda para el uso de un lenguaje no sexista e igualitario<\/strong><br \/>\n<a href=\"https:\/\/diariofemenino.com.ar\/guia-para-el-uso-de-un-lenguaje-no-sexista\/\">https:\/\/diariofemenino.com.ar\/guia-para-el-uso-de-un-lenguaje-no-sexista\/<\/a><\/p>\n<p><strong>La construcci\u00f3n de la identidad de g\u00e9nero desde una perspectiva intercultural<\/strong><br \/>\n<a href=\"https:\/\/diariofemenino.com.ar\/la-construccion-de-la-identidad-de-genero-desde-una-perspectiva-intercultural-2\/\">https:\/\/diariofemenino.com.ar\/la-construccion-de-la-identidad-de-genero-desde-una-perspectiva-intercultural-2\/<\/a><\/p>\n<p><strong>Manual de comunicaci\u00f3n no sexista. Hacia un lenguaje incluyente<\/strong><br \/>\n<a href=\"https:\/\/diariofemenino.com.ar\/manual-de-comunicacion-no-sexista-hacia-un-lenguaje-incluyente\/\">https:\/\/diariofemenino.com.ar\/manual-de-comunicacion-no-sexista-hacia-un-lenguaje-incluyente\/<\/a><\/p>\n<p><strong>Manual de comunicaci\u00f3n no sexista<\/strong><br \/>\n<a href=\"https:\/\/diariofemenino.com.ar\/manual-de-comunicacion-no-sexista\/\">https:\/\/diariofemenino.com.ar\/manual-de-comunicacion-no-sexista\/<\/a><\/p>\n<p><strong>Pautas para abordar la discapacidad desde los medios de comunicaci\u00f3n<\/strong><br \/>\n<a href=\"https:\/\/diariofemenino.com.ar\/pautas-para-abordar-la-discapacidad-desde-los-medios-de-comunicacion\/\">https:\/\/diariofemenino.com.ar\/pautas-para-abordar-la-discapacidad-desde-los-medios-de-comunicacion\/<\/a><\/p>\n<p><strong>Manual: Buenas pr\u00e1cticas en comunicaci\u00f3n y discapacidad<\/strong><br \/>\n<a href=\"http:\/\/www.diariofemenino.com.ar\/manual-buenas-practicas-en-comunicacion-y-discapacidad\/\">http:\/\/www.diariofemenino.com.ar\/manual-buenas-practicas-en-comunicacion-y-discapacidad\/<\/a><\/p>\n<p><strong>Gu\u00eda de recomendaciones para el acceso a la Justicia de mujeres Sordas v\u00edctimas de violencia de g\u00e9nero<br \/>\n<\/strong><a href=\"https:\/\/diariofemenino.com.ar\/guia-de-recomendaciones-para-el-acceso-a-la-justicia-de-mujeres-sordas-victimas-de-violencia-de-genero\/\">https:\/\/diariofemenino.com.ar\/guia-de-recomendaciones-para-el-acceso-a-la-justicia-de-mujeres-sordas-victimas-de-violencia-de-genero\/<\/a><strong><br \/>\n<\/strong><\/p>\n<p><strong>Manual de Buenas Pr\u00e1cticas para legisladoras y legisladores<br \/>\n<\/strong><a href=\"https:\/\/diariofemenino.com.ar\/manual-de-buenas-practicas-para-legisladoras-y-legisladores\/\">https:\/\/diariofemenino.com.ar\/manual-de-buenas-practicas-para-legisladoras-y-legisladores\/<\/a><strong><br \/>\n<\/strong><\/p>\n<p><strong>GU\u00cdA para un uso del LENGUAJE NO SEXISTA en las RELACIONES LABORALES y en el \u00c1MBITO SINDICAL<br \/>\n<\/strong><a href=\"https:\/\/diariofemenino.com.ar\/guia-para-un-uso-del-lenguaje-no-sexista-en-las-relaciones-laborales-y-en-el-ambito-sindical\/\">https:\/\/diariofemenino.com.ar\/guia-para-un-uso-del-lenguaje-no-sexista-en-las-relaciones-laborales-y-en-el-ambito-sindical\/<\/a><strong><br \/>\n<\/strong><\/p>\n<p><strong>Dec\u00e1logo \u2013 supuesto S\u00edndrome de Alienaci\u00f3n Parental<br \/>\n<\/strong><a href=\"https:\/\/diariofemenino.com.ar\/decalogo\/\">https:\/\/diariofemenino.com.ar\/decalogo\/<\/a><strong><br \/>\n<\/strong><\/p>\n<p>Y m\u00e1s en nuestra <a href=\"https:\/\/diariofemenino.com.ar\/df\/category\/biblioteca\/\">Biblioteca virtual\u00a0<\/a><\/p>\n<p style=\"text-align: right;\"><a href=\"https:\/\/diariofemenino.com.ar\/df\/?s=Lenny+C%C3%A1ceres\"><strong>Lenny C\u00e1ceres<\/strong><\/a><br \/>\nlennycaceres69@gmail.com<br \/>\n<a href=\"https:\/\/diariofemenino.com.ar\/df\/category\/biblioteca\/\">https:\/\/diariofemenino.com.ar\/<\/a><\/p>\n","protected":false},"excerpt":{"rendered":"<p>Recursos: herramientas para periodistas, comunicadoras\/es, docentes y equipos t\u00e9cnicos. Recopilamos una serie de publicaciones,\u00a0 indispensable herramienta para tener a mano a la hora de generar proyectos, elaborar discursos, pensar pol\u00edticas p\u00fablicas, planificar tareas escolares. De la manera que sea la comunicaci\u00f3n, es importante contar con este aporte. De descarga gratuita y sin registros. Para compartir. [&hellip;]<\/p>\n","protected":false},"author":4,"featured_media":58084,"comment_status":"open","ping_status":"open","sticky":false,"template":"","format":"standard","meta":{"iawp_total_views":138,"footnotes":""},"categories":[22,7,1067,19],"tags":[1178,1179,1180,26,616,1177,28,747],"class_list":["post-35047","post","type-post","status-publish","format-standard","has-post-thumbnail","hentry","category-aborto","category-actividades","category-agenda-feminista","category-biblioteca","tag-comunicadoras","tag-docentes","tag-equipos-tecnicos","tag-feminismo","tag-genero","tag-herramientas","tag-periodismo","tag-periodistas"],"nelio_content":{"autoShareEndMode":"never","automationSources":{"useCustomSentences":false,"customSentences":[]},"efiAlt":"","efiUrl":"","followers":[4],"highlights":[],"isAutoShareEnabled":true,"networkImageIds":[],"permalinkQueryArgs":[],"series":[],"suggestedReferences":[]},"yoast_head":"<!-- This site is optimized with the Yoast SEO plugin v27.5 - https:\/\/yoast.com\/product\/yoast-seo-wordpress\/ -->\n<title>Recursos: herramientas para periodistas, comunicadoras\/es, docentes y equipos t\u00e9cnicos - Diario Digital Femenino<\/title>\n<meta name=\"description\" content=\"Recursos: herramientas para periodistas, comunicadoras\/es, docentes y equipos t\u00e9cnicos. Recopilamos una serie de publicaciones para compartir.\" \/>\n<meta name=\"robots\" content=\"index, follow, max-snippet:-1, max-image-preview:large, max-video-preview:-1\" \/>\n<link rel=\"canonical\" href=\"https:\/\/diariofemenino.com.ar\/df\/recursos\/\" \/>\n<meta property=\"og:locale\" content=\"es_ES\" \/>\n<meta property=\"og:type\" content=\"article\" \/>\n<meta property=\"og:title\" content=\"Recursos: herramientas para periodistas, comunicadoras\/es, docentes y equipos t\u00e9cnicos - Diario Digital Femenino\" \/>\n<meta property=\"og:description\" content=\"Recursos: herramientas para periodistas, comunicadoras\/es, docentes y equipos t\u00e9cnicos. Recopilamos una serie de publicaciones para compartir.\" \/>\n<meta property=\"og:url\" content=\"https:\/\/diariofemenino.com.ar\/df\/recursos\/\" \/>\n<meta property=\"og:site_name\" content=\"Diario Digital Femenino\" \/>\n<meta property=\"article:publisher\" content=\"https:\/\/www.facebook.com\/DiarioDigitaFemenino\/\" \/>\n<meta property=\"article:published_time\" content=\"2019-05-09T15:44:50+00:00\" \/>\n<meta property=\"article:modified_time\" content=\"2022-01-08T15:10:23+00:00\" \/>\n<meta property=\"og:image\" content=\"https:\/\/diariofemenino.com.ar\/df\/wp-content\/uploads\/2019\/05\/WhatsApp-Image-2021-05-14-at-07.30.36-1.jpg\" \/>\n\t<meta property=\"og:image:width\" content=\"1105\" \/>\n\t<meta property=\"og:image:height\" content=\"773\" \/>\n\t<meta property=\"og:image:type\" content=\"image\/jpeg\" \/>\n<meta name=\"author\" content=\"Admin\" \/>\n<meta name=\"twitter:card\" content=\"summary_large_image\" \/>\n<meta name=\"twitter:creator\" content=\"@DiarioFemenino1\" \/>\n<meta name=\"twitter:site\" content=\"@DiarioFemenino1\" \/>\n<meta name=\"twitter:label1\" content=\"Escrito por\" \/>\n\t<meta name=\"twitter:data1\" content=\"Admin\" \/>\n\t<meta name=\"twitter:label2\" content=\"Tiempo de lectura\" \/>\n\t<meta name=\"twitter:data2\" content=\"6 minutos\" \/>\n<script type=\"application\/ld+json\" class=\"yoast-schema-graph\">{\"@context\":\"https:\\\/\\\/schema.org\",\"@graph\":[{\"@type\":\"Article\",\"@id\":\"https:\\\/\\\/diariofemenino.com.ar\\\/df\\\/recursos\\\/#article\",\"isPartOf\":{\"@id\":\"https:\\\/\\\/diariofemenino.com.ar\\\/df\\\/recursos\\\/\"},\"author\":{\"name\":\"Admin\",\"@id\":\"https:\\\/\\\/diariofemenino.com.ar\\\/df\\\/#\\\/schema\\\/person\\\/bf6199e8158c657ea6f789b11ec85509\"},\"headline\":\"Recursos: herramientas para periodistas, comunicadoras\\\/es, docentes y equipos t\u00e9cnicos\",\"datePublished\":\"2019-05-09T15:44:50+00:00\",\"dateModified\":\"2022-01-08T15:10:23+00:00\",\"mainEntityOfPage\":{\"@id\":\"https:\\\/\\\/diariofemenino.com.ar\\\/df\\\/recursos\\\/\"},\"wordCount\":1196,\"commentCount\":1,\"publisher\":{\"@id\":\"https:\\\/\\\/diariofemenino.com.ar\\\/df\\\/#organization\"},\"image\":{\"@id\":\"https:\\\/\\\/diariofemenino.com.ar\\\/df\\\/recursos\\\/#primaryimage\"},\"thumbnailUrl\":\"https:\\\/\\\/diariofemenino.com.ar\\\/df\\\/wp-content\\\/uploads\\\/2019\\\/05\\\/WhatsApp-Image-2021-05-14-at-07.30.36-1.jpg\",\"keywords\":[\"Comunicadoras\",\"Docentes\",\"Equipos t\u00e9cnicos\",\"Feminismo\",\"G\u00e9nero\",\"Herramientas\",\"Periodismo\",\"periodistas\"],\"articleSection\":[\"Aborto\",\"Actividades\",\"Agenda Feminista\",\"Biblioteca Virtual\"],\"inLanguage\":\"es\",\"potentialAction\":[{\"@type\":\"CommentAction\",\"name\":\"Comment\",\"target\":[\"https:\\\/\\\/diariofemenino.com.ar\\\/df\\\/recursos\\\/#respond\"]}]},{\"@type\":\"WebPage\",\"@id\":\"https:\\\/\\\/diariofemenino.com.ar\\\/df\\\/recursos\\\/\",\"url\":\"https:\\\/\\\/diariofemenino.com.ar\\\/df\\\/recursos\\\/\",\"name\":\"Recursos: herramientas para periodistas, comunicadoras\\\/es, docentes y equipos t\u00e9cnicos - Diario Digital Femenino\",\"isPartOf\":{\"@id\":\"https:\\\/\\\/diariofemenino.com.ar\\\/df\\\/#website\"},\"primaryImageOfPage\":{\"@id\":\"https:\\\/\\\/diariofemenino.com.ar\\\/df\\\/recursos\\\/#primaryimage\"},\"image\":{\"@id\":\"https:\\\/\\\/diariofemenino.com.ar\\\/df\\\/recursos\\\/#primaryimage\"},\"thumbnailUrl\":\"https:\\\/\\\/diariofemenino.com.ar\\\/df\\\/wp-content\\\/uploads\\\/2019\\\/05\\\/WhatsApp-Image-2021-05-14-at-07.30.36-1.jpg\",\"datePublished\":\"2019-05-09T15:44:50+00:00\",\"dateModified\":\"2022-01-08T15:10:23+00:00\",\"description\":\"Recursos: herramientas para periodistas, comunicadoras\\\/es, docentes y equipos t\u00e9cnicos. Recopilamos una serie de publicaciones para compartir.\",\"breadcrumb\":{\"@id\":\"https:\\\/\\\/diariofemenino.com.ar\\\/df\\\/recursos\\\/#breadcrumb\"},\"inLanguage\":\"es\",\"potentialAction\":[{\"@type\":\"ReadAction\",\"target\":[\"https:\\\/\\\/diariofemenino.com.ar\\\/df\\\/recursos\\\/\"]}]},{\"@type\":\"ImageObject\",\"inLanguage\":\"es\",\"@id\":\"https:\\\/\\\/diariofemenino.com.ar\\\/df\\\/recursos\\\/#primaryimage\",\"url\":\"https:\\\/\\\/diariofemenino.com.ar\\\/df\\\/wp-content\\\/uploads\\\/2019\\\/05\\\/WhatsApp-Image-2021-05-14-at-07.30.36-1.jpg\",\"contentUrl\":\"https:\\\/\\\/diariofemenino.com.ar\\\/df\\\/wp-content\\\/uploads\\\/2019\\\/05\\\/WhatsApp-Image-2021-05-14-at-07.30.36-1.jpg\",\"width\":1105,\"height\":773},{\"@type\":\"BreadcrumbList\",\"@id\":\"https:\\\/\\\/diariofemenino.com.ar\\\/df\\\/recursos\\\/#breadcrumb\",\"itemListElement\":[{\"@type\":\"ListItem\",\"position\":1,\"name\":\"Portada\",\"item\":\"https:\\\/\\\/diariofemenino.com.ar\\\/df\\\/\"},{\"@type\":\"ListItem\",\"position\":2,\"name\":\"Recursos: herramientas para periodistas, comunicadoras\\\/es, docentes y equipos t\u00e9cnicos\"}]},{\"@type\":\"WebSite\",\"@id\":\"https:\\\/\\\/diariofemenino.com.ar\\\/df\\\/#website\",\"url\":\"https:\\\/\\\/diariofemenino.com.ar\\\/df\\\/\",\"name\":\"Diario Digital Femenino\",\"description\":\"Cuesti\u00f3n de G\u00e9nero\",\"publisher\":{\"@id\":\"https:\\\/\\\/diariofemenino.com.ar\\\/df\\\/#organization\"},\"potentialAction\":[{\"@type\":\"SearchAction\",\"target\":{\"@type\":\"EntryPoint\",\"urlTemplate\":\"https:\\\/\\\/diariofemenino.com.ar\\\/df\\\/?s={search_term_string}\"},\"query-input\":{\"@type\":\"PropertyValueSpecification\",\"valueRequired\":true,\"valueName\":\"search_term_string\"}}],\"inLanguage\":\"es\"},{\"@type\":\"Organization\",\"@id\":\"https:\\\/\\\/diariofemenino.com.ar\\\/df\\\/#organization\",\"name\":\"Diario Femenino\",\"url\":\"https:\\\/\\\/diariofemenino.com.ar\\\/df\\\/\",\"logo\":{\"@type\":\"ImageObject\",\"inLanguage\":\"es\",\"@id\":\"https:\\\/\\\/diariofemenino.com.ar\\\/df\\\/#\\\/schema\\\/logo\\\/image\\\/\",\"url\":\"https:\\\/\\\/diariofemenino.com.ar\\\/df\\\/wp-content\\\/uploads\\\/2018\\\/10\\\/logo.png\",\"contentUrl\":\"https:\\\/\\\/diariofemenino.com.ar\\\/df\\\/wp-content\\\/uploads\\\/2018\\\/10\\\/logo.png\",\"width\":500,\"height\":92,\"caption\":\"Diario Femenino\"},\"image\":{\"@id\":\"https:\\\/\\\/diariofemenino.com.ar\\\/df\\\/#\\\/schema\\\/logo\\\/image\\\/\"},\"sameAs\":[\"https:\\\/\\\/www.facebook.com\\\/DiarioDigitaFemenino\\\/\",\"https:\\\/\\\/x.com\\\/DiarioFemenino1\"]},{\"@type\":\"Person\",\"@id\":\"https:\\\/\\\/diariofemenino.com.ar\\\/df\\\/#\\\/schema\\\/person\\\/bf6199e8158c657ea6f789b11ec85509\",\"name\":\"Admin\",\"image\":{\"@type\":\"ImageObject\",\"inLanguage\":\"es\",\"@id\":\"https:\\\/\\\/diariofemenino.com.ar\\\/df\\\/wp-content\\\/uploads\\\/2018\\\/12\\\/favicon-150x150.jpg\",\"url\":\"https:\\\/\\\/diariofemenino.com.ar\\\/df\\\/wp-content\\\/uploads\\\/2018\\\/12\\\/favicon-150x150.jpg\",\"contentUrl\":\"https:\\\/\\\/diariofemenino.com.ar\\\/df\\\/wp-content\\\/uploads\\\/2018\\\/12\\\/favicon-150x150.jpg\",\"caption\":\"Admin\"},\"url\":\"https:\\\/\\\/diariofemenino.com.ar\\\/df\\\/author\\\/lenny\\\/\"}]}<\/script>\n<!-- \/ Yoast SEO plugin. -->","yoast_head_json":{"title":"Recursos: herramientas para periodistas, comunicadoras\/es, docentes y equipos t\u00e9cnicos - Diario Digital Femenino","description":"Recursos: herramientas para periodistas, comunicadoras\/es, docentes y equipos t\u00e9cnicos. Recopilamos una serie de publicaciones para compartir.","robots":{"index":"index","follow":"follow","max-snippet":"max-snippet:-1","max-image-preview":"max-image-preview:large","max-video-preview":"max-video-preview:-1"},"canonical":"https:\/\/diariofemenino.com.ar\/df\/recursos\/","og_locale":"es_ES","og_type":"article","og_title":"Recursos: herramientas para periodistas, comunicadoras\/es, docentes y equipos t\u00e9cnicos - Diario Digital Femenino","og_description":"Recursos: herramientas para periodistas, comunicadoras\/es, docentes y equipos t\u00e9cnicos. Recopilamos una serie de publicaciones para compartir.","og_url":"https:\/\/diariofemenino.com.ar\/df\/recursos\/","og_site_name":"Diario Digital Femenino","article_publisher":"https:\/\/www.facebook.com\/DiarioDigitaFemenino\/","article_published_time":"2019-05-09T15:44:50+00:00","article_modified_time":"2022-01-08T15:10:23+00:00","og_image":[{"width":1105,"height":773,"url":"https:\/\/diariofemenino.com.ar\/df\/wp-content\/uploads\/2019\/05\/WhatsApp-Image-2021-05-14-at-07.30.36-1.jpg","type":"image\/jpeg"}],"author":"Admin","twitter_card":"summary_large_image","twitter_creator":"@DiarioFemenino1","twitter_site":"@DiarioFemenino1","twitter_misc":{"Escrito por":"Admin","Tiempo de lectura":"6 minutos"},"schema":{"@context":"https:\/\/schema.org","@graph":[{"@type":"Article","@id":"https:\/\/diariofemenino.com.ar\/df\/recursos\/#article","isPartOf":{"@id":"https:\/\/diariofemenino.com.ar\/df\/recursos\/"},"author":{"name":"Admin","@id":"https:\/\/diariofemenino.com.ar\/df\/#\/schema\/person\/bf6199e8158c657ea6f789b11ec85509"},"headline":"Recursos: herramientas para periodistas, comunicadoras\/es, docentes y equipos t\u00e9cnicos","datePublished":"2019-05-09T15:44:50+00:00","dateModified":"2022-01-08T15:10:23+00:00","mainEntityOfPage":{"@id":"https:\/\/diariofemenino.com.ar\/df\/recursos\/"},"wordCount":1196,"commentCount":1,"publisher":{"@id":"https:\/\/diariofemenino.com.ar\/df\/#organization"},"image":{"@id":"https:\/\/diariofemenino.com.ar\/df\/recursos\/#primaryimage"},"thumbnailUrl":"https:\/\/diariofemenino.com.ar\/df\/wp-content\/uploads\/2019\/05\/WhatsApp-Image-2021-05-14-at-07.30.36-1.jpg","keywords":["Comunicadoras","Docentes","Equipos t\u00e9cnicos","Feminismo","G\u00e9nero","Herramientas","Periodismo","periodistas"],"articleSection":["Aborto","Actividades","Agenda Feminista","Biblioteca Virtual"],"inLanguage":"es","potentialAction":[{"@type":"CommentAction","name":"Comment","target":["https:\/\/diariofemenino.com.ar\/df\/recursos\/#respond"]}]},{"@type":"WebPage","@id":"https:\/\/diariofemenino.com.ar\/df\/recursos\/","url":"https:\/\/diariofemenino.com.ar\/df\/recursos\/","name":"Recursos: herramientas para periodistas, comunicadoras\/es, docentes y equipos t\u00e9cnicos - Diario Digital Femenino","isPartOf":{"@id":"https:\/\/diariofemenino.com.ar\/df\/#website"},"primaryImageOfPage":{"@id":"https:\/\/diariofemenino.com.ar\/df\/recursos\/#primaryimage"},"image":{"@id":"https:\/\/diariofemenino.com.ar\/df\/recursos\/#primaryimage"},"thumbnailUrl":"https:\/\/diariofemenino.com.ar\/df\/wp-content\/uploads\/2019\/05\/WhatsApp-Image-2021-05-14-at-07.30.36-1.jpg","datePublished":"2019-05-09T15:44:50+00:00","dateModified":"2022-01-08T15:10:23+00:00","description":"Recursos: herramientas para periodistas, comunicadoras\/es, docentes y equipos t\u00e9cnicos. Recopilamos una serie de publicaciones para compartir.","breadcrumb":{"@id":"https:\/\/diariofemenino.com.ar\/df\/recursos\/#breadcrumb"},"inLanguage":"es","potentialAction":[{"@type":"ReadAction","target":["https:\/\/diariofemenino.com.ar\/df\/recursos\/"]}]},{"@type":"ImageObject","inLanguage":"es","@id":"https:\/\/diariofemenino.com.ar\/df\/recursos\/#primaryimage","url":"https:\/\/diariofemenino.com.ar\/df\/wp-content\/uploads\/2019\/05\/WhatsApp-Image-2021-05-14-at-07.30.36-1.jpg","contentUrl":"https:\/\/diariofemenino.com.ar\/df\/wp-content\/uploads\/2019\/05\/WhatsApp-Image-2021-05-14-at-07.30.36-1.jpg","width":1105,"height":773},{"@type":"BreadcrumbList","@id":"https:\/\/diariofemenino.com.ar\/df\/recursos\/#breadcrumb","itemListElement":[{"@type":"ListItem","position":1,"name":"Portada","item":"https:\/\/diariofemenino.com.ar\/df\/"},{"@type":"ListItem","position":2,"name":"Recursos: herramientas para periodistas, comunicadoras\/es, docentes y equipos t\u00e9cnicos"}]},{"@type":"WebSite","@id":"https:\/\/diariofemenino.com.ar\/df\/#website","url":"https:\/\/diariofemenino.com.ar\/df\/","name":"Diario Digital Femenino","description":"Cuesti\u00f3n de G\u00e9nero","publisher":{"@id":"https:\/\/diariofemenino.com.ar\/df\/#organization"},"potentialAction":[{"@type":"SearchAction","target":{"@type":"EntryPoint","urlTemplate":"https:\/\/diariofemenino.com.ar\/df\/?s={search_term_string}"},"query-input":{"@type":"PropertyValueSpecification","valueRequired":true,"valueName":"search_term_string"}}],"inLanguage":"es"},{"@type":"Organization","@id":"https:\/\/diariofemenino.com.ar\/df\/#organization","name":"Diario Femenino","url":"https:\/\/diariofemenino.com.ar\/df\/","logo":{"@type":"ImageObject","inLanguage":"es","@id":"https:\/\/diariofemenino.com.ar\/df\/#\/schema\/logo\/image\/","url":"https:\/\/diariofemenino.com.ar\/df\/wp-content\/uploads\/2018\/10\/logo.png","contentUrl":"https:\/\/diariofemenino.com.ar\/df\/wp-content\/uploads\/2018\/10\/logo.png","width":500,"height":92,"caption":"Diario Femenino"},"image":{"@id":"https:\/\/diariofemenino.com.ar\/df\/#\/schema\/logo\/image\/"},"sameAs":["https:\/\/www.facebook.com\/DiarioDigitaFemenino\/","https:\/\/x.com\/DiarioFemenino1"]},{"@type":"Person","@id":"https:\/\/diariofemenino.com.ar\/df\/#\/schema\/person\/bf6199e8158c657ea6f789b11ec85509","name":"Admin","image":{"@type":"ImageObject","inLanguage":"es","@id":"https:\/\/diariofemenino.com.ar\/df\/wp-content\/uploads\/2018\/12\/favicon-150x150.jpg","url":"https:\/\/diariofemenino.com.ar\/df\/wp-content\/uploads\/2018\/12\/favicon-150x150.jpg","contentUrl":"https:\/\/diariofemenino.com.ar\/df\/wp-content\/uploads\/2018\/12\/favicon-150x150.jpg","caption":"Admin"},"url":"https:\/\/diariofemenino.com.ar\/df\/author\/lenny\/"}]}},"jetpack_featured_media_url":"https:\/\/diariofemenino.com.ar\/df\/wp-content\/uploads\/2019\/05\/WhatsApp-Image-2021-05-14-at-07.30.36-1.jpg","jetpack_sharing_enabled":true,"rttpg_featured_image_url":{"full":["https:\/\/diariofemenino.com.ar\/df\/wp-content\/uploads\/2019\/05\/WhatsApp-Image-2021-05-14-at-07.30.36-1.jpg",1105,773,false],"landscape":["https:\/\/diariofemenino.com.ar\/df\/wp-content\/uploads\/2019\/05\/WhatsApp-Image-2021-05-14-at-07.30.36-1.jpg",1105,773,false],"portraits":["https:\/\/diariofemenino.com.ar\/df\/wp-content\/uploads\/2019\/05\/WhatsApp-Image-2021-05-14-at-07.30.36-1.jpg",1105,773,false],"thumbnail":["https:\/\/diariofemenino.com.ar\/df\/wp-content\/uploads\/2019\/05\/WhatsApp-Image-2021-05-14-at-07.30.36-1-150x150.jpg",150,150,true],"medium":["https:\/\/diariofemenino.com.ar\/df\/wp-content\/uploads\/2019\/05\/WhatsApp-Image-2021-05-14-at-07.30.36-1-300x210.jpg",300,210,true],"large":["https:\/\/diariofemenino.com.ar\/df\/wp-content\/uploads\/2019\/05\/WhatsApp-Image-2021-05-14-at-07.30.36-1-1024x716.jpg",1024,716,true],"1536x1536":["https:\/\/diariofemenino.com.ar\/df\/wp-content\/uploads\/2019\/05\/WhatsApp-Image-2021-05-14-at-07.30.36-1.jpg",1105,773,false],"2048x2048":["https:\/\/diariofemenino.com.ar\/df\/wp-content\/uploads\/2019\/05\/WhatsApp-Image-2021-05-14-at-07.30.36-1.jpg",1105,773,false]},"rttpg_author":{"display_name":"Admin","author_link":"https:\/\/diariofemenino.com.ar\/df\/author\/lenny\/"},"rttpg_comment":1,"rttpg_category":"<a href=\"https:\/\/diariofemenino.com.ar\/df\/category\/aborto\/\" rel=\"category tag\">Aborto<\/a> <a href=\"https:\/\/diariofemenino.com.ar\/df\/category\/actividades\/\" rel=\"category tag\">Actividades<\/a> <a href=\"https:\/\/diariofemenino.com.ar\/df\/category\/agenda-feminista\/\" rel=\"category tag\">Agenda Feminista<\/a> <a href=\"https:\/\/diariofemenino.com.ar\/df\/category\/biblioteca\/\" rel=\"category tag\">Biblioteca Virtual<\/a>","rttpg_excerpt":"Recursos: herramientas para periodistas, comunicadoras\/es, docentes y equipos t\u00e9cnicos. Recopilamos una serie de publicaciones,\u00a0 indispensable herramienta para tener a mano a la hora de generar proyectos, elaborar discursos, pensar pol\u00edticas p\u00fablicas, planificar tareas escolares. De la manera que sea la comunicaci\u00f3n, es importante contar con este aporte. De descarga gratuita y sin registros. Para compartir.&hellip;","_links":{"self":[{"href":"https:\/\/diariofemenino.com.ar\/df\/wp-json\/wp\/v2\/posts\/35047","targetHints":{"allow":["GET"]}}],"collection":[{"href":"https:\/\/diariofemenino.com.ar\/df\/wp-json\/wp\/v2\/posts"}],"about":[{"href":"https:\/\/diariofemenino.com.ar\/df\/wp-json\/wp\/v2\/types\/post"}],"author":[{"embeddable":true,"href":"https:\/\/diariofemenino.com.ar\/df\/wp-json\/wp\/v2\/users\/4"}],"replies":[{"embeddable":true,"href":"https:\/\/diariofemenino.com.ar\/df\/wp-json\/wp\/v2\/comments?post=35047"}],"version-history":[{"count":0,"href":"https:\/\/diariofemenino.com.ar\/df\/wp-json\/wp\/v2\/posts\/35047\/revisions"}],"wp:featuredmedia":[{"embeddable":true,"href":"https:\/\/diariofemenino.com.ar\/df\/wp-json\/wp\/v2\/media\/58084"}],"wp:attachment":[{"href":"https:\/\/diariofemenino.com.ar\/df\/wp-json\/wp\/v2\/media?parent=35047"}],"wp:term":[{"taxonomy":"category","embeddable":true,"href":"https:\/\/diariofemenino.com.ar\/df\/wp-json\/wp\/v2\/categories?post=35047"},{"taxonomy":"post_tag","embeddable":true,"href":"https:\/\/diariofemenino.com.ar\/df\/wp-json\/wp\/v2\/tags?post=35047"}],"curies":[{"name":"wp","href":"https:\/\/api.w.org\/{rel}","templated":true}]}}