{"id":34951,"date":"2019-05-07T17:05:06","date_gmt":"2019-05-07T20:05:06","guid":{"rendered":"https:\/\/diariofemenino.com.ar\/?p=34951"},"modified":"2021-07-26T10:50:47","modified_gmt":"2021-07-26T13:50:47","slug":"evita-para-armar-siete-libros-para-recordarla","status":"publish","type":"post","link":"https:\/\/diariofemenino.com.ar\/df\/evita-para-armar-siete-libros-para-recordarla\/","title":{"rendered":"Evita para armar: siete libros para recordarla"},"content":{"rendered":"<div class=\"wpb_wrapper\">\n<div class=\"wpb_raw_code wpb_content_element wpb_raw_html\">\n<div class=\"wpb_wrapper\">\n<p class=\"lead\"><strong>Elegimos siete libros que ayudan a conocer a una <a href=\"https:\/\/diariofemenino.com.ar\/evita\/\">figura<\/a> indispensable para comprender la historia pol\u00edtica y social argentina.<\/strong><\/p>\n<h5>\u00bfC\u00f3mo se convirti\u00f3 Eva Duarte en Evita? \u00bfCu\u00e1les fueron sus luchas? \u00bfQu\u00e9 la impuls\u00f3 a dejar su vida en esas luchas? \u00bfQui\u00e9nes la amaron y qui\u00e9nes la odiaron? \u00bfQu\u00e9 legado nos dej\u00f3? A 100 a\u00f1os de su nacimiento, elegimos siete libros que ayudan a contestar esas y otras preguntas sobre una figura indispensable para comprender la historia pol\u00edtica y social argentina.<\/h5>\n<\/div>\n<\/div>\n<\/div>\n<div class=\"wpb_text_column wpb_content_element \">\n<div class=\"wpb_wrapper\">\n<p><strong>La raz\u00f3n de mi vida. Eva Per\u00f3n (1951)<\/strong><\/p>\n<p>Gran parte de los sentimientos, pensamientos y motivaciones que llevaron a Evita a defender sus convicciones est\u00e1n plasmados en este libro, un texto autobiogr\u00e1fico que tuvo su primera edici\u00f3n en 1951, con una tirada de 300 mil ejemplares y fue reeditado en numerosas ocasiones. \u201cLas causas de mi misi\u00f3n\u201d, \u201cLos obreros y mi misi\u00f3n\u201d y \u201cLas mujeres y mi misi\u00f3n\u201d son las tres partes en las que est\u00e1 dividido este libro.<\/p>\n<p><a href=\"http:\/\/blogs.ubc.ca\/span221\/files\/2018\/03\/evita_obreros.pdf\"><img loading=\"lazy\" decoding=\"async\" class=\"aligncenter size-full wp-image-59712\" src=\"https:\/\/diariofemenino.com.ar\/df\/wp-content\/uploads\/2019\/05\/Evita1.jpg\" alt=\"\" width=\"391\" height=\"531\" srcset=\"https:\/\/diariofemenino.com.ar\/df\/wp-content\/uploads\/2019\/05\/Evita1.jpg 391w, https:\/\/diariofemenino.com.ar\/df\/wp-content\/uploads\/2019\/05\/Evita1-221x300.jpg 221w\" sizes=\"auto, (max-width: 391px) 100vw, 391px\" \/><\/a><\/p>\n<\/div>\n<p>&nbsp;<\/p>\n<div class=\"wpb_wrapper\">\n<p><strong>Santa Evita. Tom\u00e1s Eloy Mart\u00ednez (1995)<\/strong><\/p>\n<p>Un cl\u00e1sico de la literatura argentina y latinoamericana que tiene como protagonista al cuerpo de Evita, embalsamado por el espa\u00f1ol Pedro Ara.\u00a0Mezcla de ficci\u00f3n y realidad, esta novela relata la traves\u00eda del cad\u00e1ver de Evita, del que se hicieron varias copias y que, en su enloquecedor viaje por el mundo durante veintis\u00e9is a\u00f1os, trastorna a cuantos se le acercan y se confunde con un pueblo a la deriva que no perdi\u00f3 la esperanza del regreso de su benefactora.<\/p>\n<p><a href=\"http:\/\/cmap.javeriana.edu.co\/servlet\/SBReadResourceServlet?rid=1345735303106_1573014247_3732\"><img loading=\"lazy\" decoding=\"async\" class=\"aligncenter size-full wp-image-57719\" src=\"http:\/\/cosecharoja.org\/wp-content\/uploads\/2019\/05\/Santa-Evita-1ed-180x300.jpg\" alt=\"Santa-Evita-1ed-180x300\" width=\"180\" height=\"300\" \/><\/a><\/p>\n<p><strong>La compa\u00f1era Evita. Norberto Galasso (2012) \u00a0<\/strong><\/p>\n<p>Una biograf\u00eda de Evita, donde el historiador Norberto Galasso examina minuciosamente su vida corta e intensa, desde la infancia humilde, primero en Los Toldos, luego en Jun\u00edn, pasando por su crecimiento art\u00edstico y su r\u00e1pido ascenso pol\u00edtico posterior, hasta su desaparici\u00f3n temprana, en el momento de su m\u00e1ximo esplendor. Apelando a fuentes in\u00e9ditas hasta el momento, polemizando con mucho de lo escrito sobre el tema, La compa\u00f1era Evita recorre de modo detallado la biograf\u00eda de un personaje decisivo para la historia contempor\u00e1nea de la Argentina.<\/p>\n<p><img loading=\"lazy\" decoding=\"async\" class=\"aligncenter size-full wp-image-57720\" src=\"http:\/\/cosecharoja.org\/wp-content\/uploads\/2019\/05\/la-compa%C3%B1era-evita.jpg\" alt=\"la compa\u00f1era evita\" width=\"350\" height=\"494\" \/><\/p>\n<p><strong>Evita. Nacida para molestar. Rep (2019)<\/strong><\/p>\n<p>Todas las Evas est\u00e1n en este libro, desde la ni\u00f1a de Los Toldos hasta la que sigue viva en el recuerdo de la gente. Y a todas ellas las cubre la magia de uno de los humoristas gr\u00e1ficos m\u00e1s destacados del pa\u00eds, Miguel Rep. Con humor y desenfado, un gran homenaje a la \u201cabanderada de los humildes\u201d.<\/p>\n<p><img loading=\"lazy\" decoding=\"async\" class=\"aligncenter size-full wp-image-57722\" src=\"http:\/\/cosecharoja.org\/wp-content\/uploads\/2019\/05\/portada_evita-nacida-para-molestar_miguel-rep_201904031622.jpg\" alt=\"portada_evita-nacida-para-molestar_miguel-rep_201904031622\" width=\"252\" height=\"311\" \/><\/p>\n<p><strong>Evita para chicos y chicas, de Antiprincesas. \u00a0Nadia Fink y Pitu Sa\u00e1<\/strong><\/p>\n<p>\u201cEvita para chicos y chicas\u201d es una de las entregas de la colecci\u00f3n \u201cAntiprincesas\u201d, que ya es todo un cl\u00e1sico. Recomendado para lxs ni\u00f1xs que quieran conocer la figura trascendental de Evita y su lugar en la historia, con hermosas ilustraciones y lenguaje coloquial.<\/p>\n<p><img loading=\"lazy\" decoding=\"async\" class=\"size-full wp-image-34952 aligncenter\" src=\"https:\/\/diariofemenino.com.ar\/df\/wp-content\/uploads\/2019\/05\/Evita-chirimbote-1.jpg\" alt=\"\" width=\"245\" height=\"245\" srcset=\"https:\/\/diariofemenino.com.ar\/df\/wp-content\/uploads\/2019\/05\/Evita-chirimbote-1.jpg 245w, https:\/\/diariofemenino.com.ar\/df\/wp-content\/uploads\/2019\/05\/Evita-chirimbote-1-150x150.jpg 150w\" sizes=\"auto, (max-width: 245px) 100vw, 245px\" \/><\/p>\n<p><strong>Evita capitana. El partido peronista femenino 1949-1955. Carolina Barry (2009)<\/strong><\/p>\n<p>\u201cEvita capitana\u201d es la historia del Partido Peronista Femenino, entre su creaci\u00f3n en 1949 y su disoluci\u00f3n en 1955. Este partido no puede concebirse sin hacer referencia a Eva Per\u00f3n, que a partir de su papel como Primera Dama construy\u00f3 un poder impensado para una mujer a mediados del siglo XX. Su partido fue una forma singular de incorporar masivamente a las mujeres a la vida pol\u00edtica, como votantes, activistas y legisladoras. Evita capitana es, asimismo, una reflexi\u00f3n sobre el liderazgo carism\u00e1tico de Evita.<\/p>\n<p><img loading=\"lazy\" decoding=\"async\" class=\"aligncenter size-full wp-image-57724\" src=\"http:\/\/cosecharoja.org\/wp-content\/uploads\/2019\/05\/evita-capitana.jpg\" alt=\"evita capitana\" width=\"191\" height=\"284\" \/><\/p>\n<p><strong>Eva Per\u00f3n, esa mujer. Mar\u00eda Seoane y V\u00edctor Santamar\u00eda. (2019)<\/strong><\/p>\n<p>Este libro lo escribi\u00f3 Mar\u00eda Seoane junto a V\u00edctor Santa Mar\u00eda en 2007 y este a\u00f1o, a prop\u00f3sito del centenario de Evita, vuelve a reeditarse en una versi\u00f3n corregida. Con un t\u00edtulo inspirado en el cuento del escritor y periodista Rodolfo Walsh, el libro se hizo desde una peculiar perspectiva, dijo Seoane, porque \u201cla historia de Eva Per\u00f3n es una gran historia de amor, tanto de amor personal, filial, de amor de pareja, como de amor pol\u00edtico\u201d.<\/p>\n<p><img loading=\"lazy\" decoding=\"async\" class=\"aligncenter size-full wp-image-57726\" src=\"http:\/\/cosecharoja.org\/wp-content\/uploads\/2019\/05\/seoanem-santa_mariav-evita_esa_mujer-1.jpg\" alt=\"seoanem-santa_mariav-evita_esa_mujer\" width=\"250\" height=\"344\" \/><\/p>\n<p><strong>BONUS TRACK:<\/strong><\/p>\n<p><strong>Esa mujer. Rodolfo Walsh (1966)<\/strong><\/p>\n<p>Considerado uno de los mejores cuentos latinoamericanos, el encuentro entre un coronel obsesionado con el cuerpo de Evita y un periodista obsesionado con saber d\u00f3nde est\u00e1 ese cuerpo no pod\u00eda quedar fuera de esta lista.<\/p>\n<p data-adtags-visited=\"true\">Este es quiz\u00e1s el mejor cuento de la historia literaria argentina. \u201c<strong>Esa Mujer<\/strong>\u201c, de\u00a0<strong>Rofolfo Walsh<\/strong>, escrito en 1966, gira alrededor de la figura m\u00edtica de<strong>\u00a0Eva Per\u00f3n<\/strong>\u00a0y su cad\u00e1ver embalsamado y fantasmal que anduvo escondido por la sede de\u00a0<strong>Inteligencia<\/strong>\u00a0del\u00a0<strong>Ej\u00e9rcito<\/strong>\u00a0de la calle Viamonte tras el golpe de 1955, y luego tapado con una lona en la calle 25 de mayo, despu\u00e9s de ser robado de la\u00a0<strong>CGT<\/strong>\u00a0para terminar enterrado en<strong>\u00a0Italia<\/strong>\u00a0con nombre falso y ayuda del\u00a0<strong>Vaticano<\/strong>.<\/p>\n<p data-adtags-visited=\"true\"><strong>Juan Domingo Per\u00f3n<\/strong>\u00a0estaba todav\u00eda en<strong>\u00a0Espa\u00f1a<\/strong>\u00a0cuando le entregaron el cuerpo de su segunda esposa:\u00a0<strong>\u00a0Evita<\/strong>.<\/p>\n<p data-adtags-visited=\"true\">Y llor\u00f3 por dentro.<\/p>\n<p data-adtags-visited=\"true\"><strong>Aqu\u00ed Walsh lee su propio cuento<\/strong>\u00a0y describe al coronel\u00a0<strong>Carlos Moore Ko\u00ebning<\/strong>, enloquecido por la culpa, la locura y la posesi\u00f3n de la muerte.<\/p>\n<\/div>\n<div class=\"jetpack-video-wrapper\"><strong>Parte 1<\/strong><\/div>\n<p><iframe loading=\"lazy\" src=\"https:\/\/www.youtube.com\/embed\/gga-GuLFMgQ\" width=\"560\" height=\"315\" frameborder=\"0\" allowfullscreen=\"allowfullscreen\"><\/iframe><\/p>\n<\/div>\n<div><\/div>\n<div><strong>Parte 2<\/strong><\/div>\n<div class=\"wpb_text_column wpb_content_element \">\n<div class=\"wpb_wrapper\"><\/div>\n<p><iframe loading=\"lazy\" src=\"https:\/\/www.youtube.com\/embed\/bZCSaB9OEqI\" width=\"560\" height=\"315\" frameborder=\"0\" allowfullscreen=\"allowfullscreen\"><\/iframe><\/p>\n<p data-adtags-visited=\"true\">La entrevista de<strong>\u00a0Tom\u00e1s a Eloy Mart\u00ednez<\/strong>, en 1989, al\u00a0<strong>coronel H\u00e9ctor Cabanillas<\/strong>, con los detalles de la entrega del cuerpo de Evita a Per\u00f3n en Madrid, publicada en\u00a0<strong>La Naci\u00f3n<\/strong>, el 2 de agosto de 2002.<\/p>\n<p data-adtags-visited=\"true\">Cuando Per\u00f3n estuvo en el exilio, Cabanillas estuvo a punto de matarlo, a pedido de la dictadura de\u00a0<strong>Pedro Eugenio Aramburu<\/strong>\u00a0e\u00a0<strong>Isaac Francisco Rojas<\/strong>.<\/p>\n<p>Fuente: <a href=\"http:\/\/cosecharoja.org\/evita-para-armar-siete-libros-para-recordarla\/\">Cosecha Roja<\/a><br \/>\ny\u00a0<a href=\"https:\/\/diariofemenino.com.ar\/\">Diario Digital Femenino<\/a><\/p>\n<\/div>\n","protected":false},"excerpt":{"rendered":"<p>Elegimos siete libros que ayudan a conocer a una figura indispensable para comprender la historia pol\u00edtica y social argentina. \u00bfC\u00f3mo se convirti\u00f3 Eva Duarte en Evita? \u00bfCu\u00e1les fueron sus luchas? \u00bfQu\u00e9 la impuls\u00f3 a dejar su vida en esas luchas? \u00bfQui\u00e9nes la amaron y qui\u00e9nes la odiaron? \u00bfQu\u00e9 legado nos dej\u00f3? A 100 a\u00f1os de [&hellip;]<\/p>\n","protected":false},"author":3,"featured_media":34954,"comment_status":"open","ping_status":"open","sticky":false,"template":"","format":"standard","meta":{"iawp_total_views":336,"footnotes":""},"categories":[1067,19,6],"tags":[3401,453,40,130,44],"class_list":["post-34951","post","type-post","status-publish","format-standard","has-post-thumbnail","hentry","category-agenda-feminista","category-biblioteca","category-articulos","tag-eva","tag-evita","tag-literatura","tag-mujeres","tag-politica"],"nelio_content":{"autoShareEndMode":"never","automationSources":{"useCustomSentences":false,"customSentences":[]},"efiAlt":"","efiUrl":"","followers":[4,3],"highlights":[],"isAutoShareEnabled":true,"networkImageIds":[],"permalinkQueryArgs":[],"series":[],"suggestedReferences":[]},"yoast_head":"<!-- This site is optimized with the Yoast SEO plugin v27.5 - https:\/\/yoast.com\/product\/yoast-seo-wordpress\/ -->\n<title>Evita para armar: siete libros para recordarla - Diario Digital Femenino<\/title>\n<meta name=\"description\" content=\"Evita para armar: siete libros para recordarla. Elegimos siete libros que ayudan a conocer a una figura indispensable y &quot;Esa Mujer&quot;, Rodolfo Walsh\" \/>\n<meta name=\"robots\" content=\"index, follow, max-snippet:-1, max-image-preview:large, max-video-preview:-1\" \/>\n<link rel=\"canonical\" href=\"https:\/\/diariofemenino.com.ar\/df\/evita-para-armar-siete-libros-para-recordarla\/\" \/>\n<meta property=\"og:locale\" content=\"es_ES\" \/>\n<meta property=\"og:type\" content=\"article\" \/>\n<meta property=\"og:title\" content=\"Evita para armar: siete libros para recordarla - Diario Digital Femenino\" \/>\n<meta property=\"og:description\" content=\"Evita para armar: siete libros para recordarla. Elegimos siete libros que ayudan a conocer a una figura indispensable y &quot;Esa Mujer&quot;, Rodolfo Walsh\" \/>\n<meta property=\"og:url\" content=\"https:\/\/diariofemenino.com.ar\/df\/evita-para-armar-siete-libros-para-recordarla\/\" \/>\n<meta property=\"og:site_name\" content=\"Diario Digital Femenino\" \/>\n<meta property=\"article:publisher\" content=\"https:\/\/www.facebook.com\/DiarioDigitaFemenino\/\" \/>\n<meta property=\"article:published_time\" content=\"2019-05-07T20:05:06+00:00\" \/>\n<meta property=\"article:modified_time\" content=\"2021-07-26T13:50:47+00:00\" \/>\n<meta property=\"og:image\" content=\"https:\/\/diariofemenino.com.ar\/df\/wp-content\/uploads\/2019\/05\/evita-marron.jpg\" \/>\n\t<meta property=\"og:image:width\" content=\"840\" \/>\n\t<meta property=\"og:image:height\" content=\"600\" \/>\n\t<meta property=\"og:image:type\" content=\"image\/jpeg\" \/>\n<meta name=\"author\" content=\"Admin\" \/>\n<meta name=\"twitter:card\" content=\"summary_large_image\" \/>\n<meta name=\"twitter:creator\" content=\"@DiarioFemenino1\" \/>\n<meta name=\"twitter:site\" content=\"@DiarioFemenino1\" \/>\n<meta name=\"twitter:label1\" content=\"Escrito por\" \/>\n\t<meta name=\"twitter:data1\" content=\"Admin\" \/>\n\t<meta name=\"twitter:label2\" content=\"Tiempo de lectura\" \/>\n\t<meta name=\"twitter:data2\" content=\"5 minutos\" \/>\n<script type=\"application\/ld+json\" class=\"yoast-schema-graph\">{\"@context\":\"https:\\\/\\\/schema.org\",\"@graph\":[{\"@type\":\"Article\",\"@id\":\"https:\\\/\\\/diariofemenino.com.ar\\\/df\\\/evita-para-armar-siete-libros-para-recordarla\\\/#article\",\"isPartOf\":{\"@id\":\"https:\\\/\\\/diariofemenino.com.ar\\\/df\\\/evita-para-armar-siete-libros-para-recordarla\\\/\"},\"author\":{\"name\":\"Admin\",\"@id\":\"https:\\\/\\\/diariofemenino.com.ar\\\/df\\\/#\\\/schema\\\/person\\\/1c36bc3bf394d8ec320814298b4fdd3f\"},\"headline\":\"Evita para armar: siete libros para recordarla\",\"datePublished\":\"2019-05-07T20:05:06+00:00\",\"dateModified\":\"2021-07-26T13:50:47+00:00\",\"mainEntityOfPage\":{\"@id\":\"https:\\\/\\\/diariofemenino.com.ar\\\/df\\\/evita-para-armar-siete-libros-para-recordarla\\\/\"},\"wordCount\":949,\"commentCount\":0,\"publisher\":{\"@id\":\"https:\\\/\\\/diariofemenino.com.ar\\\/df\\\/#organization\"},\"image\":{\"@id\":\"https:\\\/\\\/diariofemenino.com.ar\\\/df\\\/evita-para-armar-siete-libros-para-recordarla\\\/#primaryimage\"},\"thumbnailUrl\":\"https:\\\/\\\/diariofemenino.com.ar\\\/df\\\/wp-content\\\/uploads\\\/2019\\\/05\\\/evita-marron.jpg\",\"keywords\":[\"Eva\",\"Evita\",\"Literatura\",\"Mujeres\",\"Pol\u00edtica\"],\"articleSection\":[\"Agenda Feminista\",\"Biblioteca Virtual\",\"Mujeres en Palabras\"],\"inLanguage\":\"es\",\"potentialAction\":[{\"@type\":\"CommentAction\",\"name\":\"Comment\",\"target\":[\"https:\\\/\\\/diariofemenino.com.ar\\\/df\\\/evita-para-armar-siete-libros-para-recordarla\\\/#respond\"]}]},{\"@type\":\"WebPage\",\"@id\":\"https:\\\/\\\/diariofemenino.com.ar\\\/df\\\/evita-para-armar-siete-libros-para-recordarla\\\/\",\"url\":\"https:\\\/\\\/diariofemenino.com.ar\\\/df\\\/evita-para-armar-siete-libros-para-recordarla\\\/\",\"name\":\"Evita para armar: siete libros para recordarla - Diario Digital Femenino\",\"isPartOf\":{\"@id\":\"https:\\\/\\\/diariofemenino.com.ar\\\/df\\\/#website\"},\"primaryImageOfPage\":{\"@id\":\"https:\\\/\\\/diariofemenino.com.ar\\\/df\\\/evita-para-armar-siete-libros-para-recordarla\\\/#primaryimage\"},\"image\":{\"@id\":\"https:\\\/\\\/diariofemenino.com.ar\\\/df\\\/evita-para-armar-siete-libros-para-recordarla\\\/#primaryimage\"},\"thumbnailUrl\":\"https:\\\/\\\/diariofemenino.com.ar\\\/df\\\/wp-content\\\/uploads\\\/2019\\\/05\\\/evita-marron.jpg\",\"datePublished\":\"2019-05-07T20:05:06+00:00\",\"dateModified\":\"2021-07-26T13:50:47+00:00\",\"description\":\"Evita para armar: siete libros para recordarla. Elegimos siete libros que ayudan a conocer a una figura indispensable y \\\"Esa Mujer\\\", Rodolfo Walsh\",\"breadcrumb\":{\"@id\":\"https:\\\/\\\/diariofemenino.com.ar\\\/df\\\/evita-para-armar-siete-libros-para-recordarla\\\/#breadcrumb\"},\"inLanguage\":\"es\",\"potentialAction\":[{\"@type\":\"ReadAction\",\"target\":[\"https:\\\/\\\/diariofemenino.com.ar\\\/df\\\/evita-para-armar-siete-libros-para-recordarla\\\/\"]}]},{\"@type\":\"ImageObject\",\"inLanguage\":\"es\",\"@id\":\"https:\\\/\\\/diariofemenino.com.ar\\\/df\\\/evita-para-armar-siete-libros-para-recordarla\\\/#primaryimage\",\"url\":\"https:\\\/\\\/diariofemenino.com.ar\\\/df\\\/wp-content\\\/uploads\\\/2019\\\/05\\\/evita-marron.jpg\",\"contentUrl\":\"https:\\\/\\\/diariofemenino.com.ar\\\/df\\\/wp-content\\\/uploads\\\/2019\\\/05\\\/evita-marron.jpg\",\"width\":840,\"height\":600},{\"@type\":\"BreadcrumbList\",\"@id\":\"https:\\\/\\\/diariofemenino.com.ar\\\/df\\\/evita-para-armar-siete-libros-para-recordarla\\\/#breadcrumb\",\"itemListElement\":[{\"@type\":\"ListItem\",\"position\":1,\"name\":\"Portada\",\"item\":\"https:\\\/\\\/diariofemenino.com.ar\\\/df\\\/\"},{\"@type\":\"ListItem\",\"position\":2,\"name\":\"Evita para armar: siete libros para recordarla\"}]},{\"@type\":\"WebSite\",\"@id\":\"https:\\\/\\\/diariofemenino.com.ar\\\/df\\\/#website\",\"url\":\"https:\\\/\\\/diariofemenino.com.ar\\\/df\\\/\",\"name\":\"Diario Digital Femenino\",\"description\":\"Cuesti\u00f3n de G\u00e9nero\",\"publisher\":{\"@id\":\"https:\\\/\\\/diariofemenino.com.ar\\\/df\\\/#organization\"},\"potentialAction\":[{\"@type\":\"SearchAction\",\"target\":{\"@type\":\"EntryPoint\",\"urlTemplate\":\"https:\\\/\\\/diariofemenino.com.ar\\\/df\\\/?s={search_term_string}\"},\"query-input\":{\"@type\":\"PropertyValueSpecification\",\"valueRequired\":true,\"valueName\":\"search_term_string\"}}],\"inLanguage\":\"es\"},{\"@type\":\"Organization\",\"@id\":\"https:\\\/\\\/diariofemenino.com.ar\\\/df\\\/#organization\",\"name\":\"Diario Femenino\",\"url\":\"https:\\\/\\\/diariofemenino.com.ar\\\/df\\\/\",\"logo\":{\"@type\":\"ImageObject\",\"inLanguage\":\"es\",\"@id\":\"https:\\\/\\\/diariofemenino.com.ar\\\/df\\\/#\\\/schema\\\/logo\\\/image\\\/\",\"url\":\"https:\\\/\\\/diariofemenino.com.ar\\\/df\\\/wp-content\\\/uploads\\\/2018\\\/10\\\/logo.png\",\"contentUrl\":\"https:\\\/\\\/diariofemenino.com.ar\\\/df\\\/wp-content\\\/uploads\\\/2018\\\/10\\\/logo.png\",\"width\":500,\"height\":92,\"caption\":\"Diario Femenino\"},\"image\":{\"@id\":\"https:\\\/\\\/diariofemenino.com.ar\\\/df\\\/#\\\/schema\\\/logo\\\/image\\\/\"},\"sameAs\":[\"https:\\\/\\\/www.facebook.com\\\/DiarioDigitaFemenino\\\/\",\"https:\\\/\\\/x.com\\\/DiarioFemenino1\"]},{\"@type\":\"Person\",\"@id\":\"https:\\\/\\\/diariofemenino.com.ar\\\/df\\\/#\\\/schema\\\/person\\\/1c36bc3bf394d8ec320814298b4fdd3f\",\"name\":\"Admin\",\"image\":{\"@type\":\"ImageObject\",\"inLanguage\":\"es\",\"@id\":\"https:\\\/\\\/diariofemenino.com.ar\\\/df\\\/wp-content\\\/uploads\\\/2018\\\/12\\\/favicon-150x150.jpg\",\"url\":\"https:\\\/\\\/diariofemenino.com.ar\\\/df\\\/wp-content\\\/uploads\\\/2018\\\/12\\\/favicon-150x150.jpg\",\"contentUrl\":\"https:\\\/\\\/diariofemenino.com.ar\\\/df\\\/wp-content\\\/uploads\\\/2018\\\/12\\\/favicon-150x150.jpg\",\"caption\":\"Admin\"},\"url\":\"https:\\\/\\\/diariofemenino.com.ar\\\/df\\\/author\\\/sofiperez\\\/\"}]}<\/script>\n<!-- \/ Yoast SEO plugin. -->","yoast_head_json":{"title":"Evita para armar: siete libros para recordarla - Diario Digital Femenino","description":"Evita para armar: siete libros para recordarla. Elegimos siete libros que ayudan a conocer a una figura indispensable y \"Esa Mujer\", Rodolfo Walsh","robots":{"index":"index","follow":"follow","max-snippet":"max-snippet:-1","max-image-preview":"max-image-preview:large","max-video-preview":"max-video-preview:-1"},"canonical":"https:\/\/diariofemenino.com.ar\/df\/evita-para-armar-siete-libros-para-recordarla\/","og_locale":"es_ES","og_type":"article","og_title":"Evita para armar: siete libros para recordarla - Diario Digital Femenino","og_description":"Evita para armar: siete libros para recordarla. Elegimos siete libros que ayudan a conocer a una figura indispensable y \"Esa Mujer\", Rodolfo Walsh","og_url":"https:\/\/diariofemenino.com.ar\/df\/evita-para-armar-siete-libros-para-recordarla\/","og_site_name":"Diario Digital Femenino","article_publisher":"https:\/\/www.facebook.com\/DiarioDigitaFemenino\/","article_published_time":"2019-05-07T20:05:06+00:00","article_modified_time":"2021-07-26T13:50:47+00:00","og_image":[{"width":840,"height":600,"url":"https:\/\/diariofemenino.com.ar\/df\/wp-content\/uploads\/2019\/05\/evita-marron.jpg","type":"image\/jpeg"}],"author":"Admin","twitter_card":"summary_large_image","twitter_creator":"@DiarioFemenino1","twitter_site":"@DiarioFemenino1","twitter_misc":{"Escrito por":"Admin","Tiempo de lectura":"5 minutos"},"schema":{"@context":"https:\/\/schema.org","@graph":[{"@type":"Article","@id":"https:\/\/diariofemenino.com.ar\/df\/evita-para-armar-siete-libros-para-recordarla\/#article","isPartOf":{"@id":"https:\/\/diariofemenino.com.ar\/df\/evita-para-armar-siete-libros-para-recordarla\/"},"author":{"name":"Admin","@id":"https:\/\/diariofemenino.com.ar\/df\/#\/schema\/person\/1c36bc3bf394d8ec320814298b4fdd3f"},"headline":"Evita para armar: siete libros para recordarla","datePublished":"2019-05-07T20:05:06+00:00","dateModified":"2021-07-26T13:50:47+00:00","mainEntityOfPage":{"@id":"https:\/\/diariofemenino.com.ar\/df\/evita-para-armar-siete-libros-para-recordarla\/"},"wordCount":949,"commentCount":0,"publisher":{"@id":"https:\/\/diariofemenino.com.ar\/df\/#organization"},"image":{"@id":"https:\/\/diariofemenino.com.ar\/df\/evita-para-armar-siete-libros-para-recordarla\/#primaryimage"},"thumbnailUrl":"https:\/\/diariofemenino.com.ar\/df\/wp-content\/uploads\/2019\/05\/evita-marron.jpg","keywords":["Eva","Evita","Literatura","Mujeres","Pol\u00edtica"],"articleSection":["Agenda Feminista","Biblioteca Virtual","Mujeres en Palabras"],"inLanguage":"es","potentialAction":[{"@type":"CommentAction","name":"Comment","target":["https:\/\/diariofemenino.com.ar\/df\/evita-para-armar-siete-libros-para-recordarla\/#respond"]}]},{"@type":"WebPage","@id":"https:\/\/diariofemenino.com.ar\/df\/evita-para-armar-siete-libros-para-recordarla\/","url":"https:\/\/diariofemenino.com.ar\/df\/evita-para-armar-siete-libros-para-recordarla\/","name":"Evita para armar: siete libros para recordarla - Diario Digital Femenino","isPartOf":{"@id":"https:\/\/diariofemenino.com.ar\/df\/#website"},"primaryImageOfPage":{"@id":"https:\/\/diariofemenino.com.ar\/df\/evita-para-armar-siete-libros-para-recordarla\/#primaryimage"},"image":{"@id":"https:\/\/diariofemenino.com.ar\/df\/evita-para-armar-siete-libros-para-recordarla\/#primaryimage"},"thumbnailUrl":"https:\/\/diariofemenino.com.ar\/df\/wp-content\/uploads\/2019\/05\/evita-marron.jpg","datePublished":"2019-05-07T20:05:06+00:00","dateModified":"2021-07-26T13:50:47+00:00","description":"Evita para armar: siete libros para recordarla. Elegimos siete libros que ayudan a conocer a una figura indispensable y \"Esa Mujer\", Rodolfo Walsh","breadcrumb":{"@id":"https:\/\/diariofemenino.com.ar\/df\/evita-para-armar-siete-libros-para-recordarla\/#breadcrumb"},"inLanguage":"es","potentialAction":[{"@type":"ReadAction","target":["https:\/\/diariofemenino.com.ar\/df\/evita-para-armar-siete-libros-para-recordarla\/"]}]},{"@type":"ImageObject","inLanguage":"es","@id":"https:\/\/diariofemenino.com.ar\/df\/evita-para-armar-siete-libros-para-recordarla\/#primaryimage","url":"https:\/\/diariofemenino.com.ar\/df\/wp-content\/uploads\/2019\/05\/evita-marron.jpg","contentUrl":"https:\/\/diariofemenino.com.ar\/df\/wp-content\/uploads\/2019\/05\/evita-marron.jpg","width":840,"height":600},{"@type":"BreadcrumbList","@id":"https:\/\/diariofemenino.com.ar\/df\/evita-para-armar-siete-libros-para-recordarla\/#breadcrumb","itemListElement":[{"@type":"ListItem","position":1,"name":"Portada","item":"https:\/\/diariofemenino.com.ar\/df\/"},{"@type":"ListItem","position":2,"name":"Evita para armar: siete libros para recordarla"}]},{"@type":"WebSite","@id":"https:\/\/diariofemenino.com.ar\/df\/#website","url":"https:\/\/diariofemenino.com.ar\/df\/","name":"Diario Digital Femenino","description":"Cuesti\u00f3n de G\u00e9nero","publisher":{"@id":"https:\/\/diariofemenino.com.ar\/df\/#organization"},"potentialAction":[{"@type":"SearchAction","target":{"@type":"EntryPoint","urlTemplate":"https:\/\/diariofemenino.com.ar\/df\/?s={search_term_string}"},"query-input":{"@type":"PropertyValueSpecification","valueRequired":true,"valueName":"search_term_string"}}],"inLanguage":"es"},{"@type":"Organization","@id":"https:\/\/diariofemenino.com.ar\/df\/#organization","name":"Diario Femenino","url":"https:\/\/diariofemenino.com.ar\/df\/","logo":{"@type":"ImageObject","inLanguage":"es","@id":"https:\/\/diariofemenino.com.ar\/df\/#\/schema\/logo\/image\/","url":"https:\/\/diariofemenino.com.ar\/df\/wp-content\/uploads\/2018\/10\/logo.png","contentUrl":"https:\/\/diariofemenino.com.ar\/df\/wp-content\/uploads\/2018\/10\/logo.png","width":500,"height":92,"caption":"Diario Femenino"},"image":{"@id":"https:\/\/diariofemenino.com.ar\/df\/#\/schema\/logo\/image\/"},"sameAs":["https:\/\/www.facebook.com\/DiarioDigitaFemenino\/","https:\/\/x.com\/DiarioFemenino1"]},{"@type":"Person","@id":"https:\/\/diariofemenino.com.ar\/df\/#\/schema\/person\/1c36bc3bf394d8ec320814298b4fdd3f","name":"Admin","image":{"@type":"ImageObject","inLanguage":"es","@id":"https:\/\/diariofemenino.com.ar\/df\/wp-content\/uploads\/2018\/12\/favicon-150x150.jpg","url":"https:\/\/diariofemenino.com.ar\/df\/wp-content\/uploads\/2018\/12\/favicon-150x150.jpg","contentUrl":"https:\/\/diariofemenino.com.ar\/df\/wp-content\/uploads\/2018\/12\/favicon-150x150.jpg","caption":"Admin"},"url":"https:\/\/diariofemenino.com.ar\/df\/author\/sofiperez\/"}]}},"jetpack_featured_media_url":"https:\/\/diariofemenino.com.ar\/df\/wp-content\/uploads\/2019\/05\/evita-marron.jpg","jetpack_sharing_enabled":true,"rttpg_featured_image_url":{"full":["https:\/\/diariofemenino.com.ar\/df\/wp-content\/uploads\/2019\/05\/evita-marron.jpg",840,600,false],"landscape":["https:\/\/diariofemenino.com.ar\/df\/wp-content\/uploads\/2019\/05\/evita-marron.jpg",840,600,false],"portraits":["https:\/\/diariofemenino.com.ar\/df\/wp-content\/uploads\/2019\/05\/evita-marron.jpg",840,600,false],"thumbnail":["https:\/\/diariofemenino.com.ar\/df\/wp-content\/uploads\/2019\/05\/evita-marron-150x150.jpg",150,150,true],"medium":["https:\/\/diariofemenino.com.ar\/df\/wp-content\/uploads\/2019\/05\/evita-marron-300x214.jpg",300,214,true],"large":["https:\/\/diariofemenino.com.ar\/df\/wp-content\/uploads\/2019\/05\/evita-marron.jpg",840,600,false],"1536x1536":["https:\/\/diariofemenino.com.ar\/df\/wp-content\/uploads\/2019\/05\/evita-marron.jpg",840,600,false],"2048x2048":["https:\/\/diariofemenino.com.ar\/df\/wp-content\/uploads\/2019\/05\/evita-marron.jpg",840,600,false]},"rttpg_author":{"display_name":"Admin","author_link":"https:\/\/diariofemenino.com.ar\/df\/author\/sofiperez\/"},"rttpg_comment":0,"rttpg_category":"<a href=\"https:\/\/diariofemenino.com.ar\/df\/category\/agenda-feminista\/\" rel=\"category tag\">Agenda Feminista<\/a> <a href=\"https:\/\/diariofemenino.com.ar\/df\/category\/biblioteca\/\" rel=\"category tag\">Biblioteca Virtual<\/a> <a href=\"https:\/\/diariofemenino.com.ar\/df\/category\/articulos\/\" rel=\"category tag\">Mujeres en Palabras<\/a>","rttpg_excerpt":"Elegimos siete libros que ayudan a conocer a una figura indispensable para comprender la historia pol\u00edtica y social argentina. \u00bfC\u00f3mo se convirti\u00f3 Eva Duarte en Evita? \u00bfCu\u00e1les fueron sus luchas? \u00bfQu\u00e9 la impuls\u00f3 a dejar su vida en esas luchas? \u00bfQui\u00e9nes la amaron y qui\u00e9nes la odiaron? \u00bfQu\u00e9 legado nos dej\u00f3? A 100 a\u00f1os de&hellip;","_links":{"self":[{"href":"https:\/\/diariofemenino.com.ar\/df\/wp-json\/wp\/v2\/posts\/34951","targetHints":{"allow":["GET"]}}],"collection":[{"href":"https:\/\/diariofemenino.com.ar\/df\/wp-json\/wp\/v2\/posts"}],"about":[{"href":"https:\/\/diariofemenino.com.ar\/df\/wp-json\/wp\/v2\/types\/post"}],"author":[{"embeddable":true,"href":"https:\/\/diariofemenino.com.ar\/df\/wp-json\/wp\/v2\/users\/3"}],"replies":[{"embeddable":true,"href":"https:\/\/diariofemenino.com.ar\/df\/wp-json\/wp\/v2\/comments?post=34951"}],"version-history":[{"count":0,"href":"https:\/\/diariofemenino.com.ar\/df\/wp-json\/wp\/v2\/posts\/34951\/revisions"}],"wp:featuredmedia":[{"embeddable":true,"href":"https:\/\/diariofemenino.com.ar\/df\/wp-json\/wp\/v2\/media\/34954"}],"wp:attachment":[{"href":"https:\/\/diariofemenino.com.ar\/df\/wp-json\/wp\/v2\/media?parent=34951"}],"wp:term":[{"taxonomy":"category","embeddable":true,"href":"https:\/\/diariofemenino.com.ar\/df\/wp-json\/wp\/v2\/categories?post=34951"},{"taxonomy":"post_tag","embeddable":true,"href":"https:\/\/diariofemenino.com.ar\/df\/wp-json\/wp\/v2\/tags?post=34951"}],"curies":[{"name":"wp","href":"https:\/\/api.w.org\/{rel}","templated":true}]}}