{"id":34777,"date":"2019-05-05T12:09:26","date_gmt":"2019-05-05T15:09:26","guid":{"rendered":"https:\/\/diariofemenino.com.ar\/?p=34777"},"modified":"2020-03-15T10:19:00","modified_gmt":"2020-03-15T13:19:00","slug":"mama-quiero-ser-nena","status":"publish","type":"post","link":"https:\/\/diariofemenino.com.ar\/df\/mama-quiero-ser-nena\/","title":{"rendered":"\u00abMam\u00e1, quiero ser nena\u00bb: qu\u00e9 hacer cuando tu hijo se percibe de un g\u00e9nero que no coincide con su sexo biol\u00f3gico"},"content":{"rendered":"<p>Mam\u00e1, quiero ser nena<\/p>\n<p>El planteo puede llegar cualquier d\u00eda a cualquier padre. A partir de los dos a\u00f1os, los ni\u00f1os pueden expresar que no se sienten bien con sus caracter\u00edsticas f\u00edsicas o con el rol gen\u00e9rico que les asignaron al nacer. \u00abHay tantas <a href=\"https:\/\/diariofemenino.com.ar\/guia-para-el-tratamiento-de-identidades-de-generos-orientacion-sexual-e-intersexualidad\/\">identidades<\/a> como personas y todas merecen ser validadas\u00bb, asegur\u00f3 un especialista a Infobae. C\u00f3mo responder, a qui\u00e9n consultar.<\/p>\n<p>Por\u00a0<a class=\"author-name\" href=\"https:\/\/www.infobae.com\/autor\/valeria-chavez\/\" rel=\"author\">Valeria Chavez<\/a><br \/>\npara <a href=\"https:\/\/www.infobae.com\/tendencias\/2019\/05\/04\/mama-quiero-ser-nena-que-hacer-cuando-tu-hijo-se-percibe-de-un-genero-que-no-coincide-con-su-sexo-biologico\/\">Infobae<\/a><\/p>\n<div class=\"row pb-content-type-text\">\n<div class=\"col-xs-12 col-print-12\">\n<p class=\"element element-paragraph\">La pregunta sobrevuela la mente de m\u00e1s de un padre o madre. Algunos observan con preocupaci\u00f3n -o prurito- que su hijo no gusta de jugar a la pelota como el resto de sus amiguitos. Otros, sin decirlo, dudan sobre el real motivo que lleva a su hija a preferir los autitos a los vestidos de princesas. Porque los juguetes no tienen g\u00e9nero, es verdad, pero lo cierto es que esas primeras manifestaciones de preferir juegos o juguetes que se asocian estereotipadamente con el \u00abotro sexo\u00bb pueden ser<strong>\u00a0las primeras se\u00f1ales<\/strong>.<\/p>\n<\/div>\n<\/div>\n<div class=\"row pb-content-type-text\">\n<div class=\"col-xs-12 col-print-12\">\n<p class=\"element element-paragraph\">Hoy la ciencia acepta que las expresiones caracter\u00edsticas del g\u00e9nero, incluidas las identidades (c\u00f3mo la persona se autopercibe) que no est\u00e1n asociadas con el sexo asignado al nacer es un fen\u00f3meno humano com\u00fan, culturalmente diverso que no debe ser juzgado como patol\u00f3gico negativo. Entonces,\u00a0<strong>que el sexo no corresponda con el g\u00e9nero hoy es un fen\u00f3meno que no debe ser consignado o tomado como patol\u00f3gico<\/strong>.<\/p>\n<\/div>\n<\/div>\n<div class=\"row pb-content-type-text\">\n<div class=\"col-xs-12 col-print-12\">\n<p class=\"element element-paragraph\">En el \u00faltimo tiempo se conocieron dos casos de hijos de reconocidas actrices que Mmmanifestaron no sentirse a gusto con el g\u00e9nero \u00abcorrespondiente\u00bb al <a href=\"https:\/\/diariofemenino.com.ar\/manual-de-educacion-sexual-hecho-por-los-propios-estudiantes\/\">sexo<\/a> con el que hab\u00edan nacido.<\/p>\n<\/div>\n<\/div>\n<div class=\"row pb-content-type-blockquote\">\n<div class=\"col-xs-12\">\n<blockquote class=\"element element-blockquote\"><p>\u00a0\u201cYo tambi\u00e9n pensaba que era un ni\u00f1o, hasta que cuando ten\u00eda tres a\u00f1os, me mir\u00f3 y me dijo: \u2018\u00a1No soy un ni\u00f1o!&#8217;\u201d, cont\u00f3 la actriz Charlize Theron sobre su hijo Jackson<\/p><\/blockquote>\n<\/div>\n<\/div>\n<div class=\"row pb-content-type-text\">\n<div class=\"col-xs-12 col-print-12\">\n<p class=\"element element-paragraph\">A los 11 a\u00f1os,\u00a0<a href=\"https:\/\/www.infobae.com\/tendencias\/2017\/06\/28\/la-hija-de-angelina-jolie-y-brad-pitt-comenzo-el-tratamiento-para-cambiar-de-sexo\/\" target=\"_blank\" rel=\"noopener\">Shiloh<\/a>, la hija de Angelina Jolie y Brad Pitt, comenz\u00f3 a tomar hormonas para que su cuerpo no se desarrolle como el de una mujer y convertirse definitivamente en el ni\u00f1o que siempre quiso ser. Desde muy peque\u00f1a se hab\u00eda encargado de dejar en claro que se sent\u00eda m\u00e1s c\u00f3moda como un ni\u00f1o, al punto de que con s\u00f3lo cuatro a\u00f1os transform\u00f3 su look por completo, se cort\u00f3 el pelo y cambi\u00f3 sus vestidos de ni\u00f1a por ropa masculina.<\/p>\n<\/div>\n<\/div>\n<div class=\"row pb-content-type-text\">\n<div class=\"col-xs-12 col-print-12\">\n<p class=\"element element-paragraph\">En una entrevista reciente con el medio brit\u00e1nico\u00a0<em>Daily Mail<\/em>, Charlize Theron revel\u00f3 sobre<a href=\"https:\/\/www.infobae.com\/gente\/personajes\/2019\/04\/29\/charlize-theron-hare-lo-posible-para-que-mi-hija-tenga-el-derecho-de-ser-quien-quiera-ser\/\" target=\"_blank\" rel=\"noopener\">\u00a0su hijo Jackson<\/a>: \u00abYo tambi\u00e9n pensaba que era un ni\u00f1o, hasta que un d\u00eda, cuando ten\u00eda tres a\u00f1os, me mir\u00f3 y me dijo: &#8216;\u00a1No soy un ni\u00f1o!'\u00bb. \u00abTengo dos hijas hermosas que como madre quiero proteger y ver prosperar. Mi trabajo es celebrarlas, amarlas y asegurarme de que tengan todo lo que necesitan para ser quienes deseen ser. Har\u00e9 todo lo que est\u00e9 a mi alcance para que tengan ese derecho y est\u00e9n protegidas\u00bb, asegur\u00f3 la primera vez que se refiri\u00f3 al tema.<\/p>\n<\/div>\n<\/div>\n<div class=\"row pb-content-type-text\">\n<div class=\"col-xs-12 col-print-12\">\n<p class=\"element element-paragraph\">Para empezar, corresponde definir algunas cuestiones esenciales, como que\u00a0<strong>\u00absexo es una cosa y g\u00e9nero es otra\u00bb<\/strong>.<\/p>\n<\/div>\n<\/div>\n<div class=\"row pb-content-type-image\">\n<figure class=\"element element-image col-xs-12\">\n<div class=\"single-image\">\n<div class=\"shares\">\n<div class=\"share-button facebook\" data-url=\"https:\/\/www.infobae.com\/tendencias\/2019\/05\/04\/mama-quiero-ser-nena-que-hacer-cuando-tu-hijo-se-percibe-de-un-genero-que-no-coincide-con-su-sexo-biologico\/%23XZJV6VMV45HWZPLZR6RN3L4OFU\" data-original=\"https:\/\/s3.amazonaws.com\/arc-wordpress-client-uploads\/infobae-wp\/wp-content\/uploads\/2017\/06\/28143823\/shiloh1.jpg\"><\/div>\n<\/div>\n<p><img decoding=\"async\" id=\"XZJV6VMV45HWZPLZR6RN3L4OFU\" class=\"image-lazy\" src=\"https:\/\/www.infobae.com\/new-resizer\/MgqlQU_w4yI5fKrg0uXo2NzPw1g=\/750x0\/filters:quality(100)\/s3.amazonaws.com\/arc-wordpress-client-uploads\/infobae-wp\/wp-content\/uploads\/2017\/06\/28143823\/shiloh1.jpg\" alt=\"Shiloh, la hija de Angelina Jolie, tiene 11 a\u00f1os, pero desde muy peque\u00f1a se encarg\u00f3 de dejar en claro que se sent\u00eda m\u00e1s c\u00f3moda como un ni\u00f1o\" width=\"750\" height=\"421.875\" data-url=\"https:\/\/www.infobae.com\/tendencias\/2019\/05\/04\/mama-quiero-ser-nena-que-hacer-cuando-tu-hijo-se-percibe-de-un-genero-que-no-coincide-con-su-sexo-biologico\/%23XZJV6VMV45HWZPLZR6RN3L4OFU\" data-original=\"https:\/\/www.infobae.com\/new-resizer\/MgqlQU_w4yI5fKrg0uXo2NzPw1g=\/750x0\/filters:quality(100)\/s3.amazonaws.com\/arc-wordpress-client-uploads\/infobae-wp\/wp-content\/uploads\/2017\/06\/28143823\/shiloh1.jpg\" \/><\/p>\n<\/div><figcaption class=\"\"><span class=\"credit\">Shiloh, la hija de Angelina Jolie, tiene 11 a\u00f1os, pero desde muy peque\u00f1a se encarg\u00f3 de dejar en claro que se sent\u00eda m\u00e1s c\u00f3moda como un ni\u00f1o<\/span><\/figcaption><\/figure>\n<\/div>\n<div class=\"row pb-content-type-text\">\n<div class=\"col-xs-12 col-print-12\">\n<p class=\"element element-paragraph\">\u00ab<strong>El sexo est\u00e1 b\u00e1sicamente ligado a los aspectos biol\u00f3gicos de los seres sexuados.<\/strong>\u00a0Hay una forma de entender a las personas a trav\u00e9s de su biolog\u00eda y generalmente est\u00e1 catalogado de manera binaria en var\u00f3n \u2013 mujer sobre la base espec\u00edficamente de caracter\u00edsticas corporales, genitales. E hist\u00f3ricamente se asoci\u00f3 de alguna manera, que al nacer en un sexo te corresponde un g\u00e9nero, y el g\u00e9nero es algo diferente\u00bb. El m\u00e9dico psiquiatra Adri\u00e1n Helien (MN 66698) explic\u00f3 a\u00a0<strong>Infobae<\/strong>\u00a0que \u00ab<strong>el g\u00e9nero es una construcci\u00f3n, un concepto cultural, pol\u00edtico, psicol\u00f3gico y antropol\u00f3gico que alude a la clasificaci\u00f3n subjetiva y social de las personas<\/strong>. B\u00e1sicamente, el g\u00e9nero es como cada uno se autopercibe -como var\u00f3n, mujer, o fuera del binario- y c\u00f3mo quiere de alguna manera insertarse socialmente, y ah\u00ed aparece la primera deconstrucci\u00f3n\u00bb.<\/p>\n<\/div>\n<\/div>\n<div class=\"row pb-content-type-text\">\n<div class=\"col-xs-12 col-print-12\">\n<p class=\"element element-paragraph\">\u00abSexo y g\u00e9nero no son la misma cosa y tenemos que de alguna manera deconstruirlo y separarlo.\u00a0<span class=\"body-text-highlight\">Antiguamente el sexo era mandatario y si nac\u00edas con un sexo -binario, como era conceptualizado- te adjudicaban un g\u00e9nero que deb\u00eda estar alineado con ese sexo, hoy sabemos que eso no es as\u00ed<\/span>\u00ab, insisti\u00f3.<\/p>\n<\/div>\n<\/div>\n<div class=\"row pb-content-type-text\">\n<div class=\"col-xs-12 col-print-12\">\n<p class=\"element element-paragraph\">Helien es coordinador del grupo de Atenci\u00f3n a la Ni\u00f1ez y Adolescencia Transg\u00e9nero del Hospital Durand, uno de los \u00fanicos dos equipos interdisciplinarios que abordan en el pa\u00eds el fen\u00f3meno de la ni\u00f1ez y la transexualidad (el otro funciona en el Hospital General de Ni\u00f1os Pedro de Elizalde) y marc\u00f3 que\u00a0<strong>existen se\u00f1ales previas o comentarios que dejan ver en un ni\u00f1o esta tendencia<\/strong>.<\/p>\n<\/div>\n<\/div>\n<div class=\"row pb-content-type-blockquote\">\n<div class=\"col-xs-12\">\n<blockquote class=\"element element-blockquote\"><p>\u00a0Sexo y g\u00e9nero no son la misma cosa y tenemos que de alguna manera deconstruirlo y separarlo<\/p><\/blockquote>\n<\/div>\n<\/div>\n<div class=\"row pb-content-type-text\">\n<div class=\"col-xs-12 col-print-12\">\n<p class=\"element element-paragraph\">\u00abHay ni\u00f1os, ni\u00f1as, ni\u00f1es (y hablo en neutro porque hay personas que no se perciben ni var\u00f3n ni mujer) que a partir de los dos a\u00f1os pueden expresar que no se identifican con el sexo biol\u00f3gico en el que han sido asignados. Pueden comenzar a expresar esta sensaci\u00f3n de no autopercepci\u00f3n porque de alguna manera no se sienten bien o con sus caracter\u00edsticas f\u00edsicas o con el rol gen\u00e9rico que les asignaron al nacer\u00bb, comenz\u00f3 a explicar el especialista, que tambi\u00e9n preside el\u00a0cap\u00edtulo de Sexolog\u00eda y Diversidad de la<strong>\u00a0Asociaci\u00f3n de Psiquiatras Argentinos<\/strong>(<a href=\"https:\/\/www.apsa.org.ar\/\" target=\"_blank\" rel=\"noopener\">Apsa)<\/a>\u00a0para quien \u00abesto se puede comenzar a expresar con preferencia de ropa, de juegos o juguetes estereotipadamente asignados en &#8216;los mundos del rosa y del celeste&#8217;, y\u00a0<strong>es posible que se asocien con ropas, juguetes y juegos que se asocian estereotipadamente con el &#8216;otro sexo&#8217;<\/strong>\u00a0o prefieren jugar con compa\u00f1eras y compa\u00f1eros del sexo opuesto al biol\u00f3gico\u00bb.<\/p>\n<\/div>\n<\/div>\n<div class=\"row pb-content-type-text\">\n<div class=\"col-xs-12 col-print-12\">\n<p class=\"element element-paragraph\"><em><strong>\u2013 \u00bfQu\u00e9 es recomendable que haga un padre, madre o familiar a quien su hijo le plantea que su sexo biol\u00f3gico no corresponde con el g\u00e9nero con que se autopercibe?<\/strong><\/em><br \/>\n\u2013\u00a0<strong>Lo primero es escucharlo y validar el relato<\/strong>. Este relato no es caprichoso ni casual; de alguna manera lo que hay que evaluar es el grado de insistencia, persistencia y coherencia en el planteo.\u00a0<strong>Y lo segundo es aceptarlo.<\/strong>\u00a0Y esto es muy importante porque es ah\u00ed donde se juega probablemente la calidad de vida de ese menor y algunas situaciones m\u00e1s complejas que deber\u00edan ser escuchadas.<\/p>\n<\/div>\n<\/div>\n<div class=\"row pb-content-type-image\">\n<figure class=\"element element-image col-xs-12\">\n<div class=\"single-image\">\n<div class=\"shares\">\n<div class=\"share-button facebook\" data-url=\"https:\/\/www.infobae.com\/tendencias\/2019\/05\/04\/mama-quiero-ser-nena-que-hacer-cuando-tu-hijo-se-percibe-de-un-genero-que-no-coincide-con-su-sexo-biologico\/%237I3FI2D4QFEFDB7ZOPWZBD5Z6U\" data-original=\"https:\/\/s3.amazonaws.com\/arc-wordpress-client-uploads\/infobae-wp\/wp-content\/uploads\/2019\/04\/21145641\/hijo-charlize-theron-1920-2.jpg\"><\/div>\n<\/div>\n<p><img decoding=\"async\" id=\"7I3FI2D4QFEFDB7ZOPWZBD5Z6U\" class=\"image-lazy\" src=\"https:\/\/www.infobae.com\/new-resizer\/nzA69Iz8TFshFFRX5PWE5m8WcRA=\/750x0\/filters:quality(100)\/s3.amazonaws.com\/arc-wordpress-client-uploads\/infobae-wp\/wp-content\/uploads\/2019\/04\/21145641\/hijo-charlize-theron-1920-2.jpg\" alt=\"A los tres a\u00f1os, Jackson Theron, hijo de Charlize Theron, le dijo a su madre que no quer\u00eda ser un ni\u00f1o\" width=\"750\" height=\"421.484375\" data-url=\"https:\/\/www.infobae.com\/tendencias\/2019\/05\/04\/mama-quiero-ser-nena-que-hacer-cuando-tu-hijo-se-percibe-de-un-genero-que-no-coincide-con-su-sexo-biologico\/%237I3FI2D4QFEFDB7ZOPWZBD5Z6U\" data-original=\"https:\/\/www.infobae.com\/new-resizer\/nzA69Iz8TFshFFRX5PWE5m8WcRA=\/750x0\/filters:quality(100)\/s3.amazonaws.com\/arc-wordpress-client-uploads\/infobae-wp\/wp-content\/uploads\/2019\/04\/21145641\/hijo-charlize-theron-1920-2.jpg\" \/><\/p>\n<\/div><figcaption class=\"\"><span class=\"credit\">A los tres a\u00f1os, Jackson Theron, hijo de Charlize Theron, le dijo a su madre que no quer\u00eda ser un ni\u00f1o<\/span><\/figcaption><\/figure>\n<\/div>\n<div class=\"row pb-content-type-text\">\n<div class=\"col-xs-12 col-print-12\">\n<p class=\"element element-paragraph\">Como cualquier chico, chica, chique los padres tenemos una funci\u00f3n importante que es vital que no se pierda.\u00a0<strong>La funci\u00f3n paternal no debe perderse.<\/strong>\u00a0Todo ni\u00f1o, ni\u00f1a, ni\u00f1e necesita b\u00e1sicamente el afecto de sus padres, la educaci\u00f3n, la protecci\u00f3n y tambi\u00e9n los l\u00edmites que pone ese padre. Primero no hay que perder de vista lo importante: el adulto responsable primero tiene que escucharlo y validarlo en el relato. Puede ser una cosa transitoria (si es un juego va a desaparecer, si es algo espor\u00e1dico se va a diluir en el tiempo), pero\u00a0<strong>cuando es insistente, persistente, coherente o consistente respecto a esta demanda de percibirse fuera del sexo al que se asign\u00f3 en el nacimiento hay que escucharlo<\/strong>.<\/p>\n<\/div>\n<\/div>\n<div class=\"row pb-content-type-text\">\n<div class=\"col-xs-12 col-print-12\">\n<p class=\"element element-paragraph\"><em><strong>\u2013 \u00bfCu\u00e1les son los principales temores de los padres?<\/strong>\u00a0<\/em><br \/>\n\u2013 Los principales temores de los padres de ni\u00f1os o adolescentes con expresiones trans est\u00e1n basados, primero en el desconocimiento, en el miedo acerca de situaciones que son prejuiciosas y que hemos o\u00eddo todos de alguna manera de la representaci\u00f3n del colectivo LGBT que est\u00e1 asociado a un futuro negativo o situaciones negativas. Los estereotipos negativos asociados a las personas trans son la base de los prejuicios que luego van a llevar a la transfobia.<\/p>\n<\/div>\n<\/div>\n<div class=\"row pb-content-type-blockquote\">\n<div class=\"col-xs-12\">\n<blockquote class=\"element element-blockquote\"><p>\u00a0Los principales temores de los padres de ni\u00f1os o adolescentes con expresiones trans est\u00e1n basados en el desconocimiento, en el miedo acerca de situaciones que son prejuiciosas<\/p><\/blockquote>\n<\/div>\n<\/div>\n<div class=\"row pb-content-type-text\">\n<div class=\"col-xs-12 col-print-12\">\n<p class=\"element element-paragraph\">B\u00e1sicamente los padres tienen miedo de haber sido los causales de esta situaci\u00f3n (\u00abalgo hice para que mi hijo sea trans\u00bb) y eso es totalmente prejuicioso porque en verdad no se sabe por qu\u00e9 las identidades cis (el t\u00e9rmino hace referencia a aquellos individuos cuya identidad de g\u00e9nero coincide con su fenotipo sexual) o trans se conforman; se sabe que hay una base biol\u00f3gica y algo que tiene que ver con la interacci\u00f3n social, v\u00ednculos tempranos, etc, pero no se sabe c\u00f3mo se conforma ninguna identidad, ni cis ni trans, que por otro lado, son perfectamente normales y no tienen nada de malo. Ninguna identidad es patol\u00f3gica.<\/p>\n<\/div>\n<\/div>\n<div class=\"row pb-content-type-text\">\n<div class=\"col-xs-12 col-print-12\">\n<p class=\"element element-paragraph\"><em><strong>\u2013 \u00bfY de los ni\u00f1os?<\/strong><\/em><br \/>\n\u2013 Los ni\u00f1os, ni\u00f1as, ni\u00f1es a veces tienen miedo de expresarse. Primero, a veces no saben lo que les pasa, tienen miedo de expresarlo, a veces no tienen las palabras o conceptos porque b\u00e1sicamente las palabras que tenemos para expresar las identidades son binarias y los chicos, chicas, chiques tienen miedo de perder el afecto de sus padres, de comunicar y ser castigados por sus pares, de no ser aceptados. Es una situaci\u00f3n importante porque todos necesitamos en alg\u00fan punto ser validados en nuestras identidades por eso es importante decir que todas las identidades son normales, no hay identidades patol\u00f3gicas y que hay tantas identidades como personas y todas son v\u00e1lidas y merecen ser validadas, escuchadas y cada uno merece poder expresarlas socialmente de manera leg\u00edtima. Cada forma de autopercepci\u00f3n tiene una forma de expresarse socialmente tambi\u00e9n v\u00e1lida.<\/p>\n<\/div>\n<\/div>\n<div class=\"row pb-content-type-image\">\n<figure class=\"element element-image col-xs-12\">\n<div class=\"single-image\">\n<div class=\"shares\">\n<div class=\"share-button facebook\" data-url=\"https:\/\/www.infobae.com\/tendencias\/2019\/05\/04\/mama-quiero-ser-nena-que-hacer-cuando-tu-hijo-se-percibe-de-un-genero-que-no-coincide-con-su-sexo-biologico\/%23VNGPJU5A5FERVLNZ27GC4S4YH4\" data-original=\"https:\/\/s3.amazonaws.com\/arc-wordpress-client-uploads\/infobae-wp\/wp-content\/uploads\/2017\/11\/06154546\/Transgenero.jpg\"><\/div>\n<\/div>\n<p><img decoding=\"async\" id=\"VNGPJU5A5FERVLNZ27GC4S4YH4\" class=\"image-lazy\" src=\"https:\/\/www.infobae.com\/new-resizer\/cXOftkawTFUPkDk_vmai75_k2pg=\/750x0\/filters:quality(100)\/s3.amazonaws.com\/arc-wordpress-client-uploads\/infobae-wp\/wp-content\/uploads\/2017\/11\/06154546\/Transgenero.jpg\" alt=\"Cada ni\u00f1o va a transicionar hacia su identidad autopercibida en sus propios tiempos y en sus propios momentos (Getty)\" width=\"750\" height=\"421.875\" data-url=\"https:\/\/www.infobae.com\/tendencias\/2019\/05\/04\/mama-quiero-ser-nena-que-hacer-cuando-tu-hijo-se-percibe-de-un-genero-que-no-coincide-con-su-sexo-biologico\/%23VNGPJU5A5FERVLNZ27GC4S4YH4\" data-original=\"https:\/\/www.infobae.com\/new-resizer\/cXOftkawTFUPkDk_vmai75_k2pg=\/750x0\/filters:quality(100)\/s3.amazonaws.com\/arc-wordpress-client-uploads\/infobae-wp\/wp-content\/uploads\/2017\/11\/06154546\/Transgenero.jpg\" \/><\/p>\n<\/div><figcaption class=\"\"><span class=\"credit\">Cada ni\u00f1o va a transicionar hacia su identidad autopercibida en sus propios tiempos y en sus propios momentos (Getty)<\/span><\/figcaption><\/figure>\n<\/div>\n<div class=\"row pb-content-type-text\">\n<div class=\"col-xs-12 col-print-12\">\n<p class=\"element element-paragraph\"><em><strong>\u2013 \u00bfCu\u00e1les son los principales escollos que plantean los padres? \u00bfSon reales o mitos? (por ejemplo si plantean que su hijo va a sufrir con el cambio)<\/strong><\/em><br \/>\n\u2013 Lo que hay que evaluar es el grado de sufrimiento que tiene el chico y lo que hay que evaluar es el grado de sufrimiento que tiene el chico y lo que no se ve ac\u00e1 es la pregunta contraria: cu\u00e1nto sufre este chico cuando no puede vivir fuera de su g\u00e9nero. Va a sufrir much\u00edsimo y va a tener una limitaci\u00f3n importante en su calidad de vida.<\/p>\n<\/div>\n<\/div>\n<div class=\"row pb-content-type-text\">\n<div class=\"col-xs-12 col-print-12\">\n<p class=\"element element-paragraph\">Lo que hay que tener en cuenta es la incomodidad que tiene con su cuerpo, o cu\u00e1nto va a sufrir por no poder expresar socialmente la identidad con la que se autopercibe. Hay un sufrimiento porque a veces el cuerpo no representa la identidad de g\u00e9nero y a veces tambi\u00e9n est\u00e1 asociado esto a la otra parte de la identidad, que es la expresi\u00f3n de g\u00e9nero o el rol de g\u00e9nero, es decir, c\u00f3mo elijo vivir expresando este g\u00e9nero.<\/p>\n<\/div>\n<\/div>\n<div class=\"row pb-content-type-text\">\n<div class=\"col-xs-12 col-print-12\">\n<p class=\"element element-paragraph\">En vez de plantearse cu\u00e1nto su hijo va a sufrir por los cambios\u00a0<strong>hay que ver cu\u00e1nto su hijo va a sufrir si no cambia o si no puede vivir en su g\u00e9nero y ese es el monto de sufrimiento mayor que hay que evaluar primero<\/strong>, despu\u00e9s vemos todo lo que implica la transici\u00f3n, que es c\u00f3mo ese ni\u00f1o, ni\u00f1a, ni\u00f1e va a llegar al punto en el que se siente bien con su identidad.<\/p>\n<\/div>\n<\/div>\n<div class=\"row pb-content-type-blockquote\">\n<div class=\"col-xs-12\">\n<blockquote class=\"element element-blockquote\"><p>\u00a0La atenci\u00f3n de la ni\u00f1ez trans exige una formaci\u00f3n que no existe en las carreras de medicina ni psicolog\u00eda<\/p><\/blockquote>\n<\/div>\n<\/div>\n<div class=\"row pb-content-type-text\">\n<div class=\"col-xs-12 col-print-12\">\n<p class=\"element element-paragraph\"><em><strong>\u2013 \u00bfA qu\u00e9 profesional deber\u00eda recurrir?<\/strong>\u00a0<\/em><br \/>\n\u2013 La atenci\u00f3n de la ni\u00f1ez trans exige formaci\u00f3n que no tenemos en las carreras de formaci\u00f3n m\u00e9dica y psicol\u00f3gica.\u00a0<strong>Es un d\u00e9ficit casi inexplicable que no haya formaci\u00f3n en salud transg\u00e9nero<\/strong>\u00a0(en medicina no lo hay ni en pregrado ni en posgrado) entonces es muy complejo saber a qui\u00e9n recurrir. Simplemente lo que hay que tener en claro es que deben ser profesionales de la salud que est\u00e9n formados en salud transg\u00e9nero, que hay muy pocos en la Argentina. De hecho hay s\u00f3lo dos equipos interdisciplinarios que atienden salud transg\u00e9nero: uno de ellos es el que funciona en el Hospital Durand, que yo integro y que en el \u00faltimo tiempo hemos decidido empezar con lista de espera por estar desbordados respecto a nuestra capacidad de atenci\u00f3n y a la cantidad de gente que estamos atendiendo (actualmente atienden 70 ni\u00f1os y adolescentes y brindan acompa\u00f1amiento a sus familias y grupos de pares) con muy pocos recursos.<\/p>\n<\/div>\n<\/div>\n<div class=\"row pb-content-type-text\">\n<div class=\"col-xs-12 col-print-12\">\n<p class=\"element element-paragraph\">En general,\u00a0<strong>se necesita un equipo interdisciplinario porque se requieren m\u00faltiples especialistas para acompa\u00f1ar la ni\u00f1ez y la adolescencia transg\u00e9nero<\/strong>. En ese sentido, se aconseja que haya pediatra, hebiatra, que es el especialista en adolescencia, especialistas en salud mental, psiquiatr\u00eda, cl\u00ednica m\u00e9dica con formaci\u00f3n en g\u00e9nero. A veces se necesitan intervenciones espec\u00edficas de endocrin\u00f3logos infanto juveniles y tambi\u00e9n, en adolescentes y adultos j\u00f3venes, puede requerirse alg\u00fan tipo de intervenci\u00f3n quir\u00fargica.<\/p>\n<\/div>\n<\/div>\n<div class=\"row pb-content-type-image\">\n<figure class=\"element element-image col-xs-12\">\n<div class=\"single-image\">\n<div class=\"shares\">\n<div class=\"share-button facebook\" data-url=\"https:\/\/www.infobae.com\/tendencias\/2019\/05\/04\/mama-quiero-ser-nena-que-hacer-cuando-tu-hijo-se-percibe-de-un-genero-que-no-coincide-con-su-sexo-biologico\/%23LL2ATDB3BZEZ5PRSQPQ2AARXSE\" data-original=\"https:\/\/s3.amazonaws.com\/arc-wordpress-client-uploads\/infobae-wp\/wp-content\/uploads\/2017\/12\/13205923\/ni%C3%B1os-trans-.jpg\"><\/div>\n<\/div>\n<p><img decoding=\"async\" id=\"LL2ATDB3BZEZ5PRSQPQ2AARXSE\" class=\"image-lazy\" src=\"https:\/\/www.infobae.com\/new-resizer\/e4-TRJhg4Ar6E2jqOJM3Qzero-k=\/750x0\/filters:quality(100)\/s3.amazonaws.com\/arc-wordpress-client-uploads\/infobae-wp\/wp-content\/uploads\/2017\/12\/13205923\/ni%C3%B1os-trans-.jpg\" alt=\"Los ni\u00f1os a veces no saben lo que les pasa, tienen miedo de expresarlo, o no tienen las palabras\" width=\"750\" height=\"420.8333333333333\" data-url=\"https:\/\/www.infobae.com\/tendencias\/2019\/05\/04\/mama-quiero-ser-nena-que-hacer-cuando-tu-hijo-se-percibe-de-un-genero-que-no-coincide-con-su-sexo-biologico\/%23LL2ATDB3BZEZ5PRSQPQ2AARXSE\" data-original=\"https:\/\/www.infobae.com\/new-resizer\/e4-TRJhg4Ar6E2jqOJM3Qzero-k=\/750x0\/filters:quality(100)\/s3.amazonaws.com\/arc-wordpress-client-uploads\/infobae-wp\/wp-content\/uploads\/2017\/12\/13205923\/ni%C3%B1os-trans-.jpg\" \/><\/p>\n<\/div><figcaption class=\"\"><span class=\"credit\">Los ni\u00f1os a veces no saben lo que les pasa, tienen miedo de expresarlo, o no tienen las palabras<\/span><\/figcaption><\/figure>\n<\/div>\n<div class=\"row pb-content-type-text\">\n<div class=\"col-xs-12 col-print-12\">\n<p class=\"element element-paragraph\">No hay una intervenci\u00f3n \u00fanica para cada ni\u00f1o, ni\u00f1a, ni\u00f1e o adolescente; va a requerir distintos acompa\u00f1amientos e intervenciones que tienen que ser evaluadas por este equipo en forma \u00fanica, individual, subjetiva y personal.<\/p>\n<\/div>\n<\/div>\n<div class=\"row pb-content-type-text\">\n<div class=\"col-xs-12 col-print-12\">\n<p class=\"element element-paragraph\"><em><strong>\u2013 \u00bfC\u00f3mo se debe proceder con sus grupos de pertenencia? (amigos, colegio, actividades extras, familia)<\/strong><\/em><br \/>\n\u2013 Cada ni\u00f1o, ni\u00f1a, ni\u00f1e va a transicionar hacia su identidad autopercibida en sus propios tiempos y en sus propios momentos. Lo que s\u00ed es cierto es que\u00a0<strong>cuando lo expresa y no puede tolerar vivir fuera de su g\u00e9nero<\/strong>\u00a0(esto es algo dif\u00edcil de comprender para quienes no est\u00e1n cercanas a la tem\u00e1tica trans, pero debe saberse que esto no es un capricho, es una situaci\u00f3n consistente con la historia gen\u00e9rica y la persona no puede vivir de otra manera por un mont\u00f3n de situaciones que afectan a su calidad de vida)\u00a0<strong>la primera palabra que recalco todo el tiempo es la aceptaci\u00f3n<\/strong>.<\/p>\n<\/div>\n<\/div>\n<div class=\"row pb-content-type-text\">\n<div class=\"col-xs-12 col-print-12\">\n<p class=\"element element-paragraph\">La aceptaci\u00f3n salva vidas y no en un sentido metaf\u00f3rico sino real porque hay estudios que demostraron que los chicos, chicas, chiques con identidades trans que no son aceptados tienen un riesgo suicida de ocho veces mayor que los que s\u00ed son aceptados.<\/p>\n<\/div>\n<\/div>\n<div class=\"row pb-content-type-blockquote\">\n<div class=\"col-xs-12\">\n<blockquote class=\"element element-blockquote\"><p>\u00a0Los ni\u00f1os, ni\u00f1os, ni\u00f1es y adolescentes tienen derechos y la identidad es el derecho m\u00e1s profundo que cualquier ser humano puede tener<\/p><\/blockquote>\n<\/div>\n<\/div>\n<div class=\"row pb-content-type-text\">\n<div class=\"col-xs-12 col-print-12\">\n<p class=\"element element-paragraph\">En alg\u00fan momento, cuando el ni\u00f1o, ni\u00f1a, ni\u00f1e sale del closet y empieza a hacer la transici\u00f3n hacia el g\u00e9nero autopercibido y empieza a poder hablarlo con sus padres, que deber\u00edan poder escucharlo y aceptarlo; del mismo modo lo har\u00e1 con su red de amigos y deber\u00eda poder hacerlo en el momento que lo considere en el colegio y al resto de la familia.<\/p>\n<\/div>\n<\/div>\n<div class=\"row pb-content-type-text\">\n<div class=\"col-xs-12 col-print-12\">\n<p class=\"element element-paragraph\">En este punto, es importante destacar que para la\u00a0<a href=\"https:\/\/www.tgeu.org\/sites\/default\/files\/ley_26743.pdf\" target=\"_blank\" rel=\"noopener\">Ley de Identidad de G\u00e9nero\u00a0<\/a>y nuestro C\u00f3digo Civil, los ni\u00f1os, ni\u00f1os, ni\u00f1es y adolescentes tienen derechos y la identidad es el derecho m\u00e1s profundo que cualquier ser humano puede tener. De all\u00ed que a\u00fan no habiendo cambiado el nombre en su documento, tienen derecho , seg\u00fan el art\u00edculo 12 de esa norma a ser nombrados por el nombre de elecci\u00f3n tanto en la escuela como en todas las entidades que participa.<\/p>\n<\/div>\n<\/div>\n<div class=\"row pb-content-type-text\">\n<div class=\"col-xs-12 col-print-12\">\n<p class=\"element element-paragraph\"><em><strong>\u2013 \u00bfEn qu\u00e9 momento se debe encarar el cambio efectivo?<\/strong><\/em><br \/>\n\u2013 No hay una f\u00f3rmula, esto es un debate en el mundo y cada situaci\u00f3n es particular.\u00a0<strong>Cada chico, chica, chique va a ir marcando el tiempo y tiene que ser acompa\u00f1ado por un equipo interdisciplinario que gu\u00ede esos momentos<\/strong>, porque b\u00e1sicamente lo va a definir cada uno de acuerdo a sus necesidades y el monto de angustia que tenga. Hay una situaci\u00f3n umbral o l\u00edmite donde no pueden vivir en el g\u00e9nero que no les corresponde y empiezan a decidir y a expresar con sus propias palabras esa necesidad de empezar a hacer la transici\u00f3n o cambiar la forma de expresarlo socialmente, la elecci\u00f3n del nombre, que es importante y de los pronombres, que reafirmen la verdadera identidad que es la autopercibida.<\/p>\n<\/div>\n<\/div>\n<div class=\"row pb-content-type-image\">\n<figure class=\"element element-image col-xs-12\">\n<div class=\"single-image\">\n<div class=\"shares\">\n<div class=\"share-button facebook\" data-url=\"https:\/\/www.infobae.com\/tendencias\/2019\/05\/04\/mama-quiero-ser-nena-que-hacer-cuando-tu-hijo-se-percibe-de-un-genero-que-no-coincide-con-su-sexo-biologico\/%23DFFO3XFV4BFKPKDKF6OQ7SWLNE\" data-original=\"https:\/\/s3.amazonaws.com\/arc-wordpress-client-uploads\/infobae-wp\/wp-content\/uploads\/2018\/08\/17123332\/GettyImages-618624758.jpg\"><\/div>\n<\/div>\n<p><img decoding=\"async\" id=\"DFFO3XFV4BFKPKDKF6OQ7SWLNE\" class=\"image-lazy\" src=\"https:\/\/www.infobae.com\/new-resizer\/LTxHxmzmsHM1AX1qQcSMbePdpPQ=\/750x0\/filters:quality(100)\/s3.amazonaws.com\/arc-wordpress-client-uploads\/infobae-wp\/wp-content\/uploads\/2018\/08\/17123332\/GettyImages-618624758.jpg\" alt=\"Una de las primeras se\u00f1ales puede ser que el ni\u00f1o o ni\u00f1a prefiera jugar con compa\u00f1eras y compa\u00f1eros del sexo opuesto al biol\u00f3gico (Getty)\" width=\"750\" height=\"421.875\" data-url=\"https:\/\/www.infobae.com\/tendencias\/2019\/05\/04\/mama-quiero-ser-nena-que-hacer-cuando-tu-hijo-se-percibe-de-un-genero-que-no-coincide-con-su-sexo-biologico\/%23DFFO3XFV4BFKPKDKF6OQ7SWLNE\" data-original=\"https:\/\/www.infobae.com\/new-resizer\/LTxHxmzmsHM1AX1qQcSMbePdpPQ=\/750x0\/filters:quality(100)\/s3.amazonaws.com\/arc-wordpress-client-uploads\/infobae-wp\/wp-content\/uploads\/2018\/08\/17123332\/GettyImages-618624758.jpg\" \/><\/p>\n<\/div><figcaption class=\"\"><span class=\"credit\">Una de las primeras se\u00f1ales puede ser que el ni\u00f1o o ni\u00f1a prefiera jugar con compa\u00f1eras y compa\u00f1eros del sexo opuesto al biol\u00f3gico (Getty)<\/span><\/figcaption><\/figure>\n<\/div>\n<div class=\"row pb-content-type-text\">\n<div class=\"col-xs-12 col-print-12\">\n<p class=\"element element-paragraph\">No hay un momento, no hay una edad; antes se hablaba de edades espec\u00edficas en las que se recomendaba hacer determinado tipo de intervenciones m\u00e9dicas, pero, primero, no todos los chicos, chicas, chiques necesitan intervenciones m\u00e9dicas (eso tambi\u00e9n es un prejuicio) y, segundo, cada uno, junto a un equipo interdisciplinario y sus padres va a definir de acuerdo a la edad que tenga y respetando sus derechos y sus posibilidades (con la capacidad progresiva que tenga de poder decidir, tambi\u00e9n avalada legalmente) pero esto corresponde evaluarlo el equipo de salud junto con el ni\u00f1o.<\/p>\n<\/div>\n<\/div>\n<div class=\"row pb-content-type-text\">\n<div class=\"col-xs-12 col-print-12\">\n<p class=\"element element-paragraph\">No hay una edad, hay momentos en los que cada chico va a expresar sus distintas necesidades.<strong>\u00a0Algunos simplemente transicionan sin intervenciones m\u00e9dicas y otros necesitan intervenciones<\/strong>, como los tratamientos hormonales, que hay\u00a0<strong>dos tipos: uno llamado \u00abde freno de eje hormonal\u00bb<\/strong>, que es una intervenci\u00f3n reversible que permite que el chico, chica, chique no sufra ya que se le detiene el desarrollo hormonal para que pueda explorar, reafirmar su identidad y decidir de acuerdo a su capacidad progresiva si necesita m\u00e1s adelante un tratamiento hormonal cruzado. Esto, que en verdad se llama\u00a0<strong>\u00abtratamiento de reafirmaci\u00f3n masculino femenino\u00bb<\/strong>\u00a0consiste en empezar un tratamiento acorde al g\u00e9nero autopercibido, con hormonas masculinas o femeninas que reafirman la identidad de g\u00e9nero y produce cambios progresivamente irreversibles.<\/p>\n<\/div>\n<\/div>\n<div class=\"row pb-content-type-text\">\n<div class=\"col-xs-12 col-print-12\">\n<p class=\"element element-paragraph\">Lo que corresponde aclarar es que hay personas que no se sienten identificadas ni con masculino ni con femenino; son personas trans no binarias y hay un mont\u00f3n de categor\u00edas autodefinidas, como ag\u00e9nero, big\u00e9nero, g\u00e9nero fluido, genderqueer, y otras infinitas m\u00e1s que son no binarias y que a veces necesitan intervenciones hormonales y\/o quir\u00fargicas de forma totalmente personalizada acorde a cada identidad.<\/p>\n<\/div>\n<\/div>\n<div class=\"row pb-content-type-blockquote\">\n<div class=\"col-xs-12\">\n<blockquote class=\"element element-blockquote\"><p>\u00a0Hay personas que no se sienten identificadas ni con masculino ni con femenino; son personas trans no binarias y hay un mont\u00f3n de categor\u00edas autodefinidas<\/p><\/blockquote>\n<\/div>\n<\/div>\n<div class=\"row pb-content-type-text\">\n<div class=\"col-xs-12 col-print-12\">\n<p class=\"element element-paragraph\"><em><strong>\u2013 \u00bfC\u00f3mo cambia, adem\u00e1s de lo f\u00edsico, la vida de un ni\u00f1o que elige empezar a vivir de acuerdo al g\u00e9nero que se autopercibe y es escuchado?<\/strong>\u00a0<\/em><br \/>\n\u2013 Cambia la situaci\u00f3n de vida porque nadie puede vivir fuera del g\u00e9nero y porque en general cuando no viven en el g\u00e9nero autopercibido se angustian, se deprimen, se a\u00edslan, tienen conductas oposicionistas, tienen s\u00edntomas como querer dejar la escuela, muchas veces sufren bullying de parte de sus propios compa\u00f1eros o incluso docentes por ser \u00abdiferentes\u00bb (situaci\u00f3n que hay que trabajar con una educaci\u00f3n sexual inclusiva que incluya el tema de la diversidad). La angustia que les genera no poder ser nombrados por el nombre de elecci\u00f3n, o el hecho de no poder asistir al ba\u00f1o del g\u00e9nero que se autoperciben son situaciones de discriminaci\u00f3n y desigualdad que estos ni\u00f1os tienen y que deber\u00edan ser abordadas por el sistema educativo y toda la sociedad.<\/p>\n<\/div>\n<\/div>\n<div class=\"row pb-content-type-text\">\n<div class=\"col-xs-12 col-print-12\">\n<p class=\"element element-paragraph\">La ni\u00f1ez trans cambia radicalmente cuando pueden vivir en el g\u00e9nero autopercibido. Repito, cuando se vive fuera del g\u00e9nero se la pasa muy mal o hay una limitaci\u00f3n important\u00edsima de la calidad de vida. La identidad de g\u00e9nero es un derecho humano b\u00e1sico sin el cual es muy dif\u00edcil vivir la vida, es decir la transici\u00f3n hacia el g\u00e9nero autopercibido tiene muy buen pron\u00f3stico, lo cual no quiere decir que muchas veces no sea sencillo porque muchas veces la sociedad ataca, no comprende, estigmatiza al diferente desde una situaci\u00f3n de ignorancia o discriminaci\u00f3n.<\/p>\n<\/div>\n<\/div>\n<div class=\"row pb-content-type-text\">\n<div class=\"col-xs-12 col-print-12\">\n<p class=\"element element-paragraph\"><strong>Dos investigaciones para tener en cuenta y algunas conclusiones<\/strong><\/p>\n<\/div>\n<\/div>\n<div class=\"row pb-content-type-image\">\n<figure class=\"element element-image col-xs-12\">\n<div class=\"single-image\">\n<div class=\"shares\">\n<div class=\"share-button facebook\" data-url=\"https:\/\/www.infobae.com\/tendencias\/2019\/05\/04\/mama-quiero-ser-nena-que-hacer-cuando-tu-hijo-se-percibe-de-un-genero-que-no-coincide-con-su-sexo-biologico\/%23MC6F5F76SFBA3ISX2JH5WJYCFI\" data-original=\"https:\/\/s3.amazonaws.com\/arc-wordpress-client-uploads\/infobae-wp\/wp-content\/uploads\/2016\/08\/02134836\/personas-transgenero-1920-1.jpg\"><\/div>\n<\/div>\n<p><img loading=\"lazy\" decoding=\"async\" id=\"MC6F5F76SFBA3ISX2JH5WJYCFI\" class=\"image-lazy alignnone\" src=\"https:\/\/www.infobae.com\/new-resizer\/d4ffidQsUN9HAf3-3LMtW8lElRw=\/750x0\/filters:quality(100)\/s3.amazonaws.com\/arc-wordpress-client-uploads\/infobae-wp\/wp-content\/uploads\/2016\/08\/02134836\/personas-transgenero-1920-1.jpg\" alt=\"&quot;Mam\u00e1, quiero ser nena&quot;: qu\u00e9 hacer cuando tu hijo se percibe de un g\u00e9nero que no coincide con su sexo biol\u00f3gico\" width=\"750\" height=\"421\" data-url=\"https:\/\/www.infobae.com\/tendencias\/2019\/05\/04\/mama-quiero-ser-nena-que-hacer-cuando-tu-hijo-se-percibe-de-un-genero-que-no-coincide-con-su-sexo-biologico\/%23MC6F5F76SFBA3ISX2JH5WJYCFI\" data-original=\"https:\/\/www.infobae.com\/new-resizer\/d4ffidQsUN9HAf3-3LMtW8lElRw=\/750x0\/filters:quality(100)\/s3.amazonaws.com\/arc-wordpress-client-uploads\/infobae-wp\/wp-content\/uploads\/2016\/08\/02134836\/personas-transgenero-1920-1.jpg\" \/><\/p>\n<\/div><figcaption class=\"\"><span class=\"credit\">Seg\u00fan un estudio, el rechazo familiar multiplica por ocho el riesgo de suicidio en homosexuales y transexuales (Shutterstock)<\/span><\/figcaption><\/figure>\n<\/div>\n<div class=\"row pb-content-type-text\">\n<div class=\"col-xs-12 col-print-12\">\n<p class=\"element element-paragraph\">Helien cit\u00f3 dos trabajos, uno realizado por su equipo en el Hospital Durand y otro de la Universidad de California, que reflejan la realidad de la ni\u00f1ez y adolescencia transg\u00e9nero y la importancia de la aceptaci\u00f3n familiar como primer paso hacia una vida de integraci\u00f3n, en la que estos menores no tengan que atravesar m\u00e1s barreras que el resto de sus pares para realizarse y cumplir sus sue\u00f1os.<\/p>\n<\/div>\n<\/div>\n<div class=\"row pb-content-type-text\">\n<div class=\"col-xs-12 col-print-12\">\n<p class=\"element element-paragraph\">En 2014 Heilen y su equipo preguntaron a adultos trans cu\u00e1ndo se hab\u00edan dado cuenta que no se identificaban con el sexo asignado al nacer. Y las respuestas no hicieron m\u00e1s que confirmar sus sospechas: \u00abEl 67% se dio cuenta antes de los cinco a\u00f1os, el 21% entre los cinco y los diez a\u00f1os, el 3% despu\u00e9s de los diez a\u00f1os y un 9% no se acordaba o desconoc\u00eda cu\u00e1ndo se hab\u00edan autopercibido trans\u00bb. \u00abLa realidad es que entre el 67% que se dio cuenta antes de los cinco a\u00f1os y el 21% que lo hizo antes de los diez hay un\u00a0<strong>88% que se advirti\u00f3 antes de los diez a\u00f1os que se autopercib\u00eda de un g\u00e9nero que no coincid\u00eda con el sexo asignado al nacer<\/strong>, es decir que la ni\u00f1ez trans existe y hay una investigaci\u00f3n seria que as\u00ed lo avala\u00bb, sostuvo el experto.<\/p>\n<\/div>\n<\/div>\n<div class=\"row pb-content-type-blockquote\">\n<div class=\"col-xs-12\">\n<blockquote class=\"element element-blockquote\"><p>\u00a0El rechazo familiar multiplica por ocho el riesgo de suicidio en homosexuales y transexuales y por seis el riesgo de padecer depresi\u00f3n<\/p><\/blockquote>\n<\/div>\n<\/div>\n<div class=\"row pb-content-type-text\">\n<div class=\"col-xs-12 col-print-12\">\n<p class=\"element element-paragraph\">El\u00a0<a href=\"https:\/\/familyproject.sfsu.edu\/sites\/default\/files\/FAP_Spanish%20Booklet_pst_0.pdf\" target=\"_blank\" rel=\"noopener\">otro estudio<\/a>\u00a0que mencion\u00f3 Heilen es uno realizado en la Universidad de California, a cargo de Caitlin Ryan y que concluy\u00f3 que \u00abel rechazo familiar multiplica por ocho el riesgo de suicidio en homosexuales y transexuales y por seis el riesgo de padecer depresi\u00f3n; adem\u00e1s incrementa por cuatro el riesgo de consumir drogas ilegales\u00bb. \u00abEs decir que realmente el otro mensaje que tiene que quedar es que\u00a0<strong>la aceptaci\u00f3n familiar es la mejor protecci\u00f3n que podemos dar a un ni\u00f1o trans<\/strong>\u00a0porque disminuye dr\u00e1sticamente las posibilidades de que padezca problemas de salud mental, deserci\u00f3n escolar, abuso de sustancias y suicidio. Es simplemente la mejor prevenci\u00f3n que conocemos\u00bb, enfatiz\u00f3.<\/p>\n<\/div>\n<\/div>\n<div class=\"row pb-content-type-text\">\n<div class=\"col-xs-12 col-print-12\">\n<p class=\"element element-paragraph\">Para el psiquiatra, otro tema que no debe descuidarse es el de la educaci\u00f3n sexual integral (ESI), ya que \u00abhay investigaciones que aseguran que\u00a0<strong>los estereotipos de g\u00e9nero se consolidan a una edad temprana de la vida<\/strong>\u00a0-probablemente antes de los diez a\u00f1os, independientemente de la situaci\u00f3n econ\u00f3mica y familiar-\u00ab.<\/p>\n<\/div>\n<\/div>\n<div class=\"row pb-content-type-image\">\n<figure class=\"element element-image col-xs-12\">\n<div class=\"single-image\">\n<div class=\"shares\">\n<div class=\"share-button facebook\" data-url=\"https:\/\/www.infobae.com\/tendencias\/2019\/05\/04\/mama-quiero-ser-nena-que-hacer-cuando-tu-hijo-se-percibe-de-un-genero-que-no-coincide-con-su-sexo-biologico\/%232IKXULMCNZEA7A7GKVOPBJXNC4\" data-original=\"https:\/\/s3.amazonaws.com\/arc-wordpress-client-uploads\/infobae-wp\/wp-content\/uploads\/2019\/01\/25113342\/Tiziana-nina-trans-1.jpg\"><\/div>\n<\/div>\n<p><img decoding=\"async\" id=\"2IKXULMCNZEA7A7GKVOPBJXNC4\" class=\"image-lazy\" src=\"https:\/\/www.infobae.com\/new-resizer\/wwX2itvQdiGmjfSh_BLCvOnb0wM=\/750x0\/filters:quality(100)\/s3.amazonaws.com\/arc-wordpress-client-uploads\/infobae-wp\/wp-content\/uploads\/2019\/01\/25113342\/Tiziana-nina-trans-1.jpg\" alt=\"Tiziana fue la primera ni\u00f1a trans de Salta en cambiar su identidad de g\u00e9nero en el DNI (Foto: Diego Barbatto)\" width=\"750\" height=\"421.875\" data-url=\"https:\/\/www.infobae.com\/tendencias\/2019\/05\/04\/mama-quiero-ser-nena-que-hacer-cuando-tu-hijo-se-percibe-de-un-genero-que-no-coincide-con-su-sexo-biologico\/%232IKXULMCNZEA7A7GKVOPBJXNC4\" data-original=\"https:\/\/www.infobae.com\/new-resizer\/wwX2itvQdiGmjfSh_BLCvOnb0wM=\/750x0\/filters:quality(100)\/s3.amazonaws.com\/arc-wordpress-client-uploads\/infobae-wp\/wp-content\/uploads\/2019\/01\/25113342\/Tiziana-nina-trans-1.jpg\" \/><\/p>\n<\/div><figcaption class=\"\"><span class=\"credit\">Tiziana fue la primera ni\u00f1a trans de Salta en cambiar su identidad de g\u00e9nero en el DNI (Foto: Diego Barbatto)\u00a0<\/span><\/figcaption><\/figure>\n<\/div>\n<div class=\"row pb-content-type-text\">\n<div class=\"col-xs-12 col-print-12\">\n<p class=\"element element-paragraph\">\u00abB\u00e1sicamente, evitar el bullying escolar, educar en identidad sexual, en identidades no binarias, en equidad de derecho es un tema importante porque reduce la discriminaci\u00f3n escolar, permite que las personas diversas sean integradas y que la educaci\u00f3n sexual hable de que hay cuerpos diversos\u00bb, consider\u00f3 Heilen, quien enfatiz\u00f3 que \u00ablas expresiones no binarias son las que m\u00e1s han crecido en la poblaci\u00f3n adolescente en los \u00faltimos tiempos: las expresiones de g\u00e9nero m\u00e1s fluidas, que son variables de chicos que no quieren ser etiquetados y se definen como g\u00e9nero fluido, varones femeninos, mujeres masculinas, ag\u00e9nero, etc\u00bb.<\/p>\n<\/div>\n<\/div>\n<div class=\"row pb-content-type-text\">\n<div class=\"col-xs-12 col-print-12\">\n<p class=\"element element-paragraph\">\u00ab<strong>Creo que es importante hablar de que los diversos somos todos, que no hay una sola forma de ser<\/strong>\u00a0y que hay distintas trayectorias de g\u00e9nero, distintas expresiones sociales, que hay diversidad corporal y que todas son maneras normales de ser personas con equidad de derecho y hacia all\u00ed deber\u00eda ir esta sociedad -quiso dejar Heilen a modo de mensaje final-. Hay que comprender que los diversos no son los otros, los &#8216;diferentes&#8217;, y que nos compete a todos poder incluir a todas las personas en equidad de derechos.\u00a0<strong>Hasta la Ley de Identidad de G\u00e9nero en el pa\u00eds las personas trans no ten\u00edan esa equidad y hoy s\u00ed la tienen<\/strong>\u00a0y creo que eso termina con una situaci\u00f3n de desigualdad enorme. Todos somos diversos, todos somos normales y todos tenemos derecho a tener una calidad de vida, a poder desarrollar nuestras potencialidades como seres humanos. De eso se trata: todos los seres humanos somos diferentes y todos tenemos derecho a la salud y a poder desarrollarnos como personas en la m\u00e1xima potencialidad posible\u00bb.<\/p>\n<\/div>\n<\/div>\n","protected":false},"excerpt":{"rendered":"<p>Mam\u00e1, quiero ser nena El planteo puede llegar cualquier d\u00eda a cualquier padre. A partir de los dos a\u00f1os, los ni\u00f1os pueden expresar que no se sienten bien con sus caracter\u00edsticas f\u00edsicas o con el rol gen\u00e9rico que les asignaron al nacer. \u00abHay tantas identidades como personas y todas merecen ser validadas\u00bb, asegur\u00f3 un especialista [&hellip;]<\/p>\n","protected":false},"author":4,"featured_media":34787,"comment_status":"open","ping_status":"open","sticky":false,"template":"","format":"standard","meta":{"iawp_total_views":113,"footnotes":""},"categories":[581],"tags":[1156,838,189],"class_list":["post-34777","post","type-post","status-publish","format-standard","has-post-thumbnail","hentry","category-azul-profundo","tag-mama-quiero-ser-nena","tag-generos","tag-identidad"],"nelio_content":{"autoShareEndMode":"never","automationSources":{"useCustomSentences":false,"customSentences":[]},"efiAlt":"","efiUrl":"","followers":[4],"highlights":[],"isAutoShareEnabled":true,"networkImageIds":[],"permalinkQueryArgs":[],"series":[],"suggestedReferences":[]},"yoast_head":"<!-- This site is optimized with the Yoast SEO plugin v27.5 - https:\/\/yoast.com\/product\/yoast-seo-wordpress\/ -->\n<title>&quot;Mam\u00e1, quiero ser nena&quot;: qu\u00e9 hacer cuando tu hijo se percibe de un g\u00e9nero que no coincide con su sexo biol\u00f3gico - Diario Digital Femenino<\/title>\n<meta name=\"description\" content=\"Mam\u00e1 quiero ser nena: qu\u00e9 hacer cuando se percibe de un g\u00e9nero que no coincide con su sexo biol\u00f3gico.El planteo puede llegar a cualquier madre\/padre\" \/>\n<meta name=\"robots\" content=\"index, follow, max-snippet:-1, max-image-preview:large, max-video-preview:-1\" \/>\n<link rel=\"canonical\" href=\"https:\/\/diariofemenino.com.ar\/df\/mama-quiero-ser-nena\/\" \/>\n<meta property=\"og:locale\" content=\"es_ES\" \/>\n<meta property=\"og:type\" content=\"article\" \/>\n<meta property=\"og:title\" content=\"&quot;Mam\u00e1, quiero ser nena&quot;: qu\u00e9 hacer cuando tu hijo se percibe de un g\u00e9nero que no coincide con su sexo biol\u00f3gico - Diario Digital Femenino\" \/>\n<meta property=\"og:description\" content=\"Mam\u00e1 quiero ser nena: qu\u00e9 hacer cuando se percibe de un g\u00e9nero que no coincide con su sexo biol\u00f3gico.El planteo puede llegar a cualquier madre\/padre\" \/>\n<meta property=\"og:url\" content=\"https:\/\/diariofemenino.com.ar\/df\/mama-quiero-ser-nena\/\" \/>\n<meta property=\"og:site_name\" content=\"Diario Digital Femenino\" \/>\n<meta property=\"article:publisher\" content=\"https:\/\/www.facebook.com\/DiarioDigitaFemenino\/\" \/>\n<meta property=\"article:published_time\" content=\"2019-05-05T15:09:26+00:00\" \/>\n<meta property=\"article:modified_time\" content=\"2020-03-15T13:19:00+00:00\" \/>\n<meta property=\"og:image\" content=\"https:\/\/diariofemenino.com.ar\/df\/wp-content\/uploads\/2019\/05\/Ni\u00f1os.jpg\" \/>\n\t<meta property=\"og:image:width\" content=\"506\" \/>\n\t<meta property=\"og:image:height\" content=\"281\" \/>\n\t<meta property=\"og:image:type\" content=\"image\/jpeg\" \/>\n<meta name=\"author\" content=\"Admin\" \/>\n<meta name=\"twitter:card\" content=\"summary_large_image\" \/>\n<meta name=\"twitter:creator\" content=\"@DiarioFemenino1\" \/>\n<meta name=\"twitter:site\" content=\"@DiarioFemenino1\" \/>\n<meta name=\"twitter:label1\" content=\"Escrito por\" \/>\n\t<meta name=\"twitter:data1\" content=\"Admin\" \/>\n\t<meta name=\"twitter:label2\" content=\"Tiempo de lectura\" \/>\n\t<meta name=\"twitter:data2\" content=\"21 minutos\" \/>\n<script type=\"application\/ld+json\" class=\"yoast-schema-graph\">{\"@context\":\"https:\\\/\\\/schema.org\",\"@graph\":[{\"@type\":\"Article\",\"@id\":\"https:\\\/\\\/diariofemenino.com.ar\\\/df\\\/mama-quiero-ser-nena\\\/#article\",\"isPartOf\":{\"@id\":\"https:\\\/\\\/diariofemenino.com.ar\\\/df\\\/mama-quiero-ser-nena\\\/\"},\"author\":{\"name\":\"Admin\",\"@id\":\"https:\\\/\\\/diariofemenino.com.ar\\\/df\\\/#\\\/schema\\\/person\\\/bf6199e8158c657ea6f789b11ec85509\"},\"headline\":\"\u00abMam\u00e1, quiero ser nena\u00bb: qu\u00e9 hacer cuando tu hijo se percibe de un g\u00e9nero que no coincide con su sexo biol\u00f3gico\",\"datePublished\":\"2019-05-05T15:09:26+00:00\",\"dateModified\":\"2020-03-15T13:19:00+00:00\",\"mainEntityOfPage\":{\"@id\":\"https:\\\/\\\/diariofemenino.com.ar\\\/df\\\/mama-quiero-ser-nena\\\/\"},\"wordCount\":4216,\"commentCount\":0,\"publisher\":{\"@id\":\"https:\\\/\\\/diariofemenino.com.ar\\\/df\\\/#organization\"},\"image\":{\"@id\":\"https:\\\/\\\/diariofemenino.com.ar\\\/df\\\/mama-quiero-ser-nena\\\/#primaryimage\"},\"thumbnailUrl\":\"https:\\\/\\\/diariofemenino.com.ar\\\/df\\\/wp-content\\\/uploads\\\/2019\\\/05\\\/Ni\u00f1os.jpg\",\"keywords\":[\"\\\"Mam\u00e1 quiero ser nena\\\"\",\"G\u00e9neros\",\"Identidad\"],\"articleSection\":[\"Azul Profundo\"],\"inLanguage\":\"es\",\"potentialAction\":[{\"@type\":\"CommentAction\",\"name\":\"Comment\",\"target\":[\"https:\\\/\\\/diariofemenino.com.ar\\\/df\\\/mama-quiero-ser-nena\\\/#respond\"]}]},{\"@type\":\"WebPage\",\"@id\":\"https:\\\/\\\/diariofemenino.com.ar\\\/df\\\/mama-quiero-ser-nena\\\/\",\"url\":\"https:\\\/\\\/diariofemenino.com.ar\\\/df\\\/mama-quiero-ser-nena\\\/\",\"name\":\"\\\"Mam\u00e1, quiero ser nena\\\": qu\u00e9 hacer cuando tu hijo se percibe de un g\u00e9nero que no coincide con su sexo biol\u00f3gico - Diario Digital Femenino\",\"isPartOf\":{\"@id\":\"https:\\\/\\\/diariofemenino.com.ar\\\/df\\\/#website\"},\"primaryImageOfPage\":{\"@id\":\"https:\\\/\\\/diariofemenino.com.ar\\\/df\\\/mama-quiero-ser-nena\\\/#primaryimage\"},\"image\":{\"@id\":\"https:\\\/\\\/diariofemenino.com.ar\\\/df\\\/mama-quiero-ser-nena\\\/#primaryimage\"},\"thumbnailUrl\":\"https:\\\/\\\/diariofemenino.com.ar\\\/df\\\/wp-content\\\/uploads\\\/2019\\\/05\\\/Ni\u00f1os.jpg\",\"datePublished\":\"2019-05-05T15:09:26+00:00\",\"dateModified\":\"2020-03-15T13:19:00+00:00\",\"description\":\"Mam\u00e1 quiero ser nena: qu\u00e9 hacer cuando se percibe de un g\u00e9nero que no coincide con su sexo biol\u00f3gico.El planteo puede llegar a cualquier madre\\\/padre\",\"breadcrumb\":{\"@id\":\"https:\\\/\\\/diariofemenino.com.ar\\\/df\\\/mama-quiero-ser-nena\\\/#breadcrumb\"},\"inLanguage\":\"es\",\"potentialAction\":[{\"@type\":\"ReadAction\",\"target\":[\"https:\\\/\\\/diariofemenino.com.ar\\\/df\\\/mama-quiero-ser-nena\\\/\"]}]},{\"@type\":\"ImageObject\",\"inLanguage\":\"es\",\"@id\":\"https:\\\/\\\/diariofemenino.com.ar\\\/df\\\/mama-quiero-ser-nena\\\/#primaryimage\",\"url\":\"https:\\\/\\\/diariofemenino.com.ar\\\/df\\\/wp-content\\\/uploads\\\/2019\\\/05\\\/Ni\u00f1os.jpg\",\"contentUrl\":\"https:\\\/\\\/diariofemenino.com.ar\\\/df\\\/wp-content\\\/uploads\\\/2019\\\/05\\\/Ni\u00f1os.jpg\",\"width\":506,\"height\":281,\"caption\":\"\\\"Mam\u00e1, quiero ser nena\\\": qu\u00e9 hacer cuando tu hijo se percibe de un g\u00e9nero que no coincide con su sexo biol\u00f3gico\"},{\"@type\":\"BreadcrumbList\",\"@id\":\"https:\\\/\\\/diariofemenino.com.ar\\\/df\\\/mama-quiero-ser-nena\\\/#breadcrumb\",\"itemListElement\":[{\"@type\":\"ListItem\",\"position\":1,\"name\":\"Portada\",\"item\":\"https:\\\/\\\/diariofemenino.com.ar\\\/df\\\/\"},{\"@type\":\"ListItem\",\"position\":2,\"name\":\"\u00abMam\u00e1, quiero ser nena\u00bb: qu\u00e9 hacer cuando tu hijo se percibe de un g\u00e9nero que no coincide con su sexo biol\u00f3gico\"}]},{\"@type\":\"WebSite\",\"@id\":\"https:\\\/\\\/diariofemenino.com.ar\\\/df\\\/#website\",\"url\":\"https:\\\/\\\/diariofemenino.com.ar\\\/df\\\/\",\"name\":\"Diario Digital Femenino\",\"description\":\"Cuesti\u00f3n de G\u00e9nero\",\"publisher\":{\"@id\":\"https:\\\/\\\/diariofemenino.com.ar\\\/df\\\/#organization\"},\"potentialAction\":[{\"@type\":\"SearchAction\",\"target\":{\"@type\":\"EntryPoint\",\"urlTemplate\":\"https:\\\/\\\/diariofemenino.com.ar\\\/df\\\/?s={search_term_string}\"},\"query-input\":{\"@type\":\"PropertyValueSpecification\",\"valueRequired\":true,\"valueName\":\"search_term_string\"}}],\"inLanguage\":\"es\"},{\"@type\":\"Organization\",\"@id\":\"https:\\\/\\\/diariofemenino.com.ar\\\/df\\\/#organization\",\"name\":\"Diario Femenino\",\"url\":\"https:\\\/\\\/diariofemenino.com.ar\\\/df\\\/\",\"logo\":{\"@type\":\"ImageObject\",\"inLanguage\":\"es\",\"@id\":\"https:\\\/\\\/diariofemenino.com.ar\\\/df\\\/#\\\/schema\\\/logo\\\/image\\\/\",\"url\":\"https:\\\/\\\/diariofemenino.com.ar\\\/df\\\/wp-content\\\/uploads\\\/2018\\\/10\\\/logo.png\",\"contentUrl\":\"https:\\\/\\\/diariofemenino.com.ar\\\/df\\\/wp-content\\\/uploads\\\/2018\\\/10\\\/logo.png\",\"width\":500,\"height\":92,\"caption\":\"Diario Femenino\"},\"image\":{\"@id\":\"https:\\\/\\\/diariofemenino.com.ar\\\/df\\\/#\\\/schema\\\/logo\\\/image\\\/\"},\"sameAs\":[\"https:\\\/\\\/www.facebook.com\\\/DiarioDigitaFemenino\\\/\",\"https:\\\/\\\/x.com\\\/DiarioFemenino1\"]},{\"@type\":\"Person\",\"@id\":\"https:\\\/\\\/diariofemenino.com.ar\\\/df\\\/#\\\/schema\\\/person\\\/bf6199e8158c657ea6f789b11ec85509\",\"name\":\"Admin\",\"image\":{\"@type\":\"ImageObject\",\"inLanguage\":\"es\",\"@id\":\"https:\\\/\\\/diariofemenino.com.ar\\\/df\\\/wp-content\\\/uploads\\\/2018\\\/12\\\/favicon-150x150.jpg\",\"url\":\"https:\\\/\\\/diariofemenino.com.ar\\\/df\\\/wp-content\\\/uploads\\\/2018\\\/12\\\/favicon-150x150.jpg\",\"contentUrl\":\"https:\\\/\\\/diariofemenino.com.ar\\\/df\\\/wp-content\\\/uploads\\\/2018\\\/12\\\/favicon-150x150.jpg\",\"caption\":\"Admin\"},\"url\":\"https:\\\/\\\/diariofemenino.com.ar\\\/df\\\/author\\\/lenny\\\/\"}]}<\/script>\n<!-- \/ Yoast SEO plugin. -->","yoast_head_json":{"title":"\"Mam\u00e1, quiero ser nena\": qu\u00e9 hacer cuando tu hijo se percibe de un g\u00e9nero que no coincide con su sexo biol\u00f3gico - Diario Digital Femenino","description":"Mam\u00e1 quiero ser nena: qu\u00e9 hacer cuando se percibe de un g\u00e9nero que no coincide con su sexo biol\u00f3gico.El planteo puede llegar a cualquier madre\/padre","robots":{"index":"index","follow":"follow","max-snippet":"max-snippet:-1","max-image-preview":"max-image-preview:large","max-video-preview":"max-video-preview:-1"},"canonical":"https:\/\/diariofemenino.com.ar\/df\/mama-quiero-ser-nena\/","og_locale":"es_ES","og_type":"article","og_title":"\"Mam\u00e1, quiero ser nena\": qu\u00e9 hacer cuando tu hijo se percibe de un g\u00e9nero que no coincide con su sexo biol\u00f3gico - Diario Digital Femenino","og_description":"Mam\u00e1 quiero ser nena: qu\u00e9 hacer cuando se percibe de un g\u00e9nero que no coincide con su sexo biol\u00f3gico.El planteo puede llegar a cualquier madre\/padre","og_url":"https:\/\/diariofemenino.com.ar\/df\/mama-quiero-ser-nena\/","og_site_name":"Diario Digital Femenino","article_publisher":"https:\/\/www.facebook.com\/DiarioDigitaFemenino\/","article_published_time":"2019-05-05T15:09:26+00:00","article_modified_time":"2020-03-15T13:19:00+00:00","og_image":[{"width":506,"height":281,"url":"https:\/\/diariofemenino.com.ar\/df\/wp-content\/uploads\/2019\/05\/Ni\u00f1os.jpg","type":"image\/jpeg"}],"author":"Admin","twitter_card":"summary_large_image","twitter_creator":"@DiarioFemenino1","twitter_site":"@DiarioFemenino1","twitter_misc":{"Escrito por":"Admin","Tiempo de lectura":"21 minutos"},"schema":{"@context":"https:\/\/schema.org","@graph":[{"@type":"Article","@id":"https:\/\/diariofemenino.com.ar\/df\/mama-quiero-ser-nena\/#article","isPartOf":{"@id":"https:\/\/diariofemenino.com.ar\/df\/mama-quiero-ser-nena\/"},"author":{"name":"Admin","@id":"https:\/\/diariofemenino.com.ar\/df\/#\/schema\/person\/bf6199e8158c657ea6f789b11ec85509"},"headline":"\u00abMam\u00e1, quiero ser nena\u00bb: qu\u00e9 hacer cuando tu hijo se percibe de un g\u00e9nero que no coincide con su sexo biol\u00f3gico","datePublished":"2019-05-05T15:09:26+00:00","dateModified":"2020-03-15T13:19:00+00:00","mainEntityOfPage":{"@id":"https:\/\/diariofemenino.com.ar\/df\/mama-quiero-ser-nena\/"},"wordCount":4216,"commentCount":0,"publisher":{"@id":"https:\/\/diariofemenino.com.ar\/df\/#organization"},"image":{"@id":"https:\/\/diariofemenino.com.ar\/df\/mama-quiero-ser-nena\/#primaryimage"},"thumbnailUrl":"https:\/\/diariofemenino.com.ar\/df\/wp-content\/uploads\/2019\/05\/Ni\u00f1os.jpg","keywords":["\"Mam\u00e1 quiero ser nena\"","G\u00e9neros","Identidad"],"articleSection":["Azul Profundo"],"inLanguage":"es","potentialAction":[{"@type":"CommentAction","name":"Comment","target":["https:\/\/diariofemenino.com.ar\/df\/mama-quiero-ser-nena\/#respond"]}]},{"@type":"WebPage","@id":"https:\/\/diariofemenino.com.ar\/df\/mama-quiero-ser-nena\/","url":"https:\/\/diariofemenino.com.ar\/df\/mama-quiero-ser-nena\/","name":"\"Mam\u00e1, quiero ser nena\": qu\u00e9 hacer cuando tu hijo se percibe de un g\u00e9nero que no coincide con su sexo biol\u00f3gico - Diario Digital Femenino","isPartOf":{"@id":"https:\/\/diariofemenino.com.ar\/df\/#website"},"primaryImageOfPage":{"@id":"https:\/\/diariofemenino.com.ar\/df\/mama-quiero-ser-nena\/#primaryimage"},"image":{"@id":"https:\/\/diariofemenino.com.ar\/df\/mama-quiero-ser-nena\/#primaryimage"},"thumbnailUrl":"https:\/\/diariofemenino.com.ar\/df\/wp-content\/uploads\/2019\/05\/Ni\u00f1os.jpg","datePublished":"2019-05-05T15:09:26+00:00","dateModified":"2020-03-15T13:19:00+00:00","description":"Mam\u00e1 quiero ser nena: qu\u00e9 hacer cuando se percibe de un g\u00e9nero que no coincide con su sexo biol\u00f3gico.El planteo puede llegar a cualquier madre\/padre","breadcrumb":{"@id":"https:\/\/diariofemenino.com.ar\/df\/mama-quiero-ser-nena\/#breadcrumb"},"inLanguage":"es","potentialAction":[{"@type":"ReadAction","target":["https:\/\/diariofemenino.com.ar\/df\/mama-quiero-ser-nena\/"]}]},{"@type":"ImageObject","inLanguage":"es","@id":"https:\/\/diariofemenino.com.ar\/df\/mama-quiero-ser-nena\/#primaryimage","url":"https:\/\/diariofemenino.com.ar\/df\/wp-content\/uploads\/2019\/05\/Ni\u00f1os.jpg","contentUrl":"https:\/\/diariofemenino.com.ar\/df\/wp-content\/uploads\/2019\/05\/Ni\u00f1os.jpg","width":506,"height":281,"caption":"\"Mam\u00e1, quiero ser nena\": qu\u00e9 hacer cuando tu hijo se percibe de un g\u00e9nero que no coincide con su sexo biol\u00f3gico"},{"@type":"BreadcrumbList","@id":"https:\/\/diariofemenino.com.ar\/df\/mama-quiero-ser-nena\/#breadcrumb","itemListElement":[{"@type":"ListItem","position":1,"name":"Portada","item":"https:\/\/diariofemenino.com.ar\/df\/"},{"@type":"ListItem","position":2,"name":"\u00abMam\u00e1, quiero ser nena\u00bb: qu\u00e9 hacer cuando tu hijo se percibe de un g\u00e9nero que no coincide con su sexo biol\u00f3gico"}]},{"@type":"WebSite","@id":"https:\/\/diariofemenino.com.ar\/df\/#website","url":"https:\/\/diariofemenino.com.ar\/df\/","name":"Diario Digital Femenino","description":"Cuesti\u00f3n de G\u00e9nero","publisher":{"@id":"https:\/\/diariofemenino.com.ar\/df\/#organization"},"potentialAction":[{"@type":"SearchAction","target":{"@type":"EntryPoint","urlTemplate":"https:\/\/diariofemenino.com.ar\/df\/?s={search_term_string}"},"query-input":{"@type":"PropertyValueSpecification","valueRequired":true,"valueName":"search_term_string"}}],"inLanguage":"es"},{"@type":"Organization","@id":"https:\/\/diariofemenino.com.ar\/df\/#organization","name":"Diario Femenino","url":"https:\/\/diariofemenino.com.ar\/df\/","logo":{"@type":"ImageObject","inLanguage":"es","@id":"https:\/\/diariofemenino.com.ar\/df\/#\/schema\/logo\/image\/","url":"https:\/\/diariofemenino.com.ar\/df\/wp-content\/uploads\/2018\/10\/logo.png","contentUrl":"https:\/\/diariofemenino.com.ar\/df\/wp-content\/uploads\/2018\/10\/logo.png","width":500,"height":92,"caption":"Diario Femenino"},"image":{"@id":"https:\/\/diariofemenino.com.ar\/df\/#\/schema\/logo\/image\/"},"sameAs":["https:\/\/www.facebook.com\/DiarioDigitaFemenino\/","https:\/\/x.com\/DiarioFemenino1"]},{"@type":"Person","@id":"https:\/\/diariofemenino.com.ar\/df\/#\/schema\/person\/bf6199e8158c657ea6f789b11ec85509","name":"Admin","image":{"@type":"ImageObject","inLanguage":"es","@id":"https:\/\/diariofemenino.com.ar\/df\/wp-content\/uploads\/2018\/12\/favicon-150x150.jpg","url":"https:\/\/diariofemenino.com.ar\/df\/wp-content\/uploads\/2018\/12\/favicon-150x150.jpg","contentUrl":"https:\/\/diariofemenino.com.ar\/df\/wp-content\/uploads\/2018\/12\/favicon-150x150.jpg","caption":"Admin"},"url":"https:\/\/diariofemenino.com.ar\/df\/author\/lenny\/"}]}},"jetpack_featured_media_url":"https:\/\/diariofemenino.com.ar\/df\/wp-content\/uploads\/2019\/05\/Ni\u00f1os.jpg","jetpack_sharing_enabled":true,"rttpg_featured_image_url":{"full":["https:\/\/diariofemenino.com.ar\/df\/wp-content\/uploads\/2019\/05\/Ni\u00f1os.jpg",506,281,false],"landscape":["https:\/\/diariofemenino.com.ar\/df\/wp-content\/uploads\/2019\/05\/Ni\u00f1os.jpg",506,281,false],"portraits":["https:\/\/diariofemenino.com.ar\/df\/wp-content\/uploads\/2019\/05\/Ni\u00f1os.jpg",506,281,false],"thumbnail":["https:\/\/diariofemenino.com.ar\/df\/wp-content\/uploads\/2019\/05\/Ni\u00f1os-150x150.jpg",150,150,true],"medium":["https:\/\/diariofemenino.com.ar\/df\/wp-content\/uploads\/2019\/05\/Ni\u00f1os-300x167.jpg",300,167,true],"large":["https:\/\/diariofemenino.com.ar\/df\/wp-content\/uploads\/2019\/05\/Ni\u00f1os.jpg",506,281,false],"1536x1536":["https:\/\/diariofemenino.com.ar\/df\/wp-content\/uploads\/2019\/05\/Ni\u00f1os.jpg",506,281,false],"2048x2048":["https:\/\/diariofemenino.com.ar\/df\/wp-content\/uploads\/2019\/05\/Ni\u00f1os.jpg",506,281,false]},"rttpg_author":{"display_name":"Admin","author_link":"https:\/\/diariofemenino.com.ar\/df\/author\/lenny\/"},"rttpg_comment":0,"rttpg_category":"<a href=\"https:\/\/diariofemenino.com.ar\/df\/category\/azul-profundo\/\" rel=\"category tag\">Azul Profundo<\/a>","rttpg_excerpt":"Mam\u00e1, quiero ser nena El planteo puede llegar cualquier d\u00eda a cualquier padre. A partir de los dos a\u00f1os, los ni\u00f1os pueden expresar que no se sienten bien con sus caracter\u00edsticas f\u00edsicas o con el rol gen\u00e9rico que les asignaron al nacer. \u00abHay tantas identidades como personas y todas merecen ser validadas\u00bb, asegur\u00f3 un especialista&hellip;","_links":{"self":[{"href":"https:\/\/diariofemenino.com.ar\/df\/wp-json\/wp\/v2\/posts\/34777","targetHints":{"allow":["GET"]}}],"collection":[{"href":"https:\/\/diariofemenino.com.ar\/df\/wp-json\/wp\/v2\/posts"}],"about":[{"href":"https:\/\/diariofemenino.com.ar\/df\/wp-json\/wp\/v2\/types\/post"}],"author":[{"embeddable":true,"href":"https:\/\/diariofemenino.com.ar\/df\/wp-json\/wp\/v2\/users\/4"}],"replies":[{"embeddable":true,"href":"https:\/\/diariofemenino.com.ar\/df\/wp-json\/wp\/v2\/comments?post=34777"}],"version-history":[{"count":0,"href":"https:\/\/diariofemenino.com.ar\/df\/wp-json\/wp\/v2\/posts\/34777\/revisions"}],"wp:featuredmedia":[{"embeddable":true,"href":"https:\/\/diariofemenino.com.ar\/df\/wp-json\/wp\/v2\/media\/34787"}],"wp:attachment":[{"href":"https:\/\/diariofemenino.com.ar\/df\/wp-json\/wp\/v2\/media?parent=34777"}],"wp:term":[{"taxonomy":"category","embeddable":true,"href":"https:\/\/diariofemenino.com.ar\/df\/wp-json\/wp\/v2\/categories?post=34777"},{"taxonomy":"post_tag","embeddable":true,"href":"https:\/\/diariofemenino.com.ar\/df\/wp-json\/wp\/v2\/tags?post=34777"}],"curies":[{"name":"wp","href":"https:\/\/api.w.org\/{rel}","templated":true}]}}