{"id":34768,"date":"2019-05-04T14:26:04","date_gmt":"2019-05-04T17:26:04","guid":{"rendered":"https:\/\/diariofemenino.com.ar\/?p=34768"},"modified":"2019-05-04T14:35:59","modified_gmt":"2019-05-04T17:35:59","slug":"diario-digital-femenino-hoy-cumplimos-7-anos","status":"publish","type":"post","link":"https:\/\/diariofemenino.com.ar\/df\/diario-digital-femenino-hoy-cumplimos-7-anos\/","title":{"rendered":"Diario Digital Femenino \u00a1Hoy cumplimos 7 a\u00f1os!!!"},"content":{"rendered":"<p style=\"text-align: center;\"><strong><a href=\"https:\/\/diariofemenino.com.ar\/\">Diario Digital Femenino<\/a> \u00a1Hoy cumplimos 7 a\u00f1os!!!<\/strong><\/p>\n<p><img loading=\"lazy\" decoding=\"async\" class=\"aligncenter size-full wp-image-34770\" src=\"https:\/\/diariofemenino.com.ar\/df\/wp-content\/uploads\/2019\/05\/10456048_243563675840942_5277034443666997503_n-1.png\" alt=\"Diario Digital Femenino \u00a1Hoy cumplimos 7 a\u00f1os!!!\" width=\"855\" height=\"319\" srcset=\"https:\/\/diariofemenino.com.ar\/df\/wp-content\/uploads\/2019\/05\/10456048_243563675840942_5277034443666997503_n-1.png 855w, https:\/\/diariofemenino.com.ar\/df\/wp-content\/uploads\/2019\/05\/10456048_243563675840942_5277034443666997503_n-1-300x112.png 300w, https:\/\/diariofemenino.com.ar\/df\/wp-content\/uploads\/2019\/05\/10456048_243563675840942_5277034443666997503_n-1-768x287.png 768w\" sizes=\"auto, (max-width: 855px) 100vw, 855px\" \/><\/p>\n<p>Siete a\u00f1os desde ese sue\u00f1o largamente so\u00f1ado desde 2010 y que el 4 de mayo de 2012 se hizo realidad, visible para todas y todos.<\/p>\n<p>Hemos caminado mucho, y en ese caminar vino un crecimiento compartido. Compartimos el espacio, las convicciones, la lucha. Sabemos, aprendimos que no hay construcci\u00f3n posible si no es desde lo colectivo, que al andar siempre necesitamos de la otra, del otro y otres.<\/p>\n<p>Informamos y comunicamos sobre diversos temas, siempre con el objetivo de cambiar el mundo, que no es una pretendido sue\u00f1o adolescente, estamos convencidas y convencidos que con el trabajo diario, comprometido es posible arribar a ese cambio. Las estructuras patriarcales han destruido a sociedades enteras a lo largo de la historia, si no somos capaces de realizar esa revisi\u00f3n y modificar todo, no podremos lograrlo. Creemos fervientemente que, de acuerdo a los nuevos paradigmas mundiales, este es el momento, hoy se escuchan las voces y se visibiliza el flagelo, hoy sentimos que contribuimos en algo tambi\u00e9n con nuestra historia de j\u00f3venes pero intensos 7 a\u00f1os.<\/p>\n<p>Los temas son lo que preocupan y tienden a la difusi\u00f3n, promoci\u00f3n y garant\u00eda de los Derechos de las mujeres, ni\u00f1as, ni\u00f1os, lesbianas, travestis y trans. De las personas.<\/p>\n<p>Seguramente con el morbo, la invasi\u00f3n a la privacidad, los t\u00edtulos rimbombantes tendr\u00edamos una mayor llegada o eso que en algunos espacios llaman el \u00e9xito de la masividad, elegimos el contenido. Si van a elegirnos que sea por el contenido y nunca por exitismo, no podemos caer en aquello que combatimos, ojala podamos sostener este camino, esta decisi\u00f3n editorial y nunca claudicar.<\/p>\n<p>Informamos sobre las problem\u00e1ticas sociales sin los detalles morbosos. Conscientes de que los datos de Femicidios, transfemicidios y travesticidios no son n\u00fameros, son personas violentadas con una identidad, una vida, una historia, familias&#8230; en funci\u00f3n de eso nuestro objetivo siempre fue revertir esta desoladora realidad con datos de: Cursos, capacitaciones, informes, gu\u00edas, libros, ponencias y sobre todo las voces de las mujeres.<\/p>\n<p>Seguimos siendo \u00abes el \u00fanico <a href=\"https:\/\/twitter.com\/DiarioFemenino1\">medio virtual<\/a> dedicado exclusivamente a la recopilaci\u00f3n y producci\u00f3n de informaci\u00f3n sobre cuestiones de G\u00e9nero, con formato diario\u00bb. Nos han tratado de cambiar esta definici\u00f3n cont\u00e1ndonos que hay: p\u00e1ginas, publicaciones, suplementos, revistas, informes. Con este formato y actualizaci\u00f3n diaria somos no s\u00f3lo el \u00fanico medio de Argentina, sino de la regi\u00f3n.<\/p>\n<p>Seguimos en este camino de <a href=\"https:\/\/www.ivoox.com\/diario-digital-femenino-entrevista-a-lenny-caceres-audios-mp3_rf_21876000_1.html\">comunicaci\u00f3n<\/a>, convicciones, <a href=\"https:\/\/www.facebook.com\/DiarioDigitaFemenino\/?eid=ARDTYDXOgLE5bC-WQRpn12mOei-cIxsZ4xicgjcl7ybYGvr1CpiAIYroPBjIzGE67KA5uopaIV3ZxtG2\">militancia<\/a> y lucha que tiene todos los sentires\u00a0 y condimentos.<\/p>\n<p><strong>#SeVaACaer y\u00a0#Ser\u00e1Ley<\/strong><\/p>\n<p><img loading=\"lazy\" decoding=\"async\" class=\"alignleft size-full wp-image-34771\" src=\"https:\/\/diariofemenino.com.ar\/df\/wp-content\/uploads\/2019\/05\/10389042_243561249174518_3986527944472364714_n.jpg\" alt=\"Diario Digital Femenino \u00a1Hoy cumplimos 7 a\u00f1os!!!\" width=\"182\" height=\"182\" srcset=\"https:\/\/diariofemenino.com.ar\/df\/wp-content\/uploads\/2019\/05\/10389042_243561249174518_3986527944472364714_n.jpg 182w, https:\/\/diariofemenino.com.ar\/df\/wp-content\/uploads\/2019\/05\/10389042_243561249174518_3986527944472364714_n-150x150.jpg 150w\" sizes=\"auto, (max-width: 182px) 100vw, 182px\" \/><\/p>\n<ul>\n<li>Mujeres<\/li>\n<li>Ni\u00f1as, ni\u00f1os y adolescentes<\/li>\n<li>Identidades disidentes<\/li>\n<li>Adultas mayores<\/li>\n<li>Lesbianas<\/li>\n<li>Travestis<\/li>\n<li>Trans<\/li>\n<\/ul>\n<p>&nbsp;<\/p>\n<ul>\n<li>Derechos<\/li>\n<li>Salud<\/li>\n<li>Educaci\u00f3n<\/li>\n<li>Trabajo<\/li>\n<li>Violencias<\/li>\n<li>G\u00e9neros<\/li>\n<li>Abuso sexual en la infancia<\/li>\n<li>Madres protectoras<\/li>\n<li>Acceso a la justicia<\/li>\n<li>Identidad de G\u00e9nero<\/li>\n<li><a href=\"https:\/\/diariofemenino.com.ar\/el-reglamentarismo\/\">Abolicionismo<\/a><\/li>\n<li><a href=\"https:\/\/historiadeunadesobediencia.wordpress.com\/2014\/04\/22\/en-diario-digital-femenino-una-resena-sobre-el-libro\/\">Aborto<\/a><\/li>\n<li>Trata de Personas<\/li>\n<li>Feminismo<\/li>\n<li>Educaci\u00f3n Sexual Integral<\/li>\n<li>Interrupci\u00f3n Legal del Embarazo<\/li>\n<li><a href=\"https:\/\/diariofemenino.com.ar\/28-de-mayo\/\">Interrupci\u00f3n Voluntaria del Embarazo<\/a><\/li>\n<\/ul>\n<p>Todas las personas, todos los temas que nos interesan<\/p>\n<p>Nuestras Redes<\/p>\n<p>Instagram: @diariodigitalfemenino_<br \/>\nTwitter\u00a0 @DiarioFemenino1<br \/>\nFacebook: <a href=\"https:\/\/www.facebook.com\/DiarioDigitaFemenino\/?eid=ARDTYDXOgLE5bC-WQRpn12mOei-cIxsZ4xicgjcl7ybYGvr1CpiAIYroPBjIzGE67KA5uopaIV3ZxtG2\">DDF<\/a><\/p>\n<p><strong>Objetivos:<\/strong><\/p>\n<p>La idea es contar en un solo sitio todo aquello que pueda contribuir a la lucha por los Derechos de las Mujeres, ni\u00f1as, ni\u00f1os, adolescentes, Lesbianas, Travestis y Trans del pa\u00eds y el mundo; y sobre todo que sea un espacio donde\u00a0 podamos expresarnos. Cada quien poner su propia voz.<\/p>\n<p><strong>Premios<\/strong><\/p>\n<p>Diario Digital Femenino, Premio \u00abAncla Dorada 2013\u00bb del C\u00edrculo de Periodistas de la Provincia de Buenos Aires, como mejor peri\u00f3dico especializado<strong><br \/>\n<\/strong><\/p>\n<p>&nbsp;<\/p>\n","protected":false},"excerpt":{"rendered":"<p>Diario Digital Femenino \u00a1Hoy cumplimos 7 a\u00f1os!!! Siete a\u00f1os desde ese sue\u00f1o largamente so\u00f1ado desde 2010 y que el 4 de mayo de 2012 se hizo realidad, visible para todas y todos. Hemos caminado mucho, y en ese caminar vino un crecimiento compartido. Compartimos el espacio, las convicciones, la lucha. Sabemos, aprendimos que no hay [&hellip;]<\/p>\n","protected":false},"author":4,"featured_media":34769,"comment_status":"open","ping_status":"open","sticky":false,"template":"","format":"standard","meta":{"iawp_total_views":2,"footnotes":""},"categories":[21],"tags":[135,1155,1154,414,1153],"class_list":["post-34768","post","type-post","status-publish","format-standard","has-post-thumbnail","hentry","category-noticias","tag-diariodigitalfemenino","tag-seraley","tag-sevaacaer","tag-diario-digital-femenino","tag-diario-digital-femenino-hoy-cumplimos-7-anos"],"nelio_content":{"autoShareEndMode":"never","automationSources":{"useCustomSentences":false,"customSentences":[]},"efiAlt":"","efiUrl":"","followers":[4],"highlights":[],"isAutoShareEnabled":true,"networkImageIds":[],"permalinkQueryArgs":[],"series":[],"suggestedReferences":[]},"yoast_head":"<!-- This site is optimized with the Yoast SEO plugin v27.5 - https:\/\/yoast.com\/product\/yoast-seo-wordpress\/ -->\n<title>Diario Digital Femenino \u00a1Hoy cumplimos 7 a\u00f1os!!! - Diario Digital Femenino<\/title>\n<meta name=\"description\" content=\"Diario Digital Femenino \u00a1Hoy cumplimos 7 a\u00f1os!!! Desde 04-05-2012 con el objetivo de recopilar y producir informaci\u00f3n relacionada con cuestiones de g\u00e9neros.\" \/>\n<meta name=\"robots\" content=\"index, follow, max-snippet:-1, max-image-preview:large, max-video-preview:-1\" \/>\n<link rel=\"canonical\" href=\"https:\/\/diariofemenino.com.ar\/df\/diario-digital-femenino-hoy-cumplimos-7-anos\/\" \/>\n<meta property=\"og:locale\" content=\"es_ES\" \/>\n<meta property=\"og:type\" content=\"article\" \/>\n<meta property=\"og:title\" content=\"Diario Digital Femenino \u00a1Hoy cumplimos 7 a\u00f1os!!! - Diario Digital Femenino\" \/>\n<meta property=\"og:description\" content=\"Diario Digital Femenino \u00a1Hoy cumplimos 7 a\u00f1os!!! Desde 04-05-2012 con el objetivo de recopilar y producir informaci\u00f3n relacionada con cuestiones de g\u00e9neros.\" \/>\n<meta property=\"og:url\" content=\"https:\/\/diariofemenino.com.ar\/df\/diario-digital-femenino-hoy-cumplimos-7-anos\/\" \/>\n<meta property=\"og:site_name\" content=\"Diario Digital Femenino\" \/>\n<meta property=\"article:publisher\" content=\"https:\/\/www.facebook.com\/DiarioDigitaFemenino\/\" \/>\n<meta property=\"article:published_time\" content=\"2019-05-04T17:26:04+00:00\" \/>\n<meta property=\"article:modified_time\" content=\"2019-05-04T17:35:59+00:00\" \/>\n<meta property=\"og:image\" content=\"https:\/\/diariofemenino.com.ar\/df\/wp-content\/uploads\/2019\/05\/WhatsApp-Image-2019-05-04-at-13.51.39.jpg\" \/>\n\t<meta property=\"og:image:width\" content=\"819\" \/>\n\t<meta property=\"og:image:height\" content=\"485\" \/>\n\t<meta property=\"og:image:type\" content=\"image\/jpeg\" \/>\n<meta name=\"author\" content=\"Admin\" \/>\n<meta name=\"twitter:card\" content=\"summary_large_image\" \/>\n<meta name=\"twitter:creator\" content=\"@DiarioFemenino1\" \/>\n<meta name=\"twitter:site\" content=\"@DiarioFemenino1\" \/>\n<meta name=\"twitter:label1\" content=\"Escrito por\" \/>\n\t<meta name=\"twitter:data1\" content=\"Admin\" \/>\n\t<meta name=\"twitter:label2\" content=\"Tiempo de lectura\" \/>\n\t<meta name=\"twitter:data2\" content=\"3 minutos\" \/>\n<script type=\"application\/ld+json\" class=\"yoast-schema-graph\">{\"@context\":\"https:\\\/\\\/schema.org\",\"@graph\":[{\"@type\":\"Article\",\"@id\":\"https:\\\/\\\/diariofemenino.com.ar\\\/df\\\/diario-digital-femenino-hoy-cumplimos-7-anos\\\/#article\",\"isPartOf\":{\"@id\":\"https:\\\/\\\/diariofemenino.com.ar\\\/df\\\/diario-digital-femenino-hoy-cumplimos-7-anos\\\/\"},\"author\":{\"name\":\"Admin\",\"@id\":\"https:\\\/\\\/diariofemenino.com.ar\\\/df\\\/#\\\/schema\\\/person\\\/bf6199e8158c657ea6f789b11ec85509\"},\"headline\":\"Diario Digital Femenino \u00a1Hoy cumplimos 7 a\u00f1os!!!\",\"datePublished\":\"2019-05-04T17:26:04+00:00\",\"dateModified\":\"2019-05-04T17:35:59+00:00\",\"mainEntityOfPage\":{\"@id\":\"https:\\\/\\\/diariofemenino.com.ar\\\/df\\\/diario-digital-femenino-hoy-cumplimos-7-anos\\\/\"},\"wordCount\":599,\"commentCount\":2,\"publisher\":{\"@id\":\"https:\\\/\\\/diariofemenino.com.ar\\\/df\\\/#organization\"},\"image\":{\"@id\":\"https:\\\/\\\/diariofemenino.com.ar\\\/df\\\/diario-digital-femenino-hoy-cumplimos-7-anos\\\/#primaryimage\"},\"thumbnailUrl\":\"https:\\\/\\\/diariofemenino.com.ar\\\/df\\\/wp-content\\\/uploads\\\/2019\\\/05\\\/WhatsApp-Image-2019-05-04-at-13.51.39.jpg\",\"keywords\":[\"#DiarioDigitalFemenino\",\"#Ser\u00e1Ley\",\"#SeVaACaer\",\"Diario Digital Femenino\",\"Diario Digital Femenino \u00a1Hoy cumplimos 7 a\u00f1os!!!\"],\"articleSection\":[\"Noticias\"],\"inLanguage\":\"es\",\"potentialAction\":[{\"@type\":\"CommentAction\",\"name\":\"Comment\",\"target\":[\"https:\\\/\\\/diariofemenino.com.ar\\\/df\\\/diario-digital-femenino-hoy-cumplimos-7-anos\\\/#respond\"]}]},{\"@type\":\"WebPage\",\"@id\":\"https:\\\/\\\/diariofemenino.com.ar\\\/df\\\/diario-digital-femenino-hoy-cumplimos-7-anos\\\/\",\"url\":\"https:\\\/\\\/diariofemenino.com.ar\\\/df\\\/diario-digital-femenino-hoy-cumplimos-7-anos\\\/\",\"name\":\"Diario Digital Femenino \u00a1Hoy cumplimos 7 a\u00f1os!!! - Diario Digital Femenino\",\"isPartOf\":{\"@id\":\"https:\\\/\\\/diariofemenino.com.ar\\\/df\\\/#website\"},\"primaryImageOfPage\":{\"@id\":\"https:\\\/\\\/diariofemenino.com.ar\\\/df\\\/diario-digital-femenino-hoy-cumplimos-7-anos\\\/#primaryimage\"},\"image\":{\"@id\":\"https:\\\/\\\/diariofemenino.com.ar\\\/df\\\/diario-digital-femenino-hoy-cumplimos-7-anos\\\/#primaryimage\"},\"thumbnailUrl\":\"https:\\\/\\\/diariofemenino.com.ar\\\/df\\\/wp-content\\\/uploads\\\/2019\\\/05\\\/WhatsApp-Image-2019-05-04-at-13.51.39.jpg\",\"datePublished\":\"2019-05-04T17:26:04+00:00\",\"dateModified\":\"2019-05-04T17:35:59+00:00\",\"description\":\"Diario Digital Femenino \u00a1Hoy cumplimos 7 a\u00f1os!!! Desde 04-05-2012 con el objetivo de recopilar y producir informaci\u00f3n relacionada con cuestiones de g\u00e9neros.\",\"breadcrumb\":{\"@id\":\"https:\\\/\\\/diariofemenino.com.ar\\\/df\\\/diario-digital-femenino-hoy-cumplimos-7-anos\\\/#breadcrumb\"},\"inLanguage\":\"es\",\"potentialAction\":[{\"@type\":\"ReadAction\",\"target\":[\"https:\\\/\\\/diariofemenino.com.ar\\\/df\\\/diario-digital-femenino-hoy-cumplimos-7-anos\\\/\"]}]},{\"@type\":\"ImageObject\",\"inLanguage\":\"es\",\"@id\":\"https:\\\/\\\/diariofemenino.com.ar\\\/df\\\/diario-digital-femenino-hoy-cumplimos-7-anos\\\/#primaryimage\",\"url\":\"https:\\\/\\\/diariofemenino.com.ar\\\/df\\\/wp-content\\\/uploads\\\/2019\\\/05\\\/WhatsApp-Image-2019-05-04-at-13.51.39.jpg\",\"contentUrl\":\"https:\\\/\\\/diariofemenino.com.ar\\\/df\\\/wp-content\\\/uploads\\\/2019\\\/05\\\/WhatsApp-Image-2019-05-04-at-13.51.39.jpg\",\"width\":819,\"height\":485,\"caption\":\"Diario Digital Femenino \u00a1Hoy cumplimos 7 a\u00f1os!!!\"},{\"@type\":\"BreadcrumbList\",\"@id\":\"https:\\\/\\\/diariofemenino.com.ar\\\/df\\\/diario-digital-femenino-hoy-cumplimos-7-anos\\\/#breadcrumb\",\"itemListElement\":[{\"@type\":\"ListItem\",\"position\":1,\"name\":\"Portada\",\"item\":\"https:\\\/\\\/diariofemenino.com.ar\\\/df\\\/\"},{\"@type\":\"ListItem\",\"position\":2,\"name\":\"Diario Digital Femenino \u00a1Hoy cumplimos 7 a\u00f1os!!!\"}]},{\"@type\":\"WebSite\",\"@id\":\"https:\\\/\\\/diariofemenino.com.ar\\\/df\\\/#website\",\"url\":\"https:\\\/\\\/diariofemenino.com.ar\\\/df\\\/\",\"name\":\"Diario Digital Femenino\",\"description\":\"Cuesti\u00f3n de G\u00e9nero\",\"publisher\":{\"@id\":\"https:\\\/\\\/diariofemenino.com.ar\\\/df\\\/#organization\"},\"potentialAction\":[{\"@type\":\"SearchAction\",\"target\":{\"@type\":\"EntryPoint\",\"urlTemplate\":\"https:\\\/\\\/diariofemenino.com.ar\\\/df\\\/?s={search_term_string}\"},\"query-input\":{\"@type\":\"PropertyValueSpecification\",\"valueRequired\":true,\"valueName\":\"search_term_string\"}}],\"inLanguage\":\"es\"},{\"@type\":\"Organization\",\"@id\":\"https:\\\/\\\/diariofemenino.com.ar\\\/df\\\/#organization\",\"name\":\"Diario Femenino\",\"url\":\"https:\\\/\\\/diariofemenino.com.ar\\\/df\\\/\",\"logo\":{\"@type\":\"ImageObject\",\"inLanguage\":\"es\",\"@id\":\"https:\\\/\\\/diariofemenino.com.ar\\\/df\\\/#\\\/schema\\\/logo\\\/image\\\/\",\"url\":\"https:\\\/\\\/diariofemenino.com.ar\\\/df\\\/wp-content\\\/uploads\\\/2018\\\/10\\\/logo.png\",\"contentUrl\":\"https:\\\/\\\/diariofemenino.com.ar\\\/df\\\/wp-content\\\/uploads\\\/2018\\\/10\\\/logo.png\",\"width\":500,\"height\":92,\"caption\":\"Diario Femenino\"},\"image\":{\"@id\":\"https:\\\/\\\/diariofemenino.com.ar\\\/df\\\/#\\\/schema\\\/logo\\\/image\\\/\"},\"sameAs\":[\"https:\\\/\\\/www.facebook.com\\\/DiarioDigitaFemenino\\\/\",\"https:\\\/\\\/x.com\\\/DiarioFemenino1\"]},{\"@type\":\"Person\",\"@id\":\"https:\\\/\\\/diariofemenino.com.ar\\\/df\\\/#\\\/schema\\\/person\\\/bf6199e8158c657ea6f789b11ec85509\",\"name\":\"Admin\",\"image\":{\"@type\":\"ImageObject\",\"inLanguage\":\"es\",\"@id\":\"https:\\\/\\\/diariofemenino.com.ar\\\/df\\\/wp-content\\\/uploads\\\/2018\\\/12\\\/favicon-150x150.jpg\",\"url\":\"https:\\\/\\\/diariofemenino.com.ar\\\/df\\\/wp-content\\\/uploads\\\/2018\\\/12\\\/favicon-150x150.jpg\",\"contentUrl\":\"https:\\\/\\\/diariofemenino.com.ar\\\/df\\\/wp-content\\\/uploads\\\/2018\\\/12\\\/favicon-150x150.jpg\",\"caption\":\"Admin\"},\"url\":\"https:\\\/\\\/diariofemenino.com.ar\\\/df\\\/author\\\/lenny\\\/\"}]}<\/script>\n<!-- \/ Yoast SEO plugin. -->","yoast_head_json":{"title":"Diario Digital Femenino \u00a1Hoy cumplimos 7 a\u00f1os!!! - Diario Digital Femenino","description":"Diario Digital Femenino \u00a1Hoy cumplimos 7 a\u00f1os!!! Desde 04-05-2012 con el objetivo de recopilar y producir informaci\u00f3n relacionada con cuestiones de g\u00e9neros.","robots":{"index":"index","follow":"follow","max-snippet":"max-snippet:-1","max-image-preview":"max-image-preview:large","max-video-preview":"max-video-preview:-1"},"canonical":"https:\/\/diariofemenino.com.ar\/df\/diario-digital-femenino-hoy-cumplimos-7-anos\/","og_locale":"es_ES","og_type":"article","og_title":"Diario Digital Femenino \u00a1Hoy cumplimos 7 a\u00f1os!!! - Diario Digital Femenino","og_description":"Diario Digital Femenino \u00a1Hoy cumplimos 7 a\u00f1os!!! Desde 04-05-2012 con el objetivo de recopilar y producir informaci\u00f3n relacionada con cuestiones de g\u00e9neros.","og_url":"https:\/\/diariofemenino.com.ar\/df\/diario-digital-femenino-hoy-cumplimos-7-anos\/","og_site_name":"Diario Digital Femenino","article_publisher":"https:\/\/www.facebook.com\/DiarioDigitaFemenino\/","article_published_time":"2019-05-04T17:26:04+00:00","article_modified_time":"2019-05-04T17:35:59+00:00","og_image":[{"width":819,"height":485,"url":"https:\/\/diariofemenino.com.ar\/df\/wp-content\/uploads\/2019\/05\/WhatsApp-Image-2019-05-04-at-13.51.39.jpg","type":"image\/jpeg"}],"author":"Admin","twitter_card":"summary_large_image","twitter_creator":"@DiarioFemenino1","twitter_site":"@DiarioFemenino1","twitter_misc":{"Escrito por":"Admin","Tiempo de lectura":"3 minutos"},"schema":{"@context":"https:\/\/schema.org","@graph":[{"@type":"Article","@id":"https:\/\/diariofemenino.com.ar\/df\/diario-digital-femenino-hoy-cumplimos-7-anos\/#article","isPartOf":{"@id":"https:\/\/diariofemenino.com.ar\/df\/diario-digital-femenino-hoy-cumplimos-7-anos\/"},"author":{"name":"Admin","@id":"https:\/\/diariofemenino.com.ar\/df\/#\/schema\/person\/bf6199e8158c657ea6f789b11ec85509"},"headline":"Diario Digital Femenino \u00a1Hoy cumplimos 7 a\u00f1os!!!","datePublished":"2019-05-04T17:26:04+00:00","dateModified":"2019-05-04T17:35:59+00:00","mainEntityOfPage":{"@id":"https:\/\/diariofemenino.com.ar\/df\/diario-digital-femenino-hoy-cumplimos-7-anos\/"},"wordCount":599,"commentCount":2,"publisher":{"@id":"https:\/\/diariofemenino.com.ar\/df\/#organization"},"image":{"@id":"https:\/\/diariofemenino.com.ar\/df\/diario-digital-femenino-hoy-cumplimos-7-anos\/#primaryimage"},"thumbnailUrl":"https:\/\/diariofemenino.com.ar\/df\/wp-content\/uploads\/2019\/05\/WhatsApp-Image-2019-05-04-at-13.51.39.jpg","keywords":["#DiarioDigitalFemenino","#Ser\u00e1Ley","#SeVaACaer","Diario Digital Femenino","Diario Digital Femenino \u00a1Hoy cumplimos 7 a\u00f1os!!!"],"articleSection":["Noticias"],"inLanguage":"es","potentialAction":[{"@type":"CommentAction","name":"Comment","target":["https:\/\/diariofemenino.com.ar\/df\/diario-digital-femenino-hoy-cumplimos-7-anos\/#respond"]}]},{"@type":"WebPage","@id":"https:\/\/diariofemenino.com.ar\/df\/diario-digital-femenino-hoy-cumplimos-7-anos\/","url":"https:\/\/diariofemenino.com.ar\/df\/diario-digital-femenino-hoy-cumplimos-7-anos\/","name":"Diario Digital Femenino \u00a1Hoy cumplimos 7 a\u00f1os!!! - Diario Digital Femenino","isPartOf":{"@id":"https:\/\/diariofemenino.com.ar\/df\/#website"},"primaryImageOfPage":{"@id":"https:\/\/diariofemenino.com.ar\/df\/diario-digital-femenino-hoy-cumplimos-7-anos\/#primaryimage"},"image":{"@id":"https:\/\/diariofemenino.com.ar\/df\/diario-digital-femenino-hoy-cumplimos-7-anos\/#primaryimage"},"thumbnailUrl":"https:\/\/diariofemenino.com.ar\/df\/wp-content\/uploads\/2019\/05\/WhatsApp-Image-2019-05-04-at-13.51.39.jpg","datePublished":"2019-05-04T17:26:04+00:00","dateModified":"2019-05-04T17:35:59+00:00","description":"Diario Digital Femenino \u00a1Hoy cumplimos 7 a\u00f1os!!! Desde 04-05-2012 con el objetivo de recopilar y producir informaci\u00f3n relacionada con cuestiones de g\u00e9neros.","breadcrumb":{"@id":"https:\/\/diariofemenino.com.ar\/df\/diario-digital-femenino-hoy-cumplimos-7-anos\/#breadcrumb"},"inLanguage":"es","potentialAction":[{"@type":"ReadAction","target":["https:\/\/diariofemenino.com.ar\/df\/diario-digital-femenino-hoy-cumplimos-7-anos\/"]}]},{"@type":"ImageObject","inLanguage":"es","@id":"https:\/\/diariofemenino.com.ar\/df\/diario-digital-femenino-hoy-cumplimos-7-anos\/#primaryimage","url":"https:\/\/diariofemenino.com.ar\/df\/wp-content\/uploads\/2019\/05\/WhatsApp-Image-2019-05-04-at-13.51.39.jpg","contentUrl":"https:\/\/diariofemenino.com.ar\/df\/wp-content\/uploads\/2019\/05\/WhatsApp-Image-2019-05-04-at-13.51.39.jpg","width":819,"height":485,"caption":"Diario Digital Femenino \u00a1Hoy cumplimos 7 a\u00f1os!!!"},{"@type":"BreadcrumbList","@id":"https:\/\/diariofemenino.com.ar\/df\/diario-digital-femenino-hoy-cumplimos-7-anos\/#breadcrumb","itemListElement":[{"@type":"ListItem","position":1,"name":"Portada","item":"https:\/\/diariofemenino.com.ar\/df\/"},{"@type":"ListItem","position":2,"name":"Diario Digital Femenino \u00a1Hoy cumplimos 7 a\u00f1os!!!"}]},{"@type":"WebSite","@id":"https:\/\/diariofemenino.com.ar\/df\/#website","url":"https:\/\/diariofemenino.com.ar\/df\/","name":"Diario Digital Femenino","description":"Cuesti\u00f3n de G\u00e9nero","publisher":{"@id":"https:\/\/diariofemenino.com.ar\/df\/#organization"},"potentialAction":[{"@type":"SearchAction","target":{"@type":"EntryPoint","urlTemplate":"https:\/\/diariofemenino.com.ar\/df\/?s={search_term_string}"},"query-input":{"@type":"PropertyValueSpecification","valueRequired":true,"valueName":"search_term_string"}}],"inLanguage":"es"},{"@type":"Organization","@id":"https:\/\/diariofemenino.com.ar\/df\/#organization","name":"Diario Femenino","url":"https:\/\/diariofemenino.com.ar\/df\/","logo":{"@type":"ImageObject","inLanguage":"es","@id":"https:\/\/diariofemenino.com.ar\/df\/#\/schema\/logo\/image\/","url":"https:\/\/diariofemenino.com.ar\/df\/wp-content\/uploads\/2018\/10\/logo.png","contentUrl":"https:\/\/diariofemenino.com.ar\/df\/wp-content\/uploads\/2018\/10\/logo.png","width":500,"height":92,"caption":"Diario Femenino"},"image":{"@id":"https:\/\/diariofemenino.com.ar\/df\/#\/schema\/logo\/image\/"},"sameAs":["https:\/\/www.facebook.com\/DiarioDigitaFemenino\/","https:\/\/x.com\/DiarioFemenino1"]},{"@type":"Person","@id":"https:\/\/diariofemenino.com.ar\/df\/#\/schema\/person\/bf6199e8158c657ea6f789b11ec85509","name":"Admin","image":{"@type":"ImageObject","inLanguage":"es","@id":"https:\/\/diariofemenino.com.ar\/df\/wp-content\/uploads\/2018\/12\/favicon-150x150.jpg","url":"https:\/\/diariofemenino.com.ar\/df\/wp-content\/uploads\/2018\/12\/favicon-150x150.jpg","contentUrl":"https:\/\/diariofemenino.com.ar\/df\/wp-content\/uploads\/2018\/12\/favicon-150x150.jpg","caption":"Admin"},"url":"https:\/\/diariofemenino.com.ar\/df\/author\/lenny\/"}]}},"jetpack_featured_media_url":"https:\/\/diariofemenino.com.ar\/df\/wp-content\/uploads\/2019\/05\/WhatsApp-Image-2019-05-04-at-13.51.39.jpg","jetpack_sharing_enabled":true,"rttpg_featured_image_url":{"full":["https:\/\/diariofemenino.com.ar\/df\/wp-content\/uploads\/2019\/05\/WhatsApp-Image-2019-05-04-at-13.51.39.jpg",819,485,false],"landscape":["https:\/\/diariofemenino.com.ar\/df\/wp-content\/uploads\/2019\/05\/WhatsApp-Image-2019-05-04-at-13.51.39.jpg",819,485,false],"portraits":["https:\/\/diariofemenino.com.ar\/df\/wp-content\/uploads\/2019\/05\/WhatsApp-Image-2019-05-04-at-13.51.39.jpg",819,485,false],"thumbnail":["https:\/\/diariofemenino.com.ar\/df\/wp-content\/uploads\/2019\/05\/WhatsApp-Image-2019-05-04-at-13.51.39-150x150.jpg",150,150,true],"medium":["https:\/\/diariofemenino.com.ar\/df\/wp-content\/uploads\/2019\/05\/WhatsApp-Image-2019-05-04-at-13.51.39-300x178.jpg",300,178,true],"large":["https:\/\/diariofemenino.com.ar\/df\/wp-content\/uploads\/2019\/05\/WhatsApp-Image-2019-05-04-at-13.51.39.jpg",819,485,false],"1536x1536":["https:\/\/diariofemenino.com.ar\/df\/wp-content\/uploads\/2019\/05\/WhatsApp-Image-2019-05-04-at-13.51.39.jpg",819,485,false],"2048x2048":["https:\/\/diariofemenino.com.ar\/df\/wp-content\/uploads\/2019\/05\/WhatsApp-Image-2019-05-04-at-13.51.39.jpg",819,485,false]},"rttpg_author":{"display_name":"Admin","author_link":"https:\/\/diariofemenino.com.ar\/df\/author\/lenny\/"},"rttpg_comment":2,"rttpg_category":"<a href=\"https:\/\/diariofemenino.com.ar\/df\/category\/noticias\/\" rel=\"category tag\">Noticias<\/a>","rttpg_excerpt":"Diario Digital Femenino \u00a1Hoy cumplimos 7 a\u00f1os!!! Siete a\u00f1os desde ese sue\u00f1o largamente so\u00f1ado desde 2010 y que el 4 de mayo de 2012 se hizo realidad, visible para todas y todos. Hemos caminado mucho, y en ese caminar vino un crecimiento compartido. Compartimos el espacio, las convicciones, la lucha. Sabemos, aprendimos que no hay&hellip;","_links":{"self":[{"href":"https:\/\/diariofemenino.com.ar\/df\/wp-json\/wp\/v2\/posts\/34768","targetHints":{"allow":["GET"]}}],"collection":[{"href":"https:\/\/diariofemenino.com.ar\/df\/wp-json\/wp\/v2\/posts"}],"about":[{"href":"https:\/\/diariofemenino.com.ar\/df\/wp-json\/wp\/v2\/types\/post"}],"author":[{"embeddable":true,"href":"https:\/\/diariofemenino.com.ar\/df\/wp-json\/wp\/v2\/users\/4"}],"replies":[{"embeddable":true,"href":"https:\/\/diariofemenino.com.ar\/df\/wp-json\/wp\/v2\/comments?post=34768"}],"version-history":[{"count":0,"href":"https:\/\/diariofemenino.com.ar\/df\/wp-json\/wp\/v2\/posts\/34768\/revisions"}],"wp:featuredmedia":[{"embeddable":true,"href":"https:\/\/diariofemenino.com.ar\/df\/wp-json\/wp\/v2\/media\/34769"}],"wp:attachment":[{"href":"https:\/\/diariofemenino.com.ar\/df\/wp-json\/wp\/v2\/media?parent=34768"}],"wp:term":[{"taxonomy":"category","embeddable":true,"href":"https:\/\/diariofemenino.com.ar\/df\/wp-json\/wp\/v2\/categories?post=34768"},{"taxonomy":"post_tag","embeddable":true,"href":"https:\/\/diariofemenino.com.ar\/df\/wp-json\/wp\/v2\/tags?post=34768"}],"curies":[{"name":"wp","href":"https:\/\/api.w.org\/{rel}","templated":true}]}}