{"id":34754,"date":"2019-05-03T12:16:22","date_gmt":"2019-05-03T15:16:22","guid":{"rendered":"https:\/\/diariofemenino.com.ar\/?p=34754"},"modified":"2019-05-03T12:16:22","modified_gmt":"2019-05-03T15:16:22","slug":"lanzan-un-espacio-en-rosario-para-formar-hombres-libres-de-machismo","status":"publish","type":"post","link":"https:\/\/diariofemenino.com.ar\/df\/lanzan-un-espacio-en-rosario-para-formar-hombres-libres-de-machismo\/","title":{"rendered":"Lanzan un espacio en Rosario para formar hombres libres de machismo"},"content":{"rendered":"<p>Este jueves presentaron el Instituto de Masculinidades y Cambio Social, una experiencia con referentes de Rosario, Buenos Aires y La Plata. Con capacitaciones a <a href=\"https:\/\/diariofemenino.com.ar\/\">organizaciones sociales<\/a> tratan de pensar el lugar de los varones en la lucha feminista y romper con pr\u00e1cticas machistas.<\/p>\n<figure id=\"attachment_34756\" aria-describedby=\"caption-attachment-34756\" style=\"width: 460px\" class=\"wp-caption aligncenter\"><img loading=\"lazy\" decoding=\"async\" class=\"size-full wp-image-34756\" src=\"https:\/\/diariofemenino.com.ar\/df\/wp-content\/uploads\/2019\/05\/58663955_10220097009119854_3169227303674707968_n.jpg\" alt=\"Lanzan un espacio en Rosario para formar hombres libres de machismo\" width=\"460\" height=\"324\" srcset=\"https:\/\/diariofemenino.com.ar\/df\/wp-content\/uploads\/2019\/05\/58663955_10220097009119854_3169227303674707968_n.jpg 460w, https:\/\/diariofemenino.com.ar\/df\/wp-content\/uploads\/2019\/05\/58663955_10220097009119854_3169227303674707968_n-300x211.jpg 300w\" sizes=\"auto, (max-width: 460px) 100vw, 460px\" \/><figcaption id=\"caption-attachment-34756\" class=\"wp-caption-text\">Lucho Fabbri<\/figcaption><\/figure>\n<p>Por\u00a0Arlen Buchara<br \/>\npara <a href=\"https:\/\/www.elciudadanoweb.com\/lanzan-un-espacio-en-rosario-para-formar-hombres-libres-de-machismo\/\">elciudadanoweb<\/a><\/p>\n<p>\u00bfYa no se puede decirle a la compa\u00f1era de trabajo que est\u00e1 linda? \u00bfPueden los varones ir a las marchas o usar el pa\u00f1uelo verde? \u00bfEl feminismo es el machismo al rev\u00e9s? Para pensar en estos interrogantes y el lugar de los hombres en plena explosi\u00f3n de los feminismos en la Argentina el a\u00f1o pasado surgi\u00f3 el Instituto de Masculinidades y Cambio Social, formado por un equipo de Rosario, Buenos Aires y La Plata. Este jueves a las 17.30 lo dar\u00e1n a conocer en el SUM del Centro C\u00edvico (San Lorenzo 1949). \u201cLa pregunta no es si somos o no feministas, si nos ponemos el pa\u00f1uelo o si vamos a la marcha, sino c\u00f3mo transformamos la forma de relacionarnos. Los varones tenemos muchos privilegios que tenemos que identificar para cambiar los v\u00ednculos\u201d, explican sus integrantes de Rosario<a href=\"https:\/\/www.facebook.com\/luciano.fabbri.71?epa=SEARCH_BOX\">, Luciano Fabbri<\/a> y Daniel Teppaz.<\/p>\n<p>Desde el espacio proponen trabajar en introducir el tema de la <a href=\"https:\/\/es.wikipedia.org\/wiki\/Masculinidad\">masculinidad<\/a> en las pol\u00edticas de g\u00e9nero: Hacer asesor\u00edas, consultor\u00edas y fortalecimiento en instituciones p\u00fablicas y privadas, sindicatos y organizaciones de cualquier tipo. Tambi\u00e9n arman programas y proyectos de capacitaci\u00f3n y formaci\u00f3n, hacen investigaciones y producen contenidos de comunicaci\u00f3n y sensibilizaci\u00f3n p\u00fablica. Las intervenciones pueden ir desde los equipos de salud de un hospital hasta la aplicaci\u00f3n de la Ley Micaela, sancionada a fines de 2018 con el objetivo de que todos los poderes del Estado est\u00e9n capacitados en <a href=\"https:\/\/diariofemenino.com.ar\/masculinidades-y-genero-el-genero-no-es-solo-una-cosa-de-mujeres\/\">perspectiva de g\u00e9nero<\/a>. Lo fundamental es pensar en el rol de los varones y en c\u00f3mo desactivar los machismos que consideran naturales.<\/p>\n<p>El Instituto de Masculinidades y Cambio Social naci\u00f3 de los trabajos que ven\u00edan haciendo por separado desde la salud p\u00fablica, la academia y los activismos Fabbri y Teppaz en Rosario. Tambi\u00e9n lo que hac\u00edan Agostina Chiodi y Juan Carlos Escobar en Buenos Aires y Ariel S\u00e1nchez en La Plata. Se hab\u00edan encontrado en coloquios internacionales de masculinidades que se hacen cada dos a\u00f1os en distintas ciudades de Latinoam\u00e9rica. De ah\u00ed surgi\u00f3 la necesidad de hacer algo juntos en la Argentina y abordar un tema poco trabajado. \u201cNos paramos desde los feminismos para pensar la masculinidad. Pensamos el feminismo no como algo que lleg\u00f3 para cambiar la vida de las mujeres sino de todos. Es un sin\u00f3nimo de cambio social\u201d, cuenta Fabbri en di\u00e1logo con El Ciudadano.<\/p>\n<p><strong>Cortar los privilegios<\/strong><br \/>\nCuando Telma Fard\u00edn denunci\u00f3 a Juan Darth\u00e9s por violaci\u00f3n recibi\u00f3 un llamado de su ex novio Juan Guilera, un actor con quien hab\u00eda compartido la misma gira en la que hab\u00eda sido v\u00edctima del abuso sexual. \u00c9l le contaba que el d\u00eda anterior Darth\u00e9s lo hab\u00eda llamado y le hab\u00eda pedido que fuera su coartada. \u201cMe pregunt\u00f3 si yo me acordaba que en alg\u00fan momento le hab\u00eda dicho que Thelma ten\u00eda fantas\u00edas con \u00e9l. Le dije \u00abNo, no te dije eso, ni me acuerdo de haber hablado con vos de Thelma\u00bb. Siento que me quiso manipular y que intent\u00f3 meter un recuerdo en mi cabeza\u201d, cont\u00f3 Guilera ante las c\u00e1maras de Cr\u00f3nica TV acompa\u00f1ado por la abogada de Fard\u00edn. La actitud de Guilera rompi\u00f3 la complicidad muchas veces tejidas entre varones para sostener pr\u00e1cticas machistas. \u201cTenemos que ir contra esa complicidad que nos ense\u00f1an desde chicos. La mejor forma es que nos cortemos el \u00abmambo\u00bb entre nosotros\u201d, explican Fabbri y Teppaz.<\/p>\n<p>Fabbri lleg\u00f3 a pensar la masculinidad desde la militancia universitaria y el trabajo como docente e investigador. Cuando empez\u00f3 a participar en organizaciones pol\u00edticas ve\u00eda que los temas de g\u00e9nero eran tomados como algo solo de mujeres. Los varones no quer\u00edan involucrarse. Eso lo llev\u00f3 a investigar y meterse en la problem\u00e1tica.<\/p>\n<p>Teppaz hizo el camino en la salud p\u00fablica, donde trabaja desde hace m\u00e1s de 20 a\u00f1os como ginec\u00f3logo y obstetra. En las tareas diarias se dio cuenta que la salud sexual y reproductiva est\u00e1 enfocada en las mujeres desde el rol de cuidadoras. \u201cNo se piensa en una oferta de salud sexual para los varones para que est\u00e9n m\u00e1s involucrados, tanto en los cuidados anticonceptivos como en los embarazos\u201d, explica.<\/p>\n<p>El instituto que lanzar\u00e1n en Rosario no hubiese aparecido sin el contacto con el movimiento feminista. \u201cLa revoluci\u00f3n de las mujeres nos lleg\u00f3 con la pregunta sobre cu\u00e1l es nuestro rol. Pensar la masculinidad siempre es en relaci\u00f3n con las otras identidades sexuales. Ah\u00ed vemos que tenemos privilegios\u201d, explican Teppaz y Fabbri y agregan: \u201cCuando a la madrugada en un grupo de WhatsApp mixto las mujeres empiezan a avisar que llegaron pone en evidencia que nosotros no tenemos ese problema. Caminar de noche por la calle sin miedo a que te violen es un derecho. Pero cuando ese derecho es s\u00f3lo para unos se vuelve un privilegio\u201d.<\/p>\n<p>Uno de esos privilegios, cuentan, es la escucha. Para Teppaz, es com\u00fan que en las reuniones de trabajo los varones sean m\u00e1s escuchados que las mujeres. Lo mismo pasa a la hora de tomar decisiones. Para Fabbri, ese desbalance es una ventaja a la hora de hablar de machismo con otros varones. \u201cLas compa\u00f1eras les vienen diciendo estas cosas hace a\u00f1os pero ahora que lo decimos los hombres nos escuchan m\u00e1s. Es parte del patriarcado. Podr\u00edamos quedarnos callados, pero es un arma de doble filo porque el silencio no est\u00e1 exento de la reproducci\u00f3n de los privilegios\u201d, dice.<\/p>\n<p><strong>Competencia machista<\/strong><br \/>\nEn las intervenciones que Fabbri y Teppaz han hecho en lugares de trabajo y organizaciones siempre aparecen las preguntas sobre la seducci\u00f3n y lo que se puede decir o no a una mujer. \u201cLas formas de seducci\u00f3n est\u00e1n cambiando. No es el fin del erotismo. Hay una idea de dominaci\u00f3n en la conquista que hace que no te pueda erotizar el consentimiento\u201d, explica Fabbri.<\/p>\n<p>Sobre la consulta de si el feminismo es el machismo al rev\u00e9s se\u00f1alan: \u201cAnte el planteo de igualdad, los varones dicen que las mujeres quieren dar vuelta la tortilla y ser ellas las que dominen. Hay un temor a perder los privilegios y pasar a ser subordinados. La escuela de la masculinidad nos ense\u00f1a a sufrir violencia de unos y, al mismo tiempo, a dominar sobre otros\u201d, agrega Fabbri. Un d\u00eda cuando \u00e9l estaba en la secundaria el profesor de educaci\u00f3n f\u00edsica llam\u00f3 al resto de la clase y les orden\u00f3 que le pegaran \u201cpor marica\u201d. Todos lo hicieron, incluso un compa\u00f1ero gay. \u201cEse compa\u00f1ero tuvo la oportunidad de ser parte. Los hombres nos subordinamos a la violencia y la aceptamos porque tenemos la esperanza de alcanzar esa posici\u00f3n que nos va a sacar del padecimiento y va a permitir ejercer la violencia. As\u00ed se construye la masculinidad. Pero no el feminismo\u201d, concluye Fabbri.<\/p>\n<p><strong>Ayer<br \/>\n<\/strong>La presentaci\u00f3n del Instituto de Masculinidades y Cambio Social fue a las 16.30 en el SUM de Sede de Gobierno con los integrantes de Rosario, Buenos Aires y La Plata. Despu\u00e9s del lanzamiento comienza el ciclo de charlas \u201cLa Masculinidad interpelada\u201d, que girar\u00e1 alrededor de las masculinidades, violencias y educaci\u00f3n. Participaron del panel los investigadores del Conicet e Instituto Gino Germani (UBA), Daniel Jones y Rafael Blanco; la polit\u00f3loga feminista del Procedimiento de Atenci\u00f3n contra las Violencias de G\u00e9nero de la Facultad de Ciencia Pol\u00edtica, Noelia Figueroa; y los referentes locales del Instituto, Luciano Fabbri y Daniel Teppaz.<\/p>\n<p>&nbsp;<\/p>\n","protected":false},"excerpt":{"rendered":"<p>Este jueves presentaron el Instituto de Masculinidades y Cambio Social, una experiencia con referentes de Rosario, Buenos Aires y La Plata. Con capacitaciones a organizaciones sociales tratan de pensar el lugar de los varones en la lucha feminista y romper con pr\u00e1cticas machistas. Por\u00a0Arlen Buchara para elciudadanoweb \u00bfYa no se puede decirle a la compa\u00f1era [&hellip;]<\/p>\n","protected":false},"author":4,"featured_media":34757,"comment_status":"open","ping_status":"open","sticky":false,"template":"","format":"standard","meta":{"iawp_total_views":4,"footnotes":""},"categories":[7],"tags":[525,1148,662,1147,73,1149],"class_list":["post-34754","post","type-post","status-publish","format-standard","has-post-thumbnail","hentry","category-actividades","tag-buenos-aires","tag-daniel-teppaz","tag-la-plata","tag-luciano-fabbri","tag-masculinidades","tag-rosario"],"nelio_content":{"autoShareEndMode":"never","automationSources":{"useCustomSentences":false,"customSentences":[]},"efiAlt":"","efiUrl":"","followers":[4],"highlights":[],"isAutoShareEnabled":true,"networkImageIds":[],"permalinkQueryArgs":[],"series":[],"suggestedReferences":[]},"yoast_head":"<!-- This site is optimized with the Yoast SEO plugin v27.5 - https:\/\/yoast.com\/product\/yoast-seo-wordpress\/ -->\n<title>Lanzan un espacio en Rosario para formar hombres libres de machismo - Diario Digital Femenino<\/title>\n<meta name=\"description\" content=\"Lanzan un espacio en Rosario para formar hombres libres de machismo. presentaron el Instituto de Masculinidades y Cambio Social\" \/>\n<meta name=\"robots\" content=\"index, follow, max-snippet:-1, max-image-preview:large, max-video-preview:-1\" \/>\n<link rel=\"canonical\" href=\"https:\/\/diariofemenino.com.ar\/df\/lanzan-un-espacio-en-rosario-para-formar-hombres-libres-de-machismo\/\" \/>\n<meta property=\"og:locale\" content=\"es_ES\" \/>\n<meta property=\"og:type\" content=\"article\" \/>\n<meta property=\"og:title\" content=\"Lanzan un espacio en Rosario para formar hombres libres de machismo - Diario Digital Femenino\" \/>\n<meta property=\"og:description\" content=\"Lanzan un espacio en Rosario para formar hombres libres de machismo. presentaron el Instituto de Masculinidades y Cambio Social\" \/>\n<meta property=\"og:url\" content=\"https:\/\/diariofemenino.com.ar\/df\/lanzan-un-espacio-en-rosario-para-formar-hombres-libres-de-machismo\/\" \/>\n<meta property=\"og:site_name\" content=\"Diario Digital Femenino\" \/>\n<meta property=\"article:publisher\" content=\"https:\/\/www.facebook.com\/DiarioDigitaFemenino\/\" \/>\n<meta property=\"article:published_time\" content=\"2019-05-03T15:16:22+00:00\" \/>\n<meta property=\"og:image\" content=\"https:\/\/diariofemenino.com.ar\/df\/wp-content\/uploads\/2019\/05\/AAAfabbri.jpg\" \/>\n\t<meta property=\"og:image:width\" content=\"728\" \/>\n\t<meta property=\"og:image:height\" content=\"545\" \/>\n\t<meta property=\"og:image:type\" content=\"image\/jpeg\" \/>\n<meta name=\"author\" content=\"Admin\" \/>\n<meta name=\"twitter:card\" content=\"summary_large_image\" \/>\n<meta name=\"twitter:creator\" content=\"@DiarioFemenino1\" \/>\n<meta name=\"twitter:site\" content=\"@DiarioFemenino1\" \/>\n<meta name=\"twitter:label1\" content=\"Escrito por\" \/>\n\t<meta name=\"twitter:data1\" content=\"Admin\" \/>\n\t<meta name=\"twitter:label2\" content=\"Tiempo de lectura\" \/>\n\t<meta name=\"twitter:data2\" content=\"7 minutos\" \/>\n<script type=\"application\/ld+json\" class=\"yoast-schema-graph\">{\"@context\":\"https:\\\/\\\/schema.org\",\"@graph\":[{\"@type\":\"Article\",\"@id\":\"https:\\\/\\\/diariofemenino.com.ar\\\/df\\\/lanzan-un-espacio-en-rosario-para-formar-hombres-libres-de-machismo\\\/#article\",\"isPartOf\":{\"@id\":\"https:\\\/\\\/diariofemenino.com.ar\\\/df\\\/lanzan-un-espacio-en-rosario-para-formar-hombres-libres-de-machismo\\\/\"},\"author\":{\"name\":\"Admin\",\"@id\":\"https:\\\/\\\/diariofemenino.com.ar\\\/df\\\/#\\\/schema\\\/person\\\/bf6199e8158c657ea6f789b11ec85509\"},\"headline\":\"Lanzan un espacio en Rosario para formar hombres libres de machismo\",\"datePublished\":\"2019-05-03T15:16:22+00:00\",\"mainEntityOfPage\":{\"@id\":\"https:\\\/\\\/diariofemenino.com.ar\\\/df\\\/lanzan-un-espacio-en-rosario-para-formar-hombres-libres-de-machismo\\\/\"},\"wordCount\":1352,\"commentCount\":0,\"publisher\":{\"@id\":\"https:\\\/\\\/diariofemenino.com.ar\\\/df\\\/#organization\"},\"image\":{\"@id\":\"https:\\\/\\\/diariofemenino.com.ar\\\/df\\\/lanzan-un-espacio-en-rosario-para-formar-hombres-libres-de-machismo\\\/#primaryimage\"},\"thumbnailUrl\":\"https:\\\/\\\/diariofemenino.com.ar\\\/df\\\/wp-content\\\/uploads\\\/2019\\\/05\\\/AAAfabbri.jpg\",\"keywords\":[\"Buenos Aires\",\"Daniel Teppaz\",\"La Plata\",\"Luciano Fabbri\",\"Masculinidades\",\"Rosario\"],\"articleSection\":[\"Actividades\"],\"inLanguage\":\"es\",\"potentialAction\":[{\"@type\":\"CommentAction\",\"name\":\"Comment\",\"target\":[\"https:\\\/\\\/diariofemenino.com.ar\\\/df\\\/lanzan-un-espacio-en-rosario-para-formar-hombres-libres-de-machismo\\\/#respond\"]}]},{\"@type\":\"WebPage\",\"@id\":\"https:\\\/\\\/diariofemenino.com.ar\\\/df\\\/lanzan-un-espacio-en-rosario-para-formar-hombres-libres-de-machismo\\\/\",\"url\":\"https:\\\/\\\/diariofemenino.com.ar\\\/df\\\/lanzan-un-espacio-en-rosario-para-formar-hombres-libres-de-machismo\\\/\",\"name\":\"Lanzan un espacio en Rosario para formar hombres libres de machismo - Diario Digital Femenino\",\"isPartOf\":{\"@id\":\"https:\\\/\\\/diariofemenino.com.ar\\\/df\\\/#website\"},\"primaryImageOfPage\":{\"@id\":\"https:\\\/\\\/diariofemenino.com.ar\\\/df\\\/lanzan-un-espacio-en-rosario-para-formar-hombres-libres-de-machismo\\\/#primaryimage\"},\"image\":{\"@id\":\"https:\\\/\\\/diariofemenino.com.ar\\\/df\\\/lanzan-un-espacio-en-rosario-para-formar-hombres-libres-de-machismo\\\/#primaryimage\"},\"thumbnailUrl\":\"https:\\\/\\\/diariofemenino.com.ar\\\/df\\\/wp-content\\\/uploads\\\/2019\\\/05\\\/AAAfabbri.jpg\",\"datePublished\":\"2019-05-03T15:16:22+00:00\",\"description\":\"Lanzan un espacio en Rosario para formar hombres libres de machismo. presentaron el Instituto de Masculinidades y Cambio Social\",\"breadcrumb\":{\"@id\":\"https:\\\/\\\/diariofemenino.com.ar\\\/df\\\/lanzan-un-espacio-en-rosario-para-formar-hombres-libres-de-machismo\\\/#breadcrumb\"},\"inLanguage\":\"es\",\"potentialAction\":[{\"@type\":\"ReadAction\",\"target\":[\"https:\\\/\\\/diariofemenino.com.ar\\\/df\\\/lanzan-un-espacio-en-rosario-para-formar-hombres-libres-de-machismo\\\/\"]}]},{\"@type\":\"ImageObject\",\"inLanguage\":\"es\",\"@id\":\"https:\\\/\\\/diariofemenino.com.ar\\\/df\\\/lanzan-un-espacio-en-rosario-para-formar-hombres-libres-de-machismo\\\/#primaryimage\",\"url\":\"https:\\\/\\\/diariofemenino.com.ar\\\/df\\\/wp-content\\\/uploads\\\/2019\\\/05\\\/AAAfabbri.jpg\",\"contentUrl\":\"https:\\\/\\\/diariofemenino.com.ar\\\/df\\\/wp-content\\\/uploads\\\/2019\\\/05\\\/AAAfabbri.jpg\",\"width\":728,\"height\":545,\"caption\":\"Lanzan un espacio en Rosario para formar hombres libres de machismo\"},{\"@type\":\"BreadcrumbList\",\"@id\":\"https:\\\/\\\/diariofemenino.com.ar\\\/df\\\/lanzan-un-espacio-en-rosario-para-formar-hombres-libres-de-machismo\\\/#breadcrumb\",\"itemListElement\":[{\"@type\":\"ListItem\",\"position\":1,\"name\":\"Portada\",\"item\":\"https:\\\/\\\/diariofemenino.com.ar\\\/df\\\/\"},{\"@type\":\"ListItem\",\"position\":2,\"name\":\"Lanzan un espacio en Rosario para formar hombres libres de machismo\"}]},{\"@type\":\"WebSite\",\"@id\":\"https:\\\/\\\/diariofemenino.com.ar\\\/df\\\/#website\",\"url\":\"https:\\\/\\\/diariofemenino.com.ar\\\/df\\\/\",\"name\":\"Diario Digital Femenino\",\"description\":\"Cuesti\u00f3n de G\u00e9nero\",\"publisher\":{\"@id\":\"https:\\\/\\\/diariofemenino.com.ar\\\/df\\\/#organization\"},\"potentialAction\":[{\"@type\":\"SearchAction\",\"target\":{\"@type\":\"EntryPoint\",\"urlTemplate\":\"https:\\\/\\\/diariofemenino.com.ar\\\/df\\\/?s={search_term_string}\"},\"query-input\":{\"@type\":\"PropertyValueSpecification\",\"valueRequired\":true,\"valueName\":\"search_term_string\"}}],\"inLanguage\":\"es\"},{\"@type\":\"Organization\",\"@id\":\"https:\\\/\\\/diariofemenino.com.ar\\\/df\\\/#organization\",\"name\":\"Diario Femenino\",\"url\":\"https:\\\/\\\/diariofemenino.com.ar\\\/df\\\/\",\"logo\":{\"@type\":\"ImageObject\",\"inLanguage\":\"es\",\"@id\":\"https:\\\/\\\/diariofemenino.com.ar\\\/df\\\/#\\\/schema\\\/logo\\\/image\\\/\",\"url\":\"https:\\\/\\\/diariofemenino.com.ar\\\/df\\\/wp-content\\\/uploads\\\/2018\\\/10\\\/logo.png\",\"contentUrl\":\"https:\\\/\\\/diariofemenino.com.ar\\\/df\\\/wp-content\\\/uploads\\\/2018\\\/10\\\/logo.png\",\"width\":500,\"height\":92,\"caption\":\"Diario Femenino\"},\"image\":{\"@id\":\"https:\\\/\\\/diariofemenino.com.ar\\\/df\\\/#\\\/schema\\\/logo\\\/image\\\/\"},\"sameAs\":[\"https:\\\/\\\/www.facebook.com\\\/DiarioDigitaFemenino\\\/\",\"https:\\\/\\\/x.com\\\/DiarioFemenino1\"]},{\"@type\":\"Person\",\"@id\":\"https:\\\/\\\/diariofemenino.com.ar\\\/df\\\/#\\\/schema\\\/person\\\/bf6199e8158c657ea6f789b11ec85509\",\"name\":\"Admin\",\"image\":{\"@type\":\"ImageObject\",\"inLanguage\":\"es\",\"@id\":\"https:\\\/\\\/diariofemenino.com.ar\\\/df\\\/wp-content\\\/uploads\\\/2018\\\/12\\\/favicon-150x150.jpg\",\"url\":\"https:\\\/\\\/diariofemenino.com.ar\\\/df\\\/wp-content\\\/uploads\\\/2018\\\/12\\\/favicon-150x150.jpg\",\"contentUrl\":\"https:\\\/\\\/diariofemenino.com.ar\\\/df\\\/wp-content\\\/uploads\\\/2018\\\/12\\\/favicon-150x150.jpg\",\"caption\":\"Admin\"},\"url\":\"https:\\\/\\\/diariofemenino.com.ar\\\/df\\\/author\\\/lenny\\\/\"}]}<\/script>\n<!-- \/ Yoast SEO plugin. -->","yoast_head_json":{"title":"Lanzan un espacio en Rosario para formar hombres libres de machismo - Diario Digital Femenino","description":"Lanzan un espacio en Rosario para formar hombres libres de machismo. presentaron el Instituto de Masculinidades y Cambio Social","robots":{"index":"index","follow":"follow","max-snippet":"max-snippet:-1","max-image-preview":"max-image-preview:large","max-video-preview":"max-video-preview:-1"},"canonical":"https:\/\/diariofemenino.com.ar\/df\/lanzan-un-espacio-en-rosario-para-formar-hombres-libres-de-machismo\/","og_locale":"es_ES","og_type":"article","og_title":"Lanzan un espacio en Rosario para formar hombres libres de machismo - Diario Digital Femenino","og_description":"Lanzan un espacio en Rosario para formar hombres libres de machismo. presentaron el Instituto de Masculinidades y Cambio Social","og_url":"https:\/\/diariofemenino.com.ar\/df\/lanzan-un-espacio-en-rosario-para-formar-hombres-libres-de-machismo\/","og_site_name":"Diario Digital Femenino","article_publisher":"https:\/\/www.facebook.com\/DiarioDigitaFemenino\/","article_published_time":"2019-05-03T15:16:22+00:00","og_image":[{"width":728,"height":545,"url":"https:\/\/diariofemenino.com.ar\/df\/wp-content\/uploads\/2019\/05\/AAAfabbri.jpg","type":"image\/jpeg"}],"author":"Admin","twitter_card":"summary_large_image","twitter_creator":"@DiarioFemenino1","twitter_site":"@DiarioFemenino1","twitter_misc":{"Escrito por":"Admin","Tiempo de lectura":"7 minutos"},"schema":{"@context":"https:\/\/schema.org","@graph":[{"@type":"Article","@id":"https:\/\/diariofemenino.com.ar\/df\/lanzan-un-espacio-en-rosario-para-formar-hombres-libres-de-machismo\/#article","isPartOf":{"@id":"https:\/\/diariofemenino.com.ar\/df\/lanzan-un-espacio-en-rosario-para-formar-hombres-libres-de-machismo\/"},"author":{"name":"Admin","@id":"https:\/\/diariofemenino.com.ar\/df\/#\/schema\/person\/bf6199e8158c657ea6f789b11ec85509"},"headline":"Lanzan un espacio en Rosario para formar hombres libres de machismo","datePublished":"2019-05-03T15:16:22+00:00","mainEntityOfPage":{"@id":"https:\/\/diariofemenino.com.ar\/df\/lanzan-un-espacio-en-rosario-para-formar-hombres-libres-de-machismo\/"},"wordCount":1352,"commentCount":0,"publisher":{"@id":"https:\/\/diariofemenino.com.ar\/df\/#organization"},"image":{"@id":"https:\/\/diariofemenino.com.ar\/df\/lanzan-un-espacio-en-rosario-para-formar-hombres-libres-de-machismo\/#primaryimage"},"thumbnailUrl":"https:\/\/diariofemenino.com.ar\/df\/wp-content\/uploads\/2019\/05\/AAAfabbri.jpg","keywords":["Buenos Aires","Daniel Teppaz","La Plata","Luciano Fabbri","Masculinidades","Rosario"],"articleSection":["Actividades"],"inLanguage":"es","potentialAction":[{"@type":"CommentAction","name":"Comment","target":["https:\/\/diariofemenino.com.ar\/df\/lanzan-un-espacio-en-rosario-para-formar-hombres-libres-de-machismo\/#respond"]}]},{"@type":"WebPage","@id":"https:\/\/diariofemenino.com.ar\/df\/lanzan-un-espacio-en-rosario-para-formar-hombres-libres-de-machismo\/","url":"https:\/\/diariofemenino.com.ar\/df\/lanzan-un-espacio-en-rosario-para-formar-hombres-libres-de-machismo\/","name":"Lanzan un espacio en Rosario para formar hombres libres de machismo - Diario Digital Femenino","isPartOf":{"@id":"https:\/\/diariofemenino.com.ar\/df\/#website"},"primaryImageOfPage":{"@id":"https:\/\/diariofemenino.com.ar\/df\/lanzan-un-espacio-en-rosario-para-formar-hombres-libres-de-machismo\/#primaryimage"},"image":{"@id":"https:\/\/diariofemenino.com.ar\/df\/lanzan-un-espacio-en-rosario-para-formar-hombres-libres-de-machismo\/#primaryimage"},"thumbnailUrl":"https:\/\/diariofemenino.com.ar\/df\/wp-content\/uploads\/2019\/05\/AAAfabbri.jpg","datePublished":"2019-05-03T15:16:22+00:00","description":"Lanzan un espacio en Rosario para formar hombres libres de machismo. presentaron el Instituto de Masculinidades y Cambio Social","breadcrumb":{"@id":"https:\/\/diariofemenino.com.ar\/df\/lanzan-un-espacio-en-rosario-para-formar-hombres-libres-de-machismo\/#breadcrumb"},"inLanguage":"es","potentialAction":[{"@type":"ReadAction","target":["https:\/\/diariofemenino.com.ar\/df\/lanzan-un-espacio-en-rosario-para-formar-hombres-libres-de-machismo\/"]}]},{"@type":"ImageObject","inLanguage":"es","@id":"https:\/\/diariofemenino.com.ar\/df\/lanzan-un-espacio-en-rosario-para-formar-hombres-libres-de-machismo\/#primaryimage","url":"https:\/\/diariofemenino.com.ar\/df\/wp-content\/uploads\/2019\/05\/AAAfabbri.jpg","contentUrl":"https:\/\/diariofemenino.com.ar\/df\/wp-content\/uploads\/2019\/05\/AAAfabbri.jpg","width":728,"height":545,"caption":"Lanzan un espacio en Rosario para formar hombres libres de machismo"},{"@type":"BreadcrumbList","@id":"https:\/\/diariofemenino.com.ar\/df\/lanzan-un-espacio-en-rosario-para-formar-hombres-libres-de-machismo\/#breadcrumb","itemListElement":[{"@type":"ListItem","position":1,"name":"Portada","item":"https:\/\/diariofemenino.com.ar\/df\/"},{"@type":"ListItem","position":2,"name":"Lanzan un espacio en Rosario para formar hombres libres de machismo"}]},{"@type":"WebSite","@id":"https:\/\/diariofemenino.com.ar\/df\/#website","url":"https:\/\/diariofemenino.com.ar\/df\/","name":"Diario Digital Femenino","description":"Cuesti\u00f3n de G\u00e9nero","publisher":{"@id":"https:\/\/diariofemenino.com.ar\/df\/#organization"},"potentialAction":[{"@type":"SearchAction","target":{"@type":"EntryPoint","urlTemplate":"https:\/\/diariofemenino.com.ar\/df\/?s={search_term_string}"},"query-input":{"@type":"PropertyValueSpecification","valueRequired":true,"valueName":"search_term_string"}}],"inLanguage":"es"},{"@type":"Organization","@id":"https:\/\/diariofemenino.com.ar\/df\/#organization","name":"Diario Femenino","url":"https:\/\/diariofemenino.com.ar\/df\/","logo":{"@type":"ImageObject","inLanguage":"es","@id":"https:\/\/diariofemenino.com.ar\/df\/#\/schema\/logo\/image\/","url":"https:\/\/diariofemenino.com.ar\/df\/wp-content\/uploads\/2018\/10\/logo.png","contentUrl":"https:\/\/diariofemenino.com.ar\/df\/wp-content\/uploads\/2018\/10\/logo.png","width":500,"height":92,"caption":"Diario Femenino"},"image":{"@id":"https:\/\/diariofemenino.com.ar\/df\/#\/schema\/logo\/image\/"},"sameAs":["https:\/\/www.facebook.com\/DiarioDigitaFemenino\/","https:\/\/x.com\/DiarioFemenino1"]},{"@type":"Person","@id":"https:\/\/diariofemenino.com.ar\/df\/#\/schema\/person\/bf6199e8158c657ea6f789b11ec85509","name":"Admin","image":{"@type":"ImageObject","inLanguage":"es","@id":"https:\/\/diariofemenino.com.ar\/df\/wp-content\/uploads\/2018\/12\/favicon-150x150.jpg","url":"https:\/\/diariofemenino.com.ar\/df\/wp-content\/uploads\/2018\/12\/favicon-150x150.jpg","contentUrl":"https:\/\/diariofemenino.com.ar\/df\/wp-content\/uploads\/2018\/12\/favicon-150x150.jpg","caption":"Admin"},"url":"https:\/\/diariofemenino.com.ar\/df\/author\/lenny\/"}]}},"jetpack_featured_media_url":"https:\/\/diariofemenino.com.ar\/df\/wp-content\/uploads\/2019\/05\/AAAfabbri.jpg","jetpack_sharing_enabled":true,"rttpg_featured_image_url":{"full":["https:\/\/diariofemenino.com.ar\/df\/wp-content\/uploads\/2019\/05\/AAAfabbri.jpg",728,545,false],"landscape":["https:\/\/diariofemenino.com.ar\/df\/wp-content\/uploads\/2019\/05\/AAAfabbri.jpg",728,545,false],"portraits":["https:\/\/diariofemenino.com.ar\/df\/wp-content\/uploads\/2019\/05\/AAAfabbri.jpg",728,545,false],"thumbnail":["https:\/\/diariofemenino.com.ar\/df\/wp-content\/uploads\/2019\/05\/AAAfabbri-150x150.jpg",150,150,true],"medium":["https:\/\/diariofemenino.com.ar\/df\/wp-content\/uploads\/2019\/05\/AAAfabbri-300x225.jpg",300,225,true],"large":["https:\/\/diariofemenino.com.ar\/df\/wp-content\/uploads\/2019\/05\/AAAfabbri.jpg",728,545,false],"1536x1536":["https:\/\/diariofemenino.com.ar\/df\/wp-content\/uploads\/2019\/05\/AAAfabbri.jpg",728,545,false],"2048x2048":["https:\/\/diariofemenino.com.ar\/df\/wp-content\/uploads\/2019\/05\/AAAfabbri.jpg",728,545,false]},"rttpg_author":{"display_name":"Admin","author_link":"https:\/\/diariofemenino.com.ar\/df\/author\/lenny\/"},"rttpg_comment":0,"rttpg_category":"<a href=\"https:\/\/diariofemenino.com.ar\/df\/category\/actividades\/\" rel=\"category tag\">Actividades<\/a>","rttpg_excerpt":"Este jueves presentaron el Instituto de Masculinidades y Cambio Social, una experiencia con referentes de Rosario, Buenos Aires y La Plata. Con capacitaciones a organizaciones sociales tratan de pensar el lugar de los varones en la lucha feminista y romper con pr\u00e1cticas machistas. Por\u00a0Arlen Buchara para elciudadanoweb \u00bfYa no se puede decirle a la compa\u00f1era&hellip;","_links":{"self":[{"href":"https:\/\/diariofemenino.com.ar\/df\/wp-json\/wp\/v2\/posts\/34754","targetHints":{"allow":["GET"]}}],"collection":[{"href":"https:\/\/diariofemenino.com.ar\/df\/wp-json\/wp\/v2\/posts"}],"about":[{"href":"https:\/\/diariofemenino.com.ar\/df\/wp-json\/wp\/v2\/types\/post"}],"author":[{"embeddable":true,"href":"https:\/\/diariofemenino.com.ar\/df\/wp-json\/wp\/v2\/users\/4"}],"replies":[{"embeddable":true,"href":"https:\/\/diariofemenino.com.ar\/df\/wp-json\/wp\/v2\/comments?post=34754"}],"version-history":[{"count":0,"href":"https:\/\/diariofemenino.com.ar\/df\/wp-json\/wp\/v2\/posts\/34754\/revisions"}],"wp:featuredmedia":[{"embeddable":true,"href":"https:\/\/diariofemenino.com.ar\/df\/wp-json\/wp\/v2\/media\/34757"}],"wp:attachment":[{"href":"https:\/\/diariofemenino.com.ar\/df\/wp-json\/wp\/v2\/media?parent=34754"}],"wp:term":[{"taxonomy":"category","embeddable":true,"href":"https:\/\/diariofemenino.com.ar\/df\/wp-json\/wp\/v2\/categories?post=34754"},{"taxonomy":"post_tag","embeddable":true,"href":"https:\/\/diariofemenino.com.ar\/df\/wp-json\/wp\/v2\/tags?post=34754"}],"curies":[{"name":"wp","href":"https:\/\/api.w.org\/{rel}","templated":true}]}}