{"id":34298,"date":"2019-04-17T15:04:13","date_gmt":"2019-04-17T18:04:13","guid":{"rendered":"https:\/\/diariofemenino.com.ar\/?p=34298"},"modified":"2019-04-17T15:04:13","modified_gmt":"2019-04-17T18:04:13","slug":"eileen-truax-todas-las-violencias-que-pueda-sufrir-una-mujer-las-sufren-las-mujeres-migrantes","status":"publish","type":"post","link":"https:\/\/diariofemenino.com.ar\/df\/eileen-truax-todas-las-violencias-que-pueda-sufrir-una-mujer-las-sufren-las-mujeres-migrantes\/","title":{"rendered":"Eileen Truax: \u201cTodas las violencias que pueda sufrir una mujer las sufren las mujeres migrantes\u201d"},"content":{"rendered":"<section class=\"cabecera\">\n<div class=\"container\">\n<div class=\"row\">\n<div id=\"compartirPrincipal\" class=\"col-md-10\">\n<h3>Periodista especializada en migraciones, Eileen Truax es directora de contenidos del I Congreso de Periodismo de Migraci\u00f3n, que se celebrar\u00e1 en la localidad extreme\u00f1a de M\u00e9rida en octubre.<\/h3>\n<\/div>\n<\/div>\n<div class=\"row\">\n<div class=\"col-md-12\">\n<div class=\"toodo youtube\">\n<div id=\"mep_0\" class=\"mejs__container mejs__container-keyboard-inactive mejs__player mejs__video\" tabindex=\"0\" role=\"application\" aria-label=\"Video Player\">\n<div class=\"mejs__inner\">\n<div class=\"mejs__mediaelement\"><iframe loading=\"lazy\" id=\"mejs_8555768323737893_youtube_iframe\" title=\"YouTube video player\" src=\"https:\/\/www.youtube.com\/embed\/II7pK__3Bik?controls=0&amp;rel=0&amp;disablekb=1&amp;showinfo=0&amp;modestbranding=0&amp;html5=1&amp;playsinline=0&amp;start=0&amp;end=0&amp;iv_load_policy=3&amp;autoplay=0&amp;loop=0&amp;nocookie=false&amp;enablejsapi=1&amp;origin=https%3A%2F%2Fwww.elsaltodiario.com&amp;widgetid=1\" width=\"654\" height=\"367.875\" frameborder=\"0\" allowfullscreen=\"allowfullscreen\" data-mce-fragment=\"1\"><\/iframe><\/div>\n<div class=\"mejs__layers\"><\/div>\n<div class=\"mejs__controls\">\n<div class=\"mejs__button mejs__playpause-button mejs__play\">Eileen Truax es originaria de Ciudad de M\u00e9xico, donde fue reportera pol\u00edtica y corresponsal en el Congreso. En 2004 se mud\u00f3 a Estados Unidos y trabaj\u00f3 durante siete a\u00f1os en\u00a0<i>La Opini\u00f3n<\/i>, el diario en espa\u00f1ol m\u00e1s grande de ese pa\u00eds. Recogi\u00f3 su seguimiento de los chicos indocumentados en EE UU en\u00a0<i>Dreamers<\/i>\u00a0(Oc\u00e9ano, 2013) y ha publicado tambi\u00e9n\u00a0<i>Mexicanos al grito de Trump<\/i>\u00a0(Planeta, 2017), entre otras obras. Colabora con diversos medios, entre ellos el\u00a0<i>Washington Post<\/i>, y es\u00a0directora de contenidos del II Congreso de Periodismo de Migraci\u00f3n, que se celebrar\u00e1 en la localidad extreme\u00f1a de M\u00e9rida en octubre.<\/div>\n<\/div>\n<\/div>\n<\/div>\n<\/div>\n<\/div>\n<\/div>\n<\/div>\n<\/section>\n<section id=\"articulo-textos\" class=\"contenido articulo-textos\">\n<div class=\"container\">\n<div class=\"row\">\n<div class=\"col-contenido med\">\n<div class=\"container\">\n<div class=\"row\">\n<div class=\"col-md-9\">\n<div class=\"contenido\">\n<p>El pasado mes de marzo particip\u00f3 en la mesa de debate \u201cLa invenci\u00f3n de la frontera\u201d, organizado por M\u00e9dicos del Mundo, donde explic\u00f3 c\u00f3mo Trump ha puesto las fronteras en el foco de los medios y habl\u00f3 del negocio de los centros de detenci\u00f3n de extranjeros.<\/p>\n<div id=\"lateral-1\" class=\"publi-lateral anuncio anuncio-activo\"><a href=\"https:\/\/www.elsaltodiario.com\/ir_anuncio\/103\" target=\"_blank\" rel=\"noopener\" data-anun=\"103\" aria-label=\"publicidad\"><img decoding=\"async\" src=\"https:\/\/www.elsaltodiario.com\/uploads\/uploads\/original\/4fe46adc\/olivovivo_web.jpg?v=63682618153\" \/><\/a><\/div>\n<p><b>Dices que \u201cTrump ha hecho el muro visible\u201d. \u00bfLas pol\u00edticas de Trump han hecho un favor al periodismo de migraciones?\u00a0<\/b><br \/>\nHay una cuesti\u00f3n agridulce en el tema de\u00a0Donald Trump, porque por un lado ha visibilizado el discurso de odio, antinmigrante, racista, xen\u00f3fobo, machista\u2026 Pero EE UU es un pa\u00eds que se caracteriza por la r\u00e1pida reacci\u00f3n ante los embates que son muy extremistas y hemos visto como respuesta a una gran parte de la sociedad manifest\u00e1ndose, justamente poniendo el foco en los temas a los que \u00e9l ha aludido. El mejor ejemplo es la Women\u2019s March, que se registra un d\u00eda despu\u00e9s de la toma de posesi\u00f3n de Trump y que re\u00fane a cinco millones de personas en las calles de EE UU, la marcha m\u00e1s grande de la historia. Mi preocupaci\u00f3n es que haya la percepci\u00f3n de que esto lleg\u00f3 con Trump y que, si Trump se va, se acaba. Creo que hay que estar bien conscientes de que Trump visibiliz\u00f3 algo que ha estado ah\u00ed muchos a\u00f1os y que, si no se cambia el sistema, va a seguir ah\u00ed.<\/p>\n<p><b>\u00bfQu\u00e9 es lo que va a seguir ah\u00ed con o sin Trump?<br \/>\n<\/b>EE UU es un pa\u00eds muy diverso, pero con un sistema de leyes migratorias muy hostil. Hoy tienes a personas que han vivido ah\u00ed 25 a\u00f1os, que han trabajado, que han hecho una familia, que tienen hijos, nietos, que son ciudadanos estadounidenses y no han podido regularizar sus documentos. Una persona indocumentada no tiene un n\u00famero de seguro social, no puede conducir, no puede volver a entrar el pa\u00eds si sale, no puede tener apoyos financieros para estudiar, no puede trabajar legalmente. Sin embargo, la gente conduce un auto, trabaja y va a la universidad. Hay una serie de mecanismos perif\u00e9ricos que se van creando gracias a las redes de migrantes y organizaciones solidarias que permiten que esto ocurra, pero se requiere de un esfuerzo muy grande. Y en el camino vas encontrando a la gente que te dice \u201c<i>go back to your country<\/i>\u201d. El FBI lleva un registro de las organizaciones de odio en EE UU y se sabe que el n\u00famero ha subido ligeramente con Trump, pero no much\u00edsimo. Subi\u00f3 m\u00e1s el primer a\u00f1o de la administraci\u00f3n de Obama. El promedio de grupos de odio activos en EE UU desde hace m\u00e1s de diez a\u00f1os se mantiene entre los 900 y los mil grupos, que pueden incluir entre blancos supremacistas, Ku Klux Klan, antimigrantes, antimusulmanes\u2026 Pero eso ha estado ah\u00ed por mucho tiempo.<\/p>\n<p><b>\u00bfEs el feminismo un muro de contenci\u00f3n para la derecha en EE UU y en el mundo?<br \/>\n<\/b>Creo que no es exclusivamente el feminismo; es el ejercicio de la ciudadan\u00eda y la rebeli\u00f3n que han tenido los diversos grupos que se han sentido afectados. Si algo evidenci\u00f3 Donald Trump, y pienso que pasar\u00e1 lo mismo con\u00a0Bolsonaro en Brasil\u00a0y est\u00e1 pasando en Espa\u00f1a con Vox, es que la gente est\u00e1 cansada de un sistema que no est\u00e1 cubriendo las necesidades de las personas. Y estamos buscando maneras de manifestarlo, estamos buscando alternativas. La Women\u2019s March fue convocada por colectivos de mujeres, pero dentro de esos colectivos hab\u00eda una representante de la comunidad musulmana, una de la comunidad latina, LGBT. De la marcha de las mujeres han salido muchas cosas, como el fortalecimiento del feminismo, la movilizaci\u00f3n de las \u00e9lites anglosajonas que hab\u00edan dejado de salir a la calle\u2026 Pero tambi\u00e9n ha llevado a la acci\u00f3n pol\u00edtica. Hoy tienes a alguien como\u00a0Alexandria Ocasio-Cortez, que viene del Bronx y que est\u00e1 tomando liderazgo en el Congreso. Tenemos a dos mujeres musulmanas que se cubren la cabeza y van hacia el Congreso, tenemos el mayor n\u00famero de mujeres afroamericanas que ha habido\u2026 Esta organizaci\u00f3n, a los dos a\u00f1os, se convirti\u00f3 en acci\u00f3n pol\u00edtica efectiva y eso me parece que es lo que tendr\u00edamos que ver en los pr\u00f3ximos a\u00f1os en todos los dem\u00e1s casos de radicalismos pol\u00edticos.<\/p>\n<blockquote><p>Tendemos a ver la migraci\u00f3n solo como ese momento en el que el migrante cruza la raya o va en la patera; son momentos muy noticiosos, pero muy breves en todo el ciclo migratorio<\/p><\/blockquote>\n<p><b>Eres experta en periodismo de migraciones. \u00bfQu\u00e9 errores cometen los medios cuando se trata de informar sobre migraciones?<br \/>\n<\/b>El primer error es que tendemos a ver la migraci\u00f3n solo como ese momento en el que el migrante cruza la raya, o va en la patera, o cruza el desierto, o va sobre el tren o est\u00e1 en el campo de refugiados. O bien cuando el migrante comete un delito ya estando ac\u00e1 o cuando se ve involucrado en un ataque terrorista. Esos son nuestros focos de atenci\u00f3n, que son momentos muy dolorosos, visibles, noticiosos, pero muy breves en todo el ciclo migratorio. Si solo nos enfocamos en eso, siempre va a llegar la imagen del migrante como conflicto, como problema, como caos. Se pone el foco en la ilegalidad, cuando la migraci\u00f3n es un derecho y un instinto de todo ser humano. Pienso que los medios deber\u00edan abordar el ciclo completo de la migraci\u00f3n, es decir: revisar, ir al lugar, cu\u00e1les son las causas que originaron que la persona decidiera dejar su pa\u00eds y despu\u00e9s ver a las personas que ya est\u00e1n para contar el ciclo completo desde el \u201cnosotros\u201d, porque el gran error es que estamos siempre marcando la diferencia entre ellos y nosotros. Incluso, me atrever\u00eda a decir, empezar a abordar la migraci\u00f3n como una soluci\u00f3n.<\/p>\n<p><b>Entonces, Trump ha puesto el foco en la frontera, hemos escuchado\u00a0historias de la caravana migrante, conocemos sus vidas&#8230; y, sin embargo, la migraci\u00f3n y el racismo siguen yendo de la mano. \u00bfSigues confiando en que los medios tengan el poder de cambiar esto?<br \/>\n<\/b>Los medios tienen el poder de cambiar ese relato, pero no conf\u00edo en que lo vayan a hacer porque, para que haya diversidad en la informaci\u00f3n y la informaci\u00f3n se cubra desde distintos enfoques, tienes que tener una redacci\u00f3n diversa, y esa es una gran carencia que tienen los medios. No queremos incluir otras voces en nuestras redacciones de cuello blanco y eso nos va a impedir cambiar la narrativa, una cosa que s\u00ed podr\u00edamos hacer.<\/p>\n<p><b>Si te digo mujer y frontera, \u00bfqu\u00e9 historias se te vienen a la cabeza?<br \/>\n<\/b>Lo primero que te dir\u00eda es que me parece que el rol de la mujer migrante, que cruza fronteras, est\u00e1 subestimado. La narrativa migratoria tiende a ser masculina. Y, cuando se habla de las mujeres, hay un enfoque que hace parecer que la mujer llega a los lugares por reagrupamiento familiar, que llega para alcanzar al marido. La realidad es muy distinta: al menos en el corredor de Centroam\u00e9rica a EE UU casi el 70% de las mujeres que migran son cabeza de familia. Esto quiere decir que migran para sostener a la familia. Esto te dice que hay una inserci\u00f3n en el aparato productivo important\u00edsima y, sin embargo, no se reconoce ni en la narrativa migratoria ni en los medios, en ocasiones incluso tampocodesde las organizaciones. No quiero caer en un lugar com\u00fan, pero si t\u00fa das un vistazo del caso de EE UU y pienso que debe ocurrir en Espa\u00f1a tambi\u00e9n: \u00bfQui\u00e9nes trabajan en los hoteles? \u00bfQui\u00e9nes tienden las camas? \u00bfQui\u00e9nes cuidan a los ni\u00f1os? \u00bfA los adultos mayores? Siempre vas a ver que hay mujeres migrantes. La mujer cruza la frontera como si fuera un fantasma cuando con el cruce de la frontera est\u00e1 haciendo un pronunciamiento pol\u00edtico: \u201cTomo el asunto en las manos y lo resuelvo\u201d. Y eso se me hace muy femenino.<\/p>\n<blockquote><p>La mujer cruza la frontera como si fuera un fantasma cuando con el cruce de la frontera est\u00e1 haciendo un pronunciamiento pol\u00edtico<\/p><\/blockquote>\n<p><b>En ese camino que se recorre de Centroam\u00e9rica a EE UU, \u00bfqu\u00e9 violencias espec\u00edficas sufren las mujeres?<br \/>\n<\/b>Todas las violencias que pueda sufrir una mujer las sufren las mujeres migrantes. La primera es la violencia sexual. Es muy doloroso saber que si una mujer sali\u00f3 de Honduras, cruzar\u00e1 a primera frontera para llegar a El Salvador y ah\u00ed ser\u00e1 violentada sexualmente. Y cruzar\u00e1 la frontera para llegar a Guatemala, y ah\u00ed probablemente lo ser\u00e1, o no, y cuando cruce la frontera para llegar a M\u00e9xico seguramente lo ser\u00e1, y posiblemente no solo una vez. Es muy doloroso escuchar a las mujeres decirte que tres meses antes de comenzar el viaje empiezan a tomar pastillas anticonceptivas porque saben que ser\u00e1n violadas. Se da por hecho que te violar\u00e1 el coyote, la Polic\u00eda, o los militares, tus compa\u00f1eros de camino. Y despu\u00e9s de eso pues todas las otras violencias. Por otra parte, si hay que hacer un alto en el camino para reunir dinero nuevamente, a las mujeres se les suele ofrecer, sobre todo en la frontera de Guatemala a M\u00e9xico, el trabajo sexual. Adem\u00e1s, como sociedades tendemos a hacer sentir a la mujer culpable cuando deja a los hijos. A los hombres nadie los penaliza, a las mujeres s\u00ed. Y podr\u00edamos seguirle.<b>En Am\u00e9rica Latina est\u00e1n algunos de los pa\u00edses con mayores tasas de feminicidio, y est\u00e1 el caso de Ciudad Ju\u00e1rez. \u00bfEs la frontera el cimiento en el que se asientan los feminicidios en la regi\u00f3n?<br \/>\n<\/b>No lo creo. Creo que son m\u00e1s visibles. Y tambi\u00e9n, en las zonas fronterizas suele haber gente que est\u00e1 en un proceso de movilidad, y hay m\u00e1s propensi\u00f3n a la impunidad. Si hay una mujer que es asesinada en Arizona, en el desierto, en Chihuaha, y ven\u00eda de Honduras o de El Salvador, probablemente la familia no se entere y no habr\u00e1 quien reclame justicia para esa mujer. Sin embargo, por ejemplo en el caso mexicano, tres de cada cuatro agresiones a mujeres ocurren dentro de casa o del entorno cotidiano. Evidentemente las violencias existen en todos lados y no se han visibilizado y son el resultado de una cultura.<\/p>\n<p>El caso de las fronteras creo que tiene que ver, en primer lugar, con la necesidad de ingreso econ\u00f3mico que tienen quienes est\u00e1n moviliz\u00e1ndose, y suele ocurrir que la oferta laboral es la sexual, lo que pone a las mujeres en mayor riesgo; y en segundo lugar, para que el tr\u00e1fico en las fronteras opere \u2014tr\u00e1fico humano, de armas o de estupefacientes\u2014 se necesita que haya una colisi\u00f3n de los grupos delictivos con las autoridades. Entonces es menos probable que haya una aplicaci\u00f3n de la ley, una sanci\u00f3n para quien cometi\u00f3 un feminicidio en esas regiones porque la la l\u00ednea que divide al grupo delictivo de la autoridad a veces es muy tenue o inexistente.<\/p>\n<p><b>En tu intervenci\u00f3n has hablado antes del negocio que se hace con los centros de detenci\u00f3n de extranjeros. \u00bfC\u00f3mo funciona?\u00a0<\/b><br \/>\nEn el asunto de los centros de detenciones para migrantes el negocio es redondo para las empresas que obtienen las concesiones. La informaci\u00f3n m\u00e1s reciente que tengo es de los \u00faltimos dos a\u00f1os. Las dos empresas m\u00e1s grandes, que son CoreCivic y Geo Group, manejan casi la totalidad de los centros de detenci\u00f3n para inmigrantes y recibieron ingresos por 3.000 millones de d\u00f3lares, hace dos a\u00f1os, de ganancia neta. Y esto es por operar los centros de detenci\u00f3n. Reciben un promedio de entre 160 y 200 d\u00f3lares por persona por d\u00eda. Hay un contrato que se hace desde la asignaci\u00f3n de presupuestos en el Congreso por el cual nunca la empresa recibe menos del 80% del dinero que corresponde a la capacidad total del centro. Es decir, el centro puede estar al 50% y las empresas tienen garantizado un ingreso por una ocupaci\u00f3n que equivale a un porcentaje m\u00e1s alto.<\/p>\n<p>Este asunto se ha hecho p\u00fablico hace mucho tiempo. Y me parece que no ser\u00eda tan escandaloso si estas empresas cumplieran con los contratos y funciones que les corresponden, pero en los \u00faltimos a\u00f1os se han encontrado gran cantidad de casos de violaciones de derechos humanos, de abusos, episodios de violencia y racismo contra las inmigrantes en estos centros. Se han registrado muertes, dos muertes de mujeres embarazadas por ejemplo; se registran constantemente faltas de atenci\u00f3n a personas con problemas de salud. Hay un largo etc\u00e9tera de funciones que no cumple el centro en materia de derechos humanos y sin embargo el Gobierno le sigue asignando una partida grande pagada con los impuestos de la gente. Trump durante su campa\u00f1a prometi\u00f3 que detendr\u00eda a tantos inmigrantes que estas empresas no tendr\u00edan que recortar su operaci\u00f3n. Y lo ha cumplido: no ha hecho un gran n\u00famero de deportaciones pero s\u00ed un gran n\u00famero de detenciones. Seg\u00fan los archivos p\u00fablicos estas dos empresas fueron donantes de la campa\u00f1a de Donald Trump y del Partido Republicano.<\/p>\n<p><b>El discurso de Trump es expl\u00edcito, no hay sorpresas, y \u00e9l es coherente con su discurso. \u00bfLo fue Barack Obama?<br \/>\n<\/b>Barack Obama tiene el r\u00e9cord de deportaciones de un presidente en EE UU, 3 millones en sus dos periodos. Y hubo un a\u00f1o que rebas\u00f3 los 400.000. Es much\u00edsimo. Trump en su primer a\u00f1o tuvo 220.000 deportaciones. Para darnos una idea, Barack Obama ten\u00eda un discurso favorable hacia los migrantes, pero tuvo un Congreso republicano que le bloque\u00f3 iniciativas. Mi interpretaci\u00f3n es que Obama tuvo que invertir su capital pol\u00edtico para negociar con el Partido Republicano para hacer las modificaciones en reforma econ\u00f3mica que permitieran nivelar la cuesti\u00f3n. Y tambi\u00e9n el Obama Care, esta ley para cubrir m\u00e9dicamente a quienes no ten\u00edan el servicio, y tambi\u00e9n hizo negociaciones con el Partido Republicano para retirar tropas de EE UU desplegadas en otros pa\u00edses. Entiendo que estos eran, desde la perspectiva pol\u00edtica, los asuntos m\u00e1s urgentes y no le alcanz\u00f3 el capital pol\u00edtico para empujar una reforma migratoria.<\/p>\n<p>De hecho, cuando inici\u00f3 su segundo periodo, la primera iniciativa que firm\u00f3 fue una reforma migratoria, que mand\u00f3 al Senado y no se aprob\u00f3. Eso se puede entender, que no justificar, desde el punto de vista pol\u00edtico. Lo que no se entiende es que arrestes y deportes. Yo pienso que la explicaci\u00f3n a eso es que Obama quer\u00eda enviar una se\u00f1al al Partido Republicano.<\/p>\n<blockquote><p>Las cifras de asilo y refugio evidencian que el asilo se da con criterios pol\u00edticos y econ\u00f3micos, y no con un criterio de derechos humanos<\/p><\/blockquote>\n<p><b>\u00bfQu\u00e9 nos dicen las cifras de asilo y refugio sobre los criterios de aplicaci\u00f3n de este derecho?<\/b><br \/>\nEs terrible ver las cifras de asilo y refugio, porque evidencian que el asilo se da con criterios pol\u00edticos y econ\u00f3micos, y no con un criterio de derechos humanos, que es la naturaleza de esta herramienta. EE UU ha recibido a tres millones desde que se firmaron los convenios de asilo. Sin embargo, la gran mayor\u00eda de ellos han sido \u00fanicamente de pa\u00edses que ten\u00edan reg\u00edmenes comunistas. Cuando en los 70 empieza el auge de emigraci\u00f3n cubana con la pol\u00edtica \u2018Pies secos, pies mojados\u2019\u00a0se recib\u00eda a quienes ven\u00edan de Cuba, que eran disidentes del r\u00e9gimen, e inmediatamente se les daba una situaci\u00f3n regular. Pero en el mismo periodo, en Hait\u00ed hab\u00eda una dictadura con el general Fran\u00e7ois Duvalier y los haitianos recib\u00edan el mismo tipo de represi\u00f3n y sal\u00edan de la misma manera, pero no hab\u00eda una pol\u00edtica de recepci\u00f3n. En el periodo de mayor arribo de inmigrantes cubanos a EE UU, el n\u00famero de asilos otorgados a Hait\u00ed es cero, ninguno.<\/p>\n<p>Eso no ha cambiado. Hoy, mientras platicamos, si una persona de Venezuela llega a EE UU a pedir asilo tiene el 78% de posibilidades de que el asilo sea aceptado. Si una persona tiene exactamente las mismas razones para pedir asilo \u2014teme por su vida porque el gobierno le persigue, su situaci\u00f3n econ\u00f3mica se ha vuelto dif\u00edcil, alguien le amenaza de muerte&#8230;\u2014 pero viene de Honduras, la probabilidad de que le den asilo es del 16%. Si una persona con estas mismas caracter\u00edsticas viene de El Salvador, la posibilidad de que le den asilo es del 14%. Y si la persona viene de M\u00e9xico, es de alrededor del 7%&#8230; Porque son pa\u00edses con los que EE UU tiene acuerdos comerciales, militares \u2014en el caso de M\u00e9xico con la frontera sur entre M\u00e9xico y Guatemala\u2014, y recibir a alguien que teme por su vida en ese r\u00e9gimen ser\u00eda de facto reconocer que ese r\u00e9gimen no es democr\u00e1tico. Y si no lo es, \u00bfpor qu\u00e9 est\u00e1s haciendo negocios con \u00e9l? Seguimos con ese criterio de que los habitantes del aliado pol\u00edtico del pa\u00eds no tiene motivos para buscar refugio y que quien sea un enemigo pol\u00edtico de otro r\u00e9gimen es bienvenido.<\/p>\n<p>Hay un posicionamiento pol\u00edtico cada vez que se otorga el asilo y se da m\u00e1s atenci\u00f3n por parte de los Estados a lo que representa ese posicionamiento que al caso espec\u00edfico de la persona. Cuando hablamos de migraci\u00f3n, pensamos que las personas vienen para busca una vida mejor, pero en el caso de las que buscan asilo, es simplemente para salvar la vida.<\/p>\n<\/div>\n<\/div>\n<\/div>\n<\/div>\n<\/div>\n<\/div>\n<\/div>\n<\/section>\n<p>&nbsp;<\/p>\n<p>Fuente: <a href=\"https:\/\/www.elsaltodiario.com\/fronteras\/entrevista-eileen-truax-todas-violencias-pueda-sufrir-mujer-sufren-mujeres-migrantes-\">El salto diario<\/a><\/p>\n","protected":false},"excerpt":{"rendered":"<p>Periodista especializada en migraciones, Eileen Truax es directora de contenidos del I Congreso de Periodismo de Migraci\u00f3n, que se celebrar\u00e1 en la localidad extreme\u00f1a de M\u00e9rida en octubre. Eileen Truax es originaria de Ciudad de M\u00e9xico, donde fue reportera pol\u00edtica y corresponsal en el Congreso. En 2004 se mud\u00f3 a Estados Unidos y trabaj\u00f3 durante [&hellip;]<\/p>\n","protected":false},"author":3,"featured_media":34310,"comment_status":"open","ping_status":"open","sticky":false,"template":"","format":"standard","meta":{"iawp_total_views":13,"footnotes":""},"categories":[178],"tags":[30,26,17,130,18,138],"class_list":["post-34298","post","type-post","status-publish","format-standard","has-post-thumbnail","hentry","category-articulos-y-comunicados","tag-derechos-humanos","tag-feminismo","tag-maltrato","tag-mujeres","tag-politicas-publicas","tag-violencia"],"nelio_content":{"autoShareEndMode":"never","automationSources":{"useCustomSentences":false,"customSentences":[]},"efiAlt":"","efiUrl":"","followers":[3],"highlights":[],"isAutoShareEnabled":true,"networkImageIds":[],"permalinkQueryArgs":[],"series":[],"suggestedReferences":[]},"yoast_head":"<!-- This site is optimized with the Yoast SEO plugin v27.5 - https:\/\/yoast.com\/product\/yoast-seo-wordpress\/ -->\n<title>Eileen Truax: \u201cTodas las violencias que pueda sufrir una mujer las sufren las mujeres migrantes\u201d - Diario Digital Femenino<\/title>\n<meta name=\"description\" content=\"Eileen Truax: \u201cTodas las violencias que pueda sufrir una mujer las sufren las mujeres migrantes\u201d. Periodista especializada en migraciones.\" \/>\n<meta name=\"robots\" content=\"index, follow, max-snippet:-1, max-image-preview:large, max-video-preview:-1\" \/>\n<link rel=\"canonical\" href=\"https:\/\/diariofemenino.com.ar\/df\/eileen-truax-todas-las-violencias-que-pueda-sufrir-una-mujer-las-sufren-las-mujeres-migrantes\/\" \/>\n<meta property=\"og:locale\" content=\"es_ES\" \/>\n<meta property=\"og:type\" content=\"article\" \/>\n<meta property=\"og:title\" content=\"Eileen Truax: \u201cTodas las violencias que pueda sufrir una mujer las sufren las mujeres migrantes\u201d - Diario Digital Femenino\" \/>\n<meta property=\"og:description\" content=\"Eileen Truax: \u201cTodas las violencias que pueda sufrir una mujer las sufren las mujeres migrantes\u201d. Periodista especializada en migraciones.\" \/>\n<meta property=\"og:url\" content=\"https:\/\/diariofemenino.com.ar\/df\/eileen-truax-todas-las-violencias-que-pueda-sufrir-una-mujer-las-sufren-las-mujeres-migrantes\/\" \/>\n<meta property=\"og:site_name\" content=\"Diario Digital Femenino\" \/>\n<meta property=\"article:publisher\" content=\"https:\/\/www.facebook.com\/DiarioDigitaFemenino\/\" \/>\n<meta property=\"article:published_time\" content=\"2019-04-17T18:04:13+00:00\" \/>\n<meta property=\"og:image\" content=\"https:\/\/diariofemenino.com.ar\/df\/wp-content\/uploads\/2019\/04\/migrantes-mexicanas-g.jpg\" \/>\n\t<meta property=\"og:image:width\" content=\"720\" \/>\n\t<meta property=\"og:image:height\" content=\"392\" \/>\n\t<meta property=\"og:image:type\" content=\"image\/jpeg\" \/>\n<meta name=\"author\" content=\"Admin\" \/>\n<meta name=\"twitter:card\" content=\"summary_large_image\" \/>\n<meta name=\"twitter:creator\" content=\"@DiarioFemenino1\" \/>\n<meta name=\"twitter:site\" content=\"@DiarioFemenino1\" \/>\n<meta name=\"twitter:label1\" content=\"Escrito por\" \/>\n\t<meta name=\"twitter:data1\" content=\"Admin\" \/>\n\t<meta name=\"twitter:label2\" content=\"Tiempo de lectura\" \/>\n\t<meta name=\"twitter:data2\" content=\"16 minutos\" \/>\n<script type=\"application\/ld+json\" class=\"yoast-schema-graph\">{\"@context\":\"https:\\\/\\\/schema.org\",\"@graph\":[{\"@type\":\"Article\",\"@id\":\"https:\\\/\\\/diariofemenino.com.ar\\\/df\\\/eileen-truax-todas-las-violencias-que-pueda-sufrir-una-mujer-las-sufren-las-mujeres-migrantes\\\/#article\",\"isPartOf\":{\"@id\":\"https:\\\/\\\/diariofemenino.com.ar\\\/df\\\/eileen-truax-todas-las-violencias-que-pueda-sufrir-una-mujer-las-sufren-las-mujeres-migrantes\\\/\"},\"author\":{\"name\":\"Admin\",\"@id\":\"https:\\\/\\\/diariofemenino.com.ar\\\/df\\\/#\\\/schema\\\/person\\\/1c36bc3bf394d8ec320814298b4fdd3f\"},\"headline\":\"Eileen Truax: \u201cTodas las violencias que pueda sufrir una mujer las sufren las mujeres migrantes\u201d\",\"datePublished\":\"2019-04-17T18:04:13+00:00\",\"mainEntityOfPage\":{\"@id\":\"https:\\\/\\\/diariofemenino.com.ar\\\/df\\\/eileen-truax-todas-las-violencias-que-pueda-sufrir-una-mujer-las-sufren-las-mujeres-migrantes\\\/\"},\"wordCount\":3194,\"commentCount\":0,\"publisher\":{\"@id\":\"https:\\\/\\\/diariofemenino.com.ar\\\/df\\\/#organization\"},\"image\":{\"@id\":\"https:\\\/\\\/diariofemenino.com.ar\\\/df\\\/eileen-truax-todas-las-violencias-que-pueda-sufrir-una-mujer-las-sufren-las-mujeres-migrantes\\\/#primaryimage\"},\"thumbnailUrl\":\"https:\\\/\\\/diariofemenino.com.ar\\\/df\\\/wp-content\\\/uploads\\\/2019\\\/04\\\/migrantes-mexicanas-g.jpg\",\"keywords\":[\"Derechos Humanos\",\"Feminismo\",\"Maltrato\",\"Mujeres\",\"Pol\u00edticas p\u00fablicas\",\"Violencia\"],\"articleSection\":[\"Art\u00edculos y Comunicados\"],\"inLanguage\":\"es\",\"potentialAction\":[{\"@type\":\"CommentAction\",\"name\":\"Comment\",\"target\":[\"https:\\\/\\\/diariofemenino.com.ar\\\/df\\\/eileen-truax-todas-las-violencias-que-pueda-sufrir-una-mujer-las-sufren-las-mujeres-migrantes\\\/#respond\"]}]},{\"@type\":\"WebPage\",\"@id\":\"https:\\\/\\\/diariofemenino.com.ar\\\/df\\\/eileen-truax-todas-las-violencias-que-pueda-sufrir-una-mujer-las-sufren-las-mujeres-migrantes\\\/\",\"url\":\"https:\\\/\\\/diariofemenino.com.ar\\\/df\\\/eileen-truax-todas-las-violencias-que-pueda-sufrir-una-mujer-las-sufren-las-mujeres-migrantes\\\/\",\"name\":\"Eileen Truax: \u201cTodas las violencias que pueda sufrir una mujer las sufren las mujeres migrantes\u201d - Diario Digital Femenino\",\"isPartOf\":{\"@id\":\"https:\\\/\\\/diariofemenino.com.ar\\\/df\\\/#website\"},\"primaryImageOfPage\":{\"@id\":\"https:\\\/\\\/diariofemenino.com.ar\\\/df\\\/eileen-truax-todas-las-violencias-que-pueda-sufrir-una-mujer-las-sufren-las-mujeres-migrantes\\\/#primaryimage\"},\"image\":{\"@id\":\"https:\\\/\\\/diariofemenino.com.ar\\\/df\\\/eileen-truax-todas-las-violencias-que-pueda-sufrir-una-mujer-las-sufren-las-mujeres-migrantes\\\/#primaryimage\"},\"thumbnailUrl\":\"https:\\\/\\\/diariofemenino.com.ar\\\/df\\\/wp-content\\\/uploads\\\/2019\\\/04\\\/migrantes-mexicanas-g.jpg\",\"datePublished\":\"2019-04-17T18:04:13+00:00\",\"description\":\"Eileen Truax: \u201cTodas las violencias que pueda sufrir una mujer las sufren las mujeres migrantes\u201d. Periodista especializada en migraciones.\",\"breadcrumb\":{\"@id\":\"https:\\\/\\\/diariofemenino.com.ar\\\/df\\\/eileen-truax-todas-las-violencias-que-pueda-sufrir-una-mujer-las-sufren-las-mujeres-migrantes\\\/#breadcrumb\"},\"inLanguage\":\"es\",\"potentialAction\":[{\"@type\":\"ReadAction\",\"target\":[\"https:\\\/\\\/diariofemenino.com.ar\\\/df\\\/eileen-truax-todas-las-violencias-que-pueda-sufrir-una-mujer-las-sufren-las-mujeres-migrantes\\\/\"]}]},{\"@type\":\"ImageObject\",\"inLanguage\":\"es\",\"@id\":\"https:\\\/\\\/diariofemenino.com.ar\\\/df\\\/eileen-truax-todas-las-violencias-que-pueda-sufrir-una-mujer-las-sufren-las-mujeres-migrantes\\\/#primaryimage\",\"url\":\"https:\\\/\\\/diariofemenino.com.ar\\\/df\\\/wp-content\\\/uploads\\\/2019\\\/04\\\/migrantes-mexicanas-g.jpg\",\"contentUrl\":\"https:\\\/\\\/diariofemenino.com.ar\\\/df\\\/wp-content\\\/uploads\\\/2019\\\/04\\\/migrantes-mexicanas-g.jpg\",\"width\":720,\"height\":392},{\"@type\":\"BreadcrumbList\",\"@id\":\"https:\\\/\\\/diariofemenino.com.ar\\\/df\\\/eileen-truax-todas-las-violencias-que-pueda-sufrir-una-mujer-las-sufren-las-mujeres-migrantes\\\/#breadcrumb\",\"itemListElement\":[{\"@type\":\"ListItem\",\"position\":1,\"name\":\"Portada\",\"item\":\"https:\\\/\\\/diariofemenino.com.ar\\\/df\\\/\"},{\"@type\":\"ListItem\",\"position\":2,\"name\":\"Eileen Truax: \u201cTodas las violencias que pueda sufrir una mujer las sufren las mujeres migrantes\u201d\"}]},{\"@type\":\"WebSite\",\"@id\":\"https:\\\/\\\/diariofemenino.com.ar\\\/df\\\/#website\",\"url\":\"https:\\\/\\\/diariofemenino.com.ar\\\/df\\\/\",\"name\":\"Diario Digital Femenino\",\"description\":\"Cuesti\u00f3n de G\u00e9nero\",\"publisher\":{\"@id\":\"https:\\\/\\\/diariofemenino.com.ar\\\/df\\\/#organization\"},\"potentialAction\":[{\"@type\":\"SearchAction\",\"target\":{\"@type\":\"EntryPoint\",\"urlTemplate\":\"https:\\\/\\\/diariofemenino.com.ar\\\/df\\\/?s={search_term_string}\"},\"query-input\":{\"@type\":\"PropertyValueSpecification\",\"valueRequired\":true,\"valueName\":\"search_term_string\"}}],\"inLanguage\":\"es\"},{\"@type\":\"Organization\",\"@id\":\"https:\\\/\\\/diariofemenino.com.ar\\\/df\\\/#organization\",\"name\":\"Diario Femenino\",\"url\":\"https:\\\/\\\/diariofemenino.com.ar\\\/df\\\/\",\"logo\":{\"@type\":\"ImageObject\",\"inLanguage\":\"es\",\"@id\":\"https:\\\/\\\/diariofemenino.com.ar\\\/df\\\/#\\\/schema\\\/logo\\\/image\\\/\",\"url\":\"https:\\\/\\\/diariofemenino.com.ar\\\/df\\\/wp-content\\\/uploads\\\/2018\\\/10\\\/logo.png\",\"contentUrl\":\"https:\\\/\\\/diariofemenino.com.ar\\\/df\\\/wp-content\\\/uploads\\\/2018\\\/10\\\/logo.png\",\"width\":500,\"height\":92,\"caption\":\"Diario Femenino\"},\"image\":{\"@id\":\"https:\\\/\\\/diariofemenino.com.ar\\\/df\\\/#\\\/schema\\\/logo\\\/image\\\/\"},\"sameAs\":[\"https:\\\/\\\/www.facebook.com\\\/DiarioDigitaFemenino\\\/\",\"https:\\\/\\\/x.com\\\/DiarioFemenino1\"]},{\"@type\":\"Person\",\"@id\":\"https:\\\/\\\/diariofemenino.com.ar\\\/df\\\/#\\\/schema\\\/person\\\/1c36bc3bf394d8ec320814298b4fdd3f\",\"name\":\"Admin\",\"image\":{\"@type\":\"ImageObject\",\"inLanguage\":\"es\",\"@id\":\"https:\\\/\\\/diariofemenino.com.ar\\\/df\\\/wp-content\\\/uploads\\\/2018\\\/12\\\/favicon-150x150.jpg\",\"url\":\"https:\\\/\\\/diariofemenino.com.ar\\\/df\\\/wp-content\\\/uploads\\\/2018\\\/12\\\/favicon-150x150.jpg\",\"contentUrl\":\"https:\\\/\\\/diariofemenino.com.ar\\\/df\\\/wp-content\\\/uploads\\\/2018\\\/12\\\/favicon-150x150.jpg\",\"caption\":\"Admin\"},\"url\":\"https:\\\/\\\/diariofemenino.com.ar\\\/df\\\/author\\\/sofiperez\\\/\"}]}<\/script>\n<!-- \/ Yoast SEO plugin. -->","yoast_head_json":{"title":"Eileen Truax: \u201cTodas las violencias que pueda sufrir una mujer las sufren las mujeres migrantes\u201d - Diario Digital Femenino","description":"Eileen Truax: \u201cTodas las violencias que pueda sufrir una mujer las sufren las mujeres migrantes\u201d. Periodista especializada en migraciones.","robots":{"index":"index","follow":"follow","max-snippet":"max-snippet:-1","max-image-preview":"max-image-preview:large","max-video-preview":"max-video-preview:-1"},"canonical":"https:\/\/diariofemenino.com.ar\/df\/eileen-truax-todas-las-violencias-que-pueda-sufrir-una-mujer-las-sufren-las-mujeres-migrantes\/","og_locale":"es_ES","og_type":"article","og_title":"Eileen Truax: \u201cTodas las violencias que pueda sufrir una mujer las sufren las mujeres migrantes\u201d - Diario Digital Femenino","og_description":"Eileen Truax: \u201cTodas las violencias que pueda sufrir una mujer las sufren las mujeres migrantes\u201d. Periodista especializada en migraciones.","og_url":"https:\/\/diariofemenino.com.ar\/df\/eileen-truax-todas-las-violencias-que-pueda-sufrir-una-mujer-las-sufren-las-mujeres-migrantes\/","og_site_name":"Diario Digital Femenino","article_publisher":"https:\/\/www.facebook.com\/DiarioDigitaFemenino\/","article_published_time":"2019-04-17T18:04:13+00:00","og_image":[{"width":720,"height":392,"url":"https:\/\/diariofemenino.com.ar\/df\/wp-content\/uploads\/2019\/04\/migrantes-mexicanas-g.jpg","type":"image\/jpeg"}],"author":"Admin","twitter_card":"summary_large_image","twitter_creator":"@DiarioFemenino1","twitter_site":"@DiarioFemenino1","twitter_misc":{"Escrito por":"Admin","Tiempo de lectura":"16 minutos"},"schema":{"@context":"https:\/\/schema.org","@graph":[{"@type":"Article","@id":"https:\/\/diariofemenino.com.ar\/df\/eileen-truax-todas-las-violencias-que-pueda-sufrir-una-mujer-las-sufren-las-mujeres-migrantes\/#article","isPartOf":{"@id":"https:\/\/diariofemenino.com.ar\/df\/eileen-truax-todas-las-violencias-que-pueda-sufrir-una-mujer-las-sufren-las-mujeres-migrantes\/"},"author":{"name":"Admin","@id":"https:\/\/diariofemenino.com.ar\/df\/#\/schema\/person\/1c36bc3bf394d8ec320814298b4fdd3f"},"headline":"Eileen Truax: \u201cTodas las violencias que pueda sufrir una mujer las sufren las mujeres migrantes\u201d","datePublished":"2019-04-17T18:04:13+00:00","mainEntityOfPage":{"@id":"https:\/\/diariofemenino.com.ar\/df\/eileen-truax-todas-las-violencias-que-pueda-sufrir-una-mujer-las-sufren-las-mujeres-migrantes\/"},"wordCount":3194,"commentCount":0,"publisher":{"@id":"https:\/\/diariofemenino.com.ar\/df\/#organization"},"image":{"@id":"https:\/\/diariofemenino.com.ar\/df\/eileen-truax-todas-las-violencias-que-pueda-sufrir-una-mujer-las-sufren-las-mujeres-migrantes\/#primaryimage"},"thumbnailUrl":"https:\/\/diariofemenino.com.ar\/df\/wp-content\/uploads\/2019\/04\/migrantes-mexicanas-g.jpg","keywords":["Derechos Humanos","Feminismo","Maltrato","Mujeres","Pol\u00edticas p\u00fablicas","Violencia"],"articleSection":["Art\u00edculos y Comunicados"],"inLanguage":"es","potentialAction":[{"@type":"CommentAction","name":"Comment","target":["https:\/\/diariofemenino.com.ar\/df\/eileen-truax-todas-las-violencias-que-pueda-sufrir-una-mujer-las-sufren-las-mujeres-migrantes\/#respond"]}]},{"@type":"WebPage","@id":"https:\/\/diariofemenino.com.ar\/df\/eileen-truax-todas-las-violencias-que-pueda-sufrir-una-mujer-las-sufren-las-mujeres-migrantes\/","url":"https:\/\/diariofemenino.com.ar\/df\/eileen-truax-todas-las-violencias-que-pueda-sufrir-una-mujer-las-sufren-las-mujeres-migrantes\/","name":"Eileen Truax: \u201cTodas las violencias que pueda sufrir una mujer las sufren las mujeres migrantes\u201d - Diario Digital Femenino","isPartOf":{"@id":"https:\/\/diariofemenino.com.ar\/df\/#website"},"primaryImageOfPage":{"@id":"https:\/\/diariofemenino.com.ar\/df\/eileen-truax-todas-las-violencias-que-pueda-sufrir-una-mujer-las-sufren-las-mujeres-migrantes\/#primaryimage"},"image":{"@id":"https:\/\/diariofemenino.com.ar\/df\/eileen-truax-todas-las-violencias-que-pueda-sufrir-una-mujer-las-sufren-las-mujeres-migrantes\/#primaryimage"},"thumbnailUrl":"https:\/\/diariofemenino.com.ar\/df\/wp-content\/uploads\/2019\/04\/migrantes-mexicanas-g.jpg","datePublished":"2019-04-17T18:04:13+00:00","description":"Eileen Truax: \u201cTodas las violencias que pueda sufrir una mujer las sufren las mujeres migrantes\u201d. Periodista especializada en migraciones.","breadcrumb":{"@id":"https:\/\/diariofemenino.com.ar\/df\/eileen-truax-todas-las-violencias-que-pueda-sufrir-una-mujer-las-sufren-las-mujeres-migrantes\/#breadcrumb"},"inLanguage":"es","potentialAction":[{"@type":"ReadAction","target":["https:\/\/diariofemenino.com.ar\/df\/eileen-truax-todas-las-violencias-que-pueda-sufrir-una-mujer-las-sufren-las-mujeres-migrantes\/"]}]},{"@type":"ImageObject","inLanguage":"es","@id":"https:\/\/diariofemenino.com.ar\/df\/eileen-truax-todas-las-violencias-que-pueda-sufrir-una-mujer-las-sufren-las-mujeres-migrantes\/#primaryimage","url":"https:\/\/diariofemenino.com.ar\/df\/wp-content\/uploads\/2019\/04\/migrantes-mexicanas-g.jpg","contentUrl":"https:\/\/diariofemenino.com.ar\/df\/wp-content\/uploads\/2019\/04\/migrantes-mexicanas-g.jpg","width":720,"height":392},{"@type":"BreadcrumbList","@id":"https:\/\/diariofemenino.com.ar\/df\/eileen-truax-todas-las-violencias-que-pueda-sufrir-una-mujer-las-sufren-las-mujeres-migrantes\/#breadcrumb","itemListElement":[{"@type":"ListItem","position":1,"name":"Portada","item":"https:\/\/diariofemenino.com.ar\/df\/"},{"@type":"ListItem","position":2,"name":"Eileen Truax: \u201cTodas las violencias que pueda sufrir una mujer las sufren las mujeres migrantes\u201d"}]},{"@type":"WebSite","@id":"https:\/\/diariofemenino.com.ar\/df\/#website","url":"https:\/\/diariofemenino.com.ar\/df\/","name":"Diario Digital Femenino","description":"Cuesti\u00f3n de G\u00e9nero","publisher":{"@id":"https:\/\/diariofemenino.com.ar\/df\/#organization"},"potentialAction":[{"@type":"SearchAction","target":{"@type":"EntryPoint","urlTemplate":"https:\/\/diariofemenino.com.ar\/df\/?s={search_term_string}"},"query-input":{"@type":"PropertyValueSpecification","valueRequired":true,"valueName":"search_term_string"}}],"inLanguage":"es"},{"@type":"Organization","@id":"https:\/\/diariofemenino.com.ar\/df\/#organization","name":"Diario Femenino","url":"https:\/\/diariofemenino.com.ar\/df\/","logo":{"@type":"ImageObject","inLanguage":"es","@id":"https:\/\/diariofemenino.com.ar\/df\/#\/schema\/logo\/image\/","url":"https:\/\/diariofemenino.com.ar\/df\/wp-content\/uploads\/2018\/10\/logo.png","contentUrl":"https:\/\/diariofemenino.com.ar\/df\/wp-content\/uploads\/2018\/10\/logo.png","width":500,"height":92,"caption":"Diario Femenino"},"image":{"@id":"https:\/\/diariofemenino.com.ar\/df\/#\/schema\/logo\/image\/"},"sameAs":["https:\/\/www.facebook.com\/DiarioDigitaFemenino\/","https:\/\/x.com\/DiarioFemenino1"]},{"@type":"Person","@id":"https:\/\/diariofemenino.com.ar\/df\/#\/schema\/person\/1c36bc3bf394d8ec320814298b4fdd3f","name":"Admin","image":{"@type":"ImageObject","inLanguage":"es","@id":"https:\/\/diariofemenino.com.ar\/df\/wp-content\/uploads\/2018\/12\/favicon-150x150.jpg","url":"https:\/\/diariofemenino.com.ar\/df\/wp-content\/uploads\/2018\/12\/favicon-150x150.jpg","contentUrl":"https:\/\/diariofemenino.com.ar\/df\/wp-content\/uploads\/2018\/12\/favicon-150x150.jpg","caption":"Admin"},"url":"https:\/\/diariofemenino.com.ar\/df\/author\/sofiperez\/"}]}},"jetpack_featured_media_url":"https:\/\/diariofemenino.com.ar\/df\/wp-content\/uploads\/2019\/04\/migrantes-mexicanas-g.jpg","jetpack_sharing_enabled":true,"rttpg_featured_image_url":{"full":["https:\/\/diariofemenino.com.ar\/df\/wp-content\/uploads\/2019\/04\/migrantes-mexicanas-g.jpg",720,392,false],"landscape":["https:\/\/diariofemenino.com.ar\/df\/wp-content\/uploads\/2019\/04\/migrantes-mexicanas-g.jpg",720,392,false],"portraits":["https:\/\/diariofemenino.com.ar\/df\/wp-content\/uploads\/2019\/04\/migrantes-mexicanas-g.jpg",720,392,false],"thumbnail":["https:\/\/diariofemenino.com.ar\/df\/wp-content\/uploads\/2019\/04\/migrantes-mexicanas-g-150x150.jpg",150,150,true],"medium":["https:\/\/diariofemenino.com.ar\/df\/wp-content\/uploads\/2019\/04\/migrantes-mexicanas-g-300x163.jpg",300,163,true],"large":["https:\/\/diariofemenino.com.ar\/df\/wp-content\/uploads\/2019\/04\/migrantes-mexicanas-g.jpg",720,392,false],"1536x1536":["https:\/\/diariofemenino.com.ar\/df\/wp-content\/uploads\/2019\/04\/migrantes-mexicanas-g.jpg",720,392,false],"2048x2048":["https:\/\/diariofemenino.com.ar\/df\/wp-content\/uploads\/2019\/04\/migrantes-mexicanas-g.jpg",720,392,false]},"rttpg_author":{"display_name":"Admin","author_link":"https:\/\/diariofemenino.com.ar\/df\/author\/sofiperez\/"},"rttpg_comment":0,"rttpg_category":"<a href=\"https:\/\/diariofemenino.com.ar\/df\/category\/articulos-y-comunicados\/\" rel=\"category tag\">Art\u00edculos y Comunicados<\/a>","rttpg_excerpt":"Periodista especializada en migraciones, Eileen Truax es directora de contenidos del I Congreso de Periodismo de Migraci\u00f3n, que se celebrar\u00e1 en la localidad extreme\u00f1a de M\u00e9rida en octubre. Eileen Truax es originaria de Ciudad de M\u00e9xico, donde fue reportera pol\u00edtica y corresponsal en el Congreso. En 2004 se mud\u00f3 a Estados Unidos y trabaj\u00f3 durante&hellip;","_links":{"self":[{"href":"https:\/\/diariofemenino.com.ar\/df\/wp-json\/wp\/v2\/posts\/34298","targetHints":{"allow":["GET"]}}],"collection":[{"href":"https:\/\/diariofemenino.com.ar\/df\/wp-json\/wp\/v2\/posts"}],"about":[{"href":"https:\/\/diariofemenino.com.ar\/df\/wp-json\/wp\/v2\/types\/post"}],"author":[{"embeddable":true,"href":"https:\/\/diariofemenino.com.ar\/df\/wp-json\/wp\/v2\/users\/3"}],"replies":[{"embeddable":true,"href":"https:\/\/diariofemenino.com.ar\/df\/wp-json\/wp\/v2\/comments?post=34298"}],"version-history":[{"count":0,"href":"https:\/\/diariofemenino.com.ar\/df\/wp-json\/wp\/v2\/posts\/34298\/revisions"}],"wp:featuredmedia":[{"embeddable":true,"href":"https:\/\/diariofemenino.com.ar\/df\/wp-json\/wp\/v2\/media\/34310"}],"wp:attachment":[{"href":"https:\/\/diariofemenino.com.ar\/df\/wp-json\/wp\/v2\/media?parent=34298"}],"wp:term":[{"taxonomy":"category","embeddable":true,"href":"https:\/\/diariofemenino.com.ar\/df\/wp-json\/wp\/v2\/categories?post=34298"},{"taxonomy":"post_tag","embeddable":true,"href":"https:\/\/diariofemenino.com.ar\/df\/wp-json\/wp\/v2\/tags?post=34298"}],"curies":[{"name":"wp","href":"https:\/\/api.w.org\/{rel}","templated":true}]}}