{"id":33913,"date":"2019-04-05T18:45:59","date_gmt":"2019-04-05T21:45:59","guid":{"rendered":"https:\/\/diariofemenino.com.ar\/?p=33913"},"modified":"2022-03-27T18:22:38","modified_gmt":"2022-03-27T21:22:38","slug":"por-que-se-silencio-el-rol-de-las-mujeres-en-la-guerra-de-malvinas","status":"publish","type":"post","link":"https:\/\/diariofemenino.com.ar\/df\/por-que-se-silencio-el-rol-de-las-mujeres-en-la-guerra-de-malvinas\/","title":{"rendered":"\u00bfPor qu\u00e9 se silenci\u00f3 el rol de las mujeres en la guerra de Malvinas?"},"content":{"rendered":"<div class=\"container-single penci-single-style-8 penci-header-text-white container-single-magazine\">\n<div class=\"post-image penci-move-title-above \">\n<div class=\"standard-post-special_wrapper\">\n<div class=\"header-standard header-classic single-header\">\n<div>\u00bfPor qu\u00e9 se silenci\u00f3?<\/p>\n<\/div>\n<div class=\"post-box-meta-single\"><b>En la reconstrucci\u00f3n colectiva de uno de los episodios m\u00e1s tristes de nuestra historia reciente, hubo mujeres que jugaron un papel fundamental y que, sin embargo, contin\u00faan sin ser reconocidas. Enfermeras,\u00a0<strong>instrumentadoras quir\u00fargicas y especialistas en terapia intensiva estuvieron presentes en mar y tierra, brindando atenci\u00f3n sanitaria a los heridos que regresaban de las Islas Malvinas. \u00bfPor qu\u00e9 tuvo que pasar tanto tiempo para que se hablara de la presencia de las mujeres en la guerra?<\/strong><\/b><\/div>\n<\/div>\n<\/div>\n<\/div>\n<\/div>\n<div class=\"post-entry blockquote-style-1\">\n<div class=\"inner-post-entry entry-content\">\n<hr \/>\n<p><span class=\"author-post byline\"><span class=\"author vcard\">Por\u00a0<a class=\"author-url url fn n\" href=\"https:\/\/www.laprimerapiedra.com.ar\/author\/laura\/\">Laura Verdile<\/a><\/span><\/span><\/p>\n<hr \/>\n<p class=\"selectionShareable\"><strong>La invisibilizaci\u00f3n del rol de las <a href=\"https:\/\/diariofemenino.com.ar\/df\/las-aspirantes-mujeres-invisibles-de-malvinas\/\">mujeres<\/a> en numerosos episodios de la Historia universal y argentina<\/strong>\u00a0es una constante que hasta hace no mucho tiempo parec\u00eda imposible de revertir. Hoy eso est\u00e1 cambiando gracias a las luchas de los movimientos feministas en la sociedad y a la necesidad de desarmar los papeles tradicionalmente asignados por la cultura machista, de mostrar la actividad de las mujeres \u2013 antes oculta \u2013 en todos los \u00e1mbitos. En este sentido,\u00a0<strong>la Guerra de Malvinas no fue la excepci\u00f3n<\/strong>: tuvieron que pasar muchos a\u00f1os para que finalmente se reconociera la presencia de\u00a0<strong>veteranas que tuvieron una participaci\u00f3n activa en el conflicto b\u00e9lico y que fueron excluidas de la memoria colectiva.\u00a0<\/strong><\/p>\n<blockquote>\n<p class=\"selectionShareable\">Tuvieron que pasar muchos a\u00f1os para que finalmente se reconociera la presencia de veteranas que tuvieron una participaci\u00f3n activa en la Guerra de Malvinas y que fueron excluidas de la memoria colectiva.<\/p>\n<\/blockquote>\n<p class=\"selectionShareable\">El trabajo de la escritora y periodista\u00a0<strong>Alicia Panero<\/strong>\u00a0jug\u00f3 una funci\u00f3n esencial para recuperar esta parte olvidada de la <a href=\"https:\/\/diariofemenino.com.ar\/df\/la-historia-de-tahiana\/\">historia<\/a>. Su libro\u00a0<strong><em>Mujeres invisibles<\/em><\/strong>, editado en 2014 y de difusi\u00f3n gratuita mediante la plataforma digital Bubok, re\u00fane testimonios de aquellas trabajadoras de la salud de entre\u00a0<strong>15 y 30 a\u00f1os de edad<\/strong>, que recibieron a los heridos y los contuvieron emocionalmente tras ser evacuados de las islas.\u00a0<strong>Fueron trabajadora de la salud, entre ellas enfermeras, instrumentadoras quir\u00fargicas y especialistas en terapia intensiva\u00a0<\/strong>que, a diferencia de las enfermeras brit\u00e1nicas que ya eran profesionales, reci\u00e9n estaban iniciando su carrera.<\/p>\n<hr \/>\n<div id=\"attachment_23835\" class=\"wp-caption aligncenter\">\n<figure id=\"attachment_23835\" aria-describedby=\"caption-attachment-23835\" style=\"width: 621px\" class=\"wp-caption aligncenter\"><img loading=\"lazy\" decoding=\"async\" class=\"wp-image-23835\" src=\"https:\/\/www.laprimerapiedra.com.ar\/wp-content\/uploads\/NUFECOBIIBF55JXT5GMHTPQBBY.jpg\" sizes=\"auto, (max-width: 621px) 100vw, 621px\" srcset=\"https:\/\/www.laprimerapiedra.com.ar\/wp-content\/uploads\/NUFECOBIIBF55JXT5GMHTPQBBY.jpg 600w, https:\/\/www.laprimerapiedra.com.ar\/wp-content\/uploads\/NUFECOBIIBF55JXT5GMHTPQBBY-300x169.jpg 300w, https:\/\/www.laprimerapiedra.com.ar\/wp-content\/uploads\/NUFECOBIIBF55JXT5GMHTPQBBY-585x329.jpg 585w\" alt=\"\" width=\"621\" height=\"349\" \/><figcaption id=\"caption-attachment-23835\" class=\"wp-caption-text\">\u00bfPor qu\u00e9 se silenci\u00f3?\u00a0Mujeres en la guerra de Malvinas. Enfermeras del buque hospital Almirante Ir\u00edzar<\/figcaption><\/figure>\n<p class=\"wp-caption-text selectionShareable\">\n<\/div>\n<p class=\"selectionShareable\"><strong>Las mujeres que participaron de la guerra fueron distribuidas tanto en tierra como en mar.<\/strong>\u00a0El buque hospital m\u00e1s grande que tuvo Argentina, el ARA Almirante Ir\u00edzar, cont\u00f3 con\u00a0<strong>siete enfermeras civiles voluntarias<\/strong>\u00a0que se embarcaron el 4 de junio y que estuvieron presentes en la zona de conflicto a partir de la cual se las debe reconocer como veteranas, acorde a la ley. Al igual que las trece ubicadas en el Hospital Reubicable de Comodoro Rivadavia,\u00a0<strong>ten\u00edan entre 21 y 24 a\u00f1os.<\/strong>\u00a0\u00c9stas \u00faltimas pertenec\u00edan a la Fuerza A\u00e9rea y\u00a0<strong>recib\u00edan a alrededor de treinta soldados por d\u00eda, trasladados en barcos y en aviones.<\/strong>\u00a0Seg\u00fan los testimonios recopilados por Panero, uno de los recuerdos m\u00e1s v\u00edvidos de aquellas mujeres es el de los heridos llamando a sus madres en cuanto se abr\u00edan las puertas del avi\u00f3n.<\/p>\n<blockquote>\n<p class=\"selectionShareable\">Las mujeres que participaron de la guerra fueron distribuidas tanto en tierra como en mar. El buque hospital m\u00e1s grande que tuvo Argentina, el ARA Almirante Ir\u00edzar, cont\u00f3 con siete enfermeras civiles voluntarias que se embarcaron el 4 de junio.<\/p>\n<\/blockquote>\n<p class=\"selectionShareable\">Tambi\u00e9n hubo varias mujeres que, al momento de iniciar la guerra, se encontraban<strong>\u00a0en las enfermer\u00edas de los buques de la Marina Mrcante y otras que trabajando en Puerto Belgrano,<\/strong>\u00a0en la configuraci\u00f3n de buques en hospitales de mar.\u00a0<strong>Ten\u00edan entre 15 y 16 a\u00f1os y eran aspirantes a enfermer\u00eda<\/strong>: en aquel momento, la Armada hab\u00eda abierto un curso para que las mujeres ingresaran a la carrera durante el Secundario. En una entrevista para\u00a0<em>Radio Continental<\/em>, Panero incluso describe el caso de una mujer que se hab\u00eda dado de baja seis meses antes de que iniciara el conflicto, pero a\u00fan as\u00ed, la Armada consider\u00f3 que segu\u00eda \u201cbajo bandera\u201d, la fue a buscar a la casa y la oblig\u00f3 a trabajar los 74 d\u00edas que dur\u00f3 la guerra y posteriormente atendiendo heridos.<\/p>\n<p class=\"selectionShareable\"><strong>(Leer nota relacionada:\u00a0<a href=\"https:\/\/www.laprimerapiedra.com.ar\/2018\/04\/guerra-de-malvinas-dictadura-civico-militar\/\" target=\"_blank\" rel=\"noopener\">Malvinas tambi\u00e9n fue la dictadura c\u00edvico-militar<\/a>)<\/strong><\/p>\n<hr \/>\n<div id=\"attachment_23834\" class=\"wp-caption aligncenter\">\n<figure id=\"attachment_23834\" aria-describedby=\"caption-attachment-23834\" style=\"width: 657px\" class=\"wp-caption aligncenter\"><img loading=\"lazy\" decoding=\"async\" class=\"wp-image-23834\" src=\"https:\/\/www.laprimerapiedra.com.ar\/wp-content\/uploads\/sonia-alesso.jpg\" sizes=\"auto, (max-width: 657px) 100vw, 657px\" srcset=\"https:\/\/www.laprimerapiedra.com.ar\/wp-content\/uploads\/sonia-alesso.jpg 600w, https:\/\/www.laprimerapiedra.com.ar\/wp-content\/uploads\/sonia-alesso-300x169.jpg 300w, https:\/\/www.laprimerapiedra.com.ar\/wp-content\/uploads\/sonia-alesso-585x329.jpg 585w\" alt=\"\u00bfPor qu\u00e9 se silenci\u00f3?\u00a0 Mujeres en la guerra de Malvinas. Sonia Escudero, enviada desde el Hospital Aeron\u00e1utico Central al Hospital Reubicable de Comodoro Rivadavia.\/ Fuente: \u201cMujeres invisibles\u201d\" width=\"657\" height=\"369\" \/><figcaption id=\"caption-attachment-23834\" class=\"wp-caption-text\">\u00bfPor qu\u00e9 se silenci\u00f3?\u00a0 Mujeres en la guerra de Malvinas. Sonia Escudero, enviada desde el Hospital Aeron\u00e1utico Central al Hospital Reubicable de Comodoro Rivadavia.\/ Fuente: \u201cMujeres invisibles\u201d<\/figcaption><\/figure>\n<p>&nbsp;<\/p>\n<\/div>\n<p class=\"selectionShareable\">Panero tambi\u00e9n muestra otra cara oculta que surge con la visibilizaci\u00f3n de las mujeres en la guerra:<strong>\u00a0el maltrato y el acoso que sufrieron por parte de los hombres en los puestos de trabajo.<\/strong>\u00a0En una entrevista para<em>\u00a0Infobae\u00a0<\/em>cuenta c\u00f3mo las trabajadoras el Ir\u00edzar fueron en un principio aisladas porque se dec\u00eda que \u201clas mujeres a bordo son mala suerte\u201d. Por otra parte, la autora concluye que las pertenecientes a la Fuerza A\u00e9rea fueron las que m\u00e1s sufrieron abuso verbal: \u201cEn un traslado de Buenos Aires a Comodoro Rivadavia, el comandante tuvo que llevar a la cabina a cinco mujeres de la Fuerza A\u00e9rea, porque\u00a0<strong>no paraban de gritarles cosas machistas y piropos [sic] subidos de tono<\/strong>.\u00a0<strong>No quer\u00edan que est\u00e9n ah\u00ed.<\/strong>\u00a0<strong>Tambi\u00e9n la pasaron mal en el hospital porque no estaban muy informadas de lo que estaba pasando.<\/strong>\u00a0Y mientras esperaban a los primeros heridos hac\u00edan vida de cuartel. No las ten\u00edan bien\u201d.<\/p>\n<blockquote>\n<p class=\"selectionShareable\">Adem\u00e1s de la atenci\u00f3n sanitaria, fue muy importante el apoyo y el v\u00ednculo emocional que las mujeres construyeron con los soldados: ellas eran el primer contacto que recib\u00edan despu\u00e9s de haberse estado en la zona del conflicto.<\/p>\n<\/blockquote>\n<p class=\"selectionShareable\"><strong>Adem\u00e1s de la atenci\u00f3n sanitaria, fue muy importante el apoyo y el v\u00ednculo emocional que las mujeres construyeron con los soldados<\/strong>: ellas eran el primer contacto que recib\u00edan despu\u00e9s de haberse estado en la zona del conflicto.\u00a0Seg\u00fan afirma Panero para\u00a0<em>Radio Continental<\/em>, el silenciamiento del rol de las mujeres fue inmediato. En ning\u00fan momento se les proporcion\u00f3 atenci\u00f3n m\u00e9dica o psicol\u00f3gica, ni se les permiti\u00f3 comunicarse con sus familias durante unos d\u00edas.\u00a0<strong>Pero adem\u00e1s \u2013 y como sucedi\u00f3 durante mucho tiempo despu\u00e9s \u2013 se les prohibi\u00f3 que hablaran sobre el tema<\/strong>,\u00a0<strong>principalmente porque hab\u00edan visto las condiciones en las que volv\u00edan los soldados,<\/strong>\u00a0mientras que los medios de comunicaci\u00f3n, en complicidad con la dictadura c\u00edvico-militar hab\u00edan construido una imagen distorsionada de los hechos.<\/p>\n<hr \/>\n<div id=\"attachment_23842\" class=\"wp-caption aligncenter\">\n<figure id=\"attachment_23842\" aria-describedby=\"caption-attachment-23842\" style=\"width: 650px\" class=\"wp-caption aligncenter\"><img loading=\"lazy\" decoding=\"async\" class=\"wp-image-23842\" src=\"https:\/\/www.laprimerapiedra.com.ar\/wp-content\/uploads\/5PJXZOOYBRALDFEZEO5AKVLNDU.jpg\" sizes=\"auto, (max-width: 650px) 100vw, 650px\" srcset=\"https:\/\/www.laprimerapiedra.com.ar\/wp-content\/uploads\/5PJXZOOYBRALDFEZEO5AKVLNDU.jpg 600w, https:\/\/www.laprimerapiedra.com.ar\/wp-content\/uploads\/5PJXZOOYBRALDFEZEO5AKVLNDU-300x169.jpg 300w, https:\/\/www.laprimerapiedra.com.ar\/wp-content\/uploads\/5PJXZOOYBRALDFEZEO5AKVLNDU-585x329.jpg 585w\" alt=\"\u00bfPor qu\u00e9 se silenci\u00f3?\u00a0 Mujeres en la guerra de Malvinas. Enfermeras en la sala de terapia intensiva del Hospital Reubicable de Comodoro Rivadavia.\/ Fuente: \u201cMujeres Invisibles\u201d\" width=\"650\" height=\"365\" \/><figcaption id=\"caption-attachment-23842\" class=\"wp-caption-text\">\u00bfPor qu\u00e9 se silenci\u00f3?\u00a0 Mujeres en la guerra de Malvinas. Enfermeras en la sala de terapia intensiva del Hospital Reubicable de Comodoro Rivadavia.\/ Fuente: \u201cMujeres Invisibles\u201d<\/figcaption><\/figure>\n<p class=\"wp-caption-text selectionShareable\">\n<\/div>\n<hr \/>\n<p class=\"selectionShareable\"><strong>Estas mujeres, que vivieron tambi\u00e9n el horror y la crudeza de la guerra fueron omitidas en la reconstrucci\u00f3n colectiva sobre uno de los episodios m\u00e1s tristes de nuestra historia reciente.<\/strong>\u00a0En la actualidad, y tal como relata Panero en su libro, de las m\u00e1s de 24 mil pensiones de veteranos de guerra que paga el Estado,\u00a0<strong>no son m\u00e1s de diez las mujeres que la reciben y que se encuentran contempladas en la legislaci\u00f3n.<\/strong>\u00a0El problema es que en la ley argentina solo se considera dentro de esta categor\u00eda a quien se encontr\u00f3 dentro de cierto per\u00edmetro de las islas,<strong>desconoci\u00e9ndose as\u00ed la labor de estas mujeres<\/strong>. Lo \u00fanico que recibieron a treinta a\u00f1os del conflicto fue una medalla que se envi\u00f3 a sus casas.<\/p>\n<p class=\"selectionShareable\">Muchas comenzaron a hablar del tema m\u00e1s de <a href=\"https:\/\/diariofemenino.com.ar\/la-historia-de-tahiana\/\">dos d\u00e9cadas despu\u00e9s<\/a>: hab\u00eda quienes descre\u00edan de su experiencia,\u00a0<strong>producto de tantos a\u00f1os de silenciamiento y del machismo que desvaloriza la palabra de la mujer.\u00a0<\/strong>Luego de un nuevo aniversario del comienzo de la guerra, es fundamental no olvidar el pasado reciente, pero tambi\u00e9n recuperar el papel que tuvieron las mujeres en la guerra, para que tengan el reconocimiento que se merecen y dejen de ser invisibilizadas, como sucede en una sociedad patriarcal que contin\u00faa discriminando por la sola pertenencia al g\u00e9nero.<\/p>\n<\/div>\n<\/div>\n<p>&nbsp;<\/p>\n<p>Fuente: <a href=\"https:\/\/www.laprimerapiedra.com.ar\/2018\/04\/mujeres-en-malvinas\/\">La Primera Piedra<\/a><\/p>\n<p><a href=\"https:\/\/diariofemenino.com.ar\/\">Diario Digital Femenino<\/a><\/p>\n","protected":false},"excerpt":{"rendered":"<p>\u00bfPor qu\u00e9 se silenci\u00f3? En la reconstrucci\u00f3n colectiva de uno de los episodios m\u00e1s tristes de nuestra historia reciente, hubo mujeres que jugaron un papel fundamental y que, sin embargo, contin\u00faan sin ser reconocidas. Enfermeras,\u00a0instrumentadoras quir\u00fargicas y especialistas en terapia intensiva estuvieron presentes en mar y tierra, brindando atenci\u00f3n sanitaria a los heridos que regresaban [&hellip;]<\/p>\n","protected":false},"author":3,"featured_media":33918,"comment_status":"open","ping_status":"open","sticky":false,"template":"","format":"standard","meta":{"iawp_total_views":2382,"footnotes":""},"categories":[1067,32],"tags":[1091,341,34,130],"class_list":["post-33913","post","type-post","status-publish","format-standard","has-post-thumbnail","hentry","category-agenda-feminista","category-mujeres","tag-guerra-malvinas","tag-historia","tag-machismo","tag-mujeres"],"nelio_content":{"autoShareEndMode":"never","automationSources":{"useCustomSentences":false,"customSentences":[]},"efiAlt":"","efiUrl":"","followers":[4,3],"highlights":[],"isAutoShareEnabled":true,"networkImageIds":[],"permalinkQueryArgs":[],"series":[],"suggestedReferences":[]},"yoast_head":"<!-- This site is optimized with the Yoast SEO plugin v27.5 - https:\/\/yoast.com\/product\/yoast-seo-wordpress\/ -->\n<title>\u00bfPor qu\u00e9 se silenci\u00f3 el rol de las mujeres en la guerra de Malvinas? - Diario Digital Femenino<\/title>\n<meta name=\"description\" content=\"\u00bfPor qu\u00e9 se silenci\u00f3?\u00a0E rol de las mujeres. MUJERES EN LA GUERRA DE MALVINAS. Uno de los episodios m\u00e1s tristes de nuestra historia.\" \/>\n<meta name=\"robots\" content=\"index, follow, max-snippet:-1, max-image-preview:large, max-video-preview:-1\" \/>\n<link rel=\"canonical\" href=\"https:\/\/diariofemenino.com.ar\/df\/por-que-se-silencio-el-rol-de-las-mujeres-en-la-guerra-de-malvinas\/\" \/>\n<meta property=\"og:locale\" content=\"es_ES\" \/>\n<meta property=\"og:type\" content=\"article\" \/>\n<meta property=\"og:title\" content=\"\u00bfPor qu\u00e9 se silenci\u00f3 el rol de las mujeres en la guerra de Malvinas? - Diario Digital Femenino\" \/>\n<meta property=\"og:description\" content=\"\u00bfPor qu\u00e9 se silenci\u00f3?\u00a0E rol de las mujeres. MUJERES EN LA GUERRA DE MALVINAS. Uno de los episodios m\u00e1s tristes de nuestra historia.\" \/>\n<meta property=\"og:url\" content=\"https:\/\/diariofemenino.com.ar\/df\/por-que-se-silencio-el-rol-de-las-mujeres-en-la-guerra-de-malvinas\/\" \/>\n<meta property=\"og:site_name\" content=\"Diario Digital Femenino\" \/>\n<meta property=\"article:publisher\" content=\"https:\/\/www.facebook.com\/DiarioDigitaFemenino\/\" \/>\n<meta property=\"article:published_time\" content=\"2019-04-05T21:45:59+00:00\" \/>\n<meta property=\"article:modified_time\" content=\"2022-03-27T21:22:38+00:00\" \/>\n<meta property=\"og:image\" content=\"https:\/\/diariofemenino.com.ar\/df\/wp-content\/uploads\/2019\/04\/Untitled-design-2-4.jpg\" \/>\n\t<meta property=\"og:image:width\" content=\"960\" \/>\n\t<meta property=\"og:image:height\" content=\"640\" \/>\n\t<meta property=\"og:image:type\" content=\"image\/jpeg\" \/>\n<meta name=\"author\" content=\"Admin\" \/>\n<meta name=\"twitter:card\" content=\"summary_large_image\" \/>\n<meta name=\"twitter:creator\" content=\"@DiarioFemenino1\" \/>\n<meta name=\"twitter:site\" content=\"@DiarioFemenino1\" \/>\n<meta name=\"twitter:label1\" content=\"Escrito por\" \/>\n\t<meta name=\"twitter:data1\" content=\"Admin\" \/>\n\t<meta name=\"twitter:label2\" content=\"Tiempo de lectura\" \/>\n\t<meta name=\"twitter:data2\" content=\"7 minutos\" \/>\n<script type=\"application\/ld+json\" class=\"yoast-schema-graph\">{\"@context\":\"https:\\\/\\\/schema.org\",\"@graph\":[{\"@type\":\"Article\",\"@id\":\"https:\\\/\\\/diariofemenino.com.ar\\\/df\\\/por-que-se-silencio-el-rol-de-las-mujeres-en-la-guerra-de-malvinas\\\/#article\",\"isPartOf\":{\"@id\":\"https:\\\/\\\/diariofemenino.com.ar\\\/df\\\/por-que-se-silencio-el-rol-de-las-mujeres-en-la-guerra-de-malvinas\\\/\"},\"author\":{\"name\":\"Admin\",\"@id\":\"https:\\\/\\\/diariofemenino.com.ar\\\/df\\\/#\\\/schema\\\/person\\\/1c36bc3bf394d8ec320814298b4fdd3f\"},\"headline\":\"\u00bfPor qu\u00e9 se silenci\u00f3 el rol de las mujeres en la guerra de Malvinas?\",\"datePublished\":\"2019-04-05T21:45:59+00:00\",\"dateModified\":\"2022-03-27T21:22:38+00:00\",\"mainEntityOfPage\":{\"@id\":\"https:\\\/\\\/diariofemenino.com.ar\\\/df\\\/por-que-se-silencio-el-rol-de-las-mujeres-en-la-guerra-de-malvinas\\\/\"},\"wordCount\":1380,\"commentCount\":14,\"publisher\":{\"@id\":\"https:\\\/\\\/diariofemenino.com.ar\\\/df\\\/#organization\"},\"image\":{\"@id\":\"https:\\\/\\\/diariofemenino.com.ar\\\/df\\\/por-que-se-silencio-el-rol-de-las-mujeres-en-la-guerra-de-malvinas\\\/#primaryimage\"},\"thumbnailUrl\":\"https:\\\/\\\/diariofemenino.com.ar\\\/df\\\/wp-content\\\/uploads\\\/2019\\\/04\\\/Untitled-design-2-4.jpg\",\"keywords\":[\"guerra malvinas\",\"Historia\",\"Machismo\",\"Mujeres\"],\"articleSection\":[\"Agenda Feminista\",\"Mujeres\"],\"inLanguage\":\"es\",\"potentialAction\":[{\"@type\":\"CommentAction\",\"name\":\"Comment\",\"target\":[\"https:\\\/\\\/diariofemenino.com.ar\\\/df\\\/por-que-se-silencio-el-rol-de-las-mujeres-en-la-guerra-de-malvinas\\\/#respond\"]}]},{\"@type\":\"WebPage\",\"@id\":\"https:\\\/\\\/diariofemenino.com.ar\\\/df\\\/por-que-se-silencio-el-rol-de-las-mujeres-en-la-guerra-de-malvinas\\\/\",\"url\":\"https:\\\/\\\/diariofemenino.com.ar\\\/df\\\/por-que-se-silencio-el-rol-de-las-mujeres-en-la-guerra-de-malvinas\\\/\",\"name\":\"\u00bfPor qu\u00e9 se silenci\u00f3 el rol de las mujeres en la guerra de Malvinas? - Diario Digital Femenino\",\"isPartOf\":{\"@id\":\"https:\\\/\\\/diariofemenino.com.ar\\\/df\\\/#website\"},\"primaryImageOfPage\":{\"@id\":\"https:\\\/\\\/diariofemenino.com.ar\\\/df\\\/por-que-se-silencio-el-rol-de-las-mujeres-en-la-guerra-de-malvinas\\\/#primaryimage\"},\"image\":{\"@id\":\"https:\\\/\\\/diariofemenino.com.ar\\\/df\\\/por-que-se-silencio-el-rol-de-las-mujeres-en-la-guerra-de-malvinas\\\/#primaryimage\"},\"thumbnailUrl\":\"https:\\\/\\\/diariofemenino.com.ar\\\/df\\\/wp-content\\\/uploads\\\/2019\\\/04\\\/Untitled-design-2-4.jpg\",\"datePublished\":\"2019-04-05T21:45:59+00:00\",\"dateModified\":\"2022-03-27T21:22:38+00:00\",\"description\":\"\u00bfPor qu\u00e9 se silenci\u00f3?\u00a0E rol de las mujeres. MUJERES EN LA GUERRA DE MALVINAS. Uno de los episodios m\u00e1s tristes de nuestra historia.\",\"breadcrumb\":{\"@id\":\"https:\\\/\\\/diariofemenino.com.ar\\\/df\\\/por-que-se-silencio-el-rol-de-las-mujeres-en-la-guerra-de-malvinas\\\/#breadcrumb\"},\"inLanguage\":\"es\",\"potentialAction\":[{\"@type\":\"ReadAction\",\"target\":[\"https:\\\/\\\/diariofemenino.com.ar\\\/df\\\/por-que-se-silencio-el-rol-de-las-mujeres-en-la-guerra-de-malvinas\\\/\"]}]},{\"@type\":\"ImageObject\",\"inLanguage\":\"es\",\"@id\":\"https:\\\/\\\/diariofemenino.com.ar\\\/df\\\/por-que-se-silencio-el-rol-de-las-mujeres-en-la-guerra-de-malvinas\\\/#primaryimage\",\"url\":\"https:\\\/\\\/diariofemenino.com.ar\\\/df\\\/wp-content\\\/uploads\\\/2019\\\/04\\\/Untitled-design-2-4.jpg\",\"contentUrl\":\"https:\\\/\\\/diariofemenino.com.ar\\\/df\\\/wp-content\\\/uploads\\\/2019\\\/04\\\/Untitled-design-2-4.jpg\",\"width\":960,\"height\":640},{\"@type\":\"BreadcrumbList\",\"@id\":\"https:\\\/\\\/diariofemenino.com.ar\\\/df\\\/por-que-se-silencio-el-rol-de-las-mujeres-en-la-guerra-de-malvinas\\\/#breadcrumb\",\"itemListElement\":[{\"@type\":\"ListItem\",\"position\":1,\"name\":\"Portada\",\"item\":\"https:\\\/\\\/diariofemenino.com.ar\\\/df\\\/\"},{\"@type\":\"ListItem\",\"position\":2,\"name\":\"\u00bfPor qu\u00e9 se silenci\u00f3 el rol de las mujeres en la guerra de Malvinas?\"}]},{\"@type\":\"WebSite\",\"@id\":\"https:\\\/\\\/diariofemenino.com.ar\\\/df\\\/#website\",\"url\":\"https:\\\/\\\/diariofemenino.com.ar\\\/df\\\/\",\"name\":\"Diario Digital Femenino\",\"description\":\"Cuesti\u00f3n de G\u00e9nero\",\"publisher\":{\"@id\":\"https:\\\/\\\/diariofemenino.com.ar\\\/df\\\/#organization\"},\"potentialAction\":[{\"@type\":\"SearchAction\",\"target\":{\"@type\":\"EntryPoint\",\"urlTemplate\":\"https:\\\/\\\/diariofemenino.com.ar\\\/df\\\/?s={search_term_string}\"},\"query-input\":{\"@type\":\"PropertyValueSpecification\",\"valueRequired\":true,\"valueName\":\"search_term_string\"}}],\"inLanguage\":\"es\"},{\"@type\":\"Organization\",\"@id\":\"https:\\\/\\\/diariofemenino.com.ar\\\/df\\\/#organization\",\"name\":\"Diario Femenino\",\"url\":\"https:\\\/\\\/diariofemenino.com.ar\\\/df\\\/\",\"logo\":{\"@type\":\"ImageObject\",\"inLanguage\":\"es\",\"@id\":\"https:\\\/\\\/diariofemenino.com.ar\\\/df\\\/#\\\/schema\\\/logo\\\/image\\\/\",\"url\":\"https:\\\/\\\/diariofemenino.com.ar\\\/df\\\/wp-content\\\/uploads\\\/2018\\\/10\\\/logo.png\",\"contentUrl\":\"https:\\\/\\\/diariofemenino.com.ar\\\/df\\\/wp-content\\\/uploads\\\/2018\\\/10\\\/logo.png\",\"width\":500,\"height\":92,\"caption\":\"Diario Femenino\"},\"image\":{\"@id\":\"https:\\\/\\\/diariofemenino.com.ar\\\/df\\\/#\\\/schema\\\/logo\\\/image\\\/\"},\"sameAs\":[\"https:\\\/\\\/www.facebook.com\\\/DiarioDigitaFemenino\\\/\",\"https:\\\/\\\/x.com\\\/DiarioFemenino1\"]},{\"@type\":\"Person\",\"@id\":\"https:\\\/\\\/diariofemenino.com.ar\\\/df\\\/#\\\/schema\\\/person\\\/1c36bc3bf394d8ec320814298b4fdd3f\",\"name\":\"Admin\",\"image\":{\"@type\":\"ImageObject\",\"inLanguage\":\"es\",\"@id\":\"https:\\\/\\\/diariofemenino.com.ar\\\/df\\\/wp-content\\\/uploads\\\/2018\\\/12\\\/favicon-150x150.jpg\",\"url\":\"https:\\\/\\\/diariofemenino.com.ar\\\/df\\\/wp-content\\\/uploads\\\/2018\\\/12\\\/favicon-150x150.jpg\",\"contentUrl\":\"https:\\\/\\\/diariofemenino.com.ar\\\/df\\\/wp-content\\\/uploads\\\/2018\\\/12\\\/favicon-150x150.jpg\",\"caption\":\"Admin\"},\"url\":\"https:\\\/\\\/diariofemenino.com.ar\\\/df\\\/author\\\/sofiperez\\\/\"}]}<\/script>\n<!-- \/ Yoast SEO plugin. -->","yoast_head_json":{"title":"\u00bfPor qu\u00e9 se silenci\u00f3 el rol de las mujeres en la guerra de Malvinas? - Diario Digital Femenino","description":"\u00bfPor qu\u00e9 se silenci\u00f3?\u00a0E rol de las mujeres. MUJERES EN LA GUERRA DE MALVINAS. Uno de los episodios m\u00e1s tristes de nuestra historia.","robots":{"index":"index","follow":"follow","max-snippet":"max-snippet:-1","max-image-preview":"max-image-preview:large","max-video-preview":"max-video-preview:-1"},"canonical":"https:\/\/diariofemenino.com.ar\/df\/por-que-se-silencio-el-rol-de-las-mujeres-en-la-guerra-de-malvinas\/","og_locale":"es_ES","og_type":"article","og_title":"\u00bfPor qu\u00e9 se silenci\u00f3 el rol de las mujeres en la guerra de Malvinas? - Diario Digital Femenino","og_description":"\u00bfPor qu\u00e9 se silenci\u00f3?\u00a0E rol de las mujeres. MUJERES EN LA GUERRA DE MALVINAS. Uno de los episodios m\u00e1s tristes de nuestra historia.","og_url":"https:\/\/diariofemenino.com.ar\/df\/por-que-se-silencio-el-rol-de-las-mujeres-en-la-guerra-de-malvinas\/","og_site_name":"Diario Digital Femenino","article_publisher":"https:\/\/www.facebook.com\/DiarioDigitaFemenino\/","article_published_time":"2019-04-05T21:45:59+00:00","article_modified_time":"2022-03-27T21:22:38+00:00","og_image":[{"width":960,"height":640,"url":"https:\/\/diariofemenino.com.ar\/df\/wp-content\/uploads\/2019\/04\/Untitled-design-2-4.jpg","type":"image\/jpeg"}],"author":"Admin","twitter_card":"summary_large_image","twitter_creator":"@DiarioFemenino1","twitter_site":"@DiarioFemenino1","twitter_misc":{"Escrito por":"Admin","Tiempo de lectura":"7 minutos"},"schema":{"@context":"https:\/\/schema.org","@graph":[{"@type":"Article","@id":"https:\/\/diariofemenino.com.ar\/df\/por-que-se-silencio-el-rol-de-las-mujeres-en-la-guerra-de-malvinas\/#article","isPartOf":{"@id":"https:\/\/diariofemenino.com.ar\/df\/por-que-se-silencio-el-rol-de-las-mujeres-en-la-guerra-de-malvinas\/"},"author":{"name":"Admin","@id":"https:\/\/diariofemenino.com.ar\/df\/#\/schema\/person\/1c36bc3bf394d8ec320814298b4fdd3f"},"headline":"\u00bfPor qu\u00e9 se silenci\u00f3 el rol de las mujeres en la guerra de Malvinas?","datePublished":"2019-04-05T21:45:59+00:00","dateModified":"2022-03-27T21:22:38+00:00","mainEntityOfPage":{"@id":"https:\/\/diariofemenino.com.ar\/df\/por-que-se-silencio-el-rol-de-las-mujeres-en-la-guerra-de-malvinas\/"},"wordCount":1380,"commentCount":14,"publisher":{"@id":"https:\/\/diariofemenino.com.ar\/df\/#organization"},"image":{"@id":"https:\/\/diariofemenino.com.ar\/df\/por-que-se-silencio-el-rol-de-las-mujeres-en-la-guerra-de-malvinas\/#primaryimage"},"thumbnailUrl":"https:\/\/diariofemenino.com.ar\/df\/wp-content\/uploads\/2019\/04\/Untitled-design-2-4.jpg","keywords":["guerra malvinas","Historia","Machismo","Mujeres"],"articleSection":["Agenda Feminista","Mujeres"],"inLanguage":"es","potentialAction":[{"@type":"CommentAction","name":"Comment","target":["https:\/\/diariofemenino.com.ar\/df\/por-que-se-silencio-el-rol-de-las-mujeres-en-la-guerra-de-malvinas\/#respond"]}]},{"@type":"WebPage","@id":"https:\/\/diariofemenino.com.ar\/df\/por-que-se-silencio-el-rol-de-las-mujeres-en-la-guerra-de-malvinas\/","url":"https:\/\/diariofemenino.com.ar\/df\/por-que-se-silencio-el-rol-de-las-mujeres-en-la-guerra-de-malvinas\/","name":"\u00bfPor qu\u00e9 se silenci\u00f3 el rol de las mujeres en la guerra de Malvinas? - Diario Digital Femenino","isPartOf":{"@id":"https:\/\/diariofemenino.com.ar\/df\/#website"},"primaryImageOfPage":{"@id":"https:\/\/diariofemenino.com.ar\/df\/por-que-se-silencio-el-rol-de-las-mujeres-en-la-guerra-de-malvinas\/#primaryimage"},"image":{"@id":"https:\/\/diariofemenino.com.ar\/df\/por-que-se-silencio-el-rol-de-las-mujeres-en-la-guerra-de-malvinas\/#primaryimage"},"thumbnailUrl":"https:\/\/diariofemenino.com.ar\/df\/wp-content\/uploads\/2019\/04\/Untitled-design-2-4.jpg","datePublished":"2019-04-05T21:45:59+00:00","dateModified":"2022-03-27T21:22:38+00:00","description":"\u00bfPor qu\u00e9 se silenci\u00f3?\u00a0E rol de las mujeres. MUJERES EN LA GUERRA DE MALVINAS. Uno de los episodios m\u00e1s tristes de nuestra historia.","breadcrumb":{"@id":"https:\/\/diariofemenino.com.ar\/df\/por-que-se-silencio-el-rol-de-las-mujeres-en-la-guerra-de-malvinas\/#breadcrumb"},"inLanguage":"es","potentialAction":[{"@type":"ReadAction","target":["https:\/\/diariofemenino.com.ar\/df\/por-que-se-silencio-el-rol-de-las-mujeres-en-la-guerra-de-malvinas\/"]}]},{"@type":"ImageObject","inLanguage":"es","@id":"https:\/\/diariofemenino.com.ar\/df\/por-que-se-silencio-el-rol-de-las-mujeres-en-la-guerra-de-malvinas\/#primaryimage","url":"https:\/\/diariofemenino.com.ar\/df\/wp-content\/uploads\/2019\/04\/Untitled-design-2-4.jpg","contentUrl":"https:\/\/diariofemenino.com.ar\/df\/wp-content\/uploads\/2019\/04\/Untitled-design-2-4.jpg","width":960,"height":640},{"@type":"BreadcrumbList","@id":"https:\/\/diariofemenino.com.ar\/df\/por-que-se-silencio-el-rol-de-las-mujeres-en-la-guerra-de-malvinas\/#breadcrumb","itemListElement":[{"@type":"ListItem","position":1,"name":"Portada","item":"https:\/\/diariofemenino.com.ar\/df\/"},{"@type":"ListItem","position":2,"name":"\u00bfPor qu\u00e9 se silenci\u00f3 el rol de las mujeres en la guerra de Malvinas?"}]},{"@type":"WebSite","@id":"https:\/\/diariofemenino.com.ar\/df\/#website","url":"https:\/\/diariofemenino.com.ar\/df\/","name":"Diario Digital Femenino","description":"Cuesti\u00f3n de G\u00e9nero","publisher":{"@id":"https:\/\/diariofemenino.com.ar\/df\/#organization"},"potentialAction":[{"@type":"SearchAction","target":{"@type":"EntryPoint","urlTemplate":"https:\/\/diariofemenino.com.ar\/df\/?s={search_term_string}"},"query-input":{"@type":"PropertyValueSpecification","valueRequired":true,"valueName":"search_term_string"}}],"inLanguage":"es"},{"@type":"Organization","@id":"https:\/\/diariofemenino.com.ar\/df\/#organization","name":"Diario Femenino","url":"https:\/\/diariofemenino.com.ar\/df\/","logo":{"@type":"ImageObject","inLanguage":"es","@id":"https:\/\/diariofemenino.com.ar\/df\/#\/schema\/logo\/image\/","url":"https:\/\/diariofemenino.com.ar\/df\/wp-content\/uploads\/2018\/10\/logo.png","contentUrl":"https:\/\/diariofemenino.com.ar\/df\/wp-content\/uploads\/2018\/10\/logo.png","width":500,"height":92,"caption":"Diario Femenino"},"image":{"@id":"https:\/\/diariofemenino.com.ar\/df\/#\/schema\/logo\/image\/"},"sameAs":["https:\/\/www.facebook.com\/DiarioDigitaFemenino\/","https:\/\/x.com\/DiarioFemenino1"]},{"@type":"Person","@id":"https:\/\/diariofemenino.com.ar\/df\/#\/schema\/person\/1c36bc3bf394d8ec320814298b4fdd3f","name":"Admin","image":{"@type":"ImageObject","inLanguage":"es","@id":"https:\/\/diariofemenino.com.ar\/df\/wp-content\/uploads\/2018\/12\/favicon-150x150.jpg","url":"https:\/\/diariofemenino.com.ar\/df\/wp-content\/uploads\/2018\/12\/favicon-150x150.jpg","contentUrl":"https:\/\/diariofemenino.com.ar\/df\/wp-content\/uploads\/2018\/12\/favicon-150x150.jpg","caption":"Admin"},"url":"https:\/\/diariofemenino.com.ar\/df\/author\/sofiperez\/"}]}},"jetpack_featured_media_url":"https:\/\/diariofemenino.com.ar\/df\/wp-content\/uploads\/2019\/04\/Untitled-design-2-4.jpg","jetpack_sharing_enabled":true,"rttpg_featured_image_url":{"full":["https:\/\/diariofemenino.com.ar\/df\/wp-content\/uploads\/2019\/04\/Untitled-design-2-4.jpg",960,640,false],"landscape":["https:\/\/diariofemenino.com.ar\/df\/wp-content\/uploads\/2019\/04\/Untitled-design-2-4.jpg",960,640,false],"portraits":["https:\/\/diariofemenino.com.ar\/df\/wp-content\/uploads\/2019\/04\/Untitled-design-2-4.jpg",960,640,false],"thumbnail":["https:\/\/diariofemenino.com.ar\/df\/wp-content\/uploads\/2019\/04\/Untitled-design-2-4-150x150.jpg",150,150,true],"medium":["https:\/\/diariofemenino.com.ar\/df\/wp-content\/uploads\/2019\/04\/Untitled-design-2-4-300x200.jpg",300,200,true],"large":["https:\/\/diariofemenino.com.ar\/df\/wp-content\/uploads\/2019\/04\/Untitled-design-2-4.jpg",960,640,false],"1536x1536":["https:\/\/diariofemenino.com.ar\/df\/wp-content\/uploads\/2019\/04\/Untitled-design-2-4.jpg",960,640,false],"2048x2048":["https:\/\/diariofemenino.com.ar\/df\/wp-content\/uploads\/2019\/04\/Untitled-design-2-4.jpg",960,640,false]},"rttpg_author":{"display_name":"Admin","author_link":"https:\/\/diariofemenino.com.ar\/df\/author\/sofiperez\/"},"rttpg_comment":14,"rttpg_category":"<a href=\"https:\/\/diariofemenino.com.ar\/df\/category\/agenda-feminista\/\" rel=\"category tag\">Agenda Feminista<\/a> <a href=\"https:\/\/diariofemenino.com.ar\/df\/category\/mujeres\/\" rel=\"category tag\">Mujeres<\/a>","rttpg_excerpt":"\u00bfPor qu\u00e9 se silenci\u00f3? En la reconstrucci\u00f3n colectiva de uno de los episodios m\u00e1s tristes de nuestra historia reciente, hubo mujeres que jugaron un papel fundamental y que, sin embargo, contin\u00faan sin ser reconocidas. Enfermeras,\u00a0instrumentadoras quir\u00fargicas y especialistas en terapia intensiva estuvieron presentes en mar y tierra, brindando atenci\u00f3n sanitaria a los heridos que regresaban&hellip;","_links":{"self":[{"href":"https:\/\/diariofemenino.com.ar\/df\/wp-json\/wp\/v2\/posts\/33913","targetHints":{"allow":["GET"]}}],"collection":[{"href":"https:\/\/diariofemenino.com.ar\/df\/wp-json\/wp\/v2\/posts"}],"about":[{"href":"https:\/\/diariofemenino.com.ar\/df\/wp-json\/wp\/v2\/types\/post"}],"author":[{"embeddable":true,"href":"https:\/\/diariofemenino.com.ar\/df\/wp-json\/wp\/v2\/users\/3"}],"replies":[{"embeddable":true,"href":"https:\/\/diariofemenino.com.ar\/df\/wp-json\/wp\/v2\/comments?post=33913"}],"version-history":[{"count":0,"href":"https:\/\/diariofemenino.com.ar\/df\/wp-json\/wp\/v2\/posts\/33913\/revisions"}],"wp:featuredmedia":[{"embeddable":true,"href":"https:\/\/diariofemenino.com.ar\/df\/wp-json\/wp\/v2\/media\/33918"}],"wp:attachment":[{"href":"https:\/\/diariofemenino.com.ar\/df\/wp-json\/wp\/v2\/media?parent=33913"}],"wp:term":[{"taxonomy":"category","embeddable":true,"href":"https:\/\/diariofemenino.com.ar\/df\/wp-json\/wp\/v2\/categories?post=33913"},{"taxonomy":"post_tag","embeddable":true,"href":"https:\/\/diariofemenino.com.ar\/df\/wp-json\/wp\/v2\/tags?post=33913"}],"curies":[{"name":"wp","href":"https:\/\/api.w.org\/{rel}","templated":true}]}}