{"id":338,"date":"2012-05-09T23:55:15","date_gmt":"2012-05-10T02:55:15","guid":{"rendered":"http:\/\/www.diariofemenino.com.ar\/?p=338"},"modified":"2012-05-09T23:55:15","modified_gmt":"2012-05-10T02:55:15","slug":"el-periodismo-le-dice-basta-a-la-violencia-de-genero","status":"publish","type":"post","link":"https:\/\/diariofemenino.com.ar\/df\/el-periodismo-le-dice-basta-a-la-violencia-de-genero\/","title":{"rendered":"El Periodismo le dice Basta a la Violencia de G\u00e9nero"},"content":{"rendered":"<p>La <strong>Red PAR<\/strong> desembarc\u00f3 en las Redes Sociales con una propuesta m\u00e1s que interesante. El pr\u00f3ximo 7 de junio celebrar\u00e1n el D\u00eda del\/la Periodista de una manera diferente,\u00a0convocando a colegas de todos los medios de comunicaci\u00f3n con la intenci\u00f3n de\u00a0que se comprometan a ejercer un periodismo inclusivo y no sexista e incorporar\u00a0\u00a0sus \u00a0dec\u00e1logos en\u00a0la pr\u00e1ctica diaria.<br \/>\nPara participar y\/o apoyar esta actividad pueden sumarse a los sitios en:<br \/>\nFacebook: <strong>El periodismo le dice Basta a la Violencia de G\u00e9nero<\/strong> (Link:\u00a0 <a href=\"http:\/\/www.facebook.com\/pages\/El-Periodismo-le-dice-Basta-a-la-Violencia-de-G%C3%A9nero\/269408696489349\">http:\/\/www.facebook.com\/pages\/El-Periodismo-le-dice-Basta-a-la-Violencia-de-G%C3%A9nero\/269408696489349<\/a>\u00a0)<br \/>\nTwitter: <strong>@7dejunioPAR<\/strong><br \/>\n<a href=\"http:\/\/www.diariofemenino.com.ar\/wp-content\/uploads\/523779_272102679553284_269408696489349_550968_1982810898_n.jpg\"><img loading=\"lazy\" decoding=\"async\" class=\"alignnone size-full wp-image-339\" title=\"523779_272102679553284_269408696489349_550968_1982810898_n\" alt=\"\" src=\"http:\/\/www.diariofemenino.com.ar\/wp-content\/uploads\/523779_272102679553284_269408696489349_550968_1982810898_n.jpg\" width=\"595\" height=\"428\" \/><\/a><br \/>\n<strong>\u00bfQu\u00e9 es Red PAR y qui\u00e9nes la integran?<\/strong><br \/>\n<a href=\"http:\/\/www.diariofemenino.com.ar\/wp-content\/uploads\/logo_par_colorg.jpg\"><img loading=\"lazy\" decoding=\"async\" class=\"size-full wp-image-340 aligncenter\" title=\"logo_par_colorg\" alt=\"\" src=\"http:\/\/www.diariofemenino.com.ar\/wp-content\/uploads\/logo_par_colorg.jpg\" width=\"448\" height=\"79\" \/><\/a><br \/>\nLa Red PAR \u2013Periodistas de Argentina en Red por una comunicaci\u00f3n no sexista- es un colectivo conformado por m\u00e1s de 170 periodistas mujeres y varones de distintos lugares del pa\u00eds que trabajan por la erradicaci\u00f3n de cualquier tipo de violencia de g\u00e9nero, por la visibilizaci\u00f3n de la condici\u00f3n social de las mujeres y por la igualdad de oportunidades entre mujeres y varones.<br \/>\nEsta Red naci\u00f3 en noviembre de 2006, cuando 60 periodistas se reunieron\u00a0 en Buenos Aires y conformaron este espacio nacional. A partir de ese momento se cre\u00f3 una lista virtual, a trav\u00e9s de la cual se promueve la horizontalidad, la solidaridad, el compromiso, la organizaci\u00f3n y la coordinaci\u00f3n de acciones entre \u201cpares\u201d. Desde sus inicios, PAR propicia la articulaci\u00f3n con otras organizaciones de la sociedad civil, con los movimientos de mujeres nacionales e internacionales,\u00a0 y con periodistas para incidir en la agenda de los medios de comunicaci\u00f3n.<br \/>\nAnualmente se realizan encuentros nacionales en diferentes puntos del pa\u00eds que favorecen la incidencia en la opini\u00f3n p\u00fablica local a favor de la vigencia de los derechos humanos de las mujeres. Estas reuniones son, adem\u00e1s, espacios de actualizaci\u00f3n, capacitaci\u00f3n, intercambio y confraternidad entre las y los integrantes de<br \/>\nPAR. Luego del encuentro inicial en Buenos Aires, las reuniones siguientes tuvieron lugar en C\u00f3rdoba (2007), Salta (2008), La Pampa (2009), La Plata (2010) y en\u00a0 Neuqu\u00e9n (2011). El pr\u00f3ximo encuentro ser\u00e1 en septiembre de 2012 en Mar del Plata.<br \/>\nPAR coordina la Red Internacional de Periodistas con Visi\u00f3n de G\u00e9nero (RIPVG), junto a las redes de Colombia y M\u00e9xico, seg\u00fan lo decidido en el IV Encuentro Internacional realizado en Marruecos, \u00c1frica, en octubre de 2011.<br \/>\nPAR ha elaborado el \u201cDec\u00e1logo para el tratamiento period\u00edstico de la violencia hacia las mujeres\u201d que\u00a0 recoge el trabajo colectivo y los aportes realizados por integrantes de la Red durante los a\u00f1os 2008 y 2009. El material ha sido declarado de inter\u00e9s parlamentario en La Pampa, Jujuy y Ciudad de Buenos Aires, y presentado en diferentes actos y reuniones desarrollados en Salta, Santiago del Estero, Formosa, Chaco, Jujuy, Mendoza, C\u00f3rdoba, Buenos Aires, La Pampa, Ciudad de Buenos Aires y Chubut, as\u00ed como en Paraguay, Brasil, Cuba, Colombia, Estados Unidos, Espa\u00f1a, Rep\u00fablica Dominicana, Aruba, Hait\u00ed y Marruecos.<br \/>\nTambi\u00e9n se incluy\u00f3 como dossier de prensa para periodistas de distintos medios en reuniones realizadas por\u00a0 ONU Mujeres\u00a0 y por UNFPA (Agencia de Naciones Unidas para la Poblaci\u00f3n) y en el Manual de Amnist\u00eda Internacional de Argentina, \u201cNoticias que salvan vidas\u201d. Adem\u00e1s la Red \u201cNosotras en el Mundo\u201d edit\u00f3 una versi\u00f3n radial.<br \/>\nEl documento ha trascendido las fronteras nacionales, y actualmente puede encontrarse en versiones traducidas al ingl\u00e9s, franc\u00e9s, portugu\u00e9s,\u00a0 \u00e1rabe e italiano.<br \/>\nDesde el a\u00f1o 2008 PAR se propuso incluir la perspectiva de g\u00e9nero y el tratamiento period\u00edstico de la violencia machista en el proyecto de Ley de Comunicaci\u00f3n Audiovisual que comenzaba a discutirse en nuestro pa\u00eds.<br \/>\nDesde septiembre del 2008, la Red se integr\u00f3 formalmente a la Coalici\u00f3n por una Comunicaci\u00f3n Democr\u00e1tica. Durante el a\u00f1o 2009 trabaj\u00f3 coordinadamente, participando en los Foros de Debate del Proyecto de Ley de Servicios de Comunicaci\u00f3n Audiovisual que se realizaron en diferentes provincias.<br \/>\nJunto con la Secretar\u00eda de Derechos Humanos de la Naci\u00f3n, el Consejo Nacional de las Mujeres y el Instituto Nacional contra la Discriminaci\u00f3n (INADI), la Red convoc\u00f3 y coordin\u00f3 el Taller \u201cHacia una nueva ley de Servicios de Comunicaci\u00f3n Audiovisual con una perspectiva de g\u00e9nero\u201d, en el que participaron m\u00e1s de 50 representantes de organizaciones de mujeres, organismos gubernamentales y no gubernamentales. El documento final fue entregado a las autoridades del ex Comfer. En la versi\u00f3n definitiva de la Ley, aprobada en octubre de 2009, las demandas de PAR quedaron parcialmente reflejadas en el Art\u00edculo 3 (\u201cObjetivos\u201d), en el Inc. m.: \u201cPromover la protecci\u00f3n y salvaguarda de la igualdad entre hombres y mujeres, y el tratamiento plural, igualitario y no estereotipado, evitando toda discriminaci\u00f3n por g\u00e9nero u orientaci\u00f3n sexual\u201d.<br \/>\nPor otra parte, el Dec\u00e1logo ha sido tomado como base para el proyecto de ley que regula el tratamiento period\u00edstico de la violencia de g\u00e9nero en los medios de comunicaci\u00f3n del gobierno de la Ciudad de Buenos Aires (Ley N\u00b0 3360).<br \/>\nEn 2008,\u00a0 a trav\u00e9s de la Declaraci\u00f3n 601 fue declarado de inter\u00e9s\u00a0 por la Legislatura de la CABA.<br \/>\nEn 2011, la Defensor\u00eda del Pueblo de la Ciudad de Buenos Aires emiti\u00f3 la resoluci\u00f3n 2845 a trav\u00e9s de la cual solicita al Gobierno porte\u00f1o que se incorporen contenidos con perspectiva de g\u00e9nero en las escuelas de periodismo y con orientaci\u00f3n en comunicaci\u00f3n, gracias a una iniciativa de la red period\u00edstica PAR.<br \/>\nTambi\u00e9n, y como consecuencia de un pedido de informaci\u00f3n que realiz\u00f3 la Asociaci\u00f3n por los Derechos Civiles (ADC) y la Red PAR, el Poder Judicial de la Provincia de Mendoza se ha comprometido a registrar por sexo los datos de v\u00edctimas de delito a partir del mes de diciembre de 2008.<br \/>\nEl nuevo marco legal que proporcionan tanto la Ley de Servicios Audiovisuales como la Ley 26.485, de Protecci\u00f3n Integral a las mujeres contra toda forma de violencia, augura una etapa auspiciosa en la democratizaci\u00f3n de las comunicaciones y se presenta como un importante desaf\u00edo para los profesionales de la informaci\u00f3n, comprometidos en la erradicaci\u00f3n de la discriminaci\u00f3n hacia las mujeres.<br \/>\nEn ese sentido, PAR \u2013a trav\u00e9s de los medios masivos- ha criticado manifestaciones violatorias de los derechos de las mujeres, reivindicando la no discriminaci\u00f3n y la no violencia contra las mujeres.<br \/>\nAsimismo, ha iniciado una estrategia de capacitaci\u00f3n a periodistas y estudiantes de comunicaci\u00f3n que apunta a fomentar un periodismo no sexista.<br \/>\nEste a\u00f1o PAR presentar\u00e1 el \u201cDec\u00e1logo para el tratamiento period\u00edstico de la trata y la explotaci\u00f3n sexual\u201d.<br \/>\n&nbsp;<br \/>\nCitar Fuente: <a href=\"http:\/\/www.diariofemenino.com.ar\">www.diariofemenino.com.ar<\/a><\/p>\n","protected":false},"excerpt":{"rendered":"<p>La Red PAR desembarc\u00f3 en las Redes Sociales con una propuesta m\u00e1s que interesante. El pr\u00f3ximo 7 de junio celebrar\u00e1n el D\u00eda del\/la Periodista de una manera diferente,\u00a0convocando a colegas de todos los medios de comunicaci\u00f3n con la intenci\u00f3n de\u00a0que se comprometan a ejercer un periodismo inclusivo y no sexista e incorporar\u00a0\u00a0sus \u00a0dec\u00e1logos en\u00a0la pr\u00e1ctica [&hellip;]<\/p>\n","protected":false},"author":1,"featured_media":339,"comment_status":"open","ping_status":"open","sticky":false,"template":"","format":"standard","meta":{"iawp_total_views":4,"footnotes":""},"categories":[7,4],"tags":[],"class_list":["post-338","post","type-post","status-publish","format-standard","has-post-thumbnail","hentry","category-actividades","category-medios"],"nelio_content":{"autoShareEndMode":"never","automationSources":{"useCustomSentences":false,"customSentences":[]},"efiAlt":"","efiUrl":"","followers":[],"highlights":[],"isAutoShareEnabled":true,"networkImageIds":[],"permalinkQueryArgs":[],"series":[],"suggestedReferences":[]},"yoast_head":"<!-- This site is optimized with the Yoast SEO plugin v27.5 - https:\/\/yoast.com\/product\/yoast-seo-wordpress\/ -->\n<title>El Periodismo le dice Basta a la Violencia de G\u00e9nero - Diario Digital Femenino<\/title>\n<meta name=\"robots\" content=\"index, follow, max-snippet:-1, max-image-preview:large, max-video-preview:-1\" \/>\n<link rel=\"canonical\" href=\"https:\/\/diariofemenino.com.ar\/df\/el-periodismo-le-dice-basta-a-la-violencia-de-genero\/\" \/>\n<meta property=\"og:locale\" content=\"es_ES\" \/>\n<meta property=\"og:type\" content=\"article\" \/>\n<meta property=\"og:title\" content=\"El Periodismo le dice Basta a la Violencia de G\u00e9nero - Diario Digital Femenino\" \/>\n<meta property=\"og:description\" content=\"La Red PAR desembarc\u00f3 en las Redes Sociales con una propuesta m\u00e1s que interesante. El pr\u00f3ximo 7 de junio celebrar\u00e1n el D\u00eda del\/la Periodista de una manera diferente,\u00a0convocando a colegas de todos los medios de comunicaci\u00f3n con la intenci\u00f3n de\u00a0que se comprometan a ejercer un periodismo inclusivo y no sexista e incorporar\u00a0\u00a0sus \u00a0dec\u00e1logos en\u00a0la pr\u00e1ctica [&hellip;]\" \/>\n<meta property=\"og:url\" content=\"https:\/\/diariofemenino.com.ar\/df\/el-periodismo-le-dice-basta-a-la-violencia-de-genero\/\" \/>\n<meta property=\"og:site_name\" content=\"Diario Digital Femenino\" \/>\n<meta property=\"article:publisher\" content=\"https:\/\/www.facebook.com\/DiarioDigitaFemenino\/\" \/>\n<meta property=\"article:published_time\" content=\"2012-05-10T02:55:15+00:00\" \/>\n<meta property=\"og:image\" content=\"https:\/\/diariofemenino.com.ar\/df\/wp-content\/uploads\/2016\/10\/logo-negro.png\" \/>\n\t<meta property=\"og:image:width\" content=\"855\" \/>\n\t<meta property=\"og:image:height\" content=\"319\" \/>\n\t<meta property=\"og:image:type\" content=\"image\/png\" \/>\n<meta name=\"author\" content=\"Admin\" \/>\n<meta name=\"twitter:card\" content=\"summary_large_image\" \/>\n<meta name=\"twitter:creator\" content=\"@DiarioFemenino1\" \/>\n<meta name=\"twitter:site\" content=\"@DiarioFemenino1\" \/>\n<meta name=\"twitter:label1\" content=\"Escrito por\" \/>\n\t<meta name=\"twitter:data1\" content=\"Admin\" \/>\n\t<meta name=\"twitter:label2\" content=\"Tiempo de lectura\" \/>\n\t<meta name=\"twitter:data2\" content=\"6 minutos\" \/>\n<script type=\"application\/ld+json\" class=\"yoast-schema-graph\">{\"@context\":\"https:\\\/\\\/schema.org\",\"@graph\":[{\"@type\":\"Article\",\"@id\":\"https:\\\/\\\/diariofemenino.com.ar\\\/df\\\/el-periodismo-le-dice-basta-a-la-violencia-de-genero\\\/#article\",\"isPartOf\":{\"@id\":\"https:\\\/\\\/diariofemenino.com.ar\\\/df\\\/el-periodismo-le-dice-basta-a-la-violencia-de-genero\\\/\"},\"author\":{\"name\":\"Admin\",\"@id\":\"https:\\\/\\\/diariofemenino.com.ar\\\/df\\\/#\\\/schema\\\/person\\\/38f54b3bfd13f561de2460ba95c169c6\"},\"headline\":\"El Periodismo le dice Basta a la Violencia de G\u00e9nero\",\"datePublished\":\"2012-05-10T02:55:15+00:00\",\"mainEntityOfPage\":{\"@id\":\"https:\\\/\\\/diariofemenino.com.ar\\\/df\\\/el-periodismo-le-dice-basta-a-la-violencia-de-genero\\\/\"},\"wordCount\":1142,\"commentCount\":1,\"publisher\":{\"@id\":\"https:\\\/\\\/diariofemenino.com.ar\\\/df\\\/#organization\"},\"image\":{\"@id\":\"https:\\\/\\\/diariofemenino.com.ar\\\/df\\\/el-periodismo-le-dice-basta-a-la-violencia-de-genero\\\/#primaryimage\"},\"thumbnailUrl\":\"\",\"articleSection\":[\"Actividades\",\"Medios\"],\"inLanguage\":\"es\",\"potentialAction\":[{\"@type\":\"CommentAction\",\"name\":\"Comment\",\"target\":[\"https:\\\/\\\/diariofemenino.com.ar\\\/df\\\/el-periodismo-le-dice-basta-a-la-violencia-de-genero\\\/#respond\"]}]},{\"@type\":\"WebPage\",\"@id\":\"https:\\\/\\\/diariofemenino.com.ar\\\/df\\\/el-periodismo-le-dice-basta-a-la-violencia-de-genero\\\/\",\"url\":\"https:\\\/\\\/diariofemenino.com.ar\\\/df\\\/el-periodismo-le-dice-basta-a-la-violencia-de-genero\\\/\",\"name\":\"El Periodismo le dice Basta a la Violencia de G\u00e9nero - Diario Digital Femenino\",\"isPartOf\":{\"@id\":\"https:\\\/\\\/diariofemenino.com.ar\\\/df\\\/#website\"},\"primaryImageOfPage\":{\"@id\":\"https:\\\/\\\/diariofemenino.com.ar\\\/df\\\/el-periodismo-le-dice-basta-a-la-violencia-de-genero\\\/#primaryimage\"},\"image\":{\"@id\":\"https:\\\/\\\/diariofemenino.com.ar\\\/df\\\/el-periodismo-le-dice-basta-a-la-violencia-de-genero\\\/#primaryimage\"},\"thumbnailUrl\":\"\",\"datePublished\":\"2012-05-10T02:55:15+00:00\",\"breadcrumb\":{\"@id\":\"https:\\\/\\\/diariofemenino.com.ar\\\/df\\\/el-periodismo-le-dice-basta-a-la-violencia-de-genero\\\/#breadcrumb\"},\"inLanguage\":\"es\",\"potentialAction\":[{\"@type\":\"ReadAction\",\"target\":[\"https:\\\/\\\/diariofemenino.com.ar\\\/df\\\/el-periodismo-le-dice-basta-a-la-violencia-de-genero\\\/\"]}]},{\"@type\":\"ImageObject\",\"inLanguage\":\"es\",\"@id\":\"https:\\\/\\\/diariofemenino.com.ar\\\/df\\\/el-periodismo-le-dice-basta-a-la-violencia-de-genero\\\/#primaryimage\",\"url\":\"\",\"contentUrl\":\"\"},{\"@type\":\"BreadcrumbList\",\"@id\":\"https:\\\/\\\/diariofemenino.com.ar\\\/df\\\/el-periodismo-le-dice-basta-a-la-violencia-de-genero\\\/#breadcrumb\",\"itemListElement\":[{\"@type\":\"ListItem\",\"position\":1,\"name\":\"Portada\",\"item\":\"https:\\\/\\\/diariofemenino.com.ar\\\/df\\\/\"},{\"@type\":\"ListItem\",\"position\":2,\"name\":\"El Periodismo le dice Basta a la Violencia de G\u00e9nero\"}]},{\"@type\":\"WebSite\",\"@id\":\"https:\\\/\\\/diariofemenino.com.ar\\\/df\\\/#website\",\"url\":\"https:\\\/\\\/diariofemenino.com.ar\\\/df\\\/\",\"name\":\"Diario Digital Femenino\",\"description\":\"Cuesti\u00f3n de G\u00e9nero\",\"publisher\":{\"@id\":\"https:\\\/\\\/diariofemenino.com.ar\\\/df\\\/#organization\"},\"potentialAction\":[{\"@type\":\"SearchAction\",\"target\":{\"@type\":\"EntryPoint\",\"urlTemplate\":\"https:\\\/\\\/diariofemenino.com.ar\\\/df\\\/?s={search_term_string}\"},\"query-input\":{\"@type\":\"PropertyValueSpecification\",\"valueRequired\":true,\"valueName\":\"search_term_string\"}}],\"inLanguage\":\"es\"},{\"@type\":\"Organization\",\"@id\":\"https:\\\/\\\/diariofemenino.com.ar\\\/df\\\/#organization\",\"name\":\"Diario Femenino\",\"url\":\"https:\\\/\\\/diariofemenino.com.ar\\\/df\\\/\",\"logo\":{\"@type\":\"ImageObject\",\"inLanguage\":\"es\",\"@id\":\"https:\\\/\\\/diariofemenino.com.ar\\\/df\\\/#\\\/schema\\\/logo\\\/image\\\/\",\"url\":\"https:\\\/\\\/diariofemenino.com.ar\\\/df\\\/wp-content\\\/uploads\\\/2018\\\/10\\\/logo.png\",\"contentUrl\":\"https:\\\/\\\/diariofemenino.com.ar\\\/df\\\/wp-content\\\/uploads\\\/2018\\\/10\\\/logo.png\",\"width\":500,\"height\":92,\"caption\":\"Diario Femenino\"},\"image\":{\"@id\":\"https:\\\/\\\/diariofemenino.com.ar\\\/df\\\/#\\\/schema\\\/logo\\\/image\\\/\"},\"sameAs\":[\"https:\\\/\\\/www.facebook.com\\\/DiarioDigitaFemenino\\\/\",\"https:\\\/\\\/x.com\\\/DiarioFemenino1\"]},{\"@type\":\"Person\",\"@id\":\"https:\\\/\\\/diariofemenino.com.ar\\\/df\\\/#\\\/schema\\\/person\\\/38f54b3bfd13f561de2460ba95c169c6\",\"name\":\"Admin\",\"image\":{\"@type\":\"ImageObject\",\"inLanguage\":\"es\",\"@id\":\"https:\\\/\\\/diariofemenino.com.ar\\\/df\\\/wp-content\\\/uploads\\\/2018\\\/12\\\/favicon-150x150.jpg\",\"url\":\"https:\\\/\\\/diariofemenino.com.ar\\\/df\\\/wp-content\\\/uploads\\\/2018\\\/12\\\/favicon-150x150.jpg\",\"contentUrl\":\"https:\\\/\\\/diariofemenino.com.ar\\\/df\\\/wp-content\\\/uploads\\\/2018\\\/12\\\/favicon-150x150.jpg\",\"caption\":\"Admin\"},\"url\":\"https:\\\/\\\/diariofemenino.com.ar\\\/df\\\/author\\\/adm18df\\\/\"}]}<\/script>\n<!-- \/ Yoast SEO plugin. -->","yoast_head_json":{"title":"El Periodismo le dice Basta a la Violencia de G\u00e9nero - Diario Digital Femenino","robots":{"index":"index","follow":"follow","max-snippet":"max-snippet:-1","max-image-preview":"max-image-preview:large","max-video-preview":"max-video-preview:-1"},"canonical":"https:\/\/diariofemenino.com.ar\/df\/el-periodismo-le-dice-basta-a-la-violencia-de-genero\/","og_locale":"es_ES","og_type":"article","og_title":"El Periodismo le dice Basta a la Violencia de G\u00e9nero - Diario Digital Femenino","og_description":"La Red PAR desembarc\u00f3 en las Redes Sociales con una propuesta m\u00e1s que interesante. El pr\u00f3ximo 7 de junio celebrar\u00e1n el D\u00eda del\/la Periodista de una manera diferente,\u00a0convocando a colegas de todos los medios de comunicaci\u00f3n con la intenci\u00f3n de\u00a0que se comprometan a ejercer un periodismo inclusivo y no sexista e incorporar\u00a0\u00a0sus \u00a0dec\u00e1logos en\u00a0la pr\u00e1ctica [&hellip;]","og_url":"https:\/\/diariofemenino.com.ar\/df\/el-periodismo-le-dice-basta-a-la-violencia-de-genero\/","og_site_name":"Diario Digital Femenino","article_publisher":"https:\/\/www.facebook.com\/DiarioDigitaFemenino\/","article_published_time":"2012-05-10T02:55:15+00:00","og_image":[{"width":855,"height":319,"url":"https:\/\/diariofemenino.com.ar\/df\/wp-content\/uploads\/2016\/10\/logo-negro.png","type":"image\/png"}],"author":"Admin","twitter_card":"summary_large_image","twitter_creator":"@DiarioFemenino1","twitter_site":"@DiarioFemenino1","twitter_misc":{"Escrito por":"Admin","Tiempo de lectura":"6 minutos"},"schema":{"@context":"https:\/\/schema.org","@graph":[{"@type":"Article","@id":"https:\/\/diariofemenino.com.ar\/df\/el-periodismo-le-dice-basta-a-la-violencia-de-genero\/#article","isPartOf":{"@id":"https:\/\/diariofemenino.com.ar\/df\/el-periodismo-le-dice-basta-a-la-violencia-de-genero\/"},"author":{"name":"Admin","@id":"https:\/\/diariofemenino.com.ar\/df\/#\/schema\/person\/38f54b3bfd13f561de2460ba95c169c6"},"headline":"El Periodismo le dice Basta a la Violencia de G\u00e9nero","datePublished":"2012-05-10T02:55:15+00:00","mainEntityOfPage":{"@id":"https:\/\/diariofemenino.com.ar\/df\/el-periodismo-le-dice-basta-a-la-violencia-de-genero\/"},"wordCount":1142,"commentCount":1,"publisher":{"@id":"https:\/\/diariofemenino.com.ar\/df\/#organization"},"image":{"@id":"https:\/\/diariofemenino.com.ar\/df\/el-periodismo-le-dice-basta-a-la-violencia-de-genero\/#primaryimage"},"thumbnailUrl":"","articleSection":["Actividades","Medios"],"inLanguage":"es","potentialAction":[{"@type":"CommentAction","name":"Comment","target":["https:\/\/diariofemenino.com.ar\/df\/el-periodismo-le-dice-basta-a-la-violencia-de-genero\/#respond"]}]},{"@type":"WebPage","@id":"https:\/\/diariofemenino.com.ar\/df\/el-periodismo-le-dice-basta-a-la-violencia-de-genero\/","url":"https:\/\/diariofemenino.com.ar\/df\/el-periodismo-le-dice-basta-a-la-violencia-de-genero\/","name":"El Periodismo le dice Basta a la Violencia de G\u00e9nero - Diario Digital Femenino","isPartOf":{"@id":"https:\/\/diariofemenino.com.ar\/df\/#website"},"primaryImageOfPage":{"@id":"https:\/\/diariofemenino.com.ar\/df\/el-periodismo-le-dice-basta-a-la-violencia-de-genero\/#primaryimage"},"image":{"@id":"https:\/\/diariofemenino.com.ar\/df\/el-periodismo-le-dice-basta-a-la-violencia-de-genero\/#primaryimage"},"thumbnailUrl":"","datePublished":"2012-05-10T02:55:15+00:00","breadcrumb":{"@id":"https:\/\/diariofemenino.com.ar\/df\/el-periodismo-le-dice-basta-a-la-violencia-de-genero\/#breadcrumb"},"inLanguage":"es","potentialAction":[{"@type":"ReadAction","target":["https:\/\/diariofemenino.com.ar\/df\/el-periodismo-le-dice-basta-a-la-violencia-de-genero\/"]}]},{"@type":"ImageObject","inLanguage":"es","@id":"https:\/\/diariofemenino.com.ar\/df\/el-periodismo-le-dice-basta-a-la-violencia-de-genero\/#primaryimage","url":"","contentUrl":""},{"@type":"BreadcrumbList","@id":"https:\/\/diariofemenino.com.ar\/df\/el-periodismo-le-dice-basta-a-la-violencia-de-genero\/#breadcrumb","itemListElement":[{"@type":"ListItem","position":1,"name":"Portada","item":"https:\/\/diariofemenino.com.ar\/df\/"},{"@type":"ListItem","position":2,"name":"El Periodismo le dice Basta a la Violencia de G\u00e9nero"}]},{"@type":"WebSite","@id":"https:\/\/diariofemenino.com.ar\/df\/#website","url":"https:\/\/diariofemenino.com.ar\/df\/","name":"Diario Digital Femenino","description":"Cuesti\u00f3n de G\u00e9nero","publisher":{"@id":"https:\/\/diariofemenino.com.ar\/df\/#organization"},"potentialAction":[{"@type":"SearchAction","target":{"@type":"EntryPoint","urlTemplate":"https:\/\/diariofemenino.com.ar\/df\/?s={search_term_string}"},"query-input":{"@type":"PropertyValueSpecification","valueRequired":true,"valueName":"search_term_string"}}],"inLanguage":"es"},{"@type":"Organization","@id":"https:\/\/diariofemenino.com.ar\/df\/#organization","name":"Diario Femenino","url":"https:\/\/diariofemenino.com.ar\/df\/","logo":{"@type":"ImageObject","inLanguage":"es","@id":"https:\/\/diariofemenino.com.ar\/df\/#\/schema\/logo\/image\/","url":"https:\/\/diariofemenino.com.ar\/df\/wp-content\/uploads\/2018\/10\/logo.png","contentUrl":"https:\/\/diariofemenino.com.ar\/df\/wp-content\/uploads\/2018\/10\/logo.png","width":500,"height":92,"caption":"Diario Femenino"},"image":{"@id":"https:\/\/diariofemenino.com.ar\/df\/#\/schema\/logo\/image\/"},"sameAs":["https:\/\/www.facebook.com\/DiarioDigitaFemenino\/","https:\/\/x.com\/DiarioFemenino1"]},{"@type":"Person","@id":"https:\/\/diariofemenino.com.ar\/df\/#\/schema\/person\/38f54b3bfd13f561de2460ba95c169c6","name":"Admin","image":{"@type":"ImageObject","inLanguage":"es","@id":"https:\/\/diariofemenino.com.ar\/df\/wp-content\/uploads\/2018\/12\/favicon-150x150.jpg","url":"https:\/\/diariofemenino.com.ar\/df\/wp-content\/uploads\/2018\/12\/favicon-150x150.jpg","contentUrl":"https:\/\/diariofemenino.com.ar\/df\/wp-content\/uploads\/2018\/12\/favicon-150x150.jpg","caption":"Admin"},"url":"https:\/\/diariofemenino.com.ar\/df\/author\/adm18df\/"}]}},"jetpack_featured_media_url":"","jetpack_sharing_enabled":true,"rttpg_featured_image_url":null,"rttpg_author":{"display_name":"Admin","author_link":"https:\/\/diariofemenino.com.ar\/df\/author\/adm18df\/"},"rttpg_comment":1,"rttpg_category":"<a href=\"https:\/\/diariofemenino.com.ar\/df\/category\/actividades\/\" rel=\"category tag\">Actividades<\/a> <a href=\"https:\/\/diariofemenino.com.ar\/df\/category\/medios\/\" rel=\"category tag\">Medios<\/a>","rttpg_excerpt":"La Red PAR desembarc\u00f3 en las Redes Sociales con una propuesta m\u00e1s que interesante. El pr\u00f3ximo 7 de junio celebrar\u00e1n el D\u00eda del\/la Periodista de una manera diferente,\u00a0convocando a colegas de todos los medios de comunicaci\u00f3n con la intenci\u00f3n de\u00a0que se comprometan a ejercer un periodismo inclusivo y no sexista e incorporar\u00a0\u00a0sus \u00a0dec\u00e1logos en\u00a0la pr\u00e1ctica&hellip;","_links":{"self":[{"href":"https:\/\/diariofemenino.com.ar\/df\/wp-json\/wp\/v2\/posts\/338","targetHints":{"allow":["GET"]}}],"collection":[{"href":"https:\/\/diariofemenino.com.ar\/df\/wp-json\/wp\/v2\/posts"}],"about":[{"href":"https:\/\/diariofemenino.com.ar\/df\/wp-json\/wp\/v2\/types\/post"}],"author":[{"embeddable":true,"href":"https:\/\/diariofemenino.com.ar\/df\/wp-json\/wp\/v2\/users\/1"}],"replies":[{"embeddable":true,"href":"https:\/\/diariofemenino.com.ar\/df\/wp-json\/wp\/v2\/comments?post=338"}],"version-history":[{"count":0,"href":"https:\/\/diariofemenino.com.ar\/df\/wp-json\/wp\/v2\/posts\/338\/revisions"}],"wp:featuredmedia":[{"embeddable":true,"href":"https:\/\/diariofemenino.com.ar\/df\/wp-json\/"}],"wp:attachment":[{"href":"https:\/\/diariofemenino.com.ar\/df\/wp-json\/wp\/v2\/media?parent=338"}],"wp:term":[{"taxonomy":"category","embeddable":true,"href":"https:\/\/diariofemenino.com.ar\/df\/wp-json\/wp\/v2\/categories?post=338"},{"taxonomy":"post_tag","embeddable":true,"href":"https:\/\/diariofemenino.com.ar\/df\/wp-json\/wp\/v2\/tags?post=338"}],"curies":[{"name":"wp","href":"https:\/\/api.w.org\/{rel}","templated":true}]}}