{"id":33529,"date":"2019-03-27T18:55:11","date_gmt":"2019-03-27T21:55:11","guid":{"rendered":"https:\/\/diariofemenino.com.ar\/?p=33529"},"modified":"2019-03-27T19:19:06","modified_gmt":"2019-03-27T22:19:06","slug":"un-femicidio-villero-invisibilizado","status":"publish","type":"post","link":"https:\/\/diariofemenino.com.ar\/df\/un-femicidio-villero-invisibilizado\/","title":{"rendered":"Un femicidio villero invisibilizado"},"content":{"rendered":"<p><strong>Salta. Reclaman justicia por el femicidio de Agustina Nieto<\/strong><\/p>\n<p>Por <strong>Claudia Alvarez Ferreyra<\/strong>*<\/p>\n<p><img loading=\"lazy\" decoding=\"async\" class=\"alignleft wp-image-33530\" src=\"https:\/\/diariofemenino.com.ar\/df\/wp-content\/uploads\/2019\/03\/FB_IMG_1553715327511.jpg\" alt=\"Un femicidio villero invisibilizado\" width=\"266\" height=\"331\" srcset=\"https:\/\/diariofemenino.com.ar\/df\/wp-content\/uploads\/2019\/03\/FB_IMG_1553715327511.jpg 720w, https:\/\/diariofemenino.com.ar\/df\/wp-content\/uploads\/2019\/03\/FB_IMG_1553715327511-241x300.jpg 241w\" sizes=\"auto, (max-width: 266px) 100vw, 266px\" \/>Agustina Fernanda Nieto ten\u00eda 22 a\u00f1os, fue encontrada asesinada el s\u00e1bado 10 de noviembre de 2018 en el barrio San Benito. Era mam\u00e1 de un hijo peque\u00f1o, hoy hu\u00e9rfano por <a href=\"https:\/\/diariofemenino.com.ar\/femicidios-los-retratos-que-piden-justicia\/\">femicidio<\/a>, (qued\u00f3 bajo el cuidado de la familia materna). La investigaci\u00f3n del caso est\u00e1 a cargo del<strong>\u00a0fiscal penal 2 de la Unidad de Graves Atentados contra las Personas, Pablo Paz<\/strong>. Hay un solo detenido en la causa. La familia de Agustina marchar\u00e1 este jueves en la capital salte\u00f1a exigiendo justicia. Denuncian la falta de celeridad para investigar y esclarecer el crimen, sostienen que en los resultados de las pericias gen\u00e9ticas realizadas en el cuerpo de la v\u00edctima aparecen muestras de dos personas a\u00fan sin identificar, y que no coinciden con el \u00fanico imputado por el femicidio, aunque en su testimonio habr\u00eda admitido estar en el lugar los hechos, ahora lo negar\u00eda. La familia de Agustina teme que el caso quede impune.<\/p>\n<p>Miguel, primo de la v\u00edctima, expresa en el marco de la convocatoria a la marcha de este jueves \u201cAl observar la ineficacia con la que se maneja la \u2018justicia\u2019 para dar con los culpables, y, adem\u00e1s, ante una inminente salida de la \u00fanica persona detenida, consideramos preocupante y angustiosa la situaci\u00f3n, por eso marchamos y as\u00ed nos mantendremos hasta que se esclarezca el caso.\u00a0 La repercusi\u00f3n que deber\u00eda tener un asesinato as\u00ed, no es la suficiente porque estamos hablando de un<a href=\"https:\/\/es.wikipedia.org\/wiki\/Feminicidio\"> femicidio<\/a> villero, algo que los medios y ciertos sectores suelen menospreciar, repudiamos eso y nos plantamos m\u00e1s firmes que nunca a pelearla hasta las \u00faltimas consecuencias para visibilizar este hecho y que finalmente se haga <a href=\"https:\/\/diariofemenino.com.ar\/281-femicidios-en-todo-el-pais\/\">justicia<\/a>.\u00a0Este jueves hacemos la segunda marcha por ella. Invitad\u00edsimas todas aquellas personas que deseen venir. Que no quede impune. No vamos a parar. Esta lucha reci\u00e9n comienza\u201d.<\/p>\n<p>Agustina fue encontrada sin vida en el interior de una vivienda abandonada en el barrio San Benito de Salta Capital. Seg\u00fan recuerda D\u00e9bora -la hermana- la polic\u00eda fue a su casa con unas fotograf\u00edas del cuerpo y elementos para pedirle que identifique si correspond\u00edan a Agustina y sus pertenencias. El m\u00e9dico forense no les permiti\u00f3 ver el cuerpo por el estado avanzado de descomposici\u00f3n a ra\u00edz del fuerte calor de esos d\u00edas y que yac\u00eda expuesto al sol y en el pasto. Sin embargo constataron que era ella, el fiscal orden\u00f3 una autopsia y estudios complementarios. Los familiares dicen que les parece sospechoso el lugar en el que fue hallado el cuerpo, porque la joven no frecuentaba precisamente ese sitio, un aguantadero de la zona.<\/p>\n<p>El 22 de noviembre se produjo la <strong>detenci\u00f3n de Joaqu\u00edn Octavio Vi\u00f1abal, de 22 a\u00f1os que estar\u00eda vinculado al hecho<\/strong>. El fiscal Paz se\u00f1al\u00f3 que\u00a0del <strong>aporte de testimonios recogidos durante la investigaci\u00f3n, se pudo conocer que el sospechoso fue la \u00faltima persona que estuvo junto a la v\u00edctima entre la noche del viernes 9 y la madrugada del s\u00e1bado 10 de noviembre.<\/strong> Fueron los familiares quienes se enteraron por comentarios en el barrio que este joven habr\u00eda sostenido ante otros que la mat\u00f3. Es el \u00fanico imputado <strong>por el femicidio de Agustina. La familia quiere que la justicia d\u00e9 con todos los responsables, porque los resultados de laboratorio determinan que hay dos ADN de personas que a\u00fan no han sido identificadas y que no coinciden con el detenido. Por esto mismo creen que la defensa de Vi\u00f1abal podr\u00eda pedir su libertad.<\/strong><\/p>\n<p><img loading=\"lazy\" decoding=\"async\" class=\"alignnone size-full wp-image-33537\" src=\"https:\/\/diariofemenino.com.ar\/df\/wp-content\/uploads\/2019\/03\/FB_IMG_1553724643319.jpg\" alt=\"Salta. Reclaman justicia por el femicidio de Agustina Nieto \" width=\"720\" height=\"540\" srcset=\"https:\/\/diariofemenino.com.ar\/df\/wp-content\/uploads\/2019\/03\/FB_IMG_1553724643319.jpg 720w, https:\/\/diariofemenino.com.ar\/df\/wp-content\/uploads\/2019\/03\/FB_IMG_1553724643319-300x225.jpg 300w\" sizes=\"auto, (max-width: 720px) 100vw, 720px\" \/><\/p>\n<p><strong>Miguel nombra al crimen de su prima como un femicidio villero, poco visibilizado, ocurrido en un barrio marginal de Salta. Ella era una joven de clase popular, con un hijo peque\u00f1o. Para su primo, y su hermana D\u00e9bora, son circunstancias que determinan la falta de celeridad en la investigaci\u00f3n de la justicia, \u201cpareciera que hay femicidios m\u00e1s importantes que otros\u201d, dicen. <\/strong><\/p>\n<p><strong>Desde la fiscal\u00eda <a href=\"https:\/\/abogadopoblete.blogspot.com\/2009\/04\/ley-26485-de-proteccion-integral-las.html\">penal<\/a>, habr\u00edan manifestado a la familia que aporte los datos que obtengan. D\u00e9bora plantea que han brindado toda la informaci\u00f3n que consiguieron, en base a sus indagaciones con vecinos\/as pero se\u00f1ala con justa raz\u00f3n que la responsabilidad de investigar es de los funcionarios de justicia, en este caso del fiscal y de la polic\u00eda. No es la familia la que debe investigar y buscar datos, pretender eso, es exponerles a cualquier peligro en un caso donde ya hay una joven asesinada. El caso deja en evidencia, a casi 5 meses del femicidio, la ineficiencia de los organismos de justicia en una provincia que encabeza las estad\u00edsticas por cr\u00edmenes de g\u00e9nero en el pa\u00eds. Hasta el momento, la familia no se ha constituido como querellante, no tienen abogado\/a que les represente, jam\u00e1s les han informado que pod\u00edan acudir a una defensora oficial de violencia familiar y de g\u00e9nero. <\/strong><\/p>\n<p><strong>El domingo 24 de marzo la familia Nieto acompa\u00f1\u00f3 con una bandera de \u201c<a href=\"https:\/\/docs.google.com\/document\/edit?id=1DK7cQLD5jTHo7g2mIOVgY4Xa5-DbQcAngBMlNSn88Jg&amp;hl=es#!\">Justicia por Agustina Nieto<\/a>\u201d la marcha por la Memoria, la Verdad y la Justicia a la que convocaron organizaciones de derechos humanos. All\u00ed tomaron la palabra para informar que marchar\u00e1n el jueves y pidieron apoyo, contra la impunidad de ayer y del presente. \u201cSi el estado no me entrega a los culpables&#8230;el estado es c\u00f3mplice\u201d, pronuncia D\u00e9bora.<\/strong><\/p>\n<p>&nbsp;<\/p>\n<p>Periodista, Licenciada en Comunicaci\u00f3n Social, integrante de la Red Internacional de Periodistas con Visi\u00f3n de G\u00e9nero de Argentina &#8211; RIPGVAr<br \/>\n<strong>.<\/strong><\/p>\n","protected":false},"excerpt":{"rendered":"<p>Salta. Reclaman justicia por el femicidio de Agustina Nieto Por Claudia Alvarez Ferreyra* Agustina Fernanda Nieto ten\u00eda 22 a\u00f1os, fue encontrada asesinada el s\u00e1bado 10 de noviembre de 2018 en el barrio San Benito. Era mam\u00e1 de un hijo peque\u00f1o, hoy hu\u00e9rfano por femicidio, (qued\u00f3 bajo el cuidado de la familia materna). La investigaci\u00f3n del [&hellip;]<\/p>\n","protected":false},"author":4,"featured_media":33531,"comment_status":"open","ping_status":"open","sticky":false,"template":"","format":"standard","meta":{"iawp_total_views":3,"footnotes":""},"categories":[32],"tags":[1046,1045,1044],"class_list":["post-33529","post","type-post","status-publish","format-standard","has-post-thumbnail","hentry","category-mujeres","tag-agustina-fernanda-nieto","tag-por-claudia-alvarez-ferreyra","tag-un-femicidio-villero"],"nelio_content":{"autoShareEndMode":"never","automationSources":{"useCustomSentences":false,"customSentences":[]},"efiAlt":"","efiUrl":"","followers":[4],"highlights":[],"isAutoShareEnabled":true,"networkImageIds":[],"permalinkQueryArgs":[],"series":[],"suggestedReferences":[]},"yoast_head":"<!-- This site is optimized with the Yoast SEO plugin v27.5 - https:\/\/yoast.com\/product\/yoast-seo-wordpress\/ -->\n<title>Un femicidio villero invisibilizado - Diario Digital Femenino<\/title>\n<meta name=\"description\" content=\"Un femicidio villero invisibilizado. En Salta reclaman justicia por el femicidio de Agustina Nieto. Nota de Claudia Alvarez Ferreyra.\" \/>\n<meta name=\"robots\" content=\"index, follow, max-snippet:-1, max-image-preview:large, max-video-preview:-1\" \/>\n<link rel=\"canonical\" href=\"https:\/\/diariofemenino.com.ar\/df\/un-femicidio-villero-invisibilizado\/\" \/>\n<meta property=\"og:locale\" content=\"es_ES\" \/>\n<meta property=\"og:type\" content=\"article\" \/>\n<meta property=\"og:title\" content=\"Un femicidio villero invisibilizado - Diario Digital Femenino\" \/>\n<meta property=\"og:description\" content=\"Un femicidio villero invisibilizado. En Salta reclaman justicia por el femicidio de Agustina Nieto. Nota de Claudia Alvarez Ferreyra.\" \/>\n<meta property=\"og:url\" content=\"https:\/\/diariofemenino.com.ar\/df\/un-femicidio-villero-invisibilizado\/\" \/>\n<meta property=\"og:site_name\" content=\"Diario Digital Femenino\" \/>\n<meta property=\"article:publisher\" content=\"https:\/\/www.facebook.com\/DiarioDigitaFemenino\/\" \/>\n<meta property=\"article:published_time\" content=\"2019-03-27T21:55:11+00:00\" \/>\n<meta property=\"article:modified_time\" content=\"2019-03-27T22:19:06+00:00\" \/>\n<meta property=\"og:image\" content=\"https:\/\/diariofemenino.com.ar\/df\/wp-content\/uploads\/2019\/03\/FB_IMG_1553715317256.jpg\" \/>\n\t<meta property=\"og:image:width\" content=\"720\" \/>\n\t<meta property=\"og:image:height\" content=\"540\" \/>\n\t<meta property=\"og:image:type\" content=\"image\/jpeg\" \/>\n<meta name=\"author\" content=\"Admin\" \/>\n<meta name=\"twitter:card\" content=\"summary_large_image\" \/>\n<meta name=\"twitter:creator\" content=\"@DiarioFemenino1\" \/>\n<meta name=\"twitter:site\" content=\"@DiarioFemenino1\" \/>\n<meta name=\"twitter:label1\" content=\"Escrito por\" \/>\n\t<meta name=\"twitter:data1\" content=\"Admin\" \/>\n\t<meta name=\"twitter:label2\" content=\"Tiempo de lectura\" \/>\n\t<meta name=\"twitter:data2\" content=\"5 minutos\" \/>\n<script type=\"application\/ld+json\" class=\"yoast-schema-graph\">{\"@context\":\"https:\\\/\\\/schema.org\",\"@graph\":[{\"@type\":\"Article\",\"@id\":\"https:\\\/\\\/diariofemenino.com.ar\\\/df\\\/un-femicidio-villero-invisibilizado\\\/#article\",\"isPartOf\":{\"@id\":\"https:\\\/\\\/diariofemenino.com.ar\\\/df\\\/un-femicidio-villero-invisibilizado\\\/\"},\"author\":{\"name\":\"Admin\",\"@id\":\"https:\\\/\\\/diariofemenino.com.ar\\\/df\\\/#\\\/schema\\\/person\\\/bf6199e8158c657ea6f789b11ec85509\"},\"headline\":\"Un femicidio villero invisibilizado\",\"datePublished\":\"2019-03-27T21:55:11+00:00\",\"dateModified\":\"2019-03-27T22:19:06+00:00\",\"mainEntityOfPage\":{\"@id\":\"https:\\\/\\\/diariofemenino.com.ar\\\/df\\\/un-femicidio-villero-invisibilizado\\\/\"},\"wordCount\":942,\"commentCount\":0,\"publisher\":{\"@id\":\"https:\\\/\\\/diariofemenino.com.ar\\\/df\\\/#organization\"},\"image\":{\"@id\":\"https:\\\/\\\/diariofemenino.com.ar\\\/df\\\/un-femicidio-villero-invisibilizado\\\/#primaryimage\"},\"thumbnailUrl\":\"https:\\\/\\\/diariofemenino.com.ar\\\/df\\\/wp-content\\\/uploads\\\/2019\\\/03\\\/FB_IMG_1553715317256.jpg\",\"keywords\":[\"Agustina Fernanda Nieto\",\"Por Claudia Alvarez Ferreyra\",\"Un femicidio villero\"],\"articleSection\":[\"Mujeres\"],\"inLanguage\":\"es\",\"potentialAction\":[{\"@type\":\"CommentAction\",\"name\":\"Comment\",\"target\":[\"https:\\\/\\\/diariofemenino.com.ar\\\/df\\\/un-femicidio-villero-invisibilizado\\\/#respond\"]}]},{\"@type\":\"WebPage\",\"@id\":\"https:\\\/\\\/diariofemenino.com.ar\\\/df\\\/un-femicidio-villero-invisibilizado\\\/\",\"url\":\"https:\\\/\\\/diariofemenino.com.ar\\\/df\\\/un-femicidio-villero-invisibilizado\\\/\",\"name\":\"Un femicidio villero invisibilizado - Diario Digital Femenino\",\"isPartOf\":{\"@id\":\"https:\\\/\\\/diariofemenino.com.ar\\\/df\\\/#website\"},\"primaryImageOfPage\":{\"@id\":\"https:\\\/\\\/diariofemenino.com.ar\\\/df\\\/un-femicidio-villero-invisibilizado\\\/#primaryimage\"},\"image\":{\"@id\":\"https:\\\/\\\/diariofemenino.com.ar\\\/df\\\/un-femicidio-villero-invisibilizado\\\/#primaryimage\"},\"thumbnailUrl\":\"https:\\\/\\\/diariofemenino.com.ar\\\/df\\\/wp-content\\\/uploads\\\/2019\\\/03\\\/FB_IMG_1553715317256.jpg\",\"datePublished\":\"2019-03-27T21:55:11+00:00\",\"dateModified\":\"2019-03-27T22:19:06+00:00\",\"description\":\"Un femicidio villero invisibilizado. En Salta reclaman justicia por el femicidio de Agustina Nieto. Nota de Claudia Alvarez Ferreyra.\",\"breadcrumb\":{\"@id\":\"https:\\\/\\\/diariofemenino.com.ar\\\/df\\\/un-femicidio-villero-invisibilizado\\\/#breadcrumb\"},\"inLanguage\":\"es\",\"potentialAction\":[{\"@type\":\"ReadAction\",\"target\":[\"https:\\\/\\\/diariofemenino.com.ar\\\/df\\\/un-femicidio-villero-invisibilizado\\\/\"]}]},{\"@type\":\"ImageObject\",\"inLanguage\":\"es\",\"@id\":\"https:\\\/\\\/diariofemenino.com.ar\\\/df\\\/un-femicidio-villero-invisibilizado\\\/#primaryimage\",\"url\":\"https:\\\/\\\/diariofemenino.com.ar\\\/df\\\/wp-content\\\/uploads\\\/2019\\\/03\\\/FB_IMG_1553715317256.jpg\",\"contentUrl\":\"https:\\\/\\\/diariofemenino.com.ar\\\/df\\\/wp-content\\\/uploads\\\/2019\\\/03\\\/FB_IMG_1553715317256.jpg\",\"width\":720,\"height\":540},{\"@type\":\"BreadcrumbList\",\"@id\":\"https:\\\/\\\/diariofemenino.com.ar\\\/df\\\/un-femicidio-villero-invisibilizado\\\/#breadcrumb\",\"itemListElement\":[{\"@type\":\"ListItem\",\"position\":1,\"name\":\"Portada\",\"item\":\"https:\\\/\\\/diariofemenino.com.ar\\\/df\\\/\"},{\"@type\":\"ListItem\",\"position\":2,\"name\":\"Un femicidio villero invisibilizado\"}]},{\"@type\":\"WebSite\",\"@id\":\"https:\\\/\\\/diariofemenino.com.ar\\\/df\\\/#website\",\"url\":\"https:\\\/\\\/diariofemenino.com.ar\\\/df\\\/\",\"name\":\"Diario Digital Femenino\",\"description\":\"Cuesti\u00f3n de G\u00e9nero\",\"publisher\":{\"@id\":\"https:\\\/\\\/diariofemenino.com.ar\\\/df\\\/#organization\"},\"potentialAction\":[{\"@type\":\"SearchAction\",\"target\":{\"@type\":\"EntryPoint\",\"urlTemplate\":\"https:\\\/\\\/diariofemenino.com.ar\\\/df\\\/?s={search_term_string}\"},\"query-input\":{\"@type\":\"PropertyValueSpecification\",\"valueRequired\":true,\"valueName\":\"search_term_string\"}}],\"inLanguage\":\"es\"},{\"@type\":\"Organization\",\"@id\":\"https:\\\/\\\/diariofemenino.com.ar\\\/df\\\/#organization\",\"name\":\"Diario Femenino\",\"url\":\"https:\\\/\\\/diariofemenino.com.ar\\\/df\\\/\",\"logo\":{\"@type\":\"ImageObject\",\"inLanguage\":\"es\",\"@id\":\"https:\\\/\\\/diariofemenino.com.ar\\\/df\\\/#\\\/schema\\\/logo\\\/image\\\/\",\"url\":\"https:\\\/\\\/diariofemenino.com.ar\\\/df\\\/wp-content\\\/uploads\\\/2018\\\/10\\\/logo.png\",\"contentUrl\":\"https:\\\/\\\/diariofemenino.com.ar\\\/df\\\/wp-content\\\/uploads\\\/2018\\\/10\\\/logo.png\",\"width\":500,\"height\":92,\"caption\":\"Diario Femenino\"},\"image\":{\"@id\":\"https:\\\/\\\/diariofemenino.com.ar\\\/df\\\/#\\\/schema\\\/logo\\\/image\\\/\"},\"sameAs\":[\"https:\\\/\\\/www.facebook.com\\\/DiarioDigitaFemenino\\\/\",\"https:\\\/\\\/x.com\\\/DiarioFemenino1\"]},{\"@type\":\"Person\",\"@id\":\"https:\\\/\\\/diariofemenino.com.ar\\\/df\\\/#\\\/schema\\\/person\\\/bf6199e8158c657ea6f789b11ec85509\",\"name\":\"Admin\",\"image\":{\"@type\":\"ImageObject\",\"inLanguage\":\"es\",\"@id\":\"https:\\\/\\\/diariofemenino.com.ar\\\/df\\\/wp-content\\\/uploads\\\/2018\\\/12\\\/favicon-150x150.jpg\",\"url\":\"https:\\\/\\\/diariofemenino.com.ar\\\/df\\\/wp-content\\\/uploads\\\/2018\\\/12\\\/favicon-150x150.jpg\",\"contentUrl\":\"https:\\\/\\\/diariofemenino.com.ar\\\/df\\\/wp-content\\\/uploads\\\/2018\\\/12\\\/favicon-150x150.jpg\",\"caption\":\"Admin\"},\"url\":\"https:\\\/\\\/diariofemenino.com.ar\\\/df\\\/author\\\/lenny\\\/\"}]}<\/script>\n<!-- \/ Yoast SEO plugin. -->","yoast_head_json":{"title":"Un femicidio villero invisibilizado - Diario Digital Femenino","description":"Un femicidio villero invisibilizado. En Salta reclaman justicia por el femicidio de Agustina Nieto. Nota de Claudia Alvarez Ferreyra.","robots":{"index":"index","follow":"follow","max-snippet":"max-snippet:-1","max-image-preview":"max-image-preview:large","max-video-preview":"max-video-preview:-1"},"canonical":"https:\/\/diariofemenino.com.ar\/df\/un-femicidio-villero-invisibilizado\/","og_locale":"es_ES","og_type":"article","og_title":"Un femicidio villero invisibilizado - Diario Digital Femenino","og_description":"Un femicidio villero invisibilizado. En Salta reclaman justicia por el femicidio de Agustina Nieto. Nota de Claudia Alvarez Ferreyra.","og_url":"https:\/\/diariofemenino.com.ar\/df\/un-femicidio-villero-invisibilizado\/","og_site_name":"Diario Digital Femenino","article_publisher":"https:\/\/www.facebook.com\/DiarioDigitaFemenino\/","article_published_time":"2019-03-27T21:55:11+00:00","article_modified_time":"2019-03-27T22:19:06+00:00","og_image":[{"width":720,"height":540,"url":"https:\/\/diariofemenino.com.ar\/df\/wp-content\/uploads\/2019\/03\/FB_IMG_1553715317256.jpg","type":"image\/jpeg"}],"author":"Admin","twitter_card":"summary_large_image","twitter_creator":"@DiarioFemenino1","twitter_site":"@DiarioFemenino1","twitter_misc":{"Escrito por":"Admin","Tiempo de lectura":"5 minutos"},"schema":{"@context":"https:\/\/schema.org","@graph":[{"@type":"Article","@id":"https:\/\/diariofemenino.com.ar\/df\/un-femicidio-villero-invisibilizado\/#article","isPartOf":{"@id":"https:\/\/diariofemenino.com.ar\/df\/un-femicidio-villero-invisibilizado\/"},"author":{"name":"Admin","@id":"https:\/\/diariofemenino.com.ar\/df\/#\/schema\/person\/bf6199e8158c657ea6f789b11ec85509"},"headline":"Un femicidio villero invisibilizado","datePublished":"2019-03-27T21:55:11+00:00","dateModified":"2019-03-27T22:19:06+00:00","mainEntityOfPage":{"@id":"https:\/\/diariofemenino.com.ar\/df\/un-femicidio-villero-invisibilizado\/"},"wordCount":942,"commentCount":0,"publisher":{"@id":"https:\/\/diariofemenino.com.ar\/df\/#organization"},"image":{"@id":"https:\/\/diariofemenino.com.ar\/df\/un-femicidio-villero-invisibilizado\/#primaryimage"},"thumbnailUrl":"https:\/\/diariofemenino.com.ar\/df\/wp-content\/uploads\/2019\/03\/FB_IMG_1553715317256.jpg","keywords":["Agustina Fernanda Nieto","Por Claudia Alvarez Ferreyra","Un femicidio villero"],"articleSection":["Mujeres"],"inLanguage":"es","potentialAction":[{"@type":"CommentAction","name":"Comment","target":["https:\/\/diariofemenino.com.ar\/df\/un-femicidio-villero-invisibilizado\/#respond"]}]},{"@type":"WebPage","@id":"https:\/\/diariofemenino.com.ar\/df\/un-femicidio-villero-invisibilizado\/","url":"https:\/\/diariofemenino.com.ar\/df\/un-femicidio-villero-invisibilizado\/","name":"Un femicidio villero invisibilizado - Diario Digital Femenino","isPartOf":{"@id":"https:\/\/diariofemenino.com.ar\/df\/#website"},"primaryImageOfPage":{"@id":"https:\/\/diariofemenino.com.ar\/df\/un-femicidio-villero-invisibilizado\/#primaryimage"},"image":{"@id":"https:\/\/diariofemenino.com.ar\/df\/un-femicidio-villero-invisibilizado\/#primaryimage"},"thumbnailUrl":"https:\/\/diariofemenino.com.ar\/df\/wp-content\/uploads\/2019\/03\/FB_IMG_1553715317256.jpg","datePublished":"2019-03-27T21:55:11+00:00","dateModified":"2019-03-27T22:19:06+00:00","description":"Un femicidio villero invisibilizado. En Salta reclaman justicia por el femicidio de Agustina Nieto. Nota de Claudia Alvarez Ferreyra.","breadcrumb":{"@id":"https:\/\/diariofemenino.com.ar\/df\/un-femicidio-villero-invisibilizado\/#breadcrumb"},"inLanguage":"es","potentialAction":[{"@type":"ReadAction","target":["https:\/\/diariofemenino.com.ar\/df\/un-femicidio-villero-invisibilizado\/"]}]},{"@type":"ImageObject","inLanguage":"es","@id":"https:\/\/diariofemenino.com.ar\/df\/un-femicidio-villero-invisibilizado\/#primaryimage","url":"https:\/\/diariofemenino.com.ar\/df\/wp-content\/uploads\/2019\/03\/FB_IMG_1553715317256.jpg","contentUrl":"https:\/\/diariofemenino.com.ar\/df\/wp-content\/uploads\/2019\/03\/FB_IMG_1553715317256.jpg","width":720,"height":540},{"@type":"BreadcrumbList","@id":"https:\/\/diariofemenino.com.ar\/df\/un-femicidio-villero-invisibilizado\/#breadcrumb","itemListElement":[{"@type":"ListItem","position":1,"name":"Portada","item":"https:\/\/diariofemenino.com.ar\/df\/"},{"@type":"ListItem","position":2,"name":"Un femicidio villero invisibilizado"}]},{"@type":"WebSite","@id":"https:\/\/diariofemenino.com.ar\/df\/#website","url":"https:\/\/diariofemenino.com.ar\/df\/","name":"Diario Digital Femenino","description":"Cuesti\u00f3n de G\u00e9nero","publisher":{"@id":"https:\/\/diariofemenino.com.ar\/df\/#organization"},"potentialAction":[{"@type":"SearchAction","target":{"@type":"EntryPoint","urlTemplate":"https:\/\/diariofemenino.com.ar\/df\/?s={search_term_string}"},"query-input":{"@type":"PropertyValueSpecification","valueRequired":true,"valueName":"search_term_string"}}],"inLanguage":"es"},{"@type":"Organization","@id":"https:\/\/diariofemenino.com.ar\/df\/#organization","name":"Diario Femenino","url":"https:\/\/diariofemenino.com.ar\/df\/","logo":{"@type":"ImageObject","inLanguage":"es","@id":"https:\/\/diariofemenino.com.ar\/df\/#\/schema\/logo\/image\/","url":"https:\/\/diariofemenino.com.ar\/df\/wp-content\/uploads\/2018\/10\/logo.png","contentUrl":"https:\/\/diariofemenino.com.ar\/df\/wp-content\/uploads\/2018\/10\/logo.png","width":500,"height":92,"caption":"Diario Femenino"},"image":{"@id":"https:\/\/diariofemenino.com.ar\/df\/#\/schema\/logo\/image\/"},"sameAs":["https:\/\/www.facebook.com\/DiarioDigitaFemenino\/","https:\/\/x.com\/DiarioFemenino1"]},{"@type":"Person","@id":"https:\/\/diariofemenino.com.ar\/df\/#\/schema\/person\/bf6199e8158c657ea6f789b11ec85509","name":"Admin","image":{"@type":"ImageObject","inLanguage":"es","@id":"https:\/\/diariofemenino.com.ar\/df\/wp-content\/uploads\/2018\/12\/favicon-150x150.jpg","url":"https:\/\/diariofemenino.com.ar\/df\/wp-content\/uploads\/2018\/12\/favicon-150x150.jpg","contentUrl":"https:\/\/diariofemenino.com.ar\/df\/wp-content\/uploads\/2018\/12\/favicon-150x150.jpg","caption":"Admin"},"url":"https:\/\/diariofemenino.com.ar\/df\/author\/lenny\/"}]}},"jetpack_featured_media_url":"https:\/\/diariofemenino.com.ar\/df\/wp-content\/uploads\/2019\/03\/FB_IMG_1553715317256.jpg","jetpack_sharing_enabled":true,"rttpg_featured_image_url":{"full":["https:\/\/diariofemenino.com.ar\/df\/wp-content\/uploads\/2019\/03\/FB_IMG_1553715317256.jpg",720,540,false],"landscape":["https:\/\/diariofemenino.com.ar\/df\/wp-content\/uploads\/2019\/03\/FB_IMG_1553715317256.jpg",720,540,false],"portraits":["https:\/\/diariofemenino.com.ar\/df\/wp-content\/uploads\/2019\/03\/FB_IMG_1553715317256.jpg",720,540,false],"thumbnail":["https:\/\/diariofemenino.com.ar\/df\/wp-content\/uploads\/2019\/03\/FB_IMG_1553715317256-150x150.jpg",150,150,true],"medium":["https:\/\/diariofemenino.com.ar\/df\/wp-content\/uploads\/2019\/03\/FB_IMG_1553715317256-300x225.jpg",300,225,true],"large":["https:\/\/diariofemenino.com.ar\/df\/wp-content\/uploads\/2019\/03\/FB_IMG_1553715317256.jpg",720,540,false],"1536x1536":["https:\/\/diariofemenino.com.ar\/df\/wp-content\/uploads\/2019\/03\/FB_IMG_1553715317256.jpg",720,540,false],"2048x2048":["https:\/\/diariofemenino.com.ar\/df\/wp-content\/uploads\/2019\/03\/FB_IMG_1553715317256.jpg",720,540,false]},"rttpg_author":{"display_name":"Admin","author_link":"https:\/\/diariofemenino.com.ar\/df\/author\/lenny\/"},"rttpg_comment":0,"rttpg_category":"<a href=\"https:\/\/diariofemenino.com.ar\/df\/category\/mujeres\/\" rel=\"category tag\">Mujeres<\/a>","rttpg_excerpt":"Salta. Reclaman justicia por el femicidio de Agustina Nieto Por Claudia Alvarez Ferreyra* Agustina Fernanda Nieto ten\u00eda 22 a\u00f1os, fue encontrada asesinada el s\u00e1bado 10 de noviembre de 2018 en el barrio San Benito. Era mam\u00e1 de un hijo peque\u00f1o, hoy hu\u00e9rfano por femicidio, (qued\u00f3 bajo el cuidado de la familia materna). La investigaci\u00f3n del&hellip;","_links":{"self":[{"href":"https:\/\/diariofemenino.com.ar\/df\/wp-json\/wp\/v2\/posts\/33529","targetHints":{"allow":["GET"]}}],"collection":[{"href":"https:\/\/diariofemenino.com.ar\/df\/wp-json\/wp\/v2\/posts"}],"about":[{"href":"https:\/\/diariofemenino.com.ar\/df\/wp-json\/wp\/v2\/types\/post"}],"author":[{"embeddable":true,"href":"https:\/\/diariofemenino.com.ar\/df\/wp-json\/wp\/v2\/users\/4"}],"replies":[{"embeddable":true,"href":"https:\/\/diariofemenino.com.ar\/df\/wp-json\/wp\/v2\/comments?post=33529"}],"version-history":[{"count":0,"href":"https:\/\/diariofemenino.com.ar\/df\/wp-json\/wp\/v2\/posts\/33529\/revisions"}],"wp:featuredmedia":[{"embeddable":true,"href":"https:\/\/diariofemenino.com.ar\/df\/wp-json\/wp\/v2\/media\/33531"}],"wp:attachment":[{"href":"https:\/\/diariofemenino.com.ar\/df\/wp-json\/wp\/v2\/media?parent=33529"}],"wp:term":[{"taxonomy":"category","embeddable":true,"href":"https:\/\/diariofemenino.com.ar\/df\/wp-json\/wp\/v2\/categories?post=33529"},{"taxonomy":"post_tag","embeddable":true,"href":"https:\/\/diariofemenino.com.ar\/df\/wp-json\/wp\/v2\/tags?post=33529"}],"curies":[{"name":"wp","href":"https:\/\/api.w.org\/{rel}","templated":true}]}}